{"id":50924,"date":"2026-03-16T12:47:09","date_gmt":"2026-03-16T15:47:09","guid":{"rendered":"https:\/\/www.diariodeouropreto.com.br\/?p=50924"},"modified":"2026-03-16T12:47:15","modified_gmt":"2026-03-16T15:47:15","slug":"prazo-para-enviar-declaracao-do-ir-comeca-na-proxima-segunda","status":"publish","type":"post","link":"https:\/\/www.diariodeouropreto.com.br\/pt\/prazo-para-enviar-declaracao-do-ir-comeca-na-proxima-segunda\/","title":{"rendered":"Prazo para enviar declara\u00e7\u00e3o do IR come\u00e7a na pr\u00f3xima segunda"},"content":{"rendered":"<p><strong>Informa\u00e7\u00f5es est\u00e3o no Di\u00e1rio Oficial desta segunda-feira (16)<\/strong><\/p>\n\n\n\n<p><strong>O prazo para envio da Declara\u00e7\u00e3o de Ajuste Anual do Imposto sobre a Renda da Pessoa F\u00edsica (DIRPF) de 2026 come\u00e7a na pr\u00f3xima segunda-feira (23) e segue at\u00e9 o dia 29 de maio.&nbsp;<\/strong><img decoding=\"async\" src=\"https:\/\/agenciabrasil.ebc.com.br\/ebc.png?id=1682030&amp;o=node\"><img decoding=\"async\" src=\"https:\/\/agenciabrasil.ebc.com.br\/ebc.gif?id=1682030&amp;o=node\"><\/p>\n\n\n\n<p>As informa\u00e7\u00f5es, referentes ao ano-calend\u00e1rio de 2025, foram publicadas nesta segunda-feira (16) pela Receita Federal por meio de<a href=\"https:\/\/www.in.gov.br\/en\/web\/dou\/-\/instrucao-normativa-rfb-n-2.312-de-13-de-marco-de-2026-692748727\" target=\"_blank\" rel=\"noreferrer noopener follow external sponsored ugc\" data-wpel-link=\"external\">&nbsp;instru\u00e7\u00e3o normativa<\/a>&nbsp;no&nbsp;<em>Di\u00e1rio Oficial da Uni\u00e3o<\/em>.<\/p>\n\n\n\n<p>De acordo com o texto,&nbsp;<strong>devem apresentar a declara\u00e7\u00e3o contribuintes residentes no Brasil que receberam rendimentos tribut\u00e1veis superiores a R$ 35.584 em 2025.&nbsp;<\/strong><br><br>Tamb\u00e9m est\u00e3o obrigadas a enviar a declara\u00e7\u00e3o pessoas que receberam rendimentos isentos, n\u00e3o tribut\u00e1veis ou tributados exclusivamente na fonte acima de R$ 200 mil.<\/p>\n\n\n\n<p>A obrigatoriedade tamb\u00e9m vale para investidores que fizeram opera\u00e7\u00f5es de aliena\u00e7\u00e3o em bolsas de valores, de mercadorias, de futuros e assemelhadas, cuja soma foi superior a R$ 40 mil ou que tiveram ganhos l\u00edquidos sujeitos \u00e0 tributa\u00e7\u00e3o.<\/p>\n\n\n\n<p>No caso da atividade rural, devem declarar os contribuintes que registraram receita bruta superior a R$ 177.920.&nbsp;<\/p>\n\n\n\n<p>De acordo com o texto, a declara\u00e7\u00e3o deve ser elaborada, exclusivamente, por meio dos seguintes canais:<\/p>\n\n\n\n<p>servi\u00e7o Meu Imposto de Renda, tamb\u00e9m dispon\u00edvel no site da secretaria e em aplicativo da secretaria para dispositivos m\u00f3veis como tablets e smartphones.<\/p>\n\n\n\n<p>Tira-d\u00favidas<\/p>\n\n\n\n<p>No ar desde 2023, a&nbsp;<a href=\"https:\/\/agenciabrasil.ebc.com.br\/radioagencia-nacional\/economia\/audio\/2026-03\/serie-tira-duvidas-sobre-como-declarar-o-imposto-de-renda-2026\" target=\"_blank\" rel=\"noreferrer noopener follow external sponsored ugc\" data-wpel-link=\"external\">s\u00e9rie Tira-D\u00favidas do IR<\/a>, da&nbsp;<strong>Radioag\u00eancia Nacional<\/strong>, ter\u00e1 22 epis\u00f3dios em 2026. Os \u00e1udios&nbsp;ser\u00e3o exibidos pela&nbsp;<strong>R\u00e1dio Nacional<\/strong>&nbsp;e estar\u00e3o dispon\u00edveis na&nbsp;<strong>Radioag\u00eancia Nacional<\/strong>&nbsp;e&nbsp;<strong>Ag\u00eancia Brasil<\/strong>. De hoje at\u00e9 o \u00faltimo dia da declara\u00e7\u00e3o, os ve\u00edculos&nbsp;publicam&nbsp;epis\u00f3dios \u00e0s segundas e sextas-feiras.&nbsp;<strong><br><\/strong><\/p>\n\n\n\n<p>Programa Gerador da Declara\u00e7\u00e3o (PGD) relativo ao exerc\u00edcio de 2026, dispon\u00edvel para download no\u00a0<a href=\"http:\/\/www.gov.br\/receitafederal\" target=\"_blank\" rel=\"noreferrer noopener follow external sponsored ugc\" data-wpel-link=\"external\"><em>site<\/em>\u00a0da Secretaria Especial da Receita Federal<\/a>;<\/p>\n\n\n\n<div id=\"110712\" class=\"advads-saneouro advads-entity-placement\" style=\"margin-left: auto;margin-right: auto;text-align: center;\"><a href=\"https:\/\/www.saneouro.com.br\/\" target=\"_blank\" aria-label=\"DOP_Site\" data-wpel-link=\"external\" rel=\"follow external noopener noreferrer sponsored ugc\"><img src=\"https:\/\/www.diariodeouropreto.com.br\/wp-content\/uploads\/2026\/04\/DOP_Site.jpg\" alt=\"\"  srcset=\"https:\/\/www.diariodeouropreto.com.br\/wp-content\/uploads\/2026\/04\/DOP_Site.jpg 301w, https:\/\/www.diariodeouropreto.com.br\/wp-content\/uploads\/2026\/04\/DOP_Site-180x150.jpg 180w, https:\/\/www.diariodeouropreto.com.br\/wp-content\/uploads\/2026\/04\/DOP_Site-14x12.jpg 14w\" sizes=\"(max-width: 301px) 100vw, 301px\" width=\"301\" height=\"251\"  style=\"display: inline-block;\" \/><\/a><\/div><p>Por: Paula Laboissi\u00e8re \u2013 Rep\u00f3rter da Ag\u00eancia Brasil\/ Colaborou Andreia Verd\u00e9lio<\/p>\n\n\n\n<div id=\"50321\" class=\"advads-plantao advads-entity-placement\"><a href=\"https:\/\/www.diariodeouropreto.com.br\/pt\/\" target=\"_blank\" aria-label=\"site &#8211; noticia\" data-wpel-link=\"external\" rel=\"follow external noopener noreferrer sponsored ugc\"><img src=\"https:\/\/www.diariodeouropreto.com.br\/wp-content\/uploads\/2019\/09\/titulosite2-e1616373489755.jpg\" alt=\"\"  srcset=\"https:\/\/www.diariodeouropreto.com.br\/wp-content\/uploads\/2019\/09\/titulosite2-e1616373489755.jpg 1200w, https:\/\/www.diariodeouropreto.com.br\/wp-content\/uploads\/2019\/09\/titulosite2-e1616373489755-150x38.jpg 150w, https:\/\/www.diariodeouropreto.com.br\/wp-content\/uploads\/2019\/09\/titulosite2-e1616373489755-660x167.jpg 660w, https:\/\/www.diariodeouropreto.com.br\/wp-content\/uploads\/2019\/09\/titulosite2-e1616373489755-768x194.jpg 768w, https:\/\/www.diariodeouropreto.com.br\/wp-content\/uploads\/2019\/09\/titulosite2-e1616373489755-1000x252.jpg 1000w, https:\/\/www.diariodeouropreto.com.br\/wp-content\/uploads\/2019\/09\/titulosite2-e1616373489755-1536x388.jpg 1536w, https:\/\/www.diariodeouropreto.com.br\/wp-content\/uploads\/2019\/09\/titulosite2-e1616373489755-2048x517.jpg 2048w\" sizes=\"(max-width: 1200px) 100vw, 1200px\" width=\"1200\" height=\"303\"  style=\"display: inline-block;\" \/><\/a><\/div><p>Foto: \u00a9 Arte\/Ag\u00eancia Brasil<\/p>","protected":false},"excerpt":{"rendered":"<p>Informa\u00e7\u00f5es est\u00e3o no Di\u00e1rio Oficial desta segunda-feira (16) O prazo para envio da Declara\u00e7\u00e3o de Ajuste Anual do Imposto sobre a Renda da Pessoa F\u00edsica (DIRPF) de 2026 come\u00e7a na pr\u00f3xima segunda-feira (23) e segue at\u00e9 o dia 29 de maio.&nbsp; As informa\u00e7\u00f5es, referentes ao ano-calend\u00e1rio de 2025, foram publicadas<span class=\"more-link\"><a href=\"https:\/\/www.diariodeouropreto.com.br\/pt\/prazo-para-enviar-declaracao-do-ir-comeca-na-proxima-segunda\/\" data-wpel-link=\"internal\">Continue Lendo<\/a><\/span><\/p>","protected":false},"author":1,"featured_media":50928,"comment_status":"closed","ping_status":"closed","sticky":false,"template":"","format":"standard","meta":{"_jetpack_memberships_contains_paid_content":false,"footnotes":"","jetpack_publicize_message":"Informa\u00e7\u00f5es est\u00e3o no Di\u00e1rio Oficial desta segunda-feira (16)","jetpack_publicize_feature_enabled":true,"jetpack_social_post_already_shared":false,"jetpack_social_options":{"image_generator_settings":{"template":"highway","default_image_id":0,"font":"","enabled":false},"version":2}},"categories":[7],"tags":[],"class_list":["entry","author-diario","post-50924","post","type-post","status-publish","format-standard","has-post-thumbnail","category-brasil"],"yoast_head":"<!-- This site is optimized with the Yoast SEO plugin v27.5 - https:\/\/yoast.com\/product\/yoast-seo-wordpress\/ -->\n<title>Prazo para enviar declara\u00e7\u00e3o do IR come\u00e7a na pr\u00f3xima segunda - Di\u00e1rio de Ouro Preto<\/title>\n<meta name=\"description\" content=\"Informa\u00e7\u00f5es est\u00e3o no Di\u00e1rio Oficial desta segunda-feira (16)- Prazo para enviar declara\u00e7\u00e3o do IR come\u00e7a na pr\u00f3xima segunda - Brasil\" \/>\n<meta name=\"robots\" content=\"index, follow, max-snippet:-1, max-image-preview:large, max-video-preview:-1\" \/>\n<link rel=\"canonical\" href=\"https:\/\/www.diariodeouropreto.com.br\/pt\/prazo-para-enviar-declaracao-do-ir-comeca-na-proxima-segunda\/\" \/>\n<meta property=\"og:locale\" content=\"pt_PT\" \/>\n<meta property=\"og:type\" content=\"article\" \/>\n<meta property=\"og:title\" content=\"Prazo para enviar declara\u00e7\u00e3o do IR come\u00e7a na pr\u00f3xima segunda - Di\u00e1rio de Ouro Preto\" \/>\n<meta property=\"og:description\" content=\"Informa\u00e7\u00f5es est\u00e3o no Di\u00e1rio Oficial desta segunda-feira (16)- Prazo para enviar declara\u00e7\u00e3o do IR come\u00e7a na pr\u00f3xima segunda - Brasil\" \/>\n<meta property=\"og:url\" content=\"https:\/\/www.diariodeouropreto.com.br\/pt\/prazo-para-enviar-declaracao-do-ir-comeca-na-proxima-segunda\/\" \/>\n<meta property=\"og:site_name\" content=\"Di\u00e1rio de Ouro Preto\" \/>\n<meta property=\"article:publisher\" content=\"https:\/\/www.facebook.com\/diariodeouropreto\/\" \/>\n<meta property=\"article:published_time\" content=\"2026-03-16T15:47:09+00:00\" \/>\n<meta property=\"article:modified_time\" content=\"2026-03-16T15:47:15+00:00\" \/>\n<meta property=\"og:image\" content=\"https:\/\/www.diariodeouropreto.com.br\/wp-content\/uploads\/2026\/03\/mca_abr_21031913348.webp\" \/>\n\t<meta property=\"og:image:width\" content=\"1170\" \/>\n\t<meta property=\"og:image:height\" content=\"700\" \/>\n\t<meta property=\"og:image:type\" content=\"image\/webp\" \/>\n<meta name=\"author\" content=\"Di\u00e1rio de Ouro Preto\" \/>\n<meta name=\"twitter:card\" content=\"summary_large_image\" \/>\n<meta name=\"twitter:label1\" content=\"Escrito por\" \/>\n\t<meta name=\"twitter:data1\" content=\"Di\u00e1rio de Ouro Preto\" \/>\n\t<meta name=\"twitter:label2\" content=\"Tempo estimado de leitura\" \/>\n\t<meta name=\"twitter:data2\" content=\"3 minutos\" \/>\n<script type=\"application\/ld+json\" class=\"yoast-schema-graph\">{\"@context\":\"https:\\\/\\\/schema.org\",\"@graph\":[{\"@type\":\"Article\",\"@id\":\"https:\\\/\\\/www.diariodeouropreto.com.br\\\/prazo-para-enviar-declaracao-do-ir-comeca-na-proxima-segunda\\\/#article\",\"isPartOf\":{\"@id\":\"https:\\\/\\\/www.diariodeouropreto.com.br\\\/prazo-para-enviar-declaracao-do-ir-comeca-na-proxima-segunda\\\/\"},\"author\":{\"name\":\"Di\u00e1rio de Ouro Preto\",\"@id\":\"https:\\\/\\\/www.diariodeouropreto.com.br\\\/pt\\\/#\\\/schema\\\/person\\\/7654e7b471204a6dab6dc0ce6e140c99\"},\"headline\":\"Prazo para enviar declara\u00e7\u00e3o do IR come\u00e7a na pr\u00f3xima segunda\",\"datePublished\":\"2026-03-16T15:47:09+00:00\",\"dateModified\":\"2026-03-16T15:47:15+00:00\",\"mainEntityOfPage\":{\"@id\":\"https:\\\/\\\/www.diariodeouropreto.com.br\\\/prazo-para-enviar-declaracao-do-ir-comeca-na-proxima-segunda\\\/\"},\"wordCount\":357,\"publisher\":{\"@id\":\"https:\\\/\\\/www.diariodeouropreto.com.br\\\/pt\\\/#organization\"},\"image\":{\"@id\":\"https:\\\/\\\/www.diariodeouropreto.com.br\\\/prazo-para-enviar-declaracao-do-ir-comeca-na-proxima-segunda\\\/#primaryimage\"},\"thumbnailUrl\":\"https:\\\/\\\/www.diariodeouropreto.com.br\\\/wp-content\\\/uploads\\\/2026\\\/03\\\/mca_abr_21031913348.webp\",\"articleSection\":[\"Brasil\"],\"inLanguage\":\"pt-PT\"},{\"@type\":\"WebPage\",\"@id\":\"https:\\\/\\\/www.diariodeouropreto.com.br\\\/prazo-para-enviar-declaracao-do-ir-comeca-na-proxima-segunda\\\/\",\"url\":\"https:\\\/\\\/www.diariodeouropreto.com.br\\\/prazo-para-enviar-declaracao-do-ir-comeca-na-proxima-segunda\\\/\",\"name\":\"Prazo para enviar declara\u00e7\u00e3o do IR come\u00e7a na pr\u00f3xima segunda - Di\u00e1rio de Ouro Preto\",\"isPartOf\":{\"@id\":\"https:\\\/\\\/www.diariodeouropreto.com.br\\\/pt\\\/#website\"},\"primaryImageOfPage\":{\"@id\":\"https:\\\/\\\/www.diariodeouropreto.com.br\\\/prazo-para-enviar-declaracao-do-ir-comeca-na-proxima-segunda\\\/#primaryimage\"},\"image\":{\"@id\":\"https:\\\/\\\/www.diariodeouropreto.com.br\\\/prazo-para-enviar-declaracao-do-ir-comeca-na-proxima-segunda\\\/#primaryimage\"},\"thumbnailUrl\":\"https:\\\/\\\/www.diariodeouropreto.com.br\\\/wp-content\\\/uploads\\\/2026\\\/03\\\/mca_abr_21031913348.webp\",\"datePublished\":\"2026-03-16T15:47:09+00:00\",\"dateModified\":\"2026-03-16T15:47:15+00:00\",\"description\":\"Informa\u00e7\u00f5es est\u00e3o no Di\u00e1rio Oficial desta segunda-feira (16)- Prazo para enviar declara\u00e7\u00e3o do IR come\u00e7a na pr\u00f3xima segunda - Brasil\",\"breadcrumb\":{\"@id\":\"https:\\\/\\\/www.diariodeouropreto.com.br\\\/prazo-para-enviar-declaracao-do-ir-comeca-na-proxima-segunda\\\/#breadcrumb\"},\"inLanguage\":\"pt-PT\",\"potentialAction\":[{\"@type\":\"ReadAction\",\"target\":[\"https:\\\/\\\/www.diariodeouropreto.com.br\\\/prazo-para-enviar-declaracao-do-ir-comeca-na-proxima-segunda\\\/\"]}]},{\"@type\":\"ImageObject\",\"inLanguage\":\"pt-PT\",\"@id\":\"https:\\\/\\\/www.diariodeouropreto.com.br\\\/prazo-para-enviar-declaracao-do-ir-comeca-na-proxima-segunda\\\/#primaryimage\",\"url\":\"https:\\\/\\\/www.diariodeouropreto.com.br\\\/wp-content\\\/uploads\\\/2026\\\/03\\\/mca_abr_21031913348.webp\",\"contentUrl\":\"https:\\\/\\\/www.diariodeouropreto.com.br\\\/wp-content\\\/uploads\\\/2026\\\/03\\\/mca_abr_21031913348.webp\",\"width\":1170,\"height\":700},{\"@type\":\"BreadcrumbList\",\"@id\":\"https:\\\/\\\/www.diariodeouropreto.com.br\\\/prazo-para-enviar-declaracao-do-ir-comeca-na-proxima-segunda\\\/#breadcrumb\",\"itemListElement\":[{\"@type\":\"ListItem\",\"position\":1,\"name\":\"In\u00edcio\",\"item\":\"https:\\\/\\\/www.diariodeouropreto.com.br\\\/pt\\\/\"},{\"@type\":\"ListItem\",\"position\":2,\"name\":\"Prazo para enviar declara\u00e7\u00e3o do IR come\u00e7a na pr\u00f3xima segunda\"}]},{\"@type\":\"WebSite\",\"@id\":\"https:\\\/\\\/www.diariodeouropreto.com.br\\\/pt\\\/#website\",\"url\":\"https:\\\/\\\/www.diariodeouropreto.com.br\\\/pt\\\/\",\"name\":\"Di\u00e1rio de Ouro Preto\",\"description\":\"Not\u00edcias Ouro Preto; Mariana;Minas Gerais;Jornal;Jornalismo;Not\u00edcias;\",\"publisher\":{\"@id\":\"https:\\\/\\\/www.diariodeouropreto.com.br\\\/pt\\\/#organization\"},\"alternateName\":\"Jornal di\u00e1rio de Ouro Preto\",\"potentialAction\":[{\"@type\":\"SearchAction\",\"target\":{\"@type\":\"EntryPoint\",\"urlTemplate\":\"https:\\\/\\\/www.diariodeouropreto.com.br\\\/pt\\\/?s={search_term_string}\"},\"query-input\":{\"@type\":\"PropertyValueSpecification\",\"valueRequired\":true,\"valueName\":\"search_term_string\"}}],\"inLanguage\":\"pt-PT\"},{\"@type\":\"Organization\",\"@id\":\"https:\\\/\\\/www.diariodeouropreto.com.br\\\/pt\\\/#organization\",\"name\":\"Di\u00e1rio de Ouro Preto\",\"alternateName\":\"Jornal di\u00e1rio Ouro Preto\",\"url\":\"https:\\\/\\\/www.diariodeouropreto.com.br\\\/pt\\\/\",\"logo\":{\"@type\":\"ImageObject\",\"inLanguage\":\"pt-PT\",\"@id\":\"https:\\\/\\\/www.diariodeouropreto.com.br\\\/pt\\\/#\\\/schema\\\/logo\\\/image\\\/\",\"url\":\"https:\\\/\\\/www.diariodeouropreto.com.br\\\/wp-content\\\/uploads\\\/2019\\\/06\\\/cropped-logotransp-2.png\",\"contentUrl\":\"https:\\\/\\\/www.diariodeouropreto.com.br\\\/wp-content\\\/uploads\\\/2019\\\/06\\\/cropped-logotransp-2.png\",\"width\":1323,\"height\":251,\"caption\":\"Di\u00e1rio de Ouro Preto\"},\"image\":{\"@id\":\"https:\\\/\\\/www.diariodeouropreto.com.br\\\/pt\\\/#\\\/schema\\\/logo\\\/image\\\/\"},\"sameAs\":[\"https:\\\/\\\/www.facebook.com\\\/diariodeouropreto\\\/\"]},{\"@type\":\"Person\",\"@id\":\"https:\\\/\\\/www.diariodeouropreto.com.br\\\/pt\\\/#\\\/schema\\\/person\\\/7654e7b471204a6dab6dc0ce6e140c99\",\"name\":\"Di\u00e1rio de Ouro Preto\",\"sameAs\":[\"http:\\\/\\\/www.diariodeouropreto.com.br\"],\"url\":\"https:\\\/\\\/www.diariodeouropreto.com.br\\\/pt\\\/author\\\/diario\\\/\"}]}<\/script>\n<!-- \/ Yoast SEO plugin. -->","yoast_head_json":{"title":"Prazo para enviar declara\u00e7\u00e3o do IR come\u00e7a na pr\u00f3xima segunda - Di\u00e1rio de Ouro Preto","description":"Informa\u00e7\u00f5es est\u00e3o no Di\u00e1rio Oficial desta segunda-feira (16)- Prazo para enviar declara\u00e7\u00e3o do IR come\u00e7a na pr\u00f3xima segunda - Brasil","robots":{"index":"index","follow":"follow","max-snippet":"max-snippet:-1","max-image-preview":"max-image-preview:large","max-video-preview":"max-video-preview:-1"},"canonical":"https:\/\/www.diariodeouropreto.com.br\/pt\/prazo-para-enviar-declaracao-do-ir-comeca-na-proxima-segunda\/","og_locale":"pt_PT","og_type":"article","og_title":"Prazo para enviar declara\u00e7\u00e3o do IR come\u00e7a na pr\u00f3xima segunda - Di\u00e1rio de Ouro Preto","og_description":"Informa\u00e7\u00f5es est\u00e3o no Di\u00e1rio Oficial desta segunda-feira (16)- Prazo para enviar declara\u00e7\u00e3o do IR come\u00e7a na pr\u00f3xima segunda - Brasil","og_url":"https:\/\/www.diariodeouropreto.com.br\/pt\/prazo-para-enviar-declaracao-do-ir-comeca-na-proxima-segunda\/","og_site_name":"Di\u00e1rio de Ouro Preto","article_publisher":"https:\/\/www.facebook.com\/diariodeouropreto\/","article_published_time":"2026-03-16T15:47:09+00:00","article_modified_time":"2026-03-16T15:47:15+00:00","og_image":[{"width":1170,"height":700,"url":"https:\/\/www.diariodeouropreto.com.br\/wp-content\/uploads\/2026\/03\/mca_abr_21031913348.webp","type":"image\/webp"}],"author":"Di\u00e1rio de Ouro Preto","twitter_card":"summary_large_image","twitter_misc":{"Escrito por":"Di\u00e1rio de Ouro Preto","Tempo estimado de leitura":"3 minutos"},"schema":{"@context":"https:\/\/schema.org","@graph":[{"@type":"Article","@id":"https:\/\/www.diariodeouropreto.com.br\/prazo-para-enviar-declaracao-do-ir-comeca-na-proxima-segunda\/#article","isPartOf":{"@id":"https:\/\/www.diariodeouropreto.com.br\/prazo-para-enviar-declaracao-do-ir-comeca-na-proxima-segunda\/"},"author":{"name":"Di\u00e1rio de Ouro Preto","@id":"https:\/\/www.diariodeouropreto.com.br\/pt\/#\/schema\/person\/7654e7b471204a6dab6dc0ce6e140c99"},"headline":"Prazo para enviar declara\u00e7\u00e3o do IR come\u00e7a na pr\u00f3xima segunda","datePublished":"2026-03-16T15:47:09+00:00","dateModified":"2026-03-16T15:47:15+00:00","mainEntityOfPage":{"@id":"https:\/\/www.diariodeouropreto.com.br\/prazo-para-enviar-declaracao-do-ir-comeca-na-proxima-segunda\/"},"wordCount":357,"publisher":{"@id":"https:\/\/www.diariodeouropreto.com.br\/pt\/#organization"},"image":{"@id":"https:\/\/www.diariodeouropreto.com.br\/prazo-para-enviar-declaracao-do-ir-comeca-na-proxima-segunda\/#primaryimage"},"thumbnailUrl":"https:\/\/www.diariodeouropreto.com.br\/wp-content\/uploads\/2026\/03\/mca_abr_21031913348.webp","articleSection":["Brasil"],"inLanguage":"pt-PT"},{"@type":"WebPage","@id":"https:\/\/www.diariodeouropreto.com.br\/prazo-para-enviar-declaracao-do-ir-comeca-na-proxima-segunda\/","url":"https:\/\/www.diariodeouropreto.com.br\/prazo-para-enviar-declaracao-do-ir-comeca-na-proxima-segunda\/","name":"Prazo para enviar declara\u00e7\u00e3o do IR come\u00e7a na pr\u00f3xima segunda - Di\u00e1rio de Ouro Preto","isPartOf":{"@id":"https:\/\/www.diariodeouropreto.com.br\/pt\/#website"},"primaryImageOfPage":{"@id":"https:\/\/www.diariodeouropreto.com.br\/prazo-para-enviar-declaracao-do-ir-comeca-na-proxima-segunda\/#primaryimage"},"image":{"@id":"https:\/\/www.diariodeouropreto.com.br\/prazo-para-enviar-declaracao-do-ir-comeca-na-proxima-segunda\/#primaryimage"},"thumbnailUrl":"https:\/\/www.diariodeouropreto.com.br\/wp-content\/uploads\/2026\/03\/mca_abr_21031913348.webp","datePublished":"2026-03-16T15:47:09+00:00","dateModified":"2026-03-16T15:47:15+00:00","description":"Informa\u00e7\u00f5es est\u00e3o no Di\u00e1rio Oficial desta segunda-feira (16)- Prazo para enviar declara\u00e7\u00e3o do IR come\u00e7a na pr\u00f3xima segunda - Brasil","breadcrumb":{"@id":"https:\/\/www.diariodeouropreto.com.br\/prazo-para-enviar-declaracao-do-ir-comeca-na-proxima-segunda\/#breadcrumb"},"inLanguage":"pt-PT","potentialAction":[{"@type":"ReadAction","target":["https:\/\/www.diariodeouropreto.com.br\/prazo-para-enviar-declaracao-do-ir-comeca-na-proxima-segunda\/"]}]},{"@type":"ImageObject","inLanguage":"pt-PT","@id":"https:\/\/www.diariodeouropreto.com.br\/prazo-para-enviar-declaracao-do-ir-comeca-na-proxima-segunda\/#primaryimage","url":"https:\/\/www.diariodeouropreto.com.br\/wp-content\/uploads\/2026\/03\/mca_abr_21031913348.webp","contentUrl":"https:\/\/www.diariodeouropreto.com.br\/wp-content\/uploads\/2026\/03\/mca_abr_21031913348.webp","width":1170,"height":700},{"@type":"BreadcrumbList","@id":"https:\/\/www.diariodeouropreto.com.br\/prazo-para-enviar-declaracao-do-ir-comeca-na-proxima-segunda\/#breadcrumb","itemListElement":[{"@type":"ListItem","position":1,"name":"In\u00edcio","item":"https:\/\/www.diariodeouropreto.com.br\/pt\/"},{"@type":"ListItem","position":2,"name":"Prazo para enviar declara\u00e7\u00e3o do IR come\u00e7a na pr\u00f3xima segunda"}]},{"@type":"WebSite","@id":"https:\/\/www.diariodeouropreto.com.br\/pt\/#website","url":"https:\/\/www.diariodeouropreto.com.br\/pt\/","name":"Di\u00e1rio de Ouro Preto","description":"Not\u00edcias Ouro Preto; Mariana;Minas Gerais;Jornal;Jornalismo;Not\u00edcias;","publisher":{"@id":"https:\/\/www.diariodeouropreto.com.br\/pt\/#organization"},"alternateName":"Jornal di\u00e1rio de Ouro Preto","potentialAction":[{"@type":"SearchAction","target":{"@type":"EntryPoint","urlTemplate":"https:\/\/www.diariodeouropreto.com.br\/pt\/?s={search_term_string}"},"query-input":{"@type":"PropertyValueSpecification","valueRequired":true,"valueName":"search_term_string"}}],"inLanguage":"pt-PT"},{"@type":"Organization","@id":"https:\/\/www.diariodeouropreto.com.br\/pt\/#organization","name":"Di\u00e1rio de Ouro Preto","alternateName":"Jornal di\u00e1rio Ouro Preto","url":"https:\/\/www.diariodeouropreto.com.br\/pt\/","logo":{"@type":"ImageObject","inLanguage":"pt-PT","@id":"https:\/\/www.diariodeouropreto.com.br\/pt\/#\/schema\/logo\/image\/","url":"https:\/\/www.diariodeouropreto.com.br\/wp-content\/uploads\/2019\/06\/cropped-logotransp-2.png","contentUrl":"https:\/\/www.diariodeouropreto.com.br\/wp-content\/uploads\/2019\/06\/cropped-logotransp-2.png","width":1323,"height":251,"caption":"Di\u00e1rio de Ouro Preto"},"image":{"@id":"https:\/\/www.diariodeouropreto.com.br\/pt\/#\/schema\/logo\/image\/"},"sameAs":["https:\/\/www.facebook.com\/diariodeouropreto\/"]},{"@type":"Person","@id":"https:\/\/www.diariodeouropreto.com.br\/pt\/#\/schema\/person\/7654e7b471204a6dab6dc0ce6e140c99","name":"Di\u00e1rio de Ouro Preto","sameAs":["http:\/\/www.diariodeouropreto.com.br"],"url":"https:\/\/www.diariodeouropreto.com.br\/pt\/author\/diario\/"}]}},"jetpack_publicize_connections":[],"jetpack_featured_media_url":"https:\/\/www.diariodeouropreto.com.br\/wp-content\/uploads\/2026\/03\/mca_abr_21031913348.webp","jetpack-related-posts":[{"id":50796,"url":"https:\/\/www.diariodeouropreto.com.br\/pt\/envio-de-declaracao-do-ir-comeca-na-proxima-semana-veja-regras\/","url_meta":{"origin":50924,"position":0},"title":"Envio de declara\u00e7\u00e3o do IR come\u00e7a na pr\u00f3xima semana; veja regras","author":"Di\u00e1rio de Ouro Preto","date":"10 de Mar\u00e7o de 2026","format":false,"excerpt":"Nova isen\u00e7\u00e3o de at\u00e9 R$ 5 mil n\u00e3o afeta declara\u00e7\u00e3o deste ano A Receita Federal divulgar\u00e1 na pr\u00f3xima segunda-feira (16) as regras da Declara\u00e7\u00e3o do Imposto de Renda Pessoa F\u00edsica (IRPF) 2026. Embora o calend\u00e1rio oficial ainda n\u00e3o tenha sido anunciado, a expectativa \u00e9 que o prazo de entrega da\u2026","rel":"","context":"In &quot;Brasil&quot;","block_context":{"text":"Brasil","link":"https:\/\/www.diariodeouropreto.com.br\/pt\/Editoria\/brasil\/"},"img":{"alt_text":"","src":"https:\/\/i0.wp.com\/www.diariodeouropreto.com.br\/wp-content\/uploads\/2020\/04\/real_moeda_020120a84t47475213.jpg?resize=350%2C200&ssl=1","width":350,"height":200,"srcset":"https:\/\/i0.wp.com\/www.diariodeouropreto.com.br\/wp-content\/uploads\/2020\/04\/real_moeda_020120a84t47475213.jpg?resize=350%2C200&ssl=1 1x, https:\/\/i0.wp.com\/www.diariodeouropreto.com.br\/wp-content\/uploads\/2020\/04\/real_moeda_020120a84t47475213.jpg?resize=525%2C300&ssl=1 1.5x, https:\/\/i0.wp.com\/www.diariodeouropreto.com.br\/wp-content\/uploads\/2020\/04\/real_moeda_020120a84t47475213.jpg?resize=700%2C400&ssl=1 2x, https:\/\/i0.wp.com\/www.diariodeouropreto.com.br\/wp-content\/uploads\/2020\/04\/real_moeda_020120a84t47475213.jpg?resize=1050%2C600&ssl=1 3x"},"classes":[]},{"id":8455,"url":"https:\/\/www.diariodeouropreto.com.br\/pt\/imposto-de-renda-cerca-de-5-milhoes-ainda-nao-enviaram-declaracao\/","url_meta":{"origin":50924,"position":1},"title":"Imposto de Renda: cerca de 5 milh\u00f5es ainda n\u00e3o enviaram declara\u00e7\u00e3o","author":"Di\u00e1rio de Ouro Preto","date":"28 de Maio de 2021","format":false,"excerpt":"Faltando tr\u00eas dias para o fim do prazo, cerca de 5 milh\u00f5es de contribuintes ainda n\u00e3o acertaram as contas com o Le\u00e3o. Segundo o balan\u00e7o mais recente, 27.576.564 contribuintes enviaram a Declara\u00e7\u00e3o do Imposto de Renda Pessoa F\u00edsica, 84,5% do previsto para este ano. Os n\u00fameros foram divulgados pela Receita\u2026","rel":"","context":"In &quot;Brasil&quot;","block_context":{"text":"Brasil","link":"https:\/\/www.diariodeouropreto.com.br\/pt\/Editoria\/brasil\/"},"img":{"alt_text":"","src":"https:\/\/i0.wp.com\/www.diariodeouropreto.com.br\/wp-content\/uploads\/2021\/05\/1002816-25022016dsc_8578-.jpg?resize=350%2C200&ssl=1","width":350,"height":200,"srcset":"https:\/\/i0.wp.com\/www.diariodeouropreto.com.br\/wp-content\/uploads\/2021\/05\/1002816-25022016dsc_8578-.jpg?resize=350%2C200&ssl=1 1x, https:\/\/i0.wp.com\/www.diariodeouropreto.com.br\/wp-content\/uploads\/2021\/05\/1002816-25022016dsc_8578-.jpg?resize=525%2C300&ssl=1 1.5x, https:\/\/i0.wp.com\/www.diariodeouropreto.com.br\/wp-content\/uploads\/2021\/05\/1002816-25022016dsc_8578-.jpg?resize=700%2C400&ssl=1 2x, https:\/\/i0.wp.com\/www.diariodeouropreto.com.br\/wp-content\/uploads\/2021\/05\/1002816-25022016dsc_8578-.jpg?resize=1050%2C600&ssl=1 3x"},"classes":[]},{"id":43131,"url":"https:\/\/www.diariodeouropreto.com.br\/pt\/confira-regras-do-irpf-2025-prazo-para-declaracao-comeca-na-segunda\/","url_meta":{"origin":50924,"position":2},"title":"Confira regras do IRPF 2025; prazo para declara\u00e7\u00e3o come\u00e7a na segunda","author":"Di\u00e1rio de Ouro Preto","date":"12 de Mar\u00e7o de 2025","format":false,"excerpt":"Uma das principais ferramentas que agiliza a entrega da Declara\u00e7\u00e3o do Imposto de Renda Pessoa F\u00edsica,\u00a0a declara\u00e7\u00e3o pr\u00e9-preenchida atrasar\u00e1 este ano. O documento, que traz as informa\u00e7\u00f5es do contribuinte apuradas pelo Fisco, s\u00f3 estar\u00e1 dispon\u00edvel a partir de 1\u00ba de abril. Este ano, o prazo de entrega da declara\u00e7\u00e3o come\u00e7a\u2026","rel":"","context":"In &quot;Brasil&quot;","block_context":{"text":"Brasil","link":"https:\/\/www.diariodeouropreto.com.br\/pt\/Editoria\/brasil\/"},"img":{"alt_text":"","src":"https:\/\/i0.wp.com\/www.diariodeouropreto.com.br\/wp-content\/uploads\/2025\/03\/mg_5292.webp?resize=350%2C200&ssl=1","width":350,"height":200,"srcset":"https:\/\/i0.wp.com\/www.diariodeouropreto.com.br\/wp-content\/uploads\/2025\/03\/mg_5292.webp?resize=350%2C200&ssl=1 1x, https:\/\/i0.wp.com\/www.diariodeouropreto.com.br\/wp-content\/uploads\/2025\/03\/mg_5292.webp?resize=525%2C300&ssl=1 1.5x, https:\/\/i0.wp.com\/www.diariodeouropreto.com.br\/wp-content\/uploads\/2025\/03\/mg_5292.webp?resize=700%2C400&ssl=1 2x, https:\/\/i0.wp.com\/www.diariodeouropreto.com.br\/wp-content\/uploads\/2025\/03\/mg_5292.webp?resize=1050%2C600&ssl=1 3x"},"classes":[]},{"id":51133,"url":"https:\/\/www.diariodeouropreto.com.br\/pt\/declaracao-do-imposto-de-renda-2026-ja-pode-ser-enviada\/","url_meta":{"origin":50924,"position":3},"title":"Declara\u00e7\u00e3o do Imposto de Renda 2026 j\u00e1 pode ser enviada","author":"Di\u00e1rio de Ouro Preto","date":"23 de Mar\u00e7o de 2026","format":false,"excerpt":"Entrega vai at\u00e9 29 de maio; Fisco espera receber 44 mi de documentos Os contribuintes podem acertar as contas com o Le\u00e3o. Come\u00e7a \u00e0s 8h desta segunda-feira (23) o envio da Declara\u00e7\u00e3o do Imposto de Renda Pessoa F\u00edsica 2026 (ano-base 2025). O prazo de entrega vai at\u00e9 29 de maio,\u2026","rel":"","context":"In &quot;Brasil&quot;","block_context":{"text":"Brasil","link":"https:\/\/www.diariodeouropreto.com.br\/pt\/Editoria\/brasil\/"},"img":{"alt_text":"","src":"https:\/\/i0.wp.com\/www.diariodeouropreto.com.br\/wp-content\/uploads\/2026\/03\/whatsapp_image_2026-03-16_at_16.06.333.webp?resize=350%2C200&ssl=1","width":350,"height":200,"srcset":"https:\/\/i0.wp.com\/www.diariodeouropreto.com.br\/wp-content\/uploads\/2026\/03\/whatsapp_image_2026-03-16_at_16.06.333.webp?resize=350%2C200&ssl=1 1x, https:\/\/i0.wp.com\/www.diariodeouropreto.com.br\/wp-content\/uploads\/2026\/03\/whatsapp_image_2026-03-16_at_16.06.333.webp?resize=525%2C300&ssl=1 1.5x, https:\/\/i0.wp.com\/www.diariodeouropreto.com.br\/wp-content\/uploads\/2026\/03\/whatsapp_image_2026-03-16_at_16.06.333.webp?resize=700%2C400&ssl=1 2x, https:\/\/i0.wp.com\/www.diariodeouropreto.com.br\/wp-content\/uploads\/2026\/03\/whatsapp_image_2026-03-16_at_16.06.333.webp?resize=1050%2C600&ssl=1 3x"},"classes":[]},{"id":5094,"url":"https:\/\/www.diariodeouropreto.com.br\/pt\/prazo-de-entrega-da-declaracao-do-itr-acaba-na-quarta-feira\/","url_meta":{"origin":50924,"position":4},"title":"Prazo de entrega da declara\u00e7\u00e3o do ITR acaba na quarta-feira","author":"Di\u00e1rio de Ouro Preto","date":"28 de Setembro de 2020","format":false,"excerpt":"Bras\u00edlia - Os propriet\u00e1rios rurais de todo o pa\u00eds t\u00eam at\u00e9 quarta-feira (30) para entregarem a Declara\u00e7\u00e3o do Imposto sobre a Propriedade Territorial Rural (DITR). O prazo acaba \u00e0s 23h59min59s. A Receita Federal est\u00e1\u00a0recebendo o documento desde 17 de agosto. Neste ano, o Fisco espera receber 5,9 milh\u00f5es de declara\u00e7\u00f5es,\u2026","rel":"","context":"In &quot;Brasil&quot;","block_context":{"text":"Brasil","link":"https:\/\/www.diariodeouropreto.com.br\/pt\/Editoria\/brasil\/"},"img":{"alt_text":"","src":"https:\/\/i0.wp.com\/www.diariodeouropreto.com.br\/wp-content\/uploads\/2020\/03\/receitafederal.jpg?resize=350%2C200&ssl=1","width":350,"height":200,"srcset":"https:\/\/i0.wp.com\/www.diariodeouropreto.com.br\/wp-content\/uploads\/2020\/03\/receitafederal.jpg?resize=350%2C200&ssl=1 1x, https:\/\/i0.wp.com\/www.diariodeouropreto.com.br\/wp-content\/uploads\/2020\/03\/receitafederal.jpg?resize=525%2C300&ssl=1 1.5x, https:\/\/i0.wp.com\/www.diariodeouropreto.com.br\/wp-content\/uploads\/2020\/03\/receitafederal.jpg?resize=700%2C400&ssl=1 2x, https:\/\/i0.wp.com\/www.diariodeouropreto.com.br\/wp-content\/uploads\/2020\/03\/receitafederal.jpg?resize=1050%2C600&ssl=1 3x"},"classes":[]},{"id":7599,"url":"https:\/\/www.diariodeouropreto.com.br\/pt\/camara-aprova-projeto-que-prorroga-entrega-do-ir-ate-31-de-julho\/","url_meta":{"origin":50924,"position":5},"title":"C\u00e2mara aprova projeto que prorroga entrega do IR at\u00e9 31 de julho","author":"Di\u00e1rio de Ouro Preto","date":"14 de Abril de 2021","format":false,"excerpt":"Bras\u00edlia - A C\u00e2mara dos Deputados aprovou nesta ter\u00e7a-feira (13) a prorroga\u00e7\u00e3o, at\u00e9 31 de julho de 2021, do prazo para entrega da declara\u00e7\u00e3o de Imposto de Renda da Pessoa F\u00edsica, ano-base 2020. A proposta segue para san\u00e7\u00e3o presidencial. Pelo texto aprovado, caso tenha saldo do imposto a pagar no\u2026","rel":"","context":"In &quot;Brasil&quot;","block_context":{"text":"Brasil","link":"https:\/\/www.diariodeouropreto.com.br\/pt\/Editoria\/brasil\/"},"img":{"alt_text":"","src":"https:\/\/i0.wp.com\/www.diariodeouropreto.com.br\/wp-content\/uploads\/2021\/03\/imposto_de_renda_2021_01032101200.jpg?resize=350%2C200&ssl=1","width":350,"height":200,"srcset":"https:\/\/i0.wp.com\/www.diariodeouropreto.com.br\/wp-content\/uploads\/2021\/03\/imposto_de_renda_2021_01032101200.jpg?resize=350%2C200&ssl=1 1x, https:\/\/i0.wp.com\/www.diariodeouropreto.com.br\/wp-content\/uploads\/2021\/03\/imposto_de_renda_2021_01032101200.jpg?resize=525%2C300&ssl=1 1.5x, https:\/\/i0.wp.com\/www.diariodeouropreto.com.br\/wp-content\/uploads\/2021\/03\/imposto_de_renda_2021_01032101200.jpg?resize=700%2C400&ssl=1 2x, https:\/\/i0.wp.com\/www.diariodeouropreto.com.br\/wp-content\/uploads\/2021\/03\/imposto_de_renda_2021_01032101200.jpg?resize=1050%2C600&ssl=1 3x"},"classes":[]}],"jetpack_sharing_enabled":true,"amp_enabled":true,"_links":{"self":[{"href":"https:\/\/www.diariodeouropreto.com.br\/pt\/wp-json\/wp\/v2\/posts\/50924","targetHints":{"allow":["GET"]}}],"collection":[{"href":"https:\/\/www.diariodeouropreto.com.br\/pt\/wp-json\/wp\/v2\/posts"}],"about":[{"href":"https:\/\/www.diariodeouropreto.com.br\/pt\/wp-json\/wp\/v2\/types\/post"}],"author":[{"embeddable":true,"href":"https:\/\/www.diariodeouropreto.com.br\/pt\/wp-json\/wp\/v2\/users\/1"}],"replies":[{"embeddable":true,"href":"https:\/\/www.diariodeouropreto.com.br\/pt\/wp-json\/wp\/v2\/comments?post=50924"}],"version-history":[{"count":1,"href":"https:\/\/www.diariodeouropreto.com.br\/pt\/wp-json\/wp\/v2\/posts\/50924\/revisions"}],"predecessor-version":[{"id":50929,"href":"https:\/\/www.diariodeouropreto.com.br\/pt\/wp-json\/wp\/v2\/posts\/50924\/revisions\/50929"}],"wp:featuredmedia":[{"embeddable":true,"href":"https:\/\/www.diariodeouropreto.com.br\/pt\/wp-json\/wp\/v2\/media\/50928"}],"wp:attachment":[{"href":"https:\/\/www.diariodeouropreto.com.br\/pt\/wp-json\/wp\/v2\/media?parent=50924"}],"wp:term":[{"taxonomy":"category","embeddable":true,"href":"https:\/\/www.diariodeouropreto.com.br\/pt\/wp-json\/wp\/v2\/categories?post=50924"},{"taxonomy":"post_tag","embeddable":true,"href":"https:\/\/www.diariodeouropreto.com.br\/pt\/wp-json\/wp\/v2\/tags?post=50924"}],"curies":[{"name":"wp","href":"https:\/\/api.w.org\/{rel}","templated":true}]}}