{"id":50922,"date":"2026-03-16T13:00:00","date_gmt":"2026-03-16T16:00:00","guid":{"rendered":"https:\/\/www.diariodeouropreto.com.br\/?p=50922"},"modified":"2026-03-16T13:03:40","modified_gmt":"2026-03-16T16:03:40","slug":"apos-entrega-cmei-santa-rita-de-cassia-se-torna-a-creche-com-maior-atendimento-da-rede-municipal","status":"publish","type":"post","link":"https:\/\/www.diariodeouropreto.com.br\/pt\/apos-entrega-cmei-santa-rita-de-cassia-se-torna-a-creche-com-maior-atendimento-da-rede-municipal\/","title":{"rendered":"Ap\u00f3s entrega, CMEI Santa Rita de C\u00e1ssia se torna a creche com maior atendimento da rede municipal"},"content":{"rendered":"<p>Na manh\u00e3 desta sexta-feira (13), ocorreu a inaugura\u00e7\u00e3o da reforma e amplia\u00e7\u00e3o do Centro Municipal de Educa\u00e7\u00e3o Infantil (CMEI) Santa Rita de C\u00e1ssia, localizada no bairro de mesmo nome. A entrega da obra representa um importante avan\u00e7o para a educa\u00e7\u00e3o infantil no munic\u00edpio, ampliando a capacidade de atendimento da unidade e zerando a fila de espera para o CMEI, garantindo melhores condi\u00e7\u00f5es de ensino e aprendizagem para alunos, professores e toda a comunidade escolar.<\/p>\n\n\n\n<p>Com investimento de cerca de R$1,4 milh\u00e3o, a creche passou por uma reforma completa, incluindo melhorias nas redes el\u00e9trica e hidr\u00e1ulica, al\u00e9m da troca integral do telhado. A unidade tamb\u00e9m recebeu novo revestimento cer\u00e2mico no ch\u00e3o e nas paredes, proporcionando mais seguran\u00e7a, durabilidade e melhores condi\u00e7\u00f5es de manuten\u00e7\u00e3o para o espa\u00e7o.<\/p>\n\n\n\n<p>A obra tamb\u00e9m contemplou a amplia\u00e7\u00e3o da estrutura da escola, com a constru\u00e7\u00e3o de tr\u00eas novas salas de aula e a adapta\u00e7\u00e3o de outros ambientes da unidade. Com as melhorias, o CMEI passa a atender 122 alunos a mais, totalizando 238 estudantes e tornando-se a unidade de educa\u00e7\u00e3o infantil com o maior n\u00famero de alunos no munic\u00edpio. Com a amplia\u00e7\u00e3o da capacidade de atendimento, a fila de espera por vagas na unidade foi zerada, ampliando o acesso das crian\u00e7as do bairro \u00e0 educa\u00e7\u00e3o infantil.<\/p>\n\n\n\n<p>Durante a cerim\u00f4nia de inaugura\u00e7\u00e3o, autoridades municipais, profissionais da educa\u00e7\u00e3o, pais e alunos acompanharam a entrega oficial do espa\u00e7o. A iniciativa refor\u00e7a o compromisso da administra\u00e7\u00e3o municipal com a valoriza\u00e7\u00e3o da educa\u00e7\u00e3o e com a amplia\u00e7\u00e3o do acesso a um ensino de qualidade desde os primeiros anos da vida escolar.<\/p>\n\n\n\n<p>Para a diretora da unidade, Rog\u00e9ria Pereira, a entrega da obra representa uma conquista importante para toda a comunidade escolar. \u201cIsso aqui \u00e9 um sonho nosso, a gente t\u00e1 muito feliz, vai fortalecer a educa\u00e7\u00e3o infantil aqui no Santa Rita de C\u00e1ssia. J\u00e1 tem muito tempo que a gente pedia e, finalmente, temos uma escola linda para atender nossos meninos\u201d, disse, emocionada.<\/p>\n\n\n\n<p>Entre os pais presentes na cerim\u00f4nia, o sentimento tamb\u00e9m foi de reconhecimento pelas melhorias realizadas. \u201c\u00c9 o primeiro ano que ele t\u00e1 na creche, antes n\u00e3o tinha como eu trabalhar porque n\u00e3o compensava, eu ia acabar pagando o mesmo tanto que recebia pra algu\u00e9m ficar com ele, e j\u00e1 tinha dois anos que eu estava na fila. Agora eu vou poder voltar a trabalhar, dar uma vida melhor para o meu filho, e ele vai ficar numa escola linda, porque aqui ficou \u00f3timo\u201d, disse Cristina Celestina, m\u00e3e de um dos alunos matriculados no maternal ainda neste ano.<\/p>\n\n\n\n<p>A amplia\u00e7\u00e3o do CMEI Santa Rita de C\u00e1ssia contribui para fortalecer a rede municipal de ensino e garantir que mais crian\u00e7as tenham acesso a um ambiente adequado para o desenvolvimento educacional e social.<\/p>\n\n\n\n<p><strong>Homenagem<\/strong><\/p>\n\n\n\n<div id=\"110712\" class=\"advads-saneouro advads-entity-placement\" style=\"margin-left: auto;margin-right: auto;text-align: center;\"><a href=\"https:\/\/www.saneouro.com.br\/\" target=\"_blank\" aria-label=\"DOP_Site\" data-wpel-link=\"external\" rel=\"follow external noopener noreferrer sponsored ugc\"><img src=\"https:\/\/www.diariodeouropreto.com.br\/wp-content\/uploads\/2026\/04\/DOP_Site.jpg\" alt=\"\"  srcset=\"https:\/\/www.diariodeouropreto.com.br\/wp-content\/uploads\/2026\/04\/DOP_Site.jpg 301w, https:\/\/www.diariodeouropreto.com.br\/wp-content\/uploads\/2026\/04\/DOP_Site-180x150.jpg 180w, https:\/\/www.diariodeouropreto.com.br\/wp-content\/uploads\/2026\/04\/DOP_Site-14x12.jpg 14w\" sizes=\"(max-width: 301px) 100vw, 301px\" width=\"301\" height=\"251\"  style=\"display: inline-block;\" \/><\/a><\/div><p>Durante a cerim\u00f4nia, tamb\u00e9m foi realizada uma homenagem \u00e0 Maria Fernanda Moreira Gomes, ex-aluna do CMEI Santa Rita de C\u00e1ssia que teve sua vida interrompida precocemente. O momento foi marcado por emo\u00e7\u00e3o e lembran\u00e7a, reunindo familiares, comunidade escolar e autoridades, que prestaram reconhecimento \u00e0 mem\u00f3ria da estudante e \u00e0 sua hist\u00f3ria na unidade. O anexo constru\u00eddo, onde encontram-se as novas salas de aula e refeit\u00f3rio, tamb\u00e9m conta com um desenho da Maria Fernanda, feito pelo artista Omar Paulista, eternizando sua mem\u00f3ria no espa\u00e7o escolar. Al\u00e9m disso, um projeto de lei que prop\u00f5e que o anexo receba o nome da estudante est\u00e1 atualmente em tramita\u00e7\u00e3o e aguarda vota\u00e7\u00e3o na C\u00e2mara Municipal.<\/p>\n\n\n\n<div id=\"50321\" class=\"advads-plantao advads-entity-placement\"><a href=\"https:\/\/www.diariodeouropreto.com.br\/pt\/\" target=\"_blank\" aria-label=\"site &#8211; noticia\" data-wpel-link=\"external\" rel=\"follow external noopener noreferrer sponsored ugc\"><img src=\"https:\/\/www.diariodeouropreto.com.br\/wp-content\/uploads\/2019\/09\/titulosite2-e1616373489755.jpg\" alt=\"\"  srcset=\"https:\/\/www.diariodeouropreto.com.br\/wp-content\/uploads\/2019\/09\/titulosite2-e1616373489755.jpg 1200w, https:\/\/www.diariodeouropreto.com.br\/wp-content\/uploads\/2019\/09\/titulosite2-e1616373489755-150x38.jpg 150w, https:\/\/www.diariodeouropreto.com.br\/wp-content\/uploads\/2019\/09\/titulosite2-e1616373489755-660x167.jpg 660w, https:\/\/www.diariodeouropreto.com.br\/wp-content\/uploads\/2019\/09\/titulosite2-e1616373489755-768x194.jpg 768w, https:\/\/www.diariodeouropreto.com.br\/wp-content\/uploads\/2019\/09\/titulosite2-e1616373489755-1000x252.jpg 1000w, https:\/\/www.diariodeouropreto.com.br\/wp-content\/uploads\/2019\/09\/titulosite2-e1616373489755-1536x388.jpg 1536w, https:\/\/www.diariodeouropreto.com.br\/wp-content\/uploads\/2019\/09\/titulosite2-e1616373489755-2048x517.jpg 2048w\" sizes=\"(max-width: 1200px) 100vw, 1200px\" width=\"1200\" height=\"303\"  style=\"display: inline-block;\" \/><\/a><\/div><p> Por Yolanda &#8211; Assessoria Prefeitura de Mariana<\/p>","protected":false},"excerpt":{"rendered":"<p>Na manh\u00e3 desta sexta-feira (13), ocorreu a inaugura\u00e7\u00e3o da reforma e amplia\u00e7\u00e3o do Centro Municipal de Educa\u00e7\u00e3o Infantil (CMEI) Santa Rita de C\u00e1ssia, localizada no bairro de mesmo nome. A entrega da obra representa um importante avan\u00e7o para a educa\u00e7\u00e3o infantil no munic\u00edpio, ampliando a capacidade de atendimento da unidade<span class=\"more-link\"><a href=\"https:\/\/www.diariodeouropreto.com.br\/pt\/apos-entrega-cmei-santa-rita-de-cassia-se-torna-a-creche-com-maior-atendimento-da-rede-municipal\/\" data-wpel-link=\"internal\">Continue Lendo<\/a><\/span><\/p>","protected":false},"author":1,"featured_media":50923,"comment_status":"closed","ping_status":"closed","sticky":false,"template":"","format":"standard","meta":{"_jetpack_memberships_contains_paid_content":false,"footnotes":"","jetpack_publicize_message":"A entrega da obra representa um importante avan\u00e7o para a educa\u00e7\u00e3o infantil no munic\u00edpio, ampliando a capacidade de atendimento da unidade e zerando a fila de espera para o CMEI, garantindo melhores condi\u00e7\u00f5es de ensino e aprendizagem para alunos, professores e toda a comunidade escolar","jetpack_publicize_feature_enabled":true,"jetpack_social_post_already_shared":true,"jetpack_social_options":{"image_generator_settings":{"template":"highway","default_image_id":0,"font":"","enabled":false},"version":2}},"categories":[4],"tags":[],"class_list":["entry","author-diario","post-50922","post","type-post","status-publish","format-standard","has-post-thumbnail","category-mariana"],"yoast_head":"<!-- This site is optimized with the Yoast SEO plugin v27.5 - https:\/\/yoast.com\/product\/yoast-seo-wordpress\/ -->\n<title>Ap\u00f3s entrega, CMEI Santa Rita de C\u00e1ssia se torna a creche com maior atendimento da rede municipal - Di\u00e1rio de Ouro Preto<\/title>\n<meta name=\"description\" content=\"A entrega da obra representa um importante avan\u00e7o para a educa\u00e7\u00e3o infantil no munic\u00edpio, ampliando a capacidade de atendimento da unidade e zerando a fila de espera para o CMEI, garantindo melhores condi\u00e7\u00f5es de ensino e aprendizagem para alunos, professores e toda a comunidade escolar- Ap\u00f3s entrega, CMEI Santa Rita de C\u00e1ssia se torna a creche com maior atendimento da rede municipal - Mariana\" \/>\n<meta name=\"robots\" content=\"index, follow, max-snippet:-1, max-image-preview:large, max-video-preview:-1\" \/>\n<link rel=\"canonical\" href=\"https:\/\/www.diariodeouropreto.com.br\/pt\/apos-entrega-cmei-santa-rita-de-cassia-se-torna-a-creche-com-maior-atendimento-da-rede-municipal\/\" \/>\n<meta property=\"og:locale\" content=\"pt_PT\" \/>\n<meta property=\"og:type\" content=\"article\" \/>\n<meta property=\"og:title\" content=\"Ap\u00f3s entrega, CMEI Santa Rita de C\u00e1ssia se torna a creche com maior atendimento da rede municipal - Di\u00e1rio de Ouro Preto\" \/>\n<meta property=\"og:description\" content=\"A entrega da obra representa um importante avan\u00e7o para a educa\u00e7\u00e3o infantil no munic\u00edpio, ampliando a capacidade de atendimento da unidade e zerando a fila de espera para o CMEI, garantindo melhores condi\u00e7\u00f5es de ensino e aprendizagem para alunos, professores e toda a comunidade escolar- Ap\u00f3s entrega, CMEI Santa Rita de C\u00e1ssia se torna a creche com maior atendimento da rede municipal - Mariana\" \/>\n<meta property=\"og:url\" content=\"https:\/\/www.diariodeouropreto.com.br\/pt\/apos-entrega-cmei-santa-rita-de-cassia-se-torna-a-creche-com-maior-atendimento-da-rede-municipal\/\" \/>\n<meta property=\"og:site_name\" content=\"Di\u00e1rio de Ouro Preto\" \/>\n<meta property=\"article:publisher\" content=\"https:\/\/www.facebook.com\/diariodeouropreto\/\" \/>\n<meta property=\"article:published_time\" content=\"2026-03-16T16:00:00+00:00\" \/>\n<meta property=\"article:modified_time\" content=\"2026-03-16T16:03:40+00:00\" \/>\n<meta property=\"og:image\" content=\"https:\/\/www.diariodeouropreto.com.br\/wp-content\/uploads\/2026\/03\/IMG_8198.JPG.jpeg\" \/>\n\t<meta property=\"og:image:width\" content=\"1200\" \/>\n\t<meta property=\"og:image:height\" content=\"800\" \/>\n\t<meta property=\"og:image:type\" content=\"image\/jpeg\" \/>\n<meta name=\"author\" content=\"Di\u00e1rio de Ouro Preto\" \/>\n<meta name=\"twitter:card\" content=\"summary_large_image\" \/>\n<meta name=\"twitter:label1\" content=\"Escrito por\" \/>\n\t<meta name=\"twitter:data1\" content=\"Di\u00e1rio de Ouro Preto\" \/>\n\t<meta name=\"twitter:label2\" content=\"Tempo estimado de leitura\" \/>\n\t<meta name=\"twitter:data2\" content=\"4 minutos\" \/>\n<script type=\"application\/ld+json\" class=\"yoast-schema-graph\">{\"@context\":\"https:\\\/\\\/schema.org\",\"@graph\":[{\"@type\":\"Article\",\"@id\":\"https:\\\/\\\/www.diariodeouropreto.com.br\\\/apos-entrega-cmei-santa-rita-de-cassia-se-torna-a-creche-com-maior-atendimento-da-rede-municipal\\\/#article\",\"isPartOf\":{\"@id\":\"https:\\\/\\\/www.diariodeouropreto.com.br\\\/apos-entrega-cmei-santa-rita-de-cassia-se-torna-a-creche-com-maior-atendimento-da-rede-municipal\\\/\"},\"author\":{\"name\":\"Di\u00e1rio de Ouro Preto\",\"@id\":\"https:\\\/\\\/www.diariodeouropreto.com.br\\\/pt\\\/#\\\/schema\\\/person\\\/7654e7b471204a6dab6dc0ce6e140c99\"},\"headline\":\"Ap\u00f3s entrega, CMEI Santa Rita de C\u00e1ssia se torna a creche com maior atendimento da rede municipal\",\"datePublished\":\"2026-03-16T16:00:00+00:00\",\"dateModified\":\"2026-03-16T16:03:40+00:00\",\"mainEntityOfPage\":{\"@id\":\"https:\\\/\\\/www.diariodeouropreto.com.br\\\/apos-entrega-cmei-santa-rita-de-cassia-se-torna-a-creche-com-maior-atendimento-da-rede-municipal\\\/\"},\"wordCount\":647,\"publisher\":{\"@id\":\"https:\\\/\\\/www.diariodeouropreto.com.br\\\/pt\\\/#organization\"},\"image\":{\"@id\":\"https:\\\/\\\/www.diariodeouropreto.com.br\\\/apos-entrega-cmei-santa-rita-de-cassia-se-torna-a-creche-com-maior-atendimento-da-rede-municipal\\\/#primaryimage\"},\"thumbnailUrl\":\"https:\\\/\\\/www.diariodeouropreto.com.br\\\/wp-content\\\/uploads\\\/2026\\\/03\\\/IMG_8198.JPG.jpeg\",\"articleSection\":[\"Mariana\"],\"inLanguage\":\"pt-PT\"},{\"@type\":\"WebPage\",\"@id\":\"https:\\\/\\\/www.diariodeouropreto.com.br\\\/apos-entrega-cmei-santa-rita-de-cassia-se-torna-a-creche-com-maior-atendimento-da-rede-municipal\\\/\",\"url\":\"https:\\\/\\\/www.diariodeouropreto.com.br\\\/apos-entrega-cmei-santa-rita-de-cassia-se-torna-a-creche-com-maior-atendimento-da-rede-municipal\\\/\",\"name\":\"Ap\u00f3s entrega, CMEI Santa Rita de C\u00e1ssia se torna a creche com maior atendimento da rede municipal - Di\u00e1rio de Ouro Preto\",\"isPartOf\":{\"@id\":\"https:\\\/\\\/www.diariodeouropreto.com.br\\\/pt\\\/#website\"},\"primaryImageOfPage\":{\"@id\":\"https:\\\/\\\/www.diariodeouropreto.com.br\\\/apos-entrega-cmei-santa-rita-de-cassia-se-torna-a-creche-com-maior-atendimento-da-rede-municipal\\\/#primaryimage\"},\"image\":{\"@id\":\"https:\\\/\\\/www.diariodeouropreto.com.br\\\/apos-entrega-cmei-santa-rita-de-cassia-se-torna-a-creche-com-maior-atendimento-da-rede-municipal\\\/#primaryimage\"},\"thumbnailUrl\":\"https:\\\/\\\/www.diariodeouropreto.com.br\\\/wp-content\\\/uploads\\\/2026\\\/03\\\/IMG_8198.JPG.jpeg\",\"datePublished\":\"2026-03-16T16:00:00+00:00\",\"dateModified\":\"2026-03-16T16:03:40+00:00\",\"description\":\"A entrega da obra representa um importante avan\u00e7o para a educa\u00e7\u00e3o infantil no munic\u00edpio, ampliando a capacidade de atendimento da unidade e zerando a fila de espera para o CMEI, garantindo melhores condi\u00e7\u00f5es de ensino e aprendizagem para alunos, professores e toda a comunidade escolar- Ap\u00f3s entrega, CMEI Santa Rita de C\u00e1ssia se torna a creche com maior atendimento da rede municipal - Mariana\",\"breadcrumb\":{\"@id\":\"https:\\\/\\\/www.diariodeouropreto.com.br\\\/apos-entrega-cmei-santa-rita-de-cassia-se-torna-a-creche-com-maior-atendimento-da-rede-municipal\\\/#breadcrumb\"},\"inLanguage\":\"pt-PT\",\"potentialAction\":[{\"@type\":\"ReadAction\",\"target\":[\"https:\\\/\\\/www.diariodeouropreto.com.br\\\/apos-entrega-cmei-santa-rita-de-cassia-se-torna-a-creche-com-maior-atendimento-da-rede-municipal\\\/\"]}]},{\"@type\":\"ImageObject\",\"inLanguage\":\"pt-PT\",\"@id\":\"https:\\\/\\\/www.diariodeouropreto.com.br\\\/apos-entrega-cmei-santa-rita-de-cassia-se-torna-a-creche-com-maior-atendimento-da-rede-municipal\\\/#primaryimage\",\"url\":\"https:\\\/\\\/www.diariodeouropreto.com.br\\\/wp-content\\\/uploads\\\/2026\\\/03\\\/IMG_8198.JPG.jpeg\",\"contentUrl\":\"https:\\\/\\\/www.diariodeouropreto.com.br\\\/wp-content\\\/uploads\\\/2026\\\/03\\\/IMG_8198.JPG.jpeg\",\"width\":1200,\"height\":800},{\"@type\":\"BreadcrumbList\",\"@id\":\"https:\\\/\\\/www.diariodeouropreto.com.br\\\/apos-entrega-cmei-santa-rita-de-cassia-se-torna-a-creche-com-maior-atendimento-da-rede-municipal\\\/#breadcrumb\",\"itemListElement\":[{\"@type\":\"ListItem\",\"position\":1,\"name\":\"In\u00edcio\",\"item\":\"https:\\\/\\\/www.diariodeouropreto.com.br\\\/pt\\\/\"},{\"@type\":\"ListItem\",\"position\":2,\"name\":\"Ap\u00f3s entrega, CMEI Santa Rita de C\u00e1ssia se torna a creche com maior atendimento da rede municipal\"}]},{\"@type\":\"WebSite\",\"@id\":\"https:\\\/\\\/www.diariodeouropreto.com.br\\\/pt\\\/#website\",\"url\":\"https:\\\/\\\/www.diariodeouropreto.com.br\\\/pt\\\/\",\"name\":\"Di\u00e1rio de Ouro Preto\",\"description\":\"Not\u00edcias Ouro Preto; Mariana;Minas Gerais;Jornal;Jornalismo;Not\u00edcias;\",\"publisher\":{\"@id\":\"https:\\\/\\\/www.diariodeouropreto.com.br\\\/pt\\\/#organization\"},\"alternateName\":\"Jornal di\u00e1rio de Ouro Preto\",\"potentialAction\":[{\"@type\":\"SearchAction\",\"target\":{\"@type\":\"EntryPoint\",\"urlTemplate\":\"https:\\\/\\\/www.diariodeouropreto.com.br\\\/pt\\\/?s={search_term_string}\"},\"query-input\":{\"@type\":\"PropertyValueSpecification\",\"valueRequired\":true,\"valueName\":\"search_term_string\"}}],\"inLanguage\":\"pt-PT\"},{\"@type\":\"Organization\",\"@id\":\"https:\\\/\\\/www.diariodeouropreto.com.br\\\/pt\\\/#organization\",\"name\":\"Di\u00e1rio de Ouro Preto\",\"alternateName\":\"Jornal di\u00e1rio Ouro Preto\",\"url\":\"https:\\\/\\\/www.diariodeouropreto.com.br\\\/pt\\\/\",\"logo\":{\"@type\":\"ImageObject\",\"inLanguage\":\"pt-PT\",\"@id\":\"https:\\\/\\\/www.diariodeouropreto.com.br\\\/pt\\\/#\\\/schema\\\/logo\\\/image\\\/\",\"url\":\"https:\\\/\\\/www.diariodeouropreto.com.br\\\/wp-content\\\/uploads\\\/2019\\\/06\\\/cropped-logotransp-2.png\",\"contentUrl\":\"https:\\\/\\\/www.diariodeouropreto.com.br\\\/wp-content\\\/uploads\\\/2019\\\/06\\\/cropped-logotransp-2.png\",\"width\":1323,\"height\":251,\"caption\":\"Di\u00e1rio de Ouro Preto\"},\"image\":{\"@id\":\"https:\\\/\\\/www.diariodeouropreto.com.br\\\/pt\\\/#\\\/schema\\\/logo\\\/image\\\/\"},\"sameAs\":[\"https:\\\/\\\/www.facebook.com\\\/diariodeouropreto\\\/\"]},{\"@type\":\"Person\",\"@id\":\"https:\\\/\\\/www.diariodeouropreto.com.br\\\/pt\\\/#\\\/schema\\\/person\\\/7654e7b471204a6dab6dc0ce6e140c99\",\"name\":\"Di\u00e1rio de Ouro Preto\",\"sameAs\":[\"http:\\\/\\\/www.diariodeouropreto.com.br\"],\"url\":\"https:\\\/\\\/www.diariodeouropreto.com.br\\\/pt\\\/author\\\/diario\\\/\"}]}<\/script>\n<!-- \/ Yoast SEO plugin. -->","yoast_head_json":{"title":"Ap\u00f3s entrega, CMEI Santa Rita de C\u00e1ssia se torna a creche com maior atendimento da rede municipal - Di\u00e1rio de Ouro Preto","description":"A entrega da obra representa um importante avan\u00e7o para a educa\u00e7\u00e3o infantil no munic\u00edpio, ampliando a capacidade de atendimento da unidade e zerando a fila de espera para o CMEI, garantindo melhores condi\u00e7\u00f5es de ensino e aprendizagem para alunos, professores e toda a comunidade escolar- Ap\u00f3s entrega, CMEI Santa Rita de C\u00e1ssia se torna a creche com maior atendimento da rede municipal - Mariana","robots":{"index":"index","follow":"follow","max-snippet":"max-snippet:-1","max-image-preview":"max-image-preview:large","max-video-preview":"max-video-preview:-1"},"canonical":"https:\/\/www.diariodeouropreto.com.br\/pt\/apos-entrega-cmei-santa-rita-de-cassia-se-torna-a-creche-com-maior-atendimento-da-rede-municipal\/","og_locale":"pt_PT","og_type":"article","og_title":"Ap\u00f3s entrega, CMEI Santa Rita de C\u00e1ssia se torna a creche com maior atendimento da rede municipal - Di\u00e1rio de Ouro Preto","og_description":"A entrega da obra representa um importante avan\u00e7o para a educa\u00e7\u00e3o infantil no munic\u00edpio, ampliando a capacidade de atendimento da unidade e zerando a fila de espera para o CMEI, garantindo melhores condi\u00e7\u00f5es de ensino e aprendizagem para alunos, professores e toda a comunidade escolar- Ap\u00f3s entrega, CMEI Santa Rita de C\u00e1ssia se torna a creche com maior atendimento da rede municipal - Mariana","og_url":"https:\/\/www.diariodeouropreto.com.br\/pt\/apos-entrega-cmei-santa-rita-de-cassia-se-torna-a-creche-com-maior-atendimento-da-rede-municipal\/","og_site_name":"Di\u00e1rio de Ouro Preto","article_publisher":"https:\/\/www.facebook.com\/diariodeouropreto\/","article_published_time":"2026-03-16T16:00:00+00:00","article_modified_time":"2026-03-16T16:03:40+00:00","og_image":[{"width":1200,"height":800,"url":"https:\/\/www.diariodeouropreto.com.br\/wp-content\/uploads\/2026\/03\/IMG_8198.JPG.jpeg","type":"image\/jpeg"}],"author":"Di\u00e1rio de Ouro Preto","twitter_card":"summary_large_image","twitter_misc":{"Escrito por":"Di\u00e1rio de Ouro Preto","Tempo estimado de leitura":"4 minutos"},"schema":{"@context":"https:\/\/schema.org","@graph":[{"@type":"Article","@id":"https:\/\/www.diariodeouropreto.com.br\/apos-entrega-cmei-santa-rita-de-cassia-se-torna-a-creche-com-maior-atendimento-da-rede-municipal\/#article","isPartOf":{"@id":"https:\/\/www.diariodeouropreto.com.br\/apos-entrega-cmei-santa-rita-de-cassia-se-torna-a-creche-com-maior-atendimento-da-rede-municipal\/"},"author":{"name":"Di\u00e1rio de Ouro Preto","@id":"https:\/\/www.diariodeouropreto.com.br\/pt\/#\/schema\/person\/7654e7b471204a6dab6dc0ce6e140c99"},"headline":"Ap\u00f3s entrega, CMEI Santa Rita de C\u00e1ssia se torna a creche com maior atendimento da rede municipal","datePublished":"2026-03-16T16:00:00+00:00","dateModified":"2026-03-16T16:03:40+00:00","mainEntityOfPage":{"@id":"https:\/\/www.diariodeouropreto.com.br\/apos-entrega-cmei-santa-rita-de-cassia-se-torna-a-creche-com-maior-atendimento-da-rede-municipal\/"},"wordCount":647,"publisher":{"@id":"https:\/\/www.diariodeouropreto.com.br\/pt\/#organization"},"image":{"@id":"https:\/\/www.diariodeouropreto.com.br\/apos-entrega-cmei-santa-rita-de-cassia-se-torna-a-creche-com-maior-atendimento-da-rede-municipal\/#primaryimage"},"thumbnailUrl":"https:\/\/www.diariodeouropreto.com.br\/wp-content\/uploads\/2026\/03\/IMG_8198.JPG.jpeg","articleSection":["Mariana"],"inLanguage":"pt-PT"},{"@type":"WebPage","@id":"https:\/\/www.diariodeouropreto.com.br\/apos-entrega-cmei-santa-rita-de-cassia-se-torna-a-creche-com-maior-atendimento-da-rede-municipal\/","url":"https:\/\/www.diariodeouropreto.com.br\/apos-entrega-cmei-santa-rita-de-cassia-se-torna-a-creche-com-maior-atendimento-da-rede-municipal\/","name":"Ap\u00f3s entrega, CMEI Santa Rita de C\u00e1ssia se torna a creche com maior atendimento da rede municipal - Di\u00e1rio de Ouro Preto","isPartOf":{"@id":"https:\/\/www.diariodeouropreto.com.br\/pt\/#website"},"primaryImageOfPage":{"@id":"https:\/\/www.diariodeouropreto.com.br\/apos-entrega-cmei-santa-rita-de-cassia-se-torna-a-creche-com-maior-atendimento-da-rede-municipal\/#primaryimage"},"image":{"@id":"https:\/\/www.diariodeouropreto.com.br\/apos-entrega-cmei-santa-rita-de-cassia-se-torna-a-creche-com-maior-atendimento-da-rede-municipal\/#primaryimage"},"thumbnailUrl":"https:\/\/www.diariodeouropreto.com.br\/wp-content\/uploads\/2026\/03\/IMG_8198.JPG.jpeg","datePublished":"2026-03-16T16:00:00+00:00","dateModified":"2026-03-16T16:03:40+00:00","description":"A entrega da obra representa um importante avan\u00e7o para a educa\u00e7\u00e3o infantil no munic\u00edpio, ampliando a capacidade de atendimento da unidade e zerando a fila de espera para o CMEI, garantindo melhores condi\u00e7\u00f5es de ensino e aprendizagem para alunos, professores e toda a comunidade escolar- Ap\u00f3s entrega, CMEI Santa Rita de C\u00e1ssia se torna a creche com maior atendimento da rede municipal - Mariana","breadcrumb":{"@id":"https:\/\/www.diariodeouropreto.com.br\/apos-entrega-cmei-santa-rita-de-cassia-se-torna-a-creche-com-maior-atendimento-da-rede-municipal\/#breadcrumb"},"inLanguage":"pt-PT","potentialAction":[{"@type":"ReadAction","target":["https:\/\/www.diariodeouropreto.com.br\/apos-entrega-cmei-santa-rita-de-cassia-se-torna-a-creche-com-maior-atendimento-da-rede-municipal\/"]}]},{"@type":"ImageObject","inLanguage":"pt-PT","@id":"https:\/\/www.diariodeouropreto.com.br\/apos-entrega-cmei-santa-rita-de-cassia-se-torna-a-creche-com-maior-atendimento-da-rede-municipal\/#primaryimage","url":"https:\/\/www.diariodeouropreto.com.br\/wp-content\/uploads\/2026\/03\/IMG_8198.JPG.jpeg","contentUrl":"https:\/\/www.diariodeouropreto.com.br\/wp-content\/uploads\/2026\/03\/IMG_8198.JPG.jpeg","width":1200,"height":800},{"@type":"BreadcrumbList","@id":"https:\/\/www.diariodeouropreto.com.br\/apos-entrega-cmei-santa-rita-de-cassia-se-torna-a-creche-com-maior-atendimento-da-rede-municipal\/#breadcrumb","itemListElement":[{"@type":"ListItem","position":1,"name":"In\u00edcio","item":"https:\/\/www.diariodeouropreto.com.br\/pt\/"},{"@type":"ListItem","position":2,"name":"Ap\u00f3s entrega, CMEI Santa Rita de C\u00e1ssia se torna a creche com maior atendimento da rede municipal"}]},{"@type":"WebSite","@id":"https:\/\/www.diariodeouropreto.com.br\/pt\/#website","url":"https:\/\/www.diariodeouropreto.com.br\/pt\/","name":"Di\u00e1rio de Ouro Preto","description":"Not\u00edcias Ouro Preto; Mariana;Minas Gerais;Jornal;Jornalismo;Not\u00edcias;","publisher":{"@id":"https:\/\/www.diariodeouropreto.com.br\/pt\/#organization"},"alternateName":"Jornal di\u00e1rio de Ouro Preto","potentialAction":[{"@type":"SearchAction","target":{"@type":"EntryPoint","urlTemplate":"https:\/\/www.diariodeouropreto.com.br\/pt\/?s={search_term_string}"},"query-input":{"@type":"PropertyValueSpecification","valueRequired":true,"valueName":"search_term_string"}}],"inLanguage":"pt-PT"},{"@type":"Organization","@id":"https:\/\/www.diariodeouropreto.com.br\/pt\/#organization","name":"Di\u00e1rio de Ouro Preto","alternateName":"Jornal di\u00e1rio Ouro Preto","url":"https:\/\/www.diariodeouropreto.com.br\/pt\/","logo":{"@type":"ImageObject","inLanguage":"pt-PT","@id":"https:\/\/www.diariodeouropreto.com.br\/pt\/#\/schema\/logo\/image\/","url":"https:\/\/www.diariodeouropreto.com.br\/wp-content\/uploads\/2019\/06\/cropped-logotransp-2.png","contentUrl":"https:\/\/www.diariodeouropreto.com.br\/wp-content\/uploads\/2019\/06\/cropped-logotransp-2.png","width":1323,"height":251,"caption":"Di\u00e1rio de Ouro Preto"},"image":{"@id":"https:\/\/www.diariodeouropreto.com.br\/pt\/#\/schema\/logo\/image\/"},"sameAs":["https:\/\/www.facebook.com\/diariodeouropreto\/"]},{"@type":"Person","@id":"https:\/\/www.diariodeouropreto.com.br\/pt\/#\/schema\/person\/7654e7b471204a6dab6dc0ce6e140c99","name":"Di\u00e1rio de Ouro Preto","sameAs":["http:\/\/www.diariodeouropreto.com.br"],"url":"https:\/\/www.diariodeouropreto.com.br\/pt\/author\/diario\/"}]}},"jetpack_publicize_connections":[],"jetpack_featured_media_url":"https:\/\/www.diariodeouropreto.com.br\/wp-content\/uploads\/2026\/03\/IMG_8198.JPG.jpeg","jetpack-related-posts":[{"id":7423,"url":"https:\/\/www.diariodeouropreto.com.br\/pt\/mariana-cestas-basicas-para-as-familias-dos-alunos-das-escolas-municipais-serao-entregues-na-segunda\/","url_meta":{"origin":50922,"position":0},"title":"Mariana: Cestas b\u00e1sicas para as fam\u00edlias dos alunos das escolas municipais ser\u00e3o entregues na segunda","author":"Di\u00e1rio de Ouro Preto","date":"3 de Abril de 2021","format":false,"excerpt":"Nesta segunda-feira, 05, as cestas b\u00e1sicas para os alunos matriculados na rede municipal come\u00e7am a ser entregues e se estendem at\u00e9 o dia 9 de abril. O cronograma foi organizado levando em conta o n\u00famero de alunos e dividido em ordem alfab\u00e9tica, seguindo todos os protocolos de seguran\u00e7a. As cestas\u2026","rel":"","context":"In &quot;Mariana&quot;","block_context":{"text":"Mariana","link":"https:\/\/www.diariodeouropreto.com.br\/pt\/Editoria\/mariana\/"},"img":{"alt_text":"","src":"https:\/\/i0.wp.com\/www.diariodeouropreto.com.br\/wp-content\/uploads\/2019\/06\/Ativo-29logo.png?resize=350%2C200&ssl=1","width":350,"height":200,"srcset":"https:\/\/i0.wp.com\/www.diariodeouropreto.com.br\/wp-content\/uploads\/2019\/06\/Ativo-29logo.png?resize=350%2C200&ssl=1 1x, https:\/\/i0.wp.com\/www.diariodeouropreto.com.br\/wp-content\/uploads\/2019\/06\/Ativo-29logo.png?resize=525%2C300&ssl=1 1.5x"},"classes":[]},{"id":9167,"url":"https:\/\/www.diariodeouropreto.com.br\/pt\/cestas-basicas-comecam-a-ser-distribuidas-nesta-segunda-12-07\/","url_meta":{"origin":50922,"position":1},"title":"Cestas b\u00e1sicas come\u00e7am a ser distribu\u00eddas nesta segunda 12\/07","author":"Di\u00e1rio de Ouro Preto","date":"11 de Julho de 2021","format":false,"excerpt":"Dando segmento \u00e0s entregas das cestas b\u00e1sicas que garantem a alimenta\u00e7\u00e3o e sa\u00fade dos alunos que est\u00e3o em ensino remoto, a partir da pr\u00f3xima segunda-feira, 12, a Prefeitura de Mariana inicia a distribui\u00e7\u00e3o aos grupos familiares dos mais de 7 mil estudantes matriculados na rede municipal. Os repasses acontecem at\u00e9\u2026","rel":"","context":"In &quot;Mariana&quot;","block_context":{"text":"Mariana","link":"https:\/\/www.diariodeouropreto.com.br\/pt\/Editoria\/mariana\/"},"img":{"alt_text":"","src":"https:\/\/i0.wp.com\/www.diariodeouropreto.com.br\/wp-content\/uploads\/2021\/07\/Cestas_site-11-1-scaled.jpg?resize=350%2C200&ssl=1","width":350,"height":200,"srcset":"https:\/\/i0.wp.com\/www.diariodeouropreto.com.br\/wp-content\/uploads\/2021\/07\/Cestas_site-11-1-scaled.jpg?resize=350%2C200&ssl=1 1x, https:\/\/i0.wp.com\/www.diariodeouropreto.com.br\/wp-content\/uploads\/2021\/07\/Cestas_site-11-1-scaled.jpg?resize=525%2C300&ssl=1 1.5x, https:\/\/i0.wp.com\/www.diariodeouropreto.com.br\/wp-content\/uploads\/2021\/07\/Cestas_site-11-1-scaled.jpg?resize=700%2C400&ssl=1 2x, https:\/\/i0.wp.com\/www.diariodeouropreto.com.br\/wp-content\/uploads\/2021\/07\/Cestas_site-11-1-scaled.jpg?resize=1050%2C600&ssl=1 3x"},"classes":[]},{"id":9870,"url":"https:\/\/www.diariodeouropreto.com.br\/pt\/distribuicao-das-cestas-basicas-para-os-alunos-da-rede-de-ensino-municipal-comecam-na-proxima-semana\/","url_meta":{"origin":50922,"position":2},"title":"Distribui\u00e7\u00e3o das cestas b\u00e1sicas para os alunos da rede de ensino municipal come\u00e7am na pr\u00f3xima semana","author":"Di\u00e1rio de Ouro Preto","date":"12 de Agosto de 2021","format":false,"excerpt":"A Prefeitura de Mariana inicia na pr\u00f3xima segunda-feira, 16 de agosto, a entrega das cestas b\u00e1sicas para os alunos da rede de ensino municipal. Os repasses ser\u00e3o realizados at\u00e9 sexta-feira, 20 de agosto. A a\u00e7\u00e3o garante a alimenta\u00e7\u00e3o e sa\u00fade dos grupos familiares dos mais de 7 mil estudantes desde\u2026","rel":"","context":"In &quot;Mariana&quot;","block_context":{"text":"Mariana","link":"https:\/\/www.diariodeouropreto.com.br\/pt\/Editoria\/mariana\/"},"img":{"alt_text":"","src":"https:\/\/i0.wp.com\/www.diariodeouropreto.com.br\/wp-content\/uploads\/2021\/08\/Cestas-Basicas-site-1-scaled.jpg?resize=350%2C200&ssl=1","width":350,"height":200,"srcset":"https:\/\/i0.wp.com\/www.diariodeouropreto.com.br\/wp-content\/uploads\/2021\/08\/Cestas-Basicas-site-1-scaled.jpg?resize=350%2C200&ssl=1 1x, https:\/\/i0.wp.com\/www.diariodeouropreto.com.br\/wp-content\/uploads\/2021\/08\/Cestas-Basicas-site-1-scaled.jpg?resize=525%2C300&ssl=1 1.5x, https:\/\/i0.wp.com\/www.diariodeouropreto.com.br\/wp-content\/uploads\/2021\/08\/Cestas-Basicas-site-1-scaled.jpg?resize=700%2C400&ssl=1 2x, https:\/\/i0.wp.com\/www.diariodeouropreto.com.br\/wp-content\/uploads\/2021\/08\/Cestas-Basicas-site-1-scaled.jpg?resize=1050%2C600&ssl=1 3x"},"classes":[]},{"id":14796,"url":"https:\/\/www.diariodeouropreto.com.br\/pt\/conselho-municipal-da-educacao-de-ouro-preto-realiza-eleicoes-e-escolhe-seus-representantes\/","url_meta":{"origin":50922,"position":3},"title":"Conselho Municipal da Educa\u00e7\u00e3o de Ouro Preto realiza elei\u00e7\u00f5es e escolhe seus representantes","author":"Di\u00e1rio de Ouro Preto","date":"6 de Abril de 2022","format":false,"excerpt":"Aconteceu hoje, quarta-feira, 6 de abril, a reuni\u00e3o de posse da nova composi\u00e7\u00e3o do Conselho Municipal de Educa\u00e7\u00e3o de Ouro Preto. O representante dos professores da rede municipal, Leandro Andrade, foi reeleito e permanece na coordena\u00e7\u00e3o dos trabalhos do CME. Leandro, que leciona Geografia na Escola Municipal Tom\u00e1s Ant\u00f4nio Gonzaga,\u2026","rel":"","context":"In &quot;Ouro Preto&quot;","block_context":{"text":"Ouro Preto","link":"https:\/\/www.diariodeouropreto.com.br\/pt\/Editoria\/ouro-preto\/"},"img":{"alt_text":"","src":"https:\/\/i0.wp.com\/www.diariodeouropreto.com.br\/wp-content\/uploads\/2019\/09\/titulosite2-e1616373489755.jpg?resize=350%2C200&ssl=1","width":350,"height":200,"srcset":"https:\/\/i0.wp.com\/www.diariodeouropreto.com.br\/wp-content\/uploads\/2019\/09\/titulosite2-e1616373489755.jpg?resize=350%2C200&ssl=1 1x, https:\/\/i0.wp.com\/www.diariodeouropreto.com.br\/wp-content\/uploads\/2019\/09\/titulosite2-e1616373489755.jpg?resize=525%2C300&ssl=1 1.5x, https:\/\/i0.wp.com\/www.diariodeouropreto.com.br\/wp-content\/uploads\/2019\/09\/titulosite2-e1616373489755.jpg?resize=700%2C400&ssl=1 2x, https:\/\/i0.wp.com\/www.diariodeouropreto.com.br\/wp-content\/uploads\/2019\/09\/titulosite2-e1616373489755.jpg?resize=1050%2C600&ssl=1 3x"},"classes":[]},{"id":43161,"url":"https:\/\/www.diariodeouropreto.com.br\/pt\/prefeitura-entrega-duas-escolas-nesta-semana-em-marco-sao-promovidas-quatro-inauguracoes\/","url_meta":{"origin":50922,"position":4},"title":"Prefeitura entrega duas escolas nesta semana; em mar\u00e7o s\u00e3o promovidas quatro inaugura\u00e7\u00f5es","author":"Di\u00e1rio de Ouro Preto","date":"14 de Mar\u00e7o de 2025","format":false,"excerpt":"Outras nove unidades escolares passam por reforma, na sede e nos distritos A Prefeitura de Ouro preto inaugura hoje sexta-feira (14), a nova sede da Escola Municipal de Educa\u00e7\u00e3o Infantil Ana Pereira de Lima, no subdistrito de Maracuj\u00e1. Em uma parceria com o Instituto Arjon, o pr\u00e9dio \u00e9 completamente adaptado\u2026","rel":"","context":"In &quot;Ouro Preto&quot;","block_context":{"text":"Ouro Preto","link":"https:\/\/www.diariodeouropreto.com.br\/pt\/Editoria\/ouro-preto\/"},"img":{"alt_text":"","src":"https:\/\/i0.wp.com\/www.diariodeouropreto.com.br\/wp-content\/uploads\/2025\/03\/Imagem-do-WhatsApp-de-2025-03-13-as-17.34.57_3a0fc3c1.jpg?resize=350%2C200&ssl=1","width":350,"height":200,"srcset":"https:\/\/i0.wp.com\/www.diariodeouropreto.com.br\/wp-content\/uploads\/2025\/03\/Imagem-do-WhatsApp-de-2025-03-13-as-17.34.57_3a0fc3c1.jpg?resize=350%2C200&ssl=1 1x, https:\/\/i0.wp.com\/www.diariodeouropreto.com.br\/wp-content\/uploads\/2025\/03\/Imagem-do-WhatsApp-de-2025-03-13-as-17.34.57_3a0fc3c1.jpg?resize=525%2C300&ssl=1 1.5x, https:\/\/i0.wp.com\/www.diariodeouropreto.com.br\/wp-content\/uploads\/2025\/03\/Imagem-do-WhatsApp-de-2025-03-13-as-17.34.57_3a0fc3c1.jpg?resize=700%2C400&ssl=1 2x, https:\/\/i0.wp.com\/www.diariodeouropreto.com.br\/wp-content\/uploads\/2025\/03\/Imagem-do-WhatsApp-de-2025-03-13-as-17.34.57_3a0fc3c1.jpg?resize=1050%2C600&ssl=1 3x"},"classes":[]},{"id":18908,"url":"https:\/\/www.diariodeouropreto.com.br\/pt\/distrito-de-miguel-burnier-recebe-programa-camara-itinerante\/","url_meta":{"origin":50922,"position":5},"title":"Distrito de Miguel Burnier recebe programa C\u00e2mara Itinerante","author":"Di\u00e1rio de Ouro Preto","date":"20 de Outubro de 2022","format":false,"excerpt":"Nesta ter\u00e7a-feira (18), o distrito de Miguel Burnier recebeu o programa C\u00e2mara Itinerante. Na ocasi\u00e3o, a popula\u00e7\u00e3o local teve acesso a diversos servi\u00e7os gratuitos e ainda puderam participar da Reuni\u00e3o Ordin\u00e1ria e apresentar demandas aos vereadores. Na ocasi\u00e3o foram ofertados diversos servi\u00e7os para a popula\u00e7\u00e3o, como \u00a0\u00e1rea de lazer infantil,\u2026","rel":"","context":"In &quot;Ouro Preto&quot;","block_context":{"text":"Ouro Preto","link":"https:\/\/www.diariodeouropreto.com.br\/pt\/Editoria\/ouro-preto\/"},"img":{"alt_text":"","src":"https:\/\/i0.wp.com\/www.diariodeouropreto.com.br\/wp-content\/uploads\/2022\/10\/11a-CI-Miguel-Burnier.jpg?resize=350%2C200&ssl=1","width":350,"height":200,"srcset":"https:\/\/i0.wp.com\/www.diariodeouropreto.com.br\/wp-content\/uploads\/2022\/10\/11a-CI-Miguel-Burnier.jpg?resize=350%2C200&ssl=1 1x, https:\/\/i0.wp.com\/www.diariodeouropreto.com.br\/wp-content\/uploads\/2022\/10\/11a-CI-Miguel-Burnier.jpg?resize=525%2C300&ssl=1 1.5x, https:\/\/i0.wp.com\/www.diariodeouropreto.com.br\/wp-content\/uploads\/2022\/10\/11a-CI-Miguel-Burnier.jpg?resize=700%2C400&ssl=1 2x, https:\/\/i0.wp.com\/www.diariodeouropreto.com.br\/wp-content\/uploads\/2022\/10\/11a-CI-Miguel-Burnier.jpg?resize=1050%2C600&ssl=1 3x"},"classes":[]}],"jetpack_sharing_enabled":true,"amp_enabled":true,"_links":{"self":[{"href":"https:\/\/www.diariodeouropreto.com.br\/pt\/wp-json\/wp\/v2\/posts\/50922","targetHints":{"allow":["GET"]}}],"collection":[{"href":"https:\/\/www.diariodeouropreto.com.br\/pt\/wp-json\/wp\/v2\/posts"}],"about":[{"href":"https:\/\/www.diariodeouropreto.com.br\/pt\/wp-json\/wp\/v2\/types\/post"}],"author":[{"embeddable":true,"href":"https:\/\/www.diariodeouropreto.com.br\/pt\/wp-json\/wp\/v2\/users\/1"}],"replies":[{"embeddable":true,"href":"https:\/\/www.diariodeouropreto.com.br\/pt\/wp-json\/wp\/v2\/comments?post=50922"}],"version-history":[{"count":1,"href":"https:\/\/www.diariodeouropreto.com.br\/pt\/wp-json\/wp\/v2\/posts\/50922\/revisions"}],"predecessor-version":[{"id":50926,"href":"https:\/\/www.diariodeouropreto.com.br\/pt\/wp-json\/wp\/v2\/posts\/50922\/revisions\/50926"}],"wp:featuredmedia":[{"embeddable":true,"href":"https:\/\/www.diariodeouropreto.com.br\/pt\/wp-json\/wp\/v2\/media\/50923"}],"wp:attachment":[{"href":"https:\/\/www.diariodeouropreto.com.br\/pt\/wp-json\/wp\/v2\/media?parent=50922"}],"wp:term":[{"taxonomy":"category","embeddable":true,"href":"https:\/\/www.diariodeouropreto.com.br\/pt\/wp-json\/wp\/v2\/categories?post=50922"},{"taxonomy":"post_tag","embeddable":true,"href":"https:\/\/www.diariodeouropreto.com.br\/pt\/wp-json\/wp\/v2\/tags?post=50922"}],"curies":[{"name":"wp","href":"https:\/\/api.w.org\/{rel}","templated":true}]}}