{"id":50908,"date":"2026-03-16T12:01:49","date_gmt":"2026-03-16T15:01:49","guid":{"rendered":"https:\/\/www.diariodeouropreto.com.br\/?p=50908"},"modified":"2026-03-16T12:01:54","modified_gmt":"2026-03-16T15:01:54","slug":"protesto-pelo-asfalto-entre-mg-129-e-o-distrito-de-fonseca","status":"publish","type":"post","link":"https:\/\/www.diariodeouropreto.com.br\/pt\/protesto-pelo-asfalto-entre-mg-129-e-o-distrito-de-fonseca\/","title":{"rendered":"Protesto pelo Asfalto entre MG 129 e o distrito de Fonseca"},"content":{"rendered":"<p>A reivindica\u00e7\u00e3o pelo asfaltamento da MG 326 mobilizou na manh\u00e3 desta segunda feira, os moradores de Alvin\u00f3polis, Catas Altas e Santa B\u00e1rbara, eles fecharam a pista da MG 129, na altura do trevo de Fonseca, distrito de Alvin\u00f3polis. O trecho \u00e9 de 13 KM. O ato contou com um minuto de sil\u00eancio para as v\u00edtimas dos acidentes, tamb\u00e9m rezaram o Pai Nosso.<\/p>\n\n\n\n<p>Os moradores do distrito de Fonseca do munic\u00edpio de Alvin\u00f3polis, reclamam da dificuldade de trafegar no trecho que \u00e9 de terra, e por onde passam muitos caminh\u00f5es pesados. Eles se queixam que a via \u00e9 o percurso mais curto para os moradores de Fonseca buscarem pronto atendimento em Santa B\u00e1rbara.&nbsp;<\/p>\n\n\n\n<figure class=\"wp-block-gallery has-nested-images columns-default is-cropped wp-block-gallery-1 is-layout-flex wp-block-gallery-is-layout-flex\">\n<figure class=\"wp-block-image size-large\"><img decoding=\"async\" width=\"1067\" height=\"800\" data-attachment-id=\"50913\" data-permalink=\"https:\/\/www.diariodeouropreto.com.br\/pt\/protesto-pelo-asfalto-entre-mg-129-e-o-distrito-de-fonseca\/whatsapp-image-2026-03-16-at-11-49-47\/\" data-orig-file=\"https:\/\/www.diariodeouropreto.com.br\/wp-content\/uploads\/2026\/03\/WhatsApp-Image-2026-03-16-at-11.49.47.jpeg\" data-orig-size=\"1067,800\" data-comments-opened=\"0\" data-image-meta=\"{&quot;aperture&quot;:&quot;0&quot;,&quot;credit&quot;:&quot;&quot;,&quot;camera&quot;:&quot;&quot;,&quot;caption&quot;:&quot;&quot;,&quot;created_timestamp&quot;:&quot;0&quot;,&quot;copyright&quot;:&quot;&quot;,&quot;focal_length&quot;:&quot;0&quot;,&quot;iso&quot;:&quot;0&quot;,&quot;shutter_speed&quot;:&quot;0&quot;,&quot;title&quot;:&quot;&quot;,&quot;orientation&quot;:&quot;0&quot;}\" data-image-title=\"WhatsApp Image 2026-03-16 at 11.49.47\" data-image-description=\"\" data-image-caption=\"\" data-large-file=\"https:\/\/www.diariodeouropreto.com.br\/wp-content\/uploads\/2026\/03\/WhatsApp-Image-2026-03-16-at-11.49.47.jpeg\" data-id=\"50913\" src=\"https:\/\/www.diariodeouropreto.com.br\/wp-content\/uploads\/2026\/03\/WhatsApp-Image-2026-03-16-at-11.49.47.jpeg\" alt=\"\" class=\"wp-image-50913\" srcset=\"https:\/\/www.diariodeouropreto.com.br\/wp-content\/uploads\/2026\/03\/WhatsApp-Image-2026-03-16-at-11.49.47.jpeg 1067w, https:\/\/www.diariodeouropreto.com.br\/wp-content\/uploads\/2026\/03\/WhatsApp-Image-2026-03-16-at-11.49.47-528x396.jpeg 528w, https:\/\/www.diariodeouropreto.com.br\/wp-content\/uploads\/2026\/03\/WhatsApp-Image-2026-03-16-at-11.49.47-200x150.jpeg 200w, https:\/\/www.diariodeouropreto.com.br\/wp-content\/uploads\/2026\/03\/WhatsApp-Image-2026-03-16-at-11.49.47-768x576.jpeg 768w, https:\/\/www.diariodeouropreto.com.br\/wp-content\/uploads\/2026\/03\/WhatsApp-Image-2026-03-16-at-11.49.47-16x12.jpeg 16w, https:\/\/www.diariodeouropreto.com.br\/wp-content\/uploads\/2026\/03\/WhatsApp-Image-2026-03-16-at-11.49.47-465x349.jpeg 465w, https:\/\/www.diariodeouropreto.com.br\/wp-content\/uploads\/2026\/03\/WhatsApp-Image-2026-03-16-at-11.49.47-667x500.jpeg 667w\" sizes=\"(max-width: 1067px) 100vw, 1067px\" \/><\/figure>\n\n\n\n<figure class=\"wp-block-image size-large\"><img decoding=\"async\" width=\"1280\" height=\"720\" data-attachment-id=\"50912\" data-permalink=\"https:\/\/www.diariodeouropreto.com.br\/pt\/protesto-pelo-asfalto-entre-mg-129-e-o-distrito-de-fonseca\/whatsapp-image-2026-03-16-11-47-19\/\" data-orig-file=\"https:\/\/www.diariodeouropreto.com.br\/wp-content\/uploads\/2026\/03\/WhatsApp-Image-2026-03-16-11.47.19.jpeg\" data-orig-size=\"1280,720\" data-comments-opened=\"0\" data-image-meta=\"{&quot;aperture&quot;:&quot;0&quot;,&quot;credit&quot;:&quot;&quot;,&quot;camera&quot;:&quot;&quot;,&quot;caption&quot;:&quot;&quot;,&quot;created_timestamp&quot;:&quot;0&quot;,&quot;copyright&quot;:&quot;&quot;,&quot;focal_length&quot;:&quot;0&quot;,&quot;iso&quot;:&quot;0&quot;,&quot;shutter_speed&quot;:&quot;0&quot;,&quot;title&quot;:&quot;&quot;,&quot;orientation&quot;:&quot;0&quot;}\" data-image-title=\"WhatsApp Image 2026-03-16  11.47.19\" data-image-description=\"\" data-image-caption=\"\" data-large-file=\"https:\/\/www.diariodeouropreto.com.br\/wp-content\/uploads\/2026\/03\/WhatsApp-Image-2026-03-16-11.47.19.jpeg\" data-id=\"50912\" src=\"https:\/\/www.diariodeouropreto.com.br\/wp-content\/uploads\/2026\/03\/WhatsApp-Image-2026-03-16-11.47.19.jpeg\" alt=\"\" class=\"wp-image-50912\" srcset=\"https:\/\/www.diariodeouropreto.com.br\/wp-content\/uploads\/2026\/03\/WhatsApp-Image-2026-03-16-11.47.19.jpeg 1280w, https:\/\/www.diariodeouropreto.com.br\/wp-content\/uploads\/2026\/03\/WhatsApp-Image-2026-03-16-11.47.19-660x371.jpeg 660w, https:\/\/www.diariodeouropreto.com.br\/wp-content\/uploads\/2026\/03\/WhatsApp-Image-2026-03-16-11.47.19-200x113.jpeg 200w, https:\/\/www.diariodeouropreto.com.br\/wp-content\/uploads\/2026\/03\/WhatsApp-Image-2026-03-16-11.47.19-768x432.jpeg 768w, https:\/\/www.diariodeouropreto.com.br\/wp-content\/uploads\/2026\/03\/WhatsApp-Image-2026-03-16-11.47.19-18x10.jpeg 18w, https:\/\/www.diariodeouropreto.com.br\/wp-content\/uploads\/2026\/03\/WhatsApp-Image-2026-03-16-11.47.19-465x262.jpeg 465w, https:\/\/www.diariodeouropreto.com.br\/wp-content\/uploads\/2026\/03\/WhatsApp-Image-2026-03-16-11.47.19-695x391.jpeg 695w\" sizes=\"(max-width: 1280px) 100vw, 1280px\" \/><\/figure>\n\n\n\n<figure class=\"wp-block-image size-large\"><img decoding=\"async\" width=\"1280\" height=\"720\" data-attachment-id=\"50911\" data-permalink=\"https:\/\/www.diariodeouropreto.com.br\/pt\/protesto-pelo-asfalto-entre-mg-129-e-o-distrito-de-fonseca\/whatsapp-image-2026-03-16-at-11-47-19\/\" data-orig-file=\"https:\/\/www.diariodeouropreto.com.br\/wp-content\/uploads\/2026\/03\/WhatsApp-Image-2026-03-16-at-11.47.19.jpeg\" data-orig-size=\"1280,720\" data-comments-opened=\"0\" data-image-meta=\"{&quot;aperture&quot;:&quot;0&quot;,&quot;credit&quot;:&quot;&quot;,&quot;camera&quot;:&quot;&quot;,&quot;caption&quot;:&quot;&quot;,&quot;created_timestamp&quot;:&quot;0&quot;,&quot;copyright&quot;:&quot;&quot;,&quot;focal_length&quot;:&quot;0&quot;,&quot;iso&quot;:&quot;0&quot;,&quot;shutter_speed&quot;:&quot;0&quot;,&quot;title&quot;:&quot;&quot;,&quot;orientation&quot;:&quot;0&quot;}\" data-image-title=\"WhatsApp Image 2026-03-16 at 11.47.19\" data-image-description=\"\" data-image-caption=\"\" data-large-file=\"https:\/\/www.diariodeouropreto.com.br\/wp-content\/uploads\/2026\/03\/WhatsApp-Image-2026-03-16-at-11.47.19.jpeg\" data-id=\"50911\" src=\"https:\/\/www.diariodeouropreto.com.br\/wp-content\/uploads\/2026\/03\/WhatsApp-Image-2026-03-16-at-11.47.19.jpeg\" alt=\"\" class=\"wp-image-50911\" srcset=\"https:\/\/www.diariodeouropreto.com.br\/wp-content\/uploads\/2026\/03\/WhatsApp-Image-2026-03-16-at-11.47.19.jpeg 1280w, https:\/\/www.diariodeouropreto.com.br\/wp-content\/uploads\/2026\/03\/WhatsApp-Image-2026-03-16-at-11.47.19-660x371.jpeg 660w, https:\/\/www.diariodeouropreto.com.br\/wp-content\/uploads\/2026\/03\/WhatsApp-Image-2026-03-16-at-11.47.19-200x113.jpeg 200w, https:\/\/www.diariodeouropreto.com.br\/wp-content\/uploads\/2026\/03\/WhatsApp-Image-2026-03-16-at-11.47.19-768x432.jpeg 768w, https:\/\/www.diariodeouropreto.com.br\/wp-content\/uploads\/2026\/03\/WhatsApp-Image-2026-03-16-at-11.47.19-18x10.jpeg 18w, https:\/\/www.diariodeouropreto.com.br\/wp-content\/uploads\/2026\/03\/WhatsApp-Image-2026-03-16-at-11.47.19-465x262.jpeg 465w, https:\/\/www.diariodeouropreto.com.br\/wp-content\/uploads\/2026\/03\/WhatsApp-Image-2026-03-16-at-11.47.19-695x391.jpeg 695w\" sizes=\"(max-width: 1280px) 100vw, 1280px\" \/><\/figure>\n\n\n\n<figure class=\"wp-block-image size-large\"><img decoding=\"async\" width=\"1067\" height=\"800\" data-attachment-id=\"50915\" data-permalink=\"https:\/\/www.diariodeouropreto.com.br\/pt\/protesto-pelo-asfalto-entre-mg-129-e-o-distrito-de-fonseca\/whatsapp-image-2026-03-16-at-11-46-46\/\" data-orig-file=\"https:\/\/www.diariodeouropreto.com.br\/wp-content\/uploads\/2026\/03\/WhatsApp-Image-2026-03-16-at-11.46.46.jpeg\" data-orig-size=\"1067,800\" data-comments-opened=\"0\" data-image-meta=\"{&quot;aperture&quot;:&quot;0&quot;,&quot;credit&quot;:&quot;&quot;,&quot;camera&quot;:&quot;&quot;,&quot;caption&quot;:&quot;&quot;,&quot;created_timestamp&quot;:&quot;0&quot;,&quot;copyright&quot;:&quot;&quot;,&quot;focal_length&quot;:&quot;0&quot;,&quot;iso&quot;:&quot;0&quot;,&quot;shutter_speed&quot;:&quot;0&quot;,&quot;title&quot;:&quot;&quot;,&quot;orientation&quot;:&quot;0&quot;}\" data-image-title=\"WhatsApp Image 2026-03-16 at 11.46.46\" data-image-description=\"\" data-image-caption=\"\" data-large-file=\"https:\/\/www.diariodeouropreto.com.br\/wp-content\/uploads\/2026\/03\/WhatsApp-Image-2026-03-16-at-11.46.46.jpeg\" data-id=\"50915\" src=\"https:\/\/www.diariodeouropreto.com.br\/wp-content\/uploads\/2026\/03\/WhatsApp-Image-2026-03-16-at-11.46.46.jpeg\" alt=\"\" class=\"wp-image-50915\" srcset=\"https:\/\/www.diariodeouropreto.com.br\/wp-content\/uploads\/2026\/03\/WhatsApp-Image-2026-03-16-at-11.46.46.jpeg 1067w, https:\/\/www.diariodeouropreto.com.br\/wp-content\/uploads\/2026\/03\/WhatsApp-Image-2026-03-16-at-11.46.46-528x396.jpeg 528w, https:\/\/www.diariodeouropreto.com.br\/wp-content\/uploads\/2026\/03\/WhatsApp-Image-2026-03-16-at-11.46.46-200x150.jpeg 200w, https:\/\/www.diariodeouropreto.com.br\/wp-content\/uploads\/2026\/03\/WhatsApp-Image-2026-03-16-at-11.46.46-768x576.jpeg 768w, https:\/\/www.diariodeouropreto.com.br\/wp-content\/uploads\/2026\/03\/WhatsApp-Image-2026-03-16-at-11.46.46-16x12.jpeg 16w, https:\/\/www.diariodeouropreto.com.br\/wp-content\/uploads\/2026\/03\/WhatsApp-Image-2026-03-16-at-11.46.46-465x349.jpeg 465w, https:\/\/www.diariodeouropreto.com.br\/wp-content\/uploads\/2026\/03\/WhatsApp-Image-2026-03-16-at-11.46.46-667x500.jpeg 667w\" sizes=\"(max-width: 1067px) 100vw, 1067px\" \/><\/figure>\n\n\n\n<figure class=\"wp-block-image size-large\"><img decoding=\"async\" width=\"1067\" height=\"800\" data-attachment-id=\"50916\" data-permalink=\"https:\/\/www.diariodeouropreto.com.br\/pt\/protesto-pelo-asfalto-entre-mg-129-e-o-distrito-de-fonseca\/whatsapp-image-2026-03-16-at-11-45-41\/\" data-orig-file=\"https:\/\/www.diariodeouropreto.com.br\/wp-content\/uploads\/2026\/03\/WhatsApp-Image-2026-03-16-at-11.45.41.jpeg\" data-orig-size=\"1067,800\" data-comments-opened=\"0\" data-image-meta=\"{&quot;aperture&quot;:&quot;0&quot;,&quot;credit&quot;:&quot;&quot;,&quot;camera&quot;:&quot;&quot;,&quot;caption&quot;:&quot;&quot;,&quot;created_timestamp&quot;:&quot;0&quot;,&quot;copyright&quot;:&quot;&quot;,&quot;focal_length&quot;:&quot;0&quot;,&quot;iso&quot;:&quot;0&quot;,&quot;shutter_speed&quot;:&quot;0&quot;,&quot;title&quot;:&quot;&quot;,&quot;orientation&quot;:&quot;0&quot;}\" data-image-title=\"WhatsApp Image 2026-03-16 at 11.45.41\" data-image-description=\"\" data-image-caption=\"\" data-large-file=\"https:\/\/www.diariodeouropreto.com.br\/wp-content\/uploads\/2026\/03\/WhatsApp-Image-2026-03-16-at-11.45.41.jpeg\" data-id=\"50916\" src=\"https:\/\/www.diariodeouropreto.com.br\/wp-content\/uploads\/2026\/03\/WhatsApp-Image-2026-03-16-at-11.45.41.jpeg\" alt=\"\" class=\"wp-image-50916\" srcset=\"https:\/\/www.diariodeouropreto.com.br\/wp-content\/uploads\/2026\/03\/WhatsApp-Image-2026-03-16-at-11.45.41.jpeg 1067w, https:\/\/www.diariodeouropreto.com.br\/wp-content\/uploads\/2026\/03\/WhatsApp-Image-2026-03-16-at-11.45.41-528x396.jpeg 528w, https:\/\/www.diariodeouropreto.com.br\/wp-content\/uploads\/2026\/03\/WhatsApp-Image-2026-03-16-at-11.45.41-200x150.jpeg 200w, https:\/\/www.diariodeouropreto.com.br\/wp-content\/uploads\/2026\/03\/WhatsApp-Image-2026-03-16-at-11.45.41-768x576.jpeg 768w, https:\/\/www.diariodeouropreto.com.br\/wp-content\/uploads\/2026\/03\/WhatsApp-Image-2026-03-16-at-11.45.41-16x12.jpeg 16w, https:\/\/www.diariodeouropreto.com.br\/wp-content\/uploads\/2026\/03\/WhatsApp-Image-2026-03-16-at-11.45.41-465x349.jpeg 465w, https:\/\/www.diariodeouropreto.com.br\/wp-content\/uploads\/2026\/03\/WhatsApp-Image-2026-03-16-at-11.45.41-667x500.jpeg 667w\" sizes=\"(max-width: 1067px) 100vw, 1067px\" \/><\/figure>\n\n\n\n<figure class=\"wp-block-image size-large\"><img decoding=\"async\" width=\"1067\" height=\"800\" data-attachment-id=\"50914\" data-permalink=\"https:\/\/www.diariodeouropreto.com.br\/pt\/protesto-pelo-asfalto-entre-mg-129-e-o-distrito-de-fonseca\/whatsapp-image-2026-03-16-at-11-41-30\/\" data-orig-file=\"https:\/\/www.diariodeouropreto.com.br\/wp-content\/uploads\/2026\/03\/WhatsApp-Image-2026-03-16-at-11.41.30.jpeg\" data-orig-size=\"1067,800\" data-comments-opened=\"0\" data-image-meta=\"{&quot;aperture&quot;:&quot;0&quot;,&quot;credit&quot;:&quot;&quot;,&quot;camera&quot;:&quot;&quot;,&quot;caption&quot;:&quot;&quot;,&quot;created_timestamp&quot;:&quot;0&quot;,&quot;copyright&quot;:&quot;&quot;,&quot;focal_length&quot;:&quot;0&quot;,&quot;iso&quot;:&quot;0&quot;,&quot;shutter_speed&quot;:&quot;0&quot;,&quot;title&quot;:&quot;&quot;,&quot;orientation&quot;:&quot;0&quot;}\" data-image-title=\"WhatsApp Image 2026-03-16 at 11.41.30\" data-image-description=\"\" data-image-caption=\"\" data-large-file=\"https:\/\/www.diariodeouropreto.com.br\/wp-content\/uploads\/2026\/03\/WhatsApp-Image-2026-03-16-at-11.41.30.jpeg\" data-id=\"50914\" src=\"https:\/\/www.diariodeouropreto.com.br\/wp-content\/uploads\/2026\/03\/WhatsApp-Image-2026-03-16-at-11.41.30.jpeg\" alt=\"\" class=\"wp-image-50914\" srcset=\"https:\/\/www.diariodeouropreto.com.br\/wp-content\/uploads\/2026\/03\/WhatsApp-Image-2026-03-16-at-11.41.30.jpeg 1067w, https:\/\/www.diariodeouropreto.com.br\/wp-content\/uploads\/2026\/03\/WhatsApp-Image-2026-03-16-at-11.41.30-528x396.jpeg 528w, https:\/\/www.diariodeouropreto.com.br\/wp-content\/uploads\/2026\/03\/WhatsApp-Image-2026-03-16-at-11.41.30-200x150.jpeg 200w, https:\/\/www.diariodeouropreto.com.br\/wp-content\/uploads\/2026\/03\/WhatsApp-Image-2026-03-16-at-11.41.30-768x576.jpeg 768w, https:\/\/www.diariodeouropreto.com.br\/wp-content\/uploads\/2026\/03\/WhatsApp-Image-2026-03-16-at-11.41.30-16x12.jpeg 16w, https:\/\/www.diariodeouropreto.com.br\/wp-content\/uploads\/2026\/03\/WhatsApp-Image-2026-03-16-at-11.41.30-465x349.jpeg 465w, https:\/\/www.diariodeouropreto.com.br\/wp-content\/uploads\/2026\/03\/WhatsApp-Image-2026-03-16-at-11.41.30-667x500.jpeg 667w\" sizes=\"(max-width: 1067px) 100vw, 1067px\" \/><\/figure>\n<\/figure>\n\n\n\n<p>O deputado estadual Leleco Pimentel apoiou a manifesta\u00e7\u00e3o, disse que foi representando a Assembleia Legislativa, que n\u00e3o estava em campanha, que assim como os moradores da regi\u00e3o tem a sua pauta e est\u00e3o revinvidando, a Pol\u00edcia tamb\u00e9m tem as pautas da corpora\u00e7\u00e3o, e citou o atendimento m\u00e9dico para os filhos dos policiais. \u201c Ent\u00e3o n\u00f3s n\u00e3o estamos aqui contra ningu\u00e9m, muito menos contra a pol\u00edcia\u201d,&nbsp; Leleco Pimentel disse que tamb\u00e9m registraria um Boletim de Ocorr\u00eancia, pois a PM feria um para \u201cjustificar\u201d o uso do spray de pimenta.&nbsp;<\/p>\n\n\n\n<figure class=\"wp-block-video\"><video height=\"480\" style=\"aspect-ratio: 848 \/ 480;\" width=\"848\" controls src=\"https:\/\/www.diariodeouropreto.com.br\/wp-content\/uploads\/2026\/03\/WhatsApp-Video-2026-03-16-at-11.42.08.mp4\"><\/video><\/figure>\n\n\n\n<div id=\"110712\" class=\"advads-saneouro advads-entity-placement\" style=\"margin-left: auto;margin-right: auto;text-align: center;\"><a href=\"https:\/\/www.saneouro.com.br\/\" target=\"_blank\" aria-label=\"DOP_Site\" data-wpel-link=\"external\" rel=\"follow external noopener noreferrer sponsored ugc\"><img src=\"https:\/\/www.diariodeouropreto.com.br\/wp-content\/uploads\/2026\/04\/DOP_Site.jpg\" alt=\"\"  srcset=\"https:\/\/www.diariodeouropreto.com.br\/wp-content\/uploads\/2026\/04\/DOP_Site.jpg 301w, https:\/\/www.diariodeouropreto.com.br\/wp-content\/uploads\/2026\/04\/DOP_Site-180x150.jpg 180w, https:\/\/www.diariodeouropreto.com.br\/wp-content\/uploads\/2026\/04\/DOP_Site-14x12.jpg 14w\" sizes=\"(max-width: 301px) 100vw, 301px\" width=\"301\" height=\"251\"  style=\"display: inline-block;\" \/><\/a><\/div><p>Segundo Leleco, a orienta\u00e7\u00e3o do presidente da Assembleia, Tadeu Leite, solicitou a ele que dissese aos manifestantes que a Assembleia far\u00e1 uma visita&nbsp; t\u00e9cnica com a participa\u00e7\u00e3o do DER, e que iria ao Minist\u00e9rio P\u00fablico apresentar a situa\u00e7\u00e3o. Leleco informou durante a manifesta\u00e7\u00e3o que visitaria o prefeito de Catas Altas, Saulo Morais e o prefeito de Alvin\u00f3polis, Lindouro Gomes.<\/p>\n\n\n\n<div id=\"50321\" class=\"advads-plantao advads-entity-placement\"><a href=\"https:\/\/www.diariodeouropreto.com.br\/pt\/\" target=\"_blank\" aria-label=\"site &#8211; noticia\" data-wpel-link=\"external\" rel=\"follow external noopener noreferrer sponsored ugc\"><img src=\"https:\/\/www.diariodeouropreto.com.br\/wp-content\/uploads\/2019\/09\/titulosite2-e1616373489755.jpg\" alt=\"\"  srcset=\"https:\/\/www.diariodeouropreto.com.br\/wp-content\/uploads\/2019\/09\/titulosite2-e1616373489755.jpg 1200w, https:\/\/www.diariodeouropreto.com.br\/wp-content\/uploads\/2019\/09\/titulosite2-e1616373489755-150x38.jpg 150w, https:\/\/www.diariodeouropreto.com.br\/wp-content\/uploads\/2019\/09\/titulosite2-e1616373489755-660x167.jpg 660w, https:\/\/www.diariodeouropreto.com.br\/wp-content\/uploads\/2019\/09\/titulosite2-e1616373489755-768x194.jpg 768w, https:\/\/www.diariodeouropreto.com.br\/wp-content\/uploads\/2019\/09\/titulosite2-e1616373489755-1000x252.jpg 1000w, https:\/\/www.diariodeouropreto.com.br\/wp-content\/uploads\/2019\/09\/titulosite2-e1616373489755-1536x388.jpg 1536w, https:\/\/www.diariodeouropreto.com.br\/wp-content\/uploads\/2019\/09\/titulosite2-e1616373489755-2048x517.jpg 2048w\" sizes=\"(max-width: 1200px) 100vw, 1200px\" width=\"1200\" height=\"303\"  style=\"display: inline-block;\" \/><\/a><\/div><figure class=\"wp-block-image size-full\"><img decoding=\"async\" width=\"1067\" height=\"800\" data-attachment-id=\"50918\" data-permalink=\"https:\/\/www.diariodeouropreto.com.br\/pt\/protesto-pelo-asfalto-entre-mg-129-e-o-distrito-de-fonseca\/whatsapp-image-2026-03-16-at-11-40-41\/\" data-orig-file=\"https:\/\/www.diariodeouropreto.com.br\/wp-content\/uploads\/2026\/03\/WhatsApp-Image-2026-03-16-at-11.40.41.jpeg\" data-orig-size=\"1067,800\" data-comments-opened=\"0\" data-image-meta=\"{&quot;aperture&quot;:&quot;0&quot;,&quot;credit&quot;:&quot;&quot;,&quot;camera&quot;:&quot;&quot;,&quot;caption&quot;:&quot;&quot;,&quot;created_timestamp&quot;:&quot;0&quot;,&quot;copyright&quot;:&quot;&quot;,&quot;focal_length&quot;:&quot;0&quot;,&quot;iso&quot;:&quot;0&quot;,&quot;shutter_speed&quot;:&quot;0&quot;,&quot;title&quot;:&quot;&quot;,&quot;orientation&quot;:&quot;0&quot;}\" data-image-title=\"WhatsApp Image 2026-03-16 at 11.40.41\" data-image-description=\"\" data-image-caption=\"\" data-large-file=\"https:\/\/www.diariodeouropreto.com.br\/wp-content\/uploads\/2026\/03\/WhatsApp-Image-2026-03-16-at-11.40.41.jpeg\" src=\"https:\/\/www.diariodeouropreto.com.br\/wp-content\/uploads\/2026\/03\/WhatsApp-Image-2026-03-16-at-11.40.41.jpeg\" alt=\"\" class=\"wp-image-50918\" srcset=\"https:\/\/www.diariodeouropreto.com.br\/wp-content\/uploads\/2026\/03\/WhatsApp-Image-2026-03-16-at-11.40.41.jpeg 1067w, https:\/\/www.diariodeouropreto.com.br\/wp-content\/uploads\/2026\/03\/WhatsApp-Image-2026-03-16-at-11.40.41-528x396.jpeg 528w, https:\/\/www.diariodeouropreto.com.br\/wp-content\/uploads\/2026\/03\/WhatsApp-Image-2026-03-16-at-11.40.41-200x150.jpeg 200w, https:\/\/www.diariodeouropreto.com.br\/wp-content\/uploads\/2026\/03\/WhatsApp-Image-2026-03-16-at-11.40.41-768x576.jpeg 768w, https:\/\/www.diariodeouropreto.com.br\/wp-content\/uploads\/2026\/03\/WhatsApp-Image-2026-03-16-at-11.40.41-16x12.jpeg 16w, https:\/\/www.diariodeouropreto.com.br\/wp-content\/uploads\/2026\/03\/WhatsApp-Image-2026-03-16-at-11.40.41-465x349.jpeg 465w, https:\/\/www.diariodeouropreto.com.br\/wp-content\/uploads\/2026\/03\/WhatsApp-Image-2026-03-16-at-11.40.41-667x500.jpeg 667w\" sizes=\"(max-width: 1067px) 100vw, 1067px\" \/><figcaption class=\"wp-element-caption\">Prefeito de Catas Altas recebeu o deputado Leleco na manh\u00e3 desta segunda-feira 16\/03<br><\/figcaption><\/figure>","protected":false},"excerpt":{"rendered":"<p>A reivindica\u00e7\u00e3o pelo asfaltamento da MG 326 mobilizou na manh\u00e3 desta segunda feira, os moradores de Alvin\u00f3polis, Catas Altas e Santa B\u00e1rbara, eles fecharam a pista da MG 129, na altura do trevo de Fonseca, distrito de Alvin\u00f3polis. O trecho \u00e9 de 13 KM. O ato contou com um minuto<span class=\"more-link\"><a href=\"https:\/\/www.diariodeouropreto.com.br\/pt\/protesto-pelo-asfalto-entre-mg-129-e-o-distrito-de-fonseca\/\" data-wpel-link=\"internal\">Continue Lendo<\/a><\/span><\/p>","protected":false},"author":7,"featured_media":50917,"comment_status":"closed","ping_status":"closed","sticky":false,"template":"","format":"standard","meta":{"_jetpack_memberships_contains_paid_content":false,"footnotes":"","jetpack_publicize_message":"Os moradores do distrito de Fonseca do munic\u00edpio de Alvin\u00f3polis, reclamam da dificuldade de trafegar no trecho que \u00e9 de terra, e por onde passam muitos caminh\u00f5es pesados","jetpack_publicize_feature_enabled":true,"jetpack_social_post_already_shared":false,"jetpack_social_options":{"image_generator_settings":{"template":"highway","default_image_id":0,"font":"","enabled":false},"version":2}},"categories":[5],"tags":[],"class_list":["entry","author-marcelino-castro","post-50908","post","type-post","status-publish","format-standard","has-post-thumbnail","category-cidades"],"yoast_head":"<!-- This site is optimized with the Yoast SEO plugin v27.5 - https:\/\/yoast.com\/product\/yoast-seo-wordpress\/ -->\n<title>Protesto pelo Asfalto entre MG 129 e o distrito de Fonseca - Di\u00e1rio de Ouro Preto<\/title>\n<meta name=\"description\" content=\"Os moradores do distrito de Fonseca do munic\u00edpio de Alvin\u00f3polis, reclamam da dificuldade de trafegar no trecho que \u00e9 de terra, e por onde passam muitos caminh\u00f5es pesados- Protesto pelo Asfalto entre MG 129 e o distrito de Fonseca - Cidades\" \/>\n<meta name=\"robots\" content=\"index, follow, max-snippet:-1, max-image-preview:large, max-video-preview:-1\" \/>\n<link rel=\"canonical\" href=\"https:\/\/www.diariodeouropreto.com.br\/pt\/protesto-pelo-asfalto-entre-mg-129-e-o-distrito-de-fonseca\/\" \/>\n<meta property=\"og:locale\" content=\"pt_PT\" \/>\n<meta property=\"og:type\" content=\"article\" \/>\n<meta property=\"og:title\" content=\"Protesto pelo Asfalto entre MG 129 e o distrito de Fonseca - Di\u00e1rio de Ouro Preto\" \/>\n<meta property=\"og:description\" content=\"Os moradores do distrito de Fonseca do munic\u00edpio de Alvin\u00f3polis, reclamam da dificuldade de trafegar no trecho que \u00e9 de terra, e por onde passam muitos caminh\u00f5es pesados- Protesto pelo Asfalto entre MG 129 e o distrito de Fonseca - Cidades\" \/>\n<meta property=\"og:url\" content=\"https:\/\/www.diariodeouropreto.com.br\/pt\/protesto-pelo-asfalto-entre-mg-129-e-o-distrito-de-fonseca\/\" \/>\n<meta property=\"og:site_name\" content=\"Di\u00e1rio de Ouro Preto\" \/>\n<meta property=\"article:publisher\" content=\"https:\/\/www.facebook.com\/diariodeouropreto\/\" \/>\n<meta property=\"article:published_time\" content=\"2026-03-16T15:01:49+00:00\" \/>\n<meta property=\"article:modified_time\" content=\"2026-03-16T15:01:54+00:00\" \/>\n<meta property=\"og:image\" content=\"https:\/\/www.diariodeouropreto.com.br\/wp-content\/uploads\/2026\/03\/WhatsApp-Image-2026-03-16-at-11.48.23.jpeg\" \/>\n\t<meta property=\"og:image:width\" content=\"1067\" \/>\n\t<meta property=\"og:image:height\" content=\"800\" \/>\n\t<meta property=\"og:image:type\" content=\"image\/jpeg\" \/>\n<meta name=\"author\" content=\"Marcelino Castro\" \/>\n<meta name=\"twitter:card\" content=\"summary_large_image\" \/>\n<meta name=\"twitter:label1\" content=\"Escrito por\" \/>\n\t<meta name=\"twitter:data1\" content=\"Marcelino Castro\" \/>\n\t<meta name=\"twitter:label2\" content=\"Tempo estimado de leitura\" \/>\n\t<meta name=\"twitter:data2\" content=\"4 minutos\" \/>\n<script type=\"application\/ld+json\" class=\"yoast-schema-graph\">{\"@context\":\"https:\\\/\\\/schema.org\",\"@graph\":[{\"@type\":\"Article\",\"@id\":\"https:\\\/\\\/www.diariodeouropreto.com.br\\\/protesto-pelo-asfalto-entre-mg-129-e-o-distrito-de-fonseca\\\/#article\",\"isPartOf\":{\"@id\":\"https:\\\/\\\/www.diariodeouropreto.com.br\\\/protesto-pelo-asfalto-entre-mg-129-e-o-distrito-de-fonseca\\\/\"},\"author\":{\"name\":\"Marcelino Castro\",\"@id\":\"https:\\\/\\\/www.diariodeouropreto.com.br\\\/pt\\\/#\\\/schema\\\/person\\\/beeebc69f297a82698bba8acf70e5bb6\"},\"headline\":\"Protesto pelo Asfalto entre MG 129 e o distrito de Fonseca\",\"datePublished\":\"2026-03-16T15:01:49+00:00\",\"dateModified\":\"2026-03-16T15:01:54+00:00\",\"mainEntityOfPage\":{\"@id\":\"https:\\\/\\\/www.diariodeouropreto.com.br\\\/protesto-pelo-asfalto-entre-mg-129-e-o-distrito-de-fonseca\\\/\"},\"wordCount\":312,\"publisher\":{\"@id\":\"https:\\\/\\\/www.diariodeouropreto.com.br\\\/pt\\\/#organization\"},\"image\":{\"@id\":\"https:\\\/\\\/www.diariodeouropreto.com.br\\\/protesto-pelo-asfalto-entre-mg-129-e-o-distrito-de-fonseca\\\/#primaryimage\"},\"thumbnailUrl\":\"https:\\\/\\\/www.diariodeouropreto.com.br\\\/wp-content\\\/uploads\\\/2026\\\/03\\\/WhatsApp-Image-2026-03-16-at-11.48.23.jpeg\",\"articleSection\":[\"Cidades\"],\"inLanguage\":\"pt-PT\"},{\"@type\":\"WebPage\",\"@id\":\"https:\\\/\\\/www.diariodeouropreto.com.br\\\/protesto-pelo-asfalto-entre-mg-129-e-o-distrito-de-fonseca\\\/\",\"url\":\"https:\\\/\\\/www.diariodeouropreto.com.br\\\/protesto-pelo-asfalto-entre-mg-129-e-o-distrito-de-fonseca\\\/\",\"name\":\"Protesto pelo Asfalto entre MG 129 e o distrito de Fonseca - Di\u00e1rio de Ouro Preto\",\"isPartOf\":{\"@id\":\"https:\\\/\\\/www.diariodeouropreto.com.br\\\/pt\\\/#website\"},\"primaryImageOfPage\":{\"@id\":\"https:\\\/\\\/www.diariodeouropreto.com.br\\\/protesto-pelo-asfalto-entre-mg-129-e-o-distrito-de-fonseca\\\/#primaryimage\"},\"image\":{\"@id\":\"https:\\\/\\\/www.diariodeouropreto.com.br\\\/protesto-pelo-asfalto-entre-mg-129-e-o-distrito-de-fonseca\\\/#primaryimage\"},\"thumbnailUrl\":\"https:\\\/\\\/www.diariodeouropreto.com.br\\\/wp-content\\\/uploads\\\/2026\\\/03\\\/WhatsApp-Image-2026-03-16-at-11.48.23.jpeg\",\"datePublished\":\"2026-03-16T15:01:49+00:00\",\"dateModified\":\"2026-03-16T15:01:54+00:00\",\"description\":\"Os moradores do distrito de Fonseca do munic\u00edpio de Alvin\u00f3polis, reclamam da dificuldade de trafegar no trecho que \u00e9 de terra, e por onde passam muitos caminh\u00f5es pesados- Protesto pelo Asfalto entre MG 129 e o distrito de Fonseca - Cidades\",\"breadcrumb\":{\"@id\":\"https:\\\/\\\/www.diariodeouropreto.com.br\\\/protesto-pelo-asfalto-entre-mg-129-e-o-distrito-de-fonseca\\\/#breadcrumb\"},\"inLanguage\":\"pt-PT\",\"potentialAction\":[{\"@type\":\"ReadAction\",\"target\":[\"https:\\\/\\\/www.diariodeouropreto.com.br\\\/protesto-pelo-asfalto-entre-mg-129-e-o-distrito-de-fonseca\\\/\"]}]},{\"@type\":\"ImageObject\",\"inLanguage\":\"pt-PT\",\"@id\":\"https:\\\/\\\/www.diariodeouropreto.com.br\\\/protesto-pelo-asfalto-entre-mg-129-e-o-distrito-de-fonseca\\\/#primaryimage\",\"url\":\"https:\\\/\\\/www.diariodeouropreto.com.br\\\/wp-content\\\/uploads\\\/2026\\\/03\\\/WhatsApp-Image-2026-03-16-at-11.48.23.jpeg\",\"contentUrl\":\"https:\\\/\\\/www.diariodeouropreto.com.br\\\/wp-content\\\/uploads\\\/2026\\\/03\\\/WhatsApp-Image-2026-03-16-at-11.48.23.jpeg\",\"width\":1067,\"height\":800},{\"@type\":\"BreadcrumbList\",\"@id\":\"https:\\\/\\\/www.diariodeouropreto.com.br\\\/protesto-pelo-asfalto-entre-mg-129-e-o-distrito-de-fonseca\\\/#breadcrumb\",\"itemListElement\":[{\"@type\":\"ListItem\",\"position\":1,\"name\":\"In\u00edcio\",\"item\":\"https:\\\/\\\/www.diariodeouropreto.com.br\\\/pt\\\/\"},{\"@type\":\"ListItem\",\"position\":2,\"name\":\"Protesto pelo Asfalto entre MG 129 e o distrito de Fonseca\"}]},{\"@type\":\"WebSite\",\"@id\":\"https:\\\/\\\/www.diariodeouropreto.com.br\\\/pt\\\/#website\",\"url\":\"https:\\\/\\\/www.diariodeouropreto.com.br\\\/pt\\\/\",\"name\":\"Di\u00e1rio de Ouro Preto\",\"description\":\"Not\u00edcias Ouro Preto; Mariana;Minas Gerais;Jornal;Jornalismo;Not\u00edcias;\",\"publisher\":{\"@id\":\"https:\\\/\\\/www.diariodeouropreto.com.br\\\/pt\\\/#organization\"},\"alternateName\":\"Jornal di\u00e1rio de Ouro Preto\",\"potentialAction\":[{\"@type\":\"SearchAction\",\"target\":{\"@type\":\"EntryPoint\",\"urlTemplate\":\"https:\\\/\\\/www.diariodeouropreto.com.br\\\/pt\\\/?s={search_term_string}\"},\"query-input\":{\"@type\":\"PropertyValueSpecification\",\"valueRequired\":true,\"valueName\":\"search_term_string\"}}],\"inLanguage\":\"pt-PT\"},{\"@type\":\"Organization\",\"@id\":\"https:\\\/\\\/www.diariodeouropreto.com.br\\\/pt\\\/#organization\",\"name\":\"Di\u00e1rio de Ouro Preto\",\"alternateName\":\"Jornal di\u00e1rio Ouro Preto\",\"url\":\"https:\\\/\\\/www.diariodeouropreto.com.br\\\/pt\\\/\",\"logo\":{\"@type\":\"ImageObject\",\"inLanguage\":\"pt-PT\",\"@id\":\"https:\\\/\\\/www.diariodeouropreto.com.br\\\/pt\\\/#\\\/schema\\\/logo\\\/image\\\/\",\"url\":\"https:\\\/\\\/www.diariodeouropreto.com.br\\\/wp-content\\\/uploads\\\/2019\\\/06\\\/cropped-logotransp-2.png\",\"contentUrl\":\"https:\\\/\\\/www.diariodeouropreto.com.br\\\/wp-content\\\/uploads\\\/2019\\\/06\\\/cropped-logotransp-2.png\",\"width\":1323,\"height\":251,\"caption\":\"Di\u00e1rio de Ouro Preto\"},\"image\":{\"@id\":\"https:\\\/\\\/www.diariodeouropreto.com.br\\\/pt\\\/#\\\/schema\\\/logo\\\/image\\\/\"},\"sameAs\":[\"https:\\\/\\\/www.facebook.com\\\/diariodeouropreto\\\/\"]},{\"@type\":\"Person\",\"@id\":\"https:\\\/\\\/www.diariodeouropreto.com.br\\\/pt\\\/#\\\/schema\\\/person\\\/beeebc69f297a82698bba8acf70e5bb6\",\"name\":\"Marcelino Castro\",\"sameAs\":[\"https:\\\/\\\/www.diariodeouropreto.com.br\\\/\"],\"url\":\"https:\\\/\\\/www.diariodeouropreto.com.br\\\/pt\\\/author\\\/marcelino-castro\\\/\"}]}<\/script>\n<!-- \/ Yoast SEO plugin. -->","yoast_head_json":{"title":"Protesto pelo Asfalto entre MG 129 e o distrito de Fonseca - Di\u00e1rio de Ouro Preto","description":"Os moradores do distrito de Fonseca do munic\u00edpio de Alvin\u00f3polis, reclamam da dificuldade de trafegar no trecho que \u00e9 de terra, e por onde passam muitos caminh\u00f5es pesados- Protesto pelo Asfalto entre MG 129 e o distrito de Fonseca - Cidades","robots":{"index":"index","follow":"follow","max-snippet":"max-snippet:-1","max-image-preview":"max-image-preview:large","max-video-preview":"max-video-preview:-1"},"canonical":"https:\/\/www.diariodeouropreto.com.br\/pt\/protesto-pelo-asfalto-entre-mg-129-e-o-distrito-de-fonseca\/","og_locale":"pt_PT","og_type":"article","og_title":"Protesto pelo Asfalto entre MG 129 e o distrito de Fonseca - Di\u00e1rio de Ouro Preto","og_description":"Os moradores do distrito de Fonseca do munic\u00edpio de Alvin\u00f3polis, reclamam da dificuldade de trafegar no trecho que \u00e9 de terra, e por onde passam muitos caminh\u00f5es pesados- Protesto pelo Asfalto entre MG 129 e o distrito de Fonseca - Cidades","og_url":"https:\/\/www.diariodeouropreto.com.br\/pt\/protesto-pelo-asfalto-entre-mg-129-e-o-distrito-de-fonseca\/","og_site_name":"Di\u00e1rio de Ouro Preto","article_publisher":"https:\/\/www.facebook.com\/diariodeouropreto\/","article_published_time":"2026-03-16T15:01:49+00:00","article_modified_time":"2026-03-16T15:01:54+00:00","og_image":[{"width":1067,"height":800,"url":"https:\/\/www.diariodeouropreto.com.br\/wp-content\/uploads\/2026\/03\/WhatsApp-Image-2026-03-16-at-11.48.23.jpeg","type":"image\/jpeg"}],"author":"Marcelino Castro","twitter_card":"summary_large_image","twitter_misc":{"Escrito por":"Marcelino Castro","Tempo estimado de leitura":"4 minutos"},"schema":{"@context":"https:\/\/schema.org","@graph":[{"@type":"Article","@id":"https:\/\/www.diariodeouropreto.com.br\/protesto-pelo-asfalto-entre-mg-129-e-o-distrito-de-fonseca\/#article","isPartOf":{"@id":"https:\/\/www.diariodeouropreto.com.br\/protesto-pelo-asfalto-entre-mg-129-e-o-distrito-de-fonseca\/"},"author":{"name":"Marcelino Castro","@id":"https:\/\/www.diariodeouropreto.com.br\/pt\/#\/schema\/person\/beeebc69f297a82698bba8acf70e5bb6"},"headline":"Protesto pelo Asfalto entre MG 129 e o distrito de Fonseca","datePublished":"2026-03-16T15:01:49+00:00","dateModified":"2026-03-16T15:01:54+00:00","mainEntityOfPage":{"@id":"https:\/\/www.diariodeouropreto.com.br\/protesto-pelo-asfalto-entre-mg-129-e-o-distrito-de-fonseca\/"},"wordCount":312,"publisher":{"@id":"https:\/\/www.diariodeouropreto.com.br\/pt\/#organization"},"image":{"@id":"https:\/\/www.diariodeouropreto.com.br\/protesto-pelo-asfalto-entre-mg-129-e-o-distrito-de-fonseca\/#primaryimage"},"thumbnailUrl":"https:\/\/www.diariodeouropreto.com.br\/wp-content\/uploads\/2026\/03\/WhatsApp-Image-2026-03-16-at-11.48.23.jpeg","articleSection":["Cidades"],"inLanguage":"pt-PT"},{"@type":"WebPage","@id":"https:\/\/www.diariodeouropreto.com.br\/protesto-pelo-asfalto-entre-mg-129-e-o-distrito-de-fonseca\/","url":"https:\/\/www.diariodeouropreto.com.br\/protesto-pelo-asfalto-entre-mg-129-e-o-distrito-de-fonseca\/","name":"Protesto pelo Asfalto entre MG 129 e o distrito de Fonseca - Di\u00e1rio de Ouro Preto","isPartOf":{"@id":"https:\/\/www.diariodeouropreto.com.br\/pt\/#website"},"primaryImageOfPage":{"@id":"https:\/\/www.diariodeouropreto.com.br\/protesto-pelo-asfalto-entre-mg-129-e-o-distrito-de-fonseca\/#primaryimage"},"image":{"@id":"https:\/\/www.diariodeouropreto.com.br\/protesto-pelo-asfalto-entre-mg-129-e-o-distrito-de-fonseca\/#primaryimage"},"thumbnailUrl":"https:\/\/www.diariodeouropreto.com.br\/wp-content\/uploads\/2026\/03\/WhatsApp-Image-2026-03-16-at-11.48.23.jpeg","datePublished":"2026-03-16T15:01:49+00:00","dateModified":"2026-03-16T15:01:54+00:00","description":"Os moradores do distrito de Fonseca do munic\u00edpio de Alvin\u00f3polis, reclamam da dificuldade de trafegar no trecho que \u00e9 de terra, e por onde passam muitos caminh\u00f5es pesados- Protesto pelo Asfalto entre MG 129 e o distrito de Fonseca - Cidades","breadcrumb":{"@id":"https:\/\/www.diariodeouropreto.com.br\/protesto-pelo-asfalto-entre-mg-129-e-o-distrito-de-fonseca\/#breadcrumb"},"inLanguage":"pt-PT","potentialAction":[{"@type":"ReadAction","target":["https:\/\/www.diariodeouropreto.com.br\/protesto-pelo-asfalto-entre-mg-129-e-o-distrito-de-fonseca\/"]}]},{"@type":"ImageObject","inLanguage":"pt-PT","@id":"https:\/\/www.diariodeouropreto.com.br\/protesto-pelo-asfalto-entre-mg-129-e-o-distrito-de-fonseca\/#primaryimage","url":"https:\/\/www.diariodeouropreto.com.br\/wp-content\/uploads\/2026\/03\/WhatsApp-Image-2026-03-16-at-11.48.23.jpeg","contentUrl":"https:\/\/www.diariodeouropreto.com.br\/wp-content\/uploads\/2026\/03\/WhatsApp-Image-2026-03-16-at-11.48.23.jpeg","width":1067,"height":800},{"@type":"BreadcrumbList","@id":"https:\/\/www.diariodeouropreto.com.br\/protesto-pelo-asfalto-entre-mg-129-e-o-distrito-de-fonseca\/#breadcrumb","itemListElement":[{"@type":"ListItem","position":1,"name":"In\u00edcio","item":"https:\/\/www.diariodeouropreto.com.br\/pt\/"},{"@type":"ListItem","position":2,"name":"Protesto pelo Asfalto entre MG 129 e o distrito de Fonseca"}]},{"@type":"WebSite","@id":"https:\/\/www.diariodeouropreto.com.br\/pt\/#website","url":"https:\/\/www.diariodeouropreto.com.br\/pt\/","name":"Di\u00e1rio de Ouro Preto","description":"Not\u00edcias Ouro Preto; Mariana;Minas Gerais;Jornal;Jornalismo;Not\u00edcias;","publisher":{"@id":"https:\/\/www.diariodeouropreto.com.br\/pt\/#organization"},"alternateName":"Jornal di\u00e1rio de Ouro Preto","potentialAction":[{"@type":"SearchAction","target":{"@type":"EntryPoint","urlTemplate":"https:\/\/www.diariodeouropreto.com.br\/pt\/?s={search_term_string}"},"query-input":{"@type":"PropertyValueSpecification","valueRequired":true,"valueName":"search_term_string"}}],"inLanguage":"pt-PT"},{"@type":"Organization","@id":"https:\/\/www.diariodeouropreto.com.br\/pt\/#organization","name":"Di\u00e1rio de Ouro Preto","alternateName":"Jornal di\u00e1rio Ouro Preto","url":"https:\/\/www.diariodeouropreto.com.br\/pt\/","logo":{"@type":"ImageObject","inLanguage":"pt-PT","@id":"https:\/\/www.diariodeouropreto.com.br\/pt\/#\/schema\/logo\/image\/","url":"https:\/\/www.diariodeouropreto.com.br\/wp-content\/uploads\/2019\/06\/cropped-logotransp-2.png","contentUrl":"https:\/\/www.diariodeouropreto.com.br\/wp-content\/uploads\/2019\/06\/cropped-logotransp-2.png","width":1323,"height":251,"caption":"Di\u00e1rio de Ouro Preto"},"image":{"@id":"https:\/\/www.diariodeouropreto.com.br\/pt\/#\/schema\/logo\/image\/"},"sameAs":["https:\/\/www.facebook.com\/diariodeouropreto\/"]},{"@type":"Person","@id":"https:\/\/www.diariodeouropreto.com.br\/pt\/#\/schema\/person\/beeebc69f297a82698bba8acf70e5bb6","name":"Marcelino Castro","sameAs":["https:\/\/www.diariodeouropreto.com.br\/"],"url":"https:\/\/www.diariodeouropreto.com.br\/pt\/author\/marcelino-castro\/"}]}},"jetpack_publicize_connections":[],"jetpack_featured_media_url":"https:\/\/www.diariodeouropreto.com.br\/wp-content\/uploads\/2026\/03\/WhatsApp-Image-2026-03-16-at-11.48.23.jpeg","jetpack-related-posts":[{"id":44514,"url":"https:\/\/www.diariodeouropreto.com.br\/pt\/mg-129-projeto-de-readequacao-da-pista-deve-ser-entregue-ao-der-ate-dezembro\/","url_meta":{"origin":50908,"position":0},"title":"MG 129: Projeto de readequa\u00e7\u00e3o da pista deve ser entregue ao DER at\u00e9 dezembro","author":"Di\u00e1rio de Ouro Preto","date":"16 de Maio de 2025","format":false,"excerpt":"Santa B\u00e1rbara - Um termo de coopera\u00e7\u00e3o t\u00e9cnica deve ser assinado entre o Departamento de Estradas e Rodagem de Minas Gerais, as prefeituras e empresas que formam do Grupo de Trabalho da MG 129. Ficou definido que o custeio do projeto da readequa\u00e7\u00e3o da pista de rolamento ser\u00e1 rateado tamb\u00e9m\u2026","rel":"","context":"In &quot;Manchete do dia&quot;","block_context":{"text":"Manchete do dia","link":"https:\/\/www.diariodeouropreto.com.br\/pt\/Editoria\/manchete-do-dia\/"},"img":{"alt_text":"","src":"https:\/\/i0.wp.com\/www.diariodeouropreto.com.br\/wp-content\/uploads\/2025\/05\/WhatsApp-Image-2025-05-16-at-21.12.16.jpeg?resize=350%2C200&ssl=1","width":350,"height":200,"srcset":"https:\/\/i0.wp.com\/www.diariodeouropreto.com.br\/wp-content\/uploads\/2025\/05\/WhatsApp-Image-2025-05-16-at-21.12.16.jpeg?resize=350%2C200&ssl=1 1x, https:\/\/i0.wp.com\/www.diariodeouropreto.com.br\/wp-content\/uploads\/2025\/05\/WhatsApp-Image-2025-05-16-at-21.12.16.jpeg?resize=525%2C300&ssl=1 1.5x, https:\/\/i0.wp.com\/www.diariodeouropreto.com.br\/wp-content\/uploads\/2025\/05\/WhatsApp-Image-2025-05-16-at-21.12.16.jpeg?resize=700%2C400&ssl=1 2x, https:\/\/i0.wp.com\/www.diariodeouropreto.com.br\/wp-content\/uploads\/2025\/05\/WhatsApp-Image-2025-05-16-at-21.12.16.jpeg?resize=1050%2C600&ssl=1 3x"},"classes":[]},{"id":27906,"url":"https:\/\/www.diariodeouropreto.com.br\/pt\/30a-corrida-de-sao-sebastiao-reune-mais-de-300-participantes-em-claudio-manoel\/","url_meta":{"origin":50908,"position":1},"title":"30\u00aa Corrida de S\u00e3o Sebasti\u00e3o re\u00fane mais de 300 participantes em Cl\u00e1udio Manoel","author":"Di\u00e1rio de Ouro Preto","date":"22 de Janeiro de 2024","format":false,"excerpt":"Com recorde de inscri\u00e7\u00f5es, a 30\u00aa Corrida de S\u00e3o Sebasti\u00e3o aconteceu neste domingo (21). As largadas das modalidades aconteceram em Mariana e no distrito de \u00c1guas Claras. Mais de 300 atletas compareceram no evento. Na sede, a Arena Mariana foi o cen\u00e1rio para a partida da categoria mountain bike que\u2026","rel":"","context":"In &quot;Esportes&quot;","block_context":{"text":"Esportes","link":"https:\/\/www.diariodeouropreto.com.br\/pt\/Editoria\/esportes\/"},"img":{"alt_text":"","src":"https:\/\/i0.wp.com\/www.diariodeouropreto.com.br\/wp-content\/uploads\/2024\/01\/Design-sem-nome-1.jpg?resize=350%2C200&ssl=1","width":350,"height":200,"srcset":"https:\/\/i0.wp.com\/www.diariodeouropreto.com.br\/wp-content\/uploads\/2024\/01\/Design-sem-nome-1.jpg?resize=350%2C200&ssl=1 1x, https:\/\/i0.wp.com\/www.diariodeouropreto.com.br\/wp-content\/uploads\/2024\/01\/Design-sem-nome-1.jpg?resize=525%2C300&ssl=1 1.5x, https:\/\/i0.wp.com\/www.diariodeouropreto.com.br\/wp-content\/uploads\/2024\/01\/Design-sem-nome-1.jpg?resize=700%2C400&ssl=1 2x, https:\/\/i0.wp.com\/www.diariodeouropreto.com.br\/wp-content\/uploads\/2024\/01\/Design-sem-nome-1.jpg?resize=1050%2C600&ssl=1 3x, https:\/\/i0.wp.com\/www.diariodeouropreto.com.br\/wp-content\/uploads\/2024\/01\/Design-sem-nome-1.jpg?resize=1400%2C800&ssl=1 4x"},"classes":[]},{"id":18597,"url":"https:\/\/www.diariodeouropreto.com.br\/pt\/distrito-de-santa-rita-de-ouro-preto-recebe-programa-camara-itinerante\/","url_meta":{"origin":50908,"position":2},"title":"Distrito de Santa Rita de Ouro Preto recebe programa C\u00e2mara Itinerante","author":"Di\u00e1rio de Ouro Preto","date":"29 de Setembro de 2022","format":false,"excerpt":"Nesta ter\u00e7a-feira (27), o distrito de Santa Rita de Ouro Preto recebeu o programa C\u00e2mara Itinerante. Na ocasi\u00e3o, a popula\u00e7\u00e3o local teve acesso a diversos servi\u00e7os gratuitos e ainda puderam participar da Reuni\u00e3o Ordin\u00e1ria e apresentar demandas aos vereadores. O distrito de Santa Rita \u00e9 lar e regi\u00e3o de atua\u00e7\u00e3o\u2026","rel":"","context":"In &quot;Ouro Preto&quot;","block_context":{"text":"Ouro Preto","link":"https:\/\/www.diariodeouropreto.com.br\/pt\/Editoria\/ouro-preto\/"},"img":{"alt_text":"","src":"https:\/\/i0.wp.com\/www.diariodeouropreto.com.br\/wp-content\/uploads\/2022\/09\/CI-Santa-Rita-1.jpg?resize=350%2C200&ssl=1","width":350,"height":200,"srcset":"https:\/\/i0.wp.com\/www.diariodeouropreto.com.br\/wp-content\/uploads\/2022\/09\/CI-Santa-Rita-1.jpg?resize=350%2C200&ssl=1 1x, https:\/\/i0.wp.com\/www.diariodeouropreto.com.br\/wp-content\/uploads\/2022\/09\/CI-Santa-Rita-1.jpg?resize=525%2C300&ssl=1 1.5x, https:\/\/i0.wp.com\/www.diariodeouropreto.com.br\/wp-content\/uploads\/2022\/09\/CI-Santa-Rita-1.jpg?resize=700%2C400&ssl=1 2x, https:\/\/i0.wp.com\/www.diariodeouropreto.com.br\/wp-content\/uploads\/2022\/09\/CI-Santa-Rita-1.jpg?resize=1050%2C600&ssl=1 3x"},"classes":[]},{"id":49393,"url":"https:\/\/www.diariodeouropreto.com.br\/pt\/vereador-titao-comemora-intervencao-na-mg-129\/","url_meta":{"origin":50908,"position":3},"title":"Vereador Tit\u00e3o comemora interven\u00e7\u00e3o na MG-129","author":"Marcelino Castro","date":"19 de Dezembro de 2025","format":false,"excerpt":"O problema come\u00e7ou no dia 8 de dezembro, com interdi\u00e7\u00e3o parcial, causando a lentid\u00e3o no tr\u00e2nsito e risco constante de acidentes, devido ao tr\u00e1fego pesado de carga e trabalhadores da minera\u00e7\u00e3o.","rel":"","context":"In &quot;Geral&quot;","block_context":{"text":"Geral","link":"https:\/\/www.diariodeouropreto.com.br\/pt\/Editoria\/geral\/"},"img":{"alt_text":"","src":"https:\/\/i0.wp.com\/www.diariodeouropreto.com.br\/wp-content\/uploads\/2025\/12\/WhatsApp-Image-2025-12-18-at-18.47.13.jpeg?resize=350%2C200&ssl=1","width":350,"height":200,"srcset":"https:\/\/i0.wp.com\/www.diariodeouropreto.com.br\/wp-content\/uploads\/2025\/12\/WhatsApp-Image-2025-12-18-at-18.47.13.jpeg?resize=350%2C200&ssl=1 1x, https:\/\/i0.wp.com\/www.diariodeouropreto.com.br\/wp-content\/uploads\/2025\/12\/WhatsApp-Image-2025-12-18-at-18.47.13.jpeg?resize=525%2C300&ssl=1 1.5x, https:\/\/i0.wp.com\/www.diariodeouropreto.com.br\/wp-content\/uploads\/2025\/12\/WhatsApp-Image-2025-12-18-at-18.47.13.jpeg?resize=700%2C400&ssl=1 2x, https:\/\/i0.wp.com\/www.diariodeouropreto.com.br\/wp-content\/uploads\/2025\/12\/WhatsApp-Image-2025-12-18-at-18.47.13.jpeg?resize=1050%2C600&ssl=1 3x"},"classes":[]},{"id":15868,"url":"https:\/\/www.diariodeouropreto.com.br\/pt\/prefeitos-querem-que-mineradoras-custeiem-obras-de-3a-pista-na-mg-129\/","url_meta":{"origin":50908,"position":4},"title":"Prefeitos querem que mineradoras custeiem obras de 3\u00aa pista na  MG 129","author":"Di\u00e1rio de Ouro Preto","date":"23 de Maio de 2022","format":false,"excerpt":"Belo Horizonte - O prefeito Angelo Oswaldo, de Ouro Preto e o secret\u00e1rio executivo do F\u00f3rum de Prefeitos da Bacia do Rio Doce, Duarte J\u00fanior, participaram hoje, segunda-feira, 23, na Cidade Administrativa, de um encontro com Luiz Ot\u00e1vio Milagres, secret\u00e1rio adjunto de Planejamento e Gest\u00e3o de Minas Gerais. Eles foram\u2026","rel":"","context":"In &quot;Ouro Preto&quot;","block_context":{"text":"Ouro Preto","link":"https:\/\/www.diariodeouropreto.com.br\/pt\/Editoria\/ouro-preto\/"},"img":{"alt_text":"","src":"https:\/\/i0.wp.com\/www.diariodeouropreto.com.br\/wp-content\/uploads\/2019\/09\/titulosite4-e1616373972300.jpg?resize=350%2C200&ssl=1","width":350,"height":200,"srcset":"https:\/\/i0.wp.com\/www.diariodeouropreto.com.br\/wp-content\/uploads\/2019\/09\/titulosite4-e1616373972300.jpg?resize=350%2C200&ssl=1 1x, https:\/\/i0.wp.com\/www.diariodeouropreto.com.br\/wp-content\/uploads\/2019\/09\/titulosite4-e1616373972300.jpg?resize=525%2C300&ssl=1 1.5x, https:\/\/i0.wp.com\/www.diariodeouropreto.com.br\/wp-content\/uploads\/2019\/09\/titulosite4-e1616373972300.jpg?resize=700%2C400&ssl=1 2x, https:\/\/i0.wp.com\/www.diariodeouropreto.com.br\/wp-content\/uploads\/2019\/09\/titulosite4-e1616373972300.jpg?resize=1050%2C600&ssl=1 3x"},"classes":[]},{"id":7339,"url":"https:\/\/www.diariodeouropreto.com.br\/pt\/prefeitura-de-ouro-preto-busca-parcerias-para-o-asfaltamento-da-mg-030\/","url_meta":{"origin":50908,"position":5},"title":"Prefeitura de Ouro Preto busca parcerias para o asfaltamento da MG 030","author":"Di\u00e1rio de Ouro Preto","date":"30 de Mar\u00e7o de 2021","format":false,"excerpt":"O asfaltamento da MG 030 foi a pauta da videoconfer\u00eancia realizada na \u00faltima sexta-feira, 26, reunindo o prefeito Angelo Oswaldo, a vice-prefeita, Regina Braga, os secret\u00e1rios de Governo, Felipe Guerra, de Agropecu\u00e1ria, Fabr\u00edcio Gon\u00e7alves e de Obras, Ant\u00f4nio Sim\u00f5es, com o secret\u00e1rio de Estado de Governo, Igor Eto, a chefe\u2026","rel":"","context":"In &quot;Ouro Preto&quot;","block_context":{"text":"Ouro Preto","link":"https:\/\/www.diariodeouropreto.com.br\/pt\/Editoria\/ouro-preto\/"},"img":{"alt_text":"","src":"https:\/\/i0.wp.com\/www.diariodeouropreto.com.br\/wp-content\/uploads\/2021\/03\/Videoconferencia-sobre-o-asfaltamento-da-MG-030-Foto-Usdon-Fonseca.jpeg?resize=350%2C200&ssl=1","width":350,"height":200,"srcset":"https:\/\/i0.wp.com\/www.diariodeouropreto.com.br\/wp-content\/uploads\/2021\/03\/Videoconferencia-sobre-o-asfaltamento-da-MG-030-Foto-Usdon-Fonseca.jpeg?resize=350%2C200&ssl=1 1x, https:\/\/i0.wp.com\/www.diariodeouropreto.com.br\/wp-content\/uploads\/2021\/03\/Videoconferencia-sobre-o-asfaltamento-da-MG-030-Foto-Usdon-Fonseca.jpeg?resize=525%2C300&ssl=1 1.5x, https:\/\/i0.wp.com\/www.diariodeouropreto.com.br\/wp-content\/uploads\/2021\/03\/Videoconferencia-sobre-o-asfaltamento-da-MG-030-Foto-Usdon-Fonseca.jpeg?resize=700%2C400&ssl=1 2x"},"classes":[]}],"jetpack_sharing_enabled":true,"amp_enabled":true,"_links":{"self":[{"href":"https:\/\/www.diariodeouropreto.com.br\/pt\/wp-json\/wp\/v2\/posts\/50908","targetHints":{"allow":["GET"]}}],"collection":[{"href":"https:\/\/www.diariodeouropreto.com.br\/pt\/wp-json\/wp\/v2\/posts"}],"about":[{"href":"https:\/\/www.diariodeouropreto.com.br\/pt\/wp-json\/wp\/v2\/types\/post"}],"author":[{"embeddable":true,"href":"https:\/\/www.diariodeouropreto.com.br\/pt\/wp-json\/wp\/v2\/users\/7"}],"replies":[{"embeddable":true,"href":"https:\/\/www.diariodeouropreto.com.br\/pt\/wp-json\/wp\/v2\/comments?post=50908"}],"version-history":[{"count":1,"href":"https:\/\/www.diariodeouropreto.com.br\/pt\/wp-json\/wp\/v2\/posts\/50908\/revisions"}],"predecessor-version":[{"id":50919,"href":"https:\/\/www.diariodeouropreto.com.br\/pt\/wp-json\/wp\/v2\/posts\/50908\/revisions\/50919"}],"wp:featuredmedia":[{"embeddable":true,"href":"https:\/\/www.diariodeouropreto.com.br\/pt\/wp-json\/wp\/v2\/media\/50917"}],"wp:attachment":[{"href":"https:\/\/www.diariodeouropreto.com.br\/pt\/wp-json\/wp\/v2\/media?parent=50908"}],"wp:term":[{"taxonomy":"category","embeddable":true,"href":"https:\/\/www.diariodeouropreto.com.br\/pt\/wp-json\/wp\/v2\/categories?post=50908"},{"taxonomy":"post_tag","embeddable":true,"href":"https:\/\/www.diariodeouropreto.com.br\/pt\/wp-json\/wp\/v2\/tags?post=50908"}],"curies":[{"name":"wp","href":"https:\/\/api.w.org\/{rel}","templated":true}]}}