{"id":50906,"date":"2026-03-16T12:14:50","date_gmt":"2026-03-16T15:14:50","guid":{"rendered":"https:\/\/www.diariodeouropreto.com.br\/?p=50906"},"modified":"2026-03-16T12:14:59","modified_gmt":"2026-03-16T15:14:59","slug":"governo-do-estado-anuncia-edital-para-o-novo-concurso-do-corpo-de-bombeiros-militar-de-minas-gerais","status":"publish","type":"post","link":"https:\/\/www.diariodeouropreto.com.br\/pt\/governo-do-estado-anuncia-edital-para-o-novo-concurso-do-corpo-de-bombeiros-militar-de-minas-gerais\/","title":{"rendered":"Governo do Estado anuncia edital para o novo concurso do Corpo de Bombeiros Militar de Minas Gerais"},"content":{"rendered":"<p><strong>An\u00fancio foi feito durante a formatura de 279 soldados que ser\u00e3o distribu\u00eddos para 49 munic\u00edpios<\/strong><\/p>\n\n\n\n<p>O&nbsp;<a href=\"https:\/\/www.mg.gov.br\/\" target=\"_blank\" rel=\"noreferrer noopener follow external sponsored ugc\" data-wpel-link=\"external\">Governo de Minas<\/a>&nbsp;anunciou, nesta sexta-feira (13\/3), o lan\u00e7amento do edital do novo concurso para o&nbsp;<a href=\"https:\/\/www.bombeiros.mg.gov.br\/\" target=\"_blank\" rel=\"noreferrer noopener follow external sponsored ugc\" data-wpel-link=\"external\">Corpo de Bombeiros Militar de Minas Gerais (CBMMG)<\/a>, na segunda-feira (16\/3). Ao todo, ser\u00e3o 342 vagas, distribu\u00eddas da seguinte forma: 321 para o Curso de Forma\u00e7\u00e3o de Soldados (CFSd) e 21 para o Curso de Forma\u00e7\u00e3o de Oficiais (CFO). As inscri\u00e7\u00f5es ocorrem entre maio e junho, com datas espec\u00edficas detalhadas no edital.<\/p>\n\n\n\n<p>\u201cN\u00f3s apoiamos incansavelmente o Corpo de Bombeiros Militar de Minas Gerais. Esse \u00e9 um grande concurso e o nosso prop\u00f3sito \u00e9 manter a corpora\u00e7\u00e3o com o maior n\u00famero de militares poss\u00edvel. Por isso, desde 2021 n\u00f3s fazemos concursos anuais aqui em Minas\u201d, disse o vice-governador.<\/p>\n\n\n\n<p>A novidade foi apresentada pelo vice-governador Mateus Sim\u00f5es na formatura de 279 militares da turma Miguel Arcanjo, do Curso de Forma\u00e7\u00e3o de Soldados 2025\/2026, da qual ele foi paraninfo.<\/p>\n\n\n\n<p>\u201cEste \u00e9 um dos aspectos que mais me deixa orgulhoso: vencemos a limita\u00e7\u00e3o dos 10% da presen\u00e7a de mulheres. Esta turma tem 27%, e tenho certeza que ir\u00e1 crescer ainda mais. A presen\u00e7a das mulheres \u00e9 muito importante no meio militar, pois a popula\u00e7\u00e3o se sente ainda mais segura\u201d, destacou o vice-governador.<\/p>\n\n\n\n<p>Para a comandante-geral do Corpo de Bombeiros Militar de Minas Gerais, coronel Jordana Daldegan, esse avan\u00e7o \u00e9 muito significativo para o futuro do estado.<\/p>\n\n\n\n<p>\u201cIsso s\u00f3 fortalece a equidade ao servi\u00e7o p\u00fablico e reafirma que talento, dedica\u00e7\u00e3o e coragem n\u00e3o t\u00eam g\u00eanero. Al\u00e9m disso, lugar de mulher, obviamente, \u00e9 onde ela quiser\u201d, enfatizou.<\/p>\n\n\n\n<p><strong>Refor\u00e7o no efetivo<\/strong><\/p>\n\n\n\n<p>Entre os formandos do Curso de Forma\u00e7\u00e3o de Soldados do CBMMG est\u00e3o pra\u00e7as operacionais e especialistas. Durante o curso, eles precisaram dominar 28 mat\u00e9rias t\u00edpicas da atividade bombeiro militar, como Atendimento Pr\u00e9-Hospitalar, Combate a Inc\u00eandio Urbano, Salvamento em Altura, Salvamento Terrestre, Salvamento Aqu\u00e1tico, Mergulho Aut\u00f4nomo, Preven\u00e7\u00e3o e Combate a Inc\u00eandio Florestal e Produtos Perigosos, totalizando mais de 990 horas\/aula.<\/p>\n\n\n\n<p>Esses militares j\u00e1 atuaram em ocorr\u00eancias operacionais de destaque, como as enchentes na Zona da Mata e o desabamento de um im\u00f3vel no bairro Jardim Vit\u00f3ria, em Belo Horizonte. Mesmo antes do t\u00e9rmino do curso, os militares j\u00e1 estavam em condi\u00e7\u00f5es para apoiar o trabalho de buscas e ajuda humanit\u00e1ria \u00e0s fam\u00edlias atingidas.<\/p>\n\n\n\n<p>Com a conclus\u00e3o do treinamento, os novos bombeiros ser\u00e3o distribu\u00eddos para 49 cidades, refor\u00e7ando o atendimento operacional em todas as regi\u00f5es do estado.<\/p>\n\n\n\n<p>A escolha do nome Miguel Arcanjo para a turma faz refer\u00eancia ao helic\u00f3ptero Arcanjo 04, como um ato de reconhecimento e respeito \u00e0 mem\u00f3ria dos seis tripulantes que perderam a vida servindo \u00e0 sociedade. O helic\u00f3ptero caiu, em outubro de 2024, durante uma miss\u00e3o de salvamento \u00e0 queda de um monomotor no distrito de S\u00e3o Bartolomeu, em Ouro Preto, na regi\u00e3o Central do estado.<\/p>\n\n\n\n<p><strong>Investimentos<\/strong><\/p>\n\n\n\n<p>Entre 2019 e 2025, o Governo de Minas investiu R$ 139 milh\u00f5es na corpora\u00e7\u00e3o. Somente no ano passado, foram R$ 40 milh\u00f5es para a frota, R$ 15,7 milh\u00f5es para aquisi\u00e7\u00e3o de equipamentos e materiais, R$ 10 milh\u00f5es em tecnologia da informa\u00e7\u00e3o e R$ 6,6 milh\u00f5es para investimentos em engenharia do Corpo de Bombeiros.<\/p>\n\n\n\n<div id=\"110712\" class=\"advads-saneouro advads-entity-placement\" style=\"margin-left: auto;margin-right: auto;text-align: center;\"><a href=\"https:\/\/www.saneouro.com.br\/\" target=\"_blank\" aria-label=\"DOP_Site\" data-wpel-link=\"external\" rel=\"follow external noopener noreferrer sponsored ugc\"><img src=\"https:\/\/www.diariodeouropreto.com.br\/wp-content\/uploads\/2026\/04\/DOP_Site.jpg\" alt=\"\"  srcset=\"https:\/\/www.diariodeouropreto.com.br\/wp-content\/uploads\/2026\/04\/DOP_Site.jpg 301w, https:\/\/www.diariodeouropreto.com.br\/wp-content\/uploads\/2026\/04\/DOP_Site-180x150.jpg 180w, https:\/\/www.diariodeouropreto.com.br\/wp-content\/uploads\/2026\/04\/DOP_Site-14x12.jpg 14w\" sizes=\"(max-width: 301px) 100vw, 301px\" width=\"301\" height=\"251\"  style=\"display: inline-block;\" \/><\/a><\/div><p>Fonte: Ag\u00eancia Minas<\/p>\n\n\n\n<div id=\"50321\" class=\"advads-plantao advads-entity-placement\"><a href=\"https:\/\/www.diariodeouropreto.com.br\/pt\/\" target=\"_blank\" aria-label=\"site &#8211; noticia\" data-wpel-link=\"external\" rel=\"follow external noopener noreferrer sponsored ugc\"><img src=\"https:\/\/www.diariodeouropreto.com.br\/wp-content\/uploads\/2019\/09\/titulosite2-e1616373489755.jpg\" alt=\"\"  srcset=\"https:\/\/www.diariodeouropreto.com.br\/wp-content\/uploads\/2019\/09\/titulosite2-e1616373489755.jpg 1200w, https:\/\/www.diariodeouropreto.com.br\/wp-content\/uploads\/2019\/09\/titulosite2-e1616373489755-150x38.jpg 150w, https:\/\/www.diariodeouropreto.com.br\/wp-content\/uploads\/2019\/09\/titulosite2-e1616373489755-660x167.jpg 660w, https:\/\/www.diariodeouropreto.com.br\/wp-content\/uploads\/2019\/09\/titulosite2-e1616373489755-768x194.jpg 768w, https:\/\/www.diariodeouropreto.com.br\/wp-content\/uploads\/2019\/09\/titulosite2-e1616373489755-1000x252.jpg 1000w, https:\/\/www.diariodeouropreto.com.br\/wp-content\/uploads\/2019\/09\/titulosite2-e1616373489755-1536x388.jpg 1536w, https:\/\/www.diariodeouropreto.com.br\/wp-content\/uploads\/2019\/09\/titulosite2-e1616373489755-2048x517.jpg 2048w\" sizes=\"(max-width: 1200px) 100vw, 1200px\" width=\"1200\" height=\"303\"  style=\"display: inline-block;\" \/><\/a><\/div><p>Foto: CBMMG \/ Divulga\u00e7\u00e3o<\/p>","protected":false},"excerpt":{"rendered":"<p>An\u00fancio foi feito durante a formatura de 279 soldados que ser\u00e3o distribu\u00eddos para 49 munic\u00edpios O&nbsp;Governo de Minas&nbsp;anunciou, nesta sexta-feira (13\/3), o lan\u00e7amento do edital do novo concurso para o&nbsp;Corpo de Bombeiros Militar de Minas Gerais (CBMMG), na segunda-feira (16\/3). Ao todo, ser\u00e3o 342 vagas, distribu\u00eddas da seguinte forma: 321<span class=\"more-link\"><a href=\"https:\/\/www.diariodeouropreto.com.br\/pt\/governo-do-estado-anuncia-edital-para-o-novo-concurso-do-corpo-de-bombeiros-militar-de-minas-gerais\/\" data-wpel-link=\"internal\">Continue Lendo<\/a><\/span><\/p>","protected":false},"author":1,"featured_media":50920,"comment_status":"closed","ping_status":"closed","sticky":false,"template":"","format":"standard","meta":{"_jetpack_memberships_contains_paid_content":false,"footnotes":"","jetpack_publicize_message":"An\u00fancio foi feito durante a formatura de 279 soldados que ser\u00e3o distribu\u00eddos para 49 munic\u00edpios","jetpack_publicize_feature_enabled":true,"jetpack_social_post_already_shared":false,"jetpack_social_options":{"image_generator_settings":{"template":"highway","default_image_id":0,"font":"","enabled":false},"version":2}},"categories":[6],"tags":[],"class_list":["entry","author-diario","post-50906","post","type-post","status-publish","format-standard","has-post-thumbnail","category-minas-gerais"],"yoast_head":"<!-- This site is optimized with the Yoast SEO plugin v27.5 - https:\/\/yoast.com\/product\/yoast-seo-wordpress\/ -->\n<title>Governo do Estado anuncia edital para o novo concurso do Corpo de Bombeiros Militar de Minas Gerais - Di\u00e1rio de Ouro Preto<\/title>\n<meta name=\"description\" content=\"An\u00fancio foi feito durante a formatura de 279 soldados que ser\u00e3o distribu\u00eddos para 49 munic\u00edpios- Governo do Estado anuncia edital para o novo concurso do Corpo de Bombeiros Militar de Minas Gerais - Minas Gerais\" \/>\n<meta name=\"robots\" content=\"index, follow, max-snippet:-1, max-image-preview:large, max-video-preview:-1\" \/>\n<link rel=\"canonical\" href=\"https:\/\/www.diariodeouropreto.com.br\/pt\/governo-do-estado-anuncia-edital-para-o-novo-concurso-do-corpo-de-bombeiros-militar-de-minas-gerais\/\" \/>\n<meta property=\"og:locale\" content=\"pt_PT\" \/>\n<meta property=\"og:type\" content=\"article\" \/>\n<meta property=\"og:title\" content=\"Governo do Estado anuncia edital para o novo concurso do Corpo de Bombeiros Militar de Minas Gerais - Di\u00e1rio de Ouro Preto\" \/>\n<meta property=\"og:description\" content=\"An\u00fancio foi feito durante a formatura de 279 soldados que ser\u00e3o distribu\u00eddos para 49 munic\u00edpios- Governo do Estado anuncia edital para o novo concurso do Corpo de Bombeiros Militar de Minas Gerais - Minas Gerais\" \/>\n<meta property=\"og:url\" content=\"https:\/\/www.diariodeouropreto.com.br\/pt\/governo-do-estado-anuncia-edital-para-o-novo-concurso-do-corpo-de-bombeiros-militar-de-minas-gerais\/\" \/>\n<meta property=\"og:site_name\" content=\"Di\u00e1rio de Ouro Preto\" \/>\n<meta property=\"article:publisher\" content=\"https:\/\/www.facebook.com\/diariodeouropreto\/\" \/>\n<meta property=\"article:published_time\" content=\"2026-03-16T15:14:50+00:00\" \/>\n<meta property=\"article:modified_time\" content=\"2026-03-16T15:14:59+00:00\" \/>\n<meta property=\"og:image\" content=\"https:\/\/www.diariodeouropreto.com.br\/wp-content\/uploads\/2026\/03\/CBMG_112_anos_2.jpeg\" \/>\n\t<meta property=\"og:image:width\" content=\"1200\" \/>\n\t<meta property=\"og:image:height\" content=\"800\" \/>\n\t<meta property=\"og:image:type\" content=\"image\/jpeg\" \/>\n<meta name=\"author\" content=\"Di\u00e1rio de Ouro Preto\" \/>\n<meta name=\"twitter:card\" content=\"summary_large_image\" \/>\n<meta name=\"twitter:label1\" content=\"Escrito por\" \/>\n\t<meta name=\"twitter:data1\" content=\"Di\u00e1rio de Ouro Preto\" \/>\n\t<meta name=\"twitter:label2\" content=\"Tempo estimado de leitura\" \/>\n\t<meta name=\"twitter:data2\" content=\"4 minutos\" \/>\n<script type=\"application\/ld+json\" class=\"yoast-schema-graph\">{\"@context\":\"https:\\\/\\\/schema.org\",\"@graph\":[{\"@type\":\"Article\",\"@id\":\"https:\\\/\\\/www.diariodeouropreto.com.br\\\/governo-do-estado-anuncia-edital-para-o-novo-concurso-do-corpo-de-bombeiros-militar-de-minas-gerais\\\/#article\",\"isPartOf\":{\"@id\":\"https:\\\/\\\/www.diariodeouropreto.com.br\\\/governo-do-estado-anuncia-edital-para-o-novo-concurso-do-corpo-de-bombeiros-militar-de-minas-gerais\\\/\"},\"author\":{\"name\":\"Di\u00e1rio de Ouro Preto\",\"@id\":\"https:\\\/\\\/www.diariodeouropreto.com.br\\\/pt\\\/#\\\/schema\\\/person\\\/7654e7b471204a6dab6dc0ce6e140c99\"},\"headline\":\"Governo do Estado anuncia edital para o novo concurso do Corpo de Bombeiros Militar de Minas Gerais\",\"datePublished\":\"2026-03-16T15:14:50+00:00\",\"dateModified\":\"2026-03-16T15:14:59+00:00\",\"mainEntityOfPage\":{\"@id\":\"https:\\\/\\\/www.diariodeouropreto.com.br\\\/governo-do-estado-anuncia-edital-para-o-novo-concurso-do-corpo-de-bombeiros-militar-de-minas-gerais\\\/\"},\"wordCount\":585,\"publisher\":{\"@id\":\"https:\\\/\\\/www.diariodeouropreto.com.br\\\/pt\\\/#organization\"},\"image\":{\"@id\":\"https:\\\/\\\/www.diariodeouropreto.com.br\\\/governo-do-estado-anuncia-edital-para-o-novo-concurso-do-corpo-de-bombeiros-militar-de-minas-gerais\\\/#primaryimage\"},\"thumbnailUrl\":\"https:\\\/\\\/www.diariodeouropreto.com.br\\\/wp-content\\\/uploads\\\/2026\\\/03\\\/CBMG_112_anos_2.jpeg\",\"articleSection\":[\"Minas Gerais\"],\"inLanguage\":\"pt-PT\"},{\"@type\":\"WebPage\",\"@id\":\"https:\\\/\\\/www.diariodeouropreto.com.br\\\/governo-do-estado-anuncia-edital-para-o-novo-concurso-do-corpo-de-bombeiros-militar-de-minas-gerais\\\/\",\"url\":\"https:\\\/\\\/www.diariodeouropreto.com.br\\\/governo-do-estado-anuncia-edital-para-o-novo-concurso-do-corpo-de-bombeiros-militar-de-minas-gerais\\\/\",\"name\":\"Governo do Estado anuncia edital para o novo concurso do Corpo de Bombeiros Militar de Minas Gerais - Di\u00e1rio de Ouro Preto\",\"isPartOf\":{\"@id\":\"https:\\\/\\\/www.diariodeouropreto.com.br\\\/pt\\\/#website\"},\"primaryImageOfPage\":{\"@id\":\"https:\\\/\\\/www.diariodeouropreto.com.br\\\/governo-do-estado-anuncia-edital-para-o-novo-concurso-do-corpo-de-bombeiros-militar-de-minas-gerais\\\/#primaryimage\"},\"image\":{\"@id\":\"https:\\\/\\\/www.diariodeouropreto.com.br\\\/governo-do-estado-anuncia-edital-para-o-novo-concurso-do-corpo-de-bombeiros-militar-de-minas-gerais\\\/#primaryimage\"},\"thumbnailUrl\":\"https:\\\/\\\/www.diariodeouropreto.com.br\\\/wp-content\\\/uploads\\\/2026\\\/03\\\/CBMG_112_anos_2.jpeg\",\"datePublished\":\"2026-03-16T15:14:50+00:00\",\"dateModified\":\"2026-03-16T15:14:59+00:00\",\"description\":\"An\u00fancio foi feito durante a formatura de 279 soldados que ser\u00e3o distribu\u00eddos para 49 munic\u00edpios- Governo do Estado anuncia edital para o novo concurso do Corpo de Bombeiros Militar de Minas Gerais - Minas Gerais\",\"breadcrumb\":{\"@id\":\"https:\\\/\\\/www.diariodeouropreto.com.br\\\/governo-do-estado-anuncia-edital-para-o-novo-concurso-do-corpo-de-bombeiros-militar-de-minas-gerais\\\/#breadcrumb\"},\"inLanguage\":\"pt-PT\",\"potentialAction\":[{\"@type\":\"ReadAction\",\"target\":[\"https:\\\/\\\/www.diariodeouropreto.com.br\\\/governo-do-estado-anuncia-edital-para-o-novo-concurso-do-corpo-de-bombeiros-militar-de-minas-gerais\\\/\"]}]},{\"@type\":\"ImageObject\",\"inLanguage\":\"pt-PT\",\"@id\":\"https:\\\/\\\/www.diariodeouropreto.com.br\\\/governo-do-estado-anuncia-edital-para-o-novo-concurso-do-corpo-de-bombeiros-militar-de-minas-gerais\\\/#primaryimage\",\"url\":\"https:\\\/\\\/www.diariodeouropreto.com.br\\\/wp-content\\\/uploads\\\/2026\\\/03\\\/CBMG_112_anos_2.jpeg\",\"contentUrl\":\"https:\\\/\\\/www.diariodeouropreto.com.br\\\/wp-content\\\/uploads\\\/2026\\\/03\\\/CBMG_112_anos_2.jpeg\",\"width\":1200,\"height\":800},{\"@type\":\"BreadcrumbList\",\"@id\":\"https:\\\/\\\/www.diariodeouropreto.com.br\\\/governo-do-estado-anuncia-edital-para-o-novo-concurso-do-corpo-de-bombeiros-militar-de-minas-gerais\\\/#breadcrumb\",\"itemListElement\":[{\"@type\":\"ListItem\",\"position\":1,\"name\":\"In\u00edcio\",\"item\":\"https:\\\/\\\/www.diariodeouropreto.com.br\\\/pt\\\/\"},{\"@type\":\"ListItem\",\"position\":2,\"name\":\"Governo do Estado anuncia edital para o novo concurso do Corpo de Bombeiros Militar de Minas Gerais\"}]},{\"@type\":\"WebSite\",\"@id\":\"https:\\\/\\\/www.diariodeouropreto.com.br\\\/pt\\\/#website\",\"url\":\"https:\\\/\\\/www.diariodeouropreto.com.br\\\/pt\\\/\",\"name\":\"Di\u00e1rio de Ouro Preto\",\"description\":\"Not\u00edcias Ouro Preto; Mariana;Minas Gerais;Jornal;Jornalismo;Not\u00edcias;\",\"publisher\":{\"@id\":\"https:\\\/\\\/www.diariodeouropreto.com.br\\\/pt\\\/#organization\"},\"alternateName\":\"Jornal di\u00e1rio de Ouro Preto\",\"potentialAction\":[{\"@type\":\"SearchAction\",\"target\":{\"@type\":\"EntryPoint\",\"urlTemplate\":\"https:\\\/\\\/www.diariodeouropreto.com.br\\\/pt\\\/?s={search_term_string}\"},\"query-input\":{\"@type\":\"PropertyValueSpecification\",\"valueRequired\":true,\"valueName\":\"search_term_string\"}}],\"inLanguage\":\"pt-PT\"},{\"@type\":\"Organization\",\"@id\":\"https:\\\/\\\/www.diariodeouropreto.com.br\\\/pt\\\/#organization\",\"name\":\"Di\u00e1rio de Ouro Preto\",\"alternateName\":\"Jornal di\u00e1rio Ouro Preto\",\"url\":\"https:\\\/\\\/www.diariodeouropreto.com.br\\\/pt\\\/\",\"logo\":{\"@type\":\"ImageObject\",\"inLanguage\":\"pt-PT\",\"@id\":\"https:\\\/\\\/www.diariodeouropreto.com.br\\\/pt\\\/#\\\/schema\\\/logo\\\/image\\\/\",\"url\":\"https:\\\/\\\/www.diariodeouropreto.com.br\\\/wp-content\\\/uploads\\\/2019\\\/06\\\/cropped-logotransp-2.png\",\"contentUrl\":\"https:\\\/\\\/www.diariodeouropreto.com.br\\\/wp-content\\\/uploads\\\/2019\\\/06\\\/cropped-logotransp-2.png\",\"width\":1323,\"height\":251,\"caption\":\"Di\u00e1rio de Ouro Preto\"},\"image\":{\"@id\":\"https:\\\/\\\/www.diariodeouropreto.com.br\\\/pt\\\/#\\\/schema\\\/logo\\\/image\\\/\"},\"sameAs\":[\"https:\\\/\\\/www.facebook.com\\\/diariodeouropreto\\\/\"]},{\"@type\":\"Person\",\"@id\":\"https:\\\/\\\/www.diariodeouropreto.com.br\\\/pt\\\/#\\\/schema\\\/person\\\/7654e7b471204a6dab6dc0ce6e140c99\",\"name\":\"Di\u00e1rio de Ouro Preto\",\"sameAs\":[\"http:\\\/\\\/www.diariodeouropreto.com.br\"],\"url\":\"https:\\\/\\\/www.diariodeouropreto.com.br\\\/pt\\\/author\\\/diario\\\/\"}]}<\/script>\n<!-- \/ Yoast SEO plugin. -->","yoast_head_json":{"title":"Governo do Estado anuncia edital para o novo concurso do Corpo de Bombeiros Militar de Minas Gerais - Di\u00e1rio de Ouro Preto","description":"An\u00fancio foi feito durante a formatura de 279 soldados que ser\u00e3o distribu\u00eddos para 49 munic\u00edpios- Governo do Estado anuncia edital para o novo concurso do Corpo de Bombeiros Militar de Minas Gerais - Minas Gerais","robots":{"index":"index","follow":"follow","max-snippet":"max-snippet:-1","max-image-preview":"max-image-preview:large","max-video-preview":"max-video-preview:-1"},"canonical":"https:\/\/www.diariodeouropreto.com.br\/pt\/governo-do-estado-anuncia-edital-para-o-novo-concurso-do-corpo-de-bombeiros-militar-de-minas-gerais\/","og_locale":"pt_PT","og_type":"article","og_title":"Governo do Estado anuncia edital para o novo concurso do Corpo de Bombeiros Militar de Minas Gerais - Di\u00e1rio de Ouro Preto","og_description":"An\u00fancio foi feito durante a formatura de 279 soldados que ser\u00e3o distribu\u00eddos para 49 munic\u00edpios- Governo do Estado anuncia edital para o novo concurso do Corpo de Bombeiros Militar de Minas Gerais - Minas Gerais","og_url":"https:\/\/www.diariodeouropreto.com.br\/pt\/governo-do-estado-anuncia-edital-para-o-novo-concurso-do-corpo-de-bombeiros-militar-de-minas-gerais\/","og_site_name":"Di\u00e1rio de Ouro Preto","article_publisher":"https:\/\/www.facebook.com\/diariodeouropreto\/","article_published_time":"2026-03-16T15:14:50+00:00","article_modified_time":"2026-03-16T15:14:59+00:00","og_image":[{"width":1200,"height":800,"url":"https:\/\/www.diariodeouropreto.com.br\/wp-content\/uploads\/2026\/03\/CBMG_112_anos_2.jpeg","type":"image\/jpeg"}],"author":"Di\u00e1rio de Ouro Preto","twitter_card":"summary_large_image","twitter_misc":{"Escrito por":"Di\u00e1rio de Ouro Preto","Tempo estimado de leitura":"4 minutos"},"schema":{"@context":"https:\/\/schema.org","@graph":[{"@type":"Article","@id":"https:\/\/www.diariodeouropreto.com.br\/governo-do-estado-anuncia-edital-para-o-novo-concurso-do-corpo-de-bombeiros-militar-de-minas-gerais\/#article","isPartOf":{"@id":"https:\/\/www.diariodeouropreto.com.br\/governo-do-estado-anuncia-edital-para-o-novo-concurso-do-corpo-de-bombeiros-militar-de-minas-gerais\/"},"author":{"name":"Di\u00e1rio de Ouro Preto","@id":"https:\/\/www.diariodeouropreto.com.br\/pt\/#\/schema\/person\/7654e7b471204a6dab6dc0ce6e140c99"},"headline":"Governo do Estado anuncia edital para o novo concurso do Corpo de Bombeiros Militar de Minas Gerais","datePublished":"2026-03-16T15:14:50+00:00","dateModified":"2026-03-16T15:14:59+00:00","mainEntityOfPage":{"@id":"https:\/\/www.diariodeouropreto.com.br\/governo-do-estado-anuncia-edital-para-o-novo-concurso-do-corpo-de-bombeiros-militar-de-minas-gerais\/"},"wordCount":585,"publisher":{"@id":"https:\/\/www.diariodeouropreto.com.br\/pt\/#organization"},"image":{"@id":"https:\/\/www.diariodeouropreto.com.br\/governo-do-estado-anuncia-edital-para-o-novo-concurso-do-corpo-de-bombeiros-militar-de-minas-gerais\/#primaryimage"},"thumbnailUrl":"https:\/\/www.diariodeouropreto.com.br\/wp-content\/uploads\/2026\/03\/CBMG_112_anos_2.jpeg","articleSection":["Minas Gerais"],"inLanguage":"pt-PT"},{"@type":"WebPage","@id":"https:\/\/www.diariodeouropreto.com.br\/governo-do-estado-anuncia-edital-para-o-novo-concurso-do-corpo-de-bombeiros-militar-de-minas-gerais\/","url":"https:\/\/www.diariodeouropreto.com.br\/governo-do-estado-anuncia-edital-para-o-novo-concurso-do-corpo-de-bombeiros-militar-de-minas-gerais\/","name":"Governo do Estado anuncia edital para o novo concurso do Corpo de Bombeiros Militar de Minas Gerais - Di\u00e1rio de Ouro Preto","isPartOf":{"@id":"https:\/\/www.diariodeouropreto.com.br\/pt\/#website"},"primaryImageOfPage":{"@id":"https:\/\/www.diariodeouropreto.com.br\/governo-do-estado-anuncia-edital-para-o-novo-concurso-do-corpo-de-bombeiros-militar-de-minas-gerais\/#primaryimage"},"image":{"@id":"https:\/\/www.diariodeouropreto.com.br\/governo-do-estado-anuncia-edital-para-o-novo-concurso-do-corpo-de-bombeiros-militar-de-minas-gerais\/#primaryimage"},"thumbnailUrl":"https:\/\/www.diariodeouropreto.com.br\/wp-content\/uploads\/2026\/03\/CBMG_112_anos_2.jpeg","datePublished":"2026-03-16T15:14:50+00:00","dateModified":"2026-03-16T15:14:59+00:00","description":"An\u00fancio foi feito durante a formatura de 279 soldados que ser\u00e3o distribu\u00eddos para 49 munic\u00edpios- Governo do Estado anuncia edital para o novo concurso do Corpo de Bombeiros Militar de Minas Gerais - Minas Gerais","breadcrumb":{"@id":"https:\/\/www.diariodeouropreto.com.br\/governo-do-estado-anuncia-edital-para-o-novo-concurso-do-corpo-de-bombeiros-militar-de-minas-gerais\/#breadcrumb"},"inLanguage":"pt-PT","potentialAction":[{"@type":"ReadAction","target":["https:\/\/www.diariodeouropreto.com.br\/governo-do-estado-anuncia-edital-para-o-novo-concurso-do-corpo-de-bombeiros-militar-de-minas-gerais\/"]}]},{"@type":"ImageObject","inLanguage":"pt-PT","@id":"https:\/\/www.diariodeouropreto.com.br\/governo-do-estado-anuncia-edital-para-o-novo-concurso-do-corpo-de-bombeiros-militar-de-minas-gerais\/#primaryimage","url":"https:\/\/www.diariodeouropreto.com.br\/wp-content\/uploads\/2026\/03\/CBMG_112_anos_2.jpeg","contentUrl":"https:\/\/www.diariodeouropreto.com.br\/wp-content\/uploads\/2026\/03\/CBMG_112_anos_2.jpeg","width":1200,"height":800},{"@type":"BreadcrumbList","@id":"https:\/\/www.diariodeouropreto.com.br\/governo-do-estado-anuncia-edital-para-o-novo-concurso-do-corpo-de-bombeiros-militar-de-minas-gerais\/#breadcrumb","itemListElement":[{"@type":"ListItem","position":1,"name":"In\u00edcio","item":"https:\/\/www.diariodeouropreto.com.br\/pt\/"},{"@type":"ListItem","position":2,"name":"Governo do Estado anuncia edital para o novo concurso do Corpo de Bombeiros Militar de Minas Gerais"}]},{"@type":"WebSite","@id":"https:\/\/www.diariodeouropreto.com.br\/pt\/#website","url":"https:\/\/www.diariodeouropreto.com.br\/pt\/","name":"Di\u00e1rio de Ouro Preto","description":"Not\u00edcias Ouro Preto; Mariana;Minas Gerais;Jornal;Jornalismo;Not\u00edcias;","publisher":{"@id":"https:\/\/www.diariodeouropreto.com.br\/pt\/#organization"},"alternateName":"Jornal di\u00e1rio de Ouro Preto","potentialAction":[{"@type":"SearchAction","target":{"@type":"EntryPoint","urlTemplate":"https:\/\/www.diariodeouropreto.com.br\/pt\/?s={search_term_string}"},"query-input":{"@type":"PropertyValueSpecification","valueRequired":true,"valueName":"search_term_string"}}],"inLanguage":"pt-PT"},{"@type":"Organization","@id":"https:\/\/www.diariodeouropreto.com.br\/pt\/#organization","name":"Di\u00e1rio de Ouro Preto","alternateName":"Jornal di\u00e1rio Ouro Preto","url":"https:\/\/www.diariodeouropreto.com.br\/pt\/","logo":{"@type":"ImageObject","inLanguage":"pt-PT","@id":"https:\/\/www.diariodeouropreto.com.br\/pt\/#\/schema\/logo\/image\/","url":"https:\/\/www.diariodeouropreto.com.br\/wp-content\/uploads\/2019\/06\/cropped-logotransp-2.png","contentUrl":"https:\/\/www.diariodeouropreto.com.br\/wp-content\/uploads\/2019\/06\/cropped-logotransp-2.png","width":1323,"height":251,"caption":"Di\u00e1rio de Ouro Preto"},"image":{"@id":"https:\/\/www.diariodeouropreto.com.br\/pt\/#\/schema\/logo\/image\/"},"sameAs":["https:\/\/www.facebook.com\/diariodeouropreto\/"]},{"@type":"Person","@id":"https:\/\/www.diariodeouropreto.com.br\/pt\/#\/schema\/person\/7654e7b471204a6dab6dc0ce6e140c99","name":"Di\u00e1rio de Ouro Preto","sameAs":["http:\/\/www.diariodeouropreto.com.br"],"url":"https:\/\/www.diariodeouropreto.com.br\/pt\/author\/diario\/"}]}},"jetpack_publicize_connections":[],"jetpack_featured_media_url":"https:\/\/www.diariodeouropreto.com.br\/wp-content\/uploads\/2026\/03\/CBMG_112_anos_2.jpeg","jetpack-related-posts":[{"id":20297,"url":"https:\/\/www.diariodeouropreto.com.br\/pt\/governo-lanca-editais-de-concursos-para-policia-militar-de-minas-gerais\/","url_meta":{"origin":50906,"position":0},"title":"Governo lan\u00e7a editais de concursos para Pol\u00edcia Militar de Minas Gerais","author":"Di\u00e1rio de Ouro Preto","date":"4 de Janeiro de 2023","format":false,"excerpt":"S\u00e3o mais de 2,8 mil vagas para soldados e 180 para oficiais; inscri\u00e7\u00f5es ser\u00e3o abertas em 1\/3 O\u00a0Governo do Estado, por meio da\u00a0Pol\u00edcia Militar de Minas Gerais (PMMG), publicou edital definindo os crit\u00e9rios para os concursos p\u00fablicos para o Curso de Forma\u00e7\u00e3o de Oficiais (CFO) e para o Curso de\u2026","rel":"","context":"In &quot;Minas Gerais&quot;","block_context":{"text":"Minas Gerais","link":"https:\/\/www.diariodeouropreto.com.br\/pt\/Editoria\/minas-gerais\/"},"img":{"alt_text":"","src":"https:\/\/i0.wp.com\/www.diariodeouropreto.com.br\/wp-content\/uploads\/2023\/01\/WhatsApp-Image-2023-01-03-at-14.56.50.jpeg?resize=350%2C200&ssl=1","width":350,"height":200,"srcset":"https:\/\/i0.wp.com\/www.diariodeouropreto.com.br\/wp-content\/uploads\/2023\/01\/WhatsApp-Image-2023-01-03-at-14.56.50.jpeg?resize=350%2C200&ssl=1 1x, https:\/\/i0.wp.com\/www.diariodeouropreto.com.br\/wp-content\/uploads\/2023\/01\/WhatsApp-Image-2023-01-03-at-14.56.50.jpeg?resize=525%2C300&ssl=1 1.5x, https:\/\/i0.wp.com\/www.diariodeouropreto.com.br\/wp-content\/uploads\/2023\/01\/WhatsApp-Image-2023-01-03-at-14.56.50.jpeg?resize=700%2C400&ssl=1 2x, https:\/\/i0.wp.com\/www.diariodeouropreto.com.br\/wp-content\/uploads\/2023\/01\/WhatsApp-Image-2023-01-03-at-14.56.50.jpeg?resize=1050%2C600&ssl=1 3x"},"classes":[]},{"id":21594,"url":"https:\/\/www.diariodeouropreto.com.br\/pt\/historias-inspiradoras-marcam-trajetoria-de-mulheres-que-atuam-no-governo-de-minas\/","url_meta":{"origin":50906,"position":1},"title":"Hist\u00f3rias inspiradoras marcam trajet\u00f3ria de mulheres que atuam no Governo de Minas","author":"Di\u00e1rio de Ouro Preto","date":"8 de Mar\u00e7o de 2023","format":false,"excerpt":"Valoriza\u00e7\u00e3o e amplia\u00e7\u00e3o da presen\u00e7a de lideran\u00e7as femininas \u00e9 uma das prioridades na atual gest\u00e3o O Dia Internacional da Mulher (8\/3), oficializado pela Organiza\u00e7\u00e3o das Na\u00e7\u00f5es Unidas (ONU) em 1975, remete ao in\u00edcio do s\u00e9culo 20, no contexto de diversos protestos por melhores condi\u00e7\u00f5es de trabalho e direitos. Desde ent\u00e3o,\u2026","rel":"","context":"In &quot;Minas Gerais&quot;","block_context":{"text":"Minas Gerais","link":"https:\/\/www.diariodeouropreto.com.br\/pt\/Editoria\/minas-gerais\/"},"img":{"alt_text":"","src":"https:\/\/i0.wp.com\/www.diariodeouropreto.com.br\/wp-content\/uploads\/2023\/03\/My-project-1.jpg?resize=350%2C200&ssl=1","width":350,"height":200,"srcset":"https:\/\/i0.wp.com\/www.diariodeouropreto.com.br\/wp-content\/uploads\/2023\/03\/My-project-1.jpg?resize=350%2C200&ssl=1 1x, https:\/\/i0.wp.com\/www.diariodeouropreto.com.br\/wp-content\/uploads\/2023\/03\/My-project-1.jpg?resize=525%2C300&ssl=1 1.5x, https:\/\/i0.wp.com\/www.diariodeouropreto.com.br\/wp-content\/uploads\/2023\/03\/My-project-1.jpg?resize=700%2C400&ssl=1 2x, https:\/\/i0.wp.com\/www.diariodeouropreto.com.br\/wp-content\/uploads\/2023\/03\/My-project-1.jpg?resize=1050%2C600&ssl=1 3x"},"classes":[]},{"id":30523,"url":"https:\/\/www.diariodeouropreto.com.br\/pt\/inscricoes-para-concurso-de-servidores-tecnico-administrativos-da-ufop-terminam-na-segunda-4-03\/","url_meta":{"origin":50906,"position":2},"title":"Inscri\u00e7\u00f5es para concurso de servidores t\u00e9cnico-administrativos da UFOP terminam na segunda (4\/03)","author":"Di\u00e1rio de Ouro Preto","date":"29 de Fevereiro de 2024","format":false,"excerpt":"A Universidade Federal de Ouro Preto (UFOP) publica edital de sele\u00e7\u00e3o para provimento de cargos da carreira de servidores t\u00e9cnico-administrativos em Educa\u00e7\u00e3o para compor o quadro de pessoal permanente da Institui\u00e7\u00e3o. Ao todo, s\u00e3o 48 vagas distribu\u00eddas em 20 cargos de n\u00edveis m\u00e9dio, t\u00e9cnico e superior. As inscri\u00e7\u00f5es podem ser\u2026","rel":"","context":"In &quot;Oportunidades&quot;","block_context":{"text":"Oportunidades","link":"https:\/\/www.diariodeouropreto.com.br\/pt\/Editoria\/oportunidades\/"},"img":{"alt_text":"","src":"https:\/\/i0.wp.com\/www.diariodeouropreto.com.br\/wp-content\/uploads\/2022\/02\/campus-ufop.jpg?resize=350%2C200&ssl=1","width":350,"height":200,"srcset":"https:\/\/i0.wp.com\/www.diariodeouropreto.com.br\/wp-content\/uploads\/2022\/02\/campus-ufop.jpg?resize=350%2C200&ssl=1 1x, https:\/\/i0.wp.com\/www.diariodeouropreto.com.br\/wp-content\/uploads\/2022\/02\/campus-ufop.jpg?resize=525%2C300&ssl=1 1.5x, https:\/\/i0.wp.com\/www.diariodeouropreto.com.br\/wp-content\/uploads\/2022\/02\/campus-ufop.jpg?resize=700%2C400&ssl=1 2x, https:\/\/i0.wp.com\/www.diariodeouropreto.com.br\/wp-content\/uploads\/2022\/02\/campus-ufop.jpg?resize=1050%2C600&ssl=1 3x"},"classes":[]},{"id":44510,"url":"https:\/\/www.diariodeouropreto.com.br\/pt\/governo-de-minas-anuncia-novo-concurso-publico-da-educacao-com-13-795-mil-vagas\/","url_meta":{"origin":50906,"position":3},"title":"Governo de Minas anuncia novo concurso p\u00fablico da Educa\u00e7\u00e3o com 13.795 mil vagas","author":"Di\u00e1rio de Ouro Preto","date":"16 de Maio de 2025","format":false,"excerpt":"Edital publicado nesta sexta-feira (16\/5) contempla diversas carreiras da rede estadual; inscri\u00e7\u00f5es abrem no pr\u00f3ximo m\u00eas de julho\u00a0 O Governo de Minas Gerais, por meio das secretarias de Estado de Planejamento e Gest\u00e3o (Seplag) e de Educa\u00e7\u00e3o (SEE\/MG), em um movimento estrat\u00e9gico para fortalecer e dinamizar o setor educacional, anuncia\u2026","rel":"","context":"In &quot;Oportunidades&quot;","block_context":{"text":"Oportunidades","link":"https:\/\/www.diariodeouropreto.com.br\/pt\/Editoria\/oportunidades\/"},"img":{"alt_text":"","src":"https:\/\/i0.wp.com\/www.diariodeouropreto.com.br\/wp-content\/uploads\/2025\/05\/GIL_NOMEACAO_PROFESSORES_EDUCACAO_MG_1441__Gil_Leonardi_001.jpg?resize=350%2C200&ssl=1","width":350,"height":200,"srcset":"https:\/\/i0.wp.com\/www.diariodeouropreto.com.br\/wp-content\/uploads\/2025\/05\/GIL_NOMEACAO_PROFESSORES_EDUCACAO_MG_1441__Gil_Leonardi_001.jpg?resize=350%2C200&ssl=1 1x, https:\/\/i0.wp.com\/www.diariodeouropreto.com.br\/wp-content\/uploads\/2025\/05\/GIL_NOMEACAO_PROFESSORES_EDUCACAO_MG_1441__Gil_Leonardi_001.jpg?resize=525%2C300&ssl=1 1.5x, https:\/\/i0.wp.com\/www.diariodeouropreto.com.br\/wp-content\/uploads\/2025\/05\/GIL_NOMEACAO_PROFESSORES_EDUCACAO_MG_1441__Gil_Leonardi_001.jpg?resize=700%2C400&ssl=1 2x"},"classes":[]},{"id":19602,"url":"https:\/\/www.diariodeouropreto.com.br\/pt\/aprovados-em-concurso-publico-cobram-nomeacoes\/","url_meta":{"origin":50906,"position":4},"title":"Aprovados em concurso p\u00fablico cobram nomea\u00e7\u00f5es","author":"Di\u00e1rio de Ouro Preto","date":"30 de Novembro de 2022","format":false,"excerpt":"Excedentes alegam que medida seria mais econ\u00f4mica para o Estado e que deficit de pessoal compromete o trabalho das for\u00e7as de seguran\u00e7a p\u00fablica Aprovados em concursos p\u00fablicos para as for\u00e7as de seguran\u00e7a do Estado cobraram as nomea\u00e7\u00f5es para os cargos, durante reuni\u00e3o realizada nesta ter\u00e7a-feira (29\/11\/22) na Assembleia Legislativa de\u2026","rel":"","context":"In &quot;Minas Gerais&quot;","block_context":{"text":"Minas Gerais","link":"https:\/\/www.diariodeouropreto.com.br\/pt\/Editoria\/minas-gerais\/"},"img":{"alt_text":"","src":"https:\/\/i0.wp.com\/www.diariodeouropreto.com.br\/wp-content\/uploads\/2022\/11\/1719639.jpg?resize=350%2C200&ssl=1","width":350,"height":200,"srcset":"https:\/\/i0.wp.com\/www.diariodeouropreto.com.br\/wp-content\/uploads\/2022\/11\/1719639.jpg?resize=350%2C200&ssl=1 1x, https:\/\/i0.wp.com\/www.diariodeouropreto.com.br\/wp-content\/uploads\/2022\/11\/1719639.jpg?resize=525%2C300&ssl=1 1.5x, https:\/\/i0.wp.com\/www.diariodeouropreto.com.br\/wp-content\/uploads\/2022\/11\/1719639.jpg?resize=700%2C400&ssl=1 2x, https:\/\/i0.wp.com\/www.diariodeouropreto.com.br\/wp-content\/uploads\/2022\/11\/1719639.jpg?resize=1050%2C600&ssl=1 3x"},"classes":[]},{"id":38941,"url":"https:\/\/www.diariodeouropreto.com.br\/pt\/governador-e-vice-governador-acompanham-operacao-de-bombeiros-e-civis-vitimas-de-acidente-aereo\/","url_meta":{"origin":50906,"position":5},"title":"Governador e Vice-Governador acompanham opera\u00e7\u00e3o de bombeiros e civis v\u00edtimas de acidente a\u00e9reo","author":"Di\u00e1rio de Ouro Preto","date":"12 de Outubro de 2024","format":false,"excerpt":"Romeu Zema retornou de viagem e se direcionou imediatamente para o local O governador Romeu Zema e o vice-governador Professor Mateus estiveram na tarde deste s\u00e1bado (12\/10) no Batalh\u00e3o de Opera\u00e7\u00f5es A\u00e9reas do Corpo de Bombeiros Militar de Minas Gerais (CBMMG), na regi\u00e3o da Pampulha, em Belo Horizonte, para prestar\u2026","rel":"","context":"In &quot;Minas Gerais&quot;","block_context":{"text":"Minas Gerais","link":"https:\/\/www.diariodeouropreto.com.br\/pt\/Editoria\/minas-gerais\/"},"img":{"alt_text":"","src":"https:\/\/i0.wp.com\/www.diariodeouropreto.com.br\/wp-content\/uploads\/2024\/10\/WhatsApp-Image-2024-10-12-at-19.27.15_76d6999a.jpg?resize=350%2C200&ssl=1","width":350,"height":200,"srcset":"https:\/\/i0.wp.com\/www.diariodeouropreto.com.br\/wp-content\/uploads\/2024\/10\/WhatsApp-Image-2024-10-12-at-19.27.15_76d6999a.jpg?resize=350%2C200&ssl=1 1x, https:\/\/i0.wp.com\/www.diariodeouropreto.com.br\/wp-content\/uploads\/2024\/10\/WhatsApp-Image-2024-10-12-at-19.27.15_76d6999a.jpg?resize=525%2C300&ssl=1 1.5x, https:\/\/i0.wp.com\/www.diariodeouropreto.com.br\/wp-content\/uploads\/2024\/10\/WhatsApp-Image-2024-10-12-at-19.27.15_76d6999a.jpg?resize=700%2C400&ssl=1 2x, https:\/\/i0.wp.com\/www.diariodeouropreto.com.br\/wp-content\/uploads\/2024\/10\/WhatsApp-Image-2024-10-12-at-19.27.15_76d6999a.jpg?resize=1050%2C600&ssl=1 3x"},"classes":[]}],"jetpack_sharing_enabled":true,"amp_enabled":true,"_links":{"self":[{"href":"https:\/\/www.diariodeouropreto.com.br\/pt\/wp-json\/wp\/v2\/posts\/50906","targetHints":{"allow":["GET"]}}],"collection":[{"href":"https:\/\/www.diariodeouropreto.com.br\/pt\/wp-json\/wp\/v2\/posts"}],"about":[{"href":"https:\/\/www.diariodeouropreto.com.br\/pt\/wp-json\/wp\/v2\/types\/post"}],"author":[{"embeddable":true,"href":"https:\/\/www.diariodeouropreto.com.br\/pt\/wp-json\/wp\/v2\/users\/1"}],"replies":[{"embeddable":true,"href":"https:\/\/www.diariodeouropreto.com.br\/pt\/wp-json\/wp\/v2\/comments?post=50906"}],"version-history":[{"count":1,"href":"https:\/\/www.diariodeouropreto.com.br\/pt\/wp-json\/wp\/v2\/posts\/50906\/revisions"}],"predecessor-version":[{"id":50921,"href":"https:\/\/www.diariodeouropreto.com.br\/pt\/wp-json\/wp\/v2\/posts\/50906\/revisions\/50921"}],"wp:featuredmedia":[{"embeddable":true,"href":"https:\/\/www.diariodeouropreto.com.br\/pt\/wp-json\/wp\/v2\/media\/50920"}],"wp:attachment":[{"href":"https:\/\/www.diariodeouropreto.com.br\/pt\/wp-json\/wp\/v2\/media?parent=50906"}],"wp:term":[{"taxonomy":"category","embeddable":true,"href":"https:\/\/www.diariodeouropreto.com.br\/pt\/wp-json\/wp\/v2\/categories?post=50906"},{"taxonomy":"post_tag","embeddable":true,"href":"https:\/\/www.diariodeouropreto.com.br\/pt\/wp-json\/wp\/v2\/tags?post=50906"}],"curies":[{"name":"wp","href":"https:\/\/api.w.org\/{rel}","templated":true}]}}