{"id":50890,"date":"2026-03-14T17:01:40","date_gmt":"2026-03-14T20:01:40","guid":{"rendered":"https:\/\/www.diariodeouropreto.com.br\/?p=50890"},"modified":"2026-03-14T17:09:14","modified_gmt":"2026-03-14T20:09:14","slug":"bella-goncalves-propoe-cpi-contra-o-feminicidio-na-almg-para-investigar-porque-zema-nao-usou-orcamento-previsto-para-proteger-mulheres","status":"publish","type":"post","link":"https:\/\/www.diariodeouropreto.com.br\/pt\/bella-goncalves-propoe-cpi-contra-o-feminicidio-na-almg-para-investigar-porque-zema-nao-usou-orcamento-previsto-para-proteger-mulheres\/","title":{"rendered":"Bella Gon\u00e7alves prop\u00f5e CPI contra o Feminic\u00eddio na ALMG para investigar porque Zema n\u00e3o usou or\u00e7amento previsto para proteger mulheres"},"content":{"rendered":"\n<p><strong>Deputada denunciou governador por ainda n\u00e3o ter assinado o Pacto Nacional de Preven\u00e7\u00e3o ao Feminic\u00eddio e por falta de investimento em programas como a Patrulha Maria da Penha, delegacias de mulheres e programas de gera\u00e7\u00e3o de renda para mulheres\u00a0\u00a0\u00a0\u00a0<\/strong><\/p>\n\n\n\n<p><em><br><\/em>A deputada estadual Bella Gon\u00e7alves prop\u00f4s nesta quinta-feira (12\/03) a abertura de uma Comiss\u00e3o Parlamentar de Inqu\u00e9rito (CPI) na Assembleia Legislativa de Minas Gerais (ALMG) para investigar porque o governador Romeu Zema e seu governo decidiram n\u00e3o utilizar valores previstos no or\u00e7amento para a\u00e7\u00f5es de preven\u00e7\u00e3o ao feminic\u00eddio e de prote\u00e7\u00e3o \u00e0s mulheres.&nbsp;<\/p>\n\n\n\n<p>A proposta foi realizada no &#8220;Ciclo de Debates Sempre Vivas 2026 &#8211; Educar, Decidir, Efetivar: bases para enfrentar o feminic\u00eddio e as viol\u00eancias contra as mulheres e garantir direitos&#8221;, na presen\u00e7a das deputadas Lohanna, l\u00edder da bancada feminista, e Ana Paula, presidenta da Comiss\u00e3o de Defesa dos Direitos da Mulher na ALMG.&nbsp;<\/p>\n\n\n\n<p>Bella apontou a import\u00e2ncia desta CPI no cen\u00e1rio de crescimento da viol\u00eancia em Minas Gerais. Segundo dados da Secretaria de Justi\u00e7a e Seguran\u00e7a P\u00fablica (Sejusp), o estado tem m\u00e9dia de um feminic\u00eddio a cada dois dias. Em 2025, foram 139 casos e 156 tentativas. S\u00f3 em Belo Horizonte, 14 mulheres foram assassinadas e houve 22 tentativas de feminic\u00eddio. \u00c9 importante destacar que o governo Zema paralisou o programa &#8220;Mulher: Viver sem viol\u00eancia&#8221;, que atuava na prote\u00e7\u00e3o das mulheres.&nbsp;<\/p>\n\n\n\n<div id=\"110712\" class=\"advads-saneouro advads-entity-placement\" style=\"margin-left: auto;margin-right: auto;text-align: center;\"><a href=\"https:\/\/www.saneouro.com.br\/\" target=\"_blank\" aria-label=\"DOP_Site\" data-wpel-link=\"external\" rel=\"follow external noopener noreferrer sponsored ugc\"><img src=\"https:\/\/www.diariodeouropreto.com.br\/wp-content\/uploads\/2026\/04\/DOP_Site.jpg\" alt=\"\"  srcset=\"https:\/\/www.diariodeouropreto.com.br\/wp-content\/uploads\/2026\/04\/DOP_Site.jpg 301w, https:\/\/www.diariodeouropreto.com.br\/wp-content\/uploads\/2026\/04\/DOP_Site-180x150.jpg 180w, https:\/\/www.diariodeouropreto.com.br\/wp-content\/uploads\/2026\/04\/DOP_Site-14x12.jpg 14w\" sizes=\"(max-width: 301px) 100vw, 301px\" width=\"301\" height=\"251\"  style=\"display: inline-block;\" \/><\/a><\/div><p>Dentre outras cr\u00edticas, a parlamentar denunciou Zema por ainda n\u00e3o ter assinado o Pacto Nacional de Preven\u00e7\u00e3o ao Feminic\u00eddio. &#8220;Por que n\u00e3o \u00e9 investido mais recurso na amplia\u00e7\u00e3o do programa Patrulha Maria da Penha [que integra o servi\u00e7o da Preven\u00e7\u00e3o \u00e0 Viol\u00eancia Dom\u00e9stica (PPVD) da Pol\u00edcia Militar]? Por que n\u00e3o s\u00e3o ampliadas as delegacias para acolhimento de mulheres? O recurso deveria ser investido na amplia\u00e7\u00e3o de cons\u00f3rcios de casas, de programas de gera\u00e7\u00e3o de renda para mulheres&#8221;, afirmou Bella.<\/p>\n\n\n\n<div id=\"50321\" class=\"advads-plantao advads-entity-placement\"><a href=\"https:\/\/www.diariodeouropreto.com.br\/\" target=\"_blank\" aria-label=\"site &#8211; noticia\" data-wpel-link=\"external\" rel=\"follow external noopener noreferrer sponsored ugc\"><img src=\"https:\/\/www.diariodeouropreto.com.br\/wp-content\/uploads\/2019\/09\/titulosite2-e1616373489755.jpg\" alt=\"\"  srcset=\"https:\/\/www.diariodeouropreto.com.br\/wp-content\/uploads\/2019\/09\/titulosite2-e1616373489755.jpg 1200w, https:\/\/www.diariodeouropreto.com.br\/wp-content\/uploads\/2019\/09\/titulosite2-e1616373489755-150x38.jpg 150w, https:\/\/www.diariodeouropreto.com.br\/wp-content\/uploads\/2019\/09\/titulosite2-e1616373489755-660x167.jpg 660w, https:\/\/www.diariodeouropreto.com.br\/wp-content\/uploads\/2019\/09\/titulosite2-e1616373489755-768x194.jpg 768w, https:\/\/www.diariodeouropreto.com.br\/wp-content\/uploads\/2019\/09\/titulosite2-e1616373489755-1000x252.jpg 1000w, https:\/\/www.diariodeouropreto.com.br\/wp-content\/uploads\/2019\/09\/titulosite2-e1616373489755-1536x388.jpg 1536w, https:\/\/www.diariodeouropreto.com.br\/wp-content\/uploads\/2019\/09\/titulosite2-e1616373489755-2048x517.jpg 2048w\" sizes=\"(max-width: 1200px) 100vw, 1200px\" width=\"1200\" height=\"303\"  style=\"display: inline-block;\" \/><\/a><\/div><p>Fonte: Assessoria Parlamentar Bella Gon\u00e7alves<\/p>\n\n\n\n<p><\/p>\n","protected":false},"excerpt":{"rendered":"<p>Deputada denunciou governador por ainda n\u00e3o ter assinado o Pacto Nacional de Preven\u00e7\u00e3o ao Feminic\u00eddio e por falta de investimento em programas como a Patrulha Maria da Penha, delegacias de mulheres e programas de gera\u00e7\u00e3o de renda para mulheres\u00a0\u00a0\u00a0\u00a0 A deputada estadual Bella Gon\u00e7alves prop\u00f4s nesta quinta-feira (12\/03) a abertura<span class=\"more-link\"><a href=\"https:\/\/www.diariodeouropreto.com.br\/pt\/bella-goncalves-propoe-cpi-contra-o-feminicidio-na-almg-para-investigar-porque-zema-nao-usou-orcamento-previsto-para-proteger-mulheres\/\" data-wpel-link=\"internal\">Continue Lendo<\/a><\/span><\/p>","protected":false},"author":1,"featured_media":32349,"comment_status":"closed","ping_status":"closed","sticky":false,"template":"","format":"standard","meta":{"_jetpack_memberships_contains_paid_content":false,"footnotes":"","jetpack_publicize_message":"Deputada denunciou governador por ainda n\u00e3o ter assinado o Pacto Nacional de Preven\u00e7\u00e3o ao Feminic\u00eddio e por falta de investimento em programas como a Patrulha Maria da Penha, delegacias de mulheres e programas de gera\u00e7\u00e3o de renda para mulheres\u00a0\u00a0\u00a0\u00a0","jetpack_publicize_feature_enabled":true,"jetpack_social_post_already_shared":false,"jetpack_social_options":{"image_generator_settings":{"template":"highway","default_image_id":0,"font":"","enabled":false},"version":2}},"categories":[46],"tags":[],"class_list":["entry","author-diario","post-50890","post","type-post","status-publish","format-standard","has-post-thumbnail","category-politica"],"yoast_head":"<!-- This site is optimized with the Yoast SEO plugin v27.5 - https:\/\/yoast.com\/product\/yoast-seo-wordpress\/ -->\n<title>Bella Gon\u00e7alves prop\u00f5e CPI contra o Feminic\u00eddio na ALMG para investigar porque Zema n\u00e3o usou or\u00e7amento previsto para proteger mulheres - Di\u00e1rio de Ouro Preto<\/title>\n<meta name=\"description\" content=\"Deputada denunciou governador por ainda n\u00e3o ter assinado o Pacto Nacional de Preven\u00e7\u00e3o ao Feminic\u00eddio e por falta de investimento em programas como a Patrulha Maria da Penha, delegacias de mulheres e programas de gera\u00e7\u00e3o de renda para mulheres\u00a0\u00a0\u00a0\u00a0- Bella Gon\u00e7alves prop\u00f5e CPI contra o Feminic\u00eddio na ALMG para investigar porque Zema n\u00e3o usou or\u00e7amento previsto para proteger mulheres - Pol\u00edtica\" \/>\n<meta name=\"robots\" content=\"index, follow, max-snippet:-1, max-image-preview:large, max-video-preview:-1\" \/>\n<link rel=\"canonical\" href=\"https:\/\/www.diariodeouropreto.com.br\/pt\/bella-goncalves-propoe-cpi-contra-o-feminicidio-na-almg-para-investigar-porque-zema-nao-usou-orcamento-previsto-para-proteger-mulheres\/\" \/>\n<meta property=\"og:locale\" content=\"pt_PT\" \/>\n<meta property=\"og:type\" content=\"article\" \/>\n<meta property=\"og:title\" content=\"Bella Gon\u00e7alves prop\u00f5e CPI contra o Feminic\u00eddio na ALMG para investigar porque Zema n\u00e3o usou or\u00e7amento previsto para proteger mulheres - Di\u00e1rio de Ouro Preto\" \/>\n<meta property=\"og:description\" content=\"Deputada denunciou governador por ainda n\u00e3o ter assinado o Pacto Nacional de Preven\u00e7\u00e3o ao Feminic\u00eddio e por falta de investimento em programas como a Patrulha Maria da Penha, delegacias de mulheres e programas de gera\u00e7\u00e3o de renda para mulheres\u00a0\u00a0\u00a0\u00a0- Bella Gon\u00e7alves prop\u00f5e CPI contra o Feminic\u00eddio na ALMG para investigar porque Zema n\u00e3o usou or\u00e7amento previsto para proteger mulheres - Pol\u00edtica\" \/>\n<meta property=\"og:url\" content=\"https:\/\/www.diariodeouropreto.com.br\/pt\/bella-goncalves-propoe-cpi-contra-o-feminicidio-na-almg-para-investigar-porque-zema-nao-usou-orcamento-previsto-para-proteger-mulheres\/\" \/>\n<meta property=\"og:site_name\" content=\"Di\u00e1rio de Ouro Preto\" \/>\n<meta property=\"article:publisher\" content=\"https:\/\/www.facebook.com\/diariodeouropreto\/\" \/>\n<meta property=\"article:published_time\" content=\"2026-03-14T20:01:40+00:00\" \/>\n<meta property=\"article:modified_time\" content=\"2026-03-14T20:09:14+00:00\" \/>\n<meta property=\"og:image\" content=\"https:\/\/www.diariodeouropreto.com.br\/wp-content\/uploads\/2024\/04\/Bella-Goncalves-deputada-estadual-PSOL-MG-Guilherme-Bergamini.jpg\" \/>\n\t<meta property=\"og:image:width\" content=\"640\" \/>\n\t<meta property=\"og:image:height\" content=\"427\" \/>\n\t<meta property=\"og:image:type\" content=\"image\/jpeg\" \/>\n<meta name=\"author\" content=\"Di\u00e1rio de Ouro Preto\" \/>\n<meta name=\"twitter:card\" content=\"summary_large_image\" \/>\n<meta name=\"twitter:label1\" content=\"Escrito por\" \/>\n\t<meta name=\"twitter:data1\" content=\"Di\u00e1rio de Ouro Preto\" \/>\n\t<meta name=\"twitter:label2\" content=\"Tempo estimado de leitura\" \/>\n\t<meta name=\"twitter:data2\" content=\"2 minutos\" \/>\n<script type=\"application\/ld+json\" class=\"yoast-schema-graph\">{\"@context\":\"https:\\\/\\\/schema.org\",\"@graph\":[{\"@type\":\"Article\",\"@id\":\"https:\\\/\\\/www.diariodeouropreto.com.br\\\/bella-goncalves-propoe-cpi-contra-o-feminicidio-na-almg-para-investigar-porque-zema-nao-usou-orcamento-previsto-para-proteger-mulheres\\\/#article\",\"isPartOf\":{\"@id\":\"https:\\\/\\\/www.diariodeouropreto.com.br\\\/bella-goncalves-propoe-cpi-contra-o-feminicidio-na-almg-para-investigar-porque-zema-nao-usou-orcamento-previsto-para-proteger-mulheres\\\/\"},\"author\":{\"name\":\"Di\u00e1rio de Ouro Preto\",\"@id\":\"https:\\\/\\\/www.diariodeouropreto.com.br\\\/pt\\\/#\\\/schema\\\/person\\\/7654e7b471204a6dab6dc0ce6e140c99\"},\"headline\":\"Bella Gon\u00e7alves prop\u00f5e CPI contra o Feminic\u00eddio na ALMG para investigar porque Zema n\u00e3o usou or\u00e7amento previsto para proteger mulheres\",\"datePublished\":\"2026-03-14T20:01:40+00:00\",\"dateModified\":\"2026-03-14T20:09:14+00:00\",\"mainEntityOfPage\":{\"@id\":\"https:\\\/\\\/www.diariodeouropreto.com.br\\\/bella-goncalves-propoe-cpi-contra-o-feminicidio-na-almg-para-investigar-porque-zema-nao-usou-orcamento-previsto-para-proteger-mulheres\\\/\"},\"wordCount\":371,\"publisher\":{\"@id\":\"https:\\\/\\\/www.diariodeouropreto.com.br\\\/pt\\\/#organization\"},\"image\":{\"@id\":\"https:\\\/\\\/www.diariodeouropreto.com.br\\\/bella-goncalves-propoe-cpi-contra-o-feminicidio-na-almg-para-investigar-porque-zema-nao-usou-orcamento-previsto-para-proteger-mulheres\\\/#primaryimage\"},\"thumbnailUrl\":\"https:\\\/\\\/www.diariodeouropreto.com.br\\\/wp-content\\\/uploads\\\/2024\\\/04\\\/Bella-Goncalves-deputada-estadual-PSOL-MG-Guilherme-Bergamini.jpg\",\"articleSection\":[\"Pol\u00edtica\"],\"inLanguage\":\"pt-PT\"},{\"@type\":\"WebPage\",\"@id\":\"https:\\\/\\\/www.diariodeouropreto.com.br\\\/bella-goncalves-propoe-cpi-contra-o-feminicidio-na-almg-para-investigar-porque-zema-nao-usou-orcamento-previsto-para-proteger-mulheres\\\/\",\"url\":\"https:\\\/\\\/www.diariodeouropreto.com.br\\\/bella-goncalves-propoe-cpi-contra-o-feminicidio-na-almg-para-investigar-porque-zema-nao-usou-orcamento-previsto-para-proteger-mulheres\\\/\",\"name\":\"Bella Gon\u00e7alves prop\u00f5e CPI contra o Feminic\u00eddio na ALMG para investigar porque Zema n\u00e3o usou or\u00e7amento previsto para proteger mulheres - Di\u00e1rio de Ouro Preto\",\"isPartOf\":{\"@id\":\"https:\\\/\\\/www.diariodeouropreto.com.br\\\/pt\\\/#website\"},\"primaryImageOfPage\":{\"@id\":\"https:\\\/\\\/www.diariodeouropreto.com.br\\\/bella-goncalves-propoe-cpi-contra-o-feminicidio-na-almg-para-investigar-porque-zema-nao-usou-orcamento-previsto-para-proteger-mulheres\\\/#primaryimage\"},\"image\":{\"@id\":\"https:\\\/\\\/www.diariodeouropreto.com.br\\\/bella-goncalves-propoe-cpi-contra-o-feminicidio-na-almg-para-investigar-porque-zema-nao-usou-orcamento-previsto-para-proteger-mulheres\\\/#primaryimage\"},\"thumbnailUrl\":\"https:\\\/\\\/www.diariodeouropreto.com.br\\\/wp-content\\\/uploads\\\/2024\\\/04\\\/Bella-Goncalves-deputada-estadual-PSOL-MG-Guilherme-Bergamini.jpg\",\"datePublished\":\"2026-03-14T20:01:40+00:00\",\"dateModified\":\"2026-03-14T20:09:14+00:00\",\"description\":\"Deputada denunciou governador por ainda n\u00e3o ter assinado o Pacto Nacional de Preven\u00e7\u00e3o ao Feminic\u00eddio e por falta de investimento em programas como a Patrulha Maria da Penha, delegacias de mulheres e programas de gera\u00e7\u00e3o de renda para mulheres\u00a0\u00a0\u00a0\u00a0- Bella Gon\u00e7alves prop\u00f5e CPI contra o Feminic\u00eddio na ALMG para investigar porque Zema n\u00e3o usou or\u00e7amento previsto para proteger mulheres - Pol\u00edtica\",\"breadcrumb\":{\"@id\":\"https:\\\/\\\/www.diariodeouropreto.com.br\\\/bella-goncalves-propoe-cpi-contra-o-feminicidio-na-almg-para-investigar-porque-zema-nao-usou-orcamento-previsto-para-proteger-mulheres\\\/#breadcrumb\"},\"inLanguage\":\"pt-PT\",\"potentialAction\":[{\"@type\":\"ReadAction\",\"target\":[\"https:\\\/\\\/www.diariodeouropreto.com.br\\\/bella-goncalves-propoe-cpi-contra-o-feminicidio-na-almg-para-investigar-porque-zema-nao-usou-orcamento-previsto-para-proteger-mulheres\\\/\"]}]},{\"@type\":\"ImageObject\",\"inLanguage\":\"pt-PT\",\"@id\":\"https:\\\/\\\/www.diariodeouropreto.com.br\\\/bella-goncalves-propoe-cpi-contra-o-feminicidio-na-almg-para-investigar-porque-zema-nao-usou-orcamento-previsto-para-proteger-mulheres\\\/#primaryimage\",\"url\":\"https:\\\/\\\/www.diariodeouropreto.com.br\\\/wp-content\\\/uploads\\\/2024\\\/04\\\/Bella-Goncalves-deputada-estadual-PSOL-MG-Guilherme-Bergamini.jpg\",\"contentUrl\":\"https:\\\/\\\/www.diariodeouropreto.com.br\\\/wp-content\\\/uploads\\\/2024\\\/04\\\/Bella-Goncalves-deputada-estadual-PSOL-MG-Guilherme-Bergamini.jpg\",\"width\":640,\"height\":427},{\"@type\":\"BreadcrumbList\",\"@id\":\"https:\\\/\\\/www.diariodeouropreto.com.br\\\/bella-goncalves-propoe-cpi-contra-o-feminicidio-na-almg-para-investigar-porque-zema-nao-usou-orcamento-previsto-para-proteger-mulheres\\\/#breadcrumb\",\"itemListElement\":[{\"@type\":\"ListItem\",\"position\":1,\"name\":\"In\u00edcio\",\"item\":\"https:\\\/\\\/www.diariodeouropreto.com.br\\\/pt\\\/\"},{\"@type\":\"ListItem\",\"position\":2,\"name\":\"Bella Gon\u00e7alves prop\u00f5e CPI contra o Feminic\u00eddio na ALMG para investigar porque Zema n\u00e3o usou or\u00e7amento previsto para proteger mulheres\"}]},{\"@type\":\"WebSite\",\"@id\":\"https:\\\/\\\/www.diariodeouropreto.com.br\\\/pt\\\/#website\",\"url\":\"https:\\\/\\\/www.diariodeouropreto.com.br\\\/pt\\\/\",\"name\":\"Di\u00e1rio de Ouro Preto\",\"description\":\"Not\u00edcias Ouro Preto; Mariana;Minas Gerais;Jornal;Jornalismo;Not\u00edcias;\",\"publisher\":{\"@id\":\"https:\\\/\\\/www.diariodeouropreto.com.br\\\/pt\\\/#organization\"},\"alternateName\":\"Jornal di\u00e1rio de Ouro Preto\",\"potentialAction\":[{\"@type\":\"SearchAction\",\"target\":{\"@type\":\"EntryPoint\",\"urlTemplate\":\"https:\\\/\\\/www.diariodeouropreto.com.br\\\/pt\\\/?s={search_term_string}\"},\"query-input\":{\"@type\":\"PropertyValueSpecification\",\"valueRequired\":true,\"valueName\":\"search_term_string\"}}],\"inLanguage\":\"pt-PT\"},{\"@type\":\"Organization\",\"@id\":\"https:\\\/\\\/www.diariodeouropreto.com.br\\\/pt\\\/#organization\",\"name\":\"Di\u00e1rio de Ouro Preto\",\"alternateName\":\"Jornal di\u00e1rio Ouro Preto\",\"url\":\"https:\\\/\\\/www.diariodeouropreto.com.br\\\/pt\\\/\",\"logo\":{\"@type\":\"ImageObject\",\"inLanguage\":\"pt-PT\",\"@id\":\"https:\\\/\\\/www.diariodeouropreto.com.br\\\/pt\\\/#\\\/schema\\\/logo\\\/image\\\/\",\"url\":\"https:\\\/\\\/www.diariodeouropreto.com.br\\\/wp-content\\\/uploads\\\/2019\\\/06\\\/cropped-logotransp-2.png\",\"contentUrl\":\"https:\\\/\\\/www.diariodeouropreto.com.br\\\/wp-content\\\/uploads\\\/2019\\\/06\\\/cropped-logotransp-2.png\",\"width\":1323,\"height\":251,\"caption\":\"Di\u00e1rio de Ouro Preto\"},\"image\":{\"@id\":\"https:\\\/\\\/www.diariodeouropreto.com.br\\\/pt\\\/#\\\/schema\\\/logo\\\/image\\\/\"},\"sameAs\":[\"https:\\\/\\\/www.facebook.com\\\/diariodeouropreto\\\/\"]},{\"@type\":\"Person\",\"@id\":\"https:\\\/\\\/www.diariodeouropreto.com.br\\\/pt\\\/#\\\/schema\\\/person\\\/7654e7b471204a6dab6dc0ce6e140c99\",\"name\":\"Di\u00e1rio de Ouro Preto\",\"sameAs\":[\"http:\\\/\\\/www.diariodeouropreto.com.br\"],\"url\":\"https:\\\/\\\/www.diariodeouropreto.com.br\\\/pt\\\/author\\\/diario\\\/\"}]}<\/script>\n<!-- \/ Yoast SEO plugin. -->","yoast_head_json":{"title":"Bella Gon\u00e7alves prop\u00f5e CPI contra o Feminic\u00eddio na ALMG para investigar porque Zema n\u00e3o usou or\u00e7amento previsto para proteger mulheres - Di\u00e1rio de Ouro Preto","description":"Deputada denunciou governador por ainda n\u00e3o ter assinado o Pacto Nacional de Preven\u00e7\u00e3o ao Feminic\u00eddio e por falta de investimento em programas como a Patrulha Maria da Penha, delegacias de mulheres e programas de gera\u00e7\u00e3o de renda para mulheres\u00a0\u00a0\u00a0\u00a0- Bella Gon\u00e7alves prop\u00f5e CPI contra o Feminic\u00eddio na ALMG para investigar porque Zema n\u00e3o usou or\u00e7amento previsto para proteger mulheres - Pol\u00edtica","robots":{"index":"index","follow":"follow","max-snippet":"max-snippet:-1","max-image-preview":"max-image-preview:large","max-video-preview":"max-video-preview:-1"},"canonical":"https:\/\/www.diariodeouropreto.com.br\/pt\/bella-goncalves-propoe-cpi-contra-o-feminicidio-na-almg-para-investigar-porque-zema-nao-usou-orcamento-previsto-para-proteger-mulheres\/","og_locale":"pt_PT","og_type":"article","og_title":"Bella Gon\u00e7alves prop\u00f5e CPI contra o Feminic\u00eddio na ALMG para investigar porque Zema n\u00e3o usou or\u00e7amento previsto para proteger mulheres - Di\u00e1rio de Ouro Preto","og_description":"Deputada denunciou governador por ainda n\u00e3o ter assinado o Pacto Nacional de Preven\u00e7\u00e3o ao Feminic\u00eddio e por falta de investimento em programas como a Patrulha Maria da Penha, delegacias de mulheres e programas de gera\u00e7\u00e3o de renda para mulheres\u00a0\u00a0\u00a0\u00a0- Bella Gon\u00e7alves prop\u00f5e CPI contra o Feminic\u00eddio na ALMG para investigar porque Zema n\u00e3o usou or\u00e7amento previsto para proteger mulheres - Pol\u00edtica","og_url":"https:\/\/www.diariodeouropreto.com.br\/pt\/bella-goncalves-propoe-cpi-contra-o-feminicidio-na-almg-para-investigar-porque-zema-nao-usou-orcamento-previsto-para-proteger-mulheres\/","og_site_name":"Di\u00e1rio de Ouro Preto","article_publisher":"https:\/\/www.facebook.com\/diariodeouropreto\/","article_published_time":"2026-03-14T20:01:40+00:00","article_modified_time":"2026-03-14T20:09:14+00:00","og_image":[{"width":640,"height":427,"url":"https:\/\/www.diariodeouropreto.com.br\/wp-content\/uploads\/2024\/04\/Bella-Goncalves-deputada-estadual-PSOL-MG-Guilherme-Bergamini.jpg","type":"image\/jpeg"}],"author":"Di\u00e1rio de Ouro Preto","twitter_card":"summary_large_image","twitter_misc":{"Escrito por":"Di\u00e1rio de Ouro Preto","Tempo estimado de leitura":"2 minutos"},"schema":{"@context":"https:\/\/schema.org","@graph":[{"@type":"Article","@id":"https:\/\/www.diariodeouropreto.com.br\/bella-goncalves-propoe-cpi-contra-o-feminicidio-na-almg-para-investigar-porque-zema-nao-usou-orcamento-previsto-para-proteger-mulheres\/#article","isPartOf":{"@id":"https:\/\/www.diariodeouropreto.com.br\/bella-goncalves-propoe-cpi-contra-o-feminicidio-na-almg-para-investigar-porque-zema-nao-usou-orcamento-previsto-para-proteger-mulheres\/"},"author":{"name":"Di\u00e1rio de Ouro Preto","@id":"https:\/\/www.diariodeouropreto.com.br\/pt\/#\/schema\/person\/7654e7b471204a6dab6dc0ce6e140c99"},"headline":"Bella Gon\u00e7alves prop\u00f5e CPI contra o Feminic\u00eddio na ALMG para investigar porque Zema n\u00e3o usou or\u00e7amento previsto para proteger mulheres","datePublished":"2026-03-14T20:01:40+00:00","dateModified":"2026-03-14T20:09:14+00:00","mainEntityOfPage":{"@id":"https:\/\/www.diariodeouropreto.com.br\/bella-goncalves-propoe-cpi-contra-o-feminicidio-na-almg-para-investigar-porque-zema-nao-usou-orcamento-previsto-para-proteger-mulheres\/"},"wordCount":371,"publisher":{"@id":"https:\/\/www.diariodeouropreto.com.br\/pt\/#organization"},"image":{"@id":"https:\/\/www.diariodeouropreto.com.br\/bella-goncalves-propoe-cpi-contra-o-feminicidio-na-almg-para-investigar-porque-zema-nao-usou-orcamento-previsto-para-proteger-mulheres\/#primaryimage"},"thumbnailUrl":"https:\/\/www.diariodeouropreto.com.br\/wp-content\/uploads\/2024\/04\/Bella-Goncalves-deputada-estadual-PSOL-MG-Guilherme-Bergamini.jpg","articleSection":["Pol\u00edtica"],"inLanguage":"pt-PT"},{"@type":"WebPage","@id":"https:\/\/www.diariodeouropreto.com.br\/bella-goncalves-propoe-cpi-contra-o-feminicidio-na-almg-para-investigar-porque-zema-nao-usou-orcamento-previsto-para-proteger-mulheres\/","url":"https:\/\/www.diariodeouropreto.com.br\/bella-goncalves-propoe-cpi-contra-o-feminicidio-na-almg-para-investigar-porque-zema-nao-usou-orcamento-previsto-para-proteger-mulheres\/","name":"Bella Gon\u00e7alves prop\u00f5e CPI contra o Feminic\u00eddio na ALMG para investigar porque Zema n\u00e3o usou or\u00e7amento previsto para proteger mulheres - Di\u00e1rio de Ouro Preto","isPartOf":{"@id":"https:\/\/www.diariodeouropreto.com.br\/pt\/#website"},"primaryImageOfPage":{"@id":"https:\/\/www.diariodeouropreto.com.br\/bella-goncalves-propoe-cpi-contra-o-feminicidio-na-almg-para-investigar-porque-zema-nao-usou-orcamento-previsto-para-proteger-mulheres\/#primaryimage"},"image":{"@id":"https:\/\/www.diariodeouropreto.com.br\/bella-goncalves-propoe-cpi-contra-o-feminicidio-na-almg-para-investigar-porque-zema-nao-usou-orcamento-previsto-para-proteger-mulheres\/#primaryimage"},"thumbnailUrl":"https:\/\/www.diariodeouropreto.com.br\/wp-content\/uploads\/2024\/04\/Bella-Goncalves-deputada-estadual-PSOL-MG-Guilherme-Bergamini.jpg","datePublished":"2026-03-14T20:01:40+00:00","dateModified":"2026-03-14T20:09:14+00:00","description":"Deputada denunciou governador por ainda n\u00e3o ter assinado o Pacto Nacional de Preven\u00e7\u00e3o ao Feminic\u00eddio e por falta de investimento em programas como a Patrulha Maria da Penha, delegacias de mulheres e programas de gera\u00e7\u00e3o de renda para mulheres\u00a0\u00a0\u00a0\u00a0- Bella Gon\u00e7alves prop\u00f5e CPI contra o Feminic\u00eddio na ALMG para investigar porque Zema n\u00e3o usou or\u00e7amento previsto para proteger mulheres - Pol\u00edtica","breadcrumb":{"@id":"https:\/\/www.diariodeouropreto.com.br\/bella-goncalves-propoe-cpi-contra-o-feminicidio-na-almg-para-investigar-porque-zema-nao-usou-orcamento-previsto-para-proteger-mulheres\/#breadcrumb"},"inLanguage":"pt-PT","potentialAction":[{"@type":"ReadAction","target":["https:\/\/www.diariodeouropreto.com.br\/bella-goncalves-propoe-cpi-contra-o-feminicidio-na-almg-para-investigar-porque-zema-nao-usou-orcamento-previsto-para-proteger-mulheres\/"]}]},{"@type":"ImageObject","inLanguage":"pt-PT","@id":"https:\/\/www.diariodeouropreto.com.br\/bella-goncalves-propoe-cpi-contra-o-feminicidio-na-almg-para-investigar-porque-zema-nao-usou-orcamento-previsto-para-proteger-mulheres\/#primaryimage","url":"https:\/\/www.diariodeouropreto.com.br\/wp-content\/uploads\/2024\/04\/Bella-Goncalves-deputada-estadual-PSOL-MG-Guilherme-Bergamini.jpg","contentUrl":"https:\/\/www.diariodeouropreto.com.br\/wp-content\/uploads\/2024\/04\/Bella-Goncalves-deputada-estadual-PSOL-MG-Guilherme-Bergamini.jpg","width":640,"height":427},{"@type":"BreadcrumbList","@id":"https:\/\/www.diariodeouropreto.com.br\/bella-goncalves-propoe-cpi-contra-o-feminicidio-na-almg-para-investigar-porque-zema-nao-usou-orcamento-previsto-para-proteger-mulheres\/#breadcrumb","itemListElement":[{"@type":"ListItem","position":1,"name":"In\u00edcio","item":"https:\/\/www.diariodeouropreto.com.br\/pt\/"},{"@type":"ListItem","position":2,"name":"Bella Gon\u00e7alves prop\u00f5e CPI contra o Feminic\u00eddio na ALMG para investigar porque Zema n\u00e3o usou or\u00e7amento previsto para proteger mulheres"}]},{"@type":"WebSite","@id":"https:\/\/www.diariodeouropreto.com.br\/pt\/#website","url":"https:\/\/www.diariodeouropreto.com.br\/pt\/","name":"Di\u00e1rio de Ouro Preto","description":"Not\u00edcias Ouro Preto; Mariana;Minas Gerais;Jornal;Jornalismo;Not\u00edcias;","publisher":{"@id":"https:\/\/www.diariodeouropreto.com.br\/pt\/#organization"},"alternateName":"Jornal di\u00e1rio de Ouro Preto","potentialAction":[{"@type":"SearchAction","target":{"@type":"EntryPoint","urlTemplate":"https:\/\/www.diariodeouropreto.com.br\/pt\/?s={search_term_string}"},"query-input":{"@type":"PropertyValueSpecification","valueRequired":true,"valueName":"search_term_string"}}],"inLanguage":"pt-PT"},{"@type":"Organization","@id":"https:\/\/www.diariodeouropreto.com.br\/pt\/#organization","name":"Di\u00e1rio de Ouro Preto","alternateName":"Jornal di\u00e1rio Ouro Preto","url":"https:\/\/www.diariodeouropreto.com.br\/pt\/","logo":{"@type":"ImageObject","inLanguage":"pt-PT","@id":"https:\/\/www.diariodeouropreto.com.br\/pt\/#\/schema\/logo\/image\/","url":"https:\/\/www.diariodeouropreto.com.br\/wp-content\/uploads\/2019\/06\/cropped-logotransp-2.png","contentUrl":"https:\/\/www.diariodeouropreto.com.br\/wp-content\/uploads\/2019\/06\/cropped-logotransp-2.png","width":1323,"height":251,"caption":"Di\u00e1rio de Ouro Preto"},"image":{"@id":"https:\/\/www.diariodeouropreto.com.br\/pt\/#\/schema\/logo\/image\/"},"sameAs":["https:\/\/www.facebook.com\/diariodeouropreto\/"]},{"@type":"Person","@id":"https:\/\/www.diariodeouropreto.com.br\/pt\/#\/schema\/person\/7654e7b471204a6dab6dc0ce6e140c99","name":"Di\u00e1rio de Ouro Preto","sameAs":["http:\/\/www.diariodeouropreto.com.br"],"url":"https:\/\/www.diariodeouropreto.com.br\/pt\/author\/diario\/"}]}},"jetpack_publicize_connections":[],"jetpack_featured_media_url":"https:\/\/www.diariodeouropreto.com.br\/wp-content\/uploads\/2024\/04\/Bella-Goncalves-deputada-estadual-PSOL-MG-Guilherme-Bergamini.jpg","jetpack-related-posts":[{"id":38847,"url":"https:\/\/www.diariodeouropreto.com.br\/pt\/presidente-sanciona-lei-que-amplia-para-ate-40-anos-a-pena-para-casos-de-feminicidio\/","url_meta":{"origin":50890,"position":0},"title":"Presidente sanciona Lei que amplia para at\u00e9 40 anos a pena para casos de feminic\u00eddio","author":"Di\u00e1rio de Ouro Preto","date":"11 de Outubro de 2024","format":false,"excerpt":"Texto tamb\u00e9m define o feminic\u00eddio como crime aut\u00f4nomo, o que facilita a formula\u00e7\u00e3o de estat\u00edsticas precisas, e amplia pena para les\u00e3o corporal e viol\u00eancia dom\u00e9stica contra mulheres O presidente Luiz In\u00e1cio Lula da Silva sancionou nesta quarta-feira, 9 de outubro, o Projeto de Lei n\u00ba 4.266 de 2023, que torna\u2026","rel":"","context":"In &quot;Brasil&quot;","block_context":{"text":"Brasil","link":"https:\/\/www.diariodeouropreto.com.br\/pt\/Editoria\/brasil\/"},"img":{"alt_text":"","src":"https:\/\/i0.wp.com\/www.diariodeouropreto.com.br\/wp-content\/uploads\/2024\/10\/6e160866-bace-4772-985d-4e78f60f03b5.jpeg?resize=350%2C200&ssl=1","width":350,"height":200,"srcset":"https:\/\/i0.wp.com\/www.diariodeouropreto.com.br\/wp-content\/uploads\/2024\/10\/6e160866-bace-4772-985d-4e78f60f03b5.jpeg?resize=350%2C200&ssl=1 1x, https:\/\/i0.wp.com\/www.diariodeouropreto.com.br\/wp-content\/uploads\/2024\/10\/6e160866-bace-4772-985d-4e78f60f03b5.jpeg?resize=525%2C300&ssl=1 1.5x, https:\/\/i0.wp.com\/www.diariodeouropreto.com.br\/wp-content\/uploads\/2024\/10\/6e160866-bace-4772-985d-4e78f60f03b5.jpeg?resize=700%2C400&ssl=1 2x"},"classes":[]},{"id":36842,"url":"https:\/\/www.diariodeouropreto.com.br\/pt\/governo-federal-lanca-campanha-feminicidio-zero\/","url_meta":{"origin":50890,"position":1},"title":"Governo federal lan\u00e7a campanha Feminic\u00eddio Zero","author":"Di\u00e1rio de Ouro Preto","date":"9 de Agosto de 2024","format":false,"excerpt":"Ao lan\u00e7ar campanha pelo fim do feminic\u00eddio no pa\u00eds, a ministra das Mulheres, Cida Gon\u00e7alves, destacou o crescente n\u00famero de medidas protetivas expedidas em favor das mulheres v\u00edtimas de viol\u00eancia. A cada minuto, pelo menos uma medida protetiva \u00e9 concedida pela Justi\u00e7a. Nos \u00faltimos quatro anos, a m\u00e9dia de medidas\u2026","rel":"","context":"In &quot;Ouro Preto&quot;","block_context":{"text":"Ouro Preto","link":"https:\/\/www.diariodeouropreto.com.br\/pt\/Editoria\/ouro-preto\/"},"img":{"alt_text":"","src":"https:\/\/i0.wp.com\/www.diariodeouropreto.com.br\/wp-content\/uploads\/2024\/08\/mg_8057.jpg?resize=350%2C200&ssl=1","width":350,"height":200,"srcset":"https:\/\/i0.wp.com\/www.diariodeouropreto.com.br\/wp-content\/uploads\/2024\/08\/mg_8057.jpg?resize=350%2C200&ssl=1 1x, https:\/\/i0.wp.com\/www.diariodeouropreto.com.br\/wp-content\/uploads\/2024\/08\/mg_8057.jpg?resize=525%2C300&ssl=1 1.5x, https:\/\/i0.wp.com\/www.diariodeouropreto.com.br\/wp-content\/uploads\/2024\/08\/mg_8057.jpg?resize=700%2C400&ssl=1 2x, https:\/\/i0.wp.com\/www.diariodeouropreto.com.br\/wp-content\/uploads\/2024\/08\/mg_8057.jpg?resize=1050%2C600&ssl=1 3x"},"classes":[]},{"id":50521,"url":"https:\/\/www.diariodeouropreto.com.br\/pt\/oposicao-a-zema-inicia-coleta-de-assinaturas-para-instaurar-cpi-que-investigara-corrupcao-e-conflitos-de-interesse-na-privatizacao-da-copasa\/","url_meta":{"origin":50890,"position":2},"title":"Oposi\u00e7\u00e3o a Zema inicia coleta de assinaturas para instaurar CPI que investigar\u00e1 corrup\u00e7\u00e3o e conflitos de interesse na privatiza\u00e7\u00e3o da Copasa","author":"Di\u00e1rio de Ouro Preto","date":"24 de Fevereiro de 2026","format":false,"excerpt":"A deputada estadual Bella Gon\u00e7alves (PSOL) iniciou nesta ter\u00e7a-feira (24\/02) a coleta de assinaturas para instala\u00e7\u00e3o de Comiss\u00e3o Parlamentar de Inqu\u00e9rito (CPI) na Assembleia Legislativa do Estado de Minas Gerais (ALMG) com o objetivo de apurar esquemas de corrup\u00e7\u00e3o e conflitos de interesse relacionados ao processo de desestatiza\u00e7\u00e3o da Companhia\u2026","rel":"","context":"In &quot;Pol\u00edtica&quot;","block_context":{"text":"Pol\u00edtica","link":"https:\/\/www.diariodeouropreto.com.br\/pt\/Editoria\/politica\/"},"img":{"alt_text":"","src":"https:\/\/i0.wp.com\/www.diariodeouropreto.com.br\/wp-content\/uploads\/2024\/04\/Bella-Goncalves-deputada-estadual-PSOL-MG-Guilherme-Bergamini.jpg?resize=350%2C200&ssl=1","width":350,"height":200,"srcset":"https:\/\/i0.wp.com\/www.diariodeouropreto.com.br\/wp-content\/uploads\/2024\/04\/Bella-Goncalves-deputada-estadual-PSOL-MG-Guilherme-Bergamini.jpg?resize=350%2C200&ssl=1 1x, https:\/\/i0.wp.com\/www.diariodeouropreto.com.br\/wp-content\/uploads\/2024\/04\/Bella-Goncalves-deputada-estadual-PSOL-MG-Guilherme-Bergamini.jpg?resize=525%2C300&ssl=1 1.5x"},"classes":[]},{"id":47620,"url":"https:\/\/www.diariodeouropreto.com.br\/pt\/deputada-convida-secretaria-de-meio-ambiente-para-prestar-esclarecimentos-apos-operacao-da-pf-sobre-esquema-bilionario-de-mineracao-irregular-em-mg\/","url_meta":{"origin":50890,"position":3},"title":"Deputada convida Secret\u00e1ria de Meio Ambiente para prestar esclarecimentos ap\u00f3s opera\u00e7\u00e3o da PF sobre esquema bilion\u00e1rio de minera\u00e7\u00e3o irregular em MG","author":"Di\u00e1rio de Ouro Preto","date":"19 de Setembro de 2025","format":false,"excerpt":"Audi\u00eancia convocada pela parlamentar na ter\u00e7a-feira (16\/09) reuniu den\u00fancias que contribu\u00edram para a deflagra\u00e7\u00e3o da opera\u00e7\u00e3o pela Pol\u00edcia Federal A deputada Bella Gon\u00e7alves, presidente da Comiss\u00e3o de Direitos Humanos da Assembleia Legislativa de Minas Gerais (ALMG), encaminhou um convite \u00e0 Secret\u00e1ria de Meio Ambiente. O objetivo \u00e9 que a secret\u00e1ria\u2026","rel":"","context":"In &quot;Pol\u00edtica&quot;","block_context":{"text":"Pol\u00edtica","link":"https:\/\/www.diariodeouropreto.com.br\/pt\/Editoria\/politica\/"},"img":{"alt_text":"","src":"https:\/\/i0.wp.com\/www.diariodeouropreto.com.br\/wp-content\/uploads\/2024\/04\/Bella-Goncalves-deputada-estadual-PSOL-MG-Guilherme-Bergamini.jpg?resize=350%2C200&ssl=1","width":350,"height":200,"srcset":"https:\/\/i0.wp.com\/www.diariodeouropreto.com.br\/wp-content\/uploads\/2024\/04\/Bella-Goncalves-deputada-estadual-PSOL-MG-Guilherme-Bergamini.jpg?resize=350%2C200&ssl=1 1x, https:\/\/i0.wp.com\/www.diariodeouropreto.com.br\/wp-content\/uploads\/2024\/04\/Bella-Goncalves-deputada-estadual-PSOL-MG-Guilherme-Bergamini.jpg?resize=525%2C300&ssl=1 1.5x"},"classes":[]},{"id":45267,"url":"https:\/\/www.diariodeouropreto.com.br\/pt\/propag-deputada-bella-goncalves-pede-arquivamento-do-pl-de-zema-que-entrega-uemg-e-pode-extinguir-a-universidade\/","url_meta":{"origin":50890,"position":4},"title":"Propag: deputada Bella Gon\u00e7alves pede arquivamento do PL de Zema que entrega UEMG e pode extinguir a universidade","author":"Di\u00e1rio de Ouro Preto","date":"13 de Junho de 2025","format":false,"excerpt":"Requerimento da parlamentar justifica que o governador n\u00e3o pode pagar d\u00edvida com a Uni\u00e3o, ferindo a continuidade dos servi\u00e7os p\u00fablicos; al\u00e9m disso, o governo federal j\u00e1 descartou a federaliza\u00e7\u00e3o de universidades mineiras A deputada estadual Bella Gon\u00e7alves encaminhou nesta quarta-feira (11\/06) um requerimento solicitando ao Presidente da Assembleia Legislativa de\u2026","rel":"","context":"In &quot;Pol\u00edtica&quot;","block_context":{"text":"Pol\u00edtica","link":"https:\/\/www.diariodeouropreto.com.br\/pt\/Editoria\/politica\/"},"img":{"alt_text":"","src":"https:\/\/i0.wp.com\/www.diariodeouropreto.com.br\/wp-content\/uploads\/2024\/04\/Bella-Goncalves-deputada-estadual-PSOL-MG-Guilherme-Bergamini.jpg?resize=350%2C200&ssl=1","width":350,"height":200,"srcset":"https:\/\/i0.wp.com\/www.diariodeouropreto.com.br\/wp-content\/uploads\/2024\/04\/Bella-Goncalves-deputada-estadual-PSOL-MG-Guilherme-Bergamini.jpg?resize=350%2C200&ssl=1 1x, https:\/\/i0.wp.com\/www.diariodeouropreto.com.br\/wp-content\/uploads\/2024\/04\/Bella-Goncalves-deputada-estadual-PSOL-MG-Guilherme-Bergamini.jpg?resize=525%2C300&ssl=1 1.5x"},"classes":[]},{"id":50189,"url":"https:\/\/www.diariodeouropreto.com.br\/pt\/lula-defende-que-luta-contra-feminicidio-deve-ser-sobretudo-dos-homens\/","url_meta":{"origin":50890,"position":5},"title":"Lula defende que luta contra feminic\u00eddio deve ser sobretudo dos homens","author":"Di\u00e1rio de Ouro Preto","date":"4 de Fevereiro de 2026","format":false,"excerpt":"Presidente lan\u00e7ou hoje o Pacto Nacional contra o Feminic\u00eddio Ao assinar o decreto que institui o\u00a0Pacto Nacional Brasil contra o Feminic\u00eddio, o presidente Luiz In\u00e1cio Lula da Silva defendeu nesta quarta-feira (4) que o combate ao feminic\u00eddio e a todas as formas de viol\u00eancia contra a mulher deve ser responsabilidade\u2026","rel":"","context":"In &quot;Pol\u00edtica&quot;","block_context":{"text":"Pol\u00edtica","link":"https:\/\/www.diariodeouropreto.com.br\/pt\/Editoria\/politica\/"},"img":{"alt_text":"","src":"https:\/\/i0.wp.com\/www.diariodeouropreto.com.br\/wp-content\/uploads\/2026\/02\/img_4415.jpg.webp?resize=350%2C200&ssl=1","width":350,"height":200,"srcset":"https:\/\/i0.wp.com\/www.diariodeouropreto.com.br\/wp-content\/uploads\/2026\/02\/img_4415.jpg.webp?resize=350%2C200&ssl=1 1x, https:\/\/i0.wp.com\/www.diariodeouropreto.com.br\/wp-content\/uploads\/2026\/02\/img_4415.jpg.webp?resize=525%2C300&ssl=1 1.5x, https:\/\/i0.wp.com\/www.diariodeouropreto.com.br\/wp-content\/uploads\/2026\/02\/img_4415.jpg.webp?resize=700%2C400&ssl=1 2x, https:\/\/i0.wp.com\/www.diariodeouropreto.com.br\/wp-content\/uploads\/2026\/02\/img_4415.jpg.webp?resize=1050%2C600&ssl=1 3x"},"classes":[]}],"jetpack_sharing_enabled":true,"amp_enabled":true,"_links":{"self":[{"href":"https:\/\/www.diariodeouropreto.com.br\/pt\/wp-json\/wp\/v2\/posts\/50890","targetHints":{"allow":["GET"]}}],"collection":[{"href":"https:\/\/www.diariodeouropreto.com.br\/pt\/wp-json\/wp\/v2\/posts"}],"about":[{"href":"https:\/\/www.diariodeouropreto.com.br\/pt\/wp-json\/wp\/v2\/types\/post"}],"author":[{"embeddable":true,"href":"https:\/\/www.diariodeouropreto.com.br\/pt\/wp-json\/wp\/v2\/users\/1"}],"replies":[{"embeddable":true,"href":"https:\/\/www.diariodeouropreto.com.br\/pt\/wp-json\/wp\/v2\/comments?post=50890"}],"version-history":[{"count":1,"href":"https:\/\/www.diariodeouropreto.com.br\/pt\/wp-json\/wp\/v2\/posts\/50890\/revisions"}],"predecessor-version":[{"id":50891,"href":"https:\/\/www.diariodeouropreto.com.br\/pt\/wp-json\/wp\/v2\/posts\/50890\/revisions\/50891"}],"wp:featuredmedia":[{"embeddable":true,"href":"https:\/\/www.diariodeouropreto.com.br\/pt\/wp-json\/wp\/v2\/media\/32349"}],"wp:attachment":[{"href":"https:\/\/www.diariodeouropreto.com.br\/pt\/wp-json\/wp\/v2\/media?parent=50890"}],"wp:term":[{"taxonomy":"category","embeddable":true,"href":"https:\/\/www.diariodeouropreto.com.br\/pt\/wp-json\/wp\/v2\/categories?post=50890"},{"taxonomy":"post_tag","embeddable":true,"href":"https:\/\/www.diariodeouropreto.com.br\/pt\/wp-json\/wp\/v2\/tags?post=50890"}],"curies":[{"name":"wp","href":"https:\/\/api.w.org\/{rel}","templated":true}]}}