{"id":50887,"date":"2026-03-15T09:00:00","date_gmt":"2026-03-15T12:00:00","guid":{"rendered":"https:\/\/www.diariodeouropreto.com.br\/?p=50887"},"modified":"2026-03-15T18:37:15","modified_gmt":"2026-03-15T21:37:15","slug":"coluna-tiquinho-politica-ministro-da-educacao-visita-campus-da-ufop","status":"publish","type":"post","link":"https:\/\/www.diariodeouropreto.com.br\/pt\/coluna-tiquinho-politica-ministro-da-educacao-visita-campus-da-ufop\/","title":{"rendered":"[Coluna Tiquinho Pol\u00edtica] Ministro da Educa\u00e7\u00e3o visita Campus da Ufop"},"content":{"rendered":"\n<p>Ouro Preto &#8211; Dia de visita ilustre, uma tarde chuvosa de quarta-feira, 11\/03, depois de subir a Curva do Vento acelerando e chegar na Vila Oper\u00e1ria, pensar no capim no meio do cal\u00e7amento que pode nos fazer chiar, alcan\u00e7amos finalmente o asfalto e j\u00e1 estamos nos pr\u00e9dios de alojamentos da Ufop, ufa! Superei o capim! Agora \u00e9 descobrir se n\u00e3o estou t\u00e3o atrasado pro evento.<\/p>\n\n\n\n<p>Quando entro ao campus, olhei pro pr\u00e9dio da Escola de Medicina e n\u00e3o vi movimento, ent\u00e3o toca pra frente! E l\u00e1 fui eu, quando do outro lado da pista vinha uma van e um monte de carro preto oficial atr\u00e1s, opa! J\u00e1 fui fazendo o retorno e colei na comitiva, que parou justamente depois do pr\u00e9dio da Medicina!<\/p>\n\n\n\n<p>Uai, esse trem t\u00e1 pra come\u00e7ar!? A\u00ed estaciono, converso com uma leitora e des\u00e7o pra perto da comitiva, que j\u00e1 se preparava para arrancar! Foi quando aproximei do vidro do passageiro e em mimica, mimica mesmo, perguntei se o evento tinha acabado? Foi quando o vidro baixou, o passageiro era o reitor! Advinha quem era o motorista? Duvido que algu\u00e9m adivinhasse sem ver a foto!<\/p>\n\n\n\n<figure class=\"wp-block-image size-full\"><img decoding=\"async\" width=\"1280\" height=\"960\" data-attachment-id=\"50897\" data-permalink=\"https:\/\/www.diariodeouropreto.com.br\/pt\/coluna-tiquinho-politica-ministro-da-educacao-visita-campus-da-ufop\/reitor_ministro\/\" data-orig-file=\"https:\/\/www.diariodeouropreto.com.br\/wp-content\/uploads\/2026\/03\/reitor_ministro.jpeg\" data-orig-size=\"1280,960\" data-comments-opened=\"0\" data-image-meta=\"{&quot;aperture&quot;:&quot;0&quot;,&quot;credit&quot;:&quot;&quot;,&quot;camera&quot;:&quot;&quot;,&quot;caption&quot;:&quot;&quot;,&quot;created_timestamp&quot;:&quot;0&quot;,&quot;copyright&quot;:&quot;&quot;,&quot;focal_length&quot;:&quot;0&quot;,&quot;iso&quot;:&quot;0&quot;,&quot;shutter_speed&quot;:&quot;0&quot;,&quot;title&quot;:&quot;&quot;,&quot;orientation&quot;:&quot;0&quot;}\" data-image-title=\"reitor_ministro\" data-image-description=\"\" data-image-caption=\"\" data-large-file=\"https:\/\/www.diariodeouropreto.com.br\/wp-content\/uploads\/2026\/03\/reitor_ministro.jpeg\" src=\"https:\/\/www.diariodeouropreto.com.br\/wp-content\/uploads\/2026\/03\/reitor_ministro.jpeg\" alt=\"\" class=\"wp-image-50897\" srcset=\"https:\/\/www.diariodeouropreto.com.br\/wp-content\/uploads\/2026\/03\/reitor_ministro.jpeg 1280w, https:\/\/www.diariodeouropreto.com.br\/wp-content\/uploads\/2026\/03\/reitor_ministro-528x396.jpeg 528w, https:\/\/www.diariodeouropreto.com.br\/wp-content\/uploads\/2026\/03\/reitor_ministro-200x150.jpeg 200w, https:\/\/www.diariodeouropreto.com.br\/wp-content\/uploads\/2026\/03\/reitor_ministro-768x576.jpeg 768w, https:\/\/www.diariodeouropreto.com.br\/wp-content\/uploads\/2026\/03\/reitor_ministro-16x12.jpeg 16w, https:\/\/www.diariodeouropreto.com.br\/wp-content\/uploads\/2026\/03\/reitor_ministro-465x349.jpeg 465w, https:\/\/www.diariodeouropreto.com.br\/wp-content\/uploads\/2026\/03\/reitor_ministro-667x500.jpeg 667w\" sizes=\"(max-width: 1280px) 100vw, 1280px\" \/><\/figure>\n\n\n\n<p>Foi quando reconheci no volante o pr\u00f3prio Ministro de Estado da Educa\u00e7\u00e3o, Camilo Santana, e j\u00e1 fui pedindo para fazer uma foto. Imagina se eu conto para algu\u00e9m que encontrei o Ministro da Educa\u00e7\u00e3o, dando rol\u00ea de van no campus da Ufop! Algu\u00e9m acrediaria? Claro que n\u00e3o! Eu sei que n\u00e3o! Mesmo sabendo que \u00e9 verdade, falei com o ministro antes que ele fosse vistoriar obras no centro de converg\u00eancia!<\/p>\n\n\n\n<p>Uns v\u00e3o dizer que \u00e9 sorte, outros ir\u00e3o dizer que foi o acaso, no meu caso acho que \u00e9 a misericordia de Deus! Permitindo, o registro no momento que nem as m\u00e1ximas autoriadades municipais, vivenciaram ao lado do ministro! Deus Seja Louvado!<br>Ao abordar ocasionalmente o Ministro no volante, acabei conseguindo uma foto exclusiva! A qual divido com voc\u00eas! Ser\u00e1 sorte, ser\u00e1 o acaso, ou \u00e9 merecimento? Depois de 23 anos no ramo, aprendemos que um monte de carro preto junto \u00e9 autoridade! R\u00edamos disso: kkkkk!<\/p>\n\n\n\n<p>Para minha sorte, ainda tive tempo de me apresentar, deixar dois exemplares do jornal, pegar o carro e seguir a caravana! Quando chego no evento j\u00e1 tenho conte\u00fado exclusivo com o ministro!<\/p>\n\n\n\n<p>Chegamos praticamente juntos ao Centro de Converg\u00eancia, l\u00e1 estavam os vereadores de Ouro Preto, que prestariam uma homenagem ao Ministro, os deputados Leleco Pimentel, Padre Jo\u00e3o, ambos do PT e Dandara do PSOL. Era tanto assessor querendo fazer reels, que atrapalhou os jornalistas locais, at\u00e9 a foto oficial do Minist\u00e9rio da Educa\u00e7\u00e3o n\u00e3o ficou grandes coisas.<\/p>\n\n\n\n<p>O trabalho do rep\u00f3rter \u00e9 comunica\u00e7\u00e3o social, voltada para o p\u00fablico em geral, n\u00e3o rede social perticular, de autoridades que muitas vezes s\u00e3o apenas convidados e n\u00e3o protagonistas.<\/p>\n\n\n\n<p>L\u00e1 no campus me perguntaram como \u00e9 ser m\u00eddia independente? Respondi \u00e9 dificil de mais, mas o prazer que publicar uma manchete de um assunto que interessa a todos e ningu\u00e9m tava prestando aten\u00e7\u00e3o naquilo! \u00c9 muito interessante.<\/p>\n\n\n\n<h2 class=\"wp-block-heading\">O Metacarpo do Aleijadinho<\/h2>\n\n\n\n<p>No \u00faltimo s\u00e1bado,7\/03, tive a alegria de estar com a Professora Doutora, Myriam Ribeiro, quando lan\u00e7ou seu livro, \u201cEtapas de um percurso\u201d, na livraria Outras Palavras. Levei para Myriam um exemplar do di\u00e1rio, da semana passada e um exemplar dos 20 anos do jornal, 8 de julho de 2024, quando republicanos, desta vez em cores, a foto dela ao lado de Padre Geraldo, num domingo de p\u00e1scoa de 2005, quando ela devolvia para a par\u00f3quia do Ant\u00f4nio Dias um osso da m\u00e3o de Aleijadinho!<\/p>\n\n\n\n<p>Naquele domingo de P\u00e1scoa a prociss\u00e3o acabou na porta da Igreja do Ros\u00e1rio, e padre Sim\u00f5es tinha batizado todos aqueles que amam Ouro Preto, como ouro-pretanos, a Claudia Coimbra do Esp\u00edrito Santo tamb\u00e9m foi batizada comigo neste dia! Tem coisas que o que posso dizer \u00e9 : \u201c\u00c9 Deus quem mostra!\u201d<\/p>\n\n\n\n<h2 class=\"wp-block-heading\">Zema e o STF<\/h2>\n\n\n\n<p>O Governador de Minas Gerais est\u00e1 de despedida, ele dever\u00e1 deixar o posto at\u00e9 m\u00eas que vem para se candidatar a alguma coisa, sonha em ser presidente, o que temo pelo pa\u00eds, pois como dono de loja, vai nos vender barato, ao inv\u00e9s de alugar o Brasil como sugeriu Raul Seixas.<\/p>\n\n\n\n<p>Zema foi dar rol\u00ea em Bras\u00edlia para assinar o pedido de impeachment de Alexandre de Moraes. Ocorre que o Ministro Gilmar Mendes j\u00e1 tinha cantado a pedra, disse que viu \u201cvalentia que parece at\u00e9 suspeita em rela\u00e7\u00e3o ao tribunal, gente que est\u00e1 aqui sempre pedindo liminar e pedindo inser\u00e7\u00e3o na recupera\u00e7\u00e3o fiscal[\u2026] \u00e9 chocante ver um governador como o de Minas Gerais, que os seus bem feitos ou malfeitos levou o estado a uma deblaque (ru\u00edna) econ\u00f4mica, mas est\u00e1 sobrevivendo gra\u00e7as a liminares dadas por este tribunal, atacar o tribunal, eu fico pensando, Pai, eles n\u00e3o sabem o que fazem\u201d.<\/p>\n\n\n\n<h2 class=\"wp-block-heading\">Duarte J\u00fanior foi conferir a limpeza da Rua Grande<\/h2>\n\n\n\n<p>Fico lisonjeado quando recebo um pedido de um leitor para uma pauta relevante. Na segunda-feira, 9\/03, publicamos um v\u00eddeo do enxurrada em Ant\u00f4nio Pereira, a pedido da moradora. Na ter\u00e7a-feira, o prefeito Angelo Oswaldo gravou v\u00eddeo, afirmando que a prefeitura tomaria provid\u00eancias e, na quarta-feira, Duarte J\u00fanior que \u00e9 pr\u00e9-candidato a deputado federal, foi conferir o servi\u00e7o da prefeitura e fez v\u00eddeo tamb\u00e9m.<\/p>\n\n\n\n<figure class=\"wp-block-image size-full\"><img decoding=\"async\" width=\"232\" height=\"270\" data-attachment-id=\"50899\" data-permalink=\"https:\/\/www.diariodeouropreto.com.br\/pt\/coluna-tiquinho-politica-ministro-da-educacao-visita-campus-da-ufop\/captura-de-tela-2026-03-15-130947\/\" data-orig-file=\"https:\/\/www.diariodeouropreto.com.br\/wp-content\/uploads\/2026\/03\/Captura-de-tela-2026-03-15-130947.png\" data-orig-size=\"232,270\" data-comments-opened=\"0\" data-image-meta=\"{&quot;aperture&quot;:&quot;0&quot;,&quot;credit&quot;:&quot;&quot;,&quot;camera&quot;:&quot;&quot;,&quot;caption&quot;:&quot;&quot;,&quot;created_timestamp&quot;:&quot;0&quot;,&quot;copyright&quot;:&quot;&quot;,&quot;focal_length&quot;:&quot;0&quot;,&quot;iso&quot;:&quot;0&quot;,&quot;shutter_speed&quot;:&quot;0&quot;,&quot;title&quot;:&quot;&quot;,&quot;orientation&quot;:&quot;0&quot;}\" data-image-title=\"Captura de tela 2026-03-15 130947\" data-image-description=\"\" data-image-caption=\"\" data-large-file=\"https:\/\/www.diariodeouropreto.com.br\/wp-content\/uploads\/2026\/03\/Captura-de-tela-2026-03-15-130947.png\" src=\"https:\/\/www.diariodeouropreto.com.br\/wp-content\/uploads\/2026\/03\/Captura-de-tela-2026-03-15-130947.png\" alt=\"\" class=\"wp-image-50899\" srcset=\"https:\/\/www.diariodeouropreto.com.br\/wp-content\/uploads\/2026\/03\/Captura-de-tela-2026-03-15-130947.png 232w, https:\/\/www.diariodeouropreto.com.br\/wp-content\/uploads\/2026\/03\/Captura-de-tela-2026-03-15-130947-129x150.png 129w, https:\/\/www.diariodeouropreto.com.br\/wp-content\/uploads\/2026\/03\/Captura-de-tela-2026-03-15-130947-10x12.png 10w\" sizes=\"(max-width: 232px) 100vw, 232px\" \/><\/figure>\n\n\n\n<div id=\"110712\" class=\"advads-saneouro advads-entity-placement\" style=\"margin-left: auto;margin-right: auto;text-align: center;\"><a href=\"https:\/\/www.saneouro.com.br\/\" target=\"_blank\" aria-label=\"DOP_Site\" data-wpel-link=\"external\" rel=\"follow external noopener noreferrer sponsored ugc\"><img src=\"https:\/\/www.diariodeouropreto.com.br\/wp-content\/uploads\/2026\/04\/DOP_Site.jpg\" alt=\"\"  srcset=\"https:\/\/www.diariodeouropreto.com.br\/wp-content\/uploads\/2026\/04\/DOP_Site.jpg 301w, https:\/\/www.diariodeouropreto.com.br\/wp-content\/uploads\/2026\/04\/DOP_Site-180x150.jpg 180w, https:\/\/www.diariodeouropreto.com.br\/wp-content\/uploads\/2026\/04\/DOP_Site-14x12.jpg 14w\" sizes=\"(max-width: 301px) 100vw, 301px\" width=\"301\" height=\"251\"  style=\"display: inline-block;\" \/><\/a><\/div><p>A comunidade sabe, que desde sempre o jornalismo do Di\u00e1rio de Ouro Preto acompanha o Pereira! E que nunca deixamos de publicar o que eles precisavam dizer sobre as pautas duras da minera\u00e7\u00e3o. Com duras penas de perder at\u00e9 o cliente! Mais vale um leitor com o jornal na m\u00e3o, do que um cliente que nos censure. Por isso, precisamos de assinantes. As assinaturas permitem a capacidade de contratar mais jornalistas para termos tempo de tamb\u00e9m escarafunchar o que for preciso! Para isso precisamos de voc\u00ea leitor! Toda sexta-feira o jornal chega em sua casa com conte\u00fado exclusivo.<\/p>\n\n\n\n<div id=\"50321\" class=\"advads-plantao advads-entity-placement\"><a href=\"https:\/\/www.diariodeouropreto.com.br\/\" target=\"_blank\" aria-label=\"site &#8211; noticia\" data-wpel-link=\"external\" rel=\"follow external noopener noreferrer sponsored ugc\"><img src=\"https:\/\/www.diariodeouropreto.com.br\/wp-content\/uploads\/2019\/09\/titulosite2-e1616373489755.jpg\" alt=\"\"  srcset=\"https:\/\/www.diariodeouropreto.com.br\/wp-content\/uploads\/2019\/09\/titulosite2-e1616373489755.jpg 1200w, https:\/\/www.diariodeouropreto.com.br\/wp-content\/uploads\/2019\/09\/titulosite2-e1616373489755-150x38.jpg 150w, https:\/\/www.diariodeouropreto.com.br\/wp-content\/uploads\/2019\/09\/titulosite2-e1616373489755-660x167.jpg 660w, https:\/\/www.diariodeouropreto.com.br\/wp-content\/uploads\/2019\/09\/titulosite2-e1616373489755-768x194.jpg 768w, https:\/\/www.diariodeouropreto.com.br\/wp-content\/uploads\/2019\/09\/titulosite2-e1616373489755-1000x252.jpg 1000w, https:\/\/www.diariodeouropreto.com.br\/wp-content\/uploads\/2019\/09\/titulosite2-e1616373489755-1536x388.jpg 1536w, https:\/\/www.diariodeouropreto.com.br\/wp-content\/uploads\/2019\/09\/titulosite2-e1616373489755-2048x517.jpg 2048w\" sizes=\"(max-width: 1200px) 100vw, 1200px\" width=\"1200\" height=\"303\"  style=\"display: inline-block;\" \/><\/a><\/div><p>Por Marcelino Castro<\/p>\n","protected":false},"excerpt":{"rendered":"<p>Ouro Preto &#8211; Dia de visita ilustre, uma tarde chuvosa de quarta-feira, 11\/03, depois de subir a Curva do Vento acelerando e chegar na Vila Oper\u00e1ria, pensar no capim no meio do cal\u00e7amento que pode nos fazer chiar, alcan\u00e7amos finalmente o asfalto e j\u00e1 estamos nos pr\u00e9dios de alojamentos da<span class=\"more-link\"><a href=\"https:\/\/www.diariodeouropreto.com.br\/pt\/coluna-tiquinho-politica-ministro-da-educacao-visita-campus-da-ufop\/\" data-wpel-link=\"internal\">Continue Lendo<\/a><\/span><\/p>","protected":false},"author":7,"featured_media":50866,"comment_status":"closed","ping_status":"closed","sticky":false,"template":"","format":"standard","meta":{"_jetpack_memberships_contains_paid_content":false,"footnotes":"","jetpack_publicize_message":"Uai, esse trem t\u00e1 pra come\u00e7ar!? A\u00ed estaciono, converso com uma leitora e des\u00e7o pra perto da comitiva, que j\u00e1 se preparava para arrancar! Foi quando aproximei do vidro do passageiro e em mimica, mimica mesmo, perguntei se o evento tinha acabado? ","jetpack_publicize_feature_enabled":true,"jetpack_social_post_already_shared":true,"jetpack_social_options":{"image_generator_settings":{"template":"highway","default_image_id":0,"font":"","enabled":false},"version":2}},"categories":[76],"tags":[],"class_list":["entry","author-marcelino-castro","post-50887","post","type-post","status-publish","format-standard","has-post-thumbnail","category-coluna"],"yoast_head":"<!-- This site is optimized with the Yoast SEO plugin v27.5 - https:\/\/yoast.com\/product\/yoast-seo-wordpress\/ -->\n<title>[Coluna Tiquinho Pol\u00edtica] Ministro da Educa\u00e7\u00e3o visita Campus da Ufop - Di\u00e1rio de Ouro Preto<\/title>\n<meta name=\"description\" content=\"Uai, esse trem t\u00e1 pra come\u00e7ar!? A\u00ed estaciono, converso com uma leitora e des\u00e7o pra perto da comitiva, que j\u00e1 se preparava para arrancar! Foi quando aproximei do vidro do passageiro e em mimica, mimica mesmo, perguntei se o evento tinha acabado? - [Coluna Tiquinho Pol\u00edtica] Ministro da Educa\u00e7\u00e3o visita Campus da Ufop - Coluna\" \/>\n<meta name=\"robots\" content=\"index, follow, max-snippet:-1, max-image-preview:large, max-video-preview:-1\" \/>\n<link rel=\"canonical\" href=\"https:\/\/www.diariodeouropreto.com.br\/pt\/coluna-tiquinho-politica-ministro-da-educacao-visita-campus-da-ufop\/\" \/>\n<meta property=\"og:locale\" content=\"pt_PT\" \/>\n<meta property=\"og:type\" content=\"article\" \/>\n<meta property=\"og:title\" content=\"[Coluna Tiquinho Pol\u00edtica] Ministro da Educa\u00e7\u00e3o visita Campus da Ufop - Di\u00e1rio de Ouro Preto\" \/>\n<meta property=\"og:description\" content=\"Uai, esse trem t\u00e1 pra come\u00e7ar!? A\u00ed estaciono, converso com uma leitora e des\u00e7o pra perto da comitiva, que j\u00e1 se preparava para arrancar! Foi quando aproximei do vidro do passageiro e em mimica, mimica mesmo, perguntei se o evento tinha acabado? - [Coluna Tiquinho Pol\u00edtica] Ministro da Educa\u00e7\u00e3o visita Campus da Ufop - Coluna\" \/>\n<meta property=\"og:url\" content=\"https:\/\/www.diariodeouropreto.com.br\/pt\/coluna-tiquinho-politica-ministro-da-educacao-visita-campus-da-ufop\/\" \/>\n<meta property=\"og:site_name\" content=\"Di\u00e1rio de Ouro Preto\" \/>\n<meta property=\"article:publisher\" content=\"https:\/\/www.facebook.com\/diariodeouropreto\/\" \/>\n<meta property=\"article:published_time\" content=\"2026-03-15T12:00:00+00:00\" \/>\n<meta property=\"article:modified_time\" content=\"2026-03-15T21:37:15+00:00\" \/>\n<meta property=\"og:image\" content=\"https:\/\/www.diariodeouropreto.com.br\/wp-content\/uploads\/2026\/03\/WhatsApp-Image-2026-03-12-at-18.20.05.jpg\" \/>\n\t<meta property=\"og:image:width\" content=\"1066\" \/>\n\t<meta property=\"og:image:height\" content=\"800\" \/>\n\t<meta property=\"og:image:type\" content=\"image\/jpeg\" \/>\n<meta name=\"author\" content=\"Marcelino Castro\" \/>\n<meta name=\"twitter:card\" content=\"summary_large_image\" \/>\n<meta name=\"twitter:label1\" content=\"Escrito por\" \/>\n\t<meta name=\"twitter:data1\" content=\"Marcelino Castro\" \/>\n\t<meta name=\"twitter:label2\" content=\"Tempo estimado de leitura\" \/>\n\t<meta name=\"twitter:data2\" content=\"6 minutos\" \/>\n<script type=\"application\/ld+json\" class=\"yoast-schema-graph\">{\"@context\":\"https:\\\/\\\/schema.org\",\"@graph\":[{\"@type\":\"Article\",\"@id\":\"https:\\\/\\\/www.diariodeouropreto.com.br\\\/coluna-tiquinho-politica-ministro-da-educacao-visita-campus-da-ufop\\\/#article\",\"isPartOf\":{\"@id\":\"https:\\\/\\\/www.diariodeouropreto.com.br\\\/coluna-tiquinho-politica-ministro-da-educacao-visita-campus-da-ufop\\\/\"},\"author\":{\"name\":\"Marcelino Castro\",\"@id\":\"https:\\\/\\\/www.diariodeouropreto.com.br\\\/pt\\\/#\\\/schema\\\/person\\\/beeebc69f297a82698bba8acf70e5bb6\"},\"headline\":\"[Coluna Tiquinho Pol\u00edtica] Ministro da Educa\u00e7\u00e3o visita Campus da Ufop\",\"datePublished\":\"2026-03-15T12:00:00+00:00\",\"dateModified\":\"2026-03-15T21:37:15+00:00\",\"mainEntityOfPage\":{\"@id\":\"https:\\\/\\\/www.diariodeouropreto.com.br\\\/coluna-tiquinho-politica-ministro-da-educacao-visita-campus-da-ufop\\\/\"},\"wordCount\":1037,\"publisher\":{\"@id\":\"https:\\\/\\\/www.diariodeouropreto.com.br\\\/pt\\\/#organization\"},\"image\":{\"@id\":\"https:\\\/\\\/www.diariodeouropreto.com.br\\\/coluna-tiquinho-politica-ministro-da-educacao-visita-campus-da-ufop\\\/#primaryimage\"},\"thumbnailUrl\":\"https:\\\/\\\/www.diariodeouropreto.com.br\\\/wp-content\\\/uploads\\\/2026\\\/03\\\/WhatsApp-Image-2026-03-12-at-18.20.05.jpg\",\"articleSection\":[\"Coluna\"],\"inLanguage\":\"pt-PT\"},{\"@type\":\"WebPage\",\"@id\":\"https:\\\/\\\/www.diariodeouropreto.com.br\\\/coluna-tiquinho-politica-ministro-da-educacao-visita-campus-da-ufop\\\/\",\"url\":\"https:\\\/\\\/www.diariodeouropreto.com.br\\\/coluna-tiquinho-politica-ministro-da-educacao-visita-campus-da-ufop\\\/\",\"name\":\"[Coluna Tiquinho Pol\u00edtica] Ministro da Educa\u00e7\u00e3o visita Campus da Ufop - Di\u00e1rio de Ouro Preto\",\"isPartOf\":{\"@id\":\"https:\\\/\\\/www.diariodeouropreto.com.br\\\/pt\\\/#website\"},\"primaryImageOfPage\":{\"@id\":\"https:\\\/\\\/www.diariodeouropreto.com.br\\\/coluna-tiquinho-politica-ministro-da-educacao-visita-campus-da-ufop\\\/#primaryimage\"},\"image\":{\"@id\":\"https:\\\/\\\/www.diariodeouropreto.com.br\\\/coluna-tiquinho-politica-ministro-da-educacao-visita-campus-da-ufop\\\/#primaryimage\"},\"thumbnailUrl\":\"https:\\\/\\\/www.diariodeouropreto.com.br\\\/wp-content\\\/uploads\\\/2026\\\/03\\\/WhatsApp-Image-2026-03-12-at-18.20.05.jpg\",\"datePublished\":\"2026-03-15T12:00:00+00:00\",\"dateModified\":\"2026-03-15T21:37:15+00:00\",\"description\":\"Uai, esse trem t\u00e1 pra come\u00e7ar!? A\u00ed estaciono, converso com uma leitora e des\u00e7o pra perto da comitiva, que j\u00e1 se preparava para arrancar! Foi quando aproximei do vidro do passageiro e em mimica, mimica mesmo, perguntei se o evento tinha acabado? - [Coluna Tiquinho Pol\u00edtica] Ministro da Educa\u00e7\u00e3o visita Campus da Ufop - Coluna\",\"breadcrumb\":{\"@id\":\"https:\\\/\\\/www.diariodeouropreto.com.br\\\/coluna-tiquinho-politica-ministro-da-educacao-visita-campus-da-ufop\\\/#breadcrumb\"},\"inLanguage\":\"pt-PT\",\"potentialAction\":[{\"@type\":\"ReadAction\",\"target\":[\"https:\\\/\\\/www.diariodeouropreto.com.br\\\/coluna-tiquinho-politica-ministro-da-educacao-visita-campus-da-ufop\\\/\"]}]},{\"@type\":\"ImageObject\",\"inLanguage\":\"pt-PT\",\"@id\":\"https:\\\/\\\/www.diariodeouropreto.com.br\\\/coluna-tiquinho-politica-ministro-da-educacao-visita-campus-da-ufop\\\/#primaryimage\",\"url\":\"https:\\\/\\\/www.diariodeouropreto.com.br\\\/wp-content\\\/uploads\\\/2026\\\/03\\\/WhatsApp-Image-2026-03-12-at-18.20.05.jpg\",\"contentUrl\":\"https:\\\/\\\/www.diariodeouropreto.com.br\\\/wp-content\\\/uploads\\\/2026\\\/03\\\/WhatsApp-Image-2026-03-12-at-18.20.05.jpg\",\"width\":1066,\"height\":800},{\"@type\":\"BreadcrumbList\",\"@id\":\"https:\\\/\\\/www.diariodeouropreto.com.br\\\/coluna-tiquinho-politica-ministro-da-educacao-visita-campus-da-ufop\\\/#breadcrumb\",\"itemListElement\":[{\"@type\":\"ListItem\",\"position\":1,\"name\":\"In\u00edcio\",\"item\":\"https:\\\/\\\/www.diariodeouropreto.com.br\\\/pt\\\/\"},{\"@type\":\"ListItem\",\"position\":2,\"name\":\"[Coluna Tiquinho Pol\u00edtica] Ministro da Educa\u00e7\u00e3o visita Campus da Ufop\"}]},{\"@type\":\"WebSite\",\"@id\":\"https:\\\/\\\/www.diariodeouropreto.com.br\\\/pt\\\/#website\",\"url\":\"https:\\\/\\\/www.diariodeouropreto.com.br\\\/pt\\\/\",\"name\":\"Di\u00e1rio de Ouro Preto\",\"description\":\"Not\u00edcias Ouro Preto; Mariana;Minas Gerais;Jornal;Jornalismo;Not\u00edcias;\",\"publisher\":{\"@id\":\"https:\\\/\\\/www.diariodeouropreto.com.br\\\/pt\\\/#organization\"},\"alternateName\":\"Jornal di\u00e1rio de Ouro Preto\",\"potentialAction\":[{\"@type\":\"SearchAction\",\"target\":{\"@type\":\"EntryPoint\",\"urlTemplate\":\"https:\\\/\\\/www.diariodeouropreto.com.br\\\/pt\\\/?s={search_term_string}\"},\"query-input\":{\"@type\":\"PropertyValueSpecification\",\"valueRequired\":true,\"valueName\":\"search_term_string\"}}],\"inLanguage\":\"pt-PT\"},{\"@type\":\"Organization\",\"@id\":\"https:\\\/\\\/www.diariodeouropreto.com.br\\\/pt\\\/#organization\",\"name\":\"Di\u00e1rio de Ouro Preto\",\"alternateName\":\"Jornal di\u00e1rio Ouro Preto\",\"url\":\"https:\\\/\\\/www.diariodeouropreto.com.br\\\/pt\\\/\",\"logo\":{\"@type\":\"ImageObject\",\"inLanguage\":\"pt-PT\",\"@id\":\"https:\\\/\\\/www.diariodeouropreto.com.br\\\/pt\\\/#\\\/schema\\\/logo\\\/image\\\/\",\"url\":\"https:\\\/\\\/www.diariodeouropreto.com.br\\\/wp-content\\\/uploads\\\/2019\\\/06\\\/cropped-logotransp-2.png\",\"contentUrl\":\"https:\\\/\\\/www.diariodeouropreto.com.br\\\/wp-content\\\/uploads\\\/2019\\\/06\\\/cropped-logotransp-2.png\",\"width\":1323,\"height\":251,\"caption\":\"Di\u00e1rio de Ouro Preto\"},\"image\":{\"@id\":\"https:\\\/\\\/www.diariodeouropreto.com.br\\\/pt\\\/#\\\/schema\\\/logo\\\/image\\\/\"},\"sameAs\":[\"https:\\\/\\\/www.facebook.com\\\/diariodeouropreto\\\/\"]},{\"@type\":\"Person\",\"@id\":\"https:\\\/\\\/www.diariodeouropreto.com.br\\\/pt\\\/#\\\/schema\\\/person\\\/beeebc69f297a82698bba8acf70e5bb6\",\"name\":\"Marcelino Castro\",\"sameAs\":[\"https:\\\/\\\/www.diariodeouropreto.com.br\\\/\"],\"url\":\"https:\\\/\\\/www.diariodeouropreto.com.br\\\/pt\\\/author\\\/marcelino-castro\\\/\"}]}<\/script>\n<!-- \/ Yoast SEO plugin. -->","yoast_head_json":{"title":"[Coluna Tiquinho Pol\u00edtica] Ministro da Educa\u00e7\u00e3o visita Campus da Ufop - Di\u00e1rio de Ouro Preto","description":"Uai, esse trem t\u00e1 pra come\u00e7ar!? A\u00ed estaciono, converso com uma leitora e des\u00e7o pra perto da comitiva, que j\u00e1 se preparava para arrancar! Foi quando aproximei do vidro do passageiro e em mimica, mimica mesmo, perguntei se o evento tinha acabado? - [Coluna Tiquinho Pol\u00edtica] Ministro da Educa\u00e7\u00e3o visita Campus da Ufop - Coluna","robots":{"index":"index","follow":"follow","max-snippet":"max-snippet:-1","max-image-preview":"max-image-preview:large","max-video-preview":"max-video-preview:-1"},"canonical":"https:\/\/www.diariodeouropreto.com.br\/pt\/coluna-tiquinho-politica-ministro-da-educacao-visita-campus-da-ufop\/","og_locale":"pt_PT","og_type":"article","og_title":"[Coluna Tiquinho Pol\u00edtica] Ministro da Educa\u00e7\u00e3o visita Campus da Ufop - Di\u00e1rio de Ouro Preto","og_description":"Uai, esse trem t\u00e1 pra come\u00e7ar!? A\u00ed estaciono, converso com uma leitora e des\u00e7o pra perto da comitiva, que j\u00e1 se preparava para arrancar! Foi quando aproximei do vidro do passageiro e em mimica, mimica mesmo, perguntei se o evento tinha acabado? - [Coluna Tiquinho Pol\u00edtica] Ministro da Educa\u00e7\u00e3o visita Campus da Ufop - Coluna","og_url":"https:\/\/www.diariodeouropreto.com.br\/pt\/coluna-tiquinho-politica-ministro-da-educacao-visita-campus-da-ufop\/","og_site_name":"Di\u00e1rio de Ouro Preto","article_publisher":"https:\/\/www.facebook.com\/diariodeouropreto\/","article_published_time":"2026-03-15T12:00:00+00:00","article_modified_time":"2026-03-15T21:37:15+00:00","og_image":[{"width":1066,"height":800,"url":"https:\/\/www.diariodeouropreto.com.br\/wp-content\/uploads\/2026\/03\/WhatsApp-Image-2026-03-12-at-18.20.05.jpg","type":"image\/jpeg"}],"author":"Marcelino Castro","twitter_card":"summary_large_image","twitter_misc":{"Escrito por":"Marcelino Castro","Tempo estimado de leitura":"6 minutos"},"schema":{"@context":"https:\/\/schema.org","@graph":[{"@type":"Article","@id":"https:\/\/www.diariodeouropreto.com.br\/coluna-tiquinho-politica-ministro-da-educacao-visita-campus-da-ufop\/#article","isPartOf":{"@id":"https:\/\/www.diariodeouropreto.com.br\/coluna-tiquinho-politica-ministro-da-educacao-visita-campus-da-ufop\/"},"author":{"name":"Marcelino Castro","@id":"https:\/\/www.diariodeouropreto.com.br\/pt\/#\/schema\/person\/beeebc69f297a82698bba8acf70e5bb6"},"headline":"[Coluna Tiquinho Pol\u00edtica] Ministro da Educa\u00e7\u00e3o visita Campus da Ufop","datePublished":"2026-03-15T12:00:00+00:00","dateModified":"2026-03-15T21:37:15+00:00","mainEntityOfPage":{"@id":"https:\/\/www.diariodeouropreto.com.br\/coluna-tiquinho-politica-ministro-da-educacao-visita-campus-da-ufop\/"},"wordCount":1037,"publisher":{"@id":"https:\/\/www.diariodeouropreto.com.br\/pt\/#organization"},"image":{"@id":"https:\/\/www.diariodeouropreto.com.br\/coluna-tiquinho-politica-ministro-da-educacao-visita-campus-da-ufop\/#primaryimage"},"thumbnailUrl":"https:\/\/www.diariodeouropreto.com.br\/wp-content\/uploads\/2026\/03\/WhatsApp-Image-2026-03-12-at-18.20.05.jpg","articleSection":["Coluna"],"inLanguage":"pt-PT"},{"@type":"WebPage","@id":"https:\/\/www.diariodeouropreto.com.br\/coluna-tiquinho-politica-ministro-da-educacao-visita-campus-da-ufop\/","url":"https:\/\/www.diariodeouropreto.com.br\/coluna-tiquinho-politica-ministro-da-educacao-visita-campus-da-ufop\/","name":"[Coluna Tiquinho Pol\u00edtica] Ministro da Educa\u00e7\u00e3o visita Campus da Ufop - Di\u00e1rio de Ouro Preto","isPartOf":{"@id":"https:\/\/www.diariodeouropreto.com.br\/pt\/#website"},"primaryImageOfPage":{"@id":"https:\/\/www.diariodeouropreto.com.br\/coluna-tiquinho-politica-ministro-da-educacao-visita-campus-da-ufop\/#primaryimage"},"image":{"@id":"https:\/\/www.diariodeouropreto.com.br\/coluna-tiquinho-politica-ministro-da-educacao-visita-campus-da-ufop\/#primaryimage"},"thumbnailUrl":"https:\/\/www.diariodeouropreto.com.br\/wp-content\/uploads\/2026\/03\/WhatsApp-Image-2026-03-12-at-18.20.05.jpg","datePublished":"2026-03-15T12:00:00+00:00","dateModified":"2026-03-15T21:37:15+00:00","description":"Uai, esse trem t\u00e1 pra come\u00e7ar!? A\u00ed estaciono, converso com uma leitora e des\u00e7o pra perto da comitiva, que j\u00e1 se preparava para arrancar! Foi quando aproximei do vidro do passageiro e em mimica, mimica mesmo, perguntei se o evento tinha acabado? - [Coluna Tiquinho Pol\u00edtica] Ministro da Educa\u00e7\u00e3o visita Campus da Ufop - Coluna","breadcrumb":{"@id":"https:\/\/www.diariodeouropreto.com.br\/coluna-tiquinho-politica-ministro-da-educacao-visita-campus-da-ufop\/#breadcrumb"},"inLanguage":"pt-PT","potentialAction":[{"@type":"ReadAction","target":["https:\/\/www.diariodeouropreto.com.br\/coluna-tiquinho-politica-ministro-da-educacao-visita-campus-da-ufop\/"]}]},{"@type":"ImageObject","inLanguage":"pt-PT","@id":"https:\/\/www.diariodeouropreto.com.br\/coluna-tiquinho-politica-ministro-da-educacao-visita-campus-da-ufop\/#primaryimage","url":"https:\/\/www.diariodeouropreto.com.br\/wp-content\/uploads\/2026\/03\/WhatsApp-Image-2026-03-12-at-18.20.05.jpg","contentUrl":"https:\/\/www.diariodeouropreto.com.br\/wp-content\/uploads\/2026\/03\/WhatsApp-Image-2026-03-12-at-18.20.05.jpg","width":1066,"height":800},{"@type":"BreadcrumbList","@id":"https:\/\/www.diariodeouropreto.com.br\/coluna-tiquinho-politica-ministro-da-educacao-visita-campus-da-ufop\/#breadcrumb","itemListElement":[{"@type":"ListItem","position":1,"name":"In\u00edcio","item":"https:\/\/www.diariodeouropreto.com.br\/pt\/"},{"@type":"ListItem","position":2,"name":"[Coluna Tiquinho Pol\u00edtica] Ministro da Educa\u00e7\u00e3o visita Campus da Ufop"}]},{"@type":"WebSite","@id":"https:\/\/www.diariodeouropreto.com.br\/pt\/#website","url":"https:\/\/www.diariodeouropreto.com.br\/pt\/","name":"Di\u00e1rio de Ouro Preto","description":"Not\u00edcias Ouro Preto; Mariana;Minas Gerais;Jornal;Jornalismo;Not\u00edcias;","publisher":{"@id":"https:\/\/www.diariodeouropreto.com.br\/pt\/#organization"},"alternateName":"Jornal di\u00e1rio de Ouro Preto","potentialAction":[{"@type":"SearchAction","target":{"@type":"EntryPoint","urlTemplate":"https:\/\/www.diariodeouropreto.com.br\/pt\/?s={search_term_string}"},"query-input":{"@type":"PropertyValueSpecification","valueRequired":true,"valueName":"search_term_string"}}],"inLanguage":"pt-PT"},{"@type":"Organization","@id":"https:\/\/www.diariodeouropreto.com.br\/pt\/#organization","name":"Di\u00e1rio de Ouro Preto","alternateName":"Jornal di\u00e1rio Ouro Preto","url":"https:\/\/www.diariodeouropreto.com.br\/pt\/","logo":{"@type":"ImageObject","inLanguage":"pt-PT","@id":"https:\/\/www.diariodeouropreto.com.br\/pt\/#\/schema\/logo\/image\/","url":"https:\/\/www.diariodeouropreto.com.br\/wp-content\/uploads\/2019\/06\/cropped-logotransp-2.png","contentUrl":"https:\/\/www.diariodeouropreto.com.br\/wp-content\/uploads\/2019\/06\/cropped-logotransp-2.png","width":1323,"height":251,"caption":"Di\u00e1rio de Ouro Preto"},"image":{"@id":"https:\/\/www.diariodeouropreto.com.br\/pt\/#\/schema\/logo\/image\/"},"sameAs":["https:\/\/www.facebook.com\/diariodeouropreto\/"]},{"@type":"Person","@id":"https:\/\/www.diariodeouropreto.com.br\/pt\/#\/schema\/person\/beeebc69f297a82698bba8acf70e5bb6","name":"Marcelino Castro","sameAs":["https:\/\/www.diariodeouropreto.com.br\/"],"url":"https:\/\/www.diariodeouropreto.com.br\/pt\/author\/marcelino-castro\/"}]}},"jetpack_publicize_connections":[],"jetpack_featured_media_url":"https:\/\/www.diariodeouropreto.com.br\/wp-content\/uploads\/2026\/03\/WhatsApp-Image-2026-03-12-at-18.20.05.jpg","jetpack-related-posts":[{"id":34423,"url":"https:\/\/www.diariodeouropreto.com.br\/pt\/governo-federal-anuncia-investimentos-para-o-campus-da-ufop-em-ipatinga-e-biblioteca-central\/","url_meta":{"origin":50887,"position":0},"title":"Governo federal anuncia investimentos para o Campus da UFOP em Ipatinga e Biblioteca Central","author":"Di\u00e1rio de Ouro Preto","date":"12 de Junho de 2024","format":false,"excerpt":"A Universidade Federal de Ouro Preto (UFOP) ser\u00e1 contemplada com cerca de R$60 milh\u00f5es do Plano de Acelera\u00e7\u00e3o do Crescimento para a Educa\u00e7\u00e3o (PAC\/Educa\u00e7\u00e3o) para dar continuidade ao projeto do Campus do munic\u00edpio de Ipatinga. A institui\u00e7\u00e3o aguarda tamb\u00e9m o an\u00fancio de mais R$30 milh\u00f5es para a implanta\u00e7\u00e3o da Biblioteca\u2026","rel":"","context":"In &quot;Minas Gerais&quot;","block_context":{"text":"Minas Gerais","link":"https:\/\/www.diariodeouropreto.com.br\/pt\/Editoria\/minas-gerais\/"},"img":{"alt_text":"","src":"https:\/\/i0.wp.com\/www.diariodeouropreto.com.br\/wp-content\/uploads\/2024\/06\/ufop-biblioteca_central-pb-img04_1_0.jpg?resize=350%2C200&ssl=1","width":350,"height":200,"srcset":"https:\/\/i0.wp.com\/www.diariodeouropreto.com.br\/wp-content\/uploads\/2024\/06\/ufop-biblioteca_central-pb-img04_1_0.jpg?resize=350%2C200&ssl=1 1x, https:\/\/i0.wp.com\/www.diariodeouropreto.com.br\/wp-content\/uploads\/2024\/06\/ufop-biblioteca_central-pb-img04_1_0.jpg?resize=525%2C300&ssl=1 1.5x, https:\/\/i0.wp.com\/www.diariodeouropreto.com.br\/wp-content\/uploads\/2024\/06\/ufop-biblioteca_central-pb-img04_1_0.jpg?resize=700%2C400&ssl=1 2x"},"classes":[]},{"id":42037,"url":"https:\/\/www.diariodeouropreto.com.br\/pt\/prorrogacao-de-doacao-de-terreno-viabiliza-tramites-para-construcao-do-campus-da-ufop-em-ipatinga\/","url_meta":{"origin":50887,"position":1},"title":"Prorroga\u00e7\u00e3o de doa\u00e7\u00e3o de terreno viabiliza tr\u00e2mites para constru\u00e7\u00e3o do campus da UFOP em Ipatinga","author":"Di\u00e1rio de Ouro Preto","date":"31 de Janeiro de 2025","format":false,"excerpt":"O investimento do Governo Federal ser\u00e1 de R$ 50 milh\u00f5es para constru\u00e7\u00e3o do novo campus A Prefeitura de Ipatinga prorrogou por mais dois anos a lei de doa\u00e7\u00e3o de um terreno feita pelo munic\u00edpio para a instala\u00e7\u00e3o do campus da Universidade Federal de Ouro Preto (UFOP), o que viabiliza a\u2026","rel":"","context":"In &quot;Cidades&quot;","block_context":{"text":"Cidades","link":"https:\/\/www.diariodeouropreto.com.br\/pt\/Editoria\/cidades\/"},"img":{"alt_text":"","src":"https:\/\/i0.wp.com\/www.diariodeouropreto.com.br\/wp-content\/uploads\/2025\/01\/35824_design_sem_nome_2025_01_27t165854.094_383136071499773842.jpg?resize=350%2C200&ssl=1","width":350,"height":200,"srcset":"https:\/\/i0.wp.com\/www.diariodeouropreto.com.br\/wp-content\/uploads\/2025\/01\/35824_design_sem_nome_2025_01_27t165854.094_383136071499773842.jpg?resize=350%2C200&ssl=1 1x, https:\/\/i0.wp.com\/www.diariodeouropreto.com.br\/wp-content\/uploads\/2025\/01\/35824_design_sem_nome_2025_01_27t165854.094_383136071499773842.jpg?resize=525%2C300&ssl=1 1.5x, https:\/\/i0.wp.com\/www.diariodeouropreto.com.br\/wp-content\/uploads\/2025\/01\/35824_design_sem_nome_2025_01_27t165854.094_383136071499773842.jpg?resize=700%2C400&ssl=1 2x"},"classes":[]},{"id":50864,"url":"https:\/\/www.diariodeouropreto.com.br\/pt\/ministro-da-educacao-lancou-pedra-fundamental-do-hospital-universitario-da-ufop\/","url_meta":{"origin":50887,"position":2},"title":"Ministro da Educa\u00e7\u00e3o lan\u00e7ou pedra fundamental do Hospital Universit\u00e1rio da Ufop","author":"Davi Saporetti","date":"13 de Mar\u00e7o de 2026","format":false,"excerpt":"Ser\u00e3o investidos R$ 228,5 milh\u00f5es do Acordo do Rio Doce para constru\u00e7\u00e3o de unidade de sa\u00fade em Mariana, o munic\u00edpio destinou terreno de 30 mil m\u00b2 para o im\u00f3vel Na foto destaque: Reitor da Ufop, Luciano Campos, agradeceu ao Ministro os investimentos na UFOP\/ Foto: Marcelino Castro A Universidade Federal\u2026","rel":"","context":"In &quot;Manchete do dia&quot;","block_context":{"text":"Manchete do dia","link":"https:\/\/www.diariodeouropreto.com.br\/pt\/Editoria\/manchete-do-dia\/"},"img":{"alt_text":"","src":"https:\/\/i0.wp.com\/www.diariodeouropreto.com.br\/wp-content\/uploads\/2026\/03\/WhatsApp-Image-2026-03-12-at-17.55.51.jpeg?resize=350%2C200&ssl=1","width":350,"height":200,"srcset":"https:\/\/i0.wp.com\/www.diariodeouropreto.com.br\/wp-content\/uploads\/2026\/03\/WhatsApp-Image-2026-03-12-at-17.55.51.jpeg?resize=350%2C200&ssl=1 1x, https:\/\/i0.wp.com\/www.diariodeouropreto.com.br\/wp-content\/uploads\/2026\/03\/WhatsApp-Image-2026-03-12-at-17.55.51.jpeg?resize=525%2C300&ssl=1 1.5x, https:\/\/i0.wp.com\/www.diariodeouropreto.com.br\/wp-content\/uploads\/2026\/03\/WhatsApp-Image-2026-03-12-at-17.55.51.jpeg?resize=700%2C400&ssl=1 2x, https:\/\/i0.wp.com\/www.diariodeouropreto.com.br\/wp-content\/uploads\/2026\/03\/WhatsApp-Image-2026-03-12-at-17.55.51.jpeg?resize=1050%2C600&ssl=1 3x"},"classes":[]},{"id":16946,"url":"https:\/\/www.diariodeouropreto.com.br\/pt\/verba-para-revitalizacao-do-cine-teatro-vila-rica-e-aprovada\/","url_meta":{"origin":50887,"position":3},"title":"Verba para revitaliza\u00e7\u00e3o do Cine Teatro Vila Rica \u00e9 aprovada","author":"Di\u00e1rio de Ouro Preto","date":"24 de Junho de 2022","format":false,"excerpt":"O repasse para reforma do cinema \u00e9 de R$ 16,5 milh\u00f5es, outros projetos da UFOP tamb\u00e9m ser\u00e3o beneficiados A Universidade Federal de Ouro Preto (UFOP) concorreu com projetos relacionados \u00e0 \u00e1rea da educa\u00e7\u00e3o para receber a verba do Governo do Estado de Minas Gerais. O an\u00fancio foi feito em visita\u2026","rel":"","context":"In &quot;Ouro Preto&quot;","block_context":{"text":"Ouro Preto","link":"https:\/\/www.diariodeouropreto.com.br\/pt\/Editoria\/ouro-preto\/"},"img":{"alt_text":"","src":"https:\/\/i0.wp.com\/www.diariodeouropreto.com.br\/wp-content\/uploads\/2022\/06\/48024052452_e0438455f2_b.jpg?resize=350%2C200&ssl=1","width":350,"height":200,"srcset":"https:\/\/i0.wp.com\/www.diariodeouropreto.com.br\/wp-content\/uploads\/2022\/06\/48024052452_e0438455f2_b.jpg?resize=350%2C200&ssl=1 1x, https:\/\/i0.wp.com\/www.diariodeouropreto.com.br\/wp-content\/uploads\/2022\/06\/48024052452_e0438455f2_b.jpg?resize=525%2C300&ssl=1 1.5x, https:\/\/i0.wp.com\/www.diariodeouropreto.com.br\/wp-content\/uploads\/2022\/06\/48024052452_e0438455f2_b.jpg?resize=700%2C400&ssl=1 2x"},"classes":[]},{"id":18586,"url":"https:\/\/www.diariodeouropreto.com.br\/pt\/nova-iluminacao-marca-engajamento-da-ufop-no-setembro-amarelo-e-outras-campanhas\/","url_meta":{"origin":50887,"position":4},"title":"Nova ilumina\u00e7\u00e3o marca engajamento da UFOP no Setembro Amarelo e outras campanhas","author":"Di\u00e1rio de Ouro Preto","date":"27 de Setembro de 2022","format":false,"excerpt":"Victor Stutz, para o Di\u00e1rio de Ouro Preto Em apoio \u00e0s campanhas de conscientiza\u00e7\u00e3o relacionadas \u00e0 sa\u00fade, a partir deste m\u00eas de setembro, a UFOP ir\u00e1 ajustar a ilumina\u00e7\u00e3o de unidades pertencentes \u00e0 Universidade. Os quatro pr\u00e9dios que receberam nova ilumina\u00e7\u00e3o s\u00e3o os da Reitoria, da Escola de Minas, do\u2026","rel":"","context":"In &quot;Ouro Preto&quot;","block_context":{"text":"Ouro Preto","link":"https:\/\/www.diariodeouropreto.com.br\/pt\/Editoria\/ouro-preto\/"},"img":{"alt_text":"","src":"https:\/\/i0.wp.com\/www.diariodeouropreto.com.br\/wp-content\/uploads\/2022\/09\/WhatsApp-Image-2022-09-26-at-16.18.55.jpeg?resize=350%2C200&ssl=1","width":350,"height":200},"classes":[]},{"id":18133,"url":"https:\/\/www.diariodeouropreto.com.br\/pt\/projeto-de-extensao-da-ufop-oferece-aulas-de-alfabetizacao-de-jovens-adultos-e-idosos\/","url_meta":{"origin":50887,"position":5},"title":"Projeto de extens\u00e3o da UFOP oferece aulas de alfabetiza\u00e7\u00e3o de jovens, adultos e idosos","author":"Di\u00e1rio de Ouro Preto","date":"25 de Agosto de 2022","format":false,"excerpt":"S\u00e3o ofertadas 30 vagas para pessoas com mais de 18 anos As aulas do projeto de extens\u00e3o\u00a0da Universidade Federal de Ouro Preto (UFOP) \"Ler e Ser Cidad\u00e3o\" v\u00e3o acontecer presencialmente no campus Morro do Cruzeiro, em Ouro Preto. Ser\u00e3o selecionados 30 candidatos, que ser\u00e3o divididos em duas turmas. Pode participar\u2026","rel":"","context":"In &quot;Ouro Preto&quot;","block_context":{"text":"Ouro Preto","link":"https:\/\/www.diariodeouropreto.com.br\/pt\/Editoria\/ouro-preto\/"},"img":{"alt_text":"","src":"https:\/\/i0.wp.com\/www.diariodeouropreto.com.br\/wp-content\/uploads\/2019\/09\/titulosite2-e1616373489755.jpg?resize=350%2C200&ssl=1","width":350,"height":200,"srcset":"https:\/\/i0.wp.com\/www.diariodeouropreto.com.br\/wp-content\/uploads\/2019\/09\/titulosite2-e1616373489755.jpg?resize=350%2C200&ssl=1 1x, https:\/\/i0.wp.com\/www.diariodeouropreto.com.br\/wp-content\/uploads\/2019\/09\/titulosite2-e1616373489755.jpg?resize=525%2C300&ssl=1 1.5x, https:\/\/i0.wp.com\/www.diariodeouropreto.com.br\/wp-content\/uploads\/2019\/09\/titulosite2-e1616373489755.jpg?resize=700%2C400&ssl=1 2x, https:\/\/i0.wp.com\/www.diariodeouropreto.com.br\/wp-content\/uploads\/2019\/09\/titulosite2-e1616373489755.jpg?resize=1050%2C600&ssl=1 3x"},"classes":[]}],"jetpack_sharing_enabled":true,"amp_enabled":true,"_links":{"self":[{"href":"https:\/\/www.diariodeouropreto.com.br\/pt\/wp-json\/wp\/v2\/posts\/50887","targetHints":{"allow":["GET"]}}],"collection":[{"href":"https:\/\/www.diariodeouropreto.com.br\/pt\/wp-json\/wp\/v2\/posts"}],"about":[{"href":"https:\/\/www.diariodeouropreto.com.br\/pt\/wp-json\/wp\/v2\/types\/post"}],"author":[{"embeddable":true,"href":"https:\/\/www.diariodeouropreto.com.br\/pt\/wp-json\/wp\/v2\/users\/7"}],"replies":[{"embeddable":true,"href":"https:\/\/www.diariodeouropreto.com.br\/pt\/wp-json\/wp\/v2\/comments?post=50887"}],"version-history":[{"count":4,"href":"https:\/\/www.diariodeouropreto.com.br\/pt\/wp-json\/wp\/v2\/posts\/50887\/revisions"}],"predecessor-version":[{"id":50903,"href":"https:\/\/www.diariodeouropreto.com.br\/pt\/wp-json\/wp\/v2\/posts\/50887\/revisions\/50903"}],"wp:featuredmedia":[{"embeddable":true,"href":"https:\/\/www.diariodeouropreto.com.br\/pt\/wp-json\/wp\/v2\/media\/50866"}],"wp:attachment":[{"href":"https:\/\/www.diariodeouropreto.com.br\/pt\/wp-json\/wp\/v2\/media?parent=50887"}],"wp:term":[{"taxonomy":"category","embeddable":true,"href":"https:\/\/www.diariodeouropreto.com.br\/pt\/wp-json\/wp\/v2\/categories?post=50887"},{"taxonomy":"post_tag","embeddable":true,"href":"https:\/\/www.diariodeouropreto.com.br\/pt\/wp-json\/wp\/v2\/tags?post=50887"}],"curies":[{"name":"wp","href":"https:\/\/api.w.org\/{rel}","templated":true}]}}