{"id":50882,"date":"2026-03-13T18:34:20","date_gmt":"2026-03-13T21:34:20","guid":{"rendered":"https:\/\/www.diariodeouropreto.com.br\/encontrao-ginastica-na-praca-tem-o-seu-local-alterado\/"},"modified":"2026-03-14T17:10:48","modified_gmt":"2026-03-14T20:10:48","slug":"encontrao-ginastica-na-praca-tem-o-seu-local-alterado","status":"publish","type":"post","link":"https:\/\/www.diariodeouropreto.com.br\/pt\/encontrao-ginastica-na-praca-tem-o-seu-local-alterado\/","title":{"rendered":"Encontr\u00e3o Gin\u00e1stica na Pra\u00e7a tem o seu local alterado"},"content":{"rendered":"<div id=\"110712\" class=\"advads-saneouro advads-entity-placement\" style=\"margin-left: auto;margin-right: auto;text-align: center;\"><a href=\"https:\/\/www.saneouro.com.br\/\" target=\"_blank\" aria-label=\"DOP_Site\" data-wpel-link=\"external\" rel=\"follow external noopener noreferrer sponsored ugc\"><img src=\"https:\/\/www.diariodeouropreto.com.br\/wp-content\/uploads\/2026\/04\/DOP_Site.jpg\" alt=\"\"  srcset=\"https:\/\/www.diariodeouropreto.com.br\/wp-content\/uploads\/2026\/04\/DOP_Site.jpg 301w, https:\/\/www.diariodeouropreto.com.br\/wp-content\/uploads\/2026\/04\/DOP_Site-180x150.jpg 180w, https:\/\/www.diariodeouropreto.com.br\/wp-content\/uploads\/2026\/04\/DOP_Site-14x12.jpg 14w\" sizes=\"(max-width: 301px) 100vw, 301px\" width=\"301\" height=\"251\"  style=\"display: inline-block;\" \/><\/a><\/div><p><br><br><br><br>Devido \u00e0s condi\u00e7\u00f5es clim\u00e1ticas, a primeira edi\u00e7\u00e3o de 2026 do Encontr\u00e3o do programa Gin\u00e1stica na Pra\u00e7a, que acontece neste s\u00e1bado (14), teve o local alterado e ser\u00e1 realizada na Arena Mariana, espa\u00e7o coberto que garante mais conforto e seguran\u00e7a aos participantes.<br><br>A programa\u00e7\u00e3o come\u00e7a \u00e0s 8h da manh\u00e3 e deve reunir os participantes do projeto em um momento voltado \u00e0 pr\u00e1tica de atividade f\u00edsica, integra\u00e7\u00e3o e incentivo \u00e0 qualidade de vida.<br><br>A organiza\u00e7\u00e3o orienta que os participantes priorizem o uso da camisa oficial do projeto, al\u00e9m de levar garrafinha de \u00e1gua para hidrata\u00e7\u00e3o e utilizar roupas leves e adequadas para a pr\u00e1tica esportiva.<br><br>Quem j\u00e1 est\u00e1 inscrito no programa pode participar normalmente do Encontr\u00e3o. Em caso de d\u00favidas ou para mais informa\u00e7\u00f5es, os interessados podem entrar em contato com a Secretaria Municipal de Esportes pelo telefone (31) 3557-2128 ou procurar a sede da secretaria, localizada na Arena Mariana.<\/p>\n\n\n\n<div id=\"50321\" class=\"advads-plantao advads-entity-placement\"><a href=\"https:\/\/www.diariodeouropreto.com.br\/pt\/\" target=\"_blank\" aria-label=\"site &#8211; noticia\" data-wpel-link=\"external\" rel=\"follow external noopener noreferrer sponsored ugc\"><img src=\"https:\/\/www.diariodeouropreto.com.br\/wp-content\/uploads\/2019\/09\/titulosite2-e1616373489755.jpg\" alt=\"\"  srcset=\"https:\/\/www.diariodeouropreto.com.br\/wp-content\/uploads\/2019\/09\/titulosite2-e1616373489755.jpg 1200w, https:\/\/www.diariodeouropreto.com.br\/wp-content\/uploads\/2019\/09\/titulosite2-e1616373489755-150x38.jpg 150w, https:\/\/www.diariodeouropreto.com.br\/wp-content\/uploads\/2019\/09\/titulosite2-e1616373489755-660x167.jpg 660w, https:\/\/www.diariodeouropreto.com.br\/wp-content\/uploads\/2019\/09\/titulosite2-e1616373489755-768x194.jpg 768w, https:\/\/www.diariodeouropreto.com.br\/wp-content\/uploads\/2019\/09\/titulosite2-e1616373489755-1000x252.jpg 1000w, https:\/\/www.diariodeouropreto.com.br\/wp-content\/uploads\/2019\/09\/titulosite2-e1616373489755-1536x388.jpg 1536w, https:\/\/www.diariodeouropreto.com.br\/wp-content\/uploads\/2019\/09\/titulosite2-e1616373489755-2048x517.jpg 2048w\" sizes=\"(max-width: 1200px) 100vw, 1200px\" width=\"1200\" height=\"303\"  style=\"display: inline-block;\" \/><\/a><\/div><p>Por: Carmen Maria Crispim &#8211; Assessoria Prefeitura de Mariana<\/p>","protected":false},"excerpt":{"rendered":"<p>Devido \u00e0s condi\u00e7\u00f5es clim\u00e1ticas, a primeira edi\u00e7\u00e3o de 2026 do Encontr\u00e3o do programa Gin\u00e1stica na Pra\u00e7a, que acontece neste s\u00e1bado (14), teve o local alterado e ser\u00e1 realizada na Arena Mariana, espa\u00e7o coberto que garante mais conforto e seguran\u00e7a aos participantes. A programa\u00e7\u00e3o come\u00e7a \u00e0s 8h da manh\u00e3 e deve<span class=\"more-link\"><a href=\"https:\/\/www.diariodeouropreto.com.br\/pt\/encontrao-ginastica-na-praca-tem-o-seu-local-alterado\/\" data-wpel-link=\"internal\">Continue Lendo<\/a><\/span><\/p>","protected":false},"author":1,"featured_media":50881,"comment_status":"closed","ping_status":"closed","sticky":false,"template":"","format":"standard","meta":{"_jetpack_memberships_contains_paid_content":false,"footnotes":"","jetpack_publicize_message":"","jetpack_publicize_feature_enabled":true,"jetpack_social_post_already_shared":true,"jetpack_social_options":{"image_generator_settings":{"template":"highway","default_image_id":0,"font":"","enabled":false},"version":2}},"categories":[4],"tags":[],"class_list":["entry","author-diario","post-50882","post","type-post","status-publish","format-standard","has-post-thumbnail","category-mariana"],"yoast_head":"<!-- This site is optimized with the Yoast SEO plugin v27.5 - https:\/\/yoast.com\/product\/yoast-seo-wordpress\/ -->\n<title>Encontr\u00e3o Gin\u00e1stica na Pra\u00e7a tem o seu local alterado - Di\u00e1rio de Ouro Preto<\/title>\n<meta name=\"description\" content=\"- Encontr\u00e3o Gin\u00e1stica na Pra\u00e7a tem o seu local alterado - Mariana\" \/>\n<meta name=\"robots\" content=\"index, follow, max-snippet:-1, max-image-preview:large, max-video-preview:-1\" \/>\n<link rel=\"canonical\" href=\"https:\/\/www.diariodeouropreto.com.br\/pt\/encontrao-ginastica-na-praca-tem-o-seu-local-alterado\/\" \/>\n<meta property=\"og:locale\" content=\"pt_PT\" \/>\n<meta property=\"og:type\" content=\"article\" \/>\n<meta property=\"og:title\" content=\"Encontr\u00e3o Gin\u00e1stica na Pra\u00e7a tem o seu local alterado - Di\u00e1rio de Ouro Preto\" \/>\n<meta property=\"og:description\" content=\"- Encontr\u00e3o Gin\u00e1stica na Pra\u00e7a tem o seu local alterado - Mariana\" \/>\n<meta property=\"og:url\" content=\"https:\/\/www.diariodeouropreto.com.br\/pt\/encontrao-ginastica-na-praca-tem-o-seu-local-alterado\/\" \/>\n<meta property=\"og:site_name\" content=\"Di\u00e1rio de Ouro Preto\" \/>\n<meta property=\"article:publisher\" content=\"https:\/\/www.facebook.com\/diariodeouropreto\/\" \/>\n<meta property=\"article:published_time\" content=\"2026-03-13T21:34:20+00:00\" \/>\n<meta property=\"article:modified_time\" content=\"2026-03-14T20:10:48+00:00\" \/>\n<meta property=\"og:image\" content=\"https:\/\/www.diariodeouropreto.com.br\/wp-content\/uploads\/2026\/03\/WhatsAppImage2026-03-13at16.39.47.jpeg\" \/>\n\t<meta property=\"og:image:width\" content=\"1200\" \/>\n\t<meta property=\"og:image:height\" content=\"750\" \/>\n\t<meta property=\"og:image:type\" content=\"image\/jpeg\" \/>\n<meta name=\"author\" content=\"Di\u00e1rio de Ouro Preto\" \/>\n<meta name=\"twitter:card\" content=\"summary_large_image\" \/>\n<meta name=\"twitter:label1\" content=\"Escrito por\" \/>\n\t<meta name=\"twitter:data1\" content=\"Di\u00e1rio de Ouro Preto\" \/>\n\t<meta name=\"twitter:label2\" content=\"Tempo estimado de leitura\" \/>\n\t<meta name=\"twitter:data2\" content=\"2 minutos\" \/>\n<script type=\"application\/ld+json\" class=\"yoast-schema-graph\">{\"@context\":\"https:\\\/\\\/schema.org\",\"@graph\":[{\"@type\":\"Article\",\"@id\":\"https:\\\/\\\/www.diariodeouropreto.com.br\\\/encontrao-ginastica-na-praca-tem-o-seu-local-alterado\\\/#article\",\"isPartOf\":{\"@id\":\"https:\\\/\\\/www.diariodeouropreto.com.br\\\/encontrao-ginastica-na-praca-tem-o-seu-local-alterado\\\/\"},\"author\":{\"name\":\"Di\u00e1rio de Ouro Preto\",\"@id\":\"https:\\\/\\\/www.diariodeouropreto.com.br\\\/pt\\\/#\\\/schema\\\/person\\\/7654e7b471204a6dab6dc0ce6e140c99\"},\"headline\":\"Encontr\u00e3o Gin\u00e1stica na Pra\u00e7a tem o seu local alterado\",\"datePublished\":\"2026-03-13T21:34:20+00:00\",\"dateModified\":\"2026-03-14T20:10:48+00:00\",\"mainEntityOfPage\":{\"@id\":\"https:\\\/\\\/www.diariodeouropreto.com.br\\\/encontrao-ginastica-na-praca-tem-o-seu-local-alterado\\\/\"},\"wordCount\":185,\"publisher\":{\"@id\":\"https:\\\/\\\/www.diariodeouropreto.com.br\\\/pt\\\/#organization\"},\"image\":{\"@id\":\"https:\\\/\\\/www.diariodeouropreto.com.br\\\/encontrao-ginastica-na-praca-tem-o-seu-local-alterado\\\/#primaryimage\"},\"thumbnailUrl\":\"https:\\\/\\\/www.diariodeouropreto.com.br\\\/wp-content\\\/uploads\\\/2026\\\/03\\\/WhatsAppImage2026-03-13at16.39.47.jpeg\",\"articleSection\":[\"Mariana\"],\"inLanguage\":\"pt-PT\"},{\"@type\":\"WebPage\",\"@id\":\"https:\\\/\\\/www.diariodeouropreto.com.br\\\/encontrao-ginastica-na-praca-tem-o-seu-local-alterado\\\/\",\"url\":\"https:\\\/\\\/www.diariodeouropreto.com.br\\\/encontrao-ginastica-na-praca-tem-o-seu-local-alterado\\\/\",\"name\":\"Encontr\u00e3o Gin\u00e1stica na Pra\u00e7a tem o seu local alterado - Di\u00e1rio de Ouro Preto\",\"isPartOf\":{\"@id\":\"https:\\\/\\\/www.diariodeouropreto.com.br\\\/pt\\\/#website\"},\"primaryImageOfPage\":{\"@id\":\"https:\\\/\\\/www.diariodeouropreto.com.br\\\/encontrao-ginastica-na-praca-tem-o-seu-local-alterado\\\/#primaryimage\"},\"image\":{\"@id\":\"https:\\\/\\\/www.diariodeouropreto.com.br\\\/encontrao-ginastica-na-praca-tem-o-seu-local-alterado\\\/#primaryimage\"},\"thumbnailUrl\":\"https:\\\/\\\/www.diariodeouropreto.com.br\\\/wp-content\\\/uploads\\\/2026\\\/03\\\/WhatsAppImage2026-03-13at16.39.47.jpeg\",\"datePublished\":\"2026-03-13T21:34:20+00:00\",\"dateModified\":\"2026-03-14T20:10:48+00:00\",\"description\":\"- Encontr\u00e3o Gin\u00e1stica na Pra\u00e7a tem o seu local alterado - Mariana\",\"breadcrumb\":{\"@id\":\"https:\\\/\\\/www.diariodeouropreto.com.br\\\/encontrao-ginastica-na-praca-tem-o-seu-local-alterado\\\/#breadcrumb\"},\"inLanguage\":\"pt-PT\",\"potentialAction\":[{\"@type\":\"ReadAction\",\"target\":[\"https:\\\/\\\/www.diariodeouropreto.com.br\\\/encontrao-ginastica-na-praca-tem-o-seu-local-alterado\\\/\"]}]},{\"@type\":\"ImageObject\",\"inLanguage\":\"pt-PT\",\"@id\":\"https:\\\/\\\/www.diariodeouropreto.com.br\\\/encontrao-ginastica-na-praca-tem-o-seu-local-alterado\\\/#primaryimage\",\"url\":\"https:\\\/\\\/www.diariodeouropreto.com.br\\\/wp-content\\\/uploads\\\/2026\\\/03\\\/WhatsAppImage2026-03-13at16.39.47.jpeg\",\"contentUrl\":\"https:\\\/\\\/www.diariodeouropreto.com.br\\\/wp-content\\\/uploads\\\/2026\\\/03\\\/WhatsAppImage2026-03-13at16.39.47.jpeg\",\"width\":1200,\"height\":750},{\"@type\":\"BreadcrumbList\",\"@id\":\"https:\\\/\\\/www.diariodeouropreto.com.br\\\/encontrao-ginastica-na-praca-tem-o-seu-local-alterado\\\/#breadcrumb\",\"itemListElement\":[{\"@type\":\"ListItem\",\"position\":1,\"name\":\"In\u00edcio\",\"item\":\"https:\\\/\\\/www.diariodeouropreto.com.br\\\/pt\\\/\"},{\"@type\":\"ListItem\",\"position\":2,\"name\":\"Encontr\u00e3o Gin\u00e1stica na Pra\u00e7a tem o seu local alterado\"}]},{\"@type\":\"WebSite\",\"@id\":\"https:\\\/\\\/www.diariodeouropreto.com.br\\\/pt\\\/#website\",\"url\":\"https:\\\/\\\/www.diariodeouropreto.com.br\\\/pt\\\/\",\"name\":\"Di\u00e1rio de Ouro Preto\",\"description\":\"Not\u00edcias Ouro Preto; Mariana;Minas Gerais;Jornal;Jornalismo;Not\u00edcias;\",\"publisher\":{\"@id\":\"https:\\\/\\\/www.diariodeouropreto.com.br\\\/pt\\\/#organization\"},\"alternateName\":\"Jornal di\u00e1rio de Ouro Preto\",\"potentialAction\":[{\"@type\":\"SearchAction\",\"target\":{\"@type\":\"EntryPoint\",\"urlTemplate\":\"https:\\\/\\\/www.diariodeouropreto.com.br\\\/pt\\\/?s={search_term_string}\"},\"query-input\":{\"@type\":\"PropertyValueSpecification\",\"valueRequired\":true,\"valueName\":\"search_term_string\"}}],\"inLanguage\":\"pt-PT\"},{\"@type\":\"Organization\",\"@id\":\"https:\\\/\\\/www.diariodeouropreto.com.br\\\/pt\\\/#organization\",\"name\":\"Di\u00e1rio de Ouro Preto\",\"alternateName\":\"Jornal di\u00e1rio Ouro Preto\",\"url\":\"https:\\\/\\\/www.diariodeouropreto.com.br\\\/pt\\\/\",\"logo\":{\"@type\":\"ImageObject\",\"inLanguage\":\"pt-PT\",\"@id\":\"https:\\\/\\\/www.diariodeouropreto.com.br\\\/pt\\\/#\\\/schema\\\/logo\\\/image\\\/\",\"url\":\"https:\\\/\\\/www.diariodeouropreto.com.br\\\/wp-content\\\/uploads\\\/2019\\\/06\\\/cropped-logotransp-2.png\",\"contentUrl\":\"https:\\\/\\\/www.diariodeouropreto.com.br\\\/wp-content\\\/uploads\\\/2019\\\/06\\\/cropped-logotransp-2.png\",\"width\":1323,\"height\":251,\"caption\":\"Di\u00e1rio de Ouro Preto\"},\"image\":{\"@id\":\"https:\\\/\\\/www.diariodeouropreto.com.br\\\/pt\\\/#\\\/schema\\\/logo\\\/image\\\/\"},\"sameAs\":[\"https:\\\/\\\/www.facebook.com\\\/diariodeouropreto\\\/\"]},{\"@type\":\"Person\",\"@id\":\"https:\\\/\\\/www.diariodeouropreto.com.br\\\/pt\\\/#\\\/schema\\\/person\\\/7654e7b471204a6dab6dc0ce6e140c99\",\"name\":\"Di\u00e1rio de Ouro Preto\",\"sameAs\":[\"http:\\\/\\\/www.diariodeouropreto.com.br\"],\"url\":\"https:\\\/\\\/www.diariodeouropreto.com.br\\\/pt\\\/author\\\/diario\\\/\"}]}<\/script>\n<!-- \/ Yoast SEO plugin. -->","yoast_head_json":{"title":"Encontr\u00e3o Gin\u00e1stica na Pra\u00e7a tem o seu local alterado - Di\u00e1rio de Ouro Preto","description":"- Encontr\u00e3o Gin\u00e1stica na Pra\u00e7a tem o seu local alterado - Mariana","robots":{"index":"index","follow":"follow","max-snippet":"max-snippet:-1","max-image-preview":"max-image-preview:large","max-video-preview":"max-video-preview:-1"},"canonical":"https:\/\/www.diariodeouropreto.com.br\/pt\/encontrao-ginastica-na-praca-tem-o-seu-local-alterado\/","og_locale":"pt_PT","og_type":"article","og_title":"Encontr\u00e3o Gin\u00e1stica na Pra\u00e7a tem o seu local alterado - Di\u00e1rio de Ouro Preto","og_description":"- Encontr\u00e3o Gin\u00e1stica na Pra\u00e7a tem o seu local alterado - Mariana","og_url":"https:\/\/www.diariodeouropreto.com.br\/pt\/encontrao-ginastica-na-praca-tem-o-seu-local-alterado\/","og_site_name":"Di\u00e1rio de Ouro Preto","article_publisher":"https:\/\/www.facebook.com\/diariodeouropreto\/","article_published_time":"2026-03-13T21:34:20+00:00","article_modified_time":"2026-03-14T20:10:48+00:00","og_image":[{"width":1200,"height":750,"url":"https:\/\/www.diariodeouropreto.com.br\/wp-content\/uploads\/2026\/03\/WhatsAppImage2026-03-13at16.39.47.jpeg","type":"image\/jpeg"}],"author":"Di\u00e1rio de Ouro Preto","twitter_card":"summary_large_image","twitter_misc":{"Escrito por":"Di\u00e1rio de Ouro Preto","Tempo estimado de leitura":"2 minutos"},"schema":{"@context":"https:\/\/schema.org","@graph":[{"@type":"Article","@id":"https:\/\/www.diariodeouropreto.com.br\/encontrao-ginastica-na-praca-tem-o-seu-local-alterado\/#article","isPartOf":{"@id":"https:\/\/www.diariodeouropreto.com.br\/encontrao-ginastica-na-praca-tem-o-seu-local-alterado\/"},"author":{"name":"Di\u00e1rio de Ouro Preto","@id":"https:\/\/www.diariodeouropreto.com.br\/pt\/#\/schema\/person\/7654e7b471204a6dab6dc0ce6e140c99"},"headline":"Encontr\u00e3o Gin\u00e1stica na Pra\u00e7a tem o seu local alterado","datePublished":"2026-03-13T21:34:20+00:00","dateModified":"2026-03-14T20:10:48+00:00","mainEntityOfPage":{"@id":"https:\/\/www.diariodeouropreto.com.br\/encontrao-ginastica-na-praca-tem-o-seu-local-alterado\/"},"wordCount":185,"publisher":{"@id":"https:\/\/www.diariodeouropreto.com.br\/pt\/#organization"},"image":{"@id":"https:\/\/www.diariodeouropreto.com.br\/encontrao-ginastica-na-praca-tem-o-seu-local-alterado\/#primaryimage"},"thumbnailUrl":"https:\/\/www.diariodeouropreto.com.br\/wp-content\/uploads\/2026\/03\/WhatsAppImage2026-03-13at16.39.47.jpeg","articleSection":["Mariana"],"inLanguage":"pt-PT"},{"@type":"WebPage","@id":"https:\/\/www.diariodeouropreto.com.br\/encontrao-ginastica-na-praca-tem-o-seu-local-alterado\/","url":"https:\/\/www.diariodeouropreto.com.br\/encontrao-ginastica-na-praca-tem-o-seu-local-alterado\/","name":"Encontr\u00e3o Gin\u00e1stica na Pra\u00e7a tem o seu local alterado - Di\u00e1rio de Ouro Preto","isPartOf":{"@id":"https:\/\/www.diariodeouropreto.com.br\/pt\/#website"},"primaryImageOfPage":{"@id":"https:\/\/www.diariodeouropreto.com.br\/encontrao-ginastica-na-praca-tem-o-seu-local-alterado\/#primaryimage"},"image":{"@id":"https:\/\/www.diariodeouropreto.com.br\/encontrao-ginastica-na-praca-tem-o-seu-local-alterado\/#primaryimage"},"thumbnailUrl":"https:\/\/www.diariodeouropreto.com.br\/wp-content\/uploads\/2026\/03\/WhatsAppImage2026-03-13at16.39.47.jpeg","datePublished":"2026-03-13T21:34:20+00:00","dateModified":"2026-03-14T20:10:48+00:00","description":"- Encontr\u00e3o Gin\u00e1stica na Pra\u00e7a tem o seu local alterado - Mariana","breadcrumb":{"@id":"https:\/\/www.diariodeouropreto.com.br\/encontrao-ginastica-na-praca-tem-o-seu-local-alterado\/#breadcrumb"},"inLanguage":"pt-PT","potentialAction":[{"@type":"ReadAction","target":["https:\/\/www.diariodeouropreto.com.br\/encontrao-ginastica-na-praca-tem-o-seu-local-alterado\/"]}]},{"@type":"ImageObject","inLanguage":"pt-PT","@id":"https:\/\/www.diariodeouropreto.com.br\/encontrao-ginastica-na-praca-tem-o-seu-local-alterado\/#primaryimage","url":"https:\/\/www.diariodeouropreto.com.br\/wp-content\/uploads\/2026\/03\/WhatsAppImage2026-03-13at16.39.47.jpeg","contentUrl":"https:\/\/www.diariodeouropreto.com.br\/wp-content\/uploads\/2026\/03\/WhatsAppImage2026-03-13at16.39.47.jpeg","width":1200,"height":750},{"@type":"BreadcrumbList","@id":"https:\/\/www.diariodeouropreto.com.br\/encontrao-ginastica-na-praca-tem-o-seu-local-alterado\/#breadcrumb","itemListElement":[{"@type":"ListItem","position":1,"name":"In\u00edcio","item":"https:\/\/www.diariodeouropreto.com.br\/pt\/"},{"@type":"ListItem","position":2,"name":"Encontr\u00e3o Gin\u00e1stica na Pra\u00e7a tem o seu local alterado"}]},{"@type":"WebSite","@id":"https:\/\/www.diariodeouropreto.com.br\/pt\/#website","url":"https:\/\/www.diariodeouropreto.com.br\/pt\/","name":"Di\u00e1rio de Ouro Preto","description":"Not\u00edcias Ouro Preto; Mariana;Minas Gerais;Jornal;Jornalismo;Not\u00edcias;","publisher":{"@id":"https:\/\/www.diariodeouropreto.com.br\/pt\/#organization"},"alternateName":"Jornal di\u00e1rio de Ouro Preto","potentialAction":[{"@type":"SearchAction","target":{"@type":"EntryPoint","urlTemplate":"https:\/\/www.diariodeouropreto.com.br\/pt\/?s={search_term_string}"},"query-input":{"@type":"PropertyValueSpecification","valueRequired":true,"valueName":"search_term_string"}}],"inLanguage":"pt-PT"},{"@type":"Organization","@id":"https:\/\/www.diariodeouropreto.com.br\/pt\/#organization","name":"Di\u00e1rio de Ouro Preto","alternateName":"Jornal di\u00e1rio Ouro Preto","url":"https:\/\/www.diariodeouropreto.com.br\/pt\/","logo":{"@type":"ImageObject","inLanguage":"pt-PT","@id":"https:\/\/www.diariodeouropreto.com.br\/pt\/#\/schema\/logo\/image\/","url":"https:\/\/www.diariodeouropreto.com.br\/wp-content\/uploads\/2019\/06\/cropped-logotransp-2.png","contentUrl":"https:\/\/www.diariodeouropreto.com.br\/wp-content\/uploads\/2019\/06\/cropped-logotransp-2.png","width":1323,"height":251,"caption":"Di\u00e1rio de Ouro Preto"},"image":{"@id":"https:\/\/www.diariodeouropreto.com.br\/pt\/#\/schema\/logo\/image\/"},"sameAs":["https:\/\/www.facebook.com\/diariodeouropreto\/"]},{"@type":"Person","@id":"https:\/\/www.diariodeouropreto.com.br\/pt\/#\/schema\/person\/7654e7b471204a6dab6dc0ce6e140c99","name":"Di\u00e1rio de Ouro Preto","sameAs":["http:\/\/www.diariodeouropreto.com.br"],"url":"https:\/\/www.diariodeouropreto.com.br\/pt\/author\/diario\/"}]}},"jetpack_publicize_connections":[],"jetpack_featured_media_url":"https:\/\/www.diariodeouropreto.com.br\/wp-content\/uploads\/2026\/03\/WhatsAppImage2026-03-13at16.39.47.jpeg","jetpack-related-posts":[{"id":21140,"url":"https:\/\/www.diariodeouropreto.com.br\/pt\/projeto-ginastica-na-praca-retorna-com-novos-polos-em-2023\/","url_meta":{"origin":50882,"position":0},"title":"Projeto Gin\u00e1stica na Pra\u00e7a retorna com novos polos em 2023","author":"Di\u00e1rio de Ouro Preto","date":"17 de Fevereiro de 2023","format":false,"excerpt":"O Projeto Gin\u00e1stica na Pra\u00e7a, em 2023, teve in\u00edcio no dia 06 de fevereiro. Uma a\u00e7\u00e3o realizada pela Prefeitura de Mariana, por meio da Secretaria de Esportes, que tem como objetivo promover a populariza\u00e7\u00e3o da atividade f\u00edsica e mostrar seus benef\u00edcios \u00e0 sa\u00fade. Aulas de dan\u00e7a, circuito funcional, alongamento, est\u00e3o\u2026","rel":"","context":"In &quot;Mariana&quot;","block_context":{"text":"Mariana","link":"https:\/\/www.diariodeouropreto.com.br\/pt\/Editoria\/mariana\/"},"img":{"alt_text":"","src":"https:\/\/i0.wp.com\/www.diariodeouropreto.com.br\/wp-content\/uploads\/2023\/02\/Projeto-Ginastica-na-Praca-retorna-com-novos-polos-em-2023.jpg?resize=350%2C200&ssl=1","width":350,"height":200,"srcset":"https:\/\/i0.wp.com\/www.diariodeouropreto.com.br\/wp-content\/uploads\/2023\/02\/Projeto-Ginastica-na-Praca-retorna-com-novos-polos-em-2023.jpg?resize=350%2C200&ssl=1 1x, https:\/\/i0.wp.com\/www.diariodeouropreto.com.br\/wp-content\/uploads\/2023\/02\/Projeto-Ginastica-na-Praca-retorna-com-novos-polos-em-2023.jpg?resize=525%2C300&ssl=1 1.5x, https:\/\/i0.wp.com\/www.diariodeouropreto.com.br\/wp-content\/uploads\/2023\/02\/Projeto-Ginastica-na-Praca-retorna-com-novos-polos-em-2023.jpg?resize=700%2C400&ssl=1 2x, https:\/\/i0.wp.com\/www.diariodeouropreto.com.br\/wp-content\/uploads\/2023\/02\/Projeto-Ginastica-na-Praca-retorna-com-novos-polos-em-2023.jpg?resize=1050%2C600&ssl=1 3x"},"classes":[]},{"id":47129,"url":"https:\/\/www.diariodeouropreto.com.br\/pt\/mundial-de-ginastica-ritmica-medalhas-ineditas-e-melhor-resultado-do-brasil-na-competicao\/","url_meta":{"origin":50882,"position":1},"title":"Mundial de Gin\u00e1stica R\u00edtmica: medalhas in\u00e9ditas e melhor resultado do Brasil na competi\u00e7\u00e3o","author":"Di\u00e1rio de Ouro Preto","date":"24 de Agosto de 2025","format":false,"excerpt":"Pratas vieram no conjunto geral e na prova mista. Governo Federal acompanha a trajet\u00f3ria das meninas com investimentos em estrutura, patroc\u00ednios individuais e na viabiliza\u00e7\u00e3o do primeiro Mundial na Am\u00e9rica do Sul","rel":"","context":"In &quot;Ouro Preto&quot;","block_context":{"text":"Ouro Preto","link":"https:\/\/www.diariodeouropreto.com.br\/pt\/Editoria\/ouro-preto\/"},"img":{"alt_text":"","src":"https:\/\/i0.wp.com\/www.diariodeouropreto.com.br\/wp-content\/uploads\/2025\/08\/4d7631bd-df5a-45ae-8d5b-faa4ab00622b.jpeg?resize=350%2C200&ssl=1","width":350,"height":200,"srcset":"https:\/\/i0.wp.com\/www.diariodeouropreto.com.br\/wp-content\/uploads\/2025\/08\/4d7631bd-df5a-45ae-8d5b-faa4ab00622b.jpeg?resize=350%2C200&ssl=1 1x, https:\/\/i0.wp.com\/www.diariodeouropreto.com.br\/wp-content\/uploads\/2025\/08\/4d7631bd-df5a-45ae-8d5b-faa4ab00622b.jpeg?resize=525%2C300&ssl=1 1.5x, https:\/\/i0.wp.com\/www.diariodeouropreto.com.br\/wp-content\/uploads\/2025\/08\/4d7631bd-df5a-45ae-8d5b-faa4ab00622b.jpeg?resize=700%2C400&ssl=1 2x"},"classes":[]},{"id":1559,"url":"https:\/\/www.diariodeouropreto.com.br\/pt\/contratacao-local-e-prioridade-nas-acoes-de-reparacao-em-mariana\/","url_meta":{"origin":50882,"position":2},"title":"Contrata\u00e7\u00e3o local \u00e9 prioridade nas a\u00e7\u00f5es de repara\u00e7\u00e3o em Mariana, diz Funda\u00e7\u00e3o Renova","author":"Di\u00e1rio de Ouro Preto","date":"18 de Dezembro de 2019","format":false,"excerpt":"Mariana - Um dos principais compromissos da Funda\u00e7\u00e3o Renova \u00e9 fortalecer a economia dos munic\u00edpios impactados pelo rompimento da barragem de Fund\u00e3o. Em Mariana, a prioriza\u00e7\u00e3o da contrata\u00e7\u00e3o de m\u00e3o de obra e de fornecedores locais t\u00eam garantido a movimenta\u00e7\u00e3o dos neg\u00f3cios da regi\u00e3o. Para cumprir as metas, a Funda\u00e7\u00e3o\u2026","rel":"","context":"In &quot;Mariana&quot;","block_context":{"text":"Mariana","link":"https:\/\/www.diariodeouropreto.com.br\/pt\/Editoria\/mariana\/"},"img":{"alt_text":"","src":"https:\/\/i0.wp.com\/www.diariodeouropreto.com.br\/wp-content\/uploads\/2019\/12\/Caf%C3%A9-com-Renova_18.12-3-1.jpeg?resize=350%2C200&ssl=1","width":350,"height":200,"srcset":"https:\/\/i0.wp.com\/www.diariodeouropreto.com.br\/wp-content\/uploads\/2019\/12\/Caf%C3%A9-com-Renova_18.12-3-1.jpeg?resize=350%2C200&ssl=1 1x, https:\/\/i0.wp.com\/www.diariodeouropreto.com.br\/wp-content\/uploads\/2019\/12\/Caf%C3%A9-com-Renova_18.12-3-1.jpeg?resize=525%2C300&ssl=1 1.5x, https:\/\/i0.wp.com\/www.diariodeouropreto.com.br\/wp-content\/uploads\/2019\/12\/Caf%C3%A9-com-Renova_18.12-3-1.jpeg?resize=700%2C400&ssl=1 2x, https:\/\/i0.wp.com\/www.diariodeouropreto.com.br\/wp-content\/uploads\/2019\/12\/Caf%C3%A9-com-Renova_18.12-3-1.jpeg?resize=1050%2C600&ssl=1 3x"},"classes":[]},{"id":14471,"url":"https:\/\/www.diariodeouropreto.com.br\/pt\/projeto-arte-na-praca-leva-cultura-e-lazer-para-a-populacao-de-mariana\/","url_meta":{"origin":50882,"position":3},"title":"Projeto Arte na Pra\u00e7a leva cultura e lazer para a popula\u00e7\u00e3o de Mariana","author":"Di\u00e1rio de Ouro Preto","date":"23 de Mar\u00e7o de 2022","format":false,"excerpt":"No \u00faltimo domingo (20), aconteceu o Projeto Arte na Pra\u00e7a, no Bairro Ros\u00e1rio. O evento contou com diversas atra\u00e7\u00f5es em sua programa\u00e7\u00e3o, como palestra educativa e cultural, apresenta\u00e7\u00e3o do Congado de Nossa Senhora do Ros\u00e1rio, roda de capoeira, oficina de pintura, Street Dance, batalha de rap e show de encerramento.\u2026","rel":"","context":"In &quot;Cultura, Artes e Patrim\u00f4nio&quot;","block_context":{"text":"Cultura, Artes e Patrim\u00f4nio","link":"https:\/\/www.diariodeouropreto.com.br\/pt\/Editoria\/culturaeartes\/"},"img":{"alt_text":"","src":"https:\/\/i0.wp.com\/www.diariodeouropreto.com.br\/wp-content\/uploads\/2022\/03\/Arte-na-Praca-02.jpeg?resize=350%2C200&ssl=1","width":350,"height":200,"srcset":"https:\/\/i0.wp.com\/www.diariodeouropreto.com.br\/wp-content\/uploads\/2022\/03\/Arte-na-Praca-02.jpeg?resize=350%2C200&ssl=1 1x, https:\/\/i0.wp.com\/www.diariodeouropreto.com.br\/wp-content\/uploads\/2022\/03\/Arte-na-Praca-02.jpeg?resize=525%2C300&ssl=1 1.5x, https:\/\/i0.wp.com\/www.diariodeouropreto.com.br\/wp-content\/uploads\/2022\/03\/Arte-na-Praca-02.jpeg?resize=700%2C400&ssl=1 2x"},"classes":[]},{"id":34845,"url":"https:\/\/www.diariodeouropreto.com.br\/pt\/ginastica-acrobatica-itabirito-sedia-competicoes-estaduais\/","url_meta":{"origin":50882,"position":4},"title":"Gin\u00e1stica Acrob\u00e1tica: Itabirito sedia competi\u00e7\u00f5es estaduais","author":"Di\u00e1rio de Ouro Preto","date":"22 de Junho de 2024","format":false,"excerpt":"Com apoio da Prefeitura, Itabirito recebeu neste s\u00e1bado, dia 22 de junho, o Campeonato e o Torneio Estadual de Gin\u00e1stica Acrob\u00e1tica. Realizadas pela Federa\u00e7\u00e3o Mineira de Gin\u00e1stica, as competi\u00e7\u00f5es ocorreram no Centro de Treinamentos Irenice Maria Rodrigues, localizado no Centro Administrativo.\u00a0 As disputas reuniram cerca de 90 ginastas, que representaram\u2026","rel":"","context":"In &quot;Esportes&quot;","block_context":{"text":"Esportes","link":"https:\/\/www.diariodeouropreto.com.br\/pt\/Editoria\/esportes\/"},"img":{"alt_text":"","src":"https:\/\/i0.wp.com\/www.diariodeouropreto.com.br\/wp-content\/uploads\/2024\/06\/Campeonato-de-Ginastica-2.jpg?resize=350%2C200&ssl=1","width":350,"height":200,"srcset":"https:\/\/i0.wp.com\/www.diariodeouropreto.com.br\/wp-content\/uploads\/2024\/06\/Campeonato-de-Ginastica-2.jpg?resize=350%2C200&ssl=1 1x, https:\/\/i0.wp.com\/www.diariodeouropreto.com.br\/wp-content\/uploads\/2024\/06\/Campeonato-de-Ginastica-2.jpg?resize=525%2C300&ssl=1 1.5x, https:\/\/i0.wp.com\/www.diariodeouropreto.com.br\/wp-content\/uploads\/2024\/06\/Campeonato-de-Ginastica-2.jpg?resize=700%2C400&ssl=1 2x, https:\/\/i0.wp.com\/www.diariodeouropreto.com.br\/wp-content\/uploads\/2024\/06\/Campeonato-de-Ginastica-2.jpg?resize=1050%2C600&ssl=1 3x"},"classes":[]},{"id":18199,"url":"https:\/\/www.diariodeouropreto.com.br\/pt\/saneouro-apoia-instituto-trampolim-em-ouro-preto\/","url_meta":{"origin":50882,"position":5},"title":"SANEOURO apoia Instituto Trampolim em Ouro Preto","author":"Di\u00e1rio de Ouro Preto","date":"30 de Agosto de 2022","format":false,"excerpt":"Recursos s\u00e3o destinados \u00e0 iniciativa via Fundo da Inf\u00e2ncia e da Adolesc\u00eancia O projeto \u201cUm Salto para o Mundo\u201d do Instituto Trampolim foi uma das iniciativas ouro-pretanas selecionadas pelo Fundo da Inf\u00e2ncia e da Adolesc\u00eancia (FIA), gerido pelo Conselho Municipal da Crian\u00e7a e do Adolescente (CMDCA). O resultado do edital\u2026","rel":"","context":"In &quot;Ouro Preto&quot;","block_context":{"text":"Ouro Preto","link":"https:\/\/www.diariodeouropreto.com.br\/pt\/Editoria\/ouro-preto\/"},"img":{"alt_text":"","src":"https:\/\/i0.wp.com\/www.diariodeouropreto.com.br\/wp-content\/uploads\/2022\/08\/Instituto-Trampolim-Divulgacao-1.jpeg?resize=350%2C200&ssl=1","width":350,"height":200,"srcset":"https:\/\/i0.wp.com\/www.diariodeouropreto.com.br\/wp-content\/uploads\/2022\/08\/Instituto-Trampolim-Divulgacao-1.jpeg?resize=350%2C200&ssl=1 1x, https:\/\/i0.wp.com\/www.diariodeouropreto.com.br\/wp-content\/uploads\/2022\/08\/Instituto-Trampolim-Divulgacao-1.jpeg?resize=525%2C300&ssl=1 1.5x, https:\/\/i0.wp.com\/www.diariodeouropreto.com.br\/wp-content\/uploads\/2022\/08\/Instituto-Trampolim-Divulgacao-1.jpeg?resize=700%2C400&ssl=1 2x"},"classes":[]}],"jetpack_sharing_enabled":true,"amp_enabled":true,"_links":{"self":[{"href":"https:\/\/www.diariodeouropreto.com.br\/pt\/wp-json\/wp\/v2\/posts\/50882","targetHints":{"allow":["GET"]}}],"collection":[{"href":"https:\/\/www.diariodeouropreto.com.br\/pt\/wp-json\/wp\/v2\/posts"}],"about":[{"href":"https:\/\/www.diariodeouropreto.com.br\/pt\/wp-json\/wp\/v2\/types\/post"}],"author":[{"embeddable":true,"href":"https:\/\/www.diariodeouropreto.com.br\/pt\/wp-json\/wp\/v2\/users\/1"}],"replies":[{"embeddable":true,"href":"https:\/\/www.diariodeouropreto.com.br\/pt\/wp-json\/wp\/v2\/comments?post=50882"}],"version-history":[{"count":1,"href":"https:\/\/www.diariodeouropreto.com.br\/pt\/wp-json\/wp\/v2\/posts\/50882\/revisions"}],"predecessor-version":[{"id":50893,"href":"https:\/\/www.diariodeouropreto.com.br\/pt\/wp-json\/wp\/v2\/posts\/50882\/revisions\/50893"}],"wp:featuredmedia":[{"embeddable":true,"href":"https:\/\/www.diariodeouropreto.com.br\/pt\/wp-json\/wp\/v2\/media\/50881"}],"wp:attachment":[{"href":"https:\/\/www.diariodeouropreto.com.br\/pt\/wp-json\/wp\/v2\/media?parent=50882"}],"wp:term":[{"taxonomy":"category","embeddable":true,"href":"https:\/\/www.diariodeouropreto.com.br\/pt\/wp-json\/wp\/v2\/categories?post=50882"},{"taxonomy":"post_tag","embeddable":true,"href":"https:\/\/www.diariodeouropreto.com.br\/pt\/wp-json\/wp\/v2\/tags?post=50882"}],"curies":[{"name":"wp","href":"https:\/\/api.w.org\/{rel}","templated":true}]}}