{"id":50876,"date":"2026-03-13T15:40:40","date_gmt":"2026-03-13T18:40:40","guid":{"rendered":"https:\/\/www.diariodeouropreto.com.br\/?p=50876"},"modified":"2026-03-13T15:40:45","modified_gmt":"2026-03-13T18:40:45","slug":"dia-do-consumidor-cemig-oferece-parcelamento-de-contas-de-energia-em-ate-12-vezes","status":"publish","type":"post","link":"https:\/\/www.diariodeouropreto.com.br\/pt\/dia-do-consumidor-cemig-oferece-parcelamento-de-contas-de-energia-em-ate-12-vezes\/","title":{"rendered":"Dia do Consumidor: Cemig oferece parcelamento de contas de energia em at\u00e9 12 vezes"},"content":{"rendered":"<p><strong>Companhia refor\u00e7a canais de negocia\u00e7\u00e3o e orienta clientes sobre como regularizar d\u00e9bitos<\/strong><\/p>\n\n\n\n<p>Em um cen\u00e1rio de maior aten\u00e7\u00e3o ao or\u00e7amento dom\u00e9stico, o Dia do Consumidor, celebrado em 15\/3, tamb\u00e9m \u00e9 um momento para lembrar os clientes das op\u00e7\u00f5es de negocia\u00e7\u00e3o dispon\u00edveis para contas de energia em atraso. Na \u00e1rea de concess\u00e3o da <a href=\"https:\/\/www.cemig.com.br\/\" data-wpel-link=\"external\" target=\"_blank\" rel=\"follow external noopener noreferrer sponsored ugc\">Cemig<\/a>, os consumidores podem parcelar d\u00e9bitos em at\u00e9 12 vezes e realizar a negocia\u00e7\u00e3o por canais digitais, telefone ou atendimento presencial.&nbsp;<\/p>\n\n\n\n<p>A negocia\u00e7\u00e3o pode ser feita de forma totalmente digital, pelo WhatsApp da Cemig, no n\u00famero (31) 3506-1160, ou pelo portal Cemig Atende, dispon\u00edvel no <a href=\"http:\/\/www.cemig.com.br\/\" data-wpel-link=\"external\" target=\"_blank\" rel=\"follow external noopener noreferrer sponsored ugc\">site da companhia<\/a>. Os clientes tamb\u00e9m podem buscar atendimento presencial nos postos da empresa ou realizar a negocia\u00e7\u00e3o por telefone, pelo n\u00famero 0800 721 7003.&nbsp;<\/p>\n\n\n\n<p>\u201cPara parcelar contas atrasadas, os clientes da Cemig devem ter sempre em m\u00e3os um documento de identifica\u00e7\u00e3o, al\u00e9m do CPF ou CNPJ do titular da conta e o n\u00famero da instala\u00e7\u00e3o presente na fatura\u201d, explica o gerente de Recupera\u00e7\u00e3o de Receita da Cemig, Johmerson Silva Neves.&nbsp;<\/p>\n\n\n\n<p><strong>Conhe\u00e7a as op\u00e7\u00f5es de parcelamento oferecidas pela Cemig:<\/strong>&nbsp;<\/p>\n\n\n\n<p><strong>Cemig Atende Web<\/strong>&nbsp;<\/p>\n\n\n\n<p>Por meio do portal Cemig Atende, os consumidores podem negociar d\u00e9bitos de forma r\u00e1pida e segura. Nesse canal, \u00e9 poss\u00edvel parcelar a d\u00edvida em at\u00e9 12 vezes, com entrada m\u00ednima de 50% do valor devido e taxas de financiamento reduzidas.&nbsp;<\/p>\n\n\n\n<p>Para utilizar o servi\u00e7o, basta acessar o site da Cemig, selecionar a op\u00e7\u00e3o \u201cSegunda via e pagamento de contas\u201d e seguir as instru\u00e7\u00f5es dispon\u00edveis na plataforma.&nbsp;<\/p>\n\n\n\n<p>Antes da confirma\u00e7\u00e3o do parcelamento, o sistema apresenta todas as condi\u00e7\u00f5es da negocia\u00e7\u00e3o, incluindo valor da entrada, parcelas, taxa de juros e valor total do d\u00e9bito. Ap\u00f3s a confirma\u00e7\u00e3o, o cliente recebe o Termo de Acordo e Reconhecimento da D\u00edvida (TARD) e o boleto para pagamento da entrada.&nbsp;<\/p>\n\n\n\n<p><strong>Atendimento presencial ou por telefone<\/strong>&nbsp;<\/p>\n\n\n\n<p>Os clientes tamb\u00e9m podem solicitar o parcelamento em postos de atendimento da Cemig ou pelo telefone 0800 721 7003. Nesses casos, as condi\u00e7\u00f5es seguem o mesmo padr\u00e3o do canal digital, com possibilidade de parcelamento em at\u00e9 12 vezes, mediante pagamento de entrada m\u00ednima de 50%.&nbsp;<\/p>\n\n\n\n<p><strong>Parcelamento com cart\u00e3o de cr\u00e9dito<\/strong>&nbsp;<\/p>\n\n\n\n<p>Outra alternativa \u00e9 o pagamento das faturas em atraso por cart\u00e3o de cr\u00e9dito, dispon\u00edvel no atendimento via WhatsApp da Cemig pelo n\u00famero (31) 3506-1160.&nbsp;&nbsp;<\/p>\n\n\n\n<div id=\"110712\" class=\"advads-saneouro advads-entity-placement\" style=\"margin-left: auto;margin-right: auto;text-align: center;\"><a href=\"https:\/\/www.saneouro.com.br\/\" target=\"_blank\" aria-label=\"DOP_Site\" data-wpel-link=\"external\" rel=\"follow external noopener noreferrer sponsored ugc\"><img src=\"https:\/\/www.diariodeouropreto.com.br\/wp-content\/uploads\/2026\/04\/DOP_Site.jpg\" alt=\"\"  srcset=\"https:\/\/www.diariodeouropreto.com.br\/wp-content\/uploads\/2026\/04\/DOP_Site.jpg 301w, https:\/\/www.diariodeouropreto.com.br\/wp-content\/uploads\/2026\/04\/DOP_Site-180x150.jpg 180w, https:\/\/www.diariodeouropreto.com.br\/wp-content\/uploads\/2026\/04\/DOP_Site-14x12.jpg 14w\" sizes=\"(max-width: 301px) 100vw, 301px\" width=\"301\" height=\"251\"  style=\"display: inline-block;\" \/><\/a><\/div><p>Fonte: Assessoria Cemig<\/p>\n\n\n\n<div id=\"50321\" class=\"advads-plantao advads-entity-placement\"><a href=\"https:\/\/www.diariodeouropreto.com.br\/pt\/\" target=\"_blank\" aria-label=\"site &#8211; noticia\" data-wpel-link=\"external\" rel=\"follow external noopener noreferrer sponsored ugc\"><img src=\"https:\/\/www.diariodeouropreto.com.br\/wp-content\/uploads\/2019\/09\/titulosite2-e1616373489755.jpg\" alt=\"\"  srcset=\"https:\/\/www.diariodeouropreto.com.br\/wp-content\/uploads\/2019\/09\/titulosite2-e1616373489755.jpg 1200w, https:\/\/www.diariodeouropreto.com.br\/wp-content\/uploads\/2019\/09\/titulosite2-e1616373489755-150x38.jpg 150w, https:\/\/www.diariodeouropreto.com.br\/wp-content\/uploads\/2019\/09\/titulosite2-e1616373489755-660x167.jpg 660w, https:\/\/www.diariodeouropreto.com.br\/wp-content\/uploads\/2019\/09\/titulosite2-e1616373489755-768x194.jpg 768w, https:\/\/www.diariodeouropreto.com.br\/wp-content\/uploads\/2019\/09\/titulosite2-e1616373489755-1000x252.jpg 1000w, https:\/\/www.diariodeouropreto.com.br\/wp-content\/uploads\/2019\/09\/titulosite2-e1616373489755-1536x388.jpg 1536w, https:\/\/www.diariodeouropreto.com.br\/wp-content\/uploads\/2019\/09\/titulosite2-e1616373489755-2048x517.jpg 2048w\" sizes=\"(max-width: 1200px) 100vw, 1200px\" width=\"1200\" height=\"303\"  style=\"display: inline-block;\" \/><\/a><\/div><p>Foto: Cemig \/ Divulga\u00e7\u00e3o<br><\/p>","protected":false},"excerpt":{"rendered":"<p>Companhia refor\u00e7a canais de negocia\u00e7\u00e3o e orienta clientes sobre como regularizar d\u00e9bitos Em um cen\u00e1rio de maior aten\u00e7\u00e3o ao or\u00e7amento dom\u00e9stico, o Dia do Consumidor, celebrado em 15\/3, tamb\u00e9m \u00e9 um momento para lembrar os clientes das op\u00e7\u00f5es de negocia\u00e7\u00e3o dispon\u00edveis para contas de energia em atraso. Na \u00e1rea de<span class=\"more-link\"><a href=\"https:\/\/www.diariodeouropreto.com.br\/pt\/dia-do-consumidor-cemig-oferece-parcelamento-de-contas-de-energia-em-ate-12-vezes\/\" data-wpel-link=\"internal\">Continue Lendo<\/a><\/span><\/p>","protected":false},"author":1,"featured_media":50878,"comment_status":"closed","ping_status":"closed","sticky":false,"template":"","format":"standard","meta":{"_jetpack_memberships_contains_paid_content":false,"footnotes":"","jetpack_publicize_message":"Companhia refor\u00e7a canais de negocia\u00e7\u00e3o e orienta clientes sobre como regularizar d\u00e9bitos","jetpack_publicize_feature_enabled":true,"jetpack_social_post_already_shared":false,"jetpack_social_options":{"image_generator_settings":{"template":"highway","default_image_id":0,"font":"","enabled":false},"version":2}},"categories":[272],"tags":[],"class_list":["entry","author-diario","post-50876","post","type-post","status-publish","format-standard","has-post-thumbnail","category-variedades"],"yoast_head":"<!-- This site is optimized with the Yoast SEO plugin v27.5 - https:\/\/yoast.com\/product\/yoast-seo-wordpress\/ -->\n<title>Dia do Consumidor: Cemig oferece parcelamento de contas de energia em at\u00e9 12 vezes - Di\u00e1rio de Ouro Preto<\/title>\n<meta name=\"description\" content=\"Companhia refor\u00e7a canais de negocia\u00e7\u00e3o e orienta clientes sobre como regularizar d\u00e9bitos- Dia do Consumidor: Cemig oferece parcelamento de contas de energia em at\u00e9 12 vezes - Variedades\" \/>\n<meta name=\"robots\" content=\"index, follow, max-snippet:-1, max-image-preview:large, max-video-preview:-1\" \/>\n<link rel=\"canonical\" href=\"https:\/\/www.diariodeouropreto.com.br\/pt\/dia-do-consumidor-cemig-oferece-parcelamento-de-contas-de-energia-em-ate-12-vezes\/\" \/>\n<meta property=\"og:locale\" content=\"pt_PT\" \/>\n<meta property=\"og:type\" content=\"article\" \/>\n<meta property=\"og:title\" content=\"Dia do Consumidor: Cemig oferece parcelamento de contas de energia em at\u00e9 12 vezes - Di\u00e1rio de Ouro Preto\" \/>\n<meta property=\"og:description\" content=\"Companhia refor\u00e7a canais de negocia\u00e7\u00e3o e orienta clientes sobre como regularizar d\u00e9bitos- Dia do Consumidor: Cemig oferece parcelamento de contas de energia em at\u00e9 12 vezes - Variedades\" \/>\n<meta property=\"og:url\" content=\"https:\/\/www.diariodeouropreto.com.br\/pt\/dia-do-consumidor-cemig-oferece-parcelamento-de-contas-de-energia-em-ate-12-vezes\/\" \/>\n<meta property=\"og:site_name\" content=\"Di\u00e1rio de Ouro Preto\" \/>\n<meta property=\"article:publisher\" content=\"https:\/\/www.facebook.com\/diariodeouropreto\/\" \/>\n<meta property=\"article:published_time\" content=\"2026-03-13T18:40:40+00:00\" \/>\n<meta property=\"article:modified_time\" content=\"2026-03-13T18:40:45+00:00\" \/>\n<meta property=\"og:image\" content=\"https:\/\/www.diariodeouropreto.com.br\/wp-content\/uploads\/2026\/03\/Cemig_Parcelamento-Debitosa.jpg\" \/>\n\t<meta property=\"og:image:width\" content=\"767\" \/>\n\t<meta property=\"og:image:height\" content=\"800\" \/>\n\t<meta property=\"og:image:type\" content=\"image\/jpeg\" \/>\n<meta name=\"author\" content=\"Di\u00e1rio de Ouro Preto\" \/>\n<meta name=\"twitter:card\" content=\"summary_large_image\" \/>\n<meta name=\"twitter:label1\" content=\"Escrito por\" \/>\n\t<meta name=\"twitter:data1\" content=\"Di\u00e1rio de Ouro Preto\" \/>\n\t<meta name=\"twitter:label2\" content=\"Tempo estimado de leitura\" \/>\n\t<meta name=\"twitter:data2\" content=\"3 minutos\" \/>\n<script type=\"application\/ld+json\" class=\"yoast-schema-graph\">{\"@context\":\"https:\\\/\\\/schema.org\",\"@graph\":[{\"@type\":\"Article\",\"@id\":\"https:\\\/\\\/www.diariodeouropreto.com.br\\\/dia-do-consumidor-cemig-oferece-parcelamento-de-contas-de-energia-em-ate-12-vezes\\\/#article\",\"isPartOf\":{\"@id\":\"https:\\\/\\\/www.diariodeouropreto.com.br\\\/dia-do-consumidor-cemig-oferece-parcelamento-de-contas-de-energia-em-ate-12-vezes\\\/\"},\"author\":{\"name\":\"Di\u00e1rio de Ouro Preto\",\"@id\":\"https:\\\/\\\/www.diariodeouropreto.com.br\\\/pt\\\/#\\\/schema\\\/person\\\/7654e7b471204a6dab6dc0ce6e140c99\"},\"headline\":\"Dia do Consumidor: Cemig oferece parcelamento de contas de energia em at\u00e9 12 vezes\",\"datePublished\":\"2026-03-13T18:40:40+00:00\",\"dateModified\":\"2026-03-13T18:40:45+00:00\",\"mainEntityOfPage\":{\"@id\":\"https:\\\/\\\/www.diariodeouropreto.com.br\\\/dia-do-consumidor-cemig-oferece-parcelamento-de-contas-de-energia-em-ate-12-vezes\\\/\"},\"wordCount\":442,\"publisher\":{\"@id\":\"https:\\\/\\\/www.diariodeouropreto.com.br\\\/pt\\\/#organization\"},\"image\":{\"@id\":\"https:\\\/\\\/www.diariodeouropreto.com.br\\\/dia-do-consumidor-cemig-oferece-parcelamento-de-contas-de-energia-em-ate-12-vezes\\\/#primaryimage\"},\"thumbnailUrl\":\"https:\\\/\\\/www.diariodeouropreto.com.br\\\/wp-content\\\/uploads\\\/2026\\\/03\\\/Cemig_Parcelamento-Debitosa.jpg\",\"articleSection\":[\"Variedades\"],\"inLanguage\":\"pt-PT\"},{\"@type\":\"WebPage\",\"@id\":\"https:\\\/\\\/www.diariodeouropreto.com.br\\\/dia-do-consumidor-cemig-oferece-parcelamento-de-contas-de-energia-em-ate-12-vezes\\\/\",\"url\":\"https:\\\/\\\/www.diariodeouropreto.com.br\\\/dia-do-consumidor-cemig-oferece-parcelamento-de-contas-de-energia-em-ate-12-vezes\\\/\",\"name\":\"Dia do Consumidor: Cemig oferece parcelamento de contas de energia em at\u00e9 12 vezes - Di\u00e1rio de Ouro Preto\",\"isPartOf\":{\"@id\":\"https:\\\/\\\/www.diariodeouropreto.com.br\\\/pt\\\/#website\"},\"primaryImageOfPage\":{\"@id\":\"https:\\\/\\\/www.diariodeouropreto.com.br\\\/dia-do-consumidor-cemig-oferece-parcelamento-de-contas-de-energia-em-ate-12-vezes\\\/#primaryimage\"},\"image\":{\"@id\":\"https:\\\/\\\/www.diariodeouropreto.com.br\\\/dia-do-consumidor-cemig-oferece-parcelamento-de-contas-de-energia-em-ate-12-vezes\\\/#primaryimage\"},\"thumbnailUrl\":\"https:\\\/\\\/www.diariodeouropreto.com.br\\\/wp-content\\\/uploads\\\/2026\\\/03\\\/Cemig_Parcelamento-Debitosa.jpg\",\"datePublished\":\"2026-03-13T18:40:40+00:00\",\"dateModified\":\"2026-03-13T18:40:45+00:00\",\"description\":\"Companhia refor\u00e7a canais de negocia\u00e7\u00e3o e orienta clientes sobre como regularizar d\u00e9bitos- Dia do Consumidor: Cemig oferece parcelamento de contas de energia em at\u00e9 12 vezes - Variedades\",\"breadcrumb\":{\"@id\":\"https:\\\/\\\/www.diariodeouropreto.com.br\\\/dia-do-consumidor-cemig-oferece-parcelamento-de-contas-de-energia-em-ate-12-vezes\\\/#breadcrumb\"},\"inLanguage\":\"pt-PT\",\"potentialAction\":[{\"@type\":\"ReadAction\",\"target\":[\"https:\\\/\\\/www.diariodeouropreto.com.br\\\/dia-do-consumidor-cemig-oferece-parcelamento-de-contas-de-energia-em-ate-12-vezes\\\/\"]}]},{\"@type\":\"ImageObject\",\"inLanguage\":\"pt-PT\",\"@id\":\"https:\\\/\\\/www.diariodeouropreto.com.br\\\/dia-do-consumidor-cemig-oferece-parcelamento-de-contas-de-energia-em-ate-12-vezes\\\/#primaryimage\",\"url\":\"https:\\\/\\\/www.diariodeouropreto.com.br\\\/wp-content\\\/uploads\\\/2026\\\/03\\\/Cemig_Parcelamento-Debitosa.jpg\",\"contentUrl\":\"https:\\\/\\\/www.diariodeouropreto.com.br\\\/wp-content\\\/uploads\\\/2026\\\/03\\\/Cemig_Parcelamento-Debitosa.jpg\",\"width\":767,\"height\":800},{\"@type\":\"BreadcrumbList\",\"@id\":\"https:\\\/\\\/www.diariodeouropreto.com.br\\\/dia-do-consumidor-cemig-oferece-parcelamento-de-contas-de-energia-em-ate-12-vezes\\\/#breadcrumb\",\"itemListElement\":[{\"@type\":\"ListItem\",\"position\":1,\"name\":\"In\u00edcio\",\"item\":\"https:\\\/\\\/www.diariodeouropreto.com.br\\\/pt\\\/\"},{\"@type\":\"ListItem\",\"position\":2,\"name\":\"Dia do Consumidor: Cemig oferece parcelamento de contas de energia em at\u00e9 12 vezes\"}]},{\"@type\":\"WebSite\",\"@id\":\"https:\\\/\\\/www.diariodeouropreto.com.br\\\/pt\\\/#website\",\"url\":\"https:\\\/\\\/www.diariodeouropreto.com.br\\\/pt\\\/\",\"name\":\"Di\u00e1rio de Ouro Preto\",\"description\":\"Not\u00edcias Ouro Preto; Mariana;Minas Gerais;Jornal;Jornalismo;Not\u00edcias;\",\"publisher\":{\"@id\":\"https:\\\/\\\/www.diariodeouropreto.com.br\\\/pt\\\/#organization\"},\"alternateName\":\"Jornal di\u00e1rio de Ouro Preto\",\"potentialAction\":[{\"@type\":\"SearchAction\",\"target\":{\"@type\":\"EntryPoint\",\"urlTemplate\":\"https:\\\/\\\/www.diariodeouropreto.com.br\\\/pt\\\/?s={search_term_string}\"},\"query-input\":{\"@type\":\"PropertyValueSpecification\",\"valueRequired\":true,\"valueName\":\"search_term_string\"}}],\"inLanguage\":\"pt-PT\"},{\"@type\":\"Organization\",\"@id\":\"https:\\\/\\\/www.diariodeouropreto.com.br\\\/pt\\\/#organization\",\"name\":\"Di\u00e1rio de Ouro Preto\",\"alternateName\":\"Jornal di\u00e1rio Ouro Preto\",\"url\":\"https:\\\/\\\/www.diariodeouropreto.com.br\\\/pt\\\/\",\"logo\":{\"@type\":\"ImageObject\",\"inLanguage\":\"pt-PT\",\"@id\":\"https:\\\/\\\/www.diariodeouropreto.com.br\\\/pt\\\/#\\\/schema\\\/logo\\\/image\\\/\",\"url\":\"https:\\\/\\\/www.diariodeouropreto.com.br\\\/wp-content\\\/uploads\\\/2019\\\/06\\\/cropped-logotransp-2.png\",\"contentUrl\":\"https:\\\/\\\/www.diariodeouropreto.com.br\\\/wp-content\\\/uploads\\\/2019\\\/06\\\/cropped-logotransp-2.png\",\"width\":1323,\"height\":251,\"caption\":\"Di\u00e1rio de Ouro Preto\"},\"image\":{\"@id\":\"https:\\\/\\\/www.diariodeouropreto.com.br\\\/pt\\\/#\\\/schema\\\/logo\\\/image\\\/\"},\"sameAs\":[\"https:\\\/\\\/www.facebook.com\\\/diariodeouropreto\\\/\"]},{\"@type\":\"Person\",\"@id\":\"https:\\\/\\\/www.diariodeouropreto.com.br\\\/pt\\\/#\\\/schema\\\/person\\\/7654e7b471204a6dab6dc0ce6e140c99\",\"name\":\"Di\u00e1rio de Ouro Preto\",\"sameAs\":[\"http:\\\/\\\/www.diariodeouropreto.com.br\"],\"url\":\"https:\\\/\\\/www.diariodeouropreto.com.br\\\/pt\\\/author\\\/diario\\\/\"}]}<\/script>\n<!-- \/ Yoast SEO plugin. -->","yoast_head_json":{"title":"Dia do Consumidor: Cemig oferece parcelamento de contas de energia em at\u00e9 12 vezes - Di\u00e1rio de Ouro Preto","description":"Companhia refor\u00e7a canais de negocia\u00e7\u00e3o e orienta clientes sobre como regularizar d\u00e9bitos- Dia do Consumidor: Cemig oferece parcelamento de contas de energia em at\u00e9 12 vezes - Variedades","robots":{"index":"index","follow":"follow","max-snippet":"max-snippet:-1","max-image-preview":"max-image-preview:large","max-video-preview":"max-video-preview:-1"},"canonical":"https:\/\/www.diariodeouropreto.com.br\/pt\/dia-do-consumidor-cemig-oferece-parcelamento-de-contas-de-energia-em-ate-12-vezes\/","og_locale":"pt_PT","og_type":"article","og_title":"Dia do Consumidor: Cemig oferece parcelamento de contas de energia em at\u00e9 12 vezes - Di\u00e1rio de Ouro Preto","og_description":"Companhia refor\u00e7a canais de negocia\u00e7\u00e3o e orienta clientes sobre como regularizar d\u00e9bitos- Dia do Consumidor: Cemig oferece parcelamento de contas de energia em at\u00e9 12 vezes - Variedades","og_url":"https:\/\/www.diariodeouropreto.com.br\/pt\/dia-do-consumidor-cemig-oferece-parcelamento-de-contas-de-energia-em-ate-12-vezes\/","og_site_name":"Di\u00e1rio de Ouro Preto","article_publisher":"https:\/\/www.facebook.com\/diariodeouropreto\/","article_published_time":"2026-03-13T18:40:40+00:00","article_modified_time":"2026-03-13T18:40:45+00:00","og_image":[{"width":767,"height":800,"url":"https:\/\/www.diariodeouropreto.com.br\/wp-content\/uploads\/2026\/03\/Cemig_Parcelamento-Debitosa.jpg","type":"image\/jpeg"}],"author":"Di\u00e1rio de Ouro Preto","twitter_card":"summary_large_image","twitter_misc":{"Escrito por":"Di\u00e1rio de Ouro Preto","Tempo estimado de leitura":"3 minutos"},"schema":{"@context":"https:\/\/schema.org","@graph":[{"@type":"Article","@id":"https:\/\/www.diariodeouropreto.com.br\/dia-do-consumidor-cemig-oferece-parcelamento-de-contas-de-energia-em-ate-12-vezes\/#article","isPartOf":{"@id":"https:\/\/www.diariodeouropreto.com.br\/dia-do-consumidor-cemig-oferece-parcelamento-de-contas-de-energia-em-ate-12-vezes\/"},"author":{"name":"Di\u00e1rio de Ouro Preto","@id":"https:\/\/www.diariodeouropreto.com.br\/pt\/#\/schema\/person\/7654e7b471204a6dab6dc0ce6e140c99"},"headline":"Dia do Consumidor: Cemig oferece parcelamento de contas de energia em at\u00e9 12 vezes","datePublished":"2026-03-13T18:40:40+00:00","dateModified":"2026-03-13T18:40:45+00:00","mainEntityOfPage":{"@id":"https:\/\/www.diariodeouropreto.com.br\/dia-do-consumidor-cemig-oferece-parcelamento-de-contas-de-energia-em-ate-12-vezes\/"},"wordCount":442,"publisher":{"@id":"https:\/\/www.diariodeouropreto.com.br\/pt\/#organization"},"image":{"@id":"https:\/\/www.diariodeouropreto.com.br\/dia-do-consumidor-cemig-oferece-parcelamento-de-contas-de-energia-em-ate-12-vezes\/#primaryimage"},"thumbnailUrl":"https:\/\/www.diariodeouropreto.com.br\/wp-content\/uploads\/2026\/03\/Cemig_Parcelamento-Debitosa.jpg","articleSection":["Variedades"],"inLanguage":"pt-PT"},{"@type":"WebPage","@id":"https:\/\/www.diariodeouropreto.com.br\/dia-do-consumidor-cemig-oferece-parcelamento-de-contas-de-energia-em-ate-12-vezes\/","url":"https:\/\/www.diariodeouropreto.com.br\/dia-do-consumidor-cemig-oferece-parcelamento-de-contas-de-energia-em-ate-12-vezes\/","name":"Dia do Consumidor: Cemig oferece parcelamento de contas de energia em at\u00e9 12 vezes - Di\u00e1rio de Ouro Preto","isPartOf":{"@id":"https:\/\/www.diariodeouropreto.com.br\/pt\/#website"},"primaryImageOfPage":{"@id":"https:\/\/www.diariodeouropreto.com.br\/dia-do-consumidor-cemig-oferece-parcelamento-de-contas-de-energia-em-ate-12-vezes\/#primaryimage"},"image":{"@id":"https:\/\/www.diariodeouropreto.com.br\/dia-do-consumidor-cemig-oferece-parcelamento-de-contas-de-energia-em-ate-12-vezes\/#primaryimage"},"thumbnailUrl":"https:\/\/www.diariodeouropreto.com.br\/wp-content\/uploads\/2026\/03\/Cemig_Parcelamento-Debitosa.jpg","datePublished":"2026-03-13T18:40:40+00:00","dateModified":"2026-03-13T18:40:45+00:00","description":"Companhia refor\u00e7a canais de negocia\u00e7\u00e3o e orienta clientes sobre como regularizar d\u00e9bitos- Dia do Consumidor: Cemig oferece parcelamento de contas de energia em at\u00e9 12 vezes - Variedades","breadcrumb":{"@id":"https:\/\/www.diariodeouropreto.com.br\/dia-do-consumidor-cemig-oferece-parcelamento-de-contas-de-energia-em-ate-12-vezes\/#breadcrumb"},"inLanguage":"pt-PT","potentialAction":[{"@type":"ReadAction","target":["https:\/\/www.diariodeouropreto.com.br\/dia-do-consumidor-cemig-oferece-parcelamento-de-contas-de-energia-em-ate-12-vezes\/"]}]},{"@type":"ImageObject","inLanguage":"pt-PT","@id":"https:\/\/www.diariodeouropreto.com.br\/dia-do-consumidor-cemig-oferece-parcelamento-de-contas-de-energia-em-ate-12-vezes\/#primaryimage","url":"https:\/\/www.diariodeouropreto.com.br\/wp-content\/uploads\/2026\/03\/Cemig_Parcelamento-Debitosa.jpg","contentUrl":"https:\/\/www.diariodeouropreto.com.br\/wp-content\/uploads\/2026\/03\/Cemig_Parcelamento-Debitosa.jpg","width":767,"height":800},{"@type":"BreadcrumbList","@id":"https:\/\/www.diariodeouropreto.com.br\/dia-do-consumidor-cemig-oferece-parcelamento-de-contas-de-energia-em-ate-12-vezes\/#breadcrumb","itemListElement":[{"@type":"ListItem","position":1,"name":"In\u00edcio","item":"https:\/\/www.diariodeouropreto.com.br\/pt\/"},{"@type":"ListItem","position":2,"name":"Dia do Consumidor: Cemig oferece parcelamento de contas de energia em at\u00e9 12 vezes"}]},{"@type":"WebSite","@id":"https:\/\/www.diariodeouropreto.com.br\/pt\/#website","url":"https:\/\/www.diariodeouropreto.com.br\/pt\/","name":"Di\u00e1rio de Ouro Preto","description":"Not\u00edcias Ouro Preto; Mariana;Minas Gerais;Jornal;Jornalismo;Not\u00edcias;","publisher":{"@id":"https:\/\/www.diariodeouropreto.com.br\/pt\/#organization"},"alternateName":"Jornal di\u00e1rio de Ouro Preto","potentialAction":[{"@type":"SearchAction","target":{"@type":"EntryPoint","urlTemplate":"https:\/\/www.diariodeouropreto.com.br\/pt\/?s={search_term_string}"},"query-input":{"@type":"PropertyValueSpecification","valueRequired":true,"valueName":"search_term_string"}}],"inLanguage":"pt-PT"},{"@type":"Organization","@id":"https:\/\/www.diariodeouropreto.com.br\/pt\/#organization","name":"Di\u00e1rio de Ouro Preto","alternateName":"Jornal di\u00e1rio Ouro Preto","url":"https:\/\/www.diariodeouropreto.com.br\/pt\/","logo":{"@type":"ImageObject","inLanguage":"pt-PT","@id":"https:\/\/www.diariodeouropreto.com.br\/pt\/#\/schema\/logo\/image\/","url":"https:\/\/www.diariodeouropreto.com.br\/wp-content\/uploads\/2019\/06\/cropped-logotransp-2.png","contentUrl":"https:\/\/www.diariodeouropreto.com.br\/wp-content\/uploads\/2019\/06\/cropped-logotransp-2.png","width":1323,"height":251,"caption":"Di\u00e1rio de Ouro Preto"},"image":{"@id":"https:\/\/www.diariodeouropreto.com.br\/pt\/#\/schema\/logo\/image\/"},"sameAs":["https:\/\/www.facebook.com\/diariodeouropreto\/"]},{"@type":"Person","@id":"https:\/\/www.diariodeouropreto.com.br\/pt\/#\/schema\/person\/7654e7b471204a6dab6dc0ce6e140c99","name":"Di\u00e1rio de Ouro Preto","sameAs":["http:\/\/www.diariodeouropreto.com.br"],"url":"https:\/\/www.diariodeouropreto.com.br\/pt\/author\/diario\/"}]}},"jetpack_publicize_connections":[],"jetpack_featured_media_url":"https:\/\/www.diariodeouropreto.com.br\/wp-content\/uploads\/2026\/03\/Cemig_Parcelamento-Debitosa.jpg","jetpack-related-posts":[{"id":5065,"url":"https:\/\/www.diariodeouropreto.com.br\/pt\/consumidores-tem-ate-30-9-para-parcelar-debitos-com-a-cemig\/","url_meta":{"origin":50876,"position":0},"title":"Consumidores t\u00eam at\u00e9 30\/9 para parcelar d\u00e9bitos com a Cemig","author":"Di\u00e1rio de Ouro Preto","date":"24 de Setembro de 2020","format":false,"excerpt":"Usu\u00e1rios da Cemig com alguma pend\u00eancia t\u00eam at\u00e9 o dia 30\/9 para aderir \u00e0 Campanha de Negocia\u00e7\u00e3o de D\u00e9bitos da companhia, em condi\u00e7\u00f5es facilitadas e\u00a0com\u00a0parcelamento da d\u00edvida em at\u00e9 12\u00a0vezes\u00a0sem juros. Para aproveitar o benef\u00edcio, basta atualizar o cadastro com dados de e-mail e telefone junto \u00e0 Cemig e optar\u2026","rel":"","context":"In &quot;Minas Gerais&quot;","block_context":{"text":"Minas Gerais","link":"https:\/\/www.diariodeouropreto.com.br\/pt\/Editoria\/minas-gerais\/"},"img":{"alt_text":"","src":"","width":0,"height":0},"classes":[]},{"id":13810,"url":"https:\/\/www.diariodeouropreto.com.br\/pt\/cemig-estende-campanha-de-negociacao-de-debitos-ate-4-3\/","url_meta":{"origin":50876,"position":1},"title":"Cemig estende Campanha de Negocia\u00e7\u00e3o de D\u00e9bitos at\u00e9 4\/3","author":"Di\u00e1rio de Ouro Preto","date":"18 de Fevereiro de 2022","format":false,"excerpt":"Prorroga\u00e7\u00e3o busca ampliar benef\u00edcios para maior n\u00famero de clientes Devido \u00e0 grande procura por parte dos clientes, a\u00a0Cemig\u00a0prorroga, at\u00e9 o dia 4\/3, a Campanha de Negocia\u00e7\u00e3o de D\u00e9bitos. A a\u00e7\u00e3o busca atender a todos os consumidores, com aten\u00e7\u00e3o especial a fam\u00edlias afetadas pelas fortes tempestades que atingem Minas Gerais desde\u2026","rel":"","context":"In &quot;Minas Gerais&quot;","block_context":{"text":"Minas Gerais","link":"https:\/\/www.diariodeouropreto.com.br\/pt\/Editoria\/minas-gerais\/"},"img":{"alt_text":"","src":"https:\/\/i0.wp.com\/www.diariodeouropreto.com.br\/wp-content\/uploads\/2022\/02\/Fatura_Cemig_cortada.jpg?resize=350%2C200&ssl=1","width":350,"height":200,"srcset":"https:\/\/i0.wp.com\/www.diariodeouropreto.com.br\/wp-content\/uploads\/2022\/02\/Fatura_Cemig_cortada.jpg?resize=350%2C200&ssl=1 1x, https:\/\/i0.wp.com\/www.diariodeouropreto.com.br\/wp-content\/uploads\/2022\/02\/Fatura_Cemig_cortada.jpg?resize=525%2C300&ssl=1 1.5x"},"classes":[]},{"id":2974,"url":"https:\/\/www.diariodeouropreto.com.br\/pt\/deputados-reforcam-necessidade-de-investimentos-pela-cemig\/","url_meta":{"origin":50876,"position":2},"title":"Deputados refor\u00e7am necessidade de investimentos pela Cemig","author":"Di\u00e1rio de Ouro Preto","date":"6 de Maio de 2020","format":false,"excerpt":"Belo Horizonte - A\u00a0import\u00e2ncia da manuten\u00e7\u00e3o dos investimentos da Cemig e do tratamento diferenciado aos consumidores durante a pandemia\u00a0pautaram a sabatina do presidente da empresa, Reynaldo Passanezi Filho, nesta quarta-feira (6\/5\/20), no Plen\u00e1rio da Assembleia Legislativa de Minas Gerais (ALMG). Respondendo a questionamento de v\u00e1rios parlamentares, Passanezi reiterou que os\u00a0consumidores\u2026","rel":"","context":"In &quot;Minas Gerais&quot;","block_context":{"text":"Minas Gerais","link":"https:\/\/www.diariodeouropreto.com.br\/pt\/Editoria\/minas-gerais\/"},"img":{"alt_text":"","src":"https:\/\/i0.wp.com\/www.diariodeouropreto.com.br\/wp-content\/uploads\/2020\/05\/1513125-scaled.jpg?resize=350%2C200&ssl=1","width":350,"height":200,"srcset":"https:\/\/i0.wp.com\/www.diariodeouropreto.com.br\/wp-content\/uploads\/2020\/05\/1513125-scaled.jpg?resize=350%2C200&ssl=1 1x, https:\/\/i0.wp.com\/www.diariodeouropreto.com.br\/wp-content\/uploads\/2020\/05\/1513125-scaled.jpg?resize=525%2C300&ssl=1 1.5x, https:\/\/i0.wp.com\/www.diariodeouropreto.com.br\/wp-content\/uploads\/2020\/05\/1513125-scaled.jpg?resize=700%2C400&ssl=1 2x, https:\/\/i0.wp.com\/www.diariodeouropreto.com.br\/wp-content\/uploads\/2020\/05\/1513125-scaled.jpg?resize=1050%2C600&ssl=1 3x"},"classes":[]},{"id":2408,"url":"https:\/\/www.diariodeouropreto.com.br\/pt\/consumidores-de-cemig-e-copasa-poderao-parcelar-contas-sem-multas-e-juros-e-terao-vencimento-estendido\/","url_meta":{"origin":50876,"position":3},"title":"Consumidores de Cemig e Copasa poder\u00e3o parcelar contas sem multas e juros e ter\u00e3o vencimento estendido","author":"Di\u00e1rio de Ouro Preto","date":"23 de Mar\u00e7o de 2020","format":false,"excerpt":"Belo Horizonte - O governador Romeu Zema anunciou, em coletiva de imprensa transmitida ao vivo nesta segunda-feira (23\/3), medidas de flexibiliza\u00e7\u00e3o para o pagamento de contas da Cemig e da Copasa. O objetivo \u00e9 amenizar os impactos da crise provocada pelo novo coronav\u00edrus para fam\u00edlias de baixa renda, hospitais p\u00fablicos\u2026","rel":"","context":"In &quot;Minas Gerais&quot;","block_context":{"text":"Minas Gerais","link":"https:\/\/www.diariodeouropreto.com.br\/pt\/Editoria\/minas-gerais\/"},"img":{"alt_text":"","src":"https:\/\/i0.wp.com\/www.diariodeouropreto.com.br\/wp-content\/uploads\/2020\/03\/MG_2643-scaled.jpg?resize=350%2C200&ssl=1","width":350,"height":200,"srcset":"https:\/\/i0.wp.com\/www.diariodeouropreto.com.br\/wp-content\/uploads\/2020\/03\/MG_2643-scaled.jpg?resize=350%2C200&ssl=1 1x, https:\/\/i0.wp.com\/www.diariodeouropreto.com.br\/wp-content\/uploads\/2020\/03\/MG_2643-scaled.jpg?resize=525%2C300&ssl=1 1.5x, https:\/\/i0.wp.com\/www.diariodeouropreto.com.br\/wp-content\/uploads\/2020\/03\/MG_2643-scaled.jpg?resize=700%2C400&ssl=1 2x, https:\/\/i0.wp.com\/www.diariodeouropreto.com.br\/wp-content\/uploads\/2020\/03\/MG_2643-scaled.jpg?resize=1050%2C600&ssl=1 3x"},"classes":[]},{"id":23321,"url":"https:\/\/www.diariodeouropreto.com.br\/pt\/cemig-lembra-que-1-milhao-de-clientes-ainda-podem-aderir-a-tarifa-social\/","url_meta":{"origin":50876,"position":4},"title":"Cemig lembra que 1 milh\u00e3o de clientes ainda podem aderir \u00e0 tarifa social","author":"Di\u00e1rio de Ouro Preto","date":"22 de Maio de 2023","format":false,"excerpt":"Benef\u00edcio concede desconto de at\u00e9 65% na conta de energia el\u00e9trica; companhia orienta cadastro j\u00e1 preenchido por 1,4 milh\u00e3o de fam\u00edlias\u00a0 A\u00a0Cemig\u00a0est\u00e1 ampliando o n\u00famero de clientes cadastrados no programa da Tarifa Social de Energia El\u00e9trica (Tsee). Atualmente, 1,4 milh\u00e3o de fam\u00edlias s\u00e3o beneficiadas pela iniciativa em todo o estado.\u2026","rel":"","context":"In &quot;Minas Gerais&quot;","block_context":{"text":"Minas Gerais","link":"https:\/\/www.diariodeouropreto.com.br\/pt\/Editoria\/minas-gerais\/"},"img":{"alt_text":"","src":"https:\/\/i0.wp.com\/www.diariodeouropreto.com.br\/wp-content\/uploads\/2022\/02\/Fatura_Cemig_cortada.jpg?resize=350%2C200&ssl=1","width":350,"height":200,"srcset":"https:\/\/i0.wp.com\/www.diariodeouropreto.com.br\/wp-content\/uploads\/2022\/02\/Fatura_Cemig_cortada.jpg?resize=350%2C200&ssl=1 1x, https:\/\/i0.wp.com\/www.diariodeouropreto.com.br\/wp-content\/uploads\/2022\/02\/Fatura_Cemig_cortada.jpg?resize=525%2C300&ssl=1 1.5x"},"classes":[]},{"id":50088,"url":"https:\/\/www.diariodeouropreto.com.br\/pt\/cemig-entrega-nova-subestacao-com-investimento-de-r-16-milhoes-em-itabirito\/","url_meta":{"origin":50876,"position":5},"title":"Cemig entrega nova subesta\u00e7\u00e3o com investimento de R$ 16 milh\u00f5es em Itabirito","author":"Di\u00e1rio de Ouro Preto","date":"31 de Janeiro de 2026","format":false,"excerpt":"Nova unidade vai beneficiar milhares de clientes na cidade e regi\u00f5es pr\u00f3ximas A\u00a0Companhia Energ\u00e9tica de Minas Gerais (Cemig-MG)\u00a0realizou, nessa semana, a energiza\u00e7\u00e3o da Subesta\u00e7\u00e3o Itabirito 4, um investimento da ordem de R$ 16 milh\u00f5es que marca um avan\u00e7o estrat\u00e9gico na infraestrutura el\u00e9trica da regional Mantiqueira. Cumprindo seu Plano de Desenvolvimento\u2026","rel":"","context":"In &quot;Itabirito&quot;","block_context":{"text":"Itabirito","link":"https:\/\/www.diariodeouropreto.com.br\/pt\/Editoria\/itabirito\/"},"img":{"alt_text":"","src":"https:\/\/i0.wp.com\/www.diariodeouropreto.com.br\/wp-content\/uploads\/2026\/01\/SE_Itabirito_4_.jpg?resize=350%2C200&ssl=1","width":350,"height":200,"srcset":"https:\/\/i0.wp.com\/www.diariodeouropreto.com.br\/wp-content\/uploads\/2026\/01\/SE_Itabirito_4_.jpg?resize=350%2C200&ssl=1 1x, https:\/\/i0.wp.com\/www.diariodeouropreto.com.br\/wp-content\/uploads\/2026\/01\/SE_Itabirito_4_.jpg?resize=525%2C300&ssl=1 1.5x, https:\/\/i0.wp.com\/www.diariodeouropreto.com.br\/wp-content\/uploads\/2026\/01\/SE_Itabirito_4_.jpg?resize=700%2C400&ssl=1 2x"},"classes":[]}],"jetpack_sharing_enabled":true,"amp_enabled":true,"_links":{"self":[{"href":"https:\/\/www.diariodeouropreto.com.br\/pt\/wp-json\/wp\/v2\/posts\/50876","targetHints":{"allow":["GET"]}}],"collection":[{"href":"https:\/\/www.diariodeouropreto.com.br\/pt\/wp-json\/wp\/v2\/posts"}],"about":[{"href":"https:\/\/www.diariodeouropreto.com.br\/pt\/wp-json\/wp\/v2\/types\/post"}],"author":[{"embeddable":true,"href":"https:\/\/www.diariodeouropreto.com.br\/pt\/wp-json\/wp\/v2\/users\/1"}],"replies":[{"embeddable":true,"href":"https:\/\/www.diariodeouropreto.com.br\/pt\/wp-json\/wp\/v2\/comments?post=50876"}],"version-history":[{"count":1,"href":"https:\/\/www.diariodeouropreto.com.br\/pt\/wp-json\/wp\/v2\/posts\/50876\/revisions"}],"predecessor-version":[{"id":50880,"href":"https:\/\/www.diariodeouropreto.com.br\/pt\/wp-json\/wp\/v2\/posts\/50876\/revisions\/50880"}],"wp:featuredmedia":[{"embeddable":true,"href":"https:\/\/www.diariodeouropreto.com.br\/pt\/wp-json\/wp\/v2\/media\/50878"}],"wp:attachment":[{"href":"https:\/\/www.diariodeouropreto.com.br\/pt\/wp-json\/wp\/v2\/media?parent=50876"}],"wp:term":[{"taxonomy":"category","embeddable":true,"href":"https:\/\/www.diariodeouropreto.com.br\/pt\/wp-json\/wp\/v2\/categories?post=50876"},{"taxonomy":"post_tag","embeddable":true,"href":"https:\/\/www.diariodeouropreto.com.br\/pt\/wp-json\/wp\/v2\/tags?post=50876"}],"curies":[{"name":"wp","href":"https:\/\/api.w.org\/{rel}","templated":true}]}}