{"id":50875,"date":"2026-03-14T17:20:00","date_gmt":"2026-03-14T20:20:00","guid":{"rendered":"https:\/\/www.diariodeouropreto.com.br\/?p=50875"},"modified":"2026-03-14T17:13:36","modified_gmt":"2026-03-14T20:13:36","slug":"vale-dobra-producao-de-minerio-de-ferro-por-fontes-circulares","status":"publish","type":"post","link":"https:\/\/www.diariodeouropreto.com.br\/pt\/vale-dobra-producao-de-minerio-de-ferro-por-fontes-circulares\/","title":{"rendered":"Vale dobra produ\u00e7\u00e3o de min\u00e9rio de ferro por fontes circulares"},"content":{"rendered":"<p><strong>Produ\u00e7\u00e3o salta de 12,7 milh\u00f5es para 26,3 milh\u00f5es de toneladas<\/strong><\/p>\n\n\n\n<p>A Vale mais do que dobrou sua produ\u00e7\u00e3o de min\u00e9rio de ferro por fontes circulares em 2025, alcan\u00e7ando 26,3 milh\u00f5es de toneladas &#8211; um salto de 107% em rela\u00e7\u00e3o \u00e0s 12,7 milh\u00f5es de toneladas produzidas em 2024. O resultado refor\u00e7a a minera\u00e7\u00e3o circular como vetor estrutural de competitividade, sustentabilidade e gera\u00e7\u00e3o de novos neg\u00f3cios para a companhia.<\/p>\n\n\n\n<p>Em 2025, a circularidade evoluiu de frente piloto para pr\u00e1tica industrial de escala, reduzindo a gera\u00e7\u00e3o de est\u00e9ril e rejeito e ampliando o reaproveitamento de materiais. Entre os destaques est\u00e3o a Areia Sustent\u00e1vel Vale, iniciativa que j\u00e1 ultrapassou 3 milh\u00f5es de toneladas destinadas desde 2023, e a F\u00e1brica de Blocos da Mina do Pico, que transforma rejeitos em insumos para constru\u00e7\u00e3o civil. Nas opera\u00e7\u00f5es, Capanema e Vargem Grande (MG) ilustram o potencial de unir seguran\u00e7a operacional, libera\u00e7\u00e3o de \u00e1reas, efici\u00eancia produtiva e valor socioambiental.<\/p>\n\n\n\n<p>\u201cOs resultados de 2025 mostram que a circularidade j\u00e1 \u00e9 uma alavanca relevante do nosso neg\u00f3cio. Produzir 26,3 milh\u00f5es de toneladas por fontes circulares comprova que \u00e9 poss\u00edvel unir produtividade, inova\u00e7\u00e3o e sustentabilidade. Nosso foco agora \u00e9 acelerar essa trajet\u00f3ria at\u00e9 2030 e pavimentar um modelo de minera\u00e7\u00e3o mais tecnol\u00f3gico, eficiente e orientado \u00e0s pessoas, com Minas Gerais como protagonista nessa transforma\u00e7\u00e3o\u201d, afirma Rafael Bittar, vice-presidente T\u00e9cnico da Vale.<\/p>\n\n\n\n<p>No balan\u00e7o ambiental, o programa evitou a ocupa\u00e7\u00e3o de volume para disposi\u00e7\u00e3o de res\u00edduos equivalente a mais de 300 vag\u00f5es carregados de min\u00e9rio de ferro e gerou um benef\u00edcio clim\u00e1tico compar\u00e1vel \u00e0 emiss\u00e3o anual de mais de 40 mil carros, contribuindo diretamente para as metas de descarboniza\u00e7\u00e3o da companhia.<\/p>\n\n\n\n<p>As a\u00e7\u00f5es de circularidade fazem parte da Minera\u00e7\u00e3o do Futuro, estrat\u00e9gia integrada que orienta a transforma\u00e7\u00e3o da Vale rumo a uma minera\u00e7\u00e3o mais eficiente, circular e orientada \u00e0s pessoas. A agenda est\u00e1 estruturada em cinco pilares &#8211; opera\u00e7\u00f5es inteligentes; minas menos invasivas; zero est\u00e9ril, rejeito e carbono; compartilhamento de valor; for\u00e7a de trabalho do futuro &#8211; e estima resultados crescentes, apoiado em automa\u00e7\u00e3o, IA, reprocessamento avan\u00e7ado e novos modelos operacionais integrando geoci\u00eancias, mina e usina.<\/p>\n\n\n\n<div id=\"110712\" class=\"advads-saneouro advads-entity-placement\" style=\"margin-left: auto;margin-right: auto;text-align: center;\"><a href=\"https:\/\/www.saneouro.com.br\/\" target=\"_blank\" aria-label=\"DOP_Site\" data-wpel-link=\"external\" rel=\"follow external noopener noreferrer sponsored ugc\"><img src=\"https:\/\/www.diariodeouropreto.com.br\/wp-content\/uploads\/2026\/04\/DOP_Site.jpg\" alt=\"\"  srcset=\"https:\/\/www.diariodeouropreto.com.br\/wp-content\/uploads\/2026\/04\/DOP_Site.jpg 301w, https:\/\/www.diariodeouropreto.com.br\/wp-content\/uploads\/2026\/04\/DOP_Site-180x150.jpg 180w, https:\/\/www.diariodeouropreto.com.br\/wp-content\/uploads\/2026\/04\/DOP_Site-14x12.jpg 14w\" sizes=\"(max-width: 301px) 100vw, 301px\" width=\"301\" height=\"251\"  style=\"display: inline-block;\" \/><\/a><\/div><p>O avan\u00e7o na \u00e1rea ocorre no mesmo ano em que a companhia recebeu reconhecimento internacional: o programa de minera\u00e7\u00e3o circular da Vale foi selecionado pelo Business Action Bank, do WBCSD, como uma das cinco melhores pr\u00e1ticas globais de descarboniza\u00e7\u00e3o, refor\u00e7ando a Vale como refer\u00eancia em sustentabilidade empresarial. A empresa projeta que at\u00e9 2030, 10% de toda sua produ\u00e7\u00e3o de min\u00e9rio de ferro no Brasil venha de fontes circulares.<\/p>\n\n\n\n<div id=\"50321\" class=\"advads-plantao advads-entity-placement\"><a href=\"https:\/\/www.diariodeouropreto.com.br\/pt\/\" target=\"_blank\" aria-label=\"site &#8211; noticia\" data-wpel-link=\"external\" rel=\"follow external noopener noreferrer sponsored ugc\"><img src=\"https:\/\/www.diariodeouropreto.com.br\/wp-content\/uploads\/2019\/09\/titulosite2-e1616373489755.jpg\" alt=\"\"  srcset=\"https:\/\/www.diariodeouropreto.com.br\/wp-content\/uploads\/2019\/09\/titulosite2-e1616373489755.jpg 1200w, https:\/\/www.diariodeouropreto.com.br\/wp-content\/uploads\/2019\/09\/titulosite2-e1616373489755-150x38.jpg 150w, https:\/\/www.diariodeouropreto.com.br\/wp-content\/uploads\/2019\/09\/titulosite2-e1616373489755-660x167.jpg 660w, https:\/\/www.diariodeouropreto.com.br\/wp-content\/uploads\/2019\/09\/titulosite2-e1616373489755-768x194.jpg 768w, https:\/\/www.diariodeouropreto.com.br\/wp-content\/uploads\/2019\/09\/titulosite2-e1616373489755-1000x252.jpg 1000w, https:\/\/www.diariodeouropreto.com.br\/wp-content\/uploads\/2019\/09\/titulosite2-e1616373489755-1536x388.jpg 1536w, https:\/\/www.diariodeouropreto.com.br\/wp-content\/uploads\/2019\/09\/titulosite2-e1616373489755-2048x517.jpg 2048w\" sizes=\"(max-width: 1200px) 100vw, 1200px\" width=\"1200\" height=\"303\"  style=\"display: inline-block;\" \/><\/a><\/div><p>Fonte: Assessoria Vale<\/p>","protected":false},"excerpt":{"rendered":"<p>Produ\u00e7\u00e3o salta de 12,7 milh\u00f5es para 26,3 milh\u00f5es de toneladas A Vale mais do que dobrou sua produ\u00e7\u00e3o de min\u00e9rio de ferro por fontes circulares em 2025, alcan\u00e7ando 26,3 milh\u00f5es de toneladas &#8211; um salto de 107% em rela\u00e7\u00e3o \u00e0s 12,7 milh\u00f5es de toneladas produzidas em 2024. O resultado refor\u00e7a<span class=\"more-link\"><a href=\"https:\/\/www.diariodeouropreto.com.br\/pt\/vale-dobra-producao-de-minerio-de-ferro-por-fontes-circulares\/\" data-wpel-link=\"internal\">Continue Lendo<\/a><\/span><\/p>","protected":false},"author":1,"featured_media":50892,"comment_status":"closed","ping_status":"closed","sticky":false,"template":"","format":"standard","meta":{"_jetpack_memberships_contains_paid_content":false,"footnotes":"","jetpack_publicize_message":"Produ\u00e7\u00e3o salta de 12,7 milh\u00f5es para 26,3 milh\u00f5es de toneladas","jetpack_publicize_feature_enabled":true,"jetpack_social_post_already_shared":true,"jetpack_social_options":{"image_generator_settings":{"template":"highway","default_image_id":0,"font":"","enabled":false},"version":2}},"categories":[824],"tags":[15],"class_list":["entry","author-diario","post-50875","post","type-post","status-publish","format-standard","has-post-thumbnail","category-geral","tag-mineracao"],"yoast_head":"<!-- This site is optimized with the Yoast SEO plugin v27.5 - https:\/\/yoast.com\/product\/yoast-seo-wordpress\/ -->\n<title>Vale dobra produ\u00e7\u00e3o de min\u00e9rio de ferro por fontes circulares - Di\u00e1rio de Ouro Preto<\/title>\n<meta name=\"description\" content=\"Produ\u00e7\u00e3o salta de 12,7 milh\u00f5es para 26,3 milh\u00f5es de toneladas- Vale dobra produ\u00e7\u00e3o de min\u00e9rio de ferro por fontes circulares - Geral\" \/>\n<meta name=\"robots\" content=\"index, follow, max-snippet:-1, max-image-preview:large, max-video-preview:-1\" \/>\n<link rel=\"canonical\" href=\"https:\/\/www.diariodeouropreto.com.br\/pt\/?p=50875\" \/>\n<meta property=\"og:locale\" content=\"pt_PT\" \/>\n<meta property=\"og:type\" content=\"article\" \/>\n<meta property=\"og:title\" content=\"Vale dobra produ\u00e7\u00e3o de min\u00e9rio de ferro por fontes circulares - Di\u00e1rio de Ouro Preto\" \/>\n<meta property=\"og:description\" content=\"Produ\u00e7\u00e3o salta de 12,7 milh\u00f5es para 26,3 milh\u00f5es de toneladas- Vale dobra produ\u00e7\u00e3o de min\u00e9rio de ferro por fontes circulares - Geral\" \/>\n<meta property=\"og:url\" content=\"https:\/\/www.diariodeouropreto.com.br\/pt\/?p=50875\" \/>\n<meta property=\"og:site_name\" content=\"Di\u00e1rio de Ouro Preto\" \/>\n<meta property=\"article:publisher\" content=\"https:\/\/www.facebook.com\/diariodeouropreto\/\" \/>\n<meta property=\"article:published_time\" content=\"2026-03-14T20:20:00+00:00\" \/>\n<meta property=\"og:image\" content=\"https:\/\/www.diariodeouropreto.com.br\/wp-content\/uploads\/2026\/03\/med.jpg\" \/>\n\t<meta property=\"og:image:width\" content=\"1000\" \/>\n\t<meta property=\"og:image:height\" content=\"563\" \/>\n\t<meta property=\"og:image:type\" content=\"image\/jpeg\" \/>\n<meta name=\"author\" content=\"Di\u00e1rio de Ouro Preto\" \/>\n<meta name=\"twitter:card\" content=\"summary_large_image\" \/>\n<meta name=\"twitter:label1\" content=\"Escrito por\" \/>\n\t<meta name=\"twitter:data1\" content=\"Di\u00e1rio de Ouro Preto\" \/>\n\t<meta name=\"twitter:label2\" content=\"Tempo estimado de leitura\" \/>\n\t<meta name=\"twitter:data2\" content=\"3 minutos\" \/>\n<script type=\"application\/ld+json\" class=\"yoast-schema-graph\">{\"@context\":\"https:\\\/\\\/schema.org\",\"@graph\":[{\"@type\":\"Article\",\"@id\":\"https:\\\/\\\/www.diariodeouropreto.com.br\\\/?p=50875#article\",\"isPartOf\":{\"@id\":\"https:\\\/\\\/www.diariodeouropreto.com.br\\\/?p=50875\"},\"author\":{\"name\":\"Di\u00e1rio de Ouro Preto\",\"@id\":\"https:\\\/\\\/www.diariodeouropreto.com.br\\\/pt\\\/#\\\/schema\\\/person\\\/7654e7b471204a6dab6dc0ce6e140c99\"},\"headline\":\"Vale dobra produ\u00e7\u00e3o de min\u00e9rio de ferro por fontes circulares\",\"datePublished\":\"2026-03-14T20:20:00+00:00\",\"mainEntityOfPage\":{\"@id\":\"https:\\\/\\\/www.diariodeouropreto.com.br\\\/?p=50875\"},\"wordCount\":470,\"publisher\":{\"@id\":\"https:\\\/\\\/www.diariodeouropreto.com.br\\\/pt\\\/#organization\"},\"image\":{\"@id\":\"https:\\\/\\\/www.diariodeouropreto.com.br\\\/?p=50875#primaryimage\"},\"thumbnailUrl\":\"https:\\\/\\\/www.diariodeouropreto.com.br\\\/wp-content\\\/uploads\\\/2026\\\/03\\\/med.jpg\",\"keywords\":[\"Minera\u00e7\u00e3o\"],\"articleSection\":[\"Geral\"],\"inLanguage\":\"pt-PT\"},{\"@type\":\"WebPage\",\"@id\":\"https:\\\/\\\/www.diariodeouropreto.com.br\\\/?p=50875\",\"url\":\"https:\\\/\\\/www.diariodeouropreto.com.br\\\/?p=50875\",\"name\":\"Vale dobra produ\u00e7\u00e3o de min\u00e9rio de ferro por fontes circulares - Di\u00e1rio de Ouro Preto\",\"isPartOf\":{\"@id\":\"https:\\\/\\\/www.diariodeouropreto.com.br\\\/pt\\\/#website\"},\"primaryImageOfPage\":{\"@id\":\"https:\\\/\\\/www.diariodeouropreto.com.br\\\/?p=50875#primaryimage\"},\"image\":{\"@id\":\"https:\\\/\\\/www.diariodeouropreto.com.br\\\/?p=50875#primaryimage\"},\"thumbnailUrl\":\"https:\\\/\\\/www.diariodeouropreto.com.br\\\/wp-content\\\/uploads\\\/2026\\\/03\\\/med.jpg\",\"datePublished\":\"2026-03-14T20:20:00+00:00\",\"description\":\"Produ\u00e7\u00e3o salta de 12,7 milh\u00f5es para 26,3 milh\u00f5es de toneladas- Vale dobra produ\u00e7\u00e3o de min\u00e9rio de ferro por fontes circulares - Geral\",\"breadcrumb\":{\"@id\":\"https:\\\/\\\/www.diariodeouropreto.com.br\\\/?p=50875#breadcrumb\"},\"inLanguage\":\"pt-PT\",\"potentialAction\":[{\"@type\":\"ReadAction\",\"target\":[\"https:\\\/\\\/www.diariodeouropreto.com.br\\\/?p=50875\"]}]},{\"@type\":\"ImageObject\",\"inLanguage\":\"pt-PT\",\"@id\":\"https:\\\/\\\/www.diariodeouropreto.com.br\\\/?p=50875#primaryimage\",\"url\":\"https:\\\/\\\/www.diariodeouropreto.com.br\\\/wp-content\\\/uploads\\\/2026\\\/03\\\/med.jpg\",\"contentUrl\":\"https:\\\/\\\/www.diariodeouropreto.com.br\\\/wp-content\\\/uploads\\\/2026\\\/03\\\/med.jpg\",\"width\":1000,\"height\":563},{\"@type\":\"BreadcrumbList\",\"@id\":\"https:\\\/\\\/www.diariodeouropreto.com.br\\\/?p=50875#breadcrumb\",\"itemListElement\":[{\"@type\":\"ListItem\",\"position\":1,\"name\":\"In\u00edcio\",\"item\":\"https:\\\/\\\/www.diariodeouropreto.com.br\\\/pt\\\/\"},{\"@type\":\"ListItem\",\"position\":2,\"name\":\"Vale dobra produ\u00e7\u00e3o de min\u00e9rio de ferro por fontes circulares\"}]},{\"@type\":\"WebSite\",\"@id\":\"https:\\\/\\\/www.diariodeouropreto.com.br\\\/pt\\\/#website\",\"url\":\"https:\\\/\\\/www.diariodeouropreto.com.br\\\/pt\\\/\",\"name\":\"Di\u00e1rio de Ouro Preto\",\"description\":\"Not\u00edcias Ouro Preto; Mariana;Minas Gerais;Jornal;Jornalismo;Not\u00edcias;\",\"publisher\":{\"@id\":\"https:\\\/\\\/www.diariodeouropreto.com.br\\\/pt\\\/#organization\"},\"alternateName\":\"Jornal di\u00e1rio de Ouro Preto\",\"potentialAction\":[{\"@type\":\"SearchAction\",\"target\":{\"@type\":\"EntryPoint\",\"urlTemplate\":\"https:\\\/\\\/www.diariodeouropreto.com.br\\\/pt\\\/?s={search_term_string}\"},\"query-input\":{\"@type\":\"PropertyValueSpecification\",\"valueRequired\":true,\"valueName\":\"search_term_string\"}}],\"inLanguage\":\"pt-PT\"},{\"@type\":\"Organization\",\"@id\":\"https:\\\/\\\/www.diariodeouropreto.com.br\\\/pt\\\/#organization\",\"name\":\"Di\u00e1rio de Ouro Preto\",\"alternateName\":\"Jornal di\u00e1rio Ouro Preto\",\"url\":\"https:\\\/\\\/www.diariodeouropreto.com.br\\\/pt\\\/\",\"logo\":{\"@type\":\"ImageObject\",\"inLanguage\":\"pt-PT\",\"@id\":\"https:\\\/\\\/www.diariodeouropreto.com.br\\\/pt\\\/#\\\/schema\\\/logo\\\/image\\\/\",\"url\":\"https:\\\/\\\/www.diariodeouropreto.com.br\\\/wp-content\\\/uploads\\\/2019\\\/06\\\/cropped-logotransp-2.png\",\"contentUrl\":\"https:\\\/\\\/www.diariodeouropreto.com.br\\\/wp-content\\\/uploads\\\/2019\\\/06\\\/cropped-logotransp-2.png\",\"width\":1323,\"height\":251,\"caption\":\"Di\u00e1rio de Ouro Preto\"},\"image\":{\"@id\":\"https:\\\/\\\/www.diariodeouropreto.com.br\\\/pt\\\/#\\\/schema\\\/logo\\\/image\\\/\"},\"sameAs\":[\"https:\\\/\\\/www.facebook.com\\\/diariodeouropreto\\\/\"]},{\"@type\":\"Person\",\"@id\":\"https:\\\/\\\/www.diariodeouropreto.com.br\\\/pt\\\/#\\\/schema\\\/person\\\/7654e7b471204a6dab6dc0ce6e140c99\",\"name\":\"Di\u00e1rio de Ouro Preto\",\"sameAs\":[\"http:\\\/\\\/www.diariodeouropreto.com.br\"],\"url\":\"https:\\\/\\\/www.diariodeouropreto.com.br\\\/pt\\\/author\\\/diario\\\/\"}]}<\/script>\n<!-- \/ Yoast SEO plugin. -->","yoast_head_json":{"title":"Vale dobra produ\u00e7\u00e3o de min\u00e9rio de ferro por fontes circulares - Di\u00e1rio de Ouro Preto","description":"Produ\u00e7\u00e3o salta de 12,7 milh\u00f5es para 26,3 milh\u00f5es de toneladas- Vale dobra produ\u00e7\u00e3o de min\u00e9rio de ferro por fontes circulares - Geral","robots":{"index":"index","follow":"follow","max-snippet":"max-snippet:-1","max-image-preview":"max-image-preview:large","max-video-preview":"max-video-preview:-1"},"canonical":"https:\/\/www.diariodeouropreto.com.br\/pt\/?p=50875","og_locale":"pt_PT","og_type":"article","og_title":"Vale dobra produ\u00e7\u00e3o de min\u00e9rio de ferro por fontes circulares - Di\u00e1rio de Ouro Preto","og_description":"Produ\u00e7\u00e3o salta de 12,7 milh\u00f5es para 26,3 milh\u00f5es de toneladas- Vale dobra produ\u00e7\u00e3o de min\u00e9rio de ferro por fontes circulares - Geral","og_url":"https:\/\/www.diariodeouropreto.com.br\/pt\/?p=50875","og_site_name":"Di\u00e1rio de Ouro Preto","article_publisher":"https:\/\/www.facebook.com\/diariodeouropreto\/","article_published_time":"2026-03-14T20:20:00+00:00","og_image":[{"width":1000,"height":563,"url":"https:\/\/www.diariodeouropreto.com.br\/wp-content\/uploads\/2026\/03\/med.jpg","type":"image\/jpeg"}],"author":"Di\u00e1rio de Ouro Preto","twitter_card":"summary_large_image","twitter_misc":{"Escrito por":"Di\u00e1rio de Ouro Preto","Tempo estimado de leitura":"3 minutos"},"schema":{"@context":"https:\/\/schema.org","@graph":[{"@type":"Article","@id":"https:\/\/www.diariodeouropreto.com.br\/?p=50875#article","isPartOf":{"@id":"https:\/\/www.diariodeouropreto.com.br\/?p=50875"},"author":{"name":"Di\u00e1rio de Ouro Preto","@id":"https:\/\/www.diariodeouropreto.com.br\/pt\/#\/schema\/person\/7654e7b471204a6dab6dc0ce6e140c99"},"headline":"Vale dobra produ\u00e7\u00e3o de min\u00e9rio de ferro por fontes circulares","datePublished":"2026-03-14T20:20:00+00:00","mainEntityOfPage":{"@id":"https:\/\/www.diariodeouropreto.com.br\/?p=50875"},"wordCount":470,"publisher":{"@id":"https:\/\/www.diariodeouropreto.com.br\/pt\/#organization"},"image":{"@id":"https:\/\/www.diariodeouropreto.com.br\/?p=50875#primaryimage"},"thumbnailUrl":"https:\/\/www.diariodeouropreto.com.br\/wp-content\/uploads\/2026\/03\/med.jpg","keywords":["Minera\u00e7\u00e3o"],"articleSection":["Geral"],"inLanguage":"pt-PT"},{"@type":"WebPage","@id":"https:\/\/www.diariodeouropreto.com.br\/?p=50875","url":"https:\/\/www.diariodeouropreto.com.br\/?p=50875","name":"Vale dobra produ\u00e7\u00e3o de min\u00e9rio de ferro por fontes circulares - Di\u00e1rio de Ouro Preto","isPartOf":{"@id":"https:\/\/www.diariodeouropreto.com.br\/pt\/#website"},"primaryImageOfPage":{"@id":"https:\/\/www.diariodeouropreto.com.br\/?p=50875#primaryimage"},"image":{"@id":"https:\/\/www.diariodeouropreto.com.br\/?p=50875#primaryimage"},"thumbnailUrl":"https:\/\/www.diariodeouropreto.com.br\/wp-content\/uploads\/2026\/03\/med.jpg","datePublished":"2026-03-14T20:20:00+00:00","description":"Produ\u00e7\u00e3o salta de 12,7 milh\u00f5es para 26,3 milh\u00f5es de toneladas- Vale dobra produ\u00e7\u00e3o de min\u00e9rio de ferro por fontes circulares - Geral","breadcrumb":{"@id":"https:\/\/www.diariodeouropreto.com.br\/?p=50875#breadcrumb"},"inLanguage":"pt-PT","potentialAction":[{"@type":"ReadAction","target":["https:\/\/www.diariodeouropreto.com.br\/?p=50875"]}]},{"@type":"ImageObject","inLanguage":"pt-PT","@id":"https:\/\/www.diariodeouropreto.com.br\/?p=50875#primaryimage","url":"https:\/\/www.diariodeouropreto.com.br\/wp-content\/uploads\/2026\/03\/med.jpg","contentUrl":"https:\/\/www.diariodeouropreto.com.br\/wp-content\/uploads\/2026\/03\/med.jpg","width":1000,"height":563},{"@type":"BreadcrumbList","@id":"https:\/\/www.diariodeouropreto.com.br\/?p=50875#breadcrumb","itemListElement":[{"@type":"ListItem","position":1,"name":"In\u00edcio","item":"https:\/\/www.diariodeouropreto.com.br\/pt\/"},{"@type":"ListItem","position":2,"name":"Vale dobra produ\u00e7\u00e3o de min\u00e9rio de ferro por fontes circulares"}]},{"@type":"WebSite","@id":"https:\/\/www.diariodeouropreto.com.br\/pt\/#website","url":"https:\/\/www.diariodeouropreto.com.br\/pt\/","name":"Di\u00e1rio de Ouro Preto","description":"Not\u00edcias Ouro Preto; Mariana;Minas Gerais;Jornal;Jornalismo;Not\u00edcias;","publisher":{"@id":"https:\/\/www.diariodeouropreto.com.br\/pt\/#organization"},"alternateName":"Jornal di\u00e1rio de Ouro Preto","potentialAction":[{"@type":"SearchAction","target":{"@type":"EntryPoint","urlTemplate":"https:\/\/www.diariodeouropreto.com.br\/pt\/?s={search_term_string}"},"query-input":{"@type":"PropertyValueSpecification","valueRequired":true,"valueName":"search_term_string"}}],"inLanguage":"pt-PT"},{"@type":"Organization","@id":"https:\/\/www.diariodeouropreto.com.br\/pt\/#organization","name":"Di\u00e1rio de Ouro Preto","alternateName":"Jornal di\u00e1rio Ouro Preto","url":"https:\/\/www.diariodeouropreto.com.br\/pt\/","logo":{"@type":"ImageObject","inLanguage":"pt-PT","@id":"https:\/\/www.diariodeouropreto.com.br\/pt\/#\/schema\/logo\/image\/","url":"https:\/\/www.diariodeouropreto.com.br\/wp-content\/uploads\/2019\/06\/cropped-logotransp-2.png","contentUrl":"https:\/\/www.diariodeouropreto.com.br\/wp-content\/uploads\/2019\/06\/cropped-logotransp-2.png","width":1323,"height":251,"caption":"Di\u00e1rio de Ouro Preto"},"image":{"@id":"https:\/\/www.diariodeouropreto.com.br\/pt\/#\/schema\/logo\/image\/"},"sameAs":["https:\/\/www.facebook.com\/diariodeouropreto\/"]},{"@type":"Person","@id":"https:\/\/www.diariodeouropreto.com.br\/pt\/#\/schema\/person\/7654e7b471204a6dab6dc0ce6e140c99","name":"Di\u00e1rio de Ouro Preto","sameAs":["http:\/\/www.diariodeouropreto.com.br"],"url":"https:\/\/www.diariodeouropreto.com.br\/pt\/author\/diario\/"}]}},"jetpack_publicize_connections":[],"jetpack_featured_media_url":"https:\/\/www.diariodeouropreto.com.br\/wp-content\/uploads\/2026\/03\/med.jpg","jetpack-related-posts":[{"id":43827,"url":"https:\/\/www.diariodeouropreto.com.br\/pt\/vale-e-ufmg-anunciam-parceria-para-solucoes-inovadoras-em-mineracao-circular\/","url_meta":{"origin":50875,"position":0},"title":"Vale e UFMG anunciam parceria para solu\u00e7\u00f5es inovadoras em minera\u00e7\u00e3o circular","author":"Di\u00e1rio de Ouro Preto","date":"15 de Abril de 2025","format":false,"excerpt":"Colab ter\u00e1 como foco transformar rejeitos e res\u00edduos da minera\u00e7\u00e3o em novos neg\u00f3cios de base tecnol\u00f3gica com gera\u00e7\u00e3o de valor para a sociedade A Vale e a Universidade Federal de Minas Gerais (UFMG) celebraram, nesta ter\u00e7a-feira (15\/4), uma parceria estrat\u00e9gica para o desenvolvimento de solu\u00e7\u00f5es inovadoras de economia circular na\u2026","rel":"","context":"In &quot;Minas Gerais&quot;","block_context":{"text":"Minas Gerais","link":"https:\/\/www.diariodeouropreto.com.br\/pt\/Editoria\/minas-gerais\/"},"img":{"alt_text":"","src":"https:\/\/i0.wp.com\/www.diariodeouropreto.com.br\/wp-content\/uploads\/2025\/04\/unnamed-9.jpg?resize=350%2C200&ssl=1","width":350,"height":200,"srcset":"https:\/\/i0.wp.com\/www.diariodeouropreto.com.br\/wp-content\/uploads\/2025\/04\/unnamed-9.jpg?resize=350%2C200&ssl=1 1x, https:\/\/i0.wp.com\/www.diariodeouropreto.com.br\/wp-content\/uploads\/2025\/04\/unnamed-9.jpg?resize=525%2C300&ssl=1 1.5x, https:\/\/i0.wp.com\/www.diariodeouropreto.com.br\/wp-content\/uploads\/2025\/04\/unnamed-9.jpg?resize=700%2C400&ssl=1 2x, https:\/\/i0.wp.com\/www.diariodeouropreto.com.br\/wp-content\/uploads\/2025\/04\/unnamed-9.jpg?resize=1050%2C600&ssl=1 3x"},"classes":[]},{"id":34725,"url":"https:\/\/www.diariodeouropreto.com.br\/pt\/mineracao-circular-vale-doa-cerca-de-78-mil-blocos-produzidos-a-partir-do-rejeito-para-instituicao-de-itabirito\/","url_meta":{"origin":50875,"position":1},"title":"Minera\u00e7\u00e3o circular: Vale doa cerca de 78 mil blocos produzidos a partir do rejeito para institui\u00e7\u00e3o de Itabirito","author":"Di\u00e1rio de Ouro Preto","date":"19 de Junho de 2024","format":false,"excerpt":"Iniciativa reaproveita material que seria disposto em barragens e beneficia projetos sociais nos territ\u00f3rios onde a empresa mant\u00e9m opera\u00e7\u00f5es A Vale realizou, no \u00faltimo m\u00eas, a doa\u00e7\u00e3o de 77.760 blocos para obras de constru\u00e7\u00e3o civil da Apac (Associa\u00e7\u00e3o de Prote\u00e7\u00e3o e Assist\u00eancia ao Condenado) de Itabirito. Os materiais foram desenvolvidos\u2026","rel":"","context":"In &quot;Cidades&quot;","block_context":{"text":"Cidades","link":"https:\/\/www.diariodeouropreto.com.br\/pt\/Editoria\/cidades\/"},"img":{"alt_text":"","src":"https:\/\/i0.wp.com\/www.diariodeouropreto.com.br\/wp-content\/uploads\/2024\/06\/unnamed-10.jpg?resize=350%2C200&ssl=1","width":350,"height":200,"srcset":"https:\/\/i0.wp.com\/www.diariodeouropreto.com.br\/wp-content\/uploads\/2024\/06\/unnamed-10.jpg?resize=350%2C200&ssl=1 1x, https:\/\/i0.wp.com\/www.diariodeouropreto.com.br\/wp-content\/uploads\/2024\/06\/unnamed-10.jpg?resize=525%2C300&ssl=1 1.5x, https:\/\/i0.wp.com\/www.diariodeouropreto.com.br\/wp-content\/uploads\/2024\/06\/unnamed-10.jpg?resize=700%2C400&ssl=1 2x, https:\/\/i0.wp.com\/www.diariodeouropreto.com.br\/wp-content\/uploads\/2024\/06\/unnamed-10.jpg?resize=1050%2C600&ssl=1 3x"},"classes":[]},{"id":47340,"url":"https:\/\/www.diariodeouropreto.com.br\/pt\/mina-de-capanema-presidente-da-vale-recebeu-ontem-o-governador-para-retomada-da-operacao\/","url_meta":{"origin":50875,"position":2},"title":"Mina de Capanema: Presidente da Vale recebeu ontem o governador para retomada da opera\u00e7\u00e3o","author":"Di\u00e1rio de Ouro Preto","date":"5 de Setembro de 2025","format":false,"excerpt":"Presidente da Vale, Gustavo Pimenta destacou que a retomada \u00e9 um marco importante de crescimento em Minas Gerais e que a Mina n\u00e3o ter\u00e1 barragem Ouro Preto - O presidente da Vale, Gustavo Pimenta inaugurou ontem a retomada da mina Capanema, entre os convidados para a solenidade estavam o governador\u2026","rel":"","context":"In &quot;Manchete do dia&quot;","block_context":{"text":"Manchete do dia","link":"https:\/\/www.diariodeouropreto.com.br\/pt\/Editoria\/manchete-do-dia\/"},"img":{"alt_text":"","src":"https:\/\/i0.wp.com\/www.diariodeouropreto.com.br\/wp-content\/uploads\/2025\/09\/Imagem-do-WhatsApp-de-2025-09-04-as-22.33.53_56c5b139.jpg?resize=350%2C200&ssl=1","width":350,"height":200,"srcset":"https:\/\/i0.wp.com\/www.diariodeouropreto.com.br\/wp-content\/uploads\/2025\/09\/Imagem-do-WhatsApp-de-2025-09-04-as-22.33.53_56c5b139.jpg?resize=350%2C200&ssl=1 1x, https:\/\/i0.wp.com\/www.diariodeouropreto.com.br\/wp-content\/uploads\/2025\/09\/Imagem-do-WhatsApp-de-2025-09-04-as-22.33.53_56c5b139.jpg?resize=525%2C300&ssl=1 1.5x, https:\/\/i0.wp.com\/www.diariodeouropreto.com.br\/wp-content\/uploads\/2025\/09\/Imagem-do-WhatsApp-de-2025-09-04-as-22.33.53_56c5b139.jpg?resize=700%2C400&ssl=1 2x, https:\/\/i0.wp.com\/www.diariodeouropreto.com.br\/wp-content\/uploads\/2025\/09\/Imagem-do-WhatsApp-de-2025-09-04-as-22.33.53_56c5b139.jpg?resize=1050%2C600&ssl=1 3x"},"classes":[]},{"id":40789,"url":"https:\/\/www.diariodeouropreto.com.br\/pt\/samarco-dobra-capacidade-produtiva-instalada-para-avancar-na-producao-de-pelotas-e-finos-de-minerio-de-ferro-em-2025\/","url_meta":{"origin":50875,"position":3},"title":"Samarco dobra capacidade produtiva instalada para avan\u00e7ar na produ\u00e7\u00e3o de pelotas e finos de min\u00e9rio de ferro em 2025","author":"Di\u00e1rio de Ouro Preto","date":"16 de Dezembro de 2024","format":false,"excerpt":"Aumento da capacidade produtiva marca nova etapa da retomada gradual de produ\u00e7\u00e3o de forma eficiente, segura e sustent\u00e1vel A Samarco dobra sua capacidade produtiva instalada com a reativa\u00e7\u00e3o do Concentrador 2 e a implementa\u00e7\u00e3o de mais uma planta de filtragem de rejeitos no Complexo de Germano, nesta segunda-feira (16\/12), quando\u2026","rel":"","context":"In &quot;Ouro Preto&quot;","block_context":{"text":"Ouro Preto","link":"https:\/\/www.diariodeouropreto.com.br\/pt\/Editoria\/ouro-preto\/"},"img":{"alt_text":"","src":"https:\/\/i0.wp.com\/www.diariodeouropreto.com.br\/wp-content\/uploads\/2024\/12\/Pilha-de-minerio.jpg?resize=350%2C200&ssl=1","width":350,"height":200,"srcset":"https:\/\/i0.wp.com\/www.diariodeouropreto.com.br\/wp-content\/uploads\/2024\/12\/Pilha-de-minerio.jpg?resize=350%2C200&ssl=1 1x, https:\/\/i0.wp.com\/www.diariodeouropreto.com.br\/wp-content\/uploads\/2024\/12\/Pilha-de-minerio.jpg?resize=525%2C300&ssl=1 1.5x, https:\/\/i0.wp.com\/www.diariodeouropreto.com.br\/wp-content\/uploads\/2024\/12\/Pilha-de-minerio.jpg?resize=700%2C400&ssl=1 2x, https:\/\/i0.wp.com\/www.diariodeouropreto.com.br\/wp-content\/uploads\/2024\/12\/Pilha-de-minerio.jpg?resize=1050%2C600&ssl=1 3x"},"classes":[]},{"id":11506,"url":"https:\/\/www.diariodeouropreto.com.br\/pt\/vale-inova-ao-produzir-areia-certificada-para-o-mercado-reduzindo-o-volume-de-rejeito-descartado-em-barragens\/","url_meta":{"origin":50875,"position":4},"title":"Vale inova ao produzir areia certificada para o mercado, reduzindo o volume de rejeito descartado em barragens","author":"Di\u00e1rio de Ouro Preto","date":"30 de Novembro de 2021","format":false,"excerpt":"Cerca de 250 mil toneladas do insumo j\u00e1 foram reaproveitadas. Produto \u00e9 alternativa sustent\u00e1vel para material que sofre com extra\u00e7\u00e3o predat\u00f3ria Ap\u00f3s sete anos de pesquisas e investimentos da ordem de R$ 50 milh\u00f5es, a Vale desenvolveu uma areia com qualidade comercial para aplica\u00e7\u00e3o no mercado da constru\u00e7\u00e3o civil. A\u2026","rel":"","context":"In &quot;Minas Gerais&quot;","block_context":{"text":"Minas Gerais","link":"https:\/\/www.diariodeouropreto.com.br\/pt\/Editoria\/minas-gerais\/"},"img":{"alt_text":"","src":"https:\/\/i0.wp.com\/www.diariodeouropreto.com.br\/wp-content\/uploads\/2021\/11\/unnamed-25.jpg?resize=350%2C200&ssl=1","width":350,"height":200,"srcset":"https:\/\/i0.wp.com\/www.diariodeouropreto.com.br\/wp-content\/uploads\/2021\/11\/unnamed-25.jpg?resize=350%2C200&ssl=1 1x, https:\/\/i0.wp.com\/www.diariodeouropreto.com.br\/wp-content\/uploads\/2021\/11\/unnamed-25.jpg?resize=525%2C300&ssl=1 1.5x, https:\/\/i0.wp.com\/www.diariodeouropreto.com.br\/wp-content\/uploads\/2021\/11\/unnamed-25.jpg?resize=700%2C400&ssl=1 2x, https:\/\/i0.wp.com\/www.diariodeouropreto.com.br\/wp-content\/uploads\/2021\/11\/unnamed-25.jpg?resize=1050%2C600&ssl=1 3x"},"classes":[]},{"id":23978,"url":"https:\/\/www.diariodeouropreto.com.br\/pt\/samarco-alcanca-producao-de-20-milhoes-de-toneladas-de-pelotas-de-minerio-de-ferro\/","url_meta":{"origin":50875,"position":5},"title":"Samarco alcan\u00e7a produ\u00e7\u00e3o de 20 milh\u00f5es de toneladas de pelotas de min\u00e9rio de ferro","author":"Di\u00e1rio de Ouro Preto","date":"22 de Junho de 2023","format":false,"excerpt":"A Samarco atingiu, na segunda-feira (19\/06), a marca de 20 milh\u00f5es de toneladas de pelotas de min\u00e9rio de ferro produzidas desde a retomada das opera\u00e7\u00f5es em dezembro de 2020. \u00a0Nesse per\u00edodo, foram embarcados 200 navios. A empresa retomou suas opera\u00e7\u00f5es sem a utiliza\u00e7\u00e3o de barragens de rejeitos, e prev\u00ea alcan\u00e7ar\u2026","rel":"","context":"In &quot;Brasil&quot;","block_context":{"text":"Brasil","link":"https:\/\/www.diariodeouropreto.com.br\/pt\/Editoria\/brasil\/"},"img":{"alt_text":"","src":"https:\/\/i0.wp.com\/www.diariodeouropreto.com.br\/wp-content\/uploads\/2023\/06\/22.06.23-Producao-de-20-milhoes-de-pelotas.jpg?resize=350%2C200&ssl=1","width":350,"height":200,"srcset":"https:\/\/i0.wp.com\/www.diariodeouropreto.com.br\/wp-content\/uploads\/2023\/06\/22.06.23-Producao-de-20-milhoes-de-pelotas.jpg?resize=350%2C200&ssl=1 1x, https:\/\/i0.wp.com\/www.diariodeouropreto.com.br\/wp-content\/uploads\/2023\/06\/22.06.23-Producao-de-20-milhoes-de-pelotas.jpg?resize=525%2C300&ssl=1 1.5x, https:\/\/i0.wp.com\/www.diariodeouropreto.com.br\/wp-content\/uploads\/2023\/06\/22.06.23-Producao-de-20-milhoes-de-pelotas.jpg?resize=700%2C400&ssl=1 2x, https:\/\/i0.wp.com\/www.diariodeouropreto.com.br\/wp-content\/uploads\/2023\/06\/22.06.23-Producao-de-20-milhoes-de-pelotas.jpg?resize=1050%2C600&ssl=1 3x"},"classes":[]}],"jetpack_sharing_enabled":true,"amp_enabled":true,"_links":{"self":[{"href":"https:\/\/www.diariodeouropreto.com.br\/pt\/wp-json\/wp\/v2\/posts\/50875","targetHints":{"allow":["GET"]}}],"collection":[{"href":"https:\/\/www.diariodeouropreto.com.br\/pt\/wp-json\/wp\/v2\/posts"}],"about":[{"href":"https:\/\/www.diariodeouropreto.com.br\/pt\/wp-json\/wp\/v2\/types\/post"}],"author":[{"embeddable":true,"href":"https:\/\/www.diariodeouropreto.com.br\/pt\/wp-json\/wp\/v2\/users\/1"}],"replies":[{"embeddable":true,"href":"https:\/\/www.diariodeouropreto.com.br\/pt\/wp-json\/wp\/v2\/comments?post=50875"}],"version-history":[{"count":2,"href":"https:\/\/www.diariodeouropreto.com.br\/pt\/wp-json\/wp\/v2\/posts\/50875\/revisions"}],"predecessor-version":[{"id":50894,"href":"https:\/\/www.diariodeouropreto.com.br\/pt\/wp-json\/wp\/v2\/posts\/50875\/revisions\/50894"}],"wp:featuredmedia":[{"embeddable":true,"href":"https:\/\/www.diariodeouropreto.com.br\/pt\/wp-json\/wp\/v2\/media\/50892"}],"wp:attachment":[{"href":"https:\/\/www.diariodeouropreto.com.br\/pt\/wp-json\/wp\/v2\/media?parent=50875"}],"wp:term":[{"taxonomy":"category","embeddable":true,"href":"https:\/\/www.diariodeouropreto.com.br\/pt\/wp-json\/wp\/v2\/categories?post=50875"},{"taxonomy":"post_tag","embeddable":true,"href":"https:\/\/www.diariodeouropreto.com.br\/pt\/wp-json\/wp\/v2\/tags?post=50875"}],"curies":[{"name":"wp","href":"https:\/\/api.w.org\/{rel}","templated":true}]}}