{"id":50872,"date":"2026-03-13T12:57:25","date_gmt":"2026-03-13T15:57:25","guid":{"rendered":"https:\/\/www.diariodeouropreto.com.br\/?p=50872"},"modified":"2026-03-13T12:57:33","modified_gmt":"2026-03-13T15:57:33","slug":"camara-de-mariana-discute-apoio-a-maes-de-criancas-neurodiversas-e-pede-informacoes-sobre-desapropriacoes","status":"publish","type":"post","link":"https:\/\/www.diariodeouropreto.com.br\/pt\/camara-de-mariana-discute-apoio-a-maes-de-criancas-neurodiversas-e-pede-informacoes-sobre-desapropriacoes\/","title":{"rendered":"C\u00e2mara de Mariana discute apoio a m\u00e3es de crian\u00e7as neurodiversas e pede informa\u00e7\u00f5es sobre desapropria\u00e7\u00f5es"},"content":{"rendered":"<p><strong>Reuni\u00e3o ordin\u00e1ria tamb\u00e9m apresentou projetos voltados ao com\u00e9rcio nos distritos, turismo e garantias a trabalhadores terceirizados<\/strong><\/p>\n\n\n\n<p>A C\u00e2mara Municipal de Mariana realizou, na \u00faltima segunda-feira (09) sua 6\u00aa reuni\u00e3o ordin\u00e1ria com a discuss\u00e3o de projetos de lei, requerimentos e comunicados institucionais. Entre os principais temas debatidos estiveram a cria\u00e7\u00e3o de uma pol\u00edtica municipal de apoio ao acompanhamento de crian\u00e7as neurodiversas e um pedido de informa\u00e7\u00f5es ao Executivo sobre processos de desapropria\u00e7\u00e3o realizados no munic\u00edpio entre 2018 e 2026.<\/p>\n\n\n\n<p>Um dos destaques da reuni\u00e3o foi a tramita\u00e7\u00e3o do Projeto de Lei n\u00ba 53\/2026, de autoria do Executivo, que institui uma pol\u00edtica subsidi\u00e1ria de apoio ao acompanhamento de crian\u00e7as neurodiversas no munic\u00edpio. De acordo com o parecer apresentado em plen\u00e1rio, a proposta busca garantir \u00e0s servidoras p\u00fablicas municipais que s\u00e3o m\u00e3es de crian\u00e7as neurodiversas o direito de trabalhar em locais mais pr\u00f3ximos de suas resid\u00eancias ou das escolas onde os filhos s\u00e3o atendidos, mediante disponibilidade de vagas. A medida prev\u00ea que a mudan\u00e7a possa ocorrer por meio de remo\u00e7\u00e3o ou troca de lota\u00e7\u00e3o entre servidoras, com o objetivo de facilitar o acompanhamento das crian\u00e7as sem comprometer a rotina de trabalho das m\u00e3es.<\/p>\n\n\n\n<p>Durante a reuni\u00e3o tamb\u00e9m foi apresentado um requerimento solicitando informa\u00e7\u00f5es detalhadas ao Poder Executivo sobre todos os processos de desapropria\u00e7\u00e3o realizados no munic\u00edpio entre 1\u00ba de janeiro de 2018 e a data atual. O pedido inclui a rela\u00e7\u00e3o completa dos casos de desapropria\u00e7\u00e3o por utilidade p\u00fablica ou interesse social, tanto os j\u00e1 conclu\u00eddos quanto aqueles que ainda est\u00e3o em andamento.<\/p>\n\n\n\n<p>Entre as informa\u00e7\u00f5es solicitadas est\u00e3o a identifica\u00e7\u00e3o dos im\u00f3veis envolvidos, o decreto de utilidade p\u00fablica correspondente, o valor da avalia\u00e7\u00e3o inicial e o valor efetivamente pago, al\u00e9m da natureza do processo, se a desapropria\u00e7\u00e3o ocorreu de forma amig\u00e1vel, administrativa ou judicial. Nos casos que tramitam na Justi\u00e7a, o requerimento tamb\u00e9m pede o n\u00famero do processo e a situa\u00e7\u00e3o atual da a\u00e7\u00e3o, al\u00e9m de c\u00f3pias de comprovantes de pagamento ou extratos financeiros que demonstrem as quita\u00e7\u00f5es realizadas.<\/p>\n\n\n\n<div id=\"110712\" class=\"advads-saneouro advads-entity-placement\" style=\"margin-left: auto;margin-right: auto;text-align: center;\"><a href=\"https:\/\/www.saneouro.com.br\/\" target=\"_blank\" aria-label=\"DOP_Site\" data-wpel-link=\"external\" rel=\"follow external noopener noreferrer sponsored ugc\"><img src=\"https:\/\/www.diariodeouropreto.com.br\/wp-content\/uploads\/2026\/04\/DOP_Site.jpg\" alt=\"\"  srcset=\"https:\/\/www.diariodeouropreto.com.br\/wp-content\/uploads\/2026\/04\/DOP_Site.jpg 301w, https:\/\/www.diariodeouropreto.com.br\/wp-content\/uploads\/2026\/04\/DOP_Site-180x150.jpg 180w, https:\/\/www.diariodeouropreto.com.br\/wp-content\/uploads\/2026\/04\/DOP_Site-14x12.jpg 14w\" sizes=\"(max-width: 301px) 100vw, 301px\" width=\"301\" height=\"251\"  style=\"display: inline-block;\" \/><\/a><\/div><p>A reuni\u00e3o ainda contou com comunica\u00e7\u00f5es institucionais da C\u00e2mara, como a divulga\u00e7\u00e3o da cerim\u00f4nia de entrega da Medalha e do Diploma do M\u00e9rito Feminino \u201cMariana Mulher\u201d, prevista para o dia 20 de mar\u00e7o de 2026. Durante a sess\u00e3o tamb\u00e9m foram apresentados os nomes indicados pelos vereadores para receber a honraria.<\/p>\n\n\n\n<div id=\"50321\" class=\"advads-plantao advads-entity-placement\"><a href=\"https:\/\/www.diariodeouropreto.com.br\/pt\/\" target=\"_blank\" aria-label=\"site &#8211; noticia\" data-wpel-link=\"external\" rel=\"follow external noopener noreferrer sponsored ugc\"><img src=\"https:\/\/www.diariodeouropreto.com.br\/wp-content\/uploads\/2019\/09\/titulosite2-e1616373489755.jpg\" alt=\"\"  srcset=\"https:\/\/www.diariodeouropreto.com.br\/wp-content\/uploads\/2019\/09\/titulosite2-e1616373489755.jpg 1200w, https:\/\/www.diariodeouropreto.com.br\/wp-content\/uploads\/2019\/09\/titulosite2-e1616373489755-150x38.jpg 150w, https:\/\/www.diariodeouropreto.com.br\/wp-content\/uploads\/2019\/09\/titulosite2-e1616373489755-660x167.jpg 660w, https:\/\/www.diariodeouropreto.com.br\/wp-content\/uploads\/2019\/09\/titulosite2-e1616373489755-768x194.jpg 768w, https:\/\/www.diariodeouropreto.com.br\/wp-content\/uploads\/2019\/09\/titulosite2-e1616373489755-1000x252.jpg 1000w, https:\/\/www.diariodeouropreto.com.br\/wp-content\/uploads\/2019\/09\/titulosite2-e1616373489755-1536x388.jpg 1536w, https:\/\/www.diariodeouropreto.com.br\/wp-content\/uploads\/2019\/09\/titulosite2-e1616373489755-2048x517.jpg 2048w\" sizes=\"(max-width: 1200px) 100vw, 1200px\" width=\"1200\" height=\"303\"  style=\"display: inline-block;\" \/><\/a><\/div><p>Os debates e encaminhamentos ocorreram ao longo da sess\u00e3o, que reuniu vereadores para an\u00e1lise das propostas e apresenta\u00e7\u00e3o de requerimentos e projetos voltados a diferentes \u00e1reas da administra\u00e7\u00e3o municipal. <\/p>","protected":false},"excerpt":{"rendered":"<p>Reuni\u00e3o ordin\u00e1ria tamb\u00e9m apresentou projetos voltados ao com\u00e9rcio nos distritos, turismo e garantias a trabalhadores terceirizados A C\u00e2mara Municipal de Mariana realizou, na \u00faltima segunda-feira (09) sua 6\u00aa reuni\u00e3o ordin\u00e1ria com a discuss\u00e3o de projetos de lei, requerimentos e comunicados institucionais. Entre os principais temas debatidos estiveram a cria\u00e7\u00e3o de<span class=\"more-link\"><a href=\"https:\/\/www.diariodeouropreto.com.br\/pt\/camara-de-mariana-discute-apoio-a-maes-de-criancas-neurodiversas-e-pede-informacoes-sobre-desapropriacoes\/\" data-wpel-link=\"internal\">Continue Lendo<\/a><\/span><\/p>","protected":false},"author":6,"featured_media":50873,"comment_status":"closed","ping_status":"closed","sticky":false,"template":"","format":"standard","meta":{"_jetpack_memberships_contains_paid_content":false,"footnotes":"","jetpack_publicize_message":"Reuni\u00e3o ordin\u00e1ria tamb\u00e9m apresentou projetos voltados ao com\u00e9rcio nos distritos, turismo e garantias a trabalhadores terceirizados","jetpack_publicize_feature_enabled":true,"jetpack_social_post_already_shared":false,"jetpack_social_options":{"image_generator_settings":{"template":"highway","default_image_id":0,"font":"","enabled":false},"version":2}},"categories":[46],"tags":[89,14],"class_list":["entry","author-davi-saporetti","post-50872","post","type-post","status-publish","format-standard","has-post-thumbnail","category-politica","tag-legislativo","tag-mariana"],"yoast_head":"<!-- This site is optimized with the Yoast SEO plugin v27.5 - https:\/\/yoast.com\/product\/yoast-seo-wordpress\/ -->\n<title>C\u00e2mara de Mariana discute apoio a m\u00e3es de crian\u00e7as neurodiversas e pede informa\u00e7\u00f5es sobre desapropria\u00e7\u00f5es - Di\u00e1rio de Ouro Preto<\/title>\n<meta name=\"description\" content=\"Reuni\u00e3o ordin\u00e1ria tamb\u00e9m apresentou projetos voltados ao com\u00e9rcio nos distritos, turismo e garantias a trabalhadores terceirizados- C\u00e2mara de Mariana discute apoio a m\u00e3es de crian\u00e7as neurodiversas e pede informa\u00e7\u00f5es sobre desapropria\u00e7\u00f5es - Pol\u00edtica\" \/>\n<meta name=\"robots\" content=\"index, follow, max-snippet:-1, max-image-preview:large, max-video-preview:-1\" \/>\n<link rel=\"canonical\" href=\"https:\/\/www.diariodeouropreto.com.br\/pt\/camara-de-mariana-discute-apoio-a-maes-de-criancas-neurodiversas-e-pede-informacoes-sobre-desapropriacoes\/\" \/>\n<meta property=\"og:locale\" content=\"pt_PT\" \/>\n<meta property=\"og:type\" content=\"article\" \/>\n<meta property=\"og:title\" content=\"C\u00e2mara de Mariana discute apoio a m\u00e3es de crian\u00e7as neurodiversas e pede informa\u00e7\u00f5es sobre desapropria\u00e7\u00f5es - Di\u00e1rio de Ouro Preto\" \/>\n<meta property=\"og:description\" content=\"Reuni\u00e3o ordin\u00e1ria tamb\u00e9m apresentou projetos voltados ao com\u00e9rcio nos distritos, turismo e garantias a trabalhadores terceirizados- C\u00e2mara de Mariana discute apoio a m\u00e3es de crian\u00e7as neurodiversas e pede informa\u00e7\u00f5es sobre desapropria\u00e7\u00f5es - Pol\u00edtica\" \/>\n<meta property=\"og:url\" content=\"https:\/\/www.diariodeouropreto.com.br\/pt\/camara-de-mariana-discute-apoio-a-maes-de-criancas-neurodiversas-e-pede-informacoes-sobre-desapropriacoes\/\" \/>\n<meta property=\"og:site_name\" content=\"Di\u00e1rio de Ouro Preto\" \/>\n<meta property=\"article:publisher\" content=\"https:\/\/www.facebook.com\/diariodeouropreto\/\" \/>\n<meta property=\"article:published_time\" content=\"2026-03-13T15:57:25+00:00\" \/>\n<meta property=\"article:modified_time\" content=\"2026-03-13T15:57:33+00:00\" \/>\n<meta property=\"og:image\" content=\"https:\/\/www.diariodeouropreto.com.br\/wp-content\/uploads\/2026\/03\/Captura-de-tela-2026-03-13-125230.jpg\" \/>\n\t<meta property=\"og:image:width\" content=\"1200\" \/>\n\t<meta property=\"og:image:height\" content=\"675\" \/>\n\t<meta property=\"og:image:type\" content=\"image\/jpeg\" \/>\n<meta name=\"author\" content=\"Davi Saporetti\" \/>\n<meta name=\"twitter:card\" content=\"summary_large_image\" \/>\n<meta name=\"twitter:label1\" content=\"Escrito por\" \/>\n\t<meta name=\"twitter:data1\" content=\"Davi Saporetti\" \/>\n\t<meta name=\"twitter:label2\" content=\"Tempo estimado de leitura\" \/>\n\t<meta name=\"twitter:data2\" content=\"3 minutos\" \/>\n<script type=\"application\/ld+json\" class=\"yoast-schema-graph\">{\"@context\":\"https:\\\/\\\/schema.org\",\"@graph\":[{\"@type\":\"Article\",\"@id\":\"https:\\\/\\\/www.diariodeouropreto.com.br\\\/camara-de-mariana-discute-apoio-a-maes-de-criancas-neurodiversas-e-pede-informacoes-sobre-desapropriacoes\\\/#article\",\"isPartOf\":{\"@id\":\"https:\\\/\\\/www.diariodeouropreto.com.br\\\/camara-de-mariana-discute-apoio-a-maes-de-criancas-neurodiversas-e-pede-informacoes-sobre-desapropriacoes\\\/\"},\"author\":{\"name\":\"Davi Saporetti\",\"@id\":\"https:\\\/\\\/www.diariodeouropreto.com.br\\\/pt\\\/#\\\/schema\\\/person\\\/ef41b20286de4cc33a3185837ba72af6\"},\"headline\":\"C\u00e2mara de Mariana discute apoio a m\u00e3es de crian\u00e7as neurodiversas e pede informa\u00e7\u00f5es sobre desapropria\u00e7\u00f5es\",\"datePublished\":\"2026-03-13T15:57:25+00:00\",\"dateModified\":\"2026-03-13T15:57:33+00:00\",\"mainEntityOfPage\":{\"@id\":\"https:\\\/\\\/www.diariodeouropreto.com.br\\\/camara-de-mariana-discute-apoio-a-maes-de-criancas-neurodiversas-e-pede-informacoes-sobre-desapropriacoes\\\/\"},\"wordCount\":489,\"publisher\":{\"@id\":\"https:\\\/\\\/www.diariodeouropreto.com.br\\\/pt\\\/#organization\"},\"image\":{\"@id\":\"https:\\\/\\\/www.diariodeouropreto.com.br\\\/camara-de-mariana-discute-apoio-a-maes-de-criancas-neurodiversas-e-pede-informacoes-sobre-desapropriacoes\\\/#primaryimage\"},\"thumbnailUrl\":\"https:\\\/\\\/www.diariodeouropreto.com.br\\\/wp-content\\\/uploads\\\/2026\\\/03\\\/Captura-de-tela-2026-03-13-125230.jpg\",\"keywords\":[\"Legislativo\",\"Mariana\"],\"articleSection\":[\"Pol\u00edtica\"],\"inLanguage\":\"pt-PT\"},{\"@type\":\"WebPage\",\"@id\":\"https:\\\/\\\/www.diariodeouropreto.com.br\\\/camara-de-mariana-discute-apoio-a-maes-de-criancas-neurodiversas-e-pede-informacoes-sobre-desapropriacoes\\\/\",\"url\":\"https:\\\/\\\/www.diariodeouropreto.com.br\\\/camara-de-mariana-discute-apoio-a-maes-de-criancas-neurodiversas-e-pede-informacoes-sobre-desapropriacoes\\\/\",\"name\":\"C\u00e2mara de Mariana discute apoio a m\u00e3es de crian\u00e7as neurodiversas e pede informa\u00e7\u00f5es sobre desapropria\u00e7\u00f5es - Di\u00e1rio de Ouro Preto\",\"isPartOf\":{\"@id\":\"https:\\\/\\\/www.diariodeouropreto.com.br\\\/pt\\\/#website\"},\"primaryImageOfPage\":{\"@id\":\"https:\\\/\\\/www.diariodeouropreto.com.br\\\/camara-de-mariana-discute-apoio-a-maes-de-criancas-neurodiversas-e-pede-informacoes-sobre-desapropriacoes\\\/#primaryimage\"},\"image\":{\"@id\":\"https:\\\/\\\/www.diariodeouropreto.com.br\\\/camara-de-mariana-discute-apoio-a-maes-de-criancas-neurodiversas-e-pede-informacoes-sobre-desapropriacoes\\\/#primaryimage\"},\"thumbnailUrl\":\"https:\\\/\\\/www.diariodeouropreto.com.br\\\/wp-content\\\/uploads\\\/2026\\\/03\\\/Captura-de-tela-2026-03-13-125230.jpg\",\"datePublished\":\"2026-03-13T15:57:25+00:00\",\"dateModified\":\"2026-03-13T15:57:33+00:00\",\"description\":\"Reuni\u00e3o ordin\u00e1ria tamb\u00e9m apresentou projetos voltados ao com\u00e9rcio nos distritos, turismo e garantias a trabalhadores terceirizados- C\u00e2mara de Mariana discute apoio a m\u00e3es de crian\u00e7as neurodiversas e pede informa\u00e7\u00f5es sobre desapropria\u00e7\u00f5es - Pol\u00edtica\",\"breadcrumb\":{\"@id\":\"https:\\\/\\\/www.diariodeouropreto.com.br\\\/camara-de-mariana-discute-apoio-a-maes-de-criancas-neurodiversas-e-pede-informacoes-sobre-desapropriacoes\\\/#breadcrumb\"},\"inLanguage\":\"pt-PT\",\"potentialAction\":[{\"@type\":\"ReadAction\",\"target\":[\"https:\\\/\\\/www.diariodeouropreto.com.br\\\/camara-de-mariana-discute-apoio-a-maes-de-criancas-neurodiversas-e-pede-informacoes-sobre-desapropriacoes\\\/\"]}]},{\"@type\":\"ImageObject\",\"inLanguage\":\"pt-PT\",\"@id\":\"https:\\\/\\\/www.diariodeouropreto.com.br\\\/camara-de-mariana-discute-apoio-a-maes-de-criancas-neurodiversas-e-pede-informacoes-sobre-desapropriacoes\\\/#primaryimage\",\"url\":\"https:\\\/\\\/www.diariodeouropreto.com.br\\\/wp-content\\\/uploads\\\/2026\\\/03\\\/Captura-de-tela-2026-03-13-125230.jpg\",\"contentUrl\":\"https:\\\/\\\/www.diariodeouropreto.com.br\\\/wp-content\\\/uploads\\\/2026\\\/03\\\/Captura-de-tela-2026-03-13-125230.jpg\",\"width\":1200,\"height\":675},{\"@type\":\"BreadcrumbList\",\"@id\":\"https:\\\/\\\/www.diariodeouropreto.com.br\\\/camara-de-mariana-discute-apoio-a-maes-de-criancas-neurodiversas-e-pede-informacoes-sobre-desapropriacoes\\\/#breadcrumb\",\"itemListElement\":[{\"@type\":\"ListItem\",\"position\":1,\"name\":\"In\u00edcio\",\"item\":\"https:\\\/\\\/www.diariodeouropreto.com.br\\\/pt\\\/\"},{\"@type\":\"ListItem\",\"position\":2,\"name\":\"C\u00e2mara de Mariana discute apoio a m\u00e3es de crian\u00e7as neurodiversas e pede informa\u00e7\u00f5es sobre desapropria\u00e7\u00f5es\"}]},{\"@type\":\"WebSite\",\"@id\":\"https:\\\/\\\/www.diariodeouropreto.com.br\\\/pt\\\/#website\",\"url\":\"https:\\\/\\\/www.diariodeouropreto.com.br\\\/pt\\\/\",\"name\":\"Di\u00e1rio de Ouro Preto\",\"description\":\"Not\u00edcias Ouro Preto; Mariana;Minas Gerais;Jornal;Jornalismo;Not\u00edcias;\",\"publisher\":{\"@id\":\"https:\\\/\\\/www.diariodeouropreto.com.br\\\/pt\\\/#organization\"},\"alternateName\":\"Jornal di\u00e1rio de Ouro Preto\",\"potentialAction\":[{\"@type\":\"SearchAction\",\"target\":{\"@type\":\"EntryPoint\",\"urlTemplate\":\"https:\\\/\\\/www.diariodeouropreto.com.br\\\/pt\\\/?s={search_term_string}\"},\"query-input\":{\"@type\":\"PropertyValueSpecification\",\"valueRequired\":true,\"valueName\":\"search_term_string\"}}],\"inLanguage\":\"pt-PT\"},{\"@type\":\"Organization\",\"@id\":\"https:\\\/\\\/www.diariodeouropreto.com.br\\\/pt\\\/#organization\",\"name\":\"Di\u00e1rio de Ouro Preto\",\"alternateName\":\"Jornal di\u00e1rio Ouro Preto\",\"url\":\"https:\\\/\\\/www.diariodeouropreto.com.br\\\/pt\\\/\",\"logo\":{\"@type\":\"ImageObject\",\"inLanguage\":\"pt-PT\",\"@id\":\"https:\\\/\\\/www.diariodeouropreto.com.br\\\/pt\\\/#\\\/schema\\\/logo\\\/image\\\/\",\"url\":\"https:\\\/\\\/www.diariodeouropreto.com.br\\\/wp-content\\\/uploads\\\/2019\\\/06\\\/cropped-logotransp-2.png\",\"contentUrl\":\"https:\\\/\\\/www.diariodeouropreto.com.br\\\/wp-content\\\/uploads\\\/2019\\\/06\\\/cropped-logotransp-2.png\",\"width\":1323,\"height\":251,\"caption\":\"Di\u00e1rio de Ouro Preto\"},\"image\":{\"@id\":\"https:\\\/\\\/www.diariodeouropreto.com.br\\\/pt\\\/#\\\/schema\\\/logo\\\/image\\\/\"},\"sameAs\":[\"https:\\\/\\\/www.facebook.com\\\/diariodeouropreto\\\/\"]},{\"@type\":\"Person\",\"@id\":\"https:\\\/\\\/www.diariodeouropreto.com.br\\\/pt\\\/#\\\/schema\\\/person\\\/ef41b20286de4cc33a3185837ba72af6\",\"name\":\"Davi Saporetti\",\"url\":\"https:\\\/\\\/www.diariodeouropreto.com.br\\\/pt\\\/author\\\/davi-saporetti\\\/\"}]}<\/script>\n<!-- \/ Yoast SEO plugin. -->","yoast_head_json":{"title":"C\u00e2mara de Mariana discute apoio a m\u00e3es de crian\u00e7as neurodiversas e pede informa\u00e7\u00f5es sobre desapropria\u00e7\u00f5es - Di\u00e1rio de Ouro Preto","description":"Reuni\u00e3o ordin\u00e1ria tamb\u00e9m apresentou projetos voltados ao com\u00e9rcio nos distritos, turismo e garantias a trabalhadores terceirizados- C\u00e2mara de Mariana discute apoio a m\u00e3es de crian\u00e7as neurodiversas e pede informa\u00e7\u00f5es sobre desapropria\u00e7\u00f5es - Pol\u00edtica","robots":{"index":"index","follow":"follow","max-snippet":"max-snippet:-1","max-image-preview":"max-image-preview:large","max-video-preview":"max-video-preview:-1"},"canonical":"https:\/\/www.diariodeouropreto.com.br\/pt\/camara-de-mariana-discute-apoio-a-maes-de-criancas-neurodiversas-e-pede-informacoes-sobre-desapropriacoes\/","og_locale":"pt_PT","og_type":"article","og_title":"C\u00e2mara de Mariana discute apoio a m\u00e3es de crian\u00e7as neurodiversas e pede informa\u00e7\u00f5es sobre desapropria\u00e7\u00f5es - Di\u00e1rio de Ouro Preto","og_description":"Reuni\u00e3o ordin\u00e1ria tamb\u00e9m apresentou projetos voltados ao com\u00e9rcio nos distritos, turismo e garantias a trabalhadores terceirizados- C\u00e2mara de Mariana discute apoio a m\u00e3es de crian\u00e7as neurodiversas e pede informa\u00e7\u00f5es sobre desapropria\u00e7\u00f5es - Pol\u00edtica","og_url":"https:\/\/www.diariodeouropreto.com.br\/pt\/camara-de-mariana-discute-apoio-a-maes-de-criancas-neurodiversas-e-pede-informacoes-sobre-desapropriacoes\/","og_site_name":"Di\u00e1rio de Ouro Preto","article_publisher":"https:\/\/www.facebook.com\/diariodeouropreto\/","article_published_time":"2026-03-13T15:57:25+00:00","article_modified_time":"2026-03-13T15:57:33+00:00","og_image":[{"width":1200,"height":675,"url":"https:\/\/www.diariodeouropreto.com.br\/wp-content\/uploads\/2026\/03\/Captura-de-tela-2026-03-13-125230.jpg","type":"image\/jpeg"}],"author":"Davi Saporetti","twitter_card":"summary_large_image","twitter_misc":{"Escrito por":"Davi Saporetti","Tempo estimado de leitura":"3 minutos"},"schema":{"@context":"https:\/\/schema.org","@graph":[{"@type":"Article","@id":"https:\/\/www.diariodeouropreto.com.br\/camara-de-mariana-discute-apoio-a-maes-de-criancas-neurodiversas-e-pede-informacoes-sobre-desapropriacoes\/#article","isPartOf":{"@id":"https:\/\/www.diariodeouropreto.com.br\/camara-de-mariana-discute-apoio-a-maes-de-criancas-neurodiversas-e-pede-informacoes-sobre-desapropriacoes\/"},"author":{"name":"Davi Saporetti","@id":"https:\/\/www.diariodeouropreto.com.br\/pt\/#\/schema\/person\/ef41b20286de4cc33a3185837ba72af6"},"headline":"C\u00e2mara de Mariana discute apoio a m\u00e3es de crian\u00e7as neurodiversas e pede informa\u00e7\u00f5es sobre desapropria\u00e7\u00f5es","datePublished":"2026-03-13T15:57:25+00:00","dateModified":"2026-03-13T15:57:33+00:00","mainEntityOfPage":{"@id":"https:\/\/www.diariodeouropreto.com.br\/camara-de-mariana-discute-apoio-a-maes-de-criancas-neurodiversas-e-pede-informacoes-sobre-desapropriacoes\/"},"wordCount":489,"publisher":{"@id":"https:\/\/www.diariodeouropreto.com.br\/pt\/#organization"},"image":{"@id":"https:\/\/www.diariodeouropreto.com.br\/camara-de-mariana-discute-apoio-a-maes-de-criancas-neurodiversas-e-pede-informacoes-sobre-desapropriacoes\/#primaryimage"},"thumbnailUrl":"https:\/\/www.diariodeouropreto.com.br\/wp-content\/uploads\/2026\/03\/Captura-de-tela-2026-03-13-125230.jpg","keywords":["Legislativo","Mariana"],"articleSection":["Pol\u00edtica"],"inLanguage":"pt-PT"},{"@type":"WebPage","@id":"https:\/\/www.diariodeouropreto.com.br\/camara-de-mariana-discute-apoio-a-maes-de-criancas-neurodiversas-e-pede-informacoes-sobre-desapropriacoes\/","url":"https:\/\/www.diariodeouropreto.com.br\/camara-de-mariana-discute-apoio-a-maes-de-criancas-neurodiversas-e-pede-informacoes-sobre-desapropriacoes\/","name":"C\u00e2mara de Mariana discute apoio a m\u00e3es de crian\u00e7as neurodiversas e pede informa\u00e7\u00f5es sobre desapropria\u00e7\u00f5es - Di\u00e1rio de Ouro Preto","isPartOf":{"@id":"https:\/\/www.diariodeouropreto.com.br\/pt\/#website"},"primaryImageOfPage":{"@id":"https:\/\/www.diariodeouropreto.com.br\/camara-de-mariana-discute-apoio-a-maes-de-criancas-neurodiversas-e-pede-informacoes-sobre-desapropriacoes\/#primaryimage"},"image":{"@id":"https:\/\/www.diariodeouropreto.com.br\/camara-de-mariana-discute-apoio-a-maes-de-criancas-neurodiversas-e-pede-informacoes-sobre-desapropriacoes\/#primaryimage"},"thumbnailUrl":"https:\/\/www.diariodeouropreto.com.br\/wp-content\/uploads\/2026\/03\/Captura-de-tela-2026-03-13-125230.jpg","datePublished":"2026-03-13T15:57:25+00:00","dateModified":"2026-03-13T15:57:33+00:00","description":"Reuni\u00e3o ordin\u00e1ria tamb\u00e9m apresentou projetos voltados ao com\u00e9rcio nos distritos, turismo e garantias a trabalhadores terceirizados- C\u00e2mara de Mariana discute apoio a m\u00e3es de crian\u00e7as neurodiversas e pede informa\u00e7\u00f5es sobre desapropria\u00e7\u00f5es - Pol\u00edtica","breadcrumb":{"@id":"https:\/\/www.diariodeouropreto.com.br\/camara-de-mariana-discute-apoio-a-maes-de-criancas-neurodiversas-e-pede-informacoes-sobre-desapropriacoes\/#breadcrumb"},"inLanguage":"pt-PT","potentialAction":[{"@type":"ReadAction","target":["https:\/\/www.diariodeouropreto.com.br\/camara-de-mariana-discute-apoio-a-maes-de-criancas-neurodiversas-e-pede-informacoes-sobre-desapropriacoes\/"]}]},{"@type":"ImageObject","inLanguage":"pt-PT","@id":"https:\/\/www.diariodeouropreto.com.br\/camara-de-mariana-discute-apoio-a-maes-de-criancas-neurodiversas-e-pede-informacoes-sobre-desapropriacoes\/#primaryimage","url":"https:\/\/www.diariodeouropreto.com.br\/wp-content\/uploads\/2026\/03\/Captura-de-tela-2026-03-13-125230.jpg","contentUrl":"https:\/\/www.diariodeouropreto.com.br\/wp-content\/uploads\/2026\/03\/Captura-de-tela-2026-03-13-125230.jpg","width":1200,"height":675},{"@type":"BreadcrumbList","@id":"https:\/\/www.diariodeouropreto.com.br\/camara-de-mariana-discute-apoio-a-maes-de-criancas-neurodiversas-e-pede-informacoes-sobre-desapropriacoes\/#breadcrumb","itemListElement":[{"@type":"ListItem","position":1,"name":"In\u00edcio","item":"https:\/\/www.diariodeouropreto.com.br\/pt\/"},{"@type":"ListItem","position":2,"name":"C\u00e2mara de Mariana discute apoio a m\u00e3es de crian\u00e7as neurodiversas e pede informa\u00e7\u00f5es sobre desapropria\u00e7\u00f5es"}]},{"@type":"WebSite","@id":"https:\/\/www.diariodeouropreto.com.br\/pt\/#website","url":"https:\/\/www.diariodeouropreto.com.br\/pt\/","name":"Di\u00e1rio de Ouro Preto","description":"Not\u00edcias Ouro Preto; Mariana;Minas Gerais;Jornal;Jornalismo;Not\u00edcias;","publisher":{"@id":"https:\/\/www.diariodeouropreto.com.br\/pt\/#organization"},"alternateName":"Jornal di\u00e1rio de Ouro Preto","potentialAction":[{"@type":"SearchAction","target":{"@type":"EntryPoint","urlTemplate":"https:\/\/www.diariodeouropreto.com.br\/pt\/?s={search_term_string}"},"query-input":{"@type":"PropertyValueSpecification","valueRequired":true,"valueName":"search_term_string"}}],"inLanguage":"pt-PT"},{"@type":"Organization","@id":"https:\/\/www.diariodeouropreto.com.br\/pt\/#organization","name":"Di\u00e1rio de Ouro Preto","alternateName":"Jornal di\u00e1rio Ouro Preto","url":"https:\/\/www.diariodeouropreto.com.br\/pt\/","logo":{"@type":"ImageObject","inLanguage":"pt-PT","@id":"https:\/\/www.diariodeouropreto.com.br\/pt\/#\/schema\/logo\/image\/","url":"https:\/\/www.diariodeouropreto.com.br\/wp-content\/uploads\/2019\/06\/cropped-logotransp-2.png","contentUrl":"https:\/\/www.diariodeouropreto.com.br\/wp-content\/uploads\/2019\/06\/cropped-logotransp-2.png","width":1323,"height":251,"caption":"Di\u00e1rio de Ouro Preto"},"image":{"@id":"https:\/\/www.diariodeouropreto.com.br\/pt\/#\/schema\/logo\/image\/"},"sameAs":["https:\/\/www.facebook.com\/diariodeouropreto\/"]},{"@type":"Person","@id":"https:\/\/www.diariodeouropreto.com.br\/pt\/#\/schema\/person\/ef41b20286de4cc33a3185837ba72af6","name":"Davi Saporetti","url":"https:\/\/www.diariodeouropreto.com.br\/pt\/author\/davi-saporetti\/"}]}},"jetpack_publicize_connections":[],"jetpack_featured_media_url":"https:\/\/www.diariodeouropreto.com.br\/wp-content\/uploads\/2026\/03\/Captura-de-tela-2026-03-13-125230.jpg","jetpack-related-posts":[{"id":50223,"url":"https:\/\/www.diariodeouropreto.com.br\/pt\/camara-de-mariana-realiza-primeira-reuniao-ordinaria-de-2026-2\/","url_meta":{"origin":50872,"position":0},"title":"C\u00e2mara de Mariana realiza primeira reuni\u00e3o ordin\u00e1ria de 2026","author":"Davi Saporetti","date":"6 de Fevereiro de 2026","format":false,"excerpt":"A C\u00e2mara Municipal de Mariana realizou, na \u00faltima segunda-feira (02), a 1\u00aa Reuni\u00e3o Ordin\u00e1ria do ano, dando in\u00edcio aos trabalhos legislativos com aprecia\u00e7\u00e3o de projetos de lei, requerimentos, indica\u00e7\u00f5es ao Executivo e mo\u00e7\u00f5es. A sess\u00e3o foi aberta ap\u00f3s verifica\u00e7\u00e3o do n\u00famero regimental e seguiu a ordem prevista no regimento interno.\u2026","rel":"","context":"In &quot;Pol\u00edtica&quot;","block_context":{"text":"Pol\u00edtica","link":"https:\/\/www.diariodeouropreto.com.br\/pt\/Editoria\/politica\/"},"img":{"alt_text":"","src":"https:\/\/i0.wp.com\/www.diariodeouropreto.com.br\/wp-content\/uploads\/2026\/02\/Captura-de-tela-2026-02-03-200310-1.jpg?resize=350%2C200&ssl=1","width":350,"height":200,"srcset":"https:\/\/i0.wp.com\/www.diariodeouropreto.com.br\/wp-content\/uploads\/2026\/02\/Captura-de-tela-2026-02-03-200310-1.jpg?resize=350%2C200&ssl=1 1x, https:\/\/i0.wp.com\/www.diariodeouropreto.com.br\/wp-content\/uploads\/2026\/02\/Captura-de-tela-2026-02-03-200310-1.jpg?resize=525%2C300&ssl=1 1.5x, https:\/\/i0.wp.com\/www.diariodeouropreto.com.br\/wp-content\/uploads\/2026\/02\/Captura-de-tela-2026-02-03-200310-1.jpg?resize=700%2C400&ssl=1 2x, https:\/\/i0.wp.com\/www.diariodeouropreto.com.br\/wp-content\/uploads\/2026\/02\/Captura-de-tela-2026-02-03-200310-1.jpg?resize=1050%2C600&ssl=1 3x"},"classes":[]},{"id":50173,"url":"https:\/\/www.diariodeouropreto.com.br\/pt\/camara-de-mariana-realiza-primeira-reuniao-ordinaria-de-2026\/","url_meta":{"origin":50872,"position":1},"title":"C\u00e2mara de Mariana realiza primeira reuni\u00e3o ordin\u00e1ria de 2026","author":"Davi Saporetti","date":"4 de Fevereiro de 2026","format":false,"excerpt":"Sess\u00e3o marcou o in\u00edcio dos trabalhos legislativos do ano com vota\u00e7\u00f5es, requerimentos, indica\u00e7\u00f5es e homenagens A C\u00e2mara Municipal de Mariana realizou, na \u00faltima segunda-feira (02), a 1\u00aa Reuni\u00e3o Ordin\u00e1ria do ano, dando in\u00edcio aos trabalhos legislativos com aprecia\u00e7\u00e3o de projetos de lei, requerimentos, indica\u00e7\u00f5es ao Executivo e mo\u00e7\u00f5es. A sess\u00e3o\u2026","rel":"","context":"In &quot;Pol\u00edtica&quot;","block_context":{"text":"Pol\u00edtica","link":"https:\/\/www.diariodeouropreto.com.br\/pt\/Editoria\/politica\/"},"img":{"alt_text":"","src":"https:\/\/i0.wp.com\/www.diariodeouropreto.com.br\/wp-content\/uploads\/2026\/02\/Captura-de-tela-2026-02-03-200310.jpg?resize=350%2C200&ssl=1","width":350,"height":200,"srcset":"https:\/\/i0.wp.com\/www.diariodeouropreto.com.br\/wp-content\/uploads\/2026\/02\/Captura-de-tela-2026-02-03-200310.jpg?resize=350%2C200&ssl=1 1x, https:\/\/i0.wp.com\/www.diariodeouropreto.com.br\/wp-content\/uploads\/2026\/02\/Captura-de-tela-2026-02-03-200310.jpg?resize=525%2C300&ssl=1 1.5x, https:\/\/i0.wp.com\/www.diariodeouropreto.com.br\/wp-content\/uploads\/2026\/02\/Captura-de-tela-2026-02-03-200310.jpg?resize=700%2C400&ssl=1 2x, https:\/\/i0.wp.com\/www.diariodeouropreto.com.br\/wp-content\/uploads\/2026\/02\/Captura-de-tela-2026-02-03-200310.jpg?resize=1050%2C600&ssl=1 3x"},"classes":[]},{"id":49329,"url":"https:\/\/www.diariodeouropreto.com.br\/pt\/camara-de-mariana-aprova-projetos-requerimentos-e-debate-ocupacoes-irregulares-em-reuniao-ordinaria\/","url_meta":{"origin":50872,"position":2},"title":"C\u00e2mara de Mariana aprova projetos, requerimentos e debate ocupa\u00e7\u00f5es irregulares em reuni\u00e3o ordin\u00e1ria","author":"Davi Saporetti","date":"16 de Dezembro de 2025","format":false,"excerpt":"Sess\u00e3o tratou de reajuste salarial dos servidores, calend\u00e1rio oficial de eventos, ades\u00e3o a cons\u00f3rcios intermunicipais e mudan\u00e7as no C\u00f3digo Ambiental do munic\u00edpio A C\u00e2mara Municipal de Mariana realizou, na \u00faltima segunda-feira (15), a 43\u00aa Reuni\u00e3o Ordin\u00e1ria com a aprecia\u00e7\u00e3o de requerimentos, projetos de lei e mo\u00e7\u00f5es, abordando temas administrativos, sociais,\u2026","rel":"","context":"In &quot;Pol\u00edtica&quot;","block_context":{"text":"Pol\u00edtica","link":"https:\/\/www.diariodeouropreto.com.br\/pt\/Editoria\/politica\/"},"img":{"alt_text":"","src":"https:\/\/i0.wp.com\/www.diariodeouropreto.com.br\/wp-content\/uploads\/2025\/12\/Captura-de-tela-2025-12-16-104427.jpg?resize=350%2C200&ssl=1","width":350,"height":200,"srcset":"https:\/\/i0.wp.com\/www.diariodeouropreto.com.br\/wp-content\/uploads\/2025\/12\/Captura-de-tela-2025-12-16-104427.jpg?resize=350%2C200&ssl=1 1x, https:\/\/i0.wp.com\/www.diariodeouropreto.com.br\/wp-content\/uploads\/2025\/12\/Captura-de-tela-2025-12-16-104427.jpg?resize=525%2C300&ssl=1 1.5x, https:\/\/i0.wp.com\/www.diariodeouropreto.com.br\/wp-content\/uploads\/2025\/12\/Captura-de-tela-2025-12-16-104427.jpg?resize=700%2C400&ssl=1 2x, https:\/\/i0.wp.com\/www.diariodeouropreto.com.br\/wp-content\/uploads\/2025\/12\/Captura-de-tela-2025-12-16-104427.jpg?resize=1050%2C600&ssl=1 3x"},"classes":[]},{"id":51340,"url":"https:\/\/www.diariodeouropreto.com.br\/pt\/camara-de-mariana-aprova-incentivo-financeiro-a-agentes-de-saude-em-reuniao-ordinaria\/","url_meta":{"origin":50872,"position":3},"title":"C\u00e2mara de Mariana aprova incentivo financeiro a agentes de sa\u00fade em reuni\u00e3o ordin\u00e1ria","author":"Davi Saporetti","date":"31 de Mar\u00e7o de 2026","format":false,"excerpt":"14\u00ba sal\u00e1rio para agentes comunit\u00e1rios de sa\u00fade e combate a endemias entra em pauta no Plen\u00e1rio A C\u00e2mara Municipal de Mariana aprovou, em reuni\u00e3o ordin\u00e1ria, o Projeto de Lei n\u00ba 92\/2026, que autoriza o repasse de incentivo financeiro complementar aos agentes comunit\u00e1rios de sa\u00fade e aos agentes de combate \u00e0s\u2026","rel":"","context":"In &quot;Pol\u00edtica&quot;","block_context":{"text":"Pol\u00edtica","link":"https:\/\/www.diariodeouropreto.com.br\/pt\/Editoria\/politica\/"},"img":{"alt_text":"","src":"https:\/\/i0.wp.com\/www.diariodeouropreto.com.br\/wp-content\/uploads\/2026\/03\/Captura-de-tela-2026-03-31-112205.jpg?resize=350%2C200&ssl=1","width":350,"height":200,"srcset":"https:\/\/i0.wp.com\/www.diariodeouropreto.com.br\/wp-content\/uploads\/2026\/03\/Captura-de-tela-2026-03-31-112205.jpg?resize=350%2C200&ssl=1 1x, https:\/\/i0.wp.com\/www.diariodeouropreto.com.br\/wp-content\/uploads\/2026\/03\/Captura-de-tela-2026-03-31-112205.jpg?resize=525%2C300&ssl=1 1.5x, https:\/\/i0.wp.com\/www.diariodeouropreto.com.br\/wp-content\/uploads\/2026\/03\/Captura-de-tela-2026-03-31-112205.jpg?resize=700%2C400&ssl=1 2x, https:\/\/i0.wp.com\/www.diariodeouropreto.com.br\/wp-content\/uploads\/2026\/03\/Captura-de-tela-2026-03-31-112205.jpg?resize=1050%2C600&ssl=1 3x"},"classes":[]},{"id":50754,"url":"https:\/\/www.diariodeouropreto.com.br\/pt\/camara-de-mariana-discute-moradia-e-apresenta-campanha-da-fraternidade-2026-em-reuniao-ordinaria\/","url_meta":{"origin":50872,"position":4},"title":"C\u00e2mara de Mariana discute moradia e apresenta Campanha da Fraternidade 2026 em reuni\u00e3o ordin\u00e1ria","author":"Davi Saporetti","date":"6 de Mar\u00e7o de 2026","format":false,"excerpt":"Tema da campanha da Igreja Cat\u00f3lica, \u201cFraternidade e Moradia\u201d, foi apresentado na tribuna livre e abriu debate sobre habita\u00e7\u00e3o e desigualdade social A C\u00e2mara Municipal de Mariana realizou, na segunda-feira (2), a 5\u00aa Reuni\u00e3o Ordin\u00e1ria de 2026, marcada pela apresenta\u00e7\u00e3o da Campanha da Fraternidade 2026 e pela discuss\u00e3o de projetos\u2026","rel":"","context":"In &quot;Pol\u00edtica&quot;","block_context":{"text":"Pol\u00edtica","link":"https:\/\/www.diariodeouropreto.com.br\/pt\/Editoria\/politica\/"},"img":{"alt_text":"","src":"https:\/\/i0.wp.com\/www.diariodeouropreto.com.br\/wp-content\/uploads\/2026\/03\/Captura-de-tela-2026-03-05-164226.jpg?resize=350%2C200&ssl=1","width":350,"height":200,"srcset":"https:\/\/i0.wp.com\/www.diariodeouropreto.com.br\/wp-content\/uploads\/2026\/03\/Captura-de-tela-2026-03-05-164226.jpg?resize=350%2C200&ssl=1 1x, https:\/\/i0.wp.com\/www.diariodeouropreto.com.br\/wp-content\/uploads\/2026\/03\/Captura-de-tela-2026-03-05-164226.jpg?resize=525%2C300&ssl=1 1.5x, https:\/\/i0.wp.com\/www.diariodeouropreto.com.br\/wp-content\/uploads\/2026\/03\/Captura-de-tela-2026-03-05-164226.jpg?resize=700%2C400&ssl=1 2x, https:\/\/i0.wp.com\/www.diariodeouropreto.com.br\/wp-content\/uploads\/2026\/03\/Captura-de-tela-2026-03-05-164226.jpg?resize=1050%2C600&ssl=1 3x"},"classes":[]},{"id":51829,"url":"https:\/\/www.diariodeouropreto.com.br\/pt\/desapropriacoes-em-passagem-dominam-debate-na-camara-de-mariana\/","url_meta":{"origin":50872,"position":5},"title":"Desapropria\u00e7\u00f5es em Passagem dominam debate na C\u00e2mara de Mariana","author":"Di\u00e1rio de Ouro Preto","date":"17 de Abril de 2026","format":false,"excerpt":"Vereadores cobram di\u00e1logo com o Estado, defendem moradores da Vila S\u00e3o Vicente e prop\u00f5em audi\u00eancia p\u00fablica para tratar da duplica\u00e7\u00e3o Na 11\u00aa Reuni\u00e3o Ordin\u00e1ria da C\u00e2mara Municipal de Mariana, realizada na \u00faltima segunda-feira (13), o principal tema debatido em plen\u00e1rio foi a poss\u00edvel desapropria\u00e7\u00e3o de moradores na regi\u00e3o de Passagem\u2026","rel":"","context":"In &quot;Pol\u00edtica&quot;","block_context":{"text":"Pol\u00edtica","link":"https:\/\/www.diariodeouropreto.com.br\/pt\/Editoria\/politica\/"},"img":{"alt_text":"","src":"https:\/\/i0.wp.com\/www.diariodeouropreto.com.br\/wp-content\/uploads\/2026\/04\/Captura-de-tela-2026-04-16-114141.jpg?resize=350%2C200&ssl=1","width":350,"height":200,"srcset":"https:\/\/i0.wp.com\/www.diariodeouropreto.com.br\/wp-content\/uploads\/2026\/04\/Captura-de-tela-2026-04-16-114141.jpg?resize=350%2C200&ssl=1 1x, https:\/\/i0.wp.com\/www.diariodeouropreto.com.br\/wp-content\/uploads\/2026\/04\/Captura-de-tela-2026-04-16-114141.jpg?resize=525%2C300&ssl=1 1.5x, https:\/\/i0.wp.com\/www.diariodeouropreto.com.br\/wp-content\/uploads\/2026\/04\/Captura-de-tela-2026-04-16-114141.jpg?resize=700%2C400&ssl=1 2x, https:\/\/i0.wp.com\/www.diariodeouropreto.com.br\/wp-content\/uploads\/2026\/04\/Captura-de-tela-2026-04-16-114141.jpg?resize=1050%2C600&ssl=1 3x"},"classes":[]}],"jetpack_sharing_enabled":true,"amp_enabled":true,"_links":{"self":[{"href":"https:\/\/www.diariodeouropreto.com.br\/pt\/wp-json\/wp\/v2\/posts\/50872","targetHints":{"allow":["GET"]}}],"collection":[{"href":"https:\/\/www.diariodeouropreto.com.br\/pt\/wp-json\/wp\/v2\/posts"}],"about":[{"href":"https:\/\/www.diariodeouropreto.com.br\/pt\/wp-json\/wp\/v2\/types\/post"}],"author":[{"embeddable":true,"href":"https:\/\/www.diariodeouropreto.com.br\/pt\/wp-json\/wp\/v2\/users\/6"}],"replies":[{"embeddable":true,"href":"https:\/\/www.diariodeouropreto.com.br\/pt\/wp-json\/wp\/v2\/comments?post=50872"}],"version-history":[{"count":1,"href":"https:\/\/www.diariodeouropreto.com.br\/pt\/wp-json\/wp\/v2\/posts\/50872\/revisions"}],"predecessor-version":[{"id":50874,"href":"https:\/\/www.diariodeouropreto.com.br\/pt\/wp-json\/wp\/v2\/posts\/50872\/revisions\/50874"}],"wp:featuredmedia":[{"embeddable":true,"href":"https:\/\/www.diariodeouropreto.com.br\/pt\/wp-json\/wp\/v2\/media\/50873"}],"wp:attachment":[{"href":"https:\/\/www.diariodeouropreto.com.br\/pt\/wp-json\/wp\/v2\/media?parent=50872"}],"wp:term":[{"taxonomy":"category","embeddable":true,"href":"https:\/\/www.diariodeouropreto.com.br\/pt\/wp-json\/wp\/v2\/categories?post=50872"},{"taxonomy":"post_tag","embeddable":true,"href":"https:\/\/www.diariodeouropreto.com.br\/pt\/wp-json\/wp\/v2\/tags?post=50872"}],"curies":[{"name":"wp","href":"https:\/\/api.w.org\/{rel}","templated":true}]}}