{"id":50869,"date":"2026-03-13T12:28:35","date_gmt":"2026-03-13T15:28:35","guid":{"rendered":"https:\/\/www.diariodeouropreto.com.br\/?p=50869"},"modified":"2026-03-13T12:30:29","modified_gmt":"2026-03-13T15:30:29","slug":"protesto-por-demolicao-de-casas-em-mariana-provoca-bloqueio-de-rodovia-e-reflexos-no-transito-de-ouro-preto","status":"publish","type":"post","link":"https:\/\/www.diariodeouropreto.com.br\/pt\/protesto-por-demolicao-de-casas-em-mariana-provoca-bloqueio-de-rodovia-e-reflexos-no-transito-de-ouro-preto\/","title":{"rendered":"Protesto por demoli\u00e7\u00e3o de casas em Mariana provoca bloqueio de rodovia e reflexos no tr\u00e2nsito de Ouro Preto"},"content":{"rendered":"<p><strong>\u00a0Manifesta\u00e7\u00e3o ap\u00f3s remo\u00e7\u00e3o de constru\u00e7\u00f5es irregulares no bairro S\u00e3o Crist\u00f3v\u00e3o fechou estrada que leva \u00e0s mineradoras e levou ve\u00edculos a utilizarem rota proibida por decreto na Estrada da Purifica\u00e7\u00e3o<\/strong><\/p>\n\n\n\n<p>Uma manifesta\u00e7\u00e3o realizada na manh\u00e3 de ter\u00e7a-feira, 10 de mar\u00e7o, em Mariana, provocou bloqueios no tr\u00e2nsito da cidade e reflexos diretos na mobilidade entre os munic\u00edpios da regi\u00e3o dos Inconfidentes, especialmente em Ouro Preto. O protesto ocorreu no bairro S\u00e3o Crist\u00f3v\u00e3o e interditou a rodovia MG-129, ap\u00f3s a demoli\u00e7\u00e3o de constru\u00e7\u00f5es erguidas em uma \u00e1rea de ocupa\u00e7\u00e3o irregular.<\/p>\n\n\n\n<p>A mobiliza\u00e7\u00e3o come\u00e7ou ainda durante a madrugada, quando manifestantes utilizaram entulhos e barricadas para impedir a passagem de ve\u00edculos, principalmente no sentido das mineradoras e da regi\u00e3o do Gogo. O bloqueio gerou congestionamentos, atrasos no transporte de trabalhadores e impactos direto na mobilidade da cidade.<\/p>\n\n\n\n<p>O protesto foi motivado pela a\u00e7\u00e3o da Prefeitura de Mariana realizada na tarde do dia anterior, quando equipes municipais demoliram mais de uma dezena de constru\u00e7\u00f5es erguidas em uma \u00e1rea p\u00fablica no bairro S\u00e3o Crist\u00f3v\u00e3o. Segundo a administra\u00e7\u00e3o municipal, o local \u00e9 classificado como \u00e1rea de preserva\u00e7\u00e3o permanente e apresenta riscos de eros\u00e3o, alagamentos e deslizamentos. De acordo com o munic\u00edpio, parte das estruturas demolidas ainda estava em fase de constru\u00e7\u00e3o e havia ind\u00edcios de venda irregular de terrenos na \u00e1rea. Em alguns casos, moradores teriam adquirido lotes acreditando que estavam comprando propriedades regularizadas.<\/p>\n\n\n\n<p>O prefeito de Mariana, Juliano Duarte, afirmou que a interven\u00e7\u00e3o teve como objetivo impedir a consolida\u00e7\u00e3o de ocupa\u00e7\u00f5es em uma \u00e1rea considerada de risco e pertencente ao poder p\u00fablico. Segundo ele, a prefeitura precisa agir para evitar que moradores sejam expostos a situa\u00e7\u00f5es de perigo e para impedir a comercializa\u00e7\u00e3o ilegal de terrenos municipais.<\/p>\n\n\n\n<p>A demoli\u00e7\u00e3o reacendeu o debate sobre a crise habitacional no munic\u00edpio. O crescimento da atividade mineradora e a chegada de trabalhadores tempor\u00e1rios aumentaram a demanda por moradia na cidade, pressionando o mercado imobili\u00e1rio e contribuindo para o surgimento de ocupa\u00e7\u00f5es irregulares. Estimativas apresentadas em debates p\u00fablicos apontam que Mariana enfrenta um d\u00e9ficit habitacional que pode chegar a milhares de moradias, cen\u00e1rio que intensifica conflitos envolvendo ocupa\u00e7\u00f5es urbanas e acesso \u00e0 moradia.<\/p>\n\n\n\n<p>O bloqueio da rodovia tamb\u00e9m teve impacto em cidades vizinhas. Com o tr\u00e2nsito interrompido em Mariana, parte dos ve\u00edculos que transportam trabalhadores das mineradoras buscou rotas alternativas, incluindo a Estrada da Purifica\u00e7\u00e3o, que liga Ouro Preto ao distrito de Ant\u00f4nio Pereira.<\/p>\n\n\n\n<p>No entanto, a via possui restri\u00e7\u00e3o para ve\u00edculos de grande porte. O Decreto Municipal n\u00ba 8.047, de 24 de outubro de 2023, pro\u00edbe a circula\u00e7\u00e3o de ve\u00edculos oriundos de empresas mineradoras, \u00f4nibus ligados \u00e0 atividade e caminh\u00f5es com capacidade superior a sete toneladas na estrada, justamente por se tratar de uma via estreita e de uso predominantemente local.<\/p>\n\n\n\n<p>Durante reuni\u00e3o recente da C\u00e2mara Municipal de Ouro Preto, o vereador Wemerson Tit\u00e3o denunciou que a restri\u00e7\u00e3o teria sido ignorada durante o bloqueio provocado pela manifesta\u00e7\u00e3o em Mariana.<\/p>\n\n\n\n<p>(\u201c&#8230;um decreto onde pro\u00edbe a passagem de ve\u00edculos de grande porte na Estrada da Purifica\u00e7\u00e3o, e hoje devido a paralisa\u00e7\u00e3o que teve em Mariana, tem v\u00eddeo de v\u00e1rios e v\u00e1rios \u00f4nibus passando pela Estrada da Purifica\u00e7\u00e3o. L\u00e1 tem c\u00e2meras e a gente tem que punir essas empresas. Foram v\u00e1rios \u00f4nibus das mineradoras usando a estrada, uma vez que tem um decreto que pro\u00edbe a passagem ali. Foram caminh\u00f5es, carros 4&#215;4 e mais de 30 \u00f4nibus passando por ali.\u201d)<\/p>\n\n\n\n<div id=\"110712\" class=\"advads-saneouro advads-entity-placement\" style=\"margin-left: auto;margin-right: auto;text-align: center;\"><a href=\"https:\/\/www.saneouro.com.br\/\" target=\"_blank\" aria-label=\"DOP_Site\" data-wpel-link=\"external\" rel=\"follow external noopener noreferrer sponsored ugc\"><img src=\"https:\/\/www.diariodeouropreto.com.br\/wp-content\/uploads\/2026\/04\/DOP_Site.jpg\" alt=\"\"  srcset=\"https:\/\/www.diariodeouropreto.com.br\/wp-content\/uploads\/2026\/04\/DOP_Site.jpg 301w, https:\/\/www.diariodeouropreto.com.br\/wp-content\/uploads\/2026\/04\/DOP_Site-180x150.jpg 180w, https:\/\/www.diariodeouropreto.com.br\/wp-content\/uploads\/2026\/04\/DOP_Site-14x12.jpg 14w\" sizes=\"(max-width: 301px) 100vw, 301px\" width=\"301\" height=\"251\"  style=\"display: inline-block;\" \/><\/a><\/div><p>Segundo o vereador, a circula\u00e7\u00e3o de \u00f4nibus e ve\u00edculos pesados em uma estrada estreita e com limita\u00e7\u00f5es estruturais representa risco para moradores e motoristas que utilizam a via diariamente.<\/p>\n\n\n\n<div id=\"50321\" class=\"advads-plantao advads-entity-placement\"><a href=\"https:\/\/www.diariodeouropreto.com.br\/pt\/\" target=\"_blank\" aria-label=\"site &#8211; noticia\" data-wpel-link=\"external\" rel=\"follow external noopener noreferrer sponsored ugc\"><img src=\"https:\/\/www.diariodeouropreto.com.br\/wp-content\/uploads\/2019\/09\/titulosite2-e1616373489755.jpg\" alt=\"\"  srcset=\"https:\/\/www.diariodeouropreto.com.br\/wp-content\/uploads\/2019\/09\/titulosite2-e1616373489755.jpg 1200w, https:\/\/www.diariodeouropreto.com.br\/wp-content\/uploads\/2019\/09\/titulosite2-e1616373489755-150x38.jpg 150w, https:\/\/www.diariodeouropreto.com.br\/wp-content\/uploads\/2019\/09\/titulosite2-e1616373489755-660x167.jpg 660w, https:\/\/www.diariodeouropreto.com.br\/wp-content\/uploads\/2019\/09\/titulosite2-e1616373489755-768x194.jpg 768w, https:\/\/www.diariodeouropreto.com.br\/wp-content\/uploads\/2019\/09\/titulosite2-e1616373489755-1000x252.jpg 1000w, https:\/\/www.diariodeouropreto.com.br\/wp-content\/uploads\/2019\/09\/titulosite2-e1616373489755-1536x388.jpg 1536w, https:\/\/www.diariodeouropreto.com.br\/wp-content\/uploads\/2019\/09\/titulosite2-e1616373489755-2048x517.jpg 2048w\" sizes=\"(max-width: 1200px) 100vw, 1200px\" width=\"1200\" height=\"303\"  style=\"display: inline-block;\" \/><\/a><\/div><p>Enquanto a situa\u00e7\u00e3o em Mariana reacende o debate sobre moradia e planejamento urbano, os impactos do protesto tamb\u00e9m evidenciam como conflitos urbanos em um munic\u00edpio podem gerar efeitos imediatos em cidades vizinhas da regi\u00e3o dos Inconfidentes, especialmente em rotas utilizadas por trabalhadores e empresas do setor minerador. <\/p>","protected":false},"excerpt":{"rendered":"<p>\u00a0Manifesta\u00e7\u00e3o ap\u00f3s remo\u00e7\u00e3o de constru\u00e7\u00f5es irregulares no bairro S\u00e3o Crist\u00f3v\u00e3o fechou estrada que leva \u00e0s mineradoras e levou ve\u00edculos a utilizarem rota proibida por decreto na Estrada da Purifica\u00e7\u00e3o Uma manifesta\u00e7\u00e3o realizada na manh\u00e3 de ter\u00e7a-feira, 10 de mar\u00e7o, em Mariana, provocou bloqueios no tr\u00e2nsito da cidade e reflexos diretos<span class=\"more-link\"><a href=\"https:\/\/www.diariodeouropreto.com.br\/pt\/protesto-por-demolicao-de-casas-em-mariana-provoca-bloqueio-de-rodovia-e-reflexos-no-transito-de-ouro-preto\/\" data-wpel-link=\"internal\">Continue Lendo<\/a><\/span><\/p>","protected":false},"author":6,"featured_media":7482,"comment_status":"closed","ping_status":"closed","sticky":false,"template":"","format":"standard","meta":{"_jetpack_memberships_contains_paid_content":false,"footnotes":"","jetpack_publicize_message":" Manifesta\u00e7\u00e3o ap\u00f3s remo\u00e7\u00e3o de constru\u00e7\u00f5es irregulares no bairro S\u00e3o Crist\u00f3v\u00e3o fechou estrada que leva \u00e0s mineradoras e levou ve\u00edculos a utilizarem rota proibida por decreto na Estrada da Purifica\u00e7\u00e3o","jetpack_publicize_feature_enabled":true,"jetpack_social_post_already_shared":false,"jetpack_social_options":{"image_generator_settings":{"template":"highway","default_image_id":0,"font":"","enabled":false},"version":2}},"categories":[824],"tags":[],"class_list":["entry","author-davi-saporetti","post-50869","post","type-post","status-publish","format-standard","has-post-thumbnail","category-geral"],"yoast_head":"<!-- This site is optimized with the Yoast SEO plugin v27.5 - https:\/\/yoast.com\/product\/yoast-seo-wordpress\/ -->\n<title>Protesto por demoli\u00e7\u00e3o de casas em Mariana provoca bloqueio de rodovia e reflexos no tr\u00e2nsito de Ouro Preto - Di\u00e1rio de Ouro Preto<\/title>\n<meta name=\"description\" content=\"Manifesta\u00e7\u00e3o ap\u00f3s remo\u00e7\u00e3o de constru\u00e7\u00f5es irregulares no bairro S\u00e3o Crist\u00f3v\u00e3o fechou estrada que leva \u00e0s mineradoras e levou ve\u00edculos a utilizarem rota proibida por decreto na Estrada da Purifica\u00e7\u00e3o- Protesto por demoli\u00e7\u00e3o de casas em Mariana provoca bloqueio de rodovia e reflexos no tr\u00e2nsito de Ouro Preto - Geral\" \/>\n<meta name=\"robots\" content=\"index, follow, max-snippet:-1, max-image-preview:large, max-video-preview:-1\" \/>\n<link rel=\"canonical\" href=\"https:\/\/www.diariodeouropreto.com.br\/pt\/protesto-por-demolicao-de-casas-em-mariana-provoca-bloqueio-de-rodovia-e-reflexos-no-transito-de-ouro-preto\/\" \/>\n<meta property=\"og:locale\" content=\"pt_PT\" \/>\n<meta property=\"og:type\" content=\"article\" \/>\n<meta property=\"og:title\" content=\"Protesto por demoli\u00e7\u00e3o de casas em Mariana provoca bloqueio de rodovia e reflexos no tr\u00e2nsito de Ouro Preto - Di\u00e1rio de Ouro Preto\" \/>\n<meta property=\"og:description\" content=\"Manifesta\u00e7\u00e3o ap\u00f3s remo\u00e7\u00e3o de constru\u00e7\u00f5es irregulares no bairro S\u00e3o Crist\u00f3v\u00e3o fechou estrada que leva \u00e0s mineradoras e levou ve\u00edculos a utilizarem rota proibida por decreto na Estrada da Purifica\u00e7\u00e3o- Protesto por demoli\u00e7\u00e3o de casas em Mariana provoca bloqueio de rodovia e reflexos no tr\u00e2nsito de Ouro Preto - Geral\" \/>\n<meta property=\"og:url\" content=\"https:\/\/www.diariodeouropreto.com.br\/pt\/protesto-por-demolicao-de-casas-em-mariana-provoca-bloqueio-de-rodovia-e-reflexos-no-transito-de-ouro-preto\/\" \/>\n<meta property=\"og:site_name\" content=\"Di\u00e1rio de Ouro Preto\" \/>\n<meta property=\"article:publisher\" content=\"https:\/\/www.facebook.com\/diariodeouropreto\/\" \/>\n<meta property=\"article:published_time\" content=\"2026-03-13T15:28:35+00:00\" \/>\n<meta property=\"article:modified_time\" content=\"2026-03-13T15:30:29+00:00\" \/>\n<meta property=\"og:image\" content=\"https:\/\/www.diariodeouropreto.com.br\/wp-content\/uploads\/2021\/04\/capa-noticia-geral-1-e1617740501646.png\" \/>\n\t<meta property=\"og:image:width\" content=\"600\" \/>\n\t<meta property=\"og:image:height\" content=\"300\" \/>\n\t<meta property=\"og:image:type\" content=\"image\/png\" \/>\n<meta name=\"author\" content=\"Davi Saporetti\" \/>\n<meta name=\"twitter:card\" content=\"summary_large_image\" \/>\n<meta name=\"twitter:label1\" content=\"Escrito por\" \/>\n\t<meta name=\"twitter:data1\" content=\"Davi Saporetti\" \/>\n\t<meta name=\"twitter:label2\" content=\"Tempo estimado de leitura\" \/>\n\t<meta name=\"twitter:data2\" content=\"4 minutos\" \/>\n<script type=\"application\/ld+json\" class=\"yoast-schema-graph\">{\"@context\":\"https:\\\/\\\/schema.org\",\"@graph\":[{\"@type\":\"Article\",\"@id\":\"https:\\\/\\\/www.diariodeouropreto.com.br\\\/protesto-por-demolicao-de-casas-em-mariana-provoca-bloqueio-de-rodovia-e-reflexos-no-transito-de-ouro-preto\\\/#article\",\"isPartOf\":{\"@id\":\"https:\\\/\\\/www.diariodeouropreto.com.br\\\/protesto-por-demolicao-de-casas-em-mariana-provoca-bloqueio-de-rodovia-e-reflexos-no-transito-de-ouro-preto\\\/\"},\"author\":{\"name\":\"Davi Saporetti\",\"@id\":\"https:\\\/\\\/www.diariodeouropreto.com.br\\\/pt\\\/#\\\/schema\\\/person\\\/ef41b20286de4cc33a3185837ba72af6\"},\"headline\":\"Protesto por demoli\u00e7\u00e3o de casas em Mariana provoca bloqueio de rodovia e reflexos no tr\u00e2nsito de Ouro Preto\",\"datePublished\":\"2026-03-13T15:28:35+00:00\",\"dateModified\":\"2026-03-13T15:30:29+00:00\",\"mainEntityOfPage\":{\"@id\":\"https:\\\/\\\/www.diariodeouropreto.com.br\\\/protesto-por-demolicao-de-casas-em-mariana-provoca-bloqueio-de-rodovia-e-reflexos-no-transito-de-ouro-preto\\\/\"},\"wordCount\":732,\"publisher\":{\"@id\":\"https:\\\/\\\/www.diariodeouropreto.com.br\\\/pt\\\/#organization\"},\"image\":{\"@id\":\"https:\\\/\\\/www.diariodeouropreto.com.br\\\/protesto-por-demolicao-de-casas-em-mariana-provoca-bloqueio-de-rodovia-e-reflexos-no-transito-de-ouro-preto\\\/#primaryimage\"},\"thumbnailUrl\":\"https:\\\/\\\/www.diariodeouropreto.com.br\\\/wp-content\\\/uploads\\\/2021\\\/04\\\/capa-noticia-geral-1-e1617740501646.png\",\"articleSection\":[\"Geral\"],\"inLanguage\":\"pt-PT\"},{\"@type\":\"WebPage\",\"@id\":\"https:\\\/\\\/www.diariodeouropreto.com.br\\\/protesto-por-demolicao-de-casas-em-mariana-provoca-bloqueio-de-rodovia-e-reflexos-no-transito-de-ouro-preto\\\/\",\"url\":\"https:\\\/\\\/www.diariodeouropreto.com.br\\\/protesto-por-demolicao-de-casas-em-mariana-provoca-bloqueio-de-rodovia-e-reflexos-no-transito-de-ouro-preto\\\/\",\"name\":\"Protesto por demoli\u00e7\u00e3o de casas em Mariana provoca bloqueio de rodovia e reflexos no tr\u00e2nsito de Ouro Preto - Di\u00e1rio de Ouro Preto\",\"isPartOf\":{\"@id\":\"https:\\\/\\\/www.diariodeouropreto.com.br\\\/pt\\\/#website\"},\"primaryImageOfPage\":{\"@id\":\"https:\\\/\\\/www.diariodeouropreto.com.br\\\/protesto-por-demolicao-de-casas-em-mariana-provoca-bloqueio-de-rodovia-e-reflexos-no-transito-de-ouro-preto\\\/#primaryimage\"},\"image\":{\"@id\":\"https:\\\/\\\/www.diariodeouropreto.com.br\\\/protesto-por-demolicao-de-casas-em-mariana-provoca-bloqueio-de-rodovia-e-reflexos-no-transito-de-ouro-preto\\\/#primaryimage\"},\"thumbnailUrl\":\"https:\\\/\\\/www.diariodeouropreto.com.br\\\/wp-content\\\/uploads\\\/2021\\\/04\\\/capa-noticia-geral-1-e1617740501646.png\",\"datePublished\":\"2026-03-13T15:28:35+00:00\",\"dateModified\":\"2026-03-13T15:30:29+00:00\",\"description\":\"Manifesta\u00e7\u00e3o ap\u00f3s remo\u00e7\u00e3o de constru\u00e7\u00f5es irregulares no bairro S\u00e3o Crist\u00f3v\u00e3o fechou estrada que leva \u00e0s mineradoras e levou ve\u00edculos a utilizarem rota proibida por decreto na Estrada da Purifica\u00e7\u00e3o- Protesto por demoli\u00e7\u00e3o de casas em Mariana provoca bloqueio de rodovia e reflexos no tr\u00e2nsito de Ouro Preto - Geral\",\"breadcrumb\":{\"@id\":\"https:\\\/\\\/www.diariodeouropreto.com.br\\\/protesto-por-demolicao-de-casas-em-mariana-provoca-bloqueio-de-rodovia-e-reflexos-no-transito-de-ouro-preto\\\/#breadcrumb\"},\"inLanguage\":\"pt-PT\",\"potentialAction\":[{\"@type\":\"ReadAction\",\"target\":[\"https:\\\/\\\/www.diariodeouropreto.com.br\\\/protesto-por-demolicao-de-casas-em-mariana-provoca-bloqueio-de-rodovia-e-reflexos-no-transito-de-ouro-preto\\\/\"]}]},{\"@type\":\"ImageObject\",\"inLanguage\":\"pt-PT\",\"@id\":\"https:\\\/\\\/www.diariodeouropreto.com.br\\\/protesto-por-demolicao-de-casas-em-mariana-provoca-bloqueio-de-rodovia-e-reflexos-no-transito-de-ouro-preto\\\/#primaryimage\",\"url\":\"https:\\\/\\\/www.diariodeouropreto.com.br\\\/wp-content\\\/uploads\\\/2021\\\/04\\\/capa-noticia-geral-1-e1617740501646.png\",\"contentUrl\":\"https:\\\/\\\/www.diariodeouropreto.com.br\\\/wp-content\\\/uploads\\\/2021\\\/04\\\/capa-noticia-geral-1-e1617740501646.png\",\"width\":600,\"height\":300},{\"@type\":\"BreadcrumbList\",\"@id\":\"https:\\\/\\\/www.diariodeouropreto.com.br\\\/protesto-por-demolicao-de-casas-em-mariana-provoca-bloqueio-de-rodovia-e-reflexos-no-transito-de-ouro-preto\\\/#breadcrumb\",\"itemListElement\":[{\"@type\":\"ListItem\",\"position\":1,\"name\":\"In\u00edcio\",\"item\":\"https:\\\/\\\/www.diariodeouropreto.com.br\\\/pt\\\/\"},{\"@type\":\"ListItem\",\"position\":2,\"name\":\"Protesto por demoli\u00e7\u00e3o de casas em Mariana provoca bloqueio de rodovia e reflexos no tr\u00e2nsito de Ouro Preto\"}]},{\"@type\":\"WebSite\",\"@id\":\"https:\\\/\\\/www.diariodeouropreto.com.br\\\/pt\\\/#website\",\"url\":\"https:\\\/\\\/www.diariodeouropreto.com.br\\\/pt\\\/\",\"name\":\"Di\u00e1rio de Ouro Preto\",\"description\":\"Not\u00edcias Ouro Preto; Mariana;Minas Gerais;Jornal;Jornalismo;Not\u00edcias;\",\"publisher\":{\"@id\":\"https:\\\/\\\/www.diariodeouropreto.com.br\\\/pt\\\/#organization\"},\"alternateName\":\"Jornal di\u00e1rio de Ouro Preto\",\"potentialAction\":[{\"@type\":\"SearchAction\",\"target\":{\"@type\":\"EntryPoint\",\"urlTemplate\":\"https:\\\/\\\/www.diariodeouropreto.com.br\\\/pt\\\/?s={search_term_string}\"},\"query-input\":{\"@type\":\"PropertyValueSpecification\",\"valueRequired\":true,\"valueName\":\"search_term_string\"}}],\"inLanguage\":\"pt-PT\"},{\"@type\":\"Organization\",\"@id\":\"https:\\\/\\\/www.diariodeouropreto.com.br\\\/pt\\\/#organization\",\"name\":\"Di\u00e1rio de Ouro Preto\",\"alternateName\":\"Jornal di\u00e1rio Ouro Preto\",\"url\":\"https:\\\/\\\/www.diariodeouropreto.com.br\\\/pt\\\/\",\"logo\":{\"@type\":\"ImageObject\",\"inLanguage\":\"pt-PT\",\"@id\":\"https:\\\/\\\/www.diariodeouropreto.com.br\\\/pt\\\/#\\\/schema\\\/logo\\\/image\\\/\",\"url\":\"https:\\\/\\\/www.diariodeouropreto.com.br\\\/wp-content\\\/uploads\\\/2019\\\/06\\\/cropped-logotransp-2.png\",\"contentUrl\":\"https:\\\/\\\/www.diariodeouropreto.com.br\\\/wp-content\\\/uploads\\\/2019\\\/06\\\/cropped-logotransp-2.png\",\"width\":1323,\"height\":251,\"caption\":\"Di\u00e1rio de Ouro Preto\"},\"image\":{\"@id\":\"https:\\\/\\\/www.diariodeouropreto.com.br\\\/pt\\\/#\\\/schema\\\/logo\\\/image\\\/\"},\"sameAs\":[\"https:\\\/\\\/www.facebook.com\\\/diariodeouropreto\\\/\"]},{\"@type\":\"Person\",\"@id\":\"https:\\\/\\\/www.diariodeouropreto.com.br\\\/pt\\\/#\\\/schema\\\/person\\\/ef41b20286de4cc33a3185837ba72af6\",\"name\":\"Davi Saporetti\",\"url\":\"https:\\\/\\\/www.diariodeouropreto.com.br\\\/pt\\\/author\\\/davi-saporetti\\\/\"}]}<\/script>\n<!-- \/ Yoast SEO plugin. -->","yoast_head_json":{"title":"Protesto por demoli\u00e7\u00e3o de casas em Mariana provoca bloqueio de rodovia e reflexos no tr\u00e2nsito de Ouro Preto - Di\u00e1rio de Ouro Preto","description":"Manifesta\u00e7\u00e3o ap\u00f3s remo\u00e7\u00e3o de constru\u00e7\u00f5es irregulares no bairro S\u00e3o Crist\u00f3v\u00e3o fechou estrada que leva \u00e0s mineradoras e levou ve\u00edculos a utilizarem rota proibida por decreto na Estrada da Purifica\u00e7\u00e3o- Protesto por demoli\u00e7\u00e3o de casas em Mariana provoca bloqueio de rodovia e reflexos no tr\u00e2nsito de Ouro Preto - Geral","robots":{"index":"index","follow":"follow","max-snippet":"max-snippet:-1","max-image-preview":"max-image-preview:large","max-video-preview":"max-video-preview:-1"},"canonical":"https:\/\/www.diariodeouropreto.com.br\/pt\/protesto-por-demolicao-de-casas-em-mariana-provoca-bloqueio-de-rodovia-e-reflexos-no-transito-de-ouro-preto\/","og_locale":"pt_PT","og_type":"article","og_title":"Protesto por demoli\u00e7\u00e3o de casas em Mariana provoca bloqueio de rodovia e reflexos no tr\u00e2nsito de Ouro Preto - Di\u00e1rio de Ouro Preto","og_description":"Manifesta\u00e7\u00e3o ap\u00f3s remo\u00e7\u00e3o de constru\u00e7\u00f5es irregulares no bairro S\u00e3o Crist\u00f3v\u00e3o fechou estrada que leva \u00e0s mineradoras e levou ve\u00edculos a utilizarem rota proibida por decreto na Estrada da Purifica\u00e7\u00e3o- Protesto por demoli\u00e7\u00e3o de casas em Mariana provoca bloqueio de rodovia e reflexos no tr\u00e2nsito de Ouro Preto - Geral","og_url":"https:\/\/www.diariodeouropreto.com.br\/pt\/protesto-por-demolicao-de-casas-em-mariana-provoca-bloqueio-de-rodovia-e-reflexos-no-transito-de-ouro-preto\/","og_site_name":"Di\u00e1rio de Ouro Preto","article_publisher":"https:\/\/www.facebook.com\/diariodeouropreto\/","article_published_time":"2026-03-13T15:28:35+00:00","article_modified_time":"2026-03-13T15:30:29+00:00","og_image":[{"width":600,"height":300,"url":"https:\/\/www.diariodeouropreto.com.br\/wp-content\/uploads\/2021\/04\/capa-noticia-geral-1-e1617740501646.png","type":"image\/png"}],"author":"Davi Saporetti","twitter_card":"summary_large_image","twitter_misc":{"Escrito por":"Davi Saporetti","Tempo estimado de leitura":"4 minutos"},"schema":{"@context":"https:\/\/schema.org","@graph":[{"@type":"Article","@id":"https:\/\/www.diariodeouropreto.com.br\/protesto-por-demolicao-de-casas-em-mariana-provoca-bloqueio-de-rodovia-e-reflexos-no-transito-de-ouro-preto\/#article","isPartOf":{"@id":"https:\/\/www.diariodeouropreto.com.br\/protesto-por-demolicao-de-casas-em-mariana-provoca-bloqueio-de-rodovia-e-reflexos-no-transito-de-ouro-preto\/"},"author":{"name":"Davi Saporetti","@id":"https:\/\/www.diariodeouropreto.com.br\/pt\/#\/schema\/person\/ef41b20286de4cc33a3185837ba72af6"},"headline":"Protesto por demoli\u00e7\u00e3o de casas em Mariana provoca bloqueio de rodovia e reflexos no tr\u00e2nsito de Ouro Preto","datePublished":"2026-03-13T15:28:35+00:00","dateModified":"2026-03-13T15:30:29+00:00","mainEntityOfPage":{"@id":"https:\/\/www.diariodeouropreto.com.br\/protesto-por-demolicao-de-casas-em-mariana-provoca-bloqueio-de-rodovia-e-reflexos-no-transito-de-ouro-preto\/"},"wordCount":732,"publisher":{"@id":"https:\/\/www.diariodeouropreto.com.br\/pt\/#organization"},"image":{"@id":"https:\/\/www.diariodeouropreto.com.br\/protesto-por-demolicao-de-casas-em-mariana-provoca-bloqueio-de-rodovia-e-reflexos-no-transito-de-ouro-preto\/#primaryimage"},"thumbnailUrl":"https:\/\/www.diariodeouropreto.com.br\/wp-content\/uploads\/2021\/04\/capa-noticia-geral-1-e1617740501646.png","articleSection":["Geral"],"inLanguage":"pt-PT"},{"@type":"WebPage","@id":"https:\/\/www.diariodeouropreto.com.br\/protesto-por-demolicao-de-casas-em-mariana-provoca-bloqueio-de-rodovia-e-reflexos-no-transito-de-ouro-preto\/","url":"https:\/\/www.diariodeouropreto.com.br\/protesto-por-demolicao-de-casas-em-mariana-provoca-bloqueio-de-rodovia-e-reflexos-no-transito-de-ouro-preto\/","name":"Protesto por demoli\u00e7\u00e3o de casas em Mariana provoca bloqueio de rodovia e reflexos no tr\u00e2nsito de Ouro Preto - Di\u00e1rio de Ouro Preto","isPartOf":{"@id":"https:\/\/www.diariodeouropreto.com.br\/pt\/#website"},"primaryImageOfPage":{"@id":"https:\/\/www.diariodeouropreto.com.br\/protesto-por-demolicao-de-casas-em-mariana-provoca-bloqueio-de-rodovia-e-reflexos-no-transito-de-ouro-preto\/#primaryimage"},"image":{"@id":"https:\/\/www.diariodeouropreto.com.br\/protesto-por-demolicao-de-casas-em-mariana-provoca-bloqueio-de-rodovia-e-reflexos-no-transito-de-ouro-preto\/#primaryimage"},"thumbnailUrl":"https:\/\/www.diariodeouropreto.com.br\/wp-content\/uploads\/2021\/04\/capa-noticia-geral-1-e1617740501646.png","datePublished":"2026-03-13T15:28:35+00:00","dateModified":"2026-03-13T15:30:29+00:00","description":"Manifesta\u00e7\u00e3o ap\u00f3s remo\u00e7\u00e3o de constru\u00e7\u00f5es irregulares no bairro S\u00e3o Crist\u00f3v\u00e3o fechou estrada que leva \u00e0s mineradoras e levou ve\u00edculos a utilizarem rota proibida por decreto na Estrada da Purifica\u00e7\u00e3o- Protesto por demoli\u00e7\u00e3o de casas em Mariana provoca bloqueio de rodovia e reflexos no tr\u00e2nsito de Ouro Preto - Geral","breadcrumb":{"@id":"https:\/\/www.diariodeouropreto.com.br\/protesto-por-demolicao-de-casas-em-mariana-provoca-bloqueio-de-rodovia-e-reflexos-no-transito-de-ouro-preto\/#breadcrumb"},"inLanguage":"pt-PT","potentialAction":[{"@type":"ReadAction","target":["https:\/\/www.diariodeouropreto.com.br\/protesto-por-demolicao-de-casas-em-mariana-provoca-bloqueio-de-rodovia-e-reflexos-no-transito-de-ouro-preto\/"]}]},{"@type":"ImageObject","inLanguage":"pt-PT","@id":"https:\/\/www.diariodeouropreto.com.br\/protesto-por-demolicao-de-casas-em-mariana-provoca-bloqueio-de-rodovia-e-reflexos-no-transito-de-ouro-preto\/#primaryimage","url":"https:\/\/www.diariodeouropreto.com.br\/wp-content\/uploads\/2021\/04\/capa-noticia-geral-1-e1617740501646.png","contentUrl":"https:\/\/www.diariodeouropreto.com.br\/wp-content\/uploads\/2021\/04\/capa-noticia-geral-1-e1617740501646.png","width":600,"height":300},{"@type":"BreadcrumbList","@id":"https:\/\/www.diariodeouropreto.com.br\/protesto-por-demolicao-de-casas-em-mariana-provoca-bloqueio-de-rodovia-e-reflexos-no-transito-de-ouro-preto\/#breadcrumb","itemListElement":[{"@type":"ListItem","position":1,"name":"In\u00edcio","item":"https:\/\/www.diariodeouropreto.com.br\/pt\/"},{"@type":"ListItem","position":2,"name":"Protesto por demoli\u00e7\u00e3o de casas em Mariana provoca bloqueio de rodovia e reflexos no tr\u00e2nsito de Ouro Preto"}]},{"@type":"WebSite","@id":"https:\/\/www.diariodeouropreto.com.br\/pt\/#website","url":"https:\/\/www.diariodeouropreto.com.br\/pt\/","name":"Di\u00e1rio de Ouro Preto","description":"Not\u00edcias Ouro Preto; Mariana;Minas Gerais;Jornal;Jornalismo;Not\u00edcias;","publisher":{"@id":"https:\/\/www.diariodeouropreto.com.br\/pt\/#organization"},"alternateName":"Jornal di\u00e1rio de Ouro Preto","potentialAction":[{"@type":"SearchAction","target":{"@type":"EntryPoint","urlTemplate":"https:\/\/www.diariodeouropreto.com.br\/pt\/?s={search_term_string}"},"query-input":{"@type":"PropertyValueSpecification","valueRequired":true,"valueName":"search_term_string"}}],"inLanguage":"pt-PT"},{"@type":"Organization","@id":"https:\/\/www.diariodeouropreto.com.br\/pt\/#organization","name":"Di\u00e1rio de Ouro Preto","alternateName":"Jornal di\u00e1rio Ouro Preto","url":"https:\/\/www.diariodeouropreto.com.br\/pt\/","logo":{"@type":"ImageObject","inLanguage":"pt-PT","@id":"https:\/\/www.diariodeouropreto.com.br\/pt\/#\/schema\/logo\/image\/","url":"https:\/\/www.diariodeouropreto.com.br\/wp-content\/uploads\/2019\/06\/cropped-logotransp-2.png","contentUrl":"https:\/\/www.diariodeouropreto.com.br\/wp-content\/uploads\/2019\/06\/cropped-logotransp-2.png","width":1323,"height":251,"caption":"Di\u00e1rio de Ouro Preto"},"image":{"@id":"https:\/\/www.diariodeouropreto.com.br\/pt\/#\/schema\/logo\/image\/"},"sameAs":["https:\/\/www.facebook.com\/diariodeouropreto\/"]},{"@type":"Person","@id":"https:\/\/www.diariodeouropreto.com.br\/pt\/#\/schema\/person\/ef41b20286de4cc33a3185837ba72af6","name":"Davi Saporetti","url":"https:\/\/www.diariodeouropreto.com.br\/pt\/author\/davi-saporetti\/"}]}},"jetpack_publicize_connections":[],"jetpack_featured_media_url":"https:\/\/www.diariodeouropreto.com.br\/wp-content\/uploads\/2021\/04\/capa-noticia-geral-1-e1617740501646.png","jetpack-related-posts":[{"id":4405,"url":"https:\/\/www.diariodeouropreto.com.br\/pt\/segundo-dia-manifestacao-com-bloqueio-do-transito-de-veiculos-das-empresas-em-mariana\/","url_meta":{"origin":50869,"position":0},"title":"Segundo dia manifesta\u00e7\u00e3o com bloqueio do tr\u00e2nsito de ve\u00edculos das empresas em Mariana","author":"Di\u00e1rio de Ouro Preto","date":"28 de Julho de 2020","format":false,"excerpt":"Mariana- Mais uma manh\u00e3 com restri\u00e7\u00e3o de circula\u00e7\u00e3o para os ve\u00edculos de empresas terceirizadas e das mineradoras na altura do bairro S\u00e3o Crist\u00f3v\u00e3o. Os carros particulares est\u00e3o sendo liberados para seguirem viagem, mas os \u00f4nibus e carros de empresas est\u00e3o sendo barrados. O prefeito em exerc\u00edcio, Newton Godoy se reuniu\u2026","rel":"","context":"In &quot;Mariana&quot;","block_context":{"text":"Mariana","link":"https:\/\/www.diariodeouropreto.com.br\/pt\/Editoria\/mariana\/"},"img":{"alt_text":"","src":"https:\/\/i0.wp.com\/www.diariodeouropreto.com.br\/wp-content\/uploads\/2020\/07\/WhatsApp-Image-2020-07-28-at-07.21.54.jpeg?resize=350%2C200&ssl=1","width":350,"height":200,"srcset":"https:\/\/i0.wp.com\/www.diariodeouropreto.com.br\/wp-content\/uploads\/2020\/07\/WhatsApp-Image-2020-07-28-at-07.21.54.jpeg?resize=350%2C200&ssl=1 1x, https:\/\/i0.wp.com\/www.diariodeouropreto.com.br\/wp-content\/uploads\/2020\/07\/WhatsApp-Image-2020-07-28-at-07.21.54.jpeg?resize=525%2C300&ssl=1 1.5x, https:\/\/i0.wp.com\/www.diariodeouropreto.com.br\/wp-content\/uploads\/2020\/07\/WhatsApp-Image-2020-07-28-at-07.21.54.jpeg?resize=700%2C400&ssl=1 2x"},"classes":[]},{"id":19132,"url":"https:\/\/www.diariodeouropreto.com.br\/pt\/zema-manda-forcas-de-seguranca-estaduais-impedir-bloqueios-nas-estradas\/","url_meta":{"origin":50869,"position":1},"title":"Zema manda for\u00e7as de seguran\u00e7a estaduais impedir bloqueios nas estradas","author":"Di\u00e1rio de Ouro Preto","date":"1 de Novembro de 2022","format":false,"excerpt":"Victor Stutz, para o Di\u00e1rio de Ouro Preto O governador reeleito Romeu Zema, em atendimento \u00e0 decis\u00e3o do Supremo Tribunal Federal, decidiu colocar a Pol\u00edcia Militar em campo para coibir a manifesta\u00e7\u00e3o dos caminhoneiros bolsonaritas. Ele determinou que caminh\u00f5es e manifestantes que permanecerem promovendo bloqueios nas rodovias fossem multados e\u2026","rel":"","context":"In &quot;Minas Gerais&quot;","block_context":{"text":"Minas Gerais","link":"https:\/\/www.diariodeouropreto.com.br\/pt\/Editoria\/minas-gerais\/"},"img":{"alt_text":"","src":"https:\/\/i0.wp.com\/www.diariodeouropreto.com.br\/wp-content\/uploads\/2021\/04\/capa-noticia-geral-e1617738740372.png?resize=350%2C200&ssl=1","width":350,"height":200,"srcset":"https:\/\/i0.wp.com\/www.diariodeouropreto.com.br\/wp-content\/uploads\/2021\/04\/capa-noticia-geral-e1617738740372.png?resize=350%2C200&ssl=1 1x, https:\/\/i0.wp.com\/www.diariodeouropreto.com.br\/wp-content\/uploads\/2021\/04\/capa-noticia-geral-e1617738740372.png?resize=525%2C300&ssl=1 1.5x"},"classes":[]},{"id":15868,"url":"https:\/\/www.diariodeouropreto.com.br\/pt\/prefeitos-querem-que-mineradoras-custeiem-obras-de-3a-pista-na-mg-129\/","url_meta":{"origin":50869,"position":2},"title":"Prefeitos querem que mineradoras custeiem obras de 3\u00aa pista na  MG 129","author":"Di\u00e1rio de Ouro Preto","date":"23 de Maio de 2022","format":false,"excerpt":"Belo Horizonte - O prefeito Angelo Oswaldo, de Ouro Preto e o secret\u00e1rio executivo do F\u00f3rum de Prefeitos da Bacia do Rio Doce, Duarte J\u00fanior, participaram hoje, segunda-feira, 23, na Cidade Administrativa, de um encontro com Luiz Ot\u00e1vio Milagres, secret\u00e1rio adjunto de Planejamento e Gest\u00e3o de Minas Gerais. Eles foram\u2026","rel":"","context":"In &quot;Ouro Preto&quot;","block_context":{"text":"Ouro Preto","link":"https:\/\/www.diariodeouropreto.com.br\/pt\/Editoria\/ouro-preto\/"},"img":{"alt_text":"","src":"https:\/\/i0.wp.com\/www.diariodeouropreto.com.br\/wp-content\/uploads\/2019\/09\/titulosite4-e1616373972300.jpg?resize=350%2C200&ssl=1","width":350,"height":200,"srcset":"https:\/\/i0.wp.com\/www.diariodeouropreto.com.br\/wp-content\/uploads\/2019\/09\/titulosite4-e1616373972300.jpg?resize=350%2C200&ssl=1 1x, https:\/\/i0.wp.com\/www.diariodeouropreto.com.br\/wp-content\/uploads\/2019\/09\/titulosite4-e1616373972300.jpg?resize=525%2C300&ssl=1 1.5x, https:\/\/i0.wp.com\/www.diariodeouropreto.com.br\/wp-content\/uploads\/2019\/09\/titulosite4-e1616373972300.jpg?resize=700%2C400&ssl=1 2x, https:\/\/i0.wp.com\/www.diariodeouropreto.com.br\/wp-content\/uploads\/2019\/09\/titulosite4-e1616373972300.jpg?resize=1050%2C600&ssl=1 3x"},"classes":[]},{"id":23725,"url":"https:\/\/www.diariodeouropreto.com.br\/pt\/leleco-pimentel-realiza-audiencia-para-tratar-da-privatizacao-de-rodovias-mineiras-pelo-governo-do-estado\/","url_meta":{"origin":50869,"position":3},"title":"Privatiza\u00e7\u00e3o de rodovias mineiras \u00e9 criticada por lideran\u00e7as da regi\u00e3o durante audi\u00eancia P\u00fablica da ALMG","author":"Di\u00e1rio de Ouro Preto","date":"16 de Junho de 2023","format":false,"excerpt":"A Comiss\u00e3o de Participa\u00e7\u00e3o Popular da Assembleia Legislativa do Estado de Minas Gerais (ALMG) realizou nesta ter\u00e7a, 13\/06, uma audi\u00eancia p\u00fablica para tratar da privatiza\u00e7\u00e3o de rodovias pelo governo mineiro. No encontro, ficou n\u00edtida a insatisfa\u00e7\u00e3o de deputados, prefeitos, vereadores e outras lideran\u00e7as da maioria dos 11 munic\u00edpios atingidos pelo\u2026","rel":"","context":"In &quot;Pol\u00edtica&quot;","block_context":{"text":"Pol\u00edtica","link":"https:\/\/www.diariodeouropreto.com.br\/pt\/Editoria\/politica\/"},"img":{"alt_text":"","src":"https:\/\/i0.wp.com\/www.diariodeouropreto.com.br\/wp-content\/uploads\/2023\/06\/Willian-Dias.jpg?resize=350%2C200&ssl=1","width":350,"height":200,"srcset":"https:\/\/i0.wp.com\/www.diariodeouropreto.com.br\/wp-content\/uploads\/2023\/06\/Willian-Dias.jpg?resize=350%2C200&ssl=1 1x, https:\/\/i0.wp.com\/www.diariodeouropreto.com.br\/wp-content\/uploads\/2023\/06\/Willian-Dias.jpg?resize=525%2C300&ssl=1 1.5x, https:\/\/i0.wp.com\/www.diariodeouropreto.com.br\/wp-content\/uploads\/2023\/06\/Willian-Dias.jpg?resize=700%2C400&ssl=1 2x, https:\/\/i0.wp.com\/www.diariodeouropreto.com.br\/wp-content\/uploads\/2023\/06\/Willian-Dias.jpg?resize=1050%2C600&ssl=1 3x"},"classes":[]},{"id":26738,"url":"https:\/\/www.diariodeouropreto.com.br\/pt\/samarco-cumpriu-condicionante-57-da-loc-com-a-entrega-da-estrada-da-purificacao\/","url_meta":{"origin":50869,"position":4},"title":"Hoje: Samarco cumpriu condicionante 57 da LOC com a entrega da Estrada da Purifica\u00e7\u00e3o","author":"Di\u00e1rio de Ouro Preto","date":"17 de Novembro de 2023","format":false,"excerpt":"Ouro Preto - A Samarco entrega hoje o cal\u00e7amento da Estrada da Purifica\u00e7\u00e3o. O trecho que se inicia na serra de Ouro Preto, no Morro S\u00e3o Jo\u00e3o, se estende at\u00e9 a MG-129. O presidente da Samarco Rodrigo Vilela \u00e9 esperado para a solenidade que j\u00e1 tem presen\u00e7as confirmadas dos prefeitos\u2026","rel":"","context":"In &quot;Ouro Preto&quot;","block_context":{"text":"Ouro Preto","link":"https:\/\/www.diariodeouropreto.com.br\/pt\/Editoria\/ouro-preto\/"},"img":{"alt_text":"","src":"https:\/\/i0.wp.com\/www.diariodeouropreto.com.br\/wp-content\/uploads\/2023\/11\/IMG_20230930_150607941.jpg?resize=350%2C200&ssl=1","width":350,"height":200,"srcset":"https:\/\/i0.wp.com\/www.diariodeouropreto.com.br\/wp-content\/uploads\/2023\/11\/IMG_20230930_150607941.jpg?resize=350%2C200&ssl=1 1x, https:\/\/i0.wp.com\/www.diariodeouropreto.com.br\/wp-content\/uploads\/2023\/11\/IMG_20230930_150607941.jpg?resize=525%2C300&ssl=1 1.5x, https:\/\/i0.wp.com\/www.diariodeouropreto.com.br\/wp-content\/uploads\/2023\/11\/IMG_20230930_150607941.jpg?resize=700%2C400&ssl=1 2x, https:\/\/i0.wp.com\/www.diariodeouropreto.com.br\/wp-content\/uploads\/2023\/11\/IMG_20230930_150607941.jpg?resize=1050%2C600&ssl=1 3x"},"classes":[]},{"id":26976,"url":"https:\/\/www.diariodeouropreto.com.br\/pt\/amig-aciona-mp-para-mediar-a-retirada-de-carretas-de-minerio-das-rodovias-da-regiao\/","url_meta":{"origin":50869,"position":5},"title":"AMIG aciona MP para mediar a retirada de carretas de min\u00e9rio das rodovias da regi\u00e3o\u00a0","author":"Di\u00e1rio de Ouro Preto","date":"1 de Dezembro de 2023","format":false,"excerpt":"Belo Horizonte - Os prefeitos das cidades impactadas pelo tr\u00e2nsito intenso de carretas de min\u00e9rio se reuniram anteontem, 29\/11, com o procurador-geral de Justi\u00e7a Adjunto, Carlos Andr\u00e9 Mariani Bittencourt, que \u00e9 respons\u00e1vel pelo Centro Estadual de Autocomposi\u00e7\u00e3o de Conflitos e Seguran\u00e7a Jur\u00eddica (Compor) do Minist\u00e9rio P\u00fablico de Minas Gerais (MPMG).\u2026","rel":"","context":"In &quot;Manchete do dia&quot;","block_context":{"text":"Manchete do dia","link":"https:\/\/www.diariodeouropreto.com.br\/pt\/Editoria\/manchete-do-dia\/"},"img":{"alt_text":"","src":"https:\/\/i0.wp.com\/www.diariodeouropreto.com.br\/wp-content\/uploads\/2023\/12\/Reuniao-040-2.jpeg?resize=350%2C200&ssl=1","width":350,"height":200,"srcset":"https:\/\/i0.wp.com\/www.diariodeouropreto.com.br\/wp-content\/uploads\/2023\/12\/Reuniao-040-2.jpeg?resize=350%2C200&ssl=1 1x, https:\/\/i0.wp.com\/www.diariodeouropreto.com.br\/wp-content\/uploads\/2023\/12\/Reuniao-040-2.jpeg?resize=525%2C300&ssl=1 1.5x, https:\/\/i0.wp.com\/www.diariodeouropreto.com.br\/wp-content\/uploads\/2023\/12\/Reuniao-040-2.jpeg?resize=700%2C400&ssl=1 2x, https:\/\/i0.wp.com\/www.diariodeouropreto.com.br\/wp-content\/uploads\/2023\/12\/Reuniao-040-2.jpeg?resize=1050%2C600&ssl=1 3x"},"classes":[]}],"jetpack_sharing_enabled":true,"amp_enabled":true,"_links":{"self":[{"href":"https:\/\/www.diariodeouropreto.com.br\/pt\/wp-json\/wp\/v2\/posts\/50869","targetHints":{"allow":["GET"]}}],"collection":[{"href":"https:\/\/www.diariodeouropreto.com.br\/pt\/wp-json\/wp\/v2\/posts"}],"about":[{"href":"https:\/\/www.diariodeouropreto.com.br\/pt\/wp-json\/wp\/v2\/types\/post"}],"author":[{"embeddable":true,"href":"https:\/\/www.diariodeouropreto.com.br\/pt\/wp-json\/wp\/v2\/users\/6"}],"replies":[{"embeddable":true,"href":"https:\/\/www.diariodeouropreto.com.br\/pt\/wp-json\/wp\/v2\/comments?post=50869"}],"version-history":[{"count":2,"href":"https:\/\/www.diariodeouropreto.com.br\/pt\/wp-json\/wp\/v2\/posts\/50869\/revisions"}],"predecessor-version":[{"id":50871,"href":"https:\/\/www.diariodeouropreto.com.br\/pt\/wp-json\/wp\/v2\/posts\/50869\/revisions\/50871"}],"wp:featuredmedia":[{"embeddable":true,"href":"https:\/\/www.diariodeouropreto.com.br\/pt\/wp-json\/wp\/v2\/media\/7482"}],"wp:attachment":[{"href":"https:\/\/www.diariodeouropreto.com.br\/pt\/wp-json\/wp\/v2\/media?parent=50869"}],"wp:term":[{"taxonomy":"category","embeddable":true,"href":"https:\/\/www.diariodeouropreto.com.br\/pt\/wp-json\/wp\/v2\/categories?post=50869"},{"taxonomy":"post_tag","embeddable":true,"href":"https:\/\/www.diariodeouropreto.com.br\/pt\/wp-json\/wp\/v2\/tags?post=50869"}],"curies":[{"name":"wp","href":"https:\/\/api.w.org\/{rel}","templated":true}]}}