{"id":50864,"date":"2026-03-13T07:00:00","date_gmt":"2026-03-13T10:00:00","guid":{"rendered":"https:\/\/www.diariodeouropreto.com.br\/?p=50864"},"modified":"2026-03-12T21:51:48","modified_gmt":"2026-03-13T00:51:48","slug":"ministro-da-educacao-lancou-pedra-fundamental-do-hospital-universitario-da-ufop","status":"publish","type":"post","link":"https:\/\/www.diariodeouropreto.com.br\/pt\/ministro-da-educacao-lancou-pedra-fundamental-do-hospital-universitario-da-ufop\/","title":{"rendered":"Ministro da Educa\u00e7\u00e3o lan\u00e7ou pedra fundamental do Hospital Universit\u00e1rio da Ufop"},"content":{"rendered":"<p><strong>Ser\u00e3o investidos R$ 228,5 milh\u00f5es do Acordo do Rio Doce para constru\u00e7\u00e3o de unidade de sa\u00fade em Mariana, o munic\u00edpio destinou terreno de 30 mil m\u00b2 para o im\u00f3vel<\/strong><\/p>\n\n\n\n<details class=\"wp-block-details has-light-green-cyan-to-vivid-green-cyan-gradient-background has-background is-layout-flow wp-block-details-is-layout-flow\"><summary>Na foto destaque:<\/summary>\n<p>Reitor da Ufop, Luciano Campos, agradeceu ao Ministro os investimentos na UFOP\/ Foto: Marcelino Castro<\/p>\n<\/details>\n\n\n\n<p>A Universidade Federal de Ouro Preto (UFOP) recebeu, na \u00faltima quarta-feira (11) a visita do ministro da Educa\u00e7\u00e3o, Camilo Santana, em uma agenda institucional voltada ao an\u00fancio de investimentos para a universidade e ao lan\u00e7amento da pedra fundamental do Hospital Universit\u00e1rio da UFOP, que ser\u00e1 constru\u00eddo no munic\u00edpio de Mariana. A atividade ocorreu no campus Morro do Cruzeiro, em Ouro Preto, e reuniu autoridades pol\u00edticas, representantes da universidade e lideran\u00e7as da regi\u00e3o dos Inconfidentes.<\/p>\n\n\n\n<figure class=\"wp-block-image size-full\"><img decoding=\"async\" width=\"1066\" height=\"800\" data-attachment-id=\"50866\" data-permalink=\"https:\/\/www.diariodeouropreto.com.br\/pt\/ministro-da-educacao-lancou-pedra-fundamental-do-hospital-universitario-da-ufop\/whatsapp-image-2026-03-12-at-18-20-05\/\" data-orig-file=\"https:\/\/www.diariodeouropreto.com.br\/wp-content\/uploads\/2026\/03\/WhatsApp-Image-2026-03-12-at-18.20.05.jpg\" data-orig-size=\"1066,800\" data-comments-opened=\"0\" data-image-meta=\"{&quot;aperture&quot;:&quot;0&quot;,&quot;credit&quot;:&quot;&quot;,&quot;camera&quot;:&quot;&quot;,&quot;caption&quot;:&quot;&quot;,&quot;created_timestamp&quot;:&quot;0&quot;,&quot;copyright&quot;:&quot;&quot;,&quot;focal_length&quot;:&quot;0&quot;,&quot;iso&quot;:&quot;0&quot;,&quot;shutter_speed&quot;:&quot;0&quot;,&quot;title&quot;:&quot;&quot;,&quot;orientation&quot;:&quot;0&quot;}\" data-image-title=\"Ministro da Educa\u00e7\u00e3o lan\u00e7ou pedra fundamental do Hospital Universit\u00e1rio da Ufop \/Agenda reuniu autoridades da regi\u00e3o e marcou o lan\u00e7amento da pedra fundamental da unidade que atender\u00e1 pelo SUS\" data-image-description=\"&lt;p&gt;Foto: Marcelino Castro&lt;\/p&gt;\" data-image-caption=\"\" data-large-file=\"https:\/\/www.diariodeouropreto.com.br\/wp-content\/uploads\/2026\/03\/WhatsApp-Image-2026-03-12-at-18.20.05.jpg\" src=\"https:\/\/www.diariodeouropreto.com.br\/wp-content\/uploads\/2026\/03\/WhatsApp-Image-2026-03-12-at-18.20.05.jpg\" alt=\"\" class=\"wp-image-50866\" srcset=\"https:\/\/www.diariodeouropreto.com.br\/wp-content\/uploads\/2026\/03\/WhatsApp-Image-2026-03-12-at-18.20.05.jpg 1066w, https:\/\/www.diariodeouropreto.com.br\/wp-content\/uploads\/2026\/03\/WhatsApp-Image-2026-03-12-at-18.20.05-528x396.jpg 528w, https:\/\/www.diariodeouropreto.com.br\/wp-content\/uploads\/2026\/03\/WhatsApp-Image-2026-03-12-at-18.20.05-200x150.jpg 200w, https:\/\/www.diariodeouropreto.com.br\/wp-content\/uploads\/2026\/03\/WhatsApp-Image-2026-03-12-at-18.20.05-768x576.jpg 768w, https:\/\/www.diariodeouropreto.com.br\/wp-content\/uploads\/2026\/03\/WhatsApp-Image-2026-03-12-at-18.20.05-16x12.jpg 16w, https:\/\/www.diariodeouropreto.com.br\/wp-content\/uploads\/2026\/03\/WhatsApp-Image-2026-03-12-at-18.20.05-465x349.jpg 465w, https:\/\/www.diariodeouropreto.com.br\/wp-content\/uploads\/2026\/03\/WhatsApp-Image-2026-03-12-at-18.20.05-666x500.jpg 666w\" sizes=\"(max-width: 1066px) 100vw, 1066px\" \/><figcaption class=\"wp-element-caption\">Agenda reuniu autoridades da regi\u00e3o e marcou o lan\u00e7amento da pedra fundamental da unidade que atender\u00e1 pelo SUS<br>Foto: Marcelino Castro<\/figcaption><\/figure>\n\n\n\n<p>A solenidade contou com a presen\u00e7a do ministro da Educa\u00e7\u00e3o, Camilo Santana; do reitor da Ufop, Luciano Campos a vice-reitora Roberta Fr\u00f3es; e do presidente da Empresa Brasileira de Servi\u00e7os Hospitalares (Ebserh), Arthur Chioro, com os prefeitos de Mariana e Ouro Preto, com os deputados leleco Pimentel, Padre Jo\u00e3o e Dandara, al\u00e9m dos vereadores ouro-pretanos que entregaram o m\u00e9rito educacional da C\u00e2mara Municipal de Ouro Preto.<\/p>\n\n\n\n<p>Durante a agenda, o ministro destacou que a amplia\u00e7\u00e3o dos hospitais universit\u00e1rios \u00e9 uma diretriz do governo federal com o intuito de ofertar atendimento p\u00fablico, gratuito e de qualidade. \u201cO presidente Lula nos deu a determina\u00e7\u00e3o de que nenhum estado do Brasil deixe de ter um hospital universit\u00e1rio, com dois objetivos: garantir a forma\u00e7\u00e3o de profissionais, que \u00e9 fundamental, e ampliar o atendimento \u00e0 popula\u00e7\u00e3o por meio da rede do Sistema \u00danico de Sa\u00fade (SUS)\u201d, afirmou.&nbsp;<\/p>\n\n\n\n<p>Na ocasi\u00e3o, o reitor da Ufop, Luciano Campos, destacou a import\u00e2ncia da iniciativa para o fortalecimento da universidade, al\u00e9m dos impactos positivos que o projeto vai gerar. \u201cHoje \u00e9 um momento de festa para a nossa universidade. Este \u00e9 um hospital que vai mudar a realidade de toda essa regi\u00e3o e, principalmente, contribuir para a forma\u00e7\u00e3o de profissionais da \u00e1rea da sa\u00fade\u201d, ressaltou.&nbsp;<\/p>\n\n\n\n<p>A nova estrutura ser\u00e1 gerida pela Ebserh e busca suprir a falta de atendimentos de sa\u00fade de m\u00e9dia e alta complexidade na regi\u00e3o e ter\u00e1 246 leitos, sendo 225 de interna\u00e7\u00e3o e 21 de observa\u00e7\u00e3o. O HU-Ufop oferecer\u00e1 unidade de decis\u00e3o cl\u00ednica referenciada; setor de interna\u00e7\u00e3o para cuidados cl\u00ednicos e cir\u00fargicos;\u202fterapia intensiva;\u202fservi\u00e7os de medicina diagn\u00f3stica e laboratorial;\u202fe estrutura especializada para o tratamento de c\u00e2ncer.&nbsp;<\/p>\n\n\n\n<p>Al\u00e9m disso, contribuir\u00e1 para o fortalecimento do ensino, da pesquisa e do desenvolvimento local, com uma for\u00e7a de trabalho estimada em\u202fmais de 600 profissionais.\u202fA expectativa \u00e9 que as obras sejam iniciadas em novembro deste ano, com prazo estimado de 30 meses.&nbsp;<\/p>\n\n\n\n<p>De acordo com informa\u00e7\u00f5es apresentadas durante a agenda, o investimento previsto para a constru\u00e7\u00e3o do hospital \u00e9 de cerca de R$ 228,5 milh\u00f5es, provenientes do acordo de repara\u00e7\u00e3o relacionado ao rompimento da barragem de Fund\u00e3o, em 2015. A expectativa \u00e9 que o equipamento amplie a capacidade de atendimento m\u00e9dico na regi\u00e3o e fortale\u00e7a a estrutura de ensino e pesquisa da UFOP.<\/p>\n\n\n\n<p>Durante a visita, tamb\u00e9m foi anunciada a destina\u00e7\u00e3o de recursos para a revitaliza\u00e7\u00e3o do Centro de Converg\u00eancia da UFOP, pr\u00e9dio que integra a estrutura administrativa e acad\u00eamica da universidade. A obra tinha investimento previsto em aproximadamente R$ 27 milh\u00f5es, mas o valor da licita\u00e7\u00e3o chegou a R$ 29 milh\u00f5es, fazendo com que o ministro anunciasse o acr\u00e9scimo do valor restante na obra: \u201cN\u00f3s colocamos 27 milh\u00f5es para essa obra, mas foi 29 e j\u00e1 t\u00f4 garantindo aqui mais 2 milh\u00f5es para garantir o valor total desta obra\u2026\u201d<\/p>\n\n\n\n<p>O prefeito de Mariana, Juliano Duarte informou que o munic\u00edpio j\u00e1 aprovou lei e destinou o terreno de 30 mil metros\u00b2 para a edifica\u00e7\u00e3o do hospital universit\u00e1rio e que tamb\u00e9m ser\u00e3o destinados R$ 20 milh\u00f5es de recursos pr\u00f3prios para a constru\u00e7\u00e3o do Hospital Universit\u00e1rio. Juliano disse que o Reitor s\u00f3 queria agradecer, e n\u00e3o iria pedir nada, mas o prefeito pede. Ele pediu a instala\u00e7\u00e3o do curso de Enfermagem superior em Mariana e 2 \u00f4nibus para o transporte escolar.&nbsp;<\/p>\n\n\n\n<p>O prefeito de Ouro Preto, Angelo Oswaldo, destacou a import\u00e2ncia dos investimentos.\u201cSomos uma cidade educadora, que conta com institui\u00e7\u00f5es como a UFOP e o IFMG. Por isso, \u00e9 fundamental que o Minist\u00e9rio da Educa\u00e7\u00e3o continue investindo em nossos campi. Os recursos destinados ao hospital universit\u00e1rio em Mariana e \u00e0s melhorias no campus do Morro do Cruzeiro demonstram o compromisso com o fortalecimento da universidade e com o desenvolvimento da nossa regi\u00e3o. Ouro Preto agradece por esses investimentos, que ter\u00e3o reflexos importantes para toda a comunidade\u201d, afirmou.<\/p>\n\n\n\n<p>A agenda refor\u00e7ou a import\u00e2ncia da UFOP como institui\u00e7\u00e3o estrat\u00e9gica para o desenvolvimento regional, especialmente nas \u00e1reas de ensino superior, forma\u00e7\u00e3o profissional e produ\u00e7\u00e3o de conhecimento. A implanta\u00e7\u00e3o do hospital universit\u00e1rio \u00e9 apontada como um passo importante para ampliar o acesso da popula\u00e7\u00e3o aos servi\u00e7os de sa\u00fade e consolidar a atua\u00e7\u00e3o da universidade na forma\u00e7\u00e3o de profissionais da \u00e1rea m\u00e9dica e hospitalar.<\/p>\n\n\n\n<div id=\"110712\" class=\"advads-saneouro advads-entity-placement\" style=\"margin-left: auto;margin-right: auto;text-align: center;\"><a href=\"https:\/\/www.saneouro.com.br\/\" target=\"_blank\" aria-label=\"DOP_Site\" data-wpel-link=\"external\" rel=\"follow external noopener noreferrer sponsored ugc\"><img src=\"https:\/\/www.diariodeouropreto.com.br\/wp-content\/uploads\/2026\/04\/DOP_Site.jpg\" alt=\"\"  srcset=\"https:\/\/www.diariodeouropreto.com.br\/wp-content\/uploads\/2026\/04\/DOP_Site.jpg 301w, https:\/\/www.diariodeouropreto.com.br\/wp-content\/uploads\/2026\/04\/DOP_Site-180x150.jpg 180w, https:\/\/www.diariodeouropreto.com.br\/wp-content\/uploads\/2026\/04\/DOP_Site-14x12.jpg 14w\" sizes=\"(max-width: 301px) 100vw, 301px\" width=\"301\" height=\"251\"  style=\"display: inline-block;\" \/><\/a><\/div><p>A visita do ministro integra uma s\u00e9rie de agendas do Minist\u00e9rio da Educa\u00e7\u00e3o em universidades federais, com foco na amplia\u00e7\u00e3o de investimentos em infraestrutura acad\u00eamica e no fortalecimento das institui\u00e7\u00f5es p\u00fablicas de ensino superior no pa\u00eds.<\/p>\n\n\n\n<div id=\"50321\" class=\"advads-plantao advads-entity-placement\"><a href=\"https:\/\/www.diariodeouropreto.com.br\/pt\/\" target=\"_blank\" aria-label=\"site &#8211; noticia\" data-wpel-link=\"external\" rel=\"follow external noopener noreferrer sponsored ugc\"><img src=\"https:\/\/www.diariodeouropreto.com.br\/wp-content\/uploads\/2019\/09\/titulosite2-e1616373489755.jpg\" alt=\"\"  srcset=\"https:\/\/www.diariodeouropreto.com.br\/wp-content\/uploads\/2019\/09\/titulosite2-e1616373489755.jpg 1200w, https:\/\/www.diariodeouropreto.com.br\/wp-content\/uploads\/2019\/09\/titulosite2-e1616373489755-150x38.jpg 150w, https:\/\/www.diariodeouropreto.com.br\/wp-content\/uploads\/2019\/09\/titulosite2-e1616373489755-660x167.jpg 660w, https:\/\/www.diariodeouropreto.com.br\/wp-content\/uploads\/2019\/09\/titulosite2-e1616373489755-768x194.jpg 768w, https:\/\/www.diariodeouropreto.com.br\/wp-content\/uploads\/2019\/09\/titulosite2-e1616373489755-1000x252.jpg 1000w, https:\/\/www.diariodeouropreto.com.br\/wp-content\/uploads\/2019\/09\/titulosite2-e1616373489755-1536x388.jpg 1536w, https:\/\/www.diariodeouropreto.com.br\/wp-content\/uploads\/2019\/09\/titulosite2-e1616373489755-2048x517.jpg 2048w\" sizes=\"(max-width: 1200px) 100vw, 1200px\" width=\"1200\" height=\"303\"  style=\"display: inline-block;\" \/><\/a><\/div><p>Com Informa\u00e7\u00f5es do Minist\u00e9rio da Educa\u00e7\u00e3o<\/p>","protected":false},"excerpt":{"rendered":"<p>Ser\u00e3o investidos R$ 228,5 milh\u00f5es do Acordo do Rio Doce para constru\u00e7\u00e3o de unidade de sa\u00fade em Mariana, o munic\u00edpio destinou terreno de 30 mil m\u00b2 para o im\u00f3vel A Universidade Federal de Ouro Preto (UFOP) recebeu, na \u00faltima quarta-feira (11) a visita do ministro da Educa\u00e7\u00e3o, Camilo Santana, em<span class=\"more-link\"><a href=\"https:\/\/www.diariodeouropreto.com.br\/pt\/ministro-da-educacao-lancou-pedra-fundamental-do-hospital-universitario-da-ufop\/\" data-wpel-link=\"internal\">Continue Lendo<\/a><\/span><\/p>","protected":false},"author":6,"featured_media":50865,"comment_status":"closed","ping_status":"closed","sticky":false,"template":"","format":"standard","meta":{"_jetpack_memberships_contains_paid_content":false,"footnotes":"","jetpack_publicize_message":"Ser\u00e3o investidos R$ 228,5 milh\u00f5es do Acordo do Rio Doce para constru\u00e7\u00e3o de unidade de sa\u00fade em Mariana, o munic\u00edpio destinou terreno de 30 mil m\u00b2 para o im\u00f3vel","jetpack_publicize_feature_enabled":true,"jetpack_social_post_already_shared":true,"jetpack_social_options":{"image_generator_settings":{"template":"highway","default_image_id":0,"font":"","enabled":false},"version":2}},"categories":[273],"tags":[28,14,18,40],"class_list":["entry","author-davi-saporetti","post-50864","post","type-post","status-publish","format-standard","has-post-thumbnail","category-manchete-do-dia","tag-educacao","tag-mariana","tag-ouro-preto","tag-saude"],"yoast_head":"<!-- This site is optimized with the Yoast SEO plugin v27.5 - https:\/\/yoast.com\/product\/yoast-seo-wordpress\/ -->\n<title>Ministro da Educa\u00e7\u00e3o lan\u00e7ou pedra fundamental do Hospital Universit\u00e1rio da Ufop - Di\u00e1rio de Ouro Preto<\/title>\n<meta name=\"description\" content=\"Ser\u00e3o investidos R$ 228,5 milh\u00f5es do Acordo do Rio Doce para constru\u00e7\u00e3o de unidade de sa\u00fade em Mariana, o munic\u00edpio destinou terreno de 30 mil m\u00b2 para o im\u00f3vel- Ministro da Educa\u00e7\u00e3o lan\u00e7ou pedra fundamental do Hospital Universit\u00e1rio da Ufop - Manchete do dia\" \/>\n<meta name=\"robots\" content=\"index, follow, max-snippet:-1, max-image-preview:large, max-video-preview:-1\" \/>\n<link rel=\"canonical\" href=\"https:\/\/www.diariodeouropreto.com.br\/pt\/?p=50864\" \/>\n<meta property=\"og:locale\" content=\"pt_PT\" \/>\n<meta property=\"og:type\" content=\"article\" \/>\n<meta property=\"og:title\" content=\"Ministro da Educa\u00e7\u00e3o lan\u00e7ou pedra fundamental do Hospital Universit\u00e1rio da Ufop - Di\u00e1rio de Ouro Preto\" \/>\n<meta property=\"og:description\" content=\"Ser\u00e3o investidos R$ 228,5 milh\u00f5es do Acordo do Rio Doce para constru\u00e7\u00e3o de unidade de sa\u00fade em Mariana, o munic\u00edpio destinou terreno de 30 mil m\u00b2 para o im\u00f3vel- Ministro da Educa\u00e7\u00e3o lan\u00e7ou pedra fundamental do Hospital Universit\u00e1rio da Ufop - Manchete do dia\" \/>\n<meta property=\"og:url\" content=\"https:\/\/www.diariodeouropreto.com.br\/pt\/?p=50864\" \/>\n<meta property=\"og:site_name\" content=\"Di\u00e1rio de Ouro Preto\" \/>\n<meta property=\"article:publisher\" content=\"https:\/\/www.facebook.com\/diariodeouropreto\/\" \/>\n<meta property=\"article:published_time\" content=\"2026-03-13T10:00:00+00:00\" \/>\n<meta property=\"og:image\" content=\"https:\/\/www.diariodeouropreto.com.br\/wp-content\/uploads\/2026\/03\/WhatsApp-Image-2026-03-12-at-17.55.51.jpeg\" \/>\n\t<meta property=\"og:image:width\" content=\"1081\" \/>\n\t<meta property=\"og:image:height\" content=\"800\" \/>\n\t<meta property=\"og:image:type\" content=\"image\/jpeg\" \/>\n<meta name=\"author\" content=\"Davi Saporetti\" \/>\n<meta name=\"twitter:card\" content=\"summary_large_image\" \/>\n<meta name=\"twitter:label1\" content=\"Escrito por\" \/>\n\t<meta name=\"twitter:data1\" content=\"Davi Saporetti\" \/>\n\t<meta name=\"twitter:label2\" content=\"Tempo estimado de leitura\" \/>\n\t<meta name=\"twitter:data2\" content=\"6 minutos\" \/>\n<script type=\"application\/ld+json\" class=\"yoast-schema-graph\">{\"@context\":\"https:\\\/\\\/schema.org\",\"@graph\":[{\"@type\":\"Article\",\"@id\":\"https:\\\/\\\/www.diariodeouropreto.com.br\\\/?p=50864#article\",\"isPartOf\":{\"@id\":\"https:\\\/\\\/www.diariodeouropreto.com.br\\\/?p=50864\"},\"author\":{\"name\":\"Davi Saporetti\",\"@id\":\"https:\\\/\\\/www.diariodeouropreto.com.br\\\/pt\\\/#\\\/schema\\\/person\\\/ef41b20286de4cc33a3185837ba72af6\"},\"headline\":\"Ministro da Educa\u00e7\u00e3o lan\u00e7ou pedra fundamental do Hospital Universit\u00e1rio da Ufop\",\"datePublished\":\"2026-03-13T10:00:00+00:00\",\"mainEntityOfPage\":{\"@id\":\"https:\\\/\\\/www.diariodeouropreto.com.br\\\/?p=50864\"},\"wordCount\":983,\"publisher\":{\"@id\":\"https:\\\/\\\/www.diariodeouropreto.com.br\\\/pt\\\/#organization\"},\"image\":{\"@id\":\"https:\\\/\\\/www.diariodeouropreto.com.br\\\/?p=50864#primaryimage\"},\"thumbnailUrl\":\"https:\\\/\\\/www.diariodeouropreto.com.br\\\/wp-content\\\/uploads\\\/2026\\\/03\\\/WhatsApp-Image-2026-03-12-at-17.55.51.jpeg\",\"keywords\":[\"Educa\u00e7\u00e3o\",\"Mariana\",\"Ouro Preto\",\"Sa\u00fade\"],\"articleSection\":[\"Manchete do dia\"],\"inLanguage\":\"pt-PT\"},{\"@type\":\"WebPage\",\"@id\":\"https:\\\/\\\/www.diariodeouropreto.com.br\\\/?p=50864\",\"url\":\"https:\\\/\\\/www.diariodeouropreto.com.br\\\/?p=50864\",\"name\":\"Ministro da Educa\u00e7\u00e3o lan\u00e7ou pedra fundamental do Hospital Universit\u00e1rio da Ufop - Di\u00e1rio de Ouro Preto\",\"isPartOf\":{\"@id\":\"https:\\\/\\\/www.diariodeouropreto.com.br\\\/pt\\\/#website\"},\"primaryImageOfPage\":{\"@id\":\"https:\\\/\\\/www.diariodeouropreto.com.br\\\/?p=50864#primaryimage\"},\"image\":{\"@id\":\"https:\\\/\\\/www.diariodeouropreto.com.br\\\/?p=50864#primaryimage\"},\"thumbnailUrl\":\"https:\\\/\\\/www.diariodeouropreto.com.br\\\/wp-content\\\/uploads\\\/2026\\\/03\\\/WhatsApp-Image-2026-03-12-at-17.55.51.jpeg\",\"datePublished\":\"2026-03-13T10:00:00+00:00\",\"description\":\"Ser\u00e3o investidos R$ 228,5 milh\u00f5es do Acordo do Rio Doce para constru\u00e7\u00e3o de unidade de sa\u00fade em Mariana, o munic\u00edpio destinou terreno de 30 mil m\u00b2 para o im\u00f3vel- Ministro da Educa\u00e7\u00e3o lan\u00e7ou pedra fundamental do Hospital Universit\u00e1rio da Ufop - Manchete do dia\",\"breadcrumb\":{\"@id\":\"https:\\\/\\\/www.diariodeouropreto.com.br\\\/?p=50864#breadcrumb\"},\"inLanguage\":\"pt-PT\",\"potentialAction\":[{\"@type\":\"ReadAction\",\"target\":[\"https:\\\/\\\/www.diariodeouropreto.com.br\\\/?p=50864\"]}]},{\"@type\":\"ImageObject\",\"inLanguage\":\"pt-PT\",\"@id\":\"https:\\\/\\\/www.diariodeouropreto.com.br\\\/?p=50864#primaryimage\",\"url\":\"https:\\\/\\\/www.diariodeouropreto.com.br\\\/wp-content\\\/uploads\\\/2026\\\/03\\\/WhatsApp-Image-2026-03-12-at-17.55.51.jpeg\",\"contentUrl\":\"https:\\\/\\\/www.diariodeouropreto.com.br\\\/wp-content\\\/uploads\\\/2026\\\/03\\\/WhatsApp-Image-2026-03-12-at-17.55.51.jpeg\",\"width\":1081,\"height\":800},{\"@type\":\"BreadcrumbList\",\"@id\":\"https:\\\/\\\/www.diariodeouropreto.com.br\\\/?p=50864#breadcrumb\",\"itemListElement\":[{\"@type\":\"ListItem\",\"position\":1,\"name\":\"In\u00edcio\",\"item\":\"https:\\\/\\\/www.diariodeouropreto.com.br\\\/pt\\\/\"},{\"@type\":\"ListItem\",\"position\":2,\"name\":\"Ministro da Educa\u00e7\u00e3o lan\u00e7ou pedra fundamental do Hospital Universit\u00e1rio da Ufop\"}]},{\"@type\":\"WebSite\",\"@id\":\"https:\\\/\\\/www.diariodeouropreto.com.br\\\/pt\\\/#website\",\"url\":\"https:\\\/\\\/www.diariodeouropreto.com.br\\\/pt\\\/\",\"name\":\"Di\u00e1rio de Ouro Preto\",\"description\":\"Not\u00edcias Ouro Preto; Mariana;Minas Gerais;Jornal;Jornalismo;Not\u00edcias;\",\"publisher\":{\"@id\":\"https:\\\/\\\/www.diariodeouropreto.com.br\\\/pt\\\/#organization\"},\"alternateName\":\"Jornal di\u00e1rio de Ouro Preto\",\"potentialAction\":[{\"@type\":\"SearchAction\",\"target\":{\"@type\":\"EntryPoint\",\"urlTemplate\":\"https:\\\/\\\/www.diariodeouropreto.com.br\\\/pt\\\/?s={search_term_string}\"},\"query-input\":{\"@type\":\"PropertyValueSpecification\",\"valueRequired\":true,\"valueName\":\"search_term_string\"}}],\"inLanguage\":\"pt-PT\"},{\"@type\":\"Organization\",\"@id\":\"https:\\\/\\\/www.diariodeouropreto.com.br\\\/pt\\\/#organization\",\"name\":\"Di\u00e1rio de Ouro Preto\",\"alternateName\":\"Jornal di\u00e1rio Ouro Preto\",\"url\":\"https:\\\/\\\/www.diariodeouropreto.com.br\\\/pt\\\/\",\"logo\":{\"@type\":\"ImageObject\",\"inLanguage\":\"pt-PT\",\"@id\":\"https:\\\/\\\/www.diariodeouropreto.com.br\\\/pt\\\/#\\\/schema\\\/logo\\\/image\\\/\",\"url\":\"https:\\\/\\\/www.diariodeouropreto.com.br\\\/wp-content\\\/uploads\\\/2019\\\/06\\\/cropped-logotransp-2.png\",\"contentUrl\":\"https:\\\/\\\/www.diariodeouropreto.com.br\\\/wp-content\\\/uploads\\\/2019\\\/06\\\/cropped-logotransp-2.png\",\"width\":1323,\"height\":251,\"caption\":\"Di\u00e1rio de Ouro Preto\"},\"image\":{\"@id\":\"https:\\\/\\\/www.diariodeouropreto.com.br\\\/pt\\\/#\\\/schema\\\/logo\\\/image\\\/\"},\"sameAs\":[\"https:\\\/\\\/www.facebook.com\\\/diariodeouropreto\\\/\"]},{\"@type\":\"Person\",\"@id\":\"https:\\\/\\\/www.diariodeouropreto.com.br\\\/pt\\\/#\\\/schema\\\/person\\\/ef41b20286de4cc33a3185837ba72af6\",\"name\":\"Davi Saporetti\",\"url\":\"https:\\\/\\\/www.diariodeouropreto.com.br\\\/pt\\\/author\\\/davi-saporetti\\\/\"}]}<\/script>\n<!-- \/ Yoast SEO plugin. -->","yoast_head_json":{"title":"Ministro da Educa\u00e7\u00e3o lan\u00e7ou pedra fundamental do Hospital Universit\u00e1rio da Ufop - Di\u00e1rio de Ouro Preto","description":"Ser\u00e3o investidos R$ 228,5 milh\u00f5es do Acordo do Rio Doce para constru\u00e7\u00e3o de unidade de sa\u00fade em Mariana, o munic\u00edpio destinou terreno de 30 mil m\u00b2 para o im\u00f3vel- Ministro da Educa\u00e7\u00e3o lan\u00e7ou pedra fundamental do Hospital Universit\u00e1rio da Ufop - Manchete do dia","robots":{"index":"index","follow":"follow","max-snippet":"max-snippet:-1","max-image-preview":"max-image-preview:large","max-video-preview":"max-video-preview:-1"},"canonical":"https:\/\/www.diariodeouropreto.com.br\/pt\/?p=50864","og_locale":"pt_PT","og_type":"article","og_title":"Ministro da Educa\u00e7\u00e3o lan\u00e7ou pedra fundamental do Hospital Universit\u00e1rio da Ufop - Di\u00e1rio de Ouro Preto","og_description":"Ser\u00e3o investidos R$ 228,5 milh\u00f5es do Acordo do Rio Doce para constru\u00e7\u00e3o de unidade de sa\u00fade em Mariana, o munic\u00edpio destinou terreno de 30 mil m\u00b2 para o im\u00f3vel- Ministro da Educa\u00e7\u00e3o lan\u00e7ou pedra fundamental do Hospital Universit\u00e1rio da Ufop - Manchete do dia","og_url":"https:\/\/www.diariodeouropreto.com.br\/pt\/?p=50864","og_site_name":"Di\u00e1rio de Ouro Preto","article_publisher":"https:\/\/www.facebook.com\/diariodeouropreto\/","article_published_time":"2026-03-13T10:00:00+00:00","og_image":[{"width":1081,"height":800,"url":"https:\/\/www.diariodeouropreto.com.br\/wp-content\/uploads\/2026\/03\/WhatsApp-Image-2026-03-12-at-17.55.51.jpeg","type":"image\/jpeg"}],"author":"Davi Saporetti","twitter_card":"summary_large_image","twitter_misc":{"Escrito por":"Davi Saporetti","Tempo estimado de leitura":"6 minutos"},"schema":{"@context":"https:\/\/schema.org","@graph":[{"@type":"Article","@id":"https:\/\/www.diariodeouropreto.com.br\/?p=50864#article","isPartOf":{"@id":"https:\/\/www.diariodeouropreto.com.br\/?p=50864"},"author":{"name":"Davi Saporetti","@id":"https:\/\/www.diariodeouropreto.com.br\/pt\/#\/schema\/person\/ef41b20286de4cc33a3185837ba72af6"},"headline":"Ministro da Educa\u00e7\u00e3o lan\u00e7ou pedra fundamental do Hospital Universit\u00e1rio da Ufop","datePublished":"2026-03-13T10:00:00+00:00","mainEntityOfPage":{"@id":"https:\/\/www.diariodeouropreto.com.br\/?p=50864"},"wordCount":983,"publisher":{"@id":"https:\/\/www.diariodeouropreto.com.br\/pt\/#organization"},"image":{"@id":"https:\/\/www.diariodeouropreto.com.br\/?p=50864#primaryimage"},"thumbnailUrl":"https:\/\/www.diariodeouropreto.com.br\/wp-content\/uploads\/2026\/03\/WhatsApp-Image-2026-03-12-at-17.55.51.jpeg","keywords":["Educa\u00e7\u00e3o","Mariana","Ouro Preto","Sa\u00fade"],"articleSection":["Manchete do dia"],"inLanguage":"pt-PT"},{"@type":"WebPage","@id":"https:\/\/www.diariodeouropreto.com.br\/?p=50864","url":"https:\/\/www.diariodeouropreto.com.br\/?p=50864","name":"Ministro da Educa\u00e7\u00e3o lan\u00e7ou pedra fundamental do Hospital Universit\u00e1rio da Ufop - Di\u00e1rio de Ouro Preto","isPartOf":{"@id":"https:\/\/www.diariodeouropreto.com.br\/pt\/#website"},"primaryImageOfPage":{"@id":"https:\/\/www.diariodeouropreto.com.br\/?p=50864#primaryimage"},"image":{"@id":"https:\/\/www.diariodeouropreto.com.br\/?p=50864#primaryimage"},"thumbnailUrl":"https:\/\/www.diariodeouropreto.com.br\/wp-content\/uploads\/2026\/03\/WhatsApp-Image-2026-03-12-at-17.55.51.jpeg","datePublished":"2026-03-13T10:00:00+00:00","description":"Ser\u00e3o investidos R$ 228,5 milh\u00f5es do Acordo do Rio Doce para constru\u00e7\u00e3o de unidade de sa\u00fade em Mariana, o munic\u00edpio destinou terreno de 30 mil m\u00b2 para o im\u00f3vel- Ministro da Educa\u00e7\u00e3o lan\u00e7ou pedra fundamental do Hospital Universit\u00e1rio da Ufop - Manchete do dia","breadcrumb":{"@id":"https:\/\/www.diariodeouropreto.com.br\/?p=50864#breadcrumb"},"inLanguage":"pt-PT","potentialAction":[{"@type":"ReadAction","target":["https:\/\/www.diariodeouropreto.com.br\/?p=50864"]}]},{"@type":"ImageObject","inLanguage":"pt-PT","@id":"https:\/\/www.diariodeouropreto.com.br\/?p=50864#primaryimage","url":"https:\/\/www.diariodeouropreto.com.br\/wp-content\/uploads\/2026\/03\/WhatsApp-Image-2026-03-12-at-17.55.51.jpeg","contentUrl":"https:\/\/www.diariodeouropreto.com.br\/wp-content\/uploads\/2026\/03\/WhatsApp-Image-2026-03-12-at-17.55.51.jpeg","width":1081,"height":800},{"@type":"BreadcrumbList","@id":"https:\/\/www.diariodeouropreto.com.br\/?p=50864#breadcrumb","itemListElement":[{"@type":"ListItem","position":1,"name":"In\u00edcio","item":"https:\/\/www.diariodeouropreto.com.br\/pt\/"},{"@type":"ListItem","position":2,"name":"Ministro da Educa\u00e7\u00e3o lan\u00e7ou pedra fundamental do Hospital Universit\u00e1rio da Ufop"}]},{"@type":"WebSite","@id":"https:\/\/www.diariodeouropreto.com.br\/pt\/#website","url":"https:\/\/www.diariodeouropreto.com.br\/pt\/","name":"Di\u00e1rio de Ouro Preto","description":"Not\u00edcias Ouro Preto; Mariana;Minas Gerais;Jornal;Jornalismo;Not\u00edcias;","publisher":{"@id":"https:\/\/www.diariodeouropreto.com.br\/pt\/#organization"},"alternateName":"Jornal di\u00e1rio de Ouro Preto","potentialAction":[{"@type":"SearchAction","target":{"@type":"EntryPoint","urlTemplate":"https:\/\/www.diariodeouropreto.com.br\/pt\/?s={search_term_string}"},"query-input":{"@type":"PropertyValueSpecification","valueRequired":true,"valueName":"search_term_string"}}],"inLanguage":"pt-PT"},{"@type":"Organization","@id":"https:\/\/www.diariodeouropreto.com.br\/pt\/#organization","name":"Di\u00e1rio de Ouro Preto","alternateName":"Jornal di\u00e1rio Ouro Preto","url":"https:\/\/www.diariodeouropreto.com.br\/pt\/","logo":{"@type":"ImageObject","inLanguage":"pt-PT","@id":"https:\/\/www.diariodeouropreto.com.br\/pt\/#\/schema\/logo\/image\/","url":"https:\/\/www.diariodeouropreto.com.br\/wp-content\/uploads\/2019\/06\/cropped-logotransp-2.png","contentUrl":"https:\/\/www.diariodeouropreto.com.br\/wp-content\/uploads\/2019\/06\/cropped-logotransp-2.png","width":1323,"height":251,"caption":"Di\u00e1rio de Ouro Preto"},"image":{"@id":"https:\/\/www.diariodeouropreto.com.br\/pt\/#\/schema\/logo\/image\/"},"sameAs":["https:\/\/www.facebook.com\/diariodeouropreto\/"]},{"@type":"Person","@id":"https:\/\/www.diariodeouropreto.com.br\/pt\/#\/schema\/person\/ef41b20286de4cc33a3185837ba72af6","name":"Davi Saporetti","url":"https:\/\/www.diariodeouropreto.com.br\/pt\/author\/davi-saporetti\/"}]}},"jetpack_publicize_connections":[],"jetpack_featured_media_url":"https:\/\/www.diariodeouropreto.com.br\/wp-content\/uploads\/2026\/03\/WhatsApp-Image-2026-03-12-at-17.55.51.jpeg","jetpack-related-posts":[{"id":45261,"url":"https:\/\/www.diariodeouropreto.com.br\/pt\/lula-lanca-hospital-universitario-da-ufop-em-mariana-juliano-duarte-indica-3-areas-para-construcao-do-predio\/","url_meta":{"origin":50864,"position":0},"title":"Lula lan\u00e7a Hospital Universit\u00e1rio da UFOP em Mariana, Juliano Duarte indica 3 \u00e1reas para constru\u00e7\u00e3o do Pr\u00e9dio","author":"Di\u00e1rio de Ouro Preto","date":"13 de Junho de 2025","format":false,"excerpt":"Foi assinado ontem, 12\/06, o Protocolo de Inten\u00e7\u00f5es para a constru\u00e7\u00e3o do Hospital Universit\u00e1rio da Universidade Federal de Ouro Preto (UFOP), que ser\u00e1 erguido\u00a0em\u00a0Mariana\u00a0com investimentos em torno de R$ 220 Milh\u00f5es","rel":"","context":"In &quot;Manchete do dia&quot;","block_context":{"text":"Manchete do dia","link":"https:\/\/www.diariodeouropreto.com.br\/pt\/Editoria\/manchete-do-dia\/"},"img":{"alt_text":"","src":"https:\/\/i0.wp.com\/www.diariodeouropreto.com.br\/wp-content\/uploads\/2025\/06\/IMG_9515c.jpg?resize=350%2C200&ssl=1","width":350,"height":200,"srcset":"https:\/\/i0.wp.com\/www.diariodeouropreto.com.br\/wp-content\/uploads\/2025\/06\/IMG_9515c.jpg?resize=350%2C200&ssl=1 1x, https:\/\/i0.wp.com\/www.diariodeouropreto.com.br\/wp-content\/uploads\/2025\/06\/IMG_9515c.jpg?resize=525%2C300&ssl=1 1.5x, https:\/\/i0.wp.com\/www.diariodeouropreto.com.br\/wp-content\/uploads\/2025\/06\/IMG_9515c.jpg?resize=700%2C400&ssl=1 2x, https:\/\/i0.wp.com\/www.diariodeouropreto.com.br\/wp-content\/uploads\/2025\/06\/IMG_9515c.jpg?resize=1050%2C600&ssl=1 3x"},"classes":[]},{"id":45230,"url":"https:\/\/www.diariodeouropreto.com.br\/pt\/lula-anunciara-amanha-a-construcao-de-hospital-universitario-em-mariana-com-recursos-da-repactuacao\/","url_meta":{"origin":50864,"position":1},"title":"Lula anunciar\u00e1 amanh\u00e3 a constru\u00e7\u00e3o de Hospital Universit\u00e1rio em Mariana com recursos da Repactua\u00e7\u00e3o","author":"Di\u00e1rio de Ouro Preto","date":"11 de Junho de 2025","format":false,"excerpt":"Entre os an\u00fancios que ser\u00e3o realizados nesta quinta-feira, 12\/06, pelo presidente da Rep\u00fablica, Luiz In\u00e1cio Lula da Silva em Mariana, est\u00e1 a constru\u00e7\u00e3o de um hospital Universit\u00e1rio, em terreno disponibilizado pela Prefeitura, a gest\u00e3o ser\u00e1 da Universidade Federal de Ouro Preto.\u00a0 Os recursos a serem investidos na constru\u00e7\u00e3o da unidade\u2026","rel":"","context":"In &quot;Manchete do dia&quot;","block_context":{"text":"Manchete do dia","link":"https:\/\/www.diariodeouropreto.com.br\/pt\/Editoria\/manchete-do-dia\/"},"img":{"alt_text":"","src":"https:\/\/i0.wp.com\/www.diariodeouropreto.com.br\/wp-content\/uploads\/2023\/01\/IMG_20220217_173029865.jpg?resize=350%2C200&ssl=1","width":350,"height":200,"srcset":"https:\/\/i0.wp.com\/www.diariodeouropreto.com.br\/wp-content\/uploads\/2023\/01\/IMG_20220217_173029865.jpg?resize=350%2C200&ssl=1 1x, https:\/\/i0.wp.com\/www.diariodeouropreto.com.br\/wp-content\/uploads\/2023\/01\/IMG_20220217_173029865.jpg?resize=525%2C300&ssl=1 1.5x, https:\/\/i0.wp.com\/www.diariodeouropreto.com.br\/wp-content\/uploads\/2023\/01\/IMG_20220217_173029865.jpg?resize=700%2C400&ssl=1 2x, https:\/\/i0.wp.com\/www.diariodeouropreto.com.br\/wp-content\/uploads\/2023\/01\/IMG_20220217_173029865.jpg?resize=1050%2C600&ssl=1 3x"},"classes":[]},{"id":49045,"url":"https:\/\/www.diariodeouropreto.com.br\/pt\/macae-evaristo-nilmario-miranda-e-angelo-oswaldo-sao-intitulados-doutor-honoris-causa-pela-ufop\/","url_meta":{"origin":50864,"position":2},"title":"Maca\u00e9 Evaristo, Nilm\u00e1rio Miranda e Angelo Oswaldo s\u00e3o intitulados Doutor Honoris Causa pela Ufop","author":"Marcelino Castro","date":"28 de Novembro de 2025","format":false,"excerpt":"Ouro Preto - A Universidade Federal de Ouro Preto (UFOP) realizou quarta-feira, 26\/11, a solenidade de entrega da outorga do t\u00edtulo de Doutor Honoris Causa \u00e0 ministra dos Direitos Humanos e da Cidadania, Maca\u00e9 Evaristo, ao ex-ministro Nilm\u00e1rio Miranda e ao prefeito de Ouro Preto, \u00c2ngelo Oswaldo. O reitor da\u2026","rel":"","context":"In &quot;Solenidade\/Honraria&quot;","block_context":{"text":"Solenidade\/Honraria","link":"https:\/\/www.diariodeouropreto.com.br\/pt\/Editoria\/solenidade-honraria\/"},"img":{"alt_text":"","src":"https:\/\/i0.wp.com\/www.diariodeouropreto.com.br\/wp-content\/uploads\/2025\/11\/Imagem-do-WhatsApp-de-2025-11-27-as-13.08.28_7a37adc9.jpg?resize=350%2C200&ssl=1","width":350,"height":200,"srcset":"https:\/\/i0.wp.com\/www.diariodeouropreto.com.br\/wp-content\/uploads\/2025\/11\/Imagem-do-WhatsApp-de-2025-11-27-as-13.08.28_7a37adc9.jpg?resize=350%2C200&ssl=1 1x, https:\/\/i0.wp.com\/www.diariodeouropreto.com.br\/wp-content\/uploads\/2025\/11\/Imagem-do-WhatsApp-de-2025-11-27-as-13.08.28_7a37adc9.jpg?resize=525%2C300&ssl=1 1.5x, https:\/\/i0.wp.com\/www.diariodeouropreto.com.br\/wp-content\/uploads\/2025\/11\/Imagem-do-WhatsApp-de-2025-11-27-as-13.08.28_7a37adc9.jpg?resize=700%2C400&ssl=1 2x, https:\/\/i0.wp.com\/www.diariodeouropreto.com.br\/wp-content\/uploads\/2025\/11\/Imagem-do-WhatsApp-de-2025-11-27-as-13.08.28_7a37adc9.jpg?resize=1050%2C600&ssl=1 3x"},"classes":[]},{"id":48513,"url":"https:\/\/www.diariodeouropreto.com.br\/pt\/hospital-universitario-da-ufop-e-aprovado-na-camara-de-mariana\/","url_meta":{"origin":50864,"position":3},"title":"Hospital Universit\u00e1rio da UFOP \u00e9 aprovado na C\u00e2mara de Mariana","author":"Davi Saporetti","date":"31 de Outubro de 2025","format":false,"excerpt":"Reuni\u00e3o que votou a doa\u00e7\u00e3o do terreno para constru\u00e7\u00e3o do hospital marcou a 35\u00aa sess\u00e3o ordin\u00e1ria do Legislativo marianense A C\u00e2mara Municipal de Mariana aprovou por unanimidade, no dia 23 de outubro, o projeto de lei que autoriza a doa\u00e7\u00e3o de um terreno de 30 mil metros quadrados \u00e0 Universidade\u2026","rel":"","context":"In &quot;Pol\u00edtica&quot;","block_context":{"text":"Pol\u00edtica","link":"https:\/\/www.diariodeouropreto.com.br\/pt\/Editoria\/politica\/"},"img":{"alt_text":"","src":"https:\/\/i0.wp.com\/www.diariodeouropreto.com.br\/wp-content\/uploads\/2025\/10\/Imagem-do-WhatsApp-de-2025-10-30-as-14.01.01_16d762f2.jpg?resize=350%2C200&ssl=1","width":350,"height":200,"srcset":"https:\/\/i0.wp.com\/www.diariodeouropreto.com.br\/wp-content\/uploads\/2025\/10\/Imagem-do-WhatsApp-de-2025-10-30-as-14.01.01_16d762f2.jpg?resize=350%2C200&ssl=1 1x, https:\/\/i0.wp.com\/www.diariodeouropreto.com.br\/wp-content\/uploads\/2025\/10\/Imagem-do-WhatsApp-de-2025-10-30-as-14.01.01_16d762f2.jpg?resize=525%2C300&ssl=1 1.5x, https:\/\/i0.wp.com\/www.diariodeouropreto.com.br\/wp-content\/uploads\/2025\/10\/Imagem-do-WhatsApp-de-2025-10-30-as-14.01.01_16d762f2.jpg?resize=700%2C400&ssl=1 2x, https:\/\/i0.wp.com\/www.diariodeouropreto.com.br\/wp-content\/uploads\/2025\/10\/Imagem-do-WhatsApp-de-2025-10-30-as-14.01.01_16d762f2.jpg?resize=1050%2C600&ssl=1 3x"},"classes":[]},{"id":34423,"url":"https:\/\/www.diariodeouropreto.com.br\/pt\/governo-federal-anuncia-investimentos-para-o-campus-da-ufop-em-ipatinga-e-biblioteca-central\/","url_meta":{"origin":50864,"position":4},"title":"Governo federal anuncia investimentos para o Campus da UFOP em Ipatinga e Biblioteca Central","author":"Di\u00e1rio de Ouro Preto","date":"12 de Junho de 2024","format":false,"excerpt":"A Universidade Federal de Ouro Preto (UFOP) ser\u00e1 contemplada com cerca de R$60 milh\u00f5es do Plano de Acelera\u00e7\u00e3o do Crescimento para a Educa\u00e7\u00e3o (PAC\/Educa\u00e7\u00e3o) para dar continuidade ao projeto do Campus do munic\u00edpio de Ipatinga. A institui\u00e7\u00e3o aguarda tamb\u00e9m o an\u00fancio de mais R$30 milh\u00f5es para a implanta\u00e7\u00e3o da Biblioteca\u2026","rel":"","context":"In &quot;Minas Gerais&quot;","block_context":{"text":"Minas Gerais","link":"https:\/\/www.diariodeouropreto.com.br\/pt\/Editoria\/minas-gerais\/"},"img":{"alt_text":"","src":"https:\/\/i0.wp.com\/www.diariodeouropreto.com.br\/wp-content\/uploads\/2024\/06\/ufop-biblioteca_central-pb-img04_1_0.jpg?resize=350%2C200&ssl=1","width":350,"height":200,"srcset":"https:\/\/i0.wp.com\/www.diariodeouropreto.com.br\/wp-content\/uploads\/2024\/06\/ufop-biblioteca_central-pb-img04_1_0.jpg?resize=350%2C200&ssl=1 1x, https:\/\/i0.wp.com\/www.diariodeouropreto.com.br\/wp-content\/uploads\/2024\/06\/ufop-biblioteca_central-pb-img04_1_0.jpg?resize=525%2C300&ssl=1 1.5x, https:\/\/i0.wp.com\/www.diariodeouropreto.com.br\/wp-content\/uploads\/2024\/06\/ufop-biblioteca_central-pb-img04_1_0.jpg?resize=700%2C400&ssl=1 2x"},"classes":[]},{"id":48873,"url":"https:\/\/www.diariodeouropreto.com.br\/pt\/ufop-entre-as-melhores-universidades-do-pais-em-inovacao\/","url_meta":{"origin":50864,"position":5},"title":"UFOP entre as melhores universidades do pa\u00eds em inova\u00e7\u00e3o","author":"Di\u00e1rio de Ouro Preto","date":"17 de Novembro de 2025","format":false,"excerpt":"A Universidade Federal de Ouro Preto (UFOP) \u00e9 refer\u00eancia em inova\u00e7\u00e3o entre as 204 universidades brasileiras, ocupando 12\u00aa posi\u00e7\u00e3o no Ranking Universit\u00e1rio da Folha (RUF), que avaliou 204 institui\u00e7\u00f5es, tanto p\u00fablicas quanto privadas. Entre as 11 federais mineiras, a UFOP se destacou com a sexta posi\u00e7\u00e3o, sendo que, na coloca\u00e7\u00e3o\u2026","rel":"","context":"In &quot;Geral&quot;","block_context":{"text":"Geral","link":"https:\/\/www.diariodeouropreto.com.br\/pt\/Editoria\/geral\/"},"img":{"alt_text":"","src":"https:\/\/i0.wp.com\/www.diariodeouropreto.com.br\/wp-content\/uploads\/2022\/02\/campus-ufop.jpg?resize=350%2C200&ssl=1","width":350,"height":200,"srcset":"https:\/\/i0.wp.com\/www.diariodeouropreto.com.br\/wp-content\/uploads\/2022\/02\/campus-ufop.jpg?resize=350%2C200&ssl=1 1x, https:\/\/i0.wp.com\/www.diariodeouropreto.com.br\/wp-content\/uploads\/2022\/02\/campus-ufop.jpg?resize=525%2C300&ssl=1 1.5x, https:\/\/i0.wp.com\/www.diariodeouropreto.com.br\/wp-content\/uploads\/2022\/02\/campus-ufop.jpg?resize=700%2C400&ssl=1 2x, https:\/\/i0.wp.com\/www.diariodeouropreto.com.br\/wp-content\/uploads\/2022\/02\/campus-ufop.jpg?resize=1050%2C600&ssl=1 3x"},"classes":[]}],"jetpack_sharing_enabled":true,"amp_enabled":true,"_links":{"self":[{"href":"https:\/\/www.diariodeouropreto.com.br\/pt\/wp-json\/wp\/v2\/posts\/50864","targetHints":{"allow":["GET"]}}],"collection":[{"href":"https:\/\/www.diariodeouropreto.com.br\/pt\/wp-json\/wp\/v2\/posts"}],"about":[{"href":"https:\/\/www.diariodeouropreto.com.br\/pt\/wp-json\/wp\/v2\/types\/post"}],"author":[{"embeddable":true,"href":"https:\/\/www.diariodeouropreto.com.br\/pt\/wp-json\/wp\/v2\/users\/6"}],"replies":[{"embeddable":true,"href":"https:\/\/www.diariodeouropreto.com.br\/pt\/wp-json\/wp\/v2\/comments?post=50864"}],"version-history":[{"count":1,"href":"https:\/\/www.diariodeouropreto.com.br\/pt\/wp-json\/wp\/v2\/posts\/50864\/revisions"}],"predecessor-version":[{"id":50867,"href":"https:\/\/www.diariodeouropreto.com.br\/pt\/wp-json\/wp\/v2\/posts\/50864\/revisions\/50867"}],"wp:featuredmedia":[{"embeddable":true,"href":"https:\/\/www.diariodeouropreto.com.br\/pt\/wp-json\/wp\/v2\/media\/50865"}],"wp:attachment":[{"href":"https:\/\/www.diariodeouropreto.com.br\/pt\/wp-json\/wp\/v2\/media?parent=50864"}],"wp:term":[{"taxonomy":"category","embeddable":true,"href":"https:\/\/www.diariodeouropreto.com.br\/pt\/wp-json\/wp\/v2\/categories?post=50864"},{"taxonomy":"post_tag","embeddable":true,"href":"https:\/\/www.diariodeouropreto.com.br\/pt\/wp-json\/wp\/v2\/tags?post=50864"}],"curies":[{"name":"wp","href":"https:\/\/api.w.org\/{rel}","templated":true}]}}