{"id":50860,"date":"2026-03-12T20:43:27","date_gmt":"2026-03-12T23:43:27","guid":{"rendered":"https:\/\/www.diariodeouropreto.com.br\/?p=50860"},"modified":"2026-03-12T20:43:36","modified_gmt":"2026-03-12T23:43:36","slug":"samarco-registra-receita-liquida-de-us-1898-bilhao-em-2025-e-alcanca-recorde-de-producao-desde-a-retomada","status":"publish","type":"post","link":"https:\/\/www.diariodeouropreto.com.br\/pt\/samarco-registra-receita-liquida-de-us-1898-bilhao-em-2025-e-alcanca-recorde-de-producao-desde-a-retomada\/","title":{"rendered":"Samarco registra receita l\u00edquida de US$ 1,898 bilh\u00e3o em 2025 e alcan\u00e7a recorde de produ\u00e7\u00e3o desde a retomada\u200b"},"content":{"rendered":"<p><strong>Empresa fortalece estrutura de capital, avan\u00e7a na repara\u00e7\u00e3o e mant\u00e9m foco em seguran\u00e7a operacional\u200b<\/strong><\/p>\n\n\n\n<p>A Samarco encerrou 2025 com resultados financeiros impulsionados por uma receita l\u00edquida de US$ 1,898 bilh\u00e3o e um EBITDA ajustado de US$ 1,087 bilh\u00e3o frente a US$ 834 milh\u00f5es do ano anterior (crescimento de 30,3%), n\u00fameros que refletem uma maior estabilidade operacional e disciplina de custos. Os n\u00fameros do \u00faltimo trimestre e os gerais do \u00faltimo ano foram divulgados nesta quinta-feira (12), em uma live com investidores, que abordou tamb\u00e9m as principais informa\u00e7\u00f5es das Demonstra\u00e7\u00f5es Financeiras.\u200b<\/p>\n\n\n\n<p>O desempenho financeiro do ano reflete, entre outros fatores, a consolida\u00e7\u00e3o do ramp-up (aumento gradual da produ\u00e7\u00e3o) das opera\u00e7\u00f5es at\u00e9 60% da capacidade instalada. A produ\u00e7\u00e3o anual totalizou 15,1 milh\u00f5es de toneladas de pelotas e finos de min\u00e9rio de ferro, sendo o maior volume desde a retomada das opera\u00e7\u00f5es em 2020. J\u00e1 as vendas foram de 15,9 milh\u00f5es de toneladas, crescimento de 68% frente ao obtido em 2024.\u200b<\/p>\n\n\n\n<p>O cumprimento das proje\u00e7\u00f5es refor\u00e7a a previsibilidade e a disciplina operacional da companhia. O presidente da Samarco, Rodrigo Vilela, destaca que 2025 foi um per\u00edodo decisivo. \u201cMantivemos o foco naquilo que est\u00e1 ao nosso alcance: operar com seguran\u00e7a, cuidar das nossas pessoas, cumprir o plano de neg\u00f3cios e avan\u00e7ar em nossos compromissos de longo prazo. Conclu\u00edmos o ramp-up da fase 2, estabilizamos as plantas e refor\u00e7amos a nossa gera\u00e7\u00e3o de caixa\u201d, afirmou.\u200b<\/p>\n\n\n\n<p>\u201cCom a forte gera\u00e7\u00e3o de caixa e a estabilidade operacional obtidas, conseguimos alcan\u00e7ar melhorias significativas. Al\u00e9m disso, a conclus\u00e3o da Recupera\u00e7\u00e3o Judicial marcou o t\u00e9rmino de um per\u00edodo de reorganiza\u00e7\u00e3o financeira e regulat\u00f3ria, refor\u00e7ando a governan\u00e7a corporativa e a capacidade de execu\u00e7\u00e3o da companhia para o longo prazo\u201d, declarou o diretor Financeiro, de Estrat\u00e9gia e Suprimentos, Gustavo Selayzim.\u200b<\/p>\n\n\n\n<p>A Samarco segue avan\u00e7ando na prepara\u00e7\u00e3o para retornar a 100% da capacidade instalada a partir de 2028. Para isso, investir\u00e1 R$ 13,8 bilh\u00f5es, j\u00e1 aprovados pelo Conselho de Administra\u00e7\u00e3o no final do ano passado, o maior montante j\u00e1 aportado pela empresa em sua hist\u00f3ria.\u200b<\/p>\n\n\n\n<p>\u201cTodos os resultados, somados a uma gest\u00e3o s\u00f3lida e respons\u00e1vel, criam bases firmes para a execu\u00e7\u00e3o da pr\u00f3xima fase. Retomaremos a nossa capacidade total e continuamos olhando e dialogando com os nossos territ\u00f3rios, focados na seguran\u00e7a e sem barragens de rejeito em nossas opera\u00e7\u00f5es\u201d, comentou Vilela.<\/p>\n\n\n\n<p><strong>Sa\u00fade e seguran\u00e7a<\/strong>\u200b<\/p>\n\n\n\n<p>Em 2025, a empresa alcan\u00e7ou uma Taxa Total de Frequ\u00eancia de Acidentes (TRIFR) de 0,63, desempenho superior \u00e0 refer\u00eancia global da ind\u00fastria, de 0,91. O \u00edndice de acidentes com afastamento (LTA) encerrou o ano em 0,13, refor\u00e7ando a robustez dos controles operacionais.\u200b<\/p>\n\n\n\n<p>A companhia tamb\u00e9m manteve 100% de conformidade nos relat\u00f3rios de estabilidade de barragens, al\u00e9m de renova\u00e7\u00e3o integral das Declara\u00e7\u00f5es de Condi\u00e7\u00e3o de Estabilidade (DCE) e das Declara\u00e7\u00f5es de Conformidade e Operacionalidade (DCO). Toda a opera\u00e7\u00e3o permaneceu aderente ao Global Industry Standard for Tailings Management (GISTM), padr\u00e3o global que orienta empresas de minera\u00e7\u00e3o na gest\u00e3o segura de barragens de rejeitos, refor\u00e7ando pr\u00e1ticas de seguran\u00e7a, governan\u00e7a e transpar\u00eancia para prevenir acidentes.\u200b<\/p>\n\n\n\n<p>A descaracteriza\u00e7\u00e3o da barragem do Germano encontra-se em est\u00e1gio avan\u00e7ado e tem previs\u00e3o de finaliza\u00e7\u00e3o para 2027, antecipando-se ao prazo legal originalmente definido, de 2029.\u200b<\/p>\n\n\n\n<p><strong>Avan\u00e7os concretos na repara\u00e7\u00e3o<\/strong>\u200b<\/p>\n\n\n\n<p>A repara\u00e7\u00e3o dos impactos decorrentes do rompimento de Fund\u00e3o continuou sendo um eixo central da atua\u00e7\u00e3o da Samarco em 2025. Ao longo do ano, a empresa concluiu o primeiro ciclo completo de execu\u00e7\u00e3o do Novo Acordo do Rio Doce, fortalecendo um modelo mais eficiente, transparente e direto.\u200b<\/p>\n\n\n\n<p>A liquida\u00e7\u00e3o da Funda\u00e7\u00e3o Renova foi conclu\u00edda, estabelecendo uma transi\u00e7\u00e3o para a execu\u00e7\u00e3o direta das a\u00e7\u00f5es pela Samarco, que, em 2025, destinou cerca de US$ 4 bilh\u00f5es em obriga\u00e7\u00e3o de fazer e aproximadamente US$ 2 bilh\u00f5es em obriga\u00e7\u00e3o de pagar.\u200b<\/p>\n\n\n\n<p>Em 2025, houve avan\u00e7os significativos em indeniza\u00e7\u00f5es, a conclus\u00e3o das obras dos reassentamentos que estavam em andamento antes da homologa\u00e7\u00e3o do Novo Acordo, al\u00e9m de iniciativas de recupera\u00e7\u00e3o ambiental, com foco em restaura\u00e7\u00e3o florestal, melhoria da qualidade da \u00e1gua e monitoramento cont\u00ednuo da Bacia do Rio Doce. Esses progressos refor\u00e7am o compromisso permanente da Samarco com uma repara\u00e7\u00e3o definitiva centrada nas comunidades e meio ambiente.\u200b<\/p>\n\n\n\n<div id=\"110712\" class=\"advads-saneouro advads-entity-placement\" style=\"margin-left: auto;margin-right: auto;text-align: center;\"><a href=\"https:\/\/www.saneouro.com.br\/\" target=\"_blank\" aria-label=\"DOP_Site\" data-wpel-link=\"external\" rel=\"follow external noopener noreferrer sponsored ugc\"><img src=\"https:\/\/www.diariodeouropreto.com.br\/wp-content\/uploads\/2026\/04\/DOP_Site.jpg\" alt=\"\"  srcset=\"https:\/\/www.diariodeouropreto.com.br\/wp-content\/uploads\/2026\/04\/DOP_Site.jpg 301w, https:\/\/www.diariodeouropreto.com.br\/wp-content\/uploads\/2026\/04\/DOP_Site-180x150.jpg 180w, https:\/\/www.diariodeouropreto.com.br\/wp-content\/uploads\/2026\/04\/DOP_Site-14x12.jpg 14w\" sizes=\"(max-width: 301px) 100vw, 301px\" width=\"301\" height=\"251\"  style=\"display: inline-block;\" \/><\/a><\/div><p>Fonte: Assessoria Samarco<\/p>\n\n\n\n<div id=\"50321\" class=\"advads-plantao advads-entity-placement\"><a href=\"https:\/\/www.diariodeouropreto.com.br\/pt\/\" target=\"_blank\" aria-label=\"site &#8211; noticia\" data-wpel-link=\"external\" rel=\"follow external noopener noreferrer sponsored ugc\"><img src=\"https:\/\/www.diariodeouropreto.com.br\/wp-content\/uploads\/2019\/09\/titulosite2-e1616373489755.jpg\" alt=\"\"  srcset=\"https:\/\/www.diariodeouropreto.com.br\/wp-content\/uploads\/2019\/09\/titulosite2-e1616373489755.jpg 1200w, https:\/\/www.diariodeouropreto.com.br\/wp-content\/uploads\/2019\/09\/titulosite2-e1616373489755-150x38.jpg 150w, https:\/\/www.diariodeouropreto.com.br\/wp-content\/uploads\/2019\/09\/titulosite2-e1616373489755-660x167.jpg 660w, https:\/\/www.diariodeouropreto.com.br\/wp-content\/uploads\/2019\/09\/titulosite2-e1616373489755-768x194.jpg 768w, https:\/\/www.diariodeouropreto.com.br\/wp-content\/uploads\/2019\/09\/titulosite2-e1616373489755-1000x252.jpg 1000w, https:\/\/www.diariodeouropreto.com.br\/wp-content\/uploads\/2019\/09\/titulosite2-e1616373489755-1536x388.jpg 1536w, https:\/\/www.diariodeouropreto.com.br\/wp-content\/uploads\/2019\/09\/titulosite2-e1616373489755-2048x517.jpg 2048w\" sizes=\"(max-width: 1200px) 100vw, 1200px\" width=\"1200\" height=\"303\"  style=\"display: inline-block;\" \/><\/a><\/div><p>Foto: Daniel Mansur -Nitro<\/p>","protected":false},"excerpt":{"rendered":"<p>Empresa fortalece estrutura de capital, avan\u00e7a na repara\u00e7\u00e3o e mant\u00e9m foco em seguran\u00e7a operacional\u200b A Samarco encerrou 2025 com resultados financeiros impulsionados por uma receita l\u00edquida de US$ 1,898 bilh\u00e3o e um EBITDA ajustado de US$ 1,087 bilh\u00e3o frente a US$ 834 milh\u00f5es do ano anterior (crescimento de 30,3%), n\u00fameros<span class=\"more-link\"><a href=\"https:\/\/www.diariodeouropreto.com.br\/pt\/samarco-registra-receita-liquida-de-us-1898-bilhao-em-2025-e-alcanca-recorde-de-producao-desde-a-retomada\/\" data-wpel-link=\"internal\">Continue Lendo<\/a><\/span><\/p>","protected":false},"author":1,"featured_media":50861,"comment_status":"closed","ping_status":"closed","sticky":false,"template":"","format":"standard","meta":{"_jetpack_memberships_contains_paid_content":false,"footnotes":"","jetpack_publicize_message":"Empresa fortalece estrutura de capital, avan\u00e7a na repara\u00e7\u00e3o e mant\u00e9m foco em seguran\u00e7a operacional\u200b","jetpack_publicize_feature_enabled":true,"jetpack_social_post_already_shared":false,"jetpack_social_options":{"image_generator_settings":{"template":"highway","default_image_id":0,"font":"","enabled":false},"version":2}},"categories":[824],"tags":[15],"class_list":["entry","author-diario","post-50860","post","type-post","status-publish","format-standard","has-post-thumbnail","category-geral","tag-mineracao"],"yoast_head":"<!-- This site is optimized with the Yoast SEO plugin v27.5 - https:\/\/yoast.com\/product\/yoast-seo-wordpress\/ -->\n<title>Samarco registra receita l\u00edquida de US$ 1,898 bilh\u00e3o em 2025 e alcan\u00e7a recorde de produ\u00e7\u00e3o desde a retomada\u200b - Di\u00e1rio de Ouro Preto<\/title>\n<meta name=\"description\" content=\"Empresa fortalece estrutura de capital, avan\u00e7a na repara\u00e7\u00e3o e mant\u00e9m foco em seguran\u00e7a operacional\u200b- Samarco registra receita l\u00edquida de US$ 1,898 bilh\u00e3o em 2025 e alcan\u00e7a recorde de produ\u00e7\u00e3o desde a retomada\u200b - Geral\" \/>\n<meta name=\"robots\" content=\"index, follow, max-snippet:-1, max-image-preview:large, max-video-preview:-1\" \/>\n<link rel=\"canonical\" href=\"https:\/\/www.diariodeouropreto.com.br\/pt\/samarco-registra-receita-liquida-de-us-1898-bilhao-em-2025-e-alcanca-recorde-de-producao-desde-a-retomada\/\" \/>\n<meta property=\"og:locale\" content=\"pt_PT\" \/>\n<meta property=\"og:type\" content=\"article\" \/>\n<meta property=\"og:title\" content=\"Samarco registra receita l\u00edquida de US$ 1,898 bilh\u00e3o em 2025 e alcan\u00e7a recorde de produ\u00e7\u00e3o desde a retomada\u200b - Di\u00e1rio de Ouro Preto\" \/>\n<meta property=\"og:description\" content=\"Empresa fortalece estrutura de capital, avan\u00e7a na repara\u00e7\u00e3o e mant\u00e9m foco em seguran\u00e7a operacional\u200b- Samarco registra receita l\u00edquida de US$ 1,898 bilh\u00e3o em 2025 e alcan\u00e7a recorde de produ\u00e7\u00e3o desde a retomada\u200b - Geral\" \/>\n<meta property=\"og:url\" content=\"https:\/\/www.diariodeouropreto.com.br\/pt\/samarco-registra-receita-liquida-de-us-1898-bilhao-em-2025-e-alcanca-recorde-de-producao-desde-a-retomada\/\" \/>\n<meta property=\"og:site_name\" content=\"Di\u00e1rio de Ouro Preto\" \/>\n<meta property=\"article:publisher\" content=\"https:\/\/www.facebook.com\/diariodeouropreto\/\" \/>\n<meta property=\"article:published_time\" content=\"2026-03-12T23:43:27+00:00\" \/>\n<meta property=\"article:modified_time\" content=\"2026-03-12T23:43:36+00:00\" \/>\n<meta property=\"og:image\" content=\"https:\/\/www.diariodeouropreto.com.br\/wp-content\/uploads\/2026\/03\/Samarco-foto-Daniel-Mansur-Nitro.jpg\" \/>\n\t<meta property=\"og:image:width\" content=\"1200\" \/>\n\t<meta property=\"og:image:height\" content=\"800\" \/>\n\t<meta property=\"og:image:type\" content=\"image\/jpeg\" \/>\n<meta name=\"author\" content=\"Di\u00e1rio de Ouro Preto\" \/>\n<meta name=\"twitter:card\" content=\"summary_large_image\" \/>\n<meta name=\"twitter:label1\" content=\"Escrito por\" \/>\n\t<meta name=\"twitter:data1\" content=\"Di\u00e1rio de Ouro Preto\" \/>\n\t<meta name=\"twitter:label2\" content=\"Tempo estimado de leitura\" \/>\n\t<meta name=\"twitter:data2\" content=\"4 minutos\" \/>\n<script type=\"application\/ld+json\" class=\"yoast-schema-graph\">{\"@context\":\"https:\\\/\\\/schema.org\",\"@graph\":[{\"@type\":\"Article\",\"@id\":\"https:\\\/\\\/www.diariodeouropreto.com.br\\\/samarco-registra-receita-liquida-de-us-1898-bilhao-em-2025-e-alcanca-recorde-de-producao-desde-a-retomada\\\/#article\",\"isPartOf\":{\"@id\":\"https:\\\/\\\/www.diariodeouropreto.com.br\\\/samarco-registra-receita-liquida-de-us-1898-bilhao-em-2025-e-alcanca-recorde-de-producao-desde-a-retomada\\\/\"},\"author\":{\"name\":\"Di\u00e1rio de Ouro Preto\",\"@id\":\"https:\\\/\\\/www.diariodeouropreto.com.br\\\/pt\\\/#\\\/schema\\\/person\\\/7654e7b471204a6dab6dc0ce6e140c99\"},\"headline\":\"Samarco registra receita l\u00edquida de US$ 1,898 bilh\u00e3o em 2025 e alcan\u00e7a recorde de produ\u00e7\u00e3o desde a retomada\u200b\",\"datePublished\":\"2026-03-12T23:43:27+00:00\",\"dateModified\":\"2026-03-12T23:43:36+00:00\",\"mainEntityOfPage\":{\"@id\":\"https:\\\/\\\/www.diariodeouropreto.com.br\\\/samarco-registra-receita-liquida-de-us-1898-bilhao-em-2025-e-alcanca-recorde-de-producao-desde-a-retomada\\\/\"},\"wordCount\":780,\"publisher\":{\"@id\":\"https:\\\/\\\/www.diariodeouropreto.com.br\\\/pt\\\/#organization\"},\"image\":{\"@id\":\"https:\\\/\\\/www.diariodeouropreto.com.br\\\/samarco-registra-receita-liquida-de-us-1898-bilhao-em-2025-e-alcanca-recorde-de-producao-desde-a-retomada\\\/#primaryimage\"},\"thumbnailUrl\":\"https:\\\/\\\/www.diariodeouropreto.com.br\\\/wp-content\\\/uploads\\\/2026\\\/03\\\/Samarco-foto-Daniel-Mansur-Nitro.jpg\",\"keywords\":[\"Minera\u00e7\u00e3o\"],\"articleSection\":[\"Geral\"],\"inLanguage\":\"pt-PT\"},{\"@type\":\"WebPage\",\"@id\":\"https:\\\/\\\/www.diariodeouropreto.com.br\\\/samarco-registra-receita-liquida-de-us-1898-bilhao-em-2025-e-alcanca-recorde-de-producao-desde-a-retomada\\\/\",\"url\":\"https:\\\/\\\/www.diariodeouropreto.com.br\\\/samarco-registra-receita-liquida-de-us-1898-bilhao-em-2025-e-alcanca-recorde-de-producao-desde-a-retomada\\\/\",\"name\":\"Samarco registra receita l\u00edquida de US$ 1,898 bilh\u00e3o em 2025 e alcan\u00e7a recorde de produ\u00e7\u00e3o desde a retomada\u200b - Di\u00e1rio de Ouro Preto\",\"isPartOf\":{\"@id\":\"https:\\\/\\\/www.diariodeouropreto.com.br\\\/pt\\\/#website\"},\"primaryImageOfPage\":{\"@id\":\"https:\\\/\\\/www.diariodeouropreto.com.br\\\/samarco-registra-receita-liquida-de-us-1898-bilhao-em-2025-e-alcanca-recorde-de-producao-desde-a-retomada\\\/#primaryimage\"},\"image\":{\"@id\":\"https:\\\/\\\/www.diariodeouropreto.com.br\\\/samarco-registra-receita-liquida-de-us-1898-bilhao-em-2025-e-alcanca-recorde-de-producao-desde-a-retomada\\\/#primaryimage\"},\"thumbnailUrl\":\"https:\\\/\\\/www.diariodeouropreto.com.br\\\/wp-content\\\/uploads\\\/2026\\\/03\\\/Samarco-foto-Daniel-Mansur-Nitro.jpg\",\"datePublished\":\"2026-03-12T23:43:27+00:00\",\"dateModified\":\"2026-03-12T23:43:36+00:00\",\"description\":\"Empresa fortalece estrutura de capital, avan\u00e7a na repara\u00e7\u00e3o e mant\u00e9m foco em seguran\u00e7a operacional\u200b- Samarco registra receita l\u00edquida de US$ 1,898 bilh\u00e3o em 2025 e alcan\u00e7a recorde de produ\u00e7\u00e3o desde a retomada\u200b - Geral\",\"breadcrumb\":{\"@id\":\"https:\\\/\\\/www.diariodeouropreto.com.br\\\/samarco-registra-receita-liquida-de-us-1898-bilhao-em-2025-e-alcanca-recorde-de-producao-desde-a-retomada\\\/#breadcrumb\"},\"inLanguage\":\"pt-PT\",\"potentialAction\":[{\"@type\":\"ReadAction\",\"target\":[\"https:\\\/\\\/www.diariodeouropreto.com.br\\\/samarco-registra-receita-liquida-de-us-1898-bilhao-em-2025-e-alcanca-recorde-de-producao-desde-a-retomada\\\/\"]}]},{\"@type\":\"ImageObject\",\"inLanguage\":\"pt-PT\",\"@id\":\"https:\\\/\\\/www.diariodeouropreto.com.br\\\/samarco-registra-receita-liquida-de-us-1898-bilhao-em-2025-e-alcanca-recorde-de-producao-desde-a-retomada\\\/#primaryimage\",\"url\":\"https:\\\/\\\/www.diariodeouropreto.com.br\\\/wp-content\\\/uploads\\\/2026\\\/03\\\/Samarco-foto-Daniel-Mansur-Nitro.jpg\",\"contentUrl\":\"https:\\\/\\\/www.diariodeouropreto.com.br\\\/wp-content\\\/uploads\\\/2026\\\/03\\\/Samarco-foto-Daniel-Mansur-Nitro.jpg\",\"width\":1200,\"height\":800},{\"@type\":\"BreadcrumbList\",\"@id\":\"https:\\\/\\\/www.diariodeouropreto.com.br\\\/samarco-registra-receita-liquida-de-us-1898-bilhao-em-2025-e-alcanca-recorde-de-producao-desde-a-retomada\\\/#breadcrumb\",\"itemListElement\":[{\"@type\":\"ListItem\",\"position\":1,\"name\":\"In\u00edcio\",\"item\":\"https:\\\/\\\/www.diariodeouropreto.com.br\\\/pt\\\/\"},{\"@type\":\"ListItem\",\"position\":2,\"name\":\"Samarco registra receita l\u00edquida de US$ 1,898 bilh\u00e3o em 2025 e alcan\u00e7a recorde de produ\u00e7\u00e3o desde a retomada\u200b\"}]},{\"@type\":\"WebSite\",\"@id\":\"https:\\\/\\\/www.diariodeouropreto.com.br\\\/pt\\\/#website\",\"url\":\"https:\\\/\\\/www.diariodeouropreto.com.br\\\/pt\\\/\",\"name\":\"Di\u00e1rio de Ouro Preto\",\"description\":\"Not\u00edcias Ouro Preto; Mariana;Minas Gerais;Jornal;Jornalismo;Not\u00edcias;\",\"publisher\":{\"@id\":\"https:\\\/\\\/www.diariodeouropreto.com.br\\\/pt\\\/#organization\"},\"alternateName\":\"Jornal di\u00e1rio de Ouro Preto\",\"potentialAction\":[{\"@type\":\"SearchAction\",\"target\":{\"@type\":\"EntryPoint\",\"urlTemplate\":\"https:\\\/\\\/www.diariodeouropreto.com.br\\\/pt\\\/?s={search_term_string}\"},\"query-input\":{\"@type\":\"PropertyValueSpecification\",\"valueRequired\":true,\"valueName\":\"search_term_string\"}}],\"inLanguage\":\"pt-PT\"},{\"@type\":\"Organization\",\"@id\":\"https:\\\/\\\/www.diariodeouropreto.com.br\\\/pt\\\/#organization\",\"name\":\"Di\u00e1rio de Ouro Preto\",\"alternateName\":\"Jornal di\u00e1rio Ouro Preto\",\"url\":\"https:\\\/\\\/www.diariodeouropreto.com.br\\\/pt\\\/\",\"logo\":{\"@type\":\"ImageObject\",\"inLanguage\":\"pt-PT\",\"@id\":\"https:\\\/\\\/www.diariodeouropreto.com.br\\\/pt\\\/#\\\/schema\\\/logo\\\/image\\\/\",\"url\":\"https:\\\/\\\/www.diariodeouropreto.com.br\\\/wp-content\\\/uploads\\\/2019\\\/06\\\/cropped-logotransp-2.png\",\"contentUrl\":\"https:\\\/\\\/www.diariodeouropreto.com.br\\\/wp-content\\\/uploads\\\/2019\\\/06\\\/cropped-logotransp-2.png\",\"width\":1323,\"height\":251,\"caption\":\"Di\u00e1rio de Ouro Preto\"},\"image\":{\"@id\":\"https:\\\/\\\/www.diariodeouropreto.com.br\\\/pt\\\/#\\\/schema\\\/logo\\\/image\\\/\"},\"sameAs\":[\"https:\\\/\\\/www.facebook.com\\\/diariodeouropreto\\\/\"]},{\"@type\":\"Person\",\"@id\":\"https:\\\/\\\/www.diariodeouropreto.com.br\\\/pt\\\/#\\\/schema\\\/person\\\/7654e7b471204a6dab6dc0ce6e140c99\",\"name\":\"Di\u00e1rio de Ouro Preto\",\"sameAs\":[\"http:\\\/\\\/www.diariodeouropreto.com.br\"],\"url\":\"https:\\\/\\\/www.diariodeouropreto.com.br\\\/pt\\\/author\\\/diario\\\/\"}]}<\/script>\n<!-- \/ Yoast SEO plugin. -->","yoast_head_json":{"title":"Samarco registra receita l\u00edquida de US$ 1,898 bilh\u00e3o em 2025 e alcan\u00e7a recorde de produ\u00e7\u00e3o desde a retomada\u200b - Di\u00e1rio de Ouro Preto","description":"Empresa fortalece estrutura de capital, avan\u00e7a na repara\u00e7\u00e3o e mant\u00e9m foco em seguran\u00e7a operacional\u200b- Samarco registra receita l\u00edquida de US$ 1,898 bilh\u00e3o em 2025 e alcan\u00e7a recorde de produ\u00e7\u00e3o desde a retomada\u200b - Geral","robots":{"index":"index","follow":"follow","max-snippet":"max-snippet:-1","max-image-preview":"max-image-preview:large","max-video-preview":"max-video-preview:-1"},"canonical":"https:\/\/www.diariodeouropreto.com.br\/pt\/samarco-registra-receita-liquida-de-us-1898-bilhao-em-2025-e-alcanca-recorde-de-producao-desde-a-retomada\/","og_locale":"pt_PT","og_type":"article","og_title":"Samarco registra receita l\u00edquida de US$ 1,898 bilh\u00e3o em 2025 e alcan\u00e7a recorde de produ\u00e7\u00e3o desde a retomada\u200b - Di\u00e1rio de Ouro Preto","og_description":"Empresa fortalece estrutura de capital, avan\u00e7a na repara\u00e7\u00e3o e mant\u00e9m foco em seguran\u00e7a operacional\u200b- Samarco registra receita l\u00edquida de US$ 1,898 bilh\u00e3o em 2025 e alcan\u00e7a recorde de produ\u00e7\u00e3o desde a retomada\u200b - Geral","og_url":"https:\/\/www.diariodeouropreto.com.br\/pt\/samarco-registra-receita-liquida-de-us-1898-bilhao-em-2025-e-alcanca-recorde-de-producao-desde-a-retomada\/","og_site_name":"Di\u00e1rio de Ouro Preto","article_publisher":"https:\/\/www.facebook.com\/diariodeouropreto\/","article_published_time":"2026-03-12T23:43:27+00:00","article_modified_time":"2026-03-12T23:43:36+00:00","og_image":[{"width":1200,"height":800,"url":"https:\/\/www.diariodeouropreto.com.br\/wp-content\/uploads\/2026\/03\/Samarco-foto-Daniel-Mansur-Nitro.jpg","type":"image\/jpeg"}],"author":"Di\u00e1rio de Ouro Preto","twitter_card":"summary_large_image","twitter_misc":{"Escrito por":"Di\u00e1rio de Ouro Preto","Tempo estimado de leitura":"4 minutos"},"schema":{"@context":"https:\/\/schema.org","@graph":[{"@type":"Article","@id":"https:\/\/www.diariodeouropreto.com.br\/samarco-registra-receita-liquida-de-us-1898-bilhao-em-2025-e-alcanca-recorde-de-producao-desde-a-retomada\/#article","isPartOf":{"@id":"https:\/\/www.diariodeouropreto.com.br\/samarco-registra-receita-liquida-de-us-1898-bilhao-em-2025-e-alcanca-recorde-de-producao-desde-a-retomada\/"},"author":{"name":"Di\u00e1rio de Ouro Preto","@id":"https:\/\/www.diariodeouropreto.com.br\/pt\/#\/schema\/person\/7654e7b471204a6dab6dc0ce6e140c99"},"headline":"Samarco registra receita l\u00edquida de US$ 1,898 bilh\u00e3o em 2025 e alcan\u00e7a recorde de produ\u00e7\u00e3o desde a retomada\u200b","datePublished":"2026-03-12T23:43:27+00:00","dateModified":"2026-03-12T23:43:36+00:00","mainEntityOfPage":{"@id":"https:\/\/www.diariodeouropreto.com.br\/samarco-registra-receita-liquida-de-us-1898-bilhao-em-2025-e-alcanca-recorde-de-producao-desde-a-retomada\/"},"wordCount":780,"publisher":{"@id":"https:\/\/www.diariodeouropreto.com.br\/pt\/#organization"},"image":{"@id":"https:\/\/www.diariodeouropreto.com.br\/samarco-registra-receita-liquida-de-us-1898-bilhao-em-2025-e-alcanca-recorde-de-producao-desde-a-retomada\/#primaryimage"},"thumbnailUrl":"https:\/\/www.diariodeouropreto.com.br\/wp-content\/uploads\/2026\/03\/Samarco-foto-Daniel-Mansur-Nitro.jpg","keywords":["Minera\u00e7\u00e3o"],"articleSection":["Geral"],"inLanguage":"pt-PT"},{"@type":"WebPage","@id":"https:\/\/www.diariodeouropreto.com.br\/samarco-registra-receita-liquida-de-us-1898-bilhao-em-2025-e-alcanca-recorde-de-producao-desde-a-retomada\/","url":"https:\/\/www.diariodeouropreto.com.br\/samarco-registra-receita-liquida-de-us-1898-bilhao-em-2025-e-alcanca-recorde-de-producao-desde-a-retomada\/","name":"Samarco registra receita l\u00edquida de US$ 1,898 bilh\u00e3o em 2025 e alcan\u00e7a recorde de produ\u00e7\u00e3o desde a retomada\u200b - Di\u00e1rio de Ouro Preto","isPartOf":{"@id":"https:\/\/www.diariodeouropreto.com.br\/pt\/#website"},"primaryImageOfPage":{"@id":"https:\/\/www.diariodeouropreto.com.br\/samarco-registra-receita-liquida-de-us-1898-bilhao-em-2025-e-alcanca-recorde-de-producao-desde-a-retomada\/#primaryimage"},"image":{"@id":"https:\/\/www.diariodeouropreto.com.br\/samarco-registra-receita-liquida-de-us-1898-bilhao-em-2025-e-alcanca-recorde-de-producao-desde-a-retomada\/#primaryimage"},"thumbnailUrl":"https:\/\/www.diariodeouropreto.com.br\/wp-content\/uploads\/2026\/03\/Samarco-foto-Daniel-Mansur-Nitro.jpg","datePublished":"2026-03-12T23:43:27+00:00","dateModified":"2026-03-12T23:43:36+00:00","description":"Empresa fortalece estrutura de capital, avan\u00e7a na repara\u00e7\u00e3o e mant\u00e9m foco em seguran\u00e7a operacional\u200b- Samarco registra receita l\u00edquida de US$ 1,898 bilh\u00e3o em 2025 e alcan\u00e7a recorde de produ\u00e7\u00e3o desde a retomada\u200b - Geral","breadcrumb":{"@id":"https:\/\/www.diariodeouropreto.com.br\/samarco-registra-receita-liquida-de-us-1898-bilhao-em-2025-e-alcanca-recorde-de-producao-desde-a-retomada\/#breadcrumb"},"inLanguage":"pt-PT","potentialAction":[{"@type":"ReadAction","target":["https:\/\/www.diariodeouropreto.com.br\/samarco-registra-receita-liquida-de-us-1898-bilhao-em-2025-e-alcanca-recorde-de-producao-desde-a-retomada\/"]}]},{"@type":"ImageObject","inLanguage":"pt-PT","@id":"https:\/\/www.diariodeouropreto.com.br\/samarco-registra-receita-liquida-de-us-1898-bilhao-em-2025-e-alcanca-recorde-de-producao-desde-a-retomada\/#primaryimage","url":"https:\/\/www.diariodeouropreto.com.br\/wp-content\/uploads\/2026\/03\/Samarco-foto-Daniel-Mansur-Nitro.jpg","contentUrl":"https:\/\/www.diariodeouropreto.com.br\/wp-content\/uploads\/2026\/03\/Samarco-foto-Daniel-Mansur-Nitro.jpg","width":1200,"height":800},{"@type":"BreadcrumbList","@id":"https:\/\/www.diariodeouropreto.com.br\/samarco-registra-receita-liquida-de-us-1898-bilhao-em-2025-e-alcanca-recorde-de-producao-desde-a-retomada\/#breadcrumb","itemListElement":[{"@type":"ListItem","position":1,"name":"In\u00edcio","item":"https:\/\/www.diariodeouropreto.com.br\/pt\/"},{"@type":"ListItem","position":2,"name":"Samarco registra receita l\u00edquida de US$ 1,898 bilh\u00e3o em 2025 e alcan\u00e7a recorde de produ\u00e7\u00e3o desde a retomada\u200b"}]},{"@type":"WebSite","@id":"https:\/\/www.diariodeouropreto.com.br\/pt\/#website","url":"https:\/\/www.diariodeouropreto.com.br\/pt\/","name":"Di\u00e1rio de Ouro Preto","description":"Not\u00edcias Ouro Preto; Mariana;Minas Gerais;Jornal;Jornalismo;Not\u00edcias;","publisher":{"@id":"https:\/\/www.diariodeouropreto.com.br\/pt\/#organization"},"alternateName":"Jornal di\u00e1rio de Ouro Preto","potentialAction":[{"@type":"SearchAction","target":{"@type":"EntryPoint","urlTemplate":"https:\/\/www.diariodeouropreto.com.br\/pt\/?s={search_term_string}"},"query-input":{"@type":"PropertyValueSpecification","valueRequired":true,"valueName":"search_term_string"}}],"inLanguage":"pt-PT"},{"@type":"Organization","@id":"https:\/\/www.diariodeouropreto.com.br\/pt\/#organization","name":"Di\u00e1rio de Ouro Preto","alternateName":"Jornal di\u00e1rio Ouro Preto","url":"https:\/\/www.diariodeouropreto.com.br\/pt\/","logo":{"@type":"ImageObject","inLanguage":"pt-PT","@id":"https:\/\/www.diariodeouropreto.com.br\/pt\/#\/schema\/logo\/image\/","url":"https:\/\/www.diariodeouropreto.com.br\/wp-content\/uploads\/2019\/06\/cropped-logotransp-2.png","contentUrl":"https:\/\/www.diariodeouropreto.com.br\/wp-content\/uploads\/2019\/06\/cropped-logotransp-2.png","width":1323,"height":251,"caption":"Di\u00e1rio de Ouro Preto"},"image":{"@id":"https:\/\/www.diariodeouropreto.com.br\/pt\/#\/schema\/logo\/image\/"},"sameAs":["https:\/\/www.facebook.com\/diariodeouropreto\/"]},{"@type":"Person","@id":"https:\/\/www.diariodeouropreto.com.br\/pt\/#\/schema\/person\/7654e7b471204a6dab6dc0ce6e140c99","name":"Di\u00e1rio de Ouro Preto","sameAs":["http:\/\/www.diariodeouropreto.com.br"],"url":"https:\/\/www.diariodeouropreto.com.br\/pt\/author\/diario\/"}]}},"jetpack_publicize_connections":[],"jetpack_featured_media_url":"https:\/\/www.diariodeouropreto.com.br\/wp-content\/uploads\/2026\/03\/Samarco-foto-Daniel-Mansur-Nitro.jpg","jetpack-related-posts":[{"id":44381,"url":"https:\/\/www.diariodeouropreto.com.br\/pt\/samarco-apresenta-resultados-obtidos-no-primeiro-trimestre-de-2025-com-producao-recorde-desde-a-retomada-operacional\/","url_meta":{"origin":50860,"position":0},"title":"Samarco apresenta resultados obtidos no primeiro trimestre de 2025, com produ\u00e7\u00e3o recorde desde a retomada operacional","author":"Di\u00e1rio de Ouro Preto","date":"12 de Maio de 2025","format":false,"excerpt":"Empresa tamb\u00e9m divulgou estimativa de investimentos para alcan\u00e7ar 100% da capacidade produtiva A Samarco divulgou, nesta segunda-feira (12), em uma live com investidores os resultados do primeiro trimestre deste ano e os investimentos necess\u00e1rios para que a empresa alcance 100% da capacidade produtiva instalada at\u00e9 2028. A empresa atingiu, nos\u2026","rel":"","context":"In &quot;Geral&quot;","block_context":{"text":"Geral","link":"https:\/\/www.diariodeouropreto.com.br\/pt\/Editoria\/geral\/"},"img":{"alt_text":"","src":"https:\/\/i0.wp.com\/www.diariodeouropreto.com.br\/wp-content\/uploads\/2025\/05\/Complexo-de-Germano-MG.jpg?resize=350%2C200&ssl=1","width":350,"height":200,"srcset":"https:\/\/i0.wp.com\/www.diariodeouropreto.com.br\/wp-content\/uploads\/2025\/05\/Complexo-de-Germano-MG.jpg?resize=350%2C200&ssl=1 1x, https:\/\/i0.wp.com\/www.diariodeouropreto.com.br\/wp-content\/uploads\/2025\/05\/Complexo-de-Germano-MG.jpg?resize=525%2C300&ssl=1 1.5x, https:\/\/i0.wp.com\/www.diariodeouropreto.com.br\/wp-content\/uploads\/2025\/05\/Complexo-de-Germano-MG.jpg?resize=700%2C400&ssl=1 2x, https:\/\/i0.wp.com\/www.diariodeouropreto.com.br\/wp-content\/uploads\/2025\/05\/Complexo-de-Germano-MG.jpg?resize=1050%2C600&ssl=1 3x"},"classes":[]},{"id":34298,"url":"https:\/\/www.diariodeouropreto.com.br\/pt\/relatorio-de-sustentabilidade-da-samarco-apresenta-avancos-na-gestao-de-sustentabilidade\/","url_meta":{"origin":50860,"position":1},"title":"Relat\u00f3rio de Sustentabilidade da Samarco apresenta avan\u00e7os na gest\u00e3o de sustentabilidade","author":"Di\u00e1rio de Ouro Preto","date":"10 de Junho de 2024","format":false,"excerpt":"A Samarco divulgou, nessa segunda-feira (10\/06), o Relat\u00f3rio Anual de Sustentabilidade 2023, que destaca os progressos obtidos na gest\u00e3o de temas ambientais, sociais e de governan\u00e7a, presentes de forma transversal em toda a empresa. O relat\u00f3rio aponta os avan\u00e7os em 2023, ano em que a empresa alcan\u00e7ou a marca 25,7\u2026","rel":"","context":"In &quot;Cidades&quot;","block_context":{"text":"Cidades","link":"https:\/\/www.diariodeouropreto.com.br\/pt\/Editoria\/cidades\/"},"img":{"alt_text":"","src":"https:\/\/i0.wp.com\/www.diariodeouropreto.com.br\/wp-content\/uploads\/2024\/06\/RAS-Le.jpg?resize=350%2C200&ssl=1","width":350,"height":200,"srcset":"https:\/\/i0.wp.com\/www.diariodeouropreto.com.br\/wp-content\/uploads\/2024\/06\/RAS-Le.jpg?resize=350%2C200&ssl=1 1x, https:\/\/i0.wp.com\/www.diariodeouropreto.com.br\/wp-content\/uploads\/2024\/06\/RAS-Le.jpg?resize=525%2C300&ssl=1 1.5x"},"classes":[]},{"id":50508,"url":"https:\/\/www.diariodeouropreto.com.br\/pt\/gerdau-encerra-2025-com-ebitda-ajustado-de-r-101-bilhoes\/","url_meta":{"origin":50860,"position":2},"title":"Gerdau encerra 2025 com Ebitda ajustado de R$ 10,1 bilh\u00f5es","author":"Di\u00e1rio de Ouro Preto","date":"24 de Fevereiro de 2026","format":false,"excerpt":"Resultados financeiros foram positivamente\u00a0beneficiados\u00a0pelo bom desempenho do mercado norte-americano A Gerdau, maior empresa brasileira produtora de a\u00e7o, concluiu o\u00a0exerc\u00edcio de 2025\u00a0com Ebitda ajustado (lucro antes de juros, impostos, deprecia\u00e7\u00f5es e amortiza\u00e7\u00f5es) de R$ 10,1\u00a0bilh\u00f5es, com margem Ebitda ajustada de 14,4%.\u00a0A\u00a0receita l\u00edquida\u00a0da Companhia\u00a0somou R$ 69,9\u00a0bilh\u00f5es e as vendas f\u00edsicas de a\u00e7o\u2026","rel":"","context":"In &quot;Cidades&quot;","block_context":{"text":"Cidades","link":"https:\/\/www.diariodeouropreto.com.br\/pt\/Editoria\/cidades\/"},"img":{"alt_text":"","src":"https:\/\/i0.wp.com\/www.diariodeouropreto.com.br\/wp-content\/uploads\/2021\/07\/Imagem-geral_Gerdau.png?resize=350%2C200&ssl=1","width":350,"height":200,"srcset":"https:\/\/i0.wp.com\/www.diariodeouropreto.com.br\/wp-content\/uploads\/2021\/07\/Imagem-geral_Gerdau.png?resize=350%2C200&ssl=1 1x, https:\/\/i0.wp.com\/www.diariodeouropreto.com.br\/wp-content\/uploads\/2021\/07\/Imagem-geral_Gerdau.png?resize=525%2C300&ssl=1 1.5x, https:\/\/i0.wp.com\/www.diariodeouropreto.com.br\/wp-content\/uploads\/2021\/07\/Imagem-geral_Gerdau.png?resize=700%2C400&ssl=1 2x"},"classes":[]},{"id":14335,"url":"https:\/\/www.diariodeouropreto.com.br\/pt\/eletrobras-teve-lucro-de-r-57-bilhoes-em-2021\/","url_meta":{"origin":50860,"position":3},"title":"Eletrobras teve lucro de R$ 5,7 bilh\u00f5es em 2021","author":"Di\u00e1rio de Ouro Preto","date":"19 de Mar\u00e7o de 2022","format":false,"excerpt":"A Eletrobras informou\u00a0que o lucro consolidado em 2021 chegou a R$ 5,7 bilh\u00f5es. O resultado se deu com o lucro l\u00edquido de R$ 610 milh\u00f5es no quarto trimestre, que, segundo a companhia, foi influenciado positivamente por seu desempenho operacional. A empresa \u00e9 respons\u00e1vel por 28% da gera\u00e7\u00e3o da energia el\u00e9trica\u2026","rel":"","context":"In &quot;Brasil&quot;","block_context":{"text":"Brasil","link":"https:\/\/www.diariodeouropreto.com.br\/pt\/Editoria\/brasil\/"},"img":{"alt_text":"","src":"https:\/\/i0.wp.com\/www.diariodeouropreto.com.br\/wp-content\/uploads\/2019\/09\/cropped-titulosite-e1627950238119.jpg?resize=350%2C200&ssl=1","width":350,"height":200,"srcset":"https:\/\/i0.wp.com\/www.diariodeouropreto.com.br\/wp-content\/uploads\/2019\/09\/cropped-titulosite-e1627950238119.jpg?resize=350%2C200&ssl=1 1x, https:\/\/i0.wp.com\/www.diariodeouropreto.com.br\/wp-content\/uploads\/2019\/09\/cropped-titulosite-e1627950238119.jpg?resize=525%2C300&ssl=1 1.5x, https:\/\/i0.wp.com\/www.diariodeouropreto.com.br\/wp-content\/uploads\/2019\/09\/cropped-titulosite-e1627950238119.jpg?resize=700%2C400&ssl=1 2x"},"classes":[]},{"id":24228,"url":"https:\/\/www.diariodeouropreto.com.br\/pt\/samarco-aprova-investimento-de-cerca-de-r-13-bilhao\/","url_meta":{"origin":50860,"position":4},"title":"Samarco aprova investimento de cerca de R$ 1,3 bilh\u00e3o","author":"Di\u00e1rio de Ouro Preto","date":"7 de Julho de 2023","format":false,"excerpt":"A previs\u00e3o \u00e9 de gerar cerca de 3.000 postos de trabalho nas unidades de Minas Gerais e Esp\u00edrito Santo.As contrata\u00e7\u00f5es j\u00e1 come\u00e7aram e a maior parte das vagas ser\u00e3o abertas no primeiro semestre de 2024 O Conselho de Administra\u00e7\u00e3o da Samarco aprovou investimento de R$ 1,3 bilh\u00e3o para que a\u2026","rel":"","context":"In &quot;Manchete do dia&quot;","block_context":{"text":"Manchete do dia","link":"https:\/\/www.diariodeouropreto.com.br\/pt\/Editoria\/manchete-do-dia\/"},"img":{"alt_text":"","src":"https:\/\/i0.wp.com\/www.diariodeouropreto.com.br\/wp-content\/uploads\/2023\/07\/06.07.23-Samarco-.jpeg?resize=350%2C200&ssl=1","width":350,"height":200,"srcset":"https:\/\/i0.wp.com\/www.diariodeouropreto.com.br\/wp-content\/uploads\/2023\/07\/06.07.23-Samarco-.jpeg?resize=350%2C200&ssl=1 1x, https:\/\/i0.wp.com\/www.diariodeouropreto.com.br\/wp-content\/uploads\/2023\/07\/06.07.23-Samarco-.jpeg?resize=525%2C300&ssl=1 1.5x, https:\/\/i0.wp.com\/www.diariodeouropreto.com.br\/wp-content\/uploads\/2023\/07\/06.07.23-Samarco-.jpeg?resize=700%2C400&ssl=1 2x, https:\/\/i0.wp.com\/www.diariodeouropreto.com.br\/wp-content\/uploads\/2023\/07\/06.07.23-Samarco-.jpeg?resize=1050%2C600&ssl=1 3x"},"classes":[]},{"id":51879,"url":"https:\/\/www.diariodeouropreto.com.br\/pt\/samarco-avanca-em-sustentabilidade-e-reporta-resultados-operacionais-e-socioambientais-em-2025\/","url_meta":{"origin":50860,"position":5},"title":"Samarco avan\u00e7a em sustentabilidade e reporta resultados operacionais e socioambientais em 2025","author":"Di\u00e1rio de Ouro Preto","date":"23 de Abril de 2026","format":false,"excerpt":"Companhia amplia recircula\u00e7\u00e3o de \u00e1gua, mant\u00e9m uso de energia renov\u00e1vel e refor\u00e7a governan\u00e7a e agenda de repara\u00e7\u00e3o A Samarco apresentou avan\u00e7os relevantes em sua agenda de sustentabilidade em 2025, com evolu\u00e7\u00e3o consistente em indicadores ambientais, sociais e de governan\u00e7a. Os dados constam no Relat\u00f3rio Anual de Sustentabilidade (RAS 2025), divulgado\u2026","rel":"","context":"In &quot;Cidades&quot;","block_context":{"text":"Cidades","link":"https:\/\/www.diariodeouropreto.com.br\/pt\/Editoria\/cidades\/"},"img":{"alt_text":"","src":"https:\/\/i0.wp.com\/www.diariodeouropreto.com.br\/wp-content\/uploads\/2026\/04\/Germano-Tanque-da-Estacao-de-Tratamento-de-Agua-do-Complexo-de-Germano-em-Mariana-foto-Nitro.jpg?resize=350%2C200&ssl=1","width":350,"height":200,"srcset":"https:\/\/i0.wp.com\/www.diariodeouropreto.com.br\/wp-content\/uploads\/2026\/04\/Germano-Tanque-da-Estacao-de-Tratamento-de-Agua-do-Complexo-de-Germano-em-Mariana-foto-Nitro.jpg?resize=350%2C200&ssl=1 1x, https:\/\/i0.wp.com\/www.diariodeouropreto.com.br\/wp-content\/uploads\/2026\/04\/Germano-Tanque-da-Estacao-de-Tratamento-de-Agua-do-Complexo-de-Germano-em-Mariana-foto-Nitro.jpg?resize=525%2C300&ssl=1 1.5x, https:\/\/i0.wp.com\/www.diariodeouropreto.com.br\/wp-content\/uploads\/2026\/04\/Germano-Tanque-da-Estacao-de-Tratamento-de-Agua-do-Complexo-de-Germano-em-Mariana-foto-Nitro.jpg?resize=700%2C400&ssl=1 2x, https:\/\/i0.wp.com\/www.diariodeouropreto.com.br\/wp-content\/uploads\/2026\/04\/Germano-Tanque-da-Estacao-de-Tratamento-de-Agua-do-Complexo-de-Germano-em-Mariana-foto-Nitro.jpg?resize=1050%2C600&ssl=1 3x"},"classes":[]}],"jetpack_sharing_enabled":true,"amp_enabled":true,"_links":{"self":[{"href":"https:\/\/www.diariodeouropreto.com.br\/pt\/wp-json\/wp\/v2\/posts\/50860","targetHints":{"allow":["GET"]}}],"collection":[{"href":"https:\/\/www.diariodeouropreto.com.br\/pt\/wp-json\/wp\/v2\/posts"}],"about":[{"href":"https:\/\/www.diariodeouropreto.com.br\/pt\/wp-json\/wp\/v2\/types\/post"}],"author":[{"embeddable":true,"href":"https:\/\/www.diariodeouropreto.com.br\/pt\/wp-json\/wp\/v2\/users\/1"}],"replies":[{"embeddable":true,"href":"https:\/\/www.diariodeouropreto.com.br\/pt\/wp-json\/wp\/v2\/comments?post=50860"}],"version-history":[{"count":2,"href":"https:\/\/www.diariodeouropreto.com.br\/pt\/wp-json\/wp\/v2\/posts\/50860\/revisions"}],"predecessor-version":[{"id":50863,"href":"https:\/\/www.diariodeouropreto.com.br\/pt\/wp-json\/wp\/v2\/posts\/50860\/revisions\/50863"}],"wp:featuredmedia":[{"embeddable":true,"href":"https:\/\/www.diariodeouropreto.com.br\/pt\/wp-json\/wp\/v2\/media\/50861"}],"wp:attachment":[{"href":"https:\/\/www.diariodeouropreto.com.br\/pt\/wp-json\/wp\/v2\/media?parent=50860"}],"wp:term":[{"taxonomy":"category","embeddable":true,"href":"https:\/\/www.diariodeouropreto.com.br\/pt\/wp-json\/wp\/v2\/categories?post=50860"},{"taxonomy":"post_tag","embeddable":true,"href":"https:\/\/www.diariodeouropreto.com.br\/pt\/wp-json\/wp\/v2\/tags?post=50860"}],"curies":[{"name":"wp","href":"https:\/\/api.w.org\/{rel}","templated":true}]}}