{"id":50857,"date":"2026-03-12T16:21:19","date_gmt":"2026-03-12T19:21:19","guid":{"rendered":"https:\/\/www.diariodeouropreto.com.br\/?p=50857"},"modified":"2026-03-12T16:21:27","modified_gmt":"2026-03-12T19:21:27","slug":"dia-mundial-do-rim-doencas-renais-sao-silenciosas-e-exigem-atencao","status":"publish","type":"post","link":"https:\/\/www.diariodeouropreto.com.br\/pt\/dia-mundial-do-rim-doencas-renais-sao-silenciosas-e-exigem-atencao\/","title":{"rendered":"Dia Mundial do Rim: doen\u00e7as renais s\u00e3o silenciosas e exigem aten\u00e7\u00e3o"},"content":{"rendered":"<p><strong>SBN defende investimentos em educa\u00e7\u00e3o e preven\u00e7\u00e3o<br><\/strong><\/p>\n\n\n\n<p>Em maio de 2025, a Organiza\u00e7\u00e3o Mundial da Sa\u00fade (OMS) reconheceu a doen\u00e7a renal como prioridade mundial em sa\u00fade p\u00fablica. Com isso, a doen\u00e7a renal cr\u00f4nica (DRC) passou a figurar entre as chamadas doen\u00e7as cr\u00f4nicas n\u00e3o transmiss\u00edveis priorit\u00e1rias, ao lado das doen\u00e7as cardiovasculares, neoplasias, diabetes e doen\u00e7as respirat\u00f3rias cr\u00f4nicas.<\/p>\n\n\n\n<p>Para a Sociedade Brasileira de Nefrologia (SBN), o reconhecimento amplia a visibilidade da DRC no cen\u00e1rio internacional e refor\u00e7a a necessidade de investimentos em educa\u00e7\u00e3o, preven\u00e7\u00e3o, diagn\u00f3stico precoce e tratamento. No Dia Mundial do Rim, lembrado nesta quinta-feira (12), a entidade alerta ainda para o impacto de fatores ambientais sobre o risco de doen\u00e7a renal ao longo da vida.<\/p>\n\n\n\n<p>\u201cEsse tema amplia o olhar para al\u00e9m do tratamento, estimulando a\u00e7\u00f5es que promovam pr\u00e1ticas sustent\u00e1veis no cuidado renal e reduzam impactos ecol\u00f3gicos, especialmente em servi\u00e7os de sa\u00fade. Sustentabilidade, nesse contexto, significa tamb\u00e9m preven\u00e7\u00e3o qualificada e redu\u00e7\u00e3o de exposi\u00e7\u00f5es evit\u00e1veis desde os primeiros est\u00e1gios da vida\u201d, destacou a institui\u00e7\u00e3o.<\/p>\n\n\n\n<p>Em entrevista \u00e0 <strong>Ag\u00eancia Brasil<\/strong>, o m\u00e9dico nefrologista do Hospital Universit\u00e1rio de Bras\u00edlia (HUB), administrado pela Empresa Brasileira de Servi\u00e7os Hospitalares (Ebserh), Geraldo Freitas, destacou que os rins s\u00e3o \u00f3rg\u00e3os considerados essenciais para o funcionamento do organismo, mantendo o metabolismo equilibrado, realizando a filtragem do sangue e eliminando toxinas por meio da urina.<\/p>\n\n\n\n<p>\u201cAl\u00e9m disso, eles controlam nosso equil\u00edbrio de eletr\u00f3litos ou sais do corpo, portanto, eles mant\u00eam s\u00f3dio, pot\u00e1ssio, c\u00e1lcio, tudo equilibrado pra que a gente mantenha todo o funcionamento dos outros sintomas\u201d, disse. \u201cEles tamb\u00e9m produzem alguns horm\u00f4nios relacionados ao controle de press\u00e3o\u201d, completou.<\/p>\n\n\n\n<p>O especialista alerta, entretanto, que algumas condi\u00e7\u00f5es podem afetar o bom funcionamento dos rins ou mesmo paralisar a fun\u00e7\u00e3o renal por completo. Segundo Freitas, h\u00e1 fatores de risco espec\u00edficos que acabam colaborando para o desenvolvimento desse tipo de quadro. Entre eles est\u00e3o:<\/p>\n\n\n\n<ul class=\"wp-block-list\">\n<li>diabetes mellitus;<\/li>\n\n\n\n<li>hipertens\u00e3o arterial sist\u00eamica;<\/li>\n\n\n\n<li>hist\u00f3rico familiar de doen\u00e7a renal;<\/li>\n\n\n\n<li>obesidade;<\/li>\n\n\n\n<li>sedentarismo;<\/li>\n\n\n\n<li>tabagismo;<\/li>\n\n\n\n<li>uso cr\u00f4nico ou inadequado de anti-inflamat\u00f3rios n\u00e3o esteroidais e outros nefrot\u00f3xicos;<\/li>\n\n\n\n<li>doen\u00e7as cardiovasculares;<\/li>\n\n\n\n<li>infec\u00e7\u00f5es do trato urin\u00e1rio recorrentes ou obstru\u00e7\u00e3o urin\u00e1ria;<\/li>\n\n\n\n<li>desidrata\u00e7\u00e3o frequente;<\/li>\n\n\n\n<li>consumo inadequado de \u00e1gua.<\/li>\n<\/ul>\n\n\n\n<p>\u201cAlguns medicamentos tamb\u00e9m podem ser nefrot\u00f3xicos e causarem a perda da fun\u00e7\u00e3o renal ao longo do tempo. Os mais relacionados com isso s\u00e3o os anti-inflamat\u00f3rios n\u00e3o hormonais, que devem ser evitados de maneira geral. No caso de pacientes com doen\u00e7as em que o uso \u00e9 obrigat\u00f3rio, isso deve ser monitorado.\u201d<\/p>\n\n\n\n<p>Ainda de acordo com o m\u00e9dico, muitas vezes, doen\u00e7as renais acabam surgindo e avan\u00e7ando de forma silenciosa. \u201c\u00c9 frequente nos consult\u00f3rios de nefrologia que os pacientes apare\u00e7am, j\u00e1 na primeira consulta, com perdas importantes da fun\u00e7\u00e3o renal\u201d. Por esse motivo, identificar os sinais de alerta \u00e9 considerado fundamental.<\/p>\n\n\n\n<p>\u201c\u00c9 importante fazer os exames para rastreio das fun\u00e7\u00f5es renais, que s\u00e3o basicamente a creatinina e um exame de urina, incluindo a pesquisa de albumin\u00faria. Com esses exames b\u00e1sicos, j\u00e1 \u00e9 poss\u00edvel fazer o rastreio de alguma les\u00e3o ainda no in\u00edcio. Tamb\u00e9m \u00e9 relevante fazer a aferi\u00e7\u00e3o da press\u00e3o e exames de glicemia e hemoglobina glicada para avalia\u00e7\u00e3o de uma poss\u00edvel diabetes.\u201d<\/p>\n\n\n\n<p><strong>Dentre os principais sintomas que, de acordo com o nefrologista, indicam a necessidade de procurar ajuda m\u00e9dica est\u00e3o<\/strong>:<\/p>\n\n\n\n<div id=\"110712\" class=\"advads-saneouro advads-entity-placement\" style=\"margin-left: auto;margin-right: auto;text-align: center;\"><a href=\"https:\/\/www.saneouro.com.br\/\" target=\"_blank\" aria-label=\"DOP_Site\" data-wpel-link=\"external\" rel=\"follow external noopener noreferrer sponsored ugc\"><img src=\"https:\/\/www.diariodeouropreto.com.br\/wp-content\/uploads\/2026\/04\/DOP_Site.jpg\" alt=\"\"  srcset=\"https:\/\/www.diariodeouropreto.com.br\/wp-content\/uploads\/2026\/04\/DOP_Site.jpg 301w, https:\/\/www.diariodeouropreto.com.br\/wp-content\/uploads\/2026\/04\/DOP_Site-180x150.jpg 180w, https:\/\/www.diariodeouropreto.com.br\/wp-content\/uploads\/2026\/04\/DOP_Site-14x12.jpg 14w\" sizes=\"(max-width: 301px) 100vw, 301px\" width=\"301\" height=\"251\"  style=\"display: inline-block;\" \/><\/a><\/div><ul class=\"wp-block-list\">\n<li>incha\u00e7o nas pernas, nos tornozelos e no rosto;<\/li>\n\n\n\n<li>urina muito escura e\/ou espumosa;<\/li>\n\n\n\n<li>mudan\u00e7a s\u00fabita no padr\u00e3o urin\u00e1rio, incluindo frequ\u00eancia e urg\u00eancia;<\/li>\n\n\n\n<li>invers\u00e3o do ritmo urin\u00e1rio, com maior volume urin\u00e1rio no per\u00edodo noturno;<\/li>\n\n\n\n<li>dor intensa no flanco ou c\u00f3licas renais;<\/li>\n\n\n\n<li>fadiga excessiva;<\/li>\n\n\n\n<li>perda de apetite acompanhada de n\u00e1useas e v\u00f4mitos persistentes;<\/li>\n\n\n\n<li>aumento persistente da press\u00e3o arterial;<\/li>\n\n\n\n<li>glicemias de dif\u00edcil controle;<\/li>\n\n\n\n<li>altera\u00e7\u00f5es neurol\u00f3gicas agudas, com presen\u00e7a de confus\u00e3o mental ou falta de ar s\u00fabita.<\/li>\n<\/ul>\n\n\n\n<div id=\"50321\" class=\"advads-plantao advads-entity-placement\"><a href=\"https:\/\/www.diariodeouropreto.com.br\/pt\/\" target=\"_blank\" aria-label=\"site &#8211; noticia\" data-wpel-link=\"external\" rel=\"follow external noopener noreferrer sponsored ugc\"><img src=\"https:\/\/www.diariodeouropreto.com.br\/wp-content\/uploads\/2019\/09\/titulosite2-e1616373489755.jpg\" alt=\"\"  srcset=\"https:\/\/www.diariodeouropreto.com.br\/wp-content\/uploads\/2019\/09\/titulosite2-e1616373489755.jpg 1200w, https:\/\/www.diariodeouropreto.com.br\/wp-content\/uploads\/2019\/09\/titulosite2-e1616373489755-150x38.jpg 150w, https:\/\/www.diariodeouropreto.com.br\/wp-content\/uploads\/2019\/09\/titulosite2-e1616373489755-660x167.jpg 660w, https:\/\/www.diariodeouropreto.com.br\/wp-content\/uploads\/2019\/09\/titulosite2-e1616373489755-768x194.jpg 768w, https:\/\/www.diariodeouropreto.com.br\/wp-content\/uploads\/2019\/09\/titulosite2-e1616373489755-1000x252.jpg 1000w, https:\/\/www.diariodeouropreto.com.br\/wp-content\/uploads\/2019\/09\/titulosite2-e1616373489755-1536x388.jpg 1536w, https:\/\/www.diariodeouropreto.com.br\/wp-content\/uploads\/2019\/09\/titulosite2-e1616373489755-2048x517.jpg 2048w\" sizes=\"(max-width: 1200px) 100vw, 1200px\" width=\"1200\" height=\"303\"  style=\"display: inline-block;\" \/><\/a><\/div><p><strong>Paula Laboissi\u00e8re \u2013 Rep\u00f3rter da Ag\u00eancia Brasil<\/strong><\/p>","protected":false},"excerpt":{"rendered":"<p>SBN defende investimentos em educa\u00e7\u00e3o e preven\u00e7\u00e3o Em maio de 2025, a Organiza\u00e7\u00e3o Mundial da Sa\u00fade (OMS) reconheceu a doen\u00e7a renal como prioridade mundial em sa\u00fade p\u00fablica. Com isso, a doen\u00e7a renal cr\u00f4nica (DRC) passou a figurar entre as chamadas doen\u00e7as cr\u00f4nicas n\u00e3o transmiss\u00edveis priorit\u00e1rias, ao lado das doen\u00e7as cardiovasculares,<span class=\"more-link\"><a href=\"https:\/\/www.diariodeouropreto.com.br\/pt\/dia-mundial-do-rim-doencas-renais-sao-silenciosas-e-exigem-atencao\/\" data-wpel-link=\"internal\">Continue Lendo<\/a><\/span><\/p>","protected":false},"author":1,"featured_media":50858,"comment_status":"closed","ping_status":"closed","sticky":false,"template":"","format":"standard","meta":{"_jetpack_memberships_contains_paid_content":false,"footnotes":"","jetpack_publicize_message":"SBN defende investimentos em educa\u00e7\u00e3o e preven\u00e7\u00e3o\n","jetpack_publicize_feature_enabled":true,"jetpack_social_post_already_shared":false,"jetpack_social_options":{"image_generator_settings":{"template":"highway","default_image_id":0,"font":"","enabled":false},"version":2}},"categories":[61],"tags":[],"class_list":["entry","author-diario","post-50857","post","type-post","status-publish","format-standard","has-post-thumbnail","category-saude"],"yoast_head":"<!-- This site is optimized with the Yoast SEO plugin v27.5 - https:\/\/yoast.com\/product\/yoast-seo-wordpress\/ -->\n<title>Dia Mundial do Rim: doen\u00e7as renais s\u00e3o silenciosas e exigem aten\u00e7\u00e3o - Di\u00e1rio de Ouro Preto<\/title>\n<meta name=\"description\" content=\"SBN defende investimentos em educa\u00e7\u00e3o e preven\u00e7\u00e3o- Dia Mundial do Rim: doen\u00e7as renais s\u00e3o silenciosas e exigem aten\u00e7\u00e3o - Sa\u00fade\" \/>\n<meta name=\"robots\" content=\"index, follow, max-snippet:-1, max-image-preview:large, max-video-preview:-1\" \/>\n<link rel=\"canonical\" href=\"https:\/\/www.diariodeouropreto.com.br\/pt\/dia-mundial-do-rim-doencas-renais-sao-silenciosas-e-exigem-atencao\/\" \/>\n<meta property=\"og:locale\" content=\"pt_PT\" \/>\n<meta property=\"og:type\" content=\"article\" \/>\n<meta property=\"og:title\" content=\"Dia Mundial do Rim: doen\u00e7as renais s\u00e3o silenciosas e exigem aten\u00e7\u00e3o - Di\u00e1rio de Ouro Preto\" \/>\n<meta property=\"og:description\" content=\"SBN defende investimentos em educa\u00e7\u00e3o e preven\u00e7\u00e3o- Dia Mundial do Rim: doen\u00e7as renais s\u00e3o silenciosas e exigem aten\u00e7\u00e3o - Sa\u00fade\" \/>\n<meta property=\"og:url\" content=\"https:\/\/www.diariodeouropreto.com.br\/pt\/dia-mundial-do-rim-doencas-renais-sao-silenciosas-e-exigem-atencao\/\" \/>\n<meta property=\"og:site_name\" content=\"Di\u00e1rio de Ouro Preto\" \/>\n<meta property=\"article:publisher\" content=\"https:\/\/www.facebook.com\/diariodeouropreto\/\" \/>\n<meta property=\"article:published_time\" content=\"2026-03-12T19:21:19+00:00\" \/>\n<meta property=\"article:modified_time\" content=\"2026-03-12T19:21:27+00:00\" \/>\n<meta property=\"og:image\" content=\"https:\/\/www.diariodeouropreto.com.br\/wp-content\/uploads\/2026\/03\/907172-rim_camara_1.webp\" \/>\n\t<meta property=\"og:image:width\" content=\"1170\" \/>\n\t<meta property=\"og:image:height\" content=\"700\" \/>\n\t<meta property=\"og:image:type\" content=\"image\/webp\" \/>\n<meta name=\"author\" content=\"Di\u00e1rio de Ouro Preto\" \/>\n<meta name=\"twitter:card\" content=\"summary_large_image\" \/>\n<meta name=\"twitter:label1\" content=\"Escrito por\" \/>\n\t<meta name=\"twitter:data1\" content=\"Di\u00e1rio de Ouro Preto\" \/>\n\t<meta name=\"twitter:label2\" content=\"Tempo estimado de leitura\" \/>\n\t<meta name=\"twitter:data2\" content=\"4 minutos\" \/>\n<script type=\"application\/ld+json\" class=\"yoast-schema-graph\">{\"@context\":\"https:\\\/\\\/schema.org\",\"@graph\":[{\"@type\":\"Article\",\"@id\":\"https:\\\/\\\/www.diariodeouropreto.com.br\\\/dia-mundial-do-rim-doencas-renais-sao-silenciosas-e-exigem-atencao\\\/#article\",\"isPartOf\":{\"@id\":\"https:\\\/\\\/www.diariodeouropreto.com.br\\\/dia-mundial-do-rim-doencas-renais-sao-silenciosas-e-exigem-atencao\\\/\"},\"author\":{\"name\":\"Di\u00e1rio de Ouro Preto\",\"@id\":\"https:\\\/\\\/www.diariodeouropreto.com.br\\\/pt\\\/#\\\/schema\\\/person\\\/7654e7b471204a6dab6dc0ce6e140c99\"},\"headline\":\"Dia Mundial do Rim: doen\u00e7as renais s\u00e3o silenciosas e exigem aten\u00e7\u00e3o\",\"datePublished\":\"2026-03-12T19:21:19+00:00\",\"dateModified\":\"2026-03-12T19:21:27+00:00\",\"mainEntityOfPage\":{\"@id\":\"https:\\\/\\\/www.diariodeouropreto.com.br\\\/dia-mundial-do-rim-doencas-renais-sao-silenciosas-e-exigem-atencao\\\/\"},\"wordCount\":729,\"publisher\":{\"@id\":\"https:\\\/\\\/www.diariodeouropreto.com.br\\\/pt\\\/#organization\"},\"image\":{\"@id\":\"https:\\\/\\\/www.diariodeouropreto.com.br\\\/dia-mundial-do-rim-doencas-renais-sao-silenciosas-e-exigem-atencao\\\/#primaryimage\"},\"thumbnailUrl\":\"https:\\\/\\\/www.diariodeouropreto.com.br\\\/wp-content\\\/uploads\\\/2026\\\/03\\\/907172-rim_camara_1.webp\",\"articleSection\":[\"Sa\u00fade\"],\"inLanguage\":\"pt-PT\"},{\"@type\":\"WebPage\",\"@id\":\"https:\\\/\\\/www.diariodeouropreto.com.br\\\/dia-mundial-do-rim-doencas-renais-sao-silenciosas-e-exigem-atencao\\\/\",\"url\":\"https:\\\/\\\/www.diariodeouropreto.com.br\\\/dia-mundial-do-rim-doencas-renais-sao-silenciosas-e-exigem-atencao\\\/\",\"name\":\"Dia Mundial do Rim: doen\u00e7as renais s\u00e3o silenciosas e exigem aten\u00e7\u00e3o - Di\u00e1rio de Ouro Preto\",\"isPartOf\":{\"@id\":\"https:\\\/\\\/www.diariodeouropreto.com.br\\\/pt\\\/#website\"},\"primaryImageOfPage\":{\"@id\":\"https:\\\/\\\/www.diariodeouropreto.com.br\\\/dia-mundial-do-rim-doencas-renais-sao-silenciosas-e-exigem-atencao\\\/#primaryimage\"},\"image\":{\"@id\":\"https:\\\/\\\/www.diariodeouropreto.com.br\\\/dia-mundial-do-rim-doencas-renais-sao-silenciosas-e-exigem-atencao\\\/#primaryimage\"},\"thumbnailUrl\":\"https:\\\/\\\/www.diariodeouropreto.com.br\\\/wp-content\\\/uploads\\\/2026\\\/03\\\/907172-rim_camara_1.webp\",\"datePublished\":\"2026-03-12T19:21:19+00:00\",\"dateModified\":\"2026-03-12T19:21:27+00:00\",\"description\":\"SBN defende investimentos em educa\u00e7\u00e3o e preven\u00e7\u00e3o- Dia Mundial do Rim: doen\u00e7as renais s\u00e3o silenciosas e exigem aten\u00e7\u00e3o - Sa\u00fade\",\"breadcrumb\":{\"@id\":\"https:\\\/\\\/www.diariodeouropreto.com.br\\\/dia-mundial-do-rim-doencas-renais-sao-silenciosas-e-exigem-atencao\\\/#breadcrumb\"},\"inLanguage\":\"pt-PT\",\"potentialAction\":[{\"@type\":\"ReadAction\",\"target\":[\"https:\\\/\\\/www.diariodeouropreto.com.br\\\/dia-mundial-do-rim-doencas-renais-sao-silenciosas-e-exigem-atencao\\\/\"]}]},{\"@type\":\"ImageObject\",\"inLanguage\":\"pt-PT\",\"@id\":\"https:\\\/\\\/www.diariodeouropreto.com.br\\\/dia-mundial-do-rim-doencas-renais-sao-silenciosas-e-exigem-atencao\\\/#primaryimage\",\"url\":\"https:\\\/\\\/www.diariodeouropreto.com.br\\\/wp-content\\\/uploads\\\/2026\\\/03\\\/907172-rim_camara_1.webp\",\"contentUrl\":\"https:\\\/\\\/www.diariodeouropreto.com.br\\\/wp-content\\\/uploads\\\/2026\\\/03\\\/907172-rim_camara_1.webp\",\"width\":1170,\"height\":700},{\"@type\":\"BreadcrumbList\",\"@id\":\"https:\\\/\\\/www.diariodeouropreto.com.br\\\/dia-mundial-do-rim-doencas-renais-sao-silenciosas-e-exigem-atencao\\\/#breadcrumb\",\"itemListElement\":[{\"@type\":\"ListItem\",\"position\":1,\"name\":\"In\u00edcio\",\"item\":\"https:\\\/\\\/www.diariodeouropreto.com.br\\\/pt\\\/\"},{\"@type\":\"ListItem\",\"position\":2,\"name\":\"Dia Mundial do Rim: doen\u00e7as renais s\u00e3o silenciosas e exigem aten\u00e7\u00e3o\"}]},{\"@type\":\"WebSite\",\"@id\":\"https:\\\/\\\/www.diariodeouropreto.com.br\\\/pt\\\/#website\",\"url\":\"https:\\\/\\\/www.diariodeouropreto.com.br\\\/pt\\\/\",\"name\":\"Di\u00e1rio de Ouro Preto\",\"description\":\"Not\u00edcias Ouro Preto; Mariana;Minas Gerais;Jornal;Jornalismo;Not\u00edcias;\",\"publisher\":{\"@id\":\"https:\\\/\\\/www.diariodeouropreto.com.br\\\/pt\\\/#organization\"},\"alternateName\":\"Jornal di\u00e1rio de Ouro Preto\",\"potentialAction\":[{\"@type\":\"SearchAction\",\"target\":{\"@type\":\"EntryPoint\",\"urlTemplate\":\"https:\\\/\\\/www.diariodeouropreto.com.br\\\/pt\\\/?s={search_term_string}\"},\"query-input\":{\"@type\":\"PropertyValueSpecification\",\"valueRequired\":true,\"valueName\":\"search_term_string\"}}],\"inLanguage\":\"pt-PT\"},{\"@type\":\"Organization\",\"@id\":\"https:\\\/\\\/www.diariodeouropreto.com.br\\\/pt\\\/#organization\",\"name\":\"Di\u00e1rio de Ouro Preto\",\"alternateName\":\"Jornal di\u00e1rio Ouro Preto\",\"url\":\"https:\\\/\\\/www.diariodeouropreto.com.br\\\/pt\\\/\",\"logo\":{\"@type\":\"ImageObject\",\"inLanguage\":\"pt-PT\",\"@id\":\"https:\\\/\\\/www.diariodeouropreto.com.br\\\/pt\\\/#\\\/schema\\\/logo\\\/image\\\/\",\"url\":\"https:\\\/\\\/www.diariodeouropreto.com.br\\\/wp-content\\\/uploads\\\/2019\\\/06\\\/cropped-logotransp-2.png\",\"contentUrl\":\"https:\\\/\\\/www.diariodeouropreto.com.br\\\/wp-content\\\/uploads\\\/2019\\\/06\\\/cropped-logotransp-2.png\",\"width\":1323,\"height\":251,\"caption\":\"Di\u00e1rio de Ouro Preto\"},\"image\":{\"@id\":\"https:\\\/\\\/www.diariodeouropreto.com.br\\\/pt\\\/#\\\/schema\\\/logo\\\/image\\\/\"},\"sameAs\":[\"https:\\\/\\\/www.facebook.com\\\/diariodeouropreto\\\/\"]},{\"@type\":\"Person\",\"@id\":\"https:\\\/\\\/www.diariodeouropreto.com.br\\\/pt\\\/#\\\/schema\\\/person\\\/7654e7b471204a6dab6dc0ce6e140c99\",\"name\":\"Di\u00e1rio de Ouro Preto\",\"sameAs\":[\"http:\\\/\\\/www.diariodeouropreto.com.br\"],\"url\":\"https:\\\/\\\/www.diariodeouropreto.com.br\\\/pt\\\/author\\\/diario\\\/\"}]}<\/script>\n<!-- \/ Yoast SEO plugin. -->","yoast_head_json":{"title":"Dia Mundial do Rim: doen\u00e7as renais s\u00e3o silenciosas e exigem aten\u00e7\u00e3o - Di\u00e1rio de Ouro Preto","description":"SBN defende investimentos em educa\u00e7\u00e3o e preven\u00e7\u00e3o- Dia Mundial do Rim: doen\u00e7as renais s\u00e3o silenciosas e exigem aten\u00e7\u00e3o - Sa\u00fade","robots":{"index":"index","follow":"follow","max-snippet":"max-snippet:-1","max-image-preview":"max-image-preview:large","max-video-preview":"max-video-preview:-1"},"canonical":"https:\/\/www.diariodeouropreto.com.br\/pt\/dia-mundial-do-rim-doencas-renais-sao-silenciosas-e-exigem-atencao\/","og_locale":"pt_PT","og_type":"article","og_title":"Dia Mundial do Rim: doen\u00e7as renais s\u00e3o silenciosas e exigem aten\u00e7\u00e3o - Di\u00e1rio de Ouro Preto","og_description":"SBN defende investimentos em educa\u00e7\u00e3o e preven\u00e7\u00e3o- Dia Mundial do Rim: doen\u00e7as renais s\u00e3o silenciosas e exigem aten\u00e7\u00e3o - Sa\u00fade","og_url":"https:\/\/www.diariodeouropreto.com.br\/pt\/dia-mundial-do-rim-doencas-renais-sao-silenciosas-e-exigem-atencao\/","og_site_name":"Di\u00e1rio de Ouro Preto","article_publisher":"https:\/\/www.facebook.com\/diariodeouropreto\/","article_published_time":"2026-03-12T19:21:19+00:00","article_modified_time":"2026-03-12T19:21:27+00:00","og_image":[{"width":1170,"height":700,"url":"https:\/\/www.diariodeouropreto.com.br\/wp-content\/uploads\/2026\/03\/907172-rim_camara_1.webp","type":"image\/webp"}],"author":"Di\u00e1rio de Ouro Preto","twitter_card":"summary_large_image","twitter_misc":{"Escrito por":"Di\u00e1rio de Ouro Preto","Tempo estimado de leitura":"4 minutos"},"schema":{"@context":"https:\/\/schema.org","@graph":[{"@type":"Article","@id":"https:\/\/www.diariodeouropreto.com.br\/dia-mundial-do-rim-doencas-renais-sao-silenciosas-e-exigem-atencao\/#article","isPartOf":{"@id":"https:\/\/www.diariodeouropreto.com.br\/dia-mundial-do-rim-doencas-renais-sao-silenciosas-e-exigem-atencao\/"},"author":{"name":"Di\u00e1rio de Ouro Preto","@id":"https:\/\/www.diariodeouropreto.com.br\/pt\/#\/schema\/person\/7654e7b471204a6dab6dc0ce6e140c99"},"headline":"Dia Mundial do Rim: doen\u00e7as renais s\u00e3o silenciosas e exigem aten\u00e7\u00e3o","datePublished":"2026-03-12T19:21:19+00:00","dateModified":"2026-03-12T19:21:27+00:00","mainEntityOfPage":{"@id":"https:\/\/www.diariodeouropreto.com.br\/dia-mundial-do-rim-doencas-renais-sao-silenciosas-e-exigem-atencao\/"},"wordCount":729,"publisher":{"@id":"https:\/\/www.diariodeouropreto.com.br\/pt\/#organization"},"image":{"@id":"https:\/\/www.diariodeouropreto.com.br\/dia-mundial-do-rim-doencas-renais-sao-silenciosas-e-exigem-atencao\/#primaryimage"},"thumbnailUrl":"https:\/\/www.diariodeouropreto.com.br\/wp-content\/uploads\/2026\/03\/907172-rim_camara_1.webp","articleSection":["Sa\u00fade"],"inLanguage":"pt-PT"},{"@type":"WebPage","@id":"https:\/\/www.diariodeouropreto.com.br\/dia-mundial-do-rim-doencas-renais-sao-silenciosas-e-exigem-atencao\/","url":"https:\/\/www.diariodeouropreto.com.br\/dia-mundial-do-rim-doencas-renais-sao-silenciosas-e-exigem-atencao\/","name":"Dia Mundial do Rim: doen\u00e7as renais s\u00e3o silenciosas e exigem aten\u00e7\u00e3o - Di\u00e1rio de Ouro Preto","isPartOf":{"@id":"https:\/\/www.diariodeouropreto.com.br\/pt\/#website"},"primaryImageOfPage":{"@id":"https:\/\/www.diariodeouropreto.com.br\/dia-mundial-do-rim-doencas-renais-sao-silenciosas-e-exigem-atencao\/#primaryimage"},"image":{"@id":"https:\/\/www.diariodeouropreto.com.br\/dia-mundial-do-rim-doencas-renais-sao-silenciosas-e-exigem-atencao\/#primaryimage"},"thumbnailUrl":"https:\/\/www.diariodeouropreto.com.br\/wp-content\/uploads\/2026\/03\/907172-rim_camara_1.webp","datePublished":"2026-03-12T19:21:19+00:00","dateModified":"2026-03-12T19:21:27+00:00","description":"SBN defende investimentos em educa\u00e7\u00e3o e preven\u00e7\u00e3o- Dia Mundial do Rim: doen\u00e7as renais s\u00e3o silenciosas e exigem aten\u00e7\u00e3o - Sa\u00fade","breadcrumb":{"@id":"https:\/\/www.diariodeouropreto.com.br\/dia-mundial-do-rim-doencas-renais-sao-silenciosas-e-exigem-atencao\/#breadcrumb"},"inLanguage":"pt-PT","potentialAction":[{"@type":"ReadAction","target":["https:\/\/www.diariodeouropreto.com.br\/dia-mundial-do-rim-doencas-renais-sao-silenciosas-e-exigem-atencao\/"]}]},{"@type":"ImageObject","inLanguage":"pt-PT","@id":"https:\/\/www.diariodeouropreto.com.br\/dia-mundial-do-rim-doencas-renais-sao-silenciosas-e-exigem-atencao\/#primaryimage","url":"https:\/\/www.diariodeouropreto.com.br\/wp-content\/uploads\/2026\/03\/907172-rim_camara_1.webp","contentUrl":"https:\/\/www.diariodeouropreto.com.br\/wp-content\/uploads\/2026\/03\/907172-rim_camara_1.webp","width":1170,"height":700},{"@type":"BreadcrumbList","@id":"https:\/\/www.diariodeouropreto.com.br\/dia-mundial-do-rim-doencas-renais-sao-silenciosas-e-exigem-atencao\/#breadcrumb","itemListElement":[{"@type":"ListItem","position":1,"name":"In\u00edcio","item":"https:\/\/www.diariodeouropreto.com.br\/pt\/"},{"@type":"ListItem","position":2,"name":"Dia Mundial do Rim: doen\u00e7as renais s\u00e3o silenciosas e exigem aten\u00e7\u00e3o"}]},{"@type":"WebSite","@id":"https:\/\/www.diariodeouropreto.com.br\/pt\/#website","url":"https:\/\/www.diariodeouropreto.com.br\/pt\/","name":"Di\u00e1rio de Ouro Preto","description":"Not\u00edcias Ouro Preto; Mariana;Minas Gerais;Jornal;Jornalismo;Not\u00edcias;","publisher":{"@id":"https:\/\/www.diariodeouropreto.com.br\/pt\/#organization"},"alternateName":"Jornal di\u00e1rio de Ouro Preto","potentialAction":[{"@type":"SearchAction","target":{"@type":"EntryPoint","urlTemplate":"https:\/\/www.diariodeouropreto.com.br\/pt\/?s={search_term_string}"},"query-input":{"@type":"PropertyValueSpecification","valueRequired":true,"valueName":"search_term_string"}}],"inLanguage":"pt-PT"},{"@type":"Organization","@id":"https:\/\/www.diariodeouropreto.com.br\/pt\/#organization","name":"Di\u00e1rio de Ouro Preto","alternateName":"Jornal di\u00e1rio Ouro Preto","url":"https:\/\/www.diariodeouropreto.com.br\/pt\/","logo":{"@type":"ImageObject","inLanguage":"pt-PT","@id":"https:\/\/www.diariodeouropreto.com.br\/pt\/#\/schema\/logo\/image\/","url":"https:\/\/www.diariodeouropreto.com.br\/wp-content\/uploads\/2019\/06\/cropped-logotransp-2.png","contentUrl":"https:\/\/www.diariodeouropreto.com.br\/wp-content\/uploads\/2019\/06\/cropped-logotransp-2.png","width":1323,"height":251,"caption":"Di\u00e1rio de Ouro Preto"},"image":{"@id":"https:\/\/www.diariodeouropreto.com.br\/pt\/#\/schema\/logo\/image\/"},"sameAs":["https:\/\/www.facebook.com\/diariodeouropreto\/"]},{"@type":"Person","@id":"https:\/\/www.diariodeouropreto.com.br\/pt\/#\/schema\/person\/7654e7b471204a6dab6dc0ce6e140c99","name":"Di\u00e1rio de Ouro Preto","sameAs":["http:\/\/www.diariodeouropreto.com.br"],"url":"https:\/\/www.diariodeouropreto.com.br\/pt\/author\/diario\/"}]}},"jetpack_publicize_connections":[],"jetpack_featured_media_url":"https:\/\/www.diariodeouropreto.com.br\/wp-content\/uploads\/2026\/03\/907172-rim_camara_1.webp","jetpack-related-posts":[{"id":43214,"url":"https:\/\/www.diariodeouropreto.com.br\/pt\/prefeitura-de-ouro-preto-realiza-campanha-de-prevencao-de-doenca-nos-rins\/","url_meta":{"origin":50857,"position":0},"title":"Prefeitura de Ouro Preto realiza campanha de preven\u00e7\u00e3o de doen\u00e7a nos rins","author":"Di\u00e1rio de Ouro Preto","date":"18 de Mar\u00e7o de 2025","format":false,"excerpt":"Na quinta-feira (13\/03), a Prefeitura de Ouro Preto realizou a campanha \"Seus rins est\u00e3o ok?\" mobilizando a popula\u00e7\u00e3o para a import\u00e2ncia de cuidar da sa\u00fade renal. A a\u00e7\u00e3o, realizada na Pra\u00e7a Tiradentes, foi organizada pela Secretaria Municipal de Sa\u00fade, em parceria com a Universidade Federal de Ouro Preto (UFOP) e\u2026","rel":"","context":"Similar post","block_context":{"text":"Similar post","link":""},"img":{"alt_text":"","src":"https:\/\/i0.wp.com\/www.diariodeouropreto.com.br\/wp-content\/uploads\/2025\/03\/rins-arquivo-pmop.jpg?resize=350%2C200&ssl=1","width":350,"height":200,"srcset":"https:\/\/i0.wp.com\/www.diariodeouropreto.com.br\/wp-content\/uploads\/2025\/03\/rins-arquivo-pmop.jpg?resize=350%2C200&ssl=1 1x, https:\/\/i0.wp.com\/www.diariodeouropreto.com.br\/wp-content\/uploads\/2025\/03\/rins-arquivo-pmop.jpg?resize=525%2C300&ssl=1 1.5x, https:\/\/i0.wp.com\/www.diariodeouropreto.com.br\/wp-content\/uploads\/2025\/03\/rins-arquivo-pmop.jpg?resize=700%2C400&ssl=1 2x, https:\/\/i0.wp.com\/www.diariodeouropreto.com.br\/wp-content\/uploads\/2025\/03\/rins-arquivo-pmop.jpg?resize=1050%2C600&ssl=1 3x"},"classes":[]},{"id":47715,"url":"https:\/\/www.diariodeouropreto.com.br\/pt\/dia-mundial-do-pulmao-reforca-importancia-da-prevencao-e-do-cuidado-com-a-saude-respiratoria\/","url_meta":{"origin":50857,"position":1},"title":"Dia Mundial do Pulm\u00e3o refor\u00e7a import\u00e2ncia da preven\u00e7\u00e3o e do cuidado com a sa\u00fade respirat\u00f3ria","author":"Di\u00e1rio de Ouro Preto","date":"25 de Setembro de 2025","format":false,"excerpt":"Data alerta para risco do uso do vape e para Doen\u00e7a Pulmonar Obstrutiva Cr\u00f4nica (DPOC), que afeta aproximadamente mais de 7 milh\u00f5es de pessoas no Brasil1 Hoje, 25 de setembro, \u00e9 celebrado o Dia Mundial do Pulm\u00e3o, uma data dedicada a chamar aten\u00e7\u00e3o para a import\u00e2ncia da sa\u00fade respirat\u00f3ria e\u2026","rel":"","context":"In &quot;Sa\u00fade&quot;","block_context":{"text":"Sa\u00fade","link":"https:\/\/www.diariodeouropreto.com.br\/pt\/Editoria\/saude\/"},"img":{"alt_text":"","src":"https:\/\/i0.wp.com\/www.diariodeouropreto.com.br\/wp-content\/uploads\/2025\/09\/ilustracao-dos-pulmoe-humanos.jpg?resize=350%2C200&ssl=1","width":350,"height":200,"srcset":"https:\/\/i0.wp.com\/www.diariodeouropreto.com.br\/wp-content\/uploads\/2025\/09\/ilustracao-dos-pulmoe-humanos.jpg?resize=350%2C200&ssl=1 1x, https:\/\/i0.wp.com\/www.diariodeouropreto.com.br\/wp-content\/uploads\/2025\/09\/ilustracao-dos-pulmoe-humanos.jpg?resize=525%2C300&ssl=1 1.5x"},"classes":[]},{"id":25458,"url":"https:\/\/www.diariodeouropreto.com.br\/pt\/cronograma-semanal-de-vacinacao-em-mariana\/","url_meta":{"origin":50857,"position":2},"title":"Cronograma Semanal de vacina\u00e7\u00e3o em Mariana","author":"Di\u00e1rio de Ouro Preto","date":"11 de Setembro de 2023","format":false,"excerpt":"A Prefeitura de Mariana, por meio da Secretaria de Sa\u00fade, disponibiliza o cronograma semanal de vacina\u00e7\u00e3o de Covid-19 com as doses destinadas a p\u00fablicos espec\u00edficos. Os usu\u00e1rios devem comparecer ao local de vacina\u00e7\u00e3o portando documento com foto, cart\u00e3o de vacina e cart\u00e3o do SUS. Fique atento a documenta\u00e7\u00e3o necess\u00e1ria e\u2026","rel":"","context":"In &quot;Sa\u00fade&quot;","block_context":{"text":"Sa\u00fade","link":"https:\/\/www.diariodeouropreto.com.br\/pt\/Editoria\/saude\/"},"img":{"alt_text":"","src":"https:\/\/i0.wp.com\/www.diariodeouropreto.com.br\/wp-content\/uploads\/2023\/09\/Calendario-Vacinacao-site.jpg?resize=350%2C200&ssl=1","width":350,"height":200,"srcset":"https:\/\/i0.wp.com\/www.diariodeouropreto.com.br\/wp-content\/uploads\/2023\/09\/Calendario-Vacinacao-site.jpg?resize=350%2C200&ssl=1 1x, https:\/\/i0.wp.com\/www.diariodeouropreto.com.br\/wp-content\/uploads\/2023\/09\/Calendario-Vacinacao-site.jpg?resize=525%2C300&ssl=1 1.5x, https:\/\/i0.wp.com\/www.diariodeouropreto.com.br\/wp-content\/uploads\/2023\/09\/Calendario-Vacinacao-site.jpg?resize=700%2C400&ssl=1 2x, https:\/\/i0.wp.com\/www.diariodeouropreto.com.br\/wp-content\/uploads\/2023\/09\/Calendario-Vacinacao-site.jpg?resize=1050%2C600&ssl=1 3x"},"classes":[]},{"id":22742,"url":"https:\/\/www.diariodeouropreto.com.br\/pt\/especialistas-mostram-como-prevenir-a-hipertensao-arterial\/","url_meta":{"origin":50857,"position":3},"title":"Especialistas mostram como prevenir a hipertens\u00e3o arterial","author":"Di\u00e1rio de Ouro Preto","date":"26 de Abril de 2023","format":false,"excerpt":"Doen\u00e7a mata 400 brasileiros por ano No Dia Nacional de Preven\u00e7\u00e3o e Combate \u00e0 Hipertens\u00e3o Arterial, celebrado nesta quarta-feira (26), especialistas lembram\u00a0que esse tipo de doen\u00e7a cr\u00f4nica \u00e9 silenciosa na fase inicial e n\u00e3o mostra\u00a0sinais muito\u00a0claros para levar o paciente a buscar ajuda m\u00e9dica. De acordo com dados da Sociedade\u2026","rel":"","context":"In &quot;Sa\u00fade&quot;","block_context":{"text":"Sa\u00fade","link":"https:\/\/www.diariodeouropreto.com.br\/pt\/Editoria\/saude\/"},"img":{"alt_text":"","src":"https:\/\/i0.wp.com\/www.diariodeouropreto.com.br\/wp-content\/uploads\/2023\/04\/dsc_0033.jpg?resize=350%2C200&ssl=1","width":350,"height":200,"srcset":"https:\/\/i0.wp.com\/www.diariodeouropreto.com.br\/wp-content\/uploads\/2023\/04\/dsc_0033.jpg?resize=350%2C200&ssl=1 1x, https:\/\/i0.wp.com\/www.diariodeouropreto.com.br\/wp-content\/uploads\/2023\/04\/dsc_0033.jpg?resize=525%2C300&ssl=1 1.5x, https:\/\/i0.wp.com\/www.diariodeouropreto.com.br\/wp-content\/uploads\/2023\/04\/dsc_0033.jpg?resize=700%2C400&ssl=1 2x, https:\/\/i0.wp.com\/www.diariodeouropreto.com.br\/wp-content\/uploads\/2023\/04\/dsc_0033.jpg?resize=1050%2C600&ssl=1 3x"},"classes":[]},{"id":43681,"url":"https:\/\/www.diariodeouropreto.com.br\/pt\/presidente-lula-e-vacinado-na-abertura-da-campanha-nacional-contra-a-gripe\/","url_meta":{"origin":50857,"position":4},"title":"Presidente Lula \u00e9 vacinado na abertura da campanha nacional contra a gripe","author":"Di\u00e1rio de Ouro Preto","date":"8 de Abril de 2025","format":false,"excerpt":"Meta para 2025, refor\u00e7ada no Dia Mundial da Sa\u00fade, \u00e9 imunizar 90% dos grupos priorit\u00e1rios. Governo Federal adquiriu 73,6 milh\u00f5es de doses No Dia Mundial da Sa\u00fade e em um gesto de incentivo \u00e0 imuniza\u00e7\u00e3o e ao in\u00edcio da campanha nacional de vacina\u00e7\u00e3o contra a influenza, o presidente Luiz In\u00e1cio\u2026","rel":"","context":"In &quot;Sa\u00fade&quot;","block_context":{"text":"Sa\u00fade","link":"https:\/\/www.diariodeouropreto.com.br\/pt\/Editoria\/saude\/"},"img":{"alt_text":"","src":"https:\/\/i0.wp.com\/www.diariodeouropreto.com.br\/wp-content\/uploads\/2025\/04\/Presidente-Lula-e-vacinado-na-abertura-da-campanha-nacional-contra-a-gripe.jpg?resize=350%2C200&ssl=1","width":350,"height":200,"srcset":"https:\/\/i0.wp.com\/www.diariodeouropreto.com.br\/wp-content\/uploads\/2025\/04\/Presidente-Lula-e-vacinado-na-abertura-da-campanha-nacional-contra-a-gripe.jpg?resize=350%2C200&ssl=1 1x, https:\/\/i0.wp.com\/www.diariodeouropreto.com.br\/wp-content\/uploads\/2025\/04\/Presidente-Lula-e-vacinado-na-abertura-da-campanha-nacional-contra-a-gripe.jpg?resize=525%2C300&ssl=1 1.5x, https:\/\/i0.wp.com\/www.diariodeouropreto.com.br\/wp-content\/uploads\/2025\/04\/Presidente-Lula-e-vacinado-na-abertura-da-campanha-nacional-contra-a-gripe.jpg?resize=700%2C400&ssl=1 2x"},"classes":[]},{"id":36455,"url":"https:\/\/www.diariodeouropreto.com.br\/pt\/dia-mundial-contra-as-hepatites-virais-traz-alerta-para-prevencao\/","url_meta":{"origin":50857,"position":5},"title":"Dia Mundial contra as Hepatites Virais traz alerta para preven\u00e7\u00e3o","author":"Di\u00e1rio de Ouro Preto","date":"29 de Julho de 2024","format":false,"excerpt":"SUS oferece algumas vacinas, diagn\u00f3stico e tratamento Neste domingo, 28 de julho, \u00e9 celebrado o Dia Mundial de Luta contra as Hepatites Virais, data em que \u00e9\u00a0importante chamar\u00a0aten\u00e7\u00e3o da popula\u00e7\u00e3o para a\u00e7\u00f5es de preven\u00e7\u00e3o para essas inflama\u00e7\u00f5es que atacam o f\u00edgado, \u00f3rg\u00e3o com papel principal na desintoxica\u00e7\u00e3o do organismo. No\u2026","rel":"","context":"In &quot;Sa\u00fade&quot;","block_context":{"text":"Sa\u00fade","link":"https:\/\/www.diariodeouropreto.com.br\/pt\/Editoria\/saude\/"},"img":{"alt_text":"","src":"https:\/\/i0.wp.com\/www.diariodeouropreto.com.br\/wp-content\/uploads\/2024\/07\/28454517362_98c75632c0_o.webp?resize=350%2C200&ssl=1","width":350,"height":200,"srcset":"https:\/\/i0.wp.com\/www.diariodeouropreto.com.br\/wp-content\/uploads\/2024\/07\/28454517362_98c75632c0_o.webp?resize=350%2C200&ssl=1 1x, https:\/\/i0.wp.com\/www.diariodeouropreto.com.br\/wp-content\/uploads\/2024\/07\/28454517362_98c75632c0_o.webp?resize=525%2C300&ssl=1 1.5x, https:\/\/i0.wp.com\/www.diariodeouropreto.com.br\/wp-content\/uploads\/2024\/07\/28454517362_98c75632c0_o.webp?resize=700%2C400&ssl=1 2x, https:\/\/i0.wp.com\/www.diariodeouropreto.com.br\/wp-content\/uploads\/2024\/07\/28454517362_98c75632c0_o.webp?resize=1050%2C600&ssl=1 3x"},"classes":[]}],"jetpack_sharing_enabled":true,"amp_enabled":true,"_links":{"self":[{"href":"https:\/\/www.diariodeouropreto.com.br\/pt\/wp-json\/wp\/v2\/posts\/50857","targetHints":{"allow":["GET"]}}],"collection":[{"href":"https:\/\/www.diariodeouropreto.com.br\/pt\/wp-json\/wp\/v2\/posts"}],"about":[{"href":"https:\/\/www.diariodeouropreto.com.br\/pt\/wp-json\/wp\/v2\/types\/post"}],"author":[{"embeddable":true,"href":"https:\/\/www.diariodeouropreto.com.br\/pt\/wp-json\/wp\/v2\/users\/1"}],"replies":[{"embeddable":true,"href":"https:\/\/www.diariodeouropreto.com.br\/pt\/wp-json\/wp\/v2\/comments?post=50857"}],"version-history":[{"count":1,"href":"https:\/\/www.diariodeouropreto.com.br\/pt\/wp-json\/wp\/v2\/posts\/50857\/revisions"}],"predecessor-version":[{"id":50859,"href":"https:\/\/www.diariodeouropreto.com.br\/pt\/wp-json\/wp\/v2\/posts\/50857\/revisions\/50859"}],"wp:featuredmedia":[{"embeddable":true,"href":"https:\/\/www.diariodeouropreto.com.br\/pt\/wp-json\/wp\/v2\/media\/50858"}],"wp:attachment":[{"href":"https:\/\/www.diariodeouropreto.com.br\/pt\/wp-json\/wp\/v2\/media?parent=50857"}],"wp:term":[{"taxonomy":"category","embeddable":true,"href":"https:\/\/www.diariodeouropreto.com.br\/pt\/wp-json\/wp\/v2\/categories?post=50857"},{"taxonomy":"post_tag","embeddable":true,"href":"https:\/\/www.diariodeouropreto.com.br\/pt\/wp-json\/wp\/v2\/tags?post=50857"}],"curies":[{"name":"wp","href":"https:\/\/api.w.org\/{rel}","templated":true}]}}