{"id":50838,"date":"2026-03-11T14:51:25","date_gmt":"2026-03-11T17:51:25","guid":{"rendered":"https:\/\/www.diariodeouropreto.com.br\/?p=50838"},"modified":"2026-03-11T14:51:32","modified_gmt":"2026-03-11T17:51:32","slug":"projeto-maria-bonita-promove-cuidado-acolhimento-e-autoestima-para-mulheres-em-mariana","status":"publish","type":"post","link":"https:\/\/www.diariodeouropreto.com.br\/pt\/projeto-maria-bonita-promove-cuidado-acolhimento-e-autoestima-para-mulheres-em-mariana\/","title":{"rendered":"Projeto Maria Bonita promove cuidado, acolhimento e autoestima para mulheres em Mariana"},"content":{"rendered":"<p>No dia 02 de mar\u00e7o, a Procuradoria da Mulher da C\u00e2mara Municipal de Mariana realizou a segunda edi\u00e7\u00e3o do Projeto Maria Bonita, uma iniciativa que une cuidado, acolhimento e valoriza\u00e7\u00e3o da mulher.<\/p>\n\n\n\n<p>A a\u00e7\u00e3o foi realizada em parceria com o sal\u00e3o Studio Brasil, com a profissional Ana Caroline e a maquiadora Ana Elisa de Oliveira Ramos. Ao todo, seis mulheres participaram da atividade e receberam cuidados especiais com os cabelos e maquiagem, vivenciando um momento dedicado ao realce da beleza e ao fortalecimento da autoestima.<\/p>\n\n\n\n<div class=\"wp-block-columns is-layout-flex wp-container-core-columns-is-layout-9d6595d7 wp-block-columns-is-layout-flex\">\n<div class=\"wp-block-column is-layout-flow wp-block-column-is-layout-flow\">\n<figure class=\"wp-block-image size-full\"><img decoding=\"async\" width=\"1280\" height=\"854\" data-attachment-id=\"50842\" data-permalink=\"https:\/\/www.diariodeouropreto.com.br\/pt\/projeto-maria-bonita-promove-cuidado-acolhimento-e-autoestima-para-mulheres-em-mariana\/projeto-maria-bonita-2026-9\/\" data-orig-file=\"https:\/\/www.diariodeouropreto.com.br\/wp-content\/uploads\/2026\/03\/Projeto-Maria-Bonita-2026-9.jpeg\" data-orig-size=\"1280,854\" data-comments-opened=\"0\" data-image-meta=\"{&quot;aperture&quot;:&quot;0&quot;,&quot;credit&quot;:&quot;&quot;,&quot;camera&quot;:&quot;&quot;,&quot;caption&quot;:&quot;&quot;,&quot;created_timestamp&quot;:&quot;0&quot;,&quot;copyright&quot;:&quot;&quot;,&quot;focal_length&quot;:&quot;0&quot;,&quot;iso&quot;:&quot;0&quot;,&quot;shutter_speed&quot;:&quot;0&quot;,&quot;title&quot;:&quot;&quot;,&quot;orientation&quot;:&quot;0&quot;}\" data-image-title=\"Projeto Maria Bonita 2026 (9)\" data-image-description=\"\" data-image-caption=\"\" data-large-file=\"https:\/\/www.diariodeouropreto.com.br\/wp-content\/uploads\/2026\/03\/Projeto-Maria-Bonita-2026-9.jpeg\" src=\"https:\/\/www.diariodeouropreto.com.br\/wp-content\/uploads\/2026\/03\/Projeto-Maria-Bonita-2026-9.jpeg\" alt=\"\" class=\"wp-image-50842\" srcset=\"https:\/\/www.diariodeouropreto.com.br\/wp-content\/uploads\/2026\/03\/Projeto-Maria-Bonita-2026-9.jpeg 1280w, https:\/\/www.diariodeouropreto.com.br\/wp-content\/uploads\/2026\/03\/Projeto-Maria-Bonita-2026-9-594x396.jpeg 594w, https:\/\/www.diariodeouropreto.com.br\/wp-content\/uploads\/2026\/03\/Projeto-Maria-Bonita-2026-9-200x133.jpeg 200w, https:\/\/www.diariodeouropreto.com.br\/wp-content\/uploads\/2026\/03\/Projeto-Maria-Bonita-2026-9-768x512.jpeg 768w, https:\/\/www.diariodeouropreto.com.br\/wp-content\/uploads\/2026\/03\/Projeto-Maria-Bonita-2026-9-18x12.jpeg 18w, https:\/\/www.diariodeouropreto.com.br\/wp-content\/uploads\/2026\/03\/Projeto-Maria-Bonita-2026-9-465x310.jpeg 465w, https:\/\/www.diariodeouropreto.com.br\/wp-content\/uploads\/2026\/03\/Projeto-Maria-Bonita-2026-9-695x464.jpeg 695w\" sizes=\"(max-width: 1280px) 100vw, 1280px\" \/><\/figure>\n<\/div>\n\n\n\n<div class=\"wp-block-column is-layout-flow wp-block-column-is-layout-flow\">\n<figure class=\"wp-block-image size-full\"><img decoding=\"async\" width=\"1280\" height=\"854\" data-attachment-id=\"50841\" data-permalink=\"https:\/\/www.diariodeouropreto.com.br\/pt\/projeto-maria-bonita-promove-cuidado-acolhimento-e-autoestima-para-mulheres-em-mariana\/projeto-maria-bonita-2026-5\/\" data-orig-file=\"https:\/\/www.diariodeouropreto.com.br\/wp-content\/uploads\/2026\/03\/Projeto-Maria-Bonita-2026-5.jpeg\" data-orig-size=\"1280,854\" data-comments-opened=\"0\" data-image-meta=\"{&quot;aperture&quot;:&quot;0&quot;,&quot;credit&quot;:&quot;&quot;,&quot;camera&quot;:&quot;&quot;,&quot;caption&quot;:&quot;&quot;,&quot;created_timestamp&quot;:&quot;0&quot;,&quot;copyright&quot;:&quot;&quot;,&quot;focal_length&quot;:&quot;0&quot;,&quot;iso&quot;:&quot;0&quot;,&quot;shutter_speed&quot;:&quot;0&quot;,&quot;title&quot;:&quot;&quot;,&quot;orientation&quot;:&quot;0&quot;}\" data-image-title=\"Projeto Maria Bonita 2026 (5)\" data-image-description=\"\" data-image-caption=\"\" data-large-file=\"https:\/\/www.diariodeouropreto.com.br\/wp-content\/uploads\/2026\/03\/Projeto-Maria-Bonita-2026-5.jpeg\" src=\"https:\/\/www.diariodeouropreto.com.br\/wp-content\/uploads\/2026\/03\/Projeto-Maria-Bonita-2026-5.jpeg\" alt=\"\" class=\"wp-image-50841\" srcset=\"https:\/\/www.diariodeouropreto.com.br\/wp-content\/uploads\/2026\/03\/Projeto-Maria-Bonita-2026-5.jpeg 1280w, https:\/\/www.diariodeouropreto.com.br\/wp-content\/uploads\/2026\/03\/Projeto-Maria-Bonita-2026-5-594x396.jpeg 594w, https:\/\/www.diariodeouropreto.com.br\/wp-content\/uploads\/2026\/03\/Projeto-Maria-Bonita-2026-5-200x133.jpeg 200w, https:\/\/www.diariodeouropreto.com.br\/wp-content\/uploads\/2026\/03\/Projeto-Maria-Bonita-2026-5-768x512.jpeg 768w, https:\/\/www.diariodeouropreto.com.br\/wp-content\/uploads\/2026\/03\/Projeto-Maria-Bonita-2026-5-18x12.jpeg 18w, https:\/\/www.diariodeouropreto.com.br\/wp-content\/uploads\/2026\/03\/Projeto-Maria-Bonita-2026-5-465x310.jpeg 465w, https:\/\/www.diariodeouropreto.com.br\/wp-content\/uploads\/2026\/03\/Projeto-Maria-Bonita-2026-5-695x464.jpeg 695w\" sizes=\"(max-width: 1280px) 100vw, 1280px\" \/><\/figure>\n<\/div>\n<\/div>\n\n\n\n<p>Mais do que um dia de cuidados est\u00e9ticos, o encontro proporcionou um espa\u00e7o de acolhimento e partilha. Em um ambiente marcado pelo carinho e pela escuta, as participantes tiveram a oportunidade de conversar, trocar experi\u00eancias e compartilhar hist\u00f3rias de vida, fortalecendo la\u00e7os e resgatando a confian\u00e7a em si mesmas.<\/p>\n\n\n\n<p>Para a Procuradoria da Mulher, iniciativas como o Projeto Maria Bonita demonstram que pequenas a\u00e7\u00f5es de cuidado e aten\u00e7\u00e3o podem gerar impactos significativos na vida das mulheres, contribuindo para que se sintam valorizadas, respeitadas e reconhecidas em suas trajet\u00f3rias.<\/p>\n\n\n\n<div id=\"110712\" class=\"advads-saneouro advads-entity-placement\" style=\"margin-left: auto;margin-right: auto;text-align: center;\"><a href=\"https:\/\/www.saneouro.com.br\/\" target=\"_blank\" aria-label=\"DOP_Site\" data-wpel-link=\"external\" rel=\"follow external noopener noreferrer sponsored ugc\"><img src=\"https:\/\/www.diariodeouropreto.com.br\/wp-content\/uploads\/2026\/04\/DOP_Site.jpg\" alt=\"\"  srcset=\"https:\/\/www.diariodeouropreto.com.br\/wp-content\/uploads\/2026\/04\/DOP_Site.jpg 301w, https:\/\/www.diariodeouropreto.com.br\/wp-content\/uploads\/2026\/04\/DOP_Site-180x150.jpg 180w, https:\/\/www.diariodeouropreto.com.br\/wp-content\/uploads\/2026\/04\/DOP_Site-14x12.jpg 14w\" sizes=\"(max-width: 301px) 100vw, 301px\" width=\"301\" height=\"251\"  style=\"display: inline-block;\" \/><\/a><\/div><p>A a\u00e7\u00e3o refor\u00e7a o compromisso da C\u00e2mara Municipal de Mariana em promover iniciativas que apoiem, fortale\u00e7am e valorizem as mulheres do munic\u00edpio.<\/p>\n\n\n\n<div id=\"50321\" class=\"advads-plantao advads-entity-placement\"><a href=\"https:\/\/www.diariodeouropreto.com.br\/pt\/\" target=\"_blank\" aria-label=\"site &#8211; noticia\" data-wpel-link=\"external\" rel=\"follow external noopener noreferrer sponsored ugc\"><img src=\"https:\/\/www.diariodeouropreto.com.br\/wp-content\/uploads\/2019\/09\/titulosite2-e1616373489755.jpg\" alt=\"\"  srcset=\"https:\/\/www.diariodeouropreto.com.br\/wp-content\/uploads\/2019\/09\/titulosite2-e1616373489755.jpg 1200w, https:\/\/www.diariodeouropreto.com.br\/wp-content\/uploads\/2019\/09\/titulosite2-e1616373489755-150x38.jpg 150w, https:\/\/www.diariodeouropreto.com.br\/wp-content\/uploads\/2019\/09\/titulosite2-e1616373489755-660x167.jpg 660w, https:\/\/www.diariodeouropreto.com.br\/wp-content\/uploads\/2019\/09\/titulosite2-e1616373489755-768x194.jpg 768w, https:\/\/www.diariodeouropreto.com.br\/wp-content\/uploads\/2019\/09\/titulosite2-e1616373489755-1000x252.jpg 1000w, https:\/\/www.diariodeouropreto.com.br\/wp-content\/uploads\/2019\/09\/titulosite2-e1616373489755-1536x388.jpg 1536w, https:\/\/www.diariodeouropreto.com.br\/wp-content\/uploads\/2019\/09\/titulosite2-e1616373489755-2048x517.jpg 2048w\" sizes=\"(max-width: 1200px) 100vw, 1200px\" width=\"1200\" height=\"303\"  style=\"display: inline-block;\" \/><\/a><\/div><p>Fonte: Assessoria C\u00e2mara de Mariana<\/p>","protected":false},"excerpt":{"rendered":"<p>No dia 02 de mar\u00e7o, a Procuradoria da Mulher da C\u00e2mara Municipal de Mariana realizou a segunda edi\u00e7\u00e3o do Projeto Maria Bonita, uma iniciativa que une cuidado, acolhimento e valoriza\u00e7\u00e3o da mulher. A a\u00e7\u00e3o foi realizada em parceria com o sal\u00e3o Studio Brasil, com a profissional Ana Caroline e a<span class=\"more-link\"><a href=\"https:\/\/www.diariodeouropreto.com.br\/pt\/projeto-maria-bonita-promove-cuidado-acolhimento-e-autoestima-para-mulheres-em-mariana\/\" data-wpel-link=\"internal\">Continue Lendo<\/a><\/span><\/p>","protected":false},"author":1,"featured_media":50840,"comment_status":"closed","ping_status":"closed","sticky":false,"template":"","format":"standard","meta":{"_jetpack_memberships_contains_paid_content":false,"footnotes":"","jetpack_publicize_message":"A a\u00e7\u00e3o foi realizada em parceria com o sal\u00e3o Studio Brasil, com a profissional Ana Caroline e a maquiadora Ana Elisa de Oliveira Ramos","jetpack_publicize_feature_enabled":true,"jetpack_social_post_already_shared":false,"jetpack_social_options":{"image_generator_settings":{"template":"highway","default_image_id":0,"font":"","enabled":false},"version":2}},"categories":[272],"tags":[89,14],"class_list":["entry","author-diario","post-50838","post","type-post","status-publish","format-standard","has-post-thumbnail","category-variedades","tag-legislativo","tag-mariana"],"yoast_head":"<!-- This site is optimized with the Yoast SEO plugin v27.5 - https:\/\/yoast.com\/product\/yoast-seo-wordpress\/ -->\n<title>Projeto Maria Bonita promove cuidado, acolhimento e autoestima para mulheres em Mariana - Di\u00e1rio de Ouro Preto<\/title>\n<meta name=\"description\" content=\"A a\u00e7\u00e3o foi realizada em parceria com o sal\u00e3o Studio Brasil, com a profissional Ana Caroline e a maquiadora Ana Elisa de Oliveira Ramos - Projeto Maria Bonita promove cuidado, acolhimento e autoestima para mulheres em Mariana\" \/>\n<meta name=\"robots\" content=\"index, follow, max-snippet:-1, max-image-preview:large, max-video-preview:-1\" \/>\n<link rel=\"canonical\" href=\"https:\/\/www.diariodeouropreto.com.br\/pt\/projeto-maria-bonita-promove-cuidado-acolhimento-e-autoestima-para-mulheres-em-mariana\/\" \/>\n<meta property=\"og:locale\" content=\"pt_PT\" \/>\n<meta property=\"og:type\" content=\"article\" \/>\n<meta property=\"og:title\" content=\"Projeto Maria Bonita promove cuidado, acolhimento e autoestima para mulheres em Mariana - Di\u00e1rio de Ouro Preto\" \/>\n<meta property=\"og:description\" content=\"A a\u00e7\u00e3o foi realizada em parceria com o sal\u00e3o Studio Brasil, com a profissional Ana Caroline e a maquiadora Ana Elisa de Oliveira Ramos - Projeto Maria Bonita promove cuidado, acolhimento e autoestima para mulheres em Mariana\" \/>\n<meta property=\"og:url\" content=\"https:\/\/www.diariodeouropreto.com.br\/pt\/projeto-maria-bonita-promove-cuidado-acolhimento-e-autoestima-para-mulheres-em-mariana\/\" \/>\n<meta property=\"og:site_name\" content=\"Di\u00e1rio de Ouro Preto\" \/>\n<meta property=\"article:publisher\" content=\"https:\/\/www.facebook.com\/diariodeouropreto\/\" \/>\n<meta property=\"article:published_time\" content=\"2026-03-11T17:51:25+00:00\" \/>\n<meta property=\"article:modified_time\" content=\"2026-03-11T17:51:32+00:00\" \/>\n<meta property=\"og:image\" content=\"https:\/\/www.diariodeouropreto.com.br\/wp-content\/uploads\/2026\/03\/Projeto-Maria-Bonita-0.jpeg\" \/>\n\t<meta property=\"og:image:width\" content=\"1200\" \/>\n\t<meta property=\"og:image:height\" content=\"800\" \/>\n\t<meta property=\"og:image:type\" content=\"image\/jpeg\" \/>\n<meta name=\"author\" content=\"Di\u00e1rio de Ouro Preto\" \/>\n<meta name=\"twitter:card\" content=\"summary_large_image\" \/>\n<meta name=\"twitter:label1\" content=\"Escrito por\" \/>\n\t<meta name=\"twitter:data1\" content=\"Di\u00e1rio de Ouro Preto\" \/>\n\t<meta name=\"twitter:label2\" content=\"Tempo estimado de leitura\" \/>\n\t<meta name=\"twitter:data2\" content=\"2 minutos\" \/>\n<script type=\"application\/ld+json\" class=\"yoast-schema-graph\">{\"@context\":\"https:\\\/\\\/schema.org\",\"@graph\":[{\"@type\":\"Article\",\"@id\":\"https:\\\/\\\/www.diariodeouropreto.com.br\\\/projeto-maria-bonita-promove-cuidado-acolhimento-e-autoestima-para-mulheres-em-mariana\\\/#article\",\"isPartOf\":{\"@id\":\"https:\\\/\\\/www.diariodeouropreto.com.br\\\/projeto-maria-bonita-promove-cuidado-acolhimento-e-autoestima-para-mulheres-em-mariana\\\/\"},\"author\":{\"name\":\"Di\u00e1rio de Ouro Preto\",\"@id\":\"https:\\\/\\\/www.diariodeouropreto.com.br\\\/pt\\\/#\\\/schema\\\/person\\\/7654e7b471204a6dab6dc0ce6e140c99\"},\"headline\":\"Projeto Maria Bonita promove cuidado, acolhimento e autoestima para mulheres em Mariana\",\"datePublished\":\"2026-03-11T17:51:25+00:00\",\"dateModified\":\"2026-03-11T17:51:32+00:00\",\"mainEntityOfPage\":{\"@id\":\"https:\\\/\\\/www.diariodeouropreto.com.br\\\/projeto-maria-bonita-promove-cuidado-acolhimento-e-autoestima-para-mulheres-em-mariana\\\/\"},\"wordCount\":232,\"publisher\":{\"@id\":\"https:\\\/\\\/www.diariodeouropreto.com.br\\\/pt\\\/#organization\"},\"image\":{\"@id\":\"https:\\\/\\\/www.diariodeouropreto.com.br\\\/projeto-maria-bonita-promove-cuidado-acolhimento-e-autoestima-para-mulheres-em-mariana\\\/#primaryimage\"},\"thumbnailUrl\":\"https:\\\/\\\/www.diariodeouropreto.com.br\\\/wp-content\\\/uploads\\\/2026\\\/03\\\/Projeto-Maria-Bonita-0.jpeg\",\"keywords\":[\"Legislativo\",\"Mariana\"],\"articleSection\":[\"Variedades\"],\"inLanguage\":\"pt-PT\"},{\"@type\":\"WebPage\",\"@id\":\"https:\\\/\\\/www.diariodeouropreto.com.br\\\/projeto-maria-bonita-promove-cuidado-acolhimento-e-autoestima-para-mulheres-em-mariana\\\/\",\"url\":\"https:\\\/\\\/www.diariodeouropreto.com.br\\\/projeto-maria-bonita-promove-cuidado-acolhimento-e-autoestima-para-mulheres-em-mariana\\\/\",\"name\":\"Projeto Maria Bonita promove cuidado, acolhimento e autoestima para mulheres em Mariana - Di\u00e1rio de Ouro Preto\",\"isPartOf\":{\"@id\":\"https:\\\/\\\/www.diariodeouropreto.com.br\\\/pt\\\/#website\"},\"primaryImageOfPage\":{\"@id\":\"https:\\\/\\\/www.diariodeouropreto.com.br\\\/projeto-maria-bonita-promove-cuidado-acolhimento-e-autoestima-para-mulheres-em-mariana\\\/#primaryimage\"},\"image\":{\"@id\":\"https:\\\/\\\/www.diariodeouropreto.com.br\\\/projeto-maria-bonita-promove-cuidado-acolhimento-e-autoestima-para-mulheres-em-mariana\\\/#primaryimage\"},\"thumbnailUrl\":\"https:\\\/\\\/www.diariodeouropreto.com.br\\\/wp-content\\\/uploads\\\/2026\\\/03\\\/Projeto-Maria-Bonita-0.jpeg\",\"datePublished\":\"2026-03-11T17:51:25+00:00\",\"dateModified\":\"2026-03-11T17:51:32+00:00\",\"description\":\"A a\u00e7\u00e3o foi realizada em parceria com o sal\u00e3o Studio Brasil, com a profissional Ana Caroline e a maquiadora Ana Elisa de Oliveira Ramos - Projeto Maria Bonita promove cuidado, acolhimento e autoestima para mulheres em Mariana\",\"breadcrumb\":{\"@id\":\"https:\\\/\\\/www.diariodeouropreto.com.br\\\/projeto-maria-bonita-promove-cuidado-acolhimento-e-autoestima-para-mulheres-em-mariana\\\/#breadcrumb\"},\"inLanguage\":\"pt-PT\",\"potentialAction\":[{\"@type\":\"ReadAction\",\"target\":[\"https:\\\/\\\/www.diariodeouropreto.com.br\\\/projeto-maria-bonita-promove-cuidado-acolhimento-e-autoestima-para-mulheres-em-mariana\\\/\"]}]},{\"@type\":\"ImageObject\",\"inLanguage\":\"pt-PT\",\"@id\":\"https:\\\/\\\/www.diariodeouropreto.com.br\\\/projeto-maria-bonita-promove-cuidado-acolhimento-e-autoestima-para-mulheres-em-mariana\\\/#primaryimage\",\"url\":\"https:\\\/\\\/www.diariodeouropreto.com.br\\\/wp-content\\\/uploads\\\/2026\\\/03\\\/Projeto-Maria-Bonita-0.jpeg\",\"contentUrl\":\"https:\\\/\\\/www.diariodeouropreto.com.br\\\/wp-content\\\/uploads\\\/2026\\\/03\\\/Projeto-Maria-Bonita-0.jpeg\",\"width\":1200,\"height\":800},{\"@type\":\"BreadcrumbList\",\"@id\":\"https:\\\/\\\/www.diariodeouropreto.com.br\\\/projeto-maria-bonita-promove-cuidado-acolhimento-e-autoestima-para-mulheres-em-mariana\\\/#breadcrumb\",\"itemListElement\":[{\"@type\":\"ListItem\",\"position\":1,\"name\":\"In\u00edcio\",\"item\":\"https:\\\/\\\/www.diariodeouropreto.com.br\\\/pt\\\/\"},{\"@type\":\"ListItem\",\"position\":2,\"name\":\"Projeto Maria Bonita promove cuidado, acolhimento e autoestima para mulheres em Mariana\"}]},{\"@type\":\"WebSite\",\"@id\":\"https:\\\/\\\/www.diariodeouropreto.com.br\\\/pt\\\/#website\",\"url\":\"https:\\\/\\\/www.diariodeouropreto.com.br\\\/pt\\\/\",\"name\":\"Di\u00e1rio de Ouro Preto\",\"description\":\"Not\u00edcias Ouro Preto; Mariana;Minas Gerais;Jornal;Jornalismo;Not\u00edcias;\",\"publisher\":{\"@id\":\"https:\\\/\\\/www.diariodeouropreto.com.br\\\/pt\\\/#organization\"},\"alternateName\":\"Jornal di\u00e1rio de Ouro Preto\",\"potentialAction\":[{\"@type\":\"SearchAction\",\"target\":{\"@type\":\"EntryPoint\",\"urlTemplate\":\"https:\\\/\\\/www.diariodeouropreto.com.br\\\/pt\\\/?s={search_term_string}\"},\"query-input\":{\"@type\":\"PropertyValueSpecification\",\"valueRequired\":true,\"valueName\":\"search_term_string\"}}],\"inLanguage\":\"pt-PT\"},{\"@type\":\"Organization\",\"@id\":\"https:\\\/\\\/www.diariodeouropreto.com.br\\\/pt\\\/#organization\",\"name\":\"Di\u00e1rio de Ouro Preto\",\"alternateName\":\"Jornal di\u00e1rio Ouro Preto\",\"url\":\"https:\\\/\\\/www.diariodeouropreto.com.br\\\/pt\\\/\",\"logo\":{\"@type\":\"ImageObject\",\"inLanguage\":\"pt-PT\",\"@id\":\"https:\\\/\\\/www.diariodeouropreto.com.br\\\/pt\\\/#\\\/schema\\\/logo\\\/image\\\/\",\"url\":\"https:\\\/\\\/www.diariodeouropreto.com.br\\\/wp-content\\\/uploads\\\/2019\\\/06\\\/cropped-logotransp-2.png\",\"contentUrl\":\"https:\\\/\\\/www.diariodeouropreto.com.br\\\/wp-content\\\/uploads\\\/2019\\\/06\\\/cropped-logotransp-2.png\",\"width\":1323,\"height\":251,\"caption\":\"Di\u00e1rio de Ouro Preto\"},\"image\":{\"@id\":\"https:\\\/\\\/www.diariodeouropreto.com.br\\\/pt\\\/#\\\/schema\\\/logo\\\/image\\\/\"},\"sameAs\":[\"https:\\\/\\\/www.facebook.com\\\/diariodeouropreto\\\/\"]},{\"@type\":\"Person\",\"@id\":\"https:\\\/\\\/www.diariodeouropreto.com.br\\\/pt\\\/#\\\/schema\\\/person\\\/7654e7b471204a6dab6dc0ce6e140c99\",\"name\":\"Di\u00e1rio de Ouro Preto\",\"sameAs\":[\"http:\\\/\\\/www.diariodeouropreto.com.br\"],\"url\":\"https:\\\/\\\/www.diariodeouropreto.com.br\\\/pt\\\/author\\\/diario\\\/\"}]}<\/script>\n<!-- \/ Yoast SEO plugin. -->","yoast_head_json":{"title":"Projeto Maria Bonita promove cuidado, acolhimento e autoestima para mulheres em Mariana - Di\u00e1rio de Ouro Preto","description":"A a\u00e7\u00e3o foi realizada em parceria com o sal\u00e3o Studio Brasil, com a profissional Ana Caroline e a maquiadora Ana Elisa de Oliveira Ramos - Projeto Maria Bonita promove cuidado, acolhimento e autoestima para mulheres em Mariana","robots":{"index":"index","follow":"follow","max-snippet":"max-snippet:-1","max-image-preview":"max-image-preview:large","max-video-preview":"max-video-preview:-1"},"canonical":"https:\/\/www.diariodeouropreto.com.br\/pt\/projeto-maria-bonita-promove-cuidado-acolhimento-e-autoestima-para-mulheres-em-mariana\/","og_locale":"pt_PT","og_type":"article","og_title":"Projeto Maria Bonita promove cuidado, acolhimento e autoestima para mulheres em Mariana - Di\u00e1rio de Ouro Preto","og_description":"A a\u00e7\u00e3o foi realizada em parceria com o sal\u00e3o Studio Brasil, com a profissional Ana Caroline e a maquiadora Ana Elisa de Oliveira Ramos - Projeto Maria Bonita promove cuidado, acolhimento e autoestima para mulheres em Mariana","og_url":"https:\/\/www.diariodeouropreto.com.br\/pt\/projeto-maria-bonita-promove-cuidado-acolhimento-e-autoestima-para-mulheres-em-mariana\/","og_site_name":"Di\u00e1rio de Ouro Preto","article_publisher":"https:\/\/www.facebook.com\/diariodeouropreto\/","article_published_time":"2026-03-11T17:51:25+00:00","article_modified_time":"2026-03-11T17:51:32+00:00","og_image":[{"width":1200,"height":800,"url":"https:\/\/www.diariodeouropreto.com.br\/wp-content\/uploads\/2026\/03\/Projeto-Maria-Bonita-0.jpeg","type":"image\/jpeg"}],"author":"Di\u00e1rio de Ouro Preto","twitter_card":"summary_large_image","twitter_misc":{"Escrito por":"Di\u00e1rio de Ouro Preto","Tempo estimado de leitura":"2 minutos"},"schema":{"@context":"https:\/\/schema.org","@graph":[{"@type":"Article","@id":"https:\/\/www.diariodeouropreto.com.br\/projeto-maria-bonita-promove-cuidado-acolhimento-e-autoestima-para-mulheres-em-mariana\/#article","isPartOf":{"@id":"https:\/\/www.diariodeouropreto.com.br\/projeto-maria-bonita-promove-cuidado-acolhimento-e-autoestima-para-mulheres-em-mariana\/"},"author":{"name":"Di\u00e1rio de Ouro Preto","@id":"https:\/\/www.diariodeouropreto.com.br\/pt\/#\/schema\/person\/7654e7b471204a6dab6dc0ce6e140c99"},"headline":"Projeto Maria Bonita promove cuidado, acolhimento e autoestima para mulheres em Mariana","datePublished":"2026-03-11T17:51:25+00:00","dateModified":"2026-03-11T17:51:32+00:00","mainEntityOfPage":{"@id":"https:\/\/www.diariodeouropreto.com.br\/projeto-maria-bonita-promove-cuidado-acolhimento-e-autoestima-para-mulheres-em-mariana\/"},"wordCount":232,"publisher":{"@id":"https:\/\/www.diariodeouropreto.com.br\/pt\/#organization"},"image":{"@id":"https:\/\/www.diariodeouropreto.com.br\/projeto-maria-bonita-promove-cuidado-acolhimento-e-autoestima-para-mulheres-em-mariana\/#primaryimage"},"thumbnailUrl":"https:\/\/www.diariodeouropreto.com.br\/wp-content\/uploads\/2026\/03\/Projeto-Maria-Bonita-0.jpeg","keywords":["Legislativo","Mariana"],"articleSection":["Variedades"],"inLanguage":"pt-PT"},{"@type":"WebPage","@id":"https:\/\/www.diariodeouropreto.com.br\/projeto-maria-bonita-promove-cuidado-acolhimento-e-autoestima-para-mulheres-em-mariana\/","url":"https:\/\/www.diariodeouropreto.com.br\/projeto-maria-bonita-promove-cuidado-acolhimento-e-autoestima-para-mulheres-em-mariana\/","name":"Projeto Maria Bonita promove cuidado, acolhimento e autoestima para mulheres em Mariana - Di\u00e1rio de Ouro Preto","isPartOf":{"@id":"https:\/\/www.diariodeouropreto.com.br\/pt\/#website"},"primaryImageOfPage":{"@id":"https:\/\/www.diariodeouropreto.com.br\/projeto-maria-bonita-promove-cuidado-acolhimento-e-autoestima-para-mulheres-em-mariana\/#primaryimage"},"image":{"@id":"https:\/\/www.diariodeouropreto.com.br\/projeto-maria-bonita-promove-cuidado-acolhimento-e-autoestima-para-mulheres-em-mariana\/#primaryimage"},"thumbnailUrl":"https:\/\/www.diariodeouropreto.com.br\/wp-content\/uploads\/2026\/03\/Projeto-Maria-Bonita-0.jpeg","datePublished":"2026-03-11T17:51:25+00:00","dateModified":"2026-03-11T17:51:32+00:00","description":"A a\u00e7\u00e3o foi realizada em parceria com o sal\u00e3o Studio Brasil, com a profissional Ana Caroline e a maquiadora Ana Elisa de Oliveira Ramos - Projeto Maria Bonita promove cuidado, acolhimento e autoestima para mulheres em Mariana","breadcrumb":{"@id":"https:\/\/www.diariodeouropreto.com.br\/projeto-maria-bonita-promove-cuidado-acolhimento-e-autoestima-para-mulheres-em-mariana\/#breadcrumb"},"inLanguage":"pt-PT","potentialAction":[{"@type":"ReadAction","target":["https:\/\/www.diariodeouropreto.com.br\/projeto-maria-bonita-promove-cuidado-acolhimento-e-autoestima-para-mulheres-em-mariana\/"]}]},{"@type":"ImageObject","inLanguage":"pt-PT","@id":"https:\/\/www.diariodeouropreto.com.br\/projeto-maria-bonita-promove-cuidado-acolhimento-e-autoestima-para-mulheres-em-mariana\/#primaryimage","url":"https:\/\/www.diariodeouropreto.com.br\/wp-content\/uploads\/2026\/03\/Projeto-Maria-Bonita-0.jpeg","contentUrl":"https:\/\/www.diariodeouropreto.com.br\/wp-content\/uploads\/2026\/03\/Projeto-Maria-Bonita-0.jpeg","width":1200,"height":800},{"@type":"BreadcrumbList","@id":"https:\/\/www.diariodeouropreto.com.br\/projeto-maria-bonita-promove-cuidado-acolhimento-e-autoestima-para-mulheres-em-mariana\/#breadcrumb","itemListElement":[{"@type":"ListItem","position":1,"name":"In\u00edcio","item":"https:\/\/www.diariodeouropreto.com.br\/pt\/"},{"@type":"ListItem","position":2,"name":"Projeto Maria Bonita promove cuidado, acolhimento e autoestima para mulheres em Mariana"}]},{"@type":"WebSite","@id":"https:\/\/www.diariodeouropreto.com.br\/pt\/#website","url":"https:\/\/www.diariodeouropreto.com.br\/pt\/","name":"Di\u00e1rio de Ouro Preto","description":"Not\u00edcias Ouro Preto; Mariana;Minas Gerais;Jornal;Jornalismo;Not\u00edcias;","publisher":{"@id":"https:\/\/www.diariodeouropreto.com.br\/pt\/#organization"},"alternateName":"Jornal di\u00e1rio de Ouro Preto","potentialAction":[{"@type":"SearchAction","target":{"@type":"EntryPoint","urlTemplate":"https:\/\/www.diariodeouropreto.com.br\/pt\/?s={search_term_string}"},"query-input":{"@type":"PropertyValueSpecification","valueRequired":true,"valueName":"search_term_string"}}],"inLanguage":"pt-PT"},{"@type":"Organization","@id":"https:\/\/www.diariodeouropreto.com.br\/pt\/#organization","name":"Di\u00e1rio de Ouro Preto","alternateName":"Jornal di\u00e1rio Ouro Preto","url":"https:\/\/www.diariodeouropreto.com.br\/pt\/","logo":{"@type":"ImageObject","inLanguage":"pt-PT","@id":"https:\/\/www.diariodeouropreto.com.br\/pt\/#\/schema\/logo\/image\/","url":"https:\/\/www.diariodeouropreto.com.br\/wp-content\/uploads\/2019\/06\/cropped-logotransp-2.png","contentUrl":"https:\/\/www.diariodeouropreto.com.br\/wp-content\/uploads\/2019\/06\/cropped-logotransp-2.png","width":1323,"height":251,"caption":"Di\u00e1rio de Ouro Preto"},"image":{"@id":"https:\/\/www.diariodeouropreto.com.br\/pt\/#\/schema\/logo\/image\/"},"sameAs":["https:\/\/www.facebook.com\/diariodeouropreto\/"]},{"@type":"Person","@id":"https:\/\/www.diariodeouropreto.com.br\/pt\/#\/schema\/person\/7654e7b471204a6dab6dc0ce6e140c99","name":"Di\u00e1rio de Ouro Preto","sameAs":["http:\/\/www.diariodeouropreto.com.br"],"url":"https:\/\/www.diariodeouropreto.com.br\/pt\/author\/diario\/"}]}},"jetpack_publicize_connections":[],"jetpack_featured_media_url":"https:\/\/www.diariodeouropreto.com.br\/wp-content\/uploads\/2026\/03\/Projeto-Maria-Bonita-0.jpeg","jetpack-related-posts":[{"id":48096,"url":"https:\/\/www.diariodeouropreto.com.br\/pt\/campanha-arara-da-autoestima-apoia-mulheres-assistidas-pela-patrulha-maria-da-penha\/","url_meta":{"origin":50838,"position":0},"title":"Campanha Arara da Autoestima apoia mulheres assistidas pela Patrulha Maria da Penha","author":"Di\u00e1rio de Ouro Preto","date":"13 de Outubro de 2025","format":false,"excerpt":"A Prefeitura de Mariana, por meio da Secretaria de Seguran\u00e7a P\u00fablica, deu in\u00edcio \u00e0 campanha \u201cArara da Autoestima\u201d, que promove a doa\u00e7\u00e3o de roupas, sapatos, bolsas e acess\u00f3rios para mulheres assistidas pela Patrulha Maria da Penha. A iniciativa integra as a\u00e7\u00f5es do Outubro Rosa e segue at\u00e9 o dia 17\u2026","rel":"","context":"In &quot;Mariana&quot;","block_context":{"text":"Mariana","link":"https:\/\/www.diariodeouropreto.com.br\/pt\/Editoria\/mariana\/"},"img":{"alt_text":"","src":"https:\/\/i0.wp.com\/www.diariodeouropreto.com.br\/wp-content\/uploads\/2025\/10\/arara-da-autoestima-site.jpg?resize=350%2C200&ssl=1","width":350,"height":200,"srcset":"https:\/\/i0.wp.com\/www.diariodeouropreto.com.br\/wp-content\/uploads\/2025\/10\/arara-da-autoestima-site.jpg?resize=350%2C200&ssl=1 1x, https:\/\/i0.wp.com\/www.diariodeouropreto.com.br\/wp-content\/uploads\/2025\/10\/arara-da-autoestima-site.jpg?resize=525%2C300&ssl=1 1.5x, https:\/\/i0.wp.com\/www.diariodeouropreto.com.br\/wp-content\/uploads\/2025\/10\/arara-da-autoestima-site.jpg?resize=700%2C400&ssl=1 2x, https:\/\/i0.wp.com\/www.diariodeouropreto.com.br\/wp-content\/uploads\/2025\/10\/arara-da-autoestima-site.jpg?resize=1050%2C600&ssl=1 3x"},"classes":[]},{"id":45189,"url":"https:\/\/www.diariodeouropreto.com.br\/pt\/mariana-agora-conta-com-uma-unidade-de-acolhimento-para-mulheres-vitimas-de-violencia\/","url_meta":{"origin":50838,"position":1},"title":"Mariana agora conta com uma unidade de acolhimento para mulheres v\u00edtimas de viol\u00eancia","author":"Di\u00e1rio de Ouro Preto","date":"10 de Junho de 2025","format":false,"excerpt":"Mariana agora conta com uma unidade de acolhimento para mulheres v\u00edtimas de viol\u00eancia O espa\u00e7o oferece abrigo tempor\u00e1rio, prote\u00e7\u00e3o e suporte para que elas possam superar o momento de vulnerabilidade e retomar sua autonomia Acesse o site e leia a mat\u00e9ria pelo nosso perfil @jornaldiariodeouropreto","rel":"","context":"In &quot;Mariana&quot;","block_context":{"text":"Mariana","link":"https:\/\/www.diariodeouropreto.com.br\/pt\/Editoria\/mariana\/"},"img":{"alt_text":"","src":"https:\/\/i0.wp.com\/www.diariodeouropreto.com.br\/wp-content\/uploads\/2025\/06\/acolhimento-as-mulheres-site.jpg?resize=350%2C200&ssl=1","width":350,"height":200,"srcset":"https:\/\/i0.wp.com\/www.diariodeouropreto.com.br\/wp-content\/uploads\/2025\/06\/acolhimento-as-mulheres-site.jpg?resize=350%2C200&ssl=1 1x, https:\/\/i0.wp.com\/www.diariodeouropreto.com.br\/wp-content\/uploads\/2025\/06\/acolhimento-as-mulheres-site.jpg?resize=525%2C300&ssl=1 1.5x, https:\/\/i0.wp.com\/www.diariodeouropreto.com.br\/wp-content\/uploads\/2025\/06\/acolhimento-as-mulheres-site.jpg?resize=700%2C400&ssl=1 2x, https:\/\/i0.wp.com\/www.diariodeouropreto.com.br\/wp-content\/uploads\/2025\/06\/acolhimento-as-mulheres-site.jpg?resize=1050%2C600&ssl=1 3x"},"classes":[]},{"id":47086,"url":"https:\/\/www.diariodeouropreto.com.br\/pt\/seminario-debate-rede-de-apoio-as-mulheres-vitimas-violencias\/","url_meta":{"origin":50838,"position":2},"title":"Semin\u00e1rio debate Rede de Apoio \u00e0s mulheres v\u00edtimas viol\u00eancias","author":"Di\u00e1rio de Ouro Preto","date":"22 de Agosto de 2025","format":false,"excerpt":"Ouro Preto - A Rede de Apoio \u00e0 Mulher V\u00edtima de Viol\u00eancia Dom\u00e9stica se reuniu, nesta ter\u00e7a-feira, 19\/08, no Sal\u00e3o do Juri do F\u00f3rum da Comarca, quando realizaram o Semin\u00e1rio \u201cRede de Prote\u00e7\u00e3o \u00e0 Mulher em Di\u00e1logo\u201d, uma iniciativa do Servi\u00e7o Interprofissional de Atendimento \u00e0 Mulher (SIAME). Os magistrados das\u2026","rel":"","context":"In &quot;Ouro Preto&quot;","block_context":{"text":"Ouro Preto","link":"https:\/\/www.diariodeouropreto.com.br\/pt\/Editoria\/ouro-preto\/"},"img":{"alt_text":"","src":"https:\/\/i0.wp.com\/www.diariodeouropreto.com.br\/wp-content\/uploads\/2025\/08\/Imagem-do-WhatsApp-de-2025-08-21-as-16.22.11_965ce131.jpg?resize=350%2C200&ssl=1","width":350,"height":200,"srcset":"https:\/\/i0.wp.com\/www.diariodeouropreto.com.br\/wp-content\/uploads\/2025\/08\/Imagem-do-WhatsApp-de-2025-08-21-as-16.22.11_965ce131.jpg?resize=350%2C200&ssl=1 1x, https:\/\/i0.wp.com\/www.diariodeouropreto.com.br\/wp-content\/uploads\/2025\/08\/Imagem-do-WhatsApp-de-2025-08-21-as-16.22.11_965ce131.jpg?resize=525%2C300&ssl=1 1.5x, https:\/\/i0.wp.com\/www.diariodeouropreto.com.br\/wp-content\/uploads\/2025\/08\/Imagem-do-WhatsApp-de-2025-08-21-as-16.22.11_965ce131.jpg?resize=700%2C400&ssl=1 2x, https:\/\/i0.wp.com\/www.diariodeouropreto.com.br\/wp-content\/uploads\/2025\/08\/Imagem-do-WhatsApp-de-2025-08-21-as-16.22.11_965ce131.jpg?resize=1050%2C600&ssl=1 3x"},"classes":[]},{"id":17812,"url":"https:\/\/www.diariodeouropreto.com.br\/pt\/lei-maria-da-penha-completa-16-anos-neste-domingo\/","url_meta":{"origin":50838,"position":3},"title":"Lei Maria da Penha completa 16 anos neste domingo","author":"Di\u00e1rio de Ouro Preto","date":"7 de Agosto de 2022","format":false,"excerpt":"A Lei n\u00ba 11.340\/06, conhecida como Lei Maria da Penha que criou mecanismos para enfrentar e prevenir a viol\u00eancia dom\u00e9stica e familiar contra a mulher completa hoje (7) 16 anos. Para lembrar a data, o Minist\u00e9rio da Mulher, da Fam\u00edlia e dos Direitos Humanos (MMFDH) lan\u00e7ou a campanha Agosto Lil\u00e1s.\u2026","rel":"","context":"In &quot;Policial&quot;","block_context":{"text":"Policial","link":"https:\/\/www.diariodeouropreto.com.br\/pt\/Editoria\/policial\/"},"img":{"alt_text":"","src":"https:\/\/i0.wp.com\/www.diariodeouropreto.com.br\/wp-content\/uploads\/2022\/08\/1107568-df_mcamgo_abr_020920187646.jpg?resize=350%2C200&ssl=1","width":350,"height":200,"srcset":"https:\/\/i0.wp.com\/www.diariodeouropreto.com.br\/wp-content\/uploads\/2022\/08\/1107568-df_mcamgo_abr_020920187646.jpg?resize=350%2C200&ssl=1 1x, https:\/\/i0.wp.com\/www.diariodeouropreto.com.br\/wp-content\/uploads\/2022\/08\/1107568-df_mcamgo_abr_020920187646.jpg?resize=525%2C300&ssl=1 1.5x, https:\/\/i0.wp.com\/www.diariodeouropreto.com.br\/wp-content\/uploads\/2022\/08\/1107568-df_mcamgo_abr_020920187646.jpg?resize=700%2C400&ssl=1 2x, https:\/\/i0.wp.com\/www.diariodeouropreto.com.br\/wp-content\/uploads\/2022\/08\/1107568-df_mcamgo_abr_020920187646.jpg?resize=1050%2C600&ssl=1 3x"},"classes":[]},{"id":24543,"url":"https:\/\/www.diariodeouropreto.com.br\/pt\/programa-de-extensao-da-ufop-realiza-atividades-em-antonio-pereira-neste-fim-de-semana\/","url_meta":{"origin":50838,"position":4},"title":"Programa de extens\u00e3o da UFOP realiza atividades em Ant\u00f4nio Pereira neste fim de semana","author":"Di\u00e1rio de Ouro Preto","date":"27 de Julho de 2023","format":false,"excerpt":"A programa\u00e7\u00e3o inclui a\u00e7\u00f5es para crian\u00e7as e mulheres O programa de extens\u00e3o e pesquisa \"De m\u00e3os dadas com Ant\u00f4nio Pereira\" realiza diferentes atividades nesta sexta-feira (28) e s\u00e1bado (29) no distrito de Ouro Preto. A Col\u00f4nia de F\u00e9rias Pura Divers\u00e3o vai acontecer no Centro Educacional e Promocional Padre \u00c2ngelo. A\u2026","rel":"","context":"In &quot;Variedades&quot;","block_context":{"text":"Variedades","link":"https:\/\/www.diariodeouropreto.com.br\/pt\/Editoria\/variedades\/"},"img":{"alt_text":"","src":"https:\/\/i0.wp.com\/www.diariodeouropreto.com.br\/wp-content\/uploads\/2022\/09\/capa-noticia-geral-e1617738740372.jpg?resize=350%2C200&ssl=1","width":350,"height":200,"srcset":"https:\/\/i0.wp.com\/www.diariodeouropreto.com.br\/wp-content\/uploads\/2022\/09\/capa-noticia-geral-e1617738740372.jpg?resize=350%2C200&ssl=1 1x, https:\/\/i0.wp.com\/www.diariodeouropreto.com.br\/wp-content\/uploads\/2022\/09\/capa-noticia-geral-e1617738740372.jpg?resize=525%2C300&ssl=1 1.5x"},"classes":[]},{"id":32072,"url":"https:\/\/www.diariodeouropreto.com.br\/pt\/mulheres-vitimas-de-violencia-domestica-podem-solicitar-protecao-no-programa-patrulha-maria-da-penha\/","url_meta":{"origin":50838,"position":5},"title":"Mulheres v\u00edtimas de viol\u00eancia dom\u00e9stica podem solicitar prote\u00e7\u00e3o no Programa Patrulha Maria da Penha","author":"Di\u00e1rio de Ouro Preto","date":"22 de Abril de 2024","format":false,"excerpt":"A Guarda Civil Municipal (GCM) de Mariana, em parceria com o Centro de Refer\u00eancia Especializado da Assist\u00eancia Social (Creas), realiza o cadastramento das mulheres em situa\u00e7\u00e3o de viol\u00eancia para repasse de equipamento de socorro, o \u201cbot\u00e3o do p\u00e2nico\". A a\u00e7\u00e3o est\u00e1 dentro do Programa Patrulha Maria da Penha, idealizado pela\u2026","rel":"","context":"In &quot;Mariana&quot;","block_context":{"text":"Mariana","link":"https:\/\/www.diariodeouropreto.com.br\/pt\/Editoria\/mariana\/"},"img":{"alt_text":"","src":"https:\/\/i0.wp.com\/www.diariodeouropreto.com.br\/wp-content\/uploads\/2024\/04\/Patrulha-Maria-da-Penha-site.jpg?resize=350%2C200&ssl=1","width":350,"height":200,"srcset":"https:\/\/i0.wp.com\/www.diariodeouropreto.com.br\/wp-content\/uploads\/2024\/04\/Patrulha-Maria-da-Penha-site.jpg?resize=350%2C200&ssl=1 1x, https:\/\/i0.wp.com\/www.diariodeouropreto.com.br\/wp-content\/uploads\/2024\/04\/Patrulha-Maria-da-Penha-site.jpg?resize=525%2C300&ssl=1 1.5x, https:\/\/i0.wp.com\/www.diariodeouropreto.com.br\/wp-content\/uploads\/2024\/04\/Patrulha-Maria-da-Penha-site.jpg?resize=700%2C400&ssl=1 2x, https:\/\/i0.wp.com\/www.diariodeouropreto.com.br\/wp-content\/uploads\/2024\/04\/Patrulha-Maria-da-Penha-site.jpg?resize=1050%2C600&ssl=1 3x"},"classes":[]}],"jetpack_sharing_enabled":true,"amp_enabled":true,"_links":{"self":[{"href":"https:\/\/www.diariodeouropreto.com.br\/pt\/wp-json\/wp\/v2\/posts\/50838","targetHints":{"allow":["GET"]}}],"collection":[{"href":"https:\/\/www.diariodeouropreto.com.br\/pt\/wp-json\/wp\/v2\/posts"}],"about":[{"href":"https:\/\/www.diariodeouropreto.com.br\/pt\/wp-json\/wp\/v2\/types\/post"}],"author":[{"embeddable":true,"href":"https:\/\/www.diariodeouropreto.com.br\/pt\/wp-json\/wp\/v2\/users\/1"}],"replies":[{"embeddable":true,"href":"https:\/\/www.diariodeouropreto.com.br\/pt\/wp-json\/wp\/v2\/comments?post=50838"}],"version-history":[{"count":1,"href":"https:\/\/www.diariodeouropreto.com.br\/pt\/wp-json\/wp\/v2\/posts\/50838\/revisions"}],"predecessor-version":[{"id":50843,"href":"https:\/\/www.diariodeouropreto.com.br\/pt\/wp-json\/wp\/v2\/posts\/50838\/revisions\/50843"}],"wp:featuredmedia":[{"embeddable":true,"href":"https:\/\/www.diariodeouropreto.com.br\/pt\/wp-json\/wp\/v2\/media\/50840"}],"wp:attachment":[{"href":"https:\/\/www.diariodeouropreto.com.br\/pt\/wp-json\/wp\/v2\/media?parent=50838"}],"wp:term":[{"taxonomy":"category","embeddable":true,"href":"https:\/\/www.diariodeouropreto.com.br\/pt\/wp-json\/wp\/v2\/categories?post=50838"},{"taxonomy":"post_tag","embeddable":true,"href":"https:\/\/www.diariodeouropreto.com.br\/pt\/wp-json\/wp\/v2\/tags?post=50838"}],"curies":[{"name":"wp","href":"https:\/\/api.w.org\/{rel}","templated":true}]}}