{"id":50829,"date":"2026-03-10T18:55:41","date_gmt":"2026-03-10T21:55:41","guid":{"rendered":"https:\/\/www.diariodeouropreto.com.br\/?p=50829"},"modified":"2026-03-10T19:04:40","modified_gmt":"2026-03-10T22:04:40","slug":"centro-meteorologico-permite-a-cemig-antecipar-riscos-e-planejar-resposta-a-tempestades-em-minas","status":"publish","type":"post","link":"https:\/\/www.diariodeouropreto.com.br\/pt\/centro-meteorologico-permite-a-cemig-antecipar-riscos-e-planejar-resposta-a-tempestades-em-minas\/","title":{"rendered":"Centro meteorol\u00f3gico permite \u00e0 Cemig antecipar riscos e planejar resposta a tempestades em Minas"},"content":{"rendered":"<p><strong>Tecnologia e monitoramento em tempo real refor\u00e7am a atua\u00e7\u00e3o preventiva da companhia diante de eventos meteorol\u00f3gicos extremos<br><\/strong><\/p>\n\n\n\n<p>Com o avan\u00e7o dos eventos meteorol\u00f3gicos extremos, a atua\u00e7\u00e3o preventiva passou a ser um diferencial estrat\u00e9gico no setor el\u00e9trico. Em Minas Gerais, a&nbsp;<a href=\"https:\/\/www.cemig.com.br\/\" rel=\"noreferrer noopener follow external sponsored ugc\" target=\"_blank\" data-wpel-link=\"external\">Companhia Energ\u00e9tica de Minas Gerais (Cemig)<\/a>&nbsp;tem um centro meteorol\u00f3gico pr\u00f3prio, equipado com uma sala de situa\u00e7\u00e3o, que por sua vez conta com pain\u00e9is de monitoramento em tempo real, que utilizam ferramentas de monitoramento clim\u00e1tico.&nbsp;<br><br>Al\u00e9m disso, o setor conta com o radar meteorol\u00f3gico localizado em Mateus Leme, na Regi\u00e3o Metropolitana de Belo Horizonte (RMBH), e a rede de detec\u00e7\u00e3o de raios, al\u00e9m de uma equipe de meteorologistas dedicados, o que permite o acompanhamento das condi\u00e7\u00f5es clim\u00e1ticas em todo o estado com precis\u00e3o.<br><br>A estrutura possibilita a identifica\u00e7\u00e3o antecipada de tempestades, \u00e1reas com maior incid\u00eancia de raios, volumes elevados de chuva e rajadas de vento. A partir desses dados, a companhia consegue mobilizar equipes, reposicionar recursos e refor\u00e7ar estruturas antes mesmo da ocorr\u00eancia dos eventos mais severos.<br><br>Os boletins, avisos e alertas meteorol\u00f3gicos s\u00e3o encaminhados aos centros de opera\u00e7\u00e3o e permitem a ado\u00e7\u00e3o de medidas focadas nas regi\u00f5es mais impactadas, como a mobiliza\u00e7\u00e3o antecipada de equipes, com at\u00e9 quatro horas de anteced\u00eancia.&nbsp;<br><br>Ruany Maia, meteorologista da Cemig, explica como o setor contribui com a efici\u00eancia operacional da companhia. &#8220;Durante o per\u00edodo chuvoso, quando os riscos \u00e0 rede el\u00e9trica aumentam, esse monitoramento cont\u00ednuo favorece uma atua\u00e7\u00e3o mais r\u00e1pida e assertiva, reduzindo impactos e ampliando a seguran\u00e7a da opera\u00e7\u00e3o. A integra\u00e7\u00e3o entre meteorologia e centros de opera\u00e7\u00e3o tem se mostrado fundamental diante de um cen\u00e1rio clim\u00e1tico cada vez mais desafiador&#8221;, esclarece.&nbsp;<br><br>Em 2025, a Cemig emitiu 15,6 mil alertas meteorol\u00f3gicos e foram identificados mais de 2 milh\u00f5es de descargas atmosf\u00e9ricas em Minas Gerais, crescimento de 27,5% em rela\u00e7\u00e3o ao ano anterior. Na RMBH, o total atingiu quase 50 mil registros, sendo aproximadamente 1,9 mil apenas na capital.&nbsp;<br><br><strong>Per\u00edodo seco<\/strong><br><br>Para reduzir o tempo de interrup\u00e7\u00e3o em ocorr\u00eancias relacionadas a queimadas, o setor de Meteorologia da Cemig desenvolveu um sistema que monitora, via dados de sat\u00e9lite, focos de calor a uma dist\u00e2ncia de at\u00e9 1,5 quil\u00f4metro das linhas de distribui\u00e7\u00e3o e de transmiss\u00e3o da companhia.&nbsp;<br><br>&#8220;O sistema recebe informa\u00e7\u00f5es de uma rede de sat\u00e9lites orbitais, que mapeiam, por meio de sensores t\u00e9rmicos, os focos de calor em todo o territ\u00f3rio mineiro. Esses dados s\u00e3o cruzados com as coordenadas georreferenciadas das linhas de distribui\u00e7\u00e3o e transmiss\u00e3o de alta tens\u00e3o&#8221;, conta Ruany Maia.&nbsp;<br><br>&#8220;A partir dessas informa\u00e7\u00f5es, as equipes s\u00e3o acionadas para realizar inspe\u00e7\u00f5es em campo e, quando necess\u00e1rio, executar a\u00e7\u00f5es preventivas, como ajustes operacionais e manobras no sistema, com o objetivo de evitar interrup\u00e7\u00f5es no fornecimento de energia&#8221;, complementa a especialista da Cemig.<br><br>A mesma tecnologia tamb\u00e9m \u00e9 utilizada no sistema de transmiss\u00e3o, auxiliando o Centro de Opera\u00e7\u00e3o do Sistema (COS) na gest\u00e3o de ocorr\u00eancias em linhas de extra alta tens\u00e3o, tornando o restabelecimento do fornecimento mais seguro e \u00e1gil.<\/p>\n\n\n\n<div id=\"110712\" class=\"advads-saneouro advads-entity-placement\" style=\"margin-left: auto;margin-right: auto;text-align: center;\"><a href=\"https:\/\/www.saneouro.com.br\/\" target=\"_blank\" aria-label=\"DOP_Site\" data-wpel-link=\"external\" rel=\"follow external noopener noreferrer sponsored ugc\"><img src=\"https:\/\/www.diariodeouropreto.com.br\/wp-content\/uploads\/2026\/04\/DOP_Site.jpg\" alt=\"\"  srcset=\"https:\/\/www.diariodeouropreto.com.br\/wp-content\/uploads\/2026\/04\/DOP_Site.jpg 301w, https:\/\/www.diariodeouropreto.com.br\/wp-content\/uploads\/2026\/04\/DOP_Site-180x150.jpg 180w, https:\/\/www.diariodeouropreto.com.br\/wp-content\/uploads\/2026\/04\/DOP_Site-14x12.jpg 14w\" sizes=\"(max-width: 301px) 100vw, 301px\" width=\"301\" height=\"251\"  style=\"display: inline-block;\" \/><\/a><\/div><p>Fonte: Ag\u00eancia Minas<\/p>\n\n\n\n<div id=\"50321\" class=\"advads-plantao advads-entity-placement\"><a href=\"https:\/\/www.diariodeouropreto.com.br\/pt\/\" target=\"_blank\" aria-label=\"site &#8211; noticia\" data-wpel-link=\"external\" rel=\"follow external noopener noreferrer sponsored ugc\"><img src=\"https:\/\/www.diariodeouropreto.com.br\/wp-content\/uploads\/2019\/09\/titulosite2-e1616373489755.jpg\" alt=\"\"  srcset=\"https:\/\/www.diariodeouropreto.com.br\/wp-content\/uploads\/2019\/09\/titulosite2-e1616373489755.jpg 1200w, https:\/\/www.diariodeouropreto.com.br\/wp-content\/uploads\/2019\/09\/titulosite2-e1616373489755-150x38.jpg 150w, https:\/\/www.diariodeouropreto.com.br\/wp-content\/uploads\/2019\/09\/titulosite2-e1616373489755-660x167.jpg 660w, https:\/\/www.diariodeouropreto.com.br\/wp-content\/uploads\/2019\/09\/titulosite2-e1616373489755-768x194.jpg 768w, https:\/\/www.diariodeouropreto.com.br\/wp-content\/uploads\/2019\/09\/titulosite2-e1616373489755-1000x252.jpg 1000w, https:\/\/www.diariodeouropreto.com.br\/wp-content\/uploads\/2019\/09\/titulosite2-e1616373489755-1536x388.jpg 1536w, https:\/\/www.diariodeouropreto.com.br\/wp-content\/uploads\/2019\/09\/titulosite2-e1616373489755-2048x517.jpg 2048w\" sizes=\"(max-width: 1200px) 100vw, 1200px\" width=\"1200\" height=\"303\"  style=\"display: inline-block;\" \/><\/a><\/div><p>Foto: Demetrio Aguiar \/ Cemig<\/p>","protected":false},"excerpt":{"rendered":"<p>Tecnologia e monitoramento em tempo real refor\u00e7am a atua\u00e7\u00e3o preventiva da companhia diante de eventos meteorol\u00f3gicos extremos Com o avan\u00e7o dos eventos meteorol\u00f3gicos extremos, a atua\u00e7\u00e3o preventiva passou a ser um diferencial estrat\u00e9gico no setor el\u00e9trico. Em Minas Gerais, a&nbsp;Companhia Energ\u00e9tica de Minas Gerais (Cemig)&nbsp;tem um centro meteorol\u00f3gico pr\u00f3prio, equipado<span class=\"more-link\"><a href=\"https:\/\/www.diariodeouropreto.com.br\/pt\/centro-meteorologico-permite-a-cemig-antecipar-riscos-e-planejar-resposta-a-tempestades-em-minas\/\" data-wpel-link=\"internal\">Continue Lendo<\/a><\/span><\/p>","protected":false},"author":1,"featured_media":50830,"comment_status":"closed","ping_status":"closed","sticky":false,"template":"","format":"standard","meta":{"_jetpack_memberships_contains_paid_content":false,"footnotes":"","jetpack_publicize_message":"Tecnologia e monitoramento em tempo real refor\u00e7am a atua\u00e7\u00e3o preventiva da companhia diante de eventos meteorol\u00f3gicos extremos\n","jetpack_publicize_feature_enabled":true,"jetpack_social_post_already_shared":false,"jetpack_social_options":{"image_generator_settings":{"template":"highway","default_image_id":0,"font":"","enabled":false},"version":2}},"categories":[6],"tags":[],"class_list":["entry","author-diario","post-50829","post","type-post","status-publish","format-standard","has-post-thumbnail","category-minas-gerais"],"yoast_head":"<!-- This site is optimized with the Yoast SEO plugin v27.5 - https:\/\/yoast.com\/product\/yoast-seo-wordpress\/ -->\n<title>Centro meteorol\u00f3gico permite \u00e0 Cemig antecipar riscos e planejar resposta a tempestades em Minas - Di\u00e1rio de Ouro Preto<\/title>\n<meta name=\"description\" content=\"Tecnologia e monitoramento em tempo real refor\u00e7am a atua\u00e7\u00e3o preventiva da companhia diante de eventos meteorol\u00f3gicos extremos - Centro meteorol\u00f3gico permite \u00e0 Cemig antecipar riscos e planejar resposta a tempestades em Minas\" \/>\n<meta name=\"robots\" content=\"index, follow, max-snippet:-1, max-image-preview:large, max-video-preview:-1\" \/>\n<link rel=\"canonical\" href=\"https:\/\/www.diariodeouropreto.com.br\/pt\/centro-meteorologico-permite-a-cemig-antecipar-riscos-e-planejar-resposta-a-tempestades-em-minas\/\" \/>\n<meta property=\"og:locale\" content=\"pt_PT\" \/>\n<meta property=\"og:type\" content=\"article\" \/>\n<meta property=\"og:title\" content=\"Centro meteorol\u00f3gico permite \u00e0 Cemig antecipar riscos e planejar resposta a tempestades em Minas - Di\u00e1rio de Ouro Preto\" \/>\n<meta property=\"og:description\" content=\"Tecnologia e monitoramento em tempo real refor\u00e7am a atua\u00e7\u00e3o preventiva da companhia diante de eventos meteorol\u00f3gicos extremos - Centro meteorol\u00f3gico permite \u00e0 Cemig antecipar riscos e planejar resposta a tempestades em Minas\" \/>\n<meta property=\"og:url\" content=\"https:\/\/www.diariodeouropreto.com.br\/pt\/centro-meteorologico-permite-a-cemig-antecipar-riscos-e-planejar-resposta-a-tempestades-em-minas\/\" \/>\n<meta property=\"og:site_name\" content=\"Di\u00e1rio de Ouro Preto\" \/>\n<meta property=\"article:publisher\" content=\"https:\/\/www.facebook.com\/diariodeouropreto\/\" \/>\n<meta property=\"article:published_time\" content=\"2026-03-10T21:55:41+00:00\" \/>\n<meta property=\"article:modified_time\" content=\"2026-03-10T22:04:40+00:00\" \/>\n<meta property=\"og:image\" content=\"https:\/\/www.diariodeouropreto.com.br\/wp-content\/uploads\/2026\/03\/Raios_em_BH_-_Demetrio_Aguiar-Cemig.jpg\" \/>\n\t<meta property=\"og:image:width\" content=\"1024\" \/>\n\t<meta property=\"og:image:height\" content=\"768\" \/>\n\t<meta property=\"og:image:type\" content=\"image\/jpeg\" \/>\n<meta name=\"author\" content=\"Di\u00e1rio de Ouro Preto\" \/>\n<meta name=\"twitter:card\" content=\"summary_large_image\" \/>\n<meta name=\"twitter:label1\" content=\"Escrito por\" \/>\n\t<meta name=\"twitter:data1\" content=\"Di\u00e1rio de Ouro Preto\" \/>\n\t<meta name=\"twitter:label2\" content=\"Tempo estimado de leitura\" \/>\n\t<meta name=\"twitter:data2\" content=\"3 minutos\" \/>\n<script type=\"application\/ld+json\" class=\"yoast-schema-graph\">{\"@context\":\"https:\\\/\\\/schema.org\",\"@graph\":[{\"@type\":\"Article\",\"@id\":\"https:\\\/\\\/www.diariodeouropreto.com.br\\\/centro-meteorologico-permite-a-cemig-antecipar-riscos-e-planejar-resposta-a-tempestades-em-minas\\\/#article\",\"isPartOf\":{\"@id\":\"https:\\\/\\\/www.diariodeouropreto.com.br\\\/centro-meteorologico-permite-a-cemig-antecipar-riscos-e-planejar-resposta-a-tempestades-em-minas\\\/\"},\"author\":{\"name\":\"Di\u00e1rio de Ouro Preto\",\"@id\":\"https:\\\/\\\/www.diariodeouropreto.com.br\\\/pt\\\/#\\\/schema\\\/person\\\/7654e7b471204a6dab6dc0ce6e140c99\"},\"headline\":\"Centro meteorol\u00f3gico permite \u00e0 Cemig antecipar riscos e planejar resposta a tempestades em Minas\",\"datePublished\":\"2026-03-10T21:55:41+00:00\",\"dateModified\":\"2026-03-10T22:04:40+00:00\",\"mainEntityOfPage\":{\"@id\":\"https:\\\/\\\/www.diariodeouropreto.com.br\\\/centro-meteorologico-permite-a-cemig-antecipar-riscos-e-planejar-resposta-a-tempestades-em-minas\\\/\"},\"wordCount\":584,\"publisher\":{\"@id\":\"https:\\\/\\\/www.diariodeouropreto.com.br\\\/pt\\\/#organization\"},\"image\":{\"@id\":\"https:\\\/\\\/www.diariodeouropreto.com.br\\\/centro-meteorologico-permite-a-cemig-antecipar-riscos-e-planejar-resposta-a-tempestades-em-minas\\\/#primaryimage\"},\"thumbnailUrl\":\"https:\\\/\\\/www.diariodeouropreto.com.br\\\/wp-content\\\/uploads\\\/2026\\\/03\\\/Raios_em_BH_-_Demetrio_Aguiar-Cemig.jpg\",\"articleSection\":[\"Minas Gerais\"],\"inLanguage\":\"pt-PT\"},{\"@type\":\"WebPage\",\"@id\":\"https:\\\/\\\/www.diariodeouropreto.com.br\\\/centro-meteorologico-permite-a-cemig-antecipar-riscos-e-planejar-resposta-a-tempestades-em-minas\\\/\",\"url\":\"https:\\\/\\\/www.diariodeouropreto.com.br\\\/centro-meteorologico-permite-a-cemig-antecipar-riscos-e-planejar-resposta-a-tempestades-em-minas\\\/\",\"name\":\"Centro meteorol\u00f3gico permite \u00e0 Cemig antecipar riscos e planejar resposta a tempestades em Minas - Di\u00e1rio de Ouro Preto\",\"isPartOf\":{\"@id\":\"https:\\\/\\\/www.diariodeouropreto.com.br\\\/pt\\\/#website\"},\"primaryImageOfPage\":{\"@id\":\"https:\\\/\\\/www.diariodeouropreto.com.br\\\/centro-meteorologico-permite-a-cemig-antecipar-riscos-e-planejar-resposta-a-tempestades-em-minas\\\/#primaryimage\"},\"image\":{\"@id\":\"https:\\\/\\\/www.diariodeouropreto.com.br\\\/centro-meteorologico-permite-a-cemig-antecipar-riscos-e-planejar-resposta-a-tempestades-em-minas\\\/#primaryimage\"},\"thumbnailUrl\":\"https:\\\/\\\/www.diariodeouropreto.com.br\\\/wp-content\\\/uploads\\\/2026\\\/03\\\/Raios_em_BH_-_Demetrio_Aguiar-Cemig.jpg\",\"datePublished\":\"2026-03-10T21:55:41+00:00\",\"dateModified\":\"2026-03-10T22:04:40+00:00\",\"description\":\"Tecnologia e monitoramento em tempo real refor\u00e7am a atua\u00e7\u00e3o preventiva da companhia diante de eventos meteorol\u00f3gicos extremos - Centro meteorol\u00f3gico permite \u00e0 Cemig antecipar riscos e planejar resposta a tempestades em Minas\",\"breadcrumb\":{\"@id\":\"https:\\\/\\\/www.diariodeouropreto.com.br\\\/centro-meteorologico-permite-a-cemig-antecipar-riscos-e-planejar-resposta-a-tempestades-em-minas\\\/#breadcrumb\"},\"inLanguage\":\"pt-PT\",\"potentialAction\":[{\"@type\":\"ReadAction\",\"target\":[\"https:\\\/\\\/www.diariodeouropreto.com.br\\\/centro-meteorologico-permite-a-cemig-antecipar-riscos-e-planejar-resposta-a-tempestades-em-minas\\\/\"]}]},{\"@type\":\"ImageObject\",\"inLanguage\":\"pt-PT\",\"@id\":\"https:\\\/\\\/www.diariodeouropreto.com.br\\\/centro-meteorologico-permite-a-cemig-antecipar-riscos-e-planejar-resposta-a-tempestades-em-minas\\\/#primaryimage\",\"url\":\"https:\\\/\\\/www.diariodeouropreto.com.br\\\/wp-content\\\/uploads\\\/2026\\\/03\\\/Raios_em_BH_-_Demetrio_Aguiar-Cemig.jpg\",\"contentUrl\":\"https:\\\/\\\/www.diariodeouropreto.com.br\\\/wp-content\\\/uploads\\\/2026\\\/03\\\/Raios_em_BH_-_Demetrio_Aguiar-Cemig.jpg\",\"width\":1024,\"height\":768},{\"@type\":\"BreadcrumbList\",\"@id\":\"https:\\\/\\\/www.diariodeouropreto.com.br\\\/centro-meteorologico-permite-a-cemig-antecipar-riscos-e-planejar-resposta-a-tempestades-em-minas\\\/#breadcrumb\",\"itemListElement\":[{\"@type\":\"ListItem\",\"position\":1,\"name\":\"In\u00edcio\",\"item\":\"https:\\\/\\\/www.diariodeouropreto.com.br\\\/pt\\\/\"},{\"@type\":\"ListItem\",\"position\":2,\"name\":\"Centro meteorol\u00f3gico permite \u00e0 Cemig antecipar riscos e planejar resposta a tempestades em Minas\"}]},{\"@type\":\"WebSite\",\"@id\":\"https:\\\/\\\/www.diariodeouropreto.com.br\\\/pt\\\/#website\",\"url\":\"https:\\\/\\\/www.diariodeouropreto.com.br\\\/pt\\\/\",\"name\":\"Di\u00e1rio de Ouro Preto\",\"description\":\"Not\u00edcias Ouro Preto; Mariana;Minas Gerais;Jornal;Jornalismo;Not\u00edcias;\",\"publisher\":{\"@id\":\"https:\\\/\\\/www.diariodeouropreto.com.br\\\/pt\\\/#organization\"},\"alternateName\":\"Jornal di\u00e1rio de Ouro Preto\",\"potentialAction\":[{\"@type\":\"SearchAction\",\"target\":{\"@type\":\"EntryPoint\",\"urlTemplate\":\"https:\\\/\\\/www.diariodeouropreto.com.br\\\/pt\\\/?s={search_term_string}\"},\"query-input\":{\"@type\":\"PropertyValueSpecification\",\"valueRequired\":true,\"valueName\":\"search_term_string\"}}],\"inLanguage\":\"pt-PT\"},{\"@type\":\"Organization\",\"@id\":\"https:\\\/\\\/www.diariodeouropreto.com.br\\\/pt\\\/#organization\",\"name\":\"Di\u00e1rio de Ouro Preto\",\"alternateName\":\"Jornal di\u00e1rio Ouro Preto\",\"url\":\"https:\\\/\\\/www.diariodeouropreto.com.br\\\/pt\\\/\",\"logo\":{\"@type\":\"ImageObject\",\"inLanguage\":\"pt-PT\",\"@id\":\"https:\\\/\\\/www.diariodeouropreto.com.br\\\/pt\\\/#\\\/schema\\\/logo\\\/image\\\/\",\"url\":\"https:\\\/\\\/www.diariodeouropreto.com.br\\\/wp-content\\\/uploads\\\/2019\\\/06\\\/cropped-logotransp-2.png\",\"contentUrl\":\"https:\\\/\\\/www.diariodeouropreto.com.br\\\/wp-content\\\/uploads\\\/2019\\\/06\\\/cropped-logotransp-2.png\",\"width\":1323,\"height\":251,\"caption\":\"Di\u00e1rio de Ouro Preto\"},\"image\":{\"@id\":\"https:\\\/\\\/www.diariodeouropreto.com.br\\\/pt\\\/#\\\/schema\\\/logo\\\/image\\\/\"},\"sameAs\":[\"https:\\\/\\\/www.facebook.com\\\/diariodeouropreto\\\/\"]},{\"@type\":\"Person\",\"@id\":\"https:\\\/\\\/www.diariodeouropreto.com.br\\\/pt\\\/#\\\/schema\\\/person\\\/7654e7b471204a6dab6dc0ce6e140c99\",\"name\":\"Di\u00e1rio de Ouro Preto\",\"sameAs\":[\"http:\\\/\\\/www.diariodeouropreto.com.br\"],\"url\":\"https:\\\/\\\/www.diariodeouropreto.com.br\\\/pt\\\/author\\\/diario\\\/\"}]}<\/script>\n<!-- \/ Yoast SEO plugin. -->","yoast_head_json":{"title":"Centro meteorol\u00f3gico permite \u00e0 Cemig antecipar riscos e planejar resposta a tempestades em Minas - Di\u00e1rio de Ouro Preto","description":"Tecnologia e monitoramento em tempo real refor\u00e7am a atua\u00e7\u00e3o preventiva da companhia diante de eventos meteorol\u00f3gicos extremos - Centro meteorol\u00f3gico permite \u00e0 Cemig antecipar riscos e planejar resposta a tempestades em Minas","robots":{"index":"index","follow":"follow","max-snippet":"max-snippet:-1","max-image-preview":"max-image-preview:large","max-video-preview":"max-video-preview:-1"},"canonical":"https:\/\/www.diariodeouropreto.com.br\/pt\/centro-meteorologico-permite-a-cemig-antecipar-riscos-e-planejar-resposta-a-tempestades-em-minas\/","og_locale":"pt_PT","og_type":"article","og_title":"Centro meteorol\u00f3gico permite \u00e0 Cemig antecipar riscos e planejar resposta a tempestades em Minas - Di\u00e1rio de Ouro Preto","og_description":"Tecnologia e monitoramento em tempo real refor\u00e7am a atua\u00e7\u00e3o preventiva da companhia diante de eventos meteorol\u00f3gicos extremos - Centro meteorol\u00f3gico permite \u00e0 Cemig antecipar riscos e planejar resposta a tempestades em Minas","og_url":"https:\/\/www.diariodeouropreto.com.br\/pt\/centro-meteorologico-permite-a-cemig-antecipar-riscos-e-planejar-resposta-a-tempestades-em-minas\/","og_site_name":"Di\u00e1rio de Ouro Preto","article_publisher":"https:\/\/www.facebook.com\/diariodeouropreto\/","article_published_time":"2026-03-10T21:55:41+00:00","article_modified_time":"2026-03-10T22:04:40+00:00","og_image":[{"width":1024,"height":768,"url":"https:\/\/www.diariodeouropreto.com.br\/wp-content\/uploads\/2026\/03\/Raios_em_BH_-_Demetrio_Aguiar-Cemig.jpg","type":"image\/jpeg"}],"author":"Di\u00e1rio de Ouro Preto","twitter_card":"summary_large_image","twitter_misc":{"Escrito por":"Di\u00e1rio de Ouro Preto","Tempo estimado de leitura":"3 minutos"},"schema":{"@context":"https:\/\/schema.org","@graph":[{"@type":"Article","@id":"https:\/\/www.diariodeouropreto.com.br\/centro-meteorologico-permite-a-cemig-antecipar-riscos-e-planejar-resposta-a-tempestades-em-minas\/#article","isPartOf":{"@id":"https:\/\/www.diariodeouropreto.com.br\/centro-meteorologico-permite-a-cemig-antecipar-riscos-e-planejar-resposta-a-tempestades-em-minas\/"},"author":{"name":"Di\u00e1rio de Ouro Preto","@id":"https:\/\/www.diariodeouropreto.com.br\/pt\/#\/schema\/person\/7654e7b471204a6dab6dc0ce6e140c99"},"headline":"Centro meteorol\u00f3gico permite \u00e0 Cemig antecipar riscos e planejar resposta a tempestades em Minas","datePublished":"2026-03-10T21:55:41+00:00","dateModified":"2026-03-10T22:04:40+00:00","mainEntityOfPage":{"@id":"https:\/\/www.diariodeouropreto.com.br\/centro-meteorologico-permite-a-cemig-antecipar-riscos-e-planejar-resposta-a-tempestades-em-minas\/"},"wordCount":584,"publisher":{"@id":"https:\/\/www.diariodeouropreto.com.br\/pt\/#organization"},"image":{"@id":"https:\/\/www.diariodeouropreto.com.br\/centro-meteorologico-permite-a-cemig-antecipar-riscos-e-planejar-resposta-a-tempestades-em-minas\/#primaryimage"},"thumbnailUrl":"https:\/\/www.diariodeouropreto.com.br\/wp-content\/uploads\/2026\/03\/Raios_em_BH_-_Demetrio_Aguiar-Cemig.jpg","articleSection":["Minas Gerais"],"inLanguage":"pt-PT"},{"@type":"WebPage","@id":"https:\/\/www.diariodeouropreto.com.br\/centro-meteorologico-permite-a-cemig-antecipar-riscos-e-planejar-resposta-a-tempestades-em-minas\/","url":"https:\/\/www.diariodeouropreto.com.br\/centro-meteorologico-permite-a-cemig-antecipar-riscos-e-planejar-resposta-a-tempestades-em-minas\/","name":"Centro meteorol\u00f3gico permite \u00e0 Cemig antecipar riscos e planejar resposta a tempestades em Minas - Di\u00e1rio de Ouro Preto","isPartOf":{"@id":"https:\/\/www.diariodeouropreto.com.br\/pt\/#website"},"primaryImageOfPage":{"@id":"https:\/\/www.diariodeouropreto.com.br\/centro-meteorologico-permite-a-cemig-antecipar-riscos-e-planejar-resposta-a-tempestades-em-minas\/#primaryimage"},"image":{"@id":"https:\/\/www.diariodeouropreto.com.br\/centro-meteorologico-permite-a-cemig-antecipar-riscos-e-planejar-resposta-a-tempestades-em-minas\/#primaryimage"},"thumbnailUrl":"https:\/\/www.diariodeouropreto.com.br\/wp-content\/uploads\/2026\/03\/Raios_em_BH_-_Demetrio_Aguiar-Cemig.jpg","datePublished":"2026-03-10T21:55:41+00:00","dateModified":"2026-03-10T22:04:40+00:00","description":"Tecnologia e monitoramento em tempo real refor\u00e7am a atua\u00e7\u00e3o preventiva da companhia diante de eventos meteorol\u00f3gicos extremos - Centro meteorol\u00f3gico permite \u00e0 Cemig antecipar riscos e planejar resposta a tempestades em Minas","breadcrumb":{"@id":"https:\/\/www.diariodeouropreto.com.br\/centro-meteorologico-permite-a-cemig-antecipar-riscos-e-planejar-resposta-a-tempestades-em-minas\/#breadcrumb"},"inLanguage":"pt-PT","potentialAction":[{"@type":"ReadAction","target":["https:\/\/www.diariodeouropreto.com.br\/centro-meteorologico-permite-a-cemig-antecipar-riscos-e-planejar-resposta-a-tempestades-em-minas\/"]}]},{"@type":"ImageObject","inLanguage":"pt-PT","@id":"https:\/\/www.diariodeouropreto.com.br\/centro-meteorologico-permite-a-cemig-antecipar-riscos-e-planejar-resposta-a-tempestades-em-minas\/#primaryimage","url":"https:\/\/www.diariodeouropreto.com.br\/wp-content\/uploads\/2026\/03\/Raios_em_BH_-_Demetrio_Aguiar-Cemig.jpg","contentUrl":"https:\/\/www.diariodeouropreto.com.br\/wp-content\/uploads\/2026\/03\/Raios_em_BH_-_Demetrio_Aguiar-Cemig.jpg","width":1024,"height":768},{"@type":"BreadcrumbList","@id":"https:\/\/www.diariodeouropreto.com.br\/centro-meteorologico-permite-a-cemig-antecipar-riscos-e-planejar-resposta-a-tempestades-em-minas\/#breadcrumb","itemListElement":[{"@type":"ListItem","position":1,"name":"In\u00edcio","item":"https:\/\/www.diariodeouropreto.com.br\/pt\/"},{"@type":"ListItem","position":2,"name":"Centro meteorol\u00f3gico permite \u00e0 Cemig antecipar riscos e planejar resposta a tempestades em Minas"}]},{"@type":"WebSite","@id":"https:\/\/www.diariodeouropreto.com.br\/pt\/#website","url":"https:\/\/www.diariodeouropreto.com.br\/pt\/","name":"Di\u00e1rio de Ouro Preto","description":"Not\u00edcias Ouro Preto; Mariana;Minas Gerais;Jornal;Jornalismo;Not\u00edcias;","publisher":{"@id":"https:\/\/www.diariodeouropreto.com.br\/pt\/#organization"},"alternateName":"Jornal di\u00e1rio de Ouro Preto","potentialAction":[{"@type":"SearchAction","target":{"@type":"EntryPoint","urlTemplate":"https:\/\/www.diariodeouropreto.com.br\/pt\/?s={search_term_string}"},"query-input":{"@type":"PropertyValueSpecification","valueRequired":true,"valueName":"search_term_string"}}],"inLanguage":"pt-PT"},{"@type":"Organization","@id":"https:\/\/www.diariodeouropreto.com.br\/pt\/#organization","name":"Di\u00e1rio de Ouro Preto","alternateName":"Jornal di\u00e1rio Ouro Preto","url":"https:\/\/www.diariodeouropreto.com.br\/pt\/","logo":{"@type":"ImageObject","inLanguage":"pt-PT","@id":"https:\/\/www.diariodeouropreto.com.br\/pt\/#\/schema\/logo\/image\/","url":"https:\/\/www.diariodeouropreto.com.br\/wp-content\/uploads\/2019\/06\/cropped-logotransp-2.png","contentUrl":"https:\/\/www.diariodeouropreto.com.br\/wp-content\/uploads\/2019\/06\/cropped-logotransp-2.png","width":1323,"height":251,"caption":"Di\u00e1rio de Ouro Preto"},"image":{"@id":"https:\/\/www.diariodeouropreto.com.br\/pt\/#\/schema\/logo\/image\/"},"sameAs":["https:\/\/www.facebook.com\/diariodeouropreto\/"]},{"@type":"Person","@id":"https:\/\/www.diariodeouropreto.com.br\/pt\/#\/schema\/person\/7654e7b471204a6dab6dc0ce6e140c99","name":"Di\u00e1rio de Ouro Preto","sameAs":["http:\/\/www.diariodeouropreto.com.br"],"url":"https:\/\/www.diariodeouropreto.com.br\/pt\/author\/diario\/"}]}},"jetpack_publicize_connections":[],"jetpack_featured_media_url":"https:\/\/www.diariodeouropreto.com.br\/wp-content\/uploads\/2026\/03\/Raios_em_BH_-_Demetrio_Aguiar-Cemig.jpg","jetpack-related-posts":[{"id":42750,"url":"https:\/\/www.diariodeouropreto.com.br\/pt\/ifmg-campus-ouro-preto-instala-estacao-meteorologica-de-ultima-geracao\/","url_meta":{"origin":50829,"position":0},"title":"IFMG &#8211; Campus Ouro Preto instala Esta\u00e7\u00e3o Meteorol\u00f3gica de \u00faltima gera\u00e7\u00e3o","author":"Di\u00e1rio de Ouro Preto","date":"25 de Fevereiro de 2025","format":false,"excerpt":"Estrutura poder\u00e1 contribuir com o enfrentamento aos Riscos Hidro-Geol\u00f3gicos e Inc\u00eandios Florestais na regi\u00e3o Foi instalada, nas depend\u00eancias do IFMG - Campus Ouro Preto, uma Esta\u00e7\u00e3o Meteorol\u00f3gica\u00a0de \u00faltima gera\u00e7\u00e3o. O equipamento agrega o que h\u00e1 de mais moderno para coleta de dados clim\u00e1ticos em prol do monitoramento ambiental de uma\u2026","rel":"","context":"In &quot;Ouro Preto&quot;","block_context":{"text":"Ouro Preto","link":"https:\/\/www.diariodeouropreto.com.br\/pt\/Editoria\/ouro-preto\/"},"img":{"alt_text":"","src":"https:\/\/i0.wp.com\/www.diariodeouropreto.com.br\/wp-content\/uploads\/2025\/02\/Estacao-IFMG-Ouro-Preto-2.jpeg?resize=350%2C200&ssl=1","width":350,"height":200,"srcset":"https:\/\/i0.wp.com\/www.diariodeouropreto.com.br\/wp-content\/uploads\/2025\/02\/Estacao-IFMG-Ouro-Preto-2.jpeg?resize=350%2C200&ssl=1 1x, https:\/\/i0.wp.com\/www.diariodeouropreto.com.br\/wp-content\/uploads\/2025\/02\/Estacao-IFMG-Ouro-Preto-2.jpeg?resize=525%2C300&ssl=1 1.5x"},"classes":[]},{"id":20935,"url":"https:\/\/www.diariodeouropreto.com.br\/pt\/governo-de-minas-segue-em-alerta-por-conta-do-periodo-chuvoso\/","url_meta":{"origin":50829,"position":1},"title":"Governo de Minas segue em alerta por conta do per\u00edodo chuvoso","author":"Di\u00e1rio de Ouro Preto","date":"7 de Fevereiro de 2023","format":false,"excerpt":"O Governo de Minas permanece em alerta e mobilizado por conta do per\u00edodo chuvoso. Apesar de algumas regi\u00f5es do estado registrarem estiagem nos \u00faltimos dias, o risco de tempestades ainda \u00e9 iminente. A Coordenadoria Estadual de Defesa Civil (Cedec), segue focada nas a\u00e7\u00f5es de enfrentamento \u00e0s consequ\u00eancias dos eventos clim\u00e1ticos.\u2026","rel":"","context":"In &quot;Minas Gerais&quot;","block_context":{"text":"Minas Gerais","link":"https:\/\/www.diariodeouropreto.com.br\/pt\/Editoria\/minas-gerais\/"},"img":{"alt_text":"","src":"https:\/\/i0.wp.com\/www.diariodeouropreto.com.br\/wp-content\/uploads\/2023\/02\/content_content_gil_leonardi_imprensa_mg_1_3.jpg?resize=350%2C200&ssl=1","width":350,"height":200,"srcset":"https:\/\/i0.wp.com\/www.diariodeouropreto.com.br\/wp-content\/uploads\/2023\/02\/content_content_gil_leonardi_imprensa_mg_1_3.jpg?resize=350%2C200&ssl=1 1x, https:\/\/i0.wp.com\/www.diariodeouropreto.com.br\/wp-content\/uploads\/2023\/02\/content_content_gil_leonardi_imprensa_mg_1_3.jpg?resize=525%2C300&ssl=1 1.5x, https:\/\/i0.wp.com\/www.diariodeouropreto.com.br\/wp-content\/uploads\/2023\/02\/content_content_gil_leonardi_imprensa_mg_1_3.jpg?resize=700%2C400&ssl=1 2x"},"classes":[]},{"id":49109,"url":"https:\/\/www.diariodeouropreto.com.br\/pt\/cemig-reforca-alertas-de-seguranca-para-tempestades-e-aumento-de-raios-durante-o-periodo-chuvoso\/","url_meta":{"origin":50829,"position":2},"title":"Cemig refor\u00e7a alertas de seguran\u00e7a para tempestades e aumento de raios durante o per\u00edodo chuvoso","author":"Di\u00e1rio de Ouro Preto","date":"1 de Dezembro de 2025","format":false,"excerpt":"Risco de inunda\u00e7\u00f5es e ocorr\u00eancia de descargas atmosf\u00e9ricas exigem aten\u00e7\u00e3o redobrada da popula\u00e7\u00e3o Com a aproxima\u00e7\u00e3o do ver\u00e3o e o aumento das tempestades t\u00edpicas do per\u00edodo, a\u00a0Companhia Energ\u00e9tica de Minas Gerais (Cemig)\u00a0refor\u00e7a os cuidados essenciais para evitar acidentes com a rede el\u00e9trica. Na regi\u00e3o Sudeste, a esta\u00e7\u00e3o mais quente do\u2026","rel":"","context":"In &quot;Minas Gerais&quot;","block_context":{"text":"Minas Gerais","link":"https:\/\/www.diariodeouropreto.com.br\/pt\/Editoria\/minas-gerais\/"},"img":{"alt_text":"","src":"https:\/\/i0.wp.com\/www.diariodeouropreto.com.br\/wp-content\/uploads\/2025\/12\/Raios_em_BH_-_Demetrio_Aguiar-Cemig.jpg?resize=350%2C200&ssl=1","width":350,"height":200,"srcset":"https:\/\/i0.wp.com\/www.diariodeouropreto.com.br\/wp-content\/uploads\/2025\/12\/Raios_em_BH_-_Demetrio_Aguiar-Cemig.jpg?resize=350%2C200&ssl=1 1x, https:\/\/i0.wp.com\/www.diariodeouropreto.com.br\/wp-content\/uploads\/2025\/12\/Raios_em_BH_-_Demetrio_Aguiar-Cemig.jpg?resize=525%2C300&ssl=1 1.5x, https:\/\/i0.wp.com\/www.diariodeouropreto.com.br\/wp-content\/uploads\/2025\/12\/Raios_em_BH_-_Demetrio_Aguiar-Cemig.jpg?resize=700%2C400&ssl=1 2x"},"classes":[]},{"id":49937,"url":"https:\/\/www.diariodeouropreto.com.br\/pt\/previsao-do-tempo-para-minas-gerais-nesta-segunda-26-de-janeiro\/","url_meta":{"origin":50829,"position":3},"title":"Previs\u00e3o do tempo para Minas Gerais nesta segunda, 26 de janeiro","author":"Di\u00e1rio de Ouro Preto","date":"26 de Janeiro de 2026","format":false,"excerpt":"Boletim do Instituto Nacional de Meteorologia (Inmet) Nesta segunda-feira, o sol predomina em todas as regi\u00f5es de Minas Gerais. A Zona de Converg\u00eancia do Atl\u00e2ntico Sul deixa de influenciar o estado, por\u00e9m a elevada umidade do ar ainda contribui para a forma\u00e7\u00e3o de \u00e1reas de instabilidade, com possibilidade de pancadas\u2026","rel":"","context":"In &quot;Geral&quot;","block_context":{"text":"Geral","link":"https:\/\/www.diariodeouropreto.com.br\/pt\/Editoria\/geral\/"},"img":{"alt_text":"","src":"https:\/\/i0.wp.com\/www.diariodeouropreto.com.br\/wp-content\/uploads\/2026\/01\/previsao_5dis_20260126_Pagina_1.jpg?resize=350%2C200&ssl=1","width":350,"height":200,"srcset":"https:\/\/i0.wp.com\/www.diariodeouropreto.com.br\/wp-content\/uploads\/2026\/01\/previsao_5dis_20260126_Pagina_1.jpg?resize=350%2C200&ssl=1 1x, https:\/\/i0.wp.com\/www.diariodeouropreto.com.br\/wp-content\/uploads\/2026\/01\/previsao_5dis_20260126_Pagina_1.jpg?resize=525%2C300&ssl=1 1.5x, https:\/\/i0.wp.com\/www.diariodeouropreto.com.br\/wp-content\/uploads\/2026\/01\/previsao_5dis_20260126_Pagina_1.jpg?resize=700%2C400&ssl=1 2x"},"classes":[]},{"id":37588,"url":"https:\/\/www.diariodeouropreto.com.br\/pt\/assembleia-de-minas-publica-edital-do-premio-de-incentivo-a-inovacao\/","url_meta":{"origin":50829,"position":4},"title":"Assembleia de Minas publica edital do Pr\u00eamio de Incentivo \u00e0 Inova\u00e7\u00e3o","author":"Di\u00e1rio de Ouro Preto","date":"3 de Setembro de 2024","format":false,"excerpt":"Iniciativa em parceria com BH-TEC vai selecionar at\u00e9 dez propostas de solu\u00e7\u00f5es que possam contribuir para prever, evitar ou minimizar causas ou efeitos de mudan\u00e7as clim\u00e1ticas no Estado A Assembleia Legislativa de Minas publicou o edital do\u00a0Pr\u00eamio Assembleia de Incentivo \u00e0 Inova\u00e7\u00e3o - Crise Clim\u00e1tica. A discuss\u00e3o sobre a\u00a0crise clim\u00e1tica\u00a0\u00e9\u2026","rel":"","context":"In &quot;Caderno Verde&quot;","block_context":{"text":"Caderno Verde","link":"https:\/\/www.diariodeouropreto.com.br\/pt\/Editoria\/caderno-verde\/"},"img":{"alt_text":"","src":"https:\/\/i0.wp.com\/www.diariodeouropreto.com.br\/wp-content\/uploads\/2024\/09\/Willian-Dias.jpg?resize=350%2C200&ssl=1","width":350,"height":200,"srcset":"https:\/\/i0.wp.com\/www.diariodeouropreto.com.br\/wp-content\/uploads\/2024\/09\/Willian-Dias.jpg?resize=350%2C200&ssl=1 1x, https:\/\/i0.wp.com\/www.diariodeouropreto.com.br\/wp-content\/uploads\/2024\/09\/Willian-Dias.jpg?resize=525%2C300&ssl=1 1.5x"},"classes":[]},{"id":18056,"url":"https:\/\/www.diariodeouropreto.com.br\/pt\/ouro-preto-nova-manifestacao-cobra-acoes-preventivas-para-evitar-desastres-das-chuvas\/","url_meta":{"origin":50829,"position":5},"title":"Ouro Preto &#8211; Nova manifesta\u00e7\u00e3o cobra a\u00e7\u00f5es preventivas para evitar desastres das chuvas","author":"Di\u00e1rio de Ouro Preto","date":"22 de Agosto de 2022","format":false,"excerpt":"TAQUARAL \u2013 Os moradores do bairro Taquaral atingidos pelas chuvas do final deste ano, preocupados com a chegada de uma nova esta\u00e7\u00e3o chuvosa, realizaram hoje, segunda-feira, 22\/22, uma manifesta\u00e7\u00e3o para chamar a aten\u00e7\u00e3o das autoridades sobre a situa\u00e7\u00e3o de vulnerabilidade do lugar onde vivem. Em janeiro, mais de 100 fam\u00edlias\u2026","rel":"","context":"In &quot;Ouro Preto&quot;","block_context":{"text":"Ouro Preto","link":"https:\/\/www.diariodeouropreto.com.br\/pt\/Editoria\/ouro-preto\/"},"img":{"alt_text":"","src":"https:\/\/i0.wp.com\/www.diariodeouropreto.com.br\/wp-content\/uploads\/2022\/08\/WhatsApp-Image-2022-08-22-at-07.57.31-1.jpeg?resize=350%2C200&ssl=1","width":350,"height":200,"srcset":"https:\/\/i0.wp.com\/www.diariodeouropreto.com.br\/wp-content\/uploads\/2022\/08\/WhatsApp-Image-2022-08-22-at-07.57.31-1.jpeg?resize=350%2C200&ssl=1 1x, https:\/\/i0.wp.com\/www.diariodeouropreto.com.br\/wp-content\/uploads\/2022\/08\/WhatsApp-Image-2022-08-22-at-07.57.31-1.jpeg?resize=525%2C300&ssl=1 1.5x, https:\/\/i0.wp.com\/www.diariodeouropreto.com.br\/wp-content\/uploads\/2022\/08\/WhatsApp-Image-2022-08-22-at-07.57.31-1.jpeg?resize=700%2C400&ssl=1 2x, https:\/\/i0.wp.com\/www.diariodeouropreto.com.br\/wp-content\/uploads\/2022\/08\/WhatsApp-Image-2022-08-22-at-07.57.31-1.jpeg?resize=1050%2C600&ssl=1 3x"},"classes":[]}],"jetpack_sharing_enabled":true,"amp_enabled":true,"_links":{"self":[{"href":"https:\/\/www.diariodeouropreto.com.br\/pt\/wp-json\/wp\/v2\/posts\/50829","targetHints":{"allow":["GET"]}}],"collection":[{"href":"https:\/\/www.diariodeouropreto.com.br\/pt\/wp-json\/wp\/v2\/posts"}],"about":[{"href":"https:\/\/www.diariodeouropreto.com.br\/pt\/wp-json\/wp\/v2\/types\/post"}],"author":[{"embeddable":true,"href":"https:\/\/www.diariodeouropreto.com.br\/pt\/wp-json\/wp\/v2\/users\/1"}],"replies":[{"embeddable":true,"href":"https:\/\/www.diariodeouropreto.com.br\/pt\/wp-json\/wp\/v2\/comments?post=50829"}],"version-history":[{"count":2,"href":"https:\/\/www.diariodeouropreto.com.br\/pt\/wp-json\/wp\/v2\/posts\/50829\/revisions"}],"predecessor-version":[{"id":50835,"href":"https:\/\/www.diariodeouropreto.com.br\/pt\/wp-json\/wp\/v2\/posts\/50829\/revisions\/50835"}],"wp:featuredmedia":[{"embeddable":true,"href":"https:\/\/www.diariodeouropreto.com.br\/pt\/wp-json\/wp\/v2\/media\/50830"}],"wp:attachment":[{"href":"https:\/\/www.diariodeouropreto.com.br\/pt\/wp-json\/wp\/v2\/media?parent=50829"}],"wp:term":[{"taxonomy":"category","embeddable":true,"href":"https:\/\/www.diariodeouropreto.com.br\/pt\/wp-json\/wp\/v2\/categories?post=50829"},{"taxonomy":"post_tag","embeddable":true,"href":"https:\/\/www.diariodeouropreto.com.br\/pt\/wp-json\/wp\/v2\/tags?post=50829"}],"curies":[{"name":"wp","href":"https:\/\/api.w.org\/{rel}","templated":true}]}}