{"id":50818,"date":"2026-03-10T18:15:26","date_gmt":"2026-03-10T21:15:26","guid":{"rendered":"https:\/\/www.diariodeouropreto.com.br\/?p=50818"},"modified":"2026-03-10T18:16:40","modified_gmt":"2026-03-10T21:16:40","slug":"a-juventude-da-paroquia-de-santa-efigenia-convida-para-encenacao-da-paixao-de-cristo","status":"publish","type":"post","link":"https:\/\/www.diariodeouropreto.com.br\/pt\/a-juventude-da-paroquia-de-santa-efigenia-convida-para-encenacao-da-paixao-de-cristo\/","title":{"rendered":"A juventude da par\u00f3quia de Santa Efig\u00eania convida para encena\u00e7\u00e3o da Paix\u00e3o de Cristo"},"content":{"rendered":"<p>\u201cSeu nome \u00e9 Jesus Cristo e est\u00e1 sem casa.\u201d<\/p>\n\n\n\n<p>A juventude da par\u00f3quia de Santa Efig\u00eania convida a todos a prestigiarem a encena\u00e7\u00e3o da Paix\u00e3o de Cristo de 2026, que ser\u00e1 realizada no dia 28\/03 \u00e0s 20h na escadaria da  Matriz de Santa Efig\u00eania.<\/p>\n\n\n\n<p>Iluminados pela Campanha da Fraternidade, que tem por tema \u201cFraternidade e moradia\u201d e o lema \u201cEle veio morar no meio de n\u00f3s\u201d, os jovens desta vez v\u00eam refor\u00e7ar como muitas vezes n\u00e3o reconhecemos o Cristo, que est\u00e1 presente nos irm\u00e3os sem morada e ao alento das ruas, tantas vezes por n\u00f3s desprezados e invisibilizados.<\/p>\n\n\n\n<p>Venha presenciar este espet\u00e1culo. A for\u00e7a jovem unida para evangelizar atrav\u00e9s da arte.<br>Uma realiza\u00e7\u00e3o da Pastoral da Juventude.<\/p>\n\n\n\n<div id=\"110712\" class=\"advads-saneouro advads-entity-placement\" style=\"margin-left: auto;margin-right: auto;text-align: center;\"><a href=\"https:\/\/www.saneouro.com.br\/\" target=\"_blank\" aria-label=\"DOP_Site\" data-wpel-link=\"external\" rel=\"follow external noopener noreferrer sponsored ugc\"><img src=\"https:\/\/www.diariodeouropreto.com.br\/wp-content\/uploads\/2026\/04\/DOP_Site.jpg\" alt=\"\"  srcset=\"https:\/\/www.diariodeouropreto.com.br\/wp-content\/uploads\/2026\/04\/DOP_Site.jpg 301w, https:\/\/www.diariodeouropreto.com.br\/wp-content\/uploads\/2026\/04\/DOP_Site-180x150.jpg 180w, https:\/\/www.diariodeouropreto.com.br\/wp-content\/uploads\/2026\/04\/DOP_Site-14x12.jpg 14w\" sizes=\"(max-width: 301px) 100vw, 301px\" width=\"301\" height=\"251\"  style=\"display: inline-block;\" \/><\/a><\/div><p>&#x1f5d3; Dia: 28 de mar\u00e7o<br>&#x1f557; Hor\u00e1rio: \u00c0s 20 horas<br>&#x1f4cd; Local: Na escadaria da Matriz de Santa Efig\u00eania<\/p>\n\n\n\n<div id=\"50321\" class=\"advads-plantao advads-entity-placement\"><a href=\"https:\/\/www.diariodeouropreto.com.br\/pt\/\" target=\"_blank\" aria-label=\"site &#8211; noticia\" data-wpel-link=\"external\" rel=\"follow external noopener noreferrer sponsored ugc\"><img src=\"https:\/\/www.diariodeouropreto.com.br\/wp-content\/uploads\/2019\/09\/titulosite2-e1616373489755.jpg\" alt=\"\"  srcset=\"https:\/\/www.diariodeouropreto.com.br\/wp-content\/uploads\/2019\/09\/titulosite2-e1616373489755.jpg 1200w, https:\/\/www.diariodeouropreto.com.br\/wp-content\/uploads\/2019\/09\/titulosite2-e1616373489755-150x38.jpg 150w, https:\/\/www.diariodeouropreto.com.br\/wp-content\/uploads\/2019\/09\/titulosite2-e1616373489755-660x167.jpg 660w, https:\/\/www.diariodeouropreto.com.br\/wp-content\/uploads\/2019\/09\/titulosite2-e1616373489755-768x194.jpg 768w, https:\/\/www.diariodeouropreto.com.br\/wp-content\/uploads\/2019\/09\/titulosite2-e1616373489755-1000x252.jpg 1000w, https:\/\/www.diariodeouropreto.com.br\/wp-content\/uploads\/2019\/09\/titulosite2-e1616373489755-1536x388.jpg 1536w, https:\/\/www.diariodeouropreto.com.br\/wp-content\/uploads\/2019\/09\/titulosite2-e1616373489755-2048x517.jpg 2048w\" sizes=\"(max-width: 1200px) 100vw, 1200px\" width=\"1200\" height=\"303\"  style=\"display: inline-block;\" \/><\/a><\/div><p>Fonte: Assessoria Prefeitura de Ouro Preto<\/p>","protected":false},"excerpt":{"rendered":"<p>\u201cSeu nome \u00e9 Jesus Cristo e est\u00e1 sem casa.\u201d A juventude da par\u00f3quia de Santa Efig\u00eania convida a todos a prestigiarem a encena\u00e7\u00e3o da Paix\u00e3o de Cristo de 2026, que ser\u00e1 realizada no dia 28\/03 \u00e0s 20h na escadaria da Matriz de Santa Efig\u00eania. Iluminados pela Campanha da Fraternidade, que<span class=\"more-link\"><a href=\"https:\/\/www.diariodeouropreto.com.br\/pt\/a-juventude-da-paroquia-de-santa-efigenia-convida-para-encenacao-da-paixao-de-cristo\/\" data-wpel-link=\"internal\">Continue Lendo<\/a><\/span><\/p>","protected":false},"author":1,"featured_media":50825,"comment_status":"closed","ping_status":"closed","sticky":false,"template":"","format":"standard","meta":{"_jetpack_memberships_contains_paid_content":false,"footnotes":"","jetpack_publicize_message":"A juventude da par\u00f3quia de Santa Efig\u00eania convida a todos a prestigiarem a encena\u00e7\u00e3o da Paix\u00e3o de Cristo de 2026, que ser\u00e1 realizada no dia 28\/03 \u00e0s 20h","jetpack_publicize_feature_enabled":true,"jetpack_social_post_already_shared":false,"jetpack_social_options":{"image_generator_settings":{"template":"highway","default_image_id":0,"font":"","enabled":false},"version":2}},"categories":[11],"tags":[],"class_list":["entry","author-diario","post-50818","post","type-post","status-publish","format-standard","has-post-thumbnail","category-culturaeartes"],"yoast_head":"<!-- This site is optimized with the Yoast SEO plugin v27.5 - https:\/\/yoast.com\/product\/yoast-seo-wordpress\/ -->\n<title>A juventude da par\u00f3quia de Santa Efig\u00eania convida para encena\u00e7\u00e3o da Paix\u00e3o de Cristo - Di\u00e1rio de Ouro Preto<\/title>\n<meta name=\"description\" content=\"A juventude da par\u00f3quia de Santa Efig\u00eania convida a todos a prestigiarem a encena\u00e7\u00e3o da Paix\u00e3o de Cristo de 2026, que ser\u00e1 realizada no dia 28\/03 \u00e0s 20h - A juventude da par\u00f3quia de Santa Efig\u00eania convida para encena\u00e7\u00e3o da Paix\u00e3o de Cristo\" \/>\n<meta name=\"robots\" content=\"index, follow, max-snippet:-1, max-image-preview:large, max-video-preview:-1\" \/>\n<link rel=\"canonical\" href=\"https:\/\/www.diariodeouropreto.com.br\/pt\/a-juventude-da-paroquia-de-santa-efigenia-convida-para-encenacao-da-paixao-de-cristo\/\" \/>\n<meta property=\"og:locale\" content=\"pt_PT\" \/>\n<meta property=\"og:type\" content=\"article\" \/>\n<meta property=\"og:title\" content=\"A juventude da par\u00f3quia de Santa Efig\u00eania convida para encena\u00e7\u00e3o da Paix\u00e3o de Cristo - Di\u00e1rio de Ouro Preto\" \/>\n<meta property=\"og:description\" content=\"A juventude da par\u00f3quia de Santa Efig\u00eania convida a todos a prestigiarem a encena\u00e7\u00e3o da Paix\u00e3o de Cristo de 2026, que ser\u00e1 realizada no dia 28\/03 \u00e0s 20h - A juventude da par\u00f3quia de Santa Efig\u00eania convida para encena\u00e7\u00e3o da Paix\u00e3o de Cristo\" \/>\n<meta property=\"og:url\" content=\"https:\/\/www.diariodeouropreto.com.br\/pt\/a-juventude-da-paroquia-de-santa-efigenia-convida-para-encenacao-da-paixao-de-cristo\/\" \/>\n<meta property=\"og:site_name\" content=\"Di\u00e1rio de Ouro Preto\" \/>\n<meta property=\"article:publisher\" content=\"https:\/\/www.facebook.com\/diariodeouropreto\/\" \/>\n<meta property=\"article:published_time\" content=\"2026-03-10T21:15:26+00:00\" \/>\n<meta property=\"article:modified_time\" content=\"2026-03-10T21:16:40+00:00\" \/>\n<meta property=\"og:image\" content=\"https:\/\/www.diariodeouropreto.com.br\/wp-content\/uploads\/2026\/03\/WhatsApp-Image-2026-03.jpeg\" \/>\n\t<meta property=\"og:image:width\" content=\"811\" \/>\n\t<meta property=\"og:image:height\" content=\"800\" \/>\n\t<meta property=\"og:image:type\" content=\"image\/jpeg\" \/>\n<meta name=\"author\" content=\"Di\u00e1rio de Ouro Preto\" \/>\n<meta name=\"twitter:card\" content=\"summary_large_image\" \/>\n<meta name=\"twitter:label1\" content=\"Escrito por\" \/>\n\t<meta name=\"twitter:data1\" content=\"Di\u00e1rio de Ouro Preto\" \/>\n\t<meta name=\"twitter:label2\" content=\"Tempo estimado de leitura\" \/>\n\t<meta name=\"twitter:data2\" content=\"1 minuto\" \/>\n<script type=\"application\/ld+json\" class=\"yoast-schema-graph\">{\"@context\":\"https:\\\/\\\/schema.org\",\"@graph\":[{\"@type\":\"Article\",\"@id\":\"https:\\\/\\\/www.diariodeouropreto.com.br\\\/a-juventude-da-paroquia-de-santa-efigenia-convida-para-encenacao-da-paixao-de-cristo\\\/#article\",\"isPartOf\":{\"@id\":\"https:\\\/\\\/www.diariodeouropreto.com.br\\\/a-juventude-da-paroquia-de-santa-efigenia-convida-para-encenacao-da-paixao-de-cristo\\\/\"},\"author\":{\"name\":\"Di\u00e1rio de Ouro Preto\",\"@id\":\"https:\\\/\\\/www.diariodeouropreto.com.br\\\/pt\\\/#\\\/schema\\\/person\\\/7654e7b471204a6dab6dc0ce6e140c99\"},\"headline\":\"A juventude da par\u00f3quia de Santa Efig\u00eania convida para encena\u00e7\u00e3o da Paix\u00e3o de Cristo\",\"datePublished\":\"2026-03-10T21:15:26+00:00\",\"dateModified\":\"2026-03-10T21:16:40+00:00\",\"mainEntityOfPage\":{\"@id\":\"https:\\\/\\\/www.diariodeouropreto.com.br\\\/a-juventude-da-paroquia-de-santa-efigenia-convida-para-encenacao-da-paixao-de-cristo\\\/\"},\"wordCount\":178,\"publisher\":{\"@id\":\"https:\\\/\\\/www.diariodeouropreto.com.br\\\/pt\\\/#organization\"},\"image\":{\"@id\":\"https:\\\/\\\/www.diariodeouropreto.com.br\\\/a-juventude-da-paroquia-de-santa-efigenia-convida-para-encenacao-da-paixao-de-cristo\\\/#primaryimage\"},\"thumbnailUrl\":\"https:\\\/\\\/www.diariodeouropreto.com.br\\\/wp-content\\\/uploads\\\/2026\\\/03\\\/WhatsApp-Image-2026-03.jpeg\",\"articleSection\":[\"Cultura, Artes e Patrim\u00f4nio\"],\"inLanguage\":\"pt-PT\"},{\"@type\":\"WebPage\",\"@id\":\"https:\\\/\\\/www.diariodeouropreto.com.br\\\/a-juventude-da-paroquia-de-santa-efigenia-convida-para-encenacao-da-paixao-de-cristo\\\/\",\"url\":\"https:\\\/\\\/www.diariodeouropreto.com.br\\\/a-juventude-da-paroquia-de-santa-efigenia-convida-para-encenacao-da-paixao-de-cristo\\\/\",\"name\":\"A juventude da par\u00f3quia de Santa Efig\u00eania convida para encena\u00e7\u00e3o da Paix\u00e3o de Cristo - Di\u00e1rio de Ouro Preto\",\"isPartOf\":{\"@id\":\"https:\\\/\\\/www.diariodeouropreto.com.br\\\/pt\\\/#website\"},\"primaryImageOfPage\":{\"@id\":\"https:\\\/\\\/www.diariodeouropreto.com.br\\\/a-juventude-da-paroquia-de-santa-efigenia-convida-para-encenacao-da-paixao-de-cristo\\\/#primaryimage\"},\"image\":{\"@id\":\"https:\\\/\\\/www.diariodeouropreto.com.br\\\/a-juventude-da-paroquia-de-santa-efigenia-convida-para-encenacao-da-paixao-de-cristo\\\/#primaryimage\"},\"thumbnailUrl\":\"https:\\\/\\\/www.diariodeouropreto.com.br\\\/wp-content\\\/uploads\\\/2026\\\/03\\\/WhatsApp-Image-2026-03.jpeg\",\"datePublished\":\"2026-03-10T21:15:26+00:00\",\"dateModified\":\"2026-03-10T21:16:40+00:00\",\"description\":\"A juventude da par\u00f3quia de Santa Efig\u00eania convida a todos a prestigiarem a encena\u00e7\u00e3o da Paix\u00e3o de Cristo de 2026, que ser\u00e1 realizada no dia 28\\\/03 \u00e0s 20h - A juventude da par\u00f3quia de Santa Efig\u00eania convida para encena\u00e7\u00e3o da Paix\u00e3o de Cristo\",\"breadcrumb\":{\"@id\":\"https:\\\/\\\/www.diariodeouropreto.com.br\\\/a-juventude-da-paroquia-de-santa-efigenia-convida-para-encenacao-da-paixao-de-cristo\\\/#breadcrumb\"},\"inLanguage\":\"pt-PT\",\"potentialAction\":[{\"@type\":\"ReadAction\",\"target\":[\"https:\\\/\\\/www.diariodeouropreto.com.br\\\/a-juventude-da-paroquia-de-santa-efigenia-convida-para-encenacao-da-paixao-de-cristo\\\/\"]}]},{\"@type\":\"ImageObject\",\"inLanguage\":\"pt-PT\",\"@id\":\"https:\\\/\\\/www.diariodeouropreto.com.br\\\/a-juventude-da-paroquia-de-santa-efigenia-convida-para-encenacao-da-paixao-de-cristo\\\/#primaryimage\",\"url\":\"https:\\\/\\\/www.diariodeouropreto.com.br\\\/wp-content\\\/uploads\\\/2026\\\/03\\\/WhatsApp-Image-2026-03.jpeg\",\"contentUrl\":\"https:\\\/\\\/www.diariodeouropreto.com.br\\\/wp-content\\\/uploads\\\/2026\\\/03\\\/WhatsApp-Image-2026-03.jpeg\",\"width\":811,\"height\":800},{\"@type\":\"BreadcrumbList\",\"@id\":\"https:\\\/\\\/www.diariodeouropreto.com.br\\\/a-juventude-da-paroquia-de-santa-efigenia-convida-para-encenacao-da-paixao-de-cristo\\\/#breadcrumb\",\"itemListElement\":[{\"@type\":\"ListItem\",\"position\":1,\"name\":\"In\u00edcio\",\"item\":\"https:\\\/\\\/www.diariodeouropreto.com.br\\\/pt\\\/\"},{\"@type\":\"ListItem\",\"position\":2,\"name\":\"A juventude da par\u00f3quia de Santa Efig\u00eania convida para encena\u00e7\u00e3o da Paix\u00e3o de Cristo\"}]},{\"@type\":\"WebSite\",\"@id\":\"https:\\\/\\\/www.diariodeouropreto.com.br\\\/pt\\\/#website\",\"url\":\"https:\\\/\\\/www.diariodeouropreto.com.br\\\/pt\\\/\",\"name\":\"Di\u00e1rio de Ouro Preto\",\"description\":\"Not\u00edcias Ouro Preto; Mariana;Minas Gerais;Jornal;Jornalismo;Not\u00edcias;\",\"publisher\":{\"@id\":\"https:\\\/\\\/www.diariodeouropreto.com.br\\\/pt\\\/#organization\"},\"alternateName\":\"Jornal di\u00e1rio de Ouro Preto\",\"potentialAction\":[{\"@type\":\"SearchAction\",\"target\":{\"@type\":\"EntryPoint\",\"urlTemplate\":\"https:\\\/\\\/www.diariodeouropreto.com.br\\\/pt\\\/?s={search_term_string}\"},\"query-input\":{\"@type\":\"PropertyValueSpecification\",\"valueRequired\":true,\"valueName\":\"search_term_string\"}}],\"inLanguage\":\"pt-PT\"},{\"@type\":\"Organization\",\"@id\":\"https:\\\/\\\/www.diariodeouropreto.com.br\\\/pt\\\/#organization\",\"name\":\"Di\u00e1rio de Ouro Preto\",\"alternateName\":\"Jornal di\u00e1rio Ouro Preto\",\"url\":\"https:\\\/\\\/www.diariodeouropreto.com.br\\\/pt\\\/\",\"logo\":{\"@type\":\"ImageObject\",\"inLanguage\":\"pt-PT\",\"@id\":\"https:\\\/\\\/www.diariodeouropreto.com.br\\\/pt\\\/#\\\/schema\\\/logo\\\/image\\\/\",\"url\":\"https:\\\/\\\/www.diariodeouropreto.com.br\\\/wp-content\\\/uploads\\\/2019\\\/06\\\/cropped-logotransp-2.png\",\"contentUrl\":\"https:\\\/\\\/www.diariodeouropreto.com.br\\\/wp-content\\\/uploads\\\/2019\\\/06\\\/cropped-logotransp-2.png\",\"width\":1323,\"height\":251,\"caption\":\"Di\u00e1rio de Ouro Preto\"},\"image\":{\"@id\":\"https:\\\/\\\/www.diariodeouropreto.com.br\\\/pt\\\/#\\\/schema\\\/logo\\\/image\\\/\"},\"sameAs\":[\"https:\\\/\\\/www.facebook.com\\\/diariodeouropreto\\\/\"]},{\"@type\":\"Person\",\"@id\":\"https:\\\/\\\/www.diariodeouropreto.com.br\\\/pt\\\/#\\\/schema\\\/person\\\/7654e7b471204a6dab6dc0ce6e140c99\",\"name\":\"Di\u00e1rio de Ouro Preto\",\"sameAs\":[\"http:\\\/\\\/www.diariodeouropreto.com.br\"],\"url\":\"https:\\\/\\\/www.diariodeouropreto.com.br\\\/pt\\\/author\\\/diario\\\/\"}]}<\/script>\n<!-- \/ Yoast SEO plugin. -->","yoast_head_json":{"title":"A juventude da par\u00f3quia de Santa Efig\u00eania convida para encena\u00e7\u00e3o da Paix\u00e3o de Cristo - Di\u00e1rio de Ouro Preto","description":"A juventude da par\u00f3quia de Santa Efig\u00eania convida a todos a prestigiarem a encena\u00e7\u00e3o da Paix\u00e3o de Cristo de 2026, que ser\u00e1 realizada no dia 28\/03 \u00e0s 20h - A juventude da par\u00f3quia de Santa Efig\u00eania convida para encena\u00e7\u00e3o da Paix\u00e3o de Cristo","robots":{"index":"index","follow":"follow","max-snippet":"max-snippet:-1","max-image-preview":"max-image-preview:large","max-video-preview":"max-video-preview:-1"},"canonical":"https:\/\/www.diariodeouropreto.com.br\/pt\/a-juventude-da-paroquia-de-santa-efigenia-convida-para-encenacao-da-paixao-de-cristo\/","og_locale":"pt_PT","og_type":"article","og_title":"A juventude da par\u00f3quia de Santa Efig\u00eania convida para encena\u00e7\u00e3o da Paix\u00e3o de Cristo - Di\u00e1rio de Ouro Preto","og_description":"A juventude da par\u00f3quia de Santa Efig\u00eania convida a todos a prestigiarem a encena\u00e7\u00e3o da Paix\u00e3o de Cristo de 2026, que ser\u00e1 realizada no dia 28\/03 \u00e0s 20h - A juventude da par\u00f3quia de Santa Efig\u00eania convida para encena\u00e7\u00e3o da Paix\u00e3o de Cristo","og_url":"https:\/\/www.diariodeouropreto.com.br\/pt\/a-juventude-da-paroquia-de-santa-efigenia-convida-para-encenacao-da-paixao-de-cristo\/","og_site_name":"Di\u00e1rio de Ouro Preto","article_publisher":"https:\/\/www.facebook.com\/diariodeouropreto\/","article_published_time":"2026-03-10T21:15:26+00:00","article_modified_time":"2026-03-10T21:16:40+00:00","og_image":[{"width":811,"height":800,"url":"https:\/\/www.diariodeouropreto.com.br\/wp-content\/uploads\/2026\/03\/WhatsApp-Image-2026-03.jpeg","type":"image\/jpeg"}],"author":"Di\u00e1rio de Ouro Preto","twitter_card":"summary_large_image","twitter_misc":{"Escrito por":"Di\u00e1rio de Ouro Preto","Tempo estimado de leitura":"1 minuto"},"schema":{"@context":"https:\/\/schema.org","@graph":[{"@type":"Article","@id":"https:\/\/www.diariodeouropreto.com.br\/a-juventude-da-paroquia-de-santa-efigenia-convida-para-encenacao-da-paixao-de-cristo\/#article","isPartOf":{"@id":"https:\/\/www.diariodeouropreto.com.br\/a-juventude-da-paroquia-de-santa-efigenia-convida-para-encenacao-da-paixao-de-cristo\/"},"author":{"name":"Di\u00e1rio de Ouro Preto","@id":"https:\/\/www.diariodeouropreto.com.br\/pt\/#\/schema\/person\/7654e7b471204a6dab6dc0ce6e140c99"},"headline":"A juventude da par\u00f3quia de Santa Efig\u00eania convida para encena\u00e7\u00e3o da Paix\u00e3o de Cristo","datePublished":"2026-03-10T21:15:26+00:00","dateModified":"2026-03-10T21:16:40+00:00","mainEntityOfPage":{"@id":"https:\/\/www.diariodeouropreto.com.br\/a-juventude-da-paroquia-de-santa-efigenia-convida-para-encenacao-da-paixao-de-cristo\/"},"wordCount":178,"publisher":{"@id":"https:\/\/www.diariodeouropreto.com.br\/pt\/#organization"},"image":{"@id":"https:\/\/www.diariodeouropreto.com.br\/a-juventude-da-paroquia-de-santa-efigenia-convida-para-encenacao-da-paixao-de-cristo\/#primaryimage"},"thumbnailUrl":"https:\/\/www.diariodeouropreto.com.br\/wp-content\/uploads\/2026\/03\/WhatsApp-Image-2026-03.jpeg","articleSection":["Cultura, Artes e Patrim\u00f4nio"],"inLanguage":"pt-PT"},{"@type":"WebPage","@id":"https:\/\/www.diariodeouropreto.com.br\/a-juventude-da-paroquia-de-santa-efigenia-convida-para-encenacao-da-paixao-de-cristo\/","url":"https:\/\/www.diariodeouropreto.com.br\/a-juventude-da-paroquia-de-santa-efigenia-convida-para-encenacao-da-paixao-de-cristo\/","name":"A juventude da par\u00f3quia de Santa Efig\u00eania convida para encena\u00e7\u00e3o da Paix\u00e3o de Cristo - Di\u00e1rio de Ouro Preto","isPartOf":{"@id":"https:\/\/www.diariodeouropreto.com.br\/pt\/#website"},"primaryImageOfPage":{"@id":"https:\/\/www.diariodeouropreto.com.br\/a-juventude-da-paroquia-de-santa-efigenia-convida-para-encenacao-da-paixao-de-cristo\/#primaryimage"},"image":{"@id":"https:\/\/www.diariodeouropreto.com.br\/a-juventude-da-paroquia-de-santa-efigenia-convida-para-encenacao-da-paixao-de-cristo\/#primaryimage"},"thumbnailUrl":"https:\/\/www.diariodeouropreto.com.br\/wp-content\/uploads\/2026\/03\/WhatsApp-Image-2026-03.jpeg","datePublished":"2026-03-10T21:15:26+00:00","dateModified":"2026-03-10T21:16:40+00:00","description":"A juventude da par\u00f3quia de Santa Efig\u00eania convida a todos a prestigiarem a encena\u00e7\u00e3o da Paix\u00e3o de Cristo de 2026, que ser\u00e1 realizada no dia 28\/03 \u00e0s 20h - A juventude da par\u00f3quia de Santa Efig\u00eania convida para encena\u00e7\u00e3o da Paix\u00e3o de Cristo","breadcrumb":{"@id":"https:\/\/www.diariodeouropreto.com.br\/a-juventude-da-paroquia-de-santa-efigenia-convida-para-encenacao-da-paixao-de-cristo\/#breadcrumb"},"inLanguage":"pt-PT","potentialAction":[{"@type":"ReadAction","target":["https:\/\/www.diariodeouropreto.com.br\/a-juventude-da-paroquia-de-santa-efigenia-convida-para-encenacao-da-paixao-de-cristo\/"]}]},{"@type":"ImageObject","inLanguage":"pt-PT","@id":"https:\/\/www.diariodeouropreto.com.br\/a-juventude-da-paroquia-de-santa-efigenia-convida-para-encenacao-da-paixao-de-cristo\/#primaryimage","url":"https:\/\/www.diariodeouropreto.com.br\/wp-content\/uploads\/2026\/03\/WhatsApp-Image-2026-03.jpeg","contentUrl":"https:\/\/www.diariodeouropreto.com.br\/wp-content\/uploads\/2026\/03\/WhatsApp-Image-2026-03.jpeg","width":811,"height":800},{"@type":"BreadcrumbList","@id":"https:\/\/www.diariodeouropreto.com.br\/a-juventude-da-paroquia-de-santa-efigenia-convida-para-encenacao-da-paixao-de-cristo\/#breadcrumb","itemListElement":[{"@type":"ListItem","position":1,"name":"In\u00edcio","item":"https:\/\/www.diariodeouropreto.com.br\/pt\/"},{"@type":"ListItem","position":2,"name":"A juventude da par\u00f3quia de Santa Efig\u00eania convida para encena\u00e7\u00e3o da Paix\u00e3o de Cristo"}]},{"@type":"WebSite","@id":"https:\/\/www.diariodeouropreto.com.br\/pt\/#website","url":"https:\/\/www.diariodeouropreto.com.br\/pt\/","name":"Di\u00e1rio de Ouro Preto","description":"Not\u00edcias Ouro Preto; Mariana;Minas Gerais;Jornal;Jornalismo;Not\u00edcias;","publisher":{"@id":"https:\/\/www.diariodeouropreto.com.br\/pt\/#organization"},"alternateName":"Jornal di\u00e1rio de Ouro Preto","potentialAction":[{"@type":"SearchAction","target":{"@type":"EntryPoint","urlTemplate":"https:\/\/www.diariodeouropreto.com.br\/pt\/?s={search_term_string}"},"query-input":{"@type":"PropertyValueSpecification","valueRequired":true,"valueName":"search_term_string"}}],"inLanguage":"pt-PT"},{"@type":"Organization","@id":"https:\/\/www.diariodeouropreto.com.br\/pt\/#organization","name":"Di\u00e1rio de Ouro Preto","alternateName":"Jornal di\u00e1rio Ouro Preto","url":"https:\/\/www.diariodeouropreto.com.br\/pt\/","logo":{"@type":"ImageObject","inLanguage":"pt-PT","@id":"https:\/\/www.diariodeouropreto.com.br\/pt\/#\/schema\/logo\/image\/","url":"https:\/\/www.diariodeouropreto.com.br\/wp-content\/uploads\/2019\/06\/cropped-logotransp-2.png","contentUrl":"https:\/\/www.diariodeouropreto.com.br\/wp-content\/uploads\/2019\/06\/cropped-logotransp-2.png","width":1323,"height":251,"caption":"Di\u00e1rio de Ouro Preto"},"image":{"@id":"https:\/\/www.diariodeouropreto.com.br\/pt\/#\/schema\/logo\/image\/"},"sameAs":["https:\/\/www.facebook.com\/diariodeouropreto\/"]},{"@type":"Person","@id":"https:\/\/www.diariodeouropreto.com.br\/pt\/#\/schema\/person\/7654e7b471204a6dab6dc0ce6e140c99","name":"Di\u00e1rio de Ouro Preto","sameAs":["http:\/\/www.diariodeouropreto.com.br"],"url":"https:\/\/www.diariodeouropreto.com.br\/pt\/author\/diario\/"}]}},"jetpack_publicize_connections":[],"jetpack_featured_media_url":"https:\/\/www.diariodeouropreto.com.br\/wp-content\/uploads\/2026\/03\/WhatsApp-Image-2026-03.jpeg","jetpack-related-posts":[{"id":30988,"url":"https:\/\/www.diariodeouropreto.com.br\/pt\/paroquia-santa-efigenia-celebra-30o-aniversario-com-programacao-especial-de-semana-santa\/","url_meta":{"origin":50818,"position":0},"title":"Par\u00f3quia Santa Efig\u00eania celebra 30\u00ba Anivers\u00e1rio com Programa\u00e7\u00e3o Especial de Semana Santa","author":"Di\u00e1rio de Ouro Preto","date":"19 de Mar\u00e7o de 2024","format":false,"excerpt":"A Par\u00f3quia Santa Efig\u00eania est\u00e1 celebrando seu 30\u00ba anivers\u00e1rio com um emocionante Ano Mission\u00e1rio, marcado por uma programa\u00e7\u00e3o especial para a Semana Santa de 2024. O Seten\u00e1rio das Dores de Nossa Senhora, que ocorre de 16 a 22 de mar\u00e7o na Capela de Nossa Senhora da Piedade, prepara o cora\u00e7\u00e3o\u2026","rel":"","context":"In &quot;Cultura, Artes e Patrim\u00f4nio&quot;","block_context":{"text":"Cultura, Artes e Patrim\u00f4nio","link":"https:\/\/www.diariodeouropreto.com.br\/pt\/Editoria\/culturaeartes\/"},"img":{"alt_text":"","src":"https:\/\/i0.wp.com\/www.diariodeouropreto.com.br\/wp-content\/uploads\/2024\/03\/1-SEMANA-SANTA-INSTAGRAM.jpg?resize=350%2C200&ssl=1","width":350,"height":200,"srcset":"https:\/\/i0.wp.com\/www.diariodeouropreto.com.br\/wp-content\/uploads\/2024\/03\/1-SEMANA-SANTA-INSTAGRAM.jpg?resize=350%2C200&ssl=1 1x, https:\/\/i0.wp.com\/www.diariodeouropreto.com.br\/wp-content\/uploads\/2024\/03\/1-SEMANA-SANTA-INSTAGRAM.jpg?resize=525%2C300&ssl=1 1.5x"},"classes":[]},{"id":30572,"url":"https:\/\/www.diariodeouropreto.com.br\/pt\/pastoral-da-juventude-de-santa-efigenia-convida-para-auto-da-paixao\/","url_meta":{"origin":50818,"position":1},"title":"Pastoral da Juventude de Santa Efig\u00eania convida para Auto da Paix\u00e3o","author":"Di\u00e1rio de Ouro Preto","date":"2 de Mar\u00e7o de 2024","format":false,"excerpt":"O Auto da Paix\u00e3o , organizado pela Pastoral da Juventude de Santa Efig\u00eania, juntamente com outros jovens e toda a comunidade paroquial, \u00e9 uma a\u00e7\u00e3o de suma import\u00e2ncia no que tange a evangeliza\u00e7\u00e3o pela arte. Para evangelizar no mundo atual \u00e9 preciso que tenhamos criatividade, afinal, nossas juventudes carecem de\u2026","rel":"","context":"In &quot;Cultura, Artes e Patrim\u00f4nio&quot;","block_context":{"text":"Cultura, Artes e Patrim\u00f4nio","link":"https:\/\/www.diariodeouropreto.com.br\/pt\/Editoria\/culturaeartes\/"},"img":{"alt_text":"","src":"https:\/\/i0.wp.com\/www.diariodeouropreto.com.br\/wp-content\/uploads\/2024\/03\/Imagem-do-WhatsApp-de-2024-02-29-as-15.59.15_a9dc45f5.jpg?resize=350%2C200&ssl=1","width":350,"height":200,"srcset":"https:\/\/i0.wp.com\/www.diariodeouropreto.com.br\/wp-content\/uploads\/2024\/03\/Imagem-do-WhatsApp-de-2024-02-29-as-15.59.15_a9dc45f5.jpg?resize=350%2C200&ssl=1 1x, https:\/\/i0.wp.com\/www.diariodeouropreto.com.br\/wp-content\/uploads\/2024\/03\/Imagem-do-WhatsApp-de-2024-02-29-as-15.59.15_a9dc45f5.jpg?resize=525%2C300&ssl=1 1.5x"},"classes":[]},{"id":40675,"url":"https:\/\/www.diariodeouropreto.com.br\/pt\/paroquia-de-santa-efigenia-do-alto-da-cruz-divulga-programacao-do-reinado-2025\/","url_meta":{"origin":50818,"position":2},"title":"Par\u00f3quia de Santa Efig\u00eania do Alto da Cruz divulga programa\u00e7\u00e3o do Reinado 2025","author":"Di\u00e1rio de Ouro Preto","date":"4 de Janeiro de 2025","format":false,"excerpt":"A Associa\u00e7\u00e3o Amigos do Reinado de Nossa Senhora do Ros\u00e1rio e Santa Efig\u00eania, a Par\u00f3quia de Santa Efig\u00eania do Alto da Cruz, a Irmandade de Santa Efig\u00eania, a Guarda de Congo de Nossa Senhora do Ros\u00e1rio e Santa Efig\u00eania e Guarda de Mo\u00e7ambique de Nossa Senhora do Ros\u00e1rio e Santa\u2026","rel":"","context":"In &quot;Cultura, Artes e Patrim\u00f4nio&quot;","block_context":{"text":"Cultura, Artes e Patrim\u00f4nio","link":"https:\/\/www.diariodeouropreto.com.br\/pt\/Editoria\/culturaeartes\/"},"img":{"alt_text":"","src":"https:\/\/i0.wp.com\/www.diariodeouropreto.com.br\/wp-content\/uploads\/2024\/12\/reis.jpg?resize=350%2C200&ssl=1","width":350,"height":200,"srcset":"https:\/\/i0.wp.com\/www.diariodeouropreto.com.br\/wp-content\/uploads\/2024\/12\/reis.jpg?resize=350%2C200&ssl=1 1x, https:\/\/i0.wp.com\/www.diariodeouropreto.com.br\/wp-content\/uploads\/2024\/12\/reis.jpg?resize=525%2C300&ssl=1 1.5x, https:\/\/i0.wp.com\/www.diariodeouropreto.com.br\/wp-content\/uploads\/2024\/12\/reis.jpg?resize=700%2C400&ssl=1 2x"},"classes":[]},{"id":43803,"url":"https:\/\/www.diariodeouropreto.com.br\/pt\/ouro-preto-espera-publico-recorde-na-semana-santa-2025\/","url_meta":{"origin":50818,"position":3},"title":"Ouro Preto espera p\u00fablico recorde na Semana Santa 2025","author":"Di\u00e1rio de Ouro Preto","date":"14 de Abril de 2025","format":false,"excerpt":"Com prociss\u00f5es centen\u00e1rias e os famosos tapetes de serragem, evento une devo\u00e7\u00e3o e cultura em transmiss\u00e3o pioneira para todo o pa\u00eds Ouro Preto se prepara para receber um dos maiores p\u00fablicos da hist\u00f3ria, com uma estimativa de 60 mil pessoas, entre moradores e turistas, para a Semana Santa de 2025.\u2026","rel":"","context":"In &quot;Cultura, Artes e Patrim\u00f4nio&quot;","block_context":{"text":"Cultura, Artes e Patrim\u00f4nio","link":"https:\/\/www.diariodeouropreto.com.br\/pt\/Editoria\/culturaeartes\/"},"img":{"alt_text":"","src":"https:\/\/i0.wp.com\/www.diariodeouropreto.com.br\/wp-content\/uploads\/2025\/04\/Imagem-do-WhatsApp-de-2025-04-13-as-21.58.15_cd361305.jpg?resize=350%2C200&ssl=1","width":350,"height":200,"srcset":"https:\/\/i0.wp.com\/www.diariodeouropreto.com.br\/wp-content\/uploads\/2025\/04\/Imagem-do-WhatsApp-de-2025-04-13-as-21.58.15_cd361305.jpg?resize=350%2C200&ssl=1 1x, https:\/\/i0.wp.com\/www.diariodeouropreto.com.br\/wp-content\/uploads\/2025\/04\/Imagem-do-WhatsApp-de-2025-04-13-as-21.58.15_cd361305.jpg?resize=525%2C300&ssl=1 1.5x, https:\/\/i0.wp.com\/www.diariodeouropreto.com.br\/wp-content\/uploads\/2025\/04\/Imagem-do-WhatsApp-de-2025-04-13-as-21.58.15_cd361305.jpg?resize=700%2C400&ssl=1 2x, https:\/\/i0.wp.com\/www.diariodeouropreto.com.br\/wp-content\/uploads\/2025\/04\/Imagem-do-WhatsApp-de-2025-04-13-as-21.58.15_cd361305.jpg?resize=1050%2C600&ssl=1 3x"},"classes":[]},{"id":49469,"url":"https:\/\/www.diariodeouropreto.com.br\/pt\/ouro-preto-festeja-a-fe-que-canta-e-danca-reinado-de-nossa-senhora-do-rosario-santa-efigenia-e-sao-benedito\/","url_meta":{"origin":50818,"position":4},"title":"Ouro Preto festeja &#8220;A F\u00e9 que Canta e Dan\u00e7a&#8221; Reinado de Nossa Senhora do Ros\u00e1rio, Santa Efig\u00eania e S\u00e3o Benedito","author":"Di\u00e1rio de Ouro Preto","date":"26 de Dezembro de 2025","format":false,"excerpt":"Entre os dias 04 e 11 de Janeiro de 2026 Ouro Preto recebe mais uma edi\u00e7\u00e3o de \"A F\u00e9 que Canta e Dan\u00e7a,\" Reinado de Nossa Senhora do Ros\u00e1rio, Santa Efig\u00eania e S\u00e3o Benedito. A programa\u00e7\u00e3o conta com oficinas, lan\u00e7amento de livros e Missas al\u00e9m de cortejos, confira a programa\u00e7\u00e3o\u2026","rel":"","context":"In &quot;Cultura, Artes e Patrim\u00f4nio&quot;","block_context":{"text":"Cultura, Artes e Patrim\u00f4nio","link":"https:\/\/www.diariodeouropreto.com.br\/pt\/Editoria\/culturaeartes\/"},"img":{"alt_text":"","src":"https:\/\/i0.wp.com\/www.diariodeouropreto.com.br\/wp-content\/uploads\/2025\/12\/WhatsApp-Image-2025-12-26-at-10.42.52.jpeg?resize=350%2C200&ssl=1","width":350,"height":200,"srcset":"https:\/\/i0.wp.com\/www.diariodeouropreto.com.br\/wp-content\/uploads\/2025\/12\/WhatsApp-Image-2025-12-26-at-10.42.52.jpeg?resize=350%2C200&ssl=1 1x, https:\/\/i0.wp.com\/www.diariodeouropreto.com.br\/wp-content\/uploads\/2025\/12\/WhatsApp-Image-2025-12-26-at-10.42.52.jpeg?resize=525%2C300&ssl=1 1.5x, https:\/\/i0.wp.com\/www.diariodeouropreto.com.br\/wp-content\/uploads\/2025\/12\/WhatsApp-Image-2025-12-26-at-10.42.52.jpeg?resize=700%2C400&ssl=1 2x"},"classes":[]},{"id":47623,"url":"https:\/\/www.diariodeouropreto.com.br\/pt\/ouro-preto-celebra-o-dia-de-santa-efigenia\/","url_meta":{"origin":50818,"position":5},"title":"Ouro Preto celebra o dia de Santa Efig\u00eania","author":"Di\u00e1rio de Ouro Preto","date":"20 de Setembro de 2025","format":false,"excerpt":"Comemorando 27 anos no dia 21\/09, a R\u00e1dio Prov\u00edncia transmite a Missa Solene Cantada das 10h. No domingo tamb\u00e9m ser\u00e1 realizado um almo\u00e7o especial. Veja a Programa\u00e7\u00e3o das celebra\u00e7\u00f5es: Dia 20\/09 - S\u00e1badoTema: \u201cCora\u00e7\u00f5es f\u00e9rteis para a esperan\u00e7a\u201d7h-Missa na Matriz.12h-Repique de sinos.15h-Missa na Igreja do Padre Faria.18h-Of\u00edcio de Nossa Senhora\u2026","rel":"","context":"In &quot;Cultura, Artes e Patrim\u00f4nio&quot;","block_context":{"text":"Cultura, Artes e Patrim\u00f4nio","link":"https:\/\/www.diariodeouropreto.com.br\/pt\/Editoria\/culturaeartes\/"},"img":{"alt_text":"","src":"https:\/\/i0.wp.com\/www.diariodeouropreto.com.br\/wp-content\/uploads\/2025\/09\/Santa-efigenia-2024-1200x677-1.jpg?resize=350%2C200&ssl=1","width":350,"height":200,"srcset":"https:\/\/i0.wp.com\/www.diariodeouropreto.com.br\/wp-content\/uploads\/2025\/09\/Santa-efigenia-2024-1200x677-1.jpg?resize=350%2C200&ssl=1 1x, https:\/\/i0.wp.com\/www.diariodeouropreto.com.br\/wp-content\/uploads\/2025\/09\/Santa-efigenia-2024-1200x677-1.jpg?resize=525%2C300&ssl=1 1.5x, https:\/\/i0.wp.com\/www.diariodeouropreto.com.br\/wp-content\/uploads\/2025\/09\/Santa-efigenia-2024-1200x677-1.jpg?resize=700%2C400&ssl=1 2x, https:\/\/i0.wp.com\/www.diariodeouropreto.com.br\/wp-content\/uploads\/2025\/09\/Santa-efigenia-2024-1200x677-1.jpg?resize=1050%2C600&ssl=1 3x"},"classes":[]}],"jetpack_sharing_enabled":true,"amp_enabled":true,"_links":{"self":[{"href":"https:\/\/www.diariodeouropreto.com.br\/pt\/wp-json\/wp\/v2\/posts\/50818","targetHints":{"allow":["GET"]}}],"collection":[{"href":"https:\/\/www.diariodeouropreto.com.br\/pt\/wp-json\/wp\/v2\/posts"}],"about":[{"href":"https:\/\/www.diariodeouropreto.com.br\/pt\/wp-json\/wp\/v2\/types\/post"}],"author":[{"embeddable":true,"href":"https:\/\/www.diariodeouropreto.com.br\/pt\/wp-json\/wp\/v2\/users\/1"}],"replies":[{"embeddable":true,"href":"https:\/\/www.diariodeouropreto.com.br\/pt\/wp-json\/wp\/v2\/comments?post=50818"}],"version-history":[{"count":2,"href":"https:\/\/www.diariodeouropreto.com.br\/pt\/wp-json\/wp\/v2\/posts\/50818\/revisions"}],"predecessor-version":[{"id":50828,"href":"https:\/\/www.diariodeouropreto.com.br\/pt\/wp-json\/wp\/v2\/posts\/50818\/revisions\/50828"}],"wp:featuredmedia":[{"embeddable":true,"href":"https:\/\/www.diariodeouropreto.com.br\/pt\/wp-json\/wp\/v2\/media\/50825"}],"wp:attachment":[{"href":"https:\/\/www.diariodeouropreto.com.br\/pt\/wp-json\/wp\/v2\/media?parent=50818"}],"wp:term":[{"taxonomy":"category","embeddable":true,"href":"https:\/\/www.diariodeouropreto.com.br\/pt\/wp-json\/wp\/v2\/categories?post=50818"},{"taxonomy":"post_tag","embeddable":true,"href":"https:\/\/www.diariodeouropreto.com.br\/pt\/wp-json\/wp\/v2\/tags?post=50818"}],"curies":[{"name":"wp","href":"https:\/\/api.w.org\/{rel}","templated":true}]}}