{"id":50815,"date":"2026-03-10T18:00:50","date_gmt":"2026-03-10T21:00:50","guid":{"rendered":"https:\/\/www.diariodeouropreto.com.br\/?p=50815"},"modified":"2026-03-10T18:00:56","modified_gmt":"2026-03-10T21:00:56","slug":"comunidade-da-barroca-ganha-nova-quadra-escolar","status":"publish","type":"post","link":"https:\/\/www.diariodeouropreto.com.br\/pt\/comunidade-da-barroca-ganha-nova-quadra-escolar\/","title":{"rendered":"Comunidade da Barroca ganha nova quadra escolar"},"content":{"rendered":"<p>Na manh\u00e3 do \u00faltimo s\u00e1bado (07), com a presen\u00e7a de moradores e autoridades, a Prefeitura de Mariana inaugurou a quadra escolar e os novos vesti\u00e1rios da Escola Municipal Dante Luiz dos Santos, na comunidade da Barroca.<\/p>\n\n\n\n<p>A reforma foi custeada, em parte, por recursos oriundos de emendas impositivas indicadas por vereadores, contando com complementa\u00e7\u00e3o do munic\u00edpio para que o projeto atendesse \u00e0s necessidades dos estudantes. Os recursos iniciais contemplavam apenas a cobertura da quadra e, ap\u00f3s a complementa\u00e7\u00e3o, foram realizados tamb\u00e9m a constru\u00e7\u00e3o de novos vesti\u00e1rios e o cercamento do espa\u00e7o. A obra foi executada pela Secretaria de Obras e Gest\u00e3o Urbana, e os servi\u00e7os complementares foram assumidos pela equipe da Secretaria de Esporte, Comunica\u00e7\u00e3o e Eventos.<\/p>\n\n\n\n<figure class=\"wp-block-image size-full\"><img decoding=\"async\" width=\"1067\" height=\"800\" data-attachment-id=\"50820\" data-permalink=\"https:\/\/www.diariodeouropreto.com.br\/pt\/comunidade-da-barroca-ganha-nova-quadra-escolar\/img_8195-2\/\" data-orig-file=\"https:\/\/www.diariodeouropreto.com.br\/wp-content\/uploads\/2026\/03\/IMG_8195.jpg\" data-orig-size=\"1067,800\" data-comments-opened=\"0\" data-image-meta=\"{&quot;aperture&quot;:&quot;0&quot;,&quot;credit&quot;:&quot;&quot;,&quot;camera&quot;:&quot;&quot;,&quot;caption&quot;:&quot;&quot;,&quot;created_timestamp&quot;:&quot;0&quot;,&quot;copyright&quot;:&quot;&quot;,&quot;focal_length&quot;:&quot;0&quot;,&quot;iso&quot;:&quot;0&quot;,&quot;shutter_speed&quot;:&quot;0&quot;,&quot;title&quot;:&quot;&quot;,&quot;orientation&quot;:&quot;0&quot;}\" data-image-title=\"IMG_8195\" data-image-description=\"\" data-image-caption=\"\" data-large-file=\"https:\/\/www.diariodeouropreto.com.br\/wp-content\/uploads\/2026\/03\/IMG_8195.jpg\" src=\"https:\/\/www.diariodeouropreto.com.br\/wp-content\/uploads\/2026\/03\/IMG_8195.jpg\" alt=\"\" class=\"wp-image-50820\" srcset=\"https:\/\/www.diariodeouropreto.com.br\/wp-content\/uploads\/2026\/03\/IMG_8195.jpg 1067w, https:\/\/www.diariodeouropreto.com.br\/wp-content\/uploads\/2026\/03\/IMG_8195-528x396.jpg 528w, https:\/\/www.diariodeouropreto.com.br\/wp-content\/uploads\/2026\/03\/IMG_8195-200x150.jpg 200w, https:\/\/www.diariodeouropreto.com.br\/wp-content\/uploads\/2026\/03\/IMG_8195-768x576.jpg 768w, https:\/\/www.diariodeouropreto.com.br\/wp-content\/uploads\/2026\/03\/IMG_8195-16x12.jpg 16w, https:\/\/www.diariodeouropreto.com.br\/wp-content\/uploads\/2026\/03\/IMG_8195-465x349.jpg 465w, https:\/\/www.diariodeouropreto.com.br\/wp-content\/uploads\/2026\/03\/IMG_8195-667x500.jpg 667w\" sizes=\"(max-width: 1067px) 100vw, 1067px\" \/><\/figure>\n\n\n\n<p>Antes da interven\u00e7\u00e3o, os alunos n\u00e3o podiam usar a quadra escolar por quest\u00f5es de seguran\u00e7a.<\/p>\n\n\n\n<p>Para Lycia Frade, diretora da escola, o momento representa mais do que apenas uma inaugura\u00e7\u00e3o: \u201cEsse \u00e9 um momento muito aguardado pelos estudantes e representa um grande avan\u00e7o para a pr\u00e1tica esportiva na escola. \u00c9 a realiza\u00e7\u00e3o de um sonho que h\u00e1 tempos aguard\u00e1vamos\u201d, disse.<\/p>\n\n\n\n<figure class=\"wp-block-image size-full\"><img decoding=\"async\" width=\"1067\" height=\"800\" data-attachment-id=\"50822\" data-permalink=\"https:\/\/www.diariodeouropreto.com.br\/pt\/comunidade-da-barroca-ganha-nova-quadra-escolar\/img_7973\/\" data-orig-file=\"https:\/\/www.diariodeouropreto.com.br\/wp-content\/uploads\/2026\/03\/IMG_7973.jpg\" data-orig-size=\"1067,800\" data-comments-opened=\"0\" data-image-meta=\"{&quot;aperture&quot;:&quot;0&quot;,&quot;credit&quot;:&quot;&quot;,&quot;camera&quot;:&quot;&quot;,&quot;caption&quot;:&quot;&quot;,&quot;created_timestamp&quot;:&quot;0&quot;,&quot;copyright&quot;:&quot;&quot;,&quot;focal_length&quot;:&quot;0&quot;,&quot;iso&quot;:&quot;0&quot;,&quot;shutter_speed&quot;:&quot;0&quot;,&quot;title&quot;:&quot;&quot;,&quot;orientation&quot;:&quot;0&quot;}\" data-image-title=\"IMG_7973\" data-image-description=\"\" data-image-caption=\"\" data-large-file=\"https:\/\/www.diariodeouropreto.com.br\/wp-content\/uploads\/2026\/03\/IMG_7973.jpg\" src=\"https:\/\/www.diariodeouropreto.com.br\/wp-content\/uploads\/2026\/03\/IMG_7973.jpg\" alt=\"\" class=\"wp-image-50822\" srcset=\"https:\/\/www.diariodeouropreto.com.br\/wp-content\/uploads\/2026\/03\/IMG_7973.jpg 1067w, https:\/\/www.diariodeouropreto.com.br\/wp-content\/uploads\/2026\/03\/IMG_7973-528x396.jpg 528w, https:\/\/www.diariodeouropreto.com.br\/wp-content\/uploads\/2026\/03\/IMG_7973-200x150.jpg 200w, https:\/\/www.diariodeouropreto.com.br\/wp-content\/uploads\/2026\/03\/IMG_7973-768x576.jpg 768w, https:\/\/www.diariodeouropreto.com.br\/wp-content\/uploads\/2026\/03\/IMG_7973-16x12.jpg 16w, https:\/\/www.diariodeouropreto.com.br\/wp-content\/uploads\/2026\/03\/IMG_7973-465x349.jpg 465w, https:\/\/www.diariodeouropreto.com.br\/wp-content\/uploads\/2026\/03\/IMG_7973-667x500.jpg 667w\" sizes=\"(max-width: 1067px) 100vw, 1067px\" \/><\/figure>\n\n\n\n<p>A cerim\u00f4nia teve in\u00edcio com a celebra\u00e7\u00e3o de uma missa em a\u00e7\u00e3o de gra\u00e7as na Capela de Santo Ant\u00f4nio, seguida de um cortejo guiado pelo Congado de Nossa Senhora do Ros\u00e1rio da Barroca. Ap\u00f3s a inaugura\u00e7\u00e3o, aconteceu ainda uma partida inaugural, na qual autoridades municipais jogaram futebol com alunos da do ensino fundamental. Em seguida, foi realizado tamb\u00e9m um campeonato com times da regi\u00e3o.<\/p>\n\n\n\n<figure class=\"wp-block-image size-full\"><img decoding=\"async\" width=\"1067\" height=\"800\" data-attachment-id=\"50821\" data-permalink=\"https:\/\/www.diariodeouropreto.com.br\/pt\/comunidade-da-barroca-ganha-nova-quadra-escolar\/img_2189\/\" data-orig-file=\"https:\/\/www.diariodeouropreto.com.br\/wp-content\/uploads\/2026\/03\/IMG_2189.jpg\" data-orig-size=\"1067,800\" data-comments-opened=\"0\" data-image-meta=\"{&quot;aperture&quot;:&quot;0&quot;,&quot;credit&quot;:&quot;&quot;,&quot;camera&quot;:&quot;&quot;,&quot;caption&quot;:&quot;&quot;,&quot;created_timestamp&quot;:&quot;0&quot;,&quot;copyright&quot;:&quot;&quot;,&quot;focal_length&quot;:&quot;0&quot;,&quot;iso&quot;:&quot;0&quot;,&quot;shutter_speed&quot;:&quot;0&quot;,&quot;title&quot;:&quot;&quot;,&quot;orientation&quot;:&quot;0&quot;}\" data-image-title=\"IMG_2189\" data-image-description=\"\" data-image-caption=\"\" data-large-file=\"https:\/\/www.diariodeouropreto.com.br\/wp-content\/uploads\/2026\/03\/IMG_2189.jpg\" src=\"https:\/\/www.diariodeouropreto.com.br\/wp-content\/uploads\/2026\/03\/IMG_2189.jpg\" alt=\"\" class=\"wp-image-50821\" srcset=\"https:\/\/www.diariodeouropreto.com.br\/wp-content\/uploads\/2026\/03\/IMG_2189.jpg 1067w, https:\/\/www.diariodeouropreto.com.br\/wp-content\/uploads\/2026\/03\/IMG_2189-528x396.jpg 528w, https:\/\/www.diariodeouropreto.com.br\/wp-content\/uploads\/2026\/03\/IMG_2189-200x150.jpg 200w, https:\/\/www.diariodeouropreto.com.br\/wp-content\/uploads\/2026\/03\/IMG_2189-768x576.jpg 768w, https:\/\/www.diariodeouropreto.com.br\/wp-content\/uploads\/2026\/03\/IMG_2189-16x12.jpg 16w, https:\/\/www.diariodeouropreto.com.br\/wp-content\/uploads\/2026\/03\/IMG_2189-465x349.jpg 465w, https:\/\/www.diariodeouropreto.com.br\/wp-content\/uploads\/2026\/03\/IMG_2189-667x500.jpg 667w\" sizes=\"(max-width: 1067px) 100vw, 1067px\" \/><\/figure>\n\n\n\n<p>A melhoria fortalece o uso do espa\u00e7o p\u00fablico e contribui para incentivar atividades esportivas, promover qualidade de vida e estimular a integra\u00e7\u00e3o da comunidade.<\/p>\n\n\n\n<div id=\"110712\" class=\"advads-saneouro advads-entity-placement\" style=\"margin-left: auto;margin-right: auto;text-align: center;\"><a href=\"https:\/\/www.saneouro.com.br\/\" target=\"_blank\" aria-label=\"DOP_Site\" data-wpel-link=\"external\" rel=\"follow external noopener noreferrer sponsored ugc\"><img src=\"https:\/\/www.diariodeouropreto.com.br\/wp-content\/uploads\/2026\/04\/DOP_Site.jpg\" alt=\"\"  srcset=\"https:\/\/www.diariodeouropreto.com.br\/wp-content\/uploads\/2026\/04\/DOP_Site.jpg 301w, https:\/\/www.diariodeouropreto.com.br\/wp-content\/uploads\/2026\/04\/DOP_Site-180x150.jpg 180w, https:\/\/www.diariodeouropreto.com.br\/wp-content\/uploads\/2026\/04\/DOP_Site-14x12.jpg 14w\" sizes=\"(max-width: 301px) 100vw, 301px\" width=\"301\" height=\"251\"  style=\"display: inline-block;\" \/><\/a><\/div><p>Fotos: Laura Avelar e Pedro Henrique Hudson<\/p>\n\n\n\n<div id=\"50321\" class=\"advads-plantao advads-entity-placement\"><a href=\"https:\/\/www.diariodeouropreto.com.br\/pt\/\" target=\"_blank\" aria-label=\"site &#8211; noticia\" data-wpel-link=\"external\" rel=\"follow external noopener noreferrer sponsored ugc\"><img src=\"https:\/\/www.diariodeouropreto.com.br\/wp-content\/uploads\/2019\/09\/titulosite2-e1616373489755.jpg\" alt=\"\"  srcset=\"https:\/\/www.diariodeouropreto.com.br\/wp-content\/uploads\/2019\/09\/titulosite2-e1616373489755.jpg 1200w, https:\/\/www.diariodeouropreto.com.br\/wp-content\/uploads\/2019\/09\/titulosite2-e1616373489755-150x38.jpg 150w, https:\/\/www.diariodeouropreto.com.br\/wp-content\/uploads\/2019\/09\/titulosite2-e1616373489755-660x167.jpg 660w, https:\/\/www.diariodeouropreto.com.br\/wp-content\/uploads\/2019\/09\/titulosite2-e1616373489755-768x194.jpg 768w, https:\/\/www.diariodeouropreto.com.br\/wp-content\/uploads\/2019\/09\/titulosite2-e1616373489755-1000x252.jpg 1000w, https:\/\/www.diariodeouropreto.com.br\/wp-content\/uploads\/2019\/09\/titulosite2-e1616373489755-1536x388.jpg 1536w, https:\/\/www.diariodeouropreto.com.br\/wp-content\/uploads\/2019\/09\/titulosite2-e1616373489755-2048x517.jpg 2048w\" sizes=\"(max-width: 1200px) 100vw, 1200px\" width=\"1200\" height=\"303\"  style=\"display: inline-block;\" \/><\/a><\/div><p>Fonte: Assessoria Prefeitura de Mariana<\/p>","protected":false},"excerpt":{"rendered":"<p>Na manh\u00e3 do \u00faltimo s\u00e1bado (07), com a presen\u00e7a de moradores e autoridades, a Prefeitura de Mariana inaugurou a quadra escolar e os novos vesti\u00e1rios da Escola Municipal Dante Luiz dos Santos, na comunidade da Barroca. A reforma foi custeada, em parte, por recursos oriundos de emendas impositivas indicadas por<span class=\"more-link\"><a href=\"https:\/\/www.diariodeouropreto.com.br\/pt\/comunidade-da-barroca-ganha-nova-quadra-escolar\/\" data-wpel-link=\"internal\">Continue Lendo<\/a><\/span><\/p>","protected":false},"author":1,"featured_media":50817,"comment_status":"closed","ping_status":"closed","sticky":false,"template":"","format":"standard","meta":{"_jetpack_memberships_contains_paid_content":false,"footnotes":"","jetpack_publicize_message":"A reforma foi custeada, em parte, por recursos oriundos de emendas impositivas indicadas por vereadores, contando com complementa\u00e7\u00e3o do munic\u00edpio para que o projeto atendesse \u00e0s necessidades dos estudantes","jetpack_publicize_feature_enabled":true,"jetpack_social_post_already_shared":false,"jetpack_social_options":{"image_generator_settings":{"template":"highway","default_image_id":0,"font":"","enabled":false},"version":2}},"categories":[4],"tags":[14,825],"class_list":["entry","author-diario","post-50815","post","type-post","status-publish","format-standard","has-post-thumbnail","category-mariana","tag-mariana","tag-obras"],"yoast_head":"<!-- This site is optimized with the Yoast SEO plugin v27.5 - https:\/\/yoast.com\/product\/yoast-seo-wordpress\/ -->\n<title>Comunidade da Barroca ganha nova quadra escolar - Di\u00e1rio de Ouro Preto<\/title>\n<meta name=\"description\" content=\"A reforma foi custeada, em parte, por recursos oriundos de emendas impositivas indicadas por vereadores, contando com complementa\u00e7\u00e3o do munic\u00edpio para que o projeto atendesse \u00e0s necessidades dos estudantes - Comunidade da Barroca ganha nova quadra escolar\" \/>\n<meta name=\"robots\" content=\"index, follow, max-snippet:-1, max-image-preview:large, max-video-preview:-1\" \/>\n<link rel=\"canonical\" href=\"https:\/\/www.diariodeouropreto.com.br\/pt\/comunidade-da-barroca-ganha-nova-quadra-escolar\/\" \/>\n<meta property=\"og:locale\" content=\"pt_PT\" \/>\n<meta property=\"og:type\" content=\"article\" \/>\n<meta property=\"og:title\" content=\"Comunidade da Barroca ganha nova quadra escolar - Di\u00e1rio de Ouro Preto\" \/>\n<meta property=\"og:description\" content=\"A reforma foi custeada, em parte, por recursos oriundos de emendas impositivas indicadas por vereadores, contando com complementa\u00e7\u00e3o do munic\u00edpio para que o projeto atendesse \u00e0s necessidades dos estudantes - Comunidade da Barroca ganha nova quadra escolar\" \/>\n<meta property=\"og:url\" content=\"https:\/\/www.diariodeouropreto.com.br\/pt\/comunidade-da-barroca-ganha-nova-quadra-escolar\/\" \/>\n<meta property=\"og:site_name\" content=\"Di\u00e1rio de Ouro Preto\" \/>\n<meta property=\"article:publisher\" content=\"https:\/\/www.facebook.com\/diariodeouropreto\/\" \/>\n<meta property=\"article:published_time\" content=\"2026-03-10T21:00:50+00:00\" \/>\n<meta property=\"article:modified_time\" content=\"2026-03-10T21:00:56+00:00\" \/>\n<meta property=\"og:image\" content=\"https:\/\/www.diariodeouropreto.com.br\/wp-content\/uploads\/2026\/03\/IMG_2317.jpg\" \/>\n\t<meta property=\"og:image:width\" content=\"1067\" \/>\n\t<meta property=\"og:image:height\" content=\"800\" \/>\n\t<meta property=\"og:image:type\" content=\"image\/jpeg\" \/>\n<meta name=\"author\" content=\"Di\u00e1rio de Ouro Preto\" \/>\n<meta name=\"twitter:card\" content=\"summary_large_image\" \/>\n<meta name=\"twitter:label1\" content=\"Escrito por\" \/>\n\t<meta name=\"twitter:data1\" content=\"Di\u00e1rio de Ouro Preto\" \/>\n\t<meta name=\"twitter:label2\" content=\"Tempo estimado de leitura\" \/>\n\t<meta name=\"twitter:data2\" content=\"3 minutos\" \/>\n<script type=\"application\/ld+json\" class=\"yoast-schema-graph\">{\"@context\":\"https:\\\/\\\/schema.org\",\"@graph\":[{\"@type\":\"Article\",\"@id\":\"https:\\\/\\\/www.diariodeouropreto.com.br\\\/comunidade-da-barroca-ganha-nova-quadra-escolar\\\/#article\",\"isPartOf\":{\"@id\":\"https:\\\/\\\/www.diariodeouropreto.com.br\\\/comunidade-da-barroca-ganha-nova-quadra-escolar\\\/\"},\"author\":{\"name\":\"Di\u00e1rio de Ouro Preto\",\"@id\":\"https:\\\/\\\/www.diariodeouropreto.com.br\\\/pt\\\/#\\\/schema\\\/person\\\/7654e7b471204a6dab6dc0ce6e140c99\"},\"headline\":\"Comunidade da Barroca ganha nova quadra escolar\",\"datePublished\":\"2026-03-10T21:00:50+00:00\",\"dateModified\":\"2026-03-10T21:00:56+00:00\",\"mainEntityOfPage\":{\"@id\":\"https:\\\/\\\/www.diariodeouropreto.com.br\\\/comunidade-da-barroca-ganha-nova-quadra-escolar\\\/\"},\"wordCount\":318,\"publisher\":{\"@id\":\"https:\\\/\\\/www.diariodeouropreto.com.br\\\/pt\\\/#organization\"},\"image\":{\"@id\":\"https:\\\/\\\/www.diariodeouropreto.com.br\\\/comunidade-da-barroca-ganha-nova-quadra-escolar\\\/#primaryimage\"},\"thumbnailUrl\":\"https:\\\/\\\/www.diariodeouropreto.com.br\\\/wp-content\\\/uploads\\\/2026\\\/03\\\/IMG_2317.jpg\",\"keywords\":[\"Mariana\",\"Obras\"],\"articleSection\":[\"Mariana\"],\"inLanguage\":\"pt-PT\"},{\"@type\":\"WebPage\",\"@id\":\"https:\\\/\\\/www.diariodeouropreto.com.br\\\/comunidade-da-barroca-ganha-nova-quadra-escolar\\\/\",\"url\":\"https:\\\/\\\/www.diariodeouropreto.com.br\\\/comunidade-da-barroca-ganha-nova-quadra-escolar\\\/\",\"name\":\"Comunidade da Barroca ganha nova quadra escolar - Di\u00e1rio de Ouro Preto\",\"isPartOf\":{\"@id\":\"https:\\\/\\\/www.diariodeouropreto.com.br\\\/pt\\\/#website\"},\"primaryImageOfPage\":{\"@id\":\"https:\\\/\\\/www.diariodeouropreto.com.br\\\/comunidade-da-barroca-ganha-nova-quadra-escolar\\\/#primaryimage\"},\"image\":{\"@id\":\"https:\\\/\\\/www.diariodeouropreto.com.br\\\/comunidade-da-barroca-ganha-nova-quadra-escolar\\\/#primaryimage\"},\"thumbnailUrl\":\"https:\\\/\\\/www.diariodeouropreto.com.br\\\/wp-content\\\/uploads\\\/2026\\\/03\\\/IMG_2317.jpg\",\"datePublished\":\"2026-03-10T21:00:50+00:00\",\"dateModified\":\"2026-03-10T21:00:56+00:00\",\"description\":\"A reforma foi custeada, em parte, por recursos oriundos de emendas impositivas indicadas por vereadores, contando com complementa\u00e7\u00e3o do munic\u00edpio para que o projeto atendesse \u00e0s necessidades dos estudantes - Comunidade da Barroca ganha nova quadra escolar\",\"breadcrumb\":{\"@id\":\"https:\\\/\\\/www.diariodeouropreto.com.br\\\/comunidade-da-barroca-ganha-nova-quadra-escolar\\\/#breadcrumb\"},\"inLanguage\":\"pt-PT\",\"potentialAction\":[{\"@type\":\"ReadAction\",\"target\":[\"https:\\\/\\\/www.diariodeouropreto.com.br\\\/comunidade-da-barroca-ganha-nova-quadra-escolar\\\/\"]}]},{\"@type\":\"ImageObject\",\"inLanguage\":\"pt-PT\",\"@id\":\"https:\\\/\\\/www.diariodeouropreto.com.br\\\/comunidade-da-barroca-ganha-nova-quadra-escolar\\\/#primaryimage\",\"url\":\"https:\\\/\\\/www.diariodeouropreto.com.br\\\/wp-content\\\/uploads\\\/2026\\\/03\\\/IMG_2317.jpg\",\"contentUrl\":\"https:\\\/\\\/www.diariodeouropreto.com.br\\\/wp-content\\\/uploads\\\/2026\\\/03\\\/IMG_2317.jpg\",\"width\":1067,\"height\":800},{\"@type\":\"BreadcrumbList\",\"@id\":\"https:\\\/\\\/www.diariodeouropreto.com.br\\\/comunidade-da-barroca-ganha-nova-quadra-escolar\\\/#breadcrumb\",\"itemListElement\":[{\"@type\":\"ListItem\",\"position\":1,\"name\":\"In\u00edcio\",\"item\":\"https:\\\/\\\/www.diariodeouropreto.com.br\\\/pt\\\/\"},{\"@type\":\"ListItem\",\"position\":2,\"name\":\"Comunidade da Barroca ganha nova quadra escolar\"}]},{\"@type\":\"WebSite\",\"@id\":\"https:\\\/\\\/www.diariodeouropreto.com.br\\\/pt\\\/#website\",\"url\":\"https:\\\/\\\/www.diariodeouropreto.com.br\\\/pt\\\/\",\"name\":\"Di\u00e1rio de Ouro Preto\",\"description\":\"Not\u00edcias Ouro Preto; Mariana;Minas Gerais;Jornal;Jornalismo;Not\u00edcias;\",\"publisher\":{\"@id\":\"https:\\\/\\\/www.diariodeouropreto.com.br\\\/pt\\\/#organization\"},\"alternateName\":\"Jornal di\u00e1rio de Ouro Preto\",\"potentialAction\":[{\"@type\":\"SearchAction\",\"target\":{\"@type\":\"EntryPoint\",\"urlTemplate\":\"https:\\\/\\\/www.diariodeouropreto.com.br\\\/pt\\\/?s={search_term_string}\"},\"query-input\":{\"@type\":\"PropertyValueSpecification\",\"valueRequired\":true,\"valueName\":\"search_term_string\"}}],\"inLanguage\":\"pt-PT\"},{\"@type\":\"Organization\",\"@id\":\"https:\\\/\\\/www.diariodeouropreto.com.br\\\/pt\\\/#organization\",\"name\":\"Di\u00e1rio de Ouro Preto\",\"alternateName\":\"Jornal di\u00e1rio Ouro Preto\",\"url\":\"https:\\\/\\\/www.diariodeouropreto.com.br\\\/pt\\\/\",\"logo\":{\"@type\":\"ImageObject\",\"inLanguage\":\"pt-PT\",\"@id\":\"https:\\\/\\\/www.diariodeouropreto.com.br\\\/pt\\\/#\\\/schema\\\/logo\\\/image\\\/\",\"url\":\"https:\\\/\\\/www.diariodeouropreto.com.br\\\/wp-content\\\/uploads\\\/2019\\\/06\\\/cropped-logotransp-2.png\",\"contentUrl\":\"https:\\\/\\\/www.diariodeouropreto.com.br\\\/wp-content\\\/uploads\\\/2019\\\/06\\\/cropped-logotransp-2.png\",\"width\":1323,\"height\":251,\"caption\":\"Di\u00e1rio de Ouro Preto\"},\"image\":{\"@id\":\"https:\\\/\\\/www.diariodeouropreto.com.br\\\/pt\\\/#\\\/schema\\\/logo\\\/image\\\/\"},\"sameAs\":[\"https:\\\/\\\/www.facebook.com\\\/diariodeouropreto\\\/\"]},{\"@type\":\"Person\",\"@id\":\"https:\\\/\\\/www.diariodeouropreto.com.br\\\/pt\\\/#\\\/schema\\\/person\\\/7654e7b471204a6dab6dc0ce6e140c99\",\"name\":\"Di\u00e1rio de Ouro Preto\",\"sameAs\":[\"http:\\\/\\\/www.diariodeouropreto.com.br\"],\"url\":\"https:\\\/\\\/www.diariodeouropreto.com.br\\\/pt\\\/author\\\/diario\\\/\"}]}<\/script>\n<!-- \/ Yoast SEO plugin. -->","yoast_head_json":{"title":"Comunidade da Barroca ganha nova quadra escolar - Di\u00e1rio de Ouro Preto","description":"A reforma foi custeada, em parte, por recursos oriundos de emendas impositivas indicadas por vereadores, contando com complementa\u00e7\u00e3o do munic\u00edpio para que o projeto atendesse \u00e0s necessidades dos estudantes - Comunidade da Barroca ganha nova quadra escolar","robots":{"index":"index","follow":"follow","max-snippet":"max-snippet:-1","max-image-preview":"max-image-preview:large","max-video-preview":"max-video-preview:-1"},"canonical":"https:\/\/www.diariodeouropreto.com.br\/pt\/comunidade-da-barroca-ganha-nova-quadra-escolar\/","og_locale":"pt_PT","og_type":"article","og_title":"Comunidade da Barroca ganha nova quadra escolar - Di\u00e1rio de Ouro Preto","og_description":"A reforma foi custeada, em parte, por recursos oriundos de emendas impositivas indicadas por vereadores, contando com complementa\u00e7\u00e3o do munic\u00edpio para que o projeto atendesse \u00e0s necessidades dos estudantes - Comunidade da Barroca ganha nova quadra escolar","og_url":"https:\/\/www.diariodeouropreto.com.br\/pt\/comunidade-da-barroca-ganha-nova-quadra-escolar\/","og_site_name":"Di\u00e1rio de Ouro Preto","article_publisher":"https:\/\/www.facebook.com\/diariodeouropreto\/","article_published_time":"2026-03-10T21:00:50+00:00","article_modified_time":"2026-03-10T21:00:56+00:00","og_image":[{"width":1067,"height":800,"url":"https:\/\/www.diariodeouropreto.com.br\/wp-content\/uploads\/2026\/03\/IMG_2317.jpg","type":"image\/jpeg"}],"author":"Di\u00e1rio de Ouro Preto","twitter_card":"summary_large_image","twitter_misc":{"Escrito por":"Di\u00e1rio de Ouro Preto","Tempo estimado de leitura":"3 minutos"},"schema":{"@context":"https:\/\/schema.org","@graph":[{"@type":"Article","@id":"https:\/\/www.diariodeouropreto.com.br\/comunidade-da-barroca-ganha-nova-quadra-escolar\/#article","isPartOf":{"@id":"https:\/\/www.diariodeouropreto.com.br\/comunidade-da-barroca-ganha-nova-quadra-escolar\/"},"author":{"name":"Di\u00e1rio de Ouro Preto","@id":"https:\/\/www.diariodeouropreto.com.br\/pt\/#\/schema\/person\/7654e7b471204a6dab6dc0ce6e140c99"},"headline":"Comunidade da Barroca ganha nova quadra escolar","datePublished":"2026-03-10T21:00:50+00:00","dateModified":"2026-03-10T21:00:56+00:00","mainEntityOfPage":{"@id":"https:\/\/www.diariodeouropreto.com.br\/comunidade-da-barroca-ganha-nova-quadra-escolar\/"},"wordCount":318,"publisher":{"@id":"https:\/\/www.diariodeouropreto.com.br\/pt\/#organization"},"image":{"@id":"https:\/\/www.diariodeouropreto.com.br\/comunidade-da-barroca-ganha-nova-quadra-escolar\/#primaryimage"},"thumbnailUrl":"https:\/\/www.diariodeouropreto.com.br\/wp-content\/uploads\/2026\/03\/IMG_2317.jpg","keywords":["Mariana","Obras"],"articleSection":["Mariana"],"inLanguage":"pt-PT"},{"@type":"WebPage","@id":"https:\/\/www.diariodeouropreto.com.br\/comunidade-da-barroca-ganha-nova-quadra-escolar\/","url":"https:\/\/www.diariodeouropreto.com.br\/comunidade-da-barroca-ganha-nova-quadra-escolar\/","name":"Comunidade da Barroca ganha nova quadra escolar - Di\u00e1rio de Ouro Preto","isPartOf":{"@id":"https:\/\/www.diariodeouropreto.com.br\/pt\/#website"},"primaryImageOfPage":{"@id":"https:\/\/www.diariodeouropreto.com.br\/comunidade-da-barroca-ganha-nova-quadra-escolar\/#primaryimage"},"image":{"@id":"https:\/\/www.diariodeouropreto.com.br\/comunidade-da-barroca-ganha-nova-quadra-escolar\/#primaryimage"},"thumbnailUrl":"https:\/\/www.diariodeouropreto.com.br\/wp-content\/uploads\/2026\/03\/IMG_2317.jpg","datePublished":"2026-03-10T21:00:50+00:00","dateModified":"2026-03-10T21:00:56+00:00","description":"A reforma foi custeada, em parte, por recursos oriundos de emendas impositivas indicadas por vereadores, contando com complementa\u00e7\u00e3o do munic\u00edpio para que o projeto atendesse \u00e0s necessidades dos estudantes - Comunidade da Barroca ganha nova quadra escolar","breadcrumb":{"@id":"https:\/\/www.diariodeouropreto.com.br\/comunidade-da-barroca-ganha-nova-quadra-escolar\/#breadcrumb"},"inLanguage":"pt-PT","potentialAction":[{"@type":"ReadAction","target":["https:\/\/www.diariodeouropreto.com.br\/comunidade-da-barroca-ganha-nova-quadra-escolar\/"]}]},{"@type":"ImageObject","inLanguage":"pt-PT","@id":"https:\/\/www.diariodeouropreto.com.br\/comunidade-da-barroca-ganha-nova-quadra-escolar\/#primaryimage","url":"https:\/\/www.diariodeouropreto.com.br\/wp-content\/uploads\/2026\/03\/IMG_2317.jpg","contentUrl":"https:\/\/www.diariodeouropreto.com.br\/wp-content\/uploads\/2026\/03\/IMG_2317.jpg","width":1067,"height":800},{"@type":"BreadcrumbList","@id":"https:\/\/www.diariodeouropreto.com.br\/comunidade-da-barroca-ganha-nova-quadra-escolar\/#breadcrumb","itemListElement":[{"@type":"ListItem","position":1,"name":"In\u00edcio","item":"https:\/\/www.diariodeouropreto.com.br\/pt\/"},{"@type":"ListItem","position":2,"name":"Comunidade da Barroca ganha nova quadra escolar"}]},{"@type":"WebSite","@id":"https:\/\/www.diariodeouropreto.com.br\/pt\/#website","url":"https:\/\/www.diariodeouropreto.com.br\/pt\/","name":"Di\u00e1rio de Ouro Preto","description":"Not\u00edcias Ouro Preto; Mariana;Minas Gerais;Jornal;Jornalismo;Not\u00edcias;","publisher":{"@id":"https:\/\/www.diariodeouropreto.com.br\/pt\/#organization"},"alternateName":"Jornal di\u00e1rio de Ouro Preto","potentialAction":[{"@type":"SearchAction","target":{"@type":"EntryPoint","urlTemplate":"https:\/\/www.diariodeouropreto.com.br\/pt\/?s={search_term_string}"},"query-input":{"@type":"PropertyValueSpecification","valueRequired":true,"valueName":"search_term_string"}}],"inLanguage":"pt-PT"},{"@type":"Organization","@id":"https:\/\/www.diariodeouropreto.com.br\/pt\/#organization","name":"Di\u00e1rio de Ouro Preto","alternateName":"Jornal di\u00e1rio Ouro Preto","url":"https:\/\/www.diariodeouropreto.com.br\/pt\/","logo":{"@type":"ImageObject","inLanguage":"pt-PT","@id":"https:\/\/www.diariodeouropreto.com.br\/pt\/#\/schema\/logo\/image\/","url":"https:\/\/www.diariodeouropreto.com.br\/wp-content\/uploads\/2019\/06\/cropped-logotransp-2.png","contentUrl":"https:\/\/www.diariodeouropreto.com.br\/wp-content\/uploads\/2019\/06\/cropped-logotransp-2.png","width":1323,"height":251,"caption":"Di\u00e1rio de Ouro Preto"},"image":{"@id":"https:\/\/www.diariodeouropreto.com.br\/pt\/#\/schema\/logo\/image\/"},"sameAs":["https:\/\/www.facebook.com\/diariodeouropreto\/"]},{"@type":"Person","@id":"https:\/\/www.diariodeouropreto.com.br\/pt\/#\/schema\/person\/7654e7b471204a6dab6dc0ce6e140c99","name":"Di\u00e1rio de Ouro Preto","sameAs":["http:\/\/www.diariodeouropreto.com.br"],"url":"https:\/\/www.diariodeouropreto.com.br\/pt\/author\/diario\/"}]}},"jetpack_publicize_connections":[],"jetpack_featured_media_url":"https:\/\/www.diariodeouropreto.com.br\/wp-content\/uploads\/2026\/03\/IMG_2317.jpg","jetpack-related-posts":[{"id":25137,"url":"https:\/\/www.diariodeouropreto.com.br\/pt\/comunidade-de-ponte-do-gama-recebe-novas-areas-de-uso-coletivo-e-melhorias-de-infraestrutura\/","url_meta":{"origin":50815,"position":0},"title":"Comunidade de Ponte do Gama recebe novas \u00e1reas de uso coletivo e melhorias de infraestrutura\u00a0","author":"Di\u00e1rio de Ouro Preto","date":"28 de Agosto de 2023","format":false,"excerpt":"Os moradores de Ponte do Gama, distrito de Mariana (MG), acabam de receber novos espa\u00e7os de lazer e melhorias de infraestrutura em pontos significativos para a popula\u00e7\u00e3o. Batizado de Complexo de Esporte e Lazer da Comunidade de Ponte do Gama, o local foi inaugurado no \u00faltimo s\u00e1bado (19\/08) e re\u00fane\u2026","rel":"","context":"In &quot;Mariana&quot;","block_context":{"text":"Mariana","link":"https:\/\/www.diariodeouropreto.com.br\/pt\/Editoria\/mariana\/"},"img":{"alt_text":"","src":"https:\/\/i0.wp.com\/www.diariodeouropreto.com.br\/wp-content\/uploads\/2023\/08\/Quadra-poliesportiva-Ponte-do-Gama-Credito-Arlindo-Jose-da-Silva.jpg?resize=350%2C200&ssl=1","width":350,"height":200,"srcset":"https:\/\/i0.wp.com\/www.diariodeouropreto.com.br\/wp-content\/uploads\/2023\/08\/Quadra-poliesportiva-Ponte-do-Gama-Credito-Arlindo-Jose-da-Silva.jpg?resize=350%2C200&ssl=1 1x, https:\/\/i0.wp.com\/www.diariodeouropreto.com.br\/wp-content\/uploads\/2023\/08\/Quadra-poliesportiva-Ponte-do-Gama-Credito-Arlindo-Jose-da-Silva.jpg?resize=525%2C300&ssl=1 1.5x, https:\/\/i0.wp.com\/www.diariodeouropreto.com.br\/wp-content\/uploads\/2023\/08\/Quadra-poliesportiva-Ponte-do-Gama-Credito-Arlindo-Jose-da-Silva.jpg?resize=700%2C400&ssl=1 2x, https:\/\/i0.wp.com\/www.diariodeouropreto.com.br\/wp-content\/uploads\/2023\/08\/Quadra-poliesportiva-Ponte-do-Gama-Credito-Arlindo-Jose-da-Silva.jpg?resize=1050%2C600&ssl=1 3x"},"classes":[]},{"id":17354,"url":"https:\/\/www.diariodeouropreto.com.br\/pt\/prefeitura-entrega-amanha-escola-da-barra-totalmente-reformada\/","url_meta":{"origin":50815,"position":1},"title":"Prefeitura entrega amanh\u00e3 Escola da Barra totalmente reformada","author":"Di\u00e1rio de Ouro Preto","date":"21 de Julho de 2022","format":false,"excerpt":"Ouro Preto - A Prefeitura Municipal conclui nesta semana as obras de reforma da Escola Municipal Monsenhor Jo\u00e3o Castilho Barbosa, a Escola da Barra. Para marcar a reinaugura\u00e7\u00e3o da unidade educacional, uma festa julina ser\u00e1 realizada a partir das 16 horas de sexta-feira, dia 22 de julho, com show da\u2026","rel":"","context":"In &quot;Manchete do dia&quot;","block_context":{"text":"Manchete do dia","link":"https:\/\/www.diariodeouropreto.com.br\/pt\/Editoria\/manchete-do-dia\/"},"img":{"alt_text":"","src":"https:\/\/i0.wp.com\/www.diariodeouropreto.com.br\/wp-content\/uploads\/2022\/07\/IMG_20220719_161449629.jpg?resize=350%2C200&ssl=1","width":350,"height":200,"srcset":"https:\/\/i0.wp.com\/www.diariodeouropreto.com.br\/wp-content\/uploads\/2022\/07\/IMG_20220719_161449629.jpg?resize=350%2C200&ssl=1 1x, https:\/\/i0.wp.com\/www.diariodeouropreto.com.br\/wp-content\/uploads\/2022\/07\/IMG_20220719_161449629.jpg?resize=525%2C300&ssl=1 1.5x, https:\/\/i0.wp.com\/www.diariodeouropreto.com.br\/wp-content\/uploads\/2022\/07\/IMG_20220719_161449629.jpg?resize=700%2C400&ssl=1 2x, https:\/\/i0.wp.com\/www.diariodeouropreto.com.br\/wp-content\/uploads\/2022\/07\/IMG_20220719_161449629.jpg?resize=1050%2C600&ssl=1 3x"},"classes":[]},{"id":23911,"url":"https:\/\/www.diariodeouropreto.com.br\/pt\/escola-municipal-dante-luiz-dos-santos-na-barroca-e-totalmente-reformada\/","url_meta":{"origin":50815,"position":2},"title":"Escola Municipal Dante Luiz dos Santos, na Barroca, \u00e9 totalmente reformada","author":"Di\u00e1rio de Ouro Preto","date":"20 de Junho de 2023","format":false,"excerpt":"A educa\u00e7\u00e3o \u00e9 uma importante ferramenta para a transforma\u00e7\u00e3o do mundo. Pensando nisso, a Prefeitura de Mariana, por meio da Secretaria de Educa\u00e7\u00e3o, realizou a entrega da reforma realizada na Escola Municipal Dante Luiz dos Santos, localizada no Subdistrito da Barroca. Visando garantir mais seguran\u00e7a e aproveitamento durante as atividades\u2026","rel":"","context":"In &quot;Mariana&quot;","block_context":{"text":"Mariana","link":"https:\/\/www.diariodeouropreto.com.br\/pt\/Editoria\/mariana\/"},"img":{"alt_text":"","src":"https:\/\/i0.wp.com\/www.diariodeouropreto.com.br\/wp-content\/uploads\/2023\/06\/Entrega-EM-Dante-Luiz-dos-Santos-3.jpg?resize=350%2C200&ssl=1","width":350,"height":200,"srcset":"https:\/\/i0.wp.com\/www.diariodeouropreto.com.br\/wp-content\/uploads\/2023\/06\/Entrega-EM-Dante-Luiz-dos-Santos-3.jpg?resize=350%2C200&ssl=1 1x, https:\/\/i0.wp.com\/www.diariodeouropreto.com.br\/wp-content\/uploads\/2023\/06\/Entrega-EM-Dante-Luiz-dos-Santos-3.jpg?resize=525%2C300&ssl=1 1.5x, https:\/\/i0.wp.com\/www.diariodeouropreto.com.br\/wp-content\/uploads\/2023\/06\/Entrega-EM-Dante-Luiz-dos-Santos-3.jpg?resize=700%2C400&ssl=1 2x, https:\/\/i0.wp.com\/www.diariodeouropreto.com.br\/wp-content\/uploads\/2023\/06\/Entrega-EM-Dante-Luiz-dos-Santos-3.jpg?resize=1050%2C600&ssl=1 3x"},"classes":[]},{"id":44889,"url":"https:\/\/www.diariodeouropreto.com.br\/pt\/tres-obras-em-30-dias-prefeitura-de-ouro-preto-entrega-equipamentos-nos-distritos\/","url_meta":{"origin":50815,"position":3},"title":"Tr\u00eas obras em 30 dias: Prefeitura de Ouro Preto entrega equipamentos nos distritos","author":"Di\u00e1rio de Ouro Preto","date":"30 de Maio de 2025","format":false,"excerpt":"Neste s\u00e1bado (31), a E. M. Aleijadinho volta a funcionar completamente revitalizada em Santo Ant\u00f4nio do Salto. O evento acontece \u00e0s 10h30.","rel":"","context":"In &quot;Ouro Preto&quot;","block_context":{"text":"Ouro Preto","link":"https:\/\/www.diariodeouropreto.com.br\/pt\/Editoria\/ouro-preto\/"},"img":{"alt_text":"","src":"https:\/\/i0.wp.com\/www.diariodeouropreto.com.br\/wp-content\/uploads\/2025\/05\/fotonenovianna_barrocopress2832928329-1.jpg?resize=350%2C200&ssl=1","width":350,"height":200,"srcset":"https:\/\/i0.wp.com\/www.diariodeouropreto.com.br\/wp-content\/uploads\/2025\/05\/fotonenovianna_barrocopress2832928329-1.jpg?resize=350%2C200&ssl=1 1x, https:\/\/i0.wp.com\/www.diariodeouropreto.com.br\/wp-content\/uploads\/2025\/05\/fotonenovianna_barrocopress2832928329-1.jpg?resize=525%2C300&ssl=1 1.5x, https:\/\/i0.wp.com\/www.diariodeouropreto.com.br\/wp-content\/uploads\/2025\/05\/fotonenovianna_barrocopress2832928329-1.jpg?resize=700%2C400&ssl=1 2x, https:\/\/i0.wp.com\/www.diariodeouropreto.com.br\/wp-content\/uploads\/2025\/05\/fotonenovianna_barrocopress2832928329-1.jpg?resize=1050%2C600&ssl=1 3x"},"classes":[]},{"id":44841,"url":"https:\/\/www.diariodeouropreto.com.br\/pt\/samarco-entregara-reassentamentos-em-julho\/","url_meta":{"origin":50815,"position":4},"title":"Samarco entregar\u00e1 reassentamentos em Julho","author":"Di\u00e1rio de Ouro Preto","date":"30 de Maio de 2025","format":false,"excerpt":"Novo Bento Rodrigues - A Samarco promoveu uma visita orientada nesta quarta-feira, 28\/05, com a imprensa da regi\u00e3o, para apresentar o balan\u00e7o dos primeiros 6 meses do novo acordo da Bacia do Rio Doce e a entrega do distrito para a municipalidade.\u00a0 A diretora de Sustentabilidade Rosane Santos apresentou os\u2026","rel":"","context":"Similar post","block_context":{"text":"Similar post","link":""},"img":{"alt_text":"","src":"https:\/\/i0.wp.com\/www.diariodeouropreto.com.br\/wp-content\/uploads\/2025\/05\/Imagem-do-WhatsApp-de-2025-05-29-as-19.34.53_c3f82898.jpg?resize=350%2C200&ssl=1","width":350,"height":200,"srcset":"https:\/\/i0.wp.com\/www.diariodeouropreto.com.br\/wp-content\/uploads\/2025\/05\/Imagem-do-WhatsApp-de-2025-05-29-as-19.34.53_c3f82898.jpg?resize=350%2C200&ssl=1 1x, https:\/\/i0.wp.com\/www.diariodeouropreto.com.br\/wp-content\/uploads\/2025\/05\/Imagem-do-WhatsApp-de-2025-05-29-as-19.34.53_c3f82898.jpg?resize=525%2C300&ssl=1 1.5x, https:\/\/i0.wp.com\/www.diariodeouropreto.com.br\/wp-content\/uploads\/2025\/05\/Imagem-do-WhatsApp-de-2025-05-29-as-19.34.53_c3f82898.jpg?resize=700%2C400&ssl=1 2x, https:\/\/i0.wp.com\/www.diariodeouropreto.com.br\/wp-content\/uploads\/2025\/05\/Imagem-do-WhatsApp-de-2025-05-29-as-19.34.53_c3f82898.jpg?resize=1050%2C600&ssl=1 3x"},"classes":[]},{"id":33656,"url":"https:\/\/www.diariodeouropreto.com.br\/pt\/taca-brasil-2024-cruzeiro-3x3-crb\/","url_meta":{"origin":50815,"position":5},"title":"Ta\u00e7a Brasil 2024: Cruzeiro 3&#215;3 CRB","author":"Di\u00e1rio de Ouro Preto","date":"24 de Maio de 2024","format":false,"excerpt":"As duas equipes entraram em quadra nesta quinta feira na Arena Mariana para o que prometia ser o principal duelo da 2\u00aa rodada do Grupo A. O Cruzeiro que vinha embalado pela vitoria no cl\u00e1ssico que marcou a abertura da competi\u00e7\u00e3o, contra a experiente equipe do CRB, campe\u00e3 da 1\u00aa\u2026","rel":"","context":"In &quot;Esportes&quot;","block_context":{"text":"Esportes","link":"https:\/\/www.diariodeouropreto.com.br\/pt\/Editoria\/esportes\/"},"img":{"alt_text":"","src":"https:\/\/i0.wp.com\/www.diariodeouropreto.com.br\/wp-content\/uploads\/2024\/05\/IMG-20240524-WA0003.jpg?resize=350%2C200&ssl=1","width":350,"height":200,"srcset":"https:\/\/i0.wp.com\/www.diariodeouropreto.com.br\/wp-content\/uploads\/2024\/05\/IMG-20240524-WA0003.jpg?resize=350%2C200&ssl=1 1x, https:\/\/i0.wp.com\/www.diariodeouropreto.com.br\/wp-content\/uploads\/2024\/05\/IMG-20240524-WA0003.jpg?resize=525%2C300&ssl=1 1.5x, https:\/\/i0.wp.com\/www.diariodeouropreto.com.br\/wp-content\/uploads\/2024\/05\/IMG-20240524-WA0003.jpg?resize=700%2C400&ssl=1 2x"},"classes":[]}],"jetpack_sharing_enabled":true,"amp_enabled":true,"_links":{"self":[{"href":"https:\/\/www.diariodeouropreto.com.br\/pt\/wp-json\/wp\/v2\/posts\/50815","targetHints":{"allow":["GET"]}}],"collection":[{"href":"https:\/\/www.diariodeouropreto.com.br\/pt\/wp-json\/wp\/v2\/posts"}],"about":[{"href":"https:\/\/www.diariodeouropreto.com.br\/pt\/wp-json\/wp\/v2\/types\/post"}],"author":[{"embeddable":true,"href":"https:\/\/www.diariodeouropreto.com.br\/pt\/wp-json\/wp\/v2\/users\/1"}],"replies":[{"embeddable":true,"href":"https:\/\/www.diariodeouropreto.com.br\/pt\/wp-json\/wp\/v2\/comments?post=50815"}],"version-history":[{"count":1,"href":"https:\/\/www.diariodeouropreto.com.br\/pt\/wp-json\/wp\/v2\/posts\/50815\/revisions"}],"predecessor-version":[{"id":50823,"href":"https:\/\/www.diariodeouropreto.com.br\/pt\/wp-json\/wp\/v2\/posts\/50815\/revisions\/50823"}],"wp:featuredmedia":[{"embeddable":true,"href":"https:\/\/www.diariodeouropreto.com.br\/pt\/wp-json\/wp\/v2\/media\/50817"}],"wp:attachment":[{"href":"https:\/\/www.diariodeouropreto.com.br\/pt\/wp-json\/wp\/v2\/media?parent=50815"}],"wp:term":[{"taxonomy":"category","embeddable":true,"href":"https:\/\/www.diariodeouropreto.com.br\/pt\/wp-json\/wp\/v2\/categories?post=50815"},{"taxonomy":"post_tag","embeddable":true,"href":"https:\/\/www.diariodeouropreto.com.br\/pt\/wp-json\/wp\/v2\/tags?post=50815"}],"curies":[{"name":"wp","href":"https:\/\/api.w.org\/{rel}","templated":true}]}}