{"id":50810,"date":"2026-03-10T15:07:04","date_gmt":"2026-03-10T18:07:04","guid":{"rendered":"https:\/\/www.diariodeouropreto.com.br\/?p=50810"},"modified":"2026-03-10T15:07:21","modified_gmt":"2026-03-10T18:07:21","slug":"coluna-musical-aquiles-a-magia-de-um-grande-talento","status":"publish","type":"post","link":"https:\/\/www.diariodeouropreto.com.br\/pt\/coluna-musical-aquiles-a-magia-de-um-grande-talento\/","title":{"rendered":"[Coluna Musical Aquiles] A magia de um grande talento"},"content":{"rendered":"<p><strong>(Uma ilha de encanto cercada de afeto por todos os lados)<\/strong><\/p>\n\n\n\n<p>No dia 26 de fevereiro, o MPB4 fazia dois shows no Blue Note paulistano, quando na plateia sacamos a presen\u00e7a ilustre de um m\u00fasico por quem temos profunda admira\u00e7\u00e3o. Coube a mim dar o boa noite e anunciei a presen\u00e7a do cantor, que \u00e9 um dos maiores do Brasil: Renato Braz! Ao final, ele foi ao camarim e presenteou a cada um de n\u00f3s com um exemplar do seu novo \u00e1lbum, <em>Renato Braz \u2013 Can\u00e1rio do Reino \u2013 Uma homenagem a Tim Maia<\/em>. \u00c9 sobre esse trabalho imacul\u00e1vel que tratarei hoje.<\/p>\n\n\n\n<p>Gente, o Renato est\u00e1 cantando melhor do que nunca! Tim Maia, seja l\u00e1 onde estiver, deve estar ouvindo enlouquecidamente. Ora, se o \u201cs\u00edndico\u201d pode estar delirando, imagine eu, um mero ouvidor da boa m\u00fasica brasileira, como me sinto ao final de cada audi\u00e7\u00e3o&#8230; afirmo: estou eu aqui e agora em estado de gra\u00e7a!<\/p>\n\n\n\n<p>A cada m\u00fasica do repert\u00f3rio, Renato se entrega ao tributo com o ardor de grande f\u00e3 do Tim que ele \u00e9. Com arranjos supimpas, os instrumentistas d\u00e3o voz a seus instrumentos com apaixonada e sincera emo\u00e7\u00e3o.<\/p>\n\n\n\n<p>Nas participa\u00e7\u00f5es especiais, o destaque \u00e9 Nana Caymmi. Sua grava\u00e7\u00e3o, pelo que soube pelo Dori Caymmi, ocorreu numa visita de Renato \u00e0 amiga, j\u00e1 ent\u00e3o bem adoentada. Ele chegou na casa dela com um equipamento completo de grava\u00e7\u00e3o e pediu para que ela cantasse com ele \u201cA Lua e Eu\u201d. Segundo Dori, s\u00f3 Renato Braz para conseguir que Nana aceitasse participar. E, ainda segundo Dori, Nana cantou como um anjo na terra! Crian\u00e7as, eu ouvi!<\/p>\n\n\n\n<p><strong>Aquiles Rique Reis<\/strong><\/p>\n\n\n\n<p>Nossos protetores nunca desistem de n\u00f3s.<\/p>\n\n\n\n<p><strong>Algumas das 15 faixas:&nbsp;<\/strong><\/p>\n\n\n\n<p><strong>\u201cEu Amo Voc\u00ea\u201d (Cassiano e Silvio Rochael)<\/strong>; <strong>\u201cA R\u00e3\u201d (Jo\u00e3o Donato e Caetano Veloso)<\/strong>; <strong>\u201cVoc\u00ea\u201d (Tim Maia)<\/strong>; <strong>\u201cVoc\u00ea Eu, Eu e Voc\u00ea (Juntinhos)\u201d (Tim Maia)<\/strong>; <strong>\u201cUm Dia de Domingo\u201d (Michael Sullivan e Paulo Massadas) \u2013 participa\u00e7\u00e3o especial: Beatriz Id<\/strong>; <strong>\u201cChocolate\u201d (Tim Maia) \u2013 participa\u00e7\u00e3o especial: Dorival Passos de Almeida Braz<\/strong>; <strong>\u201cEu e a Brisa\u201d (Johnny Alf) participa\u00e7\u00e3o especial: \u00c1urea Martins<\/strong>; <strong>\u201cAzul da Cor do Mar\u201d (Tim Maia)<\/strong>; <strong>\u201cA Lua e Eu\u201d (Cassiano e Paulo Zdanowski) <\/strong><strong>\u2013 participa\u00e7\u00e3o especial: Nana Caymmi<\/strong>.<\/p>\n\n\n\n<p><strong>Ficha t\u00e9cnica:<\/strong><strong>&nbsp;<\/strong><\/p>\n\n\n\n<p>Voz, viol\u00e3o e percuss\u00e3o: Renato Braz; piano e piano el\u00e9trico: Ant\u00f4nio Garfunkel Braz; percuss\u00e3o e pandeiro: Br\u00e9 Ros\u00e1rio; baixo: Siz\u00e3o Rafael, Sales Brito, Rog\u00e9rio Menudo e Rodrigo de Oliveira; bateria: Ivan Alves; trombone: S\u00e9rgio Coelho, Valber Oliveira e Wellington de Souza; saxes bar\u00edtono e alto: Wellington de Souza; sax tenor: Alexandre Rodrigues; trompete: Reynaldo Izeppi; percuss\u00e3o: Z\u00e9 Pitoco; piano, viol\u00e3o e arranjos para \u201cA Lua e Eu\u201d, \u201cEu e a Brisa\u201d e \u201cNeves e Parques\u201d: Cristov\u00e3o Bastos; Jo\u00e3o Lira: viol\u00e3o; violoncelo: Alceu Reis; coro: Beatriz Id, Carla Ponsi, Cris Pelarin e Karine Telles.<\/p>\n\n\n\n<div id=\"110712\" class=\"advads-saneouro advads-entity-placement\" style=\"margin-left: auto;margin-right: auto;text-align: center;\"><a href=\"https:\/\/www.saneouro.com.br\/\" target=\"_blank\" aria-label=\"DOP_Site\" data-wpel-link=\"external\" rel=\"follow external noopener noreferrer sponsored ugc\"><img src=\"https:\/\/www.diariodeouropreto.com.br\/wp-content\/uploads\/2026\/04\/DOP_Site.jpg\" alt=\"\"  srcset=\"https:\/\/www.diariodeouropreto.com.br\/wp-content\/uploads\/2026\/04\/DOP_Site.jpg 301w, https:\/\/www.diariodeouropreto.com.br\/wp-content\/uploads\/2026\/04\/DOP_Site-180x150.jpg 180w, https:\/\/www.diariodeouropreto.com.br\/wp-content\/uploads\/2026\/04\/DOP_Site-14x12.jpg 14w\" sizes=\"(max-width: 301px) 100vw, 301px\" width=\"301\" height=\"251\"  style=\"display: inline-block;\" \/><\/a><\/div><p>Dire\u00e7\u00e3o art\u00edstica: Renato Braz; dire\u00e7\u00e3o e produ\u00e7\u00e3o musical; mixagem e masteriza\u00e7\u00e3o: Mario Gil; grava\u00e7\u00e3o: Fabr\u00edcio Carpinetti Garcia; produ\u00e7\u00e3o executiva: Carolina Gouveia;&nbsp;<\/p>\n\n\n\n<div id=\"50321\" class=\"advads-plantao advads-entity-placement\"><a href=\"https:\/\/www.diariodeouropreto.com.br\/pt\/\" target=\"_blank\" aria-label=\"site &#8211; noticia\" data-wpel-link=\"external\" rel=\"follow external noopener noreferrer sponsored ugc\"><img src=\"https:\/\/www.diariodeouropreto.com.br\/wp-content\/uploads\/2019\/09\/titulosite2-e1616373489755.jpg\" alt=\"\"  srcset=\"https:\/\/www.diariodeouropreto.com.br\/wp-content\/uploads\/2019\/09\/titulosite2-e1616373489755.jpg 1200w, https:\/\/www.diariodeouropreto.com.br\/wp-content\/uploads\/2019\/09\/titulosite2-e1616373489755-150x38.jpg 150w, https:\/\/www.diariodeouropreto.com.br\/wp-content\/uploads\/2019\/09\/titulosite2-e1616373489755-660x167.jpg 660w, https:\/\/www.diariodeouropreto.com.br\/wp-content\/uploads\/2019\/09\/titulosite2-e1616373489755-768x194.jpg 768w, https:\/\/www.diariodeouropreto.com.br\/wp-content\/uploads\/2019\/09\/titulosite2-e1616373489755-1000x252.jpg 1000w, https:\/\/www.diariodeouropreto.com.br\/wp-content\/uploads\/2019\/09\/titulosite2-e1616373489755-1536x388.jpg 1536w, https:\/\/www.diariodeouropreto.com.br\/wp-content\/uploads\/2019\/09\/titulosite2-e1616373489755-2048x517.jpg 2048w\" sizes=\"(max-width: 1200px) 100vw, 1200px\" width=\"1200\" height=\"303\"  style=\"display: inline-block;\" \/><\/a><\/div><p><strong>Ou\u00e7am o \u00e1lbum:<\/strong>&nbsp;<\/p>\n\n\n\n<figure class=\"wp-block-embed is-type-video is-provider-youtube wp-block-embed-youtube wp-embed-aspect-4-3 wp-has-aspect-ratio\"><div class=\"wp-block-embed__wrapper\">\n<span class=\"embed-youtube\" style=\"text-align:center; display: block;\"><iframe class=\"youtube-player\" width=\"1380\" height=\"777\" src=\"https:\/\/www.youtube.com\/embed\/oHKImOE-4KI?version=3&#038;rel=1&#038;showsearch=0&#038;showinfo=1&#038;iv_load_policy=1&#038;fs=1&#038;hl=pt-PT&#038;autohide=2&#038;wmode=transparent&#038;listType=playlist&#038;list=OLAK5uy_mzisAwoELmuQIxyxKwIYDmc6IAFt9t8i8\" allowfullscreen=\"true\" style=\"border:0;\" sandbox=\"allow-scripts allow-same-origin allow-popups allow-presentation allow-popups-to-escape-sandbox\"><\/iframe><\/span>\n<\/div><\/figure>","protected":false},"excerpt":{"rendered":"<p>(Uma ilha de encanto cercada de afeto por todos os lados) No dia 26 de fevereiro, o MPB4 fazia dois shows no Blue Note paulistano, quando na plateia sacamos a presen\u00e7a ilustre de um m\u00fasico por quem temos profunda admira\u00e7\u00e3o. Coube a mim dar o boa noite e anunciei a<span class=\"more-link\"><a href=\"https:\/\/www.diariodeouropreto.com.br\/pt\/coluna-musical-aquiles-a-magia-de-um-grande-talento\/\" data-wpel-link=\"internal\">Continue Lendo<\/a><\/span><\/p>","protected":false},"author":1,"featured_media":50812,"comment_status":"closed","ping_status":"closed","sticky":false,"template":"","format":"standard","meta":{"_jetpack_memberships_contains_paid_content":false,"footnotes":"","jetpack_publicize_message":"(Uma ilha de encanto cercada de afeto por todos os lados) \"Renato Braz \u2013 Can\u00e1rio do Reino \u2013 Uma homenagem a Tim Maia. \u00c9 sobre esse trabalho imacul\u00e1vel que tratarei hoje\"","jetpack_publicize_feature_enabled":true,"jetpack_social_post_already_shared":false,"jetpack_social_options":{"image_generator_settings":{"template":"highway","default_image_id":0,"font":"","enabled":false},"version":2}},"categories":[76],"tags":[],"class_list":["entry","author-diario","post-50810","post","type-post","status-publish","format-standard","has-post-thumbnail","category-coluna"],"yoast_head":"<!-- This site is optimized with the Yoast SEO plugin v27.5 - https:\/\/yoast.com\/product\/yoast-seo-wordpress\/ -->\n<title>[Coluna Musical Aquiles] A magia de um grande talento - Di\u00e1rio de Ouro Preto<\/title>\n<meta name=\"description\" content=\"(Uma ilha de encanto cercada de afeto por todos os lados)\" \/>\n<meta name=\"robots\" content=\"index, follow, max-snippet:-1, max-image-preview:large, max-video-preview:-1\" \/>\n<link rel=\"canonical\" href=\"https:\/\/www.diariodeouropreto.com.br\/pt\/coluna-musical-aquiles-a-magia-de-um-grande-talento\/\" \/>\n<meta property=\"og:locale\" content=\"pt_PT\" \/>\n<meta property=\"og:type\" content=\"article\" \/>\n<meta property=\"og:title\" content=\"[Coluna Musical Aquiles] A magia de um grande talento - Di\u00e1rio de Ouro Preto\" \/>\n<meta property=\"og:description\" content=\"(Uma ilha de encanto cercada de afeto por todos os lados)\" \/>\n<meta property=\"og:url\" content=\"https:\/\/www.diariodeouropreto.com.br\/pt\/coluna-musical-aquiles-a-magia-de-um-grande-talento\/\" \/>\n<meta property=\"og:site_name\" content=\"Di\u00e1rio de Ouro Preto\" \/>\n<meta property=\"article:publisher\" content=\"https:\/\/www.facebook.com\/diariodeouropreto\/\" \/>\n<meta property=\"article:published_time\" content=\"2026-03-10T18:07:04+00:00\" \/>\n<meta property=\"article:modified_time\" content=\"2026-03-10T18:07:21+00:00\" \/>\n<meta property=\"og:image\" content=\"https:\/\/www.diariodeouropreto.com.br\/wp-content\/uploads\/2026\/03\/Capa-CD-Renato-Braz-Canario-do-Reino-Uma-homenagem-a-Tim-Maia-pdf.jpg\" \/>\n\t<meta property=\"og:image:width\" content=\"879\" \/>\n\t<meta property=\"og:image:height\" content=\"800\" \/>\n\t<meta property=\"og:image:type\" content=\"image\/jpeg\" \/>\n<meta name=\"author\" content=\"Di\u00e1rio de Ouro Preto\" \/>\n<meta name=\"twitter:card\" content=\"summary_large_image\" \/>\n<meta name=\"twitter:label1\" content=\"Escrito por\" \/>\n\t<meta name=\"twitter:data1\" content=\"Di\u00e1rio de Ouro Preto\" \/>\n\t<meta name=\"twitter:label2\" content=\"Tempo estimado de leitura\" \/>\n\t<meta name=\"twitter:data2\" content=\"3 minutos\" \/>\n<script type=\"application\/ld+json\" class=\"yoast-schema-graph\">{\"@context\":\"https:\\\/\\\/schema.org\",\"@graph\":[{\"@type\":\"Article\",\"@id\":\"https:\\\/\\\/www.diariodeouropreto.com.br\\\/coluna-musical-aquiles-a-magia-de-um-grande-talento\\\/#article\",\"isPartOf\":{\"@id\":\"https:\\\/\\\/www.diariodeouropreto.com.br\\\/coluna-musical-aquiles-a-magia-de-um-grande-talento\\\/\"},\"author\":{\"name\":\"Di\u00e1rio de Ouro Preto\",\"@id\":\"https:\\\/\\\/www.diariodeouropreto.com.br\\\/pt\\\/#\\\/schema\\\/person\\\/7654e7b471204a6dab6dc0ce6e140c99\"},\"headline\":\"[Coluna Musical Aquiles] A magia de um grande talento\",\"datePublished\":\"2026-03-10T18:07:04+00:00\",\"dateModified\":\"2026-03-10T18:07:21+00:00\",\"mainEntityOfPage\":{\"@id\":\"https:\\\/\\\/www.diariodeouropreto.com.br\\\/coluna-musical-aquiles-a-magia-de-um-grande-talento\\\/\"},\"wordCount\":549,\"publisher\":{\"@id\":\"https:\\\/\\\/www.diariodeouropreto.com.br\\\/pt\\\/#organization\"},\"image\":{\"@id\":\"https:\\\/\\\/www.diariodeouropreto.com.br\\\/coluna-musical-aquiles-a-magia-de-um-grande-talento\\\/#primaryimage\"},\"thumbnailUrl\":\"https:\\\/\\\/www.diariodeouropreto.com.br\\\/wp-content\\\/uploads\\\/2026\\\/03\\\/Capa-CD-Renato-Braz-Canario-do-Reino-Uma-homenagem-a-Tim-Maia-pdf.jpg\",\"articleSection\":[\"Coluna\"],\"inLanguage\":\"pt-PT\"},{\"@type\":\"WebPage\",\"@id\":\"https:\\\/\\\/www.diariodeouropreto.com.br\\\/coluna-musical-aquiles-a-magia-de-um-grande-talento\\\/\",\"url\":\"https:\\\/\\\/www.diariodeouropreto.com.br\\\/coluna-musical-aquiles-a-magia-de-um-grande-talento\\\/\",\"name\":\"[Coluna Musical Aquiles] A magia de um grande talento - Di\u00e1rio de Ouro Preto\",\"isPartOf\":{\"@id\":\"https:\\\/\\\/www.diariodeouropreto.com.br\\\/pt\\\/#website\"},\"primaryImageOfPage\":{\"@id\":\"https:\\\/\\\/www.diariodeouropreto.com.br\\\/coluna-musical-aquiles-a-magia-de-um-grande-talento\\\/#primaryimage\"},\"image\":{\"@id\":\"https:\\\/\\\/www.diariodeouropreto.com.br\\\/coluna-musical-aquiles-a-magia-de-um-grande-talento\\\/#primaryimage\"},\"thumbnailUrl\":\"https:\\\/\\\/www.diariodeouropreto.com.br\\\/wp-content\\\/uploads\\\/2026\\\/03\\\/Capa-CD-Renato-Braz-Canario-do-Reino-Uma-homenagem-a-Tim-Maia-pdf.jpg\",\"datePublished\":\"2026-03-10T18:07:04+00:00\",\"dateModified\":\"2026-03-10T18:07:21+00:00\",\"description\":\"(Uma ilha de encanto cercada de afeto por todos os lados)\",\"breadcrumb\":{\"@id\":\"https:\\\/\\\/www.diariodeouropreto.com.br\\\/coluna-musical-aquiles-a-magia-de-um-grande-talento\\\/#breadcrumb\"},\"inLanguage\":\"pt-PT\",\"potentialAction\":[{\"@type\":\"ReadAction\",\"target\":[\"https:\\\/\\\/www.diariodeouropreto.com.br\\\/coluna-musical-aquiles-a-magia-de-um-grande-talento\\\/\"]}]},{\"@type\":\"ImageObject\",\"inLanguage\":\"pt-PT\",\"@id\":\"https:\\\/\\\/www.diariodeouropreto.com.br\\\/coluna-musical-aquiles-a-magia-de-um-grande-talento\\\/#primaryimage\",\"url\":\"https:\\\/\\\/www.diariodeouropreto.com.br\\\/wp-content\\\/uploads\\\/2026\\\/03\\\/Capa-CD-Renato-Braz-Canario-do-Reino-Uma-homenagem-a-Tim-Maia-pdf.jpg\",\"contentUrl\":\"https:\\\/\\\/www.diariodeouropreto.com.br\\\/wp-content\\\/uploads\\\/2026\\\/03\\\/Capa-CD-Renato-Braz-Canario-do-Reino-Uma-homenagem-a-Tim-Maia-pdf.jpg\",\"width\":879,\"height\":800},{\"@type\":\"BreadcrumbList\",\"@id\":\"https:\\\/\\\/www.diariodeouropreto.com.br\\\/coluna-musical-aquiles-a-magia-de-um-grande-talento\\\/#breadcrumb\",\"itemListElement\":[{\"@type\":\"ListItem\",\"position\":1,\"name\":\"In\u00edcio\",\"item\":\"https:\\\/\\\/www.diariodeouropreto.com.br\\\/pt\\\/\"},{\"@type\":\"ListItem\",\"position\":2,\"name\":\"[Coluna Musical Aquiles] A magia de um grande talento\"}]},{\"@type\":\"WebSite\",\"@id\":\"https:\\\/\\\/www.diariodeouropreto.com.br\\\/pt\\\/#website\",\"url\":\"https:\\\/\\\/www.diariodeouropreto.com.br\\\/pt\\\/\",\"name\":\"Di\u00e1rio de Ouro Preto\",\"description\":\"Not\u00edcias Ouro Preto; Mariana;Minas Gerais;Jornal;Jornalismo;Not\u00edcias;\",\"publisher\":{\"@id\":\"https:\\\/\\\/www.diariodeouropreto.com.br\\\/pt\\\/#organization\"},\"alternateName\":\"Jornal di\u00e1rio de Ouro Preto\",\"potentialAction\":[{\"@type\":\"SearchAction\",\"target\":{\"@type\":\"EntryPoint\",\"urlTemplate\":\"https:\\\/\\\/www.diariodeouropreto.com.br\\\/pt\\\/?s={search_term_string}\"},\"query-input\":{\"@type\":\"PropertyValueSpecification\",\"valueRequired\":true,\"valueName\":\"search_term_string\"}}],\"inLanguage\":\"pt-PT\"},{\"@type\":\"Organization\",\"@id\":\"https:\\\/\\\/www.diariodeouropreto.com.br\\\/pt\\\/#organization\",\"name\":\"Di\u00e1rio de Ouro Preto\",\"alternateName\":\"Jornal di\u00e1rio Ouro Preto\",\"url\":\"https:\\\/\\\/www.diariodeouropreto.com.br\\\/pt\\\/\",\"logo\":{\"@type\":\"ImageObject\",\"inLanguage\":\"pt-PT\",\"@id\":\"https:\\\/\\\/www.diariodeouropreto.com.br\\\/pt\\\/#\\\/schema\\\/logo\\\/image\\\/\",\"url\":\"https:\\\/\\\/www.diariodeouropreto.com.br\\\/wp-content\\\/uploads\\\/2019\\\/06\\\/cropped-logotransp-2.png\",\"contentUrl\":\"https:\\\/\\\/www.diariodeouropreto.com.br\\\/wp-content\\\/uploads\\\/2019\\\/06\\\/cropped-logotransp-2.png\",\"width\":1323,\"height\":251,\"caption\":\"Di\u00e1rio de Ouro Preto\"},\"image\":{\"@id\":\"https:\\\/\\\/www.diariodeouropreto.com.br\\\/pt\\\/#\\\/schema\\\/logo\\\/image\\\/\"},\"sameAs\":[\"https:\\\/\\\/www.facebook.com\\\/diariodeouropreto\\\/\"]},{\"@type\":\"Person\",\"@id\":\"https:\\\/\\\/www.diariodeouropreto.com.br\\\/pt\\\/#\\\/schema\\\/person\\\/7654e7b471204a6dab6dc0ce6e140c99\",\"name\":\"Di\u00e1rio de Ouro Preto\",\"sameAs\":[\"http:\\\/\\\/www.diariodeouropreto.com.br\"],\"url\":\"https:\\\/\\\/www.diariodeouropreto.com.br\\\/pt\\\/author\\\/diario\\\/\"}]}<\/script>\n<!-- \/ Yoast SEO plugin. -->","yoast_head_json":{"title":"[Coluna Musical Aquiles] A magia de um grande talento - Di\u00e1rio de Ouro Preto","description":"(Uma ilha de encanto cercada de afeto por todos os lados)","robots":{"index":"index","follow":"follow","max-snippet":"max-snippet:-1","max-image-preview":"max-image-preview:large","max-video-preview":"max-video-preview:-1"},"canonical":"https:\/\/www.diariodeouropreto.com.br\/pt\/coluna-musical-aquiles-a-magia-de-um-grande-talento\/","og_locale":"pt_PT","og_type":"article","og_title":"[Coluna Musical Aquiles] A magia de um grande talento - Di\u00e1rio de Ouro Preto","og_description":"(Uma ilha de encanto cercada de afeto por todos os lados)","og_url":"https:\/\/www.diariodeouropreto.com.br\/pt\/coluna-musical-aquiles-a-magia-de-um-grande-talento\/","og_site_name":"Di\u00e1rio de Ouro Preto","article_publisher":"https:\/\/www.facebook.com\/diariodeouropreto\/","article_published_time":"2026-03-10T18:07:04+00:00","article_modified_time":"2026-03-10T18:07:21+00:00","og_image":[{"width":879,"height":800,"url":"https:\/\/www.diariodeouropreto.com.br\/wp-content\/uploads\/2026\/03\/Capa-CD-Renato-Braz-Canario-do-Reino-Uma-homenagem-a-Tim-Maia-pdf.jpg","type":"image\/jpeg"}],"author":"Di\u00e1rio de Ouro Preto","twitter_card":"summary_large_image","twitter_misc":{"Escrito por":"Di\u00e1rio de Ouro Preto","Tempo estimado de leitura":"3 minutos"},"schema":{"@context":"https:\/\/schema.org","@graph":[{"@type":"Article","@id":"https:\/\/www.diariodeouropreto.com.br\/coluna-musical-aquiles-a-magia-de-um-grande-talento\/#article","isPartOf":{"@id":"https:\/\/www.diariodeouropreto.com.br\/coluna-musical-aquiles-a-magia-de-um-grande-talento\/"},"author":{"name":"Di\u00e1rio de Ouro Preto","@id":"https:\/\/www.diariodeouropreto.com.br\/pt\/#\/schema\/person\/7654e7b471204a6dab6dc0ce6e140c99"},"headline":"[Coluna Musical Aquiles] A magia de um grande talento","datePublished":"2026-03-10T18:07:04+00:00","dateModified":"2026-03-10T18:07:21+00:00","mainEntityOfPage":{"@id":"https:\/\/www.diariodeouropreto.com.br\/coluna-musical-aquiles-a-magia-de-um-grande-talento\/"},"wordCount":549,"publisher":{"@id":"https:\/\/www.diariodeouropreto.com.br\/pt\/#organization"},"image":{"@id":"https:\/\/www.diariodeouropreto.com.br\/coluna-musical-aquiles-a-magia-de-um-grande-talento\/#primaryimage"},"thumbnailUrl":"https:\/\/www.diariodeouropreto.com.br\/wp-content\/uploads\/2026\/03\/Capa-CD-Renato-Braz-Canario-do-Reino-Uma-homenagem-a-Tim-Maia-pdf.jpg","articleSection":["Coluna"],"inLanguage":"pt-PT"},{"@type":"WebPage","@id":"https:\/\/www.diariodeouropreto.com.br\/coluna-musical-aquiles-a-magia-de-um-grande-talento\/","url":"https:\/\/www.diariodeouropreto.com.br\/coluna-musical-aquiles-a-magia-de-um-grande-talento\/","name":"[Coluna Musical Aquiles] A magia de um grande talento - Di\u00e1rio de Ouro Preto","isPartOf":{"@id":"https:\/\/www.diariodeouropreto.com.br\/pt\/#website"},"primaryImageOfPage":{"@id":"https:\/\/www.diariodeouropreto.com.br\/coluna-musical-aquiles-a-magia-de-um-grande-talento\/#primaryimage"},"image":{"@id":"https:\/\/www.diariodeouropreto.com.br\/coluna-musical-aquiles-a-magia-de-um-grande-talento\/#primaryimage"},"thumbnailUrl":"https:\/\/www.diariodeouropreto.com.br\/wp-content\/uploads\/2026\/03\/Capa-CD-Renato-Braz-Canario-do-Reino-Uma-homenagem-a-Tim-Maia-pdf.jpg","datePublished":"2026-03-10T18:07:04+00:00","dateModified":"2026-03-10T18:07:21+00:00","description":"(Uma ilha de encanto cercada de afeto por todos os lados)","breadcrumb":{"@id":"https:\/\/www.diariodeouropreto.com.br\/coluna-musical-aquiles-a-magia-de-um-grande-talento\/#breadcrumb"},"inLanguage":"pt-PT","potentialAction":[{"@type":"ReadAction","target":["https:\/\/www.diariodeouropreto.com.br\/coluna-musical-aquiles-a-magia-de-um-grande-talento\/"]}]},{"@type":"ImageObject","inLanguage":"pt-PT","@id":"https:\/\/www.diariodeouropreto.com.br\/coluna-musical-aquiles-a-magia-de-um-grande-talento\/#primaryimage","url":"https:\/\/www.diariodeouropreto.com.br\/wp-content\/uploads\/2026\/03\/Capa-CD-Renato-Braz-Canario-do-Reino-Uma-homenagem-a-Tim-Maia-pdf.jpg","contentUrl":"https:\/\/www.diariodeouropreto.com.br\/wp-content\/uploads\/2026\/03\/Capa-CD-Renato-Braz-Canario-do-Reino-Uma-homenagem-a-Tim-Maia-pdf.jpg","width":879,"height":800},{"@type":"BreadcrumbList","@id":"https:\/\/www.diariodeouropreto.com.br\/coluna-musical-aquiles-a-magia-de-um-grande-talento\/#breadcrumb","itemListElement":[{"@type":"ListItem","position":1,"name":"In\u00edcio","item":"https:\/\/www.diariodeouropreto.com.br\/pt\/"},{"@type":"ListItem","position":2,"name":"[Coluna Musical Aquiles] A magia de um grande talento"}]},{"@type":"WebSite","@id":"https:\/\/www.diariodeouropreto.com.br\/pt\/#website","url":"https:\/\/www.diariodeouropreto.com.br\/pt\/","name":"Di\u00e1rio de Ouro Preto","description":"Not\u00edcias Ouro Preto; Mariana;Minas Gerais;Jornal;Jornalismo;Not\u00edcias;","publisher":{"@id":"https:\/\/www.diariodeouropreto.com.br\/pt\/#organization"},"alternateName":"Jornal di\u00e1rio de Ouro Preto","potentialAction":[{"@type":"SearchAction","target":{"@type":"EntryPoint","urlTemplate":"https:\/\/www.diariodeouropreto.com.br\/pt\/?s={search_term_string}"},"query-input":{"@type":"PropertyValueSpecification","valueRequired":true,"valueName":"search_term_string"}}],"inLanguage":"pt-PT"},{"@type":"Organization","@id":"https:\/\/www.diariodeouropreto.com.br\/pt\/#organization","name":"Di\u00e1rio de Ouro Preto","alternateName":"Jornal di\u00e1rio Ouro Preto","url":"https:\/\/www.diariodeouropreto.com.br\/pt\/","logo":{"@type":"ImageObject","inLanguage":"pt-PT","@id":"https:\/\/www.diariodeouropreto.com.br\/pt\/#\/schema\/logo\/image\/","url":"https:\/\/www.diariodeouropreto.com.br\/wp-content\/uploads\/2019\/06\/cropped-logotransp-2.png","contentUrl":"https:\/\/www.diariodeouropreto.com.br\/wp-content\/uploads\/2019\/06\/cropped-logotransp-2.png","width":1323,"height":251,"caption":"Di\u00e1rio de Ouro Preto"},"image":{"@id":"https:\/\/www.diariodeouropreto.com.br\/pt\/#\/schema\/logo\/image\/"},"sameAs":["https:\/\/www.facebook.com\/diariodeouropreto\/"]},{"@type":"Person","@id":"https:\/\/www.diariodeouropreto.com.br\/pt\/#\/schema\/person\/7654e7b471204a6dab6dc0ce6e140c99","name":"Di\u00e1rio de Ouro Preto","sameAs":["http:\/\/www.diariodeouropreto.com.br"],"url":"https:\/\/www.diariodeouropreto.com.br\/pt\/author\/diario\/"}]}},"jetpack_publicize_connections":[],"jetpack_featured_media_url":"https:\/\/www.diariodeouropreto.com.br\/wp-content\/uploads\/2026\/03\/Capa-CD-Renato-Braz-Canario-do-Reino-Uma-homenagem-a-Tim-Maia-pdf.jpg","jetpack-related-posts":[{"id":30234,"url":"https:\/\/www.diariodeouropreto.com.br\/pt\/coluna-musical-do-aquiles-o-auto-de-uma-cidade\/","url_meta":{"origin":50810,"position":0},"title":"[Coluna Musical do Aquiles] O auto de uma cidade","author":"Di\u00e1rio de Ouro Preto","date":"13 de Fevereiro de 2024","format":false,"excerpt":"Uma das virtudes de Pequenas Impress\u00f5es sobre o Caos, o novo \u00e1lbum de Breno Ruiz, \u00e9 ser quase um auto teatral, dram\u00e1tico e l\u00edrico, feito em louvor a S\u00e3o Paulo. As melodias criadas pela genialidade deste compositor, pianista e cantor paulistano, somadas aos versos de Roberto D\u00eddio, s\u00e3o o sinal\u2026","rel":"","context":"In &quot;Coluna&quot;","block_context":{"text":"Coluna","link":"https:\/\/www.diariodeouropreto.com.br\/pt\/Editoria\/coluna\/"},"img":{"alt_text":"","src":"https:\/\/i0.wp.com\/www.diariodeouropreto.com.br\/wp-content\/uploads\/2024\/02\/Capa-CD-Breno-Ruiz-1-Pequenas-Impressoes-Sobre-o-Caos.jpg?resize=350%2C200&ssl=1","width":350,"height":200,"srcset":"https:\/\/i0.wp.com\/www.diariodeouropreto.com.br\/wp-content\/uploads\/2024\/02\/Capa-CD-Breno-Ruiz-1-Pequenas-Impressoes-Sobre-o-Caos.jpg?resize=350%2C200&ssl=1 1x, https:\/\/i0.wp.com\/www.diariodeouropreto.com.br\/wp-content\/uploads\/2024\/02\/Capa-CD-Breno-Ruiz-1-Pequenas-Impressoes-Sobre-o-Caos.jpg?resize=525%2C300&ssl=1 1.5x, https:\/\/i0.wp.com\/www.diariodeouropreto.com.br\/wp-content\/uploads\/2024\/02\/Capa-CD-Breno-Ruiz-1-Pequenas-Impressoes-Sobre-o-Caos.jpg?resize=700%2C400&ssl=1 2x"},"classes":[]},{"id":23888,"url":"https:\/\/www.diariodeouropreto.com.br\/pt\/coluna-musical-do-aquiles-de-aquiles-para-ambientalistas-e-apaixonados-pela-musica-brasileira-cc-cristina-saraiva\/","url_meta":{"origin":50810,"position":1},"title":"[Coluna Musical do Aquiles] De: Aquiles Para: Ambientalistas e apaixonados pela m\u00fasica brasileira Cc: Cristina Saraiva","author":"Di\u00e1rio de Ouro Preto","date":"20 de Junho de 2023","format":false,"excerpt":"Olha s\u00f3, perdoem-me a amplid\u00e3o desta mensagem, mas \u00e9 que s\u00f3 assim explicito minha inten\u00e7\u00e3o de falar \u00e0 Na\u00e7\u00e3o, rec\u00e9m-vilipendiada por um governo inescrupuloso. Coisa que farei atrav\u00e9s de Cristina Saraiva (www.cristinasaraiva.com.br), que, como est\u00e1 expl\u00edcito, nos l\u00ea em c\u00f3pia. Sugiro que voc\u00eas, que todos voc\u00eas, busquem conhecer essa compositora\u2026","rel":"","context":"In &quot;Coluna&quot;","block_context":{"text":"Coluna","link":"https:\/\/www.diariodeouropreto.com.br\/pt\/Editoria\/coluna\/"},"img":{"alt_text":"","src":"https:\/\/i0.wp.com\/www.diariodeouropreto.com.br\/wp-content\/uploads\/2023\/06\/ab67616d0000b2732d6cd999bd086cc5eef617fb.jpeg?resize=350%2C200&ssl=1","width":350,"height":200,"srcset":"https:\/\/i0.wp.com\/www.diariodeouropreto.com.br\/wp-content\/uploads\/2023\/06\/ab67616d0000b2732d6cd999bd086cc5eef617fb.jpeg?resize=350%2C200&ssl=1 1x, https:\/\/i0.wp.com\/www.diariodeouropreto.com.br\/wp-content\/uploads\/2023\/06\/ab67616d0000b2732d6cd999bd086cc5eef617fb.jpeg?resize=525%2C300&ssl=1 1.5x"},"classes":[]},{"id":31840,"url":"https:\/\/www.diariodeouropreto.com.br\/pt\/coluna-musical-do-aquiles-viva-dori-caymmi\/","url_meta":{"origin":50810,"position":2},"title":"[Coluna Musical do Aquiles] Viva Dori Caymmi!","author":"Di\u00e1rio de Ouro Preto","date":"16 de Abril de 2024","format":false,"excerpt":"Sei n\u00e3o, mas h\u00e1 discos que eu deveria me declarar impedido de comentar, tamanha \u00e9 a admira\u00e7\u00e3o que tenho pelo trabalho de alguns colegas. Que isen\u00e7\u00e3o terei, por exemplo, para falar do novo \u00e1lbum do Dori, o Prosa e Papo (Biscoito Fino), que comemora os seus 80 anos trazendo parcerias\u2026","rel":"","context":"In &quot;Coluna&quot;","block_context":{"text":"Coluna","link":"https:\/\/www.diariodeouropreto.com.br\/pt\/Editoria\/coluna\/"},"img":{"alt_text":"","src":"https:\/\/i0.wp.com\/www.diariodeouropreto.com.br\/wp-content\/uploads\/2024\/04\/capa-dori-prosa-e-papo-scaled-1.jpg?resize=350%2C200&ssl=1","width":350,"height":200,"srcset":"https:\/\/i0.wp.com\/www.diariodeouropreto.com.br\/wp-content\/uploads\/2024\/04\/capa-dori-prosa-e-papo-scaled-1.jpg?resize=350%2C200&ssl=1 1x, https:\/\/i0.wp.com\/www.diariodeouropreto.com.br\/wp-content\/uploads\/2024\/04\/capa-dori-prosa-e-papo-scaled-1.jpg?resize=525%2C300&ssl=1 1.5x, https:\/\/i0.wp.com\/www.diariodeouropreto.com.br\/wp-content\/uploads\/2024\/04\/capa-dori-prosa-e-papo-scaled-1.jpg?resize=700%2C400&ssl=1 2x"},"classes":[]},{"id":30502,"url":"https:\/\/www.diariodeouropreto.com.br\/pt\/coluna-musical-do-aquiles-um-album-lindo\/","url_meta":{"origin":50810,"position":3},"title":"[Coluna Musical do Aquiles] Um \u00e1lbum lindo","author":"Di\u00e1rio de Ouro Preto","date":"27 de Fevereiro de 2024","format":false,"excerpt":"Hoje vamos de Valsas Choros e Can\u00e7\u00f5es (Selo Sesc), o novo \u00e1lbum de Eduardo Gudin. Doze dos treze arranjos s\u00e3o dele e seu viol\u00e3o est\u00e1 em todas faixas. L\u00e9la Sim\u00f5es (voz, viola e violino) e Naila Gallotta (um arranjo, voz e piano) tamb\u00e9m protagonizam o trabalho com ele.\u00a0 Antes... Desde\u2026","rel":"","context":"In &quot;Coluna&quot;","block_context":{"text":"Coluna","link":"https:\/\/www.diariodeouropreto.com.br\/pt\/Editoria\/coluna\/"},"img":{"alt_text":"","src":"https:\/\/i0.wp.com\/www.diariodeouropreto.com.br\/wp-content\/uploads\/2024\/02\/Capa-CD-Eduardo-Gudin-Valsas-Choros-e-Cancoes.jpg?resize=350%2C200&ssl=1","width":350,"height":200,"srcset":"https:\/\/i0.wp.com\/www.diariodeouropreto.com.br\/wp-content\/uploads\/2024\/02\/Capa-CD-Eduardo-Gudin-Valsas-Choros-e-Cancoes.jpg?resize=350%2C200&ssl=1 1x, https:\/\/i0.wp.com\/www.diariodeouropreto.com.br\/wp-content\/uploads\/2024\/02\/Capa-CD-Eduardo-Gudin-Valsas-Choros-e-Cancoes.jpg?resize=525%2C300&ssl=1 1.5x, https:\/\/i0.wp.com\/www.diariodeouropreto.com.br\/wp-content\/uploads\/2024\/02\/Capa-CD-Eduardo-Gudin-Valsas-Choros-e-Cancoes.jpg?resize=700%2C400&ssl=1 2x"},"classes":[]},{"id":21883,"url":"https:\/\/www.diariodeouropreto.com.br\/pt\/coluna-musical-do-aquiles-de-aquiles-para-amantes-da-musica-instrumental\/","url_meta":{"origin":50810,"position":4},"title":"[Coluna Musical do Aquiles] De: Aquiles Para: Amantes da m\u00fasica instrumental","author":"Di\u00e1rio de Ouro Preto","date":"21 de Mar\u00e7o de 2023","format":false,"excerpt":"Sei que voc\u00eas existem, e em grande n\u00famero, por isso hoje eu me dirijo a voc\u00eas. E assim, parabenizando-os pelo bom gosto, trago-lhes um \u00e1lbum que n\u00e3o podem deixar de ouvir: o independente Outro Mundo (16\u00ba trabalho, com oito temas autorais de Z\u00e9 Paulo Becker, 10\u00ba de sua carreira solo\u2026","rel":"","context":"In &quot;Coluna&quot;","block_context":{"text":"Coluna","link":"https:\/\/www.diariodeouropreto.com.br\/pt\/Editoria\/coluna\/"},"img":{"alt_text":"","src":"https:\/\/i0.wp.com\/www.diariodeouropreto.com.br\/wp-content\/uploads\/2023\/03\/zeoutromundo.jpg?resize=350%2C200&ssl=1","width":350,"height":200,"srcset":"https:\/\/i0.wp.com\/www.diariodeouropreto.com.br\/wp-content\/uploads\/2023\/03\/zeoutromundo.jpg?resize=350%2C200&ssl=1 1x, https:\/\/i0.wp.com\/www.diariodeouropreto.com.br\/wp-content\/uploads\/2023\/03\/zeoutromundo.jpg?resize=525%2C300&ssl=1 1.5x"},"classes":[]},{"id":49606,"url":"https:\/\/www.diariodeouropreto.com.br\/pt\/coluna-musical-do-aquiles-a-hora-e-essa-gente-boa\/","url_meta":{"origin":50810,"position":5},"title":"[Coluna Musical do Aquiles] A hora \u00e9 essa, gente boa!","author":"Di\u00e1rio de Ouro Preto","date":"6 de Janeiro de 2026","format":false,"excerpt":"Para a primeira coluna de 2026, vamos de MPB Ano Zero (independente, com apoio da Biscoito Fino e da prefeitura do Rio de Janeiro, atrav\u00e9s da Lei Aldir). \u00c1lbum duplo que \u00e9 fruto de um projeto idealizado pelo jornalista e escritor Hugo Sukman, o cantor Augusto Martins e o produtor\u2026","rel":"","context":"In &quot;Coluna&quot;","block_context":{"text":"Coluna","link":"https:\/\/www.diariodeouropreto.com.br\/pt\/Editoria\/coluna\/"},"img":{"alt_text":"","src":"https:\/\/i0.wp.com\/www.diariodeouropreto.com.br\/wp-content\/uploads\/2026\/01\/Capa-Ano-Zero.-pdf.jpg?resize=350%2C200&ssl=1","width":350,"height":200,"srcset":"https:\/\/i0.wp.com\/www.diariodeouropreto.com.br\/wp-content\/uploads\/2026\/01\/Capa-Ano-Zero.-pdf.jpg?resize=350%2C200&ssl=1 1x, https:\/\/i0.wp.com\/www.diariodeouropreto.com.br\/wp-content\/uploads\/2026\/01\/Capa-Ano-Zero.-pdf.jpg?resize=525%2C300&ssl=1 1.5x, https:\/\/i0.wp.com\/www.diariodeouropreto.com.br\/wp-content\/uploads\/2026\/01\/Capa-Ano-Zero.-pdf.jpg?resize=700%2C400&ssl=1 2x, https:\/\/i0.wp.com\/www.diariodeouropreto.com.br\/wp-content\/uploads\/2026\/01\/Capa-Ano-Zero.-pdf.jpg?resize=1050%2C600&ssl=1 3x"},"classes":[]}],"jetpack_sharing_enabled":true,"amp_enabled":true,"_links":{"self":[{"href":"https:\/\/www.diariodeouropreto.com.br\/pt\/wp-json\/wp\/v2\/posts\/50810","targetHints":{"allow":["GET"]}}],"collection":[{"href":"https:\/\/www.diariodeouropreto.com.br\/pt\/wp-json\/wp\/v2\/posts"}],"about":[{"href":"https:\/\/www.diariodeouropreto.com.br\/pt\/wp-json\/wp\/v2\/types\/post"}],"author":[{"embeddable":true,"href":"https:\/\/www.diariodeouropreto.com.br\/pt\/wp-json\/wp\/v2\/users\/1"}],"replies":[{"embeddable":true,"href":"https:\/\/www.diariodeouropreto.com.br\/pt\/wp-json\/wp\/v2\/comments?post=50810"}],"version-history":[{"count":1,"href":"https:\/\/www.diariodeouropreto.com.br\/pt\/wp-json\/wp\/v2\/posts\/50810\/revisions"}],"predecessor-version":[{"id":50813,"href":"https:\/\/www.diariodeouropreto.com.br\/pt\/wp-json\/wp\/v2\/posts\/50810\/revisions\/50813"}],"wp:featuredmedia":[{"embeddable":true,"href":"https:\/\/www.diariodeouropreto.com.br\/pt\/wp-json\/wp\/v2\/media\/50812"}],"wp:attachment":[{"href":"https:\/\/www.diariodeouropreto.com.br\/pt\/wp-json\/wp\/v2\/media?parent=50810"}],"wp:term":[{"taxonomy":"category","embeddable":true,"href":"https:\/\/www.diariodeouropreto.com.br\/pt\/wp-json\/wp\/v2\/categories?post=50810"},{"taxonomy":"post_tag","embeddable":true,"href":"https:\/\/www.diariodeouropreto.com.br\/pt\/wp-json\/wp\/v2\/tags?post=50810"}],"curies":[{"name":"wp","href":"https:\/\/api.w.org\/{rel}","templated":true}]}}