{"id":50807,"date":"2026-03-10T13:55:01","date_gmt":"2026-03-10T16:55:01","guid":{"rendered":"https:\/\/www.diariodeouropreto.com.br\/?p=50807"},"modified":"2026-03-10T13:55:07","modified_gmt":"2026-03-10T16:55:07","slug":"prefeitura-de-itabirito-confirma-michel-telo-fernando-sorocaba-paralamas-do-sucesso-turma-do-pagode-e-marvvila-na-julifest","status":"publish","type":"post","link":"https:\/\/www.diariodeouropreto.com.br\/pt\/prefeitura-de-itabirito-confirma-michel-telo-fernando-sorocaba-paralamas-do-sucesso-turma-do-pagode-e-marvvila-na-julifest\/","title":{"rendered":"Prefeitura de Itabirito confirma Michel Tel\u00f3, Fernando &amp; Sorocaba, Paralamas do Sucesso, Turma do Pagode e Marvvila na Julifest"},"content":{"rendered":"<p>\u201cVem pra Julifest! Voc\u00ea vai gostar\u201d. J\u00e1 em clima de Julifest, a Prefeitura de Itabirito confirmou cinco atra\u00e7\u00f5es nacionais que se apresentar\u00e3o na 33a edi\u00e7\u00e3o: Michel Tel\u00f3, Fernando &amp; Sorocaba, Paralamas do Sucesso, Turma do Pagode e Marvvila.<\/p>\n\n\n\n<p>O maior arrai\u00e1 de Minas Gerais ser\u00e1 realizado na Pra\u00e7a dos Inconfidentes, com entrada franca, entre os dias 9 e 12 de julho.<\/p>\n\n\n\n<p>\u201cA Julifest \u00e9 o principal evento de Itabirito. A Prefeitura pensou cuidadosamente na programa\u00e7\u00e3o, de modo a reunir diversos estilos musicais e, com isso, prestigiar toda a popula\u00e7\u00e3o\u201d, destaca o prefeito Elio da Mata.<\/p>\n\n\n\n<h4 class=\"wp-block-heading\">Card\u00e1pio t\u00edpico e gera\u00e7\u00e3o de renda<\/h4>\n\n\n\n<div id=\"110712\" class=\"advads-saneouro advads-entity-placement\" style=\"margin-left: auto;margin-right: auto;text-align: center;\"><a href=\"https:\/\/www.saneouro.com.br\/\" target=\"_blank\" aria-label=\"DOP_Site\" data-wpel-link=\"external\" rel=\"follow external noopener noreferrer sponsored ugc\"><img src=\"https:\/\/www.diariodeouropreto.com.br\/wp-content\/uploads\/2026\/04\/DOP_Site.jpg\" alt=\"\"  srcset=\"https:\/\/www.diariodeouropreto.com.br\/wp-content\/uploads\/2026\/04\/DOP_Site.jpg 301w, https:\/\/www.diariodeouropreto.com.br\/wp-content\/uploads\/2026\/04\/DOP_Site-180x150.jpg 180w, https:\/\/www.diariodeouropreto.com.br\/wp-content\/uploads\/2026\/04\/DOP_Site-14x12.jpg 14w\" sizes=\"(max-width: 301px) 100vw, 301px\" width=\"301\" height=\"251\"  style=\"display: inline-block;\" \/><\/a><\/div><p>Al\u00e9m da programa\u00e7\u00e3o musical, a Julifest se destaca pelo card\u00e1pio regional t\u00edpico e pela gera\u00e7\u00e3o de renda para as associa\u00e7\u00f5es comunit\u00e1rias, protagonistas do evento, com\u00e9rcio ambulante, hotelaria, setor de servi\u00e7os e com\u00e9rcio varejista.<\/p>\n\n\n\n<div id=\"50321\" class=\"advads-plantao advads-entity-placement\"><a href=\"https:\/\/www.diariodeouropreto.com.br\/pt\/\" target=\"_blank\" aria-label=\"site &#8211; noticia\" data-wpel-link=\"external\" rel=\"follow external noopener noreferrer sponsored ugc\"><img src=\"https:\/\/www.diariodeouropreto.com.br\/wp-content\/uploads\/2019\/09\/titulosite2-e1616373489755.jpg\" alt=\"\"  srcset=\"https:\/\/www.diariodeouropreto.com.br\/wp-content\/uploads\/2019\/09\/titulosite2-e1616373489755.jpg 1200w, https:\/\/www.diariodeouropreto.com.br\/wp-content\/uploads\/2019\/09\/titulosite2-e1616373489755-150x38.jpg 150w, https:\/\/www.diariodeouropreto.com.br\/wp-content\/uploads\/2019\/09\/titulosite2-e1616373489755-660x167.jpg 660w, https:\/\/www.diariodeouropreto.com.br\/wp-content\/uploads\/2019\/09\/titulosite2-e1616373489755-768x194.jpg 768w, https:\/\/www.diariodeouropreto.com.br\/wp-content\/uploads\/2019\/09\/titulosite2-e1616373489755-1000x252.jpg 1000w, https:\/\/www.diariodeouropreto.com.br\/wp-content\/uploads\/2019\/09\/titulosite2-e1616373489755-1536x388.jpg 1536w, https:\/\/www.diariodeouropreto.com.br\/wp-content\/uploads\/2019\/09\/titulosite2-e1616373489755-2048x517.jpg 2048w\" sizes=\"(max-width: 1200px) 100vw, 1200px\" width=\"1200\" height=\"303\"  style=\"display: inline-block;\" \/><\/a><\/div><p>Fonte: Assessoria Prefeitura de Itabirito<\/p>","protected":false},"excerpt":{"rendered":"<p>\u201cVem pra Julifest! Voc\u00ea vai gostar\u201d. J\u00e1 em clima de Julifest, a Prefeitura de Itabirito confirmou cinco atra\u00e7\u00f5es nacionais que se apresentar\u00e3o na 33a edi\u00e7\u00e3o: Michel Tel\u00f3, Fernando &amp; Sorocaba, Paralamas do Sucesso, Turma do Pagode e Marvvila. O maior arrai\u00e1 de Minas Gerais ser\u00e1 realizado na Pra\u00e7a dos Inconfidentes,<span class=\"more-link\"><a href=\"https:\/\/www.diariodeouropreto.com.br\/pt\/prefeitura-de-itabirito-confirma-michel-telo-fernando-sorocaba-paralamas-do-sucesso-turma-do-pagode-e-marvvila-na-julifest\/\" data-wpel-link=\"internal\">Continue Lendo<\/a><\/span><\/p>","protected":false},"author":1,"featured_media":50808,"comment_status":"closed","ping_status":"closed","sticky":false,"template":"","format":"standard","meta":{"_jetpack_memberships_contains_paid_content":false,"footnotes":"","jetpack_publicize_message":"O maior arrai\u00e1 de Minas Gerais ser\u00e1 realizado na Pra\u00e7a dos Inconfidentes, com entrada franca, entre os dias 9 e 12 de julho","jetpack_publicize_feature_enabled":true,"jetpack_social_post_already_shared":false,"jetpack_social_options":{"image_generator_settings":{"template":"highway","default_image_id":0,"font":"","enabled":false},"version":2}},"categories":[11],"tags":[169],"class_list":["entry","author-diario","post-50807","post","type-post","status-publish","format-standard","has-post-thumbnail","category-culturaeartes","tag-eventos-shows"],"yoast_head":"<!-- This site is optimized with the Yoast SEO plugin v27.5 - https:\/\/yoast.com\/product\/yoast-seo-wordpress\/ -->\n<title>Prefeitura de Itabirito confirma Michel Tel\u00f3, Fernando &amp; Sorocaba, Paralamas do Sucesso, Turma do Pagode e Marvvila na Julifest - Di\u00e1rio de Ouro Preto<\/title>\n<meta name=\"description\" content=\"O maior arrai\u00e1 de Minas Gerais ser\u00e1 realizado na Pra\u00e7a dos Inconfidentes, com entrada franca, entre os dias 9 e 12 de julho - Prefeitura de Itabirito confirma Michel Tel\u00f3, Fernando &amp; Sorocaba, Paralamas do Sucesso, Turma do Pagode e Marvvila na Julifest\" \/>\n<meta name=\"robots\" content=\"index, follow, max-snippet:-1, max-image-preview:large, max-video-preview:-1\" \/>\n<link rel=\"canonical\" href=\"https:\/\/www.diariodeouropreto.com.br\/pt\/prefeitura-de-itabirito-confirma-michel-telo-fernando-sorocaba-paralamas-do-sucesso-turma-do-pagode-e-marvvila-na-julifest\/\" \/>\n<meta property=\"og:locale\" content=\"pt_PT\" \/>\n<meta property=\"og:type\" content=\"article\" \/>\n<meta property=\"og:title\" content=\"Prefeitura de Itabirito confirma Michel Tel\u00f3, Fernando &amp; Sorocaba, Paralamas do Sucesso, Turma do Pagode e Marvvila na Julifest - Di\u00e1rio de Ouro Preto\" \/>\n<meta property=\"og:description\" content=\"O maior arrai\u00e1 de Minas Gerais ser\u00e1 realizado na Pra\u00e7a dos Inconfidentes, com entrada franca, entre os dias 9 e 12 de julho - Prefeitura de Itabirito confirma Michel Tel\u00f3, Fernando &amp; Sorocaba, Paralamas do Sucesso, Turma do Pagode e Marvvila na Julifest\" \/>\n<meta property=\"og:url\" content=\"https:\/\/www.diariodeouropreto.com.br\/pt\/prefeitura-de-itabirito-confirma-michel-telo-fernando-sorocaba-paralamas-do-sucesso-turma-do-pagode-e-marvvila-na-julifest\/\" \/>\n<meta property=\"og:site_name\" content=\"Di\u00e1rio de Ouro Preto\" \/>\n<meta property=\"article:publisher\" content=\"https:\/\/www.facebook.com\/diariodeouropreto\/\" \/>\n<meta property=\"article:published_time\" content=\"2026-03-10T16:55:01+00:00\" \/>\n<meta property=\"article:modified_time\" content=\"2026-03-10T16:55:07+00:00\" \/>\n<meta property=\"og:image\" content=\"https:\/\/www.diariodeouropreto.com.br\/wp-content\/uploads\/2026\/03\/Julifest-2026.jpg\" \/>\n\t<meta property=\"og:image:width\" content=\"1156\" \/>\n\t<meta property=\"og:image:height\" content=\"768\" \/>\n\t<meta property=\"og:image:type\" content=\"image\/jpeg\" \/>\n<meta name=\"author\" content=\"Di\u00e1rio de Ouro Preto\" \/>\n<meta name=\"twitter:card\" content=\"summary_large_image\" \/>\n<meta name=\"twitter:label1\" content=\"Escrito por\" \/>\n\t<meta name=\"twitter:data1\" content=\"Di\u00e1rio de Ouro Preto\" \/>\n\t<meta name=\"twitter:label2\" content=\"Tempo estimado de leitura\" \/>\n\t<meta name=\"twitter:data2\" content=\"1 minuto\" \/>\n<script type=\"application\/ld+json\" class=\"yoast-schema-graph\">{\"@context\":\"https:\\\/\\\/schema.org\",\"@graph\":[{\"@type\":\"Article\",\"@id\":\"https:\\\/\\\/www.diariodeouropreto.com.br\\\/prefeitura-de-itabirito-confirma-michel-telo-fernando-sorocaba-paralamas-do-sucesso-turma-do-pagode-e-marvvila-na-julifest\\\/#article\",\"isPartOf\":{\"@id\":\"https:\\\/\\\/www.diariodeouropreto.com.br\\\/prefeitura-de-itabirito-confirma-michel-telo-fernando-sorocaba-paralamas-do-sucesso-turma-do-pagode-e-marvvila-na-julifest\\\/\"},\"author\":{\"name\":\"Di\u00e1rio de Ouro Preto\",\"@id\":\"https:\\\/\\\/www.diariodeouropreto.com.br\\\/pt\\\/#\\\/schema\\\/person\\\/7654e7b471204a6dab6dc0ce6e140c99\"},\"headline\":\"Prefeitura de Itabirito confirma Michel Tel\u00f3, Fernando &amp; Sorocaba, Paralamas do Sucesso, Turma do Pagode e Marvvila na Julifest\",\"datePublished\":\"2026-03-10T16:55:01+00:00\",\"dateModified\":\"2026-03-10T16:55:07+00:00\",\"mainEntityOfPage\":{\"@id\":\"https:\\\/\\\/www.diariodeouropreto.com.br\\\/prefeitura-de-itabirito-confirma-michel-telo-fernando-sorocaba-paralamas-do-sucesso-turma-do-pagode-e-marvvila-na-julifest\\\/\"},\"wordCount\":174,\"publisher\":{\"@id\":\"https:\\\/\\\/www.diariodeouropreto.com.br\\\/pt\\\/#organization\"},\"image\":{\"@id\":\"https:\\\/\\\/www.diariodeouropreto.com.br\\\/prefeitura-de-itabirito-confirma-michel-telo-fernando-sorocaba-paralamas-do-sucesso-turma-do-pagode-e-marvvila-na-julifest\\\/#primaryimage\"},\"thumbnailUrl\":\"https:\\\/\\\/www.diariodeouropreto.com.br\\\/wp-content\\\/uploads\\\/2026\\\/03\\\/Julifest-2026.jpg\",\"keywords\":[\"Eventos\\\/Shows\"],\"articleSection\":[\"Cultura, Artes e Patrim\u00f4nio\"],\"inLanguage\":\"pt-PT\"},{\"@type\":\"WebPage\",\"@id\":\"https:\\\/\\\/www.diariodeouropreto.com.br\\\/prefeitura-de-itabirito-confirma-michel-telo-fernando-sorocaba-paralamas-do-sucesso-turma-do-pagode-e-marvvila-na-julifest\\\/\",\"url\":\"https:\\\/\\\/www.diariodeouropreto.com.br\\\/prefeitura-de-itabirito-confirma-michel-telo-fernando-sorocaba-paralamas-do-sucesso-turma-do-pagode-e-marvvila-na-julifest\\\/\",\"name\":\"Prefeitura de Itabirito confirma Michel Tel\u00f3, Fernando &amp; Sorocaba, Paralamas do Sucesso, Turma do Pagode e Marvvila na Julifest - Di\u00e1rio de Ouro Preto\",\"isPartOf\":{\"@id\":\"https:\\\/\\\/www.diariodeouropreto.com.br\\\/pt\\\/#website\"},\"primaryImageOfPage\":{\"@id\":\"https:\\\/\\\/www.diariodeouropreto.com.br\\\/prefeitura-de-itabirito-confirma-michel-telo-fernando-sorocaba-paralamas-do-sucesso-turma-do-pagode-e-marvvila-na-julifest\\\/#primaryimage\"},\"image\":{\"@id\":\"https:\\\/\\\/www.diariodeouropreto.com.br\\\/prefeitura-de-itabirito-confirma-michel-telo-fernando-sorocaba-paralamas-do-sucesso-turma-do-pagode-e-marvvila-na-julifest\\\/#primaryimage\"},\"thumbnailUrl\":\"https:\\\/\\\/www.diariodeouropreto.com.br\\\/wp-content\\\/uploads\\\/2026\\\/03\\\/Julifest-2026.jpg\",\"datePublished\":\"2026-03-10T16:55:01+00:00\",\"dateModified\":\"2026-03-10T16:55:07+00:00\",\"description\":\"O maior arrai\u00e1 de Minas Gerais ser\u00e1 realizado na Pra\u00e7a dos Inconfidentes, com entrada franca, entre os dias 9 e 12 de julho - Prefeitura de Itabirito confirma Michel Tel\u00f3, Fernando &amp; Sorocaba, Paralamas do Sucesso, Turma do Pagode e Marvvila na Julifest\",\"breadcrumb\":{\"@id\":\"https:\\\/\\\/www.diariodeouropreto.com.br\\\/prefeitura-de-itabirito-confirma-michel-telo-fernando-sorocaba-paralamas-do-sucesso-turma-do-pagode-e-marvvila-na-julifest\\\/#breadcrumb\"},\"inLanguage\":\"pt-PT\",\"potentialAction\":[{\"@type\":\"ReadAction\",\"target\":[\"https:\\\/\\\/www.diariodeouropreto.com.br\\\/prefeitura-de-itabirito-confirma-michel-telo-fernando-sorocaba-paralamas-do-sucesso-turma-do-pagode-e-marvvila-na-julifest\\\/\"]}]},{\"@type\":\"ImageObject\",\"inLanguage\":\"pt-PT\",\"@id\":\"https:\\\/\\\/www.diariodeouropreto.com.br\\\/prefeitura-de-itabirito-confirma-michel-telo-fernando-sorocaba-paralamas-do-sucesso-turma-do-pagode-e-marvvila-na-julifest\\\/#primaryimage\",\"url\":\"https:\\\/\\\/www.diariodeouropreto.com.br\\\/wp-content\\\/uploads\\\/2026\\\/03\\\/Julifest-2026.jpg\",\"contentUrl\":\"https:\\\/\\\/www.diariodeouropreto.com.br\\\/wp-content\\\/uploads\\\/2026\\\/03\\\/Julifest-2026.jpg\",\"width\":1156,\"height\":768},{\"@type\":\"BreadcrumbList\",\"@id\":\"https:\\\/\\\/www.diariodeouropreto.com.br\\\/prefeitura-de-itabirito-confirma-michel-telo-fernando-sorocaba-paralamas-do-sucesso-turma-do-pagode-e-marvvila-na-julifest\\\/#breadcrumb\",\"itemListElement\":[{\"@type\":\"ListItem\",\"position\":1,\"name\":\"In\u00edcio\",\"item\":\"https:\\\/\\\/www.diariodeouropreto.com.br\\\/pt\\\/\"},{\"@type\":\"ListItem\",\"position\":2,\"name\":\"Prefeitura de Itabirito confirma Michel Tel\u00f3, Fernando &amp; Sorocaba, Paralamas do Sucesso, Turma do Pagode e Marvvila na Julifest\"}]},{\"@type\":\"WebSite\",\"@id\":\"https:\\\/\\\/www.diariodeouropreto.com.br\\\/pt\\\/#website\",\"url\":\"https:\\\/\\\/www.diariodeouropreto.com.br\\\/pt\\\/\",\"name\":\"Di\u00e1rio de Ouro Preto\",\"description\":\"Not\u00edcias Ouro Preto; Mariana;Minas Gerais;Jornal;Jornalismo;Not\u00edcias;\",\"publisher\":{\"@id\":\"https:\\\/\\\/www.diariodeouropreto.com.br\\\/pt\\\/#organization\"},\"alternateName\":\"Jornal di\u00e1rio de Ouro Preto\",\"potentialAction\":[{\"@type\":\"SearchAction\",\"target\":{\"@type\":\"EntryPoint\",\"urlTemplate\":\"https:\\\/\\\/www.diariodeouropreto.com.br\\\/pt\\\/?s={search_term_string}\"},\"query-input\":{\"@type\":\"PropertyValueSpecification\",\"valueRequired\":true,\"valueName\":\"search_term_string\"}}],\"inLanguage\":\"pt-PT\"},{\"@type\":\"Organization\",\"@id\":\"https:\\\/\\\/www.diariodeouropreto.com.br\\\/pt\\\/#organization\",\"name\":\"Di\u00e1rio de Ouro Preto\",\"alternateName\":\"Jornal di\u00e1rio Ouro Preto\",\"url\":\"https:\\\/\\\/www.diariodeouropreto.com.br\\\/pt\\\/\",\"logo\":{\"@type\":\"ImageObject\",\"inLanguage\":\"pt-PT\",\"@id\":\"https:\\\/\\\/www.diariodeouropreto.com.br\\\/pt\\\/#\\\/schema\\\/logo\\\/image\\\/\",\"url\":\"https:\\\/\\\/www.diariodeouropreto.com.br\\\/wp-content\\\/uploads\\\/2019\\\/06\\\/cropped-logotransp-2.png\",\"contentUrl\":\"https:\\\/\\\/www.diariodeouropreto.com.br\\\/wp-content\\\/uploads\\\/2019\\\/06\\\/cropped-logotransp-2.png\",\"width\":1323,\"height\":251,\"caption\":\"Di\u00e1rio de Ouro Preto\"},\"image\":{\"@id\":\"https:\\\/\\\/www.diariodeouropreto.com.br\\\/pt\\\/#\\\/schema\\\/logo\\\/image\\\/\"},\"sameAs\":[\"https:\\\/\\\/www.facebook.com\\\/diariodeouropreto\\\/\"]},{\"@type\":\"Person\",\"@id\":\"https:\\\/\\\/www.diariodeouropreto.com.br\\\/pt\\\/#\\\/schema\\\/person\\\/7654e7b471204a6dab6dc0ce6e140c99\",\"name\":\"Di\u00e1rio de Ouro Preto\",\"sameAs\":[\"http:\\\/\\\/www.diariodeouropreto.com.br\"],\"url\":\"https:\\\/\\\/www.diariodeouropreto.com.br\\\/pt\\\/author\\\/diario\\\/\"}]}<\/script>\n<!-- \/ Yoast SEO plugin. -->","yoast_head_json":{"title":"Prefeitura de Itabirito confirma Michel Tel\u00f3, Fernando &amp; Sorocaba, Paralamas do Sucesso, Turma do Pagode e Marvvila na Julifest - Di\u00e1rio de Ouro Preto","description":"O maior arrai\u00e1 de Minas Gerais ser\u00e1 realizado na Pra\u00e7a dos Inconfidentes, com entrada franca, entre os dias 9 e 12 de julho - Prefeitura de Itabirito confirma Michel Tel\u00f3, Fernando &amp; Sorocaba, Paralamas do Sucesso, Turma do Pagode e Marvvila na Julifest","robots":{"index":"index","follow":"follow","max-snippet":"max-snippet:-1","max-image-preview":"max-image-preview:large","max-video-preview":"max-video-preview:-1"},"canonical":"https:\/\/www.diariodeouropreto.com.br\/pt\/prefeitura-de-itabirito-confirma-michel-telo-fernando-sorocaba-paralamas-do-sucesso-turma-do-pagode-e-marvvila-na-julifest\/","og_locale":"pt_PT","og_type":"article","og_title":"Prefeitura de Itabirito confirma Michel Tel\u00f3, Fernando &amp; Sorocaba, Paralamas do Sucesso, Turma do Pagode e Marvvila na Julifest - Di\u00e1rio de Ouro Preto","og_description":"O maior arrai\u00e1 de Minas Gerais ser\u00e1 realizado na Pra\u00e7a dos Inconfidentes, com entrada franca, entre os dias 9 e 12 de julho - Prefeitura de Itabirito confirma Michel Tel\u00f3, Fernando &amp; Sorocaba, Paralamas do Sucesso, Turma do Pagode e Marvvila na Julifest","og_url":"https:\/\/www.diariodeouropreto.com.br\/pt\/prefeitura-de-itabirito-confirma-michel-telo-fernando-sorocaba-paralamas-do-sucesso-turma-do-pagode-e-marvvila-na-julifest\/","og_site_name":"Di\u00e1rio de Ouro Preto","article_publisher":"https:\/\/www.facebook.com\/diariodeouropreto\/","article_published_time":"2026-03-10T16:55:01+00:00","article_modified_time":"2026-03-10T16:55:07+00:00","og_image":[{"width":1156,"height":768,"url":"https:\/\/www.diariodeouropreto.com.br\/wp-content\/uploads\/2026\/03\/Julifest-2026.jpg","type":"image\/jpeg"}],"author":"Di\u00e1rio de Ouro Preto","twitter_card":"summary_large_image","twitter_misc":{"Escrito por":"Di\u00e1rio de Ouro Preto","Tempo estimado de leitura":"1 minuto"},"schema":{"@context":"https:\/\/schema.org","@graph":[{"@type":"Article","@id":"https:\/\/www.diariodeouropreto.com.br\/prefeitura-de-itabirito-confirma-michel-telo-fernando-sorocaba-paralamas-do-sucesso-turma-do-pagode-e-marvvila-na-julifest\/#article","isPartOf":{"@id":"https:\/\/www.diariodeouropreto.com.br\/prefeitura-de-itabirito-confirma-michel-telo-fernando-sorocaba-paralamas-do-sucesso-turma-do-pagode-e-marvvila-na-julifest\/"},"author":{"name":"Di\u00e1rio de Ouro Preto","@id":"https:\/\/www.diariodeouropreto.com.br\/pt\/#\/schema\/person\/7654e7b471204a6dab6dc0ce6e140c99"},"headline":"Prefeitura de Itabirito confirma Michel Tel\u00f3, Fernando &amp; Sorocaba, Paralamas do Sucesso, Turma do Pagode e Marvvila na Julifest","datePublished":"2026-03-10T16:55:01+00:00","dateModified":"2026-03-10T16:55:07+00:00","mainEntityOfPage":{"@id":"https:\/\/www.diariodeouropreto.com.br\/prefeitura-de-itabirito-confirma-michel-telo-fernando-sorocaba-paralamas-do-sucesso-turma-do-pagode-e-marvvila-na-julifest\/"},"wordCount":174,"publisher":{"@id":"https:\/\/www.diariodeouropreto.com.br\/pt\/#organization"},"image":{"@id":"https:\/\/www.diariodeouropreto.com.br\/prefeitura-de-itabirito-confirma-michel-telo-fernando-sorocaba-paralamas-do-sucesso-turma-do-pagode-e-marvvila-na-julifest\/#primaryimage"},"thumbnailUrl":"https:\/\/www.diariodeouropreto.com.br\/wp-content\/uploads\/2026\/03\/Julifest-2026.jpg","keywords":["Eventos\/Shows"],"articleSection":["Cultura, Artes e Patrim\u00f4nio"],"inLanguage":"pt-PT"},{"@type":"WebPage","@id":"https:\/\/www.diariodeouropreto.com.br\/prefeitura-de-itabirito-confirma-michel-telo-fernando-sorocaba-paralamas-do-sucesso-turma-do-pagode-e-marvvila-na-julifest\/","url":"https:\/\/www.diariodeouropreto.com.br\/prefeitura-de-itabirito-confirma-michel-telo-fernando-sorocaba-paralamas-do-sucesso-turma-do-pagode-e-marvvila-na-julifest\/","name":"Prefeitura de Itabirito confirma Michel Tel\u00f3, Fernando &amp; Sorocaba, Paralamas do Sucesso, Turma do Pagode e Marvvila na Julifest - Di\u00e1rio de Ouro Preto","isPartOf":{"@id":"https:\/\/www.diariodeouropreto.com.br\/pt\/#website"},"primaryImageOfPage":{"@id":"https:\/\/www.diariodeouropreto.com.br\/prefeitura-de-itabirito-confirma-michel-telo-fernando-sorocaba-paralamas-do-sucesso-turma-do-pagode-e-marvvila-na-julifest\/#primaryimage"},"image":{"@id":"https:\/\/www.diariodeouropreto.com.br\/prefeitura-de-itabirito-confirma-michel-telo-fernando-sorocaba-paralamas-do-sucesso-turma-do-pagode-e-marvvila-na-julifest\/#primaryimage"},"thumbnailUrl":"https:\/\/www.diariodeouropreto.com.br\/wp-content\/uploads\/2026\/03\/Julifest-2026.jpg","datePublished":"2026-03-10T16:55:01+00:00","dateModified":"2026-03-10T16:55:07+00:00","description":"O maior arrai\u00e1 de Minas Gerais ser\u00e1 realizado na Pra\u00e7a dos Inconfidentes, com entrada franca, entre os dias 9 e 12 de julho - Prefeitura de Itabirito confirma Michel Tel\u00f3, Fernando &amp; Sorocaba, Paralamas do Sucesso, Turma do Pagode e Marvvila na Julifest","breadcrumb":{"@id":"https:\/\/www.diariodeouropreto.com.br\/prefeitura-de-itabirito-confirma-michel-telo-fernando-sorocaba-paralamas-do-sucesso-turma-do-pagode-e-marvvila-na-julifest\/#breadcrumb"},"inLanguage":"pt-PT","potentialAction":[{"@type":"ReadAction","target":["https:\/\/www.diariodeouropreto.com.br\/prefeitura-de-itabirito-confirma-michel-telo-fernando-sorocaba-paralamas-do-sucesso-turma-do-pagode-e-marvvila-na-julifest\/"]}]},{"@type":"ImageObject","inLanguage":"pt-PT","@id":"https:\/\/www.diariodeouropreto.com.br\/prefeitura-de-itabirito-confirma-michel-telo-fernando-sorocaba-paralamas-do-sucesso-turma-do-pagode-e-marvvila-na-julifest\/#primaryimage","url":"https:\/\/www.diariodeouropreto.com.br\/wp-content\/uploads\/2026\/03\/Julifest-2026.jpg","contentUrl":"https:\/\/www.diariodeouropreto.com.br\/wp-content\/uploads\/2026\/03\/Julifest-2026.jpg","width":1156,"height":768},{"@type":"BreadcrumbList","@id":"https:\/\/www.diariodeouropreto.com.br\/prefeitura-de-itabirito-confirma-michel-telo-fernando-sorocaba-paralamas-do-sucesso-turma-do-pagode-e-marvvila-na-julifest\/#breadcrumb","itemListElement":[{"@type":"ListItem","position":1,"name":"In\u00edcio","item":"https:\/\/www.diariodeouropreto.com.br\/pt\/"},{"@type":"ListItem","position":2,"name":"Prefeitura de Itabirito confirma Michel Tel\u00f3, Fernando &amp; Sorocaba, Paralamas do Sucesso, Turma do Pagode e Marvvila na Julifest"}]},{"@type":"WebSite","@id":"https:\/\/www.diariodeouropreto.com.br\/pt\/#website","url":"https:\/\/www.diariodeouropreto.com.br\/pt\/","name":"Di\u00e1rio de Ouro Preto","description":"Not\u00edcias Ouro Preto; Mariana;Minas Gerais;Jornal;Jornalismo;Not\u00edcias;","publisher":{"@id":"https:\/\/www.diariodeouropreto.com.br\/pt\/#organization"},"alternateName":"Jornal di\u00e1rio de Ouro Preto","potentialAction":[{"@type":"SearchAction","target":{"@type":"EntryPoint","urlTemplate":"https:\/\/www.diariodeouropreto.com.br\/pt\/?s={search_term_string}"},"query-input":{"@type":"PropertyValueSpecification","valueRequired":true,"valueName":"search_term_string"}}],"inLanguage":"pt-PT"},{"@type":"Organization","@id":"https:\/\/www.diariodeouropreto.com.br\/pt\/#organization","name":"Di\u00e1rio de Ouro Preto","alternateName":"Jornal di\u00e1rio Ouro Preto","url":"https:\/\/www.diariodeouropreto.com.br\/pt\/","logo":{"@type":"ImageObject","inLanguage":"pt-PT","@id":"https:\/\/www.diariodeouropreto.com.br\/pt\/#\/schema\/logo\/image\/","url":"https:\/\/www.diariodeouropreto.com.br\/wp-content\/uploads\/2019\/06\/cropped-logotransp-2.png","contentUrl":"https:\/\/www.diariodeouropreto.com.br\/wp-content\/uploads\/2019\/06\/cropped-logotransp-2.png","width":1323,"height":251,"caption":"Di\u00e1rio de Ouro Preto"},"image":{"@id":"https:\/\/www.diariodeouropreto.com.br\/pt\/#\/schema\/logo\/image\/"},"sameAs":["https:\/\/www.facebook.com\/diariodeouropreto\/"]},{"@type":"Person","@id":"https:\/\/www.diariodeouropreto.com.br\/pt\/#\/schema\/person\/7654e7b471204a6dab6dc0ce6e140c99","name":"Di\u00e1rio de Ouro Preto","sameAs":["http:\/\/www.diariodeouropreto.com.br"],"url":"https:\/\/www.diariodeouropreto.com.br\/pt\/author\/diario\/"}]}},"jetpack_publicize_connections":[],"jetpack_featured_media_url":"https:\/\/www.diariodeouropreto.com.br\/wp-content\/uploads\/2026\/03\/Julifest-2026.jpg","jetpack-related-posts":[{"id":45887,"url":"https:\/\/www.diariodeouropreto.com.br\/pt\/julifest-2025-itabirito-alia-desenvolvimento-social-economico-e-cultural-no-maior-arraial-de-minas\/","url_meta":{"origin":50807,"position":0},"title":"Julifest 2025: Itabirito alia desenvolvimento social, econ\u00f4mico e cultural no maior arraial de Minas","author":"Di\u00e1rio de Ouro Preto","date":"7 de Julho de 2025","format":false,"excerpt":"A Prefeitura de Itabirito, por meio da Secretaria de Patrim\u00f4nio, Cultura e Turismo, realizar\u00e1, entre os dias 10 e 13 de julho, o maior arraial de Minas Gerais: a Julifest 2025. O evento tem como tema \u201cJulifest para o Mundo\u201d e proporcionar\u00e1 ao p\u00fablico uma viagem \u00e0 cultura de 20\u2026","rel":"","context":"In &quot;Cultura, Artes e Patrim\u00f4nio&quot;","block_context":{"text":"Cultura, Artes e Patrim\u00f4nio","link":"https:\/\/www.diariodeouropreto.com.br\/pt\/Editoria\/culturaeartes\/"},"img":{"alt_text":"","src":"https:\/\/i0.wp.com\/www.diariodeouropreto.com.br\/wp-content\/uploads\/2025\/07\/DJI_0052.jpg?resize=350%2C200&ssl=1","width":350,"height":200,"srcset":"https:\/\/i0.wp.com\/www.diariodeouropreto.com.br\/wp-content\/uploads\/2025\/07\/DJI_0052.jpg?resize=350%2C200&ssl=1 1x, https:\/\/i0.wp.com\/www.diariodeouropreto.com.br\/wp-content\/uploads\/2025\/07\/DJI_0052.jpg?resize=525%2C300&ssl=1 1.5x, https:\/\/i0.wp.com\/www.diariodeouropreto.com.br\/wp-content\/uploads\/2025\/07\/DJI_0052.jpg?resize=700%2C400&ssl=1 2x"},"classes":[]},{"id":17332,"url":"https:\/\/www.diariodeouropreto.com.br\/pt\/julifest-eune-cerca-de-100-mil-pessoas-com-programacao-diversificada-e-seguranca\/","url_meta":{"origin":50807,"position":1},"title":"Julifest re\u00fane cerca de 100 mil pessoas com programa\u00e7\u00e3o diversificada e seguran\u00e7a","author":"Di\u00e1rio de Ouro Preto","date":"20 de Julho de 2022","format":false,"excerpt":"Reunindo cerca de 100 mil pessoas durante os quatro dias de evento, a 29\u00aa Julifest, realizada entre 14 e 17 de julho, foi oficialmente a maior edi\u00e7\u00e3o de todos os tempos. Com recorde de p\u00fablico em Itabirito, a festa marcou a retomada presencial do evento depois de mais de tr\u00eas\u2026","rel":"","context":"In &quot;Cultura, Artes e Patrim\u00f4nio&quot;","block_context":{"text":"Cultura, Artes e Patrim\u00f4nio","link":"https:\/\/www.diariodeouropreto.com.br\/pt\/Editoria\/culturaeartes\/"},"img":{"alt_text":"","src":"https:\/\/i0.wp.com\/www.diariodeouropreto.com.br\/wp-content\/uploads\/2022\/07\/m_91_0_1_19072022142311.jpg?resize=350%2C200&ssl=1","width":350,"height":200,"srcset":"https:\/\/i0.wp.com\/www.diariodeouropreto.com.br\/wp-content\/uploads\/2022\/07\/m_91_0_1_19072022142311.jpg?resize=350%2C200&ssl=1 1x, https:\/\/i0.wp.com\/www.diariodeouropreto.com.br\/wp-content\/uploads\/2022\/07\/m_91_0_1_19072022142311.jpg?resize=525%2C300&ssl=1 1.5x, https:\/\/i0.wp.com\/www.diariodeouropreto.com.br\/wp-content\/uploads\/2022\/07\/m_91_0_1_19072022142311.jpg?resize=700%2C400&ssl=1 2x"},"classes":[]},{"id":16668,"url":"https:\/\/www.diariodeouropreto.com.br\/pt\/prefeitura-de-itabirito-realiza-sorteio-de-bandas-locais-que-se-apresentarao-do-evento\/","url_meta":{"origin":50807,"position":2},"title":"Prefeitura de Itabirito realiza sorteio de bandas locais que se apresentar\u00e3o do evento","author":"Di\u00e1rio de Ouro Preto","date":"10 de Junho de 2022","format":false,"excerpt":"A Prefeitura de Itabirito, por meio da Secretaria de Patrim\u00f4nio Cultural e Turismo, sorteou nessa quinta-feira, dia 9 de junho, as 21 bandas locais que se apresentar\u00e3o durante a Julifest 2022. As atra\u00e7\u00f5es ser\u00e3o contratadas conforme as regras do credenciamento art\u00edstico aberto at\u00e9 o \u00faltimo dia 30 de maio. \"A\u2026","rel":"","context":"In &quot;Itabirito&quot;","block_context":{"text":"Itabirito","link":"https:\/\/www.diariodeouropreto.com.br\/pt\/Editoria\/itabirito\/"},"img":{"alt_text":"","src":"https:\/\/i0.wp.com\/www.diariodeouropreto.com.br\/wp-content\/uploads\/2022\/06\/Foto-Julifest-I-Sorteio-de-bandas-locais.jpg?resize=350%2C200&ssl=1","width":350,"height":200,"srcset":"https:\/\/i0.wp.com\/www.diariodeouropreto.com.br\/wp-content\/uploads\/2022\/06\/Foto-Julifest-I-Sorteio-de-bandas-locais.jpg?resize=350%2C200&ssl=1 1x, https:\/\/i0.wp.com\/www.diariodeouropreto.com.br\/wp-content\/uploads\/2022\/06\/Foto-Julifest-I-Sorteio-de-bandas-locais.jpg?resize=525%2C300&ssl=1 1.5x, https:\/\/i0.wp.com\/www.diariodeouropreto.com.br\/wp-content\/uploads\/2022\/06\/Foto-Julifest-I-Sorteio-de-bandas-locais.jpg?resize=700%2C400&ssl=1 2x"},"classes":[]},{"id":17112,"url":"https:\/\/www.diariodeouropreto.com.br\/pt\/itabirito-tera-baroes-da-pisadinha-iza-dudu-nobre\/","url_meta":{"origin":50807,"position":3},"title":"Itabirito ter\u00e1 Bar\u00f5es da Pisadinha, Iza, Dudu Nobre, Lagum, Dennis DJ e Diego &#038; Victor Hugo na maior Julifest da hist\u00f3ria","author":"Di\u00e1rio de Ouro Preto","date":"6 de Julho de 2022","format":false,"excerpt":"\u00a0 Na contagem regressiva para a 29\u00aa Julifest, a Prefeitura de Itabirito, por meio da\u00a0\u00a0Secretaria de Patrim\u00f4nio Cultural e Turismo, divulgou nesta segunda-feira, dia 4 de\u00a0julho, a programa\u00e7\u00e3o oficial da maior edi\u00e7\u00e3o da hist\u00f3ria do evento.\u00a0 Com entrada franca, a Julifest acontecer\u00e1 entre 14 e 17 de julho, na Pra\u00e7a\u2026","rel":"","context":"In &quot;Itabirito&quot;","block_context":{"text":"Itabirito","link":"https:\/\/www.diariodeouropreto.com.br\/pt\/Editoria\/itabirito\/"},"img":{"alt_text":"","src":"https:\/\/i0.wp.com\/www.diariodeouropreto.com.br\/wp-content\/uploads\/2022\/07\/Julifest-Itabirito.png?resize=350%2C200&ssl=1","width":350,"height":200,"srcset":"https:\/\/i0.wp.com\/www.diariodeouropreto.com.br\/wp-content\/uploads\/2022\/07\/Julifest-Itabirito.png?resize=350%2C200&ssl=1 1x, https:\/\/i0.wp.com\/www.diariodeouropreto.com.br\/wp-content\/uploads\/2022\/07\/Julifest-Itabirito.png?resize=525%2C300&ssl=1 1.5x, https:\/\/i0.wp.com\/www.diariodeouropreto.com.br\/wp-content\/uploads\/2022\/07\/Julifest-Itabirito.png?resize=700%2C400&ssl=1 2x, https:\/\/i0.wp.com\/www.diariodeouropreto.com.br\/wp-content\/uploads\/2022\/07\/Julifest-Itabirito.png?resize=1050%2C600&ssl=1 3x"},"classes":[]},{"id":17267,"url":"https:\/\/www.diariodeouropreto.com.br\/pt\/julifest-segura-itabirito-implanta-sistema-de-denuncia-de-assedio-sexual-por-meio-do-aplicativo-oficial\/","url_meta":{"origin":50807,"position":4},"title":"Julifest segura: Itabirito implanta sistema de den\u00fancia de ass\u00e9dio sexual por meio do aplicativo oficial","author":"Di\u00e1rio de Ouro Preto","date":"14 de Julho de 2022","format":false,"excerpt":"Aliando inova\u00e7\u00e3o e mais seguran\u00e7a para as milhares de pessoas que comparecer\u00e3o \u00e0 29\u00aa Julifest, a Prefeitura de Itabirito implantou um sistema de den\u00fancia de ass\u00e9dio sexual por meio do aplicativo oficial, dispon\u00edvel na Play Store (Android) e na Apple Store (iOS). O evento come\u00e7a nesta quinta-feira, dia 14 de\u2026","rel":"","context":"In &quot;Itabirito&quot;","block_context":{"text":"Itabirito","link":"https:\/\/www.diariodeouropreto.com.br\/pt\/Editoria\/itabirito\/"},"img":{"alt_text":"","src":"https:\/\/i0.wp.com\/www.diariodeouropreto.com.br\/wp-content\/uploads\/2022\/07\/Julifest-I-Segura.jpeg?resize=350%2C200&ssl=1","width":350,"height":200,"srcset":"https:\/\/i0.wp.com\/www.diariodeouropreto.com.br\/wp-content\/uploads\/2022\/07\/Julifest-I-Segura.jpeg?resize=350%2C200&ssl=1 1x, https:\/\/i0.wp.com\/www.diariodeouropreto.com.br\/wp-content\/uploads\/2022\/07\/Julifest-I-Segura.jpeg?resize=525%2C300&ssl=1 1.5x, https:\/\/i0.wp.com\/www.diariodeouropreto.com.br\/wp-content\/uploads\/2022\/07\/Julifest-I-Segura.jpeg?resize=700%2C400&ssl=1 2x, https:\/\/i0.wp.com\/www.diariodeouropreto.com.br\/wp-content\/uploads\/2022\/07\/Julifest-I-Segura.jpeg?resize=1050%2C600&ssl=1 3x"},"classes":[]},{"id":8053,"url":"https:\/\/www.diariodeouropreto.com.br\/pt\/itabirito-implanta-central-de-vacinacao-contra-covid-19-na-area-da-julifest\/","url_meta":{"origin":50807,"position":5},"title":"Itabirito implanta Central de Vacina\u00e7\u00e3o contra Covid-19 na \u00e1rea da Julifest","author":"Di\u00e1rio de Ouro Preto","date":"8 de Maio de 2021","format":false,"excerpt":"Itabirito- Com o objetivo de garantir mais seguran\u00e7a \u00e0 popula\u00e7\u00e3o e evitar aglomera\u00e7\u00f5es, a Prefeitura implantou nesta sexta-feira, dia 7 de maio, a Central de Vacina\u00e7\u00e3o contra a Covid-19, na \u00e1rea da Julifest. Em ordem decrescente, conforme o Plano Nacional de Imuniza\u00e7\u00e3o (PNI), nesta sexta-feira est\u00e3o sendo vacinados idosos de\u2026","rel":"","context":"In &quot;Itabirito&quot;","block_context":{"text":"Itabirito","link":"https:\/\/www.diariodeouropreto.com.br\/pt\/Editoria\/itabirito\/"},"img":{"alt_text":"","src":"https:\/\/i0.wp.com\/www.diariodeouropreto.com.br\/wp-content\/uploads\/2021\/05\/Central-de-Vacinacao-1.jpg?resize=350%2C200&ssl=1","width":350,"height":200,"srcset":"https:\/\/i0.wp.com\/www.diariodeouropreto.com.br\/wp-content\/uploads\/2021\/05\/Central-de-Vacinacao-1.jpg?resize=350%2C200&ssl=1 1x, https:\/\/i0.wp.com\/www.diariodeouropreto.com.br\/wp-content\/uploads\/2021\/05\/Central-de-Vacinacao-1.jpg?resize=525%2C300&ssl=1 1.5x, https:\/\/i0.wp.com\/www.diariodeouropreto.com.br\/wp-content\/uploads\/2021\/05\/Central-de-Vacinacao-1.jpg?resize=700%2C400&ssl=1 2x, https:\/\/i0.wp.com\/www.diariodeouropreto.com.br\/wp-content\/uploads\/2021\/05\/Central-de-Vacinacao-1.jpg?resize=1050%2C600&ssl=1 3x"},"classes":[]}],"jetpack_sharing_enabled":true,"amp_enabled":true,"_links":{"self":[{"href":"https:\/\/www.diariodeouropreto.com.br\/pt\/wp-json\/wp\/v2\/posts\/50807","targetHints":{"allow":["GET"]}}],"collection":[{"href":"https:\/\/www.diariodeouropreto.com.br\/pt\/wp-json\/wp\/v2\/posts"}],"about":[{"href":"https:\/\/www.diariodeouropreto.com.br\/pt\/wp-json\/wp\/v2\/types\/post"}],"author":[{"embeddable":true,"href":"https:\/\/www.diariodeouropreto.com.br\/pt\/wp-json\/wp\/v2\/users\/1"}],"replies":[{"embeddable":true,"href":"https:\/\/www.diariodeouropreto.com.br\/pt\/wp-json\/wp\/v2\/comments?post=50807"}],"version-history":[{"count":1,"href":"https:\/\/www.diariodeouropreto.com.br\/pt\/wp-json\/wp\/v2\/posts\/50807\/revisions"}],"predecessor-version":[{"id":50809,"href":"https:\/\/www.diariodeouropreto.com.br\/pt\/wp-json\/wp\/v2\/posts\/50807\/revisions\/50809"}],"wp:featuredmedia":[{"embeddable":true,"href":"https:\/\/www.diariodeouropreto.com.br\/pt\/wp-json\/wp\/v2\/media\/50808"}],"wp:attachment":[{"href":"https:\/\/www.diariodeouropreto.com.br\/pt\/wp-json\/wp\/v2\/media?parent=50807"}],"wp:term":[{"taxonomy":"category","embeddable":true,"href":"https:\/\/www.diariodeouropreto.com.br\/pt\/wp-json\/wp\/v2\/categories?post=50807"},{"taxonomy":"post_tag","embeddable":true,"href":"https:\/\/www.diariodeouropreto.com.br\/pt\/wp-json\/wp\/v2\/tags?post=50807"}],"curies":[{"name":"wp","href":"https:\/\/api.w.org\/{rel}","templated":true}]}}