{"id":50799,"date":"2026-03-10T10:52:12","date_gmt":"2026-03-10T13:52:12","guid":{"rendered":"https:\/\/www.diariodeouropreto.com.br\/?p=50799"},"modified":"2026-03-10T10:52:18","modified_gmt":"2026-03-10T13:52:18","slug":"sobe-para-140-numero-de-casos-confirmados-de-mpox-no-pais-em-2026","status":"publish","type":"post","link":"https:\/\/www.diariodeouropreto.com.br\/pt\/sobe-para-140-numero-de-casos-confirmados-de-mpox-no-pais-em-2026\/","title":{"rendered":"Sobe para 140 n\u00famero de casos confirmados de Mpox no pa\u00eds, em 2026"},"content":{"rendered":"<p><strong>Estado que mais registrou casos da doen\u00e7a foi S\u00e3o Paulo, com 93<\/strong><\/p>\n\n\n\n<p><strong>O n\u00famero de casos confirmados de Mpox no pa\u00eds subiu para 140 desde o in\u00edcio de 2026.&nbsp;<\/strong>N\u00e3o houve registro de mortes decorrentes da doen\u00e7a no per\u00edodo. Os casos suspeitos somam 539; al\u00e9m de 9 prov\u00e1veis. Os dados s\u00e3o do Minist\u00e9rio da Sa\u00fade e foram atualizados nesta segunda-feira (9).<img decoding=\"async\" src=\"https:\/\/agenciabrasil.ebc.com.br\/ebc.png?id=1681319&amp;o=node\"><img decoding=\"async\" src=\"https:\/\/agenciabrasil.ebc.com.br\/ebc.gif?id=1681319&amp;o=node\"><\/p>\n\n\n\n<p>Em janeiro, o n\u00famero de casos confirmados e prov\u00e1veis totalizou 68; em fevereiro, 70; e em mar\u00e7o, 11.&nbsp;<strong>No ano, o estado que mais registrou casos da doen\u00e7a foi S\u00e3o Paulo (93), seguido pelo Rio de Janeiro (18) e Rond\u00f4nia (11).<\/strong><\/p>\n\n\n\n<h2 class=\"wp-block-heading\">Mpox<\/h2>\n\n\n\n<p>A Mpox \u00e9 uma doen\u00e7a do mesmo g\u00eanero da var\u00edola humana, mas geralmente menos letal.&nbsp;<strong>Trata-se de uma doen\u00e7a zoon\u00f3tica viral em que a transmiss\u00e3o para humanos pode ocorrer por meio do contato com pessoas infectadas pelo Mpox v\u00edrus, materiais contaminados com o v\u00edrus, ou animais silvestres infectados.<\/strong><\/p>\n\n\n\n<p>Os sinais e sintomas, em geral, incluem erup\u00e7\u00e3o cut\u00e2nea ou les\u00f5es de pele, linfonodos inchados (\u00ednguas), febre, dor de cabe\u00e7a, dores no corpo, calafrio, e fraqueza.<\/p>\n\n\n\n<div id=\"110712\" class=\"advads-saneouro advads-entity-placement\" style=\"margin-left: auto;margin-right: auto;text-align: center;\"><a href=\"https:\/\/www.saneouro.com.br\/\" target=\"_blank\" aria-label=\"DOP_Site\" data-wpel-link=\"external\" rel=\"follow external noopener noreferrer sponsored ugc\"><img src=\"https:\/\/www.diariodeouropreto.com.br\/wp-content\/uploads\/2026\/04\/DOP_Site.jpg\" alt=\"\"  srcset=\"https:\/\/www.diariodeouropreto.com.br\/wp-content\/uploads\/2026\/04\/DOP_Site.jpg 301w, https:\/\/www.diariodeouropreto.com.br\/wp-content\/uploads\/2026\/04\/DOP_Site-180x150.jpg 180w, https:\/\/www.diariodeouropreto.com.br\/wp-content\/uploads\/2026\/04\/DOP_Site-14x12.jpg 14w\" sizes=\"(max-width: 301px) 100vw, 301px\" width=\"301\" height=\"251\"  style=\"display: inline-block;\" \/><\/a><\/div><p>Pessoas com sintomas compat\u00edveis devem procurar uma unidade de sa\u00fade para avalia\u00e7\u00e3o. Recomenda-se evitar o contato pr\u00f3ximo com outras pessoas.<\/p>\n\n\n\n<p><\/p>\n\n\n\n<p><a href=\"https:\/\/agenciabrasil.ebc.com.br\/saude\/noticia\/2026-02\/brasil-registra-88-casos-de-mpox-em-2026-saiba-como-evitar-doenca\" data-wpel-link=\"external\" target=\"_blank\" rel=\"follow external noopener noreferrer sponsored ugc\"><\/a><\/p>\n\n\n\n<div id=\"50321\" class=\"advads-plantao advads-entity-placement\"><a href=\"https:\/\/www.diariodeouropreto.com.br\/pt\/\" target=\"_blank\" aria-label=\"site &#8211; noticia\" data-wpel-link=\"external\" rel=\"follow external noopener noreferrer sponsored ugc\"><img src=\"https:\/\/www.diariodeouropreto.com.br\/wp-content\/uploads\/2019\/09\/titulosite2-e1616373489755.jpg\" alt=\"\"  srcset=\"https:\/\/www.diariodeouropreto.com.br\/wp-content\/uploads\/2019\/09\/titulosite2-e1616373489755.jpg 1200w, https:\/\/www.diariodeouropreto.com.br\/wp-content\/uploads\/2019\/09\/titulosite2-e1616373489755-150x38.jpg 150w, https:\/\/www.diariodeouropreto.com.br\/wp-content\/uploads\/2019\/09\/titulosite2-e1616373489755-660x167.jpg 660w, https:\/\/www.diariodeouropreto.com.br\/wp-content\/uploads\/2019\/09\/titulosite2-e1616373489755-768x194.jpg 768w, https:\/\/www.diariodeouropreto.com.br\/wp-content\/uploads\/2019\/09\/titulosite2-e1616373489755-1000x252.jpg 1000w, https:\/\/www.diariodeouropreto.com.br\/wp-content\/uploads\/2019\/09\/titulosite2-e1616373489755-1536x388.jpg 1536w, https:\/\/www.diariodeouropreto.com.br\/wp-content\/uploads\/2019\/09\/titulosite2-e1616373489755-2048x517.jpg 2048w\" sizes=\"(max-width: 1200px) 100vw, 1200px\" width=\"1200\" height=\"303\"  style=\"display: inline-block;\" \/><\/a><\/div><p>Por: Bruno Bocchini \u2013 Rep\u00f3rter da Ag\u00eancia Brasil<\/p>\n\n\n\n<p><\/p>","protected":false},"excerpt":{"rendered":"<p>Estado que mais registrou casos da doen\u00e7a foi S\u00e3o Paulo, com 93 O n\u00famero de casos confirmados de Mpox no pa\u00eds subiu para 140 desde o in\u00edcio de 2026.&nbsp;N\u00e3o houve registro de mortes decorrentes da doen\u00e7a no per\u00edodo. Os casos suspeitos somam 539; al\u00e9m de 9 prov\u00e1veis. Os dados s\u00e3o<span class=\"more-link\"><a href=\"https:\/\/www.diariodeouropreto.com.br\/pt\/sobe-para-140-numero-de-casos-confirmados-de-mpox-no-pais-em-2026\/\" data-wpel-link=\"internal\">Continue Lendo<\/a><\/span><\/p>","protected":false},"author":1,"featured_media":7473,"comment_status":"closed","ping_status":"closed","sticky":false,"template":"","format":"standard","meta":{"_jetpack_memberships_contains_paid_content":false,"footnotes":"","jetpack_publicize_message":"Estado que mais registrou casos da doen\u00e7a foi S\u00e3o Paulo, com 93\n","jetpack_publicize_feature_enabled":true,"jetpack_social_post_already_shared":false,"jetpack_social_options":{"image_generator_settings":{"template":"highway","default_image_id":0,"font":"","enabled":false},"version":2}},"categories":[61],"tags":[],"class_list":["entry","author-diario","post-50799","post","type-post","status-publish","format-standard","has-post-thumbnail","category-saude"],"yoast_head":"<!-- This site is optimized with the Yoast SEO plugin v27.5 - https:\/\/yoast.com\/product\/yoast-seo-wordpress\/ -->\n<title>Sobe para 140 n\u00famero de casos confirmados de Mpox no pa\u00eds, em 2026 - Di\u00e1rio de Ouro Preto<\/title>\n<meta name=\"description\" content=\"Estado que mais registrou casos da doen\u00e7a foi S\u00e3o Paulo, com 93 - Sobe para 140 n\u00famero de casos confirmados de Mpox no pa\u00eds, em 2026\" \/>\n<meta name=\"robots\" content=\"index, follow, max-snippet:-1, max-image-preview:large, max-video-preview:-1\" \/>\n<link rel=\"canonical\" href=\"https:\/\/www.diariodeouropreto.com.br\/pt\/sobe-para-140-numero-de-casos-confirmados-de-mpox-no-pais-em-2026\/\" \/>\n<meta property=\"og:locale\" content=\"pt_PT\" \/>\n<meta property=\"og:type\" content=\"article\" \/>\n<meta property=\"og:title\" content=\"Sobe para 140 n\u00famero de casos confirmados de Mpox no pa\u00eds, em 2026 - Di\u00e1rio de Ouro Preto\" \/>\n<meta property=\"og:description\" content=\"Estado que mais registrou casos da doen\u00e7a foi S\u00e3o Paulo, com 93 - Sobe para 140 n\u00famero de casos confirmados de Mpox no pa\u00eds, em 2026\" \/>\n<meta property=\"og:url\" content=\"https:\/\/www.diariodeouropreto.com.br\/pt\/sobe-para-140-numero-de-casos-confirmados-de-mpox-no-pais-em-2026\/\" \/>\n<meta property=\"og:site_name\" content=\"Di\u00e1rio de Ouro Preto\" \/>\n<meta property=\"article:publisher\" content=\"https:\/\/www.facebook.com\/diariodeouropreto\/\" \/>\n<meta property=\"article:published_time\" content=\"2026-03-10T13:52:12+00:00\" \/>\n<meta property=\"article:modified_time\" content=\"2026-03-10T13:52:18+00:00\" \/>\n<meta property=\"og:image\" content=\"https:\/\/www.diariodeouropreto.com.br\/wp-content\/uploads\/2021\/04\/capa-noticia-geral-e1617738740372.png\" \/>\n\t<meta property=\"og:image:width\" content=\"600\" \/>\n\t<meta property=\"og:image:height\" content=\"300\" \/>\n\t<meta property=\"og:image:type\" content=\"image\/png\" \/>\n<meta name=\"author\" content=\"Di\u00e1rio de Ouro Preto\" \/>\n<meta name=\"twitter:card\" content=\"summary_large_image\" \/>\n<meta name=\"twitter:label1\" content=\"Escrito por\" \/>\n\t<meta name=\"twitter:data1\" content=\"Di\u00e1rio de Ouro Preto\" \/>\n\t<meta name=\"twitter:label2\" content=\"Tempo estimado de leitura\" \/>\n\t<meta name=\"twitter:data2\" content=\"2 minutos\" \/>\n<script type=\"application\/ld+json\" class=\"yoast-schema-graph\">{\"@context\":\"https:\\\/\\\/schema.org\",\"@graph\":[{\"@type\":\"Article\",\"@id\":\"https:\\\/\\\/www.diariodeouropreto.com.br\\\/sobe-para-140-numero-de-casos-confirmados-de-mpox-no-pais-em-2026\\\/#article\",\"isPartOf\":{\"@id\":\"https:\\\/\\\/www.diariodeouropreto.com.br\\\/sobe-para-140-numero-de-casos-confirmados-de-mpox-no-pais-em-2026\\\/\"},\"author\":{\"name\":\"Di\u00e1rio de Ouro Preto\",\"@id\":\"https:\\\/\\\/www.diariodeouropreto.com.br\\\/pt\\\/#\\\/schema\\\/person\\\/7654e7b471204a6dab6dc0ce6e140c99\"},\"headline\":\"Sobe para 140 n\u00famero de casos confirmados de Mpox no pa\u00eds, em 2026\",\"datePublished\":\"2026-03-10T13:52:12+00:00\",\"dateModified\":\"2026-03-10T13:52:18+00:00\",\"mainEntityOfPage\":{\"@id\":\"https:\\\/\\\/www.diariodeouropreto.com.br\\\/sobe-para-140-numero-de-casos-confirmados-de-mpox-no-pais-em-2026\\\/\"},\"wordCount\":244,\"publisher\":{\"@id\":\"https:\\\/\\\/www.diariodeouropreto.com.br\\\/pt\\\/#organization\"},\"image\":{\"@id\":\"https:\\\/\\\/www.diariodeouropreto.com.br\\\/sobe-para-140-numero-de-casos-confirmados-de-mpox-no-pais-em-2026\\\/#primaryimage\"},\"thumbnailUrl\":\"https:\\\/\\\/www.diariodeouropreto.com.br\\\/wp-content\\\/uploads\\\/2021\\\/04\\\/capa-noticia-geral-e1617738740372.png\",\"articleSection\":[\"Sa\u00fade\"],\"inLanguage\":\"pt-PT\"},{\"@type\":\"WebPage\",\"@id\":\"https:\\\/\\\/www.diariodeouropreto.com.br\\\/sobe-para-140-numero-de-casos-confirmados-de-mpox-no-pais-em-2026\\\/\",\"url\":\"https:\\\/\\\/www.diariodeouropreto.com.br\\\/sobe-para-140-numero-de-casos-confirmados-de-mpox-no-pais-em-2026\\\/\",\"name\":\"Sobe para 140 n\u00famero de casos confirmados de Mpox no pa\u00eds, em 2026 - Di\u00e1rio de Ouro Preto\",\"isPartOf\":{\"@id\":\"https:\\\/\\\/www.diariodeouropreto.com.br\\\/pt\\\/#website\"},\"primaryImageOfPage\":{\"@id\":\"https:\\\/\\\/www.diariodeouropreto.com.br\\\/sobe-para-140-numero-de-casos-confirmados-de-mpox-no-pais-em-2026\\\/#primaryimage\"},\"image\":{\"@id\":\"https:\\\/\\\/www.diariodeouropreto.com.br\\\/sobe-para-140-numero-de-casos-confirmados-de-mpox-no-pais-em-2026\\\/#primaryimage\"},\"thumbnailUrl\":\"https:\\\/\\\/www.diariodeouropreto.com.br\\\/wp-content\\\/uploads\\\/2021\\\/04\\\/capa-noticia-geral-e1617738740372.png\",\"datePublished\":\"2026-03-10T13:52:12+00:00\",\"dateModified\":\"2026-03-10T13:52:18+00:00\",\"description\":\"Estado que mais registrou casos da doen\u00e7a foi S\u00e3o Paulo, com 93 - Sobe para 140 n\u00famero de casos confirmados de Mpox no pa\u00eds, em 2026\",\"breadcrumb\":{\"@id\":\"https:\\\/\\\/www.diariodeouropreto.com.br\\\/sobe-para-140-numero-de-casos-confirmados-de-mpox-no-pais-em-2026\\\/#breadcrumb\"},\"inLanguage\":\"pt-PT\",\"potentialAction\":[{\"@type\":\"ReadAction\",\"target\":[\"https:\\\/\\\/www.diariodeouropreto.com.br\\\/sobe-para-140-numero-de-casos-confirmados-de-mpox-no-pais-em-2026\\\/\"]}]},{\"@type\":\"ImageObject\",\"inLanguage\":\"pt-PT\",\"@id\":\"https:\\\/\\\/www.diariodeouropreto.com.br\\\/sobe-para-140-numero-de-casos-confirmados-de-mpox-no-pais-em-2026\\\/#primaryimage\",\"url\":\"https:\\\/\\\/www.diariodeouropreto.com.br\\\/wp-content\\\/uploads\\\/2021\\\/04\\\/capa-noticia-geral-e1617738740372.png\",\"contentUrl\":\"https:\\\/\\\/www.diariodeouropreto.com.br\\\/wp-content\\\/uploads\\\/2021\\\/04\\\/capa-noticia-geral-e1617738740372.png\",\"width\":600,\"height\":300},{\"@type\":\"BreadcrumbList\",\"@id\":\"https:\\\/\\\/www.diariodeouropreto.com.br\\\/sobe-para-140-numero-de-casos-confirmados-de-mpox-no-pais-em-2026\\\/#breadcrumb\",\"itemListElement\":[{\"@type\":\"ListItem\",\"position\":1,\"name\":\"In\u00edcio\",\"item\":\"https:\\\/\\\/www.diariodeouropreto.com.br\\\/pt\\\/\"},{\"@type\":\"ListItem\",\"position\":2,\"name\":\"Sobe para 140 n\u00famero de casos confirmados de Mpox no pa\u00eds, em 2026\"}]},{\"@type\":\"WebSite\",\"@id\":\"https:\\\/\\\/www.diariodeouropreto.com.br\\\/pt\\\/#website\",\"url\":\"https:\\\/\\\/www.diariodeouropreto.com.br\\\/pt\\\/\",\"name\":\"Di\u00e1rio de Ouro Preto\",\"description\":\"Not\u00edcias Ouro Preto; Mariana;Minas Gerais;Jornal;Jornalismo;Not\u00edcias;\",\"publisher\":{\"@id\":\"https:\\\/\\\/www.diariodeouropreto.com.br\\\/pt\\\/#organization\"},\"alternateName\":\"Jornal di\u00e1rio de Ouro Preto\",\"potentialAction\":[{\"@type\":\"SearchAction\",\"target\":{\"@type\":\"EntryPoint\",\"urlTemplate\":\"https:\\\/\\\/www.diariodeouropreto.com.br\\\/pt\\\/?s={search_term_string}\"},\"query-input\":{\"@type\":\"PropertyValueSpecification\",\"valueRequired\":true,\"valueName\":\"search_term_string\"}}],\"inLanguage\":\"pt-PT\"},{\"@type\":\"Organization\",\"@id\":\"https:\\\/\\\/www.diariodeouropreto.com.br\\\/pt\\\/#organization\",\"name\":\"Di\u00e1rio de Ouro Preto\",\"alternateName\":\"Jornal di\u00e1rio Ouro Preto\",\"url\":\"https:\\\/\\\/www.diariodeouropreto.com.br\\\/pt\\\/\",\"logo\":{\"@type\":\"ImageObject\",\"inLanguage\":\"pt-PT\",\"@id\":\"https:\\\/\\\/www.diariodeouropreto.com.br\\\/pt\\\/#\\\/schema\\\/logo\\\/image\\\/\",\"url\":\"https:\\\/\\\/www.diariodeouropreto.com.br\\\/wp-content\\\/uploads\\\/2019\\\/06\\\/cropped-logotransp-2.png\",\"contentUrl\":\"https:\\\/\\\/www.diariodeouropreto.com.br\\\/wp-content\\\/uploads\\\/2019\\\/06\\\/cropped-logotransp-2.png\",\"width\":1323,\"height\":251,\"caption\":\"Di\u00e1rio de Ouro Preto\"},\"image\":{\"@id\":\"https:\\\/\\\/www.diariodeouropreto.com.br\\\/pt\\\/#\\\/schema\\\/logo\\\/image\\\/\"},\"sameAs\":[\"https:\\\/\\\/www.facebook.com\\\/diariodeouropreto\\\/\"]},{\"@type\":\"Person\",\"@id\":\"https:\\\/\\\/www.diariodeouropreto.com.br\\\/pt\\\/#\\\/schema\\\/person\\\/7654e7b471204a6dab6dc0ce6e140c99\",\"name\":\"Di\u00e1rio de Ouro Preto\",\"sameAs\":[\"http:\\\/\\\/www.diariodeouropreto.com.br\"],\"url\":\"https:\\\/\\\/www.diariodeouropreto.com.br\\\/pt\\\/author\\\/diario\\\/\"}]}<\/script>\n<!-- \/ Yoast SEO plugin. -->","yoast_head_json":{"title":"Sobe para 140 n\u00famero de casos confirmados de Mpox no pa\u00eds, em 2026 - Di\u00e1rio de Ouro Preto","description":"Estado que mais registrou casos da doen\u00e7a foi S\u00e3o Paulo, com 93 - Sobe para 140 n\u00famero de casos confirmados de Mpox no pa\u00eds, em 2026","robots":{"index":"index","follow":"follow","max-snippet":"max-snippet:-1","max-image-preview":"max-image-preview:large","max-video-preview":"max-video-preview:-1"},"canonical":"https:\/\/www.diariodeouropreto.com.br\/pt\/sobe-para-140-numero-de-casos-confirmados-de-mpox-no-pais-em-2026\/","og_locale":"pt_PT","og_type":"article","og_title":"Sobe para 140 n\u00famero de casos confirmados de Mpox no pa\u00eds, em 2026 - Di\u00e1rio de Ouro Preto","og_description":"Estado que mais registrou casos da doen\u00e7a foi S\u00e3o Paulo, com 93 - Sobe para 140 n\u00famero de casos confirmados de Mpox no pa\u00eds, em 2026","og_url":"https:\/\/www.diariodeouropreto.com.br\/pt\/sobe-para-140-numero-de-casos-confirmados-de-mpox-no-pais-em-2026\/","og_site_name":"Di\u00e1rio de Ouro Preto","article_publisher":"https:\/\/www.facebook.com\/diariodeouropreto\/","article_published_time":"2026-03-10T13:52:12+00:00","article_modified_time":"2026-03-10T13:52:18+00:00","og_image":[{"width":600,"height":300,"url":"https:\/\/www.diariodeouropreto.com.br\/wp-content\/uploads\/2021\/04\/capa-noticia-geral-e1617738740372.png","type":"image\/png"}],"author":"Di\u00e1rio de Ouro Preto","twitter_card":"summary_large_image","twitter_misc":{"Escrito por":"Di\u00e1rio de Ouro Preto","Tempo estimado de leitura":"2 minutos"},"schema":{"@context":"https:\/\/schema.org","@graph":[{"@type":"Article","@id":"https:\/\/www.diariodeouropreto.com.br\/sobe-para-140-numero-de-casos-confirmados-de-mpox-no-pais-em-2026\/#article","isPartOf":{"@id":"https:\/\/www.diariodeouropreto.com.br\/sobe-para-140-numero-de-casos-confirmados-de-mpox-no-pais-em-2026\/"},"author":{"name":"Di\u00e1rio de Ouro Preto","@id":"https:\/\/www.diariodeouropreto.com.br\/pt\/#\/schema\/person\/7654e7b471204a6dab6dc0ce6e140c99"},"headline":"Sobe para 140 n\u00famero de casos confirmados de Mpox no pa\u00eds, em 2026","datePublished":"2026-03-10T13:52:12+00:00","dateModified":"2026-03-10T13:52:18+00:00","mainEntityOfPage":{"@id":"https:\/\/www.diariodeouropreto.com.br\/sobe-para-140-numero-de-casos-confirmados-de-mpox-no-pais-em-2026\/"},"wordCount":244,"publisher":{"@id":"https:\/\/www.diariodeouropreto.com.br\/pt\/#organization"},"image":{"@id":"https:\/\/www.diariodeouropreto.com.br\/sobe-para-140-numero-de-casos-confirmados-de-mpox-no-pais-em-2026\/#primaryimage"},"thumbnailUrl":"https:\/\/www.diariodeouropreto.com.br\/wp-content\/uploads\/2021\/04\/capa-noticia-geral-e1617738740372.png","articleSection":["Sa\u00fade"],"inLanguage":"pt-PT"},{"@type":"WebPage","@id":"https:\/\/www.diariodeouropreto.com.br\/sobe-para-140-numero-de-casos-confirmados-de-mpox-no-pais-em-2026\/","url":"https:\/\/www.diariodeouropreto.com.br\/sobe-para-140-numero-de-casos-confirmados-de-mpox-no-pais-em-2026\/","name":"Sobe para 140 n\u00famero de casos confirmados de Mpox no pa\u00eds, em 2026 - Di\u00e1rio de Ouro Preto","isPartOf":{"@id":"https:\/\/www.diariodeouropreto.com.br\/pt\/#website"},"primaryImageOfPage":{"@id":"https:\/\/www.diariodeouropreto.com.br\/sobe-para-140-numero-de-casos-confirmados-de-mpox-no-pais-em-2026\/#primaryimage"},"image":{"@id":"https:\/\/www.diariodeouropreto.com.br\/sobe-para-140-numero-de-casos-confirmados-de-mpox-no-pais-em-2026\/#primaryimage"},"thumbnailUrl":"https:\/\/www.diariodeouropreto.com.br\/wp-content\/uploads\/2021\/04\/capa-noticia-geral-e1617738740372.png","datePublished":"2026-03-10T13:52:12+00:00","dateModified":"2026-03-10T13:52:18+00:00","description":"Estado que mais registrou casos da doen\u00e7a foi S\u00e3o Paulo, com 93 - Sobe para 140 n\u00famero de casos confirmados de Mpox no pa\u00eds, em 2026","breadcrumb":{"@id":"https:\/\/www.diariodeouropreto.com.br\/sobe-para-140-numero-de-casos-confirmados-de-mpox-no-pais-em-2026\/#breadcrumb"},"inLanguage":"pt-PT","potentialAction":[{"@type":"ReadAction","target":["https:\/\/www.diariodeouropreto.com.br\/sobe-para-140-numero-de-casos-confirmados-de-mpox-no-pais-em-2026\/"]}]},{"@type":"ImageObject","inLanguage":"pt-PT","@id":"https:\/\/www.diariodeouropreto.com.br\/sobe-para-140-numero-de-casos-confirmados-de-mpox-no-pais-em-2026\/#primaryimage","url":"https:\/\/www.diariodeouropreto.com.br\/wp-content\/uploads\/2021\/04\/capa-noticia-geral-e1617738740372.png","contentUrl":"https:\/\/www.diariodeouropreto.com.br\/wp-content\/uploads\/2021\/04\/capa-noticia-geral-e1617738740372.png","width":600,"height":300},{"@type":"BreadcrumbList","@id":"https:\/\/www.diariodeouropreto.com.br\/sobe-para-140-numero-de-casos-confirmados-de-mpox-no-pais-em-2026\/#breadcrumb","itemListElement":[{"@type":"ListItem","position":1,"name":"In\u00edcio","item":"https:\/\/www.diariodeouropreto.com.br\/pt\/"},{"@type":"ListItem","position":2,"name":"Sobe para 140 n\u00famero de casos confirmados de Mpox no pa\u00eds, em 2026"}]},{"@type":"WebSite","@id":"https:\/\/www.diariodeouropreto.com.br\/pt\/#website","url":"https:\/\/www.diariodeouropreto.com.br\/pt\/","name":"Di\u00e1rio de Ouro Preto","description":"Not\u00edcias Ouro Preto; Mariana;Minas Gerais;Jornal;Jornalismo;Not\u00edcias;","publisher":{"@id":"https:\/\/www.diariodeouropreto.com.br\/pt\/#organization"},"alternateName":"Jornal di\u00e1rio de Ouro Preto","potentialAction":[{"@type":"SearchAction","target":{"@type":"EntryPoint","urlTemplate":"https:\/\/www.diariodeouropreto.com.br\/pt\/?s={search_term_string}"},"query-input":{"@type":"PropertyValueSpecification","valueRequired":true,"valueName":"search_term_string"}}],"inLanguage":"pt-PT"},{"@type":"Organization","@id":"https:\/\/www.diariodeouropreto.com.br\/pt\/#organization","name":"Di\u00e1rio de Ouro Preto","alternateName":"Jornal di\u00e1rio Ouro Preto","url":"https:\/\/www.diariodeouropreto.com.br\/pt\/","logo":{"@type":"ImageObject","inLanguage":"pt-PT","@id":"https:\/\/www.diariodeouropreto.com.br\/pt\/#\/schema\/logo\/image\/","url":"https:\/\/www.diariodeouropreto.com.br\/wp-content\/uploads\/2019\/06\/cropped-logotransp-2.png","contentUrl":"https:\/\/www.diariodeouropreto.com.br\/wp-content\/uploads\/2019\/06\/cropped-logotransp-2.png","width":1323,"height":251,"caption":"Di\u00e1rio de Ouro Preto"},"image":{"@id":"https:\/\/www.diariodeouropreto.com.br\/pt\/#\/schema\/logo\/image\/"},"sameAs":["https:\/\/www.facebook.com\/diariodeouropreto\/"]},{"@type":"Person","@id":"https:\/\/www.diariodeouropreto.com.br\/pt\/#\/schema\/person\/7654e7b471204a6dab6dc0ce6e140c99","name":"Di\u00e1rio de Ouro Preto","sameAs":["http:\/\/www.diariodeouropreto.com.br"],"url":"https:\/\/www.diariodeouropreto.com.br\/pt\/author\/diario\/"}]}},"jetpack_publicize_connections":[],"jetpack_featured_media_url":"https:\/\/www.diariodeouropreto.com.br\/wp-content\/uploads\/2021\/04\/capa-noticia-geral-e1617738740372.png","jetpack-related-posts":[{"id":7800,"url":"https:\/\/www.diariodeouropreto.com.br\/pt\/numero-de-novos-casos-da-covid-19-cai-7-em-uma-semana\/","url_meta":{"origin":50799,"position":0},"title":"N\u00famero de novos casos da covid-19 cai 7% em uma semana","author":"Di\u00e1rio de Ouro Preto","date":"24 de Abril de 2021","format":false,"excerpt":"O Brasil fechou a \u00faltima semana epidemiol\u00f3gica (Semana 15) com uma redu\u00e7\u00e3o de 7% no n\u00famero de casos confirmados da doen\u00e7a. Os n\u00fameros foram atualizados em balan\u00e7o do Minist\u00e9rio da Sa\u00fade nesta quinta-feira (22). Entre os dias 11 e 17 de abril, foram 455.085 casos, o que significa 36.324 a\u2026","rel":"","context":"In &quot;Sa\u00fade&quot;","block_context":{"text":"Sa\u00fade","link":"https:\/\/www.diariodeouropreto.com.br\/pt\/Editoria\/saude\/"},"img":{"alt_text":"","src":"https:\/\/i0.wp.com\/www.diariodeouropreto.com.br\/wp-content\/uploads\/2021\/04\/capa-noticia-geral-e1617738740372.png?resize=350%2C200&ssl=1","width":350,"height":200,"srcset":"https:\/\/i0.wp.com\/www.diariodeouropreto.com.br\/wp-content\/uploads\/2021\/04\/capa-noticia-geral-e1617738740372.png?resize=350%2C200&ssl=1 1x, https:\/\/i0.wp.com\/www.diariodeouropreto.com.br\/wp-content\/uploads\/2021\/04\/capa-noticia-geral-e1617738740372.png?resize=525%2C300&ssl=1 1.5x"},"classes":[]},{"id":3534,"url":"https:\/\/www.diariodeouropreto.com.br\/pt\/covid-19-brasil-tem-mais-de-27-mil-novos-casos-nas-ultimas-24-horas\/","url_meta":{"origin":50799,"position":1},"title":"Covid-19: Brasil tem mais de 27 mil novos casos nas \u00faltimas 24 horas","author":"Di\u00e1rio de Ouro Preto","date":"7 de Junho de 2020","format":false,"excerpt":"Bras\u00edlia - Balan\u00e7o divulgado na noite desse s\u00e1bado (6) pelo Minist\u00e9rio da Sa\u00fade mostrou que nas \u00faltimas 24 horas foram registrados mais 904 \u00f3bitos por covid-19 no Brasil. Nesse per\u00edodo, foram confirmados mais 27.075 casos da doen\u00e7a e 10.209 recuperados. Desde a \u00faltima sexta-feira (5), o Minist\u00e9rio da Sa\u00fade parou\u2026","rel":"","context":"In &quot;Brasil&quot;","block_context":{"text":"Brasil","link":"https:\/\/www.diariodeouropreto.com.br\/pt\/Editoria\/brasil\/"},"img":{"alt_text":"","src":"https:\/\/i0.wp.com\/www.diariodeouropreto.com.br\/wp-content\/uploads\/2020\/06\/2020-05-07t190357z_1_lynxmpeg461xz_rtroptp_4_health-coronavirus-brazil-hospital.jpg?resize=350%2C200&ssl=1","width":350,"height":200,"srcset":"https:\/\/i0.wp.com\/www.diariodeouropreto.com.br\/wp-content\/uploads\/2020\/06\/2020-05-07t190357z_1_lynxmpeg461xz_rtroptp_4_health-coronavirus-brazil-hospital.jpg?resize=350%2C200&ssl=1 1x, https:\/\/i0.wp.com\/www.diariodeouropreto.com.br\/wp-content\/uploads\/2020\/06\/2020-05-07t190357z_1_lynxmpeg461xz_rtroptp_4_health-coronavirus-brazil-hospital.jpg?resize=525%2C300&ssl=1 1.5x, https:\/\/i0.wp.com\/www.diariodeouropreto.com.br\/wp-content\/uploads\/2020\/06\/2020-05-07t190357z_1_lynxmpeg461xz_rtroptp_4_health-coronavirus-brazil-hospital.jpg?resize=700%2C400&ssl=1 2x, https:\/\/i0.wp.com\/www.diariodeouropreto.com.br\/wp-content\/uploads\/2020\/06\/2020-05-07t190357z_1_lynxmpeg461xz_rtroptp_4_health-coronavirus-brazil-hospital.jpg?resize=1050%2C600&ssl=1 3x"},"classes":[]},{"id":42105,"url":"https:\/\/www.diariodeouropreto.com.br\/pt\/brasil-encerrou-janeiro-com-mais-de-180-mil-casos-de-dengue-e-38-morte\/","url_meta":{"origin":50799,"position":2},"title":"Brasil encerrou janeiro com mais de 180 mil casos de dengue e 38 morte","author":"Di\u00e1rio de Ouro Preto","date":"3 de Fevereiro de 2025","format":false,"excerpt":"Informa\u00e7\u00f5es foram divulgadas pelo Minist\u00e9rio da Sa\u00fade O primeiro m\u00eas de 2025 registrou um total de 170.376 casos prov\u00e1veis de dengue em todo o pa\u00eds, al\u00e9m de 38 mortes confirmadas e 201 \u00f3bitos em investiga\u00e7\u00e3o para a doen\u00e7a. Dados do Painel de Monitoramento de Arboviroses do Minist\u00e9rio da Sa\u00fade indicam\u2026","rel":"","context":"In &quot;Sa\u00fade&quot;","block_context":{"text":"Sa\u00fade","link":"https:\/\/www.diariodeouropreto.com.br\/pt\/Editoria\/saude\/"},"img":{"alt_text":"","src":"https:\/\/i0.wp.com\/www.diariodeouropreto.com.br\/wp-content\/uploads\/2025\/02\/124a0012-2.webp?resize=350%2C200&ssl=1","width":350,"height":200,"srcset":"https:\/\/i0.wp.com\/www.diariodeouropreto.com.br\/wp-content\/uploads\/2025\/02\/124a0012-2.webp?resize=350%2C200&ssl=1 1x, https:\/\/i0.wp.com\/www.diariodeouropreto.com.br\/wp-content\/uploads\/2025\/02\/124a0012-2.webp?resize=525%2C300&ssl=1 1.5x, https:\/\/i0.wp.com\/www.diariodeouropreto.com.br\/wp-content\/uploads\/2025\/02\/124a0012-2.webp?resize=700%2C400&ssl=1 2x, https:\/\/i0.wp.com\/www.diariodeouropreto.com.br\/wp-content\/uploads\/2025\/02\/124a0012-2.webp?resize=1050%2C600&ssl=1 3x"},"classes":[]},{"id":31107,"url":"https:\/\/www.diariodeouropreto.com.br\/pt\/brasil-registra-mais-de-2-milhoes-de-casos-de-dengue\/","url_meta":{"origin":50799,"position":3},"title":"Brasil registra mais de 2 milh\u00f5es de casos de dengue","author":"Di\u00e1rio de Ouro Preto","date":"22 de Mar\u00e7o de 2024","format":false,"excerpt":"At\u00e9 o momento, h\u00e1 682 \u00f3bitos confirmados por conta da doen\u00e7a O Minist\u00e9rio da Sa\u00fade contabiliza mais de 2 milh\u00f5es de casos de dengue no Brasil em 2024. Do total de 2.010.896 casos prov\u00e1veis, 682 resultaram em morte \u2013 n\u00famero que pode aumentar, uma vez que h\u00e1 ainda 1.042 \u00f3bitos\u2026","rel":"","context":"In &quot;Sa\u00fade&quot;","block_context":{"text":"Sa\u00fade","link":"https:\/\/www.diariodeouropreto.com.br\/pt\/Editoria\/saude\/"},"img":{"alt_text":"","src":"https:\/\/i0.wp.com\/www.diariodeouropreto.com.br\/wp-content\/uploads\/2024\/03\/combate_dengue_14.webp?resize=350%2C200&ssl=1","width":350,"height":200,"srcset":"https:\/\/i0.wp.com\/www.diariodeouropreto.com.br\/wp-content\/uploads\/2024\/03\/combate_dengue_14.webp?resize=350%2C200&ssl=1 1x, https:\/\/i0.wp.com\/www.diariodeouropreto.com.br\/wp-content\/uploads\/2024\/03\/combate_dengue_14.webp?resize=525%2C300&ssl=1 1.5x, https:\/\/i0.wp.com\/www.diariodeouropreto.com.br\/wp-content\/uploads\/2024\/03\/combate_dengue_14.webp?resize=700%2C400&ssl=1 2x, https:\/\/i0.wp.com\/www.diariodeouropreto.com.br\/wp-content\/uploads\/2024\/03\/combate_dengue_14.webp?resize=1050%2C600&ssl=1 3x"},"classes":[]},{"id":27997,"url":"https:\/\/www.diariodeouropreto.com.br\/pt\/minas-gerais-confirma-segunda-morte-por-dengue\/","url_meta":{"origin":50799,"position":4},"title":"Minas Gerais confirma segunda morte por dengue","author":"Di\u00e1rio de Ouro Preto","date":"26 de Janeiro de 2024","format":false,"excerpt":"Estado contabiliza 49.912 casos prov\u00e1veis e 17.887 casos confirmados A Secretaria de Sa\u00fade de Minas Gerais confirmou a segunda morte por dengue em 2024. De acordo com o painel de monitoramento da doen\u00e7a, o estado contabiliza 49.912 casos prov\u00e1veis e 17.887 casos confirmados, al\u00e9m de 24 \u00f3bitos em investiga\u00e7\u00e3o. Os\u2026","rel":"","context":"In &quot;Minas Gerais&quot;","block_context":{"text":"Minas Gerais","link":"https:\/\/www.diariodeouropreto.com.br\/pt\/Editoria\/minas-gerais\/"},"img":{"alt_text":"","src":"https:\/\/i0.wp.com\/www.diariodeouropreto.com.br\/wp-content\/uploads\/2024\/01\/20230330102236_mg_7205.webp?resize=350%2C200&ssl=1","width":350,"height":200,"srcset":"https:\/\/i0.wp.com\/www.diariodeouropreto.com.br\/wp-content\/uploads\/2024\/01\/20230330102236_mg_7205.webp?resize=350%2C200&ssl=1 1x, https:\/\/i0.wp.com\/www.diariodeouropreto.com.br\/wp-content\/uploads\/2024\/01\/20230330102236_mg_7205.webp?resize=525%2C300&ssl=1 1.5x, https:\/\/i0.wp.com\/www.diariodeouropreto.com.br\/wp-content\/uploads\/2024\/01\/20230330102236_mg_7205.webp?resize=700%2C400&ssl=1 2x, https:\/\/i0.wp.com\/www.diariodeouropreto.com.br\/wp-content\/uploads\/2024\/01\/20230330102236_mg_7205.webp?resize=1050%2C600&ssl=1 3x"},"classes":[]},{"id":4659,"url":"https:\/\/www.diariodeouropreto.com.br\/pt\/brasil-registra-36-milhoes-de-casos-de-covid-19-e-1147-mil-mortes\/","url_meta":{"origin":50799,"position":5},"title":"Brasil registra 3,6 milh\u00f5es de casos de covid-19 e 114,7 mil mortes","author":"Di\u00e1rio de Ouro Preto","date":"23 de Agosto de 2020","format":false,"excerpt":"O Minist\u00e9rio da Sa\u00fade informou neste domingo (23) que o Brasil est\u00e1 com um total de 3.605.783 casos confirmados de covid-19 desde o in\u00edcio da pandemia. Entre ontem (22) e hoje, foram notificadas pelas secretarias de sa\u00fade dos estados e munic\u00edpios mais 23.421 pessoas diagnosticadas com o novo coronav\u00edrus. O\u2026","rel":"","context":"In &quot;Sa\u00fade&quot;","block_context":{"text":"Sa\u00fade","link":"https:\/\/www.diariodeouropreto.com.br\/pt\/Editoria\/saude\/"},"img":{"alt_text":"","src":"https:\/\/i0.wp.com\/www.diariodeouropreto.com.br\/wp-content\/uploads\/2020\/08\/17_07_2020_covid_testes_exame-2.jpg?resize=350%2C200&ssl=1","width":350,"height":200,"srcset":"https:\/\/i0.wp.com\/www.diariodeouropreto.com.br\/wp-content\/uploads\/2020\/08\/17_07_2020_covid_testes_exame-2.jpg?resize=350%2C200&ssl=1 1x, https:\/\/i0.wp.com\/www.diariodeouropreto.com.br\/wp-content\/uploads\/2020\/08\/17_07_2020_covid_testes_exame-2.jpg?resize=525%2C300&ssl=1 1.5x, https:\/\/i0.wp.com\/www.diariodeouropreto.com.br\/wp-content\/uploads\/2020\/08\/17_07_2020_covid_testes_exame-2.jpg?resize=700%2C400&ssl=1 2x, https:\/\/i0.wp.com\/www.diariodeouropreto.com.br\/wp-content\/uploads\/2020\/08\/17_07_2020_covid_testes_exame-2.jpg?resize=1050%2C600&ssl=1 3x"},"classes":[]}],"jetpack_sharing_enabled":true,"amp_enabled":true,"_links":{"self":[{"href":"https:\/\/www.diariodeouropreto.com.br\/pt\/wp-json\/wp\/v2\/posts\/50799","targetHints":{"allow":["GET"]}}],"collection":[{"href":"https:\/\/www.diariodeouropreto.com.br\/pt\/wp-json\/wp\/v2\/posts"}],"about":[{"href":"https:\/\/www.diariodeouropreto.com.br\/pt\/wp-json\/wp\/v2\/types\/post"}],"author":[{"embeddable":true,"href":"https:\/\/www.diariodeouropreto.com.br\/pt\/wp-json\/wp\/v2\/users\/1"}],"replies":[{"embeddable":true,"href":"https:\/\/www.diariodeouropreto.com.br\/pt\/wp-json\/wp\/v2\/comments?post=50799"}],"version-history":[{"count":1,"href":"https:\/\/www.diariodeouropreto.com.br\/pt\/wp-json\/wp\/v2\/posts\/50799\/revisions"}],"predecessor-version":[{"id":50803,"href":"https:\/\/www.diariodeouropreto.com.br\/pt\/wp-json\/wp\/v2\/posts\/50799\/revisions\/50803"}],"wp:featuredmedia":[{"embeddable":true,"href":"https:\/\/www.diariodeouropreto.com.br\/pt\/wp-json\/wp\/v2\/media\/7473"}],"wp:attachment":[{"href":"https:\/\/www.diariodeouropreto.com.br\/pt\/wp-json\/wp\/v2\/media?parent=50799"}],"wp:term":[{"taxonomy":"category","embeddable":true,"href":"https:\/\/www.diariodeouropreto.com.br\/pt\/wp-json\/wp\/v2\/categories?post=50799"},{"taxonomy":"post_tag","embeddable":true,"href":"https:\/\/www.diariodeouropreto.com.br\/pt\/wp-json\/wp\/v2\/tags?post=50799"}],"curies":[{"name":"wp","href":"https:\/\/api.w.org\/{rel}","templated":true}]}}