{"id":50796,"date":"2026-03-10T10:55:58","date_gmt":"2026-03-10T13:55:58","guid":{"rendered":"https:\/\/www.diariodeouropreto.com.br\/?p=50796"},"modified":"2026-03-10T10:56:04","modified_gmt":"2026-03-10T13:56:04","slug":"envio-de-declaracao-do-ir-comeca-na-proxima-semana-veja-regras","status":"publish","type":"post","link":"https:\/\/www.diariodeouropreto.com.br\/pt\/envio-de-declaracao-do-ir-comeca-na-proxima-semana-veja-regras\/","title":{"rendered":"Envio de declara\u00e7\u00e3o do IR come\u00e7a na pr\u00f3xima semana; veja regras"},"content":{"rendered":"<p><strong>Nova isen\u00e7\u00e3o de at\u00e9 R$ 5 mil n\u00e3o afeta declara\u00e7\u00e3o deste ano<\/strong><\/p>\n\n\n\n<p>A Receita Federal divulgar\u00e1 na pr\u00f3xima segunda-feira (16) as regras da Declara\u00e7\u00e3o do Imposto de Renda Pessoa F\u00edsica (IRPF) 2026. Embora o calend\u00e1rio oficial ainda n\u00e3o tenha sido anunciado, a expectativa \u00e9 que o prazo de entrega da declara\u00e7\u00e3o comece no dia 16 e se estenda at\u00e9 29 de maio, \u00faltimo dia \u00fatil do m\u00eas, seguindo o padr\u00e3o dos anos anteriores.<img decoding=\"async\" src=\"https:\/\/agenciabrasil.ebc.com.br\/ebc.png?id=1681284&amp;o=node\"><img decoding=\"async\" src=\"https:\/\/agenciabrasil.ebc.com.br\/ebc.gif?id=1681284&amp;o=node\"><\/p>\n\n\n\n<p>Uma das principais d\u00favidas entre os contribuintes neste ano envolve a nova faixa de isen\u00e7\u00e3o do Imposto de Renda para quem recebe at\u00e9 R$ 5 mil por m\u00eas.&nbsp;<a href=\"https:\/\/agenciabrasil.ebc.com.br\/economia\/noticia\/2025-12\/isencao-de-ir-para-quem-ganha-ate-r-5-mil-entra-em-vigor\" target=\"_blank\" rel=\"noreferrer noopener follow external sponsored ugc\" data-wpel-link=\"external\">Apesar de a medida ter entrado em vigor em 1\u00ba de janeiro<\/a>&nbsp;e&nbsp;<a href=\"https:\/\/agenciabrasil.ebc.com.br\/economia\/noticia\/2026-02\/ir-zero-para-quem-ganha-ate-r-5-mil-vale-partir-deste-mes\" target=\"_blank\" rel=\"noreferrer noopener follow external sponsored ugc\" data-wpel-link=\"external\">ter come\u00e7ado a aliviar o bolso de parte dos trabalhadores desde fevereiro<\/a>,&nbsp;<strong>a mudan\u00e7a n\u00e3o ter\u00e1 impacto na declara\u00e7\u00e3o entregue em 2026<\/strong>.<\/p>\n\n\n\n<p>Isso ocorre porque a declara\u00e7\u00e3o deste ano se refere aos rendimentos obtidos em 2025. Assim,&nbsp;<strong>a nova faixa de isen\u00e7\u00e3o s\u00f3 ter\u00e1 efeito pr\u00e1tico na declara\u00e7\u00e3o a ser apresentada em 2027.<\/strong><\/p>\n\n\n\n<p>A confus\u00e3o entre isen\u00e7\u00e3o do imposto e obrigatoriedade de entregar a declara\u00e7\u00e3o \u00e9 comum entre os contribuintes.<\/p>\n\n\n\n<p>Especialistas alertam que estar isento do pagamento mensal n\u00e3o significa automaticamente estar dispensado de prestar contas ao Fisco, j\u00e1 que a obriga\u00e7\u00e3o de declarar depende tamb\u00e9m de outros crit\u00e9rios, como patrim\u00f4nio, investimentos e opera\u00e7\u00f5es financeiras.<\/p>\n\n\n\n<h2 class=\"wp-block-heading\">Quem deve declarar o Imposto de Renda em 2026?<\/h2>\n\n\n\n<p>Com base nas regras aplicadas no \u00faltimo exerc\u00edcio fiscal, que n\u00e3o sofreram altera\u00e7\u00e3o neste ano,&nbsp;<strong>devem apresentar a declara\u00e7\u00e3o os contribuintes que, em 2025<\/strong>:<\/p>\n\n\n\n<ul class=\"wp-block-list\">\n<li>Receberam rendimentos tribut\u00e1veis, como sal\u00e1rios, aposentadorias ou alugu\u00e9is, acima de R$ 33.888;<\/li>\n\n\n\n<li>Obtiveram rendimentos isentos, n\u00e3o tribut\u00e1veis ou tributados exclusivamente na fonte superiores a R$ 200 mil;<\/li>\n\n\n\n<li>Tiveram receita bruta de atividade rural acima de R$ 169.440;<\/li>\n\n\n\n<li>Obtiveram ganho de capital na venda de bens ou direitos;<\/li>\n\n\n\n<li>Fizeram opera\u00e7\u00f5es em bolsas de valores, mercadorias ou futuros com soma superior a R$ 40 mil;<\/li>\n\n\n\n<li>Fizeram opera\u00e7\u00f5es de day trade (compra e venda na bolsa no mesmo dia) com lucro;<\/li>\n\n\n\n<li>Venderam a\u00e7\u00f5es com lucro em meses com volume superior a R$ 20 mil;<\/li>\n\n\n\n<li>Possu\u00edam bens ou direitos acima de R$ 800 mil em 31 de dezembro;<\/li>\n\n\n\n<li>Tornaram-se residentes no Brasil ao longo de 2025;<\/li>\n\n\n\n<li>Declararam bens ou participa\u00e7\u00f5es em entidades no exterior;<\/li>\n\n\n\n<li>Foram titulares de\u00a0<em>trusts<\/em>\u00a0(empresas de investimento) no exterior;<\/li>\n\n\n\n<li>Atualizaram bens no exterior a valor de mercado ou receberam rendimentos financeiros de entidades estrangeiras;<\/li>\n\n\n\n<li>Optaram por isen\u00e7\u00e3o de ganho de capital na venda de im\u00f3vel residencial, desde que tenham reinvestido o valor em outro im\u00f3vel em 180 dias.<\/li>\n<\/ul>\n\n\n\n<h2 class=\"wp-block-heading\">Quem fica isento do imposto?<\/h2>\n\n\n\n<p>A nova tabela do Imposto de Renda ampliou a faixa de isen\u00e7\u00e3o para rendimentos mensais de at\u00e9 R$ 5 mil, mas a regra s\u00f3 valer\u00e1 para rendimentos recebidos a partir de 2026. Por isso, o efeito pr\u00e1tico aparecer\u00e1 apenas na declara\u00e7\u00e3o entregue em 2027.<\/p>\n\n\n\n<p>Atualmente, o limite oficial de isen\u00e7\u00e3o do imposto \u00e9 de R$ 2.428,80 por m\u00eas. Com os ajustes aplicados na tabela, que criou dedu\u00e7\u00f5es adicionais, a isen\u00e7\u00e3o efetiva alcan\u00e7a rendimentos mensais de at\u00e9 R$ 3.036, valor equivalente a dois sal\u00e1rios m\u00ednimos em 2025.<\/p>\n\n\n\n<h2 class=\"wp-block-heading\">Documentos necess\u00e1rios para declarar<\/h2>\n\n\n\n<p>Para preencher a declara\u00e7\u00e3o, o contribuinte deve reunir documentos pessoais e comprovantes de renda e patrim\u00f4nio.<\/p>\n\n\n\n<p><strong>Documentos de identifica\u00e7\u00e3o:<\/strong><\/p>\n\n\n\n<ul class=\"wp-block-list\">\n<li>Documento oficial com CPF (RG ou CNH);<\/li>\n\n\n\n<li>Comprovante de endere\u00e7o atualizado;<\/li>\n\n\n\n<li>CPF do c\u00f4njuge;<\/li>\n\n\n\n<li>N\u00famero do t\u00edtulo de eleitor;<\/li>\n\n\n\n<li>Recibo da declara\u00e7\u00e3o do ano anterior;<\/li>\n\n\n\n<li>N\u00famero do PIS, NIT ou inscri\u00e7\u00e3o no INSS;<\/li>\n\n\n\n<li>Dados de dependentes e alimentandos.<\/li>\n<\/ul>\n\n\n\n<p><strong>Comprovantes de renda:<\/strong><\/p>\n\n\n\n<ul class=\"wp-block-list\">\n<li>Informes de rendimentos do titular e dependentes;<\/li>\n\n\n\n<li>Extratos banc\u00e1rios e de aplica\u00e7\u00f5es financeiras;<\/li>\n\n\n\n<li>Relat\u00f3rios de alugu\u00e9is recebidos;<\/li>\n\n\n\n<li>Informes de previd\u00eancia privada;<\/li>\n\n\n\n<li>Rendimentos de programas de incentivo \u00e0 nota fiscal.<\/li>\n<\/ul>\n\n\n\n<p><strong>Comprovantes de renda vari\u00e1vel:<\/strong><\/p>\n\n\n\n<ul class=\"wp-block-list\">\n<li>Notas de corretagem;<\/li>\n\n\n\n<li>DARFs pagos;<\/li>\n\n\n\n<li>Informes de rendimentos de investimentos.<\/li>\n<\/ul>\n\n\n\n<h2 class=\"wp-block-heading\">Restitui\u00e7\u00f5es<\/h2>\n\n\n\n<p>Seguindo o padr\u00e3o dos \u00faltimos anos, o pagamento das restitui\u00e7\u00f5es deve come\u00e7ar no fim de maio. A expectativa \u00e9 que o primeiro lote seja liberado em 29 de maio, enquanto o quinto e \u00faltimo lote tende a ser pago em 30 de setembro.<\/p>\n\n\n\n<h2 class=\"wp-block-heading\">Informe de rendimentos<\/h2>\n\n\n\n<p>Documento essencial para preencher a declara\u00e7\u00e3o,&nbsp;<a href=\"https:\/\/agenciabrasil.ebc.com.br\/economia\/noticia\/2026-02\/comprovantes-para-imposto-de-renda-devem-ser-enviados-ate-esta-sexta\" target=\"_blank\" rel=\"noreferrer noopener follow external sponsored ugc\" data-wpel-link=\"external\">o informe de rendimentos foi repassado por empregadores e pelo Instituto Nacional do Seguro Social (INSS) at\u00e9 27 de fevereiro<\/a>, \u00faltimo dia \u00fatil do m\u00eas passado. O mesmo vale para as institui\u00e7\u00f5es financeiras, que eram obrigadas a enviar os rendimentos de aplica\u00e7\u00f5es e o saldo em contas at\u00e9 a mesma data.<\/p>\n\n\n\n<p>Caso n\u00e3o tenha recebido o documento, o contribuinte deve pedi-lo diretamente \u00e0 empresa ou utilizar a declara\u00e7\u00e3o pr\u00e9-preenchida dispon\u00edvel no sistema da Receita Federal a partir do primeiro dia de declara\u00e7\u00e3o.<\/p>\n\n\n\n<h2 class=\"wp-block-heading\">Outros comprovantes<\/h2>\n\n\n\n<div id=\"110712\" class=\"advads-saneouro advads-entity-placement\" style=\"margin-left: auto;margin-right: auto;text-align: center;\"><a href=\"https:\/\/www.saneouro.com.br\/\" target=\"_blank\" aria-label=\"DOP_Site\" data-wpel-link=\"external\" rel=\"follow external noopener noreferrer sponsored ugc\"><img src=\"https:\/\/www.diariodeouropreto.com.br\/wp-content\/uploads\/2026\/04\/DOP_Site.jpg\" alt=\"\"  srcset=\"https:\/\/www.diariodeouropreto.com.br\/wp-content\/uploads\/2026\/04\/DOP_Site.jpg 301w, https:\/\/www.diariodeouropreto.com.br\/wp-content\/uploads\/2026\/04\/DOP_Site-180x150.jpg 180w, https:\/\/www.diariodeouropreto.com.br\/wp-content\/uploads\/2026\/04\/DOP_Site-14x12.jpg 14w\" sizes=\"(max-width: 301px) 100vw, 301px\" width=\"301\" height=\"251\"  style=\"display: inline-block;\" \/><\/a><\/div><p>Os comprovantes usados para dedu\u00e7\u00f5es no Imposto de Renda tamb\u00e9m foram enviados at\u00e9 27 de fevereiro. Os informes de pagamentos a planos de sa\u00fade individuais e recolhimentos a fundos de pens\u00e3o ser\u00e3o usados pelo contribuinte para deduzir os valores cobrados no Imposto de Renda e aumentar a restitui\u00e7\u00e3o.<\/p>\n\n\n\n<div id=\"50321\" class=\"advads-plantao advads-entity-placement\"><a href=\"https:\/\/www.diariodeouropreto.com.br\/pt\/\" target=\"_blank\" aria-label=\"site &#8211; noticia\" data-wpel-link=\"external\" rel=\"follow external noopener noreferrer sponsored ugc\"><img src=\"https:\/\/www.diariodeouropreto.com.br\/wp-content\/uploads\/2019\/09\/titulosite2-e1616373489755.jpg\" alt=\"\"  srcset=\"https:\/\/www.diariodeouropreto.com.br\/wp-content\/uploads\/2019\/09\/titulosite2-e1616373489755.jpg 1200w, https:\/\/www.diariodeouropreto.com.br\/wp-content\/uploads\/2019\/09\/titulosite2-e1616373489755-150x38.jpg 150w, https:\/\/www.diariodeouropreto.com.br\/wp-content\/uploads\/2019\/09\/titulosite2-e1616373489755-660x167.jpg 660w, https:\/\/www.diariodeouropreto.com.br\/wp-content\/uploads\/2019\/09\/titulosite2-e1616373489755-768x194.jpg 768w, https:\/\/www.diariodeouropreto.com.br\/wp-content\/uploads\/2019\/09\/titulosite2-e1616373489755-1000x252.jpg 1000w, https:\/\/www.diariodeouropreto.com.br\/wp-content\/uploads\/2019\/09\/titulosite2-e1616373489755-1536x388.jpg 1536w, https:\/\/www.diariodeouropreto.com.br\/wp-content\/uploads\/2019\/09\/titulosite2-e1616373489755-2048x517.jpg 2048w\" sizes=\"(max-width: 1200px) 100vw, 1200px\" width=\"1200\" height=\"303\"  style=\"display: inline-block;\" \/><\/a><\/div><p>Por: Wellton M\u00e1ximo \u2013 Rep\u00f3rter da Ag\u00eancia Brasil<br><\/p>","protected":false},"excerpt":{"rendered":"<p>Nova isen\u00e7\u00e3o de at\u00e9 R$ 5 mil n\u00e3o afeta declara\u00e7\u00e3o deste ano A Receita Federal divulgar\u00e1 na pr\u00f3xima segunda-feira (16) as regras da Declara\u00e7\u00e3o do Imposto de Renda Pessoa F\u00edsica (IRPF) 2026. Embora o calend\u00e1rio oficial ainda n\u00e3o tenha sido anunciado, a expectativa \u00e9 que o prazo de entrega da<span class=\"more-link\"><a href=\"https:\/\/www.diariodeouropreto.com.br\/pt\/envio-de-declaracao-do-ir-comeca-na-proxima-semana-veja-regras\/\" data-wpel-link=\"internal\">Continue Lendo<\/a><\/span><\/p>","protected":false},"author":1,"featured_media":2718,"comment_status":"closed","ping_status":"closed","sticky":false,"template":"","format":"standard","meta":{"_jetpack_memberships_contains_paid_content":false,"footnotes":"","jetpack_publicize_message":"Nova isen\u00e7\u00e3o de at\u00e9 R$ 5 mil n\u00e3o afeta declara\u00e7\u00e3o deste ano","jetpack_publicize_feature_enabled":true,"jetpack_social_post_already_shared":false,"jetpack_social_options":{"image_generator_settings":{"template":"highway","default_image_id":0,"font":"","enabled":false},"version":2}},"categories":[7],"tags":[20],"class_list":["entry","author-diario","post-50796","post","type-post","status-publish","format-standard","has-post-thumbnail","category-brasil","tag-economia"],"yoast_head":"<!-- This site is optimized with the Yoast SEO plugin v27.5 - https:\/\/yoast.com\/product\/yoast-seo-wordpress\/ -->\n<title>Envio de declara\u00e7\u00e3o do IR come\u00e7a na pr\u00f3xima semana; veja regras - Di\u00e1rio de Ouro Preto<\/title>\n<meta name=\"description\" content=\"Nova isen\u00e7\u00e3o de at\u00e9 R$ 5 mil n\u00e3o afeta declara\u00e7\u00e3o deste ano - Envio de declara\u00e7\u00e3o do IR come\u00e7a na pr\u00f3xima semana; veja regras\" \/>\n<meta name=\"robots\" content=\"index, follow, max-snippet:-1, max-image-preview:large, max-video-preview:-1\" \/>\n<link rel=\"canonical\" href=\"https:\/\/www.diariodeouropreto.com.br\/pt\/envio-de-declaracao-do-ir-comeca-na-proxima-semana-veja-regras\/\" \/>\n<meta property=\"og:locale\" content=\"pt_PT\" \/>\n<meta property=\"og:type\" content=\"article\" \/>\n<meta property=\"og:title\" content=\"Envio de declara\u00e7\u00e3o do IR come\u00e7a na pr\u00f3xima semana; veja regras - Di\u00e1rio de Ouro Preto\" \/>\n<meta property=\"og:description\" content=\"Nova isen\u00e7\u00e3o de at\u00e9 R$ 5 mil n\u00e3o afeta declara\u00e7\u00e3o deste ano - Envio de declara\u00e7\u00e3o do IR come\u00e7a na pr\u00f3xima semana; veja regras\" \/>\n<meta property=\"og:url\" content=\"https:\/\/www.diariodeouropreto.com.br\/pt\/envio-de-declaracao-do-ir-comeca-na-proxima-semana-veja-regras\/\" \/>\n<meta property=\"og:site_name\" content=\"Di\u00e1rio de Ouro Preto\" \/>\n<meta property=\"article:publisher\" content=\"https:\/\/www.facebook.com\/diariodeouropreto\/\" \/>\n<meta property=\"article:published_time\" content=\"2026-03-10T13:55:58+00:00\" \/>\n<meta property=\"article:modified_time\" content=\"2026-03-10T13:56:04+00:00\" \/>\n<meta property=\"og:image\" content=\"https:\/\/www.diariodeouropreto.com.br\/wp-content\/uploads\/2020\/04\/real_moeda_020120a84t47475213.jpg\" \/>\n\t<meta property=\"og:image:width\" content=\"1170\" \/>\n\t<meta property=\"og:image:height\" content=\"700\" \/>\n\t<meta property=\"og:image:type\" content=\"image\/jpeg\" \/>\n<meta name=\"author\" content=\"Di\u00e1rio de Ouro Preto\" \/>\n<meta name=\"twitter:card\" content=\"summary_large_image\" \/>\n<meta name=\"twitter:label1\" content=\"Escrito por\" \/>\n\t<meta name=\"twitter:data1\" content=\"Di\u00e1rio de Ouro Preto\" \/>\n\t<meta name=\"twitter:label2\" content=\"Tempo estimado de leitura\" \/>\n\t<meta name=\"twitter:data2\" content=\"6 minutos\" \/>\n<script type=\"application\/ld+json\" class=\"yoast-schema-graph\">{\"@context\":\"https:\\\/\\\/schema.org\",\"@graph\":[{\"@type\":\"Article\",\"@id\":\"https:\\\/\\\/www.diariodeouropreto.com.br\\\/envio-de-declaracao-do-ir-comeca-na-proxima-semana-veja-regras\\\/#article\",\"isPartOf\":{\"@id\":\"https:\\\/\\\/www.diariodeouropreto.com.br\\\/envio-de-declaracao-do-ir-comeca-na-proxima-semana-veja-regras\\\/\"},\"author\":{\"name\":\"Di\u00e1rio de Ouro Preto\",\"@id\":\"https:\\\/\\\/www.diariodeouropreto.com.br\\\/pt\\\/#\\\/schema\\\/person\\\/7654e7b471204a6dab6dc0ce6e140c99\"},\"headline\":\"Envio de declara\u00e7\u00e3o do IR come\u00e7a na pr\u00f3xima semana; veja regras\",\"datePublished\":\"2026-03-10T13:55:58+00:00\",\"dateModified\":\"2026-03-10T13:56:04+00:00\",\"mainEntityOfPage\":{\"@id\":\"https:\\\/\\\/www.diariodeouropreto.com.br\\\/envio-de-declaracao-do-ir-comeca-na-proxima-semana-veja-regras\\\/\"},\"wordCount\":891,\"publisher\":{\"@id\":\"https:\\\/\\\/www.diariodeouropreto.com.br\\\/pt\\\/#organization\"},\"image\":{\"@id\":\"https:\\\/\\\/www.diariodeouropreto.com.br\\\/envio-de-declaracao-do-ir-comeca-na-proxima-semana-veja-regras\\\/#primaryimage\"},\"thumbnailUrl\":\"https:\\\/\\\/www.diariodeouropreto.com.br\\\/wp-content\\\/uploads\\\/2020\\\/04\\\/real_moeda_020120a84t47475213.jpg\",\"keywords\":[\"Economia\"],\"articleSection\":[\"Brasil\"],\"inLanguage\":\"pt-PT\"},{\"@type\":\"WebPage\",\"@id\":\"https:\\\/\\\/www.diariodeouropreto.com.br\\\/envio-de-declaracao-do-ir-comeca-na-proxima-semana-veja-regras\\\/\",\"url\":\"https:\\\/\\\/www.diariodeouropreto.com.br\\\/envio-de-declaracao-do-ir-comeca-na-proxima-semana-veja-regras\\\/\",\"name\":\"Envio de declara\u00e7\u00e3o do IR come\u00e7a na pr\u00f3xima semana; veja regras - Di\u00e1rio de Ouro Preto\",\"isPartOf\":{\"@id\":\"https:\\\/\\\/www.diariodeouropreto.com.br\\\/pt\\\/#website\"},\"primaryImageOfPage\":{\"@id\":\"https:\\\/\\\/www.diariodeouropreto.com.br\\\/envio-de-declaracao-do-ir-comeca-na-proxima-semana-veja-regras\\\/#primaryimage\"},\"image\":{\"@id\":\"https:\\\/\\\/www.diariodeouropreto.com.br\\\/envio-de-declaracao-do-ir-comeca-na-proxima-semana-veja-regras\\\/#primaryimage\"},\"thumbnailUrl\":\"https:\\\/\\\/www.diariodeouropreto.com.br\\\/wp-content\\\/uploads\\\/2020\\\/04\\\/real_moeda_020120a84t47475213.jpg\",\"datePublished\":\"2026-03-10T13:55:58+00:00\",\"dateModified\":\"2026-03-10T13:56:04+00:00\",\"description\":\"Nova isen\u00e7\u00e3o de at\u00e9 R$ 5 mil n\u00e3o afeta declara\u00e7\u00e3o deste ano - Envio de declara\u00e7\u00e3o do IR come\u00e7a na pr\u00f3xima semana; veja regras\",\"breadcrumb\":{\"@id\":\"https:\\\/\\\/www.diariodeouropreto.com.br\\\/envio-de-declaracao-do-ir-comeca-na-proxima-semana-veja-regras\\\/#breadcrumb\"},\"inLanguage\":\"pt-PT\",\"potentialAction\":[{\"@type\":\"ReadAction\",\"target\":[\"https:\\\/\\\/www.diariodeouropreto.com.br\\\/envio-de-declaracao-do-ir-comeca-na-proxima-semana-veja-regras\\\/\"]}]},{\"@type\":\"ImageObject\",\"inLanguage\":\"pt-PT\",\"@id\":\"https:\\\/\\\/www.diariodeouropreto.com.br\\\/envio-de-declaracao-do-ir-comeca-na-proxima-semana-veja-regras\\\/#primaryimage\",\"url\":\"https:\\\/\\\/www.diariodeouropreto.com.br\\\/wp-content\\\/uploads\\\/2020\\\/04\\\/real_moeda_020120a84t47475213.jpg\",\"contentUrl\":\"https:\\\/\\\/www.diariodeouropreto.com.br\\\/wp-content\\\/uploads\\\/2020\\\/04\\\/real_moeda_020120a84t47475213.jpg\",\"width\":1170,\"height\":700,\"caption\":\"Moeda Nacional, Real, Dinheiro, notas de real\"},{\"@type\":\"BreadcrumbList\",\"@id\":\"https:\\\/\\\/www.diariodeouropreto.com.br\\\/envio-de-declaracao-do-ir-comeca-na-proxima-semana-veja-regras\\\/#breadcrumb\",\"itemListElement\":[{\"@type\":\"ListItem\",\"position\":1,\"name\":\"In\u00edcio\",\"item\":\"https:\\\/\\\/www.diariodeouropreto.com.br\\\/pt\\\/\"},{\"@type\":\"ListItem\",\"position\":2,\"name\":\"Envio de declara\u00e7\u00e3o do IR come\u00e7a na pr\u00f3xima semana; veja regras\"}]},{\"@type\":\"WebSite\",\"@id\":\"https:\\\/\\\/www.diariodeouropreto.com.br\\\/pt\\\/#website\",\"url\":\"https:\\\/\\\/www.diariodeouropreto.com.br\\\/pt\\\/\",\"name\":\"Di\u00e1rio de Ouro Preto\",\"description\":\"Not\u00edcias Ouro Preto; Mariana;Minas Gerais;Jornal;Jornalismo;Not\u00edcias;\",\"publisher\":{\"@id\":\"https:\\\/\\\/www.diariodeouropreto.com.br\\\/pt\\\/#organization\"},\"alternateName\":\"Jornal di\u00e1rio de Ouro Preto\",\"potentialAction\":[{\"@type\":\"SearchAction\",\"target\":{\"@type\":\"EntryPoint\",\"urlTemplate\":\"https:\\\/\\\/www.diariodeouropreto.com.br\\\/pt\\\/?s={search_term_string}\"},\"query-input\":{\"@type\":\"PropertyValueSpecification\",\"valueRequired\":true,\"valueName\":\"search_term_string\"}}],\"inLanguage\":\"pt-PT\"},{\"@type\":\"Organization\",\"@id\":\"https:\\\/\\\/www.diariodeouropreto.com.br\\\/pt\\\/#organization\",\"name\":\"Di\u00e1rio de Ouro Preto\",\"alternateName\":\"Jornal di\u00e1rio Ouro Preto\",\"url\":\"https:\\\/\\\/www.diariodeouropreto.com.br\\\/pt\\\/\",\"logo\":{\"@type\":\"ImageObject\",\"inLanguage\":\"pt-PT\",\"@id\":\"https:\\\/\\\/www.diariodeouropreto.com.br\\\/pt\\\/#\\\/schema\\\/logo\\\/image\\\/\",\"url\":\"https:\\\/\\\/www.diariodeouropreto.com.br\\\/wp-content\\\/uploads\\\/2019\\\/06\\\/cropped-logotransp-2.png\",\"contentUrl\":\"https:\\\/\\\/www.diariodeouropreto.com.br\\\/wp-content\\\/uploads\\\/2019\\\/06\\\/cropped-logotransp-2.png\",\"width\":1323,\"height\":251,\"caption\":\"Di\u00e1rio de Ouro Preto\"},\"image\":{\"@id\":\"https:\\\/\\\/www.diariodeouropreto.com.br\\\/pt\\\/#\\\/schema\\\/logo\\\/image\\\/\"},\"sameAs\":[\"https:\\\/\\\/www.facebook.com\\\/diariodeouropreto\\\/\"]},{\"@type\":\"Person\",\"@id\":\"https:\\\/\\\/www.diariodeouropreto.com.br\\\/pt\\\/#\\\/schema\\\/person\\\/7654e7b471204a6dab6dc0ce6e140c99\",\"name\":\"Di\u00e1rio de Ouro Preto\",\"sameAs\":[\"http:\\\/\\\/www.diariodeouropreto.com.br\"],\"url\":\"https:\\\/\\\/www.diariodeouropreto.com.br\\\/pt\\\/author\\\/diario\\\/\"}]}<\/script>\n<!-- \/ Yoast SEO plugin. -->","yoast_head_json":{"title":"Envio de declara\u00e7\u00e3o do IR come\u00e7a na pr\u00f3xima semana; veja regras - Di\u00e1rio de Ouro Preto","description":"Nova isen\u00e7\u00e3o de at\u00e9 R$ 5 mil n\u00e3o afeta declara\u00e7\u00e3o deste ano - Envio de declara\u00e7\u00e3o do IR come\u00e7a na pr\u00f3xima semana; veja regras","robots":{"index":"index","follow":"follow","max-snippet":"max-snippet:-1","max-image-preview":"max-image-preview:large","max-video-preview":"max-video-preview:-1"},"canonical":"https:\/\/www.diariodeouropreto.com.br\/pt\/envio-de-declaracao-do-ir-comeca-na-proxima-semana-veja-regras\/","og_locale":"pt_PT","og_type":"article","og_title":"Envio de declara\u00e7\u00e3o do IR come\u00e7a na pr\u00f3xima semana; veja regras - Di\u00e1rio de Ouro Preto","og_description":"Nova isen\u00e7\u00e3o de at\u00e9 R$ 5 mil n\u00e3o afeta declara\u00e7\u00e3o deste ano - Envio de declara\u00e7\u00e3o do IR come\u00e7a na pr\u00f3xima semana; veja regras","og_url":"https:\/\/www.diariodeouropreto.com.br\/pt\/envio-de-declaracao-do-ir-comeca-na-proxima-semana-veja-regras\/","og_site_name":"Di\u00e1rio de Ouro Preto","article_publisher":"https:\/\/www.facebook.com\/diariodeouropreto\/","article_published_time":"2026-03-10T13:55:58+00:00","article_modified_time":"2026-03-10T13:56:04+00:00","og_image":[{"width":1170,"height":700,"url":"https:\/\/www.diariodeouropreto.com.br\/wp-content\/uploads\/2020\/04\/real_moeda_020120a84t47475213.jpg","type":"image\/jpeg"}],"author":"Di\u00e1rio de Ouro Preto","twitter_card":"summary_large_image","twitter_misc":{"Escrito por":"Di\u00e1rio de Ouro Preto","Tempo estimado de leitura":"6 minutos"},"schema":{"@context":"https:\/\/schema.org","@graph":[{"@type":"Article","@id":"https:\/\/www.diariodeouropreto.com.br\/envio-de-declaracao-do-ir-comeca-na-proxima-semana-veja-regras\/#article","isPartOf":{"@id":"https:\/\/www.diariodeouropreto.com.br\/envio-de-declaracao-do-ir-comeca-na-proxima-semana-veja-regras\/"},"author":{"name":"Di\u00e1rio de Ouro Preto","@id":"https:\/\/www.diariodeouropreto.com.br\/pt\/#\/schema\/person\/7654e7b471204a6dab6dc0ce6e140c99"},"headline":"Envio de declara\u00e7\u00e3o do IR come\u00e7a na pr\u00f3xima semana; veja regras","datePublished":"2026-03-10T13:55:58+00:00","dateModified":"2026-03-10T13:56:04+00:00","mainEntityOfPage":{"@id":"https:\/\/www.diariodeouropreto.com.br\/envio-de-declaracao-do-ir-comeca-na-proxima-semana-veja-regras\/"},"wordCount":891,"publisher":{"@id":"https:\/\/www.diariodeouropreto.com.br\/pt\/#organization"},"image":{"@id":"https:\/\/www.diariodeouropreto.com.br\/envio-de-declaracao-do-ir-comeca-na-proxima-semana-veja-regras\/#primaryimage"},"thumbnailUrl":"https:\/\/www.diariodeouropreto.com.br\/wp-content\/uploads\/2020\/04\/real_moeda_020120a84t47475213.jpg","keywords":["Economia"],"articleSection":["Brasil"],"inLanguage":"pt-PT"},{"@type":"WebPage","@id":"https:\/\/www.diariodeouropreto.com.br\/envio-de-declaracao-do-ir-comeca-na-proxima-semana-veja-regras\/","url":"https:\/\/www.diariodeouropreto.com.br\/envio-de-declaracao-do-ir-comeca-na-proxima-semana-veja-regras\/","name":"Envio de declara\u00e7\u00e3o do IR come\u00e7a na pr\u00f3xima semana; veja regras - Di\u00e1rio de Ouro Preto","isPartOf":{"@id":"https:\/\/www.diariodeouropreto.com.br\/pt\/#website"},"primaryImageOfPage":{"@id":"https:\/\/www.diariodeouropreto.com.br\/envio-de-declaracao-do-ir-comeca-na-proxima-semana-veja-regras\/#primaryimage"},"image":{"@id":"https:\/\/www.diariodeouropreto.com.br\/envio-de-declaracao-do-ir-comeca-na-proxima-semana-veja-regras\/#primaryimage"},"thumbnailUrl":"https:\/\/www.diariodeouropreto.com.br\/wp-content\/uploads\/2020\/04\/real_moeda_020120a84t47475213.jpg","datePublished":"2026-03-10T13:55:58+00:00","dateModified":"2026-03-10T13:56:04+00:00","description":"Nova isen\u00e7\u00e3o de at\u00e9 R$ 5 mil n\u00e3o afeta declara\u00e7\u00e3o deste ano - Envio de declara\u00e7\u00e3o do IR come\u00e7a na pr\u00f3xima semana; veja regras","breadcrumb":{"@id":"https:\/\/www.diariodeouropreto.com.br\/envio-de-declaracao-do-ir-comeca-na-proxima-semana-veja-regras\/#breadcrumb"},"inLanguage":"pt-PT","potentialAction":[{"@type":"ReadAction","target":["https:\/\/www.diariodeouropreto.com.br\/envio-de-declaracao-do-ir-comeca-na-proxima-semana-veja-regras\/"]}]},{"@type":"ImageObject","inLanguage":"pt-PT","@id":"https:\/\/www.diariodeouropreto.com.br\/envio-de-declaracao-do-ir-comeca-na-proxima-semana-veja-regras\/#primaryimage","url":"https:\/\/www.diariodeouropreto.com.br\/wp-content\/uploads\/2020\/04\/real_moeda_020120a84t47475213.jpg","contentUrl":"https:\/\/www.diariodeouropreto.com.br\/wp-content\/uploads\/2020\/04\/real_moeda_020120a84t47475213.jpg","width":1170,"height":700,"caption":"Moeda Nacional, Real, Dinheiro, notas de real"},{"@type":"BreadcrumbList","@id":"https:\/\/www.diariodeouropreto.com.br\/envio-de-declaracao-do-ir-comeca-na-proxima-semana-veja-regras\/#breadcrumb","itemListElement":[{"@type":"ListItem","position":1,"name":"In\u00edcio","item":"https:\/\/www.diariodeouropreto.com.br\/pt\/"},{"@type":"ListItem","position":2,"name":"Envio de declara\u00e7\u00e3o do IR come\u00e7a na pr\u00f3xima semana; veja regras"}]},{"@type":"WebSite","@id":"https:\/\/www.diariodeouropreto.com.br\/pt\/#website","url":"https:\/\/www.diariodeouropreto.com.br\/pt\/","name":"Di\u00e1rio de Ouro Preto","description":"Not\u00edcias Ouro Preto; Mariana;Minas Gerais;Jornal;Jornalismo;Not\u00edcias;","publisher":{"@id":"https:\/\/www.diariodeouropreto.com.br\/pt\/#organization"},"alternateName":"Jornal di\u00e1rio de Ouro Preto","potentialAction":[{"@type":"SearchAction","target":{"@type":"EntryPoint","urlTemplate":"https:\/\/www.diariodeouropreto.com.br\/pt\/?s={search_term_string}"},"query-input":{"@type":"PropertyValueSpecification","valueRequired":true,"valueName":"search_term_string"}}],"inLanguage":"pt-PT"},{"@type":"Organization","@id":"https:\/\/www.diariodeouropreto.com.br\/pt\/#organization","name":"Di\u00e1rio de Ouro Preto","alternateName":"Jornal di\u00e1rio Ouro Preto","url":"https:\/\/www.diariodeouropreto.com.br\/pt\/","logo":{"@type":"ImageObject","inLanguage":"pt-PT","@id":"https:\/\/www.diariodeouropreto.com.br\/pt\/#\/schema\/logo\/image\/","url":"https:\/\/www.diariodeouropreto.com.br\/wp-content\/uploads\/2019\/06\/cropped-logotransp-2.png","contentUrl":"https:\/\/www.diariodeouropreto.com.br\/wp-content\/uploads\/2019\/06\/cropped-logotransp-2.png","width":1323,"height":251,"caption":"Di\u00e1rio de Ouro Preto"},"image":{"@id":"https:\/\/www.diariodeouropreto.com.br\/pt\/#\/schema\/logo\/image\/"},"sameAs":["https:\/\/www.facebook.com\/diariodeouropreto\/"]},{"@type":"Person","@id":"https:\/\/www.diariodeouropreto.com.br\/pt\/#\/schema\/person\/7654e7b471204a6dab6dc0ce6e140c99","name":"Di\u00e1rio de Ouro Preto","sameAs":["http:\/\/www.diariodeouropreto.com.br"],"url":"https:\/\/www.diariodeouropreto.com.br\/pt\/author\/diario\/"}]}},"jetpack_publicize_connections":[],"jetpack_featured_media_url":"https:\/\/www.diariodeouropreto.com.br\/wp-content\/uploads\/2020\/04\/real_moeda_020120a84t47475213.jpg","jetpack-related-posts":[{"id":49566,"url":"https:\/\/www.diariodeouropreto.com.br\/pt\/isencao-de-ir-para-quem-ganha-ate-r-5-mil-entra-em-vigor\/","url_meta":{"origin":50796,"position":0},"title":"Isen\u00e7\u00e3o de IR para quem ganha at\u00e9 R$ 5 mil entra em vigor","author":"Di\u00e1rio de Ouro Preto","date":"1 de Janeiro de 2026","format":false,"excerpt":"Veja o que muda no sal\u00e1rio e nos dividendos Sancionada em novembro, a reforma do Imposto de Renda (IR) entra em vigor nesta quinta-feira (1\u00ba).\u00a0O novo modelo, que aumenta a faixa de isen\u00e7\u00e3o para cerca de 15 milh\u00f5es de brasileiros que ganham at\u00e9 R$ 5 mil por m\u00eas, traz mudan\u00e7as\u2026","rel":"","context":"In &quot;Geral&quot;","block_context":{"text":"Geral","link":"https:\/\/www.diariodeouropreto.com.br\/pt\/Editoria\/geral\/"},"img":{"alt_text":"","src":"https:\/\/i0.wp.com\/www.diariodeouropreto.com.br\/wp-content\/uploads\/2023\/05\/real_moedadinheiro_jfcrz_abr_1701220043_1.jpg?resize=350%2C200&ssl=1","width":350,"height":200,"srcset":"https:\/\/i0.wp.com\/www.diariodeouropreto.com.br\/wp-content\/uploads\/2023\/05\/real_moedadinheiro_jfcrz_abr_1701220043_1.jpg?resize=350%2C200&ssl=1 1x, https:\/\/i0.wp.com\/www.diariodeouropreto.com.br\/wp-content\/uploads\/2023\/05\/real_moedadinheiro_jfcrz_abr_1701220043_1.jpg?resize=525%2C300&ssl=1 1.5x, https:\/\/i0.wp.com\/www.diariodeouropreto.com.br\/wp-content\/uploads\/2023\/05\/real_moedadinheiro_jfcrz_abr_1701220043_1.jpg?resize=700%2C400&ssl=1 2x, https:\/\/i0.wp.com\/www.diariodeouropreto.com.br\/wp-content\/uploads\/2023\/05\/real_moedadinheiro_jfcrz_abr_1701220043_1.jpg?resize=1050%2C600&ssl=1 3x"},"classes":[]},{"id":48663,"url":"https:\/\/www.diariodeouropreto.com.br\/pt\/saiba-quem-sera-contemplado-e-como-funcionara-a-isencao-do-ir\/","url_meta":{"origin":50796,"position":1},"title":"Saiba quem ser\u00e1 contemplado e como funcionar\u00e1 a isen\u00e7\u00e3o do IR","author":"Di\u00e1rio de Ouro Preto","date":"6 de Novembro de 2025","format":false,"excerpt":"Quem ganha at\u00e9 R$ 7.350 por m\u00eas vai se beneficiar com a medida O plen\u00e1rio do Senado aprovou\u00a0por unanimidade, nesta quarta-feira (5), o Projeto de Lei\u00a01.087\/2025,\u00a0que amplia a faixa de isen\u00e7\u00e3o do Imposto de Renda\u00a0(IR), contemplando quem ganha at\u00e9 R$ 5 mil. Encaminhado pelo governo federal em mar\u00e7o ao Congresso,\u2026","rel":"","context":"In &quot;Brasil&quot;","block_context":{"text":"Brasil","link":"https:\/\/www.diariodeouropreto.com.br\/pt\/Editoria\/brasil\/"},"img":{"alt_text":"","src":"https:\/\/i0.wp.com\/www.diariodeouropreto.com.br\/wp-content\/uploads\/2021\/12\/realdinheiro_moeda_1310202266.jpg?resize=350%2C200&ssl=1","width":350,"height":200,"srcset":"https:\/\/i0.wp.com\/www.diariodeouropreto.com.br\/wp-content\/uploads\/2021\/12\/realdinheiro_moeda_1310202266.jpg?resize=350%2C200&ssl=1 1x, https:\/\/i0.wp.com\/www.diariodeouropreto.com.br\/wp-content\/uploads\/2021\/12\/realdinheiro_moeda_1310202266.jpg?resize=525%2C300&ssl=1 1.5x, https:\/\/i0.wp.com\/www.diariodeouropreto.com.br\/wp-content\/uploads\/2021\/12\/realdinheiro_moeda_1310202266.jpg?resize=700%2C400&ssl=1 2x, https:\/\/i0.wp.com\/www.diariodeouropreto.com.br\/wp-content\/uploads\/2021\/12\/realdinheiro_moeda_1310202266.jpg?resize=1050%2C600&ssl=1 3x"},"classes":[]},{"id":8455,"url":"https:\/\/www.diariodeouropreto.com.br\/pt\/imposto-de-renda-cerca-de-5-milhoes-ainda-nao-enviaram-declaracao\/","url_meta":{"origin":50796,"position":2},"title":"Imposto de Renda: cerca de 5 milh\u00f5es ainda n\u00e3o enviaram declara\u00e7\u00e3o","author":"Di\u00e1rio de Ouro Preto","date":"28 de Maio de 2021","format":false,"excerpt":"Faltando tr\u00eas dias para o fim do prazo, cerca de 5 milh\u00f5es de contribuintes ainda n\u00e3o acertaram as contas com o Le\u00e3o. Segundo o balan\u00e7o mais recente, 27.576.564 contribuintes enviaram a Declara\u00e7\u00e3o do Imposto de Renda Pessoa F\u00edsica, 84,5% do previsto para este ano. Os n\u00fameros foram divulgados pela Receita\u2026","rel":"","context":"In &quot;Brasil&quot;","block_context":{"text":"Brasil","link":"https:\/\/www.diariodeouropreto.com.br\/pt\/Editoria\/brasil\/"},"img":{"alt_text":"","src":"https:\/\/i0.wp.com\/www.diariodeouropreto.com.br\/wp-content\/uploads\/2021\/05\/1002816-25022016dsc_8578-.jpg?resize=350%2C200&ssl=1","width":350,"height":200,"srcset":"https:\/\/i0.wp.com\/www.diariodeouropreto.com.br\/wp-content\/uploads\/2021\/05\/1002816-25022016dsc_8578-.jpg?resize=350%2C200&ssl=1 1x, https:\/\/i0.wp.com\/www.diariodeouropreto.com.br\/wp-content\/uploads\/2021\/05\/1002816-25022016dsc_8578-.jpg?resize=525%2C300&ssl=1 1.5x, https:\/\/i0.wp.com\/www.diariodeouropreto.com.br\/wp-content\/uploads\/2021\/05\/1002816-25022016dsc_8578-.jpg?resize=700%2C400&ssl=1 2x, https:\/\/i0.wp.com\/www.diariodeouropreto.com.br\/wp-content\/uploads\/2021\/05\/1002816-25022016dsc_8578-.jpg?resize=1050%2C600&ssl=1 3x"},"classes":[]},{"id":43219,"url":"https:\/\/www.diariodeouropreto.com.br\/pt\/entenda-a-reforma-do-imposto-de-renda-enviada-ao-congresso\/","url_meta":{"origin":50796,"position":3},"title":"Entenda a reforma do Imposto de Renda enviada ao Congresso","author":"Di\u00e1rio de Ouro Preto","date":"18 de Mar\u00e7o de 2025","format":false,"excerpt":"Mais\u00a010 milh\u00f5es de brasileiros\u00a0dever\u00e3o ser beneficiados com o\u00a0aumento da faixa de isen\u00e7\u00e3o do Imposto de Renda (IR) para R$ 5 mil,\u00a0anunciado hoje (18) pelo presidente Luiz In\u00e1cio Lula da Silva.\u00a0O projeto foi encaminhado ao Congresso Nacional.\u00a0 O ministro da Fazenda, Fernando Haddad, ressaltou que a proposta ter\u00e1 impacto neutro sobre\u2026","rel":"","context":"Similar post","block_context":{"text":"Similar post","link":""},"img":{"alt_text":"","src":"https:\/\/i0.wp.com\/www.diariodeouropreto.com.br\/wp-content\/uploads\/2025\/03\/pzzb4724.webp?resize=350%2C200&ssl=1","width":350,"height":200,"srcset":"https:\/\/i0.wp.com\/www.diariodeouropreto.com.br\/wp-content\/uploads\/2025\/03\/pzzb4724.webp?resize=350%2C200&ssl=1 1x, https:\/\/i0.wp.com\/www.diariodeouropreto.com.br\/wp-content\/uploads\/2025\/03\/pzzb4724.webp?resize=525%2C300&ssl=1 1.5x, https:\/\/i0.wp.com\/www.diariodeouropreto.com.br\/wp-content\/uploads\/2025\/03\/pzzb4724.webp?resize=700%2C400&ssl=1 2x, https:\/\/i0.wp.com\/www.diariodeouropreto.com.br\/wp-content\/uploads\/2025\/03\/pzzb4724.webp?resize=1050%2C600&ssl=1 3x"},"classes":[]},{"id":47906,"url":"https:\/\/www.diariodeouropreto.com.br\/pt\/isencao-do-ir-senado-deve-aprovar-projeto-rapidamente-avaliam-senadores\/","url_meta":{"origin":50796,"position":4},"title":"Isen\u00e7\u00e3o do IR: Senado deve aprovar projeto rapidamente, avaliam senadores","author":"Di\u00e1rio de Ouro Preto","date":"3 de Outubro de 2025","format":false,"excerpt":"Depois de mais de seis meses de tramita\u00e7\u00e3o, a C\u00e2mara dos Deputados aprovou na quarta-feira (1\u00ba) o projeto de lei que prev\u00ea a isen\u00e7\u00e3o do Imposto de Renda (IR) para quem recebe at\u00e9 R$ 5 mil mensais, al\u00e9m de descontos para quem ganha at\u00e9 R$ 7.350. Esse projeto (PL 1.087\/25)\u2026","rel":"","context":"In &quot;Pol\u00edtica&quot;","block_context":{"text":"Pol\u00edtica","link":"https:\/\/www.diariodeouropreto.com.br\/pt\/Editoria\/politica\/"},"img":{"alt_text":"","src":"https:\/\/i0.wp.com\/www.diariodeouropreto.com.br\/wp-content\/uploads\/2025\/10\/imagem_materia.jpeg?resize=350%2C200&ssl=1","width":350,"height":200,"srcset":"https:\/\/i0.wp.com\/www.diariodeouropreto.com.br\/wp-content\/uploads\/2025\/10\/imagem_materia.jpeg?resize=350%2C200&ssl=1 1x, https:\/\/i0.wp.com\/www.diariodeouropreto.com.br\/wp-content\/uploads\/2025\/10\/imagem_materia.jpeg?resize=525%2C300&ssl=1 1.5x, https:\/\/i0.wp.com\/www.diariodeouropreto.com.br\/wp-content\/uploads\/2025\/10\/imagem_materia.jpeg?resize=700%2C400&ssl=1 2x"},"classes":[]},{"id":21131,"url":"https:\/\/www.diariodeouropreto.com.br\/pt\/presidente-lula-confirma-aumento-do-salario-minimo-para-r-1-320-em-maio\/","url_meta":{"origin":50796,"position":5},"title":"Presidente Lula confirma aumento do sal\u00e1rio m\u00ednimo para R$ 1.320 em maio","author":"Di\u00e1rio de Ouro Preto","date":"16 de Fevereiro de 2023","format":false,"excerpt":"Presidente tamb\u00e9m anunciou nova faixa de isen\u00e7\u00e3o do Imposto de Renda O presidente Luiz In\u00e1cio Lula da Silva confirmou hoje (16) que o governo vai aumentar o sal\u00e1rio m\u00ednimo para R$ 1.320 em maio. Na mesma ocasi\u00e3o, segundo Lula, deve ser divulgada a nova faixa de isen\u00e7\u00e3o do Imposto de\u2026","rel":"","context":"In &quot;Brasil&quot;","block_context":{"text":"Brasil","link":"https:\/\/www.diariodeouropreto.com.br\/pt\/Editoria\/brasil\/"},"img":{"alt_text":"","src":"https:\/\/i0.wp.com\/www.diariodeouropreto.com.br\/wp-content\/uploads\/2023\/01\/real_moeda_dinheiro_mcajr_2904223669.jpg?resize=350%2C200&ssl=1","width":350,"height":200,"srcset":"https:\/\/i0.wp.com\/www.diariodeouropreto.com.br\/wp-content\/uploads\/2023\/01\/real_moeda_dinheiro_mcajr_2904223669.jpg?resize=350%2C200&ssl=1 1x, https:\/\/i0.wp.com\/www.diariodeouropreto.com.br\/wp-content\/uploads\/2023\/01\/real_moeda_dinheiro_mcajr_2904223669.jpg?resize=525%2C300&ssl=1 1.5x, https:\/\/i0.wp.com\/www.diariodeouropreto.com.br\/wp-content\/uploads\/2023\/01\/real_moeda_dinheiro_mcajr_2904223669.jpg?resize=700%2C400&ssl=1 2x, https:\/\/i0.wp.com\/www.diariodeouropreto.com.br\/wp-content\/uploads\/2023\/01\/real_moeda_dinheiro_mcajr_2904223669.jpg?resize=1050%2C600&ssl=1 3x"},"classes":[]}],"jetpack_sharing_enabled":true,"amp_enabled":true,"_links":{"self":[{"href":"https:\/\/www.diariodeouropreto.com.br\/pt\/wp-json\/wp\/v2\/posts\/50796","targetHints":{"allow":["GET"]}}],"collection":[{"href":"https:\/\/www.diariodeouropreto.com.br\/pt\/wp-json\/wp\/v2\/posts"}],"about":[{"href":"https:\/\/www.diariodeouropreto.com.br\/pt\/wp-json\/wp\/v2\/types\/post"}],"author":[{"embeddable":true,"href":"https:\/\/www.diariodeouropreto.com.br\/pt\/wp-json\/wp\/v2\/users\/1"}],"replies":[{"embeddable":true,"href":"https:\/\/www.diariodeouropreto.com.br\/pt\/wp-json\/wp\/v2\/comments?post=50796"}],"version-history":[{"count":1,"href":"https:\/\/www.diariodeouropreto.com.br\/pt\/wp-json\/wp\/v2\/posts\/50796\/revisions"}],"predecessor-version":[{"id":50805,"href":"https:\/\/www.diariodeouropreto.com.br\/pt\/wp-json\/wp\/v2\/posts\/50796\/revisions\/50805"}],"wp:featuredmedia":[{"embeddable":true,"href":"https:\/\/www.diariodeouropreto.com.br\/pt\/wp-json\/wp\/v2\/media\/2718"}],"wp:attachment":[{"href":"https:\/\/www.diariodeouropreto.com.br\/pt\/wp-json\/wp\/v2\/media?parent=50796"}],"wp:term":[{"taxonomy":"category","embeddable":true,"href":"https:\/\/www.diariodeouropreto.com.br\/pt\/wp-json\/wp\/v2\/categories?post=50796"},{"taxonomy":"post_tag","embeddable":true,"href":"https:\/\/www.diariodeouropreto.com.br\/pt\/wp-json\/wp\/v2\/tags?post=50796"}],"curies":[{"name":"wp","href":"https:\/\/api.w.org\/{rel}","templated":true}]}}