{"id":50789,"date":"2026-03-09T14:52:16","date_gmt":"2026-03-09T17:52:16","guid":{"rendered":"https:\/\/www.diariodeouropreto.com.br\/?p=50789"},"modified":"2026-03-09T18:27:03","modified_gmt":"2026-03-09T21:27:03","slug":"mulheres-e-a-sambista-adriana-araujo-sao-homenageadas-na-minasplay","status":"publish","type":"post","link":"https:\/\/www.diariodeouropreto.com.br\/pt\/mulheres-e-a-sambista-adriana-araujo-sao-homenageadas-na-minasplay\/","title":{"rendered":"Mulheres e a sambista Adriana Ara\u00fajo s\u00e3o homenageadas na Minasplay"},"content":{"rendered":"<p><strong>Filmes e shows j\u00e1 est\u00e3o no cat\u00e1logo gratuito da plataforma de streaming Minasplay<\/strong><\/p>\n\n\n\n<p>A mostra&nbsp;<strong>\u201cMulheres em a\u00e7\u00e3o 2026\u201d e o \u201cEspecial Adriana Ara\u00fajo\u201d&nbsp;<\/strong>s\u00e3o as novidades do cat\u00e1logo&nbsp;<strong>gratuito do streaming Minasplay<\/strong>. As a\u00e7\u00f5es s\u00e3o uma homenagem ao Dia Internacional da Mulher, comemorado no dia 8 de mar\u00e7o, e \u00e0 sambista mineira que faleceu na \u00faltima segunda-feira.<\/p>\n\n\n\n<p>Filmes dirigidos por mulheres e que abordam o universo delas na tela est\u00e3o entre as obras disponibilizadas na plataforma. S\u00e3o diversos t\u00edtulos, muitos deles premiados, na mostra \u201c<strong>Mulheres em a\u00e7\u00e3o 2026<\/strong>\u201d. Um dos destaques \u00e9 \u201cAngela\u201d. Protagonizado por Teuda Bara, o drama mostra a hist\u00f3ria de uma mulher que colecionava diagn\u00f3sticos de doen\u00e7as que nunca teve. Ainda o longa \u201cA cidade onde envelhe\u00e7o\u201d, que narra a hist\u00f3ria de duas portuguesas que se encontram no Brasil e vivem emo\u00e7\u00f5es diferentes com a estada no pa\u00eds.<\/p>\n\n\n\n<p><strong>Adriana Ara\u00fajo<\/strong>&nbsp;ganha um cap\u00edtulo \u00e0 parte no streaming. O cat\u00e1logo traz duas apresenta\u00e7\u00f5es da mineira gravadas e exibidas no programa Hypershow, da Rede Minas. Na primeira, a sambista dividiu o palco com S\u00e9rgio Perer\u00ea, em Tiradentes. Tem, tamb\u00e9m, o espet\u00e1culo de lan\u00e7amento do \u00e1lbum \u201cMinha verdade\u201d e entrevista com a cantora. &nbsp;A edi\u00e7\u00e3o especial do programa Agenda dedicada \u00e0 artista tamb\u00e9m pode ser revista na plataforma.<\/p>\n\n\n\n<p>A Minasplay pode ser acessada pelo site&nbsp;<a href=\"http:\/\/minasplay.com\/\" target=\"_blank\" rel=\"noreferrer noopener follow external sponsored ugc\" data-wpel-link=\"external\">minasplay.com<\/a>&nbsp;e pelos aplicativos disponibilizados no Google Play e App Store.<\/p>\n\n\n\n<div id=\"110712\" class=\"advads-saneouro advads-entity-placement\" style=\"margin-left: auto;margin-right: auto;text-align: center;\"><a href=\"https:\/\/www.saneouro.com.br\/\" target=\"_blank\" aria-label=\"DOP_Site\" data-wpel-link=\"external\" rel=\"follow external noopener noreferrer sponsored ugc\"><img src=\"https:\/\/www.diariodeouropreto.com.br\/wp-content\/uploads\/2026\/04\/DOP_Site.jpg\" alt=\"\"  srcset=\"https:\/\/www.diariodeouropreto.com.br\/wp-content\/uploads\/2026\/04\/DOP_Site.jpg 301w, https:\/\/www.diariodeouropreto.com.br\/wp-content\/uploads\/2026\/04\/DOP_Site-180x150.jpg 180w, https:\/\/www.diariodeouropreto.com.br\/wp-content\/uploads\/2026\/04\/DOP_Site-14x12.jpg 14w\" sizes=\"(max-width: 301px) 100vw, 301px\" width=\"301\" height=\"251\"  style=\"display: inline-block;\" \/><\/a><\/div><p>Fonte: Assessoria Rede Minas<\/p>\n\n\n\n<div id=\"50321\" class=\"advads-plantao advads-entity-placement\"><a href=\"https:\/\/www.diariodeouropreto.com.br\/pt\/\" target=\"_blank\" aria-label=\"site &#8211; noticia\" data-wpel-link=\"external\" rel=\"follow external noopener noreferrer sponsored ugc\"><img src=\"https:\/\/www.diariodeouropreto.com.br\/wp-content\/uploads\/2019\/09\/titulosite2-e1616373489755.jpg\" alt=\"\"  srcset=\"https:\/\/www.diariodeouropreto.com.br\/wp-content\/uploads\/2019\/09\/titulosite2-e1616373489755.jpg 1200w, https:\/\/www.diariodeouropreto.com.br\/wp-content\/uploads\/2019\/09\/titulosite2-e1616373489755-150x38.jpg 150w, https:\/\/www.diariodeouropreto.com.br\/wp-content\/uploads\/2019\/09\/titulosite2-e1616373489755-660x167.jpg 660w, https:\/\/www.diariodeouropreto.com.br\/wp-content\/uploads\/2019\/09\/titulosite2-e1616373489755-768x194.jpg 768w, https:\/\/www.diariodeouropreto.com.br\/wp-content\/uploads\/2019\/09\/titulosite2-e1616373489755-1000x252.jpg 1000w, https:\/\/www.diariodeouropreto.com.br\/wp-content\/uploads\/2019\/09\/titulosite2-e1616373489755-1536x388.jpg 1536w, https:\/\/www.diariodeouropreto.com.br\/wp-content\/uploads\/2019\/09\/titulosite2-e1616373489755-2048x517.jpg 2048w\" sizes=\"(max-width: 1200px) 100vw, 1200px\" width=\"1200\" height=\"303\"  style=\"display: inline-block;\" \/><\/a><\/div><p>Foto: Divulga\u00e7\u00e3o Rede Minas<strong><br><\/strong><\/p>","protected":false},"excerpt":{"rendered":"<p>Filmes e shows j\u00e1 est\u00e3o no cat\u00e1logo gratuito da plataforma de streaming Minasplay A mostra&nbsp;\u201cMulheres em a\u00e7\u00e3o 2026\u201d e o \u201cEspecial Adriana Ara\u00fajo\u201d&nbsp;s\u00e3o as novidades do cat\u00e1logo&nbsp;gratuito do streaming Minasplay. As a\u00e7\u00f5es s\u00e3o uma homenagem ao Dia Internacional da Mulher, comemorado no dia 8 de mar\u00e7o, e \u00e0 sambista mineira<span class=\"more-link\"><a href=\"https:\/\/www.diariodeouropreto.com.br\/pt\/mulheres-e-a-sambista-adriana-araujo-sao-homenageadas-na-minasplay\/\" data-wpel-link=\"internal\">Continue Lendo<\/a><\/span><\/p>","protected":false},"author":1,"featured_media":50790,"comment_status":"closed","ping_status":"closed","sticky":false,"template":"","format":"standard","meta":{"_jetpack_memberships_contains_paid_content":false,"footnotes":"","jetpack_publicize_message":"Filmes e shows j\u00e1 est\u00e3o no cat\u00e1logo gratuito da plataforma de streaming Minasplay","jetpack_publicize_feature_enabled":true,"jetpack_social_post_already_shared":false,"jetpack_social_options":{"image_generator_settings":{"template":"highway","default_image_id":0,"font":"","enabled":false},"version":2}},"categories":[11],"tags":[],"class_list":["entry","author-diario","post-50789","post","type-post","status-publish","format-standard","has-post-thumbnail","category-culturaeartes"],"yoast_head":"<!-- This site is optimized with the Yoast SEO plugin v27.5 - https:\/\/yoast.com\/product\/yoast-seo-wordpress\/ -->\n<title>Mulheres e a sambista Adriana Ara\u00fajo s\u00e3o homenageadas na Minasplay - Di\u00e1rio de Ouro Preto<\/title>\n<meta name=\"description\" content=\"Filmes e shows est\u00e3o no cat\u00e1logo gratuito da plataforma de streaming MinasPlay\" \/>\n<meta name=\"robots\" content=\"index, follow, max-snippet:-1, max-image-preview:large, max-video-preview:-1\" \/>\n<link rel=\"canonical\" href=\"https:\/\/www.diariodeouropreto.com.br\/pt\/mulheres-e-a-sambista-adriana-araujo-sao-homenageadas-na-minasplay\/\" \/>\n<meta property=\"og:locale\" content=\"pt_PT\" \/>\n<meta property=\"og:type\" content=\"article\" \/>\n<meta property=\"og:title\" content=\"Mulheres e a sambista Adriana Ara\u00fajo s\u00e3o homenageadas na Minasplay - Di\u00e1rio de Ouro Preto\" \/>\n<meta property=\"og:description\" content=\"Filmes e shows est\u00e3o no cat\u00e1logo gratuito da plataforma de streaming MinasPlay\" \/>\n<meta property=\"og:url\" content=\"https:\/\/www.diariodeouropreto.com.br\/pt\/mulheres-e-a-sambista-adriana-araujo-sao-homenageadas-na-minasplay\/\" \/>\n<meta property=\"og:site_name\" content=\"Di\u00e1rio de Ouro Preto\" \/>\n<meta property=\"article:publisher\" content=\"https:\/\/www.facebook.com\/diariodeouropreto\/\" \/>\n<meta property=\"article:published_time\" content=\"2026-03-09T17:52:16+00:00\" \/>\n<meta property=\"article:modified_time\" content=\"2026-03-09T21:27:03+00:00\" \/>\n<meta property=\"og:image\" content=\"https:\/\/www.diariodeouropreto.com.br\/wp-content\/uploads\/2026\/03\/Agenda-especial-Adriana-Araujo-divulgacao-Rede-Minas.jpg\" \/>\n\t<meta property=\"og:image:width\" content=\"1200\" \/>\n\t<meta property=\"og:image:height\" content=\"675\" \/>\n\t<meta property=\"og:image:type\" content=\"image\/jpeg\" \/>\n<meta name=\"author\" content=\"Di\u00e1rio de Ouro Preto\" \/>\n<meta name=\"twitter:card\" content=\"summary_large_image\" \/>\n<meta name=\"twitter:label1\" content=\"Escrito por\" \/>\n\t<meta name=\"twitter:data1\" content=\"Di\u00e1rio de Ouro Preto\" \/>\n\t<meta name=\"twitter:label2\" content=\"Tempo estimado de leitura\" \/>\n\t<meta name=\"twitter:data2\" content=\"2 minutos\" \/>\n<script type=\"application\/ld+json\" class=\"yoast-schema-graph\">{\"@context\":\"https:\\\/\\\/schema.org\",\"@graph\":[{\"@type\":\"Article\",\"@id\":\"https:\\\/\\\/www.diariodeouropreto.com.br\\\/mulheres-e-a-sambista-adriana-araujo-sao-homenageadas-na-minasplay\\\/#article\",\"isPartOf\":{\"@id\":\"https:\\\/\\\/www.diariodeouropreto.com.br\\\/mulheres-e-a-sambista-adriana-araujo-sao-homenageadas-na-minasplay\\\/\"},\"author\":{\"name\":\"Di\u00e1rio de Ouro Preto\",\"@id\":\"https:\\\/\\\/www.diariodeouropreto.com.br\\\/pt\\\/#\\\/schema\\\/person\\\/7654e7b471204a6dab6dc0ce6e140c99\"},\"headline\":\"Mulheres e a sambista Adriana Ara\u00fajo s\u00e3o homenageadas na Minasplay\",\"datePublished\":\"2026-03-09T17:52:16+00:00\",\"dateModified\":\"2026-03-09T21:27:03+00:00\",\"mainEntityOfPage\":{\"@id\":\"https:\\\/\\\/www.diariodeouropreto.com.br\\\/mulheres-e-a-sambista-adriana-araujo-sao-homenageadas-na-minasplay\\\/\"},\"wordCount\":279,\"publisher\":{\"@id\":\"https:\\\/\\\/www.diariodeouropreto.com.br\\\/pt\\\/#organization\"},\"image\":{\"@id\":\"https:\\\/\\\/www.diariodeouropreto.com.br\\\/mulheres-e-a-sambista-adriana-araujo-sao-homenageadas-na-minasplay\\\/#primaryimage\"},\"thumbnailUrl\":\"https:\\\/\\\/www.diariodeouropreto.com.br\\\/wp-content\\\/uploads\\\/2026\\\/03\\\/Agenda-especial-Adriana-Araujo-divulgacao-Rede-Minas.jpg\",\"articleSection\":[\"Cultura, Artes e Patrim\u00f4nio\"],\"inLanguage\":\"pt-PT\"},{\"@type\":\"WebPage\",\"@id\":\"https:\\\/\\\/www.diariodeouropreto.com.br\\\/mulheres-e-a-sambista-adriana-araujo-sao-homenageadas-na-minasplay\\\/\",\"url\":\"https:\\\/\\\/www.diariodeouropreto.com.br\\\/mulheres-e-a-sambista-adriana-araujo-sao-homenageadas-na-minasplay\\\/\",\"name\":\"Mulheres e a sambista Adriana Ara\u00fajo s\u00e3o homenageadas na Minasplay - Di\u00e1rio de Ouro Preto\",\"isPartOf\":{\"@id\":\"https:\\\/\\\/www.diariodeouropreto.com.br\\\/pt\\\/#website\"},\"primaryImageOfPage\":{\"@id\":\"https:\\\/\\\/www.diariodeouropreto.com.br\\\/mulheres-e-a-sambista-adriana-araujo-sao-homenageadas-na-minasplay\\\/#primaryimage\"},\"image\":{\"@id\":\"https:\\\/\\\/www.diariodeouropreto.com.br\\\/mulheres-e-a-sambista-adriana-araujo-sao-homenageadas-na-minasplay\\\/#primaryimage\"},\"thumbnailUrl\":\"https:\\\/\\\/www.diariodeouropreto.com.br\\\/wp-content\\\/uploads\\\/2026\\\/03\\\/Agenda-especial-Adriana-Araujo-divulgacao-Rede-Minas.jpg\",\"datePublished\":\"2026-03-09T17:52:16+00:00\",\"dateModified\":\"2026-03-09T21:27:03+00:00\",\"description\":\"Filmes e shows est\u00e3o no cat\u00e1logo gratuito da plataforma de streaming MinasPlay\",\"breadcrumb\":{\"@id\":\"https:\\\/\\\/www.diariodeouropreto.com.br\\\/mulheres-e-a-sambista-adriana-araujo-sao-homenageadas-na-minasplay\\\/#breadcrumb\"},\"inLanguage\":\"pt-PT\",\"potentialAction\":[{\"@type\":\"ReadAction\",\"target\":[\"https:\\\/\\\/www.diariodeouropreto.com.br\\\/mulheres-e-a-sambista-adriana-araujo-sao-homenageadas-na-minasplay\\\/\"]}]},{\"@type\":\"ImageObject\",\"inLanguage\":\"pt-PT\",\"@id\":\"https:\\\/\\\/www.diariodeouropreto.com.br\\\/mulheres-e-a-sambista-adriana-araujo-sao-homenageadas-na-minasplay\\\/#primaryimage\",\"url\":\"https:\\\/\\\/www.diariodeouropreto.com.br\\\/wp-content\\\/uploads\\\/2026\\\/03\\\/Agenda-especial-Adriana-Araujo-divulgacao-Rede-Minas.jpg\",\"contentUrl\":\"https:\\\/\\\/www.diariodeouropreto.com.br\\\/wp-content\\\/uploads\\\/2026\\\/03\\\/Agenda-especial-Adriana-Araujo-divulgacao-Rede-Minas.jpg\",\"width\":1200,\"height\":675},{\"@type\":\"BreadcrumbList\",\"@id\":\"https:\\\/\\\/www.diariodeouropreto.com.br\\\/mulheres-e-a-sambista-adriana-araujo-sao-homenageadas-na-minasplay\\\/#breadcrumb\",\"itemListElement\":[{\"@type\":\"ListItem\",\"position\":1,\"name\":\"In\u00edcio\",\"item\":\"https:\\\/\\\/www.diariodeouropreto.com.br\\\/pt\\\/\"},{\"@type\":\"ListItem\",\"position\":2,\"name\":\"Mulheres e a sambista Adriana Ara\u00fajo s\u00e3o homenageadas na Minasplay\"}]},{\"@type\":\"WebSite\",\"@id\":\"https:\\\/\\\/www.diariodeouropreto.com.br\\\/pt\\\/#website\",\"url\":\"https:\\\/\\\/www.diariodeouropreto.com.br\\\/pt\\\/\",\"name\":\"Di\u00e1rio de Ouro Preto\",\"description\":\"Not\u00edcias Ouro Preto; Mariana;Minas Gerais;Jornal;Jornalismo;Not\u00edcias;\",\"publisher\":{\"@id\":\"https:\\\/\\\/www.diariodeouropreto.com.br\\\/pt\\\/#organization\"},\"alternateName\":\"Jornal di\u00e1rio de Ouro Preto\",\"potentialAction\":[{\"@type\":\"SearchAction\",\"target\":{\"@type\":\"EntryPoint\",\"urlTemplate\":\"https:\\\/\\\/www.diariodeouropreto.com.br\\\/pt\\\/?s={search_term_string}\"},\"query-input\":{\"@type\":\"PropertyValueSpecification\",\"valueRequired\":true,\"valueName\":\"search_term_string\"}}],\"inLanguage\":\"pt-PT\"},{\"@type\":\"Organization\",\"@id\":\"https:\\\/\\\/www.diariodeouropreto.com.br\\\/pt\\\/#organization\",\"name\":\"Di\u00e1rio de Ouro Preto\",\"alternateName\":\"Jornal di\u00e1rio Ouro Preto\",\"url\":\"https:\\\/\\\/www.diariodeouropreto.com.br\\\/pt\\\/\",\"logo\":{\"@type\":\"ImageObject\",\"inLanguage\":\"pt-PT\",\"@id\":\"https:\\\/\\\/www.diariodeouropreto.com.br\\\/pt\\\/#\\\/schema\\\/logo\\\/image\\\/\",\"url\":\"https:\\\/\\\/www.diariodeouropreto.com.br\\\/wp-content\\\/uploads\\\/2019\\\/06\\\/cropped-logotransp-2.png\",\"contentUrl\":\"https:\\\/\\\/www.diariodeouropreto.com.br\\\/wp-content\\\/uploads\\\/2019\\\/06\\\/cropped-logotransp-2.png\",\"width\":1323,\"height\":251,\"caption\":\"Di\u00e1rio de Ouro Preto\"},\"image\":{\"@id\":\"https:\\\/\\\/www.diariodeouropreto.com.br\\\/pt\\\/#\\\/schema\\\/logo\\\/image\\\/\"},\"sameAs\":[\"https:\\\/\\\/www.facebook.com\\\/diariodeouropreto\\\/\"]},{\"@type\":\"Person\",\"@id\":\"https:\\\/\\\/www.diariodeouropreto.com.br\\\/pt\\\/#\\\/schema\\\/person\\\/7654e7b471204a6dab6dc0ce6e140c99\",\"name\":\"Di\u00e1rio de Ouro Preto\",\"sameAs\":[\"http:\\\/\\\/www.diariodeouropreto.com.br\"],\"url\":\"https:\\\/\\\/www.diariodeouropreto.com.br\\\/pt\\\/author\\\/diario\\\/\"}]}<\/script>\n<!-- \/ Yoast SEO plugin. -->","yoast_head_json":{"title":"Mulheres e a sambista Adriana Ara\u00fajo s\u00e3o homenageadas na Minasplay - Di\u00e1rio de Ouro Preto","description":"Filmes e shows est\u00e3o no cat\u00e1logo gratuito da plataforma de streaming MinasPlay","robots":{"index":"index","follow":"follow","max-snippet":"max-snippet:-1","max-image-preview":"max-image-preview:large","max-video-preview":"max-video-preview:-1"},"canonical":"https:\/\/www.diariodeouropreto.com.br\/pt\/mulheres-e-a-sambista-adriana-araujo-sao-homenageadas-na-minasplay\/","og_locale":"pt_PT","og_type":"article","og_title":"Mulheres e a sambista Adriana Ara\u00fajo s\u00e3o homenageadas na Minasplay - Di\u00e1rio de Ouro Preto","og_description":"Filmes e shows est\u00e3o no cat\u00e1logo gratuito da plataforma de streaming MinasPlay","og_url":"https:\/\/www.diariodeouropreto.com.br\/pt\/mulheres-e-a-sambista-adriana-araujo-sao-homenageadas-na-minasplay\/","og_site_name":"Di\u00e1rio de Ouro Preto","article_publisher":"https:\/\/www.facebook.com\/diariodeouropreto\/","article_published_time":"2026-03-09T17:52:16+00:00","article_modified_time":"2026-03-09T21:27:03+00:00","og_image":[{"width":1200,"height":675,"url":"https:\/\/www.diariodeouropreto.com.br\/wp-content\/uploads\/2026\/03\/Agenda-especial-Adriana-Araujo-divulgacao-Rede-Minas.jpg","type":"image\/jpeg"}],"author":"Di\u00e1rio de Ouro Preto","twitter_card":"summary_large_image","twitter_misc":{"Escrito por":"Di\u00e1rio de Ouro Preto","Tempo estimado de leitura":"2 minutos"},"schema":{"@context":"https:\/\/schema.org","@graph":[{"@type":"Article","@id":"https:\/\/www.diariodeouropreto.com.br\/mulheres-e-a-sambista-adriana-araujo-sao-homenageadas-na-minasplay\/#article","isPartOf":{"@id":"https:\/\/www.diariodeouropreto.com.br\/mulheres-e-a-sambista-adriana-araujo-sao-homenageadas-na-minasplay\/"},"author":{"name":"Di\u00e1rio de Ouro Preto","@id":"https:\/\/www.diariodeouropreto.com.br\/pt\/#\/schema\/person\/7654e7b471204a6dab6dc0ce6e140c99"},"headline":"Mulheres e a sambista Adriana Ara\u00fajo s\u00e3o homenageadas na Minasplay","datePublished":"2026-03-09T17:52:16+00:00","dateModified":"2026-03-09T21:27:03+00:00","mainEntityOfPage":{"@id":"https:\/\/www.diariodeouropreto.com.br\/mulheres-e-a-sambista-adriana-araujo-sao-homenageadas-na-minasplay\/"},"wordCount":279,"publisher":{"@id":"https:\/\/www.diariodeouropreto.com.br\/pt\/#organization"},"image":{"@id":"https:\/\/www.diariodeouropreto.com.br\/mulheres-e-a-sambista-adriana-araujo-sao-homenageadas-na-minasplay\/#primaryimage"},"thumbnailUrl":"https:\/\/www.diariodeouropreto.com.br\/wp-content\/uploads\/2026\/03\/Agenda-especial-Adriana-Araujo-divulgacao-Rede-Minas.jpg","articleSection":["Cultura, Artes e Patrim\u00f4nio"],"inLanguage":"pt-PT"},{"@type":"WebPage","@id":"https:\/\/www.diariodeouropreto.com.br\/mulheres-e-a-sambista-adriana-araujo-sao-homenageadas-na-minasplay\/","url":"https:\/\/www.diariodeouropreto.com.br\/mulheres-e-a-sambista-adriana-araujo-sao-homenageadas-na-minasplay\/","name":"Mulheres e a sambista Adriana Ara\u00fajo s\u00e3o homenageadas na Minasplay - Di\u00e1rio de Ouro Preto","isPartOf":{"@id":"https:\/\/www.diariodeouropreto.com.br\/pt\/#website"},"primaryImageOfPage":{"@id":"https:\/\/www.diariodeouropreto.com.br\/mulheres-e-a-sambista-adriana-araujo-sao-homenageadas-na-minasplay\/#primaryimage"},"image":{"@id":"https:\/\/www.diariodeouropreto.com.br\/mulheres-e-a-sambista-adriana-araujo-sao-homenageadas-na-minasplay\/#primaryimage"},"thumbnailUrl":"https:\/\/www.diariodeouropreto.com.br\/wp-content\/uploads\/2026\/03\/Agenda-especial-Adriana-Araujo-divulgacao-Rede-Minas.jpg","datePublished":"2026-03-09T17:52:16+00:00","dateModified":"2026-03-09T21:27:03+00:00","description":"Filmes e shows est\u00e3o no cat\u00e1logo gratuito da plataforma de streaming MinasPlay","breadcrumb":{"@id":"https:\/\/www.diariodeouropreto.com.br\/mulheres-e-a-sambista-adriana-araujo-sao-homenageadas-na-minasplay\/#breadcrumb"},"inLanguage":"pt-PT","potentialAction":[{"@type":"ReadAction","target":["https:\/\/www.diariodeouropreto.com.br\/mulheres-e-a-sambista-adriana-araujo-sao-homenageadas-na-minasplay\/"]}]},{"@type":"ImageObject","inLanguage":"pt-PT","@id":"https:\/\/www.diariodeouropreto.com.br\/mulheres-e-a-sambista-adriana-araujo-sao-homenageadas-na-minasplay\/#primaryimage","url":"https:\/\/www.diariodeouropreto.com.br\/wp-content\/uploads\/2026\/03\/Agenda-especial-Adriana-Araujo-divulgacao-Rede-Minas.jpg","contentUrl":"https:\/\/www.diariodeouropreto.com.br\/wp-content\/uploads\/2026\/03\/Agenda-especial-Adriana-Araujo-divulgacao-Rede-Minas.jpg","width":1200,"height":675},{"@type":"BreadcrumbList","@id":"https:\/\/www.diariodeouropreto.com.br\/mulheres-e-a-sambista-adriana-araujo-sao-homenageadas-na-minasplay\/#breadcrumb","itemListElement":[{"@type":"ListItem","position":1,"name":"In\u00edcio","item":"https:\/\/www.diariodeouropreto.com.br\/pt\/"},{"@type":"ListItem","position":2,"name":"Mulheres e a sambista Adriana Ara\u00fajo s\u00e3o homenageadas na Minasplay"}]},{"@type":"WebSite","@id":"https:\/\/www.diariodeouropreto.com.br\/pt\/#website","url":"https:\/\/www.diariodeouropreto.com.br\/pt\/","name":"Di\u00e1rio de Ouro Preto","description":"Not\u00edcias Ouro Preto; Mariana;Minas Gerais;Jornal;Jornalismo;Not\u00edcias;","publisher":{"@id":"https:\/\/www.diariodeouropreto.com.br\/pt\/#organization"},"alternateName":"Jornal di\u00e1rio de Ouro Preto","potentialAction":[{"@type":"SearchAction","target":{"@type":"EntryPoint","urlTemplate":"https:\/\/www.diariodeouropreto.com.br\/pt\/?s={search_term_string}"},"query-input":{"@type":"PropertyValueSpecification","valueRequired":true,"valueName":"search_term_string"}}],"inLanguage":"pt-PT"},{"@type":"Organization","@id":"https:\/\/www.diariodeouropreto.com.br\/pt\/#organization","name":"Di\u00e1rio de Ouro Preto","alternateName":"Jornal di\u00e1rio Ouro Preto","url":"https:\/\/www.diariodeouropreto.com.br\/pt\/","logo":{"@type":"ImageObject","inLanguage":"pt-PT","@id":"https:\/\/www.diariodeouropreto.com.br\/pt\/#\/schema\/logo\/image\/","url":"https:\/\/www.diariodeouropreto.com.br\/wp-content\/uploads\/2019\/06\/cropped-logotransp-2.png","contentUrl":"https:\/\/www.diariodeouropreto.com.br\/wp-content\/uploads\/2019\/06\/cropped-logotransp-2.png","width":1323,"height":251,"caption":"Di\u00e1rio de Ouro Preto"},"image":{"@id":"https:\/\/www.diariodeouropreto.com.br\/pt\/#\/schema\/logo\/image\/"},"sameAs":["https:\/\/www.facebook.com\/diariodeouropreto\/"]},{"@type":"Person","@id":"https:\/\/www.diariodeouropreto.com.br\/pt\/#\/schema\/person\/7654e7b471204a6dab6dc0ce6e140c99","name":"Di\u00e1rio de Ouro Preto","sameAs":["http:\/\/www.diariodeouropreto.com.br"],"url":"https:\/\/www.diariodeouropreto.com.br\/pt\/author\/diario\/"}]}},"jetpack_publicize_connections":[],"jetpack_featured_media_url":"https:\/\/www.diariodeouropreto.com.br\/wp-content\/uploads\/2026\/03\/Agenda-especial-Adriana-Araujo-divulgacao-Rede-Minas.jpg","jetpack-related-posts":[{"id":42009,"url":"https:\/\/www.diariodeouropreto.com.br\/pt\/minc-quer-streaming-publico-e-regulacao-de-plataformas-em-2025\/","url_meta":{"origin":50789,"position":0},"title":"MinC quer streaming p\u00fablico e regula\u00e7\u00e3o de plataformas em 2025","author":"Di\u00e1rio de Ouro Preto","date":"31 de Janeiro de 2025","format":false,"excerpt":"Assunto \u00e9 tema de debates na Mostra de Cinema de Tiradentes O Minist\u00e9rio da Cultura (MinC) trabalha para colocar no ar ainda em 2025 um\u00a0streaming\u00a0p\u00fablico. Ao mesmo tempo, batalha para que a regula\u00e7\u00e3o das plataformas digitais voltadas para a disponibiliza\u00e7\u00e3o de v\u00eddeo sob demanda (VOD, na sigla em ingl\u00eas) avance\u2026","rel":"","context":"In &quot;Cultura, Artes e Patrim\u00f4nio&quot;","block_context":{"text":"Cultura, Artes e Patrim\u00f4nio","link":"https:\/\/www.diariodeouropreto.com.br\/pt\/Editoria\/culturaeartes\/"},"img":{"alt_text":"","src":"https:\/\/i0.wp.com\/www.diariodeouropreto.com.br\/wp-content\/uploads\/2025\/01\/54286148525_238ca0bc9c_3k.webp?resize=350%2C200&ssl=1","width":350,"height":200,"srcset":"https:\/\/i0.wp.com\/www.diariodeouropreto.com.br\/wp-content\/uploads\/2025\/01\/54286148525_238ca0bc9c_3k.webp?resize=350%2C200&ssl=1 1x, https:\/\/i0.wp.com\/www.diariodeouropreto.com.br\/wp-content\/uploads\/2025\/01\/54286148525_238ca0bc9c_3k.webp?resize=525%2C300&ssl=1 1.5x, https:\/\/i0.wp.com\/www.diariodeouropreto.com.br\/wp-content\/uploads\/2025\/01\/54286148525_238ca0bc9c_3k.webp?resize=700%2C400&ssl=1 2x, https:\/\/i0.wp.com\/www.diariodeouropreto.com.br\/wp-content\/uploads\/2025\/01\/54286148525_238ca0bc9c_3k.webp?resize=1050%2C600&ssl=1 3x"},"classes":[]},{"id":42089,"url":"https:\/\/www.diariodeouropreto.com.br\/pt\/mostra-tiradentes-chega-a-itau-cultural-play-com-selecao-de-curtas\/","url_meta":{"origin":50789,"position":1},"title":"Mostra Tiradentes chega a Ita\u00fa Cultural Play com sele\u00e7\u00e3o de curtas","author":"Di\u00e1rio de Ouro Preto","date":"3 de Fevereiro de 2025","format":false,"excerpt":"Plataforma de streaming exibe gratuitamente seis filmes que representam a diversidade do cinema brasileiro contempor\u00e2neo A Ita\u00fa Cultural Play, plataforma de streaming gratuita dedicada ao cinema brasileiro, d\u00e1 in\u00edcio \u00e0 sua programa\u00e7\u00e3o de festivais de 2025 com um recorte especial de curtas-metragens da 28\u00aa Mostra de Cinema de Tiradentes. O\u2026","rel":"","context":"In &quot;Cultura, Artes e Patrim\u00f4nio&quot;","block_context":{"text":"Cultura, Artes e Patrim\u00f4nio","link":"https:\/\/www.diariodeouropreto.com.br\/pt\/Editoria\/culturaeartes\/"},"img":{"alt_text":"","src":"https:\/\/i0.wp.com\/www.diariodeouropreto.com.br\/wp-content\/uploads\/2025\/02\/Confluencias_Direcao-Dacia-Ibiapina-e-Nego-Bispo.jpg?resize=350%2C200&ssl=1","width":350,"height":200,"srcset":"https:\/\/i0.wp.com\/www.diariodeouropreto.com.br\/wp-content\/uploads\/2025\/02\/Confluencias_Direcao-Dacia-Ibiapina-e-Nego-Bispo.jpg?resize=350%2C200&ssl=1 1x, https:\/\/i0.wp.com\/www.diariodeouropreto.com.br\/wp-content\/uploads\/2025\/02\/Confluencias_Direcao-Dacia-Ibiapina-e-Nego-Bispo.jpg?resize=525%2C300&ssl=1 1.5x, https:\/\/i0.wp.com\/www.diariodeouropreto.com.br\/wp-content\/uploads\/2025\/02\/Confluencias_Direcao-Dacia-Ibiapina-e-Nego-Bispo.jpg?resize=700%2C400&ssl=1 2x"},"classes":[]},{"id":45873,"url":"https:\/\/www.diariodeouropreto.com.br\/pt\/itau-cultural-play-exibe-filmes-da-20a-cineop-com-homenagem-a-marisa-orth\/","url_meta":{"origin":50789,"position":2},"title":"Ita\u00fa Cultural Play exibe filmes da 20\u00aa CineOP, com homenagem \u00e0 Marisa Orth","author":"Di\u00e1rio de Ouro Preto","date":"5 de Julho de 2025","format":false,"excerpt":"No m\u00eas em que comemora quatro anos, a plataforma recebe oito curtas-metragens da Mostra Hist\u00f3rica e da Mostra Contempor\u00e2nea da 20\u00aa Mostra de Cinema de Ouro Preto At\u00e9 13 de julho, a Ita\u00fa Cultural Play, plataforma de streaming gratuita do cinema brasileiro, exibe uma sele\u00e7\u00e3o de filmes da 20\u00aa CineOP\u2026","rel":"","context":"In &quot;Cultura, Artes e Patrim\u00f4nio&quot;","block_context":{"text":"Cultura, Artes e Patrim\u00f4nio","link":"https:\/\/www.diariodeouropreto.com.br\/pt\/Editoria\/culturaeartes\/"},"img":{"alt_text":"","src":"https:\/\/i0.wp.com\/www.diariodeouropreto.com.br\/wp-content\/uploads\/2025\/07\/A-Origem-dos-Bebes-Segundo-Kiki-Cavalcanti_Direcao-Anna-Muylaert.jpg?resize=350%2C200&ssl=1","width":350,"height":200},"classes":[]},{"id":31910,"url":"https:\/\/www.diariodeouropreto.com.br\/pt\/comissao-de-assuntos-economicos-confirma-contribuicao-sobre-servicos-de-streaming-projeto-vai-a-camara\/","url_meta":{"origin":50789,"position":3},"title":"Comiss\u00e3o de Assuntos Econ\u00f4micos confirma contribui\u00e7\u00e3o sobre servi\u00e7os de streaming; projeto vai \u00e0 C\u00e2mara","author":"Di\u00e1rio de Ouro Preto","date":"18 de Abril de 2024","format":false,"excerpt":"Projeto que regulamenta os servi\u00e7os de oferta de v\u00eddeo sob demanda e os obriga a recolher a Contribui\u00e7\u00e3o para o Desenvolvimento da Ind\u00fastria Cinematogr\u00e1fica Nacional (Condecine) foi aprovado em turno suplementar pela Comiss\u00e3o de Assuntos Econ\u00f4micos (CAE) nesta ter\u00e7a-feira (16). O\u00a0PL 2.331\/2022\u00a0segue para a C\u00e2mara dos Deputados, a n\u00e3o ser\u2026","rel":"","context":"In &quot;Cultura, Artes e Patrim\u00f4nio&quot;","block_context":{"text":"Cultura, Artes e Patrim\u00f4nio","link":"https:\/\/www.diariodeouropreto.com.br\/pt\/Editoria\/culturaeartes\/"},"img":{"alt_text":"","src":"https:\/\/i0.wp.com\/www.diariodeouropreto.com.br\/wp-content\/uploads\/2024\/04\/imagem_materia-1.jpeg?resize=350%2C200&ssl=1","width":350,"height":200,"srcset":"https:\/\/i0.wp.com\/www.diariodeouropreto.com.br\/wp-content\/uploads\/2024\/04\/imagem_materia-1.jpeg?resize=350%2C200&ssl=1 1x, https:\/\/i0.wp.com\/www.diariodeouropreto.com.br\/wp-content\/uploads\/2024\/04\/imagem_materia-1.jpeg?resize=525%2C300&ssl=1 1.5x, https:\/\/i0.wp.com\/www.diariodeouropreto.com.br\/wp-content\/uploads\/2024\/04\/imagem_materia-1.jpeg?resize=700%2C400&ssl=1 2x"},"classes":[]},{"id":50080,"url":"https:\/\/www.diariodeouropreto.com.br\/pt\/carta-de-tiradentes-2026-reforca-a-necessidade-de-articulacao-permanente-do-setor-audiovisual\/","url_meta":{"origin":50789,"position":4},"title":"Carta de Tiradentes 2026 refor\u00e7a a necessidade de articula\u00e7\u00e3o permanente do setor audiovisual","author":"Di\u00e1rio de Ouro Preto","date":"30 de Janeiro de 2026","format":false,"excerpt":"\u201cVamos para as pr\u00e1ticas concretas\u201d, exalta coordenadora do F\u00f3rum em leitura da Carta de Tiradentes 2026 Concluindo os trabalhos do 4\u00ba F\u00f3rum de Tiradentes, aconteceu na tarde desta quarta-feira dia 28 de janeiro a leitura da\u00a0Carta de Tiradentes 2026. O documento redigido pelos Grupos de Trabalho surge como um chamado\u2026","rel":"","context":"In &quot;Cultura, Artes e Patrim\u00f4nio&quot;","block_context":{"text":"Cultura, Artes e Patrim\u00f4nio","link":"https:\/\/www.diariodeouropreto.com.br\/pt\/Editoria\/culturaeartes\/"},"img":{"alt_text":"","src":"https:\/\/i0.wp.com\/www.diariodeouropreto.com.br\/wp-content\/uploads\/2026\/01\/29a-MOSTRA-TIRADENTES-Foto-Leo-Fontes.jpg?resize=350%2C200&ssl=1","width":350,"height":200,"srcset":"https:\/\/i0.wp.com\/www.diariodeouropreto.com.br\/wp-content\/uploads\/2026\/01\/29a-MOSTRA-TIRADENTES-Foto-Leo-Fontes.jpg?resize=350%2C200&ssl=1 1x, https:\/\/i0.wp.com\/www.diariodeouropreto.com.br\/wp-content\/uploads\/2026\/01\/29a-MOSTRA-TIRADENTES-Foto-Leo-Fontes.jpg?resize=525%2C300&ssl=1 1.5x, https:\/\/i0.wp.com\/www.diariodeouropreto.com.br\/wp-content\/uploads\/2026\/01\/29a-MOSTRA-TIRADENTES-Foto-Leo-Fontes.jpg?resize=700%2C400&ssl=1 2x"},"classes":[]},{"id":11278,"url":"https:\/\/www.diariodeouropreto.com.br\/pt\/comeca-hoje-17a-mostra-internacional-do-cinema-negro\/","url_meta":{"origin":50789,"position":5},"title":"Come\u00e7a hoje 17\u00aa Mostra lnternacional do Cinema Negro","author":"Di\u00e1rio de Ouro Preto","date":"17 de Novembro de 2021","format":false,"excerpt":"De hoje (17) at\u00e9 o dia 30 de novembro,\u00a0longa e curta-metragens que fazem parte da 17 \u00aa Mostra Internacional do Cinema Negro (Micine) poder\u00e3o ser assistidos gratuitamente. Os filmes est\u00e3o dispon\u00edveis no\u00a0\u201c\u00c0 la Carte\u201d, servi\u00e7o de streaming do Petra Belas Artes. Com curadoria do professor e pesquisador Celso Luiz Prudente,\u2026","rel":"","context":"In &quot;Cultura, Artes e Patrim\u00f4nio&quot;","block_context":{"text":"Cultura, Artes e Patrim\u00f4nio","link":"https:\/\/www.diariodeouropreto.com.br\/pt\/Editoria\/culturaeartes\/"},"img":{"alt_text":"","src":"https:\/\/i0.wp.com\/www.diariodeouropreto.com.br\/wp-content\/uploads\/2021\/11\/17a_mostra_internacional_de_cinema_negro.jpg?resize=350%2C200&ssl=1","width":350,"height":200,"srcset":"https:\/\/i0.wp.com\/www.diariodeouropreto.com.br\/wp-content\/uploads\/2021\/11\/17a_mostra_internacional_de_cinema_negro.jpg?resize=350%2C200&ssl=1 1x, https:\/\/i0.wp.com\/www.diariodeouropreto.com.br\/wp-content\/uploads\/2021\/11\/17a_mostra_internacional_de_cinema_negro.jpg?resize=525%2C300&ssl=1 1.5x, https:\/\/i0.wp.com\/www.diariodeouropreto.com.br\/wp-content\/uploads\/2021\/11\/17a_mostra_internacional_de_cinema_negro.jpg?resize=700%2C400&ssl=1 2x, https:\/\/i0.wp.com\/www.diariodeouropreto.com.br\/wp-content\/uploads\/2021\/11\/17a_mostra_internacional_de_cinema_negro.jpg?resize=1050%2C600&ssl=1 3x"},"classes":[]}],"jetpack_sharing_enabled":true,"amp_enabled":true,"_links":{"self":[{"href":"https:\/\/www.diariodeouropreto.com.br\/pt\/wp-json\/wp\/v2\/posts\/50789","targetHints":{"allow":["GET"]}}],"collection":[{"href":"https:\/\/www.diariodeouropreto.com.br\/pt\/wp-json\/wp\/v2\/posts"}],"about":[{"href":"https:\/\/www.diariodeouropreto.com.br\/pt\/wp-json\/wp\/v2\/types\/post"}],"author":[{"embeddable":true,"href":"https:\/\/www.diariodeouropreto.com.br\/pt\/wp-json\/wp\/v2\/users\/1"}],"replies":[{"embeddable":true,"href":"https:\/\/www.diariodeouropreto.com.br\/pt\/wp-json\/wp\/v2\/comments?post=50789"}],"version-history":[{"count":2,"href":"https:\/\/www.diariodeouropreto.com.br\/pt\/wp-json\/wp\/v2\/posts\/50789\/revisions"}],"predecessor-version":[{"id":50792,"href":"https:\/\/www.diariodeouropreto.com.br\/pt\/wp-json\/wp\/v2\/posts\/50789\/revisions\/50792"}],"wp:featuredmedia":[{"embeddable":true,"href":"https:\/\/www.diariodeouropreto.com.br\/pt\/wp-json\/wp\/v2\/media\/50790"}],"wp:attachment":[{"href":"https:\/\/www.diariodeouropreto.com.br\/pt\/wp-json\/wp\/v2\/media?parent=50789"}],"wp:term":[{"taxonomy":"category","embeddable":true,"href":"https:\/\/www.diariodeouropreto.com.br\/pt\/wp-json\/wp\/v2\/categories?post=50789"},{"taxonomy":"post_tag","embeddable":true,"href":"https:\/\/www.diariodeouropreto.com.br\/pt\/wp-json\/wp\/v2\/tags?post=50789"}],"curies":[{"name":"wp","href":"https:\/\/api.w.org\/{rel}","templated":true}]}}