{"id":50784,"date":"2026-03-09T11:27:29","date_gmt":"2026-03-09T14:27:29","guid":{"rendered":"https:\/\/www.diariodeouropreto.com.br\/?p=50784"},"modified":"2026-03-09T11:27:35","modified_gmt":"2026-03-09T14:27:35","slug":"ipva-2026-pagamento-com-cartao-de-credito-passa-a-ser-opcao-no-site-da-secretaria-de-estado-de-fazenda","status":"publish","type":"post","link":"https:\/\/www.diariodeouropreto.com.br\/pt\/ipva-2026-pagamento-com-cartao-de-credito-passa-a-ser-opcao-no-site-da-secretaria-de-estado-de-fazenda\/","title":{"rendered":"IPVA 2026: pagamento com cart\u00e3o de cr\u00e9dito passa a ser op\u00e7\u00e3o no site da Secretaria de Estado de Fazenda"},"content":{"rendered":"<p><strong>Em Minas, segunda parcela do imposto vence esta semana, de hoje, 9 at\u00e9 sexta, 13\/3<\/strong><\/p>\n\n\n\n<p>Os propriet\u00e1rios de ve\u00edculos em Minas Gerais passam a contar com uma nova op\u00e7\u00e3o para pagamento do Imposto sobre a Propriedade de Ve\u00edculos Automotores (IPVA) de 2026: a quita\u00e7\u00e3o por meio de cart\u00e3o de cr\u00e9dito, com possibilidade de parcelamento em at\u00e9 12 vezes.<br><br>A medida est\u00e1 prevista na Resolu\u00e7\u00e3o SEF n\u00ba 5975\/2025, publicada no&nbsp;<a href=\"https:\/\/www.jornalminasgerais.mg.gov.br\/\" target=\"_blank\" rel=\"noreferrer noopener follow external sponsored ugc\" data-wpel-link=\"external\">Di\u00e1rio Oficial<\/a>, e foi disponibilizada a partir dessa quinta-feira (5\/3), no site da&nbsp;<a href=\"https:\/\/www.fazenda.mg.gov.br\/\" target=\"_blank\" rel=\"noreferrer noopener follow external sponsored ugc\" data-wpel-link=\"external\">Secretaria de Estado de Fazenda de Minas Gerais (SEF\/MG).<\/a><br><br>A opera\u00e7\u00e3o \u00e9 iniciada no ambiente oficial da SEF\/MG e, na etapa de pagamento, o contribuinte \u00e9 direcionado para o sistema operado por institui\u00e7\u00e3o financeira credenciada. A confirma\u00e7\u00e3o da transa\u00e7\u00e3o ocorre, em geral, em poucos minutos, conforme o processamento do operador e as regras do arranjo de pagamento.<br><br>O parcelamento ocorre, exclusivamente, no \u00e2mbito da opera\u00e7\u00e3o financeira realizada com o operador do cart\u00e3o. Eventuais juros e encargos s\u00e3o informados ao contribuinte antes da confirma\u00e7\u00e3o da transa\u00e7\u00e3o e seguem as condi\u00e7\u00f5es do operador credenciado e do emissor do cart\u00e3o.<br><br><strong>Como pagar<\/strong><br><br>Para utilizar a modalidade, o contribuinte (pessoa f\u00edsica ou jur\u00eddica) deve acessar o site da SEF\/MG, entrar na \u00e1rea do IPVA, emitir a guia de pagamento e prosseguir para a op\u00e7\u00e3o de pagamento por cart\u00e3o.<br><br>Na etapa final, ser\u00e1 poss\u00edvel escolher pagamento integral ou por d\u00e9bitos separados e, caso dispon\u00edvel para o cart\u00e3o informado, optar pelo parcelamento em at\u00e9 12 vezes.<br><br>As condi\u00e7\u00f5es de parcelamento e juros e encargos podem variar conforme o cart\u00e3o utilizado e s\u00e3o informadas antes da conclus\u00e3o da transa\u00e7\u00e3o.<br><br>\u00c9 importante ressaltar que tais encargos s\u00e3o decorrentes da modalidade de pagamento escolhida e n\u00e3o acarretam aumento no valor arrecadado ou no tributo devido.<br><br>O parcelamento no cart\u00e3o n\u00e3o se confunde com a op\u00e7\u00e3o de parcelamento em at\u00e9 tr\u00eas parcelas, j\u00e1 oferecida aos contribuintes.<br><br><strong>Seguran\u00e7a mantida<\/strong><br><br>A SEF\/MG refor\u00e7a que os contribuintes devem utilizar apenas os canais oficiais para a emiss\u00e3o da guia e o pagamento. A secretaria n\u00e3o envia links por mensagens nem oferece descontos fora das regras e prazos estabelecidos.<br><br>Antes de concluir a transa\u00e7\u00e3o, \u00e9 necess\u00e1rio conferir se o benefici\u00e1rio indicado \u00e9 Estado de Minas Gerais (CNPJ 18.715.615\/0001-60).<br><br>A nova modalidade passa a integrar o conjunto de meios de pagamento dispon\u00edveis para quita\u00e7\u00e3o do IPVA no ambiente digital da Secretaria de Estado de Fazenda e, futuramente, poder\u00e1 estar dispon\u00edvel para outros tributos, al\u00e9m de pontos de atendimento presenciais.<br><br><strong>Escala de vencimentos<\/strong><br><br>A segunda parcela do IPVA 2026 vence na pr\u00f3xima semana, de 9 a 13\/3, conforme o final de placa. Confira:<\/p>\n\n\n\n<figure class=\"wp-block-image size-full\"><img decoding=\"async\" width=\"632\" height=\"651\" data-attachment-id=\"50785\" data-permalink=\"https:\/\/www.diariodeouropreto.com.br\/pt\/ipva-2026-pagamento-com-cartao-de-credito-passa-a-ser-opcao-no-site-da-secretaria-de-estado-de-fazenda\/image005-2\/\" data-orig-file=\"https:\/\/www.diariodeouropreto.com.br\/wp-content\/uploads\/2026\/03\/image005.jpg\" data-orig-size=\"632,651\" data-comments-opened=\"0\" data-image-meta=\"{&quot;aperture&quot;:&quot;0&quot;,&quot;credit&quot;:&quot;&quot;,&quot;camera&quot;:&quot;&quot;,&quot;caption&quot;:&quot;&quot;,&quot;created_timestamp&quot;:&quot;0&quot;,&quot;copyright&quot;:&quot;&quot;,&quot;focal_length&quot;:&quot;0&quot;,&quot;iso&quot;:&quot;0&quot;,&quot;shutter_speed&quot;:&quot;0&quot;,&quot;title&quot;:&quot;&quot;,&quot;orientation&quot;:&quot;0&quot;}\" data-image-title=\"image005\" data-image-description=\"\" data-image-caption=\"\" data-large-file=\"https:\/\/www.diariodeouropreto.com.br\/wp-content\/uploads\/2026\/03\/image005.jpg\" src=\"https:\/\/www.diariodeouropreto.com.br\/wp-content\/uploads\/2026\/03\/image005.jpg\" alt=\"\" class=\"wp-image-50785\" srcset=\"https:\/\/www.diariodeouropreto.com.br\/wp-content\/uploads\/2026\/03\/image005.jpg 632w, https:\/\/www.diariodeouropreto.com.br\/wp-content\/uploads\/2026\/03\/image005-384x396.jpg 384w, https:\/\/www.diariodeouropreto.com.br\/wp-content\/uploads\/2026\/03\/image005-146x150.jpg 146w, https:\/\/www.diariodeouropreto.com.br\/wp-content\/uploads\/2026\/03\/image005-12x12.jpg 12w, https:\/\/www.diariodeouropreto.com.br\/wp-content\/uploads\/2026\/03\/image005-465x479.jpg 465w, https:\/\/www.diariodeouropreto.com.br\/wp-content\/uploads\/2026\/03\/image005-485x500.jpg 485w\" sizes=\"(max-width: 632px) 100vw, 632px\" \/><\/figure>\n\n\n\n<p>Al\u00e9m da novidade do cart\u00e3o cr\u00e9dito, o pagamento do IPVA pode ser feito via&nbsp;Pix, Documento de Arrecada\u00e7\u00e3o Estadual (DAE) ou diretamente nos terminais de autoatendimento, guich\u00eas e aplicativos dos agentes arrecadadores autorizados. Basta ter em m\u00e3os o n\u00famero do&nbsp;Renavam&nbsp;do ve\u00edculo.<\/p>\n\n\n\n<p>\u00c9 importante refor\u00e7ar que antes de concluir a transa\u00e7\u00e3o via&nbsp;Pix, o contribuinte deve verificar se o nome da institui\u00e7\u00e3o emissora \u00e9 Ita\u00fa Unibanco S.A ou Santander (Brasil) S.A. e o favorecido pelo pagamento \u00e9 Estado de Minas Gerais, CNPJ 18.715.615\/0001-60.<\/p>\n\n\n\n<div id=\"110712\" class=\"advads-saneouro advads-entity-placement\" style=\"margin-left: auto;margin-right: auto;text-align: center;\"><a href=\"https:\/\/www.saneouro.com.br\/\" target=\"_blank\" aria-label=\"DOP_Site\" data-wpel-link=\"external\" rel=\"follow external noopener noreferrer sponsored ugc\"><img src=\"https:\/\/www.diariodeouropreto.com.br\/wp-content\/uploads\/2026\/04\/DOP_Site.jpg\" alt=\"\"  srcset=\"https:\/\/www.diariodeouropreto.com.br\/wp-content\/uploads\/2026\/04\/DOP_Site.jpg 301w, https:\/\/www.diariodeouropreto.com.br\/wp-content\/uploads\/2026\/04\/DOP_Site-180x150.jpg 180w, https:\/\/www.diariodeouropreto.com.br\/wp-content\/uploads\/2026\/04\/DOP_Site-14x12.jpg 14w\" sizes=\"(max-width: 301px) 100vw, 301px\" width=\"301\" height=\"251\"  style=\"display: inline-block;\" \/><\/a><\/div><p>Fonte: Ag\u00eancia Minas<\/p>\n\n\n\n<div id=\"50321\" class=\"advads-plantao advads-entity-placement\"><a href=\"https:\/\/www.diariodeouropreto.com.br\/pt\/\" target=\"_blank\" aria-label=\"site &#8211; noticia\" data-wpel-link=\"external\" rel=\"follow external noopener noreferrer sponsored ugc\"><img src=\"https:\/\/www.diariodeouropreto.com.br\/wp-content\/uploads\/2019\/09\/titulosite2-e1616373489755.jpg\" alt=\"\"  srcset=\"https:\/\/www.diariodeouropreto.com.br\/wp-content\/uploads\/2019\/09\/titulosite2-e1616373489755.jpg 1200w, https:\/\/www.diariodeouropreto.com.br\/wp-content\/uploads\/2019\/09\/titulosite2-e1616373489755-150x38.jpg 150w, https:\/\/www.diariodeouropreto.com.br\/wp-content\/uploads\/2019\/09\/titulosite2-e1616373489755-660x167.jpg 660w, https:\/\/www.diariodeouropreto.com.br\/wp-content\/uploads\/2019\/09\/titulosite2-e1616373489755-768x194.jpg 768w, https:\/\/www.diariodeouropreto.com.br\/wp-content\/uploads\/2019\/09\/titulosite2-e1616373489755-1000x252.jpg 1000w, https:\/\/www.diariodeouropreto.com.br\/wp-content\/uploads\/2019\/09\/titulosite2-e1616373489755-1536x388.jpg 1536w, https:\/\/www.diariodeouropreto.com.br\/wp-content\/uploads\/2019\/09\/titulosite2-e1616373489755-2048x517.jpg 2048w\" sizes=\"(max-width: 1200px) 100vw, 1200px\" width=\"1200\" height=\"303\"  style=\"display: inline-block;\" \/><\/a><\/div><p>Foto: SEF-MG \/ Divulga\u00e7\u00e3o<\/p>","protected":false},"excerpt":{"rendered":"<p>Em Minas, segunda parcela do imposto vence esta semana, de hoje, 9 at\u00e9 sexta, 13\/3 Os propriet\u00e1rios de ve\u00edculos em Minas Gerais passam a contar com uma nova op\u00e7\u00e3o para pagamento do Imposto sobre a Propriedade de Ve\u00edculos Automotores (IPVA) de 2026: a quita\u00e7\u00e3o por meio de cart\u00e3o de cr\u00e9dito,<span class=\"more-link\"><a href=\"https:\/\/www.diariodeouropreto.com.br\/pt\/ipva-2026-pagamento-com-cartao-de-credito-passa-a-ser-opcao-no-site-da-secretaria-de-estado-de-fazenda\/\" data-wpel-link=\"internal\">Continue Lendo<\/a><\/span><\/p>","protected":false},"author":1,"featured_media":50786,"comment_status":"closed","ping_status":"closed","sticky":false,"template":"","format":"standard","meta":{"_jetpack_memberships_contains_paid_content":false,"footnotes":"","jetpack_publicize_message":"Em Minas, segunda parcela do imposto vence esta semana, de hoje, 9 at\u00e9 sexta, 13\/3","jetpack_publicize_feature_enabled":true,"jetpack_social_post_already_shared":false,"jetpack_social_options":{"image_generator_settings":{"template":"highway","default_image_id":0,"font":"","enabled":false},"version":2}},"categories":[6],"tags":[],"class_list":["entry","author-diario","post-50784","post","type-post","status-publish","format-standard","has-post-thumbnail","category-minas-gerais"],"yoast_head":"<!-- This site is optimized with the Yoast SEO plugin v27.5 - https:\/\/yoast.com\/product\/yoast-seo-wordpress\/ -->\n<title>IPVA 2026: pagamento com cart\u00e3o de cr\u00e9dito passa a ser op\u00e7\u00e3o no site da Secretaria de Estado de Fazenda - Di\u00e1rio de Ouro Preto<\/title>\n<meta name=\"description\" content=\"Em Minas, segunda parcela do imposto vence esta semana, de hoje, 9 at\u00e9 sexta, 13\/3 - IPVA 2026: pagamento com cart\u00e3o de cr\u00e9dito passa a ser op\u00e7\u00e3o no site da Secretaria de Estado de Fazenda\" \/>\n<meta name=\"robots\" content=\"index, follow, max-snippet:-1, max-image-preview:large, max-video-preview:-1\" \/>\n<link rel=\"canonical\" href=\"https:\/\/www.diariodeouropreto.com.br\/pt\/ipva-2026-pagamento-com-cartao-de-credito-passa-a-ser-opcao-no-site-da-secretaria-de-estado-de-fazenda\/\" \/>\n<meta property=\"og:locale\" content=\"pt_PT\" \/>\n<meta property=\"og:type\" content=\"article\" \/>\n<meta property=\"og:title\" content=\"IPVA 2026: pagamento com cart\u00e3o de cr\u00e9dito passa a ser op\u00e7\u00e3o no site da Secretaria de Estado de Fazenda - Di\u00e1rio de Ouro Preto\" \/>\n<meta property=\"og:description\" content=\"Em Minas, segunda parcela do imposto vence esta semana, de hoje, 9 at\u00e9 sexta, 13\/3 - IPVA 2026: pagamento com cart\u00e3o de cr\u00e9dito passa a ser op\u00e7\u00e3o no site da Secretaria de Estado de Fazenda\" \/>\n<meta property=\"og:url\" content=\"https:\/\/www.diariodeouropreto.com.br\/pt\/ipva-2026-pagamento-com-cartao-de-credito-passa-a-ser-opcao-no-site-da-secretaria-de-estado-de-fazenda\/\" \/>\n<meta property=\"og:site_name\" content=\"Di\u00e1rio de Ouro Preto\" \/>\n<meta property=\"article:publisher\" content=\"https:\/\/www.facebook.com\/diariodeouropreto\/\" \/>\n<meta property=\"article:published_time\" content=\"2026-03-09T14:27:29+00:00\" \/>\n<meta property=\"article:modified_time\" content=\"2026-03-09T14:27:35+00:00\" \/>\n<meta property=\"og:image\" content=\"https:\/\/www.diariodeouropreto.com.br\/wp-content\/uploads\/2026\/03\/2026.03.05_IPVA_CartaodeCredito.jpg\" \/>\n\t<meta property=\"og:image:width\" content=\"1200\" \/>\n\t<meta property=\"og:image:height\" content=\"632\" \/>\n\t<meta property=\"og:image:type\" content=\"image\/jpeg\" \/>\n<meta name=\"author\" content=\"Di\u00e1rio de Ouro Preto\" \/>\n<meta name=\"twitter:card\" content=\"summary_large_image\" \/>\n<meta name=\"twitter:label1\" content=\"Escrito por\" \/>\n\t<meta name=\"twitter:data1\" content=\"Di\u00e1rio de Ouro Preto\" \/>\n\t<meta name=\"twitter:label2\" content=\"Tempo estimado de leitura\" \/>\n\t<meta name=\"twitter:data2\" content=\"4 minutos\" \/>\n<script type=\"application\/ld+json\" class=\"yoast-schema-graph\">{\"@context\":\"https:\\\/\\\/schema.org\",\"@graph\":[{\"@type\":\"Article\",\"@id\":\"https:\\\/\\\/www.diariodeouropreto.com.br\\\/ipva-2026-pagamento-com-cartao-de-credito-passa-a-ser-opcao-no-site-da-secretaria-de-estado-de-fazenda\\\/#article\",\"isPartOf\":{\"@id\":\"https:\\\/\\\/www.diariodeouropreto.com.br\\\/ipva-2026-pagamento-com-cartao-de-credito-passa-a-ser-opcao-no-site-da-secretaria-de-estado-de-fazenda\\\/\"},\"author\":{\"name\":\"Di\u00e1rio de Ouro Preto\",\"@id\":\"https:\\\/\\\/www.diariodeouropreto.com.br\\\/pt\\\/#\\\/schema\\\/person\\\/7654e7b471204a6dab6dc0ce6e140c99\"},\"headline\":\"IPVA 2026: pagamento com cart\u00e3o de cr\u00e9dito passa a ser op\u00e7\u00e3o no site da Secretaria de Estado de Fazenda\",\"datePublished\":\"2026-03-09T14:27:29+00:00\",\"dateModified\":\"2026-03-09T14:27:35+00:00\",\"mainEntityOfPage\":{\"@id\":\"https:\\\/\\\/www.diariodeouropreto.com.br\\\/ipva-2026-pagamento-com-cartao-de-credito-passa-a-ser-opcao-no-site-da-secretaria-de-estado-de-fazenda\\\/\"},\"wordCount\":597,\"publisher\":{\"@id\":\"https:\\\/\\\/www.diariodeouropreto.com.br\\\/pt\\\/#organization\"},\"image\":{\"@id\":\"https:\\\/\\\/www.diariodeouropreto.com.br\\\/ipva-2026-pagamento-com-cartao-de-credito-passa-a-ser-opcao-no-site-da-secretaria-de-estado-de-fazenda\\\/#primaryimage\"},\"thumbnailUrl\":\"https:\\\/\\\/www.diariodeouropreto.com.br\\\/wp-content\\\/uploads\\\/2026\\\/03\\\/2026.03.05_IPVA_CartaodeCredito.jpg\",\"articleSection\":[\"Minas Gerais\"],\"inLanguage\":\"pt-PT\"},{\"@type\":\"WebPage\",\"@id\":\"https:\\\/\\\/www.diariodeouropreto.com.br\\\/ipva-2026-pagamento-com-cartao-de-credito-passa-a-ser-opcao-no-site-da-secretaria-de-estado-de-fazenda\\\/\",\"url\":\"https:\\\/\\\/www.diariodeouropreto.com.br\\\/ipva-2026-pagamento-com-cartao-de-credito-passa-a-ser-opcao-no-site-da-secretaria-de-estado-de-fazenda\\\/\",\"name\":\"IPVA 2026: pagamento com cart\u00e3o de cr\u00e9dito passa a ser op\u00e7\u00e3o no site da Secretaria de Estado de Fazenda - Di\u00e1rio de Ouro Preto\",\"isPartOf\":{\"@id\":\"https:\\\/\\\/www.diariodeouropreto.com.br\\\/pt\\\/#website\"},\"primaryImageOfPage\":{\"@id\":\"https:\\\/\\\/www.diariodeouropreto.com.br\\\/ipva-2026-pagamento-com-cartao-de-credito-passa-a-ser-opcao-no-site-da-secretaria-de-estado-de-fazenda\\\/#primaryimage\"},\"image\":{\"@id\":\"https:\\\/\\\/www.diariodeouropreto.com.br\\\/ipva-2026-pagamento-com-cartao-de-credito-passa-a-ser-opcao-no-site-da-secretaria-de-estado-de-fazenda\\\/#primaryimage\"},\"thumbnailUrl\":\"https:\\\/\\\/www.diariodeouropreto.com.br\\\/wp-content\\\/uploads\\\/2026\\\/03\\\/2026.03.05_IPVA_CartaodeCredito.jpg\",\"datePublished\":\"2026-03-09T14:27:29+00:00\",\"dateModified\":\"2026-03-09T14:27:35+00:00\",\"description\":\"Em Minas, segunda parcela do imposto vence esta semana, de hoje, 9 at\u00e9 sexta, 13\\\/3 - IPVA 2026: pagamento com cart\u00e3o de cr\u00e9dito passa a ser op\u00e7\u00e3o no site da Secretaria de Estado de Fazenda\",\"breadcrumb\":{\"@id\":\"https:\\\/\\\/www.diariodeouropreto.com.br\\\/ipva-2026-pagamento-com-cartao-de-credito-passa-a-ser-opcao-no-site-da-secretaria-de-estado-de-fazenda\\\/#breadcrumb\"},\"inLanguage\":\"pt-PT\",\"potentialAction\":[{\"@type\":\"ReadAction\",\"target\":[\"https:\\\/\\\/www.diariodeouropreto.com.br\\\/ipva-2026-pagamento-com-cartao-de-credito-passa-a-ser-opcao-no-site-da-secretaria-de-estado-de-fazenda\\\/\"]}]},{\"@type\":\"ImageObject\",\"inLanguage\":\"pt-PT\",\"@id\":\"https:\\\/\\\/www.diariodeouropreto.com.br\\\/ipva-2026-pagamento-com-cartao-de-credito-passa-a-ser-opcao-no-site-da-secretaria-de-estado-de-fazenda\\\/#primaryimage\",\"url\":\"https:\\\/\\\/www.diariodeouropreto.com.br\\\/wp-content\\\/uploads\\\/2026\\\/03\\\/2026.03.05_IPVA_CartaodeCredito.jpg\",\"contentUrl\":\"https:\\\/\\\/www.diariodeouropreto.com.br\\\/wp-content\\\/uploads\\\/2026\\\/03\\\/2026.03.05_IPVA_CartaodeCredito.jpg\",\"width\":1200,\"height\":632},{\"@type\":\"BreadcrumbList\",\"@id\":\"https:\\\/\\\/www.diariodeouropreto.com.br\\\/ipva-2026-pagamento-com-cartao-de-credito-passa-a-ser-opcao-no-site-da-secretaria-de-estado-de-fazenda\\\/#breadcrumb\",\"itemListElement\":[{\"@type\":\"ListItem\",\"position\":1,\"name\":\"In\u00edcio\",\"item\":\"https:\\\/\\\/www.diariodeouropreto.com.br\\\/pt\\\/\"},{\"@type\":\"ListItem\",\"position\":2,\"name\":\"IPVA 2026: pagamento com cart\u00e3o de cr\u00e9dito passa a ser op\u00e7\u00e3o no site da Secretaria de Estado de Fazenda\"}]},{\"@type\":\"WebSite\",\"@id\":\"https:\\\/\\\/www.diariodeouropreto.com.br\\\/pt\\\/#website\",\"url\":\"https:\\\/\\\/www.diariodeouropreto.com.br\\\/pt\\\/\",\"name\":\"Di\u00e1rio de Ouro Preto\",\"description\":\"Not\u00edcias Ouro Preto; Mariana;Minas Gerais;Jornal;Jornalismo;Not\u00edcias;\",\"publisher\":{\"@id\":\"https:\\\/\\\/www.diariodeouropreto.com.br\\\/pt\\\/#organization\"},\"alternateName\":\"Jornal di\u00e1rio de Ouro Preto\",\"potentialAction\":[{\"@type\":\"SearchAction\",\"target\":{\"@type\":\"EntryPoint\",\"urlTemplate\":\"https:\\\/\\\/www.diariodeouropreto.com.br\\\/pt\\\/?s={search_term_string}\"},\"query-input\":{\"@type\":\"PropertyValueSpecification\",\"valueRequired\":true,\"valueName\":\"search_term_string\"}}],\"inLanguage\":\"pt-PT\"},{\"@type\":\"Organization\",\"@id\":\"https:\\\/\\\/www.diariodeouropreto.com.br\\\/pt\\\/#organization\",\"name\":\"Di\u00e1rio de Ouro Preto\",\"alternateName\":\"Jornal di\u00e1rio Ouro Preto\",\"url\":\"https:\\\/\\\/www.diariodeouropreto.com.br\\\/pt\\\/\",\"logo\":{\"@type\":\"ImageObject\",\"inLanguage\":\"pt-PT\",\"@id\":\"https:\\\/\\\/www.diariodeouropreto.com.br\\\/pt\\\/#\\\/schema\\\/logo\\\/image\\\/\",\"url\":\"https:\\\/\\\/www.diariodeouropreto.com.br\\\/wp-content\\\/uploads\\\/2019\\\/06\\\/cropped-logotransp-2.png\",\"contentUrl\":\"https:\\\/\\\/www.diariodeouropreto.com.br\\\/wp-content\\\/uploads\\\/2019\\\/06\\\/cropped-logotransp-2.png\",\"width\":1323,\"height\":251,\"caption\":\"Di\u00e1rio de Ouro Preto\"},\"image\":{\"@id\":\"https:\\\/\\\/www.diariodeouropreto.com.br\\\/pt\\\/#\\\/schema\\\/logo\\\/image\\\/\"},\"sameAs\":[\"https:\\\/\\\/www.facebook.com\\\/diariodeouropreto\\\/\"]},{\"@type\":\"Person\",\"@id\":\"https:\\\/\\\/www.diariodeouropreto.com.br\\\/pt\\\/#\\\/schema\\\/person\\\/7654e7b471204a6dab6dc0ce6e140c99\",\"name\":\"Di\u00e1rio de Ouro Preto\",\"sameAs\":[\"http:\\\/\\\/www.diariodeouropreto.com.br\"],\"url\":\"https:\\\/\\\/www.diariodeouropreto.com.br\\\/pt\\\/author\\\/diario\\\/\"}]}<\/script>\n<!-- \/ Yoast SEO plugin. -->","yoast_head_json":{"title":"IPVA 2026: pagamento com cart\u00e3o de cr\u00e9dito passa a ser op\u00e7\u00e3o no site da Secretaria de Estado de Fazenda - Di\u00e1rio de Ouro Preto","description":"Em Minas, segunda parcela do imposto vence esta semana, de hoje, 9 at\u00e9 sexta, 13\/3 - IPVA 2026: pagamento com cart\u00e3o de cr\u00e9dito passa a ser op\u00e7\u00e3o no site da Secretaria de Estado de Fazenda","robots":{"index":"index","follow":"follow","max-snippet":"max-snippet:-1","max-image-preview":"max-image-preview:large","max-video-preview":"max-video-preview:-1"},"canonical":"https:\/\/www.diariodeouropreto.com.br\/pt\/ipva-2026-pagamento-com-cartao-de-credito-passa-a-ser-opcao-no-site-da-secretaria-de-estado-de-fazenda\/","og_locale":"pt_PT","og_type":"article","og_title":"IPVA 2026: pagamento com cart\u00e3o de cr\u00e9dito passa a ser op\u00e7\u00e3o no site da Secretaria de Estado de Fazenda - Di\u00e1rio de Ouro Preto","og_description":"Em Minas, segunda parcela do imposto vence esta semana, de hoje, 9 at\u00e9 sexta, 13\/3 - IPVA 2026: pagamento com cart\u00e3o de cr\u00e9dito passa a ser op\u00e7\u00e3o no site da Secretaria de Estado de Fazenda","og_url":"https:\/\/www.diariodeouropreto.com.br\/pt\/ipva-2026-pagamento-com-cartao-de-credito-passa-a-ser-opcao-no-site-da-secretaria-de-estado-de-fazenda\/","og_site_name":"Di\u00e1rio de Ouro Preto","article_publisher":"https:\/\/www.facebook.com\/diariodeouropreto\/","article_published_time":"2026-03-09T14:27:29+00:00","article_modified_time":"2026-03-09T14:27:35+00:00","og_image":[{"width":1200,"height":632,"url":"https:\/\/www.diariodeouropreto.com.br\/wp-content\/uploads\/2026\/03\/2026.03.05_IPVA_CartaodeCredito.jpg","type":"image\/jpeg"}],"author":"Di\u00e1rio de Ouro Preto","twitter_card":"summary_large_image","twitter_misc":{"Escrito por":"Di\u00e1rio de Ouro Preto","Tempo estimado de leitura":"4 minutos"},"schema":{"@context":"https:\/\/schema.org","@graph":[{"@type":"Article","@id":"https:\/\/www.diariodeouropreto.com.br\/ipva-2026-pagamento-com-cartao-de-credito-passa-a-ser-opcao-no-site-da-secretaria-de-estado-de-fazenda\/#article","isPartOf":{"@id":"https:\/\/www.diariodeouropreto.com.br\/ipva-2026-pagamento-com-cartao-de-credito-passa-a-ser-opcao-no-site-da-secretaria-de-estado-de-fazenda\/"},"author":{"name":"Di\u00e1rio de Ouro Preto","@id":"https:\/\/www.diariodeouropreto.com.br\/pt\/#\/schema\/person\/7654e7b471204a6dab6dc0ce6e140c99"},"headline":"IPVA 2026: pagamento com cart\u00e3o de cr\u00e9dito passa a ser op\u00e7\u00e3o no site da Secretaria de Estado de Fazenda","datePublished":"2026-03-09T14:27:29+00:00","dateModified":"2026-03-09T14:27:35+00:00","mainEntityOfPage":{"@id":"https:\/\/www.diariodeouropreto.com.br\/ipva-2026-pagamento-com-cartao-de-credito-passa-a-ser-opcao-no-site-da-secretaria-de-estado-de-fazenda\/"},"wordCount":597,"publisher":{"@id":"https:\/\/www.diariodeouropreto.com.br\/pt\/#organization"},"image":{"@id":"https:\/\/www.diariodeouropreto.com.br\/ipva-2026-pagamento-com-cartao-de-credito-passa-a-ser-opcao-no-site-da-secretaria-de-estado-de-fazenda\/#primaryimage"},"thumbnailUrl":"https:\/\/www.diariodeouropreto.com.br\/wp-content\/uploads\/2026\/03\/2026.03.05_IPVA_CartaodeCredito.jpg","articleSection":["Minas Gerais"],"inLanguage":"pt-PT"},{"@type":"WebPage","@id":"https:\/\/www.diariodeouropreto.com.br\/ipva-2026-pagamento-com-cartao-de-credito-passa-a-ser-opcao-no-site-da-secretaria-de-estado-de-fazenda\/","url":"https:\/\/www.diariodeouropreto.com.br\/ipva-2026-pagamento-com-cartao-de-credito-passa-a-ser-opcao-no-site-da-secretaria-de-estado-de-fazenda\/","name":"IPVA 2026: pagamento com cart\u00e3o de cr\u00e9dito passa a ser op\u00e7\u00e3o no site da Secretaria de Estado de Fazenda - Di\u00e1rio de Ouro Preto","isPartOf":{"@id":"https:\/\/www.diariodeouropreto.com.br\/pt\/#website"},"primaryImageOfPage":{"@id":"https:\/\/www.diariodeouropreto.com.br\/ipva-2026-pagamento-com-cartao-de-credito-passa-a-ser-opcao-no-site-da-secretaria-de-estado-de-fazenda\/#primaryimage"},"image":{"@id":"https:\/\/www.diariodeouropreto.com.br\/ipva-2026-pagamento-com-cartao-de-credito-passa-a-ser-opcao-no-site-da-secretaria-de-estado-de-fazenda\/#primaryimage"},"thumbnailUrl":"https:\/\/www.diariodeouropreto.com.br\/wp-content\/uploads\/2026\/03\/2026.03.05_IPVA_CartaodeCredito.jpg","datePublished":"2026-03-09T14:27:29+00:00","dateModified":"2026-03-09T14:27:35+00:00","description":"Em Minas, segunda parcela do imposto vence esta semana, de hoje, 9 at\u00e9 sexta, 13\/3 - IPVA 2026: pagamento com cart\u00e3o de cr\u00e9dito passa a ser op\u00e7\u00e3o no site da Secretaria de Estado de Fazenda","breadcrumb":{"@id":"https:\/\/www.diariodeouropreto.com.br\/ipva-2026-pagamento-com-cartao-de-credito-passa-a-ser-opcao-no-site-da-secretaria-de-estado-de-fazenda\/#breadcrumb"},"inLanguage":"pt-PT","potentialAction":[{"@type":"ReadAction","target":["https:\/\/www.diariodeouropreto.com.br\/ipva-2026-pagamento-com-cartao-de-credito-passa-a-ser-opcao-no-site-da-secretaria-de-estado-de-fazenda\/"]}]},{"@type":"ImageObject","inLanguage":"pt-PT","@id":"https:\/\/www.diariodeouropreto.com.br\/ipva-2026-pagamento-com-cartao-de-credito-passa-a-ser-opcao-no-site-da-secretaria-de-estado-de-fazenda\/#primaryimage","url":"https:\/\/www.diariodeouropreto.com.br\/wp-content\/uploads\/2026\/03\/2026.03.05_IPVA_CartaodeCredito.jpg","contentUrl":"https:\/\/www.diariodeouropreto.com.br\/wp-content\/uploads\/2026\/03\/2026.03.05_IPVA_CartaodeCredito.jpg","width":1200,"height":632},{"@type":"BreadcrumbList","@id":"https:\/\/www.diariodeouropreto.com.br\/ipva-2026-pagamento-com-cartao-de-credito-passa-a-ser-opcao-no-site-da-secretaria-de-estado-de-fazenda\/#breadcrumb","itemListElement":[{"@type":"ListItem","position":1,"name":"In\u00edcio","item":"https:\/\/www.diariodeouropreto.com.br\/pt\/"},{"@type":"ListItem","position":2,"name":"IPVA 2026: pagamento com cart\u00e3o de cr\u00e9dito passa a ser op\u00e7\u00e3o no site da Secretaria de Estado de Fazenda"}]},{"@type":"WebSite","@id":"https:\/\/www.diariodeouropreto.com.br\/pt\/#website","url":"https:\/\/www.diariodeouropreto.com.br\/pt\/","name":"Di\u00e1rio de Ouro Preto","description":"Not\u00edcias Ouro Preto; Mariana;Minas Gerais;Jornal;Jornalismo;Not\u00edcias;","publisher":{"@id":"https:\/\/www.diariodeouropreto.com.br\/pt\/#organization"},"alternateName":"Jornal di\u00e1rio de Ouro Preto","potentialAction":[{"@type":"SearchAction","target":{"@type":"EntryPoint","urlTemplate":"https:\/\/www.diariodeouropreto.com.br\/pt\/?s={search_term_string}"},"query-input":{"@type":"PropertyValueSpecification","valueRequired":true,"valueName":"search_term_string"}}],"inLanguage":"pt-PT"},{"@type":"Organization","@id":"https:\/\/www.diariodeouropreto.com.br\/pt\/#organization","name":"Di\u00e1rio de Ouro Preto","alternateName":"Jornal di\u00e1rio Ouro Preto","url":"https:\/\/www.diariodeouropreto.com.br\/pt\/","logo":{"@type":"ImageObject","inLanguage":"pt-PT","@id":"https:\/\/www.diariodeouropreto.com.br\/pt\/#\/schema\/logo\/image\/","url":"https:\/\/www.diariodeouropreto.com.br\/wp-content\/uploads\/2019\/06\/cropped-logotransp-2.png","contentUrl":"https:\/\/www.diariodeouropreto.com.br\/wp-content\/uploads\/2019\/06\/cropped-logotransp-2.png","width":1323,"height":251,"caption":"Di\u00e1rio de Ouro Preto"},"image":{"@id":"https:\/\/www.diariodeouropreto.com.br\/pt\/#\/schema\/logo\/image\/"},"sameAs":["https:\/\/www.facebook.com\/diariodeouropreto\/"]},{"@type":"Person","@id":"https:\/\/www.diariodeouropreto.com.br\/pt\/#\/schema\/person\/7654e7b471204a6dab6dc0ce6e140c99","name":"Di\u00e1rio de Ouro Preto","sameAs":["http:\/\/www.diariodeouropreto.com.br"],"url":"https:\/\/www.diariodeouropreto.com.br\/pt\/author\/diario\/"}]}},"jetpack_publicize_connections":[],"jetpack_featured_media_url":"https:\/\/www.diariodeouropreto.com.br\/wp-content\/uploads\/2026\/03\/2026.03.05_IPVA_CartaodeCredito.jpg","jetpack-related-posts":[{"id":51530,"url":"https:\/\/www.diariodeouropreto.com.br\/pt\/vencimento-da-terceira-parcela-do-ipva-2026-comeca-nesta-semana-em-minas-gerais\/","url_meta":{"origin":50784,"position":0},"title":"Vencimento da terceira parcela do IPVA 2026 come\u00e7a nesta semana em Minas Gerais","author":"Di\u00e1rio de Ouro Preto","date":"6 de Abril de 2026","format":false,"excerpt":"Escala de vencimentos vai de 9 a 15\/4\u00a0de acordo com o final da placa Come\u00e7a na quinta-feira (9\/4) a escala de vencimentos da terceira parcela do Imposto sobre a Propriedade de Ve\u00edculos Automotores (IPVA) de 2026, em Minas Gerais. De acordo com o final da placa, os pagamentos devem ser\u2026","rel":"","context":"In &quot;Minas Gerais&quot;","block_context":{"text":"Minas Gerais","link":"https:\/\/www.diariodeouropreto.com.br\/pt\/Editoria\/minas-gerais\/"},"img":{"alt_text":"","src":"https:\/\/i0.wp.com\/www.diariodeouropreto.com.br\/wp-content\/uploads\/2026\/04\/2026.04.06_IPVA_Parcela3.jpg?resize=350%2C200&ssl=1","width":350,"height":200,"srcset":"https:\/\/i0.wp.com\/www.diariodeouropreto.com.br\/wp-content\/uploads\/2026\/04\/2026.04.06_IPVA_Parcela3.jpg?resize=350%2C200&ssl=1 1x, https:\/\/i0.wp.com\/www.diariodeouropreto.com.br\/wp-content\/uploads\/2026\/04\/2026.04.06_IPVA_Parcela3.jpg?resize=525%2C300&ssl=1 1.5x, https:\/\/i0.wp.com\/www.diariodeouropreto.com.br\/wp-content\/uploads\/2026\/04\/2026.04.06_IPVA_Parcela3.jpg?resize=700%2C400&ssl=1 2x, https:\/\/i0.wp.com\/www.diariodeouropreto.com.br\/wp-content\/uploads\/2026\/04\/2026.04.06_IPVA_Parcela3.jpg?resize=1050%2C600&ssl=1 3x"},"classes":[]},{"id":50264,"url":"https:\/\/www.diariodeouropreto.com.br\/pt\/escala-de-pagamentos-do-ipva-2026-em-minas-gerais-comeca-nesta-segunda-feira-9-2\/","url_meta":{"origin":50784,"position":1},"title":"Escala de pagamentos do IPVA 2026 em\u00a0Minas Gerais come\u00e7a nesta segunda-feira (9\/2)","author":"Di\u00e1rio de Ouro Preto","date":"9 de Fevereiro de 2026","format":false,"excerpt":"Confira os vencimentos da primeira parcela que v\u00e3o at\u00e9 sexta-feira (13\/2),\u00a0 de acordo o final de placa do ve\u00edculo Come\u00e7a nesta segunda-feira (9\/2), a escala de pagamentos da primeira parcela do Imposto sobre a Propriedade de Ve\u00edculos Automotores (IPVA) de 2026 em Minas Gerais. De acordo com o final da\u2026","rel":"","context":"In &quot;Minas Gerais&quot;","block_context":{"text":"Minas Gerais","link":"https:\/\/www.diariodeouropreto.com.br\/pt\/Editoria\/minas-gerais\/"},"img":{"alt_text":"","src":"https:\/\/i0.wp.com\/www.diariodeouropreto.com.br\/wp-content\/uploads\/2026\/02\/11-_AP_8671.jpg?resize=350%2C200&ssl=1","width":350,"height":200,"srcset":"https:\/\/i0.wp.com\/www.diariodeouropreto.com.br\/wp-content\/uploads\/2026\/02\/11-_AP_8671.jpg?resize=350%2C200&ssl=1 1x, https:\/\/i0.wp.com\/www.diariodeouropreto.com.br\/wp-content\/uploads\/2026\/02\/11-_AP_8671.jpg?resize=525%2C300&ssl=1 1.5x, https:\/\/i0.wp.com\/www.diariodeouropreto.com.br\/wp-content\/uploads\/2026\/02\/11-_AP_8671.jpg?resize=700%2C400&ssl=1 2x, https:\/\/i0.wp.com\/www.diariodeouropreto.com.br\/wp-content\/uploads\/2026\/02\/11-_AP_8671.jpg?resize=1050%2C600&ssl=1 3x"},"classes":[]},{"id":13445,"url":"https:\/\/www.diariodeouropreto.com.br\/pt\/ipva-2022-e-lancado-oficialmente-pela-secretaria-de-fazenda\/","url_meta":{"origin":50784,"position":2},"title":"IPVA 2022 \u00e9 lan\u00e7ado oficialmente pela Secretaria de Fazenda","author":"Di\u00e1rio de Ouro Preto","date":"8 de Fevereiro de 2022","format":false,"excerpt":"O Imposto sobre a Propriedade de Ve\u00edculos Automotores (IPVA) de 2022 foi lan\u00e7ado, oficialmente, no \u00faltimo s\u00e1bado (5\/2), pela\u00a0Secretaria de Estado de Fazenda de Minas Gerais (SEF), com a publica\u00e7\u00e3o\u00a0da Resolu\u00e7\u00e3o 5.534 no\u00a0Di\u00e1rio Oficial. Conforme j\u00e1 havia sido antecipado, a escala de pagamentos come\u00e7a em 21\/3\u00a0e vai at\u00e9 31\/5.\u00a0 \u00a0A\u2026","rel":"","context":"In &quot;Minas Gerais&quot;","block_context":{"text":"Minas Gerais","link":"https:\/\/www.diariodeouropreto.com.br\/pt\/Editoria\/minas-gerais\/"},"img":{"alt_text":"","src":"https:\/\/i0.wp.com\/www.diariodeouropreto.com.br\/wp-content\/uploads\/2022\/02\/carro_ipva_estacionamento_garagem_vaga_veiculo__transito_semaforo_engarrafamento_automovel_caminhao_moto_placa_-_GIL_LEONARDI_812.jpg?resize=350%2C200&ssl=1","width":350,"height":200,"srcset":"https:\/\/i0.wp.com\/www.diariodeouropreto.com.br\/wp-content\/uploads\/2022\/02\/carro_ipva_estacionamento_garagem_vaga_veiculo__transito_semaforo_engarrafamento_automovel_caminhao_moto_placa_-_GIL_LEONARDI_812.jpg?resize=350%2C200&ssl=1 1x, https:\/\/i0.wp.com\/www.diariodeouropreto.com.br\/wp-content\/uploads\/2022\/02\/carro_ipva_estacionamento_garagem_vaga_veiculo__transito_semaforo_engarrafamento_automovel_caminhao_moto_placa_-_GIL_LEONARDI_812.jpg?resize=525%2C300&ssl=1 1.5x, https:\/\/i0.wp.com\/www.diariodeouropreto.com.br\/wp-content\/uploads\/2022\/02\/carro_ipva_estacionamento_garagem_vaga_veiculo__transito_semaforo_engarrafamento_automovel_caminhao_moto_placa_-_GIL_LEONARDI_812.jpg?resize=700%2C400&ssl=1 2x, https:\/\/i0.wp.com\/www.diariodeouropreto.com.br\/wp-content\/uploads\/2022\/02\/carro_ipva_estacionamento_garagem_vaga_veiculo__transito_semaforo_engarrafamento_automovel_caminhao_moto_placa_-_GIL_LEONARDI_812.jpg?resize=1050%2C600&ssl=1 3x"},"classes":[]},{"id":27070,"url":"https:\/\/www.diariodeouropreto.com.br\/pt\/tabela-de-pagamentos-do-ipva-2024-em-minas-gerais-e-lancada-oficialmente\/","url_meta":{"origin":50784,"position":3},"title":"Tabela de pagamentos do IPVA 2024 em Minas Gerais \u00e9 lan\u00e7ada oficialmente","author":"Di\u00e1rio de Ouro Preto","date":"5 de Dezembro de 2023","format":false,"excerpt":"O Imposto sobre a Propriedade de Ve\u00edculos Automotores (IPVA) de 2024 foi lan\u00e7ado oficialmente pela\u00a0Secretaria de Estado de Fazenda de Minas Gerais (SEF\/MG), por meio da Resolu\u00e7\u00e3o 5.737, publicada na edi\u00e7\u00e3o desta ter\u00e7a-feira (5\/12) do\u00a0Di\u00e1rio Oficial do Estado.A escala de pagamentos da primeira parcela ou cota \u00fanica come\u00e7a em 15\/1\/2024\u2026","rel":"","context":"In &quot;Minas Gerais&quot;","block_context":{"text":"Minas Gerais","link":"https:\/\/www.diariodeouropreto.com.br\/pt\/Editoria\/minas-gerais\/"},"img":{"alt_text":"","src":"https:\/\/i0.wp.com\/www.diariodeouropreto.com.br\/wp-content\/uploads\/2023\/10\/carro_ipva_estacionamento_garagem_vaga_veiculo__transito_semaforo_engarrafamento_automovel_caminhao_moto_placa_-_GIL_LEONARDI_812_1_1.jpg?resize=350%2C200&ssl=1","width":350,"height":200,"srcset":"https:\/\/i0.wp.com\/www.diariodeouropreto.com.br\/wp-content\/uploads\/2023\/10\/carro_ipva_estacionamento_garagem_vaga_veiculo__transito_semaforo_engarrafamento_automovel_caminhao_moto_placa_-_GIL_LEONARDI_812_1_1.jpg?resize=350%2C200&ssl=1 1x, https:\/\/i0.wp.com\/www.diariodeouropreto.com.br\/wp-content\/uploads\/2023\/10\/carro_ipva_estacionamento_garagem_vaga_veiculo__transito_semaforo_engarrafamento_automovel_caminhao_moto_placa_-_GIL_LEONARDI_812_1_1.jpg?resize=525%2C300&ssl=1 1.5x, https:\/\/i0.wp.com\/www.diariodeouropreto.com.br\/wp-content\/uploads\/2023\/10\/carro_ipva_estacionamento_garagem_vaga_veiculo__transito_semaforo_engarrafamento_automovel_caminhao_moto_placa_-_GIL_LEONARDI_812_1_1.jpg?resize=700%2C400&ssl=1 2x"},"classes":[]},{"id":23232,"url":"https:\/\/www.diariodeouropreto.com.br\/pt\/ipva-2023-escala-de-vencimentos-da-terceira-parcela-comeca-na-segunda-feira-15-5\/","url_meta":{"origin":50784,"position":4},"title":"IPVA 2023: Escala de vencimentos da terceira parcela come\u00e7a na segunda-feira (15\/5)","author":"Di\u00e1rio de Ouro Preto","date":"15 de Maio de 2023","format":false,"excerpt":"Come\u00e7a hoje (15\/5) a escala de vencimentos da terceira parcela do Imposto sobre a Propriedade de Ve\u00edculos Automotores (IPVA) em Minas Gerais. Como nas etapas anteriores, o pagamento pode ser feito diretamente nos caixas ou terminais de autoatendimento dos agentes arrecadadores, al\u00e9m de casas lot\u00e9ricas. Tamb\u00e9m est\u00e1 dispon\u00edvel a op\u00e7\u00e3o\u2026","rel":"","context":"In &quot;Minas Gerais&quot;","block_context":{"text":"Minas Gerais","link":"https:\/\/www.diariodeouropreto.com.br\/pt\/Editoria\/minas-gerais\/"},"img":{"alt_text":"","src":"https:\/\/i0.wp.com\/www.diariodeouropreto.com.br\/wp-content\/uploads\/2021\/04\/capa-noticia-geral-e1617738740372.png?resize=350%2C200&ssl=1","width":350,"height":200,"srcset":"https:\/\/i0.wp.com\/www.diariodeouropreto.com.br\/wp-content\/uploads\/2021\/04\/capa-noticia-geral-e1617738740372.png?resize=350%2C200&ssl=1 1x, https:\/\/i0.wp.com\/www.diariodeouropreto.com.br\/wp-content\/uploads\/2021\/04\/capa-noticia-geral-e1617738740372.png?resize=525%2C300&ssl=1 1.5x"},"classes":[]},{"id":30314,"url":"https:\/\/www.diariodeouropreto.com.br\/pt\/segunda-parcela-do-ipva-2024-deve-ser-paga-na-proxima-semana-em-minas\/","url_meta":{"origin":50784,"position":5},"title":"Segunda parcela do IPVA 2024 deve ser paga na pr\u00f3xima semana em Minas","author":"Di\u00e1rio de Ouro Preto","date":"16 de Fevereiro de 2024","format":false,"excerpt":"Escala de vencimento do imposto vai de 19 a 23\/2 Para os propriet\u00e1rios que optaram pelo pagamento parcelado do IPVA 2024, a segunda parcela do imposto deve ser paga na pr\u00f3xima semana, em Minas Gerais. A escala de vencimento come\u00e7a na segunda-feira (19\/2), pelos finais de placa 1 e 2,\u2026","rel":"","context":"In &quot;Minas Gerais&quot;","block_context":{"text":"Minas Gerais","link":"https:\/\/www.diariodeouropreto.com.br\/pt\/Editoria\/minas-gerais\/"},"img":{"alt_text":"","src":"https:\/\/i0.wp.com\/www.diariodeouropreto.com.br\/wp-content\/uploads\/2024\/02\/2024.02.16_IPVA_Escala.jpg?resize=350%2C200&ssl=1","width":350,"height":200,"srcset":"https:\/\/i0.wp.com\/www.diariodeouropreto.com.br\/wp-content\/uploads\/2024\/02\/2024.02.16_IPVA_Escala.jpg?resize=350%2C200&ssl=1 1x, https:\/\/i0.wp.com\/www.diariodeouropreto.com.br\/wp-content\/uploads\/2024\/02\/2024.02.16_IPVA_Escala.jpg?resize=525%2C300&ssl=1 1.5x, https:\/\/i0.wp.com\/www.diariodeouropreto.com.br\/wp-content\/uploads\/2024\/02\/2024.02.16_IPVA_Escala.jpg?resize=700%2C400&ssl=1 2x"},"classes":[]}],"jetpack_sharing_enabled":true,"amp_enabled":true,"_links":{"self":[{"href":"https:\/\/www.diariodeouropreto.com.br\/pt\/wp-json\/wp\/v2\/posts\/50784","targetHints":{"allow":["GET"]}}],"collection":[{"href":"https:\/\/www.diariodeouropreto.com.br\/pt\/wp-json\/wp\/v2\/posts"}],"about":[{"href":"https:\/\/www.diariodeouropreto.com.br\/pt\/wp-json\/wp\/v2\/types\/post"}],"author":[{"embeddable":true,"href":"https:\/\/www.diariodeouropreto.com.br\/pt\/wp-json\/wp\/v2\/users\/1"}],"replies":[{"embeddable":true,"href":"https:\/\/www.diariodeouropreto.com.br\/pt\/wp-json\/wp\/v2\/comments?post=50784"}],"version-history":[{"count":1,"href":"https:\/\/www.diariodeouropreto.com.br\/pt\/wp-json\/wp\/v2\/posts\/50784\/revisions"}],"predecessor-version":[{"id":50787,"href":"https:\/\/www.diariodeouropreto.com.br\/pt\/wp-json\/wp\/v2\/posts\/50784\/revisions\/50787"}],"wp:featuredmedia":[{"embeddable":true,"href":"https:\/\/www.diariodeouropreto.com.br\/pt\/wp-json\/wp\/v2\/media\/50786"}],"wp:attachment":[{"href":"https:\/\/www.diariodeouropreto.com.br\/pt\/wp-json\/wp\/v2\/media?parent=50784"}],"wp:term":[{"taxonomy":"category","embeddable":true,"href":"https:\/\/www.diariodeouropreto.com.br\/pt\/wp-json\/wp\/v2\/categories?post=50784"},{"taxonomy":"post_tag","embeddable":true,"href":"https:\/\/www.diariodeouropreto.com.br\/pt\/wp-json\/wp\/v2\/tags?post=50784"}],"curies":[{"name":"wp","href":"https:\/\/api.w.org\/{rel}","templated":true}]}}