{"id":50777,"date":"2026-03-07T08:30:00","date_gmt":"2026-03-07T11:30:00","guid":{"rendered":"https:\/\/www.diariodeouropreto.com.br\/?p=50777"},"modified":"2026-03-06T15:11:18","modified_gmt":"2026-03-06T18:11:18","slug":"casa-da-opera-abre-programacao-de-marco-com-espetaculo-de-adriana-birolli","status":"publish","type":"post","link":"https:\/\/www.diariodeouropreto.com.br\/pt\/casa-da-opera-abre-programacao-de-marco-com-espetaculo-de-adriana-birolli\/","title":{"rendered":"Casa da \u00d3pera abre programa\u00e7\u00e3o de mar\u00e7o com espet\u00e1culo de Adriana Birolli"},"content":{"rendered":"<p class=\"has-pale-ocean-gradient-background has-background has-medium-font-size\"><strong>Teatro mais antigo em funcionamento nas Am\u00e9ricas reafirma sua import\u00e2ncia hist\u00f3rica e cultural para Ouro Preto e para o Brasil ao receber mais um m\u00eas com agenda cheia e diversa<\/strong><\/p>\n\n\n\n<p>A Casa da \u00d3pera inicia a programa\u00e7\u00e3o de mar\u00e7o de 2026 com uma agenda diversificada que refor\u00e7a o papel do teatro municipal como um dos principais espa\u00e7os culturais da Regi\u00e3o dos Inconfidentes. O destaque do m\u00eas \u00e9 o espet\u00e1culo \u201cN\u00e3o! A com\u00e9dia para quem tem dificuldade de dizer n\u00e3o\u201d, protagonizada pela atriz Adriana Birolli, em cartaz entre os dias 13, 14 e 15 de mar\u00e7o.<\/p>\n\n\n\n<p>O espet\u00e1culo chega a Ouro Preto ap\u00f3s uma trajet\u00f3ria consolidada pelo pa\u00eds, com mais de 50 mil espectadores, 180 apresenta\u00e7\u00f5es e passagens por mais de 35 cidades em 14 estados. Em cena, a personagem central, \u00e0s v\u00e9speras de completar 36 anos, enfrenta um conflito \u00edntimo: mesmo pronta para sair, questiona se deve comparecer \u00e0 pr\u00f3pria comemora\u00e7\u00e3o de anivers\u00e1rio. Enquanto o celular acumula mensagens e a press\u00e3o externa aumenta, o p\u00fablico acompanha, com humor, as reflex\u00f5es sobre limites pessoais e a dificuldade de negar expectativas alheias. O texto e a dire\u00e7\u00e3o s\u00e3o de Diogo Camargos.<\/p>\n\n\n\n<p>Primeiro teatro em funcionamento das Am\u00e9ricas, a Casa da \u00d3pera \u00e9 um marco hist\u00f3rico de Ouro Preto e do Brasil. S\u00edmbolo da tradi\u00e7\u00e3o art\u00edstica da antiga Vila Rica, o espa\u00e7o mant\u00e9m viva a voca\u00e7\u00e3o cultural da cidade ao reunir espet\u00e1culos que dialogam com diferentes linguagens e p\u00fablicos, reafirmando sua relev\u00e2ncia no cen\u00e1rio nacional, como diz Roberto Sussuca, presidente do teatro:&nbsp;<\/p>\n\n\n\n<p>\u201cA conserva\u00e7\u00e3o e preserva\u00e7\u00e3o desse ic\u00f4nico pr\u00e9dio criado em 6 de junho de 1770 \u00e9 de grande import\u00e2ncia e relev\u00e2ncia n\u00e3o s\u00f3 para a cultura, mas tamb\u00e9m para a educa\u00e7\u00e3o da nossa comunidade. Temos que mant\u00ea-lo vivo, ativo e com constantes espet\u00e1culos\u201d&nbsp;<\/p>\n\n\n\n<p>Ainda em mar\u00e7o, o teatro recebe outras atra\u00e7\u00f5es. No dia 21, acontece a apresenta\u00e7\u00e3o \u00fanica de \u201cSue\u00f1o y Tiempo\u201d, espet\u00e1culo de flamenco com dan\u00e7a e m\u00fasica ao vivo, anunciado como a primeira vez em Ouro Preto. No dia 26, \u00e0s 19h30, o humorista Diogo Almeida apresenta \u201cVolta \u00e0s Aulas\u201d, show que aborda o universo pedag\u00f3gico com personagens e situa\u00e7\u00f5es inspiradas no ambiente escolar. J\u00e1 no dia 28, \u00e0s 20h, o espet\u00e1culo \u201cUm Encontro com Chiquinha Gonzaga\u201d, com a soprano Georgia Szpilman e a pianista Maria Luisa Lundberg, prop\u00f5e uma homenagem \u00e0 compositora do s\u00e9culo XIX, integrando a programa\u00e7\u00e3o especial do M\u00eas da Mulher.<\/p>\n\n\n\n<div id=\"110712\" class=\"advads-saneouro advads-entity-placement\" style=\"margin-left: auto;margin-right: auto;text-align: center;\"><a href=\"https:\/\/www.saneouro.com.br\/\" target=\"_blank\" aria-label=\"DOP_Site\" data-wpel-link=\"external\" rel=\"follow external noopener noreferrer sponsored ugc\"><img src=\"https:\/\/www.diariodeouropreto.com.br\/wp-content\/uploads\/2026\/04\/DOP_Site.jpg\" alt=\"\"  srcset=\"https:\/\/www.diariodeouropreto.com.br\/wp-content\/uploads\/2026\/04\/DOP_Site.jpg 301w, https:\/\/www.diariodeouropreto.com.br\/wp-content\/uploads\/2026\/04\/DOP_Site-180x150.jpg 180w, https:\/\/www.diariodeouropreto.com.br\/wp-content\/uploads\/2026\/04\/DOP_Site-14x12.jpg 14w\" sizes=\"(max-width: 301px) 100vw, 301px\" width=\"301\" height=\"251\"  style=\"display: inline-block;\" \/><\/a><\/div><p>Tamb\u00e9m est\u00e1 previsto para o teatro o espet\u00e1culo \u201c2 Mineiros e Meio em Ouro Preto\u201d, com os humoristas Bruno Berg, Stevan Gaipo e Paulo Ara\u00fajo, que abordam Minas Gerais sob diferentes olhares e experi\u00eancias. A apresenta\u00e7\u00e3o ocorre no dia 16 de maio, das 19h \u00e0s 20h30, e os ingressos podem ser comprados pelo Sympla.<\/p>\n\n\n\n<div id=\"50321\" class=\"advads-plantao advads-entity-placement\"><a href=\"https:\/\/www.diariodeouropreto.com.br\/pt\/\" target=\"_blank\" aria-label=\"site &#8211; noticia\" data-wpel-link=\"external\" rel=\"follow external noopener noreferrer sponsored ugc\"><img src=\"https:\/\/www.diariodeouropreto.com.br\/wp-content\/uploads\/2019\/09\/titulosite2-e1616373489755.jpg\" alt=\"\"  srcset=\"https:\/\/www.diariodeouropreto.com.br\/wp-content\/uploads\/2019\/09\/titulosite2-e1616373489755.jpg 1200w, https:\/\/www.diariodeouropreto.com.br\/wp-content\/uploads\/2019\/09\/titulosite2-e1616373489755-150x38.jpg 150w, https:\/\/www.diariodeouropreto.com.br\/wp-content\/uploads\/2019\/09\/titulosite2-e1616373489755-660x167.jpg 660w, https:\/\/www.diariodeouropreto.com.br\/wp-content\/uploads\/2019\/09\/titulosite2-e1616373489755-768x194.jpg 768w, https:\/\/www.diariodeouropreto.com.br\/wp-content\/uploads\/2019\/09\/titulosite2-e1616373489755-1000x252.jpg 1000w, https:\/\/www.diariodeouropreto.com.br\/wp-content\/uploads\/2019\/09\/titulosite2-e1616373489755-1536x388.jpg 1536w, https:\/\/www.diariodeouropreto.com.br\/wp-content\/uploads\/2019\/09\/titulosite2-e1616373489755-2048x517.jpg 2048w\" sizes=\"(max-width: 1200px) 100vw, 1200px\" width=\"1200\" height=\"303\"  style=\"display: inline-block;\" \/><\/a><\/div><p>A agenda de mar\u00e7o demonstra a diversidade que caracteriza a Casa da \u00d3pera: do teatro \u00e0 m\u00fasica, da dan\u00e7a ao humor, o espa\u00e7o reafirma sua import\u00e2ncia como palco de encontros art\u00edsticos e como patrim\u00f4nio vivo da cultura brasileira.<\/p>\n\n\n\n<p><\/p>","protected":false},"excerpt":{"rendered":"<p>Teatro mais antigo em funcionamento nas Am\u00e9ricas reafirma sua import\u00e2ncia hist\u00f3rica e cultural para Ouro Preto e para o Brasil ao receber mais um m\u00eas com agenda cheia e diversa A Casa da \u00d3pera inicia a programa\u00e7\u00e3o de mar\u00e7o de 2026 com uma agenda diversificada que refor\u00e7a o papel do<span class=\"more-link\"><a href=\"https:\/\/www.diariodeouropreto.com.br\/pt\/casa-da-opera-abre-programacao-de-marco-com-espetaculo-de-adriana-birolli\/\" data-wpel-link=\"internal\">Continue Lendo<\/a><\/span><\/p>","protected":false},"author":6,"featured_media":50773,"comment_status":"closed","ping_status":"closed","sticky":false,"template":"","format":"standard","meta":{"_jetpack_memberships_contains_paid_content":false,"footnotes":"","jetpack_publicize_message":"Teatro mais antigo em funcionamento nas Am\u00e9ricas reafirma sua import\u00e2ncia hist\u00f3rica e cultural para Ouro Preto e para o Brasil ao receber mais um m\u00eas com agenda cheia e diversa","jetpack_publicize_feature_enabled":true,"jetpack_social_post_already_shared":true,"jetpack_social_options":{"image_generator_settings":{"template":"highway","default_image_id":0,"font":"","enabled":false},"version":2}},"categories":[11],"tags":[],"class_list":["entry","author-davi-saporetti","post-50777","post","type-post","status-publish","format-standard","has-post-thumbnail","category-culturaeartes"],"yoast_head":"<!-- This site is optimized with the Yoast SEO plugin v27.5 - https:\/\/yoast.com\/product\/yoast-seo-wordpress\/ -->\n<title>Casa da \u00d3pera abre programa\u00e7\u00e3o de mar\u00e7o com espet\u00e1culo de Adriana Birolli - Di\u00e1rio de Ouro Preto<\/title>\n<meta name=\"description\" content=\"Teatro mais antigo em funcionamento nas Am\u00e9ricas reafirma sua import\u00e2ncia hist\u00f3rica e cultural para Ouro Preto e para o Brasil ao receber mais um m\u00eas com agenda cheia e diversa - Casa da \u00d3pera abre programa\u00e7\u00e3o de mar\u00e7o com espet\u00e1culo de Adriana Birolli\" \/>\n<meta name=\"robots\" content=\"index, follow, max-snippet:-1, max-image-preview:large, max-video-preview:-1\" \/>\n<link rel=\"canonical\" href=\"https:\/\/www.diariodeouropreto.com.br\/pt\/?p=50777\" \/>\n<meta property=\"og:locale\" content=\"pt_PT\" \/>\n<meta property=\"og:type\" content=\"article\" \/>\n<meta property=\"og:title\" content=\"Casa da \u00d3pera abre programa\u00e7\u00e3o de mar\u00e7o com espet\u00e1culo de Adriana Birolli - Di\u00e1rio de Ouro Preto\" \/>\n<meta property=\"og:description\" content=\"Teatro mais antigo em funcionamento nas Am\u00e9ricas reafirma sua import\u00e2ncia hist\u00f3rica e cultural para Ouro Preto e para o Brasil ao receber mais um m\u00eas com agenda cheia e diversa - Casa da \u00d3pera abre programa\u00e7\u00e3o de mar\u00e7o com espet\u00e1culo de Adriana Birolli\" \/>\n<meta property=\"og:url\" content=\"https:\/\/www.diariodeouropreto.com.br\/pt\/?p=50777\" \/>\n<meta property=\"og:site_name\" content=\"Di\u00e1rio de Ouro Preto\" \/>\n<meta property=\"article:publisher\" content=\"https:\/\/www.facebook.com\/diariodeouropreto\/\" \/>\n<meta property=\"article:published_time\" content=\"2026-03-07T11:30:00+00:00\" \/>\n<meta property=\"og:image\" content=\"https:\/\/www.diariodeouropreto.com.br\/wp-content\/uploads\/2026\/03\/Casa-da-Opera-abre-programacao-de-marco-com-espetaculo-de-Adriana-Birolli.jpg\" \/>\n\t<meta property=\"og:image:width\" content=\"654\" \/>\n\t<meta property=\"og:image:height\" content=\"800\" \/>\n\t<meta property=\"og:image:type\" content=\"image\/jpeg\" \/>\n<meta name=\"author\" content=\"Davi Saporetti\" \/>\n<meta name=\"twitter:card\" content=\"summary_large_image\" \/>\n<meta name=\"twitter:label1\" content=\"Escrito por\" \/>\n\t<meta name=\"twitter:data1\" content=\"Davi Saporetti\" \/>\n\t<meta name=\"twitter:label2\" content=\"Tempo estimado de leitura\" \/>\n\t<meta name=\"twitter:data2\" content=\"3 minutos\" \/>\n<script type=\"application\/ld+json\" class=\"yoast-schema-graph\">{\"@context\":\"https:\\\/\\\/schema.org\",\"@graph\":[{\"@type\":\"Article\",\"@id\":\"https:\\\/\\\/www.diariodeouropreto.com.br\\\/?p=50777#article\",\"isPartOf\":{\"@id\":\"https:\\\/\\\/www.diariodeouropreto.com.br\\\/?p=50777\"},\"author\":{\"name\":\"Davi Saporetti\",\"@id\":\"https:\\\/\\\/www.diariodeouropreto.com.br\\\/pt\\\/#\\\/schema\\\/person\\\/ef41b20286de4cc33a3185837ba72af6\"},\"headline\":\"Casa da \u00d3pera abre programa\u00e7\u00e3o de mar\u00e7o com espet\u00e1culo de Adriana Birolli\",\"datePublished\":\"2026-03-07T11:30:00+00:00\",\"mainEntityOfPage\":{\"@id\":\"https:\\\/\\\/www.diariodeouropreto.com.br\\\/?p=50777\"},\"wordCount\":559,\"publisher\":{\"@id\":\"https:\\\/\\\/www.diariodeouropreto.com.br\\\/pt\\\/#organization\"},\"image\":{\"@id\":\"https:\\\/\\\/www.diariodeouropreto.com.br\\\/?p=50777#primaryimage\"},\"thumbnailUrl\":\"https:\\\/\\\/www.diariodeouropreto.com.br\\\/wp-content\\\/uploads\\\/2026\\\/03\\\/Casa-da-Opera-abre-programacao-de-marco-com-espetaculo-de-Adriana-Birolli.jpg\",\"articleSection\":[\"Cultura, Artes e Patrim\u00f4nio\"],\"inLanguage\":\"pt-PT\"},{\"@type\":\"WebPage\",\"@id\":\"https:\\\/\\\/www.diariodeouropreto.com.br\\\/?p=50777\",\"url\":\"https:\\\/\\\/www.diariodeouropreto.com.br\\\/?p=50777\",\"name\":\"Casa da \u00d3pera abre programa\u00e7\u00e3o de mar\u00e7o com espet\u00e1culo de Adriana Birolli - Di\u00e1rio de Ouro Preto\",\"isPartOf\":{\"@id\":\"https:\\\/\\\/www.diariodeouropreto.com.br\\\/pt\\\/#website\"},\"primaryImageOfPage\":{\"@id\":\"https:\\\/\\\/www.diariodeouropreto.com.br\\\/?p=50777#primaryimage\"},\"image\":{\"@id\":\"https:\\\/\\\/www.diariodeouropreto.com.br\\\/?p=50777#primaryimage\"},\"thumbnailUrl\":\"https:\\\/\\\/www.diariodeouropreto.com.br\\\/wp-content\\\/uploads\\\/2026\\\/03\\\/Casa-da-Opera-abre-programacao-de-marco-com-espetaculo-de-Adriana-Birolli.jpg\",\"datePublished\":\"2026-03-07T11:30:00+00:00\",\"description\":\"Teatro mais antigo em funcionamento nas Am\u00e9ricas reafirma sua import\u00e2ncia hist\u00f3rica e cultural para Ouro Preto e para o Brasil ao receber mais um m\u00eas com agenda cheia e diversa - Casa da \u00d3pera abre programa\u00e7\u00e3o de mar\u00e7o com espet\u00e1culo de Adriana Birolli\",\"breadcrumb\":{\"@id\":\"https:\\\/\\\/www.diariodeouropreto.com.br\\\/?p=50777#breadcrumb\"},\"inLanguage\":\"pt-PT\",\"potentialAction\":[{\"@type\":\"ReadAction\",\"target\":[\"https:\\\/\\\/www.diariodeouropreto.com.br\\\/?p=50777\"]}]},{\"@type\":\"ImageObject\",\"inLanguage\":\"pt-PT\",\"@id\":\"https:\\\/\\\/www.diariodeouropreto.com.br\\\/?p=50777#primaryimage\",\"url\":\"https:\\\/\\\/www.diariodeouropreto.com.br\\\/wp-content\\\/uploads\\\/2026\\\/03\\\/Casa-da-Opera-abre-programacao-de-marco-com-espetaculo-de-Adriana-Birolli.jpg\",\"contentUrl\":\"https:\\\/\\\/www.diariodeouropreto.com.br\\\/wp-content\\\/uploads\\\/2026\\\/03\\\/Casa-da-Opera-abre-programacao-de-marco-com-espetaculo-de-Adriana-Birolli.jpg\",\"width\":654,\"height\":800},{\"@type\":\"BreadcrumbList\",\"@id\":\"https:\\\/\\\/www.diariodeouropreto.com.br\\\/?p=50777#breadcrumb\",\"itemListElement\":[{\"@type\":\"ListItem\",\"position\":1,\"name\":\"In\u00edcio\",\"item\":\"https:\\\/\\\/www.diariodeouropreto.com.br\\\/pt\\\/\"},{\"@type\":\"ListItem\",\"position\":2,\"name\":\"Casa da \u00d3pera abre programa\u00e7\u00e3o de mar\u00e7o com espet\u00e1culo de Adriana Birolli\"}]},{\"@type\":\"WebSite\",\"@id\":\"https:\\\/\\\/www.diariodeouropreto.com.br\\\/pt\\\/#website\",\"url\":\"https:\\\/\\\/www.diariodeouropreto.com.br\\\/pt\\\/\",\"name\":\"Di\u00e1rio de Ouro Preto\",\"description\":\"Not\u00edcias Ouro Preto; Mariana;Minas Gerais;Jornal;Jornalismo;Not\u00edcias;\",\"publisher\":{\"@id\":\"https:\\\/\\\/www.diariodeouropreto.com.br\\\/pt\\\/#organization\"},\"alternateName\":\"Jornal di\u00e1rio de Ouro Preto\",\"potentialAction\":[{\"@type\":\"SearchAction\",\"target\":{\"@type\":\"EntryPoint\",\"urlTemplate\":\"https:\\\/\\\/www.diariodeouropreto.com.br\\\/pt\\\/?s={search_term_string}\"},\"query-input\":{\"@type\":\"PropertyValueSpecification\",\"valueRequired\":true,\"valueName\":\"search_term_string\"}}],\"inLanguage\":\"pt-PT\"},{\"@type\":\"Organization\",\"@id\":\"https:\\\/\\\/www.diariodeouropreto.com.br\\\/pt\\\/#organization\",\"name\":\"Di\u00e1rio de Ouro Preto\",\"alternateName\":\"Jornal di\u00e1rio Ouro Preto\",\"url\":\"https:\\\/\\\/www.diariodeouropreto.com.br\\\/pt\\\/\",\"logo\":{\"@type\":\"ImageObject\",\"inLanguage\":\"pt-PT\",\"@id\":\"https:\\\/\\\/www.diariodeouropreto.com.br\\\/pt\\\/#\\\/schema\\\/logo\\\/image\\\/\",\"url\":\"https:\\\/\\\/www.diariodeouropreto.com.br\\\/wp-content\\\/uploads\\\/2019\\\/06\\\/cropped-logotransp-2.png\",\"contentUrl\":\"https:\\\/\\\/www.diariodeouropreto.com.br\\\/wp-content\\\/uploads\\\/2019\\\/06\\\/cropped-logotransp-2.png\",\"width\":1323,\"height\":251,\"caption\":\"Di\u00e1rio de Ouro Preto\"},\"image\":{\"@id\":\"https:\\\/\\\/www.diariodeouropreto.com.br\\\/pt\\\/#\\\/schema\\\/logo\\\/image\\\/\"},\"sameAs\":[\"https:\\\/\\\/www.facebook.com\\\/diariodeouropreto\\\/\"]},{\"@type\":\"Person\",\"@id\":\"https:\\\/\\\/www.diariodeouropreto.com.br\\\/pt\\\/#\\\/schema\\\/person\\\/ef41b20286de4cc33a3185837ba72af6\",\"name\":\"Davi Saporetti\",\"url\":\"https:\\\/\\\/www.diariodeouropreto.com.br\\\/pt\\\/author\\\/davi-saporetti\\\/\"}]}<\/script>\n<!-- \/ Yoast SEO plugin. -->","yoast_head_json":{"title":"Casa da \u00d3pera abre programa\u00e7\u00e3o de mar\u00e7o com espet\u00e1culo de Adriana Birolli - Di\u00e1rio de Ouro Preto","description":"Teatro mais antigo em funcionamento nas Am\u00e9ricas reafirma sua import\u00e2ncia hist\u00f3rica e cultural para Ouro Preto e para o Brasil ao receber mais um m\u00eas com agenda cheia e diversa - Casa da \u00d3pera abre programa\u00e7\u00e3o de mar\u00e7o com espet\u00e1culo de Adriana Birolli","robots":{"index":"index","follow":"follow","max-snippet":"max-snippet:-1","max-image-preview":"max-image-preview:large","max-video-preview":"max-video-preview:-1"},"canonical":"https:\/\/www.diariodeouropreto.com.br\/pt\/?p=50777","og_locale":"pt_PT","og_type":"article","og_title":"Casa da \u00d3pera abre programa\u00e7\u00e3o de mar\u00e7o com espet\u00e1culo de Adriana Birolli - Di\u00e1rio de Ouro Preto","og_description":"Teatro mais antigo em funcionamento nas Am\u00e9ricas reafirma sua import\u00e2ncia hist\u00f3rica e cultural para Ouro Preto e para o Brasil ao receber mais um m\u00eas com agenda cheia e diversa - Casa da \u00d3pera abre programa\u00e7\u00e3o de mar\u00e7o com espet\u00e1culo de Adriana Birolli","og_url":"https:\/\/www.diariodeouropreto.com.br\/pt\/?p=50777","og_site_name":"Di\u00e1rio de Ouro Preto","article_publisher":"https:\/\/www.facebook.com\/diariodeouropreto\/","article_published_time":"2026-03-07T11:30:00+00:00","og_image":[{"width":654,"height":800,"url":"https:\/\/www.diariodeouropreto.com.br\/wp-content\/uploads\/2026\/03\/Casa-da-Opera-abre-programacao-de-marco-com-espetaculo-de-Adriana-Birolli.jpg","type":"image\/jpeg"}],"author":"Davi Saporetti","twitter_card":"summary_large_image","twitter_misc":{"Escrito por":"Davi Saporetti","Tempo estimado de leitura":"3 minutos"},"schema":{"@context":"https:\/\/schema.org","@graph":[{"@type":"Article","@id":"https:\/\/www.diariodeouropreto.com.br\/?p=50777#article","isPartOf":{"@id":"https:\/\/www.diariodeouropreto.com.br\/?p=50777"},"author":{"name":"Davi Saporetti","@id":"https:\/\/www.diariodeouropreto.com.br\/pt\/#\/schema\/person\/ef41b20286de4cc33a3185837ba72af6"},"headline":"Casa da \u00d3pera abre programa\u00e7\u00e3o de mar\u00e7o com espet\u00e1culo de Adriana Birolli","datePublished":"2026-03-07T11:30:00+00:00","mainEntityOfPage":{"@id":"https:\/\/www.diariodeouropreto.com.br\/?p=50777"},"wordCount":559,"publisher":{"@id":"https:\/\/www.diariodeouropreto.com.br\/pt\/#organization"},"image":{"@id":"https:\/\/www.diariodeouropreto.com.br\/?p=50777#primaryimage"},"thumbnailUrl":"https:\/\/www.diariodeouropreto.com.br\/wp-content\/uploads\/2026\/03\/Casa-da-Opera-abre-programacao-de-marco-com-espetaculo-de-Adriana-Birolli.jpg","articleSection":["Cultura, Artes e Patrim\u00f4nio"],"inLanguage":"pt-PT"},{"@type":"WebPage","@id":"https:\/\/www.diariodeouropreto.com.br\/?p=50777","url":"https:\/\/www.diariodeouropreto.com.br\/?p=50777","name":"Casa da \u00d3pera abre programa\u00e7\u00e3o de mar\u00e7o com espet\u00e1culo de Adriana Birolli - Di\u00e1rio de Ouro Preto","isPartOf":{"@id":"https:\/\/www.diariodeouropreto.com.br\/pt\/#website"},"primaryImageOfPage":{"@id":"https:\/\/www.diariodeouropreto.com.br\/?p=50777#primaryimage"},"image":{"@id":"https:\/\/www.diariodeouropreto.com.br\/?p=50777#primaryimage"},"thumbnailUrl":"https:\/\/www.diariodeouropreto.com.br\/wp-content\/uploads\/2026\/03\/Casa-da-Opera-abre-programacao-de-marco-com-espetaculo-de-Adriana-Birolli.jpg","datePublished":"2026-03-07T11:30:00+00:00","description":"Teatro mais antigo em funcionamento nas Am\u00e9ricas reafirma sua import\u00e2ncia hist\u00f3rica e cultural para Ouro Preto e para o Brasil ao receber mais um m\u00eas com agenda cheia e diversa - Casa da \u00d3pera abre programa\u00e7\u00e3o de mar\u00e7o com espet\u00e1culo de Adriana Birolli","breadcrumb":{"@id":"https:\/\/www.diariodeouropreto.com.br\/?p=50777#breadcrumb"},"inLanguage":"pt-PT","potentialAction":[{"@type":"ReadAction","target":["https:\/\/www.diariodeouropreto.com.br\/?p=50777"]}]},{"@type":"ImageObject","inLanguage":"pt-PT","@id":"https:\/\/www.diariodeouropreto.com.br\/?p=50777#primaryimage","url":"https:\/\/www.diariodeouropreto.com.br\/wp-content\/uploads\/2026\/03\/Casa-da-Opera-abre-programacao-de-marco-com-espetaculo-de-Adriana-Birolli.jpg","contentUrl":"https:\/\/www.diariodeouropreto.com.br\/wp-content\/uploads\/2026\/03\/Casa-da-Opera-abre-programacao-de-marco-com-espetaculo-de-Adriana-Birolli.jpg","width":654,"height":800},{"@type":"BreadcrumbList","@id":"https:\/\/www.diariodeouropreto.com.br\/?p=50777#breadcrumb","itemListElement":[{"@type":"ListItem","position":1,"name":"In\u00edcio","item":"https:\/\/www.diariodeouropreto.com.br\/pt\/"},{"@type":"ListItem","position":2,"name":"Casa da \u00d3pera abre programa\u00e7\u00e3o de mar\u00e7o com espet\u00e1culo de Adriana Birolli"}]},{"@type":"WebSite","@id":"https:\/\/www.diariodeouropreto.com.br\/pt\/#website","url":"https:\/\/www.diariodeouropreto.com.br\/pt\/","name":"Di\u00e1rio de Ouro Preto","description":"Not\u00edcias Ouro Preto; Mariana;Minas Gerais;Jornal;Jornalismo;Not\u00edcias;","publisher":{"@id":"https:\/\/www.diariodeouropreto.com.br\/pt\/#organization"},"alternateName":"Jornal di\u00e1rio de Ouro Preto","potentialAction":[{"@type":"SearchAction","target":{"@type":"EntryPoint","urlTemplate":"https:\/\/www.diariodeouropreto.com.br\/pt\/?s={search_term_string}"},"query-input":{"@type":"PropertyValueSpecification","valueRequired":true,"valueName":"search_term_string"}}],"inLanguage":"pt-PT"},{"@type":"Organization","@id":"https:\/\/www.diariodeouropreto.com.br\/pt\/#organization","name":"Di\u00e1rio de Ouro Preto","alternateName":"Jornal di\u00e1rio Ouro Preto","url":"https:\/\/www.diariodeouropreto.com.br\/pt\/","logo":{"@type":"ImageObject","inLanguage":"pt-PT","@id":"https:\/\/www.diariodeouropreto.com.br\/pt\/#\/schema\/logo\/image\/","url":"https:\/\/www.diariodeouropreto.com.br\/wp-content\/uploads\/2019\/06\/cropped-logotransp-2.png","contentUrl":"https:\/\/www.diariodeouropreto.com.br\/wp-content\/uploads\/2019\/06\/cropped-logotransp-2.png","width":1323,"height":251,"caption":"Di\u00e1rio de Ouro Preto"},"image":{"@id":"https:\/\/www.diariodeouropreto.com.br\/pt\/#\/schema\/logo\/image\/"},"sameAs":["https:\/\/www.facebook.com\/diariodeouropreto\/"]},{"@type":"Person","@id":"https:\/\/www.diariodeouropreto.com.br\/pt\/#\/schema\/person\/ef41b20286de4cc33a3185837ba72af6","name":"Davi Saporetti","url":"https:\/\/www.diariodeouropreto.com.br\/pt\/author\/davi-saporetti\/"}]}},"jetpack_publicize_connections":[],"jetpack_featured_media_url":"https:\/\/www.diariodeouropreto.com.br\/wp-content\/uploads\/2026\/03\/Casa-da-Opera-abre-programacao-de-marco-com-espetaculo-de-Adriana-Birolli.jpg","jetpack-related-posts":[{"id":18432,"url":"https:\/\/www.diariodeouropreto.com.br\/pt\/ouro-preto-realiza-festival-de-opera-com-espetaculos-para-todas-as-idades\/","url_meta":{"origin":50777,"position":0},"title":"Ouro Preto realiza Festival de \u00d3pera com espet\u00e1culos para todas as idades","author":"Di\u00e1rio de Ouro Preto","date":"12 de Setembro de 2022","format":false,"excerpt":"Victor Stutz, para o Di\u00e1rio de Ouro Preto Durante os meses de setembro e outubro, Ouro Preto realiza o seu 1\u00ba Festival de \u00d3pera, com uma ampla programa\u00e7\u00e3o que envolve espet\u00e1culos para adultos e crian\u00e7as. A Casa da \u00d3pera, o teatro mais antigo, preservado e em atividade das Am\u00e9ricas, j\u00e1\u2026","rel":"","context":"In &quot;Cultura, Artes e Patrim\u00f4nio&quot;","block_context":{"text":"Cultura, Artes e Patrim\u00f4nio","link":"https:\/\/www.diariodeouropreto.com.br\/pt\/Editoria\/culturaeartes\/"},"img":{"alt_text":"","src":"https:\/\/i0.wp.com\/www.diariodeouropreto.com.br\/wp-content\/uploads\/2019\/09\/IMG_7609-e1569534379657.jpg?resize=350%2C200&ssl=1","width":350,"height":200,"srcset":"https:\/\/i0.wp.com\/www.diariodeouropreto.com.br\/wp-content\/uploads\/2019\/09\/IMG_7609-e1569534379657.jpg?resize=350%2C200&ssl=1 1x, https:\/\/i0.wp.com\/www.diariodeouropreto.com.br\/wp-content\/uploads\/2019\/09\/IMG_7609-e1569534379657.jpg?resize=525%2C300&ssl=1 1.5x, https:\/\/i0.wp.com\/www.diariodeouropreto.com.br\/wp-content\/uploads\/2019\/09\/IMG_7609-e1569534379657.jpg?resize=700%2C400&ssl=1 2x"},"classes":[]},{"id":32282,"url":"https:\/\/www.diariodeouropreto.com.br\/pt\/espetaculo-hermanoteu-na-terra-de-godah-e-confirmado-no-festival-de-popularizacao-do-teatro-de-ouro-preto\/","url_meta":{"origin":50777,"position":1},"title":"Espet\u00e1culo Hermanoteu na Terra de Godah \u00e9 confirmado no Festival de Populariza\u00e7\u00e3o do Teatro de Ouro Preto","author":"Di\u00e1rio de Ouro Preto","date":"24 de Abril de 2024","format":false,"excerpt":"O espet\u00e1culo \"Hermanoteu na Terra de Godah\" \u00e9 atra\u00e7\u00e3o confirmada na terceira edi\u00e7\u00e3o do\u00a0Festival\u00a0de\u00a0Populariza\u00e7\u00e3o\u00a0do\u00a0Teatro\u00a0de\u00a0Ouro\u00a0Preto, na Casa da \u00d3pera, no dia 26 de maio (domingo), a partir das 19h. O evento \u00e9 gratuito com int\u00e9rprete de libras. Hermanoteu na Terra de Godah \u00e9 uma pe\u00e7a de\u00a0teatro\u00a0realizada pela Companhia de Com\u00e9dia Os\u2026","rel":"","context":"In &quot;Cultura, Artes e Patrim\u00f4nio&quot;","block_context":{"text":"Cultura, Artes e Patrim\u00f4nio","link":"https:\/\/www.diariodeouropreto.com.br\/pt\/Editoria\/culturaeartes\/"},"img":{"alt_text":"","src":"https:\/\/i0.wp.com\/www.diariodeouropreto.com.br\/wp-content\/uploads\/2024\/04\/Os-Melhores-do-Mundo-Hermanoteu-na-Terra-de-Godah-foto-divulgacao.jpg?resize=350%2C200&ssl=1","width":350,"height":200,"srcset":"https:\/\/i0.wp.com\/www.diariodeouropreto.com.br\/wp-content\/uploads\/2024\/04\/Os-Melhores-do-Mundo-Hermanoteu-na-Terra-de-Godah-foto-divulgacao.jpg?resize=350%2C200&ssl=1 1x, https:\/\/i0.wp.com\/www.diariodeouropreto.com.br\/wp-content\/uploads\/2024\/04\/Os-Melhores-do-Mundo-Hermanoteu-na-Terra-de-Godah-foto-divulgacao.jpg?resize=525%2C300&ssl=1 1.5x, https:\/\/i0.wp.com\/www.diariodeouropreto.com.br\/wp-content\/uploads\/2024\/04\/Os-Melhores-do-Mundo-Hermanoteu-na-Terra-de-Godah-foto-divulgacao.jpg?resize=700%2C400&ssl=1 2x, https:\/\/i0.wp.com\/www.diariodeouropreto.com.br\/wp-content\/uploads\/2024\/04\/Os-Melhores-do-Mundo-Hermanoteu-na-Terra-de-Godah-foto-divulgacao.jpg?resize=1050%2C600&ssl=1 3x"},"classes":[]},{"id":658,"url":"https:\/\/www.diariodeouropreto.com.br\/pt\/atracoes-do-festival-de-inverno-neste-fim-de-semana\/","url_meta":{"origin":50777,"position":2},"title":"Atra\u00e7\u00f5es do Festival de Inverno neste fim de semana em Ouro Preto","author":"Di\u00e1rio de Ouro Preto","date":"12 de Julho de 2019","format":false,"excerpt":"O Bar do Festival e a Pra\u00e7a da Ufop recebem shows de C\u00e9u, Dig\u00e3o (Raimundos), Candongu\u00earo Chimarruts, Tributo a Charlie Brown Jr. e muito mais No segundo fim de semana, de\u00a012 a 14 de julho (sexta a domingo), o Bar do Festival e a Pra\u00e7a da Ufop recebem diversos shows.\u2026","rel":"","context":"In &quot;Cultura, Artes e Patrim\u00f4nio&quot;","block_context":{"text":"Cultura, Artes e Patrim\u00f4nio","link":"https:\/\/www.diariodeouropreto.com.br\/pt\/Editoria\/culturaeartes\/"},"img":{"alt_text":"","src":"https:\/\/i0.wp.com\/www.diariodeouropreto.com.br\/wp-content\/uploads\/2019\/07\/48259711131_370080bd12_z.jpg?resize=350%2C200&ssl=1","width":350,"height":200,"srcset":"https:\/\/i0.wp.com\/www.diariodeouropreto.com.br\/wp-content\/uploads\/2019\/07\/48259711131_370080bd12_z.jpg?resize=350%2C200&ssl=1 1x, https:\/\/i0.wp.com\/www.diariodeouropreto.com.br\/wp-content\/uploads\/2019\/07\/48259711131_370080bd12_z.jpg?resize=525%2C300&ssl=1 1.5x"},"classes":[]},{"id":33500,"url":"https:\/\/www.diariodeouropreto.com.br\/pt\/comeca-nesta-sexta-feira-a-terceira-edicao-do-festival-de-popularizacao-do-teatro-de-ouro-preto\/","url_meta":{"origin":50777,"position":3},"title":"Come\u00e7a nesta sexta-feira, a terceira edi\u00e7\u00e3o do Festival de Populariza\u00e7\u00e3o do Teatro de Ouro Preto","author":"Di\u00e1rio de Ouro Preto","date":"21 de Maio de 2024","format":false,"excerpt":"Espet\u00e1culos teatrais, cortejos musicais e outras atra\u00e7\u00f5es culturais\u00a0est\u00e3o na programa\u00e7\u00e3o do Festival de Populariza\u00e7\u00e3o do Teatro, entre 24 e 26 de maio Ouro Preto j\u00e1 est\u00e1 pronta e ensaiando para a terceira edi\u00e7\u00e3o do Festival de Populariza\u00e7\u00e3o do Teatro de Ouro Preto, entre 24 e 26 de maio. O evento\u2026","rel":"","context":"In &quot;Cultura, Artes e Patrim\u00f4nio&quot;","block_context":{"text":"Cultura, Artes e Patrim\u00f4nio","link":"https:\/\/www.diariodeouropreto.com.br\/pt\/Editoria\/culturaeartes\/"},"img":{"alt_text":"","src":"https:\/\/i0.wp.com\/www.diariodeouropreto.com.br\/wp-content\/uploads\/2024\/05\/441874450_827836606036481_6230610015408852622_n.jpg?resize=350%2C200&ssl=1","width":350,"height":200,"srcset":"https:\/\/i0.wp.com\/www.diariodeouropreto.com.br\/wp-content\/uploads\/2024\/05\/441874450_827836606036481_6230610015408852622_n.jpg?resize=350%2C200&ssl=1 1x, https:\/\/i0.wp.com\/www.diariodeouropreto.com.br\/wp-content\/uploads\/2024\/05\/441874450_827836606036481_6230610015408852622_n.jpg?resize=525%2C300&ssl=1 1.5x, https:\/\/i0.wp.com\/www.diariodeouropreto.com.br\/wp-content\/uploads\/2024\/05\/441874450_827836606036481_6230610015408852622_n.jpg?resize=700%2C400&ssl=1 2x"},"classes":[]},{"id":34159,"url":"https:\/\/www.diariodeouropreto.com.br\/pt\/casa-da-opera-completa-254-anos-de-historia\/","url_meta":{"origin":50777,"position":4},"title":"Casa da \u00d3pera completa 254 anos de hist\u00f3ria","author":"Di\u00e1rio de Ouro Preto","date":"7 de Junho de 2024","format":false,"excerpt":"A\u00a0 Casa da \u00d3pera, o Teatro Municipal de Ouro Preto, completou ontem, dia 6 de junho, 254 anos de hist\u00f3ria. A Casa foi constru\u00edda em 1769 por Jo\u00e3o de Souza Lisboa e inaugurada em 6 de junho de 1770, no anivers\u00e1rio do Rei Don Jos\u00e9 I. E, para celebrar essa\u2026","rel":"","context":"In &quot;Cultura, Artes e Patrim\u00f4nio&quot;","block_context":{"text":"Cultura, Artes e Patrim\u00f4nio","link":"https:\/\/www.diariodeouropreto.com.br\/pt\/Editoria\/culturaeartes\/"},"img":{"alt_text":"","src":"https:\/\/i0.wp.com\/www.diariodeouropreto.com.br\/wp-content\/uploads\/2024\/06\/IMG_6685.jpg?resize=350%2C200&ssl=1","width":350,"height":200,"srcset":"https:\/\/i0.wp.com\/www.diariodeouropreto.com.br\/wp-content\/uploads\/2024\/06\/IMG_6685.jpg?resize=350%2C200&ssl=1 1x, https:\/\/i0.wp.com\/www.diariodeouropreto.com.br\/wp-content\/uploads\/2024\/06\/IMG_6685.jpg?resize=525%2C300&ssl=1 1.5x, https:\/\/i0.wp.com\/www.diariodeouropreto.com.br\/wp-content\/uploads\/2024\/06\/IMG_6685.jpg?resize=700%2C400&ssl=1 2x, https:\/\/i0.wp.com\/www.diariodeouropreto.com.br\/wp-content\/uploads\/2024\/06\/IMG_6685.jpg?resize=1050%2C600&ssl=1 3x"},"classes":[]},{"id":38420,"url":"https:\/\/www.diariodeouropreto.com.br\/pt\/ouro-preto-recebe-chico-amaral-e-jonas-bloch-neste-fim-de-semana-nos-encontros-na-casa-da-opera\/","url_meta":{"origin":50777,"position":5},"title":"Ouro Preto recebe Chico Amaral e Jonas Bloch neste fim de semana nos \u201cEncontros na Casa da \u00d3pera\u201d","author":"Di\u00e1rio de Ouro Preto","date":"23 de Setembro de 2024","format":false,"excerpt":"A programa\u00e7\u00e3o dupla com m\u00fasica e teatro em Ouro Preto t\u00eam entrada gratuita\u00a0 Um dos mais importantes teatros do Brasil, a Casa da \u00d3pera, em Ouro Preto, recebe neste fim de semana dois grandes nomes da m\u00fasica e do teatro. Chico Amaral, compositor, saxofonista e multi-instrumentista, \u00e9 conhecido como co-autor\u2026","rel":"","context":"In &quot;Cultura, Artes e Patrim\u00f4nio&quot;","block_context":{"text":"Cultura, Artes e Patrim\u00f4nio","link":"https:\/\/www.diariodeouropreto.com.br\/pt\/Editoria\/culturaeartes\/"},"img":{"alt_text":"","src":"https:\/\/i0.wp.com\/www.diariodeouropreto.com.br\/wp-content\/uploads\/2024\/09\/Espetaculo-Delirio-2.jpg?resize=350%2C200&ssl=1","width":350,"height":200,"srcset":"https:\/\/i0.wp.com\/www.diariodeouropreto.com.br\/wp-content\/uploads\/2024\/09\/Espetaculo-Delirio-2.jpg?resize=350%2C200&ssl=1 1x, https:\/\/i0.wp.com\/www.diariodeouropreto.com.br\/wp-content\/uploads\/2024\/09\/Espetaculo-Delirio-2.jpg?resize=525%2C300&ssl=1 1.5x, https:\/\/i0.wp.com\/www.diariodeouropreto.com.br\/wp-content\/uploads\/2024\/09\/Espetaculo-Delirio-2.jpg?resize=700%2C400&ssl=1 2x, https:\/\/i0.wp.com\/www.diariodeouropreto.com.br\/wp-content\/uploads\/2024\/09\/Espetaculo-Delirio-2.jpg?resize=1050%2C600&ssl=1 3x"},"classes":[]}],"jetpack_sharing_enabled":true,"amp_enabled":true,"_links":{"self":[{"href":"https:\/\/www.diariodeouropreto.com.br\/pt\/wp-json\/wp\/v2\/posts\/50777","targetHints":{"allow":["GET"]}}],"collection":[{"href":"https:\/\/www.diariodeouropreto.com.br\/pt\/wp-json\/wp\/v2\/posts"}],"about":[{"href":"https:\/\/www.diariodeouropreto.com.br\/pt\/wp-json\/wp\/v2\/types\/post"}],"author":[{"embeddable":true,"href":"https:\/\/www.diariodeouropreto.com.br\/pt\/wp-json\/wp\/v2\/users\/6"}],"replies":[{"embeddable":true,"href":"https:\/\/www.diariodeouropreto.com.br\/pt\/wp-json\/wp\/v2\/comments?post=50777"}],"version-history":[{"count":1,"href":"https:\/\/www.diariodeouropreto.com.br\/pt\/wp-json\/wp\/v2\/posts\/50777\/revisions"}],"predecessor-version":[{"id":50778,"href":"https:\/\/www.diariodeouropreto.com.br\/pt\/wp-json\/wp\/v2\/posts\/50777\/revisions\/50778"}],"wp:featuredmedia":[{"embeddable":true,"href":"https:\/\/www.diariodeouropreto.com.br\/pt\/wp-json\/wp\/v2\/media\/50773"}],"wp:attachment":[{"href":"https:\/\/www.diariodeouropreto.com.br\/pt\/wp-json\/wp\/v2\/media?parent=50777"}],"wp:term":[{"taxonomy":"category","embeddable":true,"href":"https:\/\/www.diariodeouropreto.com.br\/pt\/wp-json\/wp\/v2\/categories?post=50777"},{"taxonomy":"post_tag","embeddable":true,"href":"https:\/\/www.diariodeouropreto.com.br\/pt\/wp-json\/wp\/v2\/tags?post=50777"}],"curies":[{"name":"wp","href":"https:\/\/api.w.org\/{rel}","templated":true}]}}