{"id":50772,"date":"2026-03-06T15:00:00","date_gmt":"2026-03-06T18:00:00","guid":{"rendered":"https:\/\/www.diariodeouropreto.com.br\/?p=50772"},"modified":"2026-03-06T14:31:48","modified_gmt":"2026-03-06T17:31:48","slug":"obra-de-contencao-do-morro-da-forca-avanca-para-fase-de-licitacao","status":"publish","type":"post","link":"https:\/\/www.diariodeouropreto.com.br\/pt\/obra-de-contencao-do-morro-da-forca-avanca-para-fase-de-licitacao\/","title":{"rendered":"Obra de conten\u00e7\u00e3o do Morro da Forca avan\u00e7a para fase de licita\u00e7\u00e3o"},"content":{"rendered":"<p>A obra de conten\u00e7\u00e3o do Morro da Forca deu mais um passo importante para sair do papel. Na manh\u00e3 desta ter\u00e7a-feira (3), o secret\u00e1rio municipal de Obras, Franklin Evangelista, recebeu a equipe t\u00e9cnica da Secretaria de Estado de Infraestrutura e Mobilidade (Seinfra) para a realiza\u00e7\u00e3o de vistoria t\u00e9cnica e organiza\u00e7\u00e3o dos ajustes finais para o lan\u00e7amento do edital de licita\u00e7\u00e3o, previsto para ocorrer nos pr\u00f3ximos dias.<\/p>\n\n\n\n<p>O encontro teve como objetivo alinhar os detalhes t\u00e9cnicos e administrativos que antecedem a publica\u00e7\u00e3o do edital, etapa fundamental para garantir seguran\u00e7a jur\u00eddica e efici\u00eancia no processo licitat\u00f3rio.<\/p>\n\n\n\n<p>A obra \u00e9 considerada estruturante e estrat\u00e9gica para o munic\u00edpio, especialmente pela import\u00e2ncia da conten\u00e7\u00e3o para a seguran\u00e7a da \u00e1rea e da popula\u00e7\u00e3o do entorno.<\/p>\n\n\n\n<p>Segundo o secret\u00e1rio municipal de Obras, Franklin Evangelista, o avan\u00e7o da licita\u00e7\u00e3o \u00e9 resultado de um trabalho cont\u00ednuo da gest\u00e3o municipal.&nbsp;\u201cA licita\u00e7\u00e3o desta obra \u00e9 fruto de um trabalho intenso da gest\u00e3o municipal, que resgatou o conv\u00eanio do PAC do ano de 2012, elaborou e forneceu o projeto ao Governo do Estado e articulou ativamente junto ao Minist\u00e9rio das Cidades e \u00e0 Caixa Econ\u00f4mica Federal para a libera\u00e7\u00e3o dos recursos, que somar\u00e3o mais de R$ 34 milh\u00f5es. Al\u00e9m disso, o trabalho da gest\u00e3o municipal continuar\u00e1 no acompanhamento da licita\u00e7\u00e3o e na fiscaliza\u00e7\u00e3o da execu\u00e7\u00e3o da obra\u201d, destacou.<\/p>\n\n\n\n<div id=\"110712\" class=\"advads-saneouro advads-entity-placement\" style=\"margin-left: auto;margin-right: auto;text-align: center;\"><a href=\"https:\/\/www.saneouro.com.br\/\" target=\"_blank\" aria-label=\"DOP_Site\" data-wpel-link=\"external\" rel=\"follow external noopener noreferrer sponsored ugc\"><img src=\"https:\/\/www.diariodeouropreto.com.br\/wp-content\/uploads\/2026\/04\/DOP_Site.jpg\" alt=\"\"  srcset=\"https:\/\/www.diariodeouropreto.com.br\/wp-content\/uploads\/2026\/04\/DOP_Site.jpg 301w, https:\/\/www.diariodeouropreto.com.br\/wp-content\/uploads\/2026\/04\/DOP_Site-180x150.jpg 180w, https:\/\/www.diariodeouropreto.com.br\/wp-content\/uploads\/2026\/04\/DOP_Site-14x12.jpg 14w\" sizes=\"(max-width: 301px) 100vw, 301px\" width=\"301\" height=\"251\"  style=\"display: inline-block;\" \/><\/a><\/div><p>Com o lan\u00e7amento do edital previsto para os pr\u00f3ximos dias, o munic\u00edpio avan\u00e7a em uma das interven\u00e7\u00f5es mais aguardadas na \u00e1rea de infraestrutura e conten\u00e7\u00e3o, refor\u00e7ando o compromisso com a seguran\u00e7a e a preven\u00e7\u00e3o de riscos.<\/p>\n\n\n\n<div id=\"50321\" class=\"advads-plantao advads-entity-placement\"><a href=\"https:\/\/www.diariodeouropreto.com.br\/pt\/\" target=\"_blank\" aria-label=\"site &#8211; noticia\" data-wpel-link=\"external\" rel=\"follow external noopener noreferrer sponsored ugc\"><img src=\"https:\/\/www.diariodeouropreto.com.br\/wp-content\/uploads\/2019\/09\/titulosite2-e1616373489755.jpg\" alt=\"\"  srcset=\"https:\/\/www.diariodeouropreto.com.br\/wp-content\/uploads\/2019\/09\/titulosite2-e1616373489755.jpg 1200w, https:\/\/www.diariodeouropreto.com.br\/wp-content\/uploads\/2019\/09\/titulosite2-e1616373489755-150x38.jpg 150w, https:\/\/www.diariodeouropreto.com.br\/wp-content\/uploads\/2019\/09\/titulosite2-e1616373489755-660x167.jpg 660w, https:\/\/www.diariodeouropreto.com.br\/wp-content\/uploads\/2019\/09\/titulosite2-e1616373489755-768x194.jpg 768w, https:\/\/www.diariodeouropreto.com.br\/wp-content\/uploads\/2019\/09\/titulosite2-e1616373489755-1000x252.jpg 1000w, https:\/\/www.diariodeouropreto.com.br\/wp-content\/uploads\/2019\/09\/titulosite2-e1616373489755-1536x388.jpg 1536w, https:\/\/www.diariodeouropreto.com.br\/wp-content\/uploads\/2019\/09\/titulosite2-e1616373489755-2048x517.jpg 2048w\" sizes=\"(max-width: 1200px) 100vw, 1200px\" width=\"1200\" height=\"303\"  style=\"display: inline-block;\" \/><\/a><\/div><p>Por: V\u00edvian Chagas &#8211; Assessoria Prefeitura de Ouro Preto<\/p>","protected":false},"excerpt":{"rendered":"<p>A obra de conten\u00e7\u00e3o do Morro da Forca deu mais um passo importante para sair do papel. Na manh\u00e3 desta ter\u00e7a-feira (3), o secret\u00e1rio municipal de Obras, Franklin Evangelista, recebeu a equipe t\u00e9cnica da Secretaria de Estado de Infraestrutura e Mobilidade (Seinfra) para a realiza\u00e7\u00e3o de vistoria t\u00e9cnica e organiza\u00e7\u00e3o<span class=\"more-link\"><a href=\"https:\/\/www.diariodeouropreto.com.br\/pt\/obra-de-contencao-do-morro-da-forca-avanca-para-fase-de-licitacao\/\" data-wpel-link=\"internal\">Continue Lendo<\/a><\/span><\/p>","protected":false},"author":1,"featured_media":50774,"comment_status":"closed","ping_status":"closed","sticky":false,"template":"","format":"standard","meta":{"_jetpack_memberships_contains_paid_content":false,"footnotes":"","jetpack_publicize_message":"O secret\u00e1rio municipal de Obras, Franklin Evangelista, recebeu a equipe t\u00e9cnica da Secretaria de Estado de Infraestrutura e Mobilidade (Seinfra)","jetpack_publicize_feature_enabled":true,"jetpack_social_post_already_shared":true,"jetpack_social_options":{"image_generator_settings":{"template":"highway","default_image_id":0,"font":"","enabled":false},"version":2}},"categories":[1],"tags":[825],"class_list":["entry","author-diario","post-50772","post","type-post","status-publish","format-standard","has-post-thumbnail","category-ouro-preto","tag-obras"],"yoast_head":"<!-- This site is optimized with the Yoast SEO plugin v27.5 - https:\/\/yoast.com\/product\/yoast-seo-wordpress\/ -->\n<title>Obra de conten\u00e7\u00e3o do Morro da Forca avan\u00e7a para fase de licita\u00e7\u00e3o - Di\u00e1rio de Ouro Preto<\/title>\n<meta name=\"description\" content=\"O secret\u00e1rio municipal de Obras, Franklin Evangelista, recebeu a equipe t\u00e9cnica da Secretaria de Estado de Infraestrutura e Mobilidade (Seinfra) - Obra de conten\u00e7\u00e3o do Morro da Forca avan\u00e7a para fase de licita\u00e7\u00e3o\" \/>\n<meta name=\"robots\" content=\"index, follow, max-snippet:-1, max-image-preview:large, max-video-preview:-1\" \/>\n<link rel=\"canonical\" href=\"https:\/\/www.diariodeouropreto.com.br\/pt\/?p=50772\" \/>\n<meta property=\"og:locale\" content=\"pt_PT\" \/>\n<meta property=\"og:type\" content=\"article\" \/>\n<meta property=\"og:title\" content=\"Obra de conten\u00e7\u00e3o do Morro da Forca avan\u00e7a para fase de licita\u00e7\u00e3o - Di\u00e1rio de Ouro Preto\" \/>\n<meta property=\"og:description\" content=\"O secret\u00e1rio municipal de Obras, Franklin Evangelista, recebeu a equipe t\u00e9cnica da Secretaria de Estado de Infraestrutura e Mobilidade (Seinfra) - Obra de conten\u00e7\u00e3o do Morro da Forca avan\u00e7a para fase de licita\u00e7\u00e3o\" \/>\n<meta property=\"og:url\" content=\"https:\/\/www.diariodeouropreto.com.br\/pt\/?p=50772\" \/>\n<meta property=\"og:site_name\" content=\"Di\u00e1rio de Ouro Preto\" \/>\n<meta property=\"article:publisher\" content=\"https:\/\/www.facebook.com\/diariodeouropreto\/\" \/>\n<meta property=\"article:published_time\" content=\"2026-03-06T18:00:00+00:00\" \/>\n<meta property=\"og:image\" content=\"https:\/\/www.diariodeouropreto.com.br\/wp-content\/uploads\/2026\/03\/Obra-de-contencao-do-Morro-da-Forca-avanca-para-fase-de-licitacao.jpg\" \/>\n\t<meta property=\"og:image:width\" content=\"600\" \/>\n\t<meta property=\"og:image:height\" content=\"800\" \/>\n\t<meta property=\"og:image:type\" content=\"image\/jpeg\" \/>\n<meta name=\"author\" content=\"Di\u00e1rio de Ouro Preto\" \/>\n<meta name=\"twitter:card\" content=\"summary_large_image\" \/>\n<meta name=\"twitter:label1\" content=\"Escrito por\" \/>\n\t<meta name=\"twitter:data1\" content=\"Di\u00e1rio de Ouro Preto\" \/>\n\t<meta name=\"twitter:label2\" content=\"Tempo estimado de leitura\" \/>\n\t<meta name=\"twitter:data2\" content=\"2 minutos\" \/>\n<script type=\"application\/ld+json\" class=\"yoast-schema-graph\">{\"@context\":\"https:\\\/\\\/schema.org\",\"@graph\":[{\"@type\":\"Article\",\"@id\":\"https:\\\/\\\/www.diariodeouropreto.com.br\\\/?p=50772#article\",\"isPartOf\":{\"@id\":\"https:\\\/\\\/www.diariodeouropreto.com.br\\\/?p=50772\"},\"author\":{\"name\":\"Di\u00e1rio de Ouro Preto\",\"@id\":\"https:\\\/\\\/www.diariodeouropreto.com.br\\\/pt\\\/#\\\/schema\\\/person\\\/7654e7b471204a6dab6dc0ce6e140c99\"},\"headline\":\"Obra de conten\u00e7\u00e3o do Morro da Forca avan\u00e7a para fase de licita\u00e7\u00e3o\",\"datePublished\":\"2026-03-06T18:00:00+00:00\",\"mainEntityOfPage\":{\"@id\":\"https:\\\/\\\/www.diariodeouropreto.com.br\\\/?p=50772\"},\"wordCount\":321,\"publisher\":{\"@id\":\"https:\\\/\\\/www.diariodeouropreto.com.br\\\/pt\\\/#organization\"},\"image\":{\"@id\":\"https:\\\/\\\/www.diariodeouropreto.com.br\\\/?p=50772#primaryimage\"},\"thumbnailUrl\":\"https:\\\/\\\/www.diariodeouropreto.com.br\\\/wp-content\\\/uploads\\\/2026\\\/03\\\/Obra-de-contencao-do-Morro-da-Forca-avanca-para-fase-de-licitacao.jpg\",\"keywords\":[\"Obras\"],\"articleSection\":[\"Ouro Preto\"],\"inLanguage\":\"pt-PT\"},{\"@type\":\"WebPage\",\"@id\":\"https:\\\/\\\/www.diariodeouropreto.com.br\\\/?p=50772\",\"url\":\"https:\\\/\\\/www.diariodeouropreto.com.br\\\/?p=50772\",\"name\":\"Obra de conten\u00e7\u00e3o do Morro da Forca avan\u00e7a para fase de licita\u00e7\u00e3o - Di\u00e1rio de Ouro Preto\",\"isPartOf\":{\"@id\":\"https:\\\/\\\/www.diariodeouropreto.com.br\\\/pt\\\/#website\"},\"primaryImageOfPage\":{\"@id\":\"https:\\\/\\\/www.diariodeouropreto.com.br\\\/?p=50772#primaryimage\"},\"image\":{\"@id\":\"https:\\\/\\\/www.diariodeouropreto.com.br\\\/?p=50772#primaryimage\"},\"thumbnailUrl\":\"https:\\\/\\\/www.diariodeouropreto.com.br\\\/wp-content\\\/uploads\\\/2026\\\/03\\\/Obra-de-contencao-do-Morro-da-Forca-avanca-para-fase-de-licitacao.jpg\",\"datePublished\":\"2026-03-06T18:00:00+00:00\",\"description\":\"O secret\u00e1rio municipal de Obras, Franklin Evangelista, recebeu a equipe t\u00e9cnica da Secretaria de Estado de Infraestrutura e Mobilidade (Seinfra) - Obra de conten\u00e7\u00e3o do Morro da Forca avan\u00e7a para fase de licita\u00e7\u00e3o\",\"breadcrumb\":{\"@id\":\"https:\\\/\\\/www.diariodeouropreto.com.br\\\/?p=50772#breadcrumb\"},\"inLanguage\":\"pt-PT\",\"potentialAction\":[{\"@type\":\"ReadAction\",\"target\":[\"https:\\\/\\\/www.diariodeouropreto.com.br\\\/?p=50772\"]}]},{\"@type\":\"ImageObject\",\"inLanguage\":\"pt-PT\",\"@id\":\"https:\\\/\\\/www.diariodeouropreto.com.br\\\/?p=50772#primaryimage\",\"url\":\"https:\\\/\\\/www.diariodeouropreto.com.br\\\/wp-content\\\/uploads\\\/2026\\\/03\\\/Obra-de-contencao-do-Morro-da-Forca-avanca-para-fase-de-licitacao.jpg\",\"contentUrl\":\"https:\\\/\\\/www.diariodeouropreto.com.br\\\/wp-content\\\/uploads\\\/2026\\\/03\\\/Obra-de-contencao-do-Morro-da-Forca-avanca-para-fase-de-licitacao.jpg\",\"width\":600,\"height\":800},{\"@type\":\"BreadcrumbList\",\"@id\":\"https:\\\/\\\/www.diariodeouropreto.com.br\\\/?p=50772#breadcrumb\",\"itemListElement\":[{\"@type\":\"ListItem\",\"position\":1,\"name\":\"In\u00edcio\",\"item\":\"https:\\\/\\\/www.diariodeouropreto.com.br\\\/pt\\\/\"},{\"@type\":\"ListItem\",\"position\":2,\"name\":\"Obra de conten\u00e7\u00e3o do Morro da Forca avan\u00e7a para fase de licita\u00e7\u00e3o\"}]},{\"@type\":\"WebSite\",\"@id\":\"https:\\\/\\\/www.diariodeouropreto.com.br\\\/pt\\\/#website\",\"url\":\"https:\\\/\\\/www.diariodeouropreto.com.br\\\/pt\\\/\",\"name\":\"Di\u00e1rio de Ouro Preto\",\"description\":\"Not\u00edcias Ouro Preto; Mariana;Minas Gerais;Jornal;Jornalismo;Not\u00edcias;\",\"publisher\":{\"@id\":\"https:\\\/\\\/www.diariodeouropreto.com.br\\\/pt\\\/#organization\"},\"alternateName\":\"Jornal di\u00e1rio de Ouro Preto\",\"potentialAction\":[{\"@type\":\"SearchAction\",\"target\":{\"@type\":\"EntryPoint\",\"urlTemplate\":\"https:\\\/\\\/www.diariodeouropreto.com.br\\\/pt\\\/?s={search_term_string}\"},\"query-input\":{\"@type\":\"PropertyValueSpecification\",\"valueRequired\":true,\"valueName\":\"search_term_string\"}}],\"inLanguage\":\"pt-PT\"},{\"@type\":\"Organization\",\"@id\":\"https:\\\/\\\/www.diariodeouropreto.com.br\\\/pt\\\/#organization\",\"name\":\"Di\u00e1rio de Ouro Preto\",\"alternateName\":\"Jornal di\u00e1rio Ouro Preto\",\"url\":\"https:\\\/\\\/www.diariodeouropreto.com.br\\\/pt\\\/\",\"logo\":{\"@type\":\"ImageObject\",\"inLanguage\":\"pt-PT\",\"@id\":\"https:\\\/\\\/www.diariodeouropreto.com.br\\\/pt\\\/#\\\/schema\\\/logo\\\/image\\\/\",\"url\":\"https:\\\/\\\/www.diariodeouropreto.com.br\\\/wp-content\\\/uploads\\\/2019\\\/06\\\/cropped-logotransp-2.png\",\"contentUrl\":\"https:\\\/\\\/www.diariodeouropreto.com.br\\\/wp-content\\\/uploads\\\/2019\\\/06\\\/cropped-logotransp-2.png\",\"width\":1323,\"height\":251,\"caption\":\"Di\u00e1rio de Ouro Preto\"},\"image\":{\"@id\":\"https:\\\/\\\/www.diariodeouropreto.com.br\\\/pt\\\/#\\\/schema\\\/logo\\\/image\\\/\"},\"sameAs\":[\"https:\\\/\\\/www.facebook.com\\\/diariodeouropreto\\\/\"]},{\"@type\":\"Person\",\"@id\":\"https:\\\/\\\/www.diariodeouropreto.com.br\\\/pt\\\/#\\\/schema\\\/person\\\/7654e7b471204a6dab6dc0ce6e140c99\",\"name\":\"Di\u00e1rio de Ouro Preto\",\"sameAs\":[\"http:\\\/\\\/www.diariodeouropreto.com.br\"],\"url\":\"https:\\\/\\\/www.diariodeouropreto.com.br\\\/pt\\\/author\\\/diario\\\/\"}]}<\/script>\n<!-- \/ Yoast SEO plugin. -->","yoast_head_json":{"title":"Obra de conten\u00e7\u00e3o do Morro da Forca avan\u00e7a para fase de licita\u00e7\u00e3o - Di\u00e1rio de Ouro Preto","description":"O secret\u00e1rio municipal de Obras, Franklin Evangelista, recebeu a equipe t\u00e9cnica da Secretaria de Estado de Infraestrutura e Mobilidade (Seinfra) - Obra de conten\u00e7\u00e3o do Morro da Forca avan\u00e7a para fase de licita\u00e7\u00e3o","robots":{"index":"index","follow":"follow","max-snippet":"max-snippet:-1","max-image-preview":"max-image-preview:large","max-video-preview":"max-video-preview:-1"},"canonical":"https:\/\/www.diariodeouropreto.com.br\/pt\/?p=50772","og_locale":"pt_PT","og_type":"article","og_title":"Obra de conten\u00e7\u00e3o do Morro da Forca avan\u00e7a para fase de licita\u00e7\u00e3o - Di\u00e1rio de Ouro Preto","og_description":"O secret\u00e1rio municipal de Obras, Franklin Evangelista, recebeu a equipe t\u00e9cnica da Secretaria de Estado de Infraestrutura e Mobilidade (Seinfra) - Obra de conten\u00e7\u00e3o do Morro da Forca avan\u00e7a para fase de licita\u00e7\u00e3o","og_url":"https:\/\/www.diariodeouropreto.com.br\/pt\/?p=50772","og_site_name":"Di\u00e1rio de Ouro Preto","article_publisher":"https:\/\/www.facebook.com\/diariodeouropreto\/","article_published_time":"2026-03-06T18:00:00+00:00","og_image":[{"width":600,"height":800,"url":"https:\/\/www.diariodeouropreto.com.br\/wp-content\/uploads\/2026\/03\/Obra-de-contencao-do-Morro-da-Forca-avanca-para-fase-de-licitacao.jpg","type":"image\/jpeg"}],"author":"Di\u00e1rio de Ouro Preto","twitter_card":"summary_large_image","twitter_misc":{"Escrito por":"Di\u00e1rio de Ouro Preto","Tempo estimado de leitura":"2 minutos"},"schema":{"@context":"https:\/\/schema.org","@graph":[{"@type":"Article","@id":"https:\/\/www.diariodeouropreto.com.br\/?p=50772#article","isPartOf":{"@id":"https:\/\/www.diariodeouropreto.com.br\/?p=50772"},"author":{"name":"Di\u00e1rio de Ouro Preto","@id":"https:\/\/www.diariodeouropreto.com.br\/pt\/#\/schema\/person\/7654e7b471204a6dab6dc0ce6e140c99"},"headline":"Obra de conten\u00e7\u00e3o do Morro da Forca avan\u00e7a para fase de licita\u00e7\u00e3o","datePublished":"2026-03-06T18:00:00+00:00","mainEntityOfPage":{"@id":"https:\/\/www.diariodeouropreto.com.br\/?p=50772"},"wordCount":321,"publisher":{"@id":"https:\/\/www.diariodeouropreto.com.br\/pt\/#organization"},"image":{"@id":"https:\/\/www.diariodeouropreto.com.br\/?p=50772#primaryimage"},"thumbnailUrl":"https:\/\/www.diariodeouropreto.com.br\/wp-content\/uploads\/2026\/03\/Obra-de-contencao-do-Morro-da-Forca-avanca-para-fase-de-licitacao.jpg","keywords":["Obras"],"articleSection":["Ouro Preto"],"inLanguage":"pt-PT"},{"@type":"WebPage","@id":"https:\/\/www.diariodeouropreto.com.br\/?p=50772","url":"https:\/\/www.diariodeouropreto.com.br\/?p=50772","name":"Obra de conten\u00e7\u00e3o do Morro da Forca avan\u00e7a para fase de licita\u00e7\u00e3o - Di\u00e1rio de Ouro Preto","isPartOf":{"@id":"https:\/\/www.diariodeouropreto.com.br\/pt\/#website"},"primaryImageOfPage":{"@id":"https:\/\/www.diariodeouropreto.com.br\/?p=50772#primaryimage"},"image":{"@id":"https:\/\/www.diariodeouropreto.com.br\/?p=50772#primaryimage"},"thumbnailUrl":"https:\/\/www.diariodeouropreto.com.br\/wp-content\/uploads\/2026\/03\/Obra-de-contencao-do-Morro-da-Forca-avanca-para-fase-de-licitacao.jpg","datePublished":"2026-03-06T18:00:00+00:00","description":"O secret\u00e1rio municipal de Obras, Franklin Evangelista, recebeu a equipe t\u00e9cnica da Secretaria de Estado de Infraestrutura e Mobilidade (Seinfra) - Obra de conten\u00e7\u00e3o do Morro da Forca avan\u00e7a para fase de licita\u00e7\u00e3o","breadcrumb":{"@id":"https:\/\/www.diariodeouropreto.com.br\/?p=50772#breadcrumb"},"inLanguage":"pt-PT","potentialAction":[{"@type":"ReadAction","target":["https:\/\/www.diariodeouropreto.com.br\/?p=50772"]}]},{"@type":"ImageObject","inLanguage":"pt-PT","@id":"https:\/\/www.diariodeouropreto.com.br\/?p=50772#primaryimage","url":"https:\/\/www.diariodeouropreto.com.br\/wp-content\/uploads\/2026\/03\/Obra-de-contencao-do-Morro-da-Forca-avanca-para-fase-de-licitacao.jpg","contentUrl":"https:\/\/www.diariodeouropreto.com.br\/wp-content\/uploads\/2026\/03\/Obra-de-contencao-do-Morro-da-Forca-avanca-para-fase-de-licitacao.jpg","width":600,"height":800},{"@type":"BreadcrumbList","@id":"https:\/\/www.diariodeouropreto.com.br\/?p=50772#breadcrumb","itemListElement":[{"@type":"ListItem","position":1,"name":"In\u00edcio","item":"https:\/\/www.diariodeouropreto.com.br\/pt\/"},{"@type":"ListItem","position":2,"name":"Obra de conten\u00e7\u00e3o do Morro da Forca avan\u00e7a para fase de licita\u00e7\u00e3o"}]},{"@type":"WebSite","@id":"https:\/\/www.diariodeouropreto.com.br\/pt\/#website","url":"https:\/\/www.diariodeouropreto.com.br\/pt\/","name":"Di\u00e1rio de Ouro Preto","description":"Not\u00edcias Ouro Preto; Mariana;Minas Gerais;Jornal;Jornalismo;Not\u00edcias;","publisher":{"@id":"https:\/\/www.diariodeouropreto.com.br\/pt\/#organization"},"alternateName":"Jornal di\u00e1rio de Ouro Preto","potentialAction":[{"@type":"SearchAction","target":{"@type":"EntryPoint","urlTemplate":"https:\/\/www.diariodeouropreto.com.br\/pt\/?s={search_term_string}"},"query-input":{"@type":"PropertyValueSpecification","valueRequired":true,"valueName":"search_term_string"}}],"inLanguage":"pt-PT"},{"@type":"Organization","@id":"https:\/\/www.diariodeouropreto.com.br\/pt\/#organization","name":"Di\u00e1rio de Ouro Preto","alternateName":"Jornal di\u00e1rio Ouro Preto","url":"https:\/\/www.diariodeouropreto.com.br\/pt\/","logo":{"@type":"ImageObject","inLanguage":"pt-PT","@id":"https:\/\/www.diariodeouropreto.com.br\/pt\/#\/schema\/logo\/image\/","url":"https:\/\/www.diariodeouropreto.com.br\/wp-content\/uploads\/2019\/06\/cropped-logotransp-2.png","contentUrl":"https:\/\/www.diariodeouropreto.com.br\/wp-content\/uploads\/2019\/06\/cropped-logotransp-2.png","width":1323,"height":251,"caption":"Di\u00e1rio de Ouro Preto"},"image":{"@id":"https:\/\/www.diariodeouropreto.com.br\/pt\/#\/schema\/logo\/image\/"},"sameAs":["https:\/\/www.facebook.com\/diariodeouropreto\/"]},{"@type":"Person","@id":"https:\/\/www.diariodeouropreto.com.br\/pt\/#\/schema\/person\/7654e7b471204a6dab6dc0ce6e140c99","name":"Di\u00e1rio de Ouro Preto","sameAs":["http:\/\/www.diariodeouropreto.com.br"],"url":"https:\/\/www.diariodeouropreto.com.br\/pt\/author\/diario\/"}]}},"jetpack_publicize_connections":[],"jetpack_featured_media_url":"https:\/\/www.diariodeouropreto.com.br\/wp-content\/uploads\/2026\/03\/Obra-de-contencao-do-Morro-da-Forca-avanca-para-fase-de-licitacao.jpg","jetpack-related-posts":[{"id":51039,"url":"https:\/\/www.diariodeouropreto.com.br\/pt\/governo-de-minas-publica-licitacao-para-nova-fase-de-obras-no-morro-da-forca-em-ouro-preto\/","url_meta":{"origin":50772,"position":0},"title":"Governo de Minas publica licita\u00e7\u00e3o para nova fase de obras no Morro da Forca, em Ouro Preto","author":"Di\u00e1rio de Ouro Preto","date":"19 de Mar\u00e7o de 2026","format":false,"excerpt":"Etapa d\u00e1 sequ\u00eancia \u00e0s obras iniciadas em 2024 e vai garantir mais estabilidade ao terreno e prote\u00e7\u00e3o \u00e0 popula\u00e7\u00e3o O Governo de Minas Gerais vai iniciar uma nova etapa das interven\u00e7\u00f5es no Morro da Forca, em Ouro Preto, com a publica\u00e7\u00e3o do edital de licita\u00e7\u00e3o para execu\u00e7\u00e3o das obras de\u2026","rel":"","context":"In &quot;Ouro Preto&quot;","block_context":{"text":"Ouro Preto","link":"https:\/\/www.diariodeouropreto.com.br\/pt\/Editoria\/ouro-preto\/"},"img":{"alt_text":"","src":"https:\/\/i0.wp.com\/www.diariodeouropreto.com.br\/wp-content\/uploads\/2026\/03\/WhatsApp-Image-2026-03-19-at-14.21.50.jpeg?resize=350%2C200&ssl=1","width":350,"height":200,"srcset":"https:\/\/i0.wp.com\/www.diariodeouropreto.com.br\/wp-content\/uploads\/2026\/03\/WhatsApp-Image-2026-03-19-at-14.21.50.jpeg?resize=350%2C200&ssl=1 1x, https:\/\/i0.wp.com\/www.diariodeouropreto.com.br\/wp-content\/uploads\/2026\/03\/WhatsApp-Image-2026-03-19-at-14.21.50.jpeg?resize=525%2C300&ssl=1 1.5x, https:\/\/i0.wp.com\/www.diariodeouropreto.com.br\/wp-content\/uploads\/2026\/03\/WhatsApp-Image-2026-03-19-at-14.21.50.jpeg?resize=700%2C400&ssl=1 2x, https:\/\/i0.wp.com\/www.diariodeouropreto.com.br\/wp-content\/uploads\/2026\/03\/WhatsApp-Image-2026-03-19-at-14.21.50.jpeg?resize=1050%2C600&ssl=1 3x"},"classes":[]},{"id":41759,"url":"https:\/\/www.diariodeouropreto.com.br\/pt\/morro-da-forca-passara-por-obras-de-contencao-em-ouro-preto\/","url_meta":{"origin":50772,"position":1},"title":"Morro da Forca passar\u00e1 por obras de conten\u00e7\u00e3o em Ouro Preto","author":"Di\u00e1rio de Ouro Preto","date":"22 de Janeiro de 2025","format":false,"excerpt":"As obras de conten\u00e7\u00e3o do Morro da Forca, no Centro de Ouro Preto, ser\u00e3o retomadas em uma parceria da Prefeitura Municipal com o Governo Federal e o Governo de Minas. O assunto foi discutido na Cidade Administrativa, em Belo Horizonte, pelo prefeito Angelo Oswaldo e o secret\u00e1rio de Estado de\u2026","rel":"","context":"In &quot;Ouro Preto&quot;","block_context":{"text":"Ouro Preto","link":"https:\/\/www.diariodeouropreto.com.br\/pt\/Editoria\/ouro-preto\/"},"img":{"alt_text":"","src":"https:\/\/i0.wp.com\/www.diariodeouropreto.com.br\/wp-content\/uploads\/2025\/01\/Morro-da-Forca-Arquivo-PMOP.jpeg?resize=350%2C200&ssl=1","width":350,"height":200,"srcset":"https:\/\/i0.wp.com\/www.diariodeouropreto.com.br\/wp-content\/uploads\/2025\/01\/Morro-da-Forca-Arquivo-PMOP.jpeg?resize=350%2C200&ssl=1 1x, https:\/\/i0.wp.com\/www.diariodeouropreto.com.br\/wp-content\/uploads\/2025\/01\/Morro-da-Forca-Arquivo-PMOP.jpeg?resize=525%2C300&ssl=1 1.5x, https:\/\/i0.wp.com\/www.diariodeouropreto.com.br\/wp-content\/uploads\/2025\/01\/Morro-da-Forca-Arquivo-PMOP.jpeg?resize=700%2C400&ssl=1 2x, https:\/\/i0.wp.com\/www.diariodeouropreto.com.br\/wp-content\/uploads\/2025\/01\/Morro-da-Forca-Arquivo-PMOP.jpeg?resize=1050%2C600&ssl=1 3x"},"classes":[]},{"id":34680,"url":"https:\/\/www.diariodeouropreto.com.br\/pt\/obras-de-drenagem-no-morro-da-forca-entram-na-reta-final\/","url_meta":{"origin":50772,"position":2},"title":"Obras de drenagem no Morro da Forca entram na reta final","author":"Di\u00e1rio de Ouro Preto","date":"19 de Junho de 2024","format":false,"excerpt":"Foram investidos R$ 626 mil\u00a0de recursos do Governo de Minas para escoar \u00e1gua pluvial na parte de cima do morro A equipe t\u00e9cnica da\u00a0Secretaria de Estado de Infraestrutura, Mobilidade e Parcerias (Seinfra)\u00a0esteve, nessa segunda-feira (17\/6), em Ouro Preto, para acompanhar as obras de drenagem no Morro da Forca. A interven\u00e7\u00e3o\u2026","rel":"","context":"In &quot;Ouro Preto&quot;","block_context":{"text":"Ouro Preto","link":"https:\/\/www.diariodeouropreto.com.br\/pt\/Editoria\/ouro-preto\/"},"img":{"alt_text":"","src":"https:\/\/i0.wp.com\/www.diariodeouropreto.com.br\/wp-content\/uploads\/2024\/06\/fotonenovianna_barrocopress_20.jpeg?resize=350%2C200&ssl=1","width":350,"height":200,"srcset":"https:\/\/i0.wp.com\/www.diariodeouropreto.com.br\/wp-content\/uploads\/2024\/06\/fotonenovianna_barrocopress_20.jpeg?resize=350%2C200&ssl=1 1x, https:\/\/i0.wp.com\/www.diariodeouropreto.com.br\/wp-content\/uploads\/2024\/06\/fotonenovianna_barrocopress_20.jpeg?resize=525%2C300&ssl=1 1.5x, https:\/\/i0.wp.com\/www.diariodeouropreto.com.br\/wp-content\/uploads\/2024\/06\/fotonenovianna_barrocopress_20.jpeg?resize=700%2C400&ssl=1 2x"},"classes":[]},{"id":22738,"url":"https:\/\/www.diariodeouropreto.com.br\/pt\/morro-da-forca-passa-por-vistoria-do-der-que-assumira-a-obra\/","url_meta":{"origin":50772,"position":3},"title":"Morro da Forca passa por vistoria do DER que assumir\u00e1 a obra","author":"Di\u00e1rio de Ouro Preto","date":"26 de Abril de 2023","format":false,"excerpt":"As equipes t\u00e9cnicas da Secretaria de Obras e Urbanismo, da Defesa Civil de Ouro Preto e da Secretaria de Infraestrutura do Estado fizeram na \u00faltima segunda-feira (24\/04), uma vistoria no Morro da Forca. A iniciativa ocorreu ap\u00f3s o prefeito Angelo Oswaldo, em seu discurso do dia 21 de abril, pedir\u2026","rel":"","context":"In &quot;Ouro Preto&quot;","block_context":{"text":"Ouro Preto","link":"https:\/\/www.diariodeouropreto.com.br\/pt\/Editoria\/ouro-preto\/"},"img":{"alt_text":"","src":"https:\/\/i0.wp.com\/www.diariodeouropreto.com.br\/wp-content\/uploads\/2023\/04\/da43c86e2dbc3c8aabec53a4adababfb.jpg?resize=350%2C200&ssl=1","width":350,"height":200,"srcset":"https:\/\/i0.wp.com\/www.diariodeouropreto.com.br\/wp-content\/uploads\/2023\/04\/da43c86e2dbc3c8aabec53a4adababfb.jpg?resize=350%2C200&ssl=1 1x, https:\/\/i0.wp.com\/www.diariodeouropreto.com.br\/wp-content\/uploads\/2023\/04\/da43c86e2dbc3c8aabec53a4adababfb.jpg?resize=525%2C300&ssl=1 1.5x, https:\/\/i0.wp.com\/www.diariodeouropreto.com.br\/wp-content\/uploads\/2023\/04\/da43c86e2dbc3c8aabec53a4adababfb.jpg?resize=700%2C400&ssl=1 2x, https:\/\/i0.wp.com\/www.diariodeouropreto.com.br\/wp-content\/uploads\/2023\/04\/da43c86e2dbc3c8aabec53a4adababfb.jpg?resize=1050%2C600&ssl=1 3x"},"classes":[]},{"id":18947,"url":"https:\/\/www.diariodeouropreto.com.br\/pt\/alerta-de-chuvas-intensas-em-ouro-preto\/","url_meta":{"origin":50772,"position":4},"title":"Alerta de chuvas intensas em Ouro Preto","author":"Di\u00e1rio de Ouro Preto","date":"22 de Outubro de 2022","format":false,"excerpt":"O INMET, Instituto Nacional de Meteorologia, declarou alerta amarelo de chuvas no munic\u00edpio. Segundo a Prefeitura de Ouro Preto foram realizadas obras de conten\u00e7\u00e3o na Rua Santa Marta, no bairro Morro S\u00e3o Jo\u00e3o, e a via que foi severamente afetada no \u00faltimo per\u00edodo chuvoso, ganhou uma maci\u00e7a conten\u00e7\u00e3o que conta\u2026","rel":"","context":"In &quot;Ouro Preto&quot;","block_context":{"text":"Ouro Preto","link":"https:\/\/www.diariodeouropreto.com.br\/pt\/Editoria\/ouro-preto\/"},"img":{"alt_text":"","src":"https:\/\/i0.wp.com\/www.diariodeouropreto.com.br\/wp-content\/uploads\/2021\/04\/capa-noticia-geral-e1617738740372.png?resize=350%2C200&ssl=1","width":350,"height":200,"srcset":"https:\/\/i0.wp.com\/www.diariodeouropreto.com.br\/wp-content\/uploads\/2021\/04\/capa-noticia-geral-e1617738740372.png?resize=350%2C200&ssl=1 1x, https:\/\/i0.wp.com\/www.diariodeouropreto.com.br\/wp-content\/uploads\/2021\/04\/capa-noticia-geral-e1617738740372.png?resize=525%2C300&ssl=1 1.5x"},"classes":[]},{"id":25932,"url":"https:\/\/www.diariodeouropreto.com.br\/pt\/obras-de-contencao-em-rodrigo-silva-sao-retomadas\/","url_meta":{"origin":50772,"position":5},"title":"Obras de conten\u00e7\u00e3o em Rodrigo Silva s\u00e3o retomadas","author":"Di\u00e1rio de Ouro Preto","date":"2 de Outubro de 2023","format":false,"excerpt":"As obras de drenagem e conten\u00e7\u00e3o da estrada de Fund\u00e3o, em Rodrigo Silva, foram retomadas hoje, 2 de outubro. O local j\u00e1 vinha sendo monitorado pela Prefeitura que, anteriormente, tinha come\u00e7ado as a\u00e7\u00f5es por\u00e9m, an\u00e1lises mais aprofundadas do solo indicaram a presen\u00e7a de \u00e1gua subterr\u00e2nea pr\u00f3ximo \u00e0 estrada, o que\u2026","rel":"","context":"In &quot;Ouro Preto&quot;","block_context":{"text":"Ouro Preto","link":"https:\/\/www.diariodeouropreto.com.br\/pt\/Editoria\/ouro-preto\/"},"img":{"alt_text":"","src":"https:\/\/i0.wp.com\/www.diariodeouropreto.com.br\/wp-content\/uploads\/2023\/10\/4a5cc262e540e2ce5dce15e983e5130c.jpg?resize=350%2C200&ssl=1","width":350,"height":200,"srcset":"https:\/\/i0.wp.com\/www.diariodeouropreto.com.br\/wp-content\/uploads\/2023\/10\/4a5cc262e540e2ce5dce15e983e5130c.jpg?resize=350%2C200&ssl=1 1x, https:\/\/i0.wp.com\/www.diariodeouropreto.com.br\/wp-content\/uploads\/2023\/10\/4a5cc262e540e2ce5dce15e983e5130c.jpg?resize=525%2C300&ssl=1 1.5x, https:\/\/i0.wp.com\/www.diariodeouropreto.com.br\/wp-content\/uploads\/2023\/10\/4a5cc262e540e2ce5dce15e983e5130c.jpg?resize=700%2C400&ssl=1 2x, https:\/\/i0.wp.com\/www.diariodeouropreto.com.br\/wp-content\/uploads\/2023\/10\/4a5cc262e540e2ce5dce15e983e5130c.jpg?resize=1050%2C600&ssl=1 3x"},"classes":[]}],"jetpack_sharing_enabled":true,"amp_enabled":true,"_links":{"self":[{"href":"https:\/\/www.diariodeouropreto.com.br\/pt\/wp-json\/wp\/v2\/posts\/50772","targetHints":{"allow":["GET"]}}],"collection":[{"href":"https:\/\/www.diariodeouropreto.com.br\/pt\/wp-json\/wp\/v2\/posts"}],"about":[{"href":"https:\/\/www.diariodeouropreto.com.br\/pt\/wp-json\/wp\/v2\/types\/post"}],"author":[{"embeddable":true,"href":"https:\/\/www.diariodeouropreto.com.br\/pt\/wp-json\/wp\/v2\/users\/1"}],"replies":[{"embeddable":true,"href":"https:\/\/www.diariodeouropreto.com.br\/pt\/wp-json\/wp\/v2\/comments?post=50772"}],"version-history":[{"count":1,"href":"https:\/\/www.diariodeouropreto.com.br\/pt\/wp-json\/wp\/v2\/posts\/50772\/revisions"}],"predecessor-version":[{"id":50775,"href":"https:\/\/www.diariodeouropreto.com.br\/pt\/wp-json\/wp\/v2\/posts\/50772\/revisions\/50775"}],"wp:featuredmedia":[{"embeddable":true,"href":"https:\/\/www.diariodeouropreto.com.br\/pt\/wp-json\/wp\/v2\/media\/50774"}],"wp:attachment":[{"href":"https:\/\/www.diariodeouropreto.com.br\/pt\/wp-json\/wp\/v2\/media?parent=50772"}],"wp:term":[{"taxonomy":"category","embeddable":true,"href":"https:\/\/www.diariodeouropreto.com.br\/pt\/wp-json\/wp\/v2\/categories?post=50772"},{"taxonomy":"post_tag","embeddable":true,"href":"https:\/\/www.diariodeouropreto.com.br\/pt\/wp-json\/wp\/v2\/tags?post=50772"}],"curies":[{"name":"wp","href":"https:\/\/api.w.org\/{rel}","templated":true}]}}