{"id":50768,"date":"2026-03-06T14:40:00","date_gmt":"2026-03-06T17:40:00","guid":{"rendered":"https:\/\/www.diariodeouropreto.com.br\/?p=50768"},"modified":"2026-03-06T14:28:06","modified_gmt":"2026-03-06T17:28:06","slug":"agenda-cultural-esporte-lazer-e-entrega-para-a-populacao-marcam-o-fim-de-semana-de-mariana","status":"publish","type":"post","link":"https:\/\/www.diariodeouropreto.com.br\/pt\/agenda-cultural-esporte-lazer-e-entrega-para-a-populacao-marcam-o-fim-de-semana-de-mariana\/","title":{"rendered":"Agenda Cultural: esporte, lazer e entrega para a popula\u00e7\u00e3o marcam o fim de semana de Mariana"},"content":{"rendered":"<p>Nesta semana, Mariana e seus distritos vivem uma programa\u00e7\u00e3o que une esporte, lazer e desenvolvimento para a comunidade. Em Cachoeira do Brumado acontece o 4\u00ba Trilh\u00e3o, que vai reunir trilheiros da regi\u00e3o com caf\u00e9 da manh\u00e3, largada oficial, almo\u00e7o, show ao vivo e atra\u00e7\u00f5es para toda a fam\u00edlia. E, como tradi\u00e7\u00e3o, a Feira Municipal movimenta o centro com produtos locais, gastronomia e cultura. Vamos aproveitar nossa cidade em movimento?&nbsp;<\/p>\n\n\n\n<p>N\u00e3o perca a chance de aproveitar os eventos espalhados pela nossa cidade. Confira a agenda:<\/p>\n\n\n\n<p><\/p>\n\n\n\n<p><\/p>\n\n\n\n<p><\/p>\n\n\n\n<p><strong>Feira Municipal<\/strong><\/p>\n\n\n\n<p>Data: todo s\u00e1bado&nbsp;<\/p>\n\n\n\n<p>Hor\u00e1rio: das 6h \u00e0s 11h&nbsp;&nbsp;<\/p>\n\n\n\n<p>Local: estacionamento do Centro de Conven\u00e7\u00f5es&nbsp;<\/p>\n\n\n\n<p><strong>Entrega da Quadra da Barroca<\/strong><\/p>\n\n\n\n<p>Data: 07\/03<\/p>\n\n\n\n<p>Hor\u00e1rio: a partir das 8h30<\/p>\n\n\n\n<p>Local: Escola Municipal Dante Luiz &#8211; Rua Salom\u00e3o Neme, 361 &#8211; Barroca<\/p>\n\n\n\n<p><strong>4\u00ba Trilh\u00e3o de Cachoeira do Brumado&nbsp; &#8211; Forr\u00f3 de Dois<\/strong><\/p>\n\n\n\n<p>O 4\u00ba Trilh\u00e3o de Cachoeira do Brumado acontece nos dias 7 e 8 de mar\u00e7o, no distrito de Cachoeira do Brumado. O evento \u00e9 organizado pela Equipe M\u00e3o Colada e re\u00fane amantes do motocross e trilhas off-road da regi\u00e3o. No s\u00e1bado, o evento come\u00e7a com o show do grupo Forr\u00f3 de Dois j\u00e1 agitando o distrito.&nbsp;<\/p>\n\n\n\n<p>Data: 7 de mar\u00e7o<\/p>\n\n\n\n<p>Hor\u00e1rio: 21h<\/p>\n\n\n\n<p>Local: Cachoeira da Brumado<\/p>\n\n\n\n<p><strong>4\u00ba Trilh\u00e3o de Cachoeira do Brumado&nbsp;&nbsp;<\/strong><\/p>\n\n\n\n<p>Data: 8 de mar\u00e7o<\/p>\n\n\n\n<p>Hor\u00e1rio: 7h &#8211; Caf\u00e9 da manh\u00e3 pilotos<\/p>\n\n\n\n<p>9h &#8211; Largada&nbsp;<\/p>\n\n\n\n<p>13h &#8211; Almo\u00e7o e sorteio de prendas<\/p>\n\n\n\n<p>14h &#8211; F\u00e1bio Teclas&nbsp;<\/p>\n\n\n\n<p>17h &#8211; JC Estilizado<\/p>\n\n\n\n<p>20h &#8211; Fabiano Augusto<\/p>\n\n\n\n<p>Local: Cachoeira da Brumado<\/p>\n\n\n\n<p><strong>Lan\u00e7amento Oficial do Programa Sou Empreendedora<\/strong><\/p>\n\n\n\n<p>O programa auxilia mulheres a criarem e administrarem seus empreendimentos. Al\u00e9m de fortalecer iniciativas, estimular a autonomia financeira e ampliar o acesso ao conhecimento e \u00e0 gest\u00e3o estrat\u00e9gica de neg\u00f3cios.<\/p>\n\n\n\n<p>Data: 9 de mar\u00e7o<\/p>\n\n\n\n<p>Hor\u00e1rio: 18h<\/p>\n\n\n\n<div id=\"110712\" class=\"advads-saneouro advads-entity-placement\" style=\"margin-left: auto;margin-right: auto;text-align: center;\"><a href=\"https:\/\/www.saneouro.com.br\/\" target=\"_blank\" aria-label=\"DOP_Site\" data-wpel-link=\"external\" rel=\"follow external noopener noreferrer sponsored ugc\"><img src=\"https:\/\/www.diariodeouropreto.com.br\/wp-content\/uploads\/2026\/04\/DOP_Site.jpg\" alt=\"\"  srcset=\"https:\/\/www.diariodeouropreto.com.br\/wp-content\/uploads\/2026\/04\/DOP_Site.jpg 301w, https:\/\/www.diariodeouropreto.com.br\/wp-content\/uploads\/2026\/04\/DOP_Site-180x150.jpg 180w, https:\/\/www.diariodeouropreto.com.br\/wp-content\/uploads\/2026\/04\/DOP_Site-14x12.jpg 14w\" sizes=\"(max-width: 301px) 100vw, 301px\" width=\"301\" height=\"251\"  style=\"display: inline-block;\" \/><\/a><\/div><p>Local: Cineteatro Mariana<\/p>\n\n\n\n<div id=\"50321\" class=\"advads-plantao advads-entity-placement\"><a href=\"https:\/\/www.diariodeouropreto.com.br\/pt\/\" target=\"_blank\" aria-label=\"site &#8211; noticia\" data-wpel-link=\"external\" rel=\"follow external noopener noreferrer sponsored ugc\"><img src=\"https:\/\/www.diariodeouropreto.com.br\/wp-content\/uploads\/2019\/09\/titulosite2-e1616373489755.jpg\" alt=\"\"  srcset=\"https:\/\/www.diariodeouropreto.com.br\/wp-content\/uploads\/2019\/09\/titulosite2-e1616373489755.jpg 1200w, https:\/\/www.diariodeouropreto.com.br\/wp-content\/uploads\/2019\/09\/titulosite2-e1616373489755-150x38.jpg 150w, https:\/\/www.diariodeouropreto.com.br\/wp-content\/uploads\/2019\/09\/titulosite2-e1616373489755-660x167.jpg 660w, https:\/\/www.diariodeouropreto.com.br\/wp-content\/uploads\/2019\/09\/titulosite2-e1616373489755-768x194.jpg 768w, https:\/\/www.diariodeouropreto.com.br\/wp-content\/uploads\/2019\/09\/titulosite2-e1616373489755-1000x252.jpg 1000w, https:\/\/www.diariodeouropreto.com.br\/wp-content\/uploads\/2019\/09\/titulosite2-e1616373489755-1536x388.jpg 1536w, https:\/\/www.diariodeouropreto.com.br\/wp-content\/uploads\/2019\/09\/titulosite2-e1616373489755-2048x517.jpg 2048w\" sizes=\"(max-width: 1200px) 100vw, 1200px\" width=\"1200\" height=\"303\"  style=\"display: inline-block;\" \/><\/a><\/div><p><strong>Agenda sujeita a altera\u00e7\u00e3o. <\/strong>Fonte: Assessoria Prefeitura de Mariana<br><\/p>","protected":false},"excerpt":{"rendered":"<p>Nesta semana, Mariana e seus distritos vivem uma programa\u00e7\u00e3o que une esporte, lazer e desenvolvimento para a comunidade. Em Cachoeira do Brumado acontece o 4\u00ba Trilh\u00e3o, que vai reunir trilheiros da regi\u00e3o com caf\u00e9 da manh\u00e3, largada oficial, almo\u00e7o, show ao vivo e atra\u00e7\u00f5es para toda a fam\u00edlia. E, como<span class=\"more-link\"><a href=\"https:\/\/www.diariodeouropreto.com.br\/pt\/agenda-cultural-esporte-lazer-e-entrega-para-a-populacao-marcam-o-fim-de-semana-de-mariana\/\" data-wpel-link=\"internal\">Continue Lendo<\/a><\/span><\/p>","protected":false},"author":1,"featured_media":49356,"comment_status":"closed","ping_status":"closed","sticky":false,"template":"","format":"standard","meta":{"_jetpack_memberships_contains_paid_content":false,"footnotes":"","jetpack_publicize_message":"Nesta semana, Mariana e seus distritos vivem uma programa\u00e7\u00e3o que une esporte, lazer e desenvolvimento para a comunidade","jetpack_publicize_feature_enabled":true,"jetpack_social_post_already_shared":true,"jetpack_social_options":{"image_generator_settings":{"template":"highway","default_image_id":0,"font":"","enabled":false},"version":2}},"categories":[11],"tags":[14],"class_list":["entry","author-diario","post-50768","post","type-post","status-publish","format-standard","has-post-thumbnail","category-culturaeartes","tag-mariana"],"yoast_head":"<!-- This site is optimized with the Yoast SEO plugin v27.5 - https:\/\/yoast.com\/product\/yoast-seo-wordpress\/ -->\n<title>Agenda Cultural: esporte, lazer e entrega para a popula\u00e7\u00e3o marcam o fim de semana de Mariana - Di\u00e1rio de Ouro Preto<\/title>\n<meta name=\"description\" content=\"Nesta semana, Mariana e seus distritos vivem uma programa\u00e7\u00e3o que une esporte, lazer e desenvolvimento para a comunidade - Agenda Cultural: esporte, lazer e entrega para a popula\u00e7\u00e3o marcam o fim de semana de Mariana\" \/>\n<meta name=\"robots\" content=\"index, follow, max-snippet:-1, max-image-preview:large, max-video-preview:-1\" \/>\n<link rel=\"canonical\" href=\"https:\/\/www.diariodeouropreto.com.br\/pt\/?p=50768\" \/>\n<meta property=\"og:locale\" content=\"pt_PT\" \/>\n<meta property=\"og:type\" content=\"article\" \/>\n<meta property=\"og:title\" content=\"Agenda Cultural: esporte, lazer e entrega para a popula\u00e7\u00e3o marcam o fim de semana de Mariana - Di\u00e1rio de Ouro Preto\" \/>\n<meta property=\"og:description\" content=\"Nesta semana, Mariana e seus distritos vivem uma programa\u00e7\u00e3o que une esporte, lazer e desenvolvimento para a comunidade - Agenda Cultural: esporte, lazer e entrega para a popula\u00e7\u00e3o marcam o fim de semana de Mariana\" \/>\n<meta property=\"og:url\" content=\"https:\/\/www.diariodeouropreto.com.br\/pt\/?p=50768\" \/>\n<meta property=\"og:site_name\" content=\"Di\u00e1rio de Ouro Preto\" \/>\n<meta property=\"article:publisher\" content=\"https:\/\/www.facebook.com\/diariodeouropreto\/\" \/>\n<meta property=\"article:published_time\" content=\"2026-03-06T17:40:00+00:00\" \/>\n<meta property=\"og:image\" content=\"https:\/\/www.diariodeouropreto.com.br\/wp-content\/uploads\/2025\/12\/Agenda-Cultural-1.jpeg\" \/>\n\t<meta property=\"og:image:width\" content=\"1200\" \/>\n\t<meta property=\"og:image:height\" content=\"750\" \/>\n\t<meta property=\"og:image:type\" content=\"image\/jpeg\" \/>\n<meta name=\"author\" content=\"Di\u00e1rio de Ouro Preto\" \/>\n<meta name=\"twitter:card\" content=\"summary_large_image\" \/>\n<meta name=\"twitter:label1\" content=\"Escrito por\" \/>\n\t<meta name=\"twitter:data1\" content=\"Di\u00e1rio de Ouro Preto\" \/>\n\t<meta name=\"twitter:label2\" content=\"Tempo estimado de leitura\" \/>\n\t<meta name=\"twitter:data2\" content=\"2 minutos\" \/>\n<script type=\"application\/ld+json\" class=\"yoast-schema-graph\">{\"@context\":\"https:\\\/\\\/schema.org\",\"@graph\":[{\"@type\":\"Article\",\"@id\":\"https:\\\/\\\/www.diariodeouropreto.com.br\\\/?p=50768#article\",\"isPartOf\":{\"@id\":\"https:\\\/\\\/www.diariodeouropreto.com.br\\\/?p=50768\"},\"author\":{\"name\":\"Di\u00e1rio de Ouro Preto\",\"@id\":\"https:\\\/\\\/www.diariodeouropreto.com.br\\\/pt\\\/#\\\/schema\\\/person\\\/7654e7b471204a6dab6dc0ce6e140c99\"},\"headline\":\"Agenda Cultural: esporte, lazer e entrega para a popula\u00e7\u00e3o marcam o fim de semana de Mariana\",\"datePublished\":\"2026-03-06T17:40:00+00:00\",\"mainEntityOfPage\":{\"@id\":\"https:\\\/\\\/www.diariodeouropreto.com.br\\\/?p=50768\"},\"wordCount\":348,\"publisher\":{\"@id\":\"https:\\\/\\\/www.diariodeouropreto.com.br\\\/pt\\\/#organization\"},\"image\":{\"@id\":\"https:\\\/\\\/www.diariodeouropreto.com.br\\\/?p=50768#primaryimage\"},\"thumbnailUrl\":\"https:\\\/\\\/www.diariodeouropreto.com.br\\\/wp-content\\\/uploads\\\/2025\\\/12\\\/Agenda-Cultural-1.jpeg\",\"keywords\":[\"Mariana\"],\"articleSection\":[\"Cultura, Artes e Patrim\u00f4nio\"],\"inLanguage\":\"pt-PT\"},{\"@type\":\"WebPage\",\"@id\":\"https:\\\/\\\/www.diariodeouropreto.com.br\\\/?p=50768\",\"url\":\"https:\\\/\\\/www.diariodeouropreto.com.br\\\/?p=50768\",\"name\":\"Agenda Cultural: esporte, lazer e entrega para a popula\u00e7\u00e3o marcam o fim de semana de Mariana - Di\u00e1rio de Ouro Preto\",\"isPartOf\":{\"@id\":\"https:\\\/\\\/www.diariodeouropreto.com.br\\\/pt\\\/#website\"},\"primaryImageOfPage\":{\"@id\":\"https:\\\/\\\/www.diariodeouropreto.com.br\\\/?p=50768#primaryimage\"},\"image\":{\"@id\":\"https:\\\/\\\/www.diariodeouropreto.com.br\\\/?p=50768#primaryimage\"},\"thumbnailUrl\":\"https:\\\/\\\/www.diariodeouropreto.com.br\\\/wp-content\\\/uploads\\\/2025\\\/12\\\/Agenda-Cultural-1.jpeg\",\"datePublished\":\"2026-03-06T17:40:00+00:00\",\"description\":\"Nesta semana, Mariana e seus distritos vivem uma programa\u00e7\u00e3o que une esporte, lazer e desenvolvimento para a comunidade - Agenda Cultural: esporte, lazer e entrega para a popula\u00e7\u00e3o marcam o fim de semana de Mariana\",\"breadcrumb\":{\"@id\":\"https:\\\/\\\/www.diariodeouropreto.com.br\\\/?p=50768#breadcrumb\"},\"inLanguage\":\"pt-PT\",\"potentialAction\":[{\"@type\":\"ReadAction\",\"target\":[\"https:\\\/\\\/www.diariodeouropreto.com.br\\\/?p=50768\"]}]},{\"@type\":\"ImageObject\",\"inLanguage\":\"pt-PT\",\"@id\":\"https:\\\/\\\/www.diariodeouropreto.com.br\\\/?p=50768#primaryimage\",\"url\":\"https:\\\/\\\/www.diariodeouropreto.com.br\\\/wp-content\\\/uploads\\\/2025\\\/12\\\/Agenda-Cultural-1.jpeg\",\"contentUrl\":\"https:\\\/\\\/www.diariodeouropreto.com.br\\\/wp-content\\\/uploads\\\/2025\\\/12\\\/Agenda-Cultural-1.jpeg\",\"width\":1200,\"height\":750},{\"@type\":\"BreadcrumbList\",\"@id\":\"https:\\\/\\\/www.diariodeouropreto.com.br\\\/?p=50768#breadcrumb\",\"itemListElement\":[{\"@type\":\"ListItem\",\"position\":1,\"name\":\"In\u00edcio\",\"item\":\"https:\\\/\\\/www.diariodeouropreto.com.br\\\/pt\\\/\"},{\"@type\":\"ListItem\",\"position\":2,\"name\":\"Agenda Cultural: esporte, lazer e entrega para a popula\u00e7\u00e3o marcam o fim de semana de Mariana\"}]},{\"@type\":\"WebSite\",\"@id\":\"https:\\\/\\\/www.diariodeouropreto.com.br\\\/pt\\\/#website\",\"url\":\"https:\\\/\\\/www.diariodeouropreto.com.br\\\/pt\\\/\",\"name\":\"Di\u00e1rio de Ouro Preto\",\"description\":\"Not\u00edcias Ouro Preto; Mariana;Minas Gerais;Jornal;Jornalismo;Not\u00edcias;\",\"publisher\":{\"@id\":\"https:\\\/\\\/www.diariodeouropreto.com.br\\\/pt\\\/#organization\"},\"alternateName\":\"Jornal di\u00e1rio de Ouro Preto\",\"potentialAction\":[{\"@type\":\"SearchAction\",\"target\":{\"@type\":\"EntryPoint\",\"urlTemplate\":\"https:\\\/\\\/www.diariodeouropreto.com.br\\\/pt\\\/?s={search_term_string}\"},\"query-input\":{\"@type\":\"PropertyValueSpecification\",\"valueRequired\":true,\"valueName\":\"search_term_string\"}}],\"inLanguage\":\"pt-PT\"},{\"@type\":\"Organization\",\"@id\":\"https:\\\/\\\/www.diariodeouropreto.com.br\\\/pt\\\/#organization\",\"name\":\"Di\u00e1rio de Ouro Preto\",\"alternateName\":\"Jornal di\u00e1rio Ouro Preto\",\"url\":\"https:\\\/\\\/www.diariodeouropreto.com.br\\\/pt\\\/\",\"logo\":{\"@type\":\"ImageObject\",\"inLanguage\":\"pt-PT\",\"@id\":\"https:\\\/\\\/www.diariodeouropreto.com.br\\\/pt\\\/#\\\/schema\\\/logo\\\/image\\\/\",\"url\":\"https:\\\/\\\/www.diariodeouropreto.com.br\\\/wp-content\\\/uploads\\\/2019\\\/06\\\/cropped-logotransp-2.png\",\"contentUrl\":\"https:\\\/\\\/www.diariodeouropreto.com.br\\\/wp-content\\\/uploads\\\/2019\\\/06\\\/cropped-logotransp-2.png\",\"width\":1323,\"height\":251,\"caption\":\"Di\u00e1rio de Ouro Preto\"},\"image\":{\"@id\":\"https:\\\/\\\/www.diariodeouropreto.com.br\\\/pt\\\/#\\\/schema\\\/logo\\\/image\\\/\"},\"sameAs\":[\"https:\\\/\\\/www.facebook.com\\\/diariodeouropreto\\\/\"]},{\"@type\":\"Person\",\"@id\":\"https:\\\/\\\/www.diariodeouropreto.com.br\\\/pt\\\/#\\\/schema\\\/person\\\/7654e7b471204a6dab6dc0ce6e140c99\",\"name\":\"Di\u00e1rio de Ouro Preto\",\"sameAs\":[\"http:\\\/\\\/www.diariodeouropreto.com.br\"],\"url\":\"https:\\\/\\\/www.diariodeouropreto.com.br\\\/pt\\\/author\\\/diario\\\/\"}]}<\/script>\n<!-- \/ Yoast SEO plugin. -->","yoast_head_json":{"title":"Agenda Cultural: esporte, lazer e entrega para a popula\u00e7\u00e3o marcam o fim de semana de Mariana - Di\u00e1rio de Ouro Preto","description":"Nesta semana, Mariana e seus distritos vivem uma programa\u00e7\u00e3o que une esporte, lazer e desenvolvimento para a comunidade - Agenda Cultural: esporte, lazer e entrega para a popula\u00e7\u00e3o marcam o fim de semana de Mariana","robots":{"index":"index","follow":"follow","max-snippet":"max-snippet:-1","max-image-preview":"max-image-preview:large","max-video-preview":"max-video-preview:-1"},"canonical":"https:\/\/www.diariodeouropreto.com.br\/pt\/?p=50768","og_locale":"pt_PT","og_type":"article","og_title":"Agenda Cultural: esporte, lazer e entrega para a popula\u00e7\u00e3o marcam o fim de semana de Mariana - Di\u00e1rio de Ouro Preto","og_description":"Nesta semana, Mariana e seus distritos vivem uma programa\u00e7\u00e3o que une esporte, lazer e desenvolvimento para a comunidade - Agenda Cultural: esporte, lazer e entrega para a popula\u00e7\u00e3o marcam o fim de semana de Mariana","og_url":"https:\/\/www.diariodeouropreto.com.br\/pt\/?p=50768","og_site_name":"Di\u00e1rio de Ouro Preto","article_publisher":"https:\/\/www.facebook.com\/diariodeouropreto\/","article_published_time":"2026-03-06T17:40:00+00:00","og_image":[{"width":1200,"height":750,"url":"https:\/\/www.diariodeouropreto.com.br\/wp-content\/uploads\/2025\/12\/Agenda-Cultural-1.jpeg","type":"image\/jpeg"}],"author":"Di\u00e1rio de Ouro Preto","twitter_card":"summary_large_image","twitter_misc":{"Escrito por":"Di\u00e1rio de Ouro Preto","Tempo estimado de leitura":"2 minutos"},"schema":{"@context":"https:\/\/schema.org","@graph":[{"@type":"Article","@id":"https:\/\/www.diariodeouropreto.com.br\/?p=50768#article","isPartOf":{"@id":"https:\/\/www.diariodeouropreto.com.br\/?p=50768"},"author":{"name":"Di\u00e1rio de Ouro Preto","@id":"https:\/\/www.diariodeouropreto.com.br\/pt\/#\/schema\/person\/7654e7b471204a6dab6dc0ce6e140c99"},"headline":"Agenda Cultural: esporte, lazer e entrega para a popula\u00e7\u00e3o marcam o fim de semana de Mariana","datePublished":"2026-03-06T17:40:00+00:00","mainEntityOfPage":{"@id":"https:\/\/www.diariodeouropreto.com.br\/?p=50768"},"wordCount":348,"publisher":{"@id":"https:\/\/www.diariodeouropreto.com.br\/pt\/#organization"},"image":{"@id":"https:\/\/www.diariodeouropreto.com.br\/?p=50768#primaryimage"},"thumbnailUrl":"https:\/\/www.diariodeouropreto.com.br\/wp-content\/uploads\/2025\/12\/Agenda-Cultural-1.jpeg","keywords":["Mariana"],"articleSection":["Cultura, Artes e Patrim\u00f4nio"],"inLanguage":"pt-PT"},{"@type":"WebPage","@id":"https:\/\/www.diariodeouropreto.com.br\/?p=50768","url":"https:\/\/www.diariodeouropreto.com.br\/?p=50768","name":"Agenda Cultural: esporte, lazer e entrega para a popula\u00e7\u00e3o marcam o fim de semana de Mariana - Di\u00e1rio de Ouro Preto","isPartOf":{"@id":"https:\/\/www.diariodeouropreto.com.br\/pt\/#website"},"primaryImageOfPage":{"@id":"https:\/\/www.diariodeouropreto.com.br\/?p=50768#primaryimage"},"image":{"@id":"https:\/\/www.diariodeouropreto.com.br\/?p=50768#primaryimage"},"thumbnailUrl":"https:\/\/www.diariodeouropreto.com.br\/wp-content\/uploads\/2025\/12\/Agenda-Cultural-1.jpeg","datePublished":"2026-03-06T17:40:00+00:00","description":"Nesta semana, Mariana e seus distritos vivem uma programa\u00e7\u00e3o que une esporte, lazer e desenvolvimento para a comunidade - Agenda Cultural: esporte, lazer e entrega para a popula\u00e7\u00e3o marcam o fim de semana de Mariana","breadcrumb":{"@id":"https:\/\/www.diariodeouropreto.com.br\/?p=50768#breadcrumb"},"inLanguage":"pt-PT","potentialAction":[{"@type":"ReadAction","target":["https:\/\/www.diariodeouropreto.com.br\/?p=50768"]}]},{"@type":"ImageObject","inLanguage":"pt-PT","@id":"https:\/\/www.diariodeouropreto.com.br\/?p=50768#primaryimage","url":"https:\/\/www.diariodeouropreto.com.br\/wp-content\/uploads\/2025\/12\/Agenda-Cultural-1.jpeg","contentUrl":"https:\/\/www.diariodeouropreto.com.br\/wp-content\/uploads\/2025\/12\/Agenda-Cultural-1.jpeg","width":1200,"height":750},{"@type":"BreadcrumbList","@id":"https:\/\/www.diariodeouropreto.com.br\/?p=50768#breadcrumb","itemListElement":[{"@type":"ListItem","position":1,"name":"In\u00edcio","item":"https:\/\/www.diariodeouropreto.com.br\/pt\/"},{"@type":"ListItem","position":2,"name":"Agenda Cultural: esporte, lazer e entrega para a popula\u00e7\u00e3o marcam o fim de semana de Mariana"}]},{"@type":"WebSite","@id":"https:\/\/www.diariodeouropreto.com.br\/pt\/#website","url":"https:\/\/www.diariodeouropreto.com.br\/pt\/","name":"Di\u00e1rio de Ouro Preto","description":"Not\u00edcias Ouro Preto; Mariana;Minas Gerais;Jornal;Jornalismo;Not\u00edcias;","publisher":{"@id":"https:\/\/www.diariodeouropreto.com.br\/pt\/#organization"},"alternateName":"Jornal di\u00e1rio de Ouro Preto","potentialAction":[{"@type":"SearchAction","target":{"@type":"EntryPoint","urlTemplate":"https:\/\/www.diariodeouropreto.com.br\/pt\/?s={search_term_string}"},"query-input":{"@type":"PropertyValueSpecification","valueRequired":true,"valueName":"search_term_string"}}],"inLanguage":"pt-PT"},{"@type":"Organization","@id":"https:\/\/www.diariodeouropreto.com.br\/pt\/#organization","name":"Di\u00e1rio de Ouro Preto","alternateName":"Jornal di\u00e1rio Ouro Preto","url":"https:\/\/www.diariodeouropreto.com.br\/pt\/","logo":{"@type":"ImageObject","inLanguage":"pt-PT","@id":"https:\/\/www.diariodeouropreto.com.br\/pt\/#\/schema\/logo\/image\/","url":"https:\/\/www.diariodeouropreto.com.br\/wp-content\/uploads\/2019\/06\/cropped-logotransp-2.png","contentUrl":"https:\/\/www.diariodeouropreto.com.br\/wp-content\/uploads\/2019\/06\/cropped-logotransp-2.png","width":1323,"height":251,"caption":"Di\u00e1rio de Ouro Preto"},"image":{"@id":"https:\/\/www.diariodeouropreto.com.br\/pt\/#\/schema\/logo\/image\/"},"sameAs":["https:\/\/www.facebook.com\/diariodeouropreto\/"]},{"@type":"Person","@id":"https:\/\/www.diariodeouropreto.com.br\/pt\/#\/schema\/person\/7654e7b471204a6dab6dc0ce6e140c99","name":"Di\u00e1rio de Ouro Preto","sameAs":["http:\/\/www.diariodeouropreto.com.br"],"url":"https:\/\/www.diariodeouropreto.com.br\/pt\/author\/diario\/"}]}},"jetpack_publicize_connections":[],"jetpack_featured_media_url":"https:\/\/www.diariodeouropreto.com.br\/wp-content\/uploads\/2025\/12\/Agenda-Cultural-1.jpeg","jetpack-related-posts":[{"id":48304,"url":"https:\/\/www.diariodeouropreto.com.br\/pt\/padre-viegas-celebra-320-anos-com-shows-eventos-esportivos-e-rua-de-lazer-para-as-criancas\/","url_meta":{"origin":50768,"position":0},"title":"Padre Viegas celebra 320 anos com shows, eventos esportivos e rua de lazer para as crian\u00e7as","author":"Di\u00e1rio de Ouro Preto","date":"21 de Outubro de 2025","format":false,"excerpt":"O distrito de Padre Viegas, em Mariana, celebrou 320 anos de hist\u00f3ria no \u00faltimo fim de semana com uma programa\u00e7\u00e3o diversificada que reuniu m\u00fasica, esporte e lazer para toda a comunidade. A festa comemorativa come\u00e7ou na sexta-feira (17\/10), com uma noite especial de louvor, marcada pela apresenta\u00e7\u00e3o da Worship Brasileiro\u2026","rel":"","context":"In &quot;Cultura, Artes e Patrim\u00f4nio&quot;","block_context":{"text":"Cultura, Artes e Patrim\u00f4nio","link":"https:\/\/www.diariodeouropreto.com.br\/pt\/Editoria\/culturaeartes\/"},"img":{"alt_text":"","src":"https:\/\/i0.wp.com\/www.diariodeouropreto.com.br\/wp-content\/uploads\/2025\/10\/IMG_0299.jpg?resize=350%2C200&ssl=1","width":350,"height":200,"srcset":"https:\/\/i0.wp.com\/www.diariodeouropreto.com.br\/wp-content\/uploads\/2025\/10\/IMG_0299.jpg?resize=350%2C200&ssl=1 1x, https:\/\/i0.wp.com\/www.diariodeouropreto.com.br\/wp-content\/uploads\/2025\/10\/IMG_0299.jpg?resize=525%2C300&ssl=1 1.5x, https:\/\/i0.wp.com\/www.diariodeouropreto.com.br\/wp-content\/uploads\/2025\/10\/IMG_0299.jpg?resize=700%2C400&ssl=1 2x, https:\/\/i0.wp.com\/www.diariodeouropreto.com.br\/wp-content\/uploads\/2025\/10\/IMG_0299.jpg?resize=1050%2C600&ssl=1 3x"},"classes":[]},{"id":51243,"url":"https:\/\/www.diariodeouropreto.com.br\/pt\/agenda-cultural-inicio-da-semana-santa-marca-as-celebracoes-religiosas-do-fim-de-semana-em-mariana\/","url_meta":{"origin":50768,"position":1},"title":"Agenda Cultural: In\u00edcio da Semana Santa marca as celebra\u00e7\u00f5es religiosas do fim de semana em Mariana","author":"Di\u00e1rio de Ouro Preto","date":"27 de Mar\u00e7o de 2026","format":false,"excerpt":"Neste fim de semana, Mariana recebe uma programa\u00e7\u00e3o variada que movimenta a cidade com cultura, lazer e cidadania em diferentes espa\u00e7os. A agenda conta com as tradicionais feiras noturna e municipal, eventos de participa\u00e7\u00e3o popular, a\u00e7\u00f5es sociais e atividades culturais, como concerto sacro na Catedral, mostra audiovisual e atra\u00e7\u00f5es ligadas\u2026","rel":"","context":"In &quot;Geral&quot;","block_context":{"text":"Geral","link":"https:\/\/www.diariodeouropreto.com.br\/pt\/Editoria\/geral\/"},"img":{"alt_text":"","src":"https:\/\/i0.wp.com\/www.diariodeouropreto.com.br\/wp-content\/uploads\/2023\/04\/Semana-Santa-Mariana-2023-7.jpeg?resize=350%2C200&ssl=1","width":350,"height":200,"srcset":"https:\/\/i0.wp.com\/www.diariodeouropreto.com.br\/wp-content\/uploads\/2023\/04\/Semana-Santa-Mariana-2023-7.jpeg?resize=350%2C200&ssl=1 1x, https:\/\/i0.wp.com\/www.diariodeouropreto.com.br\/wp-content\/uploads\/2023\/04\/Semana-Santa-Mariana-2023-7.jpeg?resize=525%2C300&ssl=1 1.5x, https:\/\/i0.wp.com\/www.diariodeouropreto.com.br\/wp-content\/uploads\/2023\/04\/Semana-Santa-Mariana-2023-7.jpeg?resize=700%2C400&ssl=1 2x, https:\/\/i0.wp.com\/www.diariodeouropreto.com.br\/wp-content\/uploads\/2023\/04\/Semana-Santa-Mariana-2023-7.jpeg?resize=1050%2C600&ssl=1 3x"},"classes":[]},{"id":14864,"url":"https:\/\/www.diariodeouropreto.com.br\/pt\/o-que-tem-pra-fazer-no-fim-de-semana-cultura-e-lazer-em-ouro-pretomariana-e-itabirito\/","url_meta":{"origin":50768,"position":2},"title":"O que tem pra fazer no fim de semana? Cultura e Lazer em Ouro Preto,Mariana e Itabirito","author":"Di\u00e1rio de Ouro Preto","date":"8 de Abril de 2022","format":false,"excerpt":"DESTAQUE DO FIM DE SEMANA: 29\u00aa Edi\u00e7\u00e3o do Bike Enduro de Mariana, MG OURO PRETO BAR DA NIDA - Rua Rio de Janeiro, 217Morro S\u00e3o Sebasti\u00e3oReservas e informa\u00e7\u00f5es: 31 99424-4800Forr\u00f3 com Forr\u00f3 de BolsoSexta-Feira, 08\/04, 20h00Blues com Rafael Regali e David MartisS\u00e1bado, 09\/04, 12h00Samba da Let\u00edciaDomingo, 10\/04, 12h00Jazz com Eg\u00eddio\u2026","rel":"","context":"In &quot;Cultura, Artes e Patrim\u00f4nio&quot;","block_context":{"text":"Cultura, Artes e Patrim\u00f4nio","link":"https:\/\/www.diariodeouropreto.com.br\/pt\/Editoria\/culturaeartes\/"},"img":{"alt_text":"","src":"https:\/\/i0.wp.com\/www.diariodeouropreto.com.br\/wp-content\/uploads\/2019\/09\/titulosite2-e1616373489755.jpg?resize=350%2C200&ssl=1","width":350,"height":200,"srcset":"https:\/\/i0.wp.com\/www.diariodeouropreto.com.br\/wp-content\/uploads\/2019\/09\/titulosite2-e1616373489755.jpg?resize=350%2C200&ssl=1 1x, https:\/\/i0.wp.com\/www.diariodeouropreto.com.br\/wp-content\/uploads\/2019\/09\/titulosite2-e1616373489755.jpg?resize=525%2C300&ssl=1 1.5x, https:\/\/i0.wp.com\/www.diariodeouropreto.com.br\/wp-content\/uploads\/2019\/09\/titulosite2-e1616373489755.jpg?resize=700%2C400&ssl=1 2x, https:\/\/i0.wp.com\/www.diariodeouropreto.com.br\/wp-content\/uploads\/2019\/09\/titulosite2-e1616373489755.jpg?resize=1050%2C600&ssl=1 3x"},"classes":[]},{"id":23193,"url":"https:\/\/www.diariodeouropreto.com.br\/pt\/fique-por-dentro-da-agenda-de-eventos-do-final-de-semana-em-mariana\/","url_meta":{"origin":50768,"position":3},"title":"Fique por dentro da agenda de eventos do final de semana em Mariana","author":"Di\u00e1rio de Ouro Preto","date":"12 de Maio de 2023","format":false,"excerpt":"A Primaz de Minas \u00e9 conhecida em todo o Estado por ser uma cidade tur\u00edstica que atrai milhares de visitantes ao longo do ano para as festividades e os eventos que enriquecem as ruas hist\u00f3ricas e engrandecem o nome de Mariana. Em conjunto, as nossas secretarias municipais trabalham diariamente para\u2026","rel":"","context":"In &quot;Cultura, Artes e Patrim\u00f4nio&quot;","block_context":{"text":"Cultura, Artes e Patrim\u00f4nio","link":"https:\/\/www.diariodeouropreto.com.br\/pt\/Editoria\/culturaeartes\/"},"img":{"alt_text":"","src":"https:\/\/i0.wp.com\/www.diariodeouropreto.com.br\/wp-content\/uploads\/2023\/05\/Agenda-de-eventos-site-3.jpg?resize=350%2C200&ssl=1","width":350,"height":200,"srcset":"https:\/\/i0.wp.com\/www.diariodeouropreto.com.br\/wp-content\/uploads\/2023\/05\/Agenda-de-eventos-site-3.jpg?resize=350%2C200&ssl=1 1x, https:\/\/i0.wp.com\/www.diariodeouropreto.com.br\/wp-content\/uploads\/2023\/05\/Agenda-de-eventos-site-3.jpg?resize=525%2C300&ssl=1 1.5x, https:\/\/i0.wp.com\/www.diariodeouropreto.com.br\/wp-content\/uploads\/2023\/05\/Agenda-de-eventos-site-3.jpg?resize=700%2C400&ssl=1 2x, https:\/\/i0.wp.com\/www.diariodeouropreto.com.br\/wp-content\/uploads\/2023\/05\/Agenda-de-eventos-site-3.jpg?resize=1050%2C600&ssl=1 3x"},"classes":[]},{"id":47935,"url":"https:\/\/www.diariodeouropreto.com.br\/pt\/prefeitura-de-mariana-realiza-edicao-especial-de-dia-das-criancas\/","url_meta":{"origin":50768,"position":4},"title":"Prefeitura de Mariana realiza edi\u00e7\u00e3o especial de dia das crian\u00e7as","author":"Di\u00e1rio de Ouro Preto","date":"6 de Outubro de 2025","format":false,"excerpt":"Mariana - A cidade se prepara para um dia de pura divers\u00e3o no pr\u00f3ximo s\u00e1bado (11\/10), quando as Ruas de Lazer ganham uma edi\u00e7\u00e3o especial em comemora\u00e7\u00e3o ao Dia das Crian\u00e7as. Promovido pela Secretaria Municipal de Esportes, Comunica\u00e7\u00e3o e Eventos, o programa promete transformar dois pontos da cidade em grandes\u2026","rel":"","context":"In &quot;Variedades&quot;","block_context":{"text":"Variedades","link":"https:\/\/www.diariodeouropreto.com.br\/pt\/Editoria\/variedades\/"},"img":{"alt_text":"","src":"https:\/\/i0.wp.com\/www.diariodeouropreto.com.br\/wp-content\/uploads\/2025\/10\/Rua-de-lazer-site.jpg?resize=350%2C200&ssl=1","width":350,"height":200,"srcset":"https:\/\/i0.wp.com\/www.diariodeouropreto.com.br\/wp-content\/uploads\/2025\/10\/Rua-de-lazer-site.jpg?resize=350%2C200&ssl=1 1x, https:\/\/i0.wp.com\/www.diariodeouropreto.com.br\/wp-content\/uploads\/2025\/10\/Rua-de-lazer-site.jpg?resize=525%2C300&ssl=1 1.5x, https:\/\/i0.wp.com\/www.diariodeouropreto.com.br\/wp-content\/uploads\/2025\/10\/Rua-de-lazer-site.jpg?resize=700%2C400&ssl=1 2x, https:\/\/i0.wp.com\/www.diariodeouropreto.com.br\/wp-content\/uploads\/2025\/10\/Rua-de-lazer-site.jpg?resize=1050%2C600&ssl=1 3x"},"classes":[]},{"id":47391,"url":"https:\/\/www.diariodeouropreto.com.br\/pt\/agenda-cultural-esporte-e-musica-embalam-final-de-semana\/","url_meta":{"origin":50768,"position":5},"title":"Agenda Cultural: Esporte e m\u00fasica embalam final de semana","author":"Di\u00e1rio de Ouro Preto","date":"6 de Setembro de 2025","format":false,"excerpt":"A agenda cultural desta semana est\u00e1 repleta de m\u00fasica, esporte e solenidades religiosas. N\u00e3o perca as edi\u00e7\u00f5es do Banda na Pra\u00e7a, Festa de Nossa Senhora de Nazar\u00e9 e festival Os Sons do Brasil. Tamb\u00e9m os eventos esportivos de beach tennis, corrida e de moto trilha prometem energia, adrenalina e divers\u00e3o\u2026","rel":"","context":"In &quot;Cultura, Artes e Patrim\u00f4nio&quot;","block_context":{"text":"Cultura, Artes e Patrim\u00f4nio","link":"https:\/\/www.diariodeouropreto.com.br\/pt\/Editoria\/culturaeartes\/"},"img":{"alt_text":"","src":"https:\/\/i0.wp.com\/www.diariodeouropreto.com.br\/wp-content\/uploads\/2022\/06\/IMG_20220304_131532487_HDR.jpg?resize=350%2C200&ssl=1","width":350,"height":200,"srcset":"https:\/\/i0.wp.com\/www.diariodeouropreto.com.br\/wp-content\/uploads\/2022\/06\/IMG_20220304_131532487_HDR.jpg?resize=350%2C200&ssl=1 1x, https:\/\/i0.wp.com\/www.diariodeouropreto.com.br\/wp-content\/uploads\/2022\/06\/IMG_20220304_131532487_HDR.jpg?resize=525%2C300&ssl=1 1.5x, https:\/\/i0.wp.com\/www.diariodeouropreto.com.br\/wp-content\/uploads\/2022\/06\/IMG_20220304_131532487_HDR.jpg?resize=700%2C400&ssl=1 2x, https:\/\/i0.wp.com\/www.diariodeouropreto.com.br\/wp-content\/uploads\/2022\/06\/IMG_20220304_131532487_HDR.jpg?resize=1050%2C600&ssl=1 3x"},"classes":[]}],"jetpack_sharing_enabled":true,"amp_enabled":true,"_links":{"self":[{"href":"https:\/\/www.diariodeouropreto.com.br\/pt\/wp-json\/wp\/v2\/posts\/50768","targetHints":{"allow":["GET"]}}],"collection":[{"href":"https:\/\/www.diariodeouropreto.com.br\/pt\/wp-json\/wp\/v2\/posts"}],"about":[{"href":"https:\/\/www.diariodeouropreto.com.br\/pt\/wp-json\/wp\/v2\/types\/post"}],"author":[{"embeddable":true,"href":"https:\/\/www.diariodeouropreto.com.br\/pt\/wp-json\/wp\/v2\/users\/1"}],"replies":[{"embeddable":true,"href":"https:\/\/www.diariodeouropreto.com.br\/pt\/wp-json\/wp\/v2\/comments?post=50768"}],"version-history":[{"count":1,"href":"https:\/\/www.diariodeouropreto.com.br\/pt\/wp-json\/wp\/v2\/posts\/50768\/revisions"}],"predecessor-version":[{"id":50771,"href":"https:\/\/www.diariodeouropreto.com.br\/pt\/wp-json\/wp\/v2\/posts\/50768\/revisions\/50771"}],"wp:featuredmedia":[{"embeddable":true,"href":"https:\/\/www.diariodeouropreto.com.br\/pt\/wp-json\/wp\/v2\/media\/49356"}],"wp:attachment":[{"href":"https:\/\/www.diariodeouropreto.com.br\/pt\/wp-json\/wp\/v2\/media?parent=50768"}],"wp:term":[{"taxonomy":"category","embeddable":true,"href":"https:\/\/www.diariodeouropreto.com.br\/pt\/wp-json\/wp\/v2\/categories?post=50768"},{"taxonomy":"post_tag","embeddable":true,"href":"https:\/\/www.diariodeouropreto.com.br\/pt\/wp-json\/wp\/v2\/tags?post=50768"}],"curies":[{"name":"wp","href":"https:\/\/api.w.org\/{rel}","templated":true}]}}