{"id":50763,"date":"2026-03-06T12:36:00","date_gmt":"2026-03-06T15:36:00","guid":{"rendered":"https:\/\/www.diariodeouropreto.com.br\/?p=50763"},"modified":"2026-03-06T12:34:35","modified_gmt":"2026-03-06T15:34:35","slug":"projeto-na-assembleia-pode-garantir-nova-area-para-moradias-populares-em-ouro-preto","status":"publish","type":"post","link":"https:\/\/www.diariodeouropreto.com.br\/pt\/projeto-na-assembleia-pode-garantir-nova-area-para-moradias-populares-em-ouro-preto\/","title":{"rendered":"Projeto na Assembleia pode garantir nova \u00e1rea para moradias populares em Ouro Preto"},"content":{"rendered":"<p>A cria\u00e7\u00e3o de novas \u00e1reas para moradia digna em Ouro Preto pode avan\u00e7ar nos pr\u00f3ximos dias na Assembleia Legislativa de Minas Gerais (ALMG). O <strong>Projeto de Lei 2.147\/2024<\/strong>, de autoria do deputado estadual Leleco Pimentel (PT), j\u00e1 foi aprovado nas comiss\u00f5es de Constitui\u00e7\u00e3o e Justi\u00e7a e de Administra\u00e7\u00e3o P\u00fablica e agora aguarda vota\u00e7\u00e3o em plen\u00e1rio.<\/p>\n\n\n\n<p>A proposta autoriza o governo do Estado a doar ao munic\u00edpio um terreno de aproximadamente <strong>196 mil metros quadrados<\/strong> \u2014 \u00e1rea equivalente a cerca de <strong>27 campos de futebol<\/strong> \u2014 para implanta\u00e7\u00e3o de pol\u00edticas de habita\u00e7\u00e3o de interesse social.<\/p>\n\n\n\n<p>O terreno fica em \u00e1rea urbana de Ouro Preto e apresenta localiza\u00e7\u00e3o considerada estrat\u00e9gica para expans\u00e3o planejada da cidade, permitindo acesso mais f\u00e1cil da popula\u00e7\u00e3o a transporte, servi\u00e7os p\u00fablicos e com\u00e9rcio.<\/p>\n\n\n\n<h4 class=\"wp-block-heading\"><strong>Resposta ao d\u00e9ficit habitacional<\/strong><\/h4>\n\n\n\n<p>O munic\u00edpio hist\u00f3rico convive h\u00e1 anos com dificuldades para ampliar a oferta de moradias populares. As limita\u00e7\u00f5es urban\u00edsticas impostas pelo patrim\u00f4nio hist\u00f3rico e pela geografia montanhosa acabam restringindo novas \u00e1reas para habita\u00e7\u00e3o.<\/p>\n\n\n\n<p>Nesse cen\u00e1rio, a destina\u00e7\u00e3o de um terreno p\u00fablico de grande extens\u00e3o pode abrir espa\u00e7o para novos projetos habitacionais e infraestrutura urbana voltados principalmente \u00e0s fam\u00edlias de baixa renda da sede e dos distritos.<\/p>\n\n\n\n<p>\u201cEstamos trabalhando para que \u00e1reas p\u00fablicas cumpram sua fun\u00e7\u00e3o social e ampliem o acesso \u00e0 moradia digna para as fam\u00edlias de Ouro Preto\u201d, afirmou o deputado Leleco Pimentel.<\/p>\n\n\n\n<h4 class=\"wp-block-heading\"><strong>Planejamento urbano<\/strong><\/h4>\n\n\n\n<p>Pelo texto do projeto, a \u00e1rea poder\u00e1 receber n\u00e3o apenas moradias, mas tamb\u00e9m equipamentos p\u00fablicos essenciais, como escolas, unidades de sa\u00fade, espa\u00e7os culturais e \u00e1reas de lazer.<\/p>\n\n\n\n<p>Caso seja aprovado em plen\u00e1rio da Assembleia Legislativa de Minas Gerais, o projeto seguir\u00e1 para san\u00e7\u00e3o do governo estadual. A partir da transfer\u00eancia do im\u00f3vel, caber\u00e1 \u00e0 prefeitura definir o planejamento urbano e os programas habitacionais que ser\u00e3o implantados no local. <\/p>\n\n\n\n<div id=\"110712\" class=\"advads-saneouro advads-entity-placement\" style=\"margin-left: auto;margin-right: auto;text-align: center;\"><a href=\"https:\/\/www.saneouro.com.br\/\" target=\"_blank\" aria-label=\"DOP_Site\" data-wpel-link=\"external\" rel=\"follow external noopener noreferrer sponsored ugc\"><img src=\"https:\/\/www.diariodeouropreto.com.br\/wp-content\/uploads\/2026\/04\/DOP_Site.jpg\" alt=\"\"  srcset=\"https:\/\/www.diariodeouropreto.com.br\/wp-content\/uploads\/2026\/04\/DOP_Site.jpg 301w, https:\/\/www.diariodeouropreto.com.br\/wp-content\/uploads\/2026\/04\/DOP_Site-180x150.jpg 180w, https:\/\/www.diariodeouropreto.com.br\/wp-content\/uploads\/2026\/04\/DOP_Site-14x12.jpg 14w\" sizes=\"(max-width: 301px) 100vw, 301px\" width=\"301\" height=\"251\"  style=\"display: inline-block;\" \/><\/a><\/div><p>Fonte: Assessoria Deputado Leleco Pimentel<\/p>\n\n\n\n<div id=\"50321\" class=\"advads-plantao advads-entity-placement\"><a href=\"https:\/\/www.diariodeouropreto.com.br\/pt\/\" target=\"_blank\" aria-label=\"site &#8211; noticia\" data-wpel-link=\"external\" rel=\"follow external noopener noreferrer sponsored ugc\"><img src=\"https:\/\/www.diariodeouropreto.com.br\/wp-content\/uploads\/2019\/09\/titulosite2-e1616373489755.jpg\" alt=\"\"  srcset=\"https:\/\/www.diariodeouropreto.com.br\/wp-content\/uploads\/2019\/09\/titulosite2-e1616373489755.jpg 1200w, https:\/\/www.diariodeouropreto.com.br\/wp-content\/uploads\/2019\/09\/titulosite2-e1616373489755-150x38.jpg 150w, https:\/\/www.diariodeouropreto.com.br\/wp-content\/uploads\/2019\/09\/titulosite2-e1616373489755-660x167.jpg 660w, https:\/\/www.diariodeouropreto.com.br\/wp-content\/uploads\/2019\/09\/titulosite2-e1616373489755-768x194.jpg 768w, https:\/\/www.diariodeouropreto.com.br\/wp-content\/uploads\/2019\/09\/titulosite2-e1616373489755-1000x252.jpg 1000w, https:\/\/www.diariodeouropreto.com.br\/wp-content\/uploads\/2019\/09\/titulosite2-e1616373489755-1536x388.jpg 1536w, https:\/\/www.diariodeouropreto.com.br\/wp-content\/uploads\/2019\/09\/titulosite2-e1616373489755-2048x517.jpg 2048w\" sizes=\"(max-width: 1200px) 100vw, 1200px\" width=\"1200\" height=\"303\"  style=\"display: inline-block;\" \/><\/a><\/div><p>Foto: Peterson Bruschi<\/p>","protected":false},"excerpt":{"rendered":"<p>A cria\u00e7\u00e3o de novas \u00e1reas para moradia digna em Ouro Preto pode avan\u00e7ar nos pr\u00f3ximos dias na Assembleia Legislativa de Minas Gerais (ALMG). O Projeto de Lei 2.147\/2024, de autoria do deputado estadual Leleco Pimentel (PT), j\u00e1 foi aprovado nas comiss\u00f5es de Constitui\u00e7\u00e3o e Justi\u00e7a e de Administra\u00e7\u00e3o P\u00fablica e<span class=\"more-link\"><a href=\"https:\/\/www.diariodeouropreto.com.br\/pt\/projeto-na-assembleia-pode-garantir-nova-area-para-moradias-populares-em-ouro-preto\/\" data-wpel-link=\"internal\">Continue Lendo<\/a><\/span><\/p>","protected":false},"author":1,"featured_media":50764,"comment_status":"closed","ping_status":"closed","sticky":false,"template":"","format":"standard","meta":{"_jetpack_memberships_contains_paid_content":false,"footnotes":"","jetpack_publicize_message":"O Projeto de Lei 2.147\/2024, de autoria do deputado estadual Leleco Pimentel (PT), j\u00e1 foi aprovado nas comiss\u00f5es de Constitui\u00e7\u00e3o e Justi\u00e7a e de Administra\u00e7\u00e3o P\u00fablica e agora aguarda vota\u00e7\u00e3o em plen\u00e1rio","jetpack_publicize_feature_enabled":true,"jetpack_social_post_already_shared":true,"jetpack_social_options":{"image_generator_settings":{"template":"highway","default_image_id":0,"font":"","enabled":false},"version":2}},"categories":[46],"tags":[89,18],"class_list":["entry","author-diario","post-50763","post","type-post","status-publish","format-standard","has-post-thumbnail","category-politica","tag-legislativo","tag-ouro-preto"],"yoast_head":"<!-- This site is optimized with the Yoast SEO plugin v27.5 - https:\/\/yoast.com\/product\/yoast-seo-wordpress\/ -->\n<title>Projeto na Assembleia pode garantir nova \u00e1rea para moradias populares em Ouro Preto - Di\u00e1rio de Ouro Preto<\/title>\n<meta name=\"description\" content=\"O Projeto de Lei 2.147\/2024, de autoria do deputado estadual Leleco Pimentel (PT), j\u00e1 foi aprovado nas comiss\u00f5es de Constitui\u00e7\u00e3o e Justi\u00e7a e de Administra\u00e7\u00e3o P\u00fablica e agora aguarda vota\u00e7\u00e3o em plen\u00e1rio - Projeto na Assembleia pode garantir nova \u00e1rea para moradias populares em Ouro Preto\" \/>\n<meta name=\"robots\" content=\"index, follow, max-snippet:-1, max-image-preview:large, max-video-preview:-1\" \/>\n<link rel=\"canonical\" href=\"https:\/\/www.diariodeouropreto.com.br\/pt\/?p=50763\" \/>\n<meta property=\"og:locale\" content=\"pt_PT\" \/>\n<meta property=\"og:type\" content=\"article\" \/>\n<meta property=\"og:title\" content=\"Projeto na Assembleia pode garantir nova \u00e1rea para moradias populares em Ouro Preto - Di\u00e1rio de Ouro Preto\" \/>\n<meta property=\"og:description\" content=\"O Projeto de Lei 2.147\/2024, de autoria do deputado estadual Leleco Pimentel (PT), j\u00e1 foi aprovado nas comiss\u00f5es de Constitui\u00e7\u00e3o e Justi\u00e7a e de Administra\u00e7\u00e3o P\u00fablica e agora aguarda vota\u00e7\u00e3o em plen\u00e1rio - Projeto na Assembleia pode garantir nova \u00e1rea para moradias populares em Ouro Preto\" \/>\n<meta property=\"og:url\" content=\"https:\/\/www.diariodeouropreto.com.br\/pt\/?p=50763\" \/>\n<meta property=\"og:site_name\" content=\"Di\u00e1rio de Ouro Preto\" \/>\n<meta property=\"article:publisher\" content=\"https:\/\/www.facebook.com\/diariodeouropreto\/\" \/>\n<meta property=\"article:published_time\" content=\"2026-03-06T15:36:00+00:00\" \/>\n<meta property=\"og:image\" content=\"https:\/\/www.diariodeouropreto.com.br\/wp-content\/uploads\/2026\/03\/WhatsApp-Image-2026-03-05-at-18.10.54.jpeg\" \/>\n\t<meta property=\"og:image:width\" content=\"1200\" \/>\n\t<meta property=\"og:image:height\" content=\"675\" \/>\n\t<meta property=\"og:image:type\" content=\"image\/jpeg\" \/>\n<meta name=\"author\" content=\"Di\u00e1rio de Ouro Preto\" \/>\n<meta name=\"twitter:card\" content=\"summary_large_image\" \/>\n<meta name=\"twitter:label1\" content=\"Escrito por\" \/>\n\t<meta name=\"twitter:data1\" content=\"Di\u00e1rio de Ouro Preto\" \/>\n\t<meta name=\"twitter:label2\" content=\"Tempo estimado de leitura\" \/>\n\t<meta name=\"twitter:data2\" content=\"2 minutos\" \/>\n<script type=\"application\/ld+json\" class=\"yoast-schema-graph\">{\"@context\":\"https:\\\/\\\/schema.org\",\"@graph\":[{\"@type\":\"Article\",\"@id\":\"https:\\\/\\\/www.diariodeouropreto.com.br\\\/?p=50763#article\",\"isPartOf\":{\"@id\":\"https:\\\/\\\/www.diariodeouropreto.com.br\\\/?p=50763\"},\"author\":{\"name\":\"Di\u00e1rio de Ouro Preto\",\"@id\":\"https:\\\/\\\/www.diariodeouropreto.com.br\\\/pt\\\/#\\\/schema\\\/person\\\/7654e7b471204a6dab6dc0ce6e140c99\"},\"headline\":\"Projeto na Assembleia pode garantir nova \u00e1rea para moradias populares em Ouro Preto\",\"datePublished\":\"2026-03-06T15:36:00+00:00\",\"mainEntityOfPage\":{\"@id\":\"https:\\\/\\\/www.diariodeouropreto.com.br\\\/?p=50763\"},\"wordCount\":355,\"publisher\":{\"@id\":\"https:\\\/\\\/www.diariodeouropreto.com.br\\\/pt\\\/#organization\"},\"image\":{\"@id\":\"https:\\\/\\\/www.diariodeouropreto.com.br\\\/?p=50763#primaryimage\"},\"thumbnailUrl\":\"https:\\\/\\\/www.diariodeouropreto.com.br\\\/wp-content\\\/uploads\\\/2026\\\/03\\\/WhatsApp-Image-2026-03-05-at-18.10.54.jpeg\",\"keywords\":[\"Legislativo\",\"Ouro Preto\"],\"articleSection\":[\"Pol\u00edtica\"],\"inLanguage\":\"pt-PT\"},{\"@type\":\"WebPage\",\"@id\":\"https:\\\/\\\/www.diariodeouropreto.com.br\\\/?p=50763\",\"url\":\"https:\\\/\\\/www.diariodeouropreto.com.br\\\/?p=50763\",\"name\":\"Projeto na Assembleia pode garantir nova \u00e1rea para moradias populares em Ouro Preto - Di\u00e1rio de Ouro Preto\",\"isPartOf\":{\"@id\":\"https:\\\/\\\/www.diariodeouropreto.com.br\\\/pt\\\/#website\"},\"primaryImageOfPage\":{\"@id\":\"https:\\\/\\\/www.diariodeouropreto.com.br\\\/?p=50763#primaryimage\"},\"image\":{\"@id\":\"https:\\\/\\\/www.diariodeouropreto.com.br\\\/?p=50763#primaryimage\"},\"thumbnailUrl\":\"https:\\\/\\\/www.diariodeouropreto.com.br\\\/wp-content\\\/uploads\\\/2026\\\/03\\\/WhatsApp-Image-2026-03-05-at-18.10.54.jpeg\",\"datePublished\":\"2026-03-06T15:36:00+00:00\",\"description\":\"O Projeto de Lei 2.147\\\/2024, de autoria do deputado estadual Leleco Pimentel (PT), j\u00e1 foi aprovado nas comiss\u00f5es de Constitui\u00e7\u00e3o e Justi\u00e7a e de Administra\u00e7\u00e3o P\u00fablica e agora aguarda vota\u00e7\u00e3o em plen\u00e1rio - Projeto na Assembleia pode garantir nova \u00e1rea para moradias populares em Ouro Preto\",\"breadcrumb\":{\"@id\":\"https:\\\/\\\/www.diariodeouropreto.com.br\\\/?p=50763#breadcrumb\"},\"inLanguage\":\"pt-PT\",\"potentialAction\":[{\"@type\":\"ReadAction\",\"target\":[\"https:\\\/\\\/www.diariodeouropreto.com.br\\\/?p=50763\"]}]},{\"@type\":\"ImageObject\",\"inLanguage\":\"pt-PT\",\"@id\":\"https:\\\/\\\/www.diariodeouropreto.com.br\\\/?p=50763#primaryimage\",\"url\":\"https:\\\/\\\/www.diariodeouropreto.com.br\\\/wp-content\\\/uploads\\\/2026\\\/03\\\/WhatsApp-Image-2026-03-05-at-18.10.54.jpeg\",\"contentUrl\":\"https:\\\/\\\/www.diariodeouropreto.com.br\\\/wp-content\\\/uploads\\\/2026\\\/03\\\/WhatsApp-Image-2026-03-05-at-18.10.54.jpeg\",\"width\":1200,\"height\":675},{\"@type\":\"BreadcrumbList\",\"@id\":\"https:\\\/\\\/www.diariodeouropreto.com.br\\\/?p=50763#breadcrumb\",\"itemListElement\":[{\"@type\":\"ListItem\",\"position\":1,\"name\":\"In\u00edcio\",\"item\":\"https:\\\/\\\/www.diariodeouropreto.com.br\\\/pt\\\/\"},{\"@type\":\"ListItem\",\"position\":2,\"name\":\"Projeto na Assembleia pode garantir nova \u00e1rea para moradias populares em Ouro Preto\"}]},{\"@type\":\"WebSite\",\"@id\":\"https:\\\/\\\/www.diariodeouropreto.com.br\\\/pt\\\/#website\",\"url\":\"https:\\\/\\\/www.diariodeouropreto.com.br\\\/pt\\\/\",\"name\":\"Di\u00e1rio de Ouro Preto\",\"description\":\"Not\u00edcias Ouro Preto; Mariana;Minas Gerais;Jornal;Jornalismo;Not\u00edcias;\",\"publisher\":{\"@id\":\"https:\\\/\\\/www.diariodeouropreto.com.br\\\/pt\\\/#organization\"},\"alternateName\":\"Jornal di\u00e1rio de Ouro Preto\",\"potentialAction\":[{\"@type\":\"SearchAction\",\"target\":{\"@type\":\"EntryPoint\",\"urlTemplate\":\"https:\\\/\\\/www.diariodeouropreto.com.br\\\/pt\\\/?s={search_term_string}\"},\"query-input\":{\"@type\":\"PropertyValueSpecification\",\"valueRequired\":true,\"valueName\":\"search_term_string\"}}],\"inLanguage\":\"pt-PT\"},{\"@type\":\"Organization\",\"@id\":\"https:\\\/\\\/www.diariodeouropreto.com.br\\\/pt\\\/#organization\",\"name\":\"Di\u00e1rio de Ouro Preto\",\"alternateName\":\"Jornal di\u00e1rio Ouro Preto\",\"url\":\"https:\\\/\\\/www.diariodeouropreto.com.br\\\/pt\\\/\",\"logo\":{\"@type\":\"ImageObject\",\"inLanguage\":\"pt-PT\",\"@id\":\"https:\\\/\\\/www.diariodeouropreto.com.br\\\/pt\\\/#\\\/schema\\\/logo\\\/image\\\/\",\"url\":\"https:\\\/\\\/www.diariodeouropreto.com.br\\\/wp-content\\\/uploads\\\/2019\\\/06\\\/cropped-logotransp-2.png\",\"contentUrl\":\"https:\\\/\\\/www.diariodeouropreto.com.br\\\/wp-content\\\/uploads\\\/2019\\\/06\\\/cropped-logotransp-2.png\",\"width\":1323,\"height\":251,\"caption\":\"Di\u00e1rio de Ouro Preto\"},\"image\":{\"@id\":\"https:\\\/\\\/www.diariodeouropreto.com.br\\\/pt\\\/#\\\/schema\\\/logo\\\/image\\\/\"},\"sameAs\":[\"https:\\\/\\\/www.facebook.com\\\/diariodeouropreto\\\/\"]},{\"@type\":\"Person\",\"@id\":\"https:\\\/\\\/www.diariodeouropreto.com.br\\\/pt\\\/#\\\/schema\\\/person\\\/7654e7b471204a6dab6dc0ce6e140c99\",\"name\":\"Di\u00e1rio de Ouro Preto\",\"sameAs\":[\"http:\\\/\\\/www.diariodeouropreto.com.br\"],\"url\":\"https:\\\/\\\/www.diariodeouropreto.com.br\\\/pt\\\/author\\\/diario\\\/\"}]}<\/script>\n<!-- \/ Yoast SEO plugin. -->","yoast_head_json":{"title":"Projeto na Assembleia pode garantir nova \u00e1rea para moradias populares em Ouro Preto - Di\u00e1rio de Ouro Preto","description":"O Projeto de Lei 2.147\/2024, de autoria do deputado estadual Leleco Pimentel (PT), j\u00e1 foi aprovado nas comiss\u00f5es de Constitui\u00e7\u00e3o e Justi\u00e7a e de Administra\u00e7\u00e3o P\u00fablica e agora aguarda vota\u00e7\u00e3o em plen\u00e1rio - Projeto na Assembleia pode garantir nova \u00e1rea para moradias populares em Ouro Preto","robots":{"index":"index","follow":"follow","max-snippet":"max-snippet:-1","max-image-preview":"max-image-preview:large","max-video-preview":"max-video-preview:-1"},"canonical":"https:\/\/www.diariodeouropreto.com.br\/pt\/?p=50763","og_locale":"pt_PT","og_type":"article","og_title":"Projeto na Assembleia pode garantir nova \u00e1rea para moradias populares em Ouro Preto - Di\u00e1rio de Ouro Preto","og_description":"O Projeto de Lei 2.147\/2024, de autoria do deputado estadual Leleco Pimentel (PT), j\u00e1 foi aprovado nas comiss\u00f5es de Constitui\u00e7\u00e3o e Justi\u00e7a e de Administra\u00e7\u00e3o P\u00fablica e agora aguarda vota\u00e7\u00e3o em plen\u00e1rio - Projeto na Assembleia pode garantir nova \u00e1rea para moradias populares em Ouro Preto","og_url":"https:\/\/www.diariodeouropreto.com.br\/pt\/?p=50763","og_site_name":"Di\u00e1rio de Ouro Preto","article_publisher":"https:\/\/www.facebook.com\/diariodeouropreto\/","article_published_time":"2026-03-06T15:36:00+00:00","og_image":[{"width":1200,"height":675,"url":"https:\/\/www.diariodeouropreto.com.br\/wp-content\/uploads\/2026\/03\/WhatsApp-Image-2026-03-05-at-18.10.54.jpeg","type":"image\/jpeg"}],"author":"Di\u00e1rio de Ouro Preto","twitter_card":"summary_large_image","twitter_misc":{"Escrito por":"Di\u00e1rio de Ouro Preto","Tempo estimado de leitura":"2 minutos"},"schema":{"@context":"https:\/\/schema.org","@graph":[{"@type":"Article","@id":"https:\/\/www.diariodeouropreto.com.br\/?p=50763#article","isPartOf":{"@id":"https:\/\/www.diariodeouropreto.com.br\/?p=50763"},"author":{"name":"Di\u00e1rio de Ouro Preto","@id":"https:\/\/www.diariodeouropreto.com.br\/pt\/#\/schema\/person\/7654e7b471204a6dab6dc0ce6e140c99"},"headline":"Projeto na Assembleia pode garantir nova \u00e1rea para moradias populares em Ouro Preto","datePublished":"2026-03-06T15:36:00+00:00","mainEntityOfPage":{"@id":"https:\/\/www.diariodeouropreto.com.br\/?p=50763"},"wordCount":355,"publisher":{"@id":"https:\/\/www.diariodeouropreto.com.br\/pt\/#organization"},"image":{"@id":"https:\/\/www.diariodeouropreto.com.br\/?p=50763#primaryimage"},"thumbnailUrl":"https:\/\/www.diariodeouropreto.com.br\/wp-content\/uploads\/2026\/03\/WhatsApp-Image-2026-03-05-at-18.10.54.jpeg","keywords":["Legislativo","Ouro Preto"],"articleSection":["Pol\u00edtica"],"inLanguage":"pt-PT"},{"@type":"WebPage","@id":"https:\/\/www.diariodeouropreto.com.br\/?p=50763","url":"https:\/\/www.diariodeouropreto.com.br\/?p=50763","name":"Projeto na Assembleia pode garantir nova \u00e1rea para moradias populares em Ouro Preto - Di\u00e1rio de Ouro Preto","isPartOf":{"@id":"https:\/\/www.diariodeouropreto.com.br\/pt\/#website"},"primaryImageOfPage":{"@id":"https:\/\/www.diariodeouropreto.com.br\/?p=50763#primaryimage"},"image":{"@id":"https:\/\/www.diariodeouropreto.com.br\/?p=50763#primaryimage"},"thumbnailUrl":"https:\/\/www.diariodeouropreto.com.br\/wp-content\/uploads\/2026\/03\/WhatsApp-Image-2026-03-05-at-18.10.54.jpeg","datePublished":"2026-03-06T15:36:00+00:00","description":"O Projeto de Lei 2.147\/2024, de autoria do deputado estadual Leleco Pimentel (PT), j\u00e1 foi aprovado nas comiss\u00f5es de Constitui\u00e7\u00e3o e Justi\u00e7a e de Administra\u00e7\u00e3o P\u00fablica e agora aguarda vota\u00e7\u00e3o em plen\u00e1rio - Projeto na Assembleia pode garantir nova \u00e1rea para moradias populares em Ouro Preto","breadcrumb":{"@id":"https:\/\/www.diariodeouropreto.com.br\/?p=50763#breadcrumb"},"inLanguage":"pt-PT","potentialAction":[{"@type":"ReadAction","target":["https:\/\/www.diariodeouropreto.com.br\/?p=50763"]}]},{"@type":"ImageObject","inLanguage":"pt-PT","@id":"https:\/\/www.diariodeouropreto.com.br\/?p=50763#primaryimage","url":"https:\/\/www.diariodeouropreto.com.br\/wp-content\/uploads\/2026\/03\/WhatsApp-Image-2026-03-05-at-18.10.54.jpeg","contentUrl":"https:\/\/www.diariodeouropreto.com.br\/wp-content\/uploads\/2026\/03\/WhatsApp-Image-2026-03-05-at-18.10.54.jpeg","width":1200,"height":675},{"@type":"BreadcrumbList","@id":"https:\/\/www.diariodeouropreto.com.br\/?p=50763#breadcrumb","itemListElement":[{"@type":"ListItem","position":1,"name":"In\u00edcio","item":"https:\/\/www.diariodeouropreto.com.br\/pt\/"},{"@type":"ListItem","position":2,"name":"Projeto na Assembleia pode garantir nova \u00e1rea para moradias populares em Ouro Preto"}]},{"@type":"WebSite","@id":"https:\/\/www.diariodeouropreto.com.br\/pt\/#website","url":"https:\/\/www.diariodeouropreto.com.br\/pt\/","name":"Di\u00e1rio de Ouro Preto","description":"Not\u00edcias Ouro Preto; Mariana;Minas Gerais;Jornal;Jornalismo;Not\u00edcias;","publisher":{"@id":"https:\/\/www.diariodeouropreto.com.br\/pt\/#organization"},"alternateName":"Jornal di\u00e1rio de Ouro Preto","potentialAction":[{"@type":"SearchAction","target":{"@type":"EntryPoint","urlTemplate":"https:\/\/www.diariodeouropreto.com.br\/pt\/?s={search_term_string}"},"query-input":{"@type":"PropertyValueSpecification","valueRequired":true,"valueName":"search_term_string"}}],"inLanguage":"pt-PT"},{"@type":"Organization","@id":"https:\/\/www.diariodeouropreto.com.br\/pt\/#organization","name":"Di\u00e1rio de Ouro Preto","alternateName":"Jornal di\u00e1rio Ouro Preto","url":"https:\/\/www.diariodeouropreto.com.br\/pt\/","logo":{"@type":"ImageObject","inLanguage":"pt-PT","@id":"https:\/\/www.diariodeouropreto.com.br\/pt\/#\/schema\/logo\/image\/","url":"https:\/\/www.diariodeouropreto.com.br\/wp-content\/uploads\/2019\/06\/cropped-logotransp-2.png","contentUrl":"https:\/\/www.diariodeouropreto.com.br\/wp-content\/uploads\/2019\/06\/cropped-logotransp-2.png","width":1323,"height":251,"caption":"Di\u00e1rio de Ouro Preto"},"image":{"@id":"https:\/\/www.diariodeouropreto.com.br\/pt\/#\/schema\/logo\/image\/"},"sameAs":["https:\/\/www.facebook.com\/diariodeouropreto\/"]},{"@type":"Person","@id":"https:\/\/www.diariodeouropreto.com.br\/pt\/#\/schema\/person\/7654e7b471204a6dab6dc0ce6e140c99","name":"Di\u00e1rio de Ouro Preto","sameAs":["http:\/\/www.diariodeouropreto.com.br"],"url":"https:\/\/www.diariodeouropreto.com.br\/pt\/author\/diario\/"}]}},"jetpack_publicize_connections":[],"jetpack_featured_media_url":"https:\/\/www.diariodeouropreto.com.br\/wp-content\/uploads\/2026\/03\/WhatsApp-Image-2026-03-05-at-18.10.54.jpeg","jetpack-related-posts":[{"id":51221,"url":"https:\/\/www.diariodeouropreto.com.br\/pt\/almg-aprova-em-1o-turno-projeto-de-leleco-que-destina-terras-da-febem-para-moradias-populares\/","url_meta":{"origin":50763,"position":0},"title":"ALMG aprova em 1\u00ba turno Projeto de Leleco que destina terras da febem para moradias populares","author":"Di\u00e1rio de Ouro Preto","date":"27 de Mar\u00e7o de 2026","format":false,"excerpt":"O projeto estabele que o terreno deve ser ocupado com moradias e Leleco defende tamb\u00e9m que a \u00e1rea seja utilizada com outros bens e servi\u00e7os p\u00fablicos como escolas e pra\u00e7as, entre outros Belo Horizonte - O Projeto de Lei 2.147\/2024, que destina \u00e1rea\u00a0 de 196.555,25 m\u00b2 do Estado ao Munic\u00edpio\u2026","rel":"","context":"In &quot;Manchete do dia&quot;","block_context":{"text":"Manchete do dia","link":"https:\/\/www.diariodeouropreto.com.br\/pt\/Editoria\/manchete-do-dia\/"},"img":{"alt_text":"","src":"https:\/\/i0.wp.com\/www.diariodeouropreto.com.br\/wp-content\/uploads\/2026\/03\/2536447.jpg?resize=350%2C200&ssl=1","width":350,"height":200,"srcset":"https:\/\/i0.wp.com\/www.diariodeouropreto.com.br\/wp-content\/uploads\/2026\/03\/2536447.jpg?resize=350%2C200&ssl=1 1x, https:\/\/i0.wp.com\/www.diariodeouropreto.com.br\/wp-content\/uploads\/2026\/03\/2536447.jpg?resize=525%2C300&ssl=1 1.5x, https:\/\/i0.wp.com\/www.diariodeouropreto.com.br\/wp-content\/uploads\/2026\/03\/2536447.jpg?resize=700%2C400&ssl=1 2x, https:\/\/i0.wp.com\/www.diariodeouropreto.com.br\/wp-content\/uploads\/2026\/03\/2536447.jpg?resize=1050%2C600&ssl=1 3x"},"classes":[]},{"id":45392,"url":"https:\/\/www.diariodeouropreto.com.br\/pt\/juntos-para-servir-entrega-ao-governo-de-minas-uma-proposta-que-preve-a-destinacao-dos-terrenos-da-antiga-febem-em-ouro-preto\/","url_meta":{"origin":50763,"position":1},"title":"Juntos Para Servir entrega ao Governo de Minas uma proposta que prev\u00ea a destina\u00e7\u00e3o dos terrenos da antiga Febem, em Ouro Preto","author":"Di\u00e1rio de Ouro Preto","date":"16 de Junho de 2025","format":false,"excerpt":"O projeto Juntos Para Servir entregou ao Governo de Minas uma proposta que prev\u00ea a destina\u00e7\u00e3o dos terrenos da antiga Febem, em Ouro Preto, para a constru\u00e7\u00e3o de moradias populares. S\u00e3o cerca de 300 hectares de terras localizadas na entrada da cidade hist\u00f3rica \u2014 \u00e1reas que est\u00e3o abandonadas h\u00e1 anos\u2026","rel":"","context":"In &quot;Pol\u00edtica&quot;","block_context":{"text":"Pol\u00edtica","link":"https:\/\/www.diariodeouropreto.com.br\/pt\/Editoria\/politica\/"},"img":{"alt_text":"","src":"https:\/\/i0.wp.com\/www.diariodeouropreto.com.br\/wp-content\/uploads\/2025\/06\/Imagem-do-WhatsApp-de-2025-06-16-as-14.15.01_2c8b7e91.jpg?resize=350%2C200&ssl=1","width":350,"height":200,"srcset":"https:\/\/i0.wp.com\/www.diariodeouropreto.com.br\/wp-content\/uploads\/2025\/06\/Imagem-do-WhatsApp-de-2025-06-16-as-14.15.01_2c8b7e91.jpg?resize=350%2C200&ssl=1 1x, https:\/\/i0.wp.com\/www.diariodeouropreto.com.br\/wp-content\/uploads\/2025\/06\/Imagem-do-WhatsApp-de-2025-06-16-as-14.15.01_2c8b7e91.jpg?resize=525%2C300&ssl=1 1.5x, https:\/\/i0.wp.com\/www.diariodeouropreto.com.br\/wp-content\/uploads\/2025\/06\/Imagem-do-WhatsApp-de-2025-06-16-as-14.15.01_2c8b7e91.jpg?resize=700%2C400&ssl=1 2x, https:\/\/i0.wp.com\/www.diariodeouropreto.com.br\/wp-content\/uploads\/2025\/06\/Imagem-do-WhatsApp-de-2025-06-16-as-14.15.01_2c8b7e91.jpg?resize=1050%2C600&ssl=1 3x"},"classes":[]},{"id":51634,"url":"https:\/\/www.diariodeouropreto.com.br\/pt\/almg-aprova-projeto-historico-de-leleco-pimentel-para-ouro-preto\/","url_meta":{"origin":50763,"position":2},"title":"ALMG aprova projeto hist\u00f3rico de Leleco Pimentel para Ouro Preto","author":"Di\u00e1rio de Ouro Preto","date":"10 de Abril de 2026","format":false,"excerpt":"Lei garante terreno de 196 mil m\u00b2 para habita\u00e7\u00e3o social e representa vit\u00f3ria de anos de luta do parlamentar e dos movimentos populares Foi com emo\u00e7\u00e3o e al\u00edvio que o deputado Leleco Pimentel (PT) recebeu, no plen\u00e1rio da Assembleia Legislativa de Minas Gerais, a aprova\u00e7\u00e3o \u2014 em segundo turno \u2014\u2026","rel":"","context":"In &quot;Pol\u00edtica&quot;","block_context":{"text":"Pol\u00edtica","link":"https:\/\/www.diariodeouropreto.com.br\/pt\/Editoria\/politica\/"},"img":{"alt_text":"","src":"https:\/\/i0.wp.com\/www.diariodeouropreto.com.br\/wp-content\/uploads\/2026\/04\/2544517.jpg?resize=350%2C200&ssl=1","width":350,"height":200,"srcset":"https:\/\/i0.wp.com\/www.diariodeouropreto.com.br\/wp-content\/uploads\/2026\/04\/2544517.jpg?resize=350%2C200&ssl=1 1x, https:\/\/i0.wp.com\/www.diariodeouropreto.com.br\/wp-content\/uploads\/2026\/04\/2544517.jpg?resize=525%2C300&ssl=1 1.5x, https:\/\/i0.wp.com\/www.diariodeouropreto.com.br\/wp-content\/uploads\/2026\/04\/2544517.jpg?resize=700%2C400&ssl=1 2x, https:\/\/i0.wp.com\/www.diariodeouropreto.com.br\/wp-content\/uploads\/2026\/04\/2544517.jpg?resize=1050%2C600&ssl=1 3x"},"classes":[]},{"id":50350,"url":"https:\/\/www.diariodeouropreto.com.br\/pt\/ccj-da-almg-aprova-projeto-de-leleco-para-politica-habitacional-em-ouro-preto\/","url_meta":{"origin":50763,"position":3},"title":"CCJ da ALMG aprova projeto de Leleco para pol\u00edtica habitacional em Ouro Preto","author":"Di\u00e1rio de Ouro Preto","date":"13 de Fevereiro de 2026","format":false,"excerpt":"O Projeto de Lei n\u00ba 2.147\/2024, de autoria do deputado estadual Leleco Pimentel (PT), avan\u00e7ou mais uma etapa decisiva na Assembleia Legislativa de Minas Gerais (ALMG) ao receber parecer favor\u00e1vel da Comiss\u00e3o de Constitui\u00e7\u00e3o e Justi\u00e7a (CCJ). A aprova\u00e7\u00e3o na CCJ confirma a legalidade e a constitucionalidade da proposta, permitindo\u2026","rel":"","context":"In &quot;Pol\u00edtica&quot;","block_context":{"text":"Pol\u00edtica","link":"https:\/\/www.diariodeouropreto.com.br\/pt\/Editoria\/politica\/"},"img":{"alt_text":"","src":"https:\/\/i0.wp.com\/www.diariodeouropreto.com.br\/wp-content\/uploads\/2026\/02\/WhatsApp-Image-2026-02-12-a13.15.59.jpeg?resize=350%2C200&ssl=1","width":350,"height":200,"srcset":"https:\/\/i0.wp.com\/www.diariodeouropreto.com.br\/wp-content\/uploads\/2026\/02\/WhatsApp-Image-2026-02-12-a13.15.59.jpeg?resize=350%2C200&ssl=1 1x, https:\/\/i0.wp.com\/www.diariodeouropreto.com.br\/wp-content\/uploads\/2026\/02\/WhatsApp-Image-2026-02-12-a13.15.59.jpeg?resize=525%2C300&ssl=1 1.5x, https:\/\/i0.wp.com\/www.diariodeouropreto.com.br\/wp-content\/uploads\/2026\/02\/WhatsApp-Image-2026-02-12-a13.15.59.jpeg?resize=700%2C400&ssl=1 2x, https:\/\/i0.wp.com\/www.diariodeouropreto.com.br\/wp-content\/uploads\/2026\/02\/WhatsApp-Image-2026-02-12-a13.15.59.jpeg?resize=1050%2C600&ssl=1 3x"},"classes":[]},{"id":50466,"url":"https:\/\/www.diariodeouropreto.com.br\/pt\/moradia-nao-e-favor-leleco-pimentel-denuncia-abandono-do-governo-zema-e-cobra-acao-em-ouro-preto\/","url_meta":{"origin":50763,"position":4},"title":"\u201cMoradia n\u00e3o \u00e9 favor\u201d: Leleco Pimentel denuncia abandono do governo Zema e cobra a\u00e7\u00e3o em Ouro Preto","author":"Di\u00e1rio de Ouro Preto","date":"20 de Fevereiro de 2026","format":false,"excerpt":"\"enquanto a Igreja convoca a sociedade a tratar a moradia como direito humano fundamental, o governo estadual segue omisso diante da crise habitacional\"","rel":"","context":"In &quot;Geral&quot;","block_context":{"text":"Geral","link":"https:\/\/www.diariodeouropreto.com.br\/pt\/Editoria\/geral\/"},"img":{"alt_text":"","src":"https:\/\/i0.wp.com\/www.diariodeouropreto.com.br\/wp-content\/uploads\/2026\/02\/CF-2026-final_page-0001.jpg?resize=350%2C200&ssl=1","width":350,"height":200,"srcset":"https:\/\/i0.wp.com\/www.diariodeouropreto.com.br\/wp-content\/uploads\/2026\/02\/CF-2026-final_page-0001.jpg?resize=350%2C200&ssl=1 1x, https:\/\/i0.wp.com\/www.diariodeouropreto.com.br\/wp-content\/uploads\/2026\/02\/CF-2026-final_page-0001.jpg?resize=525%2C300&ssl=1 1.5x"},"classes":[]},{"id":16916,"url":"https:\/\/www.diariodeouropreto.com.br\/pt\/camara-aprova-projeto-de-lei-que-autoriza-a-contratacao-de-emprestimo-para-construcao-de-moradias-para-familias-atingidas-pelas-chuvas\/","url_meta":{"origin":50763,"position":5},"title":"C\u00e2mara aprova Projeto de Lei que autoriza a contrata\u00e7\u00e3o de empr\u00e9stimo para constru\u00e7\u00e3o de moradias para fam\u00edlias atingidas pelas chuvas","author":"Di\u00e1rio de Ouro Preto","date":"23 de Junho de 2022","format":false,"excerpt":"Durante a 38\u00aa Reuni\u00e3o Ordin\u00e1ria de 2022, realizada nesta quinta-feira (23), foi aprovado, por 14 votos favor\u00e1veis e um contra, o Projeto de Lei Ordin\u00e1ria N\u00ba 429\/2022, de autoria do Executivo Municipal, que autoriza o Munic\u00edpio de Ouro Preto a contratar opera\u00e7\u00e3o de cr\u00e9dito com o Banco de Desenvolvimento de\u2026","rel":"","context":"In &quot;Ouro Preto&quot;","block_context":{"text":"Ouro Preto","link":"https:\/\/www.diariodeouropreto.com.br\/pt\/Editoria\/ouro-preto\/"},"img":{"alt_text":"","src":"https:\/\/i0.wp.com\/www.diariodeouropreto.com.br\/wp-content\/uploads\/2022\/06\/38a-RO.jpg?resize=350%2C200&ssl=1","width":350,"height":200,"srcset":"https:\/\/i0.wp.com\/www.diariodeouropreto.com.br\/wp-content\/uploads\/2022\/06\/38a-RO.jpg?resize=350%2C200&ssl=1 1x, https:\/\/i0.wp.com\/www.diariodeouropreto.com.br\/wp-content\/uploads\/2022\/06\/38a-RO.jpg?resize=525%2C300&ssl=1 1.5x, https:\/\/i0.wp.com\/www.diariodeouropreto.com.br\/wp-content\/uploads\/2022\/06\/38a-RO.jpg?resize=700%2C400&ssl=1 2x, https:\/\/i0.wp.com\/www.diariodeouropreto.com.br\/wp-content\/uploads\/2022\/06\/38a-RO.jpg?resize=1050%2C600&ssl=1 3x"},"classes":[]}],"jetpack_sharing_enabled":true,"amp_enabled":true,"_links":{"self":[{"href":"https:\/\/www.diariodeouropreto.com.br\/pt\/wp-json\/wp\/v2\/posts\/50763","targetHints":{"allow":["GET"]}}],"collection":[{"href":"https:\/\/www.diariodeouropreto.com.br\/pt\/wp-json\/wp\/v2\/posts"}],"about":[{"href":"https:\/\/www.diariodeouropreto.com.br\/pt\/wp-json\/wp\/v2\/types\/post"}],"author":[{"embeddable":true,"href":"https:\/\/www.diariodeouropreto.com.br\/pt\/wp-json\/wp\/v2\/users\/1"}],"replies":[{"embeddable":true,"href":"https:\/\/www.diariodeouropreto.com.br\/pt\/wp-json\/wp\/v2\/comments?post=50763"}],"version-history":[{"count":1,"href":"https:\/\/www.diariodeouropreto.com.br\/pt\/wp-json\/wp\/v2\/posts\/50763\/revisions"}],"predecessor-version":[{"id":50765,"href":"https:\/\/www.diariodeouropreto.com.br\/pt\/wp-json\/wp\/v2\/posts\/50763\/revisions\/50765"}],"wp:featuredmedia":[{"embeddable":true,"href":"https:\/\/www.diariodeouropreto.com.br\/pt\/wp-json\/wp\/v2\/media\/50764"}],"wp:attachment":[{"href":"https:\/\/www.diariodeouropreto.com.br\/pt\/wp-json\/wp\/v2\/media?parent=50763"}],"wp:term":[{"taxonomy":"category","embeddable":true,"href":"https:\/\/www.diariodeouropreto.com.br\/pt\/wp-json\/wp\/v2\/categories?post=50763"},{"taxonomy":"post_tag","embeddable":true,"href":"https:\/\/www.diariodeouropreto.com.br\/pt\/wp-json\/wp\/v2\/tags?post=50763"}],"curies":[{"name":"wp","href":"https:\/\/api.w.org\/{rel}","templated":true}]}}