{"id":50759,"date":"2026-03-06T10:25:00","date_gmt":"2026-03-06T13:25:00","guid":{"rendered":"https:\/\/www.diariodeouropreto.com.br\/?p=50759"},"modified":"2026-03-06T10:37:07","modified_gmt":"2026-03-06T13:37:07","slug":"segunda-turma-do-trf6-julgara-apelacoes-criminais-sobre-o-rompimento-da-barragem-de-fundao","status":"publish","type":"post","link":"https:\/\/www.diariodeouropreto.com.br\/pt\/segunda-turma-do-trf6-julgara-apelacoes-criminais-sobre-o-rompimento-da-barragem-de-fundao\/","title":{"rendered":"Segunda Turma do TRF6 julgar\u00e1 apela\u00e7\u00f5es criminais sobre o rompimento da barragem de Fund\u00e3o"},"content":{"rendered":"<p>Desembargadores do Tribunal Regional Federal da 6a. Regi\u00e3o (TRF6) agendaram para o pr\u00f3ximo dia 11 de mar\u00e7o, na sess\u00e3o das 14h, em Belo Horizonte, o julgamento das duas apela\u00e7\u00f5es criminais sobre o rompimento da barragem de Fund\u00e3o, em Mariana. Uma dessas apela\u00e7\u00f5es foi apresentada pelo Minist\u00e9rio P\u00fablico Federal (MPF), e a outra foi interposta por quatro mulheres, sendo tr\u00eas familiares de v\u00edtimas fatais e uma moradora de Bento Rodrigues.\u00a0<\/p>\n\n\n\n<p>O processo teve in\u00edcio em 2016, com 26 r\u00e9us. 15 deles lograram escapar ao longo do processo. Al\u00e9m disso, as acusa\u00e7\u00f5es que eram inicialmente de homic\u00eddios dolosos triplamente qualificados e de les\u00f5es corporais foram desclassificadas por decis\u00f5es de segunda inst\u00e2ncia. Em novembro de 2024, a ju\u00edza federal de Ponte Nova, Patr\u00edcia Alencar Teixeira de Carvalho, proferiu uma senten\u00e7a que absolveu todos os 11 r\u00e9us remanescentes. Indignadas com a not\u00edcia, familiares de v\u00edtimas fatais e a moradora de Bento Rodrigues buscaram participar formalmente do processo. Com o apoio jur\u00eddico da equipe de Lit\u00edgio em Direitos Humanos do Instituto Cordilheira, elas foram habilitadas como assistentes de acusa\u00e7\u00e3o e interpuseram recurso de apela\u00e7\u00e3o.&nbsp;<\/p>\n\n\n\n<p>As duas apela\u00e7\u00f5es defendem ter ficado comprovado que cada um dos r\u00e9us deixou conscientemente de tomar medidas que poderiam ter evitado as consequ\u00eancias da trag\u00e9dia e por isso, devem ser punidos. Entre essas medidas est\u00e3o estudos de suscetibilidade \u00e0 liquefa\u00e7\u00e3o e a retifica\u00e7\u00e3o do eixo de um dos diques da barragem, que haviam sido recomendados por especialistas.&nbsp;<\/p>\n\n\n\n<p>A decis\u00e3o a ser dada pelos desembargadores no pr\u00f3ximo dia 11 pode resultar na condena\u00e7\u00e3o de todos os r\u00e9us por diversos crimes previstos na Lei de Crimes Ambientais. Al\u00e9m disso, os r\u00e9us pessoas f\u00edsicas, podem vir a ser condenados tamb\u00e9m pelo crime de inunda\u00e7\u00e3o qualificada pelo resultado morte, que prev\u00ea uma pena de pris\u00e3o de 6 a 12 anos.&nbsp;<\/p>\n\n\n\n<p>Procuradores da Rep\u00fablica e advogados das v\u00edtimas far\u00e3o sustenta\u00e7\u00f5es orais durante a sess\u00e3o. Os desembargadores que participar\u00e3o do julgamento s\u00e3o Pedro Felipe Santos, relator do caso, Klaus Kuschel e Luciana Pinheiro Costa. Familiares de v\u00edtimas e moradores de Mariana e de outras cidades do entorno se deslocar\u00e3o a Belo Horizonte para acompanhar presencialmente a sess\u00e3o.&nbsp;<\/p>\n\n\n\n<p>Os r\u00e9us que podem vir a ser condenados s\u00e3o 4 empresas: Samarco Minera\u00e7\u00e3o S.A. (propriet\u00e1ria da estrutura), Vale S.A e BHP Billiton Ltda. (acionistas) e VOGBR Recursos H\u00eddricos e Geotecnia Ltda. (pela elabora\u00e7\u00e3o e apresenta\u00e7\u00e3o da Declara\u00e7\u00e3o de Estabilidade falsa e enganosa) e 7 pessoas f\u00edsicas: Daviely Rodrigues Silva, Germano Silva Lopes, Kleber Luiz de Mendon\u00e7a Terra, Paulo Roberto Bandeira, Ricardo Vescovi de Arag\u00e3o, Samuel Santana Paes Loures e Wagner Milagres Alves, que ocupavam cargos de diretoria, ger\u00eancia e no conselho de administra\u00e7\u00e3o da Samarco.&nbsp;<\/p>\n\n\n\n<h3 class=\"wp-block-heading\">Entenda o caso&nbsp;<\/h3>\n\n\n\n<p>Em 2016, foi oferecida den\u00fancia, pelo MPF, em face de quatro pessoas jur\u00eddicas e de 22 pessoas f\u00edsicas por crimes previstos na legisla\u00e7\u00e3o ambiental, tais como polui\u00e7\u00e3o qualificada, crimes contra fauna, flora, ordenamento urbano e o patrim\u00f4nio cultural, al\u00e9m de crimes tipificados no C\u00f3digo Penal: inunda\u00e7\u00e3o, desabamento\/desmoronamento, 19 homic\u00eddios qualificados pela impossibilidade de defesa das v\u00edtimas, motivo torpe e meio que resultou em perigo comum, al\u00e9m de les\u00f5es corporais simples e graves a diversas v\u00edtimas. A den\u00fancia foi recebida pelo juiz federal da Vara de Ponte Nova um m\u00eas ap\u00f3s a sua apresenta\u00e7\u00e3o.&nbsp;<\/p>\n\n\n\n<p>No curso do processo, foram concedidas ordens de habeas corpus pelo Tribunal Regional Federal da Primeira Regi\u00e3o, tendo sido determinado o trancamento da a\u00e7\u00e3o penal em rela\u00e7\u00e3o a alguns dos r\u00e9us e a desclassifica\u00e7\u00e3o de alguns dos crimes descritos na den\u00fancia. Al\u00e9m disso, o juiz federal de Ponte Nova, em ju\u00edzo de retrata\u00e7\u00e3o, rejeitou integralmente a den\u00fancia em rela\u00e7\u00e3o a oito acusados e, parcialmente, em rela\u00e7\u00e3o a um deles.&nbsp;<\/p>\n\n\n\n<div id=\"110712\" class=\"advads-saneouro advads-entity-placement\" style=\"margin-left: auto;margin-right: auto;text-align: center;\"><a href=\"https:\/\/www.saneouro.com.br\/\" target=\"_blank\" aria-label=\"DOP_Site\" data-wpel-link=\"external\" rel=\"follow external noopener noreferrer sponsored ugc\"><img src=\"https:\/\/www.diariodeouropreto.com.br\/wp-content\/uploads\/2026\/04\/DOP_Site.jpg\" alt=\"\"  srcset=\"https:\/\/www.diariodeouropreto.com.br\/wp-content\/uploads\/2026\/04\/DOP_Site.jpg 301w, https:\/\/www.diariodeouropreto.com.br\/wp-content\/uploads\/2026\/04\/DOP_Site-180x150.jpg 180w, https:\/\/www.diariodeouropreto.com.br\/wp-content\/uploads\/2026\/04\/DOP_Site-14x12.jpg 14w\" sizes=\"(max-width: 301px) 100vw, 301px\" width=\"301\" height=\"251\"  style=\"display: inline-block;\" \/><\/a><\/div><p>Em 14.11.2024 foi proferida a senten\u00e7a, pela qual a ju\u00edza federal de Ponte Nova absolveu todos os 11 r\u00e9us remanescentes. Contra essa decis\u00e3o foram interpostos os dois recursos de apela\u00e7\u00e3o, cujo julgamento foi marcado para o pr\u00f3ximo dia 11 de mar\u00e7o.&nbsp;<\/p>\n\n\n\n<div id=\"50321\" class=\"advads-plantao advads-entity-placement\"><a href=\"https:\/\/www.diariodeouropreto.com.br\/pt\/\" target=\"_blank\" aria-label=\"site &#8211; noticia\" data-wpel-link=\"external\" rel=\"follow external noopener noreferrer sponsored ugc\"><img src=\"https:\/\/www.diariodeouropreto.com.br\/wp-content\/uploads\/2019\/09\/titulosite2-e1616373489755.jpg\" alt=\"\"  srcset=\"https:\/\/www.diariodeouropreto.com.br\/wp-content\/uploads\/2019\/09\/titulosite2-e1616373489755.jpg 1200w, https:\/\/www.diariodeouropreto.com.br\/wp-content\/uploads\/2019\/09\/titulosite2-e1616373489755-150x38.jpg 150w, https:\/\/www.diariodeouropreto.com.br\/wp-content\/uploads\/2019\/09\/titulosite2-e1616373489755-660x167.jpg 660w, https:\/\/www.diariodeouropreto.com.br\/wp-content\/uploads\/2019\/09\/titulosite2-e1616373489755-768x194.jpg 768w, https:\/\/www.diariodeouropreto.com.br\/wp-content\/uploads\/2019\/09\/titulosite2-e1616373489755-1000x252.jpg 1000w, https:\/\/www.diariodeouropreto.com.br\/wp-content\/uploads\/2019\/09\/titulosite2-e1616373489755-1536x388.jpg 1536w, https:\/\/www.diariodeouropreto.com.br\/wp-content\/uploads\/2019\/09\/titulosite2-e1616373489755-2048x517.jpg 2048w\" sizes=\"(max-width: 1200px) 100vw, 1200px\" width=\"1200\" height=\"303\"  style=\"display: inline-block;\" \/><\/a><\/div><p>Fonte: Instituto Cordilheira<\/p>","protected":false},"excerpt":{"rendered":"<p>Desembargadores do Tribunal Regional Federal da 6a. Regi\u00e3o (TRF6) agendaram para o pr\u00f3ximo dia 11 de mar\u00e7o, na sess\u00e3o das 14h, em Belo Horizonte, o julgamento das duas apela\u00e7\u00f5es criminais sobre o rompimento da barragem de Fund\u00e3o, em Mariana. Uma dessas apela\u00e7\u00f5es foi apresentada pelo Minist\u00e9rio P\u00fablico Federal (MPF), e<span class=\"more-link\"><a href=\"https:\/\/www.diariodeouropreto.com.br\/pt\/segunda-turma-do-trf6-julgara-apelacoes-criminais-sobre-o-rompimento-da-barragem-de-fundao\/\" data-wpel-link=\"internal\">Continue Lendo<\/a><\/span><\/p>","protected":false},"author":1,"featured_media":7482,"comment_status":"closed","ping_status":"closed","sticky":false,"template":"","format":"standard","meta":{"_jetpack_memberships_contains_paid_content":false,"footnotes":"","jetpack_publicize_message":"Desembargadores do Tribunal Regional Federal da 6a. Regi\u00e3o (TRF6) agendaram para o pr\u00f3ximo dia 11 de mar\u00e7o, na sess\u00e3o das 14h, em Belo Horizonte, o julgamento das duas apela\u00e7\u00f5es criminais sobre o rompimento da barragem de Fund\u00e3o, em Mariana","jetpack_publicize_feature_enabled":true,"jetpack_social_post_already_shared":true,"jetpack_social_options":{"image_generator_settings":{"template":"highway","default_image_id":0,"font":"","enabled":false},"version":2}},"categories":[824],"tags":[90],"class_list":["entry","author-diario","post-50759","post","type-post","status-publish","format-standard","has-post-thumbnail","category-geral","tag-judiciario"],"yoast_head":"<!-- This site is optimized with the Yoast SEO plugin v27.5 - https:\/\/yoast.com\/product\/yoast-seo-wordpress\/ -->\n<title>Segunda Turma do TRF6 julgar\u00e1 apela\u00e7\u00f5es criminais sobre o rompimento da barragem de Fund\u00e3o - Di\u00e1rio de Ouro Preto<\/title>\n<meta name=\"description\" content=\"Desembargadores do Tribunal Regional Federal da 6a. Regi\u00e3o (TRF6) agendaram para o pr\u00f3ximo dia 11 de mar\u00e7o, na sess\u00e3o das 14h, em Belo Horizonte, o julgamento das duas apela\u00e7\u00f5es criminais sobre o rompimento da barragem de Fund\u00e3o, em Mariana - Segunda Turma do TRF6 julgar\u00e1 apela\u00e7\u00f5es criminais sobre o rompimento da barragem de Fund\u00e3o\" \/>\n<meta name=\"robots\" content=\"index, follow, max-snippet:-1, max-image-preview:large, max-video-preview:-1\" \/>\n<link rel=\"canonical\" href=\"https:\/\/www.diariodeouropreto.com.br\/pt\/segunda-turma-do-trf6-julgara-apelacoes-criminais-sobre-o-rompimento-da-barragem-de-fundao\/\" \/>\n<meta property=\"og:locale\" content=\"pt_PT\" \/>\n<meta property=\"og:type\" content=\"article\" \/>\n<meta property=\"og:title\" content=\"Segunda Turma do TRF6 julgar\u00e1 apela\u00e7\u00f5es criminais sobre o rompimento da barragem de Fund\u00e3o - Di\u00e1rio de Ouro Preto\" \/>\n<meta property=\"og:description\" content=\"Desembargadores do Tribunal Regional Federal da 6a. Regi\u00e3o (TRF6) agendaram para o pr\u00f3ximo dia 11 de mar\u00e7o, na sess\u00e3o das 14h, em Belo Horizonte, o julgamento das duas apela\u00e7\u00f5es criminais sobre o rompimento da barragem de Fund\u00e3o, em Mariana - Segunda Turma do TRF6 julgar\u00e1 apela\u00e7\u00f5es criminais sobre o rompimento da barragem de Fund\u00e3o\" \/>\n<meta property=\"og:url\" content=\"https:\/\/www.diariodeouropreto.com.br\/pt\/segunda-turma-do-trf6-julgara-apelacoes-criminais-sobre-o-rompimento-da-barragem-de-fundao\/\" \/>\n<meta property=\"og:site_name\" content=\"Di\u00e1rio de Ouro Preto\" \/>\n<meta property=\"article:publisher\" content=\"https:\/\/www.facebook.com\/diariodeouropreto\/\" \/>\n<meta property=\"article:published_time\" content=\"2026-03-06T13:25:00+00:00\" \/>\n<meta property=\"article:modified_time\" content=\"2026-03-06T13:37:07+00:00\" \/>\n<meta property=\"og:image\" content=\"https:\/\/www.diariodeouropreto.com.br\/wp-content\/uploads\/2021\/04\/capa-noticia-geral-1-e1617740501646.png\" \/>\n\t<meta property=\"og:image:width\" content=\"600\" \/>\n\t<meta property=\"og:image:height\" content=\"300\" \/>\n\t<meta property=\"og:image:type\" content=\"image\/png\" \/>\n<meta name=\"author\" content=\"Di\u00e1rio de Ouro Preto\" \/>\n<meta name=\"twitter:card\" content=\"summary_large_image\" \/>\n<meta name=\"twitter:label1\" content=\"Escrito por\" \/>\n\t<meta name=\"twitter:data1\" content=\"Di\u00e1rio de Ouro Preto\" \/>\n\t<meta name=\"twitter:label2\" content=\"Tempo estimado de leitura\" \/>\n\t<meta name=\"twitter:data2\" content=\"4 minutos\" \/>\n<script type=\"application\/ld+json\" class=\"yoast-schema-graph\">{\"@context\":\"https:\\\/\\\/schema.org\",\"@graph\":[{\"@type\":\"Article\",\"@id\":\"https:\\\/\\\/www.diariodeouropreto.com.br\\\/segunda-turma-do-trf6-julgara-apelacoes-criminais-sobre-o-rompimento-da-barragem-de-fundao\\\/#article\",\"isPartOf\":{\"@id\":\"https:\\\/\\\/www.diariodeouropreto.com.br\\\/segunda-turma-do-trf6-julgara-apelacoes-criminais-sobre-o-rompimento-da-barragem-de-fundao\\\/\"},\"author\":{\"name\":\"Di\u00e1rio de Ouro Preto\",\"@id\":\"https:\\\/\\\/www.diariodeouropreto.com.br\\\/pt\\\/#\\\/schema\\\/person\\\/7654e7b471204a6dab6dc0ce6e140c99\"},\"headline\":\"Segunda Turma do TRF6 julgar\u00e1 apela\u00e7\u00f5es criminais sobre o rompimento da barragem de Fund\u00e3o\",\"datePublished\":\"2026-03-06T13:25:00+00:00\",\"dateModified\":\"2026-03-06T13:37:07+00:00\",\"mainEntityOfPage\":{\"@id\":\"https:\\\/\\\/www.diariodeouropreto.com.br\\\/segunda-turma-do-trf6-julgara-apelacoes-criminais-sobre-o-rompimento-da-barragem-de-fundao\\\/\"},\"wordCount\":760,\"publisher\":{\"@id\":\"https:\\\/\\\/www.diariodeouropreto.com.br\\\/pt\\\/#organization\"},\"image\":{\"@id\":\"https:\\\/\\\/www.diariodeouropreto.com.br\\\/segunda-turma-do-trf6-julgara-apelacoes-criminais-sobre-o-rompimento-da-barragem-de-fundao\\\/#primaryimage\"},\"thumbnailUrl\":\"https:\\\/\\\/www.diariodeouropreto.com.br\\\/wp-content\\\/uploads\\\/2021\\\/04\\\/capa-noticia-geral-1-e1617740501646.png\",\"keywords\":[\"Judici\u00e1rio\"],\"articleSection\":[\"Geral\"],\"inLanguage\":\"pt-PT\"},{\"@type\":\"WebPage\",\"@id\":\"https:\\\/\\\/www.diariodeouropreto.com.br\\\/segunda-turma-do-trf6-julgara-apelacoes-criminais-sobre-o-rompimento-da-barragem-de-fundao\\\/\",\"url\":\"https:\\\/\\\/www.diariodeouropreto.com.br\\\/segunda-turma-do-trf6-julgara-apelacoes-criminais-sobre-o-rompimento-da-barragem-de-fundao\\\/\",\"name\":\"Segunda Turma do TRF6 julgar\u00e1 apela\u00e7\u00f5es criminais sobre o rompimento da barragem de Fund\u00e3o - Di\u00e1rio de Ouro Preto\",\"isPartOf\":{\"@id\":\"https:\\\/\\\/www.diariodeouropreto.com.br\\\/pt\\\/#website\"},\"primaryImageOfPage\":{\"@id\":\"https:\\\/\\\/www.diariodeouropreto.com.br\\\/segunda-turma-do-trf6-julgara-apelacoes-criminais-sobre-o-rompimento-da-barragem-de-fundao\\\/#primaryimage\"},\"image\":{\"@id\":\"https:\\\/\\\/www.diariodeouropreto.com.br\\\/segunda-turma-do-trf6-julgara-apelacoes-criminais-sobre-o-rompimento-da-barragem-de-fundao\\\/#primaryimage\"},\"thumbnailUrl\":\"https:\\\/\\\/www.diariodeouropreto.com.br\\\/wp-content\\\/uploads\\\/2021\\\/04\\\/capa-noticia-geral-1-e1617740501646.png\",\"datePublished\":\"2026-03-06T13:25:00+00:00\",\"dateModified\":\"2026-03-06T13:37:07+00:00\",\"description\":\"Desembargadores do Tribunal Regional Federal da 6a. Regi\u00e3o (TRF6) agendaram para o pr\u00f3ximo dia 11 de mar\u00e7o, na sess\u00e3o das 14h, em Belo Horizonte, o julgamento das duas apela\u00e7\u00f5es criminais sobre o rompimento da barragem de Fund\u00e3o, em Mariana - Segunda Turma do TRF6 julgar\u00e1 apela\u00e7\u00f5es criminais sobre o rompimento da barragem de Fund\u00e3o\",\"breadcrumb\":{\"@id\":\"https:\\\/\\\/www.diariodeouropreto.com.br\\\/segunda-turma-do-trf6-julgara-apelacoes-criminais-sobre-o-rompimento-da-barragem-de-fundao\\\/#breadcrumb\"},\"inLanguage\":\"pt-PT\",\"potentialAction\":[{\"@type\":\"ReadAction\",\"target\":[\"https:\\\/\\\/www.diariodeouropreto.com.br\\\/segunda-turma-do-trf6-julgara-apelacoes-criminais-sobre-o-rompimento-da-barragem-de-fundao\\\/\"]}]},{\"@type\":\"ImageObject\",\"inLanguage\":\"pt-PT\",\"@id\":\"https:\\\/\\\/www.diariodeouropreto.com.br\\\/segunda-turma-do-trf6-julgara-apelacoes-criminais-sobre-o-rompimento-da-barragem-de-fundao\\\/#primaryimage\",\"url\":\"https:\\\/\\\/www.diariodeouropreto.com.br\\\/wp-content\\\/uploads\\\/2021\\\/04\\\/capa-noticia-geral-1-e1617740501646.png\",\"contentUrl\":\"https:\\\/\\\/www.diariodeouropreto.com.br\\\/wp-content\\\/uploads\\\/2021\\\/04\\\/capa-noticia-geral-1-e1617740501646.png\",\"width\":600,\"height\":300},{\"@type\":\"BreadcrumbList\",\"@id\":\"https:\\\/\\\/www.diariodeouropreto.com.br\\\/segunda-turma-do-trf6-julgara-apelacoes-criminais-sobre-o-rompimento-da-barragem-de-fundao\\\/#breadcrumb\",\"itemListElement\":[{\"@type\":\"ListItem\",\"position\":1,\"name\":\"In\u00edcio\",\"item\":\"https:\\\/\\\/www.diariodeouropreto.com.br\\\/pt\\\/\"},{\"@type\":\"ListItem\",\"position\":2,\"name\":\"Segunda Turma do TRF6 julgar\u00e1 apela\u00e7\u00f5es criminais sobre o rompimento da barragem de Fund\u00e3o\"}]},{\"@type\":\"WebSite\",\"@id\":\"https:\\\/\\\/www.diariodeouropreto.com.br\\\/pt\\\/#website\",\"url\":\"https:\\\/\\\/www.diariodeouropreto.com.br\\\/pt\\\/\",\"name\":\"Di\u00e1rio de Ouro Preto\",\"description\":\"Not\u00edcias Ouro Preto; Mariana;Minas Gerais;Jornal;Jornalismo;Not\u00edcias;\",\"publisher\":{\"@id\":\"https:\\\/\\\/www.diariodeouropreto.com.br\\\/pt\\\/#organization\"},\"alternateName\":\"Jornal di\u00e1rio de Ouro Preto\",\"potentialAction\":[{\"@type\":\"SearchAction\",\"target\":{\"@type\":\"EntryPoint\",\"urlTemplate\":\"https:\\\/\\\/www.diariodeouropreto.com.br\\\/pt\\\/?s={search_term_string}\"},\"query-input\":{\"@type\":\"PropertyValueSpecification\",\"valueRequired\":true,\"valueName\":\"search_term_string\"}}],\"inLanguage\":\"pt-PT\"},{\"@type\":\"Organization\",\"@id\":\"https:\\\/\\\/www.diariodeouropreto.com.br\\\/pt\\\/#organization\",\"name\":\"Di\u00e1rio de Ouro Preto\",\"alternateName\":\"Jornal di\u00e1rio Ouro Preto\",\"url\":\"https:\\\/\\\/www.diariodeouropreto.com.br\\\/pt\\\/\",\"logo\":{\"@type\":\"ImageObject\",\"inLanguage\":\"pt-PT\",\"@id\":\"https:\\\/\\\/www.diariodeouropreto.com.br\\\/pt\\\/#\\\/schema\\\/logo\\\/image\\\/\",\"url\":\"https:\\\/\\\/www.diariodeouropreto.com.br\\\/wp-content\\\/uploads\\\/2019\\\/06\\\/cropped-logotransp-2.png\",\"contentUrl\":\"https:\\\/\\\/www.diariodeouropreto.com.br\\\/wp-content\\\/uploads\\\/2019\\\/06\\\/cropped-logotransp-2.png\",\"width\":1323,\"height\":251,\"caption\":\"Di\u00e1rio de Ouro Preto\"},\"image\":{\"@id\":\"https:\\\/\\\/www.diariodeouropreto.com.br\\\/pt\\\/#\\\/schema\\\/logo\\\/image\\\/\"},\"sameAs\":[\"https:\\\/\\\/www.facebook.com\\\/diariodeouropreto\\\/\"]},{\"@type\":\"Person\",\"@id\":\"https:\\\/\\\/www.diariodeouropreto.com.br\\\/pt\\\/#\\\/schema\\\/person\\\/7654e7b471204a6dab6dc0ce6e140c99\",\"name\":\"Di\u00e1rio de Ouro Preto\",\"sameAs\":[\"http:\\\/\\\/www.diariodeouropreto.com.br\"],\"url\":\"https:\\\/\\\/www.diariodeouropreto.com.br\\\/pt\\\/author\\\/diario\\\/\"}]}<\/script>\n<!-- \/ Yoast SEO plugin. -->","yoast_head_json":{"title":"Segunda Turma do TRF6 julgar\u00e1 apela\u00e7\u00f5es criminais sobre o rompimento da barragem de Fund\u00e3o - Di\u00e1rio de Ouro Preto","description":"Desembargadores do Tribunal Regional Federal da 6a. Regi\u00e3o (TRF6) agendaram para o pr\u00f3ximo dia 11 de mar\u00e7o, na sess\u00e3o das 14h, em Belo Horizonte, o julgamento das duas apela\u00e7\u00f5es criminais sobre o rompimento da barragem de Fund\u00e3o, em Mariana - Segunda Turma do TRF6 julgar\u00e1 apela\u00e7\u00f5es criminais sobre o rompimento da barragem de Fund\u00e3o","robots":{"index":"index","follow":"follow","max-snippet":"max-snippet:-1","max-image-preview":"max-image-preview:large","max-video-preview":"max-video-preview:-1"},"canonical":"https:\/\/www.diariodeouropreto.com.br\/pt\/segunda-turma-do-trf6-julgara-apelacoes-criminais-sobre-o-rompimento-da-barragem-de-fundao\/","og_locale":"pt_PT","og_type":"article","og_title":"Segunda Turma do TRF6 julgar\u00e1 apela\u00e7\u00f5es criminais sobre o rompimento da barragem de Fund\u00e3o - Di\u00e1rio de Ouro Preto","og_description":"Desembargadores do Tribunal Regional Federal da 6a. Regi\u00e3o (TRF6) agendaram para o pr\u00f3ximo dia 11 de mar\u00e7o, na sess\u00e3o das 14h, em Belo Horizonte, o julgamento das duas apela\u00e7\u00f5es criminais sobre o rompimento da barragem de Fund\u00e3o, em Mariana - Segunda Turma do TRF6 julgar\u00e1 apela\u00e7\u00f5es criminais sobre o rompimento da barragem de Fund\u00e3o","og_url":"https:\/\/www.diariodeouropreto.com.br\/pt\/segunda-turma-do-trf6-julgara-apelacoes-criminais-sobre-o-rompimento-da-barragem-de-fundao\/","og_site_name":"Di\u00e1rio de Ouro Preto","article_publisher":"https:\/\/www.facebook.com\/diariodeouropreto\/","article_published_time":"2026-03-06T13:25:00+00:00","article_modified_time":"2026-03-06T13:37:07+00:00","og_image":[{"width":600,"height":300,"url":"https:\/\/www.diariodeouropreto.com.br\/wp-content\/uploads\/2021\/04\/capa-noticia-geral-1-e1617740501646.png","type":"image\/png"}],"author":"Di\u00e1rio de Ouro Preto","twitter_card":"summary_large_image","twitter_misc":{"Escrito por":"Di\u00e1rio de Ouro Preto","Tempo estimado de leitura":"4 minutos"},"schema":{"@context":"https:\/\/schema.org","@graph":[{"@type":"Article","@id":"https:\/\/www.diariodeouropreto.com.br\/segunda-turma-do-trf6-julgara-apelacoes-criminais-sobre-o-rompimento-da-barragem-de-fundao\/#article","isPartOf":{"@id":"https:\/\/www.diariodeouropreto.com.br\/segunda-turma-do-trf6-julgara-apelacoes-criminais-sobre-o-rompimento-da-barragem-de-fundao\/"},"author":{"name":"Di\u00e1rio de Ouro Preto","@id":"https:\/\/www.diariodeouropreto.com.br\/pt\/#\/schema\/person\/7654e7b471204a6dab6dc0ce6e140c99"},"headline":"Segunda Turma do TRF6 julgar\u00e1 apela\u00e7\u00f5es criminais sobre o rompimento da barragem de Fund\u00e3o","datePublished":"2026-03-06T13:25:00+00:00","dateModified":"2026-03-06T13:37:07+00:00","mainEntityOfPage":{"@id":"https:\/\/www.diariodeouropreto.com.br\/segunda-turma-do-trf6-julgara-apelacoes-criminais-sobre-o-rompimento-da-barragem-de-fundao\/"},"wordCount":760,"publisher":{"@id":"https:\/\/www.diariodeouropreto.com.br\/pt\/#organization"},"image":{"@id":"https:\/\/www.diariodeouropreto.com.br\/segunda-turma-do-trf6-julgara-apelacoes-criminais-sobre-o-rompimento-da-barragem-de-fundao\/#primaryimage"},"thumbnailUrl":"https:\/\/www.diariodeouropreto.com.br\/wp-content\/uploads\/2021\/04\/capa-noticia-geral-1-e1617740501646.png","keywords":["Judici\u00e1rio"],"articleSection":["Geral"],"inLanguage":"pt-PT"},{"@type":"WebPage","@id":"https:\/\/www.diariodeouropreto.com.br\/segunda-turma-do-trf6-julgara-apelacoes-criminais-sobre-o-rompimento-da-barragem-de-fundao\/","url":"https:\/\/www.diariodeouropreto.com.br\/segunda-turma-do-trf6-julgara-apelacoes-criminais-sobre-o-rompimento-da-barragem-de-fundao\/","name":"Segunda Turma do TRF6 julgar\u00e1 apela\u00e7\u00f5es criminais sobre o rompimento da barragem de Fund\u00e3o - Di\u00e1rio de Ouro Preto","isPartOf":{"@id":"https:\/\/www.diariodeouropreto.com.br\/pt\/#website"},"primaryImageOfPage":{"@id":"https:\/\/www.diariodeouropreto.com.br\/segunda-turma-do-trf6-julgara-apelacoes-criminais-sobre-o-rompimento-da-barragem-de-fundao\/#primaryimage"},"image":{"@id":"https:\/\/www.diariodeouropreto.com.br\/segunda-turma-do-trf6-julgara-apelacoes-criminais-sobre-o-rompimento-da-barragem-de-fundao\/#primaryimage"},"thumbnailUrl":"https:\/\/www.diariodeouropreto.com.br\/wp-content\/uploads\/2021\/04\/capa-noticia-geral-1-e1617740501646.png","datePublished":"2026-03-06T13:25:00+00:00","dateModified":"2026-03-06T13:37:07+00:00","description":"Desembargadores do Tribunal Regional Federal da 6a. Regi\u00e3o (TRF6) agendaram para o pr\u00f3ximo dia 11 de mar\u00e7o, na sess\u00e3o das 14h, em Belo Horizonte, o julgamento das duas apela\u00e7\u00f5es criminais sobre o rompimento da barragem de Fund\u00e3o, em Mariana - Segunda Turma do TRF6 julgar\u00e1 apela\u00e7\u00f5es criminais sobre o rompimento da barragem de Fund\u00e3o","breadcrumb":{"@id":"https:\/\/www.diariodeouropreto.com.br\/segunda-turma-do-trf6-julgara-apelacoes-criminais-sobre-o-rompimento-da-barragem-de-fundao\/#breadcrumb"},"inLanguage":"pt-PT","potentialAction":[{"@type":"ReadAction","target":["https:\/\/www.diariodeouropreto.com.br\/segunda-turma-do-trf6-julgara-apelacoes-criminais-sobre-o-rompimento-da-barragem-de-fundao\/"]}]},{"@type":"ImageObject","inLanguage":"pt-PT","@id":"https:\/\/www.diariodeouropreto.com.br\/segunda-turma-do-trf6-julgara-apelacoes-criminais-sobre-o-rompimento-da-barragem-de-fundao\/#primaryimage","url":"https:\/\/www.diariodeouropreto.com.br\/wp-content\/uploads\/2021\/04\/capa-noticia-geral-1-e1617740501646.png","contentUrl":"https:\/\/www.diariodeouropreto.com.br\/wp-content\/uploads\/2021\/04\/capa-noticia-geral-1-e1617740501646.png","width":600,"height":300},{"@type":"BreadcrumbList","@id":"https:\/\/www.diariodeouropreto.com.br\/segunda-turma-do-trf6-julgara-apelacoes-criminais-sobre-o-rompimento-da-barragem-de-fundao\/#breadcrumb","itemListElement":[{"@type":"ListItem","position":1,"name":"In\u00edcio","item":"https:\/\/www.diariodeouropreto.com.br\/pt\/"},{"@type":"ListItem","position":2,"name":"Segunda Turma do TRF6 julgar\u00e1 apela\u00e7\u00f5es criminais sobre o rompimento da barragem de Fund\u00e3o"}]},{"@type":"WebSite","@id":"https:\/\/www.diariodeouropreto.com.br\/pt\/#website","url":"https:\/\/www.diariodeouropreto.com.br\/pt\/","name":"Di\u00e1rio de Ouro Preto","description":"Not\u00edcias Ouro Preto; Mariana;Minas Gerais;Jornal;Jornalismo;Not\u00edcias;","publisher":{"@id":"https:\/\/www.diariodeouropreto.com.br\/pt\/#organization"},"alternateName":"Jornal di\u00e1rio de Ouro Preto","potentialAction":[{"@type":"SearchAction","target":{"@type":"EntryPoint","urlTemplate":"https:\/\/www.diariodeouropreto.com.br\/pt\/?s={search_term_string}"},"query-input":{"@type":"PropertyValueSpecification","valueRequired":true,"valueName":"search_term_string"}}],"inLanguage":"pt-PT"},{"@type":"Organization","@id":"https:\/\/www.diariodeouropreto.com.br\/pt\/#organization","name":"Di\u00e1rio de Ouro Preto","alternateName":"Jornal di\u00e1rio Ouro Preto","url":"https:\/\/www.diariodeouropreto.com.br\/pt\/","logo":{"@type":"ImageObject","inLanguage":"pt-PT","@id":"https:\/\/www.diariodeouropreto.com.br\/pt\/#\/schema\/logo\/image\/","url":"https:\/\/www.diariodeouropreto.com.br\/wp-content\/uploads\/2019\/06\/cropped-logotransp-2.png","contentUrl":"https:\/\/www.diariodeouropreto.com.br\/wp-content\/uploads\/2019\/06\/cropped-logotransp-2.png","width":1323,"height":251,"caption":"Di\u00e1rio de Ouro Preto"},"image":{"@id":"https:\/\/www.diariodeouropreto.com.br\/pt\/#\/schema\/logo\/image\/"},"sameAs":["https:\/\/www.facebook.com\/diariodeouropreto\/"]},{"@type":"Person","@id":"https:\/\/www.diariodeouropreto.com.br\/pt\/#\/schema\/person\/7654e7b471204a6dab6dc0ce6e140c99","name":"Di\u00e1rio de Ouro Preto","sameAs":["http:\/\/www.diariodeouropreto.com.br"],"url":"https:\/\/www.diariodeouropreto.com.br\/pt\/author\/diario\/"}]}},"jetpack_publicize_connections":[],"jetpack_featured_media_url":"https:\/\/www.diariodeouropreto.com.br\/wp-content\/uploads\/2021\/04\/capa-noticia-geral-1-e1617740501646.png","jetpack-related-posts":[{"id":23247,"url":"https:\/\/www.diariodeouropreto.com.br\/pt\/governo-de-minas-participa-da-reabertura-do-processo-de-repactuacao-do-acordo-de-mariana\/","url_meta":{"origin":50759,"position":0},"title":"Governo de Minas participa da reabertura do processo de repactua\u00e7\u00e3o do acordo de Mariana","author":"Di\u00e1rio de Ouro Preto","date":"16 de Maio de 2023","format":false,"excerpt":"Belo Horizonte - O governador Romeu Zema participou, nesta segunda-feira (15\/5) da reabertura da mesa de Repactua\u00e7\u00e3o da Trag\u00e9dia de Mariana, conduzida pela presidente do Tribunal Regional Federal da 6\u00aa Regi\u00e3o (TRF6), M\u00f4nica Sifuentes. Com a cria\u00e7\u00e3o do TRF6, em agosto de 2022, o \u00f3rg\u00e3o passou a ter responsabilidade sobre\u2026","rel":"","context":"In &quot;Brasil&quot;","block_context":{"text":"Brasil","link":"https:\/\/www.diariodeouropreto.com.br\/pt\/Editoria\/brasil\/"},"img":{"alt_text":"","src":"https:\/\/i0.wp.com\/www.diariodeouropreto.com.br\/wp-content\/uploads\/2023\/05\/MEV8004-01-01.jpeg?resize=350%2C200&ssl=1","width":350,"height":200,"srcset":"https:\/\/i0.wp.com\/www.diariodeouropreto.com.br\/wp-content\/uploads\/2023\/05\/MEV8004-01-01.jpeg?resize=350%2C200&ssl=1 1x, https:\/\/i0.wp.com\/www.diariodeouropreto.com.br\/wp-content\/uploads\/2023\/05\/MEV8004-01-01.jpeg?resize=525%2C300&ssl=1 1.5x, https:\/\/i0.wp.com\/www.diariodeouropreto.com.br\/wp-content\/uploads\/2023\/05\/MEV8004-01-01.jpeg?resize=700%2C400&ssl=1 2x, https:\/\/i0.wp.com\/www.diariodeouropreto.com.br\/wp-content\/uploads\/2023\/05\/MEV8004-01-01.jpeg?resize=1050%2C600&ssl=1 3x"},"classes":[]},{"id":32838,"url":"https:\/\/www.diariodeouropreto.com.br\/pt\/samarco-e-vale-se-posicionam-sobre-pedido-de-pagamento-da-advocacia-geral-da-uniao\/","url_meta":{"origin":50759,"position":1},"title":"Samarco e Vale se posicionam sobre pedido de pagamento da Advocacia-Geral da Uni\u00e3o","author":"Di\u00e1rio de Ouro Preto","date":"7 de Maio de 2024","format":false,"excerpt":"A mineradora Samarco informou ao di\u00e1rio de Ouro Preto,hoje 07\/05 que n\u00e3o foi notificada dessa a\u00e7\u00e3o.\u00a0 \"A Samarco permanece aberta ao di\u00e1logo, em busca de solu\u00e7\u00f5es consensuais, sempre baseadas em crit\u00e9rios t\u00e9cnicos, ambientais e sociais, que atendam \u00e0s demandas da sociedade, sobretudo do territ\u00f3rio diretamente impactado. A empresa reafirma seu\u2026","rel":"","context":"In &quot;Brasil&quot;","block_context":{"text":"Brasil","link":"https:\/\/www.diariodeouropreto.com.br\/pt\/Editoria\/brasil\/"},"img":{"alt_text":"","src":"https:\/\/i0.wp.com\/www.diariodeouropreto.com.br\/wp-content\/uploads\/2019\/09\/titulosite2-e1616373489755.jpg?resize=350%2C200&ssl=1","width":350,"height":200,"srcset":"https:\/\/i0.wp.com\/www.diariodeouropreto.com.br\/wp-content\/uploads\/2019\/09\/titulosite2-e1616373489755.jpg?resize=350%2C200&ssl=1 1x, https:\/\/i0.wp.com\/www.diariodeouropreto.com.br\/wp-content\/uploads\/2019\/09\/titulosite2-e1616373489755.jpg?resize=525%2C300&ssl=1 1.5x, https:\/\/i0.wp.com\/www.diariodeouropreto.com.br\/wp-content\/uploads\/2019\/09\/titulosite2-e1616373489755.jpg?resize=700%2C400&ssl=1 2x, https:\/\/i0.wp.com\/www.diariodeouropreto.com.br\/wp-content\/uploads\/2019\/09\/titulosite2-e1616373489755.jpg?resize=1050%2C600&ssl=1 3x"},"classes":[]},{"id":32609,"url":"https:\/\/www.diariodeouropreto.com.br\/pt\/vale-esclarece-sobre-proposta-de-acordo-referente-ao-rompimento-da-barragem-de-fundao\/","url_meta":{"origin":50759,"position":2},"title":"Vale esclarece sobre proposta de acordo referente ao rompimento da barragem de Fund\u00e3o","author":"Di\u00e1rio de Ouro Preto","date":"30 de Abril de 2024","format":false,"excerpt":"A Vale divulgou nesta segunda-feira 29\/04, o posicionamento da mineradora em rela\u00e7\u00e3o a proposta de acordo relacionado ao rompimento da Barragem de Fund\u00e3o, em Mariana. Veja na \u00edntegra: Conforme divulgado nas Demonstra\u00e7\u00f5es Financeiras 1T24 da Vale, Samarco, BHP Brasil e Vale (\u201cas Companhias\u201d) est\u00e3o envolvidas em uma media\u00e7\u00e3o liderada pelo\u2026","rel":"","context":"In &quot;Brasil&quot;","block_context":{"text":"Brasil","link":"https:\/\/www.diariodeouropreto.com.br\/pt\/Editoria\/brasil\/"},"img":{"alt_text":"","src":"https:\/\/i0.wp.com\/www.diariodeouropreto.com.br\/wp-content\/uploads\/2022\/08\/capa-noticia-geral-e1617738740372.jpg?resize=350%2C200&ssl=1","width":350,"height":200,"srcset":"https:\/\/i0.wp.com\/www.diariodeouropreto.com.br\/wp-content\/uploads\/2022\/08\/capa-noticia-geral-e1617738740372.jpg?resize=350%2C200&ssl=1 1x, https:\/\/i0.wp.com\/www.diariodeouropreto.com.br\/wp-content\/uploads\/2022\/08\/capa-noticia-geral-e1617738740372.jpg?resize=525%2C300&ssl=1 1.5x"},"classes":[]},{"id":34573,"url":"https:\/\/www.diariodeouropreto.com.br\/pt\/agu-recorre-por-bloqueio-de-r-79-bi-de-responsaveis-por-rompimento-de-barragem-em-mariana\/","url_meta":{"origin":50759,"position":3},"title":"AGU recorre por bloqueio de R$ 79 bi de respons\u00e1veis por rompimento de barragem em Mariana","author":"Di\u00e1rio de Ouro Preto","date":"16 de Junho de 2024","format":false,"excerpt":"A Advocacia-Geral da Uni\u00e3o (AGU) interp\u00f4s nesta sexta-feira (14\/06), junto ao Tribunal Regional Federal da 6\u00aa Regi\u00e3o (TRF6), recurso em face da decis\u00e3o proferida pela Justi\u00e7a Federal de Minas Gerais que negou\u00a0pedido da Uni\u00e3o para bloquear R$ 79,6 bilh\u00f5es das mineradoras\u00a0respons\u00e1veis pelo rompimento da barragem do Fund\u00e3o, em Mariana (MG).\u2026","rel":"","context":"In &quot;Brasil&quot;","block_context":{"text":"Brasil","link":"https:\/\/www.diariodeouropreto.com.br\/pt\/Editoria\/brasil\/"},"img":{"alt_text":"","src":"https:\/\/i0.wp.com\/www.diariodeouropreto.com.br\/wp-content\/uploads\/2024\/06\/985226d0-a3fe-4644-a7de-7c8aba0c2afd.jpeg?resize=350%2C200&ssl=1","width":350,"height":200,"srcset":"https:\/\/i0.wp.com\/www.diariodeouropreto.com.br\/wp-content\/uploads\/2024\/06\/985226d0-a3fe-4644-a7de-7c8aba0c2afd.jpeg?resize=350%2C200&ssl=1 1x, https:\/\/i0.wp.com\/www.diariodeouropreto.com.br\/wp-content\/uploads\/2024\/06\/985226d0-a3fe-4644-a7de-7c8aba0c2afd.jpeg?resize=525%2C300&ssl=1 1.5x, https:\/\/i0.wp.com\/www.diariodeouropreto.com.br\/wp-content\/uploads\/2024\/06\/985226d0-a3fe-4644-a7de-7c8aba0c2afd.jpeg?resize=700%2C400&ssl=1 2x"},"classes":[]},{"id":34143,"url":"https:\/\/www.diariodeouropreto.com.br\/pt\/poder-publico-faz-contraproposta-de-r-109-bilhoes-para-celebrar-acordo-de-repactuacao-de-mariana\/","url_meta":{"origin":50759,"position":4},"title":"Poder P\u00fablico faz contraproposta de R$ 109 bilh\u00f5es para celebrar acordo de repactua\u00e7\u00e3o de Mariana","author":"Di\u00e1rio de Ouro Preto","date":"6 de Junho de 2024","format":false,"excerpt":"A Uni\u00e3o e um conjunto de outros entes e institui\u00e7\u00f5es p\u00fablicas apresentaram hoje, quinta-feira (06\/06), ao desembargador federal Ricardo Rabelo, mediador do Tribunal Regional Federal da 6\u00aa Regi\u00e3o respons\u00e1vel pela mesa de repactua\u00e7\u00e3o do caso de Mariana, uma contraproposta no valor de R$ 109 bilh\u00f5es para que seja celebrado um\u2026","rel":"","context":"In &quot;Brasil&quot;","block_context":{"text":"Brasil","link":"https:\/\/www.diariodeouropreto.com.br\/pt\/Editoria\/brasil\/"},"img":{"alt_text":"","src":"https:\/\/i0.wp.com\/www.diariodeouropreto.com.br\/wp-content\/uploads\/2021\/04\/capa-noticia-geral-e1617738740372.png?resize=350%2C200&ssl=1","width":350,"height":200,"srcset":"https:\/\/i0.wp.com\/www.diariodeouropreto.com.br\/wp-content\/uploads\/2021\/04\/capa-noticia-geral-e1617738740372.png?resize=350%2C200&ssl=1 1x, https:\/\/i0.wp.com\/www.diariodeouropreto.com.br\/wp-content\/uploads\/2021\/04\/capa-noticia-geral-e1617738740372.png?resize=525%2C300&ssl=1 1.5x"},"classes":[]},{"id":34429,"url":"https:\/\/www.diariodeouropreto.com.br\/pt\/acordo-de-repactuacao-de-mariana-tera-valor-global-de-r-140-bilhoes\/","url_meta":{"origin":50759,"position":5},"title":"Acordo de repactua\u00e7\u00e3o de Mariana ter\u00e1 valor global de R$ 140 bilhoes","author":"Di\u00e1rio de Ouro Preto","date":"12 de Junho de 2024","format":false,"excerpt":"A Vale Publicou nesta quarta-feira, 12\/06, fato relevante informando ao mercado a disposi\u00e7\u00e3o da empresa em rela\u00e7\u00e3o ao acordo de repactua\u00e7\u00e3o referente ao rompimento da Barragem de Fund\u00e3o. Os governos Federal, de Minas e do Esp\u00edrito Santo apresentaram contraproposta de R$ 109 Bilh\u00f5es, hoje as empresas informaram o valor de\u2026","rel":"","context":"In &quot;Caderno Verde&quot;","block_context":{"text":"Caderno Verde","link":"https:\/\/www.diariodeouropreto.com.br\/pt\/Editoria\/caderno-verde\/"},"img":{"alt_text":"","src":"https:\/\/i0.wp.com\/www.diariodeouropreto.com.br\/wp-content\/uploads\/2021\/04\/IMG_20210101_143058570_HDR-scaled-e1618260225675.jpg?resize=350%2C200&ssl=1","width":350,"height":200,"srcset":"https:\/\/i0.wp.com\/www.diariodeouropreto.com.br\/wp-content\/uploads\/2021\/04\/IMG_20210101_143058570_HDR-scaled-e1618260225675.jpg?resize=350%2C200&ssl=1 1x, https:\/\/i0.wp.com\/www.diariodeouropreto.com.br\/wp-content\/uploads\/2021\/04\/IMG_20210101_143058570_HDR-scaled-e1618260225675.jpg?resize=525%2C300&ssl=1 1.5x, https:\/\/i0.wp.com\/www.diariodeouropreto.com.br\/wp-content\/uploads\/2021\/04\/IMG_20210101_143058570_HDR-scaled-e1618260225675.jpg?resize=700%2C400&ssl=1 2x, https:\/\/i0.wp.com\/www.diariodeouropreto.com.br\/wp-content\/uploads\/2021\/04\/IMG_20210101_143058570_HDR-scaled-e1618260225675.jpg?resize=1050%2C600&ssl=1 3x"},"classes":[]}],"jetpack_sharing_enabled":true,"amp_enabled":true,"_links":{"self":[{"href":"https:\/\/www.diariodeouropreto.com.br\/pt\/wp-json\/wp\/v2\/posts\/50759","targetHints":{"allow":["GET"]}}],"collection":[{"href":"https:\/\/www.diariodeouropreto.com.br\/pt\/wp-json\/wp\/v2\/posts"}],"about":[{"href":"https:\/\/www.diariodeouropreto.com.br\/pt\/wp-json\/wp\/v2\/types\/post"}],"author":[{"embeddable":true,"href":"https:\/\/www.diariodeouropreto.com.br\/pt\/wp-json\/wp\/v2\/users\/1"}],"replies":[{"embeddable":true,"href":"https:\/\/www.diariodeouropreto.com.br\/pt\/wp-json\/wp\/v2\/comments?post=50759"}],"version-history":[{"count":1,"href":"https:\/\/www.diariodeouropreto.com.br\/pt\/wp-json\/wp\/v2\/posts\/50759\/revisions"}],"predecessor-version":[{"id":50762,"href":"https:\/\/www.diariodeouropreto.com.br\/pt\/wp-json\/wp\/v2\/posts\/50759\/revisions\/50762"}],"wp:featuredmedia":[{"embeddable":true,"href":"https:\/\/www.diariodeouropreto.com.br\/pt\/wp-json\/wp\/v2\/media\/7482"}],"wp:attachment":[{"href":"https:\/\/www.diariodeouropreto.com.br\/pt\/wp-json\/wp\/v2\/media?parent=50759"}],"wp:term":[{"taxonomy":"category","embeddable":true,"href":"https:\/\/www.diariodeouropreto.com.br\/pt\/wp-json\/wp\/v2\/categories?post=50759"},{"taxonomy":"post_tag","embeddable":true,"href":"https:\/\/www.diariodeouropreto.com.br\/pt\/wp-json\/wp\/v2\/tags?post=50759"}],"curies":[{"name":"wp","href":"https:\/\/api.w.org\/{rel}","templated":true}]}}