{"id":50754,"date":"2026-03-06T10:13:09","date_gmt":"2026-03-06T13:13:09","guid":{"rendered":"https:\/\/www.diariodeouropreto.com.br\/?p=50754"},"modified":"2026-03-06T10:13:16","modified_gmt":"2026-03-06T13:13:16","slug":"camara-de-mariana-discute-moradia-e-apresenta-campanha-da-fraternidade-2026-em-reuniao-ordinaria","status":"publish","type":"post","link":"https:\/\/www.diariodeouropreto.com.br\/pt\/camara-de-mariana-discute-moradia-e-apresenta-campanha-da-fraternidade-2026-em-reuniao-ordinaria\/","title":{"rendered":"C\u00e2mara de Mariana discute moradia e apresenta Campanha da Fraternidade 2026 em reuni\u00e3o ordin\u00e1ria"},"content":{"rendered":"<p><strong>Tema da campanha da Igreja Cat\u00f3lica, \u201cFraternidade e Moradia\u201d, foi apresentado na tribuna livre e abriu debate sobre habita\u00e7\u00e3o e desigualdade social<\/strong><\/p>\n\n\n\n<p>A C\u00e2mara Municipal de Mariana realizou, na segunda-feira (2), a 5\u00aa Reuni\u00e3o Ordin\u00e1ria de 2026, marcada pela apresenta\u00e7\u00e3o da Campanha da Fraternidade 2026 e pela discuss\u00e3o de projetos de lei e requerimentos voltados \u00e0 habita\u00e7\u00e3o, cultura e infraestrutura do munic\u00edpio. A reuni\u00e3o contou com participa\u00e7\u00e3o na tribuna livre de representante da Par\u00f3quia Sagrado Cora\u00e7\u00e3o de Jesus, que apresentou o tema da campanha deste ano, al\u00e9m da vota\u00e7\u00e3o de propostas legislativas e encaminhamento de demandas ao Executivo.<\/p>\n\n\n\n<p>Durante a tribuna livre, representantes da par\u00f3quia abordaram a Campanha da Fraternidade 2026, organizada pela Igreja Cat\u00f3lica no Brasil. O tema escolhido para este ano \u00e9 \u201cFraternidade e Moradia\u201d, com o lema \u201cEle veio morar entre n\u00f3s\u201d. A apresenta\u00e7\u00e3o destacou que a campanha busca estimular reflex\u00f5es sobre desigualdade social e condi\u00e7\u00f5es de moradia, convidando fi\u00e9is, lideran\u00e7as e a sociedade em geral a discutir caminhos para enfrentar o problema habitacional.<\/p>\n\n\n\n<p>Outro ponto discutido na reuni\u00e3o foi a regulariza\u00e7\u00e3o fundi\u00e1ria no munic\u00edpio. Vereadores apresentaram requerimento solicitando informa\u00e7\u00f5es ao Executivo sobre o levantamento de n\u00facleos urbanos informais e \u00e1reas pass\u00edveis de regulariza\u00e7\u00e3o, a exist\u00eancia de uma Comiss\u00e3o Municipal de Regulariza\u00e7\u00e3o Fundi\u00e1ria, o n\u00famero de processos protocolados nos \u00faltimos dois anos e a estrutura or\u00e7ament\u00e1ria destinada a essas a\u00e7\u00f5es. A justificativa apresentada aponta que a regulariza\u00e7\u00e3o transforma o posseiro em propriet\u00e1rio, garantindo seguran\u00e7a jur\u00eddica e acesso a cr\u00e9dito para melhorias habitacionais.<\/p>\n\n\n\n<div id=\"110712\" class=\"advads-saneouro advads-entity-placement\" style=\"margin-left: auto;margin-right: auto;text-align: center;\"><a href=\"https:\/\/www.saneouro.com.br\/\" target=\"_blank\" aria-label=\"DOP_Site\" data-wpel-link=\"external\" rel=\"follow external noopener noreferrer sponsored ugc\"><img src=\"https:\/\/www.diariodeouropreto.com.br\/wp-content\/uploads\/2026\/04\/DOP_Site.jpg\" alt=\"\"  srcset=\"https:\/\/www.diariodeouropreto.com.br\/wp-content\/uploads\/2026\/04\/DOP_Site.jpg 301w, https:\/\/www.diariodeouropreto.com.br\/wp-content\/uploads\/2026\/04\/DOP_Site-180x150.jpg 180w, https:\/\/www.diariodeouropreto.com.br\/wp-content\/uploads\/2026\/04\/DOP_Site-14x12.jpg 14w\" sizes=\"(max-width: 301px) 100vw, 301px\" width=\"301\" height=\"251\"  style=\"display: inline-block;\" \/><\/a><\/div><p>No campo cultural, os vereadores analisaram projeto de lei que autoriza o Executivo a conceder transfer\u00eancia de recursos para financiamento do projeto \u201cBandas de Mariana, Terra Mineira da M\u00fasica 2\u201d, por meio de repasse de R$ 495 mil, conforme plano de trabalho apresentado. Tamb\u00e9m foi discutida a reestrutura\u00e7\u00e3o do Conselho Municipal de Promo\u00e7\u00e3o da Igualdade Racial, com altera\u00e7\u00f5es na legisla\u00e7\u00e3o municipal que trata do funcionamento do \u00f3rg\u00e3o.<\/p>\n\n\n\n<div id=\"50321\" class=\"advads-plantao advads-entity-placement\"><a href=\"https:\/\/www.diariodeouropreto.com.br\/pt\/\" target=\"_blank\" aria-label=\"site &#8211; noticia\" data-wpel-link=\"external\" rel=\"follow external noopener noreferrer sponsored ugc\"><img src=\"https:\/\/www.diariodeouropreto.com.br\/wp-content\/uploads\/2019\/09\/titulosite2-e1616373489755.jpg\" alt=\"\"  srcset=\"https:\/\/www.diariodeouropreto.com.br\/wp-content\/uploads\/2019\/09\/titulosite2-e1616373489755.jpg 1200w, https:\/\/www.diariodeouropreto.com.br\/wp-content\/uploads\/2019\/09\/titulosite2-e1616373489755-150x38.jpg 150w, https:\/\/www.diariodeouropreto.com.br\/wp-content\/uploads\/2019\/09\/titulosite2-e1616373489755-660x167.jpg 660w, https:\/\/www.diariodeouropreto.com.br\/wp-content\/uploads\/2019\/09\/titulosite2-e1616373489755-768x194.jpg 768w, https:\/\/www.diariodeouropreto.com.br\/wp-content\/uploads\/2019\/09\/titulosite2-e1616373489755-1000x252.jpg 1000w, https:\/\/www.diariodeouropreto.com.br\/wp-content\/uploads\/2019\/09\/titulosite2-e1616373489755-1536x388.jpg 1536w, https:\/\/www.diariodeouropreto.com.br\/wp-content\/uploads\/2019\/09\/titulosite2-e1616373489755-2048x517.jpg 2048w\" sizes=\"(max-width: 1200px) 100vw, 1200px\" width=\"1200\" height=\"303\"  style=\"display: inline-block;\" \/><\/a><\/div><p>A pauta da reuni\u00e3o ainda incluiu projetos voltados \u00e0 cultura, economia e pol\u00edticas sociais. Entre eles est\u00e3o propostas que instituem a Semana Municipal de Preven\u00e7\u00e3o ao Feminic\u00eddio, estabelecem diretrizes para o fortalecimento da cerveja artesanal local, criam o selo \u201cEmpresa Amiga do Autista\u201d e incluem a Festa de S\u00e3o Benedito no calend\u00e1rio oficial de eventos do munic\u00edpio. Tamb\u00e9m foi aprovado projeto que inclui no calend\u00e1rio cultural de Mariana o evento \u201cMariana Drift Experience\u201d, previsto para ocorrer no terceiro fim de semana de maio.&nbsp;<\/p>","protected":false},"excerpt":{"rendered":"<p>Tema da campanha da Igreja Cat\u00f3lica, \u201cFraternidade e Moradia\u201d, foi apresentado na tribuna livre e abriu debate sobre habita\u00e7\u00e3o e desigualdade social A C\u00e2mara Municipal de Mariana realizou, na segunda-feira (2), a 5\u00aa Reuni\u00e3o Ordin\u00e1ria de 2026, marcada pela apresenta\u00e7\u00e3o da Campanha da Fraternidade 2026 e pela discuss\u00e3o de projetos<span class=\"more-link\"><a href=\"https:\/\/www.diariodeouropreto.com.br\/pt\/camara-de-mariana-discute-moradia-e-apresenta-campanha-da-fraternidade-2026-em-reuniao-ordinaria\/\" data-wpel-link=\"internal\">Continue Lendo<\/a><\/span><\/p>","protected":false},"author":6,"featured_media":50756,"comment_status":"closed","ping_status":"closed","sticky":false,"template":"","format":"standard","meta":{"_jetpack_memberships_contains_paid_content":false,"footnotes":"","jetpack_publicize_message":"Tema da campanha da Igreja Cat\u00f3lica, \u201cFraternidade e Moradia\u201d, foi apresentado na tribuna livre e abriu debate sobre habita\u00e7\u00e3o e desigualdade social","jetpack_publicize_feature_enabled":true,"jetpack_social_post_already_shared":false,"jetpack_social_options":{"image_generator_settings":{"template":"highway","default_image_id":0,"font":"","enabled":false},"version":2}},"categories":[46],"tags":[89,14],"class_list":["entry","author-davi-saporetti","post-50754","post","type-post","status-publish","format-standard","has-post-thumbnail","category-politica","tag-legislativo","tag-mariana"],"yoast_head":"<!-- This site is optimized with the Yoast SEO plugin v27.5 - https:\/\/yoast.com\/product\/yoast-seo-wordpress\/ -->\n<title>C\u00e2mara de Mariana discute moradia e apresenta Campanha da Fraternidade 2026 em reuni\u00e3o ordin\u00e1ria - Di\u00e1rio de Ouro Preto<\/title>\n<meta name=\"description\" content=\"Tema da campanha da Igreja Cat\u00f3lica, \u201cFraternidade e Moradia\u201d, foi apresentado na tribuna livre e abriu debate sobre habita\u00e7\u00e3o e desigualdade social - C\u00e2mara de Mariana discute moradia e apresenta Campanha da Fraternidade 2026 em reuni\u00e3o ordin\u00e1ria\" \/>\n<meta name=\"robots\" content=\"index, follow, max-snippet:-1, max-image-preview:large, max-video-preview:-1\" \/>\n<link rel=\"canonical\" href=\"https:\/\/www.diariodeouropreto.com.br\/pt\/camara-de-mariana-discute-moradia-e-apresenta-campanha-da-fraternidade-2026-em-reuniao-ordinaria\/\" \/>\n<meta property=\"og:locale\" content=\"pt_PT\" \/>\n<meta property=\"og:type\" content=\"article\" \/>\n<meta property=\"og:title\" content=\"C\u00e2mara de Mariana discute moradia e apresenta Campanha da Fraternidade 2026 em reuni\u00e3o ordin\u00e1ria - Di\u00e1rio de Ouro Preto\" \/>\n<meta property=\"og:description\" content=\"Tema da campanha da Igreja Cat\u00f3lica, \u201cFraternidade e Moradia\u201d, foi apresentado na tribuna livre e abriu debate sobre habita\u00e7\u00e3o e desigualdade social - C\u00e2mara de Mariana discute moradia e apresenta Campanha da Fraternidade 2026 em reuni\u00e3o ordin\u00e1ria\" \/>\n<meta property=\"og:url\" content=\"https:\/\/www.diariodeouropreto.com.br\/pt\/camara-de-mariana-discute-moradia-e-apresenta-campanha-da-fraternidade-2026-em-reuniao-ordinaria\/\" \/>\n<meta property=\"og:site_name\" content=\"Di\u00e1rio de Ouro Preto\" \/>\n<meta property=\"article:publisher\" content=\"https:\/\/www.facebook.com\/diariodeouropreto\/\" \/>\n<meta property=\"article:published_time\" content=\"2026-03-06T13:13:09+00:00\" \/>\n<meta property=\"article:modified_time\" content=\"2026-03-06T13:13:16+00:00\" \/>\n<meta property=\"og:image\" content=\"https:\/\/www.diariodeouropreto.com.br\/wp-content\/uploads\/2026\/03\/Captura-de-tela-2026-03-05-164226.jpg\" \/>\n\t<meta property=\"og:image:width\" content=\"1200\" \/>\n\t<meta property=\"og:image:height\" content=\"675\" \/>\n\t<meta property=\"og:image:type\" content=\"image\/jpeg\" \/>\n<meta name=\"author\" content=\"Davi Saporetti\" \/>\n<meta name=\"twitter:card\" content=\"summary_large_image\" \/>\n<meta name=\"twitter:label1\" content=\"Escrito por\" \/>\n\t<meta name=\"twitter:data1\" content=\"Davi Saporetti\" \/>\n\t<meta name=\"twitter:label2\" content=\"Tempo estimado de leitura\" \/>\n\t<meta name=\"twitter:data2\" content=\"3 minutos\" \/>\n<script type=\"application\/ld+json\" class=\"yoast-schema-graph\">{\"@context\":\"https:\\\/\\\/schema.org\",\"@graph\":[{\"@type\":\"Article\",\"@id\":\"https:\\\/\\\/www.diariodeouropreto.com.br\\\/camara-de-mariana-discute-moradia-e-apresenta-campanha-da-fraternidade-2026-em-reuniao-ordinaria\\\/#article\",\"isPartOf\":{\"@id\":\"https:\\\/\\\/www.diariodeouropreto.com.br\\\/camara-de-mariana-discute-moradia-e-apresenta-campanha-da-fraternidade-2026-em-reuniao-ordinaria\\\/\"},\"author\":{\"name\":\"Davi Saporetti\",\"@id\":\"https:\\\/\\\/www.diariodeouropreto.com.br\\\/pt\\\/#\\\/schema\\\/person\\\/ef41b20286de4cc33a3185837ba72af6\"},\"headline\":\"C\u00e2mara de Mariana discute moradia e apresenta Campanha da Fraternidade 2026 em reuni\u00e3o ordin\u00e1ria\",\"datePublished\":\"2026-03-06T13:13:09+00:00\",\"dateModified\":\"2026-03-06T13:13:16+00:00\",\"mainEntityOfPage\":{\"@id\":\"https:\\\/\\\/www.diariodeouropreto.com.br\\\/camara-de-mariana-discute-moradia-e-apresenta-campanha-da-fraternidade-2026-em-reuniao-ordinaria\\\/\"},\"wordCount\":464,\"publisher\":{\"@id\":\"https:\\\/\\\/www.diariodeouropreto.com.br\\\/pt\\\/#organization\"},\"image\":{\"@id\":\"https:\\\/\\\/www.diariodeouropreto.com.br\\\/camara-de-mariana-discute-moradia-e-apresenta-campanha-da-fraternidade-2026-em-reuniao-ordinaria\\\/#primaryimage\"},\"thumbnailUrl\":\"https:\\\/\\\/www.diariodeouropreto.com.br\\\/wp-content\\\/uploads\\\/2026\\\/03\\\/Captura-de-tela-2026-03-05-164226.jpg\",\"keywords\":[\"Legislativo\",\"Mariana\"],\"articleSection\":[\"Pol\u00edtica\"],\"inLanguage\":\"pt-PT\"},{\"@type\":\"WebPage\",\"@id\":\"https:\\\/\\\/www.diariodeouropreto.com.br\\\/camara-de-mariana-discute-moradia-e-apresenta-campanha-da-fraternidade-2026-em-reuniao-ordinaria\\\/\",\"url\":\"https:\\\/\\\/www.diariodeouropreto.com.br\\\/camara-de-mariana-discute-moradia-e-apresenta-campanha-da-fraternidade-2026-em-reuniao-ordinaria\\\/\",\"name\":\"C\u00e2mara de Mariana discute moradia e apresenta Campanha da Fraternidade 2026 em reuni\u00e3o ordin\u00e1ria - Di\u00e1rio de Ouro Preto\",\"isPartOf\":{\"@id\":\"https:\\\/\\\/www.diariodeouropreto.com.br\\\/pt\\\/#website\"},\"primaryImageOfPage\":{\"@id\":\"https:\\\/\\\/www.diariodeouropreto.com.br\\\/camara-de-mariana-discute-moradia-e-apresenta-campanha-da-fraternidade-2026-em-reuniao-ordinaria\\\/#primaryimage\"},\"image\":{\"@id\":\"https:\\\/\\\/www.diariodeouropreto.com.br\\\/camara-de-mariana-discute-moradia-e-apresenta-campanha-da-fraternidade-2026-em-reuniao-ordinaria\\\/#primaryimage\"},\"thumbnailUrl\":\"https:\\\/\\\/www.diariodeouropreto.com.br\\\/wp-content\\\/uploads\\\/2026\\\/03\\\/Captura-de-tela-2026-03-05-164226.jpg\",\"datePublished\":\"2026-03-06T13:13:09+00:00\",\"dateModified\":\"2026-03-06T13:13:16+00:00\",\"description\":\"Tema da campanha da Igreja Cat\u00f3lica, \u201cFraternidade e Moradia\u201d, foi apresentado na tribuna livre e abriu debate sobre habita\u00e7\u00e3o e desigualdade social - C\u00e2mara de Mariana discute moradia e apresenta Campanha da Fraternidade 2026 em reuni\u00e3o ordin\u00e1ria\",\"breadcrumb\":{\"@id\":\"https:\\\/\\\/www.diariodeouropreto.com.br\\\/camara-de-mariana-discute-moradia-e-apresenta-campanha-da-fraternidade-2026-em-reuniao-ordinaria\\\/#breadcrumb\"},\"inLanguage\":\"pt-PT\",\"potentialAction\":[{\"@type\":\"ReadAction\",\"target\":[\"https:\\\/\\\/www.diariodeouropreto.com.br\\\/camara-de-mariana-discute-moradia-e-apresenta-campanha-da-fraternidade-2026-em-reuniao-ordinaria\\\/\"]}]},{\"@type\":\"ImageObject\",\"inLanguage\":\"pt-PT\",\"@id\":\"https:\\\/\\\/www.diariodeouropreto.com.br\\\/camara-de-mariana-discute-moradia-e-apresenta-campanha-da-fraternidade-2026-em-reuniao-ordinaria\\\/#primaryimage\",\"url\":\"https:\\\/\\\/www.diariodeouropreto.com.br\\\/wp-content\\\/uploads\\\/2026\\\/03\\\/Captura-de-tela-2026-03-05-164226.jpg\",\"contentUrl\":\"https:\\\/\\\/www.diariodeouropreto.com.br\\\/wp-content\\\/uploads\\\/2026\\\/03\\\/Captura-de-tela-2026-03-05-164226.jpg\",\"width\":1200,\"height\":675},{\"@type\":\"BreadcrumbList\",\"@id\":\"https:\\\/\\\/www.diariodeouropreto.com.br\\\/camara-de-mariana-discute-moradia-e-apresenta-campanha-da-fraternidade-2026-em-reuniao-ordinaria\\\/#breadcrumb\",\"itemListElement\":[{\"@type\":\"ListItem\",\"position\":1,\"name\":\"In\u00edcio\",\"item\":\"https:\\\/\\\/www.diariodeouropreto.com.br\\\/pt\\\/\"},{\"@type\":\"ListItem\",\"position\":2,\"name\":\"C\u00e2mara de Mariana discute moradia e apresenta Campanha da Fraternidade 2026 em reuni\u00e3o ordin\u00e1ria\"}]},{\"@type\":\"WebSite\",\"@id\":\"https:\\\/\\\/www.diariodeouropreto.com.br\\\/pt\\\/#website\",\"url\":\"https:\\\/\\\/www.diariodeouropreto.com.br\\\/pt\\\/\",\"name\":\"Di\u00e1rio de Ouro Preto\",\"description\":\"Not\u00edcias Ouro Preto; Mariana;Minas Gerais;Jornal;Jornalismo;Not\u00edcias;\",\"publisher\":{\"@id\":\"https:\\\/\\\/www.diariodeouropreto.com.br\\\/pt\\\/#organization\"},\"alternateName\":\"Jornal di\u00e1rio de Ouro Preto\",\"potentialAction\":[{\"@type\":\"SearchAction\",\"target\":{\"@type\":\"EntryPoint\",\"urlTemplate\":\"https:\\\/\\\/www.diariodeouropreto.com.br\\\/pt\\\/?s={search_term_string}\"},\"query-input\":{\"@type\":\"PropertyValueSpecification\",\"valueRequired\":true,\"valueName\":\"search_term_string\"}}],\"inLanguage\":\"pt-PT\"},{\"@type\":\"Organization\",\"@id\":\"https:\\\/\\\/www.diariodeouropreto.com.br\\\/pt\\\/#organization\",\"name\":\"Di\u00e1rio de Ouro Preto\",\"alternateName\":\"Jornal di\u00e1rio Ouro Preto\",\"url\":\"https:\\\/\\\/www.diariodeouropreto.com.br\\\/pt\\\/\",\"logo\":{\"@type\":\"ImageObject\",\"inLanguage\":\"pt-PT\",\"@id\":\"https:\\\/\\\/www.diariodeouropreto.com.br\\\/pt\\\/#\\\/schema\\\/logo\\\/image\\\/\",\"url\":\"https:\\\/\\\/www.diariodeouropreto.com.br\\\/wp-content\\\/uploads\\\/2019\\\/06\\\/cropped-logotransp-2.png\",\"contentUrl\":\"https:\\\/\\\/www.diariodeouropreto.com.br\\\/wp-content\\\/uploads\\\/2019\\\/06\\\/cropped-logotransp-2.png\",\"width\":1323,\"height\":251,\"caption\":\"Di\u00e1rio de Ouro Preto\"},\"image\":{\"@id\":\"https:\\\/\\\/www.diariodeouropreto.com.br\\\/pt\\\/#\\\/schema\\\/logo\\\/image\\\/\"},\"sameAs\":[\"https:\\\/\\\/www.facebook.com\\\/diariodeouropreto\\\/\"]},{\"@type\":\"Person\",\"@id\":\"https:\\\/\\\/www.diariodeouropreto.com.br\\\/pt\\\/#\\\/schema\\\/person\\\/ef41b20286de4cc33a3185837ba72af6\",\"name\":\"Davi Saporetti\",\"url\":\"https:\\\/\\\/www.diariodeouropreto.com.br\\\/pt\\\/author\\\/davi-saporetti\\\/\"}]}<\/script>\n<!-- \/ Yoast SEO plugin. -->","yoast_head_json":{"title":"C\u00e2mara de Mariana discute moradia e apresenta Campanha da Fraternidade 2026 em reuni\u00e3o ordin\u00e1ria - Di\u00e1rio de Ouro Preto","description":"Tema da campanha da Igreja Cat\u00f3lica, \u201cFraternidade e Moradia\u201d, foi apresentado na tribuna livre e abriu debate sobre habita\u00e7\u00e3o e desigualdade social - C\u00e2mara de Mariana discute moradia e apresenta Campanha da Fraternidade 2026 em reuni\u00e3o ordin\u00e1ria","robots":{"index":"index","follow":"follow","max-snippet":"max-snippet:-1","max-image-preview":"max-image-preview:large","max-video-preview":"max-video-preview:-1"},"canonical":"https:\/\/www.diariodeouropreto.com.br\/pt\/camara-de-mariana-discute-moradia-e-apresenta-campanha-da-fraternidade-2026-em-reuniao-ordinaria\/","og_locale":"pt_PT","og_type":"article","og_title":"C\u00e2mara de Mariana discute moradia e apresenta Campanha da Fraternidade 2026 em reuni\u00e3o ordin\u00e1ria - Di\u00e1rio de Ouro Preto","og_description":"Tema da campanha da Igreja Cat\u00f3lica, \u201cFraternidade e Moradia\u201d, foi apresentado na tribuna livre e abriu debate sobre habita\u00e7\u00e3o e desigualdade social - C\u00e2mara de Mariana discute moradia e apresenta Campanha da Fraternidade 2026 em reuni\u00e3o ordin\u00e1ria","og_url":"https:\/\/www.diariodeouropreto.com.br\/pt\/camara-de-mariana-discute-moradia-e-apresenta-campanha-da-fraternidade-2026-em-reuniao-ordinaria\/","og_site_name":"Di\u00e1rio de Ouro Preto","article_publisher":"https:\/\/www.facebook.com\/diariodeouropreto\/","article_published_time":"2026-03-06T13:13:09+00:00","article_modified_time":"2026-03-06T13:13:16+00:00","og_image":[{"width":1200,"height":675,"url":"https:\/\/www.diariodeouropreto.com.br\/wp-content\/uploads\/2026\/03\/Captura-de-tela-2026-03-05-164226.jpg","type":"image\/jpeg"}],"author":"Davi Saporetti","twitter_card":"summary_large_image","twitter_misc":{"Escrito por":"Davi Saporetti","Tempo estimado de leitura":"3 minutos"},"schema":{"@context":"https:\/\/schema.org","@graph":[{"@type":"Article","@id":"https:\/\/www.diariodeouropreto.com.br\/camara-de-mariana-discute-moradia-e-apresenta-campanha-da-fraternidade-2026-em-reuniao-ordinaria\/#article","isPartOf":{"@id":"https:\/\/www.diariodeouropreto.com.br\/camara-de-mariana-discute-moradia-e-apresenta-campanha-da-fraternidade-2026-em-reuniao-ordinaria\/"},"author":{"name":"Davi Saporetti","@id":"https:\/\/www.diariodeouropreto.com.br\/pt\/#\/schema\/person\/ef41b20286de4cc33a3185837ba72af6"},"headline":"C\u00e2mara de Mariana discute moradia e apresenta Campanha da Fraternidade 2026 em reuni\u00e3o ordin\u00e1ria","datePublished":"2026-03-06T13:13:09+00:00","dateModified":"2026-03-06T13:13:16+00:00","mainEntityOfPage":{"@id":"https:\/\/www.diariodeouropreto.com.br\/camara-de-mariana-discute-moradia-e-apresenta-campanha-da-fraternidade-2026-em-reuniao-ordinaria\/"},"wordCount":464,"publisher":{"@id":"https:\/\/www.diariodeouropreto.com.br\/pt\/#organization"},"image":{"@id":"https:\/\/www.diariodeouropreto.com.br\/camara-de-mariana-discute-moradia-e-apresenta-campanha-da-fraternidade-2026-em-reuniao-ordinaria\/#primaryimage"},"thumbnailUrl":"https:\/\/www.diariodeouropreto.com.br\/wp-content\/uploads\/2026\/03\/Captura-de-tela-2026-03-05-164226.jpg","keywords":["Legislativo","Mariana"],"articleSection":["Pol\u00edtica"],"inLanguage":"pt-PT"},{"@type":"WebPage","@id":"https:\/\/www.diariodeouropreto.com.br\/camara-de-mariana-discute-moradia-e-apresenta-campanha-da-fraternidade-2026-em-reuniao-ordinaria\/","url":"https:\/\/www.diariodeouropreto.com.br\/camara-de-mariana-discute-moradia-e-apresenta-campanha-da-fraternidade-2026-em-reuniao-ordinaria\/","name":"C\u00e2mara de Mariana discute moradia e apresenta Campanha da Fraternidade 2026 em reuni\u00e3o ordin\u00e1ria - Di\u00e1rio de Ouro Preto","isPartOf":{"@id":"https:\/\/www.diariodeouropreto.com.br\/pt\/#website"},"primaryImageOfPage":{"@id":"https:\/\/www.diariodeouropreto.com.br\/camara-de-mariana-discute-moradia-e-apresenta-campanha-da-fraternidade-2026-em-reuniao-ordinaria\/#primaryimage"},"image":{"@id":"https:\/\/www.diariodeouropreto.com.br\/camara-de-mariana-discute-moradia-e-apresenta-campanha-da-fraternidade-2026-em-reuniao-ordinaria\/#primaryimage"},"thumbnailUrl":"https:\/\/www.diariodeouropreto.com.br\/wp-content\/uploads\/2026\/03\/Captura-de-tela-2026-03-05-164226.jpg","datePublished":"2026-03-06T13:13:09+00:00","dateModified":"2026-03-06T13:13:16+00:00","description":"Tema da campanha da Igreja Cat\u00f3lica, \u201cFraternidade e Moradia\u201d, foi apresentado na tribuna livre e abriu debate sobre habita\u00e7\u00e3o e desigualdade social - C\u00e2mara de Mariana discute moradia e apresenta Campanha da Fraternidade 2026 em reuni\u00e3o ordin\u00e1ria","breadcrumb":{"@id":"https:\/\/www.diariodeouropreto.com.br\/camara-de-mariana-discute-moradia-e-apresenta-campanha-da-fraternidade-2026-em-reuniao-ordinaria\/#breadcrumb"},"inLanguage":"pt-PT","potentialAction":[{"@type":"ReadAction","target":["https:\/\/www.diariodeouropreto.com.br\/camara-de-mariana-discute-moradia-e-apresenta-campanha-da-fraternidade-2026-em-reuniao-ordinaria\/"]}]},{"@type":"ImageObject","inLanguage":"pt-PT","@id":"https:\/\/www.diariodeouropreto.com.br\/camara-de-mariana-discute-moradia-e-apresenta-campanha-da-fraternidade-2026-em-reuniao-ordinaria\/#primaryimage","url":"https:\/\/www.diariodeouropreto.com.br\/wp-content\/uploads\/2026\/03\/Captura-de-tela-2026-03-05-164226.jpg","contentUrl":"https:\/\/www.diariodeouropreto.com.br\/wp-content\/uploads\/2026\/03\/Captura-de-tela-2026-03-05-164226.jpg","width":1200,"height":675},{"@type":"BreadcrumbList","@id":"https:\/\/www.diariodeouropreto.com.br\/camara-de-mariana-discute-moradia-e-apresenta-campanha-da-fraternidade-2026-em-reuniao-ordinaria\/#breadcrumb","itemListElement":[{"@type":"ListItem","position":1,"name":"In\u00edcio","item":"https:\/\/www.diariodeouropreto.com.br\/pt\/"},{"@type":"ListItem","position":2,"name":"C\u00e2mara de Mariana discute moradia e apresenta Campanha da Fraternidade 2026 em reuni\u00e3o ordin\u00e1ria"}]},{"@type":"WebSite","@id":"https:\/\/www.diariodeouropreto.com.br\/pt\/#website","url":"https:\/\/www.diariodeouropreto.com.br\/pt\/","name":"Di\u00e1rio de Ouro Preto","description":"Not\u00edcias Ouro Preto; Mariana;Minas Gerais;Jornal;Jornalismo;Not\u00edcias;","publisher":{"@id":"https:\/\/www.diariodeouropreto.com.br\/pt\/#organization"},"alternateName":"Jornal di\u00e1rio de Ouro Preto","potentialAction":[{"@type":"SearchAction","target":{"@type":"EntryPoint","urlTemplate":"https:\/\/www.diariodeouropreto.com.br\/pt\/?s={search_term_string}"},"query-input":{"@type":"PropertyValueSpecification","valueRequired":true,"valueName":"search_term_string"}}],"inLanguage":"pt-PT"},{"@type":"Organization","@id":"https:\/\/www.diariodeouropreto.com.br\/pt\/#organization","name":"Di\u00e1rio de Ouro Preto","alternateName":"Jornal di\u00e1rio Ouro Preto","url":"https:\/\/www.diariodeouropreto.com.br\/pt\/","logo":{"@type":"ImageObject","inLanguage":"pt-PT","@id":"https:\/\/www.diariodeouropreto.com.br\/pt\/#\/schema\/logo\/image\/","url":"https:\/\/www.diariodeouropreto.com.br\/wp-content\/uploads\/2019\/06\/cropped-logotransp-2.png","contentUrl":"https:\/\/www.diariodeouropreto.com.br\/wp-content\/uploads\/2019\/06\/cropped-logotransp-2.png","width":1323,"height":251,"caption":"Di\u00e1rio de Ouro Preto"},"image":{"@id":"https:\/\/www.diariodeouropreto.com.br\/pt\/#\/schema\/logo\/image\/"},"sameAs":["https:\/\/www.facebook.com\/diariodeouropreto\/"]},{"@type":"Person","@id":"https:\/\/www.diariodeouropreto.com.br\/pt\/#\/schema\/person\/ef41b20286de4cc33a3185837ba72af6","name":"Davi Saporetti","url":"https:\/\/www.diariodeouropreto.com.br\/pt\/author\/davi-saporetti\/"}]}},"jetpack_publicize_connections":[],"jetpack_featured_media_url":"https:\/\/www.diariodeouropreto.com.br\/wp-content\/uploads\/2026\/03\/Captura-de-tela-2026-03-05-164226.jpg","jetpack-related-posts":[{"id":50466,"url":"https:\/\/www.diariodeouropreto.com.br\/pt\/moradia-nao-e-favor-leleco-pimentel-denuncia-abandono-do-governo-zema-e-cobra-acao-em-ouro-preto\/","url_meta":{"origin":50754,"position":0},"title":"\u201cMoradia n\u00e3o \u00e9 favor\u201d: Leleco Pimentel denuncia abandono do governo Zema e cobra a\u00e7\u00e3o em Ouro Preto","author":"Di\u00e1rio de Ouro Preto","date":"20 de Fevereiro de 2026","format":false,"excerpt":"\"enquanto a Igreja convoca a sociedade a tratar a moradia como direito humano fundamental, o governo estadual segue omisso diante da crise habitacional\"","rel":"","context":"In &quot;Geral&quot;","block_context":{"text":"Geral","link":"https:\/\/www.diariodeouropreto.com.br\/pt\/Editoria\/geral\/"},"img":{"alt_text":"","src":"https:\/\/i0.wp.com\/www.diariodeouropreto.com.br\/wp-content\/uploads\/2026\/02\/CF-2026-final_page-0001.jpg?resize=350%2C200&ssl=1","width":350,"height":200,"srcset":"https:\/\/i0.wp.com\/www.diariodeouropreto.com.br\/wp-content\/uploads\/2026\/02\/CF-2026-final_page-0001.jpg?resize=350%2C200&ssl=1 1x, https:\/\/i0.wp.com\/www.diariodeouropreto.com.br\/wp-content\/uploads\/2026\/02\/CF-2026-final_page-0001.jpg?resize=525%2C300&ssl=1 1.5x"},"classes":[]},{"id":50818,"url":"https:\/\/www.diariodeouropreto.com.br\/pt\/a-juventude-da-paroquia-de-santa-efigenia-convida-para-encenacao-da-paixao-de-cristo\/","url_meta":{"origin":50754,"position":1},"title":"A juventude da par\u00f3quia de Santa Efig\u00eania convida para encena\u00e7\u00e3o da Paix\u00e3o de Cristo","author":"Di\u00e1rio de Ouro Preto","date":"10 de Mar\u00e7o de 2026","format":false,"excerpt":"\u201cSeu nome \u00e9 Jesus Cristo e est\u00e1 sem casa.\u201d A juventude da par\u00f3quia de Santa Efig\u00eania convida a todos a prestigiarem a encena\u00e7\u00e3o da Paix\u00e3o de Cristo de 2026, que ser\u00e1 realizada no dia 28\/03 \u00e0s 20h na escadaria da Matriz de Santa Efig\u00eania. Iluminados pela Campanha da Fraternidade, que\u2026","rel":"","context":"In &quot;Cultura, Artes e Patrim\u00f4nio&quot;","block_context":{"text":"Cultura, Artes e Patrim\u00f4nio","link":"https:\/\/www.diariodeouropreto.com.br\/pt\/Editoria\/culturaeartes\/"},"img":{"alt_text":"","src":"https:\/\/i0.wp.com\/www.diariodeouropreto.com.br\/wp-content\/uploads\/2026\/03\/WhatsApp-Image-2026-03.jpeg?resize=350%2C200&ssl=1","width":350,"height":200,"srcset":"https:\/\/i0.wp.com\/www.diariodeouropreto.com.br\/wp-content\/uploads\/2026\/03\/WhatsApp-Image-2026-03.jpeg?resize=350%2C200&ssl=1 1x, https:\/\/i0.wp.com\/www.diariodeouropreto.com.br\/wp-content\/uploads\/2026\/03\/WhatsApp-Image-2026-03.jpeg?resize=525%2C300&ssl=1 1.5x, https:\/\/i0.wp.com\/www.diariodeouropreto.com.br\/wp-content\/uploads\/2026\/03\/WhatsApp-Image-2026-03.jpeg?resize=700%2C400&ssl=1 2x"},"classes":[]},{"id":48934,"url":"https:\/\/www.diariodeouropreto.com.br\/pt\/camara-de-mariana-discute-abastecimento-de-agua-terreno-do-antigo-clara-godoi-saude-e-carnaval-2026-na-38a-reuniao-ordinaria\/","url_meta":{"origin":50754,"position":2},"title":"C\u00e2mara de Mariana discute abastecimento de \u00e1gua, terreno do antigo Clara God\u00f3i, sa\u00fade e Carnaval 2026 na 38\u00aa Reuni\u00e3o Ordin\u00e1ria","author":"Davi Saporetti","date":"21 de Novembro de 2025","format":false,"excerpt":"A C\u00e2mara Municipal de Mariana realizou a 38\u00aa Reuni\u00e3o Ordin\u00e1ria com apresenta\u00e7\u00e3o de projetos, leitura de emendas e vota\u00e7\u00e3o de requerimentos. Entre os projetos apresentados, estiveram propostas sobre a Rede Solid\u00e1ria dos Servidores, altera\u00e7\u00f5es no C\u00f3digo Tribut\u00e1rio Municipal, declara\u00e7\u00f5es de utilidade p\u00fablica e incentivos \u00e0 comunica\u00e7\u00e3o alternativa. A sess\u00e3o teve\u2026","rel":"","context":"In &quot;Pol\u00edtica&quot;","block_context":{"text":"Pol\u00edtica","link":"https:\/\/www.diariodeouropreto.com.br\/pt\/Editoria\/politica\/"},"img":{"alt_text":"","src":"https:\/\/i0.wp.com\/www.diariodeouropreto.com.br\/wp-content\/uploads\/2025\/11\/Imagem-do-WhatsApp-de-2025-11-20-as-12.12.06_0ae313fa.jpg?resize=350%2C200&ssl=1","width":350,"height":200,"srcset":"https:\/\/i0.wp.com\/www.diariodeouropreto.com.br\/wp-content\/uploads\/2025\/11\/Imagem-do-WhatsApp-de-2025-11-20-as-12.12.06_0ae313fa.jpg?resize=350%2C200&ssl=1 1x, https:\/\/i0.wp.com\/www.diariodeouropreto.com.br\/wp-content\/uploads\/2025\/11\/Imagem-do-WhatsApp-de-2025-11-20-as-12.12.06_0ae313fa.jpg?resize=525%2C300&ssl=1 1.5x, https:\/\/i0.wp.com\/www.diariodeouropreto.com.br\/wp-content\/uploads\/2025\/11\/Imagem-do-WhatsApp-de-2025-11-20-as-12.12.06_0ae313fa.jpg?resize=700%2C400&ssl=1 2x"},"classes":[]},{"id":50173,"url":"https:\/\/www.diariodeouropreto.com.br\/pt\/camara-de-mariana-realiza-primeira-reuniao-ordinaria-de-2026\/","url_meta":{"origin":50754,"position":3},"title":"C\u00e2mara de Mariana realiza primeira reuni\u00e3o ordin\u00e1ria de 2026","author":"Davi Saporetti","date":"4 de Fevereiro de 2026","format":false,"excerpt":"Sess\u00e3o marcou o in\u00edcio dos trabalhos legislativos do ano com vota\u00e7\u00f5es, requerimentos, indica\u00e7\u00f5es e homenagens A C\u00e2mara Municipal de Mariana realizou, na \u00faltima segunda-feira (02), a 1\u00aa Reuni\u00e3o Ordin\u00e1ria do ano, dando in\u00edcio aos trabalhos legislativos com aprecia\u00e7\u00e3o de projetos de lei, requerimentos, indica\u00e7\u00f5es ao Executivo e mo\u00e7\u00f5es. A sess\u00e3o\u2026","rel":"","context":"In &quot;Pol\u00edtica&quot;","block_context":{"text":"Pol\u00edtica","link":"https:\/\/www.diariodeouropreto.com.br\/pt\/Editoria\/politica\/"},"img":{"alt_text":"","src":"https:\/\/i0.wp.com\/www.diariodeouropreto.com.br\/wp-content\/uploads\/2026\/02\/Captura-de-tela-2026-02-03-200310.jpg?resize=350%2C200&ssl=1","width":350,"height":200,"srcset":"https:\/\/i0.wp.com\/www.diariodeouropreto.com.br\/wp-content\/uploads\/2026\/02\/Captura-de-tela-2026-02-03-200310.jpg?resize=350%2C200&ssl=1 1x, https:\/\/i0.wp.com\/www.diariodeouropreto.com.br\/wp-content\/uploads\/2026\/02\/Captura-de-tela-2026-02-03-200310.jpg?resize=525%2C300&ssl=1 1.5x, https:\/\/i0.wp.com\/www.diariodeouropreto.com.br\/wp-content\/uploads\/2026\/02\/Captura-de-tela-2026-02-03-200310.jpg?resize=700%2C400&ssl=1 2x, https:\/\/i0.wp.com\/www.diariodeouropreto.com.br\/wp-content\/uploads\/2026\/02\/Captura-de-tela-2026-02-03-200310.jpg?resize=1050%2C600&ssl=1 3x"},"classes":[]},{"id":50223,"url":"https:\/\/www.diariodeouropreto.com.br\/pt\/camara-de-mariana-realiza-primeira-reuniao-ordinaria-de-2026-2\/","url_meta":{"origin":50754,"position":4},"title":"C\u00e2mara de Mariana realiza primeira reuni\u00e3o ordin\u00e1ria de 2026","author":"Davi Saporetti","date":"6 de Fevereiro de 2026","format":false,"excerpt":"A C\u00e2mara Municipal de Mariana realizou, na \u00faltima segunda-feira (02), a 1\u00aa Reuni\u00e3o Ordin\u00e1ria do ano, dando in\u00edcio aos trabalhos legislativos com aprecia\u00e7\u00e3o de projetos de lei, requerimentos, indica\u00e7\u00f5es ao Executivo e mo\u00e7\u00f5es. A sess\u00e3o foi aberta ap\u00f3s verifica\u00e7\u00e3o do n\u00famero regimental e seguiu a ordem prevista no regimento interno.\u2026","rel":"","context":"In &quot;Pol\u00edtica&quot;","block_context":{"text":"Pol\u00edtica","link":"https:\/\/www.diariodeouropreto.com.br\/pt\/Editoria\/politica\/"},"img":{"alt_text":"","src":"https:\/\/i0.wp.com\/www.diariodeouropreto.com.br\/wp-content\/uploads\/2026\/02\/Captura-de-tela-2026-02-03-200310-1.jpg?resize=350%2C200&ssl=1","width":350,"height":200,"srcset":"https:\/\/i0.wp.com\/www.diariodeouropreto.com.br\/wp-content\/uploads\/2026\/02\/Captura-de-tela-2026-02-03-200310-1.jpg?resize=350%2C200&ssl=1 1x, https:\/\/i0.wp.com\/www.diariodeouropreto.com.br\/wp-content\/uploads\/2026\/02\/Captura-de-tela-2026-02-03-200310-1.jpg?resize=525%2C300&ssl=1 1.5x, https:\/\/i0.wp.com\/www.diariodeouropreto.com.br\/wp-content\/uploads\/2026\/02\/Captura-de-tela-2026-02-03-200310-1.jpg?resize=700%2C400&ssl=1 2x, https:\/\/i0.wp.com\/www.diariodeouropreto.com.br\/wp-content\/uploads\/2026\/02\/Captura-de-tela-2026-02-03-200310-1.jpg?resize=1050%2C600&ssl=1 3x"},"classes":[]},{"id":30648,"url":"https:\/\/www.diariodeouropreto.com.br\/pt\/campanha-da-fraternidade-incentiva-amizade-social\/","url_meta":{"origin":50754,"position":5},"title":"Campanha da Fraternidade incentiva amizade social","author":"Di\u00e1rio de Ouro Preto","date":"6 de Mar\u00e7o de 2024","format":false,"excerpt":"Tema, que ser\u00e1 abordado em audi\u00eancia p\u00fablica, foi inspirado em enc\u00edclica papal que \u00e9 um apelo contra a intoler\u00e2ncia e a polariza\u00e7\u00e3o \"Fraternidade e amizade social\" \u00e9 o tema da Campanha da Fraternidade da Igreja Cat\u00f3lica em 2024, assunto que ser\u00e1 abordado em audi\u00eancia p\u00fablica na Assembleia Legislativa de Minas\u2026","rel":"","context":"In &quot;Minas Gerais&quot;","block_context":{"text":"Minas Gerais","link":"https:\/\/www.diariodeouropreto.com.br\/pt\/Editoria\/minas-gerais\/"},"img":{"alt_text":"","src":"https:\/\/i0.wp.com\/www.diariodeouropreto.com.br\/wp-content\/uploads\/2024\/03\/Foto-Elizabete-Guimaraes.jpg?resize=350%2C200&ssl=1","width":350,"height":200,"srcset":"https:\/\/i0.wp.com\/www.diariodeouropreto.com.br\/wp-content\/uploads\/2024\/03\/Foto-Elizabete-Guimaraes.jpg?resize=350%2C200&ssl=1 1x, https:\/\/i0.wp.com\/www.diariodeouropreto.com.br\/wp-content\/uploads\/2024\/03\/Foto-Elizabete-Guimaraes.jpg?resize=525%2C300&ssl=1 1.5x"},"classes":[]}],"jetpack_sharing_enabled":true,"amp_enabled":true,"_links":{"self":[{"href":"https:\/\/www.diariodeouropreto.com.br\/pt\/wp-json\/wp\/v2\/posts\/50754","targetHints":{"allow":["GET"]}}],"collection":[{"href":"https:\/\/www.diariodeouropreto.com.br\/pt\/wp-json\/wp\/v2\/posts"}],"about":[{"href":"https:\/\/www.diariodeouropreto.com.br\/pt\/wp-json\/wp\/v2\/types\/post"}],"author":[{"embeddable":true,"href":"https:\/\/www.diariodeouropreto.com.br\/pt\/wp-json\/wp\/v2\/users\/6"}],"replies":[{"embeddable":true,"href":"https:\/\/www.diariodeouropreto.com.br\/pt\/wp-json\/wp\/v2\/comments?post=50754"}],"version-history":[{"count":1,"href":"https:\/\/www.diariodeouropreto.com.br\/pt\/wp-json\/wp\/v2\/posts\/50754\/revisions"}],"predecessor-version":[{"id":50757,"href":"https:\/\/www.diariodeouropreto.com.br\/pt\/wp-json\/wp\/v2\/posts\/50754\/revisions\/50757"}],"wp:featuredmedia":[{"embeddable":true,"href":"https:\/\/www.diariodeouropreto.com.br\/pt\/wp-json\/wp\/v2\/media\/50756"}],"wp:attachment":[{"href":"https:\/\/www.diariodeouropreto.com.br\/pt\/wp-json\/wp\/v2\/media?parent=50754"}],"wp:term":[{"taxonomy":"category","embeddable":true,"href":"https:\/\/www.diariodeouropreto.com.br\/pt\/wp-json\/wp\/v2\/categories?post=50754"},{"taxonomy":"post_tag","embeddable":true,"href":"https:\/\/www.diariodeouropreto.com.br\/pt\/wp-json\/wp\/v2\/tags?post=50754"}],"curies":[{"name":"wp","href":"https:\/\/api.w.org\/{rel}","templated":true}]}}