{"id":50748,"date":"2026-03-06T07:30:00","date_gmt":"2026-03-06T10:30:00","guid":{"rendered":"https:\/\/www.diariodeouropreto.com.br\/?p=50748"},"modified":"2026-03-06T10:16:42","modified_gmt":"2026-03-06T13:16:42","slug":"juliano-duarte-e-empossado-presidente-do-coridoce-e-critica-o-governo-de-minas-na-gestao-do-acordo","status":"publish","type":"post","link":"https:\/\/www.diariodeouropreto.com.br\/pt\/juliano-duarte-e-empossado-presidente-do-coridoce-e-critica-o-governo-de-minas-na-gestao-do-acordo\/","title":{"rendered":"Juliano Duarte \u00e9 empossado presidente do Coridoce e critica o Governo de Minas na gest\u00e3o do Acordo"},"content":{"rendered":"<p><strong>Duarte J\u00fanior explicou que o Minist\u00e9rio da Sa\u00fade j\u00e1 antecipou recursos para os munic\u00edpios<\/strong><\/p>\n\n\n\n<p>O ex-prefeito de Mariana, Duarte Est\u00e1quio J\u00fanior, idealizador do cons\u00f3rcio de munic\u00edpios atingidos pelos rejeitos da barragem de Fund\u00e3o, rebateu a afirma\u00e7\u00e3o do vice-governador Mateus Sim\u00f5es, o qual afirmou que o governo de Minas est\u00e1 destinando os recursos da Sa\u00fade e que, o Governo Federal, \u201ccom metade do valor do acordo do Rio Doce n\u00e3o destina os recursos da Sa\u00fade\u201d.<\/p>\n\n\n\n<p><br>A afirma\u00e7\u00e3o do vice-governador, que tenta ser eleito este ano, causou indigna\u00e7\u00e3o em Duarte J\u00fanior, o qual destacou a uni\u00e3o dos prefeitos dos munic\u00edpios atingidos para as conquistas alcan\u00e7adas. Como os R$ 120 milh\u00f5es destinados para a Educa\u00e7\u00e3o, valor destinado aos munic\u00edpios, entre eles Ouro Preto; O Kit m\u00e1quinas, destinando tratores, patrolas para as cidades atingidas.<\/p>\n\n\n\n<div id=\"110712\" class=\"advads-saneouro advads-entity-placement\" style=\"margin-left: auto;margin-right: auto;text-align: center;\"><a href=\"https:\/\/www.saneouro.com.br\/\" target=\"_blank\" aria-label=\"DOP_Site\" data-wpel-link=\"external\" rel=\"follow external noopener noreferrer sponsored ugc\"><img src=\"https:\/\/www.diariodeouropreto.com.br\/wp-content\/uploads\/2026\/04\/DOP_Site.jpg\" alt=\"\"  srcset=\"https:\/\/www.diariodeouropreto.com.br\/wp-content\/uploads\/2026\/04\/DOP_Site.jpg 301w, https:\/\/www.diariodeouropreto.com.br\/wp-content\/uploads\/2026\/04\/DOP_Site-180x150.jpg 180w, https:\/\/www.diariodeouropreto.com.br\/wp-content\/uploads\/2026\/04\/DOP_Site-14x12.jpg 14w\" sizes=\"(max-width: 301px) 100vw, 301px\" width=\"301\" height=\"251\"  style=\"display: inline-block;\" \/><\/a><\/div><p><br>Duarte J\u00fanior defende que o Coridoce \u00e9 um dos maiores cons\u00f3rcios do pa\u00eds e que deve estar atento \u00e0s manobras do governo de Minas, que pode destinar recursos para cidades que n\u00e3o foram atingidas. \u201cTodos os munic\u00edpios da bacia receberam dinheiro do Governo Federal. Quem n\u00e3o mandou ainda foi o governo do estado e n\u00f3s vamos ficar em cima cobrando para que o dinheiro fique na bacia\u201d, enfatizou.<br>\u201cO governo do estado est\u00e1 usando dinheiro da repactua\u00e7\u00e3o em outras cidades, fez isso no Reurb, usou para fazer o Reurb em outros munic\u00edpios, que n\u00e3o foram os munic\u00edpios atingidos. E eu disse na reuni\u00e3o para todos os prefeitos. Se os prefeitos n\u00e3o se unirem, o dinheiro vai ser utilizado em outros locais que n\u00e3o sejam aqui na bacia do doce. Isso \u00e9 um absurdo. \u00c9 uma vergonha e n\u00f3s n\u00e3o podemos permitir isso\u201d, esbravejou.<\/p>\n\n\n\n<div id=\"50321\" class=\"advads-plantao advads-entity-placement\"><a href=\"https:\/\/www.diariodeouropreto.com.br\/pt\/\" target=\"_blank\" aria-label=\"site &#8211; noticia\" data-wpel-link=\"external\" rel=\"follow external noopener noreferrer sponsored ugc\"><img src=\"https:\/\/www.diariodeouropreto.com.br\/wp-content\/uploads\/2019\/09\/titulosite2-e1616373489755.jpg\" alt=\"\"  srcset=\"https:\/\/www.diariodeouropreto.com.br\/wp-content\/uploads\/2019\/09\/titulosite2-e1616373489755.jpg 1200w, https:\/\/www.diariodeouropreto.com.br\/wp-content\/uploads\/2019\/09\/titulosite2-e1616373489755-150x38.jpg 150w, https:\/\/www.diariodeouropreto.com.br\/wp-content\/uploads\/2019\/09\/titulosite2-e1616373489755-660x167.jpg 660w, https:\/\/www.diariodeouropreto.com.br\/wp-content\/uploads\/2019\/09\/titulosite2-e1616373489755-768x194.jpg 768w, https:\/\/www.diariodeouropreto.com.br\/wp-content\/uploads\/2019\/09\/titulosite2-e1616373489755-1000x252.jpg 1000w, https:\/\/www.diariodeouropreto.com.br\/wp-content\/uploads\/2019\/09\/titulosite2-e1616373489755-1536x388.jpg 1536w, https:\/\/www.diariodeouropreto.com.br\/wp-content\/uploads\/2019\/09\/titulosite2-e1616373489755-2048x517.jpg 2048w\" sizes=\"(max-width: 1200px) 100vw, 1200px\" width=\"1200\" height=\"303\"  style=\"display: inline-block;\" \/><\/a><\/div><p>Por Marcelino Castro<\/p>","protected":false},"excerpt":{"rendered":"<p>Duarte J\u00fanior explicou que o Minist\u00e9rio da Sa\u00fade j\u00e1 antecipou recursos para os munic\u00edpios O ex-prefeito de Mariana, Duarte Est\u00e1quio J\u00fanior, idealizador do cons\u00f3rcio de munic\u00edpios atingidos pelos rejeitos da barragem de Fund\u00e3o, rebateu a afirma\u00e7\u00e3o do vice-governador Mateus Sim\u00f5es, o qual afirmou que o governo de Minas est\u00e1 destinando<span class=\"more-link\"><a href=\"https:\/\/www.diariodeouropreto.com.br\/pt\/juliano-duarte-e-empossado-presidente-do-coridoce-e-critica-o-governo-de-minas-na-gestao-do-acordo\/\" data-wpel-link=\"internal\">Continue Lendo<\/a><\/span><\/p>","protected":false},"author":1,"featured_media":50749,"comment_status":"closed","ping_status":"closed","sticky":false,"template":"","format":"standard","meta":{"_jetpack_memberships_contains_paid_content":false,"footnotes":"","jetpack_publicize_message":"Duarte J\u00fanior explicou que o Minist\u00e9rio da Sa\u00fade j\u00e1 antecipou recursos para os munic\u00edpios","jetpack_publicize_feature_enabled":true,"jetpack_social_post_already_shared":true,"jetpack_social_options":{"image_generator_settings":{"template":"highway","default_image_id":0,"font":"","enabled":false},"version":2}},"categories":[824],"tags":[],"class_list":["entry","author-diario","post-50748","post","type-post","status-publish","format-standard","has-post-thumbnail","category-geral"],"yoast_head":"<!-- This site is optimized with the Yoast SEO plugin v27.5 - https:\/\/yoast.com\/product\/yoast-seo-wordpress\/ -->\n<title>Juliano Duarte \u00e9 empossado presidente do Coridoce e critica o Governo de Minas na gest\u00e3o do Acordo - Di\u00e1rio de Ouro Preto<\/title>\n<meta name=\"description\" content=\"Duarte J\u00fanior explicou que o Minist\u00e9rio da Sa\u00fade j\u00e1 antecipou recursos para os munic\u00edpios - Juliano Duarte \u00e9 empossado presidente do Coridoce e critica o Governo de Minas na gest\u00e3o do Acordo\" \/>\n<meta name=\"robots\" content=\"index, follow, max-snippet:-1, max-image-preview:large, max-video-preview:-1\" \/>\n<link rel=\"canonical\" href=\"https:\/\/www.diariodeouropreto.com.br\/pt\/juliano-duarte-e-empossado-presidente-do-coridoce-e-critica-o-governo-de-minas-na-gestao-do-acordo\/\" \/>\n<meta property=\"og:locale\" content=\"pt_PT\" \/>\n<meta property=\"og:type\" content=\"article\" \/>\n<meta property=\"og:title\" content=\"Juliano Duarte \u00e9 empossado presidente do Coridoce e critica o Governo de Minas na gest\u00e3o do Acordo - Di\u00e1rio de Ouro Preto\" \/>\n<meta property=\"og:description\" content=\"Duarte J\u00fanior explicou que o Minist\u00e9rio da Sa\u00fade j\u00e1 antecipou recursos para os munic\u00edpios - Juliano Duarte \u00e9 empossado presidente do Coridoce e critica o Governo de Minas na gest\u00e3o do Acordo\" \/>\n<meta property=\"og:url\" content=\"https:\/\/www.diariodeouropreto.com.br\/pt\/juliano-duarte-e-empossado-presidente-do-coridoce-e-critica-o-governo-de-minas-na-gestao-do-acordo\/\" \/>\n<meta property=\"og:site_name\" content=\"Di\u00e1rio de Ouro Preto\" \/>\n<meta property=\"article:publisher\" content=\"https:\/\/www.facebook.com\/diariodeouropreto\/\" \/>\n<meta property=\"article:published_time\" content=\"2026-03-06T10:30:00+00:00\" \/>\n<meta property=\"article:modified_time\" content=\"2026-03-06T13:16:42+00:00\" \/>\n<meta property=\"og:image\" content=\"https:\/\/www.diariodeouropreto.com.br\/wp-content\/uploads\/2026\/03\/WhatsApp-Image-2026-03-05-at-17.43.26.jpeg\" \/>\n\t<meta property=\"og:image:width\" content=\"1067\" \/>\n\t<meta property=\"og:image:height\" content=\"800\" \/>\n\t<meta property=\"og:image:type\" content=\"image\/jpeg\" \/>\n<meta name=\"author\" content=\"Di\u00e1rio de Ouro Preto\" \/>\n<meta name=\"twitter:card\" content=\"summary_large_image\" \/>\n<meta name=\"twitter:label1\" content=\"Escrito por\" \/>\n\t<meta name=\"twitter:data1\" content=\"Di\u00e1rio de Ouro Preto\" \/>\n\t<meta name=\"twitter:label2\" content=\"Tempo estimado de leitura\" \/>\n\t<meta name=\"twitter:data2\" content=\"2 minutos\" \/>\n<script type=\"application\/ld+json\" class=\"yoast-schema-graph\">{\"@context\":\"https:\\\/\\\/schema.org\",\"@graph\":[{\"@type\":\"Article\",\"@id\":\"https:\\\/\\\/www.diariodeouropreto.com.br\\\/juliano-duarte-e-empossado-presidente-do-coridoce-e-critica-o-governo-de-minas-na-gestao-do-acordo\\\/#article\",\"isPartOf\":{\"@id\":\"https:\\\/\\\/www.diariodeouropreto.com.br\\\/juliano-duarte-e-empossado-presidente-do-coridoce-e-critica-o-governo-de-minas-na-gestao-do-acordo\\\/\"},\"author\":{\"name\":\"Di\u00e1rio de Ouro Preto\",\"@id\":\"https:\\\/\\\/www.diariodeouropreto.com.br\\\/pt\\\/#\\\/schema\\\/person\\\/7654e7b471204a6dab6dc0ce6e140c99\"},\"headline\":\"Juliano Duarte \u00e9 empossado presidente do Coridoce e critica o Governo de Minas na gest\u00e3o do Acordo\",\"datePublished\":\"2026-03-06T10:30:00+00:00\",\"dateModified\":\"2026-03-06T13:16:42+00:00\",\"mainEntityOfPage\":{\"@id\":\"https:\\\/\\\/www.diariodeouropreto.com.br\\\/juliano-duarte-e-empossado-presidente-do-coridoce-e-critica-o-governo-de-minas-na-gestao-do-acordo\\\/\"},\"wordCount\":329,\"publisher\":{\"@id\":\"https:\\\/\\\/www.diariodeouropreto.com.br\\\/pt\\\/#organization\"},\"image\":{\"@id\":\"https:\\\/\\\/www.diariodeouropreto.com.br\\\/juliano-duarte-e-empossado-presidente-do-coridoce-e-critica-o-governo-de-minas-na-gestao-do-acordo\\\/#primaryimage\"},\"thumbnailUrl\":\"https:\\\/\\\/www.diariodeouropreto.com.br\\\/wp-content\\\/uploads\\\/2026\\\/03\\\/WhatsApp-Image-2026-03-05-at-17.43.26.jpeg\",\"articleSection\":[\"Geral\"],\"inLanguage\":\"pt-PT\"},{\"@type\":\"WebPage\",\"@id\":\"https:\\\/\\\/www.diariodeouropreto.com.br\\\/juliano-duarte-e-empossado-presidente-do-coridoce-e-critica-o-governo-de-minas-na-gestao-do-acordo\\\/\",\"url\":\"https:\\\/\\\/www.diariodeouropreto.com.br\\\/juliano-duarte-e-empossado-presidente-do-coridoce-e-critica-o-governo-de-minas-na-gestao-do-acordo\\\/\",\"name\":\"Juliano Duarte \u00e9 empossado presidente do Coridoce e critica o Governo de Minas na gest\u00e3o do Acordo - Di\u00e1rio de Ouro Preto\",\"isPartOf\":{\"@id\":\"https:\\\/\\\/www.diariodeouropreto.com.br\\\/pt\\\/#website\"},\"primaryImageOfPage\":{\"@id\":\"https:\\\/\\\/www.diariodeouropreto.com.br\\\/juliano-duarte-e-empossado-presidente-do-coridoce-e-critica-o-governo-de-minas-na-gestao-do-acordo\\\/#primaryimage\"},\"image\":{\"@id\":\"https:\\\/\\\/www.diariodeouropreto.com.br\\\/juliano-duarte-e-empossado-presidente-do-coridoce-e-critica-o-governo-de-minas-na-gestao-do-acordo\\\/#primaryimage\"},\"thumbnailUrl\":\"https:\\\/\\\/www.diariodeouropreto.com.br\\\/wp-content\\\/uploads\\\/2026\\\/03\\\/WhatsApp-Image-2026-03-05-at-17.43.26.jpeg\",\"datePublished\":\"2026-03-06T10:30:00+00:00\",\"dateModified\":\"2026-03-06T13:16:42+00:00\",\"description\":\"Duarte J\u00fanior explicou que o Minist\u00e9rio da Sa\u00fade j\u00e1 antecipou recursos para os munic\u00edpios - Juliano Duarte \u00e9 empossado presidente do Coridoce e critica o Governo de Minas na gest\u00e3o do Acordo\",\"breadcrumb\":{\"@id\":\"https:\\\/\\\/www.diariodeouropreto.com.br\\\/juliano-duarte-e-empossado-presidente-do-coridoce-e-critica-o-governo-de-minas-na-gestao-do-acordo\\\/#breadcrumb\"},\"inLanguage\":\"pt-PT\",\"potentialAction\":[{\"@type\":\"ReadAction\",\"target\":[\"https:\\\/\\\/www.diariodeouropreto.com.br\\\/juliano-duarte-e-empossado-presidente-do-coridoce-e-critica-o-governo-de-minas-na-gestao-do-acordo\\\/\"]}]},{\"@type\":\"ImageObject\",\"inLanguage\":\"pt-PT\",\"@id\":\"https:\\\/\\\/www.diariodeouropreto.com.br\\\/juliano-duarte-e-empossado-presidente-do-coridoce-e-critica-o-governo-de-minas-na-gestao-do-acordo\\\/#primaryimage\",\"url\":\"https:\\\/\\\/www.diariodeouropreto.com.br\\\/wp-content\\\/uploads\\\/2026\\\/03\\\/WhatsApp-Image-2026-03-05-at-17.43.26.jpeg\",\"contentUrl\":\"https:\\\/\\\/www.diariodeouropreto.com.br\\\/wp-content\\\/uploads\\\/2026\\\/03\\\/WhatsApp-Image-2026-03-05-at-17.43.26.jpeg\",\"width\":1067,\"height\":800},{\"@type\":\"BreadcrumbList\",\"@id\":\"https:\\\/\\\/www.diariodeouropreto.com.br\\\/juliano-duarte-e-empossado-presidente-do-coridoce-e-critica-o-governo-de-minas-na-gestao-do-acordo\\\/#breadcrumb\",\"itemListElement\":[{\"@type\":\"ListItem\",\"position\":1,\"name\":\"In\u00edcio\",\"item\":\"https:\\\/\\\/www.diariodeouropreto.com.br\\\/pt\\\/\"},{\"@type\":\"ListItem\",\"position\":2,\"name\":\"Juliano Duarte \u00e9 empossado presidente do Coridoce e critica o Governo de Minas na gest\u00e3o do Acordo\"}]},{\"@type\":\"WebSite\",\"@id\":\"https:\\\/\\\/www.diariodeouropreto.com.br\\\/pt\\\/#website\",\"url\":\"https:\\\/\\\/www.diariodeouropreto.com.br\\\/pt\\\/\",\"name\":\"Di\u00e1rio de Ouro Preto\",\"description\":\"Not\u00edcias Ouro Preto; Mariana;Minas Gerais;Jornal;Jornalismo;Not\u00edcias;\",\"publisher\":{\"@id\":\"https:\\\/\\\/www.diariodeouropreto.com.br\\\/pt\\\/#organization\"},\"alternateName\":\"Jornal di\u00e1rio de Ouro Preto\",\"potentialAction\":[{\"@type\":\"SearchAction\",\"target\":{\"@type\":\"EntryPoint\",\"urlTemplate\":\"https:\\\/\\\/www.diariodeouropreto.com.br\\\/pt\\\/?s={search_term_string}\"},\"query-input\":{\"@type\":\"PropertyValueSpecification\",\"valueRequired\":true,\"valueName\":\"search_term_string\"}}],\"inLanguage\":\"pt-PT\"},{\"@type\":\"Organization\",\"@id\":\"https:\\\/\\\/www.diariodeouropreto.com.br\\\/pt\\\/#organization\",\"name\":\"Di\u00e1rio de Ouro Preto\",\"alternateName\":\"Jornal di\u00e1rio Ouro Preto\",\"url\":\"https:\\\/\\\/www.diariodeouropreto.com.br\\\/pt\\\/\",\"logo\":{\"@type\":\"ImageObject\",\"inLanguage\":\"pt-PT\",\"@id\":\"https:\\\/\\\/www.diariodeouropreto.com.br\\\/pt\\\/#\\\/schema\\\/logo\\\/image\\\/\",\"url\":\"https:\\\/\\\/www.diariodeouropreto.com.br\\\/wp-content\\\/uploads\\\/2019\\\/06\\\/cropped-logotransp-2.png\",\"contentUrl\":\"https:\\\/\\\/www.diariodeouropreto.com.br\\\/wp-content\\\/uploads\\\/2019\\\/06\\\/cropped-logotransp-2.png\",\"width\":1323,\"height\":251,\"caption\":\"Di\u00e1rio de Ouro Preto\"},\"image\":{\"@id\":\"https:\\\/\\\/www.diariodeouropreto.com.br\\\/pt\\\/#\\\/schema\\\/logo\\\/image\\\/\"},\"sameAs\":[\"https:\\\/\\\/www.facebook.com\\\/diariodeouropreto\\\/\"]},{\"@type\":\"Person\",\"@id\":\"https:\\\/\\\/www.diariodeouropreto.com.br\\\/pt\\\/#\\\/schema\\\/person\\\/7654e7b471204a6dab6dc0ce6e140c99\",\"name\":\"Di\u00e1rio de Ouro Preto\",\"sameAs\":[\"http:\\\/\\\/www.diariodeouropreto.com.br\"],\"url\":\"https:\\\/\\\/www.diariodeouropreto.com.br\\\/pt\\\/author\\\/diario\\\/\"}]}<\/script>\n<!-- \/ Yoast SEO plugin. -->","yoast_head_json":{"title":"Juliano Duarte \u00e9 empossado presidente do Coridoce e critica o Governo de Minas na gest\u00e3o do Acordo - Di\u00e1rio de Ouro Preto","description":"Duarte J\u00fanior explicou que o Minist\u00e9rio da Sa\u00fade j\u00e1 antecipou recursos para os munic\u00edpios - Juliano Duarte \u00e9 empossado presidente do Coridoce e critica o Governo de Minas na gest\u00e3o do Acordo","robots":{"index":"index","follow":"follow","max-snippet":"max-snippet:-1","max-image-preview":"max-image-preview:large","max-video-preview":"max-video-preview:-1"},"canonical":"https:\/\/www.diariodeouropreto.com.br\/pt\/juliano-duarte-e-empossado-presidente-do-coridoce-e-critica-o-governo-de-minas-na-gestao-do-acordo\/","og_locale":"pt_PT","og_type":"article","og_title":"Juliano Duarte \u00e9 empossado presidente do Coridoce e critica o Governo de Minas na gest\u00e3o do Acordo - Di\u00e1rio de Ouro Preto","og_description":"Duarte J\u00fanior explicou que o Minist\u00e9rio da Sa\u00fade j\u00e1 antecipou recursos para os munic\u00edpios - Juliano Duarte \u00e9 empossado presidente do Coridoce e critica o Governo de Minas na gest\u00e3o do Acordo","og_url":"https:\/\/www.diariodeouropreto.com.br\/pt\/juliano-duarte-e-empossado-presidente-do-coridoce-e-critica-o-governo-de-minas-na-gestao-do-acordo\/","og_site_name":"Di\u00e1rio de Ouro Preto","article_publisher":"https:\/\/www.facebook.com\/diariodeouropreto\/","article_published_time":"2026-03-06T10:30:00+00:00","article_modified_time":"2026-03-06T13:16:42+00:00","og_image":[{"width":1067,"height":800,"url":"https:\/\/www.diariodeouropreto.com.br\/wp-content\/uploads\/2026\/03\/WhatsApp-Image-2026-03-05-at-17.43.26.jpeg","type":"image\/jpeg"}],"author":"Di\u00e1rio de Ouro Preto","twitter_card":"summary_large_image","twitter_misc":{"Escrito por":"Di\u00e1rio de Ouro Preto","Tempo estimado de leitura":"2 minutos"},"schema":{"@context":"https:\/\/schema.org","@graph":[{"@type":"Article","@id":"https:\/\/www.diariodeouropreto.com.br\/juliano-duarte-e-empossado-presidente-do-coridoce-e-critica-o-governo-de-minas-na-gestao-do-acordo\/#article","isPartOf":{"@id":"https:\/\/www.diariodeouropreto.com.br\/juliano-duarte-e-empossado-presidente-do-coridoce-e-critica-o-governo-de-minas-na-gestao-do-acordo\/"},"author":{"name":"Di\u00e1rio de Ouro Preto","@id":"https:\/\/www.diariodeouropreto.com.br\/pt\/#\/schema\/person\/7654e7b471204a6dab6dc0ce6e140c99"},"headline":"Juliano Duarte \u00e9 empossado presidente do Coridoce e critica o Governo de Minas na gest\u00e3o do Acordo","datePublished":"2026-03-06T10:30:00+00:00","dateModified":"2026-03-06T13:16:42+00:00","mainEntityOfPage":{"@id":"https:\/\/www.diariodeouropreto.com.br\/juliano-duarte-e-empossado-presidente-do-coridoce-e-critica-o-governo-de-minas-na-gestao-do-acordo\/"},"wordCount":329,"publisher":{"@id":"https:\/\/www.diariodeouropreto.com.br\/pt\/#organization"},"image":{"@id":"https:\/\/www.diariodeouropreto.com.br\/juliano-duarte-e-empossado-presidente-do-coridoce-e-critica-o-governo-de-minas-na-gestao-do-acordo\/#primaryimage"},"thumbnailUrl":"https:\/\/www.diariodeouropreto.com.br\/wp-content\/uploads\/2026\/03\/WhatsApp-Image-2026-03-05-at-17.43.26.jpeg","articleSection":["Geral"],"inLanguage":"pt-PT"},{"@type":"WebPage","@id":"https:\/\/www.diariodeouropreto.com.br\/juliano-duarte-e-empossado-presidente-do-coridoce-e-critica-o-governo-de-minas-na-gestao-do-acordo\/","url":"https:\/\/www.diariodeouropreto.com.br\/juliano-duarte-e-empossado-presidente-do-coridoce-e-critica-o-governo-de-minas-na-gestao-do-acordo\/","name":"Juliano Duarte \u00e9 empossado presidente do Coridoce e critica o Governo de Minas na gest\u00e3o do Acordo - Di\u00e1rio de Ouro Preto","isPartOf":{"@id":"https:\/\/www.diariodeouropreto.com.br\/pt\/#website"},"primaryImageOfPage":{"@id":"https:\/\/www.diariodeouropreto.com.br\/juliano-duarte-e-empossado-presidente-do-coridoce-e-critica-o-governo-de-minas-na-gestao-do-acordo\/#primaryimage"},"image":{"@id":"https:\/\/www.diariodeouropreto.com.br\/juliano-duarte-e-empossado-presidente-do-coridoce-e-critica-o-governo-de-minas-na-gestao-do-acordo\/#primaryimage"},"thumbnailUrl":"https:\/\/www.diariodeouropreto.com.br\/wp-content\/uploads\/2026\/03\/WhatsApp-Image-2026-03-05-at-17.43.26.jpeg","datePublished":"2026-03-06T10:30:00+00:00","dateModified":"2026-03-06T13:16:42+00:00","description":"Duarte J\u00fanior explicou que o Minist\u00e9rio da Sa\u00fade j\u00e1 antecipou recursos para os munic\u00edpios - Juliano Duarte \u00e9 empossado presidente do Coridoce e critica o Governo de Minas na gest\u00e3o do Acordo","breadcrumb":{"@id":"https:\/\/www.diariodeouropreto.com.br\/juliano-duarte-e-empossado-presidente-do-coridoce-e-critica-o-governo-de-minas-na-gestao-do-acordo\/#breadcrumb"},"inLanguage":"pt-PT","potentialAction":[{"@type":"ReadAction","target":["https:\/\/www.diariodeouropreto.com.br\/juliano-duarte-e-empossado-presidente-do-coridoce-e-critica-o-governo-de-minas-na-gestao-do-acordo\/"]}]},{"@type":"ImageObject","inLanguage":"pt-PT","@id":"https:\/\/www.diariodeouropreto.com.br\/juliano-duarte-e-empossado-presidente-do-coridoce-e-critica-o-governo-de-minas-na-gestao-do-acordo\/#primaryimage","url":"https:\/\/www.diariodeouropreto.com.br\/wp-content\/uploads\/2026\/03\/WhatsApp-Image-2026-03-05-at-17.43.26.jpeg","contentUrl":"https:\/\/www.diariodeouropreto.com.br\/wp-content\/uploads\/2026\/03\/WhatsApp-Image-2026-03-05-at-17.43.26.jpeg","width":1067,"height":800},{"@type":"BreadcrumbList","@id":"https:\/\/www.diariodeouropreto.com.br\/juliano-duarte-e-empossado-presidente-do-coridoce-e-critica-o-governo-de-minas-na-gestao-do-acordo\/#breadcrumb","itemListElement":[{"@type":"ListItem","position":1,"name":"In\u00edcio","item":"https:\/\/www.diariodeouropreto.com.br\/pt\/"},{"@type":"ListItem","position":2,"name":"Juliano Duarte \u00e9 empossado presidente do Coridoce e critica o Governo de Minas na gest\u00e3o do Acordo"}]},{"@type":"WebSite","@id":"https:\/\/www.diariodeouropreto.com.br\/pt\/#website","url":"https:\/\/www.diariodeouropreto.com.br\/pt\/","name":"Di\u00e1rio de Ouro Preto","description":"Not\u00edcias Ouro Preto; Mariana;Minas Gerais;Jornal;Jornalismo;Not\u00edcias;","publisher":{"@id":"https:\/\/www.diariodeouropreto.com.br\/pt\/#organization"},"alternateName":"Jornal di\u00e1rio de Ouro Preto","potentialAction":[{"@type":"SearchAction","target":{"@type":"EntryPoint","urlTemplate":"https:\/\/www.diariodeouropreto.com.br\/pt\/?s={search_term_string}"},"query-input":{"@type":"PropertyValueSpecification","valueRequired":true,"valueName":"search_term_string"}}],"inLanguage":"pt-PT"},{"@type":"Organization","@id":"https:\/\/www.diariodeouropreto.com.br\/pt\/#organization","name":"Di\u00e1rio de Ouro Preto","alternateName":"Jornal di\u00e1rio Ouro Preto","url":"https:\/\/www.diariodeouropreto.com.br\/pt\/","logo":{"@type":"ImageObject","inLanguage":"pt-PT","@id":"https:\/\/www.diariodeouropreto.com.br\/pt\/#\/schema\/logo\/image\/","url":"https:\/\/www.diariodeouropreto.com.br\/wp-content\/uploads\/2019\/06\/cropped-logotransp-2.png","contentUrl":"https:\/\/www.diariodeouropreto.com.br\/wp-content\/uploads\/2019\/06\/cropped-logotransp-2.png","width":1323,"height":251,"caption":"Di\u00e1rio de Ouro Preto"},"image":{"@id":"https:\/\/www.diariodeouropreto.com.br\/pt\/#\/schema\/logo\/image\/"},"sameAs":["https:\/\/www.facebook.com\/diariodeouropreto\/"]},{"@type":"Person","@id":"https:\/\/www.diariodeouropreto.com.br\/pt\/#\/schema\/person\/7654e7b471204a6dab6dc0ce6e140c99","name":"Di\u00e1rio de Ouro Preto","sameAs":["http:\/\/www.diariodeouropreto.com.br"],"url":"https:\/\/www.diariodeouropreto.com.br\/pt\/author\/diario\/"}]}},"jetpack_publicize_connections":[],"jetpack_featured_media_url":"https:\/\/www.diariodeouropreto.com.br\/wp-content\/uploads\/2026\/03\/WhatsApp-Image-2026-03-05-at-17.43.26.jpeg","jetpack-related-posts":[{"id":32534,"url":"https:\/\/www.diariodeouropreto.com.br\/pt\/coluna-tiquinho-de-politica-antonio-pereira-e-o-centro-das-discussoes-deputado-duarte-junior-versus-secretario-de-saude-de-ouro-preto\/","url_meta":{"origin":50748,"position":0},"title":"[Coluna Tiquinho de Pol\u00edtica]\u00a0 Ant\u00f4nio Pereira \u00e9 o centro das discuss\u00f5es: Deputado Duarte J\u00fanior versus secret\u00e1rio de Sa\u00fade de Ouro Preto","author":"Di\u00e1rio de Ouro Preto","date":"28 de Abril de 2024","format":false,"excerpt":"Ouro Preto - \u00a0O distrito de Ant\u00f4nio Pereira \u00e9 o foco da discuss\u00e3o entre o deputado federal Duarte J\u00fanior e o Secret\u00e1rio de Sa\u00fade de Ouro Preto, Leandro Leonardo Moreira, cada um em sua rede social divulgou v\u00eddeo rebatendo a fala do outro. Ser\u00e3o os sinais da chegada das elei\u00e7\u00f5es\u2026","rel":"","context":"In &quot;Coluna&quot;","block_context":{"text":"Coluna","link":"https:\/\/www.diariodeouropreto.com.br\/pt\/Editoria\/coluna\/"},"img":{"alt_text":"","src":"https:\/\/i0.wp.com\/www.diariodeouropreto.com.br\/wp-content\/uploads\/2024\/04\/igreja-queimada_Antonio-Pereira.jpg?resize=350%2C200&ssl=1","width":350,"height":200,"srcset":"https:\/\/i0.wp.com\/www.diariodeouropreto.com.br\/wp-content\/uploads\/2024\/04\/igreja-queimada_Antonio-Pereira.jpg?resize=350%2C200&ssl=1 1x, https:\/\/i0.wp.com\/www.diariodeouropreto.com.br\/wp-content\/uploads\/2024\/04\/igreja-queimada_Antonio-Pereira.jpg?resize=525%2C300&ssl=1 1.5x, https:\/\/i0.wp.com\/www.diariodeouropreto.com.br\/wp-content\/uploads\/2024\/04\/igreja-queimada_Antonio-Pereira.jpg?resize=700%2C400&ssl=1 2x, https:\/\/i0.wp.com\/www.diariodeouropreto.com.br\/wp-content\/uploads\/2024\/04\/igreja-queimada_Antonio-Pereira.jpg?resize=1050%2C600&ssl=1 3x"},"classes":[]},{"id":50744,"url":"https:\/\/www.diariodeouropreto.com.br\/pt\/juliano-duarte-empossado-presidente-do-coridoce-municipios-buscam-antecipacao-dos-recursos-da-saude\/","url_meta":{"origin":50748,"position":1},"title":"Juliano Duarte empossado presidente do CORIDOCE, Munic\u00edpios buscam antecipa\u00e7\u00e3o dos recursos da Sa\u00fade","author":"Marcelino Castro","date":"6 de Mar\u00e7o de 2026","format":false,"excerpt":"Prefeitos se reuniram com representantes do Minist\u00e9rio da Sa\u00fade e com Promotores durante a Assembleia realizada em Mariana ontem Mariana - O prefeito Juliano Duarte foi empossado, na manh\u00e3 de ontem, presidente do Cons\u00f3rcio P\u00fablico para Defesa e Revitaliza\u00e7\u00e3o do Rio Doce (CoriDoce), a Assembleia Geral foi realizada no Centro\u2026","rel":"","context":"In &quot;Manchete do dia&quot;","block_context":{"text":"Manchete do dia","link":"https:\/\/www.diariodeouropreto.com.br\/pt\/Editoria\/manchete-do-dia\/"},"img":{"alt_text":"","src":"https:\/\/i0.wp.com\/www.diariodeouropreto.com.br\/wp-content\/uploads\/2026\/03\/WhatsApp-Image-2026-03-05-at-16.36.14.jpg?resize=350%2C200&ssl=1","width":350,"height":200,"srcset":"https:\/\/i0.wp.com\/www.diariodeouropreto.com.br\/wp-content\/uploads\/2026\/03\/WhatsApp-Image-2026-03-05-at-16.36.14.jpg?resize=350%2C200&ssl=1 1x, https:\/\/i0.wp.com\/www.diariodeouropreto.com.br\/wp-content\/uploads\/2026\/03\/WhatsApp-Image-2026-03-05-at-16.36.14.jpg?resize=525%2C300&ssl=1 1.5x, https:\/\/i0.wp.com\/www.diariodeouropreto.com.br\/wp-content\/uploads\/2026\/03\/WhatsApp-Image-2026-03-05-at-16.36.14.jpg?resize=700%2C400&ssl=1 2x, https:\/\/i0.wp.com\/www.diariodeouropreto.com.br\/wp-content\/uploads\/2026\/03\/WhatsApp-Image-2026-03-05-at-16.36.14.jpg?resize=1050%2C600&ssl=1 3x"},"classes":[]},{"id":34600,"url":"https:\/\/www.diariodeouropreto.com.br\/pt\/republicanos-convida-duarte-junior-para-acompanhar-o-acordo-de-repactuacao-de-mariana\/","url_meta":{"origin":50748,"position":2},"title":"Republicanos convida Duarte J\u00fanior\u00a0 para acompanhar o Acordo de Repactua\u00e7\u00e3o de Mariana","author":"Di\u00e1rio de Ouro Preto","date":"17 de Junho de 2024","format":false,"excerpt":"O deputado federal, Duarte J\u00fanior, foi indicado pelo partido Republicanos para acompanhar a execu\u00e7\u00e3o do novo acordo de Mariana, sua responsabilidade \u00e9 de acompanhar a execu\u00e7\u00e3o das medidas de repara\u00e7\u00e3o determinadas pelo judici\u00e1rio, coordenando as a\u00e7\u00f5es na Bacia do Rio Doce, composta por cerca de 50 munic\u00edpios. A informa\u00e7\u00e3o foi\u2026","rel":"","context":"In &quot;Pol\u00edtica&quot;","block_context":{"text":"Pol\u00edtica","link":"https:\/\/www.diariodeouropreto.com.br\/pt\/Editoria\/politica\/"},"img":{"alt_text":"","src":"https:\/\/i0.wp.com\/www.diariodeouropreto.com.br\/wp-content\/uploads\/2024\/06\/53789292766_7e4e33f6a6_z.jpg?resize=350%2C200&ssl=1","width":350,"height":200,"srcset":"https:\/\/i0.wp.com\/www.diariodeouropreto.com.br\/wp-content\/uploads\/2024\/06\/53789292766_7e4e33f6a6_z.jpg?resize=350%2C200&ssl=1 1x, https:\/\/i0.wp.com\/www.diariodeouropreto.com.br\/wp-content\/uploads\/2024\/06\/53789292766_7e4e33f6a6_z.jpg?resize=525%2C300&ssl=1 1.5x"},"classes":[]},{"id":40335,"url":"https:\/\/www.diariodeouropreto.com.br\/pt\/juliano-duarte-acompanha-julgamento-historico-sobre-a-barragem-de-fundao-na-inglaterra\/","url_meta":{"origin":50748,"position":3},"title":"Juliano Duarte acompanha julgamento hist\u00f3rico sobre a barragem de Fund\u00e3o na Inglaterra","author":"Di\u00e1rio de Ouro Preto","date":"29 de Novembro de 2024","format":false,"excerpt":"Londres, Inglaterra \u2014 O prefeito eleito de Mariana, Juliano Duarte, esteve presente nesta quarta-feira na Alta Corte de Londres para acompanhar o julgamento hist\u00f3rico contra a BHP, s\u00f3cia majorit\u00e1ria da Samarco. A a\u00e7\u00e3o busca repara\u00e7\u00f5es pela trag\u00e9dia do rompimento da barragem de Fund\u00e3o em 2015, que devastou Mariana e a\u2026","rel":"","context":"In &quot;Internacional&quot;","block_context":{"text":"Internacional","link":"https:\/\/www.diariodeouropreto.com.br\/pt\/Editoria\/internacional\/"},"img":{"alt_text":"","src":"https:\/\/i0.wp.com\/www.diariodeouropreto.com.br\/wp-content\/uploads\/2024\/11\/londrecs.jpg?resize=350%2C200&ssl=1","width":350,"height":200,"srcset":"https:\/\/i0.wp.com\/www.diariodeouropreto.com.br\/wp-content\/uploads\/2024\/11\/londrecs.jpg?resize=350%2C200&ssl=1 1x, https:\/\/i0.wp.com\/www.diariodeouropreto.com.br\/wp-content\/uploads\/2024\/11\/londrecs.jpg?resize=525%2C300&ssl=1 1.5x, https:\/\/i0.wp.com\/www.diariodeouropreto.com.br\/wp-content\/uploads\/2024\/11\/londrecs.jpg?resize=700%2C400&ssl=1 2x"},"classes":[]},{"id":31953,"url":"https:\/\/www.diariodeouropreto.com.br\/pt\/duarte-junior-e-adriano-alvarenga-destinam-juntos-r-1-milhao-para-serem-aplicados-em-antonio-pereira\/","url_meta":{"origin":50748,"position":4},"title":"Duarte J\u00fanior e Adriano Alvarenga destinam juntos R$ 1 milh\u00e3o para serem aplicados em Ant\u00f4nio Pereira","author":"Di\u00e1rio de Ouro Preto","date":"19 de Abril de 2024","format":false,"excerpt":"Ant\u00f4nio Pereira - O deputado federal, Duarte J\u00fanior (Republicanos) ao lado do deputado estadual Adriano Alvarenga (PP) anunciaram a libera\u00e7\u00e3o de R$ 1 milh\u00e3o em emendas parlamentares para a unidade b\u00e1sica de sa\u00fade do distrito, onde nesta quarta-feira, 17\/04, gravaram v\u00eddeo em frente a UBS. Duarte J\u00fanior explicou que conseguiu\u2026","rel":"","context":"In &quot;Pol\u00edtica&quot;","block_context":{"text":"Pol\u00edtica","link":"https:\/\/www.diariodeouropreto.com.br\/pt\/Editoria\/politica\/"},"img":{"alt_text":"","src":"https:\/\/i0.wp.com\/www.diariodeouropreto.com.br\/wp-content\/uploads\/2024\/04\/Imagem-do-WhatsApp-de-2024-04-18-as-14.47.13_7ac1bd20.jpg?resize=350%2C200&ssl=1","width":350,"height":200,"srcset":"https:\/\/i0.wp.com\/www.diariodeouropreto.com.br\/wp-content\/uploads\/2024\/04\/Imagem-do-WhatsApp-de-2024-04-18-as-14.47.13_7ac1bd20.jpg?resize=350%2C200&ssl=1 1x, https:\/\/i0.wp.com\/www.diariodeouropreto.com.br\/wp-content\/uploads\/2024\/04\/Imagem-do-WhatsApp-de-2024-04-18-as-14.47.13_7ac1bd20.jpg?resize=525%2C300&ssl=1 1.5x"},"classes":[]},{"id":2742,"url":"https:\/\/www.diariodeouropreto.com.br\/pt\/mariana-recebe-recursos-para-combate-ao-covid-19\/","url_meta":{"origin":50748,"position":5},"title":"Mariana recebe recursos para combate ao Covid-19","author":"Di\u00e1rio de Ouro Preto","date":"10 de Abril de 2020","format":false,"excerpt":"Com o objetivo de fortalecer medidas de preven\u00e7\u00e3o ao novo coronav\u00edrus (Covid-19), a Secretaria de Estado de Sa\u00fade (SES-MG) e o Minist\u00e9rio da Sa\u00fade aprovaram a distribui\u00e7\u00e3o de recursos para o enfrentamento da pandemia de coronav\u00edrus. Mariana j\u00e1 foi contemplado com o valor de R$173.786,56 disponibilizado pelo Governo Federal e\u2026","rel":"","context":"In &quot;Mariana&quot;","block_context":{"text":"Mariana","link":"https:\/\/www.diariodeouropreto.com.br\/pt\/Editoria\/mariana\/"},"img":{"alt_text":"","src":"https:\/\/i0.wp.com\/www.diariodeouropreto.com.br\/wp-content\/uploads\/2020\/03\/Pra%C3%A7a-Minas-Gerais-Foto-Samuel-Consentino-scaled.jpg?resize=350%2C200&ssl=1","width":350,"height":200,"srcset":"https:\/\/i0.wp.com\/www.diariodeouropreto.com.br\/wp-content\/uploads\/2020\/03\/Pra%C3%A7a-Minas-Gerais-Foto-Samuel-Consentino-scaled.jpg?resize=350%2C200&ssl=1 1x, https:\/\/i0.wp.com\/www.diariodeouropreto.com.br\/wp-content\/uploads\/2020\/03\/Pra%C3%A7a-Minas-Gerais-Foto-Samuel-Consentino-scaled.jpg?resize=525%2C300&ssl=1 1.5x, https:\/\/i0.wp.com\/www.diariodeouropreto.com.br\/wp-content\/uploads\/2020\/03\/Pra%C3%A7a-Minas-Gerais-Foto-Samuel-Consentino-scaled.jpg?resize=700%2C400&ssl=1 2x, https:\/\/i0.wp.com\/www.diariodeouropreto.com.br\/wp-content\/uploads\/2020\/03\/Pra%C3%A7a-Minas-Gerais-Foto-Samuel-Consentino-scaled.jpg?resize=1050%2C600&ssl=1 3x"},"classes":[]}],"jetpack_sharing_enabled":true,"amp_enabled":true,"_links":{"self":[{"href":"https:\/\/www.diariodeouropreto.com.br\/pt\/wp-json\/wp\/v2\/posts\/50748","targetHints":{"allow":["GET"]}}],"collection":[{"href":"https:\/\/www.diariodeouropreto.com.br\/pt\/wp-json\/wp\/v2\/posts"}],"about":[{"href":"https:\/\/www.diariodeouropreto.com.br\/pt\/wp-json\/wp\/v2\/types\/post"}],"author":[{"embeddable":true,"href":"https:\/\/www.diariodeouropreto.com.br\/pt\/wp-json\/wp\/v2\/users\/1"}],"replies":[{"embeddable":true,"href":"https:\/\/www.diariodeouropreto.com.br\/pt\/wp-json\/wp\/v2\/comments?post=50748"}],"version-history":[{"count":1,"href":"https:\/\/www.diariodeouropreto.com.br\/pt\/wp-json\/wp\/v2\/posts\/50748\/revisions"}],"predecessor-version":[{"id":50750,"href":"https:\/\/www.diariodeouropreto.com.br\/pt\/wp-json\/wp\/v2\/posts\/50748\/revisions\/50750"}],"wp:featuredmedia":[{"embeddable":true,"href":"https:\/\/www.diariodeouropreto.com.br\/pt\/wp-json\/wp\/v2\/media\/50749"}],"wp:attachment":[{"href":"https:\/\/www.diariodeouropreto.com.br\/pt\/wp-json\/wp\/v2\/media?parent=50748"}],"wp:term":[{"taxonomy":"category","embeddable":true,"href":"https:\/\/www.diariodeouropreto.com.br\/pt\/wp-json\/wp\/v2\/categories?post=50748"},{"taxonomy":"post_tag","embeddable":true,"href":"https:\/\/www.diariodeouropreto.com.br\/pt\/wp-json\/wp\/v2\/tags?post=50748"}],"curies":[{"name":"wp","href":"https:\/\/api.w.org\/{rel}","templated":true}]}}