{"id":50744,"date":"2026-03-06T07:00:00","date_gmt":"2026-03-06T10:00:00","guid":{"rendered":"https:\/\/www.diariodeouropreto.com.br\/?p=50744"},"modified":"2026-03-06T10:16:30","modified_gmt":"2026-03-06T13:16:30","slug":"juliano-duarte-empossado-presidente-do-coridoce-municipios-buscam-antecipacao-dos-recursos-da-saude","status":"publish","type":"post","link":"https:\/\/www.diariodeouropreto.com.br\/pt\/juliano-duarte-empossado-presidente-do-coridoce-municipios-buscam-antecipacao-dos-recursos-da-saude\/","title":{"rendered":"Juliano Duarte empossado presidente do CORIDOCE, Munic\u00edpios buscam antecipa\u00e7\u00e3o dos recursos da Sa\u00fade"},"content":{"rendered":"<p><strong>Prefeitos se reuniram com representantes do Minist\u00e9rio da Sa\u00fade e com Promotores durante a Assembleia realizada em Mariana ontem<\/strong><\/p>\n\n\n\n<p>Mariana &#8211; O prefeito Juliano Duarte foi empossado, na manh\u00e3 de ontem, presidente do Cons\u00f3rcio P\u00fablico para Defesa e Revitaliza\u00e7\u00e3o do Rio Doce (CoriDoce), a Assembleia Geral foi realizada no Centro de Conven\u00e7\u00f5es Alphonsus Guimar\u00e3es. A pr\u00f3xima reuni\u00e3o do Cons\u00f3rcio ser\u00e1 em Alpercata (MG).<\/p>\n\n\n\n<p><br>A reuni\u00e3o contou com a participa\u00e7\u00e3o dos representantes do Minist\u00e9rio P\u00fablico de Minas Gerais, que falaram sobre a situa\u00e7\u00e3o dos processos referentes ao saneamento b\u00e1sico. Os promotores apresentaram o contexto geral, sendo que para o saneamento b\u00e1sico, est\u00e3o destinados R$ 7,54 bilh\u00f5es para as cidades atingidas.<\/p>\n\n\n\n<figure class=\"wp-block-image size-full\"><img decoding=\"async\" width=\"1176\" height=\"800\" data-attachment-id=\"50746\" data-permalink=\"https:\/\/www.diariodeouropreto.com.br\/pt\/juliano-duarte-empossado-presidente-do-coridoce-municipios-buscam-antecipacao-dos-recursos-da-saude\/whatsapp-image-2026-03-05-at-17-45-30\/\" data-orig-file=\"https:\/\/www.diariodeouropreto.com.br\/wp-content\/uploads\/2026\/03\/WhatsApp-Image-2026-03-05-at-17.45.30.jpeg\" data-orig-size=\"1176,800\" data-comments-opened=\"0\" data-image-meta=\"{&quot;aperture&quot;:&quot;0&quot;,&quot;credit&quot;:&quot;&quot;,&quot;camera&quot;:&quot;&quot;,&quot;caption&quot;:&quot;&quot;,&quot;created_timestamp&quot;:&quot;0&quot;,&quot;copyright&quot;:&quot;&quot;,&quot;focal_length&quot;:&quot;0&quot;,&quot;iso&quot;:&quot;0&quot;,&quot;shutter_speed&quot;:&quot;0&quot;,&quot;title&quot;:&quot;&quot;,&quot;orientation&quot;:&quot;0&quot;}\" data-image-title=\"WhatsApp Image 2026-03-05 at 17.45.30\" data-image-description=\"\" data-image-caption=\"\" data-large-file=\"https:\/\/www.diariodeouropreto.com.br\/wp-content\/uploads\/2026\/03\/WhatsApp-Image-2026-03-05-at-17.45.30.jpeg\" src=\"https:\/\/www.diariodeouropreto.com.br\/wp-content\/uploads\/2026\/03\/WhatsApp-Image-2026-03-05-at-17.45.30.jpeg\" alt=\"\" class=\"wp-image-50746\" srcset=\"https:\/\/www.diariodeouropreto.com.br\/wp-content\/uploads\/2026\/03\/WhatsApp-Image-2026-03-05-at-17.45.30.jpeg 1176w, https:\/\/www.diariodeouropreto.com.br\/wp-content\/uploads\/2026\/03\/WhatsApp-Image-2026-03-05-at-17.45.30-582x396.jpeg 582w, https:\/\/www.diariodeouropreto.com.br\/wp-content\/uploads\/2026\/03\/WhatsApp-Image-2026-03-05-at-17.45.30-200x136.jpeg 200w, https:\/\/www.diariodeouropreto.com.br\/wp-content\/uploads\/2026\/03\/WhatsApp-Image-2026-03-05-at-17.45.30-768x522.jpeg 768w, https:\/\/www.diariodeouropreto.com.br\/wp-content\/uploads\/2026\/03\/WhatsApp-Image-2026-03-05-at-17.45.30-18x12.jpeg 18w, https:\/\/www.diariodeouropreto.com.br\/wp-content\/uploads\/2026\/03\/WhatsApp-Image-2026-03-05-at-17.45.30-465x316.jpeg 465w, https:\/\/www.diariodeouropreto.com.br\/wp-content\/uploads\/2026\/03\/WhatsApp-Image-2026-03-05-at-17.45.30-695x473.jpeg 695w\" sizes=\"(max-width: 1176px) 100vw, 1176px\" \/><figcaption class=\"wp-element-caption\">Juliano Duarte homenageou os prefeitos e ex-prefeito com placa<\/figcaption><\/figure>\n\n\n\n<p><br>A promotora Mariana Melo, coordenadora da Bacia do Rio Doce, explicou que os processos contra os munic\u00edpios em rela\u00e7\u00e3o ao saneamento b\u00e1sico ser\u00e3o analisados caso a caso, pois j\u00e1 havia obriga\u00e7\u00f5es a serem feitas antes do rompimento. Ela explicou que as prefeituras poder\u00e3o realizar termos de compromisso, ou termos de ajustamento de conduta, para finalizar a\u00e7\u00f5es ainda em andamento, uma vez que os recursos para saneamento, previstos no acordo, poder\u00e3o solucionar os passivos dos munic\u00edpios atingidos.<\/p>\n\n\n\n<p><br>Durante a tarde, os prefeitos se reuniram com representantes do Minist\u00e9rio da Sa\u00fade, para tratar dos investimentos que s\u00e3o de responsabilidade do Governo Federal no Acordo.<\/p>\n\n\n\n<p><br>Juliano Duarte agradeceu aos prefeitos do Cons\u00f3rcio, por ser eleito em chapa \u00fanica para o pr\u00f3ximo bi\u00eanio 2026\/2028. Ele informou que o Coridoce tem uma pauta extensa, que ser\u00e1 tratada em 20 anos \u201cque envolve v\u00e1rios munic\u00edpios de Minas Gerais e tamb\u00e9m do estado do Esp\u00edrito Santo. N\u00f3s j\u00e1 tivemos algumas conquistas\u201d.<\/p>\n\n\n\n<p><br>Segundo Juliano, os munic\u00edpios v\u00e3o buscar recursos para o desenvolvimento de programas para as cidades atingidas. O prefeito de Mariana criticou o governo de Minas, por estar destinando recursos da repactua\u00e7\u00e3o para cidades que n\u00e3o est\u00e3o diretamente impactadas. \u201cOs munic\u00edpios foram diretamente impactados e a gente n\u00e3o concorda com o que vem acontecendo, recursos da repactua\u00e7\u00e3o est\u00e3o sendo utilizados em outros munic\u00edpios. N\u00e3o que eles n\u00e3o mere\u00e7am, mas primeiro a gente tem que cuidar e atender as demandas das prefeituras e de toda a bacia do Rio Doce. Ent\u00e3o, meu mandato vai ser uma pauta de defesa e de buscar recursos e melhorar a qualidade de vida da nossa popula\u00e7\u00e3o\u201d.<\/p>\n\n\n\n<p><br>Entre as pautas tratadas na assembleia geral, est\u00e1 a solicita\u00e7\u00e3o de antecipa\u00e7\u00e3o da primeira parcela do novo acordo do Rio Doce, destinada \u00e0 \u00e1rea da sa\u00fade. O recurso, administrado pelo Governo do Estado, integra o novo modelo de repactua\u00e7\u00e3o voltado ao fortalecimento da rede p\u00fablica de sa\u00fade nos munic\u00edpios atingidos pelo rompimento da barragem de Fund\u00e3o. A solicita\u00e7\u00e3o da antecipa\u00e7\u00e3o busca garantir maior agilidade na aplica\u00e7\u00e3o dos investimentos e permitir que as cidades iniciem a\u00e7\u00f5es estruturantes antes do cronograma inicialmente previsto.<\/p>\n\n\n\n<div id=\"110712\" class=\"advads-saneouro advads-entity-placement\" style=\"margin-left: auto;margin-right: auto;text-align: center;\"><a href=\"https:\/\/www.saneouro.com.br\/\" target=\"_blank\" aria-label=\"DOP_Site\" data-wpel-link=\"external\" rel=\"follow external noopener noreferrer sponsored ugc\"><img src=\"https:\/\/www.diariodeouropreto.com.br\/wp-content\/uploads\/2026\/04\/DOP_Site.jpg\" alt=\"\"  srcset=\"https:\/\/www.diariodeouropreto.com.br\/wp-content\/uploads\/2026\/04\/DOP_Site.jpg 301w, https:\/\/www.diariodeouropreto.com.br\/wp-content\/uploads\/2026\/04\/DOP_Site-180x150.jpg 180w, https:\/\/www.diariodeouropreto.com.br\/wp-content\/uploads\/2026\/04\/DOP_Site-14x12.jpg 14w\" sizes=\"(max-width: 301px) 100vw, 301px\" width=\"301\" height=\"251\"  style=\"display: inline-block;\" \/><\/a><\/div><p><br>Por Marcelino Castro<\/p>\n\n\n\n<div id=\"50321\" class=\"advads-plantao advads-entity-placement\"><a href=\"https:\/\/www.diariodeouropreto.com.br\/pt\/\" target=\"_blank\" aria-label=\"site &#8211; noticia\" data-wpel-link=\"external\" rel=\"follow external noopener noreferrer sponsored ugc\"><img src=\"https:\/\/www.diariodeouropreto.com.br\/wp-content\/uploads\/2019\/09\/titulosite2-e1616373489755.jpg\" alt=\"\"  srcset=\"https:\/\/www.diariodeouropreto.com.br\/wp-content\/uploads\/2019\/09\/titulosite2-e1616373489755.jpg 1200w, https:\/\/www.diariodeouropreto.com.br\/wp-content\/uploads\/2019\/09\/titulosite2-e1616373489755-150x38.jpg 150w, https:\/\/www.diariodeouropreto.com.br\/wp-content\/uploads\/2019\/09\/titulosite2-e1616373489755-660x167.jpg 660w, https:\/\/www.diariodeouropreto.com.br\/wp-content\/uploads\/2019\/09\/titulosite2-e1616373489755-768x194.jpg 768w, https:\/\/www.diariodeouropreto.com.br\/wp-content\/uploads\/2019\/09\/titulosite2-e1616373489755-1000x252.jpg 1000w, https:\/\/www.diariodeouropreto.com.br\/wp-content\/uploads\/2019\/09\/titulosite2-e1616373489755-1536x388.jpg 1536w, https:\/\/www.diariodeouropreto.com.br\/wp-content\/uploads\/2019\/09\/titulosite2-e1616373489755-2048x517.jpg 2048w\" sizes=\"(max-width: 1200px) 100vw, 1200px\" width=\"1200\" height=\"303\"  style=\"display: inline-block;\" \/><\/a><\/div><p>Foto: Divulga\u00e7\u00e3o<\/p>","protected":false},"excerpt":{"rendered":"<p>Prefeitos se reuniram com representantes do Minist\u00e9rio da Sa\u00fade e com Promotores durante a Assembleia realizada em Mariana ontem Mariana &#8211; O prefeito Juliano Duarte foi empossado, na manh\u00e3 de ontem, presidente do Cons\u00f3rcio P\u00fablico para Defesa e Revitaliza\u00e7\u00e3o do Rio Doce (CoriDoce), a Assembleia Geral foi realizada no Centro<span class=\"more-link\"><a href=\"https:\/\/www.diariodeouropreto.com.br\/pt\/juliano-duarte-empossado-presidente-do-coridoce-municipios-buscam-antecipacao-dos-recursos-da-saude\/\" data-wpel-link=\"internal\">Continue Lendo<\/a><\/span><\/p>","protected":false},"author":7,"featured_media":50745,"comment_status":"closed","ping_status":"closed","sticky":false,"template":"","format":"standard","meta":{"_jetpack_memberships_contains_paid_content":false,"footnotes":"","jetpack_publicize_message":"Prefeitos se reuniram com representantes do Minist\u00e9rio da Sa\u00fade e com Promotores durante a Assembleia realizada em Mariana ontem","jetpack_publicize_feature_enabled":true,"jetpack_social_post_already_shared":true,"jetpack_social_options":{"image_generator_settings":{"template":"highway","default_image_id":0,"font":"","enabled":false},"version":2}},"categories":[273],"tags":[],"class_list":["entry","author-marcelino-castro","post-50744","post","type-post","status-publish","format-standard","has-post-thumbnail","category-manchete-do-dia"],"yoast_head":"<!-- This site is optimized with the Yoast SEO plugin v27.5 - https:\/\/yoast.com\/product\/yoast-seo-wordpress\/ -->\n<title>Juliano Duarte empossado presidente do CORIDOCE, Munic\u00edpios buscam antecipa\u00e7\u00e3o dos recursos da Sa\u00fade - Di\u00e1rio de Ouro Preto<\/title>\n<meta name=\"description\" content=\"Prefeitos se reuniram com representantes do Minist\u00e9rio da Sa\u00fade e com Promotores durante a Assembleia realizada em Mariana ontem - Juliano Duarte empossado presidente do CORIDOCE, Munic\u00edpios buscam antecipa\u00e7\u00e3o dos recursos da Sa\u00fade\" \/>\n<meta name=\"robots\" content=\"index, follow, max-snippet:-1, max-image-preview:large, max-video-preview:-1\" \/>\n<link rel=\"canonical\" href=\"https:\/\/www.diariodeouropreto.com.br\/pt\/juliano-duarte-empossado-presidente-do-coridoce-municipios-buscam-antecipacao-dos-recursos-da-saude\/\" \/>\n<meta property=\"og:locale\" content=\"pt_PT\" \/>\n<meta property=\"og:type\" content=\"article\" \/>\n<meta property=\"og:title\" content=\"Juliano Duarte empossado presidente do CORIDOCE, Munic\u00edpios buscam antecipa\u00e7\u00e3o dos recursos da Sa\u00fade - Di\u00e1rio de Ouro Preto\" \/>\n<meta property=\"og:description\" content=\"Prefeitos se reuniram com representantes do Minist\u00e9rio da Sa\u00fade e com Promotores durante a Assembleia realizada em Mariana ontem - Juliano Duarte empossado presidente do CORIDOCE, Munic\u00edpios buscam antecipa\u00e7\u00e3o dos recursos da Sa\u00fade\" \/>\n<meta property=\"og:url\" content=\"https:\/\/www.diariodeouropreto.com.br\/pt\/juliano-duarte-empossado-presidente-do-coridoce-municipios-buscam-antecipacao-dos-recursos-da-saude\/\" \/>\n<meta property=\"og:site_name\" content=\"Di\u00e1rio de Ouro Preto\" \/>\n<meta property=\"article:publisher\" content=\"https:\/\/www.facebook.com\/diariodeouropreto\/\" \/>\n<meta property=\"article:published_time\" content=\"2026-03-06T10:00:00+00:00\" \/>\n<meta property=\"article:modified_time\" content=\"2026-03-06T13:16:30+00:00\" \/>\n<meta property=\"og:image\" content=\"https:\/\/www.diariodeouropreto.com.br\/wp-content\/uploads\/2026\/03\/WhatsApp-Image-2026-03-05-at-16.36.14.jpg\" \/>\n\t<meta property=\"og:image:width\" content=\"1066\" \/>\n\t<meta property=\"og:image:height\" content=\"800\" \/>\n\t<meta property=\"og:image:type\" content=\"image\/jpeg\" \/>\n<meta name=\"author\" content=\"Marcelino Castro\" \/>\n<meta name=\"twitter:card\" content=\"summary_large_image\" \/>\n<meta name=\"twitter:label1\" content=\"Escrito por\" \/>\n\t<meta name=\"twitter:data1\" content=\"Marcelino Castro\" \/>\n\t<meta name=\"twitter:label2\" content=\"Tempo estimado de leitura\" \/>\n\t<meta name=\"twitter:data2\" content=\"3 minutos\" \/>\n<script type=\"application\/ld+json\" class=\"yoast-schema-graph\">{\"@context\":\"https:\\\/\\\/schema.org\",\"@graph\":[{\"@type\":\"Article\",\"@id\":\"https:\\\/\\\/www.diariodeouropreto.com.br\\\/juliano-duarte-empossado-presidente-do-coridoce-municipios-buscam-antecipacao-dos-recursos-da-saude\\\/#article\",\"isPartOf\":{\"@id\":\"https:\\\/\\\/www.diariodeouropreto.com.br\\\/juliano-duarte-empossado-presidente-do-coridoce-municipios-buscam-antecipacao-dos-recursos-da-saude\\\/\"},\"author\":{\"name\":\"Marcelino Castro\",\"@id\":\"https:\\\/\\\/www.diariodeouropreto.com.br\\\/pt\\\/#\\\/schema\\\/person\\\/beeebc69f297a82698bba8acf70e5bb6\"},\"headline\":\"Juliano Duarte empossado presidente do CORIDOCE, Munic\u00edpios buscam antecipa\u00e7\u00e3o dos recursos da Sa\u00fade\",\"datePublished\":\"2026-03-06T10:00:00+00:00\",\"dateModified\":\"2026-03-06T13:16:30+00:00\",\"mainEntityOfPage\":{\"@id\":\"https:\\\/\\\/www.diariodeouropreto.com.br\\\/juliano-duarte-empossado-presidente-do-coridoce-municipios-buscam-antecipacao-dos-recursos-da-saude\\\/\"},\"wordCount\":547,\"publisher\":{\"@id\":\"https:\\\/\\\/www.diariodeouropreto.com.br\\\/pt\\\/#organization\"},\"image\":{\"@id\":\"https:\\\/\\\/www.diariodeouropreto.com.br\\\/juliano-duarte-empossado-presidente-do-coridoce-municipios-buscam-antecipacao-dos-recursos-da-saude\\\/#primaryimage\"},\"thumbnailUrl\":\"https:\\\/\\\/www.diariodeouropreto.com.br\\\/wp-content\\\/uploads\\\/2026\\\/03\\\/WhatsApp-Image-2026-03-05-at-16.36.14.jpg\",\"articleSection\":[\"Manchete do dia\"],\"inLanguage\":\"pt-PT\"},{\"@type\":\"WebPage\",\"@id\":\"https:\\\/\\\/www.diariodeouropreto.com.br\\\/juliano-duarte-empossado-presidente-do-coridoce-municipios-buscam-antecipacao-dos-recursos-da-saude\\\/\",\"url\":\"https:\\\/\\\/www.diariodeouropreto.com.br\\\/juliano-duarte-empossado-presidente-do-coridoce-municipios-buscam-antecipacao-dos-recursos-da-saude\\\/\",\"name\":\"Juliano Duarte empossado presidente do CORIDOCE, Munic\u00edpios buscam antecipa\u00e7\u00e3o dos recursos da Sa\u00fade - Di\u00e1rio de Ouro Preto\",\"isPartOf\":{\"@id\":\"https:\\\/\\\/www.diariodeouropreto.com.br\\\/pt\\\/#website\"},\"primaryImageOfPage\":{\"@id\":\"https:\\\/\\\/www.diariodeouropreto.com.br\\\/juliano-duarte-empossado-presidente-do-coridoce-municipios-buscam-antecipacao-dos-recursos-da-saude\\\/#primaryimage\"},\"image\":{\"@id\":\"https:\\\/\\\/www.diariodeouropreto.com.br\\\/juliano-duarte-empossado-presidente-do-coridoce-municipios-buscam-antecipacao-dos-recursos-da-saude\\\/#primaryimage\"},\"thumbnailUrl\":\"https:\\\/\\\/www.diariodeouropreto.com.br\\\/wp-content\\\/uploads\\\/2026\\\/03\\\/WhatsApp-Image-2026-03-05-at-16.36.14.jpg\",\"datePublished\":\"2026-03-06T10:00:00+00:00\",\"dateModified\":\"2026-03-06T13:16:30+00:00\",\"description\":\"Prefeitos se reuniram com representantes do Minist\u00e9rio da Sa\u00fade e com Promotores durante a Assembleia realizada em Mariana ontem - Juliano Duarte empossado presidente do CORIDOCE, Munic\u00edpios buscam antecipa\u00e7\u00e3o dos recursos da Sa\u00fade\",\"breadcrumb\":{\"@id\":\"https:\\\/\\\/www.diariodeouropreto.com.br\\\/juliano-duarte-empossado-presidente-do-coridoce-municipios-buscam-antecipacao-dos-recursos-da-saude\\\/#breadcrumb\"},\"inLanguage\":\"pt-PT\",\"potentialAction\":[{\"@type\":\"ReadAction\",\"target\":[\"https:\\\/\\\/www.diariodeouropreto.com.br\\\/juliano-duarte-empossado-presidente-do-coridoce-municipios-buscam-antecipacao-dos-recursos-da-saude\\\/\"]}]},{\"@type\":\"ImageObject\",\"inLanguage\":\"pt-PT\",\"@id\":\"https:\\\/\\\/www.diariodeouropreto.com.br\\\/juliano-duarte-empossado-presidente-do-coridoce-municipios-buscam-antecipacao-dos-recursos-da-saude\\\/#primaryimage\",\"url\":\"https:\\\/\\\/www.diariodeouropreto.com.br\\\/wp-content\\\/uploads\\\/2026\\\/03\\\/WhatsApp-Image-2026-03-05-at-16.36.14.jpg\",\"contentUrl\":\"https:\\\/\\\/www.diariodeouropreto.com.br\\\/wp-content\\\/uploads\\\/2026\\\/03\\\/WhatsApp-Image-2026-03-05-at-16.36.14.jpg\",\"width\":1066,\"height\":800},{\"@type\":\"BreadcrumbList\",\"@id\":\"https:\\\/\\\/www.diariodeouropreto.com.br\\\/juliano-duarte-empossado-presidente-do-coridoce-municipios-buscam-antecipacao-dos-recursos-da-saude\\\/#breadcrumb\",\"itemListElement\":[{\"@type\":\"ListItem\",\"position\":1,\"name\":\"In\u00edcio\",\"item\":\"https:\\\/\\\/www.diariodeouropreto.com.br\\\/pt\\\/\"},{\"@type\":\"ListItem\",\"position\":2,\"name\":\"Juliano Duarte empossado presidente do CORIDOCE, Munic\u00edpios buscam antecipa\u00e7\u00e3o dos recursos da Sa\u00fade\"}]},{\"@type\":\"WebSite\",\"@id\":\"https:\\\/\\\/www.diariodeouropreto.com.br\\\/pt\\\/#website\",\"url\":\"https:\\\/\\\/www.diariodeouropreto.com.br\\\/pt\\\/\",\"name\":\"Di\u00e1rio de Ouro Preto\",\"description\":\"Not\u00edcias Ouro Preto; Mariana;Minas Gerais;Jornal;Jornalismo;Not\u00edcias;\",\"publisher\":{\"@id\":\"https:\\\/\\\/www.diariodeouropreto.com.br\\\/pt\\\/#organization\"},\"alternateName\":\"Jornal di\u00e1rio de Ouro Preto\",\"potentialAction\":[{\"@type\":\"SearchAction\",\"target\":{\"@type\":\"EntryPoint\",\"urlTemplate\":\"https:\\\/\\\/www.diariodeouropreto.com.br\\\/pt\\\/?s={search_term_string}\"},\"query-input\":{\"@type\":\"PropertyValueSpecification\",\"valueRequired\":true,\"valueName\":\"search_term_string\"}}],\"inLanguage\":\"pt-PT\"},{\"@type\":\"Organization\",\"@id\":\"https:\\\/\\\/www.diariodeouropreto.com.br\\\/pt\\\/#organization\",\"name\":\"Di\u00e1rio de Ouro Preto\",\"alternateName\":\"Jornal di\u00e1rio Ouro Preto\",\"url\":\"https:\\\/\\\/www.diariodeouropreto.com.br\\\/pt\\\/\",\"logo\":{\"@type\":\"ImageObject\",\"inLanguage\":\"pt-PT\",\"@id\":\"https:\\\/\\\/www.diariodeouropreto.com.br\\\/pt\\\/#\\\/schema\\\/logo\\\/image\\\/\",\"url\":\"https:\\\/\\\/www.diariodeouropreto.com.br\\\/wp-content\\\/uploads\\\/2019\\\/06\\\/cropped-logotransp-2.png\",\"contentUrl\":\"https:\\\/\\\/www.diariodeouropreto.com.br\\\/wp-content\\\/uploads\\\/2019\\\/06\\\/cropped-logotransp-2.png\",\"width\":1323,\"height\":251,\"caption\":\"Di\u00e1rio de Ouro Preto\"},\"image\":{\"@id\":\"https:\\\/\\\/www.diariodeouropreto.com.br\\\/pt\\\/#\\\/schema\\\/logo\\\/image\\\/\"},\"sameAs\":[\"https:\\\/\\\/www.facebook.com\\\/diariodeouropreto\\\/\"]},{\"@type\":\"Person\",\"@id\":\"https:\\\/\\\/www.diariodeouropreto.com.br\\\/pt\\\/#\\\/schema\\\/person\\\/beeebc69f297a82698bba8acf70e5bb6\",\"name\":\"Marcelino Castro\",\"sameAs\":[\"https:\\\/\\\/www.diariodeouropreto.com.br\\\/\"],\"url\":\"https:\\\/\\\/www.diariodeouropreto.com.br\\\/pt\\\/author\\\/marcelino-castro\\\/\"}]}<\/script>\n<!-- \/ Yoast SEO plugin. -->","yoast_head_json":{"title":"Juliano Duarte empossado presidente do CORIDOCE, Munic\u00edpios buscam antecipa\u00e7\u00e3o dos recursos da Sa\u00fade - Di\u00e1rio de Ouro Preto","description":"Prefeitos se reuniram com representantes do Minist\u00e9rio da Sa\u00fade e com Promotores durante a Assembleia realizada em Mariana ontem - Juliano Duarte empossado presidente do CORIDOCE, Munic\u00edpios buscam antecipa\u00e7\u00e3o dos recursos da Sa\u00fade","robots":{"index":"index","follow":"follow","max-snippet":"max-snippet:-1","max-image-preview":"max-image-preview:large","max-video-preview":"max-video-preview:-1"},"canonical":"https:\/\/www.diariodeouropreto.com.br\/pt\/juliano-duarte-empossado-presidente-do-coridoce-municipios-buscam-antecipacao-dos-recursos-da-saude\/","og_locale":"pt_PT","og_type":"article","og_title":"Juliano Duarte empossado presidente do CORIDOCE, Munic\u00edpios buscam antecipa\u00e7\u00e3o dos recursos da Sa\u00fade - Di\u00e1rio de Ouro Preto","og_description":"Prefeitos se reuniram com representantes do Minist\u00e9rio da Sa\u00fade e com Promotores durante a Assembleia realizada em Mariana ontem - Juliano Duarte empossado presidente do CORIDOCE, Munic\u00edpios buscam antecipa\u00e7\u00e3o dos recursos da Sa\u00fade","og_url":"https:\/\/www.diariodeouropreto.com.br\/pt\/juliano-duarte-empossado-presidente-do-coridoce-municipios-buscam-antecipacao-dos-recursos-da-saude\/","og_site_name":"Di\u00e1rio de Ouro Preto","article_publisher":"https:\/\/www.facebook.com\/diariodeouropreto\/","article_published_time":"2026-03-06T10:00:00+00:00","article_modified_time":"2026-03-06T13:16:30+00:00","og_image":[{"width":1066,"height":800,"url":"https:\/\/www.diariodeouropreto.com.br\/wp-content\/uploads\/2026\/03\/WhatsApp-Image-2026-03-05-at-16.36.14.jpg","type":"image\/jpeg"}],"author":"Marcelino Castro","twitter_card":"summary_large_image","twitter_misc":{"Escrito por":"Marcelino Castro","Tempo estimado de leitura":"3 minutos"},"schema":{"@context":"https:\/\/schema.org","@graph":[{"@type":"Article","@id":"https:\/\/www.diariodeouropreto.com.br\/juliano-duarte-empossado-presidente-do-coridoce-municipios-buscam-antecipacao-dos-recursos-da-saude\/#article","isPartOf":{"@id":"https:\/\/www.diariodeouropreto.com.br\/juliano-duarte-empossado-presidente-do-coridoce-municipios-buscam-antecipacao-dos-recursos-da-saude\/"},"author":{"name":"Marcelino Castro","@id":"https:\/\/www.diariodeouropreto.com.br\/pt\/#\/schema\/person\/beeebc69f297a82698bba8acf70e5bb6"},"headline":"Juliano Duarte empossado presidente do CORIDOCE, Munic\u00edpios buscam antecipa\u00e7\u00e3o dos recursos da Sa\u00fade","datePublished":"2026-03-06T10:00:00+00:00","dateModified":"2026-03-06T13:16:30+00:00","mainEntityOfPage":{"@id":"https:\/\/www.diariodeouropreto.com.br\/juliano-duarte-empossado-presidente-do-coridoce-municipios-buscam-antecipacao-dos-recursos-da-saude\/"},"wordCount":547,"publisher":{"@id":"https:\/\/www.diariodeouropreto.com.br\/pt\/#organization"},"image":{"@id":"https:\/\/www.diariodeouropreto.com.br\/juliano-duarte-empossado-presidente-do-coridoce-municipios-buscam-antecipacao-dos-recursos-da-saude\/#primaryimage"},"thumbnailUrl":"https:\/\/www.diariodeouropreto.com.br\/wp-content\/uploads\/2026\/03\/WhatsApp-Image-2026-03-05-at-16.36.14.jpg","articleSection":["Manchete do dia"],"inLanguage":"pt-PT"},{"@type":"WebPage","@id":"https:\/\/www.diariodeouropreto.com.br\/juliano-duarte-empossado-presidente-do-coridoce-municipios-buscam-antecipacao-dos-recursos-da-saude\/","url":"https:\/\/www.diariodeouropreto.com.br\/juliano-duarte-empossado-presidente-do-coridoce-municipios-buscam-antecipacao-dos-recursos-da-saude\/","name":"Juliano Duarte empossado presidente do CORIDOCE, Munic\u00edpios buscam antecipa\u00e7\u00e3o dos recursos da Sa\u00fade - Di\u00e1rio de Ouro Preto","isPartOf":{"@id":"https:\/\/www.diariodeouropreto.com.br\/pt\/#website"},"primaryImageOfPage":{"@id":"https:\/\/www.diariodeouropreto.com.br\/juliano-duarte-empossado-presidente-do-coridoce-municipios-buscam-antecipacao-dos-recursos-da-saude\/#primaryimage"},"image":{"@id":"https:\/\/www.diariodeouropreto.com.br\/juliano-duarte-empossado-presidente-do-coridoce-municipios-buscam-antecipacao-dos-recursos-da-saude\/#primaryimage"},"thumbnailUrl":"https:\/\/www.diariodeouropreto.com.br\/wp-content\/uploads\/2026\/03\/WhatsApp-Image-2026-03-05-at-16.36.14.jpg","datePublished":"2026-03-06T10:00:00+00:00","dateModified":"2026-03-06T13:16:30+00:00","description":"Prefeitos se reuniram com representantes do Minist\u00e9rio da Sa\u00fade e com Promotores durante a Assembleia realizada em Mariana ontem - Juliano Duarte empossado presidente do CORIDOCE, Munic\u00edpios buscam antecipa\u00e7\u00e3o dos recursos da Sa\u00fade","breadcrumb":{"@id":"https:\/\/www.diariodeouropreto.com.br\/juliano-duarte-empossado-presidente-do-coridoce-municipios-buscam-antecipacao-dos-recursos-da-saude\/#breadcrumb"},"inLanguage":"pt-PT","potentialAction":[{"@type":"ReadAction","target":["https:\/\/www.diariodeouropreto.com.br\/juliano-duarte-empossado-presidente-do-coridoce-municipios-buscam-antecipacao-dos-recursos-da-saude\/"]}]},{"@type":"ImageObject","inLanguage":"pt-PT","@id":"https:\/\/www.diariodeouropreto.com.br\/juliano-duarte-empossado-presidente-do-coridoce-municipios-buscam-antecipacao-dos-recursos-da-saude\/#primaryimage","url":"https:\/\/www.diariodeouropreto.com.br\/wp-content\/uploads\/2026\/03\/WhatsApp-Image-2026-03-05-at-16.36.14.jpg","contentUrl":"https:\/\/www.diariodeouropreto.com.br\/wp-content\/uploads\/2026\/03\/WhatsApp-Image-2026-03-05-at-16.36.14.jpg","width":1066,"height":800},{"@type":"BreadcrumbList","@id":"https:\/\/www.diariodeouropreto.com.br\/juliano-duarte-empossado-presidente-do-coridoce-municipios-buscam-antecipacao-dos-recursos-da-saude\/#breadcrumb","itemListElement":[{"@type":"ListItem","position":1,"name":"In\u00edcio","item":"https:\/\/www.diariodeouropreto.com.br\/pt\/"},{"@type":"ListItem","position":2,"name":"Juliano Duarte empossado presidente do CORIDOCE, Munic\u00edpios buscam antecipa\u00e7\u00e3o dos recursos da Sa\u00fade"}]},{"@type":"WebSite","@id":"https:\/\/www.diariodeouropreto.com.br\/pt\/#website","url":"https:\/\/www.diariodeouropreto.com.br\/pt\/","name":"Di\u00e1rio de Ouro Preto","description":"Not\u00edcias Ouro Preto; Mariana;Minas Gerais;Jornal;Jornalismo;Not\u00edcias;","publisher":{"@id":"https:\/\/www.diariodeouropreto.com.br\/pt\/#organization"},"alternateName":"Jornal di\u00e1rio de Ouro Preto","potentialAction":[{"@type":"SearchAction","target":{"@type":"EntryPoint","urlTemplate":"https:\/\/www.diariodeouropreto.com.br\/pt\/?s={search_term_string}"},"query-input":{"@type":"PropertyValueSpecification","valueRequired":true,"valueName":"search_term_string"}}],"inLanguage":"pt-PT"},{"@type":"Organization","@id":"https:\/\/www.diariodeouropreto.com.br\/pt\/#organization","name":"Di\u00e1rio de Ouro Preto","alternateName":"Jornal di\u00e1rio Ouro Preto","url":"https:\/\/www.diariodeouropreto.com.br\/pt\/","logo":{"@type":"ImageObject","inLanguage":"pt-PT","@id":"https:\/\/www.diariodeouropreto.com.br\/pt\/#\/schema\/logo\/image\/","url":"https:\/\/www.diariodeouropreto.com.br\/wp-content\/uploads\/2019\/06\/cropped-logotransp-2.png","contentUrl":"https:\/\/www.diariodeouropreto.com.br\/wp-content\/uploads\/2019\/06\/cropped-logotransp-2.png","width":1323,"height":251,"caption":"Di\u00e1rio de Ouro Preto"},"image":{"@id":"https:\/\/www.diariodeouropreto.com.br\/pt\/#\/schema\/logo\/image\/"},"sameAs":["https:\/\/www.facebook.com\/diariodeouropreto\/"]},{"@type":"Person","@id":"https:\/\/www.diariodeouropreto.com.br\/pt\/#\/schema\/person\/beeebc69f297a82698bba8acf70e5bb6","name":"Marcelino Castro","sameAs":["https:\/\/www.diariodeouropreto.com.br\/"],"url":"https:\/\/www.diariodeouropreto.com.br\/pt\/author\/marcelino-castro\/"}]}},"jetpack_publicize_connections":[],"jetpack_featured_media_url":"https:\/\/www.diariodeouropreto.com.br\/wp-content\/uploads\/2026\/03\/WhatsApp-Image-2026-03-05-at-16.36.14.jpg","jetpack-related-posts":[{"id":50748,"url":"https:\/\/www.diariodeouropreto.com.br\/pt\/juliano-duarte-e-empossado-presidente-do-coridoce-e-critica-o-governo-de-minas-na-gestao-do-acordo\/","url_meta":{"origin":50744,"position":0},"title":"Juliano Duarte \u00e9 empossado presidente do Coridoce e critica o Governo de Minas na gest\u00e3o do Acordo","author":"Di\u00e1rio de Ouro Preto","date":"6 de Mar\u00e7o de 2026","format":false,"excerpt":"Duarte J\u00fanior explicou que o Minist\u00e9rio da Sa\u00fade j\u00e1 antecipou recursos para os munic\u00edpios O ex-prefeito de Mariana, Duarte Est\u00e1quio J\u00fanior, idealizador do cons\u00f3rcio de munic\u00edpios atingidos pelos rejeitos da barragem de Fund\u00e3o, rebateu a afirma\u00e7\u00e3o do vice-governador Mateus Sim\u00f5es, o qual afirmou que o governo de Minas est\u00e1 destinando\u2026","rel":"","context":"In &quot;Geral&quot;","block_context":{"text":"Geral","link":"https:\/\/www.diariodeouropreto.com.br\/pt\/Editoria\/geral\/"},"img":{"alt_text":"","src":"https:\/\/i0.wp.com\/www.diariodeouropreto.com.br\/wp-content\/uploads\/2026\/03\/WhatsApp-Image-2026-03-05-at-17.43.26.jpeg?resize=350%2C200&ssl=1","width":350,"height":200,"srcset":"https:\/\/i0.wp.com\/www.diariodeouropreto.com.br\/wp-content\/uploads\/2026\/03\/WhatsApp-Image-2026-03-05-at-17.43.26.jpeg?resize=350%2C200&ssl=1 1x, https:\/\/i0.wp.com\/www.diariodeouropreto.com.br\/wp-content\/uploads\/2026\/03\/WhatsApp-Image-2026-03-05-at-17.43.26.jpeg?resize=525%2C300&ssl=1 1.5x, https:\/\/i0.wp.com\/www.diariodeouropreto.com.br\/wp-content\/uploads\/2026\/03\/WhatsApp-Image-2026-03-05-at-17.43.26.jpeg?resize=700%2C400&ssl=1 2x, https:\/\/i0.wp.com\/www.diariodeouropreto.com.br\/wp-content\/uploads\/2026\/03\/WhatsApp-Image-2026-03-05-at-17.43.26.jpeg?resize=1050%2C600&ssl=1 3x"},"classes":[]},{"id":23991,"url":"https:\/\/www.diariodeouropreto.com.br\/pt\/prefeitos-das-cidades-da-bacia-do-rio-doce-que-compoem-o-coridoce-se-reuniram-hoje-em-mariana-para-debater-a-repactuacao-do-acordo-de-mariana\/","url_meta":{"origin":50744,"position":1},"title":"Prefeitos das cidades da Bacia do Rio Doce que comp\u00f5em o CORIDOCE se reuniram hoje em Mariana para debater a repactua\u00e7\u00e3o do acordo de Mariana","author":"Di\u00e1rio de Ouro Preto","date":"23 de Junho de 2023","format":false,"excerpt":"Mariana - Os prefeitos do Cons\u00f3rcio P\u00fablico de defesa e revitaliza\u00e7\u00e3o do Rio Doce (CORIDOCE) se reuniram na manh\u00e3 desta sexta-feira, 23\/06, para debater a repactua\u00e7\u00e3o do acordo de Mariana e da a\u00e7\u00e3o movida em Londres contra a BHP, propriet\u00e1ria de 50% das a\u00e7\u00f5es da Samarco. O encontro contou tamb\u00e9m\u2026","rel":"","context":"In &quot;Cidades&quot;","block_context":{"text":"Cidades","link":"https:\/\/www.diariodeouropreto.com.br\/pt\/Editoria\/cidades\/"},"img":{"alt_text":"","src":"https:\/\/i0.wp.com\/www.diariodeouropreto.com.br\/wp-content\/uploads\/2019\/06\/Ativo-29logo.png?resize=350%2C200&ssl=1","width":350,"height":200,"srcset":"https:\/\/i0.wp.com\/www.diariodeouropreto.com.br\/wp-content\/uploads\/2019\/06\/Ativo-29logo.png?resize=350%2C200&ssl=1 1x, https:\/\/i0.wp.com\/www.diariodeouropreto.com.br\/wp-content\/uploads\/2019\/06\/Ativo-29logo.png?resize=525%2C300&ssl=1 1.5x"},"classes":[]},{"id":49268,"url":"https:\/\/www.diariodeouropreto.com.br\/pt\/juliano-duarte-e-eleito-presidente-do-coridoce\/","url_meta":{"origin":50744,"position":2},"title":"Juliano Duarte \u00e9 eleito presidente do CORIDOCE","author":"Marcelino Castro","date":"12 de Dezembro de 2025","format":false,"excerpt":"Belo Horizonte - O Cons\u00f3rcio P\u00fablico de Defesa e Revitaliza\u00e7\u00e3o do Rio Doce \u2013 CORIDOCE, elegeu na \u00faltima ter\u00e7a-feira, 9\/12, o prefeito de Mariana, Juliano Duarte, como presidente. Ele assume a fun\u00e7\u00e3o com a responsabilidade de conduzir as pautas de repara\u00e7\u00e3o e fortalecimento regional, refor\u00e7ando o compromisso de avan\u00e7ar nas\u2026","rel":"","context":"In &quot;Cidades&quot;","block_context":{"text":"Cidades","link":"https:\/\/www.diariodeouropreto.com.br\/pt\/Editoria\/cidades\/"},"img":{"alt_text":"","src":"https:\/\/i0.wp.com\/www.diariodeouropreto.com.br\/wp-content\/uploads\/2025\/12\/Imagem-do-WhatsApp-de-2025-12-10-as-15.33.14_9b90be5e.jpg?resize=350%2C200&ssl=1","width":350,"height":200,"srcset":"https:\/\/i0.wp.com\/www.diariodeouropreto.com.br\/wp-content\/uploads\/2025\/12\/Imagem-do-WhatsApp-de-2025-12-10-as-15.33.14_9b90be5e.jpg?resize=350%2C200&ssl=1 1x, https:\/\/i0.wp.com\/www.diariodeouropreto.com.br\/wp-content\/uploads\/2025\/12\/Imagem-do-WhatsApp-de-2025-12-10-as-15.33.14_9b90be5e.jpg?resize=525%2C300&ssl=1 1.5x, https:\/\/i0.wp.com\/www.diariodeouropreto.com.br\/wp-content\/uploads\/2025\/12\/Imagem-do-WhatsApp-de-2025-12-10-as-15.33.14_9b90be5e.jpg?resize=700%2C400&ssl=1 2x, https:\/\/i0.wp.com\/www.diariodeouropreto.com.br\/wp-content\/uploads\/2025\/12\/Imagem-do-WhatsApp-de-2025-12-10-as-15.33.14_9b90be5e.jpg?resize=1050%2C600&ssl=1 3x"},"classes":[]},{"id":49887,"url":"https:\/\/www.diariodeouropreto.com.br\/pt\/mariana-recebe-cinco-novos-veiculos-para-a-manutencao-das-estradas-vicinais\/","url_meta":{"origin":50744,"position":3},"title":"Mariana recebe cinco novos ve\u00edculos para a manuten\u00e7\u00e3o das estradas vicinais","author":"Marcelino Castro","date":"23 de Janeiro de 2026","format":false,"excerpt":"Mariana - O prefeito Juliano Duarte chegou dirigindo uma retroescavadeira no Centro de Conven\u00e7\u00f5es, nesta ter\u00e7a-feira, 20\/01, o munic\u00edpio recebeu cinco equipamentos que ser\u00e3o utilizados na manuten\u00e7\u00e3o dos 1.200 quil\u00f4metros de estradas vicinais. A entrega foi marcada por um cortejo que saiu do Terminal Rodovi\u00e1rio em dire\u00e7\u00e3o ao Centro de\u2026","rel":"","context":"In &quot;Manchete do dia&quot;","block_context":{"text":"Manchete do dia","link":"https:\/\/www.diariodeouropreto.com.br\/pt\/Editoria\/manchete-do-dia\/"},"img":{"alt_text":"","src":"https:\/\/i0.wp.com\/www.diariodeouropreto.com.br\/wp-content\/uploads\/2026\/01\/WhatsApp-Image-2026-01-22-at-12.39.46.jpeg?resize=350%2C200&ssl=1","width":350,"height":200,"srcset":"https:\/\/i0.wp.com\/www.diariodeouropreto.com.br\/wp-content\/uploads\/2026\/01\/WhatsApp-Image-2026-01-22-at-12.39.46.jpeg?resize=350%2C200&ssl=1 1x, https:\/\/i0.wp.com\/www.diariodeouropreto.com.br\/wp-content\/uploads\/2026\/01\/WhatsApp-Image-2026-01-22-at-12.39.46.jpeg?resize=525%2C300&ssl=1 1.5x, https:\/\/i0.wp.com\/www.diariodeouropreto.com.br\/wp-content\/uploads\/2026\/01\/WhatsApp-Image-2026-01-22-at-12.39.46.jpeg?resize=700%2C400&ssl=1 2x, https:\/\/i0.wp.com\/www.diariodeouropreto.com.br\/wp-content\/uploads\/2026\/01\/WhatsApp-Image-2026-01-22-at-12.39.46.jpeg?resize=1050%2C600&ssl=1 3x"},"classes":[]},{"id":13840,"url":"https:\/\/www.diariodeouropreto.com.br\/pt\/mariana-vai-ter-aterro-sanitario-que-atendera-ouro-preto-e-outros-municipios-vizinhos\/","url_meta":{"origin":50744,"position":4},"title":"Mariana vai ter aterro sanit\u00e1rio que atender\u00e1 Ouro Preto e outros munic\u00edpios vizinhos","author":"Di\u00e1rio de Ouro Preto","date":"18 de Fevereiro de 2022","format":false,"excerpt":"Victor Stutz, para o Di\u00e1rio de Ouro Preto O prefeito de Mariana Juliano Duarte participou do 13\u00ba F\u00f3rum Permanente dos Prefeitos da Bacia do Rio Doce. O evento aconteceu na segunda-feira, 14 de fevereiro, no Sesc de Praia Formosa, na cidade de Aracruz, no Esp\u00edrito Santo. O F\u00f3rum, organizado para\u2026","rel":"","context":"In &quot;Caderno Verde&quot;","block_context":{"text":"Caderno Verde","link":"https:\/\/www.diariodeouropreto.com.br\/pt\/Editoria\/caderno-verde\/"},"img":{"alt_text":"","src":"https:\/\/i0.wp.com\/www.diariodeouropreto.com.br\/wp-content\/uploads\/2022\/02\/WhatsApp-Image-2022-02-18-at-19.34.54-e1645224426307.jpeg?resize=350%2C200&ssl=1","width":350,"height":200,"srcset":"https:\/\/i0.wp.com\/www.diariodeouropreto.com.br\/wp-content\/uploads\/2022\/02\/WhatsApp-Image-2022-02-18-at-19.34.54-e1645224426307.jpeg?resize=350%2C200&ssl=1 1x, https:\/\/i0.wp.com\/www.diariodeouropreto.com.br\/wp-content\/uploads\/2022\/02\/WhatsApp-Image-2022-02-18-at-19.34.54-e1645224426307.jpeg?resize=525%2C300&ssl=1 1.5x, https:\/\/i0.wp.com\/www.diariodeouropreto.com.br\/wp-content\/uploads\/2022\/02\/WhatsApp-Image-2022-02-18-at-19.34.54-e1645224426307.jpeg?resize=700%2C400&ssl=1 2x"},"classes":[]},{"id":39216,"url":"https:\/\/www.diariodeouropreto.com.br\/pt\/celso-cota-esta-em-brasilia-para-assinatura-da-repactuacao-do-acordo-de-mariana\/","url_meta":{"origin":50744,"position":5},"title":"Celso Cota est\u00e1 em Bras\u00edlia para assinatura da repactua\u00e7\u00e3o do Acordo de Mariana","author":"Di\u00e1rio de Ouro Preto","date":"25 de Outubro de 2024","format":false,"excerpt":"O Prefeito Celso Cota est\u00e1 em Bras\u00edlia para acompanhar a assinatura da repactua\u00e7\u00e3o do Acordo de Mariana do Governo Federal junto \u00e0s mineradoras Vale e BHP Billinton - mantenedoras da Samarco - referente a indeniza\u00e7\u00e3o compensat\u00f3ria ao rompimento da Barragem de Fund\u00e3o, em Mariana.\u00a0 Acompanham o chefe do Executivo Municipal\u2026","rel":"","context":"In &quot;Mariana&quot;","block_context":{"text":"Mariana","link":"https:\/\/www.diariodeouropreto.com.br\/pt\/Editoria\/mariana\/"},"img":{"alt_text":"","src":"https:\/\/i0.wp.com\/www.diariodeouropreto.com.br\/wp-content\/uploads\/2024\/10\/cels.jpg?resize=350%2C200&ssl=1","width":350,"height":200,"srcset":"https:\/\/i0.wp.com\/www.diariodeouropreto.com.br\/wp-content\/uploads\/2024\/10\/cels.jpg?resize=350%2C200&ssl=1 1x, https:\/\/i0.wp.com\/www.diariodeouropreto.com.br\/wp-content\/uploads\/2024\/10\/cels.jpg?resize=525%2C300&ssl=1 1.5x, https:\/\/i0.wp.com\/www.diariodeouropreto.com.br\/wp-content\/uploads\/2024\/10\/cels.jpg?resize=700%2C400&ssl=1 2x, https:\/\/i0.wp.com\/www.diariodeouropreto.com.br\/wp-content\/uploads\/2024\/10\/cels.jpg?resize=1050%2C600&ssl=1 3x"},"classes":[]}],"jetpack_sharing_enabled":true,"amp_enabled":true,"_links":{"self":[{"href":"https:\/\/www.diariodeouropreto.com.br\/pt\/wp-json\/wp\/v2\/posts\/50744","targetHints":{"allow":["GET"]}}],"collection":[{"href":"https:\/\/www.diariodeouropreto.com.br\/pt\/wp-json\/wp\/v2\/posts"}],"about":[{"href":"https:\/\/www.diariodeouropreto.com.br\/pt\/wp-json\/wp\/v2\/types\/post"}],"author":[{"embeddable":true,"href":"https:\/\/www.diariodeouropreto.com.br\/pt\/wp-json\/wp\/v2\/users\/7"}],"replies":[{"embeddable":true,"href":"https:\/\/www.diariodeouropreto.com.br\/pt\/wp-json\/wp\/v2\/comments?post=50744"}],"version-history":[{"count":1,"href":"https:\/\/www.diariodeouropreto.com.br\/pt\/wp-json\/wp\/v2\/posts\/50744\/revisions"}],"predecessor-version":[{"id":50747,"href":"https:\/\/www.diariodeouropreto.com.br\/pt\/wp-json\/wp\/v2\/posts\/50744\/revisions\/50747"}],"wp:featuredmedia":[{"embeddable":true,"href":"https:\/\/www.diariodeouropreto.com.br\/pt\/wp-json\/wp\/v2\/media\/50745"}],"wp:attachment":[{"href":"https:\/\/www.diariodeouropreto.com.br\/pt\/wp-json\/wp\/v2\/media?parent=50744"}],"wp:term":[{"taxonomy":"category","embeddable":true,"href":"https:\/\/www.diariodeouropreto.com.br\/pt\/wp-json\/wp\/v2\/categories?post=50744"},{"taxonomy":"post_tag","embeddable":true,"href":"https:\/\/www.diariodeouropreto.com.br\/pt\/wp-json\/wp\/v2\/tags?post=50744"}],"curies":[{"name":"wp","href":"https:\/\/api.w.org\/{rel}","templated":true}]}}