{"id":50740,"date":"2026-03-05T20:30:00","date_gmt":"2026-03-05T23:30:00","guid":{"rendered":"https:\/\/www.diariodeouropreto.com.br\/?p=50740"},"modified":"2026-03-06T10:15:01","modified_gmt":"2026-03-06T13:15:01","slug":"ouro-preto-reforca-a-seguranca-publica-com-sancao-de-leis-para-a-guarda-civil-municipal","status":"publish","type":"post","link":"https:\/\/www.diariodeouropreto.com.br\/pt\/ouro-preto-reforca-a-seguranca-publica-com-sancao-de-leis-para-a-guarda-civil-municipal\/","title":{"rendered":"Ouro Preto refor\u00e7a a seguran\u00e7a p\u00fablica com san\u00e7\u00e3o de leis para a Guarda Civil Municipal"},"content":{"rendered":"<p><strong>Leis abrangem melhoria nas condi\u00e7\u00f5es de trabalho da corpora\u00e7\u00e3o por meio de ajuste salarial, adicional de periculosidade e insalubridade e abono fardamento<\/strong><\/p>\n\n\n\n<p>O prefeito Angelo Oswaldo sancionou as tr\u00eas leis aprovadas pela C\u00e2mara dos Vereadores para a valoriza\u00e7\u00e3o da Guarda Civil Municipal (GCM) de Ouro Preto nesta segunda-feira, dia 2 de mar\u00e7o, na Casa de Gonzaga. Os novos textos conferem reconhecimento ao trabalho complexo executado pelos guardas civis para promover seguran\u00e7a p\u00fablica de qualidade.<\/p>\n\n\n\n<p>A Lei Complementar n\u00ba 264\/2026 altera a Lei Complementar n\u00ba 21\/2006 que discorre sobre o Plano de Cargos e Vencimentos da Prefeitura Municipal de Ouro Preto e a cria\u00e7\u00e3o do N\u00edvel XI para a categoria. Ela confere o aumento do piso salarial da categoria e o novo texto fixa o sal\u00e1rio-base da Guarda Civil Municipal em R$3.700. A medida garante valoriza\u00e7\u00e3o direta da GCM na hierarquia salarial da Prefeitura.<\/p>\n\n\n\n<p>Ademais, a Lei Complementar n\u00ba 265\/2026 institui adicionais de insalubridade e de periculosidade para servidores p\u00fablicos municipais. Ela amplia o conceito de periculosidade, que passa a abranger a seguran\u00e7a patrimonial, o policiamento preventivo e o combate a inc\u00eandios como opera\u00e7\u00f5es com alto risco de viol\u00eancia f\u00edsica. Dessa forma, \u00e9 conferido aos guardas maior reconhecimento do trabalho multifacetado na seguran\u00e7a p\u00fablica.<\/p>\n\n\n\n<p>J\u00e1 a Lei n\u00ba 1.617\/2026 altera a Lei 548\/2010, que elabora sobre a verba indenizat\u00f3ria para a aquisi\u00e7\u00e3o de fardamento a ser paga nos meses de janeiro e julho, sendo assim, duas parcelas por ano. A verba indenizat\u00f3ria corresponde ao valor de 16 unidades no \u00edndice de Unidade Padr\u00e3o Municipal (UPM). A medida produz efeitos a 1\u00ba de janeiro de 2026 e exige comprovantes ao Comando da opera\u00e7\u00e3o no per\u00edodo de mar\u00e7o a setembro. Assim, o recurso assegura a renova\u00e7\u00e3o do equipamento de trabalho dos agentes.<\/p>\n\n\n\n<p>Com as mudan\u00e7as, especialmente ao Plano de Carreiras e Vencimentos, haver\u00e1 garantia da \u201cprofissionaliza\u00e7\u00e3o com a evolu\u00e7\u00e3o progressiva dentro da corpora\u00e7\u00e3o de cada um dos seus agentes\u201d, afirma o prefeito Angelo Oswaldo.<\/p>\n\n\n\n<p>Esses servidores p\u00fablicos s\u00e3o essenciais para a manuten\u00e7\u00e3o da ordem e seguran\u00e7a da popula\u00e7\u00e3o em diversas frentes. Ela \u00e9 respons\u00e1vel pela administra\u00e7\u00e3o, planejamento e execu\u00e7\u00e3o de prote\u00e7\u00e3o \u00e0 bens p\u00fablicos e pela realiza\u00e7\u00e3o de policiamento preventivo e corretivo dos espa\u00e7os da cidade. Al\u00e9m das condi\u00e7\u00f5es de trabalho, \u201co guarda vai estar cada vez mais motivado para trabalhar em um servi\u00e7o de melhor qualidade na nossa comunidade\u201d, destaca o secret\u00e1rio Mois\u00e9s dos Santos.<\/p>\n\n\n\n<p>Al\u00e9m do prefeito, a cerim\u00f4nia no casar\u00e3o hist\u00f3rico teve a presen\u00e7a da vice-prefeita Regina Braga, do comandante da GCM, Rog\u00e9rio Loredo, do secret\u00e1rio de Seguran\u00e7a e Tr\u00e2nsito, Mois\u00e9s dos Santos, do presidente da C\u00e2mara Municipal de Ouro Preto, Vantuir Silva, do secret\u00e1rio de Governo, Yuri Assun\u00e7\u00e3o, e demais vereadores.<\/p>\n\n\n\n<p>Anivers\u00e1rio da Guarda Civil Municipal de Ouro Preto<\/p>\n\n\n\n<p>Em 2026, a Guarda Civil Municipal completa 20 anos. O servi\u00e7o foi criado a partir da Lei Complementar n\u00ba 20 de 10 de outubro de 2006, durante o segundo mandato do prefeito Angelo Oswaldo, que sempre viu na GCM \u201cuma for\u00e7a important\u00edssima para a seguran\u00e7a, a tranquilidade, a paz, a organiza\u00e7\u00e3o e a disciplina do munic\u00edpio de Ouro Preto&#8221;, de acordo com ele. A Guarda Civil Municipal pode ser acionada pelos n\u00fameros 3559-3026 ou pelo 153 em caso de emerg\u00eancia, como na prote\u00e7\u00e3o de bens, servi\u00e7os e instala\u00e7\u00f5es municipais e em situa\u00e7\u00f5es de perturba\u00e7\u00e3o da ordem.<\/p>\n\n\n\n<div id=\"110712\" class=\"advads-saneouro advads-entity-placement\" style=\"margin-left: auto;margin-right: auto;text-align: center;\"><a href=\"https:\/\/www.saneouro.com.br\/\" target=\"_blank\" aria-label=\"DOP_Site\" data-wpel-link=\"external\" rel=\"follow external noopener noreferrer sponsored ugc\"><img src=\"https:\/\/www.diariodeouropreto.com.br\/wp-content\/uploads\/2026\/04\/DOP_Site.jpg\" alt=\"\"  srcset=\"https:\/\/www.diariodeouropreto.com.br\/wp-content\/uploads\/2026\/04\/DOP_Site.jpg 301w, https:\/\/www.diariodeouropreto.com.br\/wp-content\/uploads\/2026\/04\/DOP_Site-180x150.jpg 180w, https:\/\/www.diariodeouropreto.com.br\/wp-content\/uploads\/2026\/04\/DOP_Site-14x12.jpg 14w\" sizes=\"(max-width: 301px) 100vw, 301px\" width=\"301\" height=\"251\"  style=\"display: inline-block;\" \/><\/a><\/div><p>Por Jo\u00e3o Henrique do Nascimento &#8211; Assessoria Prefeitura de Ouro Preto<\/p>\n\n\n\n<div id=\"50321\" class=\"advads-plantao advads-entity-placement\"><a href=\"https:\/\/www.diariodeouropreto.com.br\/pt\/\" target=\"_blank\" aria-label=\"site &#8211; noticia\" data-wpel-link=\"external\" rel=\"follow external noopener noreferrer sponsored ugc\"><img src=\"https:\/\/www.diariodeouropreto.com.br\/wp-content\/uploads\/2019\/09\/titulosite2-e1616373489755.jpg\" alt=\"\"  srcset=\"https:\/\/www.diariodeouropreto.com.br\/wp-content\/uploads\/2019\/09\/titulosite2-e1616373489755.jpg 1200w, https:\/\/www.diariodeouropreto.com.br\/wp-content\/uploads\/2019\/09\/titulosite2-e1616373489755-150x38.jpg 150w, https:\/\/www.diariodeouropreto.com.br\/wp-content\/uploads\/2019\/09\/titulosite2-e1616373489755-660x167.jpg 660w, https:\/\/www.diariodeouropreto.com.br\/wp-content\/uploads\/2019\/09\/titulosite2-e1616373489755-768x194.jpg 768w, https:\/\/www.diariodeouropreto.com.br\/wp-content\/uploads\/2019\/09\/titulosite2-e1616373489755-1000x252.jpg 1000w, https:\/\/www.diariodeouropreto.com.br\/wp-content\/uploads\/2019\/09\/titulosite2-e1616373489755-1536x388.jpg 1536w, https:\/\/www.diariodeouropreto.com.br\/wp-content\/uploads\/2019\/09\/titulosite2-e1616373489755-2048x517.jpg 2048w\" sizes=\"(max-width: 1200px) 100vw, 1200px\" width=\"1200\" height=\"303\"  style=\"display: inline-block;\" \/><\/a><\/div><p>Foto: Neno Vianna<\/p>","protected":false},"excerpt":{"rendered":"<p>Leis abrangem melhoria nas condi\u00e7\u00f5es de trabalho da corpora\u00e7\u00e3o por meio de ajuste salarial, adicional de periculosidade e insalubridade e abono fardamento O prefeito Angelo Oswaldo sancionou as tr\u00eas leis aprovadas pela C\u00e2mara dos Vereadores para a valoriza\u00e7\u00e3o da Guarda Civil Municipal (GCM) de Ouro Preto nesta segunda-feira, dia 2<span class=\"more-link\"><a href=\"https:\/\/www.diariodeouropreto.com.br\/pt\/ouro-preto-reforca-a-seguranca-publica-com-sancao-de-leis-para-a-guarda-civil-municipal\/\" data-wpel-link=\"internal\">Continue Lendo<\/a><\/span><\/p>","protected":false},"author":1,"featured_media":50741,"comment_status":"closed","ping_status":"closed","sticky":false,"template":"","format":"standard","meta":{"_jetpack_memberships_contains_paid_content":false,"footnotes":"","jetpack_publicize_message":"Leis abrangem melhoria nas condi\u00e7\u00f5es de trabalho da corpora\u00e7\u00e3o por meio de ajuste salarial, adicional de periculosidade e insalubridade e abono fardamento","jetpack_publicize_feature_enabled":true,"jetpack_social_post_already_shared":true,"jetpack_social_options":{"image_generator_settings":{"template":"highway","default_image_id":0,"font":"","enabled":false},"version":2}},"categories":[1],"tags":[],"class_list":["entry","author-diario","post-50740","post","type-post","status-publish","format-standard","has-post-thumbnail","category-ouro-preto"],"yoast_head":"<!-- This site is optimized with the Yoast SEO plugin v27.5 - https:\/\/yoast.com\/product\/yoast-seo-wordpress\/ -->\n<title>Ouro Preto refor\u00e7a a seguran\u00e7a p\u00fablica com san\u00e7\u00e3o de leis para a Guarda Civil Municipal - Di\u00e1rio de Ouro Preto<\/title>\n<meta name=\"description\" content=\"Leis abrangem melhoria nas condi\u00e7\u00f5es de trabalho da corpora\u00e7\u00e3o por meio de ajuste salarial, adicional de periculosidade e insalubridade e abono fardamento - Ouro Preto refor\u00e7a a seguran\u00e7a p\u00fablica com san\u00e7\u00e3o de leis para a Guarda Civil Municipal\" \/>\n<meta name=\"robots\" content=\"index, follow, max-snippet:-1, max-image-preview:large, max-video-preview:-1\" \/>\n<link rel=\"canonical\" href=\"https:\/\/www.diariodeouropreto.com.br\/pt\/ouro-preto-reforca-a-seguranca-publica-com-sancao-de-leis-para-a-guarda-civil-municipal\/\" \/>\n<meta property=\"og:locale\" content=\"pt_PT\" \/>\n<meta property=\"og:type\" content=\"article\" \/>\n<meta property=\"og:title\" content=\"Ouro Preto refor\u00e7a a seguran\u00e7a p\u00fablica com san\u00e7\u00e3o de leis para a Guarda Civil Municipal - Di\u00e1rio de Ouro Preto\" \/>\n<meta property=\"og:description\" content=\"Leis abrangem melhoria nas condi\u00e7\u00f5es de trabalho da corpora\u00e7\u00e3o por meio de ajuste salarial, adicional de periculosidade e insalubridade e abono fardamento - Ouro Preto refor\u00e7a a seguran\u00e7a p\u00fablica com san\u00e7\u00e3o de leis para a Guarda Civil Municipal\" \/>\n<meta property=\"og:url\" content=\"https:\/\/www.diariodeouropreto.com.br\/pt\/ouro-preto-reforca-a-seguranca-publica-com-sancao-de-leis-para-a-guarda-civil-municipal\/\" \/>\n<meta property=\"og:site_name\" content=\"Di\u00e1rio de Ouro Preto\" \/>\n<meta property=\"article:publisher\" content=\"https:\/\/www.facebook.com\/diariodeouropreto\/\" \/>\n<meta property=\"article:published_time\" content=\"2026-03-05T23:30:00+00:00\" \/>\n<meta property=\"article:modified_time\" content=\"2026-03-06T13:15:01+00:00\" \/>\n<meta property=\"og:image\" content=\"https:\/\/www.diariodeouropreto.com.br\/wp-content\/uploads\/2026\/03\/guarda-municipal-ouro-preto.jpg\" \/>\n\t<meta property=\"og:image:width\" content=\"1200\" \/>\n\t<meta property=\"og:image:height\" content=\"800\" \/>\n\t<meta property=\"og:image:type\" content=\"image\/jpeg\" \/>\n<meta name=\"author\" content=\"Di\u00e1rio de Ouro Preto\" \/>\n<meta name=\"twitter:card\" content=\"summary_large_image\" \/>\n<meta name=\"twitter:label1\" content=\"Escrito por\" \/>\n\t<meta name=\"twitter:data1\" content=\"Di\u00e1rio de Ouro Preto\" \/>\n\t<meta name=\"twitter:label2\" content=\"Tempo estimado de leitura\" \/>\n\t<meta name=\"twitter:data2\" content=\"4 minutos\" \/>\n<script type=\"application\/ld+json\" class=\"yoast-schema-graph\">{\"@context\":\"https:\\\/\\\/schema.org\",\"@graph\":[{\"@type\":\"Article\",\"@id\":\"https:\\\/\\\/www.diariodeouropreto.com.br\\\/ouro-preto-reforca-a-seguranca-publica-com-sancao-de-leis-para-a-guarda-civil-municipal\\\/#article\",\"isPartOf\":{\"@id\":\"https:\\\/\\\/www.diariodeouropreto.com.br\\\/ouro-preto-reforca-a-seguranca-publica-com-sancao-de-leis-para-a-guarda-civil-municipal\\\/\"},\"author\":{\"name\":\"Di\u00e1rio de Ouro Preto\",\"@id\":\"https:\\\/\\\/www.diariodeouropreto.com.br\\\/pt\\\/#\\\/schema\\\/person\\\/7654e7b471204a6dab6dc0ce6e140c99\"},\"headline\":\"Ouro Preto refor\u00e7a a seguran\u00e7a p\u00fablica com san\u00e7\u00e3o de leis para a Guarda Civil Municipal\",\"datePublished\":\"2026-03-05T23:30:00+00:00\",\"dateModified\":\"2026-03-06T13:15:01+00:00\",\"mainEntityOfPage\":{\"@id\":\"https:\\\/\\\/www.diariodeouropreto.com.br\\\/ouro-preto-reforca-a-seguranca-publica-com-sancao-de-leis-para-a-guarda-civil-municipal\\\/\"},\"wordCount\":638,\"publisher\":{\"@id\":\"https:\\\/\\\/www.diariodeouropreto.com.br\\\/pt\\\/#organization\"},\"image\":{\"@id\":\"https:\\\/\\\/www.diariodeouropreto.com.br\\\/ouro-preto-reforca-a-seguranca-publica-com-sancao-de-leis-para-a-guarda-civil-municipal\\\/#primaryimage\"},\"thumbnailUrl\":\"https:\\\/\\\/www.diariodeouropreto.com.br\\\/wp-content\\\/uploads\\\/2026\\\/03\\\/guarda-municipal-ouro-preto.jpg\",\"articleSection\":[\"Ouro Preto\"],\"inLanguage\":\"pt-PT\"},{\"@type\":\"WebPage\",\"@id\":\"https:\\\/\\\/www.diariodeouropreto.com.br\\\/ouro-preto-reforca-a-seguranca-publica-com-sancao-de-leis-para-a-guarda-civil-municipal\\\/\",\"url\":\"https:\\\/\\\/www.diariodeouropreto.com.br\\\/ouro-preto-reforca-a-seguranca-publica-com-sancao-de-leis-para-a-guarda-civil-municipal\\\/\",\"name\":\"Ouro Preto refor\u00e7a a seguran\u00e7a p\u00fablica com san\u00e7\u00e3o de leis para a Guarda Civil Municipal - Di\u00e1rio de Ouro Preto\",\"isPartOf\":{\"@id\":\"https:\\\/\\\/www.diariodeouropreto.com.br\\\/pt\\\/#website\"},\"primaryImageOfPage\":{\"@id\":\"https:\\\/\\\/www.diariodeouropreto.com.br\\\/ouro-preto-reforca-a-seguranca-publica-com-sancao-de-leis-para-a-guarda-civil-municipal\\\/#primaryimage\"},\"image\":{\"@id\":\"https:\\\/\\\/www.diariodeouropreto.com.br\\\/ouro-preto-reforca-a-seguranca-publica-com-sancao-de-leis-para-a-guarda-civil-municipal\\\/#primaryimage\"},\"thumbnailUrl\":\"https:\\\/\\\/www.diariodeouropreto.com.br\\\/wp-content\\\/uploads\\\/2026\\\/03\\\/guarda-municipal-ouro-preto.jpg\",\"datePublished\":\"2026-03-05T23:30:00+00:00\",\"dateModified\":\"2026-03-06T13:15:01+00:00\",\"description\":\"Leis abrangem melhoria nas condi\u00e7\u00f5es de trabalho da corpora\u00e7\u00e3o por meio de ajuste salarial, adicional de periculosidade e insalubridade e abono fardamento - Ouro Preto refor\u00e7a a seguran\u00e7a p\u00fablica com san\u00e7\u00e3o de leis para a Guarda Civil Municipal\",\"breadcrumb\":{\"@id\":\"https:\\\/\\\/www.diariodeouropreto.com.br\\\/ouro-preto-reforca-a-seguranca-publica-com-sancao-de-leis-para-a-guarda-civil-municipal\\\/#breadcrumb\"},\"inLanguage\":\"pt-PT\",\"potentialAction\":[{\"@type\":\"ReadAction\",\"target\":[\"https:\\\/\\\/www.diariodeouropreto.com.br\\\/ouro-preto-reforca-a-seguranca-publica-com-sancao-de-leis-para-a-guarda-civil-municipal\\\/\"]}]},{\"@type\":\"ImageObject\",\"inLanguage\":\"pt-PT\",\"@id\":\"https:\\\/\\\/www.diariodeouropreto.com.br\\\/ouro-preto-reforca-a-seguranca-publica-com-sancao-de-leis-para-a-guarda-civil-municipal\\\/#primaryimage\",\"url\":\"https:\\\/\\\/www.diariodeouropreto.com.br\\\/wp-content\\\/uploads\\\/2026\\\/03\\\/guarda-municipal-ouro-preto.jpg\",\"contentUrl\":\"https:\\\/\\\/www.diariodeouropreto.com.br\\\/wp-content\\\/uploads\\\/2026\\\/03\\\/guarda-municipal-ouro-preto.jpg\",\"width\":1200,\"height\":800},{\"@type\":\"BreadcrumbList\",\"@id\":\"https:\\\/\\\/www.diariodeouropreto.com.br\\\/ouro-preto-reforca-a-seguranca-publica-com-sancao-de-leis-para-a-guarda-civil-municipal\\\/#breadcrumb\",\"itemListElement\":[{\"@type\":\"ListItem\",\"position\":1,\"name\":\"In\u00edcio\",\"item\":\"https:\\\/\\\/www.diariodeouropreto.com.br\\\/pt\\\/\"},{\"@type\":\"ListItem\",\"position\":2,\"name\":\"Ouro Preto refor\u00e7a a seguran\u00e7a p\u00fablica com san\u00e7\u00e3o de leis para a Guarda Civil Municipal\"}]},{\"@type\":\"WebSite\",\"@id\":\"https:\\\/\\\/www.diariodeouropreto.com.br\\\/pt\\\/#website\",\"url\":\"https:\\\/\\\/www.diariodeouropreto.com.br\\\/pt\\\/\",\"name\":\"Di\u00e1rio de Ouro Preto\",\"description\":\"Not\u00edcias Ouro Preto; Mariana;Minas Gerais;Jornal;Jornalismo;Not\u00edcias;\",\"publisher\":{\"@id\":\"https:\\\/\\\/www.diariodeouropreto.com.br\\\/pt\\\/#organization\"},\"alternateName\":\"Jornal di\u00e1rio de Ouro Preto\",\"potentialAction\":[{\"@type\":\"SearchAction\",\"target\":{\"@type\":\"EntryPoint\",\"urlTemplate\":\"https:\\\/\\\/www.diariodeouropreto.com.br\\\/pt\\\/?s={search_term_string}\"},\"query-input\":{\"@type\":\"PropertyValueSpecification\",\"valueRequired\":true,\"valueName\":\"search_term_string\"}}],\"inLanguage\":\"pt-PT\"},{\"@type\":\"Organization\",\"@id\":\"https:\\\/\\\/www.diariodeouropreto.com.br\\\/pt\\\/#organization\",\"name\":\"Di\u00e1rio de Ouro Preto\",\"alternateName\":\"Jornal di\u00e1rio Ouro Preto\",\"url\":\"https:\\\/\\\/www.diariodeouropreto.com.br\\\/pt\\\/\",\"logo\":{\"@type\":\"ImageObject\",\"inLanguage\":\"pt-PT\",\"@id\":\"https:\\\/\\\/www.diariodeouropreto.com.br\\\/pt\\\/#\\\/schema\\\/logo\\\/image\\\/\",\"url\":\"https:\\\/\\\/www.diariodeouropreto.com.br\\\/wp-content\\\/uploads\\\/2019\\\/06\\\/cropped-logotransp-2.png\",\"contentUrl\":\"https:\\\/\\\/www.diariodeouropreto.com.br\\\/wp-content\\\/uploads\\\/2019\\\/06\\\/cropped-logotransp-2.png\",\"width\":1323,\"height\":251,\"caption\":\"Di\u00e1rio de Ouro Preto\"},\"image\":{\"@id\":\"https:\\\/\\\/www.diariodeouropreto.com.br\\\/pt\\\/#\\\/schema\\\/logo\\\/image\\\/\"},\"sameAs\":[\"https:\\\/\\\/www.facebook.com\\\/diariodeouropreto\\\/\"]},{\"@type\":\"Person\",\"@id\":\"https:\\\/\\\/www.diariodeouropreto.com.br\\\/pt\\\/#\\\/schema\\\/person\\\/7654e7b471204a6dab6dc0ce6e140c99\",\"name\":\"Di\u00e1rio de Ouro Preto\",\"sameAs\":[\"http:\\\/\\\/www.diariodeouropreto.com.br\"],\"url\":\"https:\\\/\\\/www.diariodeouropreto.com.br\\\/pt\\\/author\\\/diario\\\/\"}]}<\/script>\n<!-- \/ Yoast SEO plugin. -->","yoast_head_json":{"title":"Ouro Preto refor\u00e7a a seguran\u00e7a p\u00fablica com san\u00e7\u00e3o de leis para a Guarda Civil Municipal - Di\u00e1rio de Ouro Preto","description":"Leis abrangem melhoria nas condi\u00e7\u00f5es de trabalho da corpora\u00e7\u00e3o por meio de ajuste salarial, adicional de periculosidade e insalubridade e abono fardamento - Ouro Preto refor\u00e7a a seguran\u00e7a p\u00fablica com san\u00e7\u00e3o de leis para a Guarda Civil Municipal","robots":{"index":"index","follow":"follow","max-snippet":"max-snippet:-1","max-image-preview":"max-image-preview:large","max-video-preview":"max-video-preview:-1"},"canonical":"https:\/\/www.diariodeouropreto.com.br\/pt\/ouro-preto-reforca-a-seguranca-publica-com-sancao-de-leis-para-a-guarda-civil-municipal\/","og_locale":"pt_PT","og_type":"article","og_title":"Ouro Preto refor\u00e7a a seguran\u00e7a p\u00fablica com san\u00e7\u00e3o de leis para a Guarda Civil Municipal - Di\u00e1rio de Ouro Preto","og_description":"Leis abrangem melhoria nas condi\u00e7\u00f5es de trabalho da corpora\u00e7\u00e3o por meio de ajuste salarial, adicional de periculosidade e insalubridade e abono fardamento - Ouro Preto refor\u00e7a a seguran\u00e7a p\u00fablica com san\u00e7\u00e3o de leis para a Guarda Civil Municipal","og_url":"https:\/\/www.diariodeouropreto.com.br\/pt\/ouro-preto-reforca-a-seguranca-publica-com-sancao-de-leis-para-a-guarda-civil-municipal\/","og_site_name":"Di\u00e1rio de Ouro Preto","article_publisher":"https:\/\/www.facebook.com\/diariodeouropreto\/","article_published_time":"2026-03-05T23:30:00+00:00","article_modified_time":"2026-03-06T13:15:01+00:00","og_image":[{"width":1200,"height":800,"url":"https:\/\/www.diariodeouropreto.com.br\/wp-content\/uploads\/2026\/03\/guarda-municipal-ouro-preto.jpg","type":"image\/jpeg"}],"author":"Di\u00e1rio de Ouro Preto","twitter_card":"summary_large_image","twitter_misc":{"Escrito por":"Di\u00e1rio de Ouro Preto","Tempo estimado de leitura":"4 minutos"},"schema":{"@context":"https:\/\/schema.org","@graph":[{"@type":"Article","@id":"https:\/\/www.diariodeouropreto.com.br\/ouro-preto-reforca-a-seguranca-publica-com-sancao-de-leis-para-a-guarda-civil-municipal\/#article","isPartOf":{"@id":"https:\/\/www.diariodeouropreto.com.br\/ouro-preto-reforca-a-seguranca-publica-com-sancao-de-leis-para-a-guarda-civil-municipal\/"},"author":{"name":"Di\u00e1rio de Ouro Preto","@id":"https:\/\/www.diariodeouropreto.com.br\/pt\/#\/schema\/person\/7654e7b471204a6dab6dc0ce6e140c99"},"headline":"Ouro Preto refor\u00e7a a seguran\u00e7a p\u00fablica com san\u00e7\u00e3o de leis para a Guarda Civil Municipal","datePublished":"2026-03-05T23:30:00+00:00","dateModified":"2026-03-06T13:15:01+00:00","mainEntityOfPage":{"@id":"https:\/\/www.diariodeouropreto.com.br\/ouro-preto-reforca-a-seguranca-publica-com-sancao-de-leis-para-a-guarda-civil-municipal\/"},"wordCount":638,"publisher":{"@id":"https:\/\/www.diariodeouropreto.com.br\/pt\/#organization"},"image":{"@id":"https:\/\/www.diariodeouropreto.com.br\/ouro-preto-reforca-a-seguranca-publica-com-sancao-de-leis-para-a-guarda-civil-municipal\/#primaryimage"},"thumbnailUrl":"https:\/\/www.diariodeouropreto.com.br\/wp-content\/uploads\/2026\/03\/guarda-municipal-ouro-preto.jpg","articleSection":["Ouro Preto"],"inLanguage":"pt-PT"},{"@type":"WebPage","@id":"https:\/\/www.diariodeouropreto.com.br\/ouro-preto-reforca-a-seguranca-publica-com-sancao-de-leis-para-a-guarda-civil-municipal\/","url":"https:\/\/www.diariodeouropreto.com.br\/ouro-preto-reforca-a-seguranca-publica-com-sancao-de-leis-para-a-guarda-civil-municipal\/","name":"Ouro Preto refor\u00e7a a seguran\u00e7a p\u00fablica com san\u00e7\u00e3o de leis para a Guarda Civil Municipal - Di\u00e1rio de Ouro Preto","isPartOf":{"@id":"https:\/\/www.diariodeouropreto.com.br\/pt\/#website"},"primaryImageOfPage":{"@id":"https:\/\/www.diariodeouropreto.com.br\/ouro-preto-reforca-a-seguranca-publica-com-sancao-de-leis-para-a-guarda-civil-municipal\/#primaryimage"},"image":{"@id":"https:\/\/www.diariodeouropreto.com.br\/ouro-preto-reforca-a-seguranca-publica-com-sancao-de-leis-para-a-guarda-civil-municipal\/#primaryimage"},"thumbnailUrl":"https:\/\/www.diariodeouropreto.com.br\/wp-content\/uploads\/2026\/03\/guarda-municipal-ouro-preto.jpg","datePublished":"2026-03-05T23:30:00+00:00","dateModified":"2026-03-06T13:15:01+00:00","description":"Leis abrangem melhoria nas condi\u00e7\u00f5es de trabalho da corpora\u00e7\u00e3o por meio de ajuste salarial, adicional de periculosidade e insalubridade e abono fardamento - Ouro Preto refor\u00e7a a seguran\u00e7a p\u00fablica com san\u00e7\u00e3o de leis para a Guarda Civil Municipal","breadcrumb":{"@id":"https:\/\/www.diariodeouropreto.com.br\/ouro-preto-reforca-a-seguranca-publica-com-sancao-de-leis-para-a-guarda-civil-municipal\/#breadcrumb"},"inLanguage":"pt-PT","potentialAction":[{"@type":"ReadAction","target":["https:\/\/www.diariodeouropreto.com.br\/ouro-preto-reforca-a-seguranca-publica-com-sancao-de-leis-para-a-guarda-civil-municipal\/"]}]},{"@type":"ImageObject","inLanguage":"pt-PT","@id":"https:\/\/www.diariodeouropreto.com.br\/ouro-preto-reforca-a-seguranca-publica-com-sancao-de-leis-para-a-guarda-civil-municipal\/#primaryimage","url":"https:\/\/www.diariodeouropreto.com.br\/wp-content\/uploads\/2026\/03\/guarda-municipal-ouro-preto.jpg","contentUrl":"https:\/\/www.diariodeouropreto.com.br\/wp-content\/uploads\/2026\/03\/guarda-municipal-ouro-preto.jpg","width":1200,"height":800},{"@type":"BreadcrumbList","@id":"https:\/\/www.diariodeouropreto.com.br\/ouro-preto-reforca-a-seguranca-publica-com-sancao-de-leis-para-a-guarda-civil-municipal\/#breadcrumb","itemListElement":[{"@type":"ListItem","position":1,"name":"In\u00edcio","item":"https:\/\/www.diariodeouropreto.com.br\/pt\/"},{"@type":"ListItem","position":2,"name":"Ouro Preto refor\u00e7a a seguran\u00e7a p\u00fablica com san\u00e7\u00e3o de leis para a Guarda Civil Municipal"}]},{"@type":"WebSite","@id":"https:\/\/www.diariodeouropreto.com.br\/pt\/#website","url":"https:\/\/www.diariodeouropreto.com.br\/pt\/","name":"Di\u00e1rio de Ouro Preto","description":"Not\u00edcias Ouro Preto; Mariana;Minas Gerais;Jornal;Jornalismo;Not\u00edcias;","publisher":{"@id":"https:\/\/www.diariodeouropreto.com.br\/pt\/#organization"},"alternateName":"Jornal di\u00e1rio de Ouro Preto","potentialAction":[{"@type":"SearchAction","target":{"@type":"EntryPoint","urlTemplate":"https:\/\/www.diariodeouropreto.com.br\/pt\/?s={search_term_string}"},"query-input":{"@type":"PropertyValueSpecification","valueRequired":true,"valueName":"search_term_string"}}],"inLanguage":"pt-PT"},{"@type":"Organization","@id":"https:\/\/www.diariodeouropreto.com.br\/pt\/#organization","name":"Di\u00e1rio de Ouro Preto","alternateName":"Jornal di\u00e1rio Ouro Preto","url":"https:\/\/www.diariodeouropreto.com.br\/pt\/","logo":{"@type":"ImageObject","inLanguage":"pt-PT","@id":"https:\/\/www.diariodeouropreto.com.br\/pt\/#\/schema\/logo\/image\/","url":"https:\/\/www.diariodeouropreto.com.br\/wp-content\/uploads\/2019\/06\/cropped-logotransp-2.png","contentUrl":"https:\/\/www.diariodeouropreto.com.br\/wp-content\/uploads\/2019\/06\/cropped-logotransp-2.png","width":1323,"height":251,"caption":"Di\u00e1rio de Ouro Preto"},"image":{"@id":"https:\/\/www.diariodeouropreto.com.br\/pt\/#\/schema\/logo\/image\/"},"sameAs":["https:\/\/www.facebook.com\/diariodeouropreto\/"]},{"@type":"Person","@id":"https:\/\/www.diariodeouropreto.com.br\/pt\/#\/schema\/person\/7654e7b471204a6dab6dc0ce6e140c99","name":"Di\u00e1rio de Ouro Preto","sameAs":["http:\/\/www.diariodeouropreto.com.br"],"url":"https:\/\/www.diariodeouropreto.com.br\/pt\/author\/diario\/"}]}},"jetpack_publicize_connections":[],"jetpack_featured_media_url":"https:\/\/www.diariodeouropreto.com.br\/wp-content\/uploads\/2026\/03\/guarda-municipal-ouro-preto.jpg","jetpack-related-posts":[{"id":50562,"url":"https:\/\/www.diariodeouropreto.com.br\/pt\/legislativo-ouro-pretano-aprova-projetos-de-melhoria-de-condicoes-de-trabalho-aos-servidores-da-guarda-civil-municipal\/","url_meta":{"origin":50740,"position":0},"title":"Legislativo ouro-pretano aprova projetos de melhoria de condi\u00e7\u00f5es de trabalho aos servidores da Guarda Civil Municipal","author":"Di\u00e1rio de Ouro Preto","date":"25 de Fevereiro de 2026","format":false,"excerpt":"A reuni\u00e3o ordin\u00e1ria da \u00faltima ter\u00e7a-feira, 24 de fevereiro, teve a presen\u00e7a de representantes da Guarda Civil Municipal de Ouro Preto no p\u00fablico, que puderam acompanhar a vota\u00e7\u00e3o dos Projetos de Lei Complementar propostos pelo Executivo. Os documentos atualizam regras adicionais de insalubridades e periculosidade e ajustam o plano de\u2026","rel":"","context":"In &quot;Geral&quot;","block_context":{"text":"Geral","link":"https:\/\/www.diariodeouropreto.com.br\/pt\/Editoria\/geral\/"},"img":{"alt_text":"","src":"https:\/\/i0.wp.com\/www.diariodeouropreto.com.br\/wp-content\/uploads\/2026\/02\/Reuniao-Ordinaria-de-24.02-2.jpg?resize=350%2C200&ssl=1","width":350,"height":200,"srcset":"https:\/\/i0.wp.com\/www.diariodeouropreto.com.br\/wp-content\/uploads\/2026\/02\/Reuniao-Ordinaria-de-24.02-2.jpg?resize=350%2C200&ssl=1 1x, https:\/\/i0.wp.com\/www.diariodeouropreto.com.br\/wp-content\/uploads\/2026\/02\/Reuniao-Ordinaria-de-24.02-2.jpg?resize=525%2C300&ssl=1 1.5x, https:\/\/i0.wp.com\/www.diariodeouropreto.com.br\/wp-content\/uploads\/2026\/02\/Reuniao-Ordinaria-de-24.02-2.jpg?resize=700%2C400&ssl=1 2x, https:\/\/i0.wp.com\/www.diariodeouropreto.com.br\/wp-content\/uploads\/2026\/02\/Reuniao-Ordinaria-de-24.02-2.jpg?resize=1050%2C600&ssl=1 3x"},"classes":[]},{"id":42421,"url":"https:\/\/www.diariodeouropreto.com.br\/pt\/sindicato-dos-servidores-e-funcionarios-publicos-municipais-de-ouro-preto-sindsfop-aprova-pauta-de-reivindicacoes-para-a-data-base-2025-e-elege-nova-comissao-de-negociacao\/","url_meta":{"origin":50740,"position":1},"title":"Sindicato dos Servidores e Funcion\u00e1rios P\u00fablicos Municipais de Ouro Preto (Sindsfop) aprova pauta de reivindica\u00e7\u00f5es para a Data-Base 2025 e elege nova Comiss\u00e3o de Negocia\u00e7\u00e3o","author":"Di\u00e1rio de Ouro Preto","date":"12 de Fevereiro de 2025","format":false,"excerpt":"O Sindicato dos Servidores e Funcion\u00e1rios P\u00fablicos Municipais de Ouro Preto (Sindsfop) realizou, nesta ter\u00e7a-feira (11), uma assembleia geral para deliberar sobre as propostas da Data-Base 2025. Durante o encontro, os servidores aprovaram a pauta de reivindica\u00e7\u00f5es e elegeram a Comiss\u00e3o de Negocia\u00e7\u00e3o, que representar\u00e1 a categoria nas tratativas com\u2026","rel":"","context":"Similar post","block_context":{"text":"Similar post","link":""},"img":{"alt_text":"","src":"https:\/\/i0.wp.com\/www.diariodeouropreto.com.br\/wp-content\/uploads\/2025\/02\/Imagem-do-WhatsApp-de-2025-02-12-as-12.16.24_3b7169e3.jpg?resize=350%2C200&ssl=1","width":350,"height":200,"srcset":"https:\/\/i0.wp.com\/www.diariodeouropreto.com.br\/wp-content\/uploads\/2025\/02\/Imagem-do-WhatsApp-de-2025-02-12-as-12.16.24_3b7169e3.jpg?resize=350%2C200&ssl=1 1x, https:\/\/i0.wp.com\/www.diariodeouropreto.com.br\/wp-content\/uploads\/2025\/02\/Imagem-do-WhatsApp-de-2025-02-12-as-12.16.24_3b7169e3.jpg?resize=525%2C300&ssl=1 1.5x, https:\/\/i0.wp.com\/www.diariodeouropreto.com.br\/wp-content\/uploads\/2025\/02\/Imagem-do-WhatsApp-de-2025-02-12-as-12.16.24_3b7169e3.jpg?resize=700%2C400&ssl=1 2x, https:\/\/i0.wp.com\/www.diariodeouropreto.com.br\/wp-content\/uploads\/2025\/02\/Imagem-do-WhatsApp-de-2025-02-12-as-12.16.24_3b7169e3.jpg?resize=1050%2C600&ssl=1 3x"},"classes":[]},{"id":17360,"url":"https:\/\/www.diariodeouropreto.com.br\/pt\/guarda-municipal-de-ouro-preto-prende-homem-em-flagrante-por-importunacao-sexual\/","url_meta":{"origin":50740,"position":2},"title":"Guarda Municipal de Ouro Preto prende homem em flagrante por importuna\u00e7\u00e3o sexual","author":"Di\u00e1rio de Ouro Preto","date":"20 de Julho de 2022","format":false,"excerpt":"Foi realizado um boletim de ocorr\u00eancia devido \u00e0 den\u00fancia de uma suposta importuna\u00e7\u00e3o sexual, ontem, ocorrida no transporte coletivo municipal de Ouro Preto. Conforme a LEI N\u00ba 13.718 o ato \u00e9 considerado crime, sob a a\u00e7\u00e3o de diferentes penalidades. A importuna\u00e7\u00e3o sexual \u00e9 atribu\u00edda como um ato libidinoso e atentado\u2026","rel":"","context":"In &quot;Ouro Preto&quot;","block_context":{"text":"Ouro Preto","link":"https:\/\/www.diariodeouropreto.com.br\/pt\/Editoria\/ouro-preto\/"},"img":{"alt_text":"","src":"https:\/\/i0.wp.com\/www.diariodeouropreto.com.br\/wp-content\/uploads\/2021\/04\/capa-noticia-geral-e1617738740372.png?resize=350%2C200&ssl=1","width":350,"height":200,"srcset":"https:\/\/i0.wp.com\/www.diariodeouropreto.com.br\/wp-content\/uploads\/2021\/04\/capa-noticia-geral-e1617738740372.png?resize=350%2C200&ssl=1 1x, https:\/\/i0.wp.com\/www.diariodeouropreto.com.br\/wp-content\/uploads\/2021\/04\/capa-noticia-geral-e1617738740372.png?resize=525%2C300&ssl=1 1.5x"},"classes":[]},{"id":47519,"url":"https:\/\/www.diariodeouropreto.com.br\/pt\/seguranca-reforcada-prefeitura-de-itabirito-empossa-novos-agentes-da-guarda-civil-municipal\/","url_meta":{"origin":50740,"position":3},"title":"Seguran\u00e7a refor\u00e7ada: Prefeitura de Itabirito empossa novos agentes da Guarda Civil Municipal\u00a0","author":"Di\u00e1rio de Ouro Preto","date":"12 de Setembro de 2025","format":false,"excerpt":"A Prefeitura de Itabirito empossou na \u00faltima sexta-feira, dia 5 de setembro, 19 novos agentes da Guarda Civil Municipal aprovados no concurso p\u00fablico n\u00ba 004\/2023. A cerim\u00f4nia, no Centro Administrativo, reafirmou o compromisso do munic\u00edpio com o fortalecimento da seguran\u00e7a p\u00fablica.\u00a0\u00a0 \u201c\u00c9 uma honra receber os novos agentes em nosso\u2026","rel":"","context":"In &quot;Itabirito&quot;","block_context":{"text":"Itabirito","link":"https:\/\/www.diariodeouropreto.com.br\/pt\/Editoria\/itabirito\/"},"img":{"alt_text":"","src":"https:\/\/i0.wp.com\/www.diariodeouropreto.com.br\/wp-content\/uploads\/2025\/09\/DSC_8084-2048x1365-1.jpg?resize=350%2C200&ssl=1","width":350,"height":200,"srcset":"https:\/\/i0.wp.com\/www.diariodeouropreto.com.br\/wp-content\/uploads\/2025\/09\/DSC_8084-2048x1365-1.jpg?resize=350%2C200&ssl=1 1x, https:\/\/i0.wp.com\/www.diariodeouropreto.com.br\/wp-content\/uploads\/2025\/09\/DSC_8084-2048x1365-1.jpg?resize=525%2C300&ssl=1 1.5x, https:\/\/i0.wp.com\/www.diariodeouropreto.com.br\/wp-content\/uploads\/2025\/09\/DSC_8084-2048x1365-1.jpg?resize=700%2C400&ssl=1 2x, https:\/\/i0.wp.com\/www.diariodeouropreto.com.br\/wp-content\/uploads\/2025\/09\/DSC_8084-2048x1365-1.jpg?resize=1050%2C600&ssl=1 3x"},"classes":[]},{"id":3993,"url":"https:\/\/www.diariodeouropreto.com.br\/pt\/guarda-civil-municipal-de-ouro-preto-e-reestruturada-para-garantir-mais-seguranca-aos-cidadaos-e-ao-patrimonio\/","url_meta":{"origin":50740,"position":4},"title":"Guarda Civil Municipal de Ouro Preto \u00e9 reestruturada para garantir mais seguran\u00e7a aos cidad\u00e3os e ao patrim\u00f4nio","author":"Di\u00e1rio de Ouro Preto","date":"22 de Junho de 2020","format":false,"excerpt":"Em todo o Brasil, as Guardas Municipais v\u00eam se expandindo como institui\u00e7\u00f5es locais que contribuem para a seguran\u00e7a da popula\u00e7\u00e3o. A Guarda Municipal \u00e9 um mecanismo valoroso que atua nos mais diversos tipos de policiamento, contribui para a seguran\u00e7a p\u00fablica, do patrim\u00f4nio, e, por residir e conviver na cidade, est\u00e1\u2026","rel":"","context":"In &quot;Ouro Preto&quot;","block_context":{"text":"Ouro Preto","link":"https:\/\/www.diariodeouropreto.com.br\/pt\/Editoria\/ouro-preto\/"},"img":{"alt_text":"","src":"https:\/\/i0.wp.com\/www.diariodeouropreto.com.br\/wp-content\/uploads\/2020\/06\/Centro-de-Controle-Operacional-CCO-2.jpeg?resize=350%2C200&ssl=1","width":350,"height":200,"srcset":"https:\/\/i0.wp.com\/www.diariodeouropreto.com.br\/wp-content\/uploads\/2020\/06\/Centro-de-Controle-Operacional-CCO-2.jpeg?resize=350%2C200&ssl=1 1x, https:\/\/i0.wp.com\/www.diariodeouropreto.com.br\/wp-content\/uploads\/2020\/06\/Centro-de-Controle-Operacional-CCO-2.jpeg?resize=525%2C300&ssl=1 1.5x, https:\/\/i0.wp.com\/www.diariodeouropreto.com.br\/wp-content\/uploads\/2020\/06\/Centro-de-Controle-Operacional-CCO-2.jpeg?resize=700%2C400&ssl=1 2x, https:\/\/i0.wp.com\/www.diariodeouropreto.com.br\/wp-content\/uploads\/2020\/06\/Centro-de-Controle-Operacional-CCO-2.jpeg?resize=1050%2C600&ssl=1 3x"},"classes":[]},{"id":50220,"url":"https:\/\/www.diariodeouropreto.com.br\/pt\/camara-de-ouro-preto-abre-trabalhos-legislativos-de-2026-com-primeira-reuniao-ordinaria\/","url_meta":{"origin":50740,"position":5},"title":"C\u00e2mara de Ouro Preto abre trabalhos legislativos de 2026 com primeira reuni\u00e3o ordin\u00e1ria","author":"Davi Saporetti","date":"6 de Fevereiro de 2026","format":false,"excerpt":"Sess\u00e3o teve leitura de expedientes, distribui\u00e7\u00e3o de projetos, aprecia\u00e7\u00e3o de vetos, requerimentos, indica\u00e7\u00f5es e representa\u00e7\u00f5es A C\u00e2mara Municipal de Ouro Preto realizou, na \u00faltima ter\u00e7a-feira(03\/02) a primeira reuni\u00e3o ordin\u00e1ria de 2026, marcando a abertura oficial dos trabalhos legislativos do ano. A sess\u00e3o contou com o registro de presen\u00e7a dos vereadores,\u2026","rel":"","context":"In &quot;Pol\u00edtica&quot;","block_context":{"text":"Pol\u00edtica","link":"https:\/\/www.diariodeouropreto.com.br\/pt\/Editoria\/politica\/"},"img":{"alt_text":"","src":"https:\/\/i0.wp.com\/www.diariodeouropreto.com.br\/wp-content\/uploads\/2026\/02\/1-reuniao-ordinaria-da-CMOP-Divulgacao-CMOP.jpg?resize=350%2C200&ssl=1","width":350,"height":200,"srcset":"https:\/\/i0.wp.com\/www.diariodeouropreto.com.br\/wp-content\/uploads\/2026\/02\/1-reuniao-ordinaria-da-CMOP-Divulgacao-CMOP.jpg?resize=350%2C200&ssl=1 1x, https:\/\/i0.wp.com\/www.diariodeouropreto.com.br\/wp-content\/uploads\/2026\/02\/1-reuniao-ordinaria-da-CMOP-Divulgacao-CMOP.jpg?resize=525%2C300&ssl=1 1.5x, https:\/\/i0.wp.com\/www.diariodeouropreto.com.br\/wp-content\/uploads\/2026\/02\/1-reuniao-ordinaria-da-CMOP-Divulgacao-CMOP.jpg?resize=700%2C400&ssl=1 2x, https:\/\/i0.wp.com\/www.diariodeouropreto.com.br\/wp-content\/uploads\/2026\/02\/1-reuniao-ordinaria-da-CMOP-Divulgacao-CMOP.jpg?resize=1050%2C600&ssl=1 3x"},"classes":[]}],"jetpack_sharing_enabled":true,"amp_enabled":true,"_links":{"self":[{"href":"https:\/\/www.diariodeouropreto.com.br\/pt\/wp-json\/wp\/v2\/posts\/50740","targetHints":{"allow":["GET"]}}],"collection":[{"href":"https:\/\/www.diariodeouropreto.com.br\/pt\/wp-json\/wp\/v2\/posts"}],"about":[{"href":"https:\/\/www.diariodeouropreto.com.br\/pt\/wp-json\/wp\/v2\/types\/post"}],"author":[{"embeddable":true,"href":"https:\/\/www.diariodeouropreto.com.br\/pt\/wp-json\/wp\/v2\/users\/1"}],"replies":[{"embeddable":true,"href":"https:\/\/www.diariodeouropreto.com.br\/pt\/wp-json\/wp\/v2\/comments?post=50740"}],"version-history":[{"count":1,"href":"https:\/\/www.diariodeouropreto.com.br\/pt\/wp-json\/wp\/v2\/posts\/50740\/revisions"}],"predecessor-version":[{"id":50742,"href":"https:\/\/www.diariodeouropreto.com.br\/pt\/wp-json\/wp\/v2\/posts\/50740\/revisions\/50742"}],"wp:featuredmedia":[{"embeddable":true,"href":"https:\/\/www.diariodeouropreto.com.br\/pt\/wp-json\/wp\/v2\/media\/50741"}],"wp:attachment":[{"href":"https:\/\/www.diariodeouropreto.com.br\/pt\/wp-json\/wp\/v2\/media?parent=50740"}],"wp:term":[{"taxonomy":"category","embeddable":true,"href":"https:\/\/www.diariodeouropreto.com.br\/pt\/wp-json\/wp\/v2\/categories?post=50740"},{"taxonomy":"post_tag","embeddable":true,"href":"https:\/\/www.diariodeouropreto.com.br\/pt\/wp-json\/wp\/v2\/tags?post=50740"}],"curies":[{"name":"wp","href":"https:\/\/api.w.org\/{rel}","templated":true}]}}