{"id":50732,"date":"2026-03-05T20:05:58","date_gmt":"2026-03-05T23:05:58","guid":{"rendered":"https:\/\/www.diariodeouropreto.com.br\/?p=50732"},"modified":"2026-03-05T20:06:03","modified_gmt":"2026-03-05T23:06:03","slug":"padre-julio-lancellotti-faz-apelo-por-luta-contra-a-pobreza","status":"publish","type":"post","link":"https:\/\/www.diariodeouropreto.com.br\/pt\/padre-julio-lancellotti-faz-apelo-por-luta-contra-a-pobreza\/","title":{"rendered":"Padre J\u00falio Lancellotti faz apelo por luta contra a pobreza"},"content":{"rendered":"<p><strong>P\u00fablico lotou o Espa\u00e7o Democr\u00e1tico Jos\u00e9 Aparecido de Oliveira, na abertura da etapa final do F\u00f3rum Minas Sem Mis\u00e9ria, que teve palestra magna do padre J\u00falio Lancellotti<\/strong><\/p>\n\n\n\n<p>\u201cN\u00e3o devemos baixar a guarda diante da pobreza\u201d. O apelo foi feito pelo padre J\u00falio Lancellotti, vig\u00e1rio da Pastoral do Povo da Rua em S\u00e3o Paulo (SP), na abertura da etapa final do F\u00f3rum T\u00e9cnico Minas sem Mis\u00e9ria, na Assembleia Legislativa de Minas Gerais (ALMG), nesta quarta-feira (4\/03).<\/p>\n\n\n\n<p><br>O Parlamento mineiro realiza o evento em conjunto com entidades parceiras da sociedade civil e do poder p\u00fablico, atendendo a requerimento da presidenta da Comiss\u00e3o de Direitos Humanos, deputada Bella Gon\u00e7alves (Psol). As atividades seguem at\u00e9 o dia 6 de mar\u00e7o, com grupos de trabalho e plen\u00e1ria final.<\/p>\n\n\n\n<p><br>Padre J\u00falio falou sobre cultivar uma \u201cesperan\u00e7a teimosa\u201d mesmo diante das persegui\u00e7\u00f5es ou da resist\u00eancia das elites que insistem na manuten\u00e7\u00e3o da desigualdade social. O padre j\u00e1 teria sido v\u00edtima, reiteradamente, de retalia\u00e7\u00f5es de agentes pol\u00edticos devido ao trabalho juntamente a abrigos e cozinhas comunit\u00e1rias na capital paulista.<\/p>\n\n\n\n<p><br>O vig\u00e1rio disse que a convoca\u00e7\u00e3o a n\u00e3o baixar a guarda diante da pobreza est\u00e1 na \u201cExorta\u00e7\u00e3o Apost\u00f3lica Dilexi Te, do Santo Padre Le\u00e3o XIV, sobre o amor para com os pobres.\u201d Segundo ele, o Papa Le\u00e3o XIV ensina que o amor aos pobres deve ser vivido com a\u00e7\u00f5es concretas. Deu como exemplos o fomento a restaurantes populares e demais equipamentos destinados \u00e0 popula\u00e7\u00e3o em situa\u00e7\u00e3o de rua ou \u00e0quela que vive em extrema vulnerabilidade.<\/p>\n\n\n\n<p><br>Ele defendeu a miseric\u00f3rdia como categoria pol\u00edtica. \u201cPrecisamos sair da l\u00f3gica neoliberal em prol da l\u00f3gica da miseric\u00f3rdia\u201d, declarou. Para ele, o capitalismo est\u00e1 tamb\u00e9m na maneira de pensar. \u201cDeixo aqui um convite para pensar fora desse sistema. Vamos ser desobedientes de uma ordem injusta\u201d, acrescentou.<\/p>\n\n\n\n<p><br>Para o padre J\u00falio Lancellotti, \u201ca mis\u00e9ria n\u00e3o \u00e9 um fato que surge de repente, mas se faz na hist\u00f3ria\u201d. Ele disse que a escassez de alimentos e \u00e1gua pot\u00e1vel e a falta de acesso \u00e0 moradia decorrem dos sistemas pol\u00edtico e econ\u00f4mico forjados ao longo de anos: \u201cA luta que agrega todas as demais \u00e9 a luta contra a desigualdade social\u201d.<\/p>\n\n\n\n<p><br><strong>Parlamentares fazem cr\u00edticas ao desvio de recursos do Fundo de Erradica\u00e7\u00e3o da Mis\u00e9ria<\/strong><\/p>\n\n\n\n<p>A deputada Bella Gon\u00e7alves lembrou a trajet\u00f3ria do F\u00f3rum T\u00e9cnico Minas sem Mis\u00e9ria e das demais medidas de iniciativa da ALMG para construir pol\u00edticas p\u00fablicas de combate \u00e0 pobreza no Estado. \u201cN\u00f3s cumprimos nosso dever, mas o governo estadual n\u00e3o\u201d, lamentou a parlamentar.<br>Ela explicou que a Lei 19.990, de 2011, que criou o Fundo de Erradica\u00e7\u00e3o da Mis\u00e9ria (FEM), \u00e9 resultado direto do Semin\u00e1rio Legislativo Pobreza e Desigualdade, promovido pelo Parlamento Mineiro naquele ano. Contudo, segundo a deputada, os recursos do fundo s\u00e3o sistematicamente desviados da finalidade.<br>\u201cCom R$ 1 bilh\u00e3o por ano, esse valor deveria custear programas e a\u00e7\u00f5es de erradica\u00e7\u00e3o da pobreza, mas o governo deixa de aplicar R$ 300 milh\u00f5es.\u201d Ela acrescentou que o Poder Executivo estadual alega estar autorizado a remanejar 30% do or\u00e7amento do FEM.<\/p>\n\n\n\n<p><br>Al\u00e9m de n\u00e3o aplicar o montante do FEM integralmente em pol\u00edticas p\u00fablicas da \u00e1rea, o Plano Mineiro de Combate \u00e0 Mis\u00e9ria, previsto na norma j\u00e1 mencionada, n\u00e3o foi sequer criado. \u201cO objetivo aqui \u00e9 justamente envolver a sociedade na elabora\u00e7\u00e3o deste plano\u201d, ressaltou a deputada.<\/p>\n\n\n\n<p><br>Ela enfatizou que foram ouvidas cerca de 2 mil pessoas nos encontros regionais do f\u00f3rum em 2025, nas cidades de Juiz de Fora (Zona da Mata), Montes Claros (Norte), Ara\u00e7ua\u00ed (Jequitinhonha), Uberl\u00e2ndia (Tri\u00e2ngulo) e Betim (RMBH), e foram coletadas 300 propostas, que dar\u00e3o origem ao plano. \u201cQueremos renda b\u00e1sica universal nos moldes em que foi apresentada pelo deputado estadual Eduardo Suplicy (PT-SP)\u201d, pontuou Bella Gon\u00e7alves. Suplicy participou da abertura do f\u00f3rum, no ano passado. <\/p>\n\n\n\n<div id=\"110712\" class=\"advads-saneouro advads-entity-placement\" style=\"margin-left: auto;margin-right: auto;text-align: center;\"><a href=\"https:\/\/www.saneouro.com.br\/\" target=\"_blank\" aria-label=\"DOP_Site\" data-wpel-link=\"external\" rel=\"follow external noopener noreferrer sponsored ugc\"><img src=\"https:\/\/www.diariodeouropreto.com.br\/wp-content\/uploads\/2026\/04\/DOP_Site.jpg\" alt=\"\"  srcset=\"https:\/\/www.diariodeouropreto.com.br\/wp-content\/uploads\/2026\/04\/DOP_Site.jpg 301w, https:\/\/www.diariodeouropreto.com.br\/wp-content\/uploads\/2026\/04\/DOP_Site-180x150.jpg 180w, https:\/\/www.diariodeouropreto.com.br\/wp-content\/uploads\/2026\/04\/DOP_Site-14x12.jpg 14w\" sizes=\"(max-width: 301px) 100vw, 301px\" width=\"301\" height=\"251\"  style=\"display: inline-block;\" \/><\/a><\/div><p>Fonte: Assessoria ALMG<\/p>\n\n\n\n<div id=\"50321\" class=\"advads-plantao advads-entity-placement\"><a href=\"https:\/\/www.diariodeouropreto.com.br\/pt\/\" target=\"_blank\" aria-label=\"site &#8211; noticia\" data-wpel-link=\"external\" rel=\"follow external noopener noreferrer sponsored ugc\"><img src=\"https:\/\/www.diariodeouropreto.com.br\/wp-content\/uploads\/2019\/09\/titulosite2-e1616373489755.jpg\" alt=\"\"  srcset=\"https:\/\/www.diariodeouropreto.com.br\/wp-content\/uploads\/2019\/09\/titulosite2-e1616373489755.jpg 1200w, https:\/\/www.diariodeouropreto.com.br\/wp-content\/uploads\/2019\/09\/titulosite2-e1616373489755-150x38.jpg 150w, https:\/\/www.diariodeouropreto.com.br\/wp-content\/uploads\/2019\/09\/titulosite2-e1616373489755-660x167.jpg 660w, https:\/\/www.diariodeouropreto.com.br\/wp-content\/uploads\/2019\/09\/titulosite2-e1616373489755-768x194.jpg 768w, https:\/\/www.diariodeouropreto.com.br\/wp-content\/uploads\/2019\/09\/titulosite2-e1616373489755-1000x252.jpg 1000w, https:\/\/www.diariodeouropreto.com.br\/wp-content\/uploads\/2019\/09\/titulosite2-e1616373489755-1536x388.jpg 1536w, https:\/\/www.diariodeouropreto.com.br\/wp-content\/uploads\/2019\/09\/titulosite2-e1616373489755-2048x517.jpg 2048w\" sizes=\"(max-width: 1200px) 100vw, 1200px\" width=\"1200\" height=\"303\"  style=\"display: inline-block;\" \/><\/a><\/div><p>Foto: Daniel Protzner\/ALMG<\/p>","protected":false},"excerpt":{"rendered":"<p>P\u00fablico lotou o Espa\u00e7o Democr\u00e1tico Jos\u00e9 Aparecido de Oliveira, na abertura da etapa final do F\u00f3rum Minas Sem Mis\u00e9ria, que teve palestra magna do padre J\u00falio Lancellotti \u201cN\u00e3o devemos baixar a guarda diante da pobreza\u201d. O apelo foi feito pelo padre J\u00falio Lancellotti, vig\u00e1rio da Pastoral do Povo da Rua<span class=\"more-link\"><a href=\"https:\/\/www.diariodeouropreto.com.br\/pt\/padre-julio-lancellotti-faz-apelo-por-luta-contra-a-pobreza\/\" data-wpel-link=\"internal\">Continue Lendo<\/a><\/span><\/p>","protected":false},"author":1,"featured_media":50733,"comment_status":"closed","ping_status":"closed","sticky":false,"template":"","format":"standard","meta":{"_jetpack_memberships_contains_paid_content":false,"footnotes":"","jetpack_publicize_message":"P\u00fablico lotou o Espa\u00e7o Democr\u00e1tico Jos\u00e9 Aparecido de Oliveira, na abertura da etapa final do F\u00f3rum Minas Sem Mis\u00e9ria, que teve palestra magna do padre J\u00falio Lancellotti","jetpack_publicize_feature_enabled":true,"jetpack_social_post_already_shared":false,"jetpack_social_options":{"image_generator_settings":{"template":"highway","default_image_id":0,"font":"","enabled":false},"version":2}},"categories":[46],"tags":[89,13],"class_list":["entry","author-diario","post-50732","post","type-post","status-publish","format-standard","has-post-thumbnail","category-politica","tag-legislativo","tag-minas-gerais"],"yoast_head":"<!-- This site is optimized with the Yoast SEO plugin v27.5 - https:\/\/yoast.com\/product\/yoast-seo-wordpress\/ -->\n<title>Padre J\u00falio Lancellotti faz apelo por luta contra a pobreza - Di\u00e1rio de Ouro Preto<\/title>\n<meta name=\"description\" content=\"P\u00fablico lotou o Espa\u00e7o Democr\u00e1tico Jos\u00e9 Aparecido de Oliveira, na abertura da etapa final do F\u00f3rum Minas Sem Mis\u00e9ria, que teve palestra magna do padre J\u00falio Lancellotti - Padre J\u00falio Lancellotti faz apelo por luta contra a pobreza\" \/>\n<meta name=\"robots\" content=\"index, follow, max-snippet:-1, max-image-preview:large, max-video-preview:-1\" \/>\n<link rel=\"canonical\" href=\"https:\/\/www.diariodeouropreto.com.br\/pt\/padre-julio-lancellotti-faz-apelo-por-luta-contra-a-pobreza\/\" \/>\n<meta property=\"og:locale\" content=\"pt_PT\" \/>\n<meta property=\"og:type\" content=\"article\" \/>\n<meta property=\"og:title\" content=\"Padre J\u00falio Lancellotti faz apelo por luta contra a pobreza - Di\u00e1rio de Ouro Preto\" \/>\n<meta property=\"og:description\" content=\"P\u00fablico lotou o Espa\u00e7o Democr\u00e1tico Jos\u00e9 Aparecido de Oliveira, na abertura da etapa final do F\u00f3rum Minas Sem Mis\u00e9ria, que teve palestra magna do padre J\u00falio Lancellotti - Padre J\u00falio Lancellotti faz apelo por luta contra a pobreza\" \/>\n<meta property=\"og:url\" content=\"https:\/\/www.diariodeouropreto.com.br\/pt\/padre-julio-lancellotti-faz-apelo-por-luta-contra-a-pobreza\/\" \/>\n<meta property=\"og:site_name\" content=\"Di\u00e1rio de Ouro Preto\" \/>\n<meta property=\"article:publisher\" content=\"https:\/\/www.facebook.com\/diariodeouropreto\/\" \/>\n<meta property=\"article:published_time\" content=\"2026-03-05T23:05:58+00:00\" \/>\n<meta property=\"article:modified_time\" content=\"2026-03-05T23:06:03+00:00\" \/>\n<meta property=\"og:image\" content=\"https:\/\/www.diariodeouropreto.com.br\/wp-content\/uploads\/2026\/03\/2523081.jpg\" \/>\n\t<meta property=\"og:image:width\" content=\"1200\" \/>\n\t<meta property=\"og:image:height\" content=\"800\" \/>\n\t<meta property=\"og:image:type\" content=\"image\/jpeg\" \/>\n<meta name=\"author\" content=\"Di\u00e1rio de Ouro Preto\" \/>\n<meta name=\"twitter:card\" content=\"summary_large_image\" \/>\n<meta name=\"twitter:label1\" content=\"Escrito por\" \/>\n\t<meta name=\"twitter:data1\" content=\"Di\u00e1rio de Ouro Preto\" \/>\n\t<meta name=\"twitter:label2\" content=\"Tempo estimado de leitura\" \/>\n\t<meta name=\"twitter:data2\" content=\"4 minutos\" \/>\n<script type=\"application\/ld+json\" class=\"yoast-schema-graph\">{\"@context\":\"https:\\\/\\\/schema.org\",\"@graph\":[{\"@type\":\"Article\",\"@id\":\"https:\\\/\\\/www.diariodeouropreto.com.br\\\/padre-julio-lancellotti-faz-apelo-por-luta-contra-a-pobreza\\\/#article\",\"isPartOf\":{\"@id\":\"https:\\\/\\\/www.diariodeouropreto.com.br\\\/padre-julio-lancellotti-faz-apelo-por-luta-contra-a-pobreza\\\/\"},\"author\":{\"name\":\"Di\u00e1rio de Ouro Preto\",\"@id\":\"https:\\\/\\\/www.diariodeouropreto.com.br\\\/pt\\\/#\\\/schema\\\/person\\\/7654e7b471204a6dab6dc0ce6e140c99\"},\"headline\":\"Padre J\u00falio Lancellotti faz apelo por luta contra a pobreza\",\"datePublished\":\"2026-03-05T23:05:58+00:00\",\"dateModified\":\"2026-03-05T23:06:03+00:00\",\"mainEntityOfPage\":{\"@id\":\"https:\\\/\\\/www.diariodeouropreto.com.br\\\/padre-julio-lancellotti-faz-apelo-por-luta-contra-a-pobreza\\\/\"},\"wordCount\":703,\"publisher\":{\"@id\":\"https:\\\/\\\/www.diariodeouropreto.com.br\\\/pt\\\/#organization\"},\"image\":{\"@id\":\"https:\\\/\\\/www.diariodeouropreto.com.br\\\/padre-julio-lancellotti-faz-apelo-por-luta-contra-a-pobreza\\\/#primaryimage\"},\"thumbnailUrl\":\"https:\\\/\\\/www.diariodeouropreto.com.br\\\/wp-content\\\/uploads\\\/2026\\\/03\\\/2523081.jpg\",\"keywords\":[\"Legislativo\",\"Minas Gerais\"],\"articleSection\":[\"Pol\u00edtica\"],\"inLanguage\":\"pt-PT\"},{\"@type\":\"WebPage\",\"@id\":\"https:\\\/\\\/www.diariodeouropreto.com.br\\\/padre-julio-lancellotti-faz-apelo-por-luta-contra-a-pobreza\\\/\",\"url\":\"https:\\\/\\\/www.diariodeouropreto.com.br\\\/padre-julio-lancellotti-faz-apelo-por-luta-contra-a-pobreza\\\/\",\"name\":\"Padre J\u00falio Lancellotti faz apelo por luta contra a pobreza - Di\u00e1rio de Ouro Preto\",\"isPartOf\":{\"@id\":\"https:\\\/\\\/www.diariodeouropreto.com.br\\\/pt\\\/#website\"},\"primaryImageOfPage\":{\"@id\":\"https:\\\/\\\/www.diariodeouropreto.com.br\\\/padre-julio-lancellotti-faz-apelo-por-luta-contra-a-pobreza\\\/#primaryimage\"},\"image\":{\"@id\":\"https:\\\/\\\/www.diariodeouropreto.com.br\\\/padre-julio-lancellotti-faz-apelo-por-luta-contra-a-pobreza\\\/#primaryimage\"},\"thumbnailUrl\":\"https:\\\/\\\/www.diariodeouropreto.com.br\\\/wp-content\\\/uploads\\\/2026\\\/03\\\/2523081.jpg\",\"datePublished\":\"2026-03-05T23:05:58+00:00\",\"dateModified\":\"2026-03-05T23:06:03+00:00\",\"description\":\"P\u00fablico lotou o Espa\u00e7o Democr\u00e1tico Jos\u00e9 Aparecido de Oliveira, na abertura da etapa final do F\u00f3rum Minas Sem Mis\u00e9ria, que teve palestra magna do padre J\u00falio Lancellotti - Padre J\u00falio Lancellotti faz apelo por luta contra a pobreza\",\"breadcrumb\":{\"@id\":\"https:\\\/\\\/www.diariodeouropreto.com.br\\\/padre-julio-lancellotti-faz-apelo-por-luta-contra-a-pobreza\\\/#breadcrumb\"},\"inLanguage\":\"pt-PT\",\"potentialAction\":[{\"@type\":\"ReadAction\",\"target\":[\"https:\\\/\\\/www.diariodeouropreto.com.br\\\/padre-julio-lancellotti-faz-apelo-por-luta-contra-a-pobreza\\\/\"]}]},{\"@type\":\"ImageObject\",\"inLanguage\":\"pt-PT\",\"@id\":\"https:\\\/\\\/www.diariodeouropreto.com.br\\\/padre-julio-lancellotti-faz-apelo-por-luta-contra-a-pobreza\\\/#primaryimage\",\"url\":\"https:\\\/\\\/www.diariodeouropreto.com.br\\\/wp-content\\\/uploads\\\/2026\\\/03\\\/2523081.jpg\",\"contentUrl\":\"https:\\\/\\\/www.diariodeouropreto.com.br\\\/wp-content\\\/uploads\\\/2026\\\/03\\\/2523081.jpg\",\"width\":1200,\"height\":800},{\"@type\":\"BreadcrumbList\",\"@id\":\"https:\\\/\\\/www.diariodeouropreto.com.br\\\/padre-julio-lancellotti-faz-apelo-por-luta-contra-a-pobreza\\\/#breadcrumb\",\"itemListElement\":[{\"@type\":\"ListItem\",\"position\":1,\"name\":\"In\u00edcio\",\"item\":\"https:\\\/\\\/www.diariodeouropreto.com.br\\\/pt\\\/\"},{\"@type\":\"ListItem\",\"position\":2,\"name\":\"Padre J\u00falio Lancellotti faz apelo por luta contra a pobreza\"}]},{\"@type\":\"WebSite\",\"@id\":\"https:\\\/\\\/www.diariodeouropreto.com.br\\\/pt\\\/#website\",\"url\":\"https:\\\/\\\/www.diariodeouropreto.com.br\\\/pt\\\/\",\"name\":\"Di\u00e1rio de Ouro Preto\",\"description\":\"Not\u00edcias Ouro Preto; Mariana;Minas Gerais;Jornal;Jornalismo;Not\u00edcias;\",\"publisher\":{\"@id\":\"https:\\\/\\\/www.diariodeouropreto.com.br\\\/pt\\\/#organization\"},\"alternateName\":\"Jornal di\u00e1rio de Ouro Preto\",\"potentialAction\":[{\"@type\":\"SearchAction\",\"target\":{\"@type\":\"EntryPoint\",\"urlTemplate\":\"https:\\\/\\\/www.diariodeouropreto.com.br\\\/pt\\\/?s={search_term_string}\"},\"query-input\":{\"@type\":\"PropertyValueSpecification\",\"valueRequired\":true,\"valueName\":\"search_term_string\"}}],\"inLanguage\":\"pt-PT\"},{\"@type\":\"Organization\",\"@id\":\"https:\\\/\\\/www.diariodeouropreto.com.br\\\/pt\\\/#organization\",\"name\":\"Di\u00e1rio de Ouro Preto\",\"alternateName\":\"Jornal di\u00e1rio Ouro Preto\",\"url\":\"https:\\\/\\\/www.diariodeouropreto.com.br\\\/pt\\\/\",\"logo\":{\"@type\":\"ImageObject\",\"inLanguage\":\"pt-PT\",\"@id\":\"https:\\\/\\\/www.diariodeouropreto.com.br\\\/pt\\\/#\\\/schema\\\/logo\\\/image\\\/\",\"url\":\"https:\\\/\\\/www.diariodeouropreto.com.br\\\/wp-content\\\/uploads\\\/2019\\\/06\\\/cropped-logotransp-2.png\",\"contentUrl\":\"https:\\\/\\\/www.diariodeouropreto.com.br\\\/wp-content\\\/uploads\\\/2019\\\/06\\\/cropped-logotransp-2.png\",\"width\":1323,\"height\":251,\"caption\":\"Di\u00e1rio de Ouro Preto\"},\"image\":{\"@id\":\"https:\\\/\\\/www.diariodeouropreto.com.br\\\/pt\\\/#\\\/schema\\\/logo\\\/image\\\/\"},\"sameAs\":[\"https:\\\/\\\/www.facebook.com\\\/diariodeouropreto\\\/\"]},{\"@type\":\"Person\",\"@id\":\"https:\\\/\\\/www.diariodeouropreto.com.br\\\/pt\\\/#\\\/schema\\\/person\\\/7654e7b471204a6dab6dc0ce6e140c99\",\"name\":\"Di\u00e1rio de Ouro Preto\",\"sameAs\":[\"http:\\\/\\\/www.diariodeouropreto.com.br\"],\"url\":\"https:\\\/\\\/www.diariodeouropreto.com.br\\\/pt\\\/author\\\/diario\\\/\"}]}<\/script>\n<!-- \/ Yoast SEO plugin. -->","yoast_head_json":{"title":"Padre J\u00falio Lancellotti faz apelo por luta contra a pobreza - Di\u00e1rio de Ouro Preto","description":"P\u00fablico lotou o Espa\u00e7o Democr\u00e1tico Jos\u00e9 Aparecido de Oliveira, na abertura da etapa final do F\u00f3rum Minas Sem Mis\u00e9ria, que teve palestra magna do padre J\u00falio Lancellotti - Padre J\u00falio Lancellotti faz apelo por luta contra a pobreza","robots":{"index":"index","follow":"follow","max-snippet":"max-snippet:-1","max-image-preview":"max-image-preview:large","max-video-preview":"max-video-preview:-1"},"canonical":"https:\/\/www.diariodeouropreto.com.br\/pt\/padre-julio-lancellotti-faz-apelo-por-luta-contra-a-pobreza\/","og_locale":"pt_PT","og_type":"article","og_title":"Padre J\u00falio Lancellotti faz apelo por luta contra a pobreza - Di\u00e1rio de Ouro Preto","og_description":"P\u00fablico lotou o Espa\u00e7o Democr\u00e1tico Jos\u00e9 Aparecido de Oliveira, na abertura da etapa final do F\u00f3rum Minas Sem Mis\u00e9ria, que teve palestra magna do padre J\u00falio Lancellotti - Padre J\u00falio Lancellotti faz apelo por luta contra a pobreza","og_url":"https:\/\/www.diariodeouropreto.com.br\/pt\/padre-julio-lancellotti-faz-apelo-por-luta-contra-a-pobreza\/","og_site_name":"Di\u00e1rio de Ouro Preto","article_publisher":"https:\/\/www.facebook.com\/diariodeouropreto\/","article_published_time":"2026-03-05T23:05:58+00:00","article_modified_time":"2026-03-05T23:06:03+00:00","og_image":[{"width":1200,"height":800,"url":"https:\/\/www.diariodeouropreto.com.br\/wp-content\/uploads\/2026\/03\/2523081.jpg","type":"image\/jpeg"}],"author":"Di\u00e1rio de Ouro Preto","twitter_card":"summary_large_image","twitter_misc":{"Escrito por":"Di\u00e1rio de Ouro Preto","Tempo estimado de leitura":"4 minutos"},"schema":{"@context":"https:\/\/schema.org","@graph":[{"@type":"Article","@id":"https:\/\/www.diariodeouropreto.com.br\/padre-julio-lancellotti-faz-apelo-por-luta-contra-a-pobreza\/#article","isPartOf":{"@id":"https:\/\/www.diariodeouropreto.com.br\/padre-julio-lancellotti-faz-apelo-por-luta-contra-a-pobreza\/"},"author":{"name":"Di\u00e1rio de Ouro Preto","@id":"https:\/\/www.diariodeouropreto.com.br\/pt\/#\/schema\/person\/7654e7b471204a6dab6dc0ce6e140c99"},"headline":"Padre J\u00falio Lancellotti faz apelo por luta contra a pobreza","datePublished":"2026-03-05T23:05:58+00:00","dateModified":"2026-03-05T23:06:03+00:00","mainEntityOfPage":{"@id":"https:\/\/www.diariodeouropreto.com.br\/padre-julio-lancellotti-faz-apelo-por-luta-contra-a-pobreza\/"},"wordCount":703,"publisher":{"@id":"https:\/\/www.diariodeouropreto.com.br\/pt\/#organization"},"image":{"@id":"https:\/\/www.diariodeouropreto.com.br\/padre-julio-lancellotti-faz-apelo-por-luta-contra-a-pobreza\/#primaryimage"},"thumbnailUrl":"https:\/\/www.diariodeouropreto.com.br\/wp-content\/uploads\/2026\/03\/2523081.jpg","keywords":["Legislativo","Minas Gerais"],"articleSection":["Pol\u00edtica"],"inLanguage":"pt-PT"},{"@type":"WebPage","@id":"https:\/\/www.diariodeouropreto.com.br\/padre-julio-lancellotti-faz-apelo-por-luta-contra-a-pobreza\/","url":"https:\/\/www.diariodeouropreto.com.br\/padre-julio-lancellotti-faz-apelo-por-luta-contra-a-pobreza\/","name":"Padre J\u00falio Lancellotti faz apelo por luta contra a pobreza - Di\u00e1rio de Ouro Preto","isPartOf":{"@id":"https:\/\/www.diariodeouropreto.com.br\/pt\/#website"},"primaryImageOfPage":{"@id":"https:\/\/www.diariodeouropreto.com.br\/padre-julio-lancellotti-faz-apelo-por-luta-contra-a-pobreza\/#primaryimage"},"image":{"@id":"https:\/\/www.diariodeouropreto.com.br\/padre-julio-lancellotti-faz-apelo-por-luta-contra-a-pobreza\/#primaryimage"},"thumbnailUrl":"https:\/\/www.diariodeouropreto.com.br\/wp-content\/uploads\/2026\/03\/2523081.jpg","datePublished":"2026-03-05T23:05:58+00:00","dateModified":"2026-03-05T23:06:03+00:00","description":"P\u00fablico lotou o Espa\u00e7o Democr\u00e1tico Jos\u00e9 Aparecido de Oliveira, na abertura da etapa final do F\u00f3rum Minas Sem Mis\u00e9ria, que teve palestra magna do padre J\u00falio Lancellotti - Padre J\u00falio Lancellotti faz apelo por luta contra a pobreza","breadcrumb":{"@id":"https:\/\/www.diariodeouropreto.com.br\/padre-julio-lancellotti-faz-apelo-por-luta-contra-a-pobreza\/#breadcrumb"},"inLanguage":"pt-PT","potentialAction":[{"@type":"ReadAction","target":["https:\/\/www.diariodeouropreto.com.br\/padre-julio-lancellotti-faz-apelo-por-luta-contra-a-pobreza\/"]}]},{"@type":"ImageObject","inLanguage":"pt-PT","@id":"https:\/\/www.diariodeouropreto.com.br\/padre-julio-lancellotti-faz-apelo-por-luta-contra-a-pobreza\/#primaryimage","url":"https:\/\/www.diariodeouropreto.com.br\/wp-content\/uploads\/2026\/03\/2523081.jpg","contentUrl":"https:\/\/www.diariodeouropreto.com.br\/wp-content\/uploads\/2026\/03\/2523081.jpg","width":1200,"height":800},{"@type":"BreadcrumbList","@id":"https:\/\/www.diariodeouropreto.com.br\/padre-julio-lancellotti-faz-apelo-por-luta-contra-a-pobreza\/#breadcrumb","itemListElement":[{"@type":"ListItem","position":1,"name":"In\u00edcio","item":"https:\/\/www.diariodeouropreto.com.br\/pt\/"},{"@type":"ListItem","position":2,"name":"Padre J\u00falio Lancellotti faz apelo por luta contra a pobreza"}]},{"@type":"WebSite","@id":"https:\/\/www.diariodeouropreto.com.br\/pt\/#website","url":"https:\/\/www.diariodeouropreto.com.br\/pt\/","name":"Di\u00e1rio de Ouro Preto","description":"Not\u00edcias Ouro Preto; Mariana;Minas Gerais;Jornal;Jornalismo;Not\u00edcias;","publisher":{"@id":"https:\/\/www.diariodeouropreto.com.br\/pt\/#organization"},"alternateName":"Jornal di\u00e1rio de Ouro Preto","potentialAction":[{"@type":"SearchAction","target":{"@type":"EntryPoint","urlTemplate":"https:\/\/www.diariodeouropreto.com.br\/pt\/?s={search_term_string}"},"query-input":{"@type":"PropertyValueSpecification","valueRequired":true,"valueName":"search_term_string"}}],"inLanguage":"pt-PT"},{"@type":"Organization","@id":"https:\/\/www.diariodeouropreto.com.br\/pt\/#organization","name":"Di\u00e1rio de Ouro Preto","alternateName":"Jornal di\u00e1rio Ouro Preto","url":"https:\/\/www.diariodeouropreto.com.br\/pt\/","logo":{"@type":"ImageObject","inLanguage":"pt-PT","@id":"https:\/\/www.diariodeouropreto.com.br\/pt\/#\/schema\/logo\/image\/","url":"https:\/\/www.diariodeouropreto.com.br\/wp-content\/uploads\/2019\/06\/cropped-logotransp-2.png","contentUrl":"https:\/\/www.diariodeouropreto.com.br\/wp-content\/uploads\/2019\/06\/cropped-logotransp-2.png","width":1323,"height":251,"caption":"Di\u00e1rio de Ouro Preto"},"image":{"@id":"https:\/\/www.diariodeouropreto.com.br\/pt\/#\/schema\/logo\/image\/"},"sameAs":["https:\/\/www.facebook.com\/diariodeouropreto\/"]},{"@type":"Person","@id":"https:\/\/www.diariodeouropreto.com.br\/pt\/#\/schema\/person\/7654e7b471204a6dab6dc0ce6e140c99","name":"Di\u00e1rio de Ouro Preto","sameAs":["http:\/\/www.diariodeouropreto.com.br"],"url":"https:\/\/www.diariodeouropreto.com.br\/pt\/author\/diario\/"}]}},"jetpack_publicize_connections":[],"jetpack_featured_media_url":"https:\/\/www.diariodeouropreto.com.br\/wp-content\/uploads\/2026\/03\/2523081.jpg","jetpack-related-posts":[{"id":46279,"url":"https:\/\/www.diariodeouropreto.com.br\/pt\/deputado-eduardo-suplicy-defende-renda-basica-universal-na-almg\/","url_meta":{"origin":50732,"position":0},"title":"Deputado Eduardo Suplicy defende renda b\u00e1sica universal na ALMG","author":"Di\u00e1rio de Ouro Preto","date":"18 de Julho de 2025","format":false,"excerpt":"Ele participou do lan\u00e7amento do F\u00f3rum T\u00e9cnico Minas Sem Mis\u00e9ria nesta quinta-feira (17\/07). Evento vai percorrer Estado para subsidiar elabora\u00e7\u00e3o de um plano de combate \u00e0 mis\u00e9ria A proposta de implanta\u00e7\u00e3o de uma\u00a0renda b\u00e1sica universal\u00a0foi o principal destaque do lan\u00e7amento do\u00a0F\u00f3rum T\u00e9cnico Minas Sem Mis\u00e9ria\u00a0nesta quinta-feira (17\/07). O deputado estadual\u2026","rel":"","context":"In &quot;Pol\u00edtica&quot;","block_context":{"text":"Pol\u00edtica","link":"https:\/\/www.diariodeouropreto.com.br\/pt\/Editoria\/politica\/"},"img":{"alt_text":"","src":"https:\/\/i0.wp.com\/www.diariodeouropreto.com.br\/wp-content\/uploads\/2025\/07\/2371486.jpg?resize=350%2C200&ssl=1","width":350,"height":200,"srcset":"https:\/\/i0.wp.com\/www.diariodeouropreto.com.br\/wp-content\/uploads\/2025\/07\/2371486.jpg?resize=350%2C200&ssl=1 1x, https:\/\/i0.wp.com\/www.diariodeouropreto.com.br\/wp-content\/uploads\/2025\/07\/2371486.jpg?resize=525%2C300&ssl=1 1.5x, https:\/\/i0.wp.com\/www.diariodeouropreto.com.br\/wp-content\/uploads\/2025\/07\/2371486.jpg?resize=700%2C400&ssl=1 2x, https:\/\/i0.wp.com\/www.diariodeouropreto.com.br\/wp-content\/uploads\/2025\/07\/2371486.jpg?resize=1050%2C600&ssl=1 3x"},"classes":[]},{"id":32682,"url":"https:\/\/www.diariodeouropreto.com.br\/pt\/mariana-recebe-o-festival-da-vida-de-maio\/","url_meta":{"origin":50732,"position":1},"title":"Mariana recebe o Festival da Vida","author":"Di\u00e1rio de Ouro Preto","date":"3 de Maio de 2024","format":false,"excerpt":"Com o tema\u00a0\u00a0\u201cFraternidade e Amizade Social\u201d\u00a0\u00a0evento gratuito apresentado pelo Instituto Cultural Vale ter\u00e1 foco na inclus\u00e3o, acessibilidade, diversidade, shows com\u00a0Padre F\u00e1bio de Melo e Xam\u00e3,\u00a0al\u00e9m de m\u00fasica, teatro, oficinas e \u00a0mesa-redonda\u00a0sobre a tem\u00e1tica do Festival,\u00a0\u00a0abordando assuntos relacionados \u00e0 cidade de Mariana e de Dom Luciano Mariana,\u00a0cidade mais antiga do estado,\u2026","rel":"","context":"In &quot;Mariana&quot;","block_context":{"text":"Mariana","link":"https:\/\/www.diariodeouropreto.com.br\/pt\/Editoria\/mariana\/"},"img":{"alt_text":"","src":"https:\/\/i0.wp.com\/www.diariodeouropreto.com.br\/wp-content\/uploads\/2024\/05\/FDV_banner_site_02.jpg?resize=350%2C200&ssl=1","width":350,"height":200,"srcset":"https:\/\/i0.wp.com\/www.diariodeouropreto.com.br\/wp-content\/uploads\/2024\/05\/FDV_banner_site_02.jpg?resize=350%2C200&ssl=1 1x, https:\/\/i0.wp.com\/www.diariodeouropreto.com.br\/wp-content\/uploads\/2024\/05\/FDV_banner_site_02.jpg?resize=525%2C300&ssl=1 1.5x, https:\/\/i0.wp.com\/www.diariodeouropreto.com.br\/wp-content\/uploads\/2024\/05\/FDV_banner_site_02.jpg?resize=700%2C400&ssl=1 2x, https:\/\/i0.wp.com\/www.diariodeouropreto.com.br\/wp-content\/uploads\/2024\/05\/FDV_banner_site_02.jpg?resize=1050%2C600&ssl=1 3x"},"classes":[]},{"id":27866,"url":"https:\/\/www.diariodeouropreto.com.br\/pt\/coluna-tiquinho-de-politica-ouro-preto-tem-jeito-mantega-pra-prefeito-a-ministra-cantora-e-o-procurador-foliao-zema-e-a-estrada-real\/","url_meta":{"origin":50732,"position":2},"title":"[Coluna Tiquinho de Pol\u00edtica] Ouro Preto tem jeito, Mantega pra Prefeito! A Ministra cantora e o Procurador Foli\u00e3o! Zema e a Estrada Real","author":"Di\u00e1rio de Ouro Preto","date":"21 de Janeiro de 2024","format":false,"excerpt":"Tiradentes - A coluna de hoje escrevemos desta cidade que compartilha do mesmo fluxo de turistas com Ouro Preto e se tornou refer\u00eancia nos lan\u00e7amentos comerciais da ind\u00fastria do audiovisual nacional. Ontem estivemos com a Ministra da Cultura, Margareth Menezes e o Procurador Geral de Justi\u00e7a, Jarbas Soares J\u00fanior, no\u2026","rel":"","context":"In &quot;Coluna&quot;","block_context":{"text":"Coluna","link":"https:\/\/www.diariodeouropreto.com.br\/pt\/Editoria\/coluna\/"},"img":{"alt_text":"","src":"https:\/\/i0.wp.com\/www.diariodeouropreto.com.br\/wp-content\/uploads\/2024\/01\/guarda_mocambique_tiradentes.jpg?resize=350%2C200&ssl=1","width":350,"height":200,"srcset":"https:\/\/i0.wp.com\/www.diariodeouropreto.com.br\/wp-content\/uploads\/2024\/01\/guarda_mocambique_tiradentes.jpg?resize=350%2C200&ssl=1 1x, https:\/\/i0.wp.com\/www.diariodeouropreto.com.br\/wp-content\/uploads\/2024\/01\/guarda_mocambique_tiradentes.jpg?resize=525%2C300&ssl=1 1.5x, https:\/\/i0.wp.com\/www.diariodeouropreto.com.br\/wp-content\/uploads\/2024\/01\/guarda_mocambique_tiradentes.jpg?resize=700%2C400&ssl=1 2x, https:\/\/i0.wp.com\/www.diariodeouropreto.com.br\/wp-content\/uploads\/2024\/01\/guarda_mocambique_tiradentes.jpg?resize=1050%2C600&ssl=1 3x"},"classes":[]},{"id":2075,"url":"https:\/\/www.diariodeouropreto.com.br\/pt\/reciclar-pelo-brasil-contempla-associacao-de-catadores-de-material-reciclavel-do-padre-faria\/","url_meta":{"origin":50732,"position":3},"title":"\u201cReciclar pelo Brasil\u201d contempla Associa\u00e7\u00e3o de Catadores de Material Recicl\u00e1vel do Padre Faria","author":"Di\u00e1rio de Ouro Preto","date":"18 de Fevereiro de 2020","format":false,"excerpt":"Ouro Preto - A Associa\u00e7\u00e3o de Catadores de Materiais Recicl\u00e1veis do Padre Faria recebeu no \u00faltimo dia 07 de fevereiro uma ca\u00e7amba acondicionadora de vidros e receber\u00e1 nos pr\u00f3ximos dias uma prensa hidr\u00e1ulica para enfardamento. Os equipamentos adquiridos via Programa \u201cReciclar pelo Brasil\u201d contribuir\u00e3o para qualificar e facilitar as atividades\u2026","rel":"","context":"In &quot;Ouro Preto&quot;","block_context":{"text":"Ouro Preto","link":"https:\/\/www.diariodeouropreto.com.br\/pt\/Editoria\/ouro-preto\/"},"img":{"alt_text":"","src":"https:\/\/i0.wp.com\/www.diariodeouropreto.com.br\/wp-content\/uploads\/2020\/02\/Ca%C3%A7amba.jpeg?resize=350%2C200&ssl=1","width":350,"height":200,"srcset":"https:\/\/i0.wp.com\/www.diariodeouropreto.com.br\/wp-content\/uploads\/2020\/02\/Ca%C3%A7amba.jpeg?resize=350%2C200&ssl=1 1x, https:\/\/i0.wp.com\/www.diariodeouropreto.com.br\/wp-content\/uploads\/2020\/02\/Ca%C3%A7amba.jpeg?resize=525%2C300&ssl=1 1.5x, https:\/\/i0.wp.com\/www.diariodeouropreto.com.br\/wp-content\/uploads\/2020\/02\/Ca%C3%A7amba.jpeg?resize=700%2C400&ssl=1 2x"},"classes":[]},{"id":5672,"url":"https:\/\/www.diariodeouropreto.com.br\/pt\/comissao-que-acompanha-indenizacao-de-vitimas-de-brumadinho-discute-roteiro-de-trabalho\/","url_meta":{"origin":50732,"position":4},"title":"Comiss\u00e3o que acompanha indeniza\u00e7\u00e3o de v\u00edtimas de Brumadinho discute roteiro de trabalho","author":"Di\u00e1rio de Ouro Preto","date":"24 de Novembro de 2020","format":false,"excerpt":"A comiss\u00e3o externa criada ontem pela C\u00e2mara dos Deputados para acompanhar a negocia\u00e7\u00e3o entre a mineradora Vale e o governo de Minas Gerais para acerto das indeniza\u00e7\u00f5es \u00e0s v\u00edtimas da trag\u00e9dia de Brumadinho re\u00fane-se nesta quarta-feira (25) para discutir seu roteiro de trabalho. A cria\u00e7\u00e3o do colegiado foi proposta pelo\u2026","rel":"","context":"In &quot;Minas Gerais&quot;","block_context":{"text":"Minas Gerais","link":"https:\/\/www.diariodeouropreto.com.br\/pt\/Editoria\/minas-gerais\/"},"img":{"alt_text":"","src":"https:\/\/i0.wp.com\/www.diariodeouropreto.com.br\/wp-content\/uploads\/2020\/11\/ricardo_stuckert_camara_federal.jpg?resize=350%2C200&ssl=1","width":350,"height":200,"srcset":"https:\/\/i0.wp.com\/www.diariodeouropreto.com.br\/wp-content\/uploads\/2020\/11\/ricardo_stuckert_camara_federal.jpg?resize=350%2C200&ssl=1 1x, https:\/\/i0.wp.com\/www.diariodeouropreto.com.br\/wp-content\/uploads\/2020\/11\/ricardo_stuckert_camara_federal.jpg?resize=525%2C300&ssl=1 1.5x, https:\/\/i0.wp.com\/www.diariodeouropreto.com.br\/wp-content\/uploads\/2020\/11\/ricardo_stuckert_camara_federal.jpg?resize=700%2C400&ssl=1 2x"},"classes":[]},{"id":31261,"url":"https:\/\/www.diariodeouropreto.com.br\/pt\/coluna-tiquinho-de-politica-domingo-de-pascoa-ensolarado-em-ouro-preto-sem-o-testamento-do-judas\/","url_meta":{"origin":50732,"position":5},"title":"[Coluna Tiquinho de Pol\u00edtica] Domingo de P\u00e1scoa ensolarado em Ouro Preto, sem o testamento do Judas!","author":"Di\u00e1rio de Ouro Preto","date":"31 de Mar\u00e7o de 2024","format":false,"excerpt":"Ouro Preto - Domingo de P\u00e1scoa, 31\/03\/24, cem anos depois da visita da Caravana Modernista,\u00a0 a cidade\u00a0 preserva a sua secular tradi\u00e7\u00e3o religiosa da Semana Santa, com a prociss\u00e3o\u00a0 da Ressurrei\u00e7\u00e3o e\u00a0 a Ben\u00e7\u00e3o do Sant\u00edssimo realizada no adro da Matriz\u00a0 de Nossa Senhora da Concei\u00e7\u00e3o, no Ant\u00f4nio Dias, pelo\u2026","rel":"","context":"In &quot;Coluna&quot;","block_context":{"text":"Coluna","link":"https:\/\/www.diariodeouropreto.com.br\/pt\/Editoria\/coluna\/"},"img":{"alt_text":"","src":"https:\/\/i0.wp.com\/www.diariodeouropreto.com.br\/wp-content\/uploads\/2024\/03\/IMG_1769.jpg?resize=350%2C200&ssl=1","width":350,"height":200,"srcset":"https:\/\/i0.wp.com\/www.diariodeouropreto.com.br\/wp-content\/uploads\/2024\/03\/IMG_1769.jpg?resize=350%2C200&ssl=1 1x, https:\/\/i0.wp.com\/www.diariodeouropreto.com.br\/wp-content\/uploads\/2024\/03\/IMG_1769.jpg?resize=525%2C300&ssl=1 1.5x, https:\/\/i0.wp.com\/www.diariodeouropreto.com.br\/wp-content\/uploads\/2024\/03\/IMG_1769.jpg?resize=700%2C400&ssl=1 2x, https:\/\/i0.wp.com\/www.diariodeouropreto.com.br\/wp-content\/uploads\/2024\/03\/IMG_1769.jpg?resize=1050%2C600&ssl=1 3x"},"classes":[]}],"jetpack_sharing_enabled":true,"amp_enabled":true,"_links":{"self":[{"href":"https:\/\/www.diariodeouropreto.com.br\/pt\/wp-json\/wp\/v2\/posts\/50732","targetHints":{"allow":["GET"]}}],"collection":[{"href":"https:\/\/www.diariodeouropreto.com.br\/pt\/wp-json\/wp\/v2\/posts"}],"about":[{"href":"https:\/\/www.diariodeouropreto.com.br\/pt\/wp-json\/wp\/v2\/types\/post"}],"author":[{"embeddable":true,"href":"https:\/\/www.diariodeouropreto.com.br\/pt\/wp-json\/wp\/v2\/users\/1"}],"replies":[{"embeddable":true,"href":"https:\/\/www.diariodeouropreto.com.br\/pt\/wp-json\/wp\/v2\/comments?post=50732"}],"version-history":[{"count":1,"href":"https:\/\/www.diariodeouropreto.com.br\/pt\/wp-json\/wp\/v2\/posts\/50732\/revisions"}],"predecessor-version":[{"id":50736,"href":"https:\/\/www.diariodeouropreto.com.br\/pt\/wp-json\/wp\/v2\/posts\/50732\/revisions\/50736"}],"wp:featuredmedia":[{"embeddable":true,"href":"https:\/\/www.diariodeouropreto.com.br\/pt\/wp-json\/wp\/v2\/media\/50733"}],"wp:attachment":[{"href":"https:\/\/www.diariodeouropreto.com.br\/pt\/wp-json\/wp\/v2\/media?parent=50732"}],"wp:term":[{"taxonomy":"category","embeddable":true,"href":"https:\/\/www.diariodeouropreto.com.br\/pt\/wp-json\/wp\/v2\/categories?post=50732"},{"taxonomy":"post_tag","embeddable":true,"href":"https:\/\/www.diariodeouropreto.com.br\/pt\/wp-json\/wp\/v2\/tags?post=50732"}],"curies":[{"name":"wp","href":"https:\/\/api.w.org\/{rel}","templated":true}]}}