{"id":50731,"date":"2026-03-08T10:00:00","date_gmt":"2026-03-08T13:00:00","guid":{"rendered":"https:\/\/www.diariodeouropreto.com.br\/?p=50731"},"modified":"2026-03-05T20:09:53","modified_gmt":"2026-03-05T23:09:53","slug":"maria-da-penha-pede-rede-direta-de-apoio-para-mulheres-do-interior","status":"publish","type":"post","link":"https:\/\/www.diariodeouropreto.com.br\/pt\/maria-da-penha-pede-rede-direta-de-apoio-para-mulheres-do-interior\/","title":{"rendered":"Maria da Penha pede rede direta de apoio para mulheres do interior"},"content":{"rendered":"\n<p><strong>Ativista critica injusti\u00e7as do Judici\u00e1rio e foca na educa\u00e7\u00e3o<\/strong><\/p>\n\n\n\n<p><strong>O combate \u00e0 viol\u00eancia dom\u00e9stica no Brasil precisa chegar nos pequenos munic\u00edpios. O posicionamento \u00e9 da ativista Maria da Penha, que d\u00e1 nome \u00e0&nbsp;<a href=\"http:\/\/%20https\/\/www.planalto.gov.br\/ccivil_03\/_ato2004-2006\/2006\/lei\/l11340.htm\" target=\"_blank\" rel=\"noreferrer noopener follow external sponsored ugc\" data-wpel-link=\"external\">Lei 11.340\/2006<\/a>&nbsp;que cria mecanismos para coibir a viol\u00eancia dom\u00e9stica e familiar contra a mulher e estabelece medidas de assist\u00eancia e prote\u00e7\u00e3o \u00e0s mulheres nestas situa\u00e7\u00f5es.<\/strong><img decoding=\"async\" src=\"https:\/\/agenciabrasil.ebc.com.br\/ebc.png?id=1680687&amp;o=node\"><img decoding=\"async\" src=\"https:\/\/agenciabrasil.ebc.com.br\/ebc.gif?id=1680687&amp;o=node\"><\/p>\n\n\n\n<p>Ela defende que a prote\u00e7\u00e3o deve ser direta, como quando recebeu o apoio dos movimentos de mulheres ap\u00f3s as duas tentativas de feminic\u00eddio, em 1983, pelo&nbsp;ex-marido. Um tiro disparado pelo economista Marco Ant\u00f4nio Heredia Viveiros a deixou parapl\u00e9gica.<\/p>\n\n\n\n<p>Maria da Penha&nbsp;participou, nesta quarta-feira (4), do semin\u00e1rio&nbsp;<a href=\"https:\/\/www.youtube.com\/live\/lCF8_nZWPQ8\" target=\"_blank\" rel=\"noreferrer noopener follow external sponsored ugc\" data-wpel-link=\"external\"><em>Brasil pela Vida das Meninas e Mulheres<\/em><\/a>,&nbsp;organizado pelo Conselho de Desenvolvimento Econ\u00f4mico Social Sustent\u00e1vel (CDESS), apelidado de Conselh\u00e3o, em Bras\u00edlia.<\/p>\n\n\n\n<p><strong>As discuss\u00f5es t\u00eam o objetivo de reafirmar o enfrentamento ao feminic\u00eddio como prioridade nacional e compromisso de Estado.<\/strong><\/p>\n\n\n\n<h2 class=\"wp-block-heading\">Viol\u00eancia invisibilizada<\/h2>\n\n\n\n<p><strong>Penha destaca que, em muitas cidades pequenas, o julgamento social ainda protege o agressor, se ele cumpre o papel de sustento material do lar.<\/strong><\/p>\n\n\n\n<blockquote class=\"wp-block-quote is-layout-flow wp-block-quote-is-layout-flow\">\n<p>\u201cSe acostuma a ver viol\u00eancia e continuar calada porque ningu\u00e9m vai falar mal do marido dela. At\u00e9 dizem: \u2018Ele \u00e9 t\u00e3o bom porque n\u00e3o deixa faltar comida em casa\u2019.<\/p>\n<\/blockquote>\n\n\n\n<p>Para ela, essa mentalidade ignora o sofrimento psicol\u00f3gico e f\u00edsico da mulher. &nbsp;\u201cAquela mulher sofre quando o marido n\u00e3o a escuta, se n\u00e3o h\u00e1 respeito e inclusive abusa de seus filhos\u201d.<\/p>\n\n\n\n<p>Ela pr\u00f3pria conta que n\u00e3o tinha consci\u00eancia de que era v\u00edtima de viol\u00eancia dom\u00e9stica.<\/p>\n\n\n\n<blockquote class=\"wp-block-quote is-layout-flow wp-block-quote-is-layout-flow\">\n<p>\u201cEu quis ter sa\u00eddo de um relacionamento e eu n\u00e3o consegui. Come\u00e7aram a surgir na m\u00eddia alguns casos de viol\u00eancia dom\u00e9stica do meu estado [Cear\u00e1], mas eu nunca pensei que poderia chegar at\u00e9 mim.\u201d<\/p>\n<\/blockquote>\n\n\n\n<p>O agressor ainda exercia um dom\u00ednio total sobre a casa, a esposa e as filhas pequenas (de 6, 4 e 2 anos de idade, \u00e0 \u00e9poca), o que gerou a Maria da Penha um sentimento de impot\u00eancia.<\/p>\n\n\n\n<h2 class=\"wp-block-heading\">Falhas no Judici\u00e1rio<\/h2>\n\n\n\n<p>Aos presentes no semin\u00e1rio, Maria da Penha Maia Fernandes relembrou a morosidade extrema do julgamento pelo Tribunal de Justi\u00e7a do Estado do Cear\u00e1, durante quase&nbsp;20 anos; e as manobras jur\u00eddicas que tentaram anular o julgamento.<\/p>\n\n\n\n<p>Apesar dos avan\u00e7os legais, Maria da Penha aponta que o sistema de justi\u00e7a ainda revitima as mulheres, por meio do machismo institucional.<\/p>\n\n\n\n<blockquote class=\"wp-block-quote is-layout-flow wp-block-quote-is-layout-flow\">\n<p>\u201cQuantos absurdos acontecem no poder Judici\u00e1rio? Quem tem um bom linguajar consegue anular uma pena justa.\u201d&nbsp;&nbsp;<\/p>\n<\/blockquote>\n\n\n\n<p>Maria da Penha aponta sofrimento \u00e0s v\u00edtimas de viol\u00eancia de g\u00eanero pela morosidade nos julgamentos e pelas injusti\u00e7as cometidas. \u201cA v\u00edtima \u00e9 desacreditada&nbsp;porque o poder Judici\u00e1rio disse que ele [o agressor] \u00e9 inocente. Isso desvirtua a finalidade da Justi\u00e7a.\u201d&nbsp;<\/p>\n\n\n\n<h2 class=\"wp-block-heading\">Educa\u00e7\u00e3o<\/h2>\n\n\n\n<p>Para Maria da Penha, a transforma\u00e7\u00e3o real vem da educa\u00e7\u00e3o. Pelo do Instituto Maria da Penha, ela promove o projeto Maria da Penha vai \u00e0s Escolas, focado em traduzir a lei para uma linguagem acess\u00edvel a todas as comunidades.<\/p>\n\n\n\n<p>Nesta semana, a ministra das Mulheres, Marcia Lopes, anunciou que o ministro da Educa\u00e7\u00e3o, Camilo Santana, ir\u00e1 regulamentar o programa com o objetivo de educar crian\u00e7as e adolescentes para prevenir e coibir a viol\u00eancia contra a mulher no pa\u00eds.<\/p>\n\n\n\n<h2 class=\"wp-block-heading\">Novo cap\u00edtulo<\/h2>\n\n\n\n<p>A ativista tamb\u00e9m anunciou que est\u00e1 preparando uma reedi\u00e7\u00e3o de livro&nbsp;<em>Sobrevivi&#8230; posso contar<\/em>, de 2014.<\/p>\n\n\n\n<p>Na obra, Penha&nbsp;relata as viol\u00eancias sofridas como uma forma de contribuir com transforma\u00e7\u00f5es urgentes, pelos direitos das mulheres a uma vida sem viol\u00eancia.<\/p>\n\n\n\n<blockquote class=\"wp-block-quote is-layout-flow wp-block-quote-is-layout-flow\">\n<p>\u201cEu considero o meu livro Sobrevivi&#8230; posso contar&nbsp;a carta de alforria das mulheres brasileiras.\u201d<\/p>\n<\/blockquote>\n\n\n\n<p>A nova vers\u00e3o incluir\u00e1 os desdobramentos recentes da pr\u00f3pria luta. Ela adianta que far\u00e1 refer\u00eancia hist\u00f3rica ao marco de dezembro de 2025, em Fortaleza, quando recebeu um pedido de desculpas p\u00fablico do Tribunal de Justi\u00e7a de seu estado pela omiss\u00e3o e demora de d\u00e9cadas no julgamento de seu agressor.<\/p>\n\n\n\n<p>A retrata\u00e7\u00e3o segue recomenda\u00e7\u00e3o da Comiss\u00e3o Interamericana de Direitos Humanos da Organiza\u00e7\u00e3o dos Estados Americanos (OEA).<\/p>\n\n\n\n<p>Maria da Penha esclarece que gra\u00e7as \u00e0 publicidade dada pelo livro, o Comit\u00ea Latino-Americano e do Caribe para a Defesa dos Direitos das Mulheres (Cladem) e o Centro pela Justi\u00e7a e Direito Internacional (Cejil) se apropriaram da causa e dela e denunciaram o Brasil na OEA.<\/p>\n\n\n\n<h2 class=\"wp-block-heading\">Julgamento<\/h2>\n\n\n\n<p><strong>O julgamento do caso de Maria da Penha Maia Fernandes pelo Tribunal de Justi\u00e7a do Cear\u00e1 (TJCE) foi caracterizado por uma morosidade extrema, durando quase&nbsp;20 anos.<\/strong><\/p>\n\n\n\n<p>As agress\u00f5es e tentativas de homic\u00eddio ocorreram em 1983, mas o ex-marido, Marco Ant\u00f4nio Heredia Viveros, s\u00f3 foi preso em 2002, ap\u00f3s a condena\u00e7\u00e3o definitiva e a repercuss\u00e3o internacional do caso.&nbsp;<\/p>\n\n\n\n<p>Em maio de 2001, a Comiss\u00e3o Interamericana de Direitos Humanos da Organiza\u00e7\u00e3o dos Estados Americanos (OEA) condenou o Brasil por neglig\u00eancia e omiss\u00e3o quanto \u00e0 viol\u00eancia dom\u00e9stica.<\/p>\n\n\n\n<h2 class=\"wp-block-heading\">Ligue 180<\/h2>\n\n\n\n<p>Em caso de viol\u00eancia contra a mulher, ligue gratuitamente 180.<\/p>\n\n\n\n<p>A Central de Atendimento \u00e0 Mulher \u2013&nbsp;Ligue 180&nbsp;oferece orienta\u00e7\u00e3o, acolhimento e encaminhamento de den\u00fancias.&nbsp;O atendimento tamb\u00e9m pode ser feito&nbsp;pelo WhatsApp,&nbsp;no n\u00famero (61) 99610-0180.<\/p>\n\n\n\n<div id=\"110712\" class=\"advads-saneouro advads-entity-placement\" style=\"margin-left: auto;margin-right: auto;text-align: center;\"><a href=\"https:\/\/www.saneouro.com.br\/\" target=\"_blank\" aria-label=\"DOP_Site\" data-wpel-link=\"external\" rel=\"follow external noopener noreferrer sponsored ugc\"><img src=\"https:\/\/www.diariodeouropreto.com.br\/wp-content\/uploads\/2026\/04\/DOP_Site.jpg\" alt=\"\"  srcset=\"https:\/\/www.diariodeouropreto.com.br\/wp-content\/uploads\/2026\/04\/DOP_Site.jpg 301w, https:\/\/www.diariodeouropreto.com.br\/wp-content\/uploads\/2026\/04\/DOP_Site-180x150.jpg 180w, https:\/\/www.diariodeouropreto.com.br\/wp-content\/uploads\/2026\/04\/DOP_Site-14x12.jpg 14w\" sizes=\"(max-width: 301px) 100vw, 301px\" width=\"301\" height=\"251\"  style=\"display: inline-block;\" \/><\/a><\/div><p>Por: Daniella Almeida &#8211; Rep\u00f3rter da Ag\u00eancia Brasil<\/p>\n\n\n\n<div id=\"50321\" class=\"advads-plantao advads-entity-placement\"><a href=\"https:\/\/www.diariodeouropreto.com.br\/\" target=\"_blank\" aria-label=\"site &#8211; noticia\" data-wpel-link=\"external\" rel=\"follow external noopener noreferrer sponsored ugc\"><img src=\"https:\/\/www.diariodeouropreto.com.br\/wp-content\/uploads\/2019\/09\/titulosite2-e1616373489755.jpg\" alt=\"\"  srcset=\"https:\/\/www.diariodeouropreto.com.br\/wp-content\/uploads\/2019\/09\/titulosite2-e1616373489755.jpg 1200w, https:\/\/www.diariodeouropreto.com.br\/wp-content\/uploads\/2019\/09\/titulosite2-e1616373489755-150x38.jpg 150w, https:\/\/www.diariodeouropreto.com.br\/wp-content\/uploads\/2019\/09\/titulosite2-e1616373489755-660x167.jpg 660w, https:\/\/www.diariodeouropreto.com.br\/wp-content\/uploads\/2019\/09\/titulosite2-e1616373489755-768x194.jpg 768w, https:\/\/www.diariodeouropreto.com.br\/wp-content\/uploads\/2019\/09\/titulosite2-e1616373489755-1000x252.jpg 1000w, https:\/\/www.diariodeouropreto.com.br\/wp-content\/uploads\/2019\/09\/titulosite2-e1616373489755-1536x388.jpg 1536w, https:\/\/www.diariodeouropreto.com.br\/wp-content\/uploads\/2019\/09\/titulosite2-e1616373489755-2048x517.jpg 2048w\" sizes=\"(max-width: 1200px) 100vw, 1200px\" width=\"1200\" height=\"303\"  style=\"display: inline-block;\" \/><\/a><\/div><p>Foto: \u00a9 Jos\u00e9 Cruz\/Ag\u00eancia Brasil<strong><br><\/strong><\/p>\n","protected":false},"excerpt":{"rendered":"<p>Ativista critica injusti\u00e7as do Judici\u00e1rio e foca na educa\u00e7\u00e3o O combate \u00e0 viol\u00eancia dom\u00e9stica no Brasil precisa chegar nos pequenos munic\u00edpios. O posicionamento \u00e9 da ativista Maria da Penha, que d\u00e1 nome \u00e0&nbsp;Lei 11.340\/2006&nbsp;que cria mecanismos para coibir a viol\u00eancia dom\u00e9stica e familiar contra a mulher e estabelece medidas de<span class=\"more-link\"><a href=\"https:\/\/www.diariodeouropreto.com.br\/pt\/maria-da-penha-pede-rede-direta-de-apoio-para-mulheres-do-interior\/\" data-wpel-link=\"internal\">Continue Lendo<\/a><\/span><\/p>","protected":false},"author":1,"featured_media":50738,"comment_status":"closed","ping_status":"closed","sticky":false,"template":"","format":"standard","meta":{"_jetpack_memberships_contains_paid_content":false,"footnotes":"","jetpack_publicize_message":"Ativista critica injusti\u00e7as do Judici\u00e1rio e foca na educa\u00e7\u00e3o","jetpack_publicize_feature_enabled":true,"jetpack_social_post_already_shared":true,"jetpack_social_options":{"image_generator_settings":{"template":"highway","default_image_id":0,"font":"","enabled":false},"version":2}},"categories":[7],"tags":[],"class_list":["entry","author-diario","post-50731","post","type-post","status-publish","format-standard","has-post-thumbnail","category-brasil"],"yoast_head":"<!-- This site is optimized with the Yoast SEO plugin v27.5 - https:\/\/yoast.com\/product\/yoast-seo-wordpress\/ -->\n<title>Maria da Penha pede rede direta de apoio para mulheres do interior - Di\u00e1rio de Ouro Preto<\/title>\n<meta name=\"description\" content=\"Ativista critica injusti\u00e7as do Judici\u00e1rio e foca na educa\u00e7\u00e3o - Maria da Penha pede rede direta de apoio para mulheres do interior\" \/>\n<meta name=\"robots\" content=\"index, follow, max-snippet:-1, max-image-preview:large, max-video-preview:-1\" \/>\n<link rel=\"canonical\" href=\"https:\/\/www.diariodeouropreto.com.br\/pt\/?p=50731\" \/>\n<meta property=\"og:locale\" content=\"pt_PT\" \/>\n<meta property=\"og:type\" content=\"article\" \/>\n<meta property=\"og:title\" content=\"Maria da Penha pede rede direta de apoio para mulheres do interior - Di\u00e1rio de Ouro Preto\" \/>\n<meta property=\"og:description\" content=\"Ativista critica injusti\u00e7as do Judici\u00e1rio e foca na educa\u00e7\u00e3o - Maria da Penha pede rede direta de apoio para mulheres do interior\" \/>\n<meta property=\"og:url\" content=\"https:\/\/www.diariodeouropreto.com.br\/pt\/?p=50731\" \/>\n<meta property=\"og:site_name\" content=\"Di\u00e1rio de Ouro Preto\" \/>\n<meta property=\"article:publisher\" content=\"https:\/\/www.facebook.com\/diariodeouropreto\/\" \/>\n<meta property=\"article:published_time\" content=\"2026-03-08T13:00:00+00:00\" \/>\n<meta property=\"og:image\" content=\"https:\/\/www.diariodeouropreto.com.br\/wp-content\/uploads\/2026\/03\/Maria-da-Penha-pede-rede-direta-de-apoio-para-mulheres-do-interior.webp\" \/>\n\t<meta property=\"og:image:width\" content=\"1170\" \/>\n\t<meta property=\"og:image:height\" content=\"700\" \/>\n\t<meta property=\"og:image:type\" content=\"image\/webp\" \/>\n<meta name=\"author\" content=\"Di\u00e1rio de Ouro Preto\" \/>\n<meta name=\"twitter:card\" content=\"summary_large_image\" \/>\n<meta name=\"twitter:label1\" content=\"Escrito por\" \/>\n\t<meta name=\"twitter:data1\" content=\"Di\u00e1rio de Ouro Preto\" \/>\n\t<meta name=\"twitter:label2\" content=\"Tempo estimado de leitura\" \/>\n\t<meta name=\"twitter:data2\" content=\"5 minutos\" \/>\n<script type=\"application\/ld+json\" class=\"yoast-schema-graph\">{\"@context\":\"https:\\\/\\\/schema.org\",\"@graph\":[{\"@type\":\"Article\",\"@id\":\"https:\\\/\\\/www.diariodeouropreto.com.br\\\/?p=50731#article\",\"isPartOf\":{\"@id\":\"https:\\\/\\\/www.diariodeouropreto.com.br\\\/?p=50731\"},\"author\":{\"name\":\"Di\u00e1rio de Ouro Preto\",\"@id\":\"https:\\\/\\\/www.diariodeouropreto.com.br\\\/pt\\\/#\\\/schema\\\/person\\\/7654e7b471204a6dab6dc0ce6e140c99\"},\"headline\":\"Maria da Penha pede rede direta de apoio para mulheres do interior\",\"datePublished\":\"2026-03-08T13:00:00+00:00\",\"mainEntityOfPage\":{\"@id\":\"https:\\\/\\\/www.diariodeouropreto.com.br\\\/?p=50731\"},\"wordCount\":936,\"publisher\":{\"@id\":\"https:\\\/\\\/www.diariodeouropreto.com.br\\\/pt\\\/#organization\"},\"image\":{\"@id\":\"https:\\\/\\\/www.diariodeouropreto.com.br\\\/?p=50731#primaryimage\"},\"thumbnailUrl\":\"https:\\\/\\\/www.diariodeouropreto.com.br\\\/wp-content\\\/uploads\\\/2026\\\/03\\\/Maria-da-Penha-pede-rede-direta-de-apoio-para-mulheres-do-interior.webp\",\"articleSection\":[\"Brasil\"],\"inLanguage\":\"pt-PT\"},{\"@type\":\"WebPage\",\"@id\":\"https:\\\/\\\/www.diariodeouropreto.com.br\\\/?p=50731\",\"url\":\"https:\\\/\\\/www.diariodeouropreto.com.br\\\/?p=50731\",\"name\":\"Maria da Penha pede rede direta de apoio para mulheres do interior - Di\u00e1rio de Ouro Preto\",\"isPartOf\":{\"@id\":\"https:\\\/\\\/www.diariodeouropreto.com.br\\\/pt\\\/#website\"},\"primaryImageOfPage\":{\"@id\":\"https:\\\/\\\/www.diariodeouropreto.com.br\\\/?p=50731#primaryimage\"},\"image\":{\"@id\":\"https:\\\/\\\/www.diariodeouropreto.com.br\\\/?p=50731#primaryimage\"},\"thumbnailUrl\":\"https:\\\/\\\/www.diariodeouropreto.com.br\\\/wp-content\\\/uploads\\\/2026\\\/03\\\/Maria-da-Penha-pede-rede-direta-de-apoio-para-mulheres-do-interior.webp\",\"datePublished\":\"2026-03-08T13:00:00+00:00\",\"description\":\"Ativista critica injusti\u00e7as do Judici\u00e1rio e foca na educa\u00e7\u00e3o - Maria da Penha pede rede direta de apoio para mulheres do interior\",\"breadcrumb\":{\"@id\":\"https:\\\/\\\/www.diariodeouropreto.com.br\\\/?p=50731#breadcrumb\"},\"inLanguage\":\"pt-PT\",\"potentialAction\":[{\"@type\":\"ReadAction\",\"target\":[\"https:\\\/\\\/www.diariodeouropreto.com.br\\\/?p=50731\"]}]},{\"@type\":\"ImageObject\",\"inLanguage\":\"pt-PT\",\"@id\":\"https:\\\/\\\/www.diariodeouropreto.com.br\\\/?p=50731#primaryimage\",\"url\":\"https:\\\/\\\/www.diariodeouropreto.com.br\\\/wp-content\\\/uploads\\\/2026\\\/03\\\/Maria-da-Penha-pede-rede-direta-de-apoio-para-mulheres-do-interior.webp\",\"contentUrl\":\"https:\\\/\\\/www.diariodeouropreto.com.br\\\/wp-content\\\/uploads\\\/2026\\\/03\\\/Maria-da-Penha-pede-rede-direta-de-apoio-para-mulheres-do-interior.webp\",\"width\":1170,\"height\":700},{\"@type\":\"BreadcrumbList\",\"@id\":\"https:\\\/\\\/www.diariodeouropreto.com.br\\\/?p=50731#breadcrumb\",\"itemListElement\":[{\"@type\":\"ListItem\",\"position\":1,\"name\":\"In\u00edcio\",\"item\":\"https:\\\/\\\/www.diariodeouropreto.com.br\\\/pt\\\/\"},{\"@type\":\"ListItem\",\"position\":2,\"name\":\"Maria da Penha pede rede direta de apoio para mulheres do interior\"}]},{\"@type\":\"WebSite\",\"@id\":\"https:\\\/\\\/www.diariodeouropreto.com.br\\\/pt\\\/#website\",\"url\":\"https:\\\/\\\/www.diariodeouropreto.com.br\\\/pt\\\/\",\"name\":\"Di\u00e1rio de Ouro Preto\",\"description\":\"Not\u00edcias Ouro Preto; Mariana;Minas Gerais;Jornal;Jornalismo;Not\u00edcias;\",\"publisher\":{\"@id\":\"https:\\\/\\\/www.diariodeouropreto.com.br\\\/pt\\\/#organization\"},\"alternateName\":\"Jornal di\u00e1rio de Ouro Preto\",\"potentialAction\":[{\"@type\":\"SearchAction\",\"target\":{\"@type\":\"EntryPoint\",\"urlTemplate\":\"https:\\\/\\\/www.diariodeouropreto.com.br\\\/pt\\\/?s={search_term_string}\"},\"query-input\":{\"@type\":\"PropertyValueSpecification\",\"valueRequired\":true,\"valueName\":\"search_term_string\"}}],\"inLanguage\":\"pt-PT\"},{\"@type\":\"Organization\",\"@id\":\"https:\\\/\\\/www.diariodeouropreto.com.br\\\/pt\\\/#organization\",\"name\":\"Di\u00e1rio de Ouro Preto\",\"alternateName\":\"Jornal di\u00e1rio Ouro Preto\",\"url\":\"https:\\\/\\\/www.diariodeouropreto.com.br\\\/pt\\\/\",\"logo\":{\"@type\":\"ImageObject\",\"inLanguage\":\"pt-PT\",\"@id\":\"https:\\\/\\\/www.diariodeouropreto.com.br\\\/pt\\\/#\\\/schema\\\/logo\\\/image\\\/\",\"url\":\"https:\\\/\\\/www.diariodeouropreto.com.br\\\/wp-content\\\/uploads\\\/2019\\\/06\\\/cropped-logotransp-2.png\",\"contentUrl\":\"https:\\\/\\\/www.diariodeouropreto.com.br\\\/wp-content\\\/uploads\\\/2019\\\/06\\\/cropped-logotransp-2.png\",\"width\":1323,\"height\":251,\"caption\":\"Di\u00e1rio de Ouro Preto\"},\"image\":{\"@id\":\"https:\\\/\\\/www.diariodeouropreto.com.br\\\/pt\\\/#\\\/schema\\\/logo\\\/image\\\/\"},\"sameAs\":[\"https:\\\/\\\/www.facebook.com\\\/diariodeouropreto\\\/\"]},{\"@type\":\"Person\",\"@id\":\"https:\\\/\\\/www.diariodeouropreto.com.br\\\/pt\\\/#\\\/schema\\\/person\\\/7654e7b471204a6dab6dc0ce6e140c99\",\"name\":\"Di\u00e1rio de Ouro Preto\",\"sameAs\":[\"http:\\\/\\\/www.diariodeouropreto.com.br\"],\"url\":\"https:\\\/\\\/www.diariodeouropreto.com.br\\\/pt\\\/author\\\/diario\\\/\"}]}<\/script>\n<!-- \/ Yoast SEO plugin. -->","yoast_head_json":{"title":"Maria da Penha pede rede direta de apoio para mulheres do interior - Di\u00e1rio de Ouro Preto","description":"Ativista critica injusti\u00e7as do Judici\u00e1rio e foca na educa\u00e7\u00e3o - Maria da Penha pede rede direta de apoio para mulheres do interior","robots":{"index":"index","follow":"follow","max-snippet":"max-snippet:-1","max-image-preview":"max-image-preview:large","max-video-preview":"max-video-preview:-1"},"canonical":"https:\/\/www.diariodeouropreto.com.br\/pt\/?p=50731","og_locale":"pt_PT","og_type":"article","og_title":"Maria da Penha pede rede direta de apoio para mulheres do interior - Di\u00e1rio de Ouro Preto","og_description":"Ativista critica injusti\u00e7as do Judici\u00e1rio e foca na educa\u00e7\u00e3o - Maria da Penha pede rede direta de apoio para mulheres do interior","og_url":"https:\/\/www.diariodeouropreto.com.br\/pt\/?p=50731","og_site_name":"Di\u00e1rio de Ouro Preto","article_publisher":"https:\/\/www.facebook.com\/diariodeouropreto\/","article_published_time":"2026-03-08T13:00:00+00:00","og_image":[{"width":1170,"height":700,"url":"https:\/\/www.diariodeouropreto.com.br\/wp-content\/uploads\/2026\/03\/Maria-da-Penha-pede-rede-direta-de-apoio-para-mulheres-do-interior.webp","type":"image\/webp"}],"author":"Di\u00e1rio de Ouro Preto","twitter_card":"summary_large_image","twitter_misc":{"Escrito por":"Di\u00e1rio de Ouro Preto","Tempo estimado de leitura":"5 minutos"},"schema":{"@context":"https:\/\/schema.org","@graph":[{"@type":"Article","@id":"https:\/\/www.diariodeouropreto.com.br\/?p=50731#article","isPartOf":{"@id":"https:\/\/www.diariodeouropreto.com.br\/?p=50731"},"author":{"name":"Di\u00e1rio de Ouro Preto","@id":"https:\/\/www.diariodeouropreto.com.br\/pt\/#\/schema\/person\/7654e7b471204a6dab6dc0ce6e140c99"},"headline":"Maria da Penha pede rede direta de apoio para mulheres do interior","datePublished":"2026-03-08T13:00:00+00:00","mainEntityOfPage":{"@id":"https:\/\/www.diariodeouropreto.com.br\/?p=50731"},"wordCount":936,"publisher":{"@id":"https:\/\/www.diariodeouropreto.com.br\/pt\/#organization"},"image":{"@id":"https:\/\/www.diariodeouropreto.com.br\/?p=50731#primaryimage"},"thumbnailUrl":"https:\/\/www.diariodeouropreto.com.br\/wp-content\/uploads\/2026\/03\/Maria-da-Penha-pede-rede-direta-de-apoio-para-mulheres-do-interior.webp","articleSection":["Brasil"],"inLanguage":"pt-PT"},{"@type":"WebPage","@id":"https:\/\/www.diariodeouropreto.com.br\/?p=50731","url":"https:\/\/www.diariodeouropreto.com.br\/?p=50731","name":"Maria da Penha pede rede direta de apoio para mulheres do interior - Di\u00e1rio de Ouro Preto","isPartOf":{"@id":"https:\/\/www.diariodeouropreto.com.br\/pt\/#website"},"primaryImageOfPage":{"@id":"https:\/\/www.diariodeouropreto.com.br\/?p=50731#primaryimage"},"image":{"@id":"https:\/\/www.diariodeouropreto.com.br\/?p=50731#primaryimage"},"thumbnailUrl":"https:\/\/www.diariodeouropreto.com.br\/wp-content\/uploads\/2026\/03\/Maria-da-Penha-pede-rede-direta-de-apoio-para-mulheres-do-interior.webp","datePublished":"2026-03-08T13:00:00+00:00","description":"Ativista critica injusti\u00e7as do Judici\u00e1rio e foca na educa\u00e7\u00e3o - Maria da Penha pede rede direta de apoio para mulheres do interior","breadcrumb":{"@id":"https:\/\/www.diariodeouropreto.com.br\/?p=50731#breadcrumb"},"inLanguage":"pt-PT","potentialAction":[{"@type":"ReadAction","target":["https:\/\/www.diariodeouropreto.com.br\/?p=50731"]}]},{"@type":"ImageObject","inLanguage":"pt-PT","@id":"https:\/\/www.diariodeouropreto.com.br\/?p=50731#primaryimage","url":"https:\/\/www.diariodeouropreto.com.br\/wp-content\/uploads\/2026\/03\/Maria-da-Penha-pede-rede-direta-de-apoio-para-mulheres-do-interior.webp","contentUrl":"https:\/\/www.diariodeouropreto.com.br\/wp-content\/uploads\/2026\/03\/Maria-da-Penha-pede-rede-direta-de-apoio-para-mulheres-do-interior.webp","width":1170,"height":700},{"@type":"BreadcrumbList","@id":"https:\/\/www.diariodeouropreto.com.br\/?p=50731#breadcrumb","itemListElement":[{"@type":"ListItem","position":1,"name":"In\u00edcio","item":"https:\/\/www.diariodeouropreto.com.br\/pt\/"},{"@type":"ListItem","position":2,"name":"Maria da Penha pede rede direta de apoio para mulheres do interior"}]},{"@type":"WebSite","@id":"https:\/\/www.diariodeouropreto.com.br\/pt\/#website","url":"https:\/\/www.diariodeouropreto.com.br\/pt\/","name":"Di\u00e1rio de Ouro Preto","description":"Not\u00edcias Ouro Preto; Mariana;Minas Gerais;Jornal;Jornalismo;Not\u00edcias;","publisher":{"@id":"https:\/\/www.diariodeouropreto.com.br\/pt\/#organization"},"alternateName":"Jornal di\u00e1rio de Ouro Preto","potentialAction":[{"@type":"SearchAction","target":{"@type":"EntryPoint","urlTemplate":"https:\/\/www.diariodeouropreto.com.br\/pt\/?s={search_term_string}"},"query-input":{"@type":"PropertyValueSpecification","valueRequired":true,"valueName":"search_term_string"}}],"inLanguage":"pt-PT"},{"@type":"Organization","@id":"https:\/\/www.diariodeouropreto.com.br\/pt\/#organization","name":"Di\u00e1rio de Ouro Preto","alternateName":"Jornal di\u00e1rio Ouro Preto","url":"https:\/\/www.diariodeouropreto.com.br\/pt\/","logo":{"@type":"ImageObject","inLanguage":"pt-PT","@id":"https:\/\/www.diariodeouropreto.com.br\/pt\/#\/schema\/logo\/image\/","url":"https:\/\/www.diariodeouropreto.com.br\/wp-content\/uploads\/2019\/06\/cropped-logotransp-2.png","contentUrl":"https:\/\/www.diariodeouropreto.com.br\/wp-content\/uploads\/2019\/06\/cropped-logotransp-2.png","width":1323,"height":251,"caption":"Di\u00e1rio de Ouro Preto"},"image":{"@id":"https:\/\/www.diariodeouropreto.com.br\/pt\/#\/schema\/logo\/image\/"},"sameAs":["https:\/\/www.facebook.com\/diariodeouropreto\/"]},{"@type":"Person","@id":"https:\/\/www.diariodeouropreto.com.br\/pt\/#\/schema\/person\/7654e7b471204a6dab6dc0ce6e140c99","name":"Di\u00e1rio de Ouro Preto","sameAs":["http:\/\/www.diariodeouropreto.com.br"],"url":"https:\/\/www.diariodeouropreto.com.br\/pt\/author\/diario\/"}]}},"jetpack_publicize_connections":[],"jetpack_featured_media_url":"https:\/\/www.diariodeouropreto.com.br\/wp-content\/uploads\/2026\/03\/Maria-da-Penha-pede-rede-direta-de-apoio-para-mulheres-do-interior.webp","jetpack-related-posts":[{"id":32072,"url":"https:\/\/www.diariodeouropreto.com.br\/pt\/mulheres-vitimas-de-violencia-domestica-podem-solicitar-protecao-no-programa-patrulha-maria-da-penha\/","url_meta":{"origin":50731,"position":0},"title":"Mulheres v\u00edtimas de viol\u00eancia dom\u00e9stica podem solicitar prote\u00e7\u00e3o no Programa Patrulha Maria da Penha","author":"Di\u00e1rio de Ouro Preto","date":"22 de Abril de 2024","format":false,"excerpt":"A Guarda Civil Municipal (GCM) de Mariana, em parceria com o Centro de Refer\u00eancia Especializado da Assist\u00eancia Social (Creas), realiza o cadastramento das mulheres em situa\u00e7\u00e3o de viol\u00eancia para repasse de equipamento de socorro, o \u201cbot\u00e3o do p\u00e2nico\". A a\u00e7\u00e3o est\u00e1 dentro do Programa Patrulha Maria da Penha, idealizado pela\u2026","rel":"","context":"In &quot;Mariana&quot;","block_context":{"text":"Mariana","link":"https:\/\/www.diariodeouropreto.com.br\/pt\/Editoria\/mariana\/"},"img":{"alt_text":"","src":"https:\/\/i0.wp.com\/www.diariodeouropreto.com.br\/wp-content\/uploads\/2024\/04\/Patrulha-Maria-da-Penha-site.jpg?resize=350%2C200&ssl=1","width":350,"height":200,"srcset":"https:\/\/i0.wp.com\/www.diariodeouropreto.com.br\/wp-content\/uploads\/2024\/04\/Patrulha-Maria-da-Penha-site.jpg?resize=350%2C200&ssl=1 1x, https:\/\/i0.wp.com\/www.diariodeouropreto.com.br\/wp-content\/uploads\/2024\/04\/Patrulha-Maria-da-Penha-site.jpg?resize=525%2C300&ssl=1 1.5x, https:\/\/i0.wp.com\/www.diariodeouropreto.com.br\/wp-content\/uploads\/2024\/04\/Patrulha-Maria-da-Penha-site.jpg?resize=700%2C400&ssl=1 2x, https:\/\/i0.wp.com\/www.diariodeouropreto.com.br\/wp-content\/uploads\/2024\/04\/Patrulha-Maria-da-Penha-site.jpg?resize=1050%2C600&ssl=1 3x"},"classes":[]},{"id":36753,"url":"https:\/\/www.diariodeouropreto.com.br\/pt\/lei-maria-da-penha-avanca-mas-nao-coibe-alta-de-crimes-contra-mulher\/","url_meta":{"origin":50731,"position":1},"title":"Lei Maria da Penha avan\u00e7a, mas n\u00e3o co\u00edbe alta de crimes contra mulher","author":"Di\u00e1rio de Ouro Preto","date":"7 de Agosto de 2024","format":false,"excerpt":"A\u00a0Lei n\u00ba 11.340\/2006, conhecida como Lei Maria da Penha, foi sancionada h\u00e1 exatos 18 anos, pelo ent\u00e3o presidente Luiz In\u00e1cio Lula da Silva. O nome homenageia a biofarmac\u00eautica cearense Maria da Penha Maia Fernandes que sofreu duas tentativas de homic\u00eddio pelo marido, em 1983, e se tornou ativista da causa\u2026","rel":"","context":"In &quot;Policial&quot;","block_context":{"text":"Policial","link":"https:\/\/www.diariodeouropreto.com.br\/pt\/Editoria\/policial\/"},"img":{"alt_text":"","src":"https:\/\/i0.wp.com\/www.diariodeouropreto.com.br\/wp-content\/uploads\/2024\/08\/18anos_leimariadapenha.webp?resize=350%2C200&ssl=1","width":350,"height":200,"srcset":"https:\/\/i0.wp.com\/www.diariodeouropreto.com.br\/wp-content\/uploads\/2024\/08\/18anos_leimariadapenha.webp?resize=350%2C200&ssl=1 1x, https:\/\/i0.wp.com\/www.diariodeouropreto.com.br\/wp-content\/uploads\/2024\/08\/18anos_leimariadapenha.webp?resize=525%2C300&ssl=1 1.5x, https:\/\/i0.wp.com\/www.diariodeouropreto.com.br\/wp-content\/uploads\/2024\/08\/18anos_leimariadapenha.webp?resize=700%2C400&ssl=1 2x, https:\/\/i0.wp.com\/www.diariodeouropreto.com.br\/wp-content\/uploads\/2024\/08\/18anos_leimariadapenha.webp?resize=1050%2C600&ssl=1 3x"},"classes":[]},{"id":9784,"url":"https:\/\/www.diariodeouropreto.com.br\/pt\/lei-maria-da-penha-completa-15-anos\/","url_meta":{"origin":50731,"position":2},"title":"Lei Maria da Penha completa 15 anos","author":"Di\u00e1rio de Ouro Preto","date":"7 de Agosto de 2021","format":false,"excerpt":"Uma situa\u00e7\u00e3o natural, uma quest\u00e3o privada e um crime de menor potencial ofensivo. Era assim que a viol\u00eancia dom\u00e9stica, mesmo nos casos de agress\u00e3o f\u00edsica ou homic\u00eddio, era vista. N\u00e3o faz muito tempo que essa hist\u00f3ria come\u00e7ou a mudar, dizem especialistas ouvidas pela\u00a0Ag\u00eancia Brasil. Mas n\u00e3o h\u00e1 d\u00favidas sobre o\u2026","rel":"","context":"In &quot;Brasil&quot;","block_context":{"text":"Brasil","link":"https:\/\/www.diariodeouropreto.com.br\/pt\/Editoria\/brasil\/"},"img":{"alt_text":"","src":"https:\/\/i0.wp.com\/www.diariodeouropreto.com.br\/wp-content\/uploads\/2020\/02\/titulo-site3-2-scaled-e1613680230325.jpg?resize=350%2C200&ssl=1","width":350,"height":200,"srcset":"https:\/\/i0.wp.com\/www.diariodeouropreto.com.br\/wp-content\/uploads\/2020\/02\/titulo-site3-2-scaled-e1613680230325.jpg?resize=350%2C200&ssl=1 1x, https:\/\/i0.wp.com\/www.diariodeouropreto.com.br\/wp-content\/uploads\/2020\/02\/titulo-site3-2-scaled-e1613680230325.jpg?resize=525%2C300&ssl=1 1.5x"},"classes":[]},{"id":17812,"url":"https:\/\/www.diariodeouropreto.com.br\/pt\/lei-maria-da-penha-completa-16-anos-neste-domingo\/","url_meta":{"origin":50731,"position":3},"title":"Lei Maria da Penha completa 16 anos neste domingo","author":"Di\u00e1rio de Ouro Preto","date":"7 de Agosto de 2022","format":false,"excerpt":"A Lei n\u00ba 11.340\/06, conhecida como Lei Maria da Penha que criou mecanismos para enfrentar e prevenir a viol\u00eancia dom\u00e9stica e familiar contra a mulher completa hoje (7) 16 anos. Para lembrar a data, o Minist\u00e9rio da Mulher, da Fam\u00edlia e dos Direitos Humanos (MMFDH) lan\u00e7ou a campanha Agosto Lil\u00e1s.\u2026","rel":"","context":"In &quot;Policial&quot;","block_context":{"text":"Policial","link":"https:\/\/www.diariodeouropreto.com.br\/pt\/Editoria\/policial\/"},"img":{"alt_text":"","src":"https:\/\/i0.wp.com\/www.diariodeouropreto.com.br\/wp-content\/uploads\/2022\/08\/1107568-df_mcamgo_abr_020920187646.jpg?resize=350%2C200&ssl=1","width":350,"height":200,"srcset":"https:\/\/i0.wp.com\/www.diariodeouropreto.com.br\/wp-content\/uploads\/2022\/08\/1107568-df_mcamgo_abr_020920187646.jpg?resize=350%2C200&ssl=1 1x, https:\/\/i0.wp.com\/www.diariodeouropreto.com.br\/wp-content\/uploads\/2022\/08\/1107568-df_mcamgo_abr_020920187646.jpg?resize=525%2C300&ssl=1 1.5x, https:\/\/i0.wp.com\/www.diariodeouropreto.com.br\/wp-content\/uploads\/2022\/08\/1107568-df_mcamgo_abr_020920187646.jpg?resize=700%2C400&ssl=1 2x, https:\/\/i0.wp.com\/www.diariodeouropreto.com.br\/wp-content\/uploads\/2022\/08\/1107568-df_mcamgo_abr_020920187646.jpg?resize=1050%2C600&ssl=1 3x"},"classes":[]},{"id":17827,"url":"https:\/\/www.diariodeouropreto.com.br\/pt\/almg-adere-a-campanha-sobre-violencia-domestica\/","url_meta":{"origin":50731,"position":4},"title":"ALMG adere a campanha sobre viol\u00eancia dom\u00e9stica","author":"Di\u00e1rio de Ouro Preto","date":"8 de Agosto de 2022","format":false,"excerpt":"As fachadas da Assembleia Legislativa de Minas Gerais (ALMG) ser\u00e3o iluminadas de lil\u00e1s a partir das 18 horas desta segunda-feira (8\/8\/22). A a\u00e7\u00e3o marca a\u00a0ades\u00e3o da Casa \u00e0 campanha \u201cAgosto Lil\u00e1s\u201d, que comemora os 16 anos de vig\u00eancia da\u00a0Lei Maria da Penha\u00a0e busca conscientizar a popula\u00e7\u00e3o sobre a viol\u00eancia dom\u00e9stica.\u00a0A\u2026","rel":"","context":"In &quot;Minas Gerais&quot;","block_context":{"text":"Minas Gerais","link":"https:\/\/www.diariodeouropreto.com.br\/pt\/Editoria\/minas-gerais\/"},"img":{"alt_text":"","src":"https:\/\/i0.wp.com\/www.diariodeouropreto.com.br\/wp-content\/uploads\/2022\/08\/1575513.jpg?resize=350%2C200&ssl=1","width":350,"height":200,"srcset":"https:\/\/i0.wp.com\/www.diariodeouropreto.com.br\/wp-content\/uploads\/2022\/08\/1575513.jpg?resize=350%2C200&ssl=1 1x, https:\/\/i0.wp.com\/www.diariodeouropreto.com.br\/wp-content\/uploads\/2022\/08\/1575513.jpg?resize=525%2C300&ssl=1 1.5x"},"classes":[]},{"id":48096,"url":"https:\/\/www.diariodeouropreto.com.br\/pt\/campanha-arara-da-autoestima-apoia-mulheres-assistidas-pela-patrulha-maria-da-penha\/","url_meta":{"origin":50731,"position":5},"title":"Campanha Arara da Autoestima apoia mulheres assistidas pela Patrulha Maria da Penha","author":"Di\u00e1rio de Ouro Preto","date":"13 de Outubro de 2025","format":false,"excerpt":"A Prefeitura de Mariana, por meio da Secretaria de Seguran\u00e7a P\u00fablica, deu in\u00edcio \u00e0 campanha \u201cArara da Autoestima\u201d, que promove a doa\u00e7\u00e3o de roupas, sapatos, bolsas e acess\u00f3rios para mulheres assistidas pela Patrulha Maria da Penha. A iniciativa integra as a\u00e7\u00f5es do Outubro Rosa e segue at\u00e9 o dia 17\u2026","rel":"","context":"In &quot;Mariana&quot;","block_context":{"text":"Mariana","link":"https:\/\/www.diariodeouropreto.com.br\/pt\/Editoria\/mariana\/"},"img":{"alt_text":"","src":"https:\/\/i0.wp.com\/www.diariodeouropreto.com.br\/wp-content\/uploads\/2025\/10\/arara-da-autoestima-site.jpg?resize=350%2C200&ssl=1","width":350,"height":200,"srcset":"https:\/\/i0.wp.com\/www.diariodeouropreto.com.br\/wp-content\/uploads\/2025\/10\/arara-da-autoestima-site.jpg?resize=350%2C200&ssl=1 1x, https:\/\/i0.wp.com\/www.diariodeouropreto.com.br\/wp-content\/uploads\/2025\/10\/arara-da-autoestima-site.jpg?resize=525%2C300&ssl=1 1.5x, https:\/\/i0.wp.com\/www.diariodeouropreto.com.br\/wp-content\/uploads\/2025\/10\/arara-da-autoestima-site.jpg?resize=700%2C400&ssl=1 2x, https:\/\/i0.wp.com\/www.diariodeouropreto.com.br\/wp-content\/uploads\/2025\/10\/arara-da-autoestima-site.jpg?resize=1050%2C600&ssl=1 3x"},"classes":[]}],"jetpack_sharing_enabled":true,"amp_enabled":true,"_links":{"self":[{"href":"https:\/\/www.diariodeouropreto.com.br\/pt\/wp-json\/wp\/v2\/posts\/50731","targetHints":{"allow":["GET"]}}],"collection":[{"href":"https:\/\/www.diariodeouropreto.com.br\/pt\/wp-json\/wp\/v2\/posts"}],"about":[{"href":"https:\/\/www.diariodeouropreto.com.br\/pt\/wp-json\/wp\/v2\/types\/post"}],"author":[{"embeddable":true,"href":"https:\/\/www.diariodeouropreto.com.br\/pt\/wp-json\/wp\/v2\/users\/1"}],"replies":[{"embeddable":true,"href":"https:\/\/www.diariodeouropreto.com.br\/pt\/wp-json\/wp\/v2\/comments?post=50731"}],"version-history":[{"count":1,"href":"https:\/\/www.diariodeouropreto.com.br\/pt\/wp-json\/wp\/v2\/posts\/50731\/revisions"}],"predecessor-version":[{"id":50739,"href":"https:\/\/www.diariodeouropreto.com.br\/pt\/wp-json\/wp\/v2\/posts\/50731\/revisions\/50739"}],"wp:featuredmedia":[{"embeddable":true,"href":"https:\/\/www.diariodeouropreto.com.br\/pt\/wp-json\/wp\/v2\/media\/50738"}],"wp:attachment":[{"href":"https:\/\/www.diariodeouropreto.com.br\/pt\/wp-json\/wp\/v2\/media?parent=50731"}],"wp:term":[{"taxonomy":"category","embeddable":true,"href":"https:\/\/www.diariodeouropreto.com.br\/pt\/wp-json\/wp\/v2\/categories?post=50731"},{"taxonomy":"post_tag","embeddable":true,"href":"https:\/\/www.diariodeouropreto.com.br\/pt\/wp-json\/wp\/v2\/tags?post=50731"}],"curies":[{"name":"wp","href":"https:\/\/api.w.org\/{rel}","templated":true}]}}