{"id":50722,"date":"2026-03-04T20:10:38","date_gmt":"2026-03-04T23:10:38","guid":{"rendered":"https:\/\/www.diariodeouropreto.com.br\/?p=50722"},"modified":"2026-03-04T20:28:06","modified_gmt":"2026-03-04T23:28:06","slug":"psol-apresenta-pre-candidaturas-em-ouro-preto","status":"publish","type":"post","link":"https:\/\/www.diariodeouropreto.com.br\/pt\/psol-apresenta-pre-candidaturas-em-ouro-preto\/","title":{"rendered":"PSOL apresenta pr\u00e9-candidaturas em Ouro Preto"},"content":{"rendered":"<p>No dia 03 de mar\u00e7o de 2026, lideran\u00e7as do PSOL de Minas Gerais participaram de dois eventos pol\u00edtico-culturais na cidade.<\/p>\n\n\n\n<figure class=\"wp-block-image size-full\"><img decoding=\"async\" width=\"878\" height=\"800\" data-attachment-id=\"50729\" data-permalink=\"https:\/\/www.diariodeouropreto.com.br\/pt\/psol-apresenta-pre-candidaturas-em-ouro-preto\/whatsapp-image-2026-03-04-at-12-45-54\/\" data-orig-file=\"https:\/\/www.diariodeouropreto.com.br\/wp-content\/uploads\/2026\/03\/WhatsApp-Image-2026-03-04-at-12.45.54.jpeg\" data-orig-size=\"878,800\" data-comments-opened=\"0\" data-image-meta=\"{&quot;aperture&quot;:&quot;0&quot;,&quot;credit&quot;:&quot;&quot;,&quot;camera&quot;:&quot;&quot;,&quot;caption&quot;:&quot;&quot;,&quot;created_timestamp&quot;:&quot;0&quot;,&quot;copyright&quot;:&quot;&quot;,&quot;focal_length&quot;:&quot;0&quot;,&quot;iso&quot;:&quot;0&quot;,&quot;shutter_speed&quot;:&quot;0&quot;,&quot;title&quot;:&quot;&quot;,&quot;orientation&quot;:&quot;0&quot;}\" data-image-title=\"PSOL apresenta Pr\u00e9-Candidaturas em Ouro Preto2\" data-image-description=\"\" data-image-caption=\"\" data-large-file=\"https:\/\/www.diariodeouropreto.com.br\/wp-content\/uploads\/2026\/03\/WhatsApp-Image-2026-03-04-at-12.45.54.jpeg\" src=\"https:\/\/www.diariodeouropreto.com.br\/wp-content\/uploads\/2026\/03\/WhatsApp-Image-2026-03-04-at-12.45.54.jpeg\" alt=\"\" class=\"wp-image-50729\" srcset=\"https:\/\/www.diariodeouropreto.com.br\/wp-content\/uploads\/2026\/03\/WhatsApp-Image-2026-03-04-at-12.45.54.jpeg 878w, https:\/\/www.diariodeouropreto.com.br\/wp-content\/uploads\/2026\/03\/WhatsApp-Image-2026-03-04-at-12.45.54-435x396.jpeg 435w, https:\/\/www.diariodeouropreto.com.br\/wp-content\/uploads\/2026\/03\/WhatsApp-Image-2026-03-04-at-12.45.54-165x150.jpeg 165w, https:\/\/www.diariodeouropreto.com.br\/wp-content\/uploads\/2026\/03\/WhatsApp-Image-2026-03-04-at-12.45.54-768x700.jpeg 768w, https:\/\/www.diariodeouropreto.com.br\/wp-content\/uploads\/2026\/03\/WhatsApp-Image-2026-03-04-at-12.45.54-13x12.jpeg 13w, https:\/\/www.diariodeouropreto.com.br\/wp-content\/uploads\/2026\/03\/WhatsApp-Image-2026-03-04-at-12.45.54-465x424.jpeg 465w, https:\/\/www.diariodeouropreto.com.br\/wp-content\/uploads\/2026\/03\/WhatsApp-Image-2026-03-04-at-12.45.54-549x500.jpeg 549w\" sizes=\"(max-width: 878px) 100vw, 878px\" \/><\/figure>\n\n\n\n<p>Du Evangelista, pr\u00e9-candidato a Deputado Federal, \u00c1urea Carolina, pr\u00e9-candidata ao Senado e Maria da Consola\u00e7\u00e3o, pr\u00e9-candidata ao Governo de Minas, debateram na \u201croda de conversa sobre os impactos da minera\u00e7\u00e3o em Ouro Preto\u201d na Mina Du Veloso na parte da tarde.<\/p>\n\n\n<div class=\"wp-block-image\">\n<figure class=\"alignleft size-full is-resized\"><img decoding=\"async\" width=\"600\" height=\"800\" data-attachment-id=\"50725\" data-permalink=\"https:\/\/www.diariodeouropreto.com.br\/pt\/psol-apresenta-pre-candidaturas-em-ouro-preto\/whatsapp-image-2026-03-04-at-12-45-55\/\" data-orig-file=\"https:\/\/www.diariodeouropreto.com.br\/wp-content\/uploads\/2026\/03\/WhatsApp-Image-2026-03-04-at-12.45.55.jpeg\" data-orig-size=\"600,800\" data-comments-opened=\"0\" data-image-meta=\"{&quot;aperture&quot;:&quot;0&quot;,&quot;credit&quot;:&quot;&quot;,&quot;camera&quot;:&quot;&quot;,&quot;caption&quot;:&quot;&quot;,&quot;created_timestamp&quot;:&quot;0&quot;,&quot;copyright&quot;:&quot;&quot;,&quot;focal_length&quot;:&quot;0&quot;,&quot;iso&quot;:&quot;0&quot;,&quot;shutter_speed&quot;:&quot;0&quot;,&quot;title&quot;:&quot;&quot;,&quot;orientation&quot;:&quot;0&quot;}\" data-image-title=\"WhatsApp Image 2026-03-04 at 12.45.55\" data-image-description=\"\" data-image-caption=\"\" data-large-file=\"https:\/\/www.diariodeouropreto.com.br\/wp-content\/uploads\/2026\/03\/WhatsApp-Image-2026-03-04-at-12.45.55.jpeg\" src=\"https:\/\/www.diariodeouropreto.com.br\/wp-content\/uploads\/2026\/03\/WhatsApp-Image-2026-03-04-at-12.45.55.jpeg\" alt=\"\" class=\"wp-image-50725\" style=\"width:259px;height:auto\" srcset=\"https:\/\/www.diariodeouropreto.com.br\/wp-content\/uploads\/2026\/03\/WhatsApp-Image-2026-03-04-at-12.45.55.jpeg 600w, https:\/\/www.diariodeouropreto.com.br\/wp-content\/uploads\/2026\/03\/WhatsApp-Image-2026-03-04-at-12.45.55-297x396.jpeg 297w, https:\/\/www.diariodeouropreto.com.br\/wp-content\/uploads\/2026\/03\/WhatsApp-Image-2026-03-04-at-12.45.55-113x150.jpeg 113w, https:\/\/www.diariodeouropreto.com.br\/wp-content\/uploads\/2026\/03\/WhatsApp-Image-2026-03-04-at-12.45.55-9x12.jpeg 9w, https:\/\/www.diariodeouropreto.com.br\/wp-content\/uploads\/2026\/03\/WhatsApp-Image-2026-03-04-at-12.45.55-413x550.jpeg 413w, https:\/\/www.diariodeouropreto.com.br\/wp-content\/uploads\/2026\/03\/WhatsApp-Image-2026-03-04-at-12.45.55-375x500.jpeg 375w\" sizes=\"(max-width: 600px) 100vw, 600px\" \/><\/figure>\n<\/div>\n\n\n<p>\u00c0 noite, no Anexo do Museu da Inconfid\u00eancia, os pr\u00e9-candidatos estiveram presentes no evento \u201cMaria das Minas em Luta pela Vida\u201d, organizado pela APAOP, como parte da jornada de mobiliza\u00e7\u00e3o da regi\u00e3o referente ao Dia Internacional da Mulher.<\/p>\n\n\n\n<div id=\"110712\" class=\"advads-saneouro advads-entity-placement\" style=\"margin-left: auto;margin-right: auto;text-align: center;\"><a href=\"https:\/\/www.saneouro.com.br\/\" target=\"_blank\" aria-label=\"DOP_Site\" data-wpel-link=\"external\" rel=\"follow external noopener noreferrer sponsored ugc\"><img src=\"https:\/\/www.diariodeouropreto.com.br\/wp-content\/uploads\/2026\/04\/DOP_Site.jpg\" alt=\"\"  srcset=\"https:\/\/www.diariodeouropreto.com.br\/wp-content\/uploads\/2026\/04\/DOP_Site.jpg 301w, https:\/\/www.diariodeouropreto.com.br\/wp-content\/uploads\/2026\/04\/DOP_Site-180x150.jpg 180w, https:\/\/www.diariodeouropreto.com.br\/wp-content\/uploads\/2026\/04\/DOP_Site-14x12.jpg 14w\" sizes=\"(max-width: 301px) 100vw, 301px\" width=\"301\" height=\"251\"  style=\"display: inline-block;\" \/><\/a><\/div><p>Segundo Du Evangelista, a presen\u00e7a das pr\u00e9-candidaturas reafirma o compromisso do PSOL com as causas sociais da Regi\u00e3o dos Inconfidentes, em especial por uma minera\u00e7\u00e3o sustent\u00e1vel e pela valoriza\u00e7\u00e3o da vida das mulheres.<\/p>\n\n\n\n<p><\/p>\n\n\n\n<p><\/p>\n\n\n\n<p><\/p>\n\n\n\n<div id=\"50321\" class=\"advads-plantao advads-entity-placement\"><a href=\"https:\/\/www.diariodeouropreto.com.br\/pt\/\" target=\"_blank\" aria-label=\"site &#8211; noticia\" data-wpel-link=\"external\" rel=\"follow external noopener noreferrer sponsored ugc\"><img src=\"https:\/\/www.diariodeouropreto.com.br\/wp-content\/uploads\/2019\/09\/titulosite2-e1616373489755.jpg\" alt=\"\"  srcset=\"https:\/\/www.diariodeouropreto.com.br\/wp-content\/uploads\/2019\/09\/titulosite2-e1616373489755.jpg 1200w, https:\/\/www.diariodeouropreto.com.br\/wp-content\/uploads\/2019\/09\/titulosite2-e1616373489755-150x38.jpg 150w, https:\/\/www.diariodeouropreto.com.br\/wp-content\/uploads\/2019\/09\/titulosite2-e1616373489755-660x167.jpg 660w, https:\/\/www.diariodeouropreto.com.br\/wp-content\/uploads\/2019\/09\/titulosite2-e1616373489755-768x194.jpg 768w, https:\/\/www.diariodeouropreto.com.br\/wp-content\/uploads\/2019\/09\/titulosite2-e1616373489755-1000x252.jpg 1000w, https:\/\/www.diariodeouropreto.com.br\/wp-content\/uploads\/2019\/09\/titulosite2-e1616373489755-1536x388.jpg 1536w, https:\/\/www.diariodeouropreto.com.br\/wp-content\/uploads\/2019\/09\/titulosite2-e1616373489755-2048x517.jpg 2048w\" sizes=\"(max-width: 1200px) 100vw, 1200px\" width=\"1200\" height=\"303\"  style=\"display: inline-block;\" \/><\/a><\/div><p>Fotos: Divulga\u00e7\u00e3o PSOL<\/p>","protected":false},"excerpt":{"rendered":"<p>No dia 03 de mar\u00e7o de 2026, lideran\u00e7as do PSOL de Minas Gerais participaram de dois eventos pol\u00edtico-culturais na cidade. Du Evangelista, pr\u00e9-candidato a Deputado Federal, \u00c1urea Carolina, pr\u00e9-candidata ao Senado e Maria da Consola\u00e7\u00e3o, pr\u00e9-candidata ao Governo de Minas, debateram na \u201croda de conversa sobre os impactos da minera\u00e7\u00e3o<span class=\"more-link\"><a href=\"https:\/\/www.diariodeouropreto.com.br\/pt\/psol-apresenta-pre-candidaturas-em-ouro-preto\/\" data-wpel-link=\"internal\">Continue Lendo<\/a><\/span><\/p>","protected":false},"author":1,"featured_media":50723,"comment_status":"closed","ping_status":"closed","sticky":false,"template":"","format":"standard","meta":{"_jetpack_memberships_contains_paid_content":false,"footnotes":"","jetpack_publicize_message":"No dia 03 de mar\u00e7o de 2026, lideran\u00e7as do PSOL de Minas Gerais participaram de dois eventos pol\u00edtico-culturais na cidade.","jetpack_publicize_feature_enabled":true,"jetpack_social_post_already_shared":false,"jetpack_social_options":{"image_generator_settings":{"template":"highway","default_image_id":0,"font":"","enabled":false},"version":2}},"categories":[46],"tags":[],"class_list":["entry","author-diario","post-50722","post","type-post","status-publish","format-standard","has-post-thumbnail","category-politica"],"yoast_head":"<!-- This site is optimized with the Yoast SEO plugin v27.5 - https:\/\/yoast.com\/product\/yoast-seo-wordpress\/ -->\n<title>PSOL apresenta pr\u00e9-candidaturas em Ouro Preto - Di\u00e1rio de Ouro Preto<\/title>\n<meta name=\"description\" content=\"No dia 03 de mar\u00e7o de 2026, lideran\u00e7as do PSOL de Minas Gerais participaram de dois eventos pol\u00edtico-culturais na cidade - PSOL apresenta pr\u00e9-candidaturas em Ouro Preto\" \/>\n<meta name=\"robots\" content=\"index, follow, max-snippet:-1, max-image-preview:large, max-video-preview:-1\" \/>\n<link rel=\"canonical\" href=\"https:\/\/www.diariodeouropreto.com.br\/pt\/psol-apresenta-pre-candidaturas-em-ouro-preto\/\" \/>\n<meta property=\"og:locale\" content=\"pt_PT\" \/>\n<meta property=\"og:type\" content=\"article\" \/>\n<meta property=\"og:title\" content=\"PSOL apresenta pr\u00e9-candidaturas em Ouro Preto - Di\u00e1rio de Ouro Preto\" \/>\n<meta property=\"og:description\" content=\"No dia 03 de mar\u00e7o de 2026, lideran\u00e7as do PSOL de Minas Gerais participaram de dois eventos pol\u00edtico-culturais na cidade - PSOL apresenta pr\u00e9-candidaturas em Ouro Preto\" \/>\n<meta property=\"og:url\" content=\"https:\/\/www.diariodeouropreto.com.br\/pt\/psol-apresenta-pre-candidaturas-em-ouro-preto\/\" \/>\n<meta property=\"og:site_name\" content=\"Di\u00e1rio de Ouro Preto\" \/>\n<meta property=\"article:publisher\" content=\"https:\/\/www.facebook.com\/diariodeouropreto\/\" \/>\n<meta property=\"article:published_time\" content=\"2026-03-04T23:10:38+00:00\" \/>\n<meta property=\"article:modified_time\" content=\"2026-03-04T23:28:06+00:00\" \/>\n<meta property=\"og:image\" content=\"https:\/\/www.diariodeouropreto.com.br\/wp-content\/uploads\/2026\/03\/WhatsApp-Image-2026-03-04-at-12.45.52.jpeg\" \/>\n\t<meta property=\"og:image:width\" content=\"960\" \/>\n\t<meta property=\"og:image:height\" content=\"786\" \/>\n\t<meta property=\"og:image:type\" content=\"image\/jpeg\" \/>\n<meta name=\"author\" content=\"Di\u00e1rio de Ouro Preto\" \/>\n<meta name=\"twitter:card\" content=\"summary_large_image\" \/>\n<meta name=\"twitter:label1\" content=\"Escrito por\" \/>\n\t<meta name=\"twitter:data1\" content=\"Di\u00e1rio de Ouro Preto\" \/>\n\t<meta name=\"twitter:label2\" content=\"Tempo estimado de leitura\" \/>\n\t<meta name=\"twitter:data2\" content=\"2 minutos\" \/>\n<script type=\"application\/ld+json\" class=\"yoast-schema-graph\">{\"@context\":\"https:\\\/\\\/schema.org\",\"@graph\":[{\"@type\":\"Article\",\"@id\":\"https:\\\/\\\/www.diariodeouropreto.com.br\\\/psol-apresenta-pre-candidaturas-em-ouro-preto\\\/#article\",\"isPartOf\":{\"@id\":\"https:\\\/\\\/www.diariodeouropreto.com.br\\\/psol-apresenta-pre-candidaturas-em-ouro-preto\\\/\"},\"author\":{\"name\":\"Di\u00e1rio de Ouro Preto\",\"@id\":\"https:\\\/\\\/www.diariodeouropreto.com.br\\\/pt\\\/#\\\/schema\\\/person\\\/7654e7b471204a6dab6dc0ce6e140c99\"},\"headline\":\"PSOL apresenta pr\u00e9-candidaturas em Ouro Preto\",\"datePublished\":\"2026-03-04T23:10:38+00:00\",\"dateModified\":\"2026-03-04T23:28:06+00:00\",\"mainEntityOfPage\":{\"@id\":\"https:\\\/\\\/www.diariodeouropreto.com.br\\\/psol-apresenta-pre-candidaturas-em-ouro-preto\\\/\"},\"wordCount\":158,\"publisher\":{\"@id\":\"https:\\\/\\\/www.diariodeouropreto.com.br\\\/pt\\\/#organization\"},\"image\":{\"@id\":\"https:\\\/\\\/www.diariodeouropreto.com.br\\\/psol-apresenta-pre-candidaturas-em-ouro-preto\\\/#primaryimage\"},\"thumbnailUrl\":\"https:\\\/\\\/www.diariodeouropreto.com.br\\\/wp-content\\\/uploads\\\/2026\\\/03\\\/WhatsApp-Image-2026-03-04-at-12.45.52.jpeg\",\"articleSection\":[\"Pol\u00edtica\"],\"inLanguage\":\"pt-PT\"},{\"@type\":\"WebPage\",\"@id\":\"https:\\\/\\\/www.diariodeouropreto.com.br\\\/psol-apresenta-pre-candidaturas-em-ouro-preto\\\/\",\"url\":\"https:\\\/\\\/www.diariodeouropreto.com.br\\\/psol-apresenta-pre-candidaturas-em-ouro-preto\\\/\",\"name\":\"PSOL apresenta pr\u00e9-candidaturas em Ouro Preto - Di\u00e1rio de Ouro Preto\",\"isPartOf\":{\"@id\":\"https:\\\/\\\/www.diariodeouropreto.com.br\\\/pt\\\/#website\"},\"primaryImageOfPage\":{\"@id\":\"https:\\\/\\\/www.diariodeouropreto.com.br\\\/psol-apresenta-pre-candidaturas-em-ouro-preto\\\/#primaryimage\"},\"image\":{\"@id\":\"https:\\\/\\\/www.diariodeouropreto.com.br\\\/psol-apresenta-pre-candidaturas-em-ouro-preto\\\/#primaryimage\"},\"thumbnailUrl\":\"https:\\\/\\\/www.diariodeouropreto.com.br\\\/wp-content\\\/uploads\\\/2026\\\/03\\\/WhatsApp-Image-2026-03-04-at-12.45.52.jpeg\",\"datePublished\":\"2026-03-04T23:10:38+00:00\",\"dateModified\":\"2026-03-04T23:28:06+00:00\",\"description\":\"No dia 03 de mar\u00e7o de 2026, lideran\u00e7as do PSOL de Minas Gerais participaram de dois eventos pol\u00edtico-culturais na cidade - PSOL apresenta pr\u00e9-candidaturas em Ouro Preto\",\"breadcrumb\":{\"@id\":\"https:\\\/\\\/www.diariodeouropreto.com.br\\\/psol-apresenta-pre-candidaturas-em-ouro-preto\\\/#breadcrumb\"},\"inLanguage\":\"pt-PT\",\"potentialAction\":[{\"@type\":\"ReadAction\",\"target\":[\"https:\\\/\\\/www.diariodeouropreto.com.br\\\/psol-apresenta-pre-candidaturas-em-ouro-preto\\\/\"]}]},{\"@type\":\"ImageObject\",\"inLanguage\":\"pt-PT\",\"@id\":\"https:\\\/\\\/www.diariodeouropreto.com.br\\\/psol-apresenta-pre-candidaturas-em-ouro-preto\\\/#primaryimage\",\"url\":\"https:\\\/\\\/www.diariodeouropreto.com.br\\\/wp-content\\\/uploads\\\/2026\\\/03\\\/WhatsApp-Image-2026-03-04-at-12.45.52.jpeg\",\"contentUrl\":\"https:\\\/\\\/www.diariodeouropreto.com.br\\\/wp-content\\\/uploads\\\/2026\\\/03\\\/WhatsApp-Image-2026-03-04-at-12.45.52.jpeg\",\"width\":960,\"height\":786},{\"@type\":\"BreadcrumbList\",\"@id\":\"https:\\\/\\\/www.diariodeouropreto.com.br\\\/psol-apresenta-pre-candidaturas-em-ouro-preto\\\/#breadcrumb\",\"itemListElement\":[{\"@type\":\"ListItem\",\"position\":1,\"name\":\"In\u00edcio\",\"item\":\"https:\\\/\\\/www.diariodeouropreto.com.br\\\/pt\\\/\"},{\"@type\":\"ListItem\",\"position\":2,\"name\":\"PSOL apresenta pr\u00e9-candidaturas em Ouro Preto\"}]},{\"@type\":\"WebSite\",\"@id\":\"https:\\\/\\\/www.diariodeouropreto.com.br\\\/pt\\\/#website\",\"url\":\"https:\\\/\\\/www.diariodeouropreto.com.br\\\/pt\\\/\",\"name\":\"Di\u00e1rio de Ouro Preto\",\"description\":\"Not\u00edcias Ouro Preto; Mariana;Minas Gerais;Jornal;Jornalismo;Not\u00edcias;\",\"publisher\":{\"@id\":\"https:\\\/\\\/www.diariodeouropreto.com.br\\\/pt\\\/#organization\"},\"alternateName\":\"Jornal di\u00e1rio de Ouro Preto\",\"potentialAction\":[{\"@type\":\"SearchAction\",\"target\":{\"@type\":\"EntryPoint\",\"urlTemplate\":\"https:\\\/\\\/www.diariodeouropreto.com.br\\\/pt\\\/?s={search_term_string}\"},\"query-input\":{\"@type\":\"PropertyValueSpecification\",\"valueRequired\":true,\"valueName\":\"search_term_string\"}}],\"inLanguage\":\"pt-PT\"},{\"@type\":\"Organization\",\"@id\":\"https:\\\/\\\/www.diariodeouropreto.com.br\\\/pt\\\/#organization\",\"name\":\"Di\u00e1rio de Ouro Preto\",\"alternateName\":\"Jornal di\u00e1rio Ouro Preto\",\"url\":\"https:\\\/\\\/www.diariodeouropreto.com.br\\\/pt\\\/\",\"logo\":{\"@type\":\"ImageObject\",\"inLanguage\":\"pt-PT\",\"@id\":\"https:\\\/\\\/www.diariodeouropreto.com.br\\\/pt\\\/#\\\/schema\\\/logo\\\/image\\\/\",\"url\":\"https:\\\/\\\/www.diariodeouropreto.com.br\\\/wp-content\\\/uploads\\\/2019\\\/06\\\/cropped-logotransp-2.png\",\"contentUrl\":\"https:\\\/\\\/www.diariodeouropreto.com.br\\\/wp-content\\\/uploads\\\/2019\\\/06\\\/cropped-logotransp-2.png\",\"width\":1323,\"height\":251,\"caption\":\"Di\u00e1rio de Ouro Preto\"},\"image\":{\"@id\":\"https:\\\/\\\/www.diariodeouropreto.com.br\\\/pt\\\/#\\\/schema\\\/logo\\\/image\\\/\"},\"sameAs\":[\"https:\\\/\\\/www.facebook.com\\\/diariodeouropreto\\\/\"]},{\"@type\":\"Person\",\"@id\":\"https:\\\/\\\/www.diariodeouropreto.com.br\\\/pt\\\/#\\\/schema\\\/person\\\/7654e7b471204a6dab6dc0ce6e140c99\",\"name\":\"Di\u00e1rio de Ouro Preto\",\"sameAs\":[\"http:\\\/\\\/www.diariodeouropreto.com.br\"],\"url\":\"https:\\\/\\\/www.diariodeouropreto.com.br\\\/pt\\\/author\\\/diario\\\/\"}]}<\/script>\n<!-- \/ Yoast SEO plugin. -->","yoast_head_json":{"title":"PSOL apresenta pr\u00e9-candidaturas em Ouro Preto - Di\u00e1rio de Ouro Preto","description":"No dia 03 de mar\u00e7o de 2026, lideran\u00e7as do PSOL de Minas Gerais participaram de dois eventos pol\u00edtico-culturais na cidade - PSOL apresenta pr\u00e9-candidaturas em Ouro Preto","robots":{"index":"index","follow":"follow","max-snippet":"max-snippet:-1","max-image-preview":"max-image-preview:large","max-video-preview":"max-video-preview:-1"},"canonical":"https:\/\/www.diariodeouropreto.com.br\/pt\/psol-apresenta-pre-candidaturas-em-ouro-preto\/","og_locale":"pt_PT","og_type":"article","og_title":"PSOL apresenta pr\u00e9-candidaturas em Ouro Preto - Di\u00e1rio de Ouro Preto","og_description":"No dia 03 de mar\u00e7o de 2026, lideran\u00e7as do PSOL de Minas Gerais participaram de dois eventos pol\u00edtico-culturais na cidade - PSOL apresenta pr\u00e9-candidaturas em Ouro Preto","og_url":"https:\/\/www.diariodeouropreto.com.br\/pt\/psol-apresenta-pre-candidaturas-em-ouro-preto\/","og_site_name":"Di\u00e1rio de Ouro Preto","article_publisher":"https:\/\/www.facebook.com\/diariodeouropreto\/","article_published_time":"2026-03-04T23:10:38+00:00","article_modified_time":"2026-03-04T23:28:06+00:00","og_image":[{"width":960,"height":786,"url":"https:\/\/www.diariodeouropreto.com.br\/wp-content\/uploads\/2026\/03\/WhatsApp-Image-2026-03-04-at-12.45.52.jpeg","type":"image\/jpeg"}],"author":"Di\u00e1rio de Ouro Preto","twitter_card":"summary_large_image","twitter_misc":{"Escrito por":"Di\u00e1rio de Ouro Preto","Tempo estimado de leitura":"2 minutos"},"schema":{"@context":"https:\/\/schema.org","@graph":[{"@type":"Article","@id":"https:\/\/www.diariodeouropreto.com.br\/psol-apresenta-pre-candidaturas-em-ouro-preto\/#article","isPartOf":{"@id":"https:\/\/www.diariodeouropreto.com.br\/psol-apresenta-pre-candidaturas-em-ouro-preto\/"},"author":{"name":"Di\u00e1rio de Ouro Preto","@id":"https:\/\/www.diariodeouropreto.com.br\/pt\/#\/schema\/person\/7654e7b471204a6dab6dc0ce6e140c99"},"headline":"PSOL apresenta pr\u00e9-candidaturas em Ouro Preto","datePublished":"2026-03-04T23:10:38+00:00","dateModified":"2026-03-04T23:28:06+00:00","mainEntityOfPage":{"@id":"https:\/\/www.diariodeouropreto.com.br\/psol-apresenta-pre-candidaturas-em-ouro-preto\/"},"wordCount":158,"publisher":{"@id":"https:\/\/www.diariodeouropreto.com.br\/pt\/#organization"},"image":{"@id":"https:\/\/www.diariodeouropreto.com.br\/psol-apresenta-pre-candidaturas-em-ouro-preto\/#primaryimage"},"thumbnailUrl":"https:\/\/www.diariodeouropreto.com.br\/wp-content\/uploads\/2026\/03\/WhatsApp-Image-2026-03-04-at-12.45.52.jpeg","articleSection":["Pol\u00edtica"],"inLanguage":"pt-PT"},{"@type":"WebPage","@id":"https:\/\/www.diariodeouropreto.com.br\/psol-apresenta-pre-candidaturas-em-ouro-preto\/","url":"https:\/\/www.diariodeouropreto.com.br\/psol-apresenta-pre-candidaturas-em-ouro-preto\/","name":"PSOL apresenta pr\u00e9-candidaturas em Ouro Preto - Di\u00e1rio de Ouro Preto","isPartOf":{"@id":"https:\/\/www.diariodeouropreto.com.br\/pt\/#website"},"primaryImageOfPage":{"@id":"https:\/\/www.diariodeouropreto.com.br\/psol-apresenta-pre-candidaturas-em-ouro-preto\/#primaryimage"},"image":{"@id":"https:\/\/www.diariodeouropreto.com.br\/psol-apresenta-pre-candidaturas-em-ouro-preto\/#primaryimage"},"thumbnailUrl":"https:\/\/www.diariodeouropreto.com.br\/wp-content\/uploads\/2026\/03\/WhatsApp-Image-2026-03-04-at-12.45.52.jpeg","datePublished":"2026-03-04T23:10:38+00:00","dateModified":"2026-03-04T23:28:06+00:00","description":"No dia 03 de mar\u00e7o de 2026, lideran\u00e7as do PSOL de Minas Gerais participaram de dois eventos pol\u00edtico-culturais na cidade - PSOL apresenta pr\u00e9-candidaturas em Ouro Preto","breadcrumb":{"@id":"https:\/\/www.diariodeouropreto.com.br\/psol-apresenta-pre-candidaturas-em-ouro-preto\/#breadcrumb"},"inLanguage":"pt-PT","potentialAction":[{"@type":"ReadAction","target":["https:\/\/www.diariodeouropreto.com.br\/psol-apresenta-pre-candidaturas-em-ouro-preto\/"]}]},{"@type":"ImageObject","inLanguage":"pt-PT","@id":"https:\/\/www.diariodeouropreto.com.br\/psol-apresenta-pre-candidaturas-em-ouro-preto\/#primaryimage","url":"https:\/\/www.diariodeouropreto.com.br\/wp-content\/uploads\/2026\/03\/WhatsApp-Image-2026-03-04-at-12.45.52.jpeg","contentUrl":"https:\/\/www.diariodeouropreto.com.br\/wp-content\/uploads\/2026\/03\/WhatsApp-Image-2026-03-04-at-12.45.52.jpeg","width":960,"height":786},{"@type":"BreadcrumbList","@id":"https:\/\/www.diariodeouropreto.com.br\/psol-apresenta-pre-candidaturas-em-ouro-preto\/#breadcrumb","itemListElement":[{"@type":"ListItem","position":1,"name":"In\u00edcio","item":"https:\/\/www.diariodeouropreto.com.br\/pt\/"},{"@type":"ListItem","position":2,"name":"PSOL apresenta pr\u00e9-candidaturas em Ouro Preto"}]},{"@type":"WebSite","@id":"https:\/\/www.diariodeouropreto.com.br\/pt\/#website","url":"https:\/\/www.diariodeouropreto.com.br\/pt\/","name":"Di\u00e1rio de Ouro Preto","description":"Not\u00edcias Ouro Preto; Mariana;Minas Gerais;Jornal;Jornalismo;Not\u00edcias;","publisher":{"@id":"https:\/\/www.diariodeouropreto.com.br\/pt\/#organization"},"alternateName":"Jornal di\u00e1rio de Ouro Preto","potentialAction":[{"@type":"SearchAction","target":{"@type":"EntryPoint","urlTemplate":"https:\/\/www.diariodeouropreto.com.br\/pt\/?s={search_term_string}"},"query-input":{"@type":"PropertyValueSpecification","valueRequired":true,"valueName":"search_term_string"}}],"inLanguage":"pt-PT"},{"@type":"Organization","@id":"https:\/\/www.diariodeouropreto.com.br\/pt\/#organization","name":"Di\u00e1rio de Ouro Preto","alternateName":"Jornal di\u00e1rio Ouro Preto","url":"https:\/\/www.diariodeouropreto.com.br\/pt\/","logo":{"@type":"ImageObject","inLanguage":"pt-PT","@id":"https:\/\/www.diariodeouropreto.com.br\/pt\/#\/schema\/logo\/image\/","url":"https:\/\/www.diariodeouropreto.com.br\/wp-content\/uploads\/2019\/06\/cropped-logotransp-2.png","contentUrl":"https:\/\/www.diariodeouropreto.com.br\/wp-content\/uploads\/2019\/06\/cropped-logotransp-2.png","width":1323,"height":251,"caption":"Di\u00e1rio de Ouro Preto"},"image":{"@id":"https:\/\/www.diariodeouropreto.com.br\/pt\/#\/schema\/logo\/image\/"},"sameAs":["https:\/\/www.facebook.com\/diariodeouropreto\/"]},{"@type":"Person","@id":"https:\/\/www.diariodeouropreto.com.br\/pt\/#\/schema\/person\/7654e7b471204a6dab6dc0ce6e140c99","name":"Di\u00e1rio de Ouro Preto","sameAs":["http:\/\/www.diariodeouropreto.com.br"],"url":"https:\/\/www.diariodeouropreto.com.br\/pt\/author\/diario\/"}]}},"jetpack_publicize_connections":[],"jetpack_featured_media_url":"https:\/\/www.diariodeouropreto.com.br\/wp-content\/uploads\/2026\/03\/WhatsApp-Image-2026-03-04-at-12.45.52.jpeg","jetpack-related-posts":[{"id":34578,"url":"https:\/\/www.diariodeouropreto.com.br\/pt\/coluna-tiquinho-de-politica-a-politica-e-a-justica-os-150-anos-do-tjmg-leleco-pra-prefeito-ouro-preto-tem-du\/","url_meta":{"origin":50722,"position":0},"title":"[Coluna Tiquinho de Pol\u00edtica] A Pol\u00edtica e a Justi\u00e7a: Os 150 anos do TJMG! Leleco pra Prefeito? Ouro Preto tem Du!","author":"Di\u00e1rio de Ouro Preto","date":"16 de Junho de 2024","format":false,"excerpt":"Ouro Preto - A coluna de hoje tem um tiquinho que cada lado da pol\u00edtica, a disputa por prefeituras deixam os partidos em alerta, nada passa despercebido.\u00a0 Vamos falar dos deputados e as prefeituras, dos vereadores e suas bandeiras, O Poder e a Justi\u00e7a! Os 150 anos do TJMG. O\u2026","rel":"","context":"In &quot;Coluna&quot;","block_context":{"text":"Coluna","link":"https:\/\/www.diariodeouropreto.com.br\/pt\/Editoria\/coluna\/"},"img":{"alt_text":"","src":"https:\/\/i0.wp.com\/www.diariodeouropreto.com.br\/wp-content\/uploads\/2024\/06\/IMG_6817.jpg?resize=350%2C200&ssl=1","width":350,"height":200,"srcset":"https:\/\/i0.wp.com\/www.diariodeouropreto.com.br\/wp-content\/uploads\/2024\/06\/IMG_6817.jpg?resize=350%2C200&ssl=1 1x, https:\/\/i0.wp.com\/www.diariodeouropreto.com.br\/wp-content\/uploads\/2024\/06\/IMG_6817.jpg?resize=525%2C300&ssl=1 1.5x, https:\/\/i0.wp.com\/www.diariodeouropreto.com.br\/wp-content\/uploads\/2024\/06\/IMG_6817.jpg?resize=700%2C400&ssl=1 2x, https:\/\/i0.wp.com\/www.diariodeouropreto.com.br\/wp-content\/uploads\/2024\/06\/IMG_6817.jpg?resize=1050%2C600&ssl=1 3x"},"classes":[]},{"id":36677,"url":"https:\/\/www.diariodeouropreto.com.br\/pt\/coluna-tiquinho-de-politica-julio-pimenta-diz-que-vai-resolver-a-saneouro-ze-leandro-diz-que-tira-numa-canetada-mas-passa-a-tarefa-para-duarte-junior\/","url_meta":{"origin":50722,"position":1},"title":"[Coluna Tiquinho de Pol\u00edtica] J\u00falio Pimenta diz que vai resolver a Saneouro\/ Z\u00e9 Leandro diz que tira numa canetada, mas passa a tarefa para Duarte J\u00fanior!","author":"Di\u00e1rio de Ouro Preto","date":"4 de Agosto de 2024","format":false,"excerpt":"Ouro Preto - Hoje foi um domingo quente na pol\u00edtica ouro-pretana, foram definidos os candidatos dos partidos MDB e PSDB, o cen\u00e1rio est\u00e1 fechado, as chapas est\u00e3o definidas para as elei\u00e7\u00f5es de 6 de outubro. De acordo com o Tribunal Superior Eleitoral, Ouro Preto tem 64.522 eleitores aptos a voltarem,\u2026","rel":"","context":"In &quot;Ouro Preto&quot;","block_context":{"text":"Ouro Preto","link":"https:\/\/www.diariodeouropreto.com.br\/pt\/Editoria\/ouro-preto\/"},"img":{"alt_text":"","src":"https:\/\/i0.wp.com\/www.diariodeouropreto.com.br\/wp-content\/uploads\/2024\/08\/capa_glaura_2-8-24.jpg?resize=350%2C200&ssl=1","width":350,"height":200,"srcset":"https:\/\/i0.wp.com\/www.diariodeouropreto.com.br\/wp-content\/uploads\/2024\/08\/capa_glaura_2-8-24.jpg?resize=350%2C200&ssl=1 1x, https:\/\/i0.wp.com\/www.diariodeouropreto.com.br\/wp-content\/uploads\/2024\/08\/capa_glaura_2-8-24.jpg?resize=525%2C300&ssl=1 1.5x, https:\/\/i0.wp.com\/www.diariodeouropreto.com.br\/wp-content\/uploads\/2024\/08\/capa_glaura_2-8-24.jpg?resize=700%2C400&ssl=1 2x, https:\/\/i0.wp.com\/www.diariodeouropreto.com.br\/wp-content\/uploads\/2024\/08\/capa_glaura_2-8-24.jpg?resize=1050%2C600&ssl=1 3x"},"classes":[]},{"id":31492,"url":"https:\/\/www.diariodeouropreto.com.br\/pt\/confira-os-pre-candidatos-a-prefeitura-de-ouro-preto\/","url_meta":{"origin":50722,"position":2},"title":"Confira os pr\u00e9-candidatos a Prefeitura de Ouro Preto","author":"Di\u00e1rio de Ouro Preto","date":"5 de Abril de 2024","format":false,"excerpt":"Ouro Preto - O deputado Federal, Duarte J\u00fanior, \u00e9 pr\u00e9-candidato a prefeito de Ouro Preto, a informa\u00e7\u00e3o foi confirmada ontem. O partido Republicanos conta com\u00a0 26 pr\u00e9-candidatos a vereadores. O nome de Duarte J\u00fanior j\u00e1 vinha sendo ventilado na cidade, o que lhe deu o apelido de \u201cDu de Mariana\u201d.\u00a0\u2026","rel":"","context":"In &quot;Elei\u00e7\u00f5es&quot;","block_context":{"text":"Elei\u00e7\u00f5es","link":"https:\/\/www.diariodeouropreto.com.br\/pt\/Editoria\/eleicoes\/"},"img":{"alt_text":"","src":"https:\/\/i0.wp.com\/www.diariodeouropreto.com.br\/wp-content\/uploads\/2022\/08\/capa-noticia-geral-e1617738740372.jpg?resize=350%2C200&ssl=1","width":350,"height":200,"srcset":"https:\/\/i0.wp.com\/www.diariodeouropreto.com.br\/wp-content\/uploads\/2022\/08\/capa-noticia-geral-e1617738740372.jpg?resize=350%2C200&ssl=1 1x, https:\/\/i0.wp.com\/www.diariodeouropreto.com.br\/wp-content\/uploads\/2022\/08\/capa-noticia-geral-e1617738740372.jpg?resize=525%2C300&ssl=1 1.5x"},"classes":[]},{"id":33345,"url":"https:\/\/www.diariodeouropreto.com.br\/pt\/duarte-junior-entra-no-pareo-para-a-prefeitura-de-ouro-preto\/","url_meta":{"origin":50722,"position":3},"title":"Duarte J\u00fanior entra no p\u00e1reo para a Prefeitura de Ouro Preto","author":"Di\u00e1rio de Ouro Preto","date":"17 de Maio de 2024","format":false,"excerpt":"Ouro Preto - O deputado federal em exerc\u00edcio, Duarte Eust\u00e1quio Gon\u00e7alves J\u00fanior, pelo Republicanos lan\u00e7a na pr\u00f3xima segunda-feira, 20\/05, \u00e0s 19 horas, no Clube XV de Novembro sua pr\u00e9-candidatura a prefeito de Ouro Preto. Para o evento confirmaram presen\u00e7a\u00a0 os deputados federais Dr. Frederico (PRD); Euclydes Petersen (Republicanos);\u00a0 o estadual,\u2026","rel":"","context":"In &quot;Pol\u00edtica&quot;","block_context":{"text":"Pol\u00edtica","link":"https:\/\/www.diariodeouropreto.com.br\/pt\/Editoria\/politica\/"},"img":{"alt_text":"","src":"https:\/\/i0.wp.com\/www.diariodeouropreto.com.br\/wp-content\/uploads\/2024\/05\/duarte_junior_03.jpg?resize=350%2C200&ssl=1","width":350,"height":200,"srcset":"https:\/\/i0.wp.com\/www.diariodeouropreto.com.br\/wp-content\/uploads\/2024\/05\/duarte_junior_03.jpg?resize=350%2C200&ssl=1 1x, https:\/\/i0.wp.com\/www.diariodeouropreto.com.br\/wp-content\/uploads\/2024\/05\/duarte_junior_03.jpg?resize=525%2C300&ssl=1 1.5x, https:\/\/i0.wp.com\/www.diariodeouropreto.com.br\/wp-content\/uploads\/2024\/05\/duarte_junior_03.jpg?resize=700%2C400&ssl=1 2x"},"classes":[]},{"id":36988,"url":"https:\/\/www.diariodeouropreto.com.br\/pt\/antonio-pereira-recebeu-multidao-de-fieis-na-gruta-da-lapa\/","url_meta":{"origin":50722,"position":4},"title":"Ant\u00f4nio Pereira recebeu multid\u00e3o de fi\u00e9is na Gruta da Lapa","author":"Di\u00e1rio de Ouro Preto","date":"16 de Agosto de 2024","format":false,"excerpt":"Ant\u00f4nio Pereira - O dia 15 de Agosto \u00e9 consagrado \u00e0 padroeira do distrito, Nossa Senhora da Concei\u00e7\u00e3o da Lapa. Os garimpeiros artesanais tamb\u00e9m realizaram a sua 3\u00aa Romaria, acolhida pelos Padre Marcelo Santiago, \u00e0s 13h30, antes da missa das 14h. Pela manh\u00e3 de ontem, a comunidade celebrou o dia\u2026","rel":"","context":"In &quot;Ouro Preto&quot;","block_context":{"text":"Ouro Preto","link":"https:\/\/www.diariodeouropreto.com.br\/pt\/Editoria\/ouro-preto\/"},"img":{"alt_text":"","src":"https:\/\/i0.wp.com\/www.diariodeouropreto.com.br\/wp-content\/uploads\/2024\/08\/IMG_9004.jpg?resize=350%2C200&ssl=1","width":350,"height":200,"srcset":"https:\/\/i0.wp.com\/www.diariodeouropreto.com.br\/wp-content\/uploads\/2024\/08\/IMG_9004.jpg?resize=350%2C200&ssl=1 1x, https:\/\/i0.wp.com\/www.diariodeouropreto.com.br\/wp-content\/uploads\/2024\/08\/IMG_9004.jpg?resize=525%2C300&ssl=1 1.5x, https:\/\/i0.wp.com\/www.diariodeouropreto.com.br\/wp-content\/uploads\/2024\/08\/IMG_9004.jpg?resize=700%2C400&ssl=1 2x, https:\/\/i0.wp.com\/www.diariodeouropreto.com.br\/wp-content\/uploads\/2024\/08\/IMG_9004.jpg?resize=1050%2C600&ssl=1 3x"},"classes":[]},{"id":25901,"url":"https:\/\/www.diariodeouropreto.com.br\/pt\/tiquinho-de-politica-eleicoes-hoje-foi-o-cargo-de-conselheiro-tutelar-em-1-ano-sera-para-prefeito-as-pesquisas-ja-comecaram\/","url_meta":{"origin":50722,"position":5},"title":"[Tiquinho de Pol\u00edtica] Elei\u00e7\u00f5es: Hoje foi o cargo de Conselheiro Tutelar &#8211; Em 1 ano ser\u00e3o para prefeitos as pesquisas j\u00e1 come\u00e7aram\u00a0","author":"Di\u00e1rio de Ouro Preto","date":"1 de Outubro de 2023","format":false,"excerpt":"Outubro \u00e9 um m\u00eas consagrado \u00e0s elei\u00e7\u00f5es, tivemos neste domingo 1\u00ba\/10, a elei\u00e7\u00e3o dos Conselheiros Tutelares, o resultado encontra-se no final do texto, ser\u00e1 publicado no di\u00e1rio oficial do munic\u00edpio at\u00e9 o dia 20 de outubro. O prefeito Angelo Oswaldo esteve hoje na Escola Estadual Dom Pedro II para votar,\u2026","rel":"","context":"In &quot;Coluna&quot;","block_context":{"text":"Coluna","link":"https:\/\/www.diariodeouropreto.com.br\/pt\/Editoria\/coluna\/"},"img":{"alt_text":"","src":"https:\/\/i0.wp.com\/www.diariodeouropreto.com.br\/wp-content\/uploads\/2023\/10\/eleicao_conselho-tutelar.jpg?resize=350%2C200&ssl=1","width":350,"height":200,"srcset":"https:\/\/i0.wp.com\/www.diariodeouropreto.com.br\/wp-content\/uploads\/2023\/10\/eleicao_conselho-tutelar.jpg?resize=350%2C200&ssl=1 1x, https:\/\/i0.wp.com\/www.diariodeouropreto.com.br\/wp-content\/uploads\/2023\/10\/eleicao_conselho-tutelar.jpg?resize=525%2C300&ssl=1 1.5x, https:\/\/i0.wp.com\/www.diariodeouropreto.com.br\/wp-content\/uploads\/2023\/10\/eleicao_conselho-tutelar.jpg?resize=700%2C400&ssl=1 2x, https:\/\/i0.wp.com\/www.diariodeouropreto.com.br\/wp-content\/uploads\/2023\/10\/eleicao_conselho-tutelar.jpg?resize=1050%2C600&ssl=1 3x"},"classes":[]}],"jetpack_sharing_enabled":true,"amp_enabled":true,"_links":{"self":[{"href":"https:\/\/www.diariodeouropreto.com.br\/pt\/wp-json\/wp\/v2\/posts\/50722","targetHints":{"allow":["GET"]}}],"collection":[{"href":"https:\/\/www.diariodeouropreto.com.br\/pt\/wp-json\/wp\/v2\/posts"}],"about":[{"href":"https:\/\/www.diariodeouropreto.com.br\/pt\/wp-json\/wp\/v2\/types\/post"}],"author":[{"embeddable":true,"href":"https:\/\/www.diariodeouropreto.com.br\/pt\/wp-json\/wp\/v2\/users\/1"}],"replies":[{"embeddable":true,"href":"https:\/\/www.diariodeouropreto.com.br\/pt\/wp-json\/wp\/v2\/comments?post=50722"}],"version-history":[{"count":3,"href":"https:\/\/www.diariodeouropreto.com.br\/pt\/wp-json\/wp\/v2\/posts\/50722\/revisions"}],"predecessor-version":[{"id":50730,"href":"https:\/\/www.diariodeouropreto.com.br\/pt\/wp-json\/wp\/v2\/posts\/50722\/revisions\/50730"}],"wp:featuredmedia":[{"embeddable":true,"href":"https:\/\/www.diariodeouropreto.com.br\/pt\/wp-json\/wp\/v2\/media\/50723"}],"wp:attachment":[{"href":"https:\/\/www.diariodeouropreto.com.br\/pt\/wp-json\/wp\/v2\/media?parent=50722"}],"wp:term":[{"taxonomy":"category","embeddable":true,"href":"https:\/\/www.diariodeouropreto.com.br\/pt\/wp-json\/wp\/v2\/categories?post=50722"},{"taxonomy":"post_tag","embeddable":true,"href":"https:\/\/www.diariodeouropreto.com.br\/pt\/wp-json\/wp\/v2\/tags?post=50722"}],"curies":[{"name":"wp","href":"https:\/\/api.w.org\/{rel}","templated":true}]}}