{"id":50713,"date":"2026-03-04T13:21:13","date_gmt":"2026-03-04T16:21:13","guid":{"rendered":"https:\/\/www.diariodeouropreto.com.br\/?p=50713"},"modified":"2026-03-04T13:38:52","modified_gmt":"2026-03-04T16:38:52","slug":"mariana-divulga-programacao-da-semana-santa-2026","status":"publish","type":"post","link":"https:\/\/www.diariodeouropreto.com.br\/pt\/mariana-divulga-programacao-da-semana-santa-2026\/","title":{"rendered":"Mariana divulga programa\u00e7\u00e3o da Semana Santa 2026"},"content":{"rendered":"<p>A Catedral&nbsp; Bas\u00edlica de Nossa Senhora da Assun\u00e7\u00e3o, a S\u00e9 de Mariana, divulgou a programa\u00e7\u00e3o da Semana Santa de 2026 na Primaz de Minas.<\/p>\n\n\n\n<p>Este \u00e9 um dos per\u00edodos mais ricos para a cultura de Mariana. Desde antes da cria\u00e7\u00e3o da Diocese, em 1745, e da chegada do primeiro bispo, Dom Frei Manoel da Cruz, em 1747, a cidade conserva tradi\u00e7\u00f5es religiosas que atraem um grande n\u00famero de visitantes e re\u00fanem os moradores em uma forte express\u00e3o da religiosidade popular.<\/p>\n\n\n\n<p>Em 2026, as celebra\u00e7\u00f5es ganham um toque especial com a reinaugura\u00e7\u00e3o do \u00f3rg\u00e3o Arp Schnitger, que volta a acompanhar as celebra\u00e7\u00f5es da semana maior da f\u00e9 cat\u00f3lica. Al\u00e9m disso, no s\u00e1bado (28), acontece o concerto Stabat Mater, com a organista Josineia Godinho interpretando composi\u00e7\u00f5es cl\u00e1ssicas da Semana Santa na Minas do s\u00e9culo XVIII.<\/p>\n\n\n\n<p>Durante a Semana Santa, os c\u00e2nticos em latim, o Of\u00edcio de Trevas, a Prociss\u00e3o dos Passos e das Endoen\u00e7as (Fogar\u00e9u), o Descendimento da Cruz, a Prociss\u00e3o Luminosa da Paix\u00e3o, a b\u00ean\u00e7\u00e3o do Fogo Novo rompendo a Quaresma, a Prociss\u00e3o da Ressurrei\u00e7\u00e3o, al\u00e9m das visita\u00e7\u00f5es \u00e0s igrejas e aos museus, proporcionam a cada participante uma experi\u00eancia emocionante da for\u00e7a da f\u00e9 na primeira cidade e sede do primeiro bispado de Minas Gerais<\/p>\n\n\n\n<p>As celebra\u00e7\u00f5es s\u00e3o promovidas pela Par\u00f3quia da Catedral Bas\u00edlica de Nossa Senhora da Assun\u00e7\u00e3o, em conjunto com as outras duas par\u00f3quias da sede de Mariana &#8211; Sagrado Cora\u00e7\u00e3o de Jesus (Colina) e Nossa Senhora Aparecida (Cabanas) -, com o apoio da Prefeitura de Mariana, por meio da Secretaria de Patrim\u00f4nio Cultural e Turismo.&nbsp;<\/p>\n\n\n\n<p>Para a realiza\u00e7\u00e3o das celebra\u00e7\u00f5es deste ano, o munic\u00edpio destinou R$ 222 mil, contemplando a confec\u00e7\u00e3o dos tapetes devocionais do Domingo de P\u00e1scoa e tamb\u00e9m do Corpus Christi.<\/p>\n\n\n\n<div data-wp-interactive=\"core\/file\" class=\"wp-block-file\"><object data-wp-bind--hidden=\"!state.hasPdfPreview\" hidden class=\"wp-block-file__embed\" data=\"https:\/\/www.diariodeouropreto.com.br\/wp-content\/uploads\/2026\/03\/Semana-Santa-Mariana-2026_compressed.pdf\" type=\"application\/pdf\" style=\"width:100%;height:600px\" aria-label=\"Incorpora\u00e7\u00e3o de Semana Santa Mariana 2026_compressed.\"><\/object><a id=\"wp-block-file--media-22915c11-618c-49de-85d2-0764234e720a\" href=\"https:\/\/www.diariodeouropreto.com.br\/wp-content\/uploads\/2026\/03\/Semana-Santa-Mariana-2026_compressed.pdf\" data-wpel-link=\"external\" target=\"_blank\" rel=\"follow external noopener noreferrer sponsored ugc\">Semana Santa Mariana 2026_compressed<\/a><a href=\"https:\/\/www.diariodeouropreto.com.br\/wp-content\/uploads\/2026\/03\/Semana-Santa-Mariana-2026_compressed.pdf\" class=\"wp-block-file__button wp-element-button\" download=\"\" aria-describedby=\"wp-block-file--media-22915c11-618c-49de-85d2-0764234e720a\" data-wpel-link=\"external\" target=\"_blank\" rel=\"follow external noopener noreferrer sponsored ugc\">Baixar<\/a><\/div>\n\n\n\n<p><a href=\"https:\/\/drive.google.com\/file\/d\/1WwPt3rJML_EQASD8By_NC5gDsePV5ZdV\/view?usp=sharing\" target=\"_blank\" rel=\"noreferrer noopener follow external sponsored ugc\" data-wpel-link=\"external\">Confira a programa\u00e7\u00e3o.<\/a><\/p>\n\n\n\n<div id=\"110712\" class=\"advads-saneouro advads-entity-placement\" style=\"margin-left: auto;margin-right: auto;text-align: center;\"><a href=\"https:\/\/www.saneouro.com.br\/\" target=\"_blank\" aria-label=\"DOP_Site\" data-wpel-link=\"external\" rel=\"follow external noopener noreferrer sponsored ugc\"><img src=\"https:\/\/www.diariodeouropreto.com.br\/wp-content\/uploads\/2026\/04\/DOP_Site.jpg\" alt=\"\"  srcset=\"https:\/\/www.diariodeouropreto.com.br\/wp-content\/uploads\/2026\/04\/DOP_Site.jpg 301w, https:\/\/www.diariodeouropreto.com.br\/wp-content\/uploads\/2026\/04\/DOP_Site-180x150.jpg 180w, https:\/\/www.diariodeouropreto.com.br\/wp-content\/uploads\/2026\/04\/DOP_Site-14x12.jpg 14w\" sizes=\"(max-width: 301px) 100vw, 301px\" width=\"301\" height=\"251\"  style=\"display: inline-block;\" \/><\/a><\/div><p>Fonte: Assessoria Prefeitura de Mariana<\/p>\n\n\n\n<div id=\"50321\" class=\"advads-plantao advads-entity-placement\"><a href=\"https:\/\/www.diariodeouropreto.com.br\/pt\/\" target=\"_blank\" aria-label=\"site &#8211; noticia\" data-wpel-link=\"external\" rel=\"follow external noopener noreferrer sponsored ugc\"><img src=\"https:\/\/www.diariodeouropreto.com.br\/wp-content\/uploads\/2019\/09\/titulosite2-e1616373489755.jpg\" alt=\"\"  srcset=\"https:\/\/www.diariodeouropreto.com.br\/wp-content\/uploads\/2019\/09\/titulosite2-e1616373489755.jpg 1200w, https:\/\/www.diariodeouropreto.com.br\/wp-content\/uploads\/2019\/09\/titulosite2-e1616373489755-150x38.jpg 150w, https:\/\/www.diariodeouropreto.com.br\/wp-content\/uploads\/2019\/09\/titulosite2-e1616373489755-660x167.jpg 660w, https:\/\/www.diariodeouropreto.com.br\/wp-content\/uploads\/2019\/09\/titulosite2-e1616373489755-768x194.jpg 768w, https:\/\/www.diariodeouropreto.com.br\/wp-content\/uploads\/2019\/09\/titulosite2-e1616373489755-1000x252.jpg 1000w, https:\/\/www.diariodeouropreto.com.br\/wp-content\/uploads\/2019\/09\/titulosite2-e1616373489755-1536x388.jpg 1536w, https:\/\/www.diariodeouropreto.com.br\/wp-content\/uploads\/2019\/09\/titulosite2-e1616373489755-2048x517.jpg 2048w\" sizes=\"(max-width: 1200px) 100vw, 1200px\" width=\"1200\" height=\"303\"  style=\"display: inline-block;\" \/><\/a><\/div><p>Foto: Pedro Henrique Hudson<\/p>","protected":false},"excerpt":{"rendered":"<p>A Catedral&nbsp; Bas\u00edlica de Nossa Senhora da Assun\u00e7\u00e3o, a S\u00e9 de Mariana, divulgou a programa\u00e7\u00e3o da Semana Santa de 2026 na Primaz de Minas. Este \u00e9 um dos per\u00edodos mais ricos para a cultura de Mariana. Desde antes da cria\u00e7\u00e3o da Diocese, em 1745, e da chegada do primeiro bispo,<span class=\"more-link\"><a href=\"https:\/\/www.diariodeouropreto.com.br\/pt\/mariana-divulga-programacao-da-semana-santa-2026\/\" data-wpel-link=\"internal\">Continue Lendo<\/a><\/span><\/p>","protected":false},"author":1,"featured_media":50718,"comment_status":"closed","ping_status":"closed","sticky":false,"template":"","format":"standard","meta":{"_jetpack_memberships_contains_paid_content":false,"footnotes":"","jetpack_publicize_message":"A Catedral\u00a0 Bas\u00edlica de Nossa Senhora da Assun\u00e7\u00e3o, a S\u00e9 de Mariana, divulgou a programa\u00e7\u00e3o da Semana Santa de 2026 na Primaz de Minas","jetpack_publicize_feature_enabled":true,"jetpack_social_post_already_shared":false,"jetpack_social_options":{"image_generator_settings":{"template":"highway","default_image_id":0,"font":"","enabled":false},"version":2}},"categories":[824],"tags":[],"class_list":["entry","author-diario","post-50713","post","type-post","status-publish","format-standard","has-post-thumbnail","category-geral"],"yoast_head":"<!-- This site is optimized with the Yoast SEO plugin v27.5 - https:\/\/yoast.com\/product\/yoast-seo-wordpress\/ -->\n<title>Mariana divulga programa\u00e7\u00e3o da Semana Santa 2026 - Di\u00e1rio de Ouro Preto<\/title>\n<meta name=\"description\" content=\"A Catedral\u00a0 Bas\u00edlica de Nossa Senhora da Assun\u00e7\u00e3o, a S\u00e9 de Mariana, divulgou a programa\u00e7\u00e3o da Semana Santa de 2026 na Primaz de Minas - Mariana divulga programa\u00e7\u00e3o da Semana Santa 2026\" \/>\n<meta name=\"robots\" content=\"index, follow, max-snippet:-1, max-image-preview:large, max-video-preview:-1\" \/>\n<link rel=\"canonical\" href=\"https:\/\/www.diariodeouropreto.com.br\/pt\/mariana-divulga-programacao-da-semana-santa-2026\/\" \/>\n<meta property=\"og:locale\" content=\"pt_PT\" \/>\n<meta property=\"og:type\" content=\"article\" \/>\n<meta property=\"og:title\" content=\"Mariana divulga programa\u00e7\u00e3o da Semana Santa 2026 - Di\u00e1rio de Ouro Preto\" \/>\n<meta property=\"og:description\" content=\"A Catedral\u00a0 Bas\u00edlica de Nossa Senhora da Assun\u00e7\u00e3o, a S\u00e9 de Mariana, divulgou a programa\u00e7\u00e3o da Semana Santa de 2026 na Primaz de Minas - Mariana divulga programa\u00e7\u00e3o da Semana Santa 2026\" \/>\n<meta property=\"og:url\" content=\"https:\/\/www.diariodeouropreto.com.br\/pt\/mariana-divulga-programacao-da-semana-santa-2026\/\" \/>\n<meta property=\"og:site_name\" content=\"Di\u00e1rio de Ouro Preto\" \/>\n<meta property=\"article:publisher\" content=\"https:\/\/www.facebook.com\/diariodeouropreto\/\" \/>\n<meta property=\"article:published_time\" content=\"2026-03-04T16:21:13+00:00\" \/>\n<meta property=\"article:modified_time\" content=\"2026-03-04T16:38:52+00:00\" \/>\n<meta property=\"og:image\" content=\"https:\/\/www.diariodeouropreto.com.br\/wp-content\/uploads\/2026\/03\/53805141001_09cfc496c5_b.jpg\" \/>\n\t<meta property=\"og:image:width\" content=\"1024\" \/>\n\t<meta property=\"og:image:height\" content=\"683\" \/>\n\t<meta property=\"og:image:type\" content=\"image\/jpeg\" \/>\n<meta name=\"author\" content=\"Di\u00e1rio de Ouro Preto\" \/>\n<meta name=\"twitter:card\" content=\"summary_large_image\" \/>\n<meta name=\"twitter:label1\" content=\"Escrito por\" \/>\n\t<meta name=\"twitter:data1\" content=\"Di\u00e1rio de Ouro Preto\" \/>\n\t<meta name=\"twitter:label2\" content=\"Tempo estimado de leitura\" \/>\n\t<meta name=\"twitter:data2\" content=\"2 minutos\" \/>\n<script type=\"application\/ld+json\" class=\"yoast-schema-graph\">{\"@context\":\"https:\\\/\\\/schema.org\",\"@graph\":[{\"@type\":\"Article\",\"@id\":\"https:\\\/\\\/www.diariodeouropreto.com.br\\\/mariana-divulga-programacao-da-semana-santa-2026\\\/#article\",\"isPartOf\":{\"@id\":\"https:\\\/\\\/www.diariodeouropreto.com.br\\\/mariana-divulga-programacao-da-semana-santa-2026\\\/\"},\"author\":{\"name\":\"Di\u00e1rio de Ouro Preto\",\"@id\":\"https:\\\/\\\/www.diariodeouropreto.com.br\\\/pt\\\/#\\\/schema\\\/person\\\/7654e7b471204a6dab6dc0ce6e140c99\"},\"headline\":\"Mariana divulga programa\u00e7\u00e3o da Semana Santa 2026\",\"datePublished\":\"2026-03-04T16:21:13+00:00\",\"dateModified\":\"2026-03-04T16:38:52+00:00\",\"mainEntityOfPage\":{\"@id\":\"https:\\\/\\\/www.diariodeouropreto.com.br\\\/mariana-divulga-programacao-da-semana-santa-2026\\\/\"},\"wordCount\":353,\"publisher\":{\"@id\":\"https:\\\/\\\/www.diariodeouropreto.com.br\\\/pt\\\/#organization\"},\"image\":{\"@id\":\"https:\\\/\\\/www.diariodeouropreto.com.br\\\/mariana-divulga-programacao-da-semana-santa-2026\\\/#primaryimage\"},\"thumbnailUrl\":\"https:\\\/\\\/www.diariodeouropreto.com.br\\\/wp-content\\\/uploads\\\/2026\\\/03\\\/53805141001_09cfc496c5_b.jpg\",\"articleSection\":[\"Geral\"],\"inLanguage\":\"pt-PT\"},{\"@type\":\"WebPage\",\"@id\":\"https:\\\/\\\/www.diariodeouropreto.com.br\\\/mariana-divulga-programacao-da-semana-santa-2026\\\/\",\"url\":\"https:\\\/\\\/www.diariodeouropreto.com.br\\\/mariana-divulga-programacao-da-semana-santa-2026\\\/\",\"name\":\"Mariana divulga programa\u00e7\u00e3o da Semana Santa 2026 - Di\u00e1rio de Ouro Preto\",\"isPartOf\":{\"@id\":\"https:\\\/\\\/www.diariodeouropreto.com.br\\\/pt\\\/#website\"},\"primaryImageOfPage\":{\"@id\":\"https:\\\/\\\/www.diariodeouropreto.com.br\\\/mariana-divulga-programacao-da-semana-santa-2026\\\/#primaryimage\"},\"image\":{\"@id\":\"https:\\\/\\\/www.diariodeouropreto.com.br\\\/mariana-divulga-programacao-da-semana-santa-2026\\\/#primaryimage\"},\"thumbnailUrl\":\"https:\\\/\\\/www.diariodeouropreto.com.br\\\/wp-content\\\/uploads\\\/2026\\\/03\\\/53805141001_09cfc496c5_b.jpg\",\"datePublished\":\"2026-03-04T16:21:13+00:00\",\"dateModified\":\"2026-03-04T16:38:52+00:00\",\"description\":\"A Catedral\u00a0 Bas\u00edlica de Nossa Senhora da Assun\u00e7\u00e3o, a S\u00e9 de Mariana, divulgou a programa\u00e7\u00e3o da Semana Santa de 2026 na Primaz de Minas - Mariana divulga programa\u00e7\u00e3o da Semana Santa 2026\",\"breadcrumb\":{\"@id\":\"https:\\\/\\\/www.diariodeouropreto.com.br\\\/mariana-divulga-programacao-da-semana-santa-2026\\\/#breadcrumb\"},\"inLanguage\":\"pt-PT\",\"potentialAction\":[{\"@type\":\"ReadAction\",\"target\":[\"https:\\\/\\\/www.diariodeouropreto.com.br\\\/mariana-divulga-programacao-da-semana-santa-2026\\\/\"]}]},{\"@type\":\"ImageObject\",\"inLanguage\":\"pt-PT\",\"@id\":\"https:\\\/\\\/www.diariodeouropreto.com.br\\\/mariana-divulga-programacao-da-semana-santa-2026\\\/#primaryimage\",\"url\":\"https:\\\/\\\/www.diariodeouropreto.com.br\\\/wp-content\\\/uploads\\\/2026\\\/03\\\/53805141001_09cfc496c5_b.jpg\",\"contentUrl\":\"https:\\\/\\\/www.diariodeouropreto.com.br\\\/wp-content\\\/uploads\\\/2026\\\/03\\\/53805141001_09cfc496c5_b.jpg\",\"width\":1024,\"height\":683},{\"@type\":\"BreadcrumbList\",\"@id\":\"https:\\\/\\\/www.diariodeouropreto.com.br\\\/mariana-divulga-programacao-da-semana-santa-2026\\\/#breadcrumb\",\"itemListElement\":[{\"@type\":\"ListItem\",\"position\":1,\"name\":\"In\u00edcio\",\"item\":\"https:\\\/\\\/www.diariodeouropreto.com.br\\\/pt\\\/\"},{\"@type\":\"ListItem\",\"position\":2,\"name\":\"Mariana divulga programa\u00e7\u00e3o da Semana Santa 2026\"}]},{\"@type\":\"WebSite\",\"@id\":\"https:\\\/\\\/www.diariodeouropreto.com.br\\\/pt\\\/#website\",\"url\":\"https:\\\/\\\/www.diariodeouropreto.com.br\\\/pt\\\/\",\"name\":\"Di\u00e1rio de Ouro Preto\",\"description\":\"Not\u00edcias Ouro Preto; Mariana;Minas Gerais;Jornal;Jornalismo;Not\u00edcias;\",\"publisher\":{\"@id\":\"https:\\\/\\\/www.diariodeouropreto.com.br\\\/pt\\\/#organization\"},\"alternateName\":\"Jornal di\u00e1rio de Ouro Preto\",\"potentialAction\":[{\"@type\":\"SearchAction\",\"target\":{\"@type\":\"EntryPoint\",\"urlTemplate\":\"https:\\\/\\\/www.diariodeouropreto.com.br\\\/pt\\\/?s={search_term_string}\"},\"query-input\":{\"@type\":\"PropertyValueSpecification\",\"valueRequired\":true,\"valueName\":\"search_term_string\"}}],\"inLanguage\":\"pt-PT\"},{\"@type\":\"Organization\",\"@id\":\"https:\\\/\\\/www.diariodeouropreto.com.br\\\/pt\\\/#organization\",\"name\":\"Di\u00e1rio de Ouro Preto\",\"alternateName\":\"Jornal di\u00e1rio Ouro Preto\",\"url\":\"https:\\\/\\\/www.diariodeouropreto.com.br\\\/pt\\\/\",\"logo\":{\"@type\":\"ImageObject\",\"inLanguage\":\"pt-PT\",\"@id\":\"https:\\\/\\\/www.diariodeouropreto.com.br\\\/pt\\\/#\\\/schema\\\/logo\\\/image\\\/\",\"url\":\"https:\\\/\\\/www.diariodeouropreto.com.br\\\/wp-content\\\/uploads\\\/2019\\\/06\\\/cropped-logotransp-2.png\",\"contentUrl\":\"https:\\\/\\\/www.diariodeouropreto.com.br\\\/wp-content\\\/uploads\\\/2019\\\/06\\\/cropped-logotransp-2.png\",\"width\":1323,\"height\":251,\"caption\":\"Di\u00e1rio de Ouro Preto\"},\"image\":{\"@id\":\"https:\\\/\\\/www.diariodeouropreto.com.br\\\/pt\\\/#\\\/schema\\\/logo\\\/image\\\/\"},\"sameAs\":[\"https:\\\/\\\/www.facebook.com\\\/diariodeouropreto\\\/\"]},{\"@type\":\"Person\",\"@id\":\"https:\\\/\\\/www.diariodeouropreto.com.br\\\/pt\\\/#\\\/schema\\\/person\\\/7654e7b471204a6dab6dc0ce6e140c99\",\"name\":\"Di\u00e1rio de Ouro Preto\",\"sameAs\":[\"http:\\\/\\\/www.diariodeouropreto.com.br\"],\"url\":\"https:\\\/\\\/www.diariodeouropreto.com.br\\\/pt\\\/author\\\/diario\\\/\"}]}<\/script>\n<!-- \/ Yoast SEO plugin. -->","yoast_head_json":{"title":"Mariana divulga programa\u00e7\u00e3o da Semana Santa 2026 - Di\u00e1rio de Ouro Preto","description":"A Catedral\u00a0 Bas\u00edlica de Nossa Senhora da Assun\u00e7\u00e3o, a S\u00e9 de Mariana, divulgou a programa\u00e7\u00e3o da Semana Santa de 2026 na Primaz de Minas - Mariana divulga programa\u00e7\u00e3o da Semana Santa 2026","robots":{"index":"index","follow":"follow","max-snippet":"max-snippet:-1","max-image-preview":"max-image-preview:large","max-video-preview":"max-video-preview:-1"},"canonical":"https:\/\/www.diariodeouropreto.com.br\/pt\/mariana-divulga-programacao-da-semana-santa-2026\/","og_locale":"pt_PT","og_type":"article","og_title":"Mariana divulga programa\u00e7\u00e3o da Semana Santa 2026 - Di\u00e1rio de Ouro Preto","og_description":"A Catedral\u00a0 Bas\u00edlica de Nossa Senhora da Assun\u00e7\u00e3o, a S\u00e9 de Mariana, divulgou a programa\u00e7\u00e3o da Semana Santa de 2026 na Primaz de Minas - Mariana divulga programa\u00e7\u00e3o da Semana Santa 2026","og_url":"https:\/\/www.diariodeouropreto.com.br\/pt\/mariana-divulga-programacao-da-semana-santa-2026\/","og_site_name":"Di\u00e1rio de Ouro Preto","article_publisher":"https:\/\/www.facebook.com\/diariodeouropreto\/","article_published_time":"2026-03-04T16:21:13+00:00","article_modified_time":"2026-03-04T16:38:52+00:00","og_image":[{"width":1024,"height":683,"url":"https:\/\/www.diariodeouropreto.com.br\/wp-content\/uploads\/2026\/03\/53805141001_09cfc496c5_b.jpg","type":"image\/jpeg"}],"author":"Di\u00e1rio de Ouro Preto","twitter_card":"summary_large_image","twitter_misc":{"Escrito por":"Di\u00e1rio de Ouro Preto","Tempo estimado de leitura":"2 minutos"},"schema":{"@context":"https:\/\/schema.org","@graph":[{"@type":"Article","@id":"https:\/\/www.diariodeouropreto.com.br\/mariana-divulga-programacao-da-semana-santa-2026\/#article","isPartOf":{"@id":"https:\/\/www.diariodeouropreto.com.br\/mariana-divulga-programacao-da-semana-santa-2026\/"},"author":{"name":"Di\u00e1rio de Ouro Preto","@id":"https:\/\/www.diariodeouropreto.com.br\/pt\/#\/schema\/person\/7654e7b471204a6dab6dc0ce6e140c99"},"headline":"Mariana divulga programa\u00e7\u00e3o da Semana Santa 2026","datePublished":"2026-03-04T16:21:13+00:00","dateModified":"2026-03-04T16:38:52+00:00","mainEntityOfPage":{"@id":"https:\/\/www.diariodeouropreto.com.br\/mariana-divulga-programacao-da-semana-santa-2026\/"},"wordCount":353,"publisher":{"@id":"https:\/\/www.diariodeouropreto.com.br\/pt\/#organization"},"image":{"@id":"https:\/\/www.diariodeouropreto.com.br\/mariana-divulga-programacao-da-semana-santa-2026\/#primaryimage"},"thumbnailUrl":"https:\/\/www.diariodeouropreto.com.br\/wp-content\/uploads\/2026\/03\/53805141001_09cfc496c5_b.jpg","articleSection":["Geral"],"inLanguage":"pt-PT"},{"@type":"WebPage","@id":"https:\/\/www.diariodeouropreto.com.br\/mariana-divulga-programacao-da-semana-santa-2026\/","url":"https:\/\/www.diariodeouropreto.com.br\/mariana-divulga-programacao-da-semana-santa-2026\/","name":"Mariana divulga programa\u00e7\u00e3o da Semana Santa 2026 - Di\u00e1rio de Ouro Preto","isPartOf":{"@id":"https:\/\/www.diariodeouropreto.com.br\/pt\/#website"},"primaryImageOfPage":{"@id":"https:\/\/www.diariodeouropreto.com.br\/mariana-divulga-programacao-da-semana-santa-2026\/#primaryimage"},"image":{"@id":"https:\/\/www.diariodeouropreto.com.br\/mariana-divulga-programacao-da-semana-santa-2026\/#primaryimage"},"thumbnailUrl":"https:\/\/www.diariodeouropreto.com.br\/wp-content\/uploads\/2026\/03\/53805141001_09cfc496c5_b.jpg","datePublished":"2026-03-04T16:21:13+00:00","dateModified":"2026-03-04T16:38:52+00:00","description":"A Catedral\u00a0 Bas\u00edlica de Nossa Senhora da Assun\u00e7\u00e3o, a S\u00e9 de Mariana, divulgou a programa\u00e7\u00e3o da Semana Santa de 2026 na Primaz de Minas - Mariana divulga programa\u00e7\u00e3o da Semana Santa 2026","breadcrumb":{"@id":"https:\/\/www.diariodeouropreto.com.br\/mariana-divulga-programacao-da-semana-santa-2026\/#breadcrumb"},"inLanguage":"pt-PT","potentialAction":[{"@type":"ReadAction","target":["https:\/\/www.diariodeouropreto.com.br\/mariana-divulga-programacao-da-semana-santa-2026\/"]}]},{"@type":"ImageObject","inLanguage":"pt-PT","@id":"https:\/\/www.diariodeouropreto.com.br\/mariana-divulga-programacao-da-semana-santa-2026\/#primaryimage","url":"https:\/\/www.diariodeouropreto.com.br\/wp-content\/uploads\/2026\/03\/53805141001_09cfc496c5_b.jpg","contentUrl":"https:\/\/www.diariodeouropreto.com.br\/wp-content\/uploads\/2026\/03\/53805141001_09cfc496c5_b.jpg","width":1024,"height":683},{"@type":"BreadcrumbList","@id":"https:\/\/www.diariodeouropreto.com.br\/mariana-divulga-programacao-da-semana-santa-2026\/#breadcrumb","itemListElement":[{"@type":"ListItem","position":1,"name":"In\u00edcio","item":"https:\/\/www.diariodeouropreto.com.br\/pt\/"},{"@type":"ListItem","position":2,"name":"Mariana divulga programa\u00e7\u00e3o da Semana Santa 2026"}]},{"@type":"WebSite","@id":"https:\/\/www.diariodeouropreto.com.br\/pt\/#website","url":"https:\/\/www.diariodeouropreto.com.br\/pt\/","name":"Di\u00e1rio de Ouro Preto","description":"Not\u00edcias Ouro Preto; Mariana;Minas Gerais;Jornal;Jornalismo;Not\u00edcias;","publisher":{"@id":"https:\/\/www.diariodeouropreto.com.br\/pt\/#organization"},"alternateName":"Jornal di\u00e1rio de Ouro Preto","potentialAction":[{"@type":"SearchAction","target":{"@type":"EntryPoint","urlTemplate":"https:\/\/www.diariodeouropreto.com.br\/pt\/?s={search_term_string}"},"query-input":{"@type":"PropertyValueSpecification","valueRequired":true,"valueName":"search_term_string"}}],"inLanguage":"pt-PT"},{"@type":"Organization","@id":"https:\/\/www.diariodeouropreto.com.br\/pt\/#organization","name":"Di\u00e1rio de Ouro Preto","alternateName":"Jornal di\u00e1rio Ouro Preto","url":"https:\/\/www.diariodeouropreto.com.br\/pt\/","logo":{"@type":"ImageObject","inLanguage":"pt-PT","@id":"https:\/\/www.diariodeouropreto.com.br\/pt\/#\/schema\/logo\/image\/","url":"https:\/\/www.diariodeouropreto.com.br\/wp-content\/uploads\/2019\/06\/cropped-logotransp-2.png","contentUrl":"https:\/\/www.diariodeouropreto.com.br\/wp-content\/uploads\/2019\/06\/cropped-logotransp-2.png","width":1323,"height":251,"caption":"Di\u00e1rio de Ouro Preto"},"image":{"@id":"https:\/\/www.diariodeouropreto.com.br\/pt\/#\/schema\/logo\/image\/"},"sameAs":["https:\/\/www.facebook.com\/diariodeouropreto\/"]},{"@type":"Person","@id":"https:\/\/www.diariodeouropreto.com.br\/pt\/#\/schema\/person\/7654e7b471204a6dab6dc0ce6e140c99","name":"Di\u00e1rio de Ouro Preto","sameAs":["http:\/\/www.diariodeouropreto.com.br"],"url":"https:\/\/www.diariodeouropreto.com.br\/pt\/author\/diario\/"}]}},"jetpack_publicize_connections":[],"jetpack_featured_media_url":"https:\/\/www.diariodeouropreto.com.br\/wp-content\/uploads\/2026\/03\/53805141001_09cfc496c5_b.jpg","jetpack-related-posts":[{"id":51154,"url":"https:\/\/www.diariodeouropreto.com.br\/pt\/distritos-de-mariana-divulgam-a-programacao-da-semana-santa-2026\/","url_meta":{"origin":50713,"position":0},"title":"Distritos de Mariana divulgam a programa\u00e7\u00e3o da Semana Santa 2026","author":"Di\u00e1rio de Ouro Preto","date":"23 de Mar\u00e7o de 2026","format":false,"excerpt":"De 29 de mar\u00e7o a 5 de abril, Mariana vivencia um dos per\u00edodos mais ricos de sua cultura. Ber\u00e7o da religiosidade mineira, a sede e os distritos participam intensamente das celebra\u00e7\u00f5es da Semana Santa, preservando tradi\u00e7\u00f5es que ajudam a reviver os momentos da Paix\u00e3o, Morte e Ressurrei\u00e7\u00e3o de Cristo, um\u2026","rel":"","context":"In &quot;Mariana&quot;","block_context":{"text":"Mariana","link":"https:\/\/www.diariodeouropreto.com.br\/pt\/Editoria\/mariana\/"},"img":{"alt_text":"","src":"https:\/\/i0.wp.com\/www.diariodeouropreto.com.br\/wp-content\/uploads\/2026\/03\/WhatsApp-Image-2026-02-20-at-09.12.16.jpeg?resize=350%2C200&ssl=1","width":350,"height":200,"srcset":"https:\/\/i0.wp.com\/www.diariodeouropreto.com.br\/wp-content\/uploads\/2026\/03\/WhatsApp-Image-2026-02-20-at-09.12.16.jpeg?resize=350%2C200&ssl=1 1x, https:\/\/i0.wp.com\/www.diariodeouropreto.com.br\/wp-content\/uploads\/2026\/03\/WhatsApp-Image-2026-02-20-at-09.12.16.jpeg?resize=525%2C300&ssl=1 1.5x, https:\/\/i0.wp.com\/www.diariodeouropreto.com.br\/wp-content\/uploads\/2026\/03\/WhatsApp-Image-2026-02-20-at-09.12.16.jpeg?resize=700%2C400&ssl=1 2x, https:\/\/i0.wp.com\/www.diariodeouropreto.com.br\/wp-content\/uploads\/2026\/03\/WhatsApp-Image-2026-02-20-at-09.12.16.jpeg?resize=1050%2C600&ssl=1 3x"},"classes":[]},{"id":51243,"url":"https:\/\/www.diariodeouropreto.com.br\/pt\/agenda-cultural-inicio-da-semana-santa-marca-as-celebracoes-religiosas-do-fim-de-semana-em-mariana\/","url_meta":{"origin":50713,"position":1},"title":"Agenda Cultural: In\u00edcio da Semana Santa marca as celebra\u00e7\u00f5es religiosas do fim de semana em Mariana","author":"Di\u00e1rio de Ouro Preto","date":"27 de Mar\u00e7o de 2026","format":false,"excerpt":"Neste fim de semana, Mariana recebe uma programa\u00e7\u00e3o variada que movimenta a cidade com cultura, lazer e cidadania em diferentes espa\u00e7os. A agenda conta com as tradicionais feiras noturna e municipal, eventos de participa\u00e7\u00e3o popular, a\u00e7\u00f5es sociais e atividades culturais, como concerto sacro na Catedral, mostra audiovisual e atra\u00e7\u00f5es ligadas\u2026","rel":"","context":"In &quot;Geral&quot;","block_context":{"text":"Geral","link":"https:\/\/www.diariodeouropreto.com.br\/pt\/Editoria\/geral\/"},"img":{"alt_text":"","src":"https:\/\/i0.wp.com\/www.diariodeouropreto.com.br\/wp-content\/uploads\/2023\/04\/Semana-Santa-Mariana-2023-7.jpeg?resize=350%2C200&ssl=1","width":350,"height":200,"srcset":"https:\/\/i0.wp.com\/www.diariodeouropreto.com.br\/wp-content\/uploads\/2023\/04\/Semana-Santa-Mariana-2023-7.jpeg?resize=350%2C200&ssl=1 1x, https:\/\/i0.wp.com\/www.diariodeouropreto.com.br\/wp-content\/uploads\/2023\/04\/Semana-Santa-Mariana-2023-7.jpeg?resize=525%2C300&ssl=1 1.5x, https:\/\/i0.wp.com\/www.diariodeouropreto.com.br\/wp-content\/uploads\/2023\/04\/Semana-Santa-Mariana-2023-7.jpeg?resize=700%2C400&ssl=1 2x, https:\/\/i0.wp.com\/www.diariodeouropreto.com.br\/wp-content\/uploads\/2023\/04\/Semana-Santa-Mariana-2023-7.jpeg?resize=1050%2C600&ssl=1 3x"},"classes":[]},{"id":51763,"url":"https:\/\/www.diariodeouropreto.com.br\/pt\/festa-de-sao-benedito-2026-e-celebrada-em-mariana\/","url_meta":{"origin":50713,"position":2},"title":"Festa de S\u00e3o Benedito 2026 \u00e9 celebrada em Mariana","author":"Di\u00e1rio de Ouro Preto","date":"15 de Abril de 2026","format":false,"excerpt":"Em 2026, a comunidade segue mobilizada para fortalecer e ampliar os festejos, consolidando-os na Igreja de Nossa Senhora do Ros\u00e1rio como um espa\u00e7o de devo\u00e7\u00e3o, mem\u00f3ria e resist\u00eancia cultural. Um marco importante desse processo foi a promulga\u00e7\u00e3o da Lei n\u00ba 4.090, de 10 de mar\u00e7o de 2026, que incluiu a\u2026","rel":"","context":"In &quot;Cultura, Artes e Patrim\u00f4nio&quot;","block_context":{"text":"Cultura, Artes e Patrim\u00f4nio","link":"https:\/\/www.diariodeouropreto.com.br\/pt\/Editoria\/culturaeartes\/"},"img":{"alt_text":"","src":"https:\/\/i0.wp.com\/www.diariodeouropreto.com.br\/wp-content\/uploads\/2026\/04\/WhatsApp-Image-2026-04-15-at-12.58.56.jpeg?resize=350%2C200&ssl=1","width":350,"height":200},"classes":[]},{"id":51562,"url":"https:\/\/www.diariodeouropreto.com.br\/pt\/domingo-de-pascoa-encerra-as-celebracoes-da-semana-santa-em-mariana\/","url_meta":{"origin":50713,"position":3},"title":"Domingo de P\u00e1scoa encerra as celebra\u00e7\u00f5es da Semana Santa em Mariana","author":"Di\u00e1rio de Ouro Preto","date":"8 de Abril de 2026","format":false,"excerpt":"Neste domingo (05) foi comemorada a P\u00e1scoa, data comemorativa que celebra a ressurrei\u00e7\u00e3o de Jesus, cren\u00e7a central do cristianismo. Dentro da liturgia crist\u00e3, a P\u00e1scoa ocupa tamb\u00e9m o centro do ano lit\u00fargico, concluindo as cerim\u00f4nias da Semana Santa e promovendo apelos pela reflex\u00e3o e solidariedade. Em Mariana, a data se\u2026","rel":"","context":"In &quot;Cultura, Artes e Patrim\u00f4nio&quot;","block_context":{"text":"Cultura, Artes e Patrim\u00f4nio","link":"https:\/\/www.diariodeouropreto.com.br\/pt\/Editoria\/culturaeartes\/"},"img":{"alt_text":"","src":"https:\/\/i0.wp.com\/www.diariodeouropreto.com.br\/wp-content\/uploads\/2026\/04\/image-98.jpeg?resize=350%2C200&ssl=1","width":350,"height":200,"srcset":"https:\/\/i0.wp.com\/www.diariodeouropreto.com.br\/wp-content\/uploads\/2026\/04\/image-98.jpeg?resize=350%2C200&ssl=1 1x, https:\/\/i0.wp.com\/www.diariodeouropreto.com.br\/wp-content\/uploads\/2026\/04\/image-98.jpeg?resize=525%2C300&ssl=1 1.5x, https:\/\/i0.wp.com\/www.diariodeouropreto.com.br\/wp-content\/uploads\/2026\/04\/image-98.jpeg?resize=700%2C400&ssl=1 2x, https:\/\/i0.wp.com\/www.diariodeouropreto.com.br\/wp-content\/uploads\/2026\/04\/image-98.jpeg?resize=1050%2C600&ssl=1 3x"},"classes":[]},{"id":51186,"url":"https:\/\/www.diariodeouropreto.com.br\/pt\/semana-santa-de-ouro-preto-e-tema-de-livro-com-lancamento-em-minas\/","url_meta":{"origin":50713,"position":4},"title":"Semana Santa de Ouro Preto \u00e9 tema de livro com lan\u00e7amento em Minas","author":"Di\u00e1rio de Ouro Preto","date":"25 de Mar\u00e7o de 2026","format":false,"excerpt":"O livro\u00a0A paix\u00e3o pela mem\u00f3ria: imagem, ritual e teatro em Ouro Preto, do antrop\u00f3logo Edilson Pereira (UFRJ), ser\u00e1 lan\u00e7ado em Minas Gerais, com eventos em Belo Horizonte e Ouro Preto, nesta e na pr\u00f3xima semana. A obra resulta de uma pesquisa etnogr\u00e1fica de longa dura\u00e7\u00e3o sobre a celebra\u00e7\u00e3o da Semana\u2026","rel":"","context":"In &quot;Cultura, Artes e Patrim\u00f4nio&quot;","block_context":{"text":"Cultura, Artes e Patrim\u00f4nio","link":"https:\/\/www.diariodeouropreto.com.br\/pt\/Editoria\/culturaeartes\/"},"img":{"alt_text":"","src":"https:\/\/i0.wp.com\/www.diariodeouropreto.com.br\/wp-content\/uploads\/2026\/03\/593c7a7f2943258ee417f569f755a5d8.jpg?resize=350%2C200&ssl=1","width":350,"height":200,"srcset":"https:\/\/i0.wp.com\/www.diariodeouropreto.com.br\/wp-content\/uploads\/2026\/03\/593c7a7f2943258ee417f569f755a5d8.jpg?resize=350%2C200&ssl=1 1x, https:\/\/i0.wp.com\/www.diariodeouropreto.com.br\/wp-content\/uploads\/2026\/03\/593c7a7f2943258ee417f569f755a5d8.jpg?resize=525%2C300&ssl=1 1.5x"},"classes":[]},{"id":50228,"url":"https:\/\/www.diariodeouropreto.com.br\/pt\/carnaval-2026-de-mariana-celebra-os-180-anos-do-ze-pereira-da-chacara\/","url_meta":{"origin":50713,"position":5},"title":"Carnaval 2026 de\u00a0Mariana\u00a0celebra os 180 anos do Z\u00e9 Pereira da Ch\u00e1cara","author":"Di\u00e1rio de Ouro Preto","date":"7 de Fevereiro de 2026","format":false,"excerpt":"Diretamente da Toca do Z\u00e9 Pereira, o Carnaval 2026 em\u00a0Mariana\u00a0volta a valorizar os bens culturais do munic\u00edpio e traz como tema o tradicional grupo carnavalesco que, neste ano, completa 180 anos. Promovido pela Prefeitura de\u00a0Mariana, por meio das secretarias de Patrim\u00f4nio Cultural e Turismo, Esportes, Comunica\u00e7\u00e3o e Eventos e Diversifica\u00e7\u00e3o\u2026","rel":"","context":"In &quot;Carnaval&quot;","block_context":{"text":"Carnaval","link":"https:\/\/www.diariodeouropreto.com.br\/pt\/Editoria\/culturaeartes\/carnaval\/"},"img":{"alt_text":"","src":"https:\/\/i0.wp.com\/www.diariodeouropreto.com.br\/wp-content\/uploads\/2026\/02\/Carnaval-2026-site.jpg.jpeg?resize=350%2C200&ssl=1","width":350,"height":200,"srcset":"https:\/\/i0.wp.com\/www.diariodeouropreto.com.br\/wp-content\/uploads\/2026\/02\/Carnaval-2026-site.jpg.jpeg?resize=350%2C200&ssl=1 1x, https:\/\/i0.wp.com\/www.diariodeouropreto.com.br\/wp-content\/uploads\/2026\/02\/Carnaval-2026-site.jpg.jpeg?resize=525%2C300&ssl=1 1.5x, https:\/\/i0.wp.com\/www.diariodeouropreto.com.br\/wp-content\/uploads\/2026\/02\/Carnaval-2026-site.jpg.jpeg?resize=700%2C400&ssl=1 2x, https:\/\/i0.wp.com\/www.diariodeouropreto.com.br\/wp-content\/uploads\/2026\/02\/Carnaval-2026-site.jpg.jpeg?resize=1050%2C600&ssl=1 3x"},"classes":[]}],"jetpack_sharing_enabled":true,"amp_enabled":true,"_links":{"self":[{"href":"https:\/\/www.diariodeouropreto.com.br\/pt\/wp-json\/wp\/v2\/posts\/50713","targetHints":{"allow":["GET"]}}],"collection":[{"href":"https:\/\/www.diariodeouropreto.com.br\/pt\/wp-json\/wp\/v2\/posts"}],"about":[{"href":"https:\/\/www.diariodeouropreto.com.br\/pt\/wp-json\/wp\/v2\/types\/post"}],"author":[{"embeddable":true,"href":"https:\/\/www.diariodeouropreto.com.br\/pt\/wp-json\/wp\/v2\/users\/1"}],"replies":[{"embeddable":true,"href":"https:\/\/www.diariodeouropreto.com.br\/pt\/wp-json\/wp\/v2\/comments?post=50713"}],"version-history":[{"count":1,"href":"https:\/\/www.diariodeouropreto.com.br\/pt\/wp-json\/wp\/v2\/posts\/50713\/revisions"}],"predecessor-version":[{"id":50719,"href":"https:\/\/www.diariodeouropreto.com.br\/pt\/wp-json\/wp\/v2\/posts\/50713\/revisions\/50719"}],"wp:featuredmedia":[{"embeddable":true,"href":"https:\/\/www.diariodeouropreto.com.br\/pt\/wp-json\/wp\/v2\/media\/50718"}],"wp:attachment":[{"href":"https:\/\/www.diariodeouropreto.com.br\/pt\/wp-json\/wp\/v2\/media?parent=50713"}],"wp:term":[{"taxonomy":"category","embeddable":true,"href":"https:\/\/www.diariodeouropreto.com.br\/pt\/wp-json\/wp\/v2\/categories?post=50713"},{"taxonomy":"post_tag","embeddable":true,"href":"https:\/\/www.diariodeouropreto.com.br\/pt\/wp-json\/wp\/v2\/tags?post=50713"}],"curies":[{"name":"wp","href":"https:\/\/api.w.org\/{rel}","templated":true}]}}