{"id":50709,"date":"2026-03-04T10:00:59","date_gmt":"2026-03-04T13:00:59","guid":{"rendered":"https:\/\/www.diariodeouropreto.com.br\/?p=50709"},"modified":"2026-03-04T10:01:03","modified_gmt":"2026-03-04T13:01:03","slug":"equipe-operacional-da-saneouro-executou-947-servicos-em-fevereiro","status":"publish","type":"post","link":"https:\/\/www.diariodeouropreto.com.br\/pt\/equipe-operacional-da-saneouro-executou-947-servicos-em-fevereiro\/","title":{"rendered":"Equipe Operacional da Saneouro executou 947 servi\u00e7os em Fevereiro"},"content":{"rendered":"<p><strong>M\u00e9dia foi de 33,8 atividades por dia<\/strong><\/p>\n\n\n\n<p>Em um m\u00eas marcado por fortes chuvas e por um Carnaval de cidade lotada, a equipe de Manuten\u00e7\u00e3o de Redes de \u00e1gua e esgoto da Saneouro executou 947 servi\u00e7os operacionais em fevereiro. A m\u00e9dia \u00e9 de 33,8 atividades em cada um dos 28 dias do m\u00eas, na sede e nos distritos.<\/p>\n\n\n\n<p>\u201c\u00c9 um grupo com atua\u00e7\u00e3o din\u00e2mica que visa garantir o bom funcionamento dos sistemas em todo o territ\u00f3rio de Ouro Preto. Em um m\u00eas em que a cidade recebe tantas pessoas para o feriado de Carnaval este dinamismo tem que ser ainda maior\u201d, diz o superintendente da Saneouro, Evaristo Bellini. Na rotina dos colaboradores, entre as principais atividades encontram-se verifica\u00e7\u00f5es de falta de \u00e1gua, abastecimento de reservat\u00f3rios com caminh\u00f5es-pipa, consertos de vazamentos de redes de \u00e1gua em locais p\u00fablicos e desobstru\u00e7\u00e3o de redes coletoras de esgoto.<\/p>\n\n\n\n<div id=\"110712\" class=\"advads-saneouro advads-entity-placement\" style=\"margin-left: auto;margin-right: auto;text-align: center;\"><a href=\"https:\/\/www.saneouro.com.br\/\" target=\"_blank\" aria-label=\"DOP_Site\" data-wpel-link=\"external\" rel=\"follow external noopener noreferrer sponsored ugc\"><img src=\"https:\/\/www.diariodeouropreto.com.br\/wp-content\/uploads\/2026\/04\/DOP_Site.jpg\" alt=\"\"  srcset=\"https:\/\/www.diariodeouropreto.com.br\/wp-content\/uploads\/2026\/04\/DOP_Site.jpg 301w, https:\/\/www.diariodeouropreto.com.br\/wp-content\/uploads\/2026\/04\/DOP_Site-180x150.jpg 180w, https:\/\/www.diariodeouropreto.com.br\/wp-content\/uploads\/2026\/04\/DOP_Site-14x12.jpg 14w\" sizes=\"(max-width: 301px) 100vw, 301px\" width=\"301\" height=\"251\"  style=\"display: inline-block;\" \/><\/a><\/div><p>Para ter conhecimento de todas as ocorr\u00eancias nos sistemas de abastecimento de \u00e1gua e de esgotamento sanit\u00e1rio da cidade, o apoio da popula\u00e7\u00e3o \u00e9 fundamental. A forma oficial de a Saneouro ter informa\u00e7\u00f5es sobre as ocorr\u00eancias \u00e9 por meio de registros de protocolos nos canais oficiais de atendimento a clientes. Trata-se das lojas f\u00edsicas \u2013 que ficam localizadas na Vila Itacolomi, na sede; e no distrito de Cachoeira do Campo e que funcionam de segunda a sexta- feira, de 8h \u00e0s 17h -, do Call Center (0800 002 1741) e do n\u00famero de WhatsApp exclusivo para atendimento a clientes (11 95020-6424). <\/p>\n\n\n\n<div id=\"50321\" class=\"advads-plantao advads-entity-placement\"><a href=\"https:\/\/www.diariodeouropreto.com.br\/pt\/\" target=\"_blank\" aria-label=\"site &#8211; noticia\" data-wpel-link=\"external\" rel=\"follow external noopener noreferrer sponsored ugc\"><img src=\"https:\/\/www.diariodeouropreto.com.br\/wp-content\/uploads\/2019\/09\/titulosite2-e1616373489755.jpg\" alt=\"\"  srcset=\"https:\/\/www.diariodeouropreto.com.br\/wp-content\/uploads\/2019\/09\/titulosite2-e1616373489755.jpg 1200w, https:\/\/www.diariodeouropreto.com.br\/wp-content\/uploads\/2019\/09\/titulosite2-e1616373489755-150x38.jpg 150w, https:\/\/www.diariodeouropreto.com.br\/wp-content\/uploads\/2019\/09\/titulosite2-e1616373489755-660x167.jpg 660w, https:\/\/www.diariodeouropreto.com.br\/wp-content\/uploads\/2019\/09\/titulosite2-e1616373489755-768x194.jpg 768w, https:\/\/www.diariodeouropreto.com.br\/wp-content\/uploads\/2019\/09\/titulosite2-e1616373489755-1000x252.jpg 1000w, https:\/\/www.diariodeouropreto.com.br\/wp-content\/uploads\/2019\/09\/titulosite2-e1616373489755-1536x388.jpg 1536w, https:\/\/www.diariodeouropreto.com.br\/wp-content\/uploads\/2019\/09\/titulosite2-e1616373489755-2048x517.jpg 2048w\" sizes=\"(max-width: 1200px) 100vw, 1200px\" width=\"1200\" height=\"303\"  style=\"display: inline-block;\" \/><\/a><\/div><p>Fonte: Assessoria Saneouro<\/p>","protected":false},"excerpt":{"rendered":"<p>M\u00e9dia foi de 33,8 atividades por dia Em um m\u00eas marcado por fortes chuvas e por um Carnaval de cidade lotada, a equipe de Manuten\u00e7\u00e3o de Redes de \u00e1gua e esgoto da Saneouro executou 947 servi\u00e7os operacionais em fevereiro. A m\u00e9dia \u00e9 de 33,8 atividades em cada um dos 28<span class=\"more-link\"><a href=\"https:\/\/www.diariodeouropreto.com.br\/pt\/equipe-operacional-da-saneouro-executou-947-servicos-em-fevereiro\/\" data-wpel-link=\"internal\">Continue Lendo<\/a><\/span><\/p>","protected":false},"author":1,"featured_media":50711,"comment_status":"closed","ping_status":"closed","sticky":false,"template":"","format":"standard","meta":{"_jetpack_memberships_contains_paid_content":false,"footnotes":"","jetpack_publicize_message":"M\u00e9dia foi de 33,8 atividades por dia","jetpack_publicize_feature_enabled":true,"jetpack_social_post_already_shared":false,"jetpack_social_options":{"image_generator_settings":{"template":"highway","default_image_id":0,"font":"","enabled":false},"version":2}},"categories":[824],"tags":[],"class_list":["entry","author-diario","post-50709","post","type-post","status-publish","format-standard","has-post-thumbnail","category-geral"],"yoast_head":"<!-- This site is optimized with the Yoast SEO plugin v27.5 - https:\/\/yoast.com\/product\/yoast-seo-wordpress\/ -->\n<title>Equipe Operacional da Saneouro executou 947 servi\u00e7os em Fevereiro - Di\u00e1rio de Ouro Preto<\/title>\n<meta name=\"description\" content=\"M\u00e9dia foi de 33,8 atividades por dia - Equipe Operacional da Saneouro executou 947 servi\u00e7os em Fevereiro\" \/>\n<meta name=\"robots\" content=\"index, follow, max-snippet:-1, max-image-preview:large, max-video-preview:-1\" \/>\n<link rel=\"canonical\" href=\"https:\/\/www.diariodeouropreto.com.br\/pt\/equipe-operacional-da-saneouro-executou-947-servicos-em-fevereiro\/\" \/>\n<meta property=\"og:locale\" content=\"pt_PT\" \/>\n<meta property=\"og:type\" content=\"article\" \/>\n<meta property=\"og:title\" content=\"Equipe Operacional da Saneouro executou 947 servi\u00e7os em Fevereiro - Di\u00e1rio de Ouro Preto\" \/>\n<meta property=\"og:description\" content=\"M\u00e9dia foi de 33,8 atividades por dia - Equipe Operacional da Saneouro executou 947 servi\u00e7os em Fevereiro\" \/>\n<meta property=\"og:url\" content=\"https:\/\/www.diariodeouropreto.com.br\/pt\/equipe-operacional-da-saneouro-executou-947-servicos-em-fevereiro\/\" \/>\n<meta property=\"og:site_name\" content=\"Di\u00e1rio de Ouro Preto\" \/>\n<meta property=\"article:publisher\" content=\"https:\/\/www.facebook.com\/diariodeouropreto\/\" \/>\n<meta property=\"article:published_time\" content=\"2026-03-04T13:00:59+00:00\" \/>\n<meta property=\"article:modified_time\" content=\"2026-03-04T13:01:03+00:00\" \/>\n<meta property=\"og:image\" content=\"https:\/\/www.diariodeouropreto.com.br\/wp-content\/uploads\/2026\/03\/Servicos_Operacionais_04032026_02.jpeg\" \/>\n\t<meta property=\"og:image:width\" content=\"1067\" \/>\n\t<meta property=\"og:image:height\" content=\"800\" \/>\n\t<meta property=\"og:image:type\" content=\"image\/jpeg\" \/>\n<meta name=\"author\" content=\"Di\u00e1rio de Ouro Preto\" \/>\n<meta name=\"twitter:card\" content=\"summary_large_image\" \/>\n<meta name=\"twitter:label1\" content=\"Escrito por\" \/>\n\t<meta name=\"twitter:data1\" content=\"Di\u00e1rio de Ouro Preto\" \/>\n\t<meta name=\"twitter:label2\" content=\"Tempo estimado de leitura\" \/>\n\t<meta name=\"twitter:data2\" content=\"2 minutos\" \/>\n<script type=\"application\/ld+json\" class=\"yoast-schema-graph\">{\"@context\":\"https:\\\/\\\/schema.org\",\"@graph\":[{\"@type\":\"Article\",\"@id\":\"https:\\\/\\\/www.diariodeouropreto.com.br\\\/equipe-operacional-da-saneouro-executou-947-servicos-em-fevereiro\\\/#article\",\"isPartOf\":{\"@id\":\"https:\\\/\\\/www.diariodeouropreto.com.br\\\/equipe-operacional-da-saneouro-executou-947-servicos-em-fevereiro\\\/\"},\"author\":{\"name\":\"Di\u00e1rio de Ouro Preto\",\"@id\":\"https:\\\/\\\/www.diariodeouropreto.com.br\\\/pt\\\/#\\\/schema\\\/person\\\/7654e7b471204a6dab6dc0ce6e140c99\"},\"headline\":\"Equipe Operacional da Saneouro executou 947 servi\u00e7os em Fevereiro\",\"datePublished\":\"2026-03-04T13:00:59+00:00\",\"dateModified\":\"2026-03-04T13:01:03+00:00\",\"mainEntityOfPage\":{\"@id\":\"https:\\\/\\\/www.diariodeouropreto.com.br\\\/equipe-operacional-da-saneouro-executou-947-servicos-em-fevereiro\\\/\"},\"wordCount\":266,\"publisher\":{\"@id\":\"https:\\\/\\\/www.diariodeouropreto.com.br\\\/pt\\\/#organization\"},\"image\":{\"@id\":\"https:\\\/\\\/www.diariodeouropreto.com.br\\\/equipe-operacional-da-saneouro-executou-947-servicos-em-fevereiro\\\/#primaryimage\"},\"thumbnailUrl\":\"https:\\\/\\\/www.diariodeouropreto.com.br\\\/wp-content\\\/uploads\\\/2026\\\/03\\\/Servicos_Operacionais_04032026_02.jpeg\",\"articleSection\":[\"Geral\"],\"inLanguage\":\"pt-PT\"},{\"@type\":\"WebPage\",\"@id\":\"https:\\\/\\\/www.diariodeouropreto.com.br\\\/equipe-operacional-da-saneouro-executou-947-servicos-em-fevereiro\\\/\",\"url\":\"https:\\\/\\\/www.diariodeouropreto.com.br\\\/equipe-operacional-da-saneouro-executou-947-servicos-em-fevereiro\\\/\",\"name\":\"Equipe Operacional da Saneouro executou 947 servi\u00e7os em Fevereiro - Di\u00e1rio de Ouro Preto\",\"isPartOf\":{\"@id\":\"https:\\\/\\\/www.diariodeouropreto.com.br\\\/pt\\\/#website\"},\"primaryImageOfPage\":{\"@id\":\"https:\\\/\\\/www.diariodeouropreto.com.br\\\/equipe-operacional-da-saneouro-executou-947-servicos-em-fevereiro\\\/#primaryimage\"},\"image\":{\"@id\":\"https:\\\/\\\/www.diariodeouropreto.com.br\\\/equipe-operacional-da-saneouro-executou-947-servicos-em-fevereiro\\\/#primaryimage\"},\"thumbnailUrl\":\"https:\\\/\\\/www.diariodeouropreto.com.br\\\/wp-content\\\/uploads\\\/2026\\\/03\\\/Servicos_Operacionais_04032026_02.jpeg\",\"datePublished\":\"2026-03-04T13:00:59+00:00\",\"dateModified\":\"2026-03-04T13:01:03+00:00\",\"description\":\"M\u00e9dia foi de 33,8 atividades por dia - Equipe Operacional da Saneouro executou 947 servi\u00e7os em Fevereiro\",\"breadcrumb\":{\"@id\":\"https:\\\/\\\/www.diariodeouropreto.com.br\\\/equipe-operacional-da-saneouro-executou-947-servicos-em-fevereiro\\\/#breadcrumb\"},\"inLanguage\":\"pt-PT\",\"potentialAction\":[{\"@type\":\"ReadAction\",\"target\":[\"https:\\\/\\\/www.diariodeouropreto.com.br\\\/equipe-operacional-da-saneouro-executou-947-servicos-em-fevereiro\\\/\"]}]},{\"@type\":\"ImageObject\",\"inLanguage\":\"pt-PT\",\"@id\":\"https:\\\/\\\/www.diariodeouropreto.com.br\\\/equipe-operacional-da-saneouro-executou-947-servicos-em-fevereiro\\\/#primaryimage\",\"url\":\"https:\\\/\\\/www.diariodeouropreto.com.br\\\/wp-content\\\/uploads\\\/2026\\\/03\\\/Servicos_Operacionais_04032026_02.jpeg\",\"contentUrl\":\"https:\\\/\\\/www.diariodeouropreto.com.br\\\/wp-content\\\/uploads\\\/2026\\\/03\\\/Servicos_Operacionais_04032026_02.jpeg\",\"width\":1067,\"height\":800},{\"@type\":\"BreadcrumbList\",\"@id\":\"https:\\\/\\\/www.diariodeouropreto.com.br\\\/equipe-operacional-da-saneouro-executou-947-servicos-em-fevereiro\\\/#breadcrumb\",\"itemListElement\":[{\"@type\":\"ListItem\",\"position\":1,\"name\":\"In\u00edcio\",\"item\":\"https:\\\/\\\/www.diariodeouropreto.com.br\\\/pt\\\/\"},{\"@type\":\"ListItem\",\"position\":2,\"name\":\"Equipe Operacional da Saneouro executou 947 servi\u00e7os em Fevereiro\"}]},{\"@type\":\"WebSite\",\"@id\":\"https:\\\/\\\/www.diariodeouropreto.com.br\\\/pt\\\/#website\",\"url\":\"https:\\\/\\\/www.diariodeouropreto.com.br\\\/pt\\\/\",\"name\":\"Di\u00e1rio de Ouro Preto\",\"description\":\"Not\u00edcias Ouro Preto; Mariana;Minas Gerais;Jornal;Jornalismo;Not\u00edcias;\",\"publisher\":{\"@id\":\"https:\\\/\\\/www.diariodeouropreto.com.br\\\/pt\\\/#organization\"},\"alternateName\":\"Jornal di\u00e1rio de Ouro Preto\",\"potentialAction\":[{\"@type\":\"SearchAction\",\"target\":{\"@type\":\"EntryPoint\",\"urlTemplate\":\"https:\\\/\\\/www.diariodeouropreto.com.br\\\/pt\\\/?s={search_term_string}\"},\"query-input\":{\"@type\":\"PropertyValueSpecification\",\"valueRequired\":true,\"valueName\":\"search_term_string\"}}],\"inLanguage\":\"pt-PT\"},{\"@type\":\"Organization\",\"@id\":\"https:\\\/\\\/www.diariodeouropreto.com.br\\\/pt\\\/#organization\",\"name\":\"Di\u00e1rio de Ouro Preto\",\"alternateName\":\"Jornal di\u00e1rio Ouro Preto\",\"url\":\"https:\\\/\\\/www.diariodeouropreto.com.br\\\/pt\\\/\",\"logo\":{\"@type\":\"ImageObject\",\"inLanguage\":\"pt-PT\",\"@id\":\"https:\\\/\\\/www.diariodeouropreto.com.br\\\/pt\\\/#\\\/schema\\\/logo\\\/image\\\/\",\"url\":\"https:\\\/\\\/www.diariodeouropreto.com.br\\\/wp-content\\\/uploads\\\/2019\\\/06\\\/cropped-logotransp-2.png\",\"contentUrl\":\"https:\\\/\\\/www.diariodeouropreto.com.br\\\/wp-content\\\/uploads\\\/2019\\\/06\\\/cropped-logotransp-2.png\",\"width\":1323,\"height\":251,\"caption\":\"Di\u00e1rio de Ouro Preto\"},\"image\":{\"@id\":\"https:\\\/\\\/www.diariodeouropreto.com.br\\\/pt\\\/#\\\/schema\\\/logo\\\/image\\\/\"},\"sameAs\":[\"https:\\\/\\\/www.facebook.com\\\/diariodeouropreto\\\/\"]},{\"@type\":\"Person\",\"@id\":\"https:\\\/\\\/www.diariodeouropreto.com.br\\\/pt\\\/#\\\/schema\\\/person\\\/7654e7b471204a6dab6dc0ce6e140c99\",\"name\":\"Di\u00e1rio de Ouro Preto\",\"sameAs\":[\"http:\\\/\\\/www.diariodeouropreto.com.br\"],\"url\":\"https:\\\/\\\/www.diariodeouropreto.com.br\\\/pt\\\/author\\\/diario\\\/\"}]}<\/script>\n<!-- \/ Yoast SEO plugin. -->","yoast_head_json":{"title":"Equipe Operacional da Saneouro executou 947 servi\u00e7os em Fevereiro - Di\u00e1rio de Ouro Preto","description":"M\u00e9dia foi de 33,8 atividades por dia - Equipe Operacional da Saneouro executou 947 servi\u00e7os em Fevereiro","robots":{"index":"index","follow":"follow","max-snippet":"max-snippet:-1","max-image-preview":"max-image-preview:large","max-video-preview":"max-video-preview:-1"},"canonical":"https:\/\/www.diariodeouropreto.com.br\/pt\/equipe-operacional-da-saneouro-executou-947-servicos-em-fevereiro\/","og_locale":"pt_PT","og_type":"article","og_title":"Equipe Operacional da Saneouro executou 947 servi\u00e7os em Fevereiro - Di\u00e1rio de Ouro Preto","og_description":"M\u00e9dia foi de 33,8 atividades por dia - Equipe Operacional da Saneouro executou 947 servi\u00e7os em Fevereiro","og_url":"https:\/\/www.diariodeouropreto.com.br\/pt\/equipe-operacional-da-saneouro-executou-947-servicos-em-fevereiro\/","og_site_name":"Di\u00e1rio de Ouro Preto","article_publisher":"https:\/\/www.facebook.com\/diariodeouropreto\/","article_published_time":"2026-03-04T13:00:59+00:00","article_modified_time":"2026-03-04T13:01:03+00:00","og_image":[{"width":1067,"height":800,"url":"https:\/\/www.diariodeouropreto.com.br\/wp-content\/uploads\/2026\/03\/Servicos_Operacionais_04032026_02.jpeg","type":"image\/jpeg"}],"author":"Di\u00e1rio de Ouro Preto","twitter_card":"summary_large_image","twitter_misc":{"Escrito por":"Di\u00e1rio de Ouro Preto","Tempo estimado de leitura":"2 minutos"},"schema":{"@context":"https:\/\/schema.org","@graph":[{"@type":"Article","@id":"https:\/\/www.diariodeouropreto.com.br\/equipe-operacional-da-saneouro-executou-947-servicos-em-fevereiro\/#article","isPartOf":{"@id":"https:\/\/www.diariodeouropreto.com.br\/equipe-operacional-da-saneouro-executou-947-servicos-em-fevereiro\/"},"author":{"name":"Di\u00e1rio de Ouro Preto","@id":"https:\/\/www.diariodeouropreto.com.br\/pt\/#\/schema\/person\/7654e7b471204a6dab6dc0ce6e140c99"},"headline":"Equipe Operacional da Saneouro executou 947 servi\u00e7os em Fevereiro","datePublished":"2026-03-04T13:00:59+00:00","dateModified":"2026-03-04T13:01:03+00:00","mainEntityOfPage":{"@id":"https:\/\/www.diariodeouropreto.com.br\/equipe-operacional-da-saneouro-executou-947-servicos-em-fevereiro\/"},"wordCount":266,"publisher":{"@id":"https:\/\/www.diariodeouropreto.com.br\/pt\/#organization"},"image":{"@id":"https:\/\/www.diariodeouropreto.com.br\/equipe-operacional-da-saneouro-executou-947-servicos-em-fevereiro\/#primaryimage"},"thumbnailUrl":"https:\/\/www.diariodeouropreto.com.br\/wp-content\/uploads\/2026\/03\/Servicos_Operacionais_04032026_02.jpeg","articleSection":["Geral"],"inLanguage":"pt-PT"},{"@type":"WebPage","@id":"https:\/\/www.diariodeouropreto.com.br\/equipe-operacional-da-saneouro-executou-947-servicos-em-fevereiro\/","url":"https:\/\/www.diariodeouropreto.com.br\/equipe-operacional-da-saneouro-executou-947-servicos-em-fevereiro\/","name":"Equipe Operacional da Saneouro executou 947 servi\u00e7os em Fevereiro - Di\u00e1rio de Ouro Preto","isPartOf":{"@id":"https:\/\/www.diariodeouropreto.com.br\/pt\/#website"},"primaryImageOfPage":{"@id":"https:\/\/www.diariodeouropreto.com.br\/equipe-operacional-da-saneouro-executou-947-servicos-em-fevereiro\/#primaryimage"},"image":{"@id":"https:\/\/www.diariodeouropreto.com.br\/equipe-operacional-da-saneouro-executou-947-servicos-em-fevereiro\/#primaryimage"},"thumbnailUrl":"https:\/\/www.diariodeouropreto.com.br\/wp-content\/uploads\/2026\/03\/Servicos_Operacionais_04032026_02.jpeg","datePublished":"2026-03-04T13:00:59+00:00","dateModified":"2026-03-04T13:01:03+00:00","description":"M\u00e9dia foi de 33,8 atividades por dia - Equipe Operacional da Saneouro executou 947 servi\u00e7os em Fevereiro","breadcrumb":{"@id":"https:\/\/www.diariodeouropreto.com.br\/equipe-operacional-da-saneouro-executou-947-servicos-em-fevereiro\/#breadcrumb"},"inLanguage":"pt-PT","potentialAction":[{"@type":"ReadAction","target":["https:\/\/www.diariodeouropreto.com.br\/equipe-operacional-da-saneouro-executou-947-servicos-em-fevereiro\/"]}]},{"@type":"ImageObject","inLanguage":"pt-PT","@id":"https:\/\/www.diariodeouropreto.com.br\/equipe-operacional-da-saneouro-executou-947-servicos-em-fevereiro\/#primaryimage","url":"https:\/\/www.diariodeouropreto.com.br\/wp-content\/uploads\/2026\/03\/Servicos_Operacionais_04032026_02.jpeg","contentUrl":"https:\/\/www.diariodeouropreto.com.br\/wp-content\/uploads\/2026\/03\/Servicos_Operacionais_04032026_02.jpeg","width":1067,"height":800},{"@type":"BreadcrumbList","@id":"https:\/\/www.diariodeouropreto.com.br\/equipe-operacional-da-saneouro-executou-947-servicos-em-fevereiro\/#breadcrumb","itemListElement":[{"@type":"ListItem","position":1,"name":"In\u00edcio","item":"https:\/\/www.diariodeouropreto.com.br\/pt\/"},{"@type":"ListItem","position":2,"name":"Equipe Operacional da Saneouro executou 947 servi\u00e7os em Fevereiro"}]},{"@type":"WebSite","@id":"https:\/\/www.diariodeouropreto.com.br\/pt\/#website","url":"https:\/\/www.diariodeouropreto.com.br\/pt\/","name":"Di\u00e1rio de Ouro Preto","description":"Not\u00edcias Ouro Preto; Mariana;Minas Gerais;Jornal;Jornalismo;Not\u00edcias;","publisher":{"@id":"https:\/\/www.diariodeouropreto.com.br\/pt\/#organization"},"alternateName":"Jornal di\u00e1rio de Ouro Preto","potentialAction":[{"@type":"SearchAction","target":{"@type":"EntryPoint","urlTemplate":"https:\/\/www.diariodeouropreto.com.br\/pt\/?s={search_term_string}"},"query-input":{"@type":"PropertyValueSpecification","valueRequired":true,"valueName":"search_term_string"}}],"inLanguage":"pt-PT"},{"@type":"Organization","@id":"https:\/\/www.diariodeouropreto.com.br\/pt\/#organization","name":"Di\u00e1rio de Ouro Preto","alternateName":"Jornal di\u00e1rio Ouro Preto","url":"https:\/\/www.diariodeouropreto.com.br\/pt\/","logo":{"@type":"ImageObject","inLanguage":"pt-PT","@id":"https:\/\/www.diariodeouropreto.com.br\/pt\/#\/schema\/logo\/image\/","url":"https:\/\/www.diariodeouropreto.com.br\/wp-content\/uploads\/2019\/06\/cropped-logotransp-2.png","contentUrl":"https:\/\/www.diariodeouropreto.com.br\/wp-content\/uploads\/2019\/06\/cropped-logotransp-2.png","width":1323,"height":251,"caption":"Di\u00e1rio de Ouro Preto"},"image":{"@id":"https:\/\/www.diariodeouropreto.com.br\/pt\/#\/schema\/logo\/image\/"},"sameAs":["https:\/\/www.facebook.com\/diariodeouropreto\/"]},{"@type":"Person","@id":"https:\/\/www.diariodeouropreto.com.br\/pt\/#\/schema\/person\/7654e7b471204a6dab6dc0ce6e140c99","name":"Di\u00e1rio de Ouro Preto","sameAs":["http:\/\/www.diariodeouropreto.com.br"],"url":"https:\/\/www.diariodeouropreto.com.br\/pt\/author\/diario\/"}]}},"jetpack_publicize_connections":[],"jetpack_featured_media_url":"https:\/\/www.diariodeouropreto.com.br\/wp-content\/uploads\/2026\/03\/Servicos_Operacionais_04032026_02.jpeg","jetpack-related-posts":[{"id":21233,"url":"https:\/\/www.diariodeouropreto.com.br\/pt\/coluna-tiquinho-de-politica-e-carnaval-olha-a-saneouro-ai-gente-as-eleicoes-municipais-ja-comecaram\/","url_meta":{"origin":50709,"position":0},"title":"[Coluna Tiquinho de Pol\u00edtica] \u00c9 Carnaval, Olha a Saneouro a\u00ed gente! As elei\u00e7\u00f5es municipais j\u00e1 come\u00e7aram?\u00a0","author":"Di\u00e1rio de Ouro Preto","date":"19 de Fevereiro de 2023","format":false,"excerpt":"Ouro Preto - A semana na pol\u00edtica ouro-pretana foi agitada, a orelha do prefeito deve ter queimado, de tanto que os vereadores reclamaram dele, inclusive os que s\u00e3o da base, e tem como bandeira o \u201cFora Saneouro\u201d. O Governo do prefeito Angelo Oswaldo foi a mira dos discursos dos vereadores,\u2026","rel":"","context":"In &quot;Coluna&quot;","block_context":{"text":"Coluna","link":"https:\/\/www.diariodeouropreto.com.br\/pt\/Editoria\/coluna\/"},"img":{"alt_text":"","src":"https:\/\/i0.wp.com\/www.diariodeouropreto.com.br\/wp-content\/uploads\/2023\/02\/WhatsApp-Image-2023-02-19-at-15.46.06.jpeg?resize=350%2C200&ssl=1","width":350,"height":200,"srcset":"https:\/\/i0.wp.com\/www.diariodeouropreto.com.br\/wp-content\/uploads\/2023\/02\/WhatsApp-Image-2023-02-19-at-15.46.06.jpeg?resize=350%2C200&ssl=1 1x, https:\/\/i0.wp.com\/www.diariodeouropreto.com.br\/wp-content\/uploads\/2023\/02\/WhatsApp-Image-2023-02-19-at-15.46.06.jpeg?resize=525%2C300&ssl=1 1.5x"},"classes":[]},{"id":43121,"url":"https:\/\/www.diariodeouropreto.com.br\/pt\/saneouro-registrou-queda-de-678-nas-reclamacoes-de-falta-de-agua-durante-o-carnaval\/","url_meta":{"origin":50709,"position":1},"title":"Saneouro registrou queda de 67,8% nas reclama\u00e7\u00f5es de falta de \u00e1gua durante o Carnaval","author":"Di\u00e1rio de Ouro Preto","date":"12 de Mar\u00e7o de 2025","format":false,"excerpt":"N\u00famero de reclama\u00e7\u00f5es na sede e nos 12 distritos foi de 57, 120 a menos que as 177 registradas em 2024 A opera\u00e7\u00e3o especial montada pela Saneouro para garantir o abastecimento de \u00e1gua em Ouro Preto, seja na sede ou nos 12 distritos, durante o Carnaval 2025 surgiu efeitos. Entre\u2026","rel":"","context":"In &quot;Ouro Preto&quot;","block_context":{"text":"Ouro Preto","link":"https:\/\/www.diariodeouropreto.com.br\/pt\/Editoria\/ouro-preto\/"},"img":{"alt_text":"","src":"https:\/\/i0.wp.com\/www.diariodeouropreto.com.br\/wp-content\/uploads\/2024\/04\/ETA_Itacolomi.jpg?resize=350%2C200&ssl=1","width":350,"height":200,"srcset":"https:\/\/i0.wp.com\/www.diariodeouropreto.com.br\/wp-content\/uploads\/2024\/04\/ETA_Itacolomi.jpg?resize=350%2C200&ssl=1 1x, https:\/\/i0.wp.com\/www.diariodeouropreto.com.br\/wp-content\/uploads\/2024\/04\/ETA_Itacolomi.jpg?resize=525%2C300&ssl=1 1.5x, https:\/\/i0.wp.com\/www.diariodeouropreto.com.br\/wp-content\/uploads\/2024\/04\/ETA_Itacolomi.jpg?resize=700%2C400&ssl=1 2x, https:\/\/i0.wp.com\/www.diariodeouropreto.com.br\/wp-content\/uploads\/2024\/04\/ETA_Itacolomi.jpg?resize=1050%2C600&ssl=1 3x"},"classes":[]},{"id":3222,"url":"https:\/\/www.diariodeouropreto.com.br\/pt\/intervencao-da-saneouro-leva-abastecimento-para-parte-alta-do-sao-cristovao\/","url_meta":{"origin":50709,"position":2},"title":"Interven\u00e7\u00e3o da SANEOURO leva abastecimento para parte alta do S\u00e3o Crist\u00f3v\u00e3o","author":"Di\u00e1rio de Ouro Preto","date":"21 de Maio de 2020","format":false,"excerpt":"Desde que assumiu os trabalhos em janeiro deste ano, o atendimento da SANEOURO recebia muitas reclama\u00e7\u00f5es por falta d\u2019\u00e1gua na Rua Magn\u00e9sio, antigo Logradouro, no bairro S\u00e3o Crist\u00f3v\u00e3o. Ap\u00f3s um estudo da rede de abastecimento do local, uma equipe t\u00e9cnica realizou uma interven\u00e7\u00e3o no s\u00e1bado (17) para levar \u00e1gua aos\u2026","rel":"","context":"In &quot;Ouro Preto&quot;","block_context":{"text":"Ouro Preto","link":"https:\/\/www.diariodeouropreto.com.br\/pt\/Editoria\/ouro-preto\/"},"img":{"alt_text":"","src":"https:\/\/i0.wp.com\/www.diariodeouropreto.com.br\/wp-content\/uploads\/2020\/05\/Interven%C3%A7%C3%A3o-da-SANEOURO-leva-abastecimento-para-parte-alta-do-S%C3%A3o-Crist%C3%B3v%C3%A3o-2-1.jpeg?resize=350%2C200&ssl=1","width":350,"height":200,"srcset":"https:\/\/i0.wp.com\/www.diariodeouropreto.com.br\/wp-content\/uploads\/2020\/05\/Interven%C3%A7%C3%A3o-da-SANEOURO-leva-abastecimento-para-parte-alta-do-S%C3%A3o-Crist%C3%B3v%C3%A3o-2-1.jpeg?resize=350%2C200&ssl=1 1x, https:\/\/i0.wp.com\/www.diariodeouropreto.com.br\/wp-content\/uploads\/2020\/05\/Interven%C3%A7%C3%A3o-da-SANEOURO-leva-abastecimento-para-parte-alta-do-S%C3%A3o-Crist%C3%B3v%C3%A3o-2-1.jpeg?resize=525%2C300&ssl=1 1.5x, https:\/\/i0.wp.com\/www.diariodeouropreto.com.br\/wp-content\/uploads\/2020\/05\/Interven%C3%A7%C3%A3o-da-SANEOURO-leva-abastecimento-para-parte-alta-do-S%C3%A3o-Crist%C3%B3v%C3%A3o-2-1.jpeg?resize=700%2C400&ssl=1 2x"},"classes":[]},{"id":16075,"url":"https:\/\/www.diariodeouropreto.com.br\/pt\/ouro-preto-recebe-primeiros-equipamentos-para-a-epar-osso-do-boi\/","url_meta":{"origin":50709,"position":3},"title":"Ouro Preto recebe primeiros equipamentos para a Epar Osso do Boi","author":"Di\u00e1rio de Ouro Preto","date":"27 de Maio de 2022","format":false,"excerpt":"Com a Esta\u00e7\u00e3o Produtora de \u00c1gua de Reuso, o munic\u00edpio ir\u00e1 de 0 a 40% do esgoto tratado A SANEOURO est\u00e1 empenhada na implanta\u00e7\u00e3o da Esta\u00e7\u00e3o Produtora de \u00c1gua de Reuso (Epar) Osso do Boi. Nos dias 23 e 25 de maio, foram entregues os primeiros equipamentos, como tanque de\u2026","rel":"","context":"In &quot;Ouro Preto&quot;","block_context":{"text":"Ouro Preto","link":"https:\/\/www.diariodeouropreto.com.br\/pt\/Editoria\/ouro-preto\/"},"img":{"alt_text":"","src":"https:\/\/i0.wp.com\/www.diariodeouropreto.com.br\/wp-content\/uploads\/2022\/05\/Sanouro-recebe-primeiros-equipamentos-para-a-futura-Epar-Osso-de-Boi-Divulgacao-1.jpeg?resize=350%2C200&ssl=1","width":350,"height":200,"srcset":"https:\/\/i0.wp.com\/www.diariodeouropreto.com.br\/wp-content\/uploads\/2022\/05\/Sanouro-recebe-primeiros-equipamentos-para-a-futura-Epar-Osso-de-Boi-Divulgacao-1.jpeg?resize=350%2C200&ssl=1 1x, https:\/\/i0.wp.com\/www.diariodeouropreto.com.br\/wp-content\/uploads\/2022\/05\/Sanouro-recebe-primeiros-equipamentos-para-a-futura-Epar-Osso-de-Boi-Divulgacao-1.jpeg?resize=525%2C300&ssl=1 1.5x, https:\/\/i0.wp.com\/www.diariodeouropreto.com.br\/wp-content\/uploads\/2022\/05\/Sanouro-recebe-primeiros-equipamentos-para-a-futura-Epar-Osso-de-Boi-Divulgacao-1.jpeg?resize=700%2C400&ssl=1 2x, https:\/\/i0.wp.com\/www.diariodeouropreto.com.br\/wp-content\/uploads\/2022\/05\/Sanouro-recebe-primeiros-equipamentos-para-a-futura-Epar-Osso-de-Boi-Divulgacao-1.jpeg?resize=1050%2C600&ssl=1 3x"},"classes":[]},{"id":42415,"url":"https:\/\/www.diariodeouropreto.com.br\/pt\/equipes-da-saneouro-eliminaram-415-vazamentos-de-agua-em-janeiro\/","url_meta":{"origin":50709,"position":4},"title":"Equipes da Saneouro eliminaram 415 vazamentos de \u00e1gua em Janeiro","author":"Di\u00e1rio de Ouro Preto","date":"12 de Fevereiro de 2025","format":false,"excerpt":"Combate a perdas de \u00e1gua \u00e9 um dos focos da empresa na sede e nos 12 distritos Na busca pela melhoria cont\u00ednua dos servi\u00e7os prestados \u00e0 popula\u00e7\u00e3o de Ouro Preto, na sede e nos 12 distritos, a Saneouro tem como uma de suas prioridades reduzir ao m\u00e1ximo as perdas de\u2026","rel":"","context":"In &quot;Ouro Preto&quot;","block_context":{"text":"Ouro Preto","link":"https:\/\/www.diariodeouropreto.com.br\/pt\/Editoria\/ouro-preto\/"},"img":{"alt_text":"","src":"https:\/\/i0.wp.com\/www.diariodeouropreto.com.br\/wp-content\/uploads\/2025\/02\/Vazamento_Logradouro_02.jpeg?resize=350%2C200&ssl=1","width":350,"height":200,"srcset":"https:\/\/i0.wp.com\/www.diariodeouropreto.com.br\/wp-content\/uploads\/2025\/02\/Vazamento_Logradouro_02.jpeg?resize=350%2C200&ssl=1 1x, https:\/\/i0.wp.com\/www.diariodeouropreto.com.br\/wp-content\/uploads\/2025\/02\/Vazamento_Logradouro_02.jpeg?resize=525%2C300&ssl=1 1.5x"},"classes":[]},{"id":18861,"url":"https:\/\/www.diariodeouropreto.com.br\/pt\/prefeitura-vai-ajuizar-acao-pedindo-anulacao-do-contrato-com-a-saneouro\/","url_meta":{"origin":50709,"position":5},"title":"Prefeitura quer ajuizar a\u00e7\u00e3o pedindo anula\u00e7\u00e3o do contrato com a Saneouro","author":"Di\u00e1rio de Ouro Preto","date":"19 de Outubro de 2022","format":false,"excerpt":"Victor Stutz, para o Di\u00e1rio de Ouro Preto O secret\u00e1rio de Governo de Ouro Preto,Yuri Assun\u00e7\u00e3o, compareceu nesta ter\u00e7a-feira,18, \u00e0 reuni\u00e3o do Projeto C\u00e2mara Itinerante, em Miguel Burnier. No distrito, o secret\u00e1rio transmitiu aos vereadores uma importante mensagem do prefeito de Angelo Oswaldo que, decisivamente, \u00e9 do interesse da maioria\u2026","rel":"","context":"In &quot;Ouro Preto&quot;","block_context":{"text":"Ouro Preto","link":"https:\/\/www.diariodeouropreto.com.br\/pt\/Editoria\/ouro-preto\/"},"img":{"alt_text":"","src":"https:\/\/i0.wp.com\/www.diariodeouropreto.com.br\/wp-content\/uploads\/2019\/09\/titulosite2-e1616373489755.jpg?resize=350%2C200&ssl=1","width":350,"height":200,"srcset":"https:\/\/i0.wp.com\/www.diariodeouropreto.com.br\/wp-content\/uploads\/2019\/09\/titulosite2-e1616373489755.jpg?resize=350%2C200&ssl=1 1x, https:\/\/i0.wp.com\/www.diariodeouropreto.com.br\/wp-content\/uploads\/2019\/09\/titulosite2-e1616373489755.jpg?resize=525%2C300&ssl=1 1.5x, https:\/\/i0.wp.com\/www.diariodeouropreto.com.br\/wp-content\/uploads\/2019\/09\/titulosite2-e1616373489755.jpg?resize=700%2C400&ssl=1 2x, https:\/\/i0.wp.com\/www.diariodeouropreto.com.br\/wp-content\/uploads\/2019\/09\/titulosite2-e1616373489755.jpg?resize=1050%2C600&ssl=1 3x"},"classes":[]}],"jetpack_sharing_enabled":true,"amp_enabled":true,"_links":{"self":[{"href":"https:\/\/www.diariodeouropreto.com.br\/pt\/wp-json\/wp\/v2\/posts\/50709","targetHints":{"allow":["GET"]}}],"collection":[{"href":"https:\/\/www.diariodeouropreto.com.br\/pt\/wp-json\/wp\/v2\/posts"}],"about":[{"href":"https:\/\/www.diariodeouropreto.com.br\/pt\/wp-json\/wp\/v2\/types\/post"}],"author":[{"embeddable":true,"href":"https:\/\/www.diariodeouropreto.com.br\/pt\/wp-json\/wp\/v2\/users\/1"}],"replies":[{"embeddable":true,"href":"https:\/\/www.diariodeouropreto.com.br\/pt\/wp-json\/wp\/v2\/comments?post=50709"}],"version-history":[{"count":1,"href":"https:\/\/www.diariodeouropreto.com.br\/pt\/wp-json\/wp\/v2\/posts\/50709\/revisions"}],"predecessor-version":[{"id":50712,"href":"https:\/\/www.diariodeouropreto.com.br\/pt\/wp-json\/wp\/v2\/posts\/50709\/revisions\/50712"}],"wp:featuredmedia":[{"embeddable":true,"href":"https:\/\/www.diariodeouropreto.com.br\/pt\/wp-json\/wp\/v2\/media\/50711"}],"wp:attachment":[{"href":"https:\/\/www.diariodeouropreto.com.br\/pt\/wp-json\/wp\/v2\/media?parent=50709"}],"wp:term":[{"taxonomy":"category","embeddable":true,"href":"https:\/\/www.diariodeouropreto.com.br\/pt\/wp-json\/wp\/v2\/categories?post=50709"},{"taxonomy":"post_tag","embeddable":true,"href":"https:\/\/www.diariodeouropreto.com.br\/pt\/wp-json\/wp\/v2\/tags?post=50709"}],"curies":[{"name":"wp","href":"https:\/\/api.w.org\/{rel}","templated":true}]}}