{"id":50705,"date":"2026-03-03T15:30:00","date_gmt":"2026-03-03T18:30:00","guid":{"rendered":"https:\/\/www.diariodeouropreto.com.br\/?p=50705"},"modified":"2026-03-03T15:19:21","modified_gmt":"2026-03-03T18:19:21","slug":"ouro-preto-recebe-lancamento-do-livro-de-myriam-ribeiro-especialista-na-obra-de-aleijadinho-e-da-historia-da-arte-sacra-brasileira","status":"publish","type":"post","link":"https:\/\/www.diariodeouropreto.com.br\/pt\/ouro-preto-recebe-lancamento-do-livro-de-myriam-ribeiro-especialista-na-obra-de-aleijadinho-e-da-historia-da-arte-sacra-brasileira\/","title":{"rendered":"Ouro Preto recebe lan\u00e7amento do livro de Myriam Ribeiro, especialista na obra de Aleijadinho e da Hist\u00f3ria da Arte Sacra Brasileira"},"content":{"rendered":"<p>Ser\u00e1 lan\u00e7ado no s\u00e1bado,&nbsp;<strong>7 de mar\u00e7o,&nbsp;<\/strong>das&nbsp;<strong>11h \u00e0s 14h,&nbsp;<\/strong>na&nbsp;<strong>Livraria Outras Palavras<\/strong>&nbsp;(R. Get\u00falio Vargas, 239, em&nbsp;<strong>Ouro Preto<\/strong>) o livro&nbsp;<strong>\u201cEtapas de um percurso: 50 anos de atividades de uma historiadora da arte no Brasil, 1972-2022\u201d&nbsp;<\/strong>(Editora Liter\u00edssima, 2025) que percorre a trajet\u00f3ria profissional da professora e pesquisadora,&nbsp;<strong>Myriam Andrade Ribeiro de Oliveira<\/strong>, especialista na obra do mestre Aleijadinho e autora de livros referenciais para os estudos da Hist\u00f3ria da Arte Sacra Brasileira, dos s\u00e9culos XVI ao XIX, notadamente sobre o Barroco e o Rococ\u00f3.<\/p>\n\n\n\n<p>Escrito pela historiadora, o livro parte de sua forma\u00e7\u00e3o na Universidade Cat\u00f3lica de Louvain, na B\u00e9lgica, na d\u00e9cada de 1960, onde tamb\u00e9m defendeu sua disserta\u00e7\u00e3o de mestrado sobre os Passos do Aleijadinho em Congonhas (MG), revelando dentre outros aspectos, que o escultor trabalhou com auxiliares, na execu\u00e7\u00e3o do conjunto das 64 imagens, dispostas nas capelas. Sua pesquisa&nbsp; possibilitou a mudan\u00e7a na disposi\u00e7\u00e3o original dos grupos escult\u00f3ricos das capelas em Congonhas. Sobre as d\u00e9cadas de 1970 e 1980, a historiadora nos relata o trabalho desenvolvido com o poeta e ensaista Affonso \u00c1vila e a colabora\u00e7\u00e3o na Revista Barroco, em Belo Horizonte, e, tamb\u00e9m, o trabalho no Setor de Cidades Hist\u00f3ricas da Funda\u00e7\u00e3o Jo\u00e3o Pinheiro quando assumiu a Superintend\u00eancia de Museus do Estado de Minas Gerais, para montar o Museu Mineiro (inaugurado em 1982).<\/p>\n\n\n\n<p>A partir da mudan\u00e7a para o Rio de Janeiro, j\u00e1 atuando no IPHAN \u2013 Instituto do Patrim\u00f4nio Hist\u00f3rico e Art\u00edstico Nacional &#8211; Myriam Ribeiro idealizou e coordenou por duas d\u00e9cadas, o \u201cInvent\u00e1rio Nacional de Bens M\u00f3veis e Integrados\u201d, com o levantamento dos acervos das igrejas do per\u00edodo colonial no Brasil. Sua experi\u00eancia e forma\u00e7\u00e3o profissional foram compartilhadas em sua atua\u00e7\u00e3o como docente, na UFMG (1973 a 1986) e na UFRJ (1987 a 2007); em cursos independentes de Hist\u00f3ria da Arte que ela idealizou em museus, como o Museu Nacional de Belas Artes no RJ (1992 a 2013) e p\u00f3s-gradua\u00e7\u00f5es em Hist\u00f3ria da Arte Sacra (2005 a 2014) e na organiza\u00e7\u00e3o de Congressos do Barroco no Brasil (1983,1989) al\u00e9m de ter assinado a curadoria do \u201cM\u00f3dulo do Barroco\u201d, na Mostra do Redescobrimento (2000), no Parque Ibirapuera em SP. Tamb\u00e9m organizou Congressos Ibero-Americanos e Col\u00f3quios Luso-Brasileiros promovendo o interc\u00e2mbio entre pesquisadores brasileiros e portugueses.<\/p>\n\n\n\n<p>A elabora\u00e7\u00e3o de&nbsp;<em>Aleijadinho e sua oficina: Cat\u00e1logo das esculturas devocionais&nbsp;<\/em>(Ed. Capivara, 2002), escrito em conjunto com os pesquisadores do IPHAN, Olinto Rodrigues dos Santos e Ant\u00f4nio Batista dos Santos, com 128 obras de Aleijadinho analisadas pelos autores foi outra contribui\u00e7\u00e3o da pesquisadora que nos relata que o cat\u00e1logo sofreu censura na \u00e9poca, por meio de interdi\u00e7\u00e3o judicial obtida por colecionadores descontentes com a n\u00e3o inclus\u00e3o de suas obras no cat\u00e1logo. A esse respeito, Myriam Ribeiro comenta: \u201cAcredito que colocou um freio na prolifera\u00e7\u00e3o de falsos, seu m\u00e9rito principal a meu ver, juntamente com a sedimenta\u00e7\u00e3o do conceito de \u201coficina\u201d para as obras dos auxiliares.\u201d O cat\u00e1logo seria liberado pela justi\u00e7a, seis meses depois, no ano de 2003, tendo recebido nova edi\u00e7\u00e3o em 2008, constituindo refer\u00eancia b\u00e1sica sobre o assunto.<\/p>\n\n\n\n<p>Os roteiros de visita\u00e7\u00e3o de monumentos hist\u00f3ricos (2006 \u2013 2018) para uso do p\u00fablico em geral dentro do Programa Monumenta do IPHAN, com guias que apresentam textos de s\u00edntese sobre as principais caracter\u00edsticas do Barroco e do Rococ\u00f3 em igrejas de cidades brasileiras (<em>Barroco e Rococ\u00f3 nas igrejas do Rio de Janeiro<\/em>;&nbsp;<em>Recife e Olinda<\/em>;&nbsp;<em>Ouro Preto e Mariana<\/em>;&nbsp;<em>S\u00e3o Jo\u00e3o del Rei e Tiradentes<\/em>;&nbsp;<em>Sabar\u00e1 e Caet\u00e9<\/em>) constituem tamb\u00e9m leitura fundamental para os visitantes dos monumentos. Os guias integram a s\u00e9rie&nbsp;<em>Roteiros do Patrim\u00f4nio&nbsp;<\/em>e podem ser baixados gratuitamente, no portal.iphan.gov.br.<\/p>\n\n\n\n<p>Etapas de um percurso: 50 anos de atividades de uma historiadora da arte no Brasil, 1972-2022 pode ser fonte de inspira\u00e7\u00e3o para estudantes, pesquisadores e historiadores da arte no Brasil, reunindo conte\u00fado significativo sobre a mem\u00f3ria do patrim\u00f4nio hist\u00f3rico e art\u00edstico no pa\u00eds.<\/p>\n\n\n\n<p><strong><u>Servi\u00e7o:&nbsp;<\/u><u>Lan\u00e7amento do Livro \u201cEtapas de um percurso: 50 anos de atividades de uma historiadora da arte no Brasil<\/u><u>,&nbsp;<\/u><u>1972-2022\u201d.<\/u><\/strong><\/p>\n\n\n\n<div id=\"110712\" class=\"advads-saneouro advads-entity-placement\" style=\"margin-left: auto;margin-right: auto;text-align: center;\"><a href=\"https:\/\/www.saneouro.com.br\/\" target=\"_blank\" aria-label=\"DOP_Site\" data-wpel-link=\"external\" rel=\"follow external noopener noreferrer sponsored ugc\"><img src=\"https:\/\/www.diariodeouropreto.com.br\/wp-content\/uploads\/2026\/04\/DOP_Site.jpg\" alt=\"\"  srcset=\"https:\/\/www.diariodeouropreto.com.br\/wp-content\/uploads\/2026\/04\/DOP_Site.jpg 301w, https:\/\/www.diariodeouropreto.com.br\/wp-content\/uploads\/2026\/04\/DOP_Site-180x150.jpg 180w, https:\/\/www.diariodeouropreto.com.br\/wp-content\/uploads\/2026\/04\/DOP_Site-14x12.jpg 14w\" sizes=\"(max-width: 301px) 100vw, 301px\" width=\"301\" height=\"251\"  style=\"display: inline-block;\" \/><\/a><\/div><p><strong>Dia 7 de mar\u00e7o (s\u00e1bado): das 11h \u00e0s 14h: Livraria Outras Palavras. R. Get\u00falio Vargas, 239, Ouro Preto (MG).<\/strong><\/p>\n\n\n\n<div id=\"50321\" class=\"advads-plantao advads-entity-placement\"><a href=\"https:\/\/www.diariodeouropreto.com.br\/pt\/\" target=\"_blank\" aria-label=\"site &#8211; noticia\" data-wpel-link=\"external\" rel=\"follow external noopener noreferrer sponsored ugc\"><img src=\"https:\/\/www.diariodeouropreto.com.br\/wp-content\/uploads\/2019\/09\/titulosite2-e1616373489755.jpg\" alt=\"\"  srcset=\"https:\/\/www.diariodeouropreto.com.br\/wp-content\/uploads\/2019\/09\/titulosite2-e1616373489755.jpg 1200w, https:\/\/www.diariodeouropreto.com.br\/wp-content\/uploads\/2019\/09\/titulosite2-e1616373489755-150x38.jpg 150w, https:\/\/www.diariodeouropreto.com.br\/wp-content\/uploads\/2019\/09\/titulosite2-e1616373489755-660x167.jpg 660w, https:\/\/www.diariodeouropreto.com.br\/wp-content\/uploads\/2019\/09\/titulosite2-e1616373489755-768x194.jpg 768w, https:\/\/www.diariodeouropreto.com.br\/wp-content\/uploads\/2019\/09\/titulosite2-e1616373489755-1000x252.jpg 1000w, https:\/\/www.diariodeouropreto.com.br\/wp-content\/uploads\/2019\/09\/titulosite2-e1616373489755-1536x388.jpg 1536w, https:\/\/www.diariodeouropreto.com.br\/wp-content\/uploads\/2019\/09\/titulosite2-e1616373489755-2048x517.jpg 2048w\" sizes=\"(max-width: 1200px) 100vw, 1200px\" width=\"1200\" height=\"303\"  style=\"display: inline-block;\" \/><\/a><\/div><p>Fonte: Assessoria Secretaria de Cultura e Turismo de Ouro Preto<\/p>","protected":false},"excerpt":{"rendered":"<p>Ser\u00e1 lan\u00e7ado no s\u00e1bado,&nbsp;7 de mar\u00e7o,&nbsp;das&nbsp;11h \u00e0s 14h,&nbsp;na&nbsp;Livraria Outras Palavras&nbsp;(R. Get\u00falio Vargas, 239, em&nbsp;Ouro Preto) o livro&nbsp;\u201cEtapas de um percurso: 50 anos de atividades de uma historiadora da arte no Brasil, 1972-2022\u201d&nbsp;(Editora Liter\u00edssima, 2025) que percorre a trajet\u00f3ria profissional da professora e pesquisadora,&nbsp;Myriam Andrade Ribeiro de Oliveira, especialista na obra<span class=\"more-link\"><a href=\"https:\/\/www.diariodeouropreto.com.br\/pt\/ouro-preto-recebe-lancamento-do-livro-de-myriam-ribeiro-especialista-na-obra-de-aleijadinho-e-da-historia-da-arte-sacra-brasileira\/\" data-wpel-link=\"internal\">Continue Lendo<\/a><\/span><\/p>","protected":false},"author":1,"featured_media":50706,"comment_status":"closed","ping_status":"closed","sticky":false,"template":"","format":"standard","meta":{"_jetpack_memberships_contains_paid_content":false,"footnotes":"","jetpack_publicize_message":"Escrito pela historiadora, o livro parte de sua forma\u00e7\u00e3o na Universidade Cat\u00f3lica de Louvain, na B\u00e9lgica, na d\u00e9cada de 1960, onde tamb\u00e9m defendeu sua disserta\u00e7\u00e3o de mestrado sobre os Passos do Aleijadinho em Congonhas","jetpack_publicize_feature_enabled":true,"jetpack_social_post_already_shared":true,"jetpack_social_options":{"image_generator_settings":{"template":"highway","default_image_id":0,"font":"","enabled":false},"version":2}},"categories":[11],"tags":[1513,1512,18],"class_list":["entry","author-diario","post-50705","post","type-post","status-publish","format-standard","has-post-thumbnail","category-culturaeartes","tag-lancamento","tag-literatura","tag-ouro-preto"],"yoast_head":"<!-- This site is optimized with the Yoast SEO plugin v27.5 - https:\/\/yoast.com\/product\/yoast-seo-wordpress\/ -->\n<title>Ouro Preto recebe lan\u00e7amento do livro de Myriam Ribeiro, especialista na obra de Aleijadinho e da Hist\u00f3ria da Arte Sacra Brasileira - Di\u00e1rio de Ouro Preto<\/title>\n<meta name=\"description\" content=\"Escrito pela historiadora, o livro parte de sua forma\u00e7\u00e3o na Universidade Cat\u00f3lica de Louvain, na B\u00e9lgica, na d\u00e9cada de 1960, onde tamb\u00e9m defendeu sua disserta\u00e7\u00e3o de mestrado sobre os Passos do Aleijadinho em Congonhas - Ouro Preto recebe lan\u00e7amento do livro de Myriam Ribeiro, especialista na obra de Aleijadinho e da Hist\u00f3ria da Arte Sacra Brasileira\" \/>\n<meta name=\"robots\" content=\"index, follow, max-snippet:-1, max-image-preview:large, max-video-preview:-1\" \/>\n<link rel=\"canonical\" href=\"https:\/\/www.diariodeouropreto.com.br\/pt\/ouro-preto-recebe-lancamento-do-livro-de-myriam-ribeiro-especialista-na-obra-de-aleijadinho-e-da-historia-da-arte-sacra-brasileira\/\" \/>\n<meta property=\"og:locale\" content=\"pt_PT\" \/>\n<meta property=\"og:type\" content=\"article\" \/>\n<meta property=\"og:title\" content=\"Ouro Preto recebe lan\u00e7amento do livro de Myriam Ribeiro, especialista na obra de Aleijadinho e da Hist\u00f3ria da Arte Sacra Brasileira - Di\u00e1rio de Ouro Preto\" \/>\n<meta property=\"og:description\" content=\"Escrito pela historiadora, o livro parte de sua forma\u00e7\u00e3o na Universidade Cat\u00f3lica de Louvain, na B\u00e9lgica, na d\u00e9cada de 1960, onde tamb\u00e9m defendeu sua disserta\u00e7\u00e3o de mestrado sobre os Passos do Aleijadinho em Congonhas - Ouro Preto recebe lan\u00e7amento do livro de Myriam Ribeiro, especialista na obra de Aleijadinho e da Hist\u00f3ria da Arte Sacra Brasileira\" \/>\n<meta property=\"og:url\" content=\"https:\/\/www.diariodeouropreto.com.br\/pt\/ouro-preto-recebe-lancamento-do-livro-de-myriam-ribeiro-especialista-na-obra-de-aleijadinho-e-da-historia-da-arte-sacra-brasileira\/\" \/>\n<meta property=\"og:site_name\" content=\"Di\u00e1rio de Ouro Preto\" \/>\n<meta property=\"article:publisher\" content=\"https:\/\/www.facebook.com\/diariodeouropreto\/\" \/>\n<meta property=\"article:published_time\" content=\"2026-03-03T18:30:00+00:00\" \/>\n<meta property=\"og:image\" content=\"https:\/\/www.diariodeouropreto.com.br\/wp-content\/uploads\/2026\/03\/b416432eef63fe76896d9d5697dcd4ae.jpg\" \/>\n\t<meta property=\"og:image:width\" content=\"640\" \/>\n\t<meta property=\"og:image:height\" content=\"800\" \/>\n\t<meta property=\"og:image:type\" content=\"image\/jpeg\" \/>\n<meta name=\"author\" content=\"Di\u00e1rio de Ouro Preto\" \/>\n<meta name=\"twitter:card\" content=\"summary_large_image\" \/>\n<meta name=\"twitter:label1\" content=\"Escrito por\" \/>\n\t<meta name=\"twitter:data1\" content=\"Di\u00e1rio de Ouro Preto\" \/>\n\t<meta name=\"twitter:label2\" content=\"Tempo estimado de leitura\" \/>\n\t<meta name=\"twitter:data2\" content=\"4 minutos\" \/>\n<script type=\"application\/ld+json\" class=\"yoast-schema-graph\">{\"@context\":\"https:\\\/\\\/schema.org\",\"@graph\":[{\"@type\":\"Article\",\"@id\":\"https:\\\/\\\/www.diariodeouropreto.com.br\\\/ouro-preto-recebe-lancamento-do-livro-de-myriam-ribeiro-especialista-na-obra-de-aleijadinho-e-da-historia-da-arte-sacra-brasileira\\\/#article\",\"isPartOf\":{\"@id\":\"https:\\\/\\\/www.diariodeouropreto.com.br\\\/ouro-preto-recebe-lancamento-do-livro-de-myriam-ribeiro-especialista-na-obra-de-aleijadinho-e-da-historia-da-arte-sacra-brasileira\\\/\"},\"author\":{\"name\":\"Di\u00e1rio de Ouro Preto\",\"@id\":\"https:\\\/\\\/www.diariodeouropreto.com.br\\\/pt\\\/#\\\/schema\\\/person\\\/7654e7b471204a6dab6dc0ce6e140c99\"},\"headline\":\"Ouro Preto recebe lan\u00e7amento do livro de Myriam Ribeiro, especialista na obra de Aleijadinho e da Hist\u00f3ria da Arte Sacra Brasileira\",\"datePublished\":\"2026-03-03T18:30:00+00:00\",\"mainEntityOfPage\":{\"@id\":\"https:\\\/\\\/www.diariodeouropreto.com.br\\\/ouro-preto-recebe-lancamento-do-livro-de-myriam-ribeiro-especialista-na-obra-de-aleijadinho-e-da-historia-da-arte-sacra-brasileira\\\/\"},\"wordCount\":789,\"publisher\":{\"@id\":\"https:\\\/\\\/www.diariodeouropreto.com.br\\\/pt\\\/#organization\"},\"image\":{\"@id\":\"https:\\\/\\\/www.diariodeouropreto.com.br\\\/ouro-preto-recebe-lancamento-do-livro-de-myriam-ribeiro-especialista-na-obra-de-aleijadinho-e-da-historia-da-arte-sacra-brasileira\\\/#primaryimage\"},\"thumbnailUrl\":\"https:\\\/\\\/www.diariodeouropreto.com.br\\\/wp-content\\\/uploads\\\/2026\\\/03\\\/b416432eef63fe76896d9d5697dcd4ae.jpg\",\"keywords\":[\"Lan\u00e7amento\",\"Literatura\",\"Ouro Preto\"],\"articleSection\":[\"Cultura, Artes e Patrim\u00f4nio\"],\"inLanguage\":\"pt-PT\"},{\"@type\":\"WebPage\",\"@id\":\"https:\\\/\\\/www.diariodeouropreto.com.br\\\/ouro-preto-recebe-lancamento-do-livro-de-myriam-ribeiro-especialista-na-obra-de-aleijadinho-e-da-historia-da-arte-sacra-brasileira\\\/\",\"url\":\"https:\\\/\\\/www.diariodeouropreto.com.br\\\/ouro-preto-recebe-lancamento-do-livro-de-myriam-ribeiro-especialista-na-obra-de-aleijadinho-e-da-historia-da-arte-sacra-brasileira\\\/\",\"name\":\"Ouro Preto recebe lan\u00e7amento do livro de Myriam Ribeiro, especialista na obra de Aleijadinho e da Hist\u00f3ria da Arte Sacra Brasileira - Di\u00e1rio de Ouro Preto\",\"isPartOf\":{\"@id\":\"https:\\\/\\\/www.diariodeouropreto.com.br\\\/pt\\\/#website\"},\"primaryImageOfPage\":{\"@id\":\"https:\\\/\\\/www.diariodeouropreto.com.br\\\/ouro-preto-recebe-lancamento-do-livro-de-myriam-ribeiro-especialista-na-obra-de-aleijadinho-e-da-historia-da-arte-sacra-brasileira\\\/#primaryimage\"},\"image\":{\"@id\":\"https:\\\/\\\/www.diariodeouropreto.com.br\\\/ouro-preto-recebe-lancamento-do-livro-de-myriam-ribeiro-especialista-na-obra-de-aleijadinho-e-da-historia-da-arte-sacra-brasileira\\\/#primaryimage\"},\"thumbnailUrl\":\"https:\\\/\\\/www.diariodeouropreto.com.br\\\/wp-content\\\/uploads\\\/2026\\\/03\\\/b416432eef63fe76896d9d5697dcd4ae.jpg\",\"datePublished\":\"2026-03-03T18:30:00+00:00\",\"description\":\"Escrito pela historiadora, o livro parte de sua forma\u00e7\u00e3o na Universidade Cat\u00f3lica de Louvain, na B\u00e9lgica, na d\u00e9cada de 1960, onde tamb\u00e9m defendeu sua disserta\u00e7\u00e3o de mestrado sobre os Passos do Aleijadinho em Congonhas - Ouro Preto recebe lan\u00e7amento do livro de Myriam Ribeiro, especialista na obra de Aleijadinho e da Hist\u00f3ria da Arte Sacra Brasileira\",\"breadcrumb\":{\"@id\":\"https:\\\/\\\/www.diariodeouropreto.com.br\\\/ouro-preto-recebe-lancamento-do-livro-de-myriam-ribeiro-especialista-na-obra-de-aleijadinho-e-da-historia-da-arte-sacra-brasileira\\\/#breadcrumb\"},\"inLanguage\":\"pt-PT\",\"potentialAction\":[{\"@type\":\"ReadAction\",\"target\":[\"https:\\\/\\\/www.diariodeouropreto.com.br\\\/ouro-preto-recebe-lancamento-do-livro-de-myriam-ribeiro-especialista-na-obra-de-aleijadinho-e-da-historia-da-arte-sacra-brasileira\\\/\"]}]},{\"@type\":\"ImageObject\",\"inLanguage\":\"pt-PT\",\"@id\":\"https:\\\/\\\/www.diariodeouropreto.com.br\\\/ouro-preto-recebe-lancamento-do-livro-de-myriam-ribeiro-especialista-na-obra-de-aleijadinho-e-da-historia-da-arte-sacra-brasileira\\\/#primaryimage\",\"url\":\"https:\\\/\\\/www.diariodeouropreto.com.br\\\/wp-content\\\/uploads\\\/2026\\\/03\\\/b416432eef63fe76896d9d5697dcd4ae.jpg\",\"contentUrl\":\"https:\\\/\\\/www.diariodeouropreto.com.br\\\/wp-content\\\/uploads\\\/2026\\\/03\\\/b416432eef63fe76896d9d5697dcd4ae.jpg\",\"width\":640,\"height\":800},{\"@type\":\"BreadcrumbList\",\"@id\":\"https:\\\/\\\/www.diariodeouropreto.com.br\\\/ouro-preto-recebe-lancamento-do-livro-de-myriam-ribeiro-especialista-na-obra-de-aleijadinho-e-da-historia-da-arte-sacra-brasileira\\\/#breadcrumb\",\"itemListElement\":[{\"@type\":\"ListItem\",\"position\":1,\"name\":\"In\u00edcio\",\"item\":\"https:\\\/\\\/www.diariodeouropreto.com.br\\\/pt\\\/\"},{\"@type\":\"ListItem\",\"position\":2,\"name\":\"Ouro Preto recebe lan\u00e7amento do livro de Myriam Ribeiro, especialista na obra de Aleijadinho e da Hist\u00f3ria da Arte Sacra Brasileira\"}]},{\"@type\":\"WebSite\",\"@id\":\"https:\\\/\\\/www.diariodeouropreto.com.br\\\/pt\\\/#website\",\"url\":\"https:\\\/\\\/www.diariodeouropreto.com.br\\\/pt\\\/\",\"name\":\"Di\u00e1rio de Ouro Preto\",\"description\":\"Not\u00edcias Ouro Preto; Mariana;Minas Gerais;Jornal;Jornalismo;Not\u00edcias;\",\"publisher\":{\"@id\":\"https:\\\/\\\/www.diariodeouropreto.com.br\\\/pt\\\/#organization\"},\"alternateName\":\"Jornal di\u00e1rio de Ouro Preto\",\"potentialAction\":[{\"@type\":\"SearchAction\",\"target\":{\"@type\":\"EntryPoint\",\"urlTemplate\":\"https:\\\/\\\/www.diariodeouropreto.com.br\\\/pt\\\/?s={search_term_string}\"},\"query-input\":{\"@type\":\"PropertyValueSpecification\",\"valueRequired\":true,\"valueName\":\"search_term_string\"}}],\"inLanguage\":\"pt-PT\"},{\"@type\":\"Organization\",\"@id\":\"https:\\\/\\\/www.diariodeouropreto.com.br\\\/pt\\\/#organization\",\"name\":\"Di\u00e1rio de Ouro Preto\",\"alternateName\":\"Jornal di\u00e1rio Ouro Preto\",\"url\":\"https:\\\/\\\/www.diariodeouropreto.com.br\\\/pt\\\/\",\"logo\":{\"@type\":\"ImageObject\",\"inLanguage\":\"pt-PT\",\"@id\":\"https:\\\/\\\/www.diariodeouropreto.com.br\\\/pt\\\/#\\\/schema\\\/logo\\\/image\\\/\",\"url\":\"https:\\\/\\\/www.diariodeouropreto.com.br\\\/wp-content\\\/uploads\\\/2019\\\/06\\\/cropped-logotransp-2.png\",\"contentUrl\":\"https:\\\/\\\/www.diariodeouropreto.com.br\\\/wp-content\\\/uploads\\\/2019\\\/06\\\/cropped-logotransp-2.png\",\"width\":1323,\"height\":251,\"caption\":\"Di\u00e1rio de Ouro Preto\"},\"image\":{\"@id\":\"https:\\\/\\\/www.diariodeouropreto.com.br\\\/pt\\\/#\\\/schema\\\/logo\\\/image\\\/\"},\"sameAs\":[\"https:\\\/\\\/www.facebook.com\\\/diariodeouropreto\\\/\"]},{\"@type\":\"Person\",\"@id\":\"https:\\\/\\\/www.diariodeouropreto.com.br\\\/pt\\\/#\\\/schema\\\/person\\\/7654e7b471204a6dab6dc0ce6e140c99\",\"name\":\"Di\u00e1rio de Ouro Preto\",\"sameAs\":[\"http:\\\/\\\/www.diariodeouropreto.com.br\"],\"url\":\"https:\\\/\\\/www.diariodeouropreto.com.br\\\/pt\\\/author\\\/diario\\\/\"}]}<\/script>\n<!-- \/ Yoast SEO plugin. -->","yoast_head_json":{"title":"Ouro Preto recebe lan\u00e7amento do livro de Myriam Ribeiro, especialista na obra de Aleijadinho e da Hist\u00f3ria da Arte Sacra Brasileira - Di\u00e1rio de Ouro Preto","description":"Escrito pela historiadora, o livro parte de sua forma\u00e7\u00e3o na Universidade Cat\u00f3lica de Louvain, na B\u00e9lgica, na d\u00e9cada de 1960, onde tamb\u00e9m defendeu sua disserta\u00e7\u00e3o de mestrado sobre os Passos do Aleijadinho em Congonhas - Ouro Preto recebe lan\u00e7amento do livro de Myriam Ribeiro, especialista na obra de Aleijadinho e da Hist\u00f3ria da Arte Sacra Brasileira","robots":{"index":"index","follow":"follow","max-snippet":"max-snippet:-1","max-image-preview":"max-image-preview:large","max-video-preview":"max-video-preview:-1"},"canonical":"https:\/\/www.diariodeouropreto.com.br\/pt\/ouro-preto-recebe-lancamento-do-livro-de-myriam-ribeiro-especialista-na-obra-de-aleijadinho-e-da-historia-da-arte-sacra-brasileira\/","og_locale":"pt_PT","og_type":"article","og_title":"Ouro Preto recebe lan\u00e7amento do livro de Myriam Ribeiro, especialista na obra de Aleijadinho e da Hist\u00f3ria da Arte Sacra Brasileira - Di\u00e1rio de Ouro Preto","og_description":"Escrito pela historiadora, o livro parte de sua forma\u00e7\u00e3o na Universidade Cat\u00f3lica de Louvain, na B\u00e9lgica, na d\u00e9cada de 1960, onde tamb\u00e9m defendeu sua disserta\u00e7\u00e3o de mestrado sobre os Passos do Aleijadinho em Congonhas - Ouro Preto recebe lan\u00e7amento do livro de Myriam Ribeiro, especialista na obra de Aleijadinho e da Hist\u00f3ria da Arte Sacra Brasileira","og_url":"https:\/\/www.diariodeouropreto.com.br\/pt\/ouro-preto-recebe-lancamento-do-livro-de-myriam-ribeiro-especialista-na-obra-de-aleijadinho-e-da-historia-da-arte-sacra-brasileira\/","og_site_name":"Di\u00e1rio de Ouro Preto","article_publisher":"https:\/\/www.facebook.com\/diariodeouropreto\/","article_published_time":"2026-03-03T18:30:00+00:00","og_image":[{"width":640,"height":800,"url":"https:\/\/www.diariodeouropreto.com.br\/wp-content\/uploads\/2026\/03\/b416432eef63fe76896d9d5697dcd4ae.jpg","type":"image\/jpeg"}],"author":"Di\u00e1rio de Ouro Preto","twitter_card":"summary_large_image","twitter_misc":{"Escrito por":"Di\u00e1rio de Ouro Preto","Tempo estimado de leitura":"4 minutos"},"schema":{"@context":"https:\/\/schema.org","@graph":[{"@type":"Article","@id":"https:\/\/www.diariodeouropreto.com.br\/ouro-preto-recebe-lancamento-do-livro-de-myriam-ribeiro-especialista-na-obra-de-aleijadinho-e-da-historia-da-arte-sacra-brasileira\/#article","isPartOf":{"@id":"https:\/\/www.diariodeouropreto.com.br\/ouro-preto-recebe-lancamento-do-livro-de-myriam-ribeiro-especialista-na-obra-de-aleijadinho-e-da-historia-da-arte-sacra-brasileira\/"},"author":{"name":"Di\u00e1rio de Ouro Preto","@id":"https:\/\/www.diariodeouropreto.com.br\/pt\/#\/schema\/person\/7654e7b471204a6dab6dc0ce6e140c99"},"headline":"Ouro Preto recebe lan\u00e7amento do livro de Myriam Ribeiro, especialista na obra de Aleijadinho e da Hist\u00f3ria da Arte Sacra Brasileira","datePublished":"2026-03-03T18:30:00+00:00","mainEntityOfPage":{"@id":"https:\/\/www.diariodeouropreto.com.br\/ouro-preto-recebe-lancamento-do-livro-de-myriam-ribeiro-especialista-na-obra-de-aleijadinho-e-da-historia-da-arte-sacra-brasileira\/"},"wordCount":789,"publisher":{"@id":"https:\/\/www.diariodeouropreto.com.br\/pt\/#organization"},"image":{"@id":"https:\/\/www.diariodeouropreto.com.br\/ouro-preto-recebe-lancamento-do-livro-de-myriam-ribeiro-especialista-na-obra-de-aleijadinho-e-da-historia-da-arte-sacra-brasileira\/#primaryimage"},"thumbnailUrl":"https:\/\/www.diariodeouropreto.com.br\/wp-content\/uploads\/2026\/03\/b416432eef63fe76896d9d5697dcd4ae.jpg","keywords":["Lan\u00e7amento","Literatura","Ouro Preto"],"articleSection":["Cultura, Artes e Patrim\u00f4nio"],"inLanguage":"pt-PT"},{"@type":"WebPage","@id":"https:\/\/www.diariodeouropreto.com.br\/ouro-preto-recebe-lancamento-do-livro-de-myriam-ribeiro-especialista-na-obra-de-aleijadinho-e-da-historia-da-arte-sacra-brasileira\/","url":"https:\/\/www.diariodeouropreto.com.br\/ouro-preto-recebe-lancamento-do-livro-de-myriam-ribeiro-especialista-na-obra-de-aleijadinho-e-da-historia-da-arte-sacra-brasileira\/","name":"Ouro Preto recebe lan\u00e7amento do livro de Myriam Ribeiro, especialista na obra de Aleijadinho e da Hist\u00f3ria da Arte Sacra Brasileira - Di\u00e1rio de Ouro Preto","isPartOf":{"@id":"https:\/\/www.diariodeouropreto.com.br\/pt\/#website"},"primaryImageOfPage":{"@id":"https:\/\/www.diariodeouropreto.com.br\/ouro-preto-recebe-lancamento-do-livro-de-myriam-ribeiro-especialista-na-obra-de-aleijadinho-e-da-historia-da-arte-sacra-brasileira\/#primaryimage"},"image":{"@id":"https:\/\/www.diariodeouropreto.com.br\/ouro-preto-recebe-lancamento-do-livro-de-myriam-ribeiro-especialista-na-obra-de-aleijadinho-e-da-historia-da-arte-sacra-brasileira\/#primaryimage"},"thumbnailUrl":"https:\/\/www.diariodeouropreto.com.br\/wp-content\/uploads\/2026\/03\/b416432eef63fe76896d9d5697dcd4ae.jpg","datePublished":"2026-03-03T18:30:00+00:00","description":"Escrito pela historiadora, o livro parte de sua forma\u00e7\u00e3o na Universidade Cat\u00f3lica de Louvain, na B\u00e9lgica, na d\u00e9cada de 1960, onde tamb\u00e9m defendeu sua disserta\u00e7\u00e3o de mestrado sobre os Passos do Aleijadinho em Congonhas - Ouro Preto recebe lan\u00e7amento do livro de Myriam Ribeiro, especialista na obra de Aleijadinho e da Hist\u00f3ria da Arte Sacra Brasileira","breadcrumb":{"@id":"https:\/\/www.diariodeouropreto.com.br\/ouro-preto-recebe-lancamento-do-livro-de-myriam-ribeiro-especialista-na-obra-de-aleijadinho-e-da-historia-da-arte-sacra-brasileira\/#breadcrumb"},"inLanguage":"pt-PT","potentialAction":[{"@type":"ReadAction","target":["https:\/\/www.diariodeouropreto.com.br\/ouro-preto-recebe-lancamento-do-livro-de-myriam-ribeiro-especialista-na-obra-de-aleijadinho-e-da-historia-da-arte-sacra-brasileira\/"]}]},{"@type":"ImageObject","inLanguage":"pt-PT","@id":"https:\/\/www.diariodeouropreto.com.br\/ouro-preto-recebe-lancamento-do-livro-de-myriam-ribeiro-especialista-na-obra-de-aleijadinho-e-da-historia-da-arte-sacra-brasileira\/#primaryimage","url":"https:\/\/www.diariodeouropreto.com.br\/wp-content\/uploads\/2026\/03\/b416432eef63fe76896d9d5697dcd4ae.jpg","contentUrl":"https:\/\/www.diariodeouropreto.com.br\/wp-content\/uploads\/2026\/03\/b416432eef63fe76896d9d5697dcd4ae.jpg","width":640,"height":800},{"@type":"BreadcrumbList","@id":"https:\/\/www.diariodeouropreto.com.br\/ouro-preto-recebe-lancamento-do-livro-de-myriam-ribeiro-especialista-na-obra-de-aleijadinho-e-da-historia-da-arte-sacra-brasileira\/#breadcrumb","itemListElement":[{"@type":"ListItem","position":1,"name":"In\u00edcio","item":"https:\/\/www.diariodeouropreto.com.br\/pt\/"},{"@type":"ListItem","position":2,"name":"Ouro Preto recebe lan\u00e7amento do livro de Myriam Ribeiro, especialista na obra de Aleijadinho e da Hist\u00f3ria da Arte Sacra Brasileira"}]},{"@type":"WebSite","@id":"https:\/\/www.diariodeouropreto.com.br\/pt\/#website","url":"https:\/\/www.diariodeouropreto.com.br\/pt\/","name":"Di\u00e1rio de Ouro Preto","description":"Not\u00edcias Ouro Preto; Mariana;Minas Gerais;Jornal;Jornalismo;Not\u00edcias;","publisher":{"@id":"https:\/\/www.diariodeouropreto.com.br\/pt\/#organization"},"alternateName":"Jornal di\u00e1rio de Ouro Preto","potentialAction":[{"@type":"SearchAction","target":{"@type":"EntryPoint","urlTemplate":"https:\/\/www.diariodeouropreto.com.br\/pt\/?s={search_term_string}"},"query-input":{"@type":"PropertyValueSpecification","valueRequired":true,"valueName":"search_term_string"}}],"inLanguage":"pt-PT"},{"@type":"Organization","@id":"https:\/\/www.diariodeouropreto.com.br\/pt\/#organization","name":"Di\u00e1rio de Ouro Preto","alternateName":"Jornal di\u00e1rio Ouro Preto","url":"https:\/\/www.diariodeouropreto.com.br\/pt\/","logo":{"@type":"ImageObject","inLanguage":"pt-PT","@id":"https:\/\/www.diariodeouropreto.com.br\/pt\/#\/schema\/logo\/image\/","url":"https:\/\/www.diariodeouropreto.com.br\/wp-content\/uploads\/2019\/06\/cropped-logotransp-2.png","contentUrl":"https:\/\/www.diariodeouropreto.com.br\/wp-content\/uploads\/2019\/06\/cropped-logotransp-2.png","width":1323,"height":251,"caption":"Di\u00e1rio de Ouro Preto"},"image":{"@id":"https:\/\/www.diariodeouropreto.com.br\/pt\/#\/schema\/logo\/image\/"},"sameAs":["https:\/\/www.facebook.com\/diariodeouropreto\/"]},{"@type":"Person","@id":"https:\/\/www.diariodeouropreto.com.br\/pt\/#\/schema\/person\/7654e7b471204a6dab6dc0ce6e140c99","name":"Di\u00e1rio de Ouro Preto","sameAs":["http:\/\/www.diariodeouropreto.com.br"],"url":"https:\/\/www.diariodeouropreto.com.br\/pt\/author\/diario\/"}]}},"jetpack_publicize_connections":[],"jetpack_featured_media_url":"https:\/\/www.diariodeouropreto.com.br\/wp-content\/uploads\/2026\/03\/b416432eef63fe76896d9d5697dcd4ae.jpg","jetpack-related-posts":[{"id":5636,"url":"https:\/\/www.diariodeouropreto.com.br\/pt\/barroco-reflete-importancia-de-minas-no-cenario-nacional\/","url_meta":{"origin":50705,"position":0},"title":"Barroco reflete import\u00e2ncia de Minas no cen\u00e1rio nacional","author":"Di\u00e1rio de Ouro Preto","date":"18 de Novembro de 2020","format":false,"excerpt":"Se a It\u00e1lia teve o pintor Caravaggio e o escultor Bernini como principais expoentes do Barroco,\u00a0Minas Gerais\u00a0teve Ant\u00f4nio Francisco de Lisboa,\u00a0o Aleijadinho, cujas obras tamb\u00e9m s\u00e3o apreciadas no mundo inteiro. Al\u00e9m de ter deixado um imenso\u00a0legado hist\u00f3rico-cultural, em v\u00e1rias cidades mineiras, o artista imprimiu sua marca pessoal ao estilo que\u2026","rel":"","context":"In &quot;Cultura, Artes e Patrim\u00f4nio&quot;","block_context":{"text":"Cultura, Artes e Patrim\u00f4nio","link":"https:\/\/www.diariodeouropreto.com.br\/pt\/Editoria\/culturaeartes\/"},"img":{"alt_text":"","src":"https:\/\/i0.wp.com\/www.diariodeouropreto.com.br\/wp-content\/uploads\/2020\/11\/IMG_4344-2-e1605731761542.jpg?resize=350%2C200&ssl=1","width":350,"height":200,"srcset":"https:\/\/i0.wp.com\/www.diariodeouropreto.com.br\/wp-content\/uploads\/2020\/11\/IMG_4344-2-e1605731761542.jpg?resize=350%2C200&ssl=1 1x, https:\/\/i0.wp.com\/www.diariodeouropreto.com.br\/wp-content\/uploads\/2020\/11\/IMG_4344-2-e1605731761542.jpg?resize=525%2C300&ssl=1 1.5x, https:\/\/i0.wp.com\/www.diariodeouropreto.com.br\/wp-content\/uploads\/2020\/11\/IMG_4344-2-e1605731761542.jpg?resize=700%2C400&ssl=1 2x"},"classes":[]},{"id":23203,"url":"https:\/\/www.diariodeouropreto.com.br\/pt\/ufmg-confirma-autoria-de-imagem-sacra-de-sao-francisco-a-aleijadinho\/","url_meta":{"origin":50705,"position":1},"title":"UFMG confirma autoria de imagem sacra de S\u00e3o Francisco a Aleijadinho","author":"Di\u00e1rio de Ouro Preto","date":"13 de Maio de 2023","format":false,"excerpt":"Pe\u00e7a sacra do s\u00e9culo 18 foi devolvida a Cipot\u00e2nea, no interior de MG O Centro de Conserva\u00e7\u00e3o e Restaura\u00e7\u00e3o de Bens Culturais (Cecor) da Escola de Belas Artes da Universidade Federal de Minas Gerais (EBA\/UFMG) atribuiu mais uma imagem sacra ao escultor, arquiteto e entalhador Antonio Francisco Lisboa, o Aleijadinho,\u2026","rel":"","context":"In &quot;Cultura, Artes e Patrim\u00f4nio&quot;","block_context":{"text":"Cultura, Artes e Patrim\u00f4nio","link":"https:\/\/www.diariodeouropreto.com.br\/pt\/Editoria\/culturaeartes\/"},"img":{"alt_text":"","src":"https:\/\/i0.wp.com\/www.diariodeouropreto.com.br\/wp-content\/uploads\/2023\/05\/aleijadinho_2.jpg?resize=350%2C200&ssl=1","width":350,"height":200,"srcset":"https:\/\/i0.wp.com\/www.diariodeouropreto.com.br\/wp-content\/uploads\/2023\/05\/aleijadinho_2.jpg?resize=350%2C200&ssl=1 1x, https:\/\/i0.wp.com\/www.diariodeouropreto.com.br\/wp-content\/uploads\/2023\/05\/aleijadinho_2.jpg?resize=525%2C300&ssl=1 1.5x, https:\/\/i0.wp.com\/www.diariodeouropreto.com.br\/wp-content\/uploads\/2023\/05\/aleijadinho_2.jpg?resize=700%2C400&ssl=1 2x, https:\/\/i0.wp.com\/www.diariodeouropreto.com.br\/wp-content\/uploads\/2023\/05\/aleijadinho_2.jpg?resize=1050%2C600&ssl=1 3x"},"classes":[]},{"id":30349,"url":"https:\/\/www.diariodeouropreto.com.br\/pt\/faleceu-hoje-rui-mourao-ex-diretor-do-museu-da-inconfidencia-veja-o-texto-que-escreveu-para-o-aniversario-de-ouro-preto-em-2017\/","url_meta":{"origin":50705,"position":2},"title":"Faleceu hoje Rui Mour\u00e3o ex-diretor do Museu da Inconfid\u00eancia- Veja o texto que escreveu para o anivers\u00e1rio de Ouro Preto em 2017","author":"Di\u00e1rio de Ouro Preto","date":"18 de Fevereiro de 2024","format":false,"excerpt":"ALEIJADINHO AINDA CONTESTADO Autor de obra de extrema grandeza, reconhecido pela consci\u00eancia cr\u00edtica mais avan\u00e7ada como marco zero de uma tradi\u00e7\u00e3o art\u00edstica tipicamente latino-americana, Ant\u00f4nio Francisco Lisboa, o Aleijadinho, devido a mol\u00e9stia que o levou quase \u00e0 beira da incapacidade f\u00edsica e \u00e0 circunst\u00e2ncia do aparecimento tardio das informa\u00e7\u00f5es hist\u00f3ricas\u2026","rel":"","context":"In &quot;Minas Gerais&quot;","block_context":{"text":"Minas Gerais","link":"https:\/\/www.diariodeouropreto.com.br\/pt\/Editoria\/minas-gerais\/"},"img":{"alt_text":"","src":"https:\/\/i0.wp.com\/www.diariodeouropreto.com.br\/wp-content\/uploads\/2024\/02\/Foto_Rui-Mourao.jpg?resize=350%2C200&ssl=1","width":350,"height":200,"srcset":"https:\/\/i0.wp.com\/www.diariodeouropreto.com.br\/wp-content\/uploads\/2024\/02\/Foto_Rui-Mourao.jpg?resize=350%2C200&ssl=1 1x, https:\/\/i0.wp.com\/www.diariodeouropreto.com.br\/wp-content\/uploads\/2024\/02\/Foto_Rui-Mourao.jpg?resize=525%2C300&ssl=1 1.5x"},"classes":[]},{"id":26474,"url":"https:\/\/www.diariodeouropreto.com.br\/pt\/ouro-preto-ganha-exposicao-virtual-sobre-a-vida-e-a-obra-de-aleijadinho\/","url_meta":{"origin":50705,"position":3},"title":"Ouro Preto ganha exposi\u00e7\u00e3o virtual sobre a vida e a obra de Aleijadinho","author":"Di\u00e1rio de Ouro Preto","date":"30 de Outubro de 2023","format":false,"excerpt":"A mostra come\u00e7a em novembro, m\u00eas da morte do artista, no Museu da Inconfid\u00eancia A exposi\u00e7\u00e3o \u2018Aleijadinho Virtual \u2013 O primeiro artista brasileiro\u2019 vai acontecer a partir do dia 11 de novembro no Museu da Inconfid\u00eancia em Ouro Preto. A mostra vai reunir, de forma in\u00e9dita, a vida e as\u2026","rel":"","context":"In &quot;Variedades&quot;","block_context":{"text":"Variedades","link":"https:\/\/www.diariodeouropreto.com.br\/pt\/Editoria\/variedades\/"},"img":{"alt_text":"","src":"https:\/\/i0.wp.com\/www.diariodeouropreto.com.br\/wp-content\/uploads\/2023\/10\/Na-experiencia-virtual-o-visitante-tera-a-oportunidade-de-entrar-na-Igreja-de-Sao-Francisco-considerada-uma-das-obras-primas-de-Aleijadinho.jpg?resize=350%2C200&ssl=1","width":350,"height":200,"srcset":"https:\/\/i0.wp.com\/www.diariodeouropreto.com.br\/wp-content\/uploads\/2023\/10\/Na-experiencia-virtual-o-visitante-tera-a-oportunidade-de-entrar-na-Igreja-de-Sao-Francisco-considerada-uma-das-obras-primas-de-Aleijadinho.jpg?resize=350%2C200&ssl=1 1x, https:\/\/i0.wp.com\/www.diariodeouropreto.com.br\/wp-content\/uploads\/2023\/10\/Na-experiencia-virtual-o-visitante-tera-a-oportunidade-de-entrar-na-Igreja-de-Sao-Francisco-considerada-uma-das-obras-primas-de-Aleijadinho.jpg?resize=525%2C300&ssl=1 1.5x, https:\/\/i0.wp.com\/www.diariodeouropreto.com.br\/wp-content\/uploads\/2023\/10\/Na-experiencia-virtual-o-visitante-tera-a-oportunidade-de-entrar-na-Igreja-de-Sao-Francisco-considerada-uma-das-obras-primas-de-Aleijadinho.jpg?resize=700%2C400&ssl=1 2x, https:\/\/i0.wp.com\/www.diariodeouropreto.com.br\/wp-content\/uploads\/2023\/10\/Na-experiencia-virtual-o-visitante-tera-a-oportunidade-de-entrar-na-Igreja-de-Sao-Francisco-considerada-uma-das-obras-primas-de-Aleijadinho.jpg?resize=1050%2C600&ssl=1 3x"},"classes":[]},{"id":37160,"url":"https:\/\/www.diariodeouropreto.com.br\/pt\/esculturas-de-aleijadinho-retornam-as-capelas-dos-passos-em-congonhas\/","url_meta":{"origin":50705,"position":4},"title":"Esculturas de Aleijadinho retornam \u00e0s Capelas dos Passos, em Congonhas","author":"Di\u00e1rio de Ouro Preto","date":"19 de Agosto de 2024","format":false,"excerpt":"As 64 esculturas sacras passaram por um processo de desinfesta\u00e7\u00e3o, que teve in\u00edcio em outubro de 2023. As capelas tamb\u00e9m passaram por limpeza e reparos Reconhecidas como uma das mais importantes obras do barroco mundial, as 64 esculturas esculpidas por Ant\u00f4nio Francisco Lisboa, o Aleijadinho, retornaram na \u00faltima sexta-feira (09),\u2026","rel":"","context":"In &quot;Cultura, Artes e Patrim\u00f4nio&quot;","block_context":{"text":"Cultura, Artes e Patrim\u00f4nio","link":"https:\/\/www.diariodeouropreto.com.br\/pt\/Editoria\/culturaeartes\/"},"img":{"alt_text":"","src":"https:\/\/i0.wp.com\/www.diariodeouropreto.com.br\/wp-content\/uploads\/2024\/08\/Andre-Basil-Iphan.jpeg?resize=350%2C200&ssl=1","width":350,"height":200,"srcset":"https:\/\/i0.wp.com\/www.diariodeouropreto.com.br\/wp-content\/uploads\/2024\/08\/Andre-Basil-Iphan.jpeg?resize=350%2C200&ssl=1 1x, https:\/\/i0.wp.com\/www.diariodeouropreto.com.br\/wp-content\/uploads\/2024\/08\/Andre-Basil-Iphan.jpeg?resize=525%2C300&ssl=1 1.5x, https:\/\/i0.wp.com\/www.diariodeouropreto.com.br\/wp-content\/uploads\/2024\/08\/Andre-Basil-Iphan.jpeg?resize=700%2C400&ssl=1 2x"},"classes":[]},{"id":50887,"url":"https:\/\/www.diariodeouropreto.com.br\/pt\/coluna-tiquinho-politica-ministro-da-educacao-visita-campus-da-ufop\/","url_meta":{"origin":50705,"position":5},"title":"[Coluna Tiquinho Pol\u00edtica] Ministro da Educa\u00e7\u00e3o visita Campus da Ufop","author":"Marcelino Castro","date":"15 de Mar\u00e7o de 2026","format":false,"excerpt":"Ouro Preto - Dia de visita ilustre, uma tarde chuvosa de quarta-feira, 11\/03, depois de subir a Curva do Vento acelerando e chegar na Vila Oper\u00e1ria, pensar no capim no meio do cal\u00e7amento que pode nos fazer chiar, alcan\u00e7amos finalmente o asfalto e j\u00e1 estamos nos pr\u00e9dios de alojamentos da\u2026","rel":"","context":"In &quot;Coluna&quot;","block_context":{"text":"Coluna","link":"https:\/\/www.diariodeouropreto.com.br\/pt\/Editoria\/coluna\/"},"img":{"alt_text":"","src":"https:\/\/i0.wp.com\/www.diariodeouropreto.com.br\/wp-content\/uploads\/2026\/03\/WhatsApp-Image-2026-03-12-at-18.20.05.jpg?resize=350%2C200&ssl=1","width":350,"height":200,"srcset":"https:\/\/i0.wp.com\/www.diariodeouropreto.com.br\/wp-content\/uploads\/2026\/03\/WhatsApp-Image-2026-03-12-at-18.20.05.jpg?resize=350%2C200&ssl=1 1x, https:\/\/i0.wp.com\/www.diariodeouropreto.com.br\/wp-content\/uploads\/2026\/03\/WhatsApp-Image-2026-03-12-at-18.20.05.jpg?resize=525%2C300&ssl=1 1.5x, https:\/\/i0.wp.com\/www.diariodeouropreto.com.br\/wp-content\/uploads\/2026\/03\/WhatsApp-Image-2026-03-12-at-18.20.05.jpg?resize=700%2C400&ssl=1 2x, https:\/\/i0.wp.com\/www.diariodeouropreto.com.br\/wp-content\/uploads\/2026\/03\/WhatsApp-Image-2026-03-12-at-18.20.05.jpg?resize=1050%2C600&ssl=1 3x"},"classes":[]}],"jetpack_sharing_enabled":true,"amp_enabled":true,"_links":{"self":[{"href":"https:\/\/www.diariodeouropreto.com.br\/pt\/wp-json\/wp\/v2\/posts\/50705","targetHints":{"allow":["GET"]}}],"collection":[{"href":"https:\/\/www.diariodeouropreto.com.br\/pt\/wp-json\/wp\/v2\/posts"}],"about":[{"href":"https:\/\/www.diariodeouropreto.com.br\/pt\/wp-json\/wp\/v2\/types\/post"}],"author":[{"embeddable":true,"href":"https:\/\/www.diariodeouropreto.com.br\/pt\/wp-json\/wp\/v2\/users\/1"}],"replies":[{"embeddable":true,"href":"https:\/\/www.diariodeouropreto.com.br\/pt\/wp-json\/wp\/v2\/comments?post=50705"}],"version-history":[{"count":1,"href":"https:\/\/www.diariodeouropreto.com.br\/pt\/wp-json\/wp\/v2\/posts\/50705\/revisions"}],"predecessor-version":[{"id":50708,"href":"https:\/\/www.diariodeouropreto.com.br\/pt\/wp-json\/wp\/v2\/posts\/50705\/revisions\/50708"}],"wp:featuredmedia":[{"embeddable":true,"href":"https:\/\/www.diariodeouropreto.com.br\/pt\/wp-json\/wp\/v2\/media\/50706"}],"wp:attachment":[{"href":"https:\/\/www.diariodeouropreto.com.br\/pt\/wp-json\/wp\/v2\/media?parent=50705"}],"wp:term":[{"taxonomy":"category","embeddable":true,"href":"https:\/\/www.diariodeouropreto.com.br\/pt\/wp-json\/wp\/v2\/categories?post=50705"},{"taxonomy":"post_tag","embeddable":true,"href":"https:\/\/www.diariodeouropreto.com.br\/pt\/wp-json\/wp\/v2\/tags?post=50705"}],"curies":[{"name":"wp","href":"https:\/\/api.w.org\/{rel}","templated":true}]}}