{"id":50700,"date":"2026-03-03T15:14:34","date_gmt":"2026-03-03T18:14:34","guid":{"rendered":"https:\/\/www.diariodeouropreto.com.br\/?p=50700"},"modified":"2026-03-03T15:14:37","modified_gmt":"2026-03-03T18:14:37","slug":"coluna-musical-um-album-imperdivel","status":"publish","type":"post","link":"https:\/\/www.diariodeouropreto.com.br\/pt\/coluna-musical-um-album-imperdivel\/","title":{"rendered":"[Coluna Musical] Um \u00e1lbum imperd\u00edvel"},"content":{"rendered":"<p>Hoje trataremos de um CD que \u00e9 mais do que o registro sonoro de um trio de instrumentistas, \u00e9 um documento preservacionista cultural e um poderoso propagador do ukelele, instrumento que poucos se d\u00e3o conta de sua exist\u00eancia, tampouco de sua sonoridade diferenciada. Refiro-me a <em>The Curupira Concert <\/em>(lan\u00e7amento digital independente) do ukelelista Jo\u00e3o Tostes, gravado ao vivo com o pianista Felipe Moreira e o baixista Diogo Fernandes num concerto realizado no Instituto Curupira de Barbacena (MG). Ta\u00ed um disco que j\u00e1 nasce hist\u00f3rico.<\/p>\n\n\n\n<p>Talvez o leitor se lembre de que eu comentei <em>Ukulele Harmonies Live in Niter\u00f3i<\/em> (independente), gravado por Tostes com Vin\u00edcius Vivas. \u00c0 \u00e9poca, perguntei-lhe por que havia decidido fazer do ukelele um instrumento para chamar de seu.&nbsp;<\/p>\n\n\n\n<p>Hoje, voltei a pedir que falasse sobre seu <em>The Curupira Concert<\/em>. Mais uma vez, Tostes n\u00e3o poupou palavras assertivas: \u201cO concerto foi pensado como um show onde eu conversava com o p\u00fablico, falava do repert\u00f3rio, do cen\u00e1rio e do momento que estava vivendo. O registro (&#8230;) \u00e9 tamb\u00e9m \u00e9 um embate pessoal contra o modelo enlatado de m\u00fasica atual. Para tentar um <em>pitch<\/em> do Spotify, por exemplo, \u00e9 necess\u00e1rio estar dentro de um padr\u00e3o que eu n\u00e3o quero ser obrigado a seguir s\u00f3 por conta de algoritmo (&#8230;) Minha m\u00fasica e o resgate da cultura brasileira, insisto e persisto em continuar, n\u00e3o podem ser embalados como se faz com o que est\u00e1 nos &#8220;top-alguma-coisa&#8221; de hoje em dia. Eu quero continuar sendo aut\u00eantico da forma que sempre fui. Resolvi lan\u00e7ar agora porque senti que esse material n\u00e3o podia ficar apenas como mem\u00f3ria privada. Ele ajuda a compreender de onde vieram escolhas est\u00e9ticas que sigo fazendo at\u00e9 hoje (&#8230;)\u201d.&nbsp;<\/p>\n\n\n\n<p>Mais claro, imposs\u00edvel!&nbsp;<\/p>\n\n\n\n<p>Vamos em frente! A plateia, disposta a ouvir algo inusual, est\u00e1 pronta para ser surpreendida e se deixar enebriar. N\u00e3o a vejo, claro, mas sinto que ela est\u00e1 atenta aos detalhes dos arranjos e, sabendo que n\u00e3o ser\u00e1 convidada gritar \u201ctira o p\u00e9 do ch\u00e3o!\u201d (rs), ela \u00e9 toda ouvidos. Os aplausos ao final das interpreta\u00e7\u00f5es do trio de ukelele, piano e baixo (notem que n\u00e3o h\u00e1 instrumentos percussivos) demonstram que ela, a plateia, est\u00e1 embevecida e agradecida pela audi\u00e7\u00e3o do repert\u00f3rio e pelas falas de Tostes. A empatia \u00e9 absoluta!&nbsp;<\/p>\n\n\n\n<p>Assim, os arranjos para \u201cBerimbau\u201d (Baden e Vin\u00edcius), \u201cLamentos\u201d (Pixinguinha e Vin\u00edcius), \u201cGa\u00facho (O Corta-Jaca)\u201d (Chiquinha Gonzaga), \u201cBrasileirinho\u201d (Waldir Azevedo), \u201cAsa Branca\u201d (Luiz Gonzaga e Humberto Teixeira) e \u201cO Ovo\u201d (Hermeto Pascoal) soam renovados por solu\u00e7\u00f5es harm\u00f4nicas e r\u00edtmicas que fogem dos padr\u00f5es habituais.&nbsp;<\/p>\n\n\n\n<p>J\u00e1 os arranjos \u2013 quatro s\u00f3 de JT, um s\u00f3 de Felipe Moreira, outro de Felipe com JT e outro de Diogo Fernandes com JT \u2013 encontram na capacidade criativa do ukelele de Jo\u00e3o Tostes a sua pujan\u00e7a maior.<\/p>\n\n\n\n<p><em>The Curupira Concert<\/em>, ta\u00ed um \u00e1lbum imperd\u00edvel!<\/p>\n\n\n\n<p><strong>Ou\u00e7a o \u00e1lbum:<\/strong><\/p>\n\n\n\n<figure class=\"wp-block-embed is-type-video is-provider-youtube wp-block-embed-youtube wp-embed-aspect-4-3 wp-has-aspect-ratio\"><div class=\"wp-block-embed__wrapper\">\n<span class=\"embed-youtube\" style=\"text-align:center; display: block;\"><iframe class=\"youtube-player\" width=\"1380\" height=\"777\" src=\"https:\/\/www.youtube.com\/embed\/XlbNdkMZ4DY?version=3&#038;rel=1&#038;showsearch=0&#038;showinfo=1&#038;iv_load_policy=1&#038;fs=1&#038;hl=pt-PT&#038;autohide=2&#038;wmode=transparent&#038;listType=playlist&#038;list=OLAK5uy_lsAbjMnQf2ap0wS6XslT6GmNHA9FUy2uw\" allowfullscreen=\"true\" style=\"border:0;\" sandbox=\"allow-scripts allow-same-origin allow-popups allow-presentation allow-popups-to-escape-sandbox\"><\/iframe><\/span>\n<\/div><\/figure>\n\n\n\n<div id=\"110712\" class=\"advads-saneouro advads-entity-placement\" style=\"margin-left: auto;margin-right: auto;text-align: center;\"><a href=\"https:\/\/www.saneouro.com.br\/\" target=\"_blank\" aria-label=\"DOP_Site\" data-wpel-link=\"external\" rel=\"follow external noopener noreferrer sponsored ugc\"><img src=\"https:\/\/www.diariodeouropreto.com.br\/wp-content\/uploads\/2026\/04\/DOP_Site.jpg\" alt=\"\"  srcset=\"https:\/\/www.diariodeouropreto.com.br\/wp-content\/uploads\/2026\/04\/DOP_Site.jpg 301w, https:\/\/www.diariodeouropreto.com.br\/wp-content\/uploads\/2026\/04\/DOP_Site-180x150.jpg 180w, https:\/\/www.diariodeouropreto.com.br\/wp-content\/uploads\/2026\/04\/DOP_Site-14x12.jpg 14w\" sizes=\"(max-width: 301px) 100vw, 301px\" width=\"301\" height=\"251\"  style=\"display: inline-block;\" \/><\/a><\/div><p><strong>Aquiles Rique Reis<\/strong><\/p>\n\n\n\n<div id=\"50321\" class=\"advads-plantao advads-entity-placement\"><a href=\"https:\/\/www.diariodeouropreto.com.br\/pt\/\" target=\"_blank\" aria-label=\"site &#8211; noticia\" data-wpel-link=\"external\" rel=\"follow external noopener noreferrer sponsored ugc\"><img src=\"https:\/\/www.diariodeouropreto.com.br\/wp-content\/uploads\/2019\/09\/titulosite2-e1616373489755.jpg\" alt=\"\"  srcset=\"https:\/\/www.diariodeouropreto.com.br\/wp-content\/uploads\/2019\/09\/titulosite2-e1616373489755.jpg 1200w, https:\/\/www.diariodeouropreto.com.br\/wp-content\/uploads\/2019\/09\/titulosite2-e1616373489755-150x38.jpg 150w, https:\/\/www.diariodeouropreto.com.br\/wp-content\/uploads\/2019\/09\/titulosite2-e1616373489755-660x167.jpg 660w, https:\/\/www.diariodeouropreto.com.br\/wp-content\/uploads\/2019\/09\/titulosite2-e1616373489755-768x194.jpg 768w, https:\/\/www.diariodeouropreto.com.br\/wp-content\/uploads\/2019\/09\/titulosite2-e1616373489755-1000x252.jpg 1000w, https:\/\/www.diariodeouropreto.com.br\/wp-content\/uploads\/2019\/09\/titulosite2-e1616373489755-1536x388.jpg 1536w, https:\/\/www.diariodeouropreto.com.br\/wp-content\/uploads\/2019\/09\/titulosite2-e1616373489755-2048x517.jpg 2048w\" sizes=\"(max-width: 1200px) 100vw, 1200px\" width=\"1200\" height=\"303\"  style=\"display: inline-block;\" \/><\/a><\/div><p>Nossos protetores nunca desistem de n\u00f3s.<\/p>","protected":false},"excerpt":{"rendered":"<p>Hoje trataremos de um CD que \u00e9 mais do que o registro sonoro de um trio de instrumentistas, \u00e9 um documento preservacionista cultural e um poderoso propagador do ukelele, instrumento que poucos se d\u00e3o conta de sua exist\u00eancia, tampouco de sua sonoridade diferenciada. Refiro-me a The Curupira Concert (lan\u00e7amento digital<span class=\"more-link\"><a href=\"https:\/\/www.diariodeouropreto.com.br\/pt\/coluna-musical-um-album-imperdivel\/\" data-wpel-link=\"internal\">Continue Lendo<\/a><\/span><\/p>","protected":false},"author":1,"featured_media":50701,"comment_status":"closed","ping_status":"closed","sticky":false,"template":"","format":"standard","meta":{"_jetpack_memberships_contains_paid_content":false,"footnotes":"","jetpack_publicize_message":"Hoje trataremos de um CD que \u00e9 mais do que o registro sonoro de um trio de instrumentistas, \u00e9 um documento preservacionista cultural e um poderoso propagador do ukelele, instrumento que poucos se d\u00e3o conta de sua exist\u00eancia, tampouco de sua sonoridade diferenciada","jetpack_publicize_feature_enabled":true,"jetpack_social_post_already_shared":false,"jetpack_social_options":{"image_generator_settings":{"template":"highway","default_image_id":0,"font":"","enabled":false},"version":2}},"categories":[76],"tags":[],"class_list":["entry","author-diario","post-50700","post","type-post","status-publish","format-standard","has-post-thumbnail","category-coluna"],"yoast_head":"<!-- This site is optimized with the Yoast SEO plugin v27.5 - https:\/\/yoast.com\/product\/yoast-seo-wordpress\/ -->\n<title>[Coluna Musical] Um \u00e1lbum imperd\u00edvel - Di\u00e1rio de Ouro Preto<\/title>\n<meta name=\"description\" content=\"Hoje trataremos de um CD que \u00e9 mais do que o registro sonoro de um trio de instrumentistas, \u00e9 um documento preservacionista cultural e um poderoso propagador do ukelele, instrumento que poucos se d\u00e3o conta de sua exist\u00eancia, tampouco de sua sonoridade diferenciada- [Coluna Musical] Um \u00e1lbum imperd\u00edvel\" \/>\n<meta name=\"robots\" content=\"index, follow, max-snippet:-1, max-image-preview:large, max-video-preview:-1\" \/>\n<link rel=\"canonical\" href=\"https:\/\/www.diariodeouropreto.com.br\/pt\/coluna-musical-um-album-imperdivel\/\" \/>\n<meta property=\"og:locale\" content=\"pt_PT\" \/>\n<meta property=\"og:type\" content=\"article\" \/>\n<meta property=\"og:title\" content=\"[Coluna Musical] Um \u00e1lbum imperd\u00edvel - Di\u00e1rio de Ouro Preto\" \/>\n<meta property=\"og:description\" content=\"Hoje trataremos de um CD que \u00e9 mais do que o registro sonoro de um trio de instrumentistas, \u00e9 um documento preservacionista cultural e um poderoso propagador do ukelele, instrumento que poucos se d\u00e3o conta de sua exist\u00eancia, tampouco de sua sonoridade diferenciada- [Coluna Musical] Um \u00e1lbum imperd\u00edvel\" \/>\n<meta property=\"og:url\" content=\"https:\/\/www.diariodeouropreto.com.br\/pt\/coluna-musical-um-album-imperdivel\/\" \/>\n<meta property=\"og:site_name\" content=\"Di\u00e1rio de Ouro Preto\" \/>\n<meta property=\"article:publisher\" content=\"https:\/\/www.facebook.com\/diariodeouropreto\/\" \/>\n<meta property=\"article:published_time\" content=\"2026-03-03T18:14:34+00:00\" \/>\n<meta property=\"article:modified_time\" content=\"2026-03-03T18:14:37+00:00\" \/>\n<meta property=\"og:image\" content=\"https:\/\/www.diariodeouropreto.com.br\/wp-content\/uploads\/2026\/03\/Capa-PDF-CD-Joao-Tostes-The-Curupira-Concert-.jpg\" \/>\n\t<meta property=\"og:image:width\" content=\"800\" \/>\n\t<meta property=\"og:image:height\" content=\"800\" \/>\n\t<meta property=\"og:image:type\" content=\"image\/jpeg\" \/>\n<meta name=\"author\" content=\"Di\u00e1rio de Ouro Preto\" \/>\n<meta name=\"twitter:card\" content=\"summary_large_image\" \/>\n<meta name=\"twitter:label1\" content=\"Escrito por\" \/>\n\t<meta name=\"twitter:data1\" content=\"Di\u00e1rio de Ouro Preto\" \/>\n\t<meta name=\"twitter:label2\" content=\"Tempo estimado de leitura\" \/>\n\t<meta name=\"twitter:data2\" content=\"3 minutos\" \/>\n<script type=\"application\/ld+json\" class=\"yoast-schema-graph\">{\"@context\":\"https:\\\/\\\/schema.org\",\"@graph\":[{\"@type\":\"Article\",\"@id\":\"https:\\\/\\\/www.diariodeouropreto.com.br\\\/coluna-musical-um-album-imperdivel\\\/#article\",\"isPartOf\":{\"@id\":\"https:\\\/\\\/www.diariodeouropreto.com.br\\\/coluna-musical-um-album-imperdivel\\\/\"},\"author\":{\"name\":\"Di\u00e1rio de Ouro Preto\",\"@id\":\"https:\\\/\\\/www.diariodeouropreto.com.br\\\/pt\\\/#\\\/schema\\\/person\\\/7654e7b471204a6dab6dc0ce6e140c99\"},\"headline\":\"[Coluna Musical] Um \u00e1lbum imperd\u00edvel\",\"datePublished\":\"2026-03-03T18:14:34+00:00\",\"dateModified\":\"2026-03-03T18:14:37+00:00\",\"mainEntityOfPage\":{\"@id\":\"https:\\\/\\\/www.diariodeouropreto.com.br\\\/coluna-musical-um-album-imperdivel\\\/\"},\"wordCount\":535,\"publisher\":{\"@id\":\"https:\\\/\\\/www.diariodeouropreto.com.br\\\/pt\\\/#organization\"},\"image\":{\"@id\":\"https:\\\/\\\/www.diariodeouropreto.com.br\\\/coluna-musical-um-album-imperdivel\\\/#primaryimage\"},\"thumbnailUrl\":\"https:\\\/\\\/www.diariodeouropreto.com.br\\\/wp-content\\\/uploads\\\/2026\\\/03\\\/Capa-PDF-CD-Joao-Tostes-The-Curupira-Concert-.jpg\",\"articleSection\":[\"Coluna\"],\"inLanguage\":\"pt-PT\"},{\"@type\":\"WebPage\",\"@id\":\"https:\\\/\\\/www.diariodeouropreto.com.br\\\/coluna-musical-um-album-imperdivel\\\/\",\"url\":\"https:\\\/\\\/www.diariodeouropreto.com.br\\\/coluna-musical-um-album-imperdivel\\\/\",\"name\":\"[Coluna Musical] Um \u00e1lbum imperd\u00edvel - Di\u00e1rio de Ouro Preto\",\"isPartOf\":{\"@id\":\"https:\\\/\\\/www.diariodeouropreto.com.br\\\/pt\\\/#website\"},\"primaryImageOfPage\":{\"@id\":\"https:\\\/\\\/www.diariodeouropreto.com.br\\\/coluna-musical-um-album-imperdivel\\\/#primaryimage\"},\"image\":{\"@id\":\"https:\\\/\\\/www.diariodeouropreto.com.br\\\/coluna-musical-um-album-imperdivel\\\/#primaryimage\"},\"thumbnailUrl\":\"https:\\\/\\\/www.diariodeouropreto.com.br\\\/wp-content\\\/uploads\\\/2026\\\/03\\\/Capa-PDF-CD-Joao-Tostes-The-Curupira-Concert-.jpg\",\"datePublished\":\"2026-03-03T18:14:34+00:00\",\"dateModified\":\"2026-03-03T18:14:37+00:00\",\"description\":\"Hoje trataremos de um CD que \u00e9 mais do que o registro sonoro de um trio de instrumentistas, \u00e9 um documento preservacionista cultural e um poderoso propagador do ukelele, instrumento que poucos se d\u00e3o conta de sua exist\u00eancia, tampouco de sua sonoridade diferenciada- [Coluna Musical] Um \u00e1lbum imperd\u00edvel\",\"breadcrumb\":{\"@id\":\"https:\\\/\\\/www.diariodeouropreto.com.br\\\/coluna-musical-um-album-imperdivel\\\/#breadcrumb\"},\"inLanguage\":\"pt-PT\",\"potentialAction\":[{\"@type\":\"ReadAction\",\"target\":[\"https:\\\/\\\/www.diariodeouropreto.com.br\\\/coluna-musical-um-album-imperdivel\\\/\"]}]},{\"@type\":\"ImageObject\",\"inLanguage\":\"pt-PT\",\"@id\":\"https:\\\/\\\/www.diariodeouropreto.com.br\\\/coluna-musical-um-album-imperdivel\\\/#primaryimage\",\"url\":\"https:\\\/\\\/www.diariodeouropreto.com.br\\\/wp-content\\\/uploads\\\/2026\\\/03\\\/Capa-PDF-CD-Joao-Tostes-The-Curupira-Concert-.jpg\",\"contentUrl\":\"https:\\\/\\\/www.diariodeouropreto.com.br\\\/wp-content\\\/uploads\\\/2026\\\/03\\\/Capa-PDF-CD-Joao-Tostes-The-Curupira-Concert-.jpg\",\"width\":800,\"height\":800},{\"@type\":\"BreadcrumbList\",\"@id\":\"https:\\\/\\\/www.diariodeouropreto.com.br\\\/coluna-musical-um-album-imperdivel\\\/#breadcrumb\",\"itemListElement\":[{\"@type\":\"ListItem\",\"position\":1,\"name\":\"In\u00edcio\",\"item\":\"https:\\\/\\\/www.diariodeouropreto.com.br\\\/pt\\\/\"},{\"@type\":\"ListItem\",\"position\":2,\"name\":\"[Coluna Musical] Um \u00e1lbum imperd\u00edvel\"}]},{\"@type\":\"WebSite\",\"@id\":\"https:\\\/\\\/www.diariodeouropreto.com.br\\\/pt\\\/#website\",\"url\":\"https:\\\/\\\/www.diariodeouropreto.com.br\\\/pt\\\/\",\"name\":\"Di\u00e1rio de Ouro Preto\",\"description\":\"Not\u00edcias Ouro Preto; Mariana;Minas Gerais;Jornal;Jornalismo;Not\u00edcias;\",\"publisher\":{\"@id\":\"https:\\\/\\\/www.diariodeouropreto.com.br\\\/pt\\\/#organization\"},\"alternateName\":\"Jornal di\u00e1rio de Ouro Preto\",\"potentialAction\":[{\"@type\":\"SearchAction\",\"target\":{\"@type\":\"EntryPoint\",\"urlTemplate\":\"https:\\\/\\\/www.diariodeouropreto.com.br\\\/pt\\\/?s={search_term_string}\"},\"query-input\":{\"@type\":\"PropertyValueSpecification\",\"valueRequired\":true,\"valueName\":\"search_term_string\"}}],\"inLanguage\":\"pt-PT\"},{\"@type\":\"Organization\",\"@id\":\"https:\\\/\\\/www.diariodeouropreto.com.br\\\/pt\\\/#organization\",\"name\":\"Di\u00e1rio de Ouro Preto\",\"alternateName\":\"Jornal di\u00e1rio Ouro Preto\",\"url\":\"https:\\\/\\\/www.diariodeouropreto.com.br\\\/pt\\\/\",\"logo\":{\"@type\":\"ImageObject\",\"inLanguage\":\"pt-PT\",\"@id\":\"https:\\\/\\\/www.diariodeouropreto.com.br\\\/pt\\\/#\\\/schema\\\/logo\\\/image\\\/\",\"url\":\"https:\\\/\\\/www.diariodeouropreto.com.br\\\/wp-content\\\/uploads\\\/2019\\\/06\\\/cropped-logotransp-2.png\",\"contentUrl\":\"https:\\\/\\\/www.diariodeouropreto.com.br\\\/wp-content\\\/uploads\\\/2019\\\/06\\\/cropped-logotransp-2.png\",\"width\":1323,\"height\":251,\"caption\":\"Di\u00e1rio de Ouro Preto\"},\"image\":{\"@id\":\"https:\\\/\\\/www.diariodeouropreto.com.br\\\/pt\\\/#\\\/schema\\\/logo\\\/image\\\/\"},\"sameAs\":[\"https:\\\/\\\/www.facebook.com\\\/diariodeouropreto\\\/\"]},{\"@type\":\"Person\",\"@id\":\"https:\\\/\\\/www.diariodeouropreto.com.br\\\/pt\\\/#\\\/schema\\\/person\\\/7654e7b471204a6dab6dc0ce6e140c99\",\"name\":\"Di\u00e1rio de Ouro Preto\",\"sameAs\":[\"http:\\\/\\\/www.diariodeouropreto.com.br\"],\"url\":\"https:\\\/\\\/www.diariodeouropreto.com.br\\\/pt\\\/author\\\/diario\\\/\"}]}<\/script>\n<!-- \/ Yoast SEO plugin. -->","yoast_head_json":{"title":"[Coluna Musical] Um \u00e1lbum imperd\u00edvel - Di\u00e1rio de Ouro Preto","description":"Hoje trataremos de um CD que \u00e9 mais do que o registro sonoro de um trio de instrumentistas, \u00e9 um documento preservacionista cultural e um poderoso propagador do ukelele, instrumento que poucos se d\u00e3o conta de sua exist\u00eancia, tampouco de sua sonoridade diferenciada- [Coluna Musical] Um \u00e1lbum imperd\u00edvel","robots":{"index":"index","follow":"follow","max-snippet":"max-snippet:-1","max-image-preview":"max-image-preview:large","max-video-preview":"max-video-preview:-1"},"canonical":"https:\/\/www.diariodeouropreto.com.br\/pt\/coluna-musical-um-album-imperdivel\/","og_locale":"pt_PT","og_type":"article","og_title":"[Coluna Musical] Um \u00e1lbum imperd\u00edvel - Di\u00e1rio de Ouro Preto","og_description":"Hoje trataremos de um CD que \u00e9 mais do que o registro sonoro de um trio de instrumentistas, \u00e9 um documento preservacionista cultural e um poderoso propagador do ukelele, instrumento que poucos se d\u00e3o conta de sua exist\u00eancia, tampouco de sua sonoridade diferenciada- [Coluna Musical] Um \u00e1lbum imperd\u00edvel","og_url":"https:\/\/www.diariodeouropreto.com.br\/pt\/coluna-musical-um-album-imperdivel\/","og_site_name":"Di\u00e1rio de Ouro Preto","article_publisher":"https:\/\/www.facebook.com\/diariodeouropreto\/","article_published_time":"2026-03-03T18:14:34+00:00","article_modified_time":"2026-03-03T18:14:37+00:00","og_image":[{"width":800,"height":800,"url":"https:\/\/www.diariodeouropreto.com.br\/wp-content\/uploads\/2026\/03\/Capa-PDF-CD-Joao-Tostes-The-Curupira-Concert-.jpg","type":"image\/jpeg"}],"author":"Di\u00e1rio de Ouro Preto","twitter_card":"summary_large_image","twitter_misc":{"Escrito por":"Di\u00e1rio de Ouro Preto","Tempo estimado de leitura":"3 minutos"},"schema":{"@context":"https:\/\/schema.org","@graph":[{"@type":"Article","@id":"https:\/\/www.diariodeouropreto.com.br\/coluna-musical-um-album-imperdivel\/#article","isPartOf":{"@id":"https:\/\/www.diariodeouropreto.com.br\/coluna-musical-um-album-imperdivel\/"},"author":{"name":"Di\u00e1rio de Ouro Preto","@id":"https:\/\/www.diariodeouropreto.com.br\/pt\/#\/schema\/person\/7654e7b471204a6dab6dc0ce6e140c99"},"headline":"[Coluna Musical] Um \u00e1lbum imperd\u00edvel","datePublished":"2026-03-03T18:14:34+00:00","dateModified":"2026-03-03T18:14:37+00:00","mainEntityOfPage":{"@id":"https:\/\/www.diariodeouropreto.com.br\/coluna-musical-um-album-imperdivel\/"},"wordCount":535,"publisher":{"@id":"https:\/\/www.diariodeouropreto.com.br\/pt\/#organization"},"image":{"@id":"https:\/\/www.diariodeouropreto.com.br\/coluna-musical-um-album-imperdivel\/#primaryimage"},"thumbnailUrl":"https:\/\/www.diariodeouropreto.com.br\/wp-content\/uploads\/2026\/03\/Capa-PDF-CD-Joao-Tostes-The-Curupira-Concert-.jpg","articleSection":["Coluna"],"inLanguage":"pt-PT"},{"@type":"WebPage","@id":"https:\/\/www.diariodeouropreto.com.br\/coluna-musical-um-album-imperdivel\/","url":"https:\/\/www.diariodeouropreto.com.br\/coluna-musical-um-album-imperdivel\/","name":"[Coluna Musical] Um \u00e1lbum imperd\u00edvel - Di\u00e1rio de Ouro Preto","isPartOf":{"@id":"https:\/\/www.diariodeouropreto.com.br\/pt\/#website"},"primaryImageOfPage":{"@id":"https:\/\/www.diariodeouropreto.com.br\/coluna-musical-um-album-imperdivel\/#primaryimage"},"image":{"@id":"https:\/\/www.diariodeouropreto.com.br\/coluna-musical-um-album-imperdivel\/#primaryimage"},"thumbnailUrl":"https:\/\/www.diariodeouropreto.com.br\/wp-content\/uploads\/2026\/03\/Capa-PDF-CD-Joao-Tostes-The-Curupira-Concert-.jpg","datePublished":"2026-03-03T18:14:34+00:00","dateModified":"2026-03-03T18:14:37+00:00","description":"Hoje trataremos de um CD que \u00e9 mais do que o registro sonoro de um trio de instrumentistas, \u00e9 um documento preservacionista cultural e um poderoso propagador do ukelele, instrumento que poucos se d\u00e3o conta de sua exist\u00eancia, tampouco de sua sonoridade diferenciada- [Coluna Musical] Um \u00e1lbum imperd\u00edvel","breadcrumb":{"@id":"https:\/\/www.diariodeouropreto.com.br\/coluna-musical-um-album-imperdivel\/#breadcrumb"},"inLanguage":"pt-PT","potentialAction":[{"@type":"ReadAction","target":["https:\/\/www.diariodeouropreto.com.br\/coluna-musical-um-album-imperdivel\/"]}]},{"@type":"ImageObject","inLanguage":"pt-PT","@id":"https:\/\/www.diariodeouropreto.com.br\/coluna-musical-um-album-imperdivel\/#primaryimage","url":"https:\/\/www.diariodeouropreto.com.br\/wp-content\/uploads\/2026\/03\/Capa-PDF-CD-Joao-Tostes-The-Curupira-Concert-.jpg","contentUrl":"https:\/\/www.diariodeouropreto.com.br\/wp-content\/uploads\/2026\/03\/Capa-PDF-CD-Joao-Tostes-The-Curupira-Concert-.jpg","width":800,"height":800},{"@type":"BreadcrumbList","@id":"https:\/\/www.diariodeouropreto.com.br\/coluna-musical-um-album-imperdivel\/#breadcrumb","itemListElement":[{"@type":"ListItem","position":1,"name":"In\u00edcio","item":"https:\/\/www.diariodeouropreto.com.br\/pt\/"},{"@type":"ListItem","position":2,"name":"[Coluna Musical] Um \u00e1lbum imperd\u00edvel"}]},{"@type":"WebSite","@id":"https:\/\/www.diariodeouropreto.com.br\/pt\/#website","url":"https:\/\/www.diariodeouropreto.com.br\/pt\/","name":"Di\u00e1rio de Ouro Preto","description":"Not\u00edcias Ouro Preto; Mariana;Minas Gerais;Jornal;Jornalismo;Not\u00edcias;","publisher":{"@id":"https:\/\/www.diariodeouropreto.com.br\/pt\/#organization"},"alternateName":"Jornal di\u00e1rio de Ouro Preto","potentialAction":[{"@type":"SearchAction","target":{"@type":"EntryPoint","urlTemplate":"https:\/\/www.diariodeouropreto.com.br\/pt\/?s={search_term_string}"},"query-input":{"@type":"PropertyValueSpecification","valueRequired":true,"valueName":"search_term_string"}}],"inLanguage":"pt-PT"},{"@type":"Organization","@id":"https:\/\/www.diariodeouropreto.com.br\/pt\/#organization","name":"Di\u00e1rio de Ouro Preto","alternateName":"Jornal di\u00e1rio Ouro Preto","url":"https:\/\/www.diariodeouropreto.com.br\/pt\/","logo":{"@type":"ImageObject","inLanguage":"pt-PT","@id":"https:\/\/www.diariodeouropreto.com.br\/pt\/#\/schema\/logo\/image\/","url":"https:\/\/www.diariodeouropreto.com.br\/wp-content\/uploads\/2019\/06\/cropped-logotransp-2.png","contentUrl":"https:\/\/www.diariodeouropreto.com.br\/wp-content\/uploads\/2019\/06\/cropped-logotransp-2.png","width":1323,"height":251,"caption":"Di\u00e1rio de Ouro Preto"},"image":{"@id":"https:\/\/www.diariodeouropreto.com.br\/pt\/#\/schema\/logo\/image\/"},"sameAs":["https:\/\/www.facebook.com\/diariodeouropreto\/"]},{"@type":"Person","@id":"https:\/\/www.diariodeouropreto.com.br\/pt\/#\/schema\/person\/7654e7b471204a6dab6dc0ce6e140c99","name":"Di\u00e1rio de Ouro Preto","sameAs":["http:\/\/www.diariodeouropreto.com.br"],"url":"https:\/\/www.diariodeouropreto.com.br\/pt\/author\/diario\/"}]}},"jetpack_publicize_connections":[],"jetpack_featured_media_url":"https:\/\/www.diariodeouropreto.com.br\/wp-content\/uploads\/2026\/03\/Capa-PDF-CD-Joao-Tostes-The-Curupira-Concert-.jpg","jetpack-related-posts":[{"id":40566,"url":"https:\/\/www.diariodeouropreto.com.br\/pt\/coluna-musical-do-aquile-almas-musicais\/","url_meta":{"origin":50700,"position":0},"title":"[Coluna Musical do Aquile] Almas musicais","author":"Di\u00e1rio de Ouro Preto","date":"10 de Dezembro de 2024","format":false,"excerpt":"Ap\u00f3s comentar o \u00e1lbum Clarone no Choro, do S\u00e9rgio Albach, na coluna da semana retrasada, hoje trataremos de outro que tamb\u00e9m me chamou a aten\u00e7\u00e3o: Ukulele Harmonies Live in Niter\u00f3i (independente), gravado por Jo\u00e3o Tostes e Vin\u00edcius Vivas. Primeiro, fiz contato com o Tostes e perguntei: \u201cO que o levou\u2026","rel":"","context":"In &quot;Coluna&quot;","block_context":{"text":"Coluna","link":"https:\/\/www.diariodeouropreto.com.br\/pt\/Editoria\/coluna\/"},"img":{"alt_text":"","src":"https:\/\/i0.wp.com\/www.diariodeouropreto.com.br\/wp-content\/uploads\/2024\/12\/WhatsApp-Image-2024-11-28-at-09.21.39-1.jpeg?resize=350%2C200&ssl=1","width":350,"height":200,"srcset":"https:\/\/i0.wp.com\/www.diariodeouropreto.com.br\/wp-content\/uploads\/2024\/12\/WhatsApp-Image-2024-11-28-at-09.21.39-1.jpeg?resize=350%2C200&ssl=1 1x, https:\/\/i0.wp.com\/www.diariodeouropreto.com.br\/wp-content\/uploads\/2024\/12\/WhatsApp-Image-2024-11-28-at-09.21.39-1.jpeg?resize=525%2C300&ssl=1 1.5x, https:\/\/i0.wp.com\/www.diariodeouropreto.com.br\/wp-content\/uploads\/2024\/12\/WhatsApp-Image-2024-11-28-at-09.21.39-1.jpeg?resize=700%2C400&ssl=1 2x"},"classes":[]},{"id":18190,"url":"https:\/\/www.diariodeouropreto.com.br\/pt\/coluna-musical-do-aquiles-o-violeiro-sabe-o-que-nos-toca\/","url_meta":{"origin":50700,"position":1},"title":"[Coluna Musical do Aquiles] O violeiro sabe o que nos toca","author":"Di\u00e1rio de Ouro Preto","date":"30 de Agosto de 2022","format":false,"excerpt":"Hoje vamos de Concerto para vaca e boi, o 20o \u00e1lbum de Roberto Corr\u00eaa,\u00a0uma das maiores refer\u00eancias da viola no Brasil. Contemplado pelo Rumos Ita\u00fa Cultural, o CD cont\u00e9m 12 faixas in\u00e9ditas, j\u00e1 nas plataformas digitais. Eu ouvi Roberto Corr\u00eaa pela primeira vez em 2009, quando ele, ao lado de\u2026","rel":"","context":"In &quot;Coluna&quot;","block_context":{"text":"Coluna","link":"https:\/\/www.diariodeouropreto.com.br\/pt\/Editoria\/coluna\/"},"img":{"alt_text":"","src":"https:\/\/i0.wp.com\/www.diariodeouropreto.com.br\/wp-content\/uploads\/2022\/08\/Captura-de-tela-2022-08-30-141858.jpg?resize=350%2C200&ssl=1","width":350,"height":200,"srcset":"https:\/\/i0.wp.com\/www.diariodeouropreto.com.br\/wp-content\/uploads\/2022\/08\/Captura-de-tela-2022-08-30-141858.jpg?resize=350%2C200&ssl=1 1x, https:\/\/i0.wp.com\/www.diariodeouropreto.com.br\/wp-content\/uploads\/2022\/08\/Captura-de-tela-2022-08-30-141858.jpg?resize=525%2C300&ssl=1 1.5x"},"classes":[]},{"id":50400,"url":"https:\/\/www.diariodeouropreto.com.br\/pt\/coluna-musical-do-aquiles-conhecer-para-cultivar-e-preservar\/","url_meta":{"origin":50700,"position":2},"title":"[Coluna Musical do Aquiles] Conhecer para cultivar e preservar","author":"Di\u00e1rio de Ouro Preto","date":"17 de Fevereiro de 2026","format":false,"excerpt":"A coluna Musical do Aquiles \u00e9 veiculada \u00e0s ter\u00e7as em diariodeouropreto.com.br","rel":"","context":"In &quot;Coluna&quot;","block_context":{"text":"Coluna","link":"https:\/\/www.diariodeouropreto.com.br\/pt\/Editoria\/coluna\/"},"img":{"alt_text":"","src":"https:\/\/i0.wp.com\/www.diariodeouropreto.com.br\/wp-content\/uploads\/2026\/02\/Captura-de-tela-2026-02-17-132727.png?resize=350%2C200&ssl=1","width":350,"height":200},"classes":[]},{"id":9991,"url":"https:\/\/www.diariodeouropreto.com.br\/pt\/orquestra-ouro-preto-e-desvio-lancam-ritmos-brasileiros-em-plataforma-multimidia\/","url_meta":{"origin":50700,"position":3},"title":"Orquestra Ouro Preto e Desvio lan\u00e7am \u201cRitmos Brasileiros\u201d em plataforma multim\u00eddia","author":"Di\u00e1rio de Ouro Preto","date":"17 de Agosto de 2021","format":false,"excerpt":"A Orquestra Ouro Preto e o Desvio celebram a grandiosidade dos ritmos brasileiros em uma proposta ousada e in\u00e9dita que une a percuss\u00e3o com a m\u00fasica de concerto. Maracatu, samba, frevo, afox\u00e9 e outros ritmos que marcam a identidade da cultura nacional ganham releituras in\u00e9ditas no CD \u201cRitmos Brasileiros\u201d.\u00a0O lan\u00e7amento\u2026","rel":"","context":"In &quot;Cultura, Artes e Patrim\u00f4nio&quot;","block_context":{"text":"Cultura, Artes e Patrim\u00f4nio","link":"https:\/\/www.diariodeouropreto.com.br\/pt\/Editoria\/culturaeartes\/"},"img":{"alt_text":"","src":"https:\/\/i0.wp.com\/www.diariodeouropreto.com.br\/wp-content\/uploads\/2021\/08\/2021.04.031_GravacaoRitmosBrasileiros_IrisZanetti-25-scaled-e1629234521961.jpg?resize=350%2C200&ssl=1","width":350,"height":200,"srcset":"https:\/\/i0.wp.com\/www.diariodeouropreto.com.br\/wp-content\/uploads\/2021\/08\/2021.04.031_GravacaoRitmosBrasileiros_IrisZanetti-25-scaled-e1629234521961.jpg?resize=350%2C200&ssl=1 1x, https:\/\/i0.wp.com\/www.diariodeouropreto.com.br\/wp-content\/uploads\/2021\/08\/2021.04.031_GravacaoRitmosBrasileiros_IrisZanetti-25-scaled-e1629234521961.jpg?resize=525%2C300&ssl=1 1.5x, https:\/\/i0.wp.com\/www.diariodeouropreto.com.br\/wp-content\/uploads\/2021\/08\/2021.04.031_GravacaoRitmosBrasileiros_IrisZanetti-25-scaled-e1629234521961.jpg?resize=700%2C400&ssl=1 2x, https:\/\/i0.wp.com\/www.diariodeouropreto.com.br\/wp-content\/uploads\/2021\/08\/2021.04.031_GravacaoRitmosBrasileiros_IrisZanetti-25-scaled-e1629234521961.jpg?resize=1050%2C600&ssl=1 3x"},"classes":[]},{"id":5552,"url":"https:\/\/www.diariodeouropreto.com.br\/pt\/orquestra-ouro-preto-realiza-concerto-em-homenagem-ao-compositor-ennio-morricone-e-a-musica-para-cinema-neste-domingo\/","url_meta":{"origin":50700,"position":4},"title":"Orquestra Ouro Preto realiza concerto em homenagem ao compositor Ennio Morricone e \u00e0 m\u00fasica para cinema neste domingo","author":"Di\u00e1rio de Ouro Preto","date":"7 de Novembro de 2020","format":false,"excerpt":"Um concerto dedicado \u00e0 m\u00fasica dos grandes cl\u00e1ssicos que marcaram a hist\u00f3ria do cinema nacional e internacional. Assim ser\u00e1 a pr\u00f3xima apresenta\u00e7\u00e3o da\u00a0Orquestra Ouro Preto, dia 8 de novembro, \u00e0s 11h, na S\u00e9rie Domingos Cl\u00e1ssicos, no Sesc Palladium, em Belo Horizonte-MG, com transmiss\u00e3o ao vivo pelo YouTube. Al\u00e9m disso, uma\u2026","rel":"","context":"In &quot;Cultura, Artes e Patrim\u00f4nio&quot;","block_context":{"text":"Cultura, Artes e Patrim\u00f4nio","link":"https:\/\/www.diariodeouropreto.com.br\/pt\/Editoria\/culturaeartes\/"},"img":{"alt_text":"","src":"https:\/\/i0.wp.com\/www.diariodeouropreto.com.br\/wp-content\/uploads\/2020\/11\/2020.09.27_Live_DomingosClassicos_Beatles2_IrisZanetti-39-scaled-e1604771499167.jpg?resize=350%2C200&ssl=1","width":350,"height":200,"srcset":"https:\/\/i0.wp.com\/www.diariodeouropreto.com.br\/wp-content\/uploads\/2020\/11\/2020.09.27_Live_DomingosClassicos_Beatles2_IrisZanetti-39-scaled-e1604771499167.jpg?resize=350%2C200&ssl=1 1x, https:\/\/i0.wp.com\/www.diariodeouropreto.com.br\/wp-content\/uploads\/2020\/11\/2020.09.27_Live_DomingosClassicos_Beatles2_IrisZanetti-39-scaled-e1604771499167.jpg?resize=525%2C300&ssl=1 1.5x, https:\/\/i0.wp.com\/www.diariodeouropreto.com.br\/wp-content\/uploads\/2020\/11\/2020.09.27_Live_DomingosClassicos_Beatles2_IrisZanetti-39-scaled-e1604771499167.jpg?resize=700%2C400&ssl=1 2x"},"classes":[]},{"id":49201,"url":"https:\/\/www.diariodeouropreto.com.br\/pt\/comeca-hoje-a-temporada-de-concertos-no-orgao-arp-schnitger-de-mariana-que-retoma-atividades-apos-9-anos-de-restauro\/","url_meta":{"origin":50700,"position":5},"title":"Come\u00e7a hoje a temporada de concertos no \u00d3rg\u00e3o Arp Schnitger, de Mariana, que retoma atividades ap\u00f3s 9 anos de restauro","author":"Di\u00e1rio de Ouro Preto","date":"8 de Dezembro de 2025","format":false,"excerpt":"A cidade hist\u00f3rica de Mariana ir\u00e1 receber uma programa\u00e7\u00e3o especial que vai at\u00e9 dia 19 de dezembro com a realiza\u00e7\u00e3o do projeto \"Sons do Sagrado\". A iniciativa celebra os marcos hist\u00f3ricos da Arquidiocese que completa 280 anos de cria\u00e7\u00e3o e o retorno do \u00f3rg\u00e3o hist\u00f3rico Arp Schnitger ap\u00f3s longo processo\u2026","rel":"","context":"In &quot;Geral&quot;","block_context":{"text":"Geral","link":"https:\/\/www.diariodeouropreto.com.br\/pt\/Editoria\/geral\/"},"img":{"alt_text":"","src":"https:\/\/i0.wp.com\/www.diariodeouropreto.com.br\/wp-content\/uploads\/2025\/12\/Imagem-do-WhatsApp-de-2025-12-08-as-15.08.34_6d5634a7.jpg?resize=350%2C200&ssl=1","width":350,"height":200,"srcset":"https:\/\/i0.wp.com\/www.diariodeouropreto.com.br\/wp-content\/uploads\/2025\/12\/Imagem-do-WhatsApp-de-2025-12-08-as-15.08.34_6d5634a7.jpg?resize=350%2C200&ssl=1 1x, https:\/\/i0.wp.com\/www.diariodeouropreto.com.br\/wp-content\/uploads\/2025\/12\/Imagem-do-WhatsApp-de-2025-12-08-as-15.08.34_6d5634a7.jpg?resize=525%2C300&ssl=1 1.5x, https:\/\/i0.wp.com\/www.diariodeouropreto.com.br\/wp-content\/uploads\/2025\/12\/Imagem-do-WhatsApp-de-2025-12-08-as-15.08.34_6d5634a7.jpg?resize=700%2C400&ssl=1 2x, https:\/\/i0.wp.com\/www.diariodeouropreto.com.br\/wp-content\/uploads\/2025\/12\/Imagem-do-WhatsApp-de-2025-12-08-as-15.08.34_6d5634a7.jpg?resize=1050%2C600&ssl=1 3x"},"classes":[]}],"jetpack_sharing_enabled":true,"amp_enabled":true,"_links":{"self":[{"href":"https:\/\/www.diariodeouropreto.com.br\/pt\/wp-json\/wp\/v2\/posts\/50700","targetHints":{"allow":["GET"]}}],"collection":[{"href":"https:\/\/www.diariodeouropreto.com.br\/pt\/wp-json\/wp\/v2\/posts"}],"about":[{"href":"https:\/\/www.diariodeouropreto.com.br\/pt\/wp-json\/wp\/v2\/types\/post"}],"author":[{"embeddable":true,"href":"https:\/\/www.diariodeouropreto.com.br\/pt\/wp-json\/wp\/v2\/users\/1"}],"replies":[{"embeddable":true,"href":"https:\/\/www.diariodeouropreto.com.br\/pt\/wp-json\/wp\/v2\/comments?post=50700"}],"version-history":[{"count":1,"href":"https:\/\/www.diariodeouropreto.com.br\/pt\/wp-json\/wp\/v2\/posts\/50700\/revisions"}],"predecessor-version":[{"id":50703,"href":"https:\/\/www.diariodeouropreto.com.br\/pt\/wp-json\/wp\/v2\/posts\/50700\/revisions\/50703"}],"wp:featuredmedia":[{"embeddable":true,"href":"https:\/\/www.diariodeouropreto.com.br\/pt\/wp-json\/wp\/v2\/media\/50701"}],"wp:attachment":[{"href":"https:\/\/www.diariodeouropreto.com.br\/pt\/wp-json\/wp\/v2\/media?parent=50700"}],"wp:term":[{"taxonomy":"category","embeddable":true,"href":"https:\/\/www.diariodeouropreto.com.br\/pt\/wp-json\/wp\/v2\/categories?post=50700"},{"taxonomy":"post_tag","embeddable":true,"href":"https:\/\/www.diariodeouropreto.com.br\/pt\/wp-json\/wp\/v2\/tags?post=50700"}],"curies":[{"name":"wp","href":"https:\/\/api.w.org\/{rel}","templated":true}]}}