{"id":50686,"date":"2026-03-03T12:15:00","date_gmt":"2026-03-03T15:15:00","guid":{"rendered":"https:\/\/www.diariodeouropreto.com.br\/?p=50686"},"modified":"2026-03-03T11:46:37","modified_gmt":"2026-03-03T14:46:37","slug":"tse-aprova-restricoes-para-uso-de-ia-nas-eleicoes-de-outubro","status":"publish","type":"post","link":"https:\/\/www.diariodeouropreto.com.br\/pt\/tse-aprova-restricoes-para-uso-de-ia-nas-eleicoes-de-outubro\/","title":{"rendered":"TSE aprova restri\u00e7\u00f5es para uso de IA nas elei\u00e7\u00f5es de outubro"},"content":{"rendered":"<p><strong>TSE proibiu postagens com montagens envolvendo candidatas e nudez<br><\/strong><\/p>\n\n\n\n<p><strong>O Tribunal Superior Eleitoral (TSE) aprovou nesta segunda-feira (2) as regras sobre utiliza\u00e7\u00e3o de intelig\u00eancia artificial (IA) durante as elei\u00e7\u00f5es gerais de outubro deste ano. As normas valem para candidatos e partidos.<\/strong><img decoding=\"async\" src=\"https:\/\/agenciabrasil.ebc.com.br\/ebc.png?id=1680279&amp;o=node\"><img decoding=\"async\" src=\"https:\/\/agenciabrasil.ebc.com.br\/ebc.gif?id=1680279&amp;o=node\"><\/p>\n\n\n\n<p><strong>Por unanimidade, o tribunal decidiu proibir postagens nas redes sociais de conte\u00fados modificados no per\u00edodo de 72 horas antes do pleito e 24 horas ap\u00f3s a vota\u00e7\u00e3o.<\/strong><\/p>\n\n\n\n<p>A restri\u00e7\u00e3o vale para modifica\u00e7\u00f5es com imagem e voz de candidatos ou pessoas p\u00fablicas. O primeiro turno est\u00e1 marcado para 4 de outubro.&nbsp;<\/p>\n\n\n\n<p><strong>As regras foram definidas com a aprova\u00e7\u00e3o de diversas resolu\u00e7\u00f5es que v\u00e3o nortear o pleito, no qual ser\u00e3o escolhidos o presidente da Rep\u00fablica, governadores, senadores, deputados federais, estaduais e distritais.<\/strong><\/p>\n\n\n\n<p>Os ministros tamb\u00e9m proibiram que provedores de IA permitam, ainda que solicitado pelos usu\u00e1rios, sugest\u00f5es de candidatos para votar.&nbsp;<strong>O objetivo \u00e9 evitar a interfer\u00eancia de algoritmos na livre escolha dos eleitores.<\/strong><\/p>\n\n\n\n<p><strong>Para combater a misoginia digital, o TSE proibiu postagens nas redes sociais com montagens envolvendo candidatas e fotos e v\u00eddeos com nudez e pornografia.<\/strong><\/p>\n\n\n\n<p>A Corte eleitoral tamb\u00e9m reafirmou que os provedores de internet poder\u00e3o ser responsabilizados pela Justi\u00e7a se n\u00e3o retirarem perfis falsos e postagens ilegais de seus usu\u00e1rios.<\/p>\n\n\n\n<h2 class=\"wp-block-heading\">Liberdade de express\u00e3o<\/h2>\n\n\n\n<p>Para evitar epis\u00f3dios de censura ocorridos em elei\u00e7\u00f5es anteriores, os ministros decidiram permitir, no per\u00edodo de pr\u00e9-campanha, manifesta\u00e7\u00f5es espont\u00e2neas sobre conte\u00fado pol\u00edtico em ambientes universit\u00e1rios, escolares e espa\u00e7os de movimentos sociais.<\/p>\n\n\n\n<p><strong>Tamb\u00e9m foi garantido que candidatos poder\u00e3o fazer panfletagem em ruas, parques e pra\u00e7as, desde que garantida a mobilidade da popula\u00e7\u00e3o nos espa\u00e7os.&nbsp;<\/strong><\/p>\n\n\n\n<p>Na semana passada, o TSE aprovou mais sete resolu\u00e7\u00f5es sobre as elei\u00e7\u00f5es. Os textos tratam da divulga\u00e7\u00e3o de pesquisas eleitorais, transporte de eleitores, arrecada\u00e7\u00e3o de recursos, presta\u00e7\u00e3o de contas, al\u00e9m de altera\u00e7\u00f5es no cadastro de eleitores.<\/p>\n\n\n\n<div id=\"110712\" class=\"advads-saneouro advads-entity-placement\" style=\"margin-left: auto;margin-right: auto;text-align: center;\"><a href=\"https:\/\/www.saneouro.com.br\/\" target=\"_blank\" aria-label=\"DOP_Site\" data-wpel-link=\"external\" rel=\"follow external noopener noreferrer sponsored ugc\"><img src=\"https:\/\/www.diariodeouropreto.com.br\/wp-content\/uploads\/2026\/04\/DOP_Site.jpg\" alt=\"\"  srcset=\"https:\/\/www.diariodeouropreto.com.br\/wp-content\/uploads\/2026\/04\/DOP_Site.jpg 301w, https:\/\/www.diariodeouropreto.com.br\/wp-content\/uploads\/2026\/04\/DOP_Site-180x150.jpg 180w, https:\/\/www.diariodeouropreto.com.br\/wp-content\/uploads\/2026\/04\/DOP_Site-14x12.jpg 14w\" sizes=\"(max-width: 301px) 100vw, 301px\" width=\"301\" height=\"251\"  style=\"display: inline-block;\" \/><\/a><\/div><p>Por: Andr\u00e9 Richter \u2013 Rep\u00f3rter da Ag\u00eancia Brasil<\/p>\n\n\n\n<div id=\"50321\" class=\"advads-plantao advads-entity-placement\"><a href=\"https:\/\/www.diariodeouropreto.com.br\/pt\/\" target=\"_blank\" aria-label=\"site &#8211; noticia\" data-wpel-link=\"external\" rel=\"follow external noopener noreferrer sponsored ugc\"><img src=\"https:\/\/www.diariodeouropreto.com.br\/wp-content\/uploads\/2019\/09\/titulosite2-e1616373489755.jpg\" alt=\"\"  srcset=\"https:\/\/www.diariodeouropreto.com.br\/wp-content\/uploads\/2019\/09\/titulosite2-e1616373489755.jpg 1200w, https:\/\/www.diariodeouropreto.com.br\/wp-content\/uploads\/2019\/09\/titulosite2-e1616373489755-150x38.jpg 150w, https:\/\/www.diariodeouropreto.com.br\/wp-content\/uploads\/2019\/09\/titulosite2-e1616373489755-660x167.jpg 660w, https:\/\/www.diariodeouropreto.com.br\/wp-content\/uploads\/2019\/09\/titulosite2-e1616373489755-768x194.jpg 768w, https:\/\/www.diariodeouropreto.com.br\/wp-content\/uploads\/2019\/09\/titulosite2-e1616373489755-1000x252.jpg 1000w, https:\/\/www.diariodeouropreto.com.br\/wp-content\/uploads\/2019\/09\/titulosite2-e1616373489755-1536x388.jpg 1536w, https:\/\/www.diariodeouropreto.com.br\/wp-content\/uploads\/2019\/09\/titulosite2-e1616373489755-2048x517.jpg 2048w\" sizes=\"(max-width: 1200px) 100vw, 1200px\" width=\"1200\" height=\"303\"  style=\"display: inline-block;\" \/><\/a><\/div><p>Foto: Jos\u00e9 Cruz\/Arquivo Ag\u00eancia Brasil<\/p>","protected":false},"excerpt":{"rendered":"<p>TSE proibiu postagens com montagens envolvendo candidatas e nudez O Tribunal Superior Eleitoral (TSE) aprovou nesta segunda-feira (2) as regras sobre utiliza\u00e7\u00e3o de intelig\u00eancia artificial (IA) durante as elei\u00e7\u00f5es gerais de outubro deste ano. As normas valem para candidatos e partidos. Por unanimidade, o tribunal decidiu proibir postagens nas redes<span class=\"more-link\"><a href=\"https:\/\/www.diariodeouropreto.com.br\/pt\/tse-aprova-restricoes-para-uso-de-ia-nas-eleicoes-de-outubro\/\" data-wpel-link=\"internal\">Continue Lendo<\/a><\/span><\/p>","protected":false},"author":1,"featured_media":17985,"comment_status":"closed","ping_status":"closed","sticky":false,"template":"","format":"standard","meta":{"_jetpack_memberships_contains_paid_content":false,"footnotes":"","jetpack_publicize_message":"TSE proibiu postagens com montagens envolvendo candidatas e nudez\n","jetpack_publicize_feature_enabled":true,"jetpack_social_post_already_shared":true,"jetpack_social_options":{"image_generator_settings":{"template":"highway","default_image_id":0,"font":"","enabled":false},"version":2}},"categories":[824],"tags":[],"class_list":["entry","author-diario","post-50686","post","type-post","status-publish","format-standard","has-post-thumbnail","category-geral"],"yoast_head":"<!-- This site is optimized with the Yoast SEO plugin v27.5 - https:\/\/yoast.com\/product\/yoast-seo-wordpress\/ -->\n<title>TSE aprova restri\u00e7\u00f5es para uso de IA nas elei\u00e7\u00f5es de outubro - Di\u00e1rio de Ouro Preto<\/title>\n<meta name=\"description\" content=\"TSE proibiu postagens com montagens envolvendo candidatas e nudez - TSE aprova restri\u00e7\u00f5es para uso de IA nas elei\u00e7\u00f5es de outubro\" \/>\n<meta name=\"robots\" content=\"index, follow, max-snippet:-1, max-image-preview:large, max-video-preview:-1\" \/>\n<link rel=\"canonical\" href=\"https:\/\/www.diariodeouropreto.com.br\/pt\/tse-aprova-restricoes-para-uso-de-ia-nas-eleicoes-de-outubro\/\" \/>\n<meta property=\"og:locale\" content=\"pt_PT\" \/>\n<meta property=\"og:type\" content=\"article\" \/>\n<meta property=\"og:title\" content=\"TSE aprova restri\u00e7\u00f5es para uso de IA nas elei\u00e7\u00f5es de outubro - Di\u00e1rio de Ouro Preto\" \/>\n<meta property=\"og:description\" content=\"TSE proibiu postagens com montagens envolvendo candidatas e nudez - TSE aprova restri\u00e7\u00f5es para uso de IA nas elei\u00e7\u00f5es de outubro\" \/>\n<meta property=\"og:url\" content=\"https:\/\/www.diariodeouropreto.com.br\/pt\/tse-aprova-restricoes-para-uso-de-ia-nas-eleicoes-de-outubro\/\" \/>\n<meta property=\"og:site_name\" content=\"Di\u00e1rio de Ouro Preto\" \/>\n<meta property=\"article:publisher\" content=\"https:\/\/www.facebook.com\/diariodeouropreto\/\" \/>\n<meta property=\"article:published_time\" content=\"2026-03-03T15:15:00+00:00\" \/>\n<meta property=\"og:image\" content=\"https:\/\/www.diariodeouropreto.com.br\/wp-content\/uploads\/2022\/08\/tse_foto_jose_cruz_arq_agbr.jpg\" \/>\n\t<meta property=\"og:image:width\" content=\"1170\" \/>\n\t<meta property=\"og:image:height\" content=\"700\" \/>\n\t<meta property=\"og:image:type\" content=\"image\/jpeg\" \/>\n<meta name=\"author\" content=\"Di\u00e1rio de Ouro Preto\" \/>\n<meta name=\"twitter:card\" content=\"summary_large_image\" \/>\n<meta name=\"twitter:label1\" content=\"Escrito por\" \/>\n\t<meta name=\"twitter:data1\" content=\"Di\u00e1rio de Ouro Preto\" \/>\n\t<meta name=\"twitter:label2\" content=\"Tempo estimado de leitura\" \/>\n\t<meta name=\"twitter:data2\" content=\"3 minutos\" \/>\n<script type=\"application\/ld+json\" class=\"yoast-schema-graph\">{\"@context\":\"https:\\\/\\\/schema.org\",\"@graph\":[{\"@type\":\"Article\",\"@id\":\"https:\\\/\\\/www.diariodeouropreto.com.br\\\/tse-aprova-restricoes-para-uso-de-ia-nas-eleicoes-de-outubro\\\/#article\",\"isPartOf\":{\"@id\":\"https:\\\/\\\/www.diariodeouropreto.com.br\\\/tse-aprova-restricoes-para-uso-de-ia-nas-eleicoes-de-outubro\\\/\"},\"author\":{\"name\":\"Di\u00e1rio de Ouro Preto\",\"@id\":\"https:\\\/\\\/www.diariodeouropreto.com.br\\\/pt\\\/#\\\/schema\\\/person\\\/7654e7b471204a6dab6dc0ce6e140c99\"},\"headline\":\"TSE aprova restri\u00e7\u00f5es para uso de IA nas elei\u00e7\u00f5es de outubro\",\"datePublished\":\"2026-03-03T15:15:00+00:00\",\"mainEntityOfPage\":{\"@id\":\"https:\\\/\\\/www.diariodeouropreto.com.br\\\/tse-aprova-restricoes-para-uso-de-ia-nas-eleicoes-de-outubro\\\/\"},\"wordCount\":370,\"publisher\":{\"@id\":\"https:\\\/\\\/www.diariodeouropreto.com.br\\\/pt\\\/#organization\"},\"image\":{\"@id\":\"https:\\\/\\\/www.diariodeouropreto.com.br\\\/tse-aprova-restricoes-para-uso-de-ia-nas-eleicoes-de-outubro\\\/#primaryimage\"},\"thumbnailUrl\":\"https:\\\/\\\/www.diariodeouropreto.com.br\\\/wp-content\\\/uploads\\\/2022\\\/08\\\/tse_foto_jose_cruz_arq_agbr.jpg\",\"articleSection\":[\"Geral\"],\"inLanguage\":\"pt-PT\"},{\"@type\":\"WebPage\",\"@id\":\"https:\\\/\\\/www.diariodeouropreto.com.br\\\/tse-aprova-restricoes-para-uso-de-ia-nas-eleicoes-de-outubro\\\/\",\"url\":\"https:\\\/\\\/www.diariodeouropreto.com.br\\\/tse-aprova-restricoes-para-uso-de-ia-nas-eleicoes-de-outubro\\\/\",\"name\":\"TSE aprova restri\u00e7\u00f5es para uso de IA nas elei\u00e7\u00f5es de outubro - Di\u00e1rio de Ouro Preto\",\"isPartOf\":{\"@id\":\"https:\\\/\\\/www.diariodeouropreto.com.br\\\/pt\\\/#website\"},\"primaryImageOfPage\":{\"@id\":\"https:\\\/\\\/www.diariodeouropreto.com.br\\\/tse-aprova-restricoes-para-uso-de-ia-nas-eleicoes-de-outubro\\\/#primaryimage\"},\"image\":{\"@id\":\"https:\\\/\\\/www.diariodeouropreto.com.br\\\/tse-aprova-restricoes-para-uso-de-ia-nas-eleicoes-de-outubro\\\/#primaryimage\"},\"thumbnailUrl\":\"https:\\\/\\\/www.diariodeouropreto.com.br\\\/wp-content\\\/uploads\\\/2022\\\/08\\\/tse_foto_jose_cruz_arq_agbr.jpg\",\"datePublished\":\"2026-03-03T15:15:00+00:00\",\"description\":\"TSE proibiu postagens com montagens envolvendo candidatas e nudez - TSE aprova restri\u00e7\u00f5es para uso de IA nas elei\u00e7\u00f5es de outubro\",\"breadcrumb\":{\"@id\":\"https:\\\/\\\/www.diariodeouropreto.com.br\\\/tse-aprova-restricoes-para-uso-de-ia-nas-eleicoes-de-outubro\\\/#breadcrumb\"},\"inLanguage\":\"pt-PT\",\"potentialAction\":[{\"@type\":\"ReadAction\",\"target\":[\"https:\\\/\\\/www.diariodeouropreto.com.br\\\/tse-aprova-restricoes-para-uso-de-ia-nas-eleicoes-de-outubro\\\/\"]}]},{\"@type\":\"ImageObject\",\"inLanguage\":\"pt-PT\",\"@id\":\"https:\\\/\\\/www.diariodeouropreto.com.br\\\/tse-aprova-restricoes-para-uso-de-ia-nas-eleicoes-de-outubro\\\/#primaryimage\",\"url\":\"https:\\\/\\\/www.diariodeouropreto.com.br\\\/wp-content\\\/uploads\\\/2022\\\/08\\\/tse_foto_jose_cruz_arq_agbr.jpg\",\"contentUrl\":\"https:\\\/\\\/www.diariodeouropreto.com.br\\\/wp-content\\\/uploads\\\/2022\\\/08\\\/tse_foto_jose_cruz_arq_agbr.jpg\",\"width\":1170,\"height\":700,\"caption\":\"O TSE aumentou o esquema de seguran\u00e7a para acessar o pr\u00e9dio do tribunal neste domingo\"},{\"@type\":\"BreadcrumbList\",\"@id\":\"https:\\\/\\\/www.diariodeouropreto.com.br\\\/tse-aprova-restricoes-para-uso-de-ia-nas-eleicoes-de-outubro\\\/#breadcrumb\",\"itemListElement\":[{\"@type\":\"ListItem\",\"position\":1,\"name\":\"In\u00edcio\",\"item\":\"https:\\\/\\\/www.diariodeouropreto.com.br\\\/pt\\\/\"},{\"@type\":\"ListItem\",\"position\":2,\"name\":\"TSE aprova restri\u00e7\u00f5es para uso de IA nas elei\u00e7\u00f5es de outubro\"}]},{\"@type\":\"WebSite\",\"@id\":\"https:\\\/\\\/www.diariodeouropreto.com.br\\\/pt\\\/#website\",\"url\":\"https:\\\/\\\/www.diariodeouropreto.com.br\\\/pt\\\/\",\"name\":\"Di\u00e1rio de Ouro Preto\",\"description\":\"Not\u00edcias Ouro Preto; Mariana;Minas Gerais;Jornal;Jornalismo;Not\u00edcias;\",\"publisher\":{\"@id\":\"https:\\\/\\\/www.diariodeouropreto.com.br\\\/pt\\\/#organization\"},\"alternateName\":\"Jornal di\u00e1rio de Ouro Preto\",\"potentialAction\":[{\"@type\":\"SearchAction\",\"target\":{\"@type\":\"EntryPoint\",\"urlTemplate\":\"https:\\\/\\\/www.diariodeouropreto.com.br\\\/pt\\\/?s={search_term_string}\"},\"query-input\":{\"@type\":\"PropertyValueSpecification\",\"valueRequired\":true,\"valueName\":\"search_term_string\"}}],\"inLanguage\":\"pt-PT\"},{\"@type\":\"Organization\",\"@id\":\"https:\\\/\\\/www.diariodeouropreto.com.br\\\/pt\\\/#organization\",\"name\":\"Di\u00e1rio de Ouro Preto\",\"alternateName\":\"Jornal di\u00e1rio Ouro Preto\",\"url\":\"https:\\\/\\\/www.diariodeouropreto.com.br\\\/pt\\\/\",\"logo\":{\"@type\":\"ImageObject\",\"inLanguage\":\"pt-PT\",\"@id\":\"https:\\\/\\\/www.diariodeouropreto.com.br\\\/pt\\\/#\\\/schema\\\/logo\\\/image\\\/\",\"url\":\"https:\\\/\\\/www.diariodeouropreto.com.br\\\/wp-content\\\/uploads\\\/2019\\\/06\\\/cropped-logotransp-2.png\",\"contentUrl\":\"https:\\\/\\\/www.diariodeouropreto.com.br\\\/wp-content\\\/uploads\\\/2019\\\/06\\\/cropped-logotransp-2.png\",\"width\":1323,\"height\":251,\"caption\":\"Di\u00e1rio de Ouro Preto\"},\"image\":{\"@id\":\"https:\\\/\\\/www.diariodeouropreto.com.br\\\/pt\\\/#\\\/schema\\\/logo\\\/image\\\/\"},\"sameAs\":[\"https:\\\/\\\/www.facebook.com\\\/diariodeouropreto\\\/\"]},{\"@type\":\"Person\",\"@id\":\"https:\\\/\\\/www.diariodeouropreto.com.br\\\/pt\\\/#\\\/schema\\\/person\\\/7654e7b471204a6dab6dc0ce6e140c99\",\"name\":\"Di\u00e1rio de Ouro Preto\",\"sameAs\":[\"http:\\\/\\\/www.diariodeouropreto.com.br\"],\"url\":\"https:\\\/\\\/www.diariodeouropreto.com.br\\\/pt\\\/author\\\/diario\\\/\"}]}<\/script>\n<!-- \/ Yoast SEO plugin. -->","yoast_head_json":{"title":"TSE aprova restri\u00e7\u00f5es para uso de IA nas elei\u00e7\u00f5es de outubro - Di\u00e1rio de Ouro Preto","description":"TSE proibiu postagens com montagens envolvendo candidatas e nudez - TSE aprova restri\u00e7\u00f5es para uso de IA nas elei\u00e7\u00f5es de outubro","robots":{"index":"index","follow":"follow","max-snippet":"max-snippet:-1","max-image-preview":"max-image-preview:large","max-video-preview":"max-video-preview:-1"},"canonical":"https:\/\/www.diariodeouropreto.com.br\/pt\/tse-aprova-restricoes-para-uso-de-ia-nas-eleicoes-de-outubro\/","og_locale":"pt_PT","og_type":"article","og_title":"TSE aprova restri\u00e7\u00f5es para uso de IA nas elei\u00e7\u00f5es de outubro - Di\u00e1rio de Ouro Preto","og_description":"TSE proibiu postagens com montagens envolvendo candidatas e nudez - TSE aprova restri\u00e7\u00f5es para uso de IA nas elei\u00e7\u00f5es de outubro","og_url":"https:\/\/www.diariodeouropreto.com.br\/pt\/tse-aprova-restricoes-para-uso-de-ia-nas-eleicoes-de-outubro\/","og_site_name":"Di\u00e1rio de Ouro Preto","article_publisher":"https:\/\/www.facebook.com\/diariodeouropreto\/","article_published_time":"2026-03-03T15:15:00+00:00","og_image":[{"width":1170,"height":700,"url":"https:\/\/www.diariodeouropreto.com.br\/wp-content\/uploads\/2022\/08\/tse_foto_jose_cruz_arq_agbr.jpg","type":"image\/jpeg"}],"author":"Di\u00e1rio de Ouro Preto","twitter_card":"summary_large_image","twitter_misc":{"Escrito por":"Di\u00e1rio de Ouro Preto","Tempo estimado de leitura":"3 minutos"},"schema":{"@context":"https:\/\/schema.org","@graph":[{"@type":"Article","@id":"https:\/\/www.diariodeouropreto.com.br\/tse-aprova-restricoes-para-uso-de-ia-nas-eleicoes-de-outubro\/#article","isPartOf":{"@id":"https:\/\/www.diariodeouropreto.com.br\/tse-aprova-restricoes-para-uso-de-ia-nas-eleicoes-de-outubro\/"},"author":{"name":"Di\u00e1rio de Ouro Preto","@id":"https:\/\/www.diariodeouropreto.com.br\/pt\/#\/schema\/person\/7654e7b471204a6dab6dc0ce6e140c99"},"headline":"TSE aprova restri\u00e7\u00f5es para uso de IA nas elei\u00e7\u00f5es de outubro","datePublished":"2026-03-03T15:15:00+00:00","mainEntityOfPage":{"@id":"https:\/\/www.diariodeouropreto.com.br\/tse-aprova-restricoes-para-uso-de-ia-nas-eleicoes-de-outubro\/"},"wordCount":370,"publisher":{"@id":"https:\/\/www.diariodeouropreto.com.br\/pt\/#organization"},"image":{"@id":"https:\/\/www.diariodeouropreto.com.br\/tse-aprova-restricoes-para-uso-de-ia-nas-eleicoes-de-outubro\/#primaryimage"},"thumbnailUrl":"https:\/\/www.diariodeouropreto.com.br\/wp-content\/uploads\/2022\/08\/tse_foto_jose_cruz_arq_agbr.jpg","articleSection":["Geral"],"inLanguage":"pt-PT"},{"@type":"WebPage","@id":"https:\/\/www.diariodeouropreto.com.br\/tse-aprova-restricoes-para-uso-de-ia-nas-eleicoes-de-outubro\/","url":"https:\/\/www.diariodeouropreto.com.br\/tse-aprova-restricoes-para-uso-de-ia-nas-eleicoes-de-outubro\/","name":"TSE aprova restri\u00e7\u00f5es para uso de IA nas elei\u00e7\u00f5es de outubro - Di\u00e1rio de Ouro Preto","isPartOf":{"@id":"https:\/\/www.diariodeouropreto.com.br\/pt\/#website"},"primaryImageOfPage":{"@id":"https:\/\/www.diariodeouropreto.com.br\/tse-aprova-restricoes-para-uso-de-ia-nas-eleicoes-de-outubro\/#primaryimage"},"image":{"@id":"https:\/\/www.diariodeouropreto.com.br\/tse-aprova-restricoes-para-uso-de-ia-nas-eleicoes-de-outubro\/#primaryimage"},"thumbnailUrl":"https:\/\/www.diariodeouropreto.com.br\/wp-content\/uploads\/2022\/08\/tse_foto_jose_cruz_arq_agbr.jpg","datePublished":"2026-03-03T15:15:00+00:00","description":"TSE proibiu postagens com montagens envolvendo candidatas e nudez - TSE aprova restri\u00e7\u00f5es para uso de IA nas elei\u00e7\u00f5es de outubro","breadcrumb":{"@id":"https:\/\/www.diariodeouropreto.com.br\/tse-aprova-restricoes-para-uso-de-ia-nas-eleicoes-de-outubro\/#breadcrumb"},"inLanguage":"pt-PT","potentialAction":[{"@type":"ReadAction","target":["https:\/\/www.diariodeouropreto.com.br\/tse-aprova-restricoes-para-uso-de-ia-nas-eleicoes-de-outubro\/"]}]},{"@type":"ImageObject","inLanguage":"pt-PT","@id":"https:\/\/www.diariodeouropreto.com.br\/tse-aprova-restricoes-para-uso-de-ia-nas-eleicoes-de-outubro\/#primaryimage","url":"https:\/\/www.diariodeouropreto.com.br\/wp-content\/uploads\/2022\/08\/tse_foto_jose_cruz_arq_agbr.jpg","contentUrl":"https:\/\/www.diariodeouropreto.com.br\/wp-content\/uploads\/2022\/08\/tse_foto_jose_cruz_arq_agbr.jpg","width":1170,"height":700,"caption":"O TSE aumentou o esquema de seguran\u00e7a para acessar o pr\u00e9dio do tribunal neste domingo"},{"@type":"BreadcrumbList","@id":"https:\/\/www.diariodeouropreto.com.br\/tse-aprova-restricoes-para-uso-de-ia-nas-eleicoes-de-outubro\/#breadcrumb","itemListElement":[{"@type":"ListItem","position":1,"name":"In\u00edcio","item":"https:\/\/www.diariodeouropreto.com.br\/pt\/"},{"@type":"ListItem","position":2,"name":"TSE aprova restri\u00e7\u00f5es para uso de IA nas elei\u00e7\u00f5es de outubro"}]},{"@type":"WebSite","@id":"https:\/\/www.diariodeouropreto.com.br\/pt\/#website","url":"https:\/\/www.diariodeouropreto.com.br\/pt\/","name":"Di\u00e1rio de Ouro Preto","description":"Not\u00edcias Ouro Preto; Mariana;Minas Gerais;Jornal;Jornalismo;Not\u00edcias;","publisher":{"@id":"https:\/\/www.diariodeouropreto.com.br\/pt\/#organization"},"alternateName":"Jornal di\u00e1rio de Ouro Preto","potentialAction":[{"@type":"SearchAction","target":{"@type":"EntryPoint","urlTemplate":"https:\/\/www.diariodeouropreto.com.br\/pt\/?s={search_term_string}"},"query-input":{"@type":"PropertyValueSpecification","valueRequired":true,"valueName":"search_term_string"}}],"inLanguage":"pt-PT"},{"@type":"Organization","@id":"https:\/\/www.diariodeouropreto.com.br\/pt\/#organization","name":"Di\u00e1rio de Ouro Preto","alternateName":"Jornal di\u00e1rio Ouro Preto","url":"https:\/\/www.diariodeouropreto.com.br\/pt\/","logo":{"@type":"ImageObject","inLanguage":"pt-PT","@id":"https:\/\/www.diariodeouropreto.com.br\/pt\/#\/schema\/logo\/image\/","url":"https:\/\/www.diariodeouropreto.com.br\/wp-content\/uploads\/2019\/06\/cropped-logotransp-2.png","contentUrl":"https:\/\/www.diariodeouropreto.com.br\/wp-content\/uploads\/2019\/06\/cropped-logotransp-2.png","width":1323,"height":251,"caption":"Di\u00e1rio de Ouro Preto"},"image":{"@id":"https:\/\/www.diariodeouropreto.com.br\/pt\/#\/schema\/logo\/image\/"},"sameAs":["https:\/\/www.facebook.com\/diariodeouropreto\/"]},{"@type":"Person","@id":"https:\/\/www.diariodeouropreto.com.br\/pt\/#\/schema\/person\/7654e7b471204a6dab6dc0ce6e140c99","name":"Di\u00e1rio de Ouro Preto","sameAs":["http:\/\/www.diariodeouropreto.com.br"],"url":"https:\/\/www.diariodeouropreto.com.br\/pt\/author\/diario\/"}]}},"jetpack_publicize_connections":[],"jetpack_featured_media_url":"https:\/\/www.diariodeouropreto.com.br\/wp-content\/uploads\/2022\/08\/tse_foto_jose_cruz_arq_agbr.jpg","jetpack-related-posts":[{"id":36880,"url":"https:\/\/www.diariodeouropreto.com.br\/pt\/propaganda-eleitoral-comeca-nesta-sexta-feira\/","url_meta":{"origin":50686,"position":0},"title":"Propaganda eleitoral come\u00e7a nesta sexta-feira","author":"Di\u00e1rio de Ouro Preto","date":"11 de Agosto de 2024","format":false,"excerpt":"A partir da pr\u00f3xima sexta-feira (16) est\u00e3o liberadas as propagandas para as elei\u00e7\u00f5es municipais de outubro, no que deve ser o primeiro pleito no Brasil diretamente impactado por novas tecnologias de intelig\u00eancia artificial (IA), aquelas capazes de produzir imagens e sons sint\u00e9ticos muito pr\u00f3ximos do real. As propagandas v\u00e3o at\u00e9\u2026","rel":"","context":"In &quot;Elei\u00e7\u00f5es&quot;","block_context":{"text":"Elei\u00e7\u00f5es","link":"https:\/\/www.diariodeouropreto.com.br\/pt\/Editoria\/eleicoes\/"},"img":{"alt_text":"","src":"https:\/\/i0.wp.com\/www.diariodeouropreto.com.br\/wp-content\/uploads\/2020\/06\/urna_menor.jpg?resize=350%2C200&ssl=1","width":350,"height":200,"srcset":"https:\/\/i0.wp.com\/www.diariodeouropreto.com.br\/wp-content\/uploads\/2020\/06\/urna_menor.jpg?resize=350%2C200&ssl=1 1x, https:\/\/i0.wp.com\/www.diariodeouropreto.com.br\/wp-content\/uploads\/2020\/06\/urna_menor.jpg?resize=525%2C300&ssl=1 1.5x, https:\/\/i0.wp.com\/www.diariodeouropreto.com.br\/wp-content\/uploads\/2020\/06\/urna_menor.jpg?resize=700%2C400&ssl=1 2x, https:\/\/i0.wp.com\/www.diariodeouropreto.com.br\/wp-content\/uploads\/2020\/06\/urna_menor.jpg?resize=1050%2C600&ssl=1 3x"},"classes":[]},{"id":38064,"url":"https:\/\/www.diariodeouropreto.com.br\/pt\/eleicoes-2024-tse-lacra-sistema-que-sera-usado-em-urnas\/","url_meta":{"origin":50686,"position":1},"title":"Elei\u00e7\u00f5es 2024: TSE lacra sistema que ser\u00e1 usado em urnas","author":"Di\u00e1rio de Ouro Preto","date":"11 de Setembro de 2024","format":false,"excerpt":"Faltam 25 dias para eleitores escolherem prefeitos e vereadores A presidente do Tribunal Superior Eleitoral (TSE) e ministra do Supremo Tribunal Federal (STF), C\u00e1rmen L\u00facia, comandou, na tarde esta ter\u00e7a-feira (10), a cerim\u00f4nia de\u00a0assinatura digital e de lacra\u00e7\u00e3o dos sistemas eleitorais\u00a0para as elei\u00e7\u00f5es municipais de 2024. Os dois atos fazem\u2026","rel":"","context":"In &quot;Elei\u00e7\u00f5es&quot;","block_context":{"text":"Elei\u00e7\u00f5es","link":"https:\/\/www.diariodeouropreto.com.br\/pt\/Editoria\/eleicoes\/"},"img":{"alt_text":"","src":"https:\/\/i0.wp.com\/www.diariodeouropreto.com.br\/wp-content\/uploads\/2024\/09\/pzzb5947.webp?resize=350%2C200&ssl=1","width":350,"height":200,"srcset":"https:\/\/i0.wp.com\/www.diariodeouropreto.com.br\/wp-content\/uploads\/2024\/09\/pzzb5947.webp?resize=350%2C200&ssl=1 1x, https:\/\/i0.wp.com\/www.diariodeouropreto.com.br\/wp-content\/uploads\/2024\/09\/pzzb5947.webp?resize=525%2C300&ssl=1 1.5x, https:\/\/i0.wp.com\/www.diariodeouropreto.com.br\/wp-content\/uploads\/2024\/09\/pzzb5947.webp?resize=700%2C400&ssl=1 2x, https:\/\/i0.wp.com\/www.diariodeouropreto.com.br\/wp-content\/uploads\/2024\/09\/pzzb5947.webp?resize=1050%2C600&ssl=1 3x"},"classes":[]},{"id":27287,"url":"https:\/\/www.diariodeouropreto.com.br\/pt\/maioria-do-stf-reafirma-validade-de-resolucao-do-tse-contra-fake-news\/","url_meta":{"origin":50686,"position":2},"title":"Maioria do STF reafirma validade de resolu\u00e7\u00e3o do TSE contra fake news","author":"Di\u00e1rio de Ouro Preto","date":"25 de Dezembro de 2023","format":false,"excerpt":"O Supremo Tribunal Federal (STF) formou nesta sexta-feira (15) maioria de votos para manter a resolu\u00e7\u00e3o que ampliou os poderes do Tribunal Superior Eleitoral (TSE) no combate \u00e0 desinforma\u00e7\u00e3o nas elei\u00e7\u00f5es de 2022. No ano passado, as regras foram validadas pela Corte durante as elei\u00e7\u00f5es, quando os ministros rejeitaram a\u00e7\u00e3o\u2026","rel":"","context":"In &quot;Brasil&quot;","block_context":{"text":"Brasil","link":"https:\/\/www.diariodeouropreto.com.br\/pt\/Editoria\/brasil\/"},"img":{"alt_text":"","src":"https:\/\/i0.wp.com\/www.diariodeouropreto.com.br\/wp-content\/uploads\/2023\/12\/img_5636_0.webp?resize=350%2C200&ssl=1","width":350,"height":200,"srcset":"https:\/\/i0.wp.com\/www.diariodeouropreto.com.br\/wp-content\/uploads\/2023\/12\/img_5636_0.webp?resize=350%2C200&ssl=1 1x, https:\/\/i0.wp.com\/www.diariodeouropreto.com.br\/wp-content\/uploads\/2023\/12\/img_5636_0.webp?resize=525%2C300&ssl=1 1.5x, https:\/\/i0.wp.com\/www.diariodeouropreto.com.br\/wp-content\/uploads\/2023\/12\/img_5636_0.webp?resize=700%2C400&ssl=1 2x, https:\/\/i0.wp.com\/www.diariodeouropreto.com.br\/wp-content\/uploads\/2023\/12\/img_5636_0.webp?resize=1050%2C600&ssl=1 3x"},"classes":[]},{"id":35165,"url":"https:\/\/www.diariodeouropreto.com.br\/pt\/candidato-pode-usar-marca-de-empresa-privada-em-nome-de-urna-diz-tse\/","url_meta":{"origin":50686,"position":3},"title":"Candidato pode usar marca de empresa privada em nome de urna, diz TSE","author":"Di\u00e1rio de Ouro Preto","date":"1 de Julho de 2024","format":false,"excerpt":"O Tribunal Superior Eleitoral (TSE) afirmou nesta segunda-feira (1\u00ba), por maioria, que os candidatos nas elei\u00e7\u00f5es municipais de 2024 podem utilizar no nome de urna marcas ou siglas de empresas privadas. Bras\u00edlia -Ministro Raul Ara\u00fajo.\u00a0Foto:\u00a0Marcello Casal jr\/Ag\u00eancia Brasil O plen\u00e1rio respondeu a uma consulta feita pela deputada Simone Marquetto (MDB-SP).\u2026","rel":"","context":"In &quot;Elei\u00e7\u00f5es&quot;","block_context":{"text":"Elei\u00e7\u00f5es","link":"https:\/\/www.diariodeouropreto.com.br\/pt\/Editoria\/eleicoes\/"},"img":{"alt_text":"","src":"https:\/\/i0.wp.com\/www.diariodeouropreto.com.br\/wp-content\/uploads\/2024\/07\/predio-tse_mcamgo_abr_22062023-6.webp?resize=350%2C200&ssl=1","width":350,"height":200,"srcset":"https:\/\/i0.wp.com\/www.diariodeouropreto.com.br\/wp-content\/uploads\/2024\/07\/predio-tse_mcamgo_abr_22062023-6.webp?resize=350%2C200&ssl=1 1x, https:\/\/i0.wp.com\/www.diariodeouropreto.com.br\/wp-content\/uploads\/2024\/07\/predio-tse_mcamgo_abr_22062023-6.webp?resize=525%2C300&ssl=1 1.5x, https:\/\/i0.wp.com\/www.diariodeouropreto.com.br\/wp-content\/uploads\/2024\/07\/predio-tse_mcamgo_abr_22062023-6.webp?resize=700%2C400&ssl=1 2x, https:\/\/i0.wp.com\/www.diariodeouropreto.com.br\/wp-content\/uploads\/2024\/07\/predio-tse_mcamgo_abr_22062023-6.webp?resize=1050%2C600&ssl=1 3x"},"classes":[]},{"id":38082,"url":"https:\/\/www.diariodeouropreto.com.br\/pt\/simulador-de-votacao-ajuda-eleitores-a-se-familiarizarem-com-a-urna-eletronica\/","url_meta":{"origin":50686,"position":4},"title":"Simulador de Vota\u00e7\u00e3o ajuda eleitores a se familiarizarem com a urna eletr\u00f4nica","author":"Di\u00e1rio de Ouro Preto","date":"11 de Setembro de 2024","format":false,"excerpt":"Acesse a ferramenta no Portal do TSE e se prepare para votar nas Elei\u00e7\u00f5es 2024 A um m\u00eas e meio do 1\u00ba\u00a0turno das Elei\u00e7\u00f5es Municipais 2024, que ir\u00e3o ocorrer no dia 6 de outubro,\u00a0o Tribunal Superior Eleitoral (TSE) incentiva o eleitorado a treinar o voto no Simulador de Vota\u00e7\u00e3o. Vale\u2026","rel":"","context":"In &quot;Elei\u00e7\u00f5es&quot;","block_context":{"text":"Elei\u00e7\u00f5es","link":"https:\/\/www.diariodeouropreto.com.br\/pt\/Editoria\/eleicoes\/"},"img":{"alt_text":"","src":"https:\/\/i0.wp.com\/www.diariodeouropreto.com.br\/wp-content\/uploads\/2024\/09\/5ffa9ab8-c1b2-4498-8088-b8c16f241520.jpeg?resize=350%2C200&ssl=1","width":350,"height":200,"srcset":"https:\/\/i0.wp.com\/www.diariodeouropreto.com.br\/wp-content\/uploads\/2024\/09\/5ffa9ab8-c1b2-4498-8088-b8c16f241520.jpeg?resize=350%2C200&ssl=1 1x, https:\/\/i0.wp.com\/www.diariodeouropreto.com.br\/wp-content\/uploads\/2024\/09\/5ffa9ab8-c1b2-4498-8088-b8c16f241520.jpeg?resize=525%2C300&ssl=1 1.5x"},"classes":[]},{"id":17797,"url":"https:\/\/www.diariodeouropreto.com.br\/pt\/vera-lucia-do-pstu-registra-de-candidatura-a-presidencia-no-tse\/","url_meta":{"origin":50686,"position":5},"title":"Vera L\u00facia, do PSTU, registra de candidatura \u00e0 Presid\u00eancia no TSE","author":"Di\u00e1rio de Ouro Preto","date":"7 de Agosto de 2022","format":false,"excerpt":"O Tribunal Superior Eleitoral (TSE) recebeu ontem (6) o pedido de registro de candidatura da oper\u00e1ria Vera L\u00facia, do PSTU,\u00a0\u00e0 presid\u00eancia da Rep\u00fablica. A candidata \u00e0 vice-presid\u00eancia \u00e9 a ind\u00edgena Raquel Trememb\u00e9. No pedido de registro, Vera declarou dep\u00f3sito de R$ 8,8 mil em poupan\u00e7a como \u00fanico item da lista\u2026","rel":"","context":"In &quot;Elei\u00e7\u00f5es&quot;","block_context":{"text":"Elei\u00e7\u00f5es","link":"https:\/\/www.diariodeouropreto.com.br\/pt\/Editoria\/eleicoes\/"},"img":{"alt_text":"","src":"https:\/\/i0.wp.com\/www.diariodeouropreto.com.br\/wp-content\/uploads\/2022\/08\/WhatsApp-Image-2022-08-07-at-13.09.45.jpeg?resize=350%2C200&ssl=1","width":350,"height":200,"srcset":"https:\/\/i0.wp.com\/www.diariodeouropreto.com.br\/wp-content\/uploads\/2022\/08\/WhatsApp-Image-2022-08-07-at-13.09.45.jpeg?resize=350%2C200&ssl=1 1x, https:\/\/i0.wp.com\/www.diariodeouropreto.com.br\/wp-content\/uploads\/2022\/08\/WhatsApp-Image-2022-08-07-at-13.09.45.jpeg?resize=525%2C300&ssl=1 1.5x, https:\/\/i0.wp.com\/www.diariodeouropreto.com.br\/wp-content\/uploads\/2022\/08\/WhatsApp-Image-2022-08-07-at-13.09.45.jpeg?resize=700%2C400&ssl=1 2x, https:\/\/i0.wp.com\/www.diariodeouropreto.com.br\/wp-content\/uploads\/2022\/08\/WhatsApp-Image-2022-08-07-at-13.09.45.jpeg?resize=1050%2C600&ssl=1 3x"},"classes":[]}],"jetpack_sharing_enabled":true,"amp_enabled":true,"_links":{"self":[{"href":"https:\/\/www.diariodeouropreto.com.br\/pt\/wp-json\/wp\/v2\/posts\/50686","targetHints":{"allow":["GET"]}}],"collection":[{"href":"https:\/\/www.diariodeouropreto.com.br\/pt\/wp-json\/wp\/v2\/posts"}],"about":[{"href":"https:\/\/www.diariodeouropreto.com.br\/pt\/wp-json\/wp\/v2\/types\/post"}],"author":[{"embeddable":true,"href":"https:\/\/www.diariodeouropreto.com.br\/pt\/wp-json\/wp\/v2\/users\/1"}],"replies":[{"embeddable":true,"href":"https:\/\/www.diariodeouropreto.com.br\/pt\/wp-json\/wp\/v2\/comments?post=50686"}],"version-history":[{"count":1,"href":"https:\/\/www.diariodeouropreto.com.br\/pt\/wp-json\/wp\/v2\/posts\/50686\/revisions"}],"predecessor-version":[{"id":50698,"href":"https:\/\/www.diariodeouropreto.com.br\/pt\/wp-json\/wp\/v2\/posts\/50686\/revisions\/50698"}],"wp:featuredmedia":[{"embeddable":true,"href":"https:\/\/www.diariodeouropreto.com.br\/pt\/wp-json\/wp\/v2\/media\/17985"}],"wp:attachment":[{"href":"https:\/\/www.diariodeouropreto.com.br\/pt\/wp-json\/wp\/v2\/media?parent=50686"}],"wp:term":[{"taxonomy":"category","embeddable":true,"href":"https:\/\/www.diariodeouropreto.com.br\/pt\/wp-json\/wp\/v2\/categories?post=50686"},{"taxonomy":"post_tag","embeddable":true,"href":"https:\/\/www.diariodeouropreto.com.br\/pt\/wp-json\/wp\/v2\/tags?post=50686"}],"curies":[{"name":"wp","href":"https:\/\/api.w.org\/{rel}","templated":true}]}}