{"id":50681,"date":"2026-03-03T11:36:17","date_gmt":"2026-03-03T14:36:17","guid":{"rendered":"https:\/\/www.diariodeouropreto.com.br\/?p=50681"},"modified":"2026-03-03T11:36:19","modified_gmt":"2026-03-03T14:36:19","slug":"cristo-sera-iluminado-em-campanha-de-combate-a-violencia-de-genero","status":"publish","type":"post","link":"https:\/\/www.diariodeouropreto.com.br\/pt\/cristo-sera-iluminado-em-campanha-de-combate-a-violencia-de-genero\/","title":{"rendered":"Cristo ser\u00e1 iluminado em campanha de combate \u00e0 viol\u00eancia de g\u00eanero"},"content":{"rendered":"<p><strong>Iniciativa \u00e9 da EBC com Embratur e funda\u00e7\u00e3o No More<br><\/strong><\/p>\n\n\n\n<p>Nesta ter\u00e7a-feira (3), \u00e0s 20h, ser\u00e1 lan\u00e7ada uma iniciativa de conscientiza\u00e7\u00e3o e preven\u00e7\u00e3o da viol\u00eancia contra mulheres e meninas que utilizar\u00e1 o ciclo de prepara\u00e7\u00e3o para a Copa do Mundo FIFA 2027 de futebol feminino como plataforma de mobiliza\u00e7\u00e3o social.<img decoding=\"async\" src=\"https:\/\/agenciabrasil.ebc.com.br\/ebc.png?id=1680268&amp;o=node\"><img decoding=\"async\" src=\"https:\/\/agenciabrasil.ebc.com.br\/ebc.gif?id=1680268&amp;o=node\"><\/p>\n\n\n\n<p>Para marcar o lan\u00e7amento da Campanha \u201cFeminic\u00eddio Nunca Mais\u201d, o monumento do Cristo Redentor ser\u00e1 iluminado na cor&nbsp;<em>teal<\/em>&nbsp;(verde-azulado)&nbsp;\u2014 s\u00edmbolo global de solidariedade \u00e0s sobreviventes de viol\u00eancia e de compromisso com a mudan\u00e7a cultural.<\/p>\n\n\n\n<p>A iniciativa \u00e9 coliderada pela&nbsp;NO MORE Foundation, organiza\u00e7\u00e3o global dedicada ao enfrentamento da viol\u00eancia dom\u00e9stica e sexual, em parceria estrat\u00e9gica com a&nbsp;Embratur \u2013 Ag\u00eancia Brasileira de Promo\u00e7\u00e3o Internacional do Turismo, a&nbsp;<strong>Empresa Brasil de Comunica\u00e7\u00e3o (EBC)<\/strong>&nbsp;e o&nbsp;Cons\u00f3rcio Cristo Sustent\u00e1vel, formado pelo Santu\u00e1rio Cristo Redentor, pela Obra Social Leste Um \u2013 O Sol e pelo Instituto Redemptor.<\/p>\n\n\n\n<p>Como parte da campanha, a&nbsp;<strong>TV Brasil<\/strong>&nbsp;vai veicular nos intervalos dos jogos uma campanha de conscientiza\u00e7\u00e3o com a participa\u00e7\u00e3o de atletas, como Ra\u00ed e Formiga. Emissora p\u00fablica da&nbsp;<strong>EBC<\/strong>,&nbsp;a&nbsp;<strong>TV Brasil<\/strong>&nbsp;\u00e9 a maior detentora de direitos de transmiss\u00e3o do futebol feminino no pa\u00eds.<\/p>\n\n\n\n<p>O an\u00fancio ocorre durante a&nbsp;NO MORE Week, mobiliza\u00e7\u00e3o global anual dedicada \u00e0 conscientiza\u00e7\u00e3o sobre o impacto da viol\u00eancia dom\u00e9stica e sexual. A&nbsp;Embratur&nbsp;apoiar\u00e1 a\u00e7\u00f5es voltadas \u00e0 promo\u00e7\u00e3o do Brasil como destino seguro e comprometido com valores contempor\u00e2neos de equidade, diversidade e responsabilidade social \u2014 dimens\u00f5es cada vez mais determinantes na escolha de destinos tur\u00edsticos globais.<\/p>\n\n\n\n<h2 class=\"wp-block-heading\">Pr\u00eamio TV Brasil Petrobras para Elas<\/h2>\n\n\n\n<p>No mesmo hor\u00e1rio e local, ser\u00e1 lan\u00e7ado, aos p\u00e9s do Cristo Redentor, o&nbsp;Pr\u00eamio TV Brasil Petrobras para Elas, iniciativa in\u00e9dita da&nbsp;<strong>Empresa Brasil de Comunica\u00e7\u00e3o (EBC)<\/strong>&nbsp;em parceria com a&nbsp;Petrobras. A premia\u00e7\u00e3o nasce com o prop\u00f3sito de ser o principal reconhecimento anual do futebol feminino brasileiro, unindo excel\u00eancia esportiva, fortalecimento institucional e compromisso social.<\/p>\n\n\n\n<p>O&nbsp;Pr\u00eamio TV Brasil Petrobras para Elas&nbsp;ser\u00e1 concedido para preencher uma lacuna hist\u00f3rica: a inexist\u00eancia, no Brasil, de uma premia\u00e7\u00e3o exclusiva dedicada ao futebol feminino. A vota\u00e7\u00e3o para o pr\u00eamio ser\u00e1 feita entre as capit\u00e3s e treinadoras e treinadores das equipes brasileiras. O pr\u00eamio tamb\u00e9m ter\u00e1 uma categoria \u201cFutebol Feminino Contra o Feminic\u00eddio\u201d.<\/p>\n\n\n\n<p><strong>Servi\u00e7o:<\/strong>&nbsp;Lan\u00e7amento da Campanha \u201cFeminic\u00eddio Nunca Mais\u201d e do Pr\u00eamio TV Brasil Petrobras para Elas \u2013 3 de mar\u00e7o de 2026, a partir das 20h, no Santu\u00e1rio Cristo Redentor, no Rio de Janeiro (RJ)<\/p>\n\n\n\n<div id=\"110712\" class=\"advads-saneouro advads-entity-placement\" style=\"margin-left: auto;margin-right: auto;text-align: center;\"><a href=\"https:\/\/www.saneouro.com.br\/\" target=\"_blank\" aria-label=\"DOP_Site\" data-wpel-link=\"external\" rel=\"follow external noopener noreferrer sponsored ugc\"><img src=\"https:\/\/www.diariodeouropreto.com.br\/wp-content\/uploads\/2026\/04\/DOP_Site.jpg\" alt=\"\"  srcset=\"https:\/\/www.diariodeouropreto.com.br\/wp-content\/uploads\/2026\/04\/DOP_Site.jpg 301w, https:\/\/www.diariodeouropreto.com.br\/wp-content\/uploads\/2026\/04\/DOP_Site-180x150.jpg 180w, https:\/\/www.diariodeouropreto.com.br\/wp-content\/uploads\/2026\/04\/DOP_Site-14x12.jpg 14w\" sizes=\"(max-width: 301px) 100vw, 301px\" width=\"301\" height=\"251\"  style=\"display: inline-block;\" \/><\/a><\/div><p>Fonte: EBC<\/p>\n\n\n\n<div id=\"50321\" class=\"advads-plantao advads-entity-placement\"><a href=\"https:\/\/www.diariodeouropreto.com.br\/pt\/\" target=\"_blank\" aria-label=\"site &#8211; noticia\" data-wpel-link=\"external\" rel=\"follow external noopener noreferrer sponsored ugc\"><img src=\"https:\/\/www.diariodeouropreto.com.br\/wp-content\/uploads\/2019\/09\/titulosite2-e1616373489755.jpg\" alt=\"\"  srcset=\"https:\/\/www.diariodeouropreto.com.br\/wp-content\/uploads\/2019\/09\/titulosite2-e1616373489755.jpg 1200w, https:\/\/www.diariodeouropreto.com.br\/wp-content\/uploads\/2019\/09\/titulosite2-e1616373489755-150x38.jpg 150w, https:\/\/www.diariodeouropreto.com.br\/wp-content\/uploads\/2019\/09\/titulosite2-e1616373489755-660x167.jpg 660w, https:\/\/www.diariodeouropreto.com.br\/wp-content\/uploads\/2019\/09\/titulosite2-e1616373489755-768x194.jpg 768w, https:\/\/www.diariodeouropreto.com.br\/wp-content\/uploads\/2019\/09\/titulosite2-e1616373489755-1000x252.jpg 1000w, https:\/\/www.diariodeouropreto.com.br\/wp-content\/uploads\/2019\/09\/titulosite2-e1616373489755-1536x388.jpg 1536w, https:\/\/www.diariodeouropreto.com.br\/wp-content\/uploads\/2019\/09\/titulosite2-e1616373489755-2048x517.jpg 2048w\" sizes=\"(max-width: 1200px) 100vw, 1200px\" width=\"1200\" height=\"303\"  style=\"display: inline-block;\" \/><\/a><\/div><p>Foto: \u00a9 T\u00e2nia R\u00eago\/Ag\u00eancia Brasil<\/p>","protected":false},"excerpt":{"rendered":"<p>Iniciativa \u00e9 da EBC com Embratur e funda\u00e7\u00e3o No More Nesta ter\u00e7a-feira (3), \u00e0s 20h, ser\u00e1 lan\u00e7ada uma iniciativa de conscientiza\u00e7\u00e3o e preven\u00e7\u00e3o da viol\u00eancia contra mulheres e meninas que utilizar\u00e1 o ciclo de prepara\u00e7\u00e3o para a Copa do Mundo FIFA 2027 de futebol feminino como plataforma de mobiliza\u00e7\u00e3o social.<span class=\"more-link\"><a href=\"https:\/\/www.diariodeouropreto.com.br\/pt\/cristo-sera-iluminado-em-campanha-de-combate-a-violencia-de-genero\/\" data-wpel-link=\"internal\">Continue Lendo<\/a><\/span><\/p>","protected":false},"author":1,"featured_media":50682,"comment_status":"closed","ping_status":"closed","sticky":false,"template":"","format":"standard","meta":{"_jetpack_memberships_contains_paid_content":false,"footnotes":"","jetpack_publicize_message":"Iniciativa \u00e9 da EBC com Embratur e funda\u00e7\u00e3o No More\n","jetpack_publicize_feature_enabled":true,"jetpack_social_post_already_shared":false,"jetpack_social_options":{"image_generator_settings":{"template":"highway","default_image_id":0,"font":"","enabled":false},"version":2}},"categories":[272],"tags":[],"class_list":["entry","author-diario","post-50681","post","type-post","status-publish","format-standard","has-post-thumbnail","category-variedades"],"yoast_head":"<!-- This site is optimized with the Yoast SEO plugin v27.5 - https:\/\/yoast.com\/product\/yoast-seo-wordpress\/ -->\n<title>Cristo ser\u00e1 iluminado em campanha de combate \u00e0 viol\u00eancia de g\u00eanero - Di\u00e1rio de Ouro Preto<\/title>\n<meta name=\"description\" content=\"Iniciativa \u00e9 da EBC com Embratur e funda\u00e7\u00e3o No More - Cristo ser\u00e1 iluminado em campanha de combate \u00e0 viol\u00eancia de g\u00eanero\" \/>\n<meta name=\"robots\" content=\"index, follow, max-snippet:-1, max-image-preview:large, max-video-preview:-1\" \/>\n<link rel=\"canonical\" href=\"https:\/\/www.diariodeouropreto.com.br\/pt\/cristo-sera-iluminado-em-campanha-de-combate-a-violencia-de-genero\/\" \/>\n<meta property=\"og:locale\" content=\"pt_PT\" \/>\n<meta property=\"og:type\" content=\"article\" \/>\n<meta property=\"og:title\" content=\"Cristo ser\u00e1 iluminado em campanha de combate \u00e0 viol\u00eancia de g\u00eanero - Di\u00e1rio de Ouro Preto\" \/>\n<meta property=\"og:description\" content=\"Iniciativa \u00e9 da EBC com Embratur e funda\u00e7\u00e3o No More - Cristo ser\u00e1 iluminado em campanha de combate \u00e0 viol\u00eancia de g\u00eanero\" \/>\n<meta property=\"og:url\" content=\"https:\/\/www.diariodeouropreto.com.br\/pt\/cristo-sera-iluminado-em-campanha-de-combate-a-violencia-de-genero\/\" \/>\n<meta property=\"og:site_name\" content=\"Di\u00e1rio de Ouro Preto\" \/>\n<meta property=\"article:publisher\" content=\"https:\/\/www.facebook.com\/diariodeouropreto\/\" \/>\n<meta property=\"article:published_time\" content=\"2026-03-03T14:36:17+00:00\" \/>\n<meta property=\"article:modified_time\" content=\"2026-03-03T14:36:19+00:00\" \/>\n<meta property=\"og:image\" content=\"https:\/\/www.diariodeouropreto.com.br\/wp-content\/uploads\/2026\/03\/cristo_redentor_tnrgo_010320212443.webp\" \/>\n\t<meta property=\"og:image:width\" content=\"1170\" \/>\n\t<meta property=\"og:image:height\" content=\"700\" \/>\n\t<meta property=\"og:image:type\" content=\"image\/webp\" \/>\n<meta name=\"author\" content=\"Di\u00e1rio de Ouro Preto\" \/>\n<meta name=\"twitter:card\" content=\"summary_large_image\" \/>\n<meta name=\"twitter:label1\" content=\"Escrito por\" \/>\n\t<meta name=\"twitter:data1\" content=\"Di\u00e1rio de Ouro Preto\" \/>\n\t<meta name=\"twitter:label2\" content=\"Tempo estimado de leitura\" \/>\n\t<meta name=\"twitter:data2\" content=\"3 minutos\" \/>\n<script type=\"application\/ld+json\" class=\"yoast-schema-graph\">{\"@context\":\"https:\\\/\\\/schema.org\",\"@graph\":[{\"@type\":\"Article\",\"@id\":\"https:\\\/\\\/www.diariodeouropreto.com.br\\\/cristo-sera-iluminado-em-campanha-de-combate-a-violencia-de-genero\\\/#article\",\"isPartOf\":{\"@id\":\"https:\\\/\\\/www.diariodeouropreto.com.br\\\/cristo-sera-iluminado-em-campanha-de-combate-a-violencia-de-genero\\\/\"},\"author\":{\"name\":\"Di\u00e1rio de Ouro Preto\",\"@id\":\"https:\\\/\\\/www.diariodeouropreto.com.br\\\/pt\\\/#\\\/schema\\\/person\\\/7654e7b471204a6dab6dc0ce6e140c99\"},\"headline\":\"Cristo ser\u00e1 iluminado em campanha de combate \u00e0 viol\u00eancia de g\u00eanero\",\"datePublished\":\"2026-03-03T14:36:17+00:00\",\"dateModified\":\"2026-03-03T14:36:19+00:00\",\"mainEntityOfPage\":{\"@id\":\"https:\\\/\\\/www.diariodeouropreto.com.br\\\/cristo-sera-iluminado-em-campanha-de-combate-a-violencia-de-genero\\\/\"},\"wordCount\":495,\"publisher\":{\"@id\":\"https:\\\/\\\/www.diariodeouropreto.com.br\\\/pt\\\/#organization\"},\"image\":{\"@id\":\"https:\\\/\\\/www.diariodeouropreto.com.br\\\/cristo-sera-iluminado-em-campanha-de-combate-a-violencia-de-genero\\\/#primaryimage\"},\"thumbnailUrl\":\"https:\\\/\\\/www.diariodeouropreto.com.br\\\/wp-content\\\/uploads\\\/2026\\\/03\\\/cristo_redentor_tnrgo_010320212443.webp\",\"articleSection\":[\"Variedades\"],\"inLanguage\":\"pt-PT\"},{\"@type\":\"WebPage\",\"@id\":\"https:\\\/\\\/www.diariodeouropreto.com.br\\\/cristo-sera-iluminado-em-campanha-de-combate-a-violencia-de-genero\\\/\",\"url\":\"https:\\\/\\\/www.diariodeouropreto.com.br\\\/cristo-sera-iluminado-em-campanha-de-combate-a-violencia-de-genero\\\/\",\"name\":\"Cristo ser\u00e1 iluminado em campanha de combate \u00e0 viol\u00eancia de g\u00eanero - Di\u00e1rio de Ouro Preto\",\"isPartOf\":{\"@id\":\"https:\\\/\\\/www.diariodeouropreto.com.br\\\/pt\\\/#website\"},\"primaryImageOfPage\":{\"@id\":\"https:\\\/\\\/www.diariodeouropreto.com.br\\\/cristo-sera-iluminado-em-campanha-de-combate-a-violencia-de-genero\\\/#primaryimage\"},\"image\":{\"@id\":\"https:\\\/\\\/www.diariodeouropreto.com.br\\\/cristo-sera-iluminado-em-campanha-de-combate-a-violencia-de-genero\\\/#primaryimage\"},\"thumbnailUrl\":\"https:\\\/\\\/www.diariodeouropreto.com.br\\\/wp-content\\\/uploads\\\/2026\\\/03\\\/cristo_redentor_tnrgo_010320212443.webp\",\"datePublished\":\"2026-03-03T14:36:17+00:00\",\"dateModified\":\"2026-03-03T14:36:19+00:00\",\"description\":\"Iniciativa \u00e9 da EBC com Embratur e funda\u00e7\u00e3o No More - Cristo ser\u00e1 iluminado em campanha de combate \u00e0 viol\u00eancia de g\u00eanero\",\"breadcrumb\":{\"@id\":\"https:\\\/\\\/www.diariodeouropreto.com.br\\\/cristo-sera-iluminado-em-campanha-de-combate-a-violencia-de-genero\\\/#breadcrumb\"},\"inLanguage\":\"pt-PT\",\"potentialAction\":[{\"@type\":\"ReadAction\",\"target\":[\"https:\\\/\\\/www.diariodeouropreto.com.br\\\/cristo-sera-iluminado-em-campanha-de-combate-a-violencia-de-genero\\\/\"]}]},{\"@type\":\"ImageObject\",\"inLanguage\":\"pt-PT\",\"@id\":\"https:\\\/\\\/www.diariodeouropreto.com.br\\\/cristo-sera-iluminado-em-campanha-de-combate-a-violencia-de-genero\\\/#primaryimage\",\"url\":\"https:\\\/\\\/www.diariodeouropreto.com.br\\\/wp-content\\\/uploads\\\/2026\\\/03\\\/cristo_redentor_tnrgo_010320212443.webp\",\"contentUrl\":\"https:\\\/\\\/www.diariodeouropreto.com.br\\\/wp-content\\\/uploads\\\/2026\\\/03\\\/cristo_redentor_tnrgo_010320212443.webp\",\"width\":1170,\"height\":700},{\"@type\":\"BreadcrumbList\",\"@id\":\"https:\\\/\\\/www.diariodeouropreto.com.br\\\/cristo-sera-iluminado-em-campanha-de-combate-a-violencia-de-genero\\\/#breadcrumb\",\"itemListElement\":[{\"@type\":\"ListItem\",\"position\":1,\"name\":\"In\u00edcio\",\"item\":\"https:\\\/\\\/www.diariodeouropreto.com.br\\\/pt\\\/\"},{\"@type\":\"ListItem\",\"position\":2,\"name\":\"Cristo ser\u00e1 iluminado em campanha de combate \u00e0 viol\u00eancia de g\u00eanero\"}]},{\"@type\":\"WebSite\",\"@id\":\"https:\\\/\\\/www.diariodeouropreto.com.br\\\/pt\\\/#website\",\"url\":\"https:\\\/\\\/www.diariodeouropreto.com.br\\\/pt\\\/\",\"name\":\"Di\u00e1rio de Ouro Preto\",\"description\":\"Not\u00edcias Ouro Preto; Mariana;Minas Gerais;Jornal;Jornalismo;Not\u00edcias;\",\"publisher\":{\"@id\":\"https:\\\/\\\/www.diariodeouropreto.com.br\\\/pt\\\/#organization\"},\"alternateName\":\"Jornal di\u00e1rio de Ouro Preto\",\"potentialAction\":[{\"@type\":\"SearchAction\",\"target\":{\"@type\":\"EntryPoint\",\"urlTemplate\":\"https:\\\/\\\/www.diariodeouropreto.com.br\\\/pt\\\/?s={search_term_string}\"},\"query-input\":{\"@type\":\"PropertyValueSpecification\",\"valueRequired\":true,\"valueName\":\"search_term_string\"}}],\"inLanguage\":\"pt-PT\"},{\"@type\":\"Organization\",\"@id\":\"https:\\\/\\\/www.diariodeouropreto.com.br\\\/pt\\\/#organization\",\"name\":\"Di\u00e1rio de Ouro Preto\",\"alternateName\":\"Jornal di\u00e1rio Ouro Preto\",\"url\":\"https:\\\/\\\/www.diariodeouropreto.com.br\\\/pt\\\/\",\"logo\":{\"@type\":\"ImageObject\",\"inLanguage\":\"pt-PT\",\"@id\":\"https:\\\/\\\/www.diariodeouropreto.com.br\\\/pt\\\/#\\\/schema\\\/logo\\\/image\\\/\",\"url\":\"https:\\\/\\\/www.diariodeouropreto.com.br\\\/wp-content\\\/uploads\\\/2019\\\/06\\\/cropped-logotransp-2.png\",\"contentUrl\":\"https:\\\/\\\/www.diariodeouropreto.com.br\\\/wp-content\\\/uploads\\\/2019\\\/06\\\/cropped-logotransp-2.png\",\"width\":1323,\"height\":251,\"caption\":\"Di\u00e1rio de Ouro Preto\"},\"image\":{\"@id\":\"https:\\\/\\\/www.diariodeouropreto.com.br\\\/pt\\\/#\\\/schema\\\/logo\\\/image\\\/\"},\"sameAs\":[\"https:\\\/\\\/www.facebook.com\\\/diariodeouropreto\\\/\"]},{\"@type\":\"Person\",\"@id\":\"https:\\\/\\\/www.diariodeouropreto.com.br\\\/pt\\\/#\\\/schema\\\/person\\\/7654e7b471204a6dab6dc0ce6e140c99\",\"name\":\"Di\u00e1rio de Ouro Preto\",\"sameAs\":[\"http:\\\/\\\/www.diariodeouropreto.com.br\"],\"url\":\"https:\\\/\\\/www.diariodeouropreto.com.br\\\/pt\\\/author\\\/diario\\\/\"}]}<\/script>\n<!-- \/ Yoast SEO plugin. -->","yoast_head_json":{"title":"Cristo ser\u00e1 iluminado em campanha de combate \u00e0 viol\u00eancia de g\u00eanero - Di\u00e1rio de Ouro Preto","description":"Iniciativa \u00e9 da EBC com Embratur e funda\u00e7\u00e3o No More - Cristo ser\u00e1 iluminado em campanha de combate \u00e0 viol\u00eancia de g\u00eanero","robots":{"index":"index","follow":"follow","max-snippet":"max-snippet:-1","max-image-preview":"max-image-preview:large","max-video-preview":"max-video-preview:-1"},"canonical":"https:\/\/www.diariodeouropreto.com.br\/pt\/cristo-sera-iluminado-em-campanha-de-combate-a-violencia-de-genero\/","og_locale":"pt_PT","og_type":"article","og_title":"Cristo ser\u00e1 iluminado em campanha de combate \u00e0 viol\u00eancia de g\u00eanero - Di\u00e1rio de Ouro Preto","og_description":"Iniciativa \u00e9 da EBC com Embratur e funda\u00e7\u00e3o No More - Cristo ser\u00e1 iluminado em campanha de combate \u00e0 viol\u00eancia de g\u00eanero","og_url":"https:\/\/www.diariodeouropreto.com.br\/pt\/cristo-sera-iluminado-em-campanha-de-combate-a-violencia-de-genero\/","og_site_name":"Di\u00e1rio de Ouro Preto","article_publisher":"https:\/\/www.facebook.com\/diariodeouropreto\/","article_published_time":"2026-03-03T14:36:17+00:00","article_modified_time":"2026-03-03T14:36:19+00:00","og_image":[{"width":1170,"height":700,"url":"https:\/\/www.diariodeouropreto.com.br\/wp-content\/uploads\/2026\/03\/cristo_redentor_tnrgo_010320212443.webp","type":"image\/webp"}],"author":"Di\u00e1rio de Ouro Preto","twitter_card":"summary_large_image","twitter_misc":{"Escrito por":"Di\u00e1rio de Ouro Preto","Tempo estimado de leitura":"3 minutos"},"schema":{"@context":"https:\/\/schema.org","@graph":[{"@type":"Article","@id":"https:\/\/www.diariodeouropreto.com.br\/cristo-sera-iluminado-em-campanha-de-combate-a-violencia-de-genero\/#article","isPartOf":{"@id":"https:\/\/www.diariodeouropreto.com.br\/cristo-sera-iluminado-em-campanha-de-combate-a-violencia-de-genero\/"},"author":{"name":"Di\u00e1rio de Ouro Preto","@id":"https:\/\/www.diariodeouropreto.com.br\/pt\/#\/schema\/person\/7654e7b471204a6dab6dc0ce6e140c99"},"headline":"Cristo ser\u00e1 iluminado em campanha de combate \u00e0 viol\u00eancia de g\u00eanero","datePublished":"2026-03-03T14:36:17+00:00","dateModified":"2026-03-03T14:36:19+00:00","mainEntityOfPage":{"@id":"https:\/\/www.diariodeouropreto.com.br\/cristo-sera-iluminado-em-campanha-de-combate-a-violencia-de-genero\/"},"wordCount":495,"publisher":{"@id":"https:\/\/www.diariodeouropreto.com.br\/pt\/#organization"},"image":{"@id":"https:\/\/www.diariodeouropreto.com.br\/cristo-sera-iluminado-em-campanha-de-combate-a-violencia-de-genero\/#primaryimage"},"thumbnailUrl":"https:\/\/www.diariodeouropreto.com.br\/wp-content\/uploads\/2026\/03\/cristo_redentor_tnrgo_010320212443.webp","articleSection":["Variedades"],"inLanguage":"pt-PT"},{"@type":"WebPage","@id":"https:\/\/www.diariodeouropreto.com.br\/cristo-sera-iluminado-em-campanha-de-combate-a-violencia-de-genero\/","url":"https:\/\/www.diariodeouropreto.com.br\/cristo-sera-iluminado-em-campanha-de-combate-a-violencia-de-genero\/","name":"Cristo ser\u00e1 iluminado em campanha de combate \u00e0 viol\u00eancia de g\u00eanero - Di\u00e1rio de Ouro Preto","isPartOf":{"@id":"https:\/\/www.diariodeouropreto.com.br\/pt\/#website"},"primaryImageOfPage":{"@id":"https:\/\/www.diariodeouropreto.com.br\/cristo-sera-iluminado-em-campanha-de-combate-a-violencia-de-genero\/#primaryimage"},"image":{"@id":"https:\/\/www.diariodeouropreto.com.br\/cristo-sera-iluminado-em-campanha-de-combate-a-violencia-de-genero\/#primaryimage"},"thumbnailUrl":"https:\/\/www.diariodeouropreto.com.br\/wp-content\/uploads\/2026\/03\/cristo_redentor_tnrgo_010320212443.webp","datePublished":"2026-03-03T14:36:17+00:00","dateModified":"2026-03-03T14:36:19+00:00","description":"Iniciativa \u00e9 da EBC com Embratur e funda\u00e7\u00e3o No More - Cristo ser\u00e1 iluminado em campanha de combate \u00e0 viol\u00eancia de g\u00eanero","breadcrumb":{"@id":"https:\/\/www.diariodeouropreto.com.br\/cristo-sera-iluminado-em-campanha-de-combate-a-violencia-de-genero\/#breadcrumb"},"inLanguage":"pt-PT","potentialAction":[{"@type":"ReadAction","target":["https:\/\/www.diariodeouropreto.com.br\/cristo-sera-iluminado-em-campanha-de-combate-a-violencia-de-genero\/"]}]},{"@type":"ImageObject","inLanguage":"pt-PT","@id":"https:\/\/www.diariodeouropreto.com.br\/cristo-sera-iluminado-em-campanha-de-combate-a-violencia-de-genero\/#primaryimage","url":"https:\/\/www.diariodeouropreto.com.br\/wp-content\/uploads\/2026\/03\/cristo_redentor_tnrgo_010320212443.webp","contentUrl":"https:\/\/www.diariodeouropreto.com.br\/wp-content\/uploads\/2026\/03\/cristo_redentor_tnrgo_010320212443.webp","width":1170,"height":700},{"@type":"BreadcrumbList","@id":"https:\/\/www.diariodeouropreto.com.br\/cristo-sera-iluminado-em-campanha-de-combate-a-violencia-de-genero\/#breadcrumb","itemListElement":[{"@type":"ListItem","position":1,"name":"In\u00edcio","item":"https:\/\/www.diariodeouropreto.com.br\/pt\/"},{"@type":"ListItem","position":2,"name":"Cristo ser\u00e1 iluminado em campanha de combate \u00e0 viol\u00eancia de g\u00eanero"}]},{"@type":"WebSite","@id":"https:\/\/www.diariodeouropreto.com.br\/pt\/#website","url":"https:\/\/www.diariodeouropreto.com.br\/pt\/","name":"Di\u00e1rio de Ouro Preto","description":"Not\u00edcias Ouro Preto; Mariana;Minas Gerais;Jornal;Jornalismo;Not\u00edcias;","publisher":{"@id":"https:\/\/www.diariodeouropreto.com.br\/pt\/#organization"},"alternateName":"Jornal di\u00e1rio de Ouro Preto","potentialAction":[{"@type":"SearchAction","target":{"@type":"EntryPoint","urlTemplate":"https:\/\/www.diariodeouropreto.com.br\/pt\/?s={search_term_string}"},"query-input":{"@type":"PropertyValueSpecification","valueRequired":true,"valueName":"search_term_string"}}],"inLanguage":"pt-PT"},{"@type":"Organization","@id":"https:\/\/www.diariodeouropreto.com.br\/pt\/#organization","name":"Di\u00e1rio de Ouro Preto","alternateName":"Jornal di\u00e1rio Ouro Preto","url":"https:\/\/www.diariodeouropreto.com.br\/pt\/","logo":{"@type":"ImageObject","inLanguage":"pt-PT","@id":"https:\/\/www.diariodeouropreto.com.br\/pt\/#\/schema\/logo\/image\/","url":"https:\/\/www.diariodeouropreto.com.br\/wp-content\/uploads\/2019\/06\/cropped-logotransp-2.png","contentUrl":"https:\/\/www.diariodeouropreto.com.br\/wp-content\/uploads\/2019\/06\/cropped-logotransp-2.png","width":1323,"height":251,"caption":"Di\u00e1rio de Ouro Preto"},"image":{"@id":"https:\/\/www.diariodeouropreto.com.br\/pt\/#\/schema\/logo\/image\/"},"sameAs":["https:\/\/www.facebook.com\/diariodeouropreto\/"]},{"@type":"Person","@id":"https:\/\/www.diariodeouropreto.com.br\/pt\/#\/schema\/person\/7654e7b471204a6dab6dc0ce6e140c99","name":"Di\u00e1rio de Ouro Preto","sameAs":["http:\/\/www.diariodeouropreto.com.br"],"url":"https:\/\/www.diariodeouropreto.com.br\/pt\/author\/diario\/"}]}},"jetpack_publicize_connections":[],"jetpack_featured_media_url":"https:\/\/www.diariodeouropreto.com.br\/wp-content\/uploads\/2026\/03\/cristo_redentor_tnrgo_010320212443.webp","jetpack-related-posts":[{"id":17827,"url":"https:\/\/www.diariodeouropreto.com.br\/pt\/almg-adere-a-campanha-sobre-violencia-domestica\/","url_meta":{"origin":50681,"position":0},"title":"ALMG adere a campanha sobre viol\u00eancia dom\u00e9stica","author":"Di\u00e1rio de Ouro Preto","date":"8 de Agosto de 2022","format":false,"excerpt":"As fachadas da Assembleia Legislativa de Minas Gerais (ALMG) ser\u00e3o iluminadas de lil\u00e1s a partir das 18 horas desta segunda-feira (8\/8\/22). A a\u00e7\u00e3o marca a\u00a0ades\u00e3o da Casa \u00e0 campanha \u201cAgosto Lil\u00e1s\u201d, que comemora os 16 anos de vig\u00eancia da\u00a0Lei Maria da Penha\u00a0e busca conscientizar a popula\u00e7\u00e3o sobre a viol\u00eancia dom\u00e9stica.\u00a0A\u2026","rel":"","context":"In &quot;Minas Gerais&quot;","block_context":{"text":"Minas Gerais","link":"https:\/\/www.diariodeouropreto.com.br\/pt\/Editoria\/minas-gerais\/"},"img":{"alt_text":"","src":"https:\/\/i0.wp.com\/www.diariodeouropreto.com.br\/wp-content\/uploads\/2022\/08\/1575513.jpg?resize=350%2C200&ssl=1","width":350,"height":200,"srcset":"https:\/\/i0.wp.com\/www.diariodeouropreto.com.br\/wp-content\/uploads\/2022\/08\/1575513.jpg?resize=350%2C200&ssl=1 1x, https:\/\/i0.wp.com\/www.diariodeouropreto.com.br\/wp-content\/uploads\/2022\/08\/1575513.jpg?resize=525%2C300&ssl=1 1.5x"},"classes":[]},{"id":50818,"url":"https:\/\/www.diariodeouropreto.com.br\/pt\/a-juventude-da-paroquia-de-santa-efigenia-convida-para-encenacao-da-paixao-de-cristo\/","url_meta":{"origin":50681,"position":1},"title":"A juventude da par\u00f3quia de Santa Efig\u00eania convida para encena\u00e7\u00e3o da Paix\u00e3o de Cristo","author":"Di\u00e1rio de Ouro Preto","date":"10 de Mar\u00e7o de 2026","format":false,"excerpt":"\u201cSeu nome \u00e9 Jesus Cristo e est\u00e1 sem casa.\u201d A juventude da par\u00f3quia de Santa Efig\u00eania convida a todos a prestigiarem a encena\u00e7\u00e3o da Paix\u00e3o de Cristo de 2026, que ser\u00e1 realizada no dia 28\/03 \u00e0s 20h na escadaria da Matriz de Santa Efig\u00eania. Iluminados pela Campanha da Fraternidade, que\u2026","rel":"","context":"In &quot;Cultura, Artes e Patrim\u00f4nio&quot;","block_context":{"text":"Cultura, Artes e Patrim\u00f4nio","link":"https:\/\/www.diariodeouropreto.com.br\/pt\/Editoria\/culturaeartes\/"},"img":{"alt_text":"","src":"https:\/\/i0.wp.com\/www.diariodeouropreto.com.br\/wp-content\/uploads\/2026\/03\/WhatsApp-Image-2026-03.jpeg?resize=350%2C200&ssl=1","width":350,"height":200,"srcset":"https:\/\/i0.wp.com\/www.diariodeouropreto.com.br\/wp-content\/uploads\/2026\/03\/WhatsApp-Image-2026-03.jpeg?resize=350%2C200&ssl=1 1x, https:\/\/i0.wp.com\/www.diariodeouropreto.com.br\/wp-content\/uploads\/2026\/03\/WhatsApp-Image-2026-03.jpeg?resize=525%2C300&ssl=1 1.5x, https:\/\/i0.wp.com\/www.diariodeouropreto.com.br\/wp-content\/uploads\/2026\/03\/WhatsApp-Image-2026-03.jpeg?resize=700%2C400&ssl=1 2x"},"classes":[]},{"id":17907,"url":"https:\/\/www.diariodeouropreto.com.br\/pt\/senado-aprova-campanha-de-combate-a-violencia-contra-a-mulher\/","url_meta":{"origin":50681,"position":2},"title":"Senado aprova campanha de combate \u00e0 viol\u00eancia contra a mulher","author":"Di\u00e1rio de Ouro Preto","date":"10 de Agosto de 2022","format":false,"excerpt":"O Senado aprovou hoje (10) o\u00a0projeto de lei que institui a campanha Agosto Lil\u00e1s, que visa combater a viol\u00eancia contra a mulher. A campanha, que ocorrer\u00e1 durante todo o m\u00eas de agosto, prev\u00ea que o poder p\u00fablico promova a\u00e7\u00f5es de conscientiza\u00e7\u00e3o da sociedade sobre diferentes formas de viol\u00eancia contra a\u2026","rel":"","context":"In &quot;Brasil&quot;","block_context":{"text":"Brasil","link":"https:\/\/www.diariodeouropreto.com.br\/pt\/Editoria\/brasil\/"},"img":{"alt_text":"","src":"https:\/\/i0.wp.com\/www.diariodeouropreto.com.br\/wp-content\/uploads\/2021\/06\/violencia_domestica_marcos_santos_usp.jpg?resize=350%2C200&ssl=1","width":350,"height":200,"srcset":"https:\/\/i0.wp.com\/www.diariodeouropreto.com.br\/wp-content\/uploads\/2021\/06\/violencia_domestica_marcos_santos_usp.jpg?resize=350%2C200&ssl=1 1x, https:\/\/i0.wp.com\/www.diariodeouropreto.com.br\/wp-content\/uploads\/2021\/06\/violencia_domestica_marcos_santos_usp.jpg?resize=525%2C300&ssl=1 1.5x, https:\/\/i0.wp.com\/www.diariodeouropreto.com.br\/wp-content\/uploads\/2021\/06\/violencia_domestica_marcos_santos_usp.jpg?resize=700%2C400&ssl=1 2x, https:\/\/i0.wp.com\/www.diariodeouropreto.com.br\/wp-content\/uploads\/2021\/06\/violencia_domestica_marcos_santos_usp.jpg?resize=1050%2C600&ssl=1 3x"},"classes":[]},{"id":16807,"url":"https:\/\/www.diariodeouropreto.com.br\/pt\/em-5-meses-pais-registra-35-mil-denuncias-de-violencia-contra-idosos\/","url_meta":{"origin":50681,"position":3},"title":"Em 5 meses, pa\u00eds registra 35 mil den\u00fancias de viol\u00eancia contra idosos","author":"Di\u00e1rio de Ouro Preto","date":"16 de Junho de 2022","format":false,"excerpt":"Mais de 35 mil den\u00fancias de viola\u00e7\u00f5es de direitos humanos contra pessoas idosas foram registradas no Brasil, de 1\u00ba de janeiro a 2 de junho, pelo Disque Direitos Humanos (Disque 100). Em mais de 87% das den\u00fancias (30.722), as viola\u00e7\u00f5es ocorreram na casa onde o idoso mora. Segundo o ouvidor\u2026","rel":"","context":"In &quot;Brasil&quot;","block_context":{"text":"Brasil","link":"https:\/\/www.diariodeouropreto.com.br\/pt\/Editoria\/brasil\/"},"img":{"alt_text":"","src":"https:\/\/i0.wp.com\/www.diariodeouropreto.com.br\/wp-content\/uploads\/2022\/06\/mcamg_abr_280918_6560_1.jpg?resize=350%2C200&ssl=1","width":350,"height":200,"srcset":"https:\/\/i0.wp.com\/www.diariodeouropreto.com.br\/wp-content\/uploads\/2022\/06\/mcamg_abr_280918_6560_1.jpg?resize=350%2C200&ssl=1 1x, https:\/\/i0.wp.com\/www.diariodeouropreto.com.br\/wp-content\/uploads\/2022\/06\/mcamg_abr_280918_6560_1.jpg?resize=525%2C300&ssl=1 1.5x, https:\/\/i0.wp.com\/www.diariodeouropreto.com.br\/wp-content\/uploads\/2022\/06\/mcamg_abr_280918_6560_1.jpg?resize=700%2C400&ssl=1 2x, https:\/\/i0.wp.com\/www.diariodeouropreto.com.br\/wp-content\/uploads\/2022\/06\/mcamg_abr_280918_6560_1.jpg?resize=1050%2C600&ssl=1 3x"},"classes":[]},{"id":42782,"url":"https:\/\/www.diariodeouropreto.com.br\/pt\/campanha-do-ministerio-publico-acolhe-vitimas-de-assedio-durante-o-carnaval\/","url_meta":{"origin":50681,"position":4},"title":"Campanha do Minist\u00e9rio P\u00fablico acolhe v\u00edtimas de ass\u00e9dio durante o carnaval","author":"Di\u00e1rio de Ouro Preto","date":"26 de Fevereiro de 2025","format":false,"excerpt":"Durante o carnaval, se voc\u00ea est\u00e1 sendo importunada, sofreu qualquer tipo de viol\u00eancia ou sabe de alguma mulher que esteja passando pelos mesmos problemas, procure o Plant\u00e3o Emep\u00ea Acolhe imediatamente.\u00a0Nossos agentes est\u00e3o prontos para te atender. O que \u00e9 o Plant\u00e3o Emep\u00ea\u00a0Acolhe? \u00c9 uma iniciativa coordenada pelo Minist\u00e9rio P\u00fablico de\u2026","rel":"","context":"In &quot;Carnaval&quot;","block_context":{"text":"Carnaval","link":"https:\/\/www.diariodeouropreto.com.br\/pt\/Editoria\/culturaeartes\/carnaval\/"},"img":{"alt_text":"","src":"https:\/\/i0.wp.com\/www.diariodeouropreto.com.br\/wp-content\/uploads\/2025\/02\/049-25-Plantao-Acolhe-Minas-2025-vinheta.jpg?resize=350%2C200&ssl=1","width":350,"height":200,"srcset":"https:\/\/i0.wp.com\/www.diariodeouropreto.com.br\/wp-content\/uploads\/2025\/02\/049-25-Plantao-Acolhe-Minas-2025-vinheta.jpg?resize=350%2C200&ssl=1 1x, https:\/\/i0.wp.com\/www.diariodeouropreto.com.br\/wp-content\/uploads\/2025\/02\/049-25-Plantao-Acolhe-Minas-2025-vinheta.jpg?resize=525%2C300&ssl=1 1.5x, https:\/\/i0.wp.com\/www.diariodeouropreto.com.br\/wp-content\/uploads\/2025\/02\/049-25-Plantao-Acolhe-Minas-2025-vinheta.jpg?resize=700%2C400&ssl=1 2x, https:\/\/i0.wp.com\/www.diariodeouropreto.com.br\/wp-content\/uploads\/2025\/02\/049-25-Plantao-Acolhe-Minas-2025-vinheta.jpg?resize=1050%2C600&ssl=1 3x"},"classes":[]},{"id":51163,"url":"https:\/\/www.diariodeouropreto.com.br\/pt\/projeto-visa-criar-e-consolidar-grupos-reflexivos-para-homens-autores-de-violencia-domestica-e-familiar-contra-a-mulher\/","url_meta":{"origin":50681,"position":5},"title":"Projeto visa criar e consolidar grupos reflexivos para homens autores de viol\u00eancia dom\u00e9stica e familiar contra a mulher","author":"Di\u00e1rio de Ouro Preto","date":"23 de Mar\u00e7o de 2026","format":false,"excerpt":"Durante a cerim\u00f4nia foi lan\u00e7ado um roteiro de atua\u00e7\u00e3o que visa orientar e apoiar a atua\u00e7\u00e3o dos promotores de Justi\u00e7a no fomento, acompanhamento, fortalecimento e monitoramento de iniciativas de grupos reflexivos-responsabilizantes destinados aos homens autores de viol\u00eancia Estabelecer um regime de m\u00fatua coopera\u00e7\u00e3o e articula\u00e7\u00e3o interinstitucional para a implementa\u00e7\u00e3o, fomento,\u2026","rel":"","context":"In &quot;Minas Gerais&quot;","block_context":{"text":"Minas Gerais","link":"https:\/\/www.diariodeouropreto.com.br\/pt\/Editoria\/minas-gerais\/"},"img":{"alt_text":"","src":"https:\/\/i0.wp.com\/www.diariodeouropreto.com.br\/wp-content\/uploads\/2026\/03\/NOTICIA02_equidade_genero_icdpEricBezerra_IMG_9962.jpg.jpeg?resize=350%2C200&ssl=1","width":350,"height":200,"srcset":"https:\/\/i0.wp.com\/www.diariodeouropreto.com.br\/wp-content\/uploads\/2026\/03\/NOTICIA02_equidade_genero_icdpEricBezerra_IMG_9962.jpg.jpeg?resize=350%2C200&ssl=1 1x, https:\/\/i0.wp.com\/www.diariodeouropreto.com.br\/wp-content\/uploads\/2026\/03\/NOTICIA02_equidade_genero_icdpEricBezerra_IMG_9962.jpg.jpeg?resize=525%2C300&ssl=1 1.5x"},"classes":[]}],"jetpack_sharing_enabled":true,"amp_enabled":true,"_links":{"self":[{"href":"https:\/\/www.diariodeouropreto.com.br\/pt\/wp-json\/wp\/v2\/posts\/50681","targetHints":{"allow":["GET"]}}],"collection":[{"href":"https:\/\/www.diariodeouropreto.com.br\/pt\/wp-json\/wp\/v2\/posts"}],"about":[{"href":"https:\/\/www.diariodeouropreto.com.br\/pt\/wp-json\/wp\/v2\/types\/post"}],"author":[{"embeddable":true,"href":"https:\/\/www.diariodeouropreto.com.br\/pt\/wp-json\/wp\/v2\/users\/1"}],"replies":[{"embeddable":true,"href":"https:\/\/www.diariodeouropreto.com.br\/pt\/wp-json\/wp\/v2\/comments?post=50681"}],"version-history":[{"count":1,"href":"https:\/\/www.diariodeouropreto.com.br\/pt\/wp-json\/wp\/v2\/posts\/50681\/revisions"}],"predecessor-version":[{"id":50684,"href":"https:\/\/www.diariodeouropreto.com.br\/pt\/wp-json\/wp\/v2\/posts\/50681\/revisions\/50684"}],"wp:featuredmedia":[{"embeddable":true,"href":"https:\/\/www.diariodeouropreto.com.br\/pt\/wp-json\/wp\/v2\/media\/50682"}],"wp:attachment":[{"href":"https:\/\/www.diariodeouropreto.com.br\/pt\/wp-json\/wp\/v2\/media?parent=50681"}],"wp:term":[{"taxonomy":"category","embeddable":true,"href":"https:\/\/www.diariodeouropreto.com.br\/pt\/wp-json\/wp\/v2\/categories?post=50681"},{"taxonomy":"post_tag","embeddable":true,"href":"https:\/\/www.diariodeouropreto.com.br\/pt\/wp-json\/wp\/v2\/tags?post=50681"}],"curies":[{"name":"wp","href":"https:\/\/api.w.org\/{rel}","templated":true}]}}