{"id":50677,"date":"2026-03-03T12:00:00","date_gmt":"2026-03-03T15:00:00","guid":{"rendered":"https:\/\/www.diariodeouropreto.com.br\/?p=50677"},"modified":"2026-03-03T11:33:44","modified_gmt":"2026-03-03T14:33:44","slug":"decreto-regulamenta-execucao-das-emendas-impositivas-2026-e-estabelece-novas-exigencias-as-entidades","status":"publish","type":"post","link":"https:\/\/www.diariodeouropreto.com.br\/pt\/decreto-regulamenta-execucao-das-emendas-impositivas-2026-e-estabelece-novas-exigencias-as-entidades\/","title":{"rendered":"Decreto regulamenta execu\u00e7\u00e3o das Emendas Impositivas 2026 e estabelece novas exig\u00eancias \u00e0s entidades"},"content":{"rendered":"<p>A Prefeitura de Mariana publicou o Decreto n\u00ba 12.694\/2026, que regulamenta a execu\u00e7\u00e3o das Emendas Parlamentares Impositivas para o exerc\u00edcio de 2026. O novo regramento estabelece crit\u00e9rios t\u00e9cnicos, prazos e procedimentos obrigat\u00f3rios para as associa\u00e7\u00f5es e organiza\u00e7\u00f5es da sociedade civil contempladas com recursos municipais.<\/p>\n\n\n\n<p>A medida tem como objetivo ampliar a transpar\u00eancia, fortalecer o controle da aplica\u00e7\u00e3o dos recursos p\u00fablicos e garantir seguran\u00e7a jur\u00eddica \u00e0s entidades benefici\u00e1rias, em conson\u00e2ncia com as diretrizes dos \u00f3rg\u00e3os de controle, como o Tribunal de Contas da Uni\u00e3o (TCU), prevenindo bloqueios ou devolu\u00e7\u00f5es futuras.<\/p>\n\n\n\n<p><strong>Prazo para apresenta\u00e7\u00e3o do Plano de Trabalho<\/strong><\/p>\n\n\n\n<p>As entidades contempladas dever\u00e3o apresentar o Plano de Trabalho completo at\u00e9 o dia 20 de mar\u00e7o de 2026. Al\u00e9m do plano, ser\u00e1 obrigat\u00f3ria a entrega de documenta\u00e7\u00e3o jur\u00eddica atualizada, certid\u00f5es fiscais, comprova\u00e7\u00e3o de experi\u00eancia pr\u00e9via e demais documentos exigidos pelo decreto. O n\u00e3o cumprimento do prazo inviabiliza o repasse dos recursos.<\/p>\n\n\n\n<p><strong>Novo modelo para emendas coletivas<\/strong><\/p>\n\n\n\n<p>O decreto estabelece regras espec\u00edficas para os casos em que dois ou mais vereadores destinam recursos para o mesmo projeto e para a mesma entidade. Nessas situa\u00e7\u00f5es, ser\u00e1 necess\u00e1ria a elabora\u00e7\u00e3o de um \u00fanico Plano de Trabalho; a integra\u00e7\u00e3o do projeto, vedada a fragmenta\u00e7\u00e3o do objeto; e o tratamento da soma dos valores como um \u00fanico projeto.<\/p>\n\n\n\n<p>Apesar da unifica\u00e7\u00e3o do plano, a entidade dever\u00e1 manter controle individualizado dos valores destinados por cada vereador, por meio de planilhas espec\u00edficas dentro do mesmo documento. Al\u00e9m disso, \u00e9 obrigat\u00f3ria a abertura de conta banc\u00e1ria exclusiva para movimenta\u00e7\u00e3o da emenda, seja ela individual ou coletiva. N\u00e3o ser\u00e1 permitido misturar recursos com outras contas da entidade.<\/p>\n\n\n\n<p>O decreto pro\u00edbe o pagamento em dinheiro; a utiliza\u00e7\u00e3o de cheques; saques em esp\u00e9cie; e pagamentos realizados antes do dep\u00f3sito do recurso. Toda movimenta\u00e7\u00e3o dever\u00e1 ocorrer exclusivamente por transfer\u00eancia eletr\u00f4nica (PIX ou TED), com comprova\u00e7\u00e3o por meio de extrato banc\u00e1rio.<\/p>\n\n\n\n<p><strong>Documenta\u00e7\u00e3o obrigat\u00f3ria<\/strong><\/p>\n\n\n\n<p>Para formaliza\u00e7\u00e3o da parceria, as entidades dever\u00e3o apresentar os seguintes documentos:<\/p>\n\n\n\n<p>Estatuto atualizado<\/p>\n\n\n\n<p>Ata de posse da diretoria<\/p>\n\n\n\n<p>CNPJ ativo h\u00e1 pelo menos um ano<\/p>\n\n\n\n<p>Certid\u00f5es negativas municipal, estadual, federal, FGTS e trabalhista<\/p>\n\n\n\n<p>Declara\u00e7\u00e3o de inexist\u00eancia de impedimentos<\/p>\n\n\n\n<p>Comprova\u00e7\u00e3o de experi\u00eancia pr\u00e9via<\/p>\n\n\n\n<p>Comprovante de funcionamento no endere\u00e7o declarado<\/p>\n\n\n\n<p>Entidades com pend\u00eancias em presta\u00e7\u00f5es de contas anteriores n\u00e3o poder\u00e3o receber novos recursos.<\/p>\n\n\n\n<p><strong>Situa\u00e7\u00f5es que podem impedir o repasse<\/strong><\/p>\n\n\n\n<p>O decreto prev\u00ea hip\u00f3teses de impedimento, como irregularidade fiscal, incompatibilidade entre o Plano de Trabalho e o objeto indicado pelo vereador, valor insuficiente para execu\u00e7\u00e3o do projeto ou objeto fora da finalidade institucional da entidade. Caso a pend\u00eancia seja considerada san\u00e1vel, ser\u00e1 concedido prazo para regulariza\u00e7\u00e3o.<\/p>\n\n\n\n<p><strong>Presta\u00e7\u00e3o de contas<\/strong><\/p>\n\n\n\n<p>Ap\u00f3s a execu\u00e7\u00e3o do projeto, a presta\u00e7\u00e3o de contas dever\u00e1 ser apresentada em at\u00e9 30 dias ap\u00f3s o t\u00e9rmino da parceria. A documenta\u00e7\u00e3o dever\u00e1 conter:<\/p>\n\n\n\n<p>Relat\u00f3rio de execu\u00e7\u00e3o;<\/p>\n\n\n\n<p>Extrato banc\u00e1rio completo;<\/p>\n\n\n\n<p>Notas fiscais (n\u00e3o sendo aceitos recibos simples);<\/p>\n\n\n\n<p>Comprova\u00e7\u00e3o fotogr\u00e1fica ou documental do objeto executado.<\/p>\n\n\n\n<p>Despesas realizadas antes do dep\u00f3sito do recurso n\u00e3o ser\u00e3o reconhecidas.<\/p>\n\n\n\n<div id=\"110712\" class=\"advads-saneouro advads-entity-placement\" style=\"margin-left: auto;margin-right: auto;text-align: center;\"><a href=\"https:\/\/www.saneouro.com.br\/\" target=\"_blank\" aria-label=\"DOP_Site\" data-wpel-link=\"external\" rel=\"follow external noopener noreferrer sponsored ugc\"><img src=\"https:\/\/www.diariodeouropreto.com.br\/wp-content\/uploads\/2026\/04\/DOP_Site.jpg\" alt=\"\"  srcset=\"https:\/\/www.diariodeouropreto.com.br\/wp-content\/uploads\/2026\/04\/DOP_Site.jpg 301w, https:\/\/www.diariodeouropreto.com.br\/wp-content\/uploads\/2026\/04\/DOP_Site-180x150.jpg 180w, https:\/\/www.diariodeouropreto.com.br\/wp-content\/uploads\/2026\/04\/DOP_Site-14x12.jpg 14w\" sizes=\"(max-width: 301px) 100vw, 301px\" width=\"301\" height=\"251\"  style=\"display: inline-block;\" \/><\/a><\/div><p>A Prefeitura refor\u00e7a a import\u00e2ncia de que todas as associa\u00e7\u00f5es leiam atentamente o Decreto n\u00ba 12.694\/2026, a fim de compreender integralmente as exig\u00eancias estabelecidas. A adequa\u00e7\u00e3o correta \u00e0s novas regras \u00e9 fundamental para garantir o recebimento dos recursos e a execu\u00e7\u00e3o regular das emendas impositivas em 2026.&nbsp;<\/p>\n\n\n\n<div id=\"50321\" class=\"advads-plantao advads-entity-placement\"><a href=\"https:\/\/www.diariodeouropreto.com.br\/pt\/\" target=\"_blank\" aria-label=\"site &#8211; noticia\" data-wpel-link=\"external\" rel=\"follow external noopener noreferrer sponsored ugc\"><img src=\"https:\/\/www.diariodeouropreto.com.br\/wp-content\/uploads\/2019\/09\/titulosite2-e1616373489755.jpg\" alt=\"\"  srcset=\"https:\/\/www.diariodeouropreto.com.br\/wp-content\/uploads\/2019\/09\/titulosite2-e1616373489755.jpg 1200w, https:\/\/www.diariodeouropreto.com.br\/wp-content\/uploads\/2019\/09\/titulosite2-e1616373489755-150x38.jpg 150w, https:\/\/www.diariodeouropreto.com.br\/wp-content\/uploads\/2019\/09\/titulosite2-e1616373489755-660x167.jpg 660w, https:\/\/www.diariodeouropreto.com.br\/wp-content\/uploads\/2019\/09\/titulosite2-e1616373489755-768x194.jpg 768w, https:\/\/www.diariodeouropreto.com.br\/wp-content\/uploads\/2019\/09\/titulosite2-e1616373489755-1000x252.jpg 1000w, https:\/\/www.diariodeouropreto.com.br\/wp-content\/uploads\/2019\/09\/titulosite2-e1616373489755-1536x388.jpg 1536w, https:\/\/www.diariodeouropreto.com.br\/wp-content\/uploads\/2019\/09\/titulosite2-e1616373489755-2048x517.jpg 2048w\" sizes=\"(max-width: 1200px) 100vw, 1200px\" width=\"1200\" height=\"303\"  style=\"display: inline-block;\" \/><\/a><\/div><p>Por Artur Corr\u00eaa &#8211; Assessoria Prefeitura de Mariana<\/p>","protected":false},"excerpt":{"rendered":"<p>A Prefeitura de Mariana publicou o Decreto n\u00ba 12.694\/2026, que regulamenta a execu\u00e7\u00e3o das Emendas Parlamentares Impositivas para o exerc\u00edcio de 2026. O novo regramento estabelece crit\u00e9rios t\u00e9cnicos, prazos e procedimentos obrigat\u00f3rios para as associa\u00e7\u00f5es e organiza\u00e7\u00f5es da sociedade civil contempladas com recursos municipais. A medida tem como objetivo ampliar<span class=\"more-link\"><a href=\"https:\/\/www.diariodeouropreto.com.br\/pt\/decreto-regulamenta-execucao-das-emendas-impositivas-2026-e-estabelece-novas-exigencias-as-entidades\/\" data-wpel-link=\"internal\">Continue Lendo<\/a><\/span><\/p>","protected":false},"author":1,"featured_media":20846,"comment_status":"closed","ping_status":"closed","sticky":false,"template":"","format":"standard","meta":{"_jetpack_memberships_contains_paid_content":false,"footnotes":"","jetpack_publicize_message":"O novo regramento estabelece crit\u00e9rios t\u00e9cnicos, prazos e procedimentos obrigat\u00f3rios para as associa\u00e7\u00f5es e organiza\u00e7\u00f5es da sociedade civil contempladas com recursos municipais","jetpack_publicize_feature_enabled":true,"jetpack_social_post_already_shared":true,"jetpack_social_options":{"image_generator_settings":{"template":"highway","default_image_id":0,"font":"","enabled":false},"version":2}},"categories":[46],"tags":[14],"class_list":["entry","author-diario","post-50677","post","type-post","status-publish","format-standard","has-post-thumbnail","category-politica","tag-mariana"],"yoast_head":"<!-- This site is optimized with the Yoast SEO plugin v27.5 - https:\/\/yoast.com\/product\/yoast-seo-wordpress\/ -->\n<title>Decreto regulamenta execu\u00e7\u00e3o das Emendas Impositivas 2026 e estabelece novas exig\u00eancias \u00e0s entidades - Di\u00e1rio de Ouro Preto<\/title>\n<meta name=\"description\" content=\"O novo regramento estabelece crit\u00e9rios t\u00e9cnicos, prazos e procedimentos obrigat\u00f3rios para as associa\u00e7\u00f5es e organiza\u00e7\u00f5es da sociedade civil contempladas com recursos municipais\" \/>\n<meta name=\"robots\" content=\"index, follow, max-snippet:-1, max-image-preview:large, max-video-preview:-1\" \/>\n<link rel=\"canonical\" href=\"https:\/\/www.diariodeouropreto.com.br\/pt\/decreto-regulamenta-execucao-das-emendas-impositivas-2026-e-estabelece-novas-exigencias-as-entidades\/\" \/>\n<meta property=\"og:locale\" content=\"pt_PT\" \/>\n<meta property=\"og:type\" content=\"article\" \/>\n<meta property=\"og:title\" content=\"Decreto regulamenta execu\u00e7\u00e3o das Emendas Impositivas 2026 e estabelece novas exig\u00eancias \u00e0s entidades - Di\u00e1rio de Ouro Preto\" \/>\n<meta property=\"og:description\" content=\"O novo regramento estabelece crit\u00e9rios t\u00e9cnicos, prazos e procedimentos obrigat\u00f3rios para as associa\u00e7\u00f5es e organiza\u00e7\u00f5es da sociedade civil contempladas com recursos municipais\" \/>\n<meta property=\"og:url\" content=\"https:\/\/www.diariodeouropreto.com.br\/pt\/decreto-regulamenta-execucao-das-emendas-impositivas-2026-e-estabelece-novas-exigencias-as-entidades\/\" \/>\n<meta property=\"og:site_name\" content=\"Di\u00e1rio de Ouro Preto\" \/>\n<meta property=\"article:publisher\" content=\"https:\/\/www.facebook.com\/diariodeouropreto\/\" \/>\n<meta property=\"article:published_time\" content=\"2026-03-03T15:00:00+00:00\" \/>\n<meta property=\"og:image\" content=\"https:\/\/www.diariodeouropreto.com.br\/wp-content\/uploads\/2023\/01\/IMG_20220217_173029865.jpg\" \/>\n\t<meta property=\"og:image:width\" content=\"1070\" \/>\n\t<meta property=\"og:image:height\" content=\"800\" \/>\n\t<meta property=\"og:image:type\" content=\"image\/jpeg\" \/>\n<meta name=\"author\" content=\"Di\u00e1rio de Ouro Preto\" \/>\n<meta name=\"twitter:card\" content=\"summary_large_image\" \/>\n<meta name=\"twitter:label1\" content=\"Escrito por\" \/>\n\t<meta name=\"twitter:data1\" content=\"Di\u00e1rio de Ouro Preto\" \/>\n\t<meta name=\"twitter:label2\" content=\"Tempo estimado de leitura\" \/>\n\t<meta name=\"twitter:data2\" content=\"4 minutos\" \/>\n<script type=\"application\/ld+json\" class=\"yoast-schema-graph\">{\"@context\":\"https:\\\/\\\/schema.org\",\"@graph\":[{\"@type\":\"Article\",\"@id\":\"https:\\\/\\\/www.diariodeouropreto.com.br\\\/decreto-regulamenta-execucao-das-emendas-impositivas-2026-e-estabelece-novas-exigencias-as-entidades\\\/#article\",\"isPartOf\":{\"@id\":\"https:\\\/\\\/www.diariodeouropreto.com.br\\\/decreto-regulamenta-execucao-das-emendas-impositivas-2026-e-estabelece-novas-exigencias-as-entidades\\\/\"},\"author\":{\"name\":\"Di\u00e1rio de Ouro Preto\",\"@id\":\"https:\\\/\\\/www.diariodeouropreto.com.br\\\/pt\\\/#\\\/schema\\\/person\\\/7654e7b471204a6dab6dc0ce6e140c99\"},\"headline\":\"Decreto regulamenta execu\u00e7\u00e3o das Emendas Impositivas 2026 e estabelece novas exig\u00eancias \u00e0s entidades\",\"datePublished\":\"2026-03-03T15:00:00+00:00\",\"mainEntityOfPage\":{\"@id\":\"https:\\\/\\\/www.diariodeouropreto.com.br\\\/decreto-regulamenta-execucao-das-emendas-impositivas-2026-e-estabelece-novas-exigencias-as-entidades\\\/\"},\"wordCount\":633,\"publisher\":{\"@id\":\"https:\\\/\\\/www.diariodeouropreto.com.br\\\/pt\\\/#organization\"},\"image\":{\"@id\":\"https:\\\/\\\/www.diariodeouropreto.com.br\\\/decreto-regulamenta-execucao-das-emendas-impositivas-2026-e-estabelece-novas-exigencias-as-entidades\\\/#primaryimage\"},\"thumbnailUrl\":\"https:\\\/\\\/www.diariodeouropreto.com.br\\\/wp-content\\\/uploads\\\/2023\\\/01\\\/IMG_20220217_173029865.jpg\",\"keywords\":[\"Mariana\"],\"articleSection\":[\"Pol\u00edtica\"],\"inLanguage\":\"pt-PT\"},{\"@type\":\"WebPage\",\"@id\":\"https:\\\/\\\/www.diariodeouropreto.com.br\\\/decreto-regulamenta-execucao-das-emendas-impositivas-2026-e-estabelece-novas-exigencias-as-entidades\\\/\",\"url\":\"https:\\\/\\\/www.diariodeouropreto.com.br\\\/decreto-regulamenta-execucao-das-emendas-impositivas-2026-e-estabelece-novas-exigencias-as-entidades\\\/\",\"name\":\"Decreto regulamenta execu\u00e7\u00e3o das Emendas Impositivas 2026 e estabelece novas exig\u00eancias \u00e0s entidades - Di\u00e1rio de Ouro Preto\",\"isPartOf\":{\"@id\":\"https:\\\/\\\/www.diariodeouropreto.com.br\\\/pt\\\/#website\"},\"primaryImageOfPage\":{\"@id\":\"https:\\\/\\\/www.diariodeouropreto.com.br\\\/decreto-regulamenta-execucao-das-emendas-impositivas-2026-e-estabelece-novas-exigencias-as-entidades\\\/#primaryimage\"},\"image\":{\"@id\":\"https:\\\/\\\/www.diariodeouropreto.com.br\\\/decreto-regulamenta-execucao-das-emendas-impositivas-2026-e-estabelece-novas-exigencias-as-entidades\\\/#primaryimage\"},\"thumbnailUrl\":\"https:\\\/\\\/www.diariodeouropreto.com.br\\\/wp-content\\\/uploads\\\/2023\\\/01\\\/IMG_20220217_173029865.jpg\",\"datePublished\":\"2026-03-03T15:00:00+00:00\",\"description\":\"O novo regramento estabelece crit\u00e9rios t\u00e9cnicos, prazos e procedimentos obrigat\u00f3rios para as associa\u00e7\u00f5es e organiza\u00e7\u00f5es da sociedade civil contempladas com recursos municipais\",\"breadcrumb\":{\"@id\":\"https:\\\/\\\/www.diariodeouropreto.com.br\\\/decreto-regulamenta-execucao-das-emendas-impositivas-2026-e-estabelece-novas-exigencias-as-entidades\\\/#breadcrumb\"},\"inLanguage\":\"pt-PT\",\"potentialAction\":[{\"@type\":\"ReadAction\",\"target\":[\"https:\\\/\\\/www.diariodeouropreto.com.br\\\/decreto-regulamenta-execucao-das-emendas-impositivas-2026-e-estabelece-novas-exigencias-as-entidades\\\/\"]}]},{\"@type\":\"ImageObject\",\"inLanguage\":\"pt-PT\",\"@id\":\"https:\\\/\\\/www.diariodeouropreto.com.br\\\/decreto-regulamenta-execucao-das-emendas-impositivas-2026-e-estabelece-novas-exigencias-as-entidades\\\/#primaryimage\",\"url\":\"https:\\\/\\\/www.diariodeouropreto.com.br\\\/wp-content\\\/uploads\\\/2023\\\/01\\\/IMG_20220217_173029865.jpg\",\"contentUrl\":\"https:\\\/\\\/www.diariodeouropreto.com.br\\\/wp-content\\\/uploads\\\/2023\\\/01\\\/IMG_20220217_173029865.jpg\",\"width\":1070,\"height\":800},{\"@type\":\"BreadcrumbList\",\"@id\":\"https:\\\/\\\/www.diariodeouropreto.com.br\\\/decreto-regulamenta-execucao-das-emendas-impositivas-2026-e-estabelece-novas-exigencias-as-entidades\\\/#breadcrumb\",\"itemListElement\":[{\"@type\":\"ListItem\",\"position\":1,\"name\":\"In\u00edcio\",\"item\":\"https:\\\/\\\/www.diariodeouropreto.com.br\\\/pt\\\/\"},{\"@type\":\"ListItem\",\"position\":2,\"name\":\"Decreto regulamenta execu\u00e7\u00e3o das Emendas Impositivas 2026 e estabelece novas exig\u00eancias \u00e0s entidades\"}]},{\"@type\":\"WebSite\",\"@id\":\"https:\\\/\\\/www.diariodeouropreto.com.br\\\/pt\\\/#website\",\"url\":\"https:\\\/\\\/www.diariodeouropreto.com.br\\\/pt\\\/\",\"name\":\"Di\u00e1rio de Ouro Preto\",\"description\":\"Not\u00edcias Ouro Preto; Mariana;Minas Gerais;Jornal;Jornalismo;Not\u00edcias;\",\"publisher\":{\"@id\":\"https:\\\/\\\/www.diariodeouropreto.com.br\\\/pt\\\/#organization\"},\"alternateName\":\"Jornal di\u00e1rio de Ouro Preto\",\"potentialAction\":[{\"@type\":\"SearchAction\",\"target\":{\"@type\":\"EntryPoint\",\"urlTemplate\":\"https:\\\/\\\/www.diariodeouropreto.com.br\\\/pt\\\/?s={search_term_string}\"},\"query-input\":{\"@type\":\"PropertyValueSpecification\",\"valueRequired\":true,\"valueName\":\"search_term_string\"}}],\"inLanguage\":\"pt-PT\"},{\"@type\":\"Organization\",\"@id\":\"https:\\\/\\\/www.diariodeouropreto.com.br\\\/pt\\\/#organization\",\"name\":\"Di\u00e1rio de Ouro Preto\",\"alternateName\":\"Jornal di\u00e1rio Ouro Preto\",\"url\":\"https:\\\/\\\/www.diariodeouropreto.com.br\\\/pt\\\/\",\"logo\":{\"@type\":\"ImageObject\",\"inLanguage\":\"pt-PT\",\"@id\":\"https:\\\/\\\/www.diariodeouropreto.com.br\\\/pt\\\/#\\\/schema\\\/logo\\\/image\\\/\",\"url\":\"https:\\\/\\\/www.diariodeouropreto.com.br\\\/wp-content\\\/uploads\\\/2019\\\/06\\\/cropped-logotransp-2.png\",\"contentUrl\":\"https:\\\/\\\/www.diariodeouropreto.com.br\\\/wp-content\\\/uploads\\\/2019\\\/06\\\/cropped-logotransp-2.png\",\"width\":1323,\"height\":251,\"caption\":\"Di\u00e1rio de Ouro Preto\"},\"image\":{\"@id\":\"https:\\\/\\\/www.diariodeouropreto.com.br\\\/pt\\\/#\\\/schema\\\/logo\\\/image\\\/\"},\"sameAs\":[\"https:\\\/\\\/www.facebook.com\\\/diariodeouropreto\\\/\"]},{\"@type\":\"Person\",\"@id\":\"https:\\\/\\\/www.diariodeouropreto.com.br\\\/pt\\\/#\\\/schema\\\/person\\\/7654e7b471204a6dab6dc0ce6e140c99\",\"name\":\"Di\u00e1rio de Ouro Preto\",\"sameAs\":[\"http:\\\/\\\/www.diariodeouropreto.com.br\"],\"url\":\"https:\\\/\\\/www.diariodeouropreto.com.br\\\/pt\\\/author\\\/diario\\\/\"}]}<\/script>\n<!-- \/ Yoast SEO plugin. -->","yoast_head_json":{"title":"Decreto regulamenta execu\u00e7\u00e3o das Emendas Impositivas 2026 e estabelece novas exig\u00eancias \u00e0s entidades - Di\u00e1rio de Ouro Preto","description":"O novo regramento estabelece crit\u00e9rios t\u00e9cnicos, prazos e procedimentos obrigat\u00f3rios para as associa\u00e7\u00f5es e organiza\u00e7\u00f5es da sociedade civil contempladas com recursos municipais","robots":{"index":"index","follow":"follow","max-snippet":"max-snippet:-1","max-image-preview":"max-image-preview:large","max-video-preview":"max-video-preview:-1"},"canonical":"https:\/\/www.diariodeouropreto.com.br\/pt\/decreto-regulamenta-execucao-das-emendas-impositivas-2026-e-estabelece-novas-exigencias-as-entidades\/","og_locale":"pt_PT","og_type":"article","og_title":"Decreto regulamenta execu\u00e7\u00e3o das Emendas Impositivas 2026 e estabelece novas exig\u00eancias \u00e0s entidades - Di\u00e1rio de Ouro Preto","og_description":"O novo regramento estabelece crit\u00e9rios t\u00e9cnicos, prazos e procedimentos obrigat\u00f3rios para as associa\u00e7\u00f5es e organiza\u00e7\u00f5es da sociedade civil contempladas com recursos municipais","og_url":"https:\/\/www.diariodeouropreto.com.br\/pt\/decreto-regulamenta-execucao-das-emendas-impositivas-2026-e-estabelece-novas-exigencias-as-entidades\/","og_site_name":"Di\u00e1rio de Ouro Preto","article_publisher":"https:\/\/www.facebook.com\/diariodeouropreto\/","article_published_time":"2026-03-03T15:00:00+00:00","og_image":[{"width":1070,"height":800,"url":"https:\/\/www.diariodeouropreto.com.br\/wp-content\/uploads\/2023\/01\/IMG_20220217_173029865.jpg","type":"image\/jpeg"}],"author":"Di\u00e1rio de Ouro Preto","twitter_card":"summary_large_image","twitter_misc":{"Escrito por":"Di\u00e1rio de Ouro Preto","Tempo estimado de leitura":"4 minutos"},"schema":{"@context":"https:\/\/schema.org","@graph":[{"@type":"Article","@id":"https:\/\/www.diariodeouropreto.com.br\/decreto-regulamenta-execucao-das-emendas-impositivas-2026-e-estabelece-novas-exigencias-as-entidades\/#article","isPartOf":{"@id":"https:\/\/www.diariodeouropreto.com.br\/decreto-regulamenta-execucao-das-emendas-impositivas-2026-e-estabelece-novas-exigencias-as-entidades\/"},"author":{"name":"Di\u00e1rio de Ouro Preto","@id":"https:\/\/www.diariodeouropreto.com.br\/pt\/#\/schema\/person\/7654e7b471204a6dab6dc0ce6e140c99"},"headline":"Decreto regulamenta execu\u00e7\u00e3o das Emendas Impositivas 2026 e estabelece novas exig\u00eancias \u00e0s entidades","datePublished":"2026-03-03T15:00:00+00:00","mainEntityOfPage":{"@id":"https:\/\/www.diariodeouropreto.com.br\/decreto-regulamenta-execucao-das-emendas-impositivas-2026-e-estabelece-novas-exigencias-as-entidades\/"},"wordCount":633,"publisher":{"@id":"https:\/\/www.diariodeouropreto.com.br\/pt\/#organization"},"image":{"@id":"https:\/\/www.diariodeouropreto.com.br\/decreto-regulamenta-execucao-das-emendas-impositivas-2026-e-estabelece-novas-exigencias-as-entidades\/#primaryimage"},"thumbnailUrl":"https:\/\/www.diariodeouropreto.com.br\/wp-content\/uploads\/2023\/01\/IMG_20220217_173029865.jpg","keywords":["Mariana"],"articleSection":["Pol\u00edtica"],"inLanguage":"pt-PT"},{"@type":"WebPage","@id":"https:\/\/www.diariodeouropreto.com.br\/decreto-regulamenta-execucao-das-emendas-impositivas-2026-e-estabelece-novas-exigencias-as-entidades\/","url":"https:\/\/www.diariodeouropreto.com.br\/decreto-regulamenta-execucao-das-emendas-impositivas-2026-e-estabelece-novas-exigencias-as-entidades\/","name":"Decreto regulamenta execu\u00e7\u00e3o das Emendas Impositivas 2026 e estabelece novas exig\u00eancias \u00e0s entidades - Di\u00e1rio de Ouro Preto","isPartOf":{"@id":"https:\/\/www.diariodeouropreto.com.br\/pt\/#website"},"primaryImageOfPage":{"@id":"https:\/\/www.diariodeouropreto.com.br\/decreto-regulamenta-execucao-das-emendas-impositivas-2026-e-estabelece-novas-exigencias-as-entidades\/#primaryimage"},"image":{"@id":"https:\/\/www.diariodeouropreto.com.br\/decreto-regulamenta-execucao-das-emendas-impositivas-2026-e-estabelece-novas-exigencias-as-entidades\/#primaryimage"},"thumbnailUrl":"https:\/\/www.diariodeouropreto.com.br\/wp-content\/uploads\/2023\/01\/IMG_20220217_173029865.jpg","datePublished":"2026-03-03T15:00:00+00:00","description":"O novo regramento estabelece crit\u00e9rios t\u00e9cnicos, prazos e procedimentos obrigat\u00f3rios para as associa\u00e7\u00f5es e organiza\u00e7\u00f5es da sociedade civil contempladas com recursos municipais","breadcrumb":{"@id":"https:\/\/www.diariodeouropreto.com.br\/decreto-regulamenta-execucao-das-emendas-impositivas-2026-e-estabelece-novas-exigencias-as-entidades\/#breadcrumb"},"inLanguage":"pt-PT","potentialAction":[{"@type":"ReadAction","target":["https:\/\/www.diariodeouropreto.com.br\/decreto-regulamenta-execucao-das-emendas-impositivas-2026-e-estabelece-novas-exigencias-as-entidades\/"]}]},{"@type":"ImageObject","inLanguage":"pt-PT","@id":"https:\/\/www.diariodeouropreto.com.br\/decreto-regulamenta-execucao-das-emendas-impositivas-2026-e-estabelece-novas-exigencias-as-entidades\/#primaryimage","url":"https:\/\/www.diariodeouropreto.com.br\/wp-content\/uploads\/2023\/01\/IMG_20220217_173029865.jpg","contentUrl":"https:\/\/www.diariodeouropreto.com.br\/wp-content\/uploads\/2023\/01\/IMG_20220217_173029865.jpg","width":1070,"height":800},{"@type":"BreadcrumbList","@id":"https:\/\/www.diariodeouropreto.com.br\/decreto-regulamenta-execucao-das-emendas-impositivas-2026-e-estabelece-novas-exigencias-as-entidades\/#breadcrumb","itemListElement":[{"@type":"ListItem","position":1,"name":"In\u00edcio","item":"https:\/\/www.diariodeouropreto.com.br\/pt\/"},{"@type":"ListItem","position":2,"name":"Decreto regulamenta execu\u00e7\u00e3o das Emendas Impositivas 2026 e estabelece novas exig\u00eancias \u00e0s entidades"}]},{"@type":"WebSite","@id":"https:\/\/www.diariodeouropreto.com.br\/pt\/#website","url":"https:\/\/www.diariodeouropreto.com.br\/pt\/","name":"Di\u00e1rio de Ouro Preto","description":"Not\u00edcias Ouro Preto; Mariana;Minas Gerais;Jornal;Jornalismo;Not\u00edcias;","publisher":{"@id":"https:\/\/www.diariodeouropreto.com.br\/pt\/#organization"},"alternateName":"Jornal di\u00e1rio de Ouro Preto","potentialAction":[{"@type":"SearchAction","target":{"@type":"EntryPoint","urlTemplate":"https:\/\/www.diariodeouropreto.com.br\/pt\/?s={search_term_string}"},"query-input":{"@type":"PropertyValueSpecification","valueRequired":true,"valueName":"search_term_string"}}],"inLanguage":"pt-PT"},{"@type":"Organization","@id":"https:\/\/www.diariodeouropreto.com.br\/pt\/#organization","name":"Di\u00e1rio de Ouro Preto","alternateName":"Jornal di\u00e1rio Ouro Preto","url":"https:\/\/www.diariodeouropreto.com.br\/pt\/","logo":{"@type":"ImageObject","inLanguage":"pt-PT","@id":"https:\/\/www.diariodeouropreto.com.br\/pt\/#\/schema\/logo\/image\/","url":"https:\/\/www.diariodeouropreto.com.br\/wp-content\/uploads\/2019\/06\/cropped-logotransp-2.png","contentUrl":"https:\/\/www.diariodeouropreto.com.br\/wp-content\/uploads\/2019\/06\/cropped-logotransp-2.png","width":1323,"height":251,"caption":"Di\u00e1rio de Ouro Preto"},"image":{"@id":"https:\/\/www.diariodeouropreto.com.br\/pt\/#\/schema\/logo\/image\/"},"sameAs":["https:\/\/www.facebook.com\/diariodeouropreto\/"]},{"@type":"Person","@id":"https:\/\/www.diariodeouropreto.com.br\/pt\/#\/schema\/person\/7654e7b471204a6dab6dc0ce6e140c99","name":"Di\u00e1rio de Ouro Preto","sameAs":["http:\/\/www.diariodeouropreto.com.br"],"url":"https:\/\/www.diariodeouropreto.com.br\/pt\/author\/diario\/"}]}},"jetpack_publicize_connections":[],"jetpack_featured_media_url":"https:\/\/www.diariodeouropreto.com.br\/wp-content\/uploads\/2023\/01\/IMG_20220217_173029865.jpg","jetpack-related-posts":[{"id":49503,"url":"https:\/\/www.diariodeouropreto.com.br\/pt\/lei-autoriza-repasses-e-subvencoes-ao-terceiro-setor-em-itabirito-para-2026\/","url_meta":{"origin":50677,"position":0},"title":"Lei autoriza repasses e subven\u00e7\u00f5es ao terceiro setor em Itabirito para 2026","author":"Di\u00e1rio de Ouro Preto","date":"29 de Dezembro de 2025","format":false,"excerpt":"Legisla\u00e7\u00e3o estabelece regras para aux\u00edlios financeiros, subven\u00e7\u00f5es sociais e econ\u00f4micas, al\u00e9m de contribui\u00e7\u00f5es a entidades, empresas e servi\u00e7os p\u00fablicos Foi sancionada a Lei n\u00ba 4.506, que disp\u00f5e sobre a concess\u00e3o de Subven\u00e7\u00f5es Econ\u00f4micas, Aux\u00edlios Financeiros, Subven\u00e7\u00f5es Sociais e Contribui\u00e7\u00f5es ao Terceiro Setor para o exerc\u00edcio financeiro de 2026. A legisla\u00e7\u00e3o\u2026","rel":"","context":"In &quot;Geral&quot;","block_context":{"text":"Geral","link":"https:\/\/www.diariodeouropreto.com.br\/pt\/Editoria\/geral\/"},"img":{"alt_text":"","src":"https:\/\/i0.wp.com\/www.diariodeouropreto.com.br\/wp-content\/uploads\/2025\/12\/A-norma-condiciona-a-liberacao-dos-recursos-ao-cumprimento-das-diretrizes-do-Manual-de-Contabilidade-Aplicada-ao-Setor-Publico.-Foto-Google-Maps-Google-Street-View.jpg?resize=350%2C200&ssl=1","width":350,"height":200,"srcset":"https:\/\/i0.wp.com\/www.diariodeouropreto.com.br\/wp-content\/uploads\/2025\/12\/A-norma-condiciona-a-liberacao-dos-recursos-ao-cumprimento-das-diretrizes-do-Manual-de-Contabilidade-Aplicada-ao-Setor-Publico.-Foto-Google-Maps-Google-Street-View.jpg?resize=350%2C200&ssl=1 1x, https:\/\/i0.wp.com\/www.diariodeouropreto.com.br\/wp-content\/uploads\/2025\/12\/A-norma-condiciona-a-liberacao-dos-recursos-ao-cumprimento-das-diretrizes-do-Manual-de-Contabilidade-Aplicada-ao-Setor-Publico.-Foto-Google-Maps-Google-Street-View.jpg?resize=525%2C300&ssl=1 1.5x, https:\/\/i0.wp.com\/www.diariodeouropreto.com.br\/wp-content\/uploads\/2025\/12\/A-norma-condiciona-a-liberacao-dos-recursos-ao-cumprimento-das-diretrizes-do-Manual-de-Contabilidade-Aplicada-ao-Setor-Publico.-Foto-Google-Maps-Google-Street-View.jpg?resize=700%2C400&ssl=1 2x"},"classes":[]},{"id":49428,"url":"https:\/\/www.diariodeouropreto.com.br\/pt\/lei-orcamentaria-anual-2026-de-mariana-preve-orcamento-de-r-9536-milhoes-para-o-proximo-ano\/","url_meta":{"origin":50677,"position":1},"title":"Lei Or\u00e7ament\u00e1ria Anual 2026 de Mariana prev\u00ea or\u00e7amento de R$ 953,6 milh\u00f5es para o pr\u00f3ximo ano","author":"Davi Saporetti","date":"23 de Dezembro de 2025","format":false,"excerpt":"Sa\u00fade concentra R$ 231,1 milh\u00f5es, Educa\u00e7\u00e3o soma R$ 170,3 milh\u00f5es (com R$ 63,5 milh\u00f5es do Fundeb) e Administra\u00e7\u00e3o ultrapassa R$ 95 milh\u00f5es A C\u00e2mara Municipal de Mariana aprovou, durante a 45\u00aa Reuni\u00e3o Ordin\u00e1ria, realizada na \u00faltima segunda-feira (22), o 2\u00ba substitutivo do Projeto de Lei n\u00ba 470\/2025, que trata da\u2026","rel":"","context":"In &quot;Geral&quot;","block_context":{"text":"Geral","link":"https:\/\/www.diariodeouropreto.com.br\/pt\/Editoria\/geral\/"},"img":{"alt_text":"","src":"https:\/\/i0.wp.com\/www.diariodeouropreto.com.br\/wp-content\/uploads\/2025\/12\/Captura-de-tela-2025-12-23-111651.jpg?resize=350%2C200&ssl=1","width":350,"height":200,"srcset":"https:\/\/i0.wp.com\/www.diariodeouropreto.com.br\/wp-content\/uploads\/2025\/12\/Captura-de-tela-2025-12-23-111651.jpg?resize=350%2C200&ssl=1 1x, https:\/\/i0.wp.com\/www.diariodeouropreto.com.br\/wp-content\/uploads\/2025\/12\/Captura-de-tela-2025-12-23-111651.jpg?resize=525%2C300&ssl=1 1.5x, https:\/\/i0.wp.com\/www.diariodeouropreto.com.br\/wp-content\/uploads\/2025\/12\/Captura-de-tela-2025-12-23-111651.jpg?resize=700%2C400&ssl=1 2x, https:\/\/i0.wp.com\/www.diariodeouropreto.com.br\/wp-content\/uploads\/2025\/12\/Captura-de-tela-2025-12-23-111651.jpg?resize=1050%2C600&ssl=1 3x"},"classes":[]},{"id":34843,"url":"https:\/\/www.diariodeouropreto.com.br\/pt\/camara-de-itabirito-aprova-pl-sobre-as-diretrizes-para-a-elaboracao-da-lei-orcamentaria-de-2025\/","url_meta":{"origin":50677,"position":2},"title":"C\u00e2mara de Itabirito aprova PL sobre as diretrizes para a elabora\u00e7\u00e3o da Lei Or\u00e7ament\u00e1ria de 2025","author":"Di\u00e1rio de Ouro Preto","date":"22 de Junho de 2024","format":false,"excerpt":"O Projeto de Lei define os par\u00e2metros e prioridades para o planejamento fiscal do pr\u00f3ximo ano. Em uma reuni\u00e3o extraordin\u00e1ria realizada nesta sexta-feira (21\/06), a C\u00e2mara Municipal de Itabirito aprovou, em Reda\u00e7\u00e3o Final, o Projeto de Lei n\u00ba 70\/2024, de autoria do Executivo, que estabelece as diretrizes para a elabora\u00e7\u00e3o\u2026","rel":"","context":"In &quot;Itabirito&quot;","block_context":{"text":"Itabirito","link":"https:\/\/www.diariodeouropreto.com.br\/pt\/Editoria\/itabirito\/"},"img":{"alt_text":"","src":"https:\/\/i0.wp.com\/www.diariodeouropreto.com.br\/wp-content\/uploads\/2024\/06\/A-LDO-e-um-importante-instrumento-de-planejamento-governamental.-Foto-Ascom.jpg?resize=350%2C200&ssl=1","width":350,"height":200,"srcset":"https:\/\/i0.wp.com\/www.diariodeouropreto.com.br\/wp-content\/uploads\/2024\/06\/A-LDO-e-um-importante-instrumento-de-planejamento-governamental.-Foto-Ascom.jpg?resize=350%2C200&ssl=1 1x, https:\/\/i0.wp.com\/www.diariodeouropreto.com.br\/wp-content\/uploads\/2024\/06\/A-LDO-e-um-importante-instrumento-de-planejamento-governamental.-Foto-Ascom.jpg?resize=525%2C300&ssl=1 1.5x, https:\/\/i0.wp.com\/www.diariodeouropreto.com.br\/wp-content\/uploads\/2024\/06\/A-LDO-e-um-importante-instrumento-de-planejamento-governamental.-Foto-Ascom.jpg?resize=700%2C400&ssl=1 2x, https:\/\/i0.wp.com\/www.diariodeouropreto.com.br\/wp-content\/uploads\/2024\/06\/A-LDO-e-um-importante-instrumento-de-planejamento-governamental.-Foto-Ascom.jpg?resize=1050%2C600&ssl=1 3x"},"classes":[]},{"id":49504,"url":"https:\/\/www.diariodeouropreto.com.br\/pt\/itabirito-sanciona-loa-com-orcamento-de-r-8269-milhoes-para-2026\/","url_meta":{"origin":50677,"position":3},"title":"Itabirito sanciona LOA com or\u00e7amento de R$ 826,9 milh\u00f5es para 2026","author":"Di\u00e1rio de Ouro Preto","date":"29 de Dezembro de 2025","format":false,"excerpt":"Lei Or\u00e7ament\u00e1ria Anual define prioridades e garante recursos para sa\u00fade, educa\u00e7\u00e3o e demais \u00e1reas do munic\u00edpio Foi sancionada a Lei n\u00ba 4.505, que aprova a Lei Or\u00e7ament\u00e1ria Anual (LOA) do munic\u00edpio para o exerc\u00edcio de 2026. A legisla\u00e7\u00e3o estima as receitas e fixa as despesas do Or\u00e7amento Fiscal em R$\u2026","rel":"","context":"In &quot;Pol\u00edtica&quot;","block_context":{"text":"Pol\u00edtica","link":"https:\/\/www.diariodeouropreto.com.br\/pt\/Editoria\/politica\/"},"img":{"alt_text":"","src":"https:\/\/i0.wp.com\/www.diariodeouropreto.com.br\/wp-content\/uploads\/2025\/12\/Lei-fixa-as-despesas-do-Orcamento-Fiscal-em-R-826.959.00000.-Foto-Divulgacao.png?resize=350%2C200&ssl=1","width":350,"height":200,"srcset":"https:\/\/i0.wp.com\/www.diariodeouropreto.com.br\/wp-content\/uploads\/2025\/12\/Lei-fixa-as-despesas-do-Orcamento-Fiscal-em-R-826.959.00000.-Foto-Divulgacao.png?resize=350%2C200&ssl=1 1x, https:\/\/i0.wp.com\/www.diariodeouropreto.com.br\/wp-content\/uploads\/2025\/12\/Lei-fixa-as-despesas-do-Orcamento-Fiscal-em-R-826.959.00000.-Foto-Divulgacao.png?resize=525%2C300&ssl=1 1.5x, https:\/\/i0.wp.com\/www.diariodeouropreto.com.br\/wp-content\/uploads\/2025\/12\/Lei-fixa-as-despesas-do-Orcamento-Fiscal-em-R-826.959.00000.-Foto-Divulgacao.png?resize=700%2C400&ssl=1 2x, https:\/\/i0.wp.com\/www.diariodeouropreto.com.br\/wp-content\/uploads\/2025\/12\/Lei-fixa-as-despesas-do-Orcamento-Fiscal-em-R-826.959.00000.-Foto-Divulgacao.png?resize=1050%2C600&ssl=1 3x"},"classes":[]},{"id":48325,"url":"https:\/\/www.diariodeouropreto.com.br\/pt\/camara-de-ouro-preto-discute-fraudes-no-cadunico-educacao-de-jovens-e-adultos-e-situacao-do-lar-sao-vicente-de-paulo\/","url_meta":{"origin":50677,"position":4},"title":"C\u00e2mara de Ouro Preto discute fraudes no Cad\u00danico, educa\u00e7\u00e3o de jovens e adultos e situa\u00e7\u00e3o do Lar S\u00e3o Vicente de Paulo","author":"Davi Saporetti","date":"22 de Outubro de 2025","format":false,"excerpt":"A C\u00e2mara Municipal de Ouro Preto realizou, no dia 14 de outubro, a 68\u00aa reuni\u00e3o ordin\u00e1ria do Legislativo, marcada por debates sobre educa\u00e7\u00e3o, infraestrutura e o apoio a institui\u00e7\u00f5es sociais do munic\u00edpio. A sess\u00e3o come\u00e7ou com a leitura de of\u00edcios e comunica\u00e7\u00f5es, entre eles um documento do Minist\u00e9rio do Desenvolvimento\u2026","rel":"","context":"In &quot;Pol\u00edtica&quot;","block_context":{"text":"Pol\u00edtica","link":"https:\/\/www.diariodeouropreto.com.br\/pt\/Editoria\/politica\/"},"img":{"alt_text":"","src":"https:\/\/i0.wp.com\/www.diariodeouropreto.com.br\/wp-content\/uploads\/2025\/10\/Captura-de-tela-2025-10-22-105131.jpg?resize=350%2C200&ssl=1","width":350,"height":200,"srcset":"https:\/\/i0.wp.com\/www.diariodeouropreto.com.br\/wp-content\/uploads\/2025\/10\/Captura-de-tela-2025-10-22-105131.jpg?resize=350%2C200&ssl=1 1x, https:\/\/i0.wp.com\/www.diariodeouropreto.com.br\/wp-content\/uploads\/2025\/10\/Captura-de-tela-2025-10-22-105131.jpg?resize=525%2C300&ssl=1 1.5x, https:\/\/i0.wp.com\/www.diariodeouropreto.com.br\/wp-content\/uploads\/2025\/10\/Captura-de-tela-2025-10-22-105131.jpg?resize=700%2C400&ssl=1 2x, https:\/\/i0.wp.com\/www.diariodeouropreto.com.br\/wp-content\/uploads\/2025\/10\/Captura-de-tela-2025-10-22-105131.jpg?resize=1050%2C600&ssl=1 3x"},"classes":[]},{"id":40310,"url":"https:\/\/www.diariodeouropreto.com.br\/pt\/entenda-pacote-fiscal-de-r-70-bi-anunciado-por-haddad\/","url_meta":{"origin":50677,"position":5},"title":"Entenda pacote fiscal de R$ 70 bi anunciado por Haddad","author":"Di\u00e1rio de Ouro Preto","date":"28 de Novembro de 2024","format":false,"excerpt":"Medidas combinam corte de gastos e isen\u00e7\u00e3o do IR at\u00e9 R$ 5 mil Com o objetivo de adequar a explos\u00e3o de gastos p\u00fablicos nos pr\u00f3ximos anos e dar sobrevida ao arcabou\u00e7o fiscal em vigor desde o ano passado, o governo anunciou, na noite de quarta-feira (27), um pacote de corte\u2026","rel":"","context":"In &quot;Brasil&quot;","block_context":{"text":"Brasil","link":"https:\/\/www.diariodeouropreto.com.br\/pt\/Editoria\/brasil\/"},"img":{"alt_text":"","src":"https:\/\/i0.wp.com\/www.diariodeouropreto.com.br\/wp-content\/uploads\/2024\/11\/pzzb3678.webp?resize=350%2C200&ssl=1","width":350,"height":200,"srcset":"https:\/\/i0.wp.com\/www.diariodeouropreto.com.br\/wp-content\/uploads\/2024\/11\/pzzb3678.webp?resize=350%2C200&ssl=1 1x, https:\/\/i0.wp.com\/www.diariodeouropreto.com.br\/wp-content\/uploads\/2024\/11\/pzzb3678.webp?resize=525%2C300&ssl=1 1.5x, https:\/\/i0.wp.com\/www.diariodeouropreto.com.br\/wp-content\/uploads\/2024\/11\/pzzb3678.webp?resize=700%2C400&ssl=1 2x, https:\/\/i0.wp.com\/www.diariodeouropreto.com.br\/wp-content\/uploads\/2024\/11\/pzzb3678.webp?resize=1050%2C600&ssl=1 3x"},"classes":[]}],"jetpack_sharing_enabled":true,"amp_enabled":true,"_links":{"self":[{"href":"https:\/\/www.diariodeouropreto.com.br\/pt\/wp-json\/wp\/v2\/posts\/50677","targetHints":{"allow":["GET"]}}],"collection":[{"href":"https:\/\/www.diariodeouropreto.com.br\/pt\/wp-json\/wp\/v2\/posts"}],"about":[{"href":"https:\/\/www.diariodeouropreto.com.br\/pt\/wp-json\/wp\/v2\/types\/post"}],"author":[{"embeddable":true,"href":"https:\/\/www.diariodeouropreto.com.br\/pt\/wp-json\/wp\/v2\/users\/1"}],"replies":[{"embeddable":true,"href":"https:\/\/www.diariodeouropreto.com.br\/pt\/wp-json\/wp\/v2\/comments?post=50677"}],"version-history":[{"count":1,"href":"https:\/\/www.diariodeouropreto.com.br\/pt\/wp-json\/wp\/v2\/posts\/50677\/revisions"}],"predecessor-version":[{"id":50680,"href":"https:\/\/www.diariodeouropreto.com.br\/pt\/wp-json\/wp\/v2\/posts\/50677\/revisions\/50680"}],"wp:featuredmedia":[{"embeddable":true,"href":"https:\/\/www.diariodeouropreto.com.br\/pt\/wp-json\/wp\/v2\/media\/20846"}],"wp:attachment":[{"href":"https:\/\/www.diariodeouropreto.com.br\/pt\/wp-json\/wp\/v2\/media?parent=50677"}],"wp:term":[{"taxonomy":"category","embeddable":true,"href":"https:\/\/www.diariodeouropreto.com.br\/pt\/wp-json\/wp\/v2\/categories?post=50677"},{"taxonomy":"post_tag","embeddable":true,"href":"https:\/\/www.diariodeouropreto.com.br\/pt\/wp-json\/wp\/v2\/tags?post=50677"}],"curies":[{"name":"wp","href":"https:\/\/api.w.org\/{rel}","templated":true}]}}