{"id":50673,"date":"2026-03-03T12:30:00","date_gmt":"2026-03-03T15:30:00","guid":{"rendered":"https:\/\/www.diariodeouropreto.com.br\/?p=50673"},"modified":"2026-03-03T11:46:10","modified_gmt":"2026-03-03T14:46:10","slug":"prefeitura-de-mariana-inicia-mutirao-de-ressonancia-magnetica-para-zerar-fila-de-espera","status":"publish","type":"post","link":"https:\/\/www.diariodeouropreto.com.br\/pt\/prefeitura-de-mariana-inicia-mutirao-de-ressonancia-magnetica-para-zerar-fila-de-espera\/","title":{"rendered":"Prefeitura de Mariana inicia mutir\u00e3o de resson\u00e2ncia magn\u00e9tica para zerar fila de espera"},"content":{"rendered":"<p>A Prefeitura de Mariana, por meio da Secretaria de Sa\u00fade, iniciou na segunda- feira (02), o mutir\u00e3o de exames de resson\u00e2ncia magn\u00e9tica com a chegada da carreta \u201cRessoM\u00f3vel\u201d. A iniciativa contempla pacientes previamente agendados, conforme lista de espera, e seguir\u00e1 enquanto houver demanda. Ao todo, est\u00e3o agendados cerca de 500 pacientes que realizar\u00e3o exames de coluna cervical, dorsal e lombar, cr\u00e2nio, joelho e tornozelo.&nbsp;<\/p>\n\n\n\n<figure class=\"wp-block-image size-full\"><img decoding=\"async\" width=\"1200\" height=\"750\" data-attachment-id=\"50692\" data-permalink=\"https:\/\/www.diariodeouropreto.com.br\/pt\/prefeitura-de-mariana-inicia-mutirao-de-ressonancia-magnetica-para-zerar-fila-de-espera\/carreta-da-ressonancia-site-jpg-1\/\" data-orig-file=\"https:\/\/www.diariodeouropreto.com.br\/wp-content\/uploads\/2026\/03\/carreta-da-ressonancia-site.jpg-1.jpeg\" data-orig-size=\"1200,750\" data-comments-opened=\"0\" data-image-meta=\"{&quot;aperture&quot;:&quot;0&quot;,&quot;credit&quot;:&quot;&quot;,&quot;camera&quot;:&quot;&quot;,&quot;caption&quot;:&quot;&quot;,&quot;created_timestamp&quot;:&quot;0&quot;,&quot;copyright&quot;:&quot;&quot;,&quot;focal_length&quot;:&quot;0&quot;,&quot;iso&quot;:&quot;0&quot;,&quot;shutter_speed&quot;:&quot;0&quot;,&quot;title&quot;:&quot;&quot;,&quot;orientation&quot;:&quot;0&quot;}\" data-image-title=\"carreta da resson\u00e2ncia &amp;#8211; site.jpg (1)\" data-image-description=\"\" data-image-caption=\"\" data-large-file=\"https:\/\/www.diariodeouropreto.com.br\/wp-content\/uploads\/2026\/03\/carreta-da-ressonancia-site.jpg-1.jpeg\" src=\"https:\/\/www.diariodeouropreto.com.br\/wp-content\/uploads\/2026\/03\/carreta-da-ressonancia-site.jpg-1.jpeg\" alt=\"\" class=\"wp-image-50692\" srcset=\"https:\/\/www.diariodeouropreto.com.br\/wp-content\/uploads\/2026\/03\/carreta-da-ressonancia-site.jpg-1.jpeg 1200w, https:\/\/www.diariodeouropreto.com.br\/wp-content\/uploads\/2026\/03\/carreta-da-ressonancia-site.jpg-1-634x396.jpeg 634w, https:\/\/www.diariodeouropreto.com.br\/wp-content\/uploads\/2026\/03\/carreta-da-ressonancia-site.jpg-1-200x125.jpeg 200w, https:\/\/www.diariodeouropreto.com.br\/wp-content\/uploads\/2026\/03\/carreta-da-ressonancia-site.jpg-1-768x480.jpeg 768w, https:\/\/www.diariodeouropreto.com.br\/wp-content\/uploads\/2026\/03\/carreta-da-ressonancia-site.jpg-1-18x12.jpeg 18w, https:\/\/www.diariodeouropreto.com.br\/wp-content\/uploads\/2026\/03\/carreta-da-ressonancia-site.jpg-1-465x291.jpeg 465w, https:\/\/www.diariodeouropreto.com.br\/wp-content\/uploads\/2026\/03\/carreta-da-ressonancia-site.jpg-1-695x434.jpeg 695w\" sizes=\"(max-width: 1200px) 100vw, 1200px\" \/><\/figure>\n\n\n\n<p>O munic\u00edpio registra desde 2022 fila para exames de resson\u00e2ncia magn\u00e9tica. Em 2025, a Secretaria de Sa\u00fade promoveu a reorganiza\u00e7\u00e3o dessa fila, obedecendo crit\u00e9rios de prioridade cl\u00ednica, o que possibilitou a redu\u00e7\u00e3o da demanda acumulada at\u00e9 2024. No mesmo per\u00edodo, o acesso ao exame tamb\u00e9m foi ampliado no Hospital Monsenhor Horta mediante ao credenciamento de dois prestadores de servi\u00e7o.<\/p>\n\n\n\n<div id=\"110712\" class=\"advads-saneouro advads-entity-placement\" style=\"margin-left: auto;margin-right: auto;text-align: center;\"><a href=\"https:\/\/www.saneouro.com.br\/\" target=\"_blank\" aria-label=\"DOP_Site\" data-wpel-link=\"external\" rel=\"follow external noopener noreferrer sponsored ugc\"><img src=\"https:\/\/www.diariodeouropreto.com.br\/wp-content\/uploads\/2026\/04\/DOP_Site.jpg\" alt=\"\"  srcset=\"https:\/\/www.diariodeouropreto.com.br\/wp-content\/uploads\/2026\/04\/DOP_Site.jpg 301w, https:\/\/www.diariodeouropreto.com.br\/wp-content\/uploads\/2026\/04\/DOP_Site-180x150.jpg 180w, https:\/\/www.diariodeouropreto.com.br\/wp-content\/uploads\/2026\/04\/DOP_Site-14x12.jpg 14w\" sizes=\"(max-width: 301px) 100vw, 301px\" width=\"301\" height=\"251\"  style=\"display: inline-block;\" \/><\/a><\/div><p>Para 2026, a meta da administra\u00e7\u00e3o municipal \u00e9 zerar a fila e manter o tempo de espera dentro do protocolo, assegurando resposta adequada de acordo com a necessidade de cada paciente. A carreta integra essa estrat\u00e9gia, contribuindo tanto para eliminar a demanda reprimida quanto para manter um fluxo cont\u00ednuo de atendimento.<\/p>\n\n\n\n<figure class=\"wp-block-image size-full\"><img decoding=\"async\" width=\"1067\" height=\"800\" data-attachment-id=\"50696\" data-permalink=\"https:\/\/www.diariodeouropreto.com.br\/pt\/prefeitura-de-mariana-inicia-mutirao-de-ressonancia-magnetica-para-zerar-fila-de-espera\/prefeitura-de-mariana-inicia-mutirao-de-ressonancia-magnetica-para-zerar-fila-de-esperaii-2\/\" data-orig-file=\"https:\/\/www.diariodeouropreto.com.br\/wp-content\/uploads\/2026\/03\/Prefeitura-de-Mariana-inicia-mutirao-de-ressonancia-magnetica-para-zerar-fila-de-esperaII-1.jpg\" data-orig-size=\"1067,800\" data-comments-opened=\"0\" data-image-meta=\"{&quot;aperture&quot;:&quot;0&quot;,&quot;credit&quot;:&quot;&quot;,&quot;camera&quot;:&quot;&quot;,&quot;caption&quot;:&quot;&quot;,&quot;created_timestamp&quot;:&quot;0&quot;,&quot;copyright&quot;:&quot;&quot;,&quot;focal_length&quot;:&quot;0&quot;,&quot;iso&quot;:&quot;0&quot;,&quot;shutter_speed&quot;:&quot;0&quot;,&quot;title&quot;:&quot;&quot;,&quot;orientation&quot;:&quot;0&quot;}\" data-image-title=\"Prefeitura de Mariana inicia mutir\u00e3o de resson\u00e2ncia magn\u00e9tica para zerar fila de esperaII\" data-image-description=\"\" data-image-caption=\"\" data-large-file=\"https:\/\/www.diariodeouropreto.com.br\/wp-content\/uploads\/2026\/03\/Prefeitura-de-Mariana-inicia-mutirao-de-ressonancia-magnetica-para-zerar-fila-de-esperaII-1.jpg\" src=\"https:\/\/www.diariodeouropreto.com.br\/wp-content\/uploads\/2026\/03\/Prefeitura-de-Mariana-inicia-mutirao-de-ressonancia-magnetica-para-zerar-fila-de-esperaII-1.jpg\" alt=\"\" class=\"wp-image-50696\" srcset=\"https:\/\/www.diariodeouropreto.com.br\/wp-content\/uploads\/2026\/03\/Prefeitura-de-Mariana-inicia-mutirao-de-ressonancia-magnetica-para-zerar-fila-de-esperaII-1.jpg 1067w, https:\/\/www.diariodeouropreto.com.br\/wp-content\/uploads\/2026\/03\/Prefeitura-de-Mariana-inicia-mutirao-de-ressonancia-magnetica-para-zerar-fila-de-esperaII-1-528x396.jpg 528w, https:\/\/www.diariodeouropreto.com.br\/wp-content\/uploads\/2026\/03\/Prefeitura-de-Mariana-inicia-mutirao-de-ressonancia-magnetica-para-zerar-fila-de-esperaII-1-200x150.jpg 200w, https:\/\/www.diariodeouropreto.com.br\/wp-content\/uploads\/2026\/03\/Prefeitura-de-Mariana-inicia-mutirao-de-ressonancia-magnetica-para-zerar-fila-de-esperaII-1-768x576.jpg 768w, https:\/\/www.diariodeouropreto.com.br\/wp-content\/uploads\/2026\/03\/Prefeitura-de-Mariana-inicia-mutirao-de-ressonancia-magnetica-para-zerar-fila-de-esperaII-1-16x12.jpg 16w, https:\/\/www.diariodeouropreto.com.br\/wp-content\/uploads\/2026\/03\/Prefeitura-de-Mariana-inicia-mutirao-de-ressonancia-magnetica-para-zerar-fila-de-esperaII-1-465x349.jpg 465w, https:\/\/www.diariodeouropreto.com.br\/wp-content\/uploads\/2026\/03\/Prefeitura-de-Mariana-inicia-mutirao-de-ressonancia-magnetica-para-zerar-fila-de-esperaII-1-667x500.jpg 667w\" sizes=\"(max-width: 1067px) 100vw, 1067px\" \/><\/figure>\n\n\n\n<div id=\"50321\" class=\"advads-plantao advads-entity-placement\"><a href=\"https:\/\/www.diariodeouropreto.com.br\/pt\/\" target=\"_blank\" aria-label=\"site &#8211; noticia\" data-wpel-link=\"external\" rel=\"follow external noopener noreferrer sponsored ugc\"><img src=\"https:\/\/www.diariodeouropreto.com.br\/wp-content\/uploads\/2019\/09\/titulosite2-e1616373489755.jpg\" alt=\"\"  srcset=\"https:\/\/www.diariodeouropreto.com.br\/wp-content\/uploads\/2019\/09\/titulosite2-e1616373489755.jpg 1200w, https:\/\/www.diariodeouropreto.com.br\/wp-content\/uploads\/2019\/09\/titulosite2-e1616373489755-150x38.jpg 150w, https:\/\/www.diariodeouropreto.com.br\/wp-content\/uploads\/2019\/09\/titulosite2-e1616373489755-660x167.jpg 660w, https:\/\/www.diariodeouropreto.com.br\/wp-content\/uploads\/2019\/09\/titulosite2-e1616373489755-768x194.jpg 768w, https:\/\/www.diariodeouropreto.com.br\/wp-content\/uploads\/2019\/09\/titulosite2-e1616373489755-1000x252.jpg 1000w, https:\/\/www.diariodeouropreto.com.br\/wp-content\/uploads\/2019\/09\/titulosite2-e1616373489755-1536x388.jpg 1536w, https:\/\/www.diariodeouropreto.com.br\/wp-content\/uploads\/2019\/09\/titulosite2-e1616373489755-2048x517.jpg 2048w\" sizes=\"(max-width: 1200px) 100vw, 1200px\" width=\"1200\" height=\"303\"  style=\"display: inline-block;\" \/><\/a><\/div><p>Por L\u00edvia Vieira\u00a0 &#8211; Assessoria Prefeitura de Mariana<\/p>","protected":false},"excerpt":{"rendered":"<p>A Prefeitura de Mariana, por meio da Secretaria de Sa\u00fade, iniciou na segunda- feira (02), o mutir\u00e3o de exames de resson\u00e2ncia magn\u00e9tica com a chegada da carreta \u201cRessoM\u00f3vel\u201d. A iniciativa contempla pacientes previamente agendados, conforme lista de espera, e seguir\u00e1 enquanto houver demanda. Ao todo, est\u00e3o agendados cerca de 500<span class=\"more-link\"><a href=\"https:\/\/www.diariodeouropreto.com.br\/pt\/prefeitura-de-mariana-inicia-mutirao-de-ressonancia-magnetica-para-zerar-fila-de-espera\/\" data-wpel-link=\"internal\">Continue Lendo<\/a><\/span><\/p>","protected":false},"author":1,"featured_media":50688,"comment_status":"closed","ping_status":"closed","sticky":false,"template":"","format":"standard","meta":{"_jetpack_memberships_contains_paid_content":false,"footnotes":"","jetpack_publicize_message":"O munic\u00edpio registra desde 2022 fila para exames de resson\u00e2ncia magn\u00e9tica. Em 2025, a Secretaria de Sa\u00fade promoveu a reorganiza\u00e7\u00e3o dessa fila, obedecendo crit\u00e9rios de prioridade cl\u00ednica, o que possibilitou a redu\u00e7\u00e3o da demanda acumulada at\u00e9 2024 ","jetpack_publicize_feature_enabled":true,"jetpack_social_post_already_shared":true,"jetpack_social_options":{"image_generator_settings":{"template":"highway","default_image_id":0,"font":"","enabled":false},"version":2}},"categories":[61],"tags":[14],"class_list":["entry","author-diario","post-50673","post","type-post","status-publish","format-standard","has-post-thumbnail","category-saude","tag-mariana"],"yoast_head":"<!-- This site is optimized with the Yoast SEO plugin v27.5 - https:\/\/yoast.com\/product\/yoast-seo-wordpress\/ -->\n<title>Prefeitura de Mariana inicia mutir\u00e3o de resson\u00e2ncia magn\u00e9tica para zerar fila de espera - Di\u00e1rio de Ouro Preto<\/title>\n<meta name=\"description\" content=\"O munic\u00edpio registra desde 2022 fila para exames de resson\u00e2ncia magn\u00e9tica. Em 2025, a Secretaria de Sa\u00fade promoveu a reorganiza\u00e7\u00e3o dessa fila, obedecendo crit\u00e9rios de prioridade cl\u00ednica, o que possibilitou a redu\u00e7\u00e3o da demanda acumulada at\u00e9 2024 - Prefeitura de Mariana inicia mutir\u00e3o de resson\u00e2ncia magn\u00e9tica para zerar fila de espera\" \/>\n<meta name=\"robots\" content=\"index, follow, max-snippet:-1, max-image-preview:large, max-video-preview:-1\" \/>\n<link rel=\"canonical\" href=\"https:\/\/www.diariodeouropreto.com.br\/pt\/prefeitura-de-mariana-inicia-mutirao-de-ressonancia-magnetica-para-zerar-fila-de-espera\/\" \/>\n<meta property=\"og:locale\" content=\"pt_PT\" \/>\n<meta property=\"og:type\" content=\"article\" \/>\n<meta property=\"og:title\" content=\"Prefeitura de Mariana inicia mutir\u00e3o de resson\u00e2ncia magn\u00e9tica para zerar fila de espera - Di\u00e1rio de Ouro Preto\" \/>\n<meta property=\"og:description\" content=\"O munic\u00edpio registra desde 2022 fila para exames de resson\u00e2ncia magn\u00e9tica. Em 2025, a Secretaria de Sa\u00fade promoveu a reorganiza\u00e7\u00e3o dessa fila, obedecendo crit\u00e9rios de prioridade cl\u00ednica, o que possibilitou a redu\u00e7\u00e3o da demanda acumulada at\u00e9 2024 - Prefeitura de Mariana inicia mutir\u00e3o de resson\u00e2ncia magn\u00e9tica para zerar fila de espera\" \/>\n<meta property=\"og:url\" content=\"https:\/\/www.diariodeouropreto.com.br\/pt\/prefeitura-de-mariana-inicia-mutirao-de-ressonancia-magnetica-para-zerar-fila-de-espera\/\" \/>\n<meta property=\"og:site_name\" content=\"Di\u00e1rio de Ouro Preto\" \/>\n<meta property=\"article:publisher\" content=\"https:\/\/www.facebook.com\/diariodeouropreto\/\" \/>\n<meta property=\"article:published_time\" content=\"2026-03-03T15:30:00+00:00\" \/>\n<meta property=\"og:image\" content=\"https:\/\/www.diariodeouropreto.com.br\/wp-content\/uploads\/2026\/03\/Prefeitura-de-Mariana-inicia-mutirao-de-ressonancia-magnetica-para-zerar-fila-de-espera.jpg\" \/>\n\t<meta property=\"og:image:width\" content=\"1119\" \/>\n\t<meta property=\"og:image:height\" content=\"800\" \/>\n\t<meta property=\"og:image:type\" content=\"image\/jpeg\" \/>\n<meta name=\"author\" content=\"Di\u00e1rio de Ouro Preto\" \/>\n<meta name=\"twitter:card\" content=\"summary_large_image\" \/>\n<meta name=\"twitter:label1\" content=\"Escrito por\" \/>\n\t<meta name=\"twitter:data1\" content=\"Di\u00e1rio de Ouro Preto\" \/>\n\t<meta name=\"twitter:label2\" content=\"Tempo estimado de leitura\" \/>\n\t<meta name=\"twitter:data2\" content=\"2 minutos\" \/>\n<script type=\"application\/ld+json\" class=\"yoast-schema-graph\">{\"@context\":\"https:\\\/\\\/schema.org\",\"@graph\":[{\"@type\":\"Article\",\"@id\":\"https:\\\/\\\/www.diariodeouropreto.com.br\\\/prefeitura-de-mariana-inicia-mutirao-de-ressonancia-magnetica-para-zerar-fila-de-espera\\\/#article\",\"isPartOf\":{\"@id\":\"https:\\\/\\\/www.diariodeouropreto.com.br\\\/prefeitura-de-mariana-inicia-mutirao-de-ressonancia-magnetica-para-zerar-fila-de-espera\\\/\"},\"author\":{\"name\":\"Di\u00e1rio de Ouro Preto\",\"@id\":\"https:\\\/\\\/www.diariodeouropreto.com.br\\\/pt\\\/#\\\/schema\\\/person\\\/7654e7b471204a6dab6dc0ce6e140c99\"},\"headline\":\"Prefeitura de Mariana inicia mutir\u00e3o de resson\u00e2ncia magn\u00e9tica para zerar fila de espera\",\"datePublished\":\"2026-03-03T15:30:00+00:00\",\"mainEntityOfPage\":{\"@id\":\"https:\\\/\\\/www.diariodeouropreto.com.br\\\/prefeitura-de-mariana-inicia-mutirao-de-ressonancia-magnetica-para-zerar-fila-de-espera\\\/\"},\"wordCount\":215,\"publisher\":{\"@id\":\"https:\\\/\\\/www.diariodeouropreto.com.br\\\/pt\\\/#organization\"},\"image\":{\"@id\":\"https:\\\/\\\/www.diariodeouropreto.com.br\\\/prefeitura-de-mariana-inicia-mutirao-de-ressonancia-magnetica-para-zerar-fila-de-espera\\\/#primaryimage\"},\"thumbnailUrl\":\"https:\\\/\\\/www.diariodeouropreto.com.br\\\/wp-content\\\/uploads\\\/2026\\\/03\\\/Prefeitura-de-Mariana-inicia-mutirao-de-ressonancia-magnetica-para-zerar-fila-de-espera.jpg\",\"keywords\":[\"Mariana\"],\"articleSection\":[\"Sa\u00fade\"],\"inLanguage\":\"pt-PT\"},{\"@type\":\"WebPage\",\"@id\":\"https:\\\/\\\/www.diariodeouropreto.com.br\\\/prefeitura-de-mariana-inicia-mutirao-de-ressonancia-magnetica-para-zerar-fila-de-espera\\\/\",\"url\":\"https:\\\/\\\/www.diariodeouropreto.com.br\\\/prefeitura-de-mariana-inicia-mutirao-de-ressonancia-magnetica-para-zerar-fila-de-espera\\\/\",\"name\":\"Prefeitura de Mariana inicia mutir\u00e3o de resson\u00e2ncia magn\u00e9tica para zerar fila de espera - Di\u00e1rio de Ouro Preto\",\"isPartOf\":{\"@id\":\"https:\\\/\\\/www.diariodeouropreto.com.br\\\/pt\\\/#website\"},\"primaryImageOfPage\":{\"@id\":\"https:\\\/\\\/www.diariodeouropreto.com.br\\\/prefeitura-de-mariana-inicia-mutirao-de-ressonancia-magnetica-para-zerar-fila-de-espera\\\/#primaryimage\"},\"image\":{\"@id\":\"https:\\\/\\\/www.diariodeouropreto.com.br\\\/prefeitura-de-mariana-inicia-mutirao-de-ressonancia-magnetica-para-zerar-fila-de-espera\\\/#primaryimage\"},\"thumbnailUrl\":\"https:\\\/\\\/www.diariodeouropreto.com.br\\\/wp-content\\\/uploads\\\/2026\\\/03\\\/Prefeitura-de-Mariana-inicia-mutirao-de-ressonancia-magnetica-para-zerar-fila-de-espera.jpg\",\"datePublished\":\"2026-03-03T15:30:00+00:00\",\"description\":\"O munic\u00edpio registra desde 2022 fila para exames de resson\u00e2ncia magn\u00e9tica. Em 2025, a Secretaria de Sa\u00fade promoveu a reorganiza\u00e7\u00e3o dessa fila, obedecendo crit\u00e9rios de prioridade cl\u00ednica, o que possibilitou a redu\u00e7\u00e3o da demanda acumulada at\u00e9 2024 - Prefeitura de Mariana inicia mutir\u00e3o de resson\u00e2ncia magn\u00e9tica para zerar fila de espera\",\"breadcrumb\":{\"@id\":\"https:\\\/\\\/www.diariodeouropreto.com.br\\\/prefeitura-de-mariana-inicia-mutirao-de-ressonancia-magnetica-para-zerar-fila-de-espera\\\/#breadcrumb\"},\"inLanguage\":\"pt-PT\",\"potentialAction\":[{\"@type\":\"ReadAction\",\"target\":[\"https:\\\/\\\/www.diariodeouropreto.com.br\\\/prefeitura-de-mariana-inicia-mutirao-de-ressonancia-magnetica-para-zerar-fila-de-espera\\\/\"]}]},{\"@type\":\"ImageObject\",\"inLanguage\":\"pt-PT\",\"@id\":\"https:\\\/\\\/www.diariodeouropreto.com.br\\\/prefeitura-de-mariana-inicia-mutirao-de-ressonancia-magnetica-para-zerar-fila-de-espera\\\/#primaryimage\",\"url\":\"https:\\\/\\\/www.diariodeouropreto.com.br\\\/wp-content\\\/uploads\\\/2026\\\/03\\\/Prefeitura-de-Mariana-inicia-mutirao-de-ressonancia-magnetica-para-zerar-fila-de-espera.jpg\",\"contentUrl\":\"https:\\\/\\\/www.diariodeouropreto.com.br\\\/wp-content\\\/uploads\\\/2026\\\/03\\\/Prefeitura-de-Mariana-inicia-mutirao-de-ressonancia-magnetica-para-zerar-fila-de-espera.jpg\",\"width\":1119,\"height\":800},{\"@type\":\"BreadcrumbList\",\"@id\":\"https:\\\/\\\/www.diariodeouropreto.com.br\\\/prefeitura-de-mariana-inicia-mutirao-de-ressonancia-magnetica-para-zerar-fila-de-espera\\\/#breadcrumb\",\"itemListElement\":[{\"@type\":\"ListItem\",\"position\":1,\"name\":\"In\u00edcio\",\"item\":\"https:\\\/\\\/www.diariodeouropreto.com.br\\\/pt\\\/\"},{\"@type\":\"ListItem\",\"position\":2,\"name\":\"Prefeitura de Mariana inicia mutir\u00e3o de resson\u00e2ncia magn\u00e9tica para zerar fila de espera\"}]},{\"@type\":\"WebSite\",\"@id\":\"https:\\\/\\\/www.diariodeouropreto.com.br\\\/pt\\\/#website\",\"url\":\"https:\\\/\\\/www.diariodeouropreto.com.br\\\/pt\\\/\",\"name\":\"Di\u00e1rio de Ouro Preto\",\"description\":\"Not\u00edcias Ouro Preto; Mariana;Minas Gerais;Jornal;Jornalismo;Not\u00edcias;\",\"publisher\":{\"@id\":\"https:\\\/\\\/www.diariodeouropreto.com.br\\\/pt\\\/#organization\"},\"alternateName\":\"Jornal di\u00e1rio de Ouro Preto\",\"potentialAction\":[{\"@type\":\"SearchAction\",\"target\":{\"@type\":\"EntryPoint\",\"urlTemplate\":\"https:\\\/\\\/www.diariodeouropreto.com.br\\\/pt\\\/?s={search_term_string}\"},\"query-input\":{\"@type\":\"PropertyValueSpecification\",\"valueRequired\":true,\"valueName\":\"search_term_string\"}}],\"inLanguage\":\"pt-PT\"},{\"@type\":\"Organization\",\"@id\":\"https:\\\/\\\/www.diariodeouropreto.com.br\\\/pt\\\/#organization\",\"name\":\"Di\u00e1rio de Ouro Preto\",\"alternateName\":\"Jornal di\u00e1rio Ouro Preto\",\"url\":\"https:\\\/\\\/www.diariodeouropreto.com.br\\\/pt\\\/\",\"logo\":{\"@type\":\"ImageObject\",\"inLanguage\":\"pt-PT\",\"@id\":\"https:\\\/\\\/www.diariodeouropreto.com.br\\\/pt\\\/#\\\/schema\\\/logo\\\/image\\\/\",\"url\":\"https:\\\/\\\/www.diariodeouropreto.com.br\\\/wp-content\\\/uploads\\\/2019\\\/06\\\/cropped-logotransp-2.png\",\"contentUrl\":\"https:\\\/\\\/www.diariodeouropreto.com.br\\\/wp-content\\\/uploads\\\/2019\\\/06\\\/cropped-logotransp-2.png\",\"width\":1323,\"height\":251,\"caption\":\"Di\u00e1rio de Ouro Preto\"},\"image\":{\"@id\":\"https:\\\/\\\/www.diariodeouropreto.com.br\\\/pt\\\/#\\\/schema\\\/logo\\\/image\\\/\"},\"sameAs\":[\"https:\\\/\\\/www.facebook.com\\\/diariodeouropreto\\\/\"]},{\"@type\":\"Person\",\"@id\":\"https:\\\/\\\/www.diariodeouropreto.com.br\\\/pt\\\/#\\\/schema\\\/person\\\/7654e7b471204a6dab6dc0ce6e140c99\",\"name\":\"Di\u00e1rio de Ouro Preto\",\"sameAs\":[\"http:\\\/\\\/www.diariodeouropreto.com.br\"],\"url\":\"https:\\\/\\\/www.diariodeouropreto.com.br\\\/pt\\\/author\\\/diario\\\/\"}]}<\/script>\n<!-- \/ Yoast SEO plugin. -->","yoast_head_json":{"title":"Prefeitura de Mariana inicia mutir\u00e3o de resson\u00e2ncia magn\u00e9tica para zerar fila de espera - Di\u00e1rio de Ouro Preto","description":"O munic\u00edpio registra desde 2022 fila para exames de resson\u00e2ncia magn\u00e9tica. Em 2025, a Secretaria de Sa\u00fade promoveu a reorganiza\u00e7\u00e3o dessa fila, obedecendo crit\u00e9rios de prioridade cl\u00ednica, o que possibilitou a redu\u00e7\u00e3o da demanda acumulada at\u00e9 2024 - Prefeitura de Mariana inicia mutir\u00e3o de resson\u00e2ncia magn\u00e9tica para zerar fila de espera","robots":{"index":"index","follow":"follow","max-snippet":"max-snippet:-1","max-image-preview":"max-image-preview:large","max-video-preview":"max-video-preview:-1"},"canonical":"https:\/\/www.diariodeouropreto.com.br\/pt\/prefeitura-de-mariana-inicia-mutirao-de-ressonancia-magnetica-para-zerar-fila-de-espera\/","og_locale":"pt_PT","og_type":"article","og_title":"Prefeitura de Mariana inicia mutir\u00e3o de resson\u00e2ncia magn\u00e9tica para zerar fila de espera - Di\u00e1rio de Ouro Preto","og_description":"O munic\u00edpio registra desde 2022 fila para exames de resson\u00e2ncia magn\u00e9tica. Em 2025, a Secretaria de Sa\u00fade promoveu a reorganiza\u00e7\u00e3o dessa fila, obedecendo crit\u00e9rios de prioridade cl\u00ednica, o que possibilitou a redu\u00e7\u00e3o da demanda acumulada at\u00e9 2024 - Prefeitura de Mariana inicia mutir\u00e3o de resson\u00e2ncia magn\u00e9tica para zerar fila de espera","og_url":"https:\/\/www.diariodeouropreto.com.br\/pt\/prefeitura-de-mariana-inicia-mutirao-de-ressonancia-magnetica-para-zerar-fila-de-espera\/","og_site_name":"Di\u00e1rio de Ouro Preto","article_publisher":"https:\/\/www.facebook.com\/diariodeouropreto\/","article_published_time":"2026-03-03T15:30:00+00:00","og_image":[{"width":1119,"height":800,"url":"https:\/\/www.diariodeouropreto.com.br\/wp-content\/uploads\/2026\/03\/Prefeitura-de-Mariana-inicia-mutirao-de-ressonancia-magnetica-para-zerar-fila-de-espera.jpg","type":"image\/jpeg"}],"author":"Di\u00e1rio de Ouro Preto","twitter_card":"summary_large_image","twitter_misc":{"Escrito por":"Di\u00e1rio de Ouro Preto","Tempo estimado de leitura":"2 minutos"},"schema":{"@context":"https:\/\/schema.org","@graph":[{"@type":"Article","@id":"https:\/\/www.diariodeouropreto.com.br\/prefeitura-de-mariana-inicia-mutirao-de-ressonancia-magnetica-para-zerar-fila-de-espera\/#article","isPartOf":{"@id":"https:\/\/www.diariodeouropreto.com.br\/prefeitura-de-mariana-inicia-mutirao-de-ressonancia-magnetica-para-zerar-fila-de-espera\/"},"author":{"name":"Di\u00e1rio de Ouro Preto","@id":"https:\/\/www.diariodeouropreto.com.br\/pt\/#\/schema\/person\/7654e7b471204a6dab6dc0ce6e140c99"},"headline":"Prefeitura de Mariana inicia mutir\u00e3o de resson\u00e2ncia magn\u00e9tica para zerar fila de espera","datePublished":"2026-03-03T15:30:00+00:00","mainEntityOfPage":{"@id":"https:\/\/www.diariodeouropreto.com.br\/prefeitura-de-mariana-inicia-mutirao-de-ressonancia-magnetica-para-zerar-fila-de-espera\/"},"wordCount":215,"publisher":{"@id":"https:\/\/www.diariodeouropreto.com.br\/pt\/#organization"},"image":{"@id":"https:\/\/www.diariodeouropreto.com.br\/prefeitura-de-mariana-inicia-mutirao-de-ressonancia-magnetica-para-zerar-fila-de-espera\/#primaryimage"},"thumbnailUrl":"https:\/\/www.diariodeouropreto.com.br\/wp-content\/uploads\/2026\/03\/Prefeitura-de-Mariana-inicia-mutirao-de-ressonancia-magnetica-para-zerar-fila-de-espera.jpg","keywords":["Mariana"],"articleSection":["Sa\u00fade"],"inLanguage":"pt-PT"},{"@type":"WebPage","@id":"https:\/\/www.diariodeouropreto.com.br\/prefeitura-de-mariana-inicia-mutirao-de-ressonancia-magnetica-para-zerar-fila-de-espera\/","url":"https:\/\/www.diariodeouropreto.com.br\/prefeitura-de-mariana-inicia-mutirao-de-ressonancia-magnetica-para-zerar-fila-de-espera\/","name":"Prefeitura de Mariana inicia mutir\u00e3o de resson\u00e2ncia magn\u00e9tica para zerar fila de espera - Di\u00e1rio de Ouro Preto","isPartOf":{"@id":"https:\/\/www.diariodeouropreto.com.br\/pt\/#website"},"primaryImageOfPage":{"@id":"https:\/\/www.diariodeouropreto.com.br\/prefeitura-de-mariana-inicia-mutirao-de-ressonancia-magnetica-para-zerar-fila-de-espera\/#primaryimage"},"image":{"@id":"https:\/\/www.diariodeouropreto.com.br\/prefeitura-de-mariana-inicia-mutirao-de-ressonancia-magnetica-para-zerar-fila-de-espera\/#primaryimage"},"thumbnailUrl":"https:\/\/www.diariodeouropreto.com.br\/wp-content\/uploads\/2026\/03\/Prefeitura-de-Mariana-inicia-mutirao-de-ressonancia-magnetica-para-zerar-fila-de-espera.jpg","datePublished":"2026-03-03T15:30:00+00:00","description":"O munic\u00edpio registra desde 2022 fila para exames de resson\u00e2ncia magn\u00e9tica. Em 2025, a Secretaria de Sa\u00fade promoveu a reorganiza\u00e7\u00e3o dessa fila, obedecendo crit\u00e9rios de prioridade cl\u00ednica, o que possibilitou a redu\u00e7\u00e3o da demanda acumulada at\u00e9 2024 - Prefeitura de Mariana inicia mutir\u00e3o de resson\u00e2ncia magn\u00e9tica para zerar fila de espera","breadcrumb":{"@id":"https:\/\/www.diariodeouropreto.com.br\/prefeitura-de-mariana-inicia-mutirao-de-ressonancia-magnetica-para-zerar-fila-de-espera\/#breadcrumb"},"inLanguage":"pt-PT","potentialAction":[{"@type":"ReadAction","target":["https:\/\/www.diariodeouropreto.com.br\/prefeitura-de-mariana-inicia-mutirao-de-ressonancia-magnetica-para-zerar-fila-de-espera\/"]}]},{"@type":"ImageObject","inLanguage":"pt-PT","@id":"https:\/\/www.diariodeouropreto.com.br\/prefeitura-de-mariana-inicia-mutirao-de-ressonancia-magnetica-para-zerar-fila-de-espera\/#primaryimage","url":"https:\/\/www.diariodeouropreto.com.br\/wp-content\/uploads\/2026\/03\/Prefeitura-de-Mariana-inicia-mutirao-de-ressonancia-magnetica-para-zerar-fila-de-espera.jpg","contentUrl":"https:\/\/www.diariodeouropreto.com.br\/wp-content\/uploads\/2026\/03\/Prefeitura-de-Mariana-inicia-mutirao-de-ressonancia-magnetica-para-zerar-fila-de-espera.jpg","width":1119,"height":800},{"@type":"BreadcrumbList","@id":"https:\/\/www.diariodeouropreto.com.br\/prefeitura-de-mariana-inicia-mutirao-de-ressonancia-magnetica-para-zerar-fila-de-espera\/#breadcrumb","itemListElement":[{"@type":"ListItem","position":1,"name":"In\u00edcio","item":"https:\/\/www.diariodeouropreto.com.br\/pt\/"},{"@type":"ListItem","position":2,"name":"Prefeitura de Mariana inicia mutir\u00e3o de resson\u00e2ncia magn\u00e9tica para zerar fila de espera"}]},{"@type":"WebSite","@id":"https:\/\/www.diariodeouropreto.com.br\/pt\/#website","url":"https:\/\/www.diariodeouropreto.com.br\/pt\/","name":"Di\u00e1rio de Ouro Preto","description":"Not\u00edcias Ouro Preto; Mariana;Minas Gerais;Jornal;Jornalismo;Not\u00edcias;","publisher":{"@id":"https:\/\/www.diariodeouropreto.com.br\/pt\/#organization"},"alternateName":"Jornal di\u00e1rio de Ouro Preto","potentialAction":[{"@type":"SearchAction","target":{"@type":"EntryPoint","urlTemplate":"https:\/\/www.diariodeouropreto.com.br\/pt\/?s={search_term_string}"},"query-input":{"@type":"PropertyValueSpecification","valueRequired":true,"valueName":"search_term_string"}}],"inLanguage":"pt-PT"},{"@type":"Organization","@id":"https:\/\/www.diariodeouropreto.com.br\/pt\/#organization","name":"Di\u00e1rio de Ouro Preto","alternateName":"Jornal di\u00e1rio Ouro Preto","url":"https:\/\/www.diariodeouropreto.com.br\/pt\/","logo":{"@type":"ImageObject","inLanguage":"pt-PT","@id":"https:\/\/www.diariodeouropreto.com.br\/pt\/#\/schema\/logo\/image\/","url":"https:\/\/www.diariodeouropreto.com.br\/wp-content\/uploads\/2019\/06\/cropped-logotransp-2.png","contentUrl":"https:\/\/www.diariodeouropreto.com.br\/wp-content\/uploads\/2019\/06\/cropped-logotransp-2.png","width":1323,"height":251,"caption":"Di\u00e1rio de Ouro Preto"},"image":{"@id":"https:\/\/www.diariodeouropreto.com.br\/pt\/#\/schema\/logo\/image\/"},"sameAs":["https:\/\/www.facebook.com\/diariodeouropreto\/"]},{"@type":"Person","@id":"https:\/\/www.diariodeouropreto.com.br\/pt\/#\/schema\/person\/7654e7b471204a6dab6dc0ce6e140c99","name":"Di\u00e1rio de Ouro Preto","sameAs":["http:\/\/www.diariodeouropreto.com.br"],"url":"https:\/\/www.diariodeouropreto.com.br\/pt\/author\/diario\/"}]}},"jetpack_publicize_connections":[],"jetpack_featured_media_url":"https:\/\/www.diariodeouropreto.com.br\/wp-content\/uploads\/2026\/03\/Prefeitura-de-Mariana-inicia-mutirao-de-ressonancia-magnetica-para-zerar-fila-de-espera.jpg","jetpack-related-posts":[{"id":15891,"url":"https:\/\/www.diariodeouropreto.com.br\/pt\/prefeitura-de-ouro-preto-realiza-mutirao-para-a-realizacao-de-exames-eletivos\/","url_meta":{"origin":50673,"position":0},"title":"Prefeitura de Ouro Preto realiza mutir\u00e3o para a realiza\u00e7\u00e3o de exames eletivos","author":"Di\u00e1rio de Ouro Preto","date":"24 de Maio de 2022","format":false,"excerpt":"A Secretaria Municipal de Sa\u00fade iniciou neste m\u00eas o mutir\u00e3o de exames eletivos com demandas reprimidas desde 2019. A realiza\u00e7\u00e3o desses exames, em sua grande maioria, s\u00e3o de responsabilidade do Estado e sempre foi um grande desafio para os gestores da Secretaria. Para trazer mais conforto aos ouro-pretanos, o setor\u2026","rel":"","context":"In &quot;Sa\u00fade&quot;","block_context":{"text":"Sa\u00fade","link":"https:\/\/www.diariodeouropreto.com.br\/pt\/Editoria\/saude\/"},"img":{"alt_text":"","src":"https:\/\/i0.wp.com\/www.diariodeouropreto.com.br\/wp-content\/uploads\/2022\/05\/arte-9.jpeg?resize=350%2C200&ssl=1","width":350,"height":200,"srcset":"https:\/\/i0.wp.com\/www.diariodeouropreto.com.br\/wp-content\/uploads\/2022\/05\/arte-9.jpeg?resize=350%2C200&ssl=1 1x, https:\/\/i0.wp.com\/www.diariodeouropreto.com.br\/wp-content\/uploads\/2022\/05\/arte-9.jpeg?resize=525%2C300&ssl=1 1.5x"},"classes":[]},{"id":39406,"url":"https:\/\/www.diariodeouropreto.com.br\/pt\/medicos-reafirmam-eficacia-da-mamografia-para-prevenir-cancer-de-mama\/","url_meta":{"origin":50673,"position":1},"title":"M\u00e9dicos reafirmam efic\u00e1cia da mamografia para prevenir c\u00e2ncer de mama","author":"Di\u00e1rio de Ouro Preto","date":"1 de Novembro de 2024","format":false,"excerpt":"Em meio \u00e0 repercuss\u00e3o de depoimentos m\u00e9dicos, divulgados em redes sociais, que questionam a efic\u00e1cia da mamografia no rastreamento do c\u00e2ncer de mama, o Col\u00e9gio Brasileiro de Radiologia e Diagn\u00f3stico por Imagem (CBR) divulgou nota nesta quinta-feira (31\/10) em que reafirma a seguran\u00e7a e a efic\u00e1cia do exame na preven\u00e7\u00e3o\u2026","rel":"","context":"In &quot;Ouro Preto&quot;","block_context":{"text":"Ouro Preto","link":"https:\/\/www.diariodeouropreto.com.br\/pt\/Editoria\/ouro-preto\/"},"img":{"alt_text":"","src":"https:\/\/i0.wp.com\/www.diariodeouropreto.com.br\/wp-content\/uploads\/2022\/02\/Unidade-Movel-de-Mamografia-Foto-Livia-Maria-14-1.jpg?resize=350%2C200&ssl=1","width":350,"height":200,"srcset":"https:\/\/i0.wp.com\/www.diariodeouropreto.com.br\/wp-content\/uploads\/2022\/02\/Unidade-Movel-de-Mamografia-Foto-Livia-Maria-14-1.jpg?resize=350%2C200&ssl=1 1x, https:\/\/i0.wp.com\/www.diariodeouropreto.com.br\/wp-content\/uploads\/2022\/02\/Unidade-Movel-de-Mamografia-Foto-Livia-Maria-14-1.jpg?resize=525%2C300&ssl=1 1.5x, https:\/\/i0.wp.com\/www.diariodeouropreto.com.br\/wp-content\/uploads\/2022\/02\/Unidade-Movel-de-Mamografia-Foto-Livia-Maria-14-1.jpg?resize=700%2C400&ssl=1 2x, https:\/\/i0.wp.com\/www.diariodeouropreto.com.br\/wp-content\/uploads\/2022\/02\/Unidade-Movel-de-Mamografia-Foto-Livia-Maria-14-1.jpg?resize=1050%2C600&ssl=1 3x"},"classes":[]},{"id":51027,"url":"https:\/\/www.diariodeouropreto.com.br\/pt\/mariana-erro-de-agendamento-de-exames-de-mamografia-gera-transtorno-para-moradoras-de-passagem\/","url_meta":{"origin":50673,"position":2},"title":"Mariana: \u00a0Erro de agendamento de exames de mamografia gera transtorno para moradoras de Passagem","author":"Di\u00e1rio de Ouro Preto","date":"18 de Mar\u00e7o de 2026","format":false,"excerpt":"Foram para o ponto atoa? Pacientes tiveram seus exames mantidos para o dia 19\/03, corrigindo o erro no registro.","rel":"","context":"In &quot;Geral&quot;","block_context":{"text":"Geral","link":"https:\/\/www.diariodeouropreto.com.br\/pt\/Editoria\/geral\/"},"img":{"alt_text":"","src":"https:\/\/i0.wp.com\/www.diariodeouropreto.com.br\/wp-content\/uploads\/2026\/03\/Captura-de-tela-2026-03-18-221815.png?resize=350%2C200&ssl=1","width":350,"height":200},"classes":[]},{"id":11045,"url":"https:\/\/www.diariodeouropreto.com.br\/pt\/mariana-realiza-exames-de-mamografia-gratuitos-em-unidade-movel-para-encerramento-do-outubro-rosa\/","url_meta":{"origin":50673,"position":3},"title":"Mariana realiza exames de mamografia gratuitos em Unidade M\u00f3vel  para encerramento do Outubro Rosa","author":"Di\u00e1rio de Ouro Preto","date":"30 de Outubro de 2021","format":false,"excerpt":"A Prefeitura de Mariana, por meio da Secretaria de Sa\u00fade, realiza exames de mamografia gratuitos, atrav\u00e9s de Unidade M\u00f3vel,\u00a0para encerramento do Outubro Rosa. A a\u00e7\u00e3o ser\u00e1 feita atrav\u00e9s da Institui\u00e7\u00e3o de Coopera\u00e7\u00e3o Intermunicipal do M\u00e9dio Paraopeba - ICISMEP. Os exames ser\u00e3o realizados do dia 3 a 12 de novembro, em\u2026","rel":"","context":"In &quot;Mariana&quot;","block_context":{"text":"Mariana","link":"https:\/\/www.diariodeouropreto.com.br\/pt\/Editoria\/mariana\/"},"img":{"alt_text":"","src":"https:\/\/i0.wp.com\/www.diariodeouropreto.com.br\/wp-content\/uploads\/2021\/10\/Mamografia-site-scaled.jpg?resize=350%2C200&ssl=1","width":350,"height":200,"srcset":"https:\/\/i0.wp.com\/www.diariodeouropreto.com.br\/wp-content\/uploads\/2021\/10\/Mamografia-site-scaled.jpg?resize=350%2C200&ssl=1 1x, https:\/\/i0.wp.com\/www.diariodeouropreto.com.br\/wp-content\/uploads\/2021\/10\/Mamografia-site-scaled.jpg?resize=525%2C300&ssl=1 1.5x, https:\/\/i0.wp.com\/www.diariodeouropreto.com.br\/wp-content\/uploads\/2021\/10\/Mamografia-site-scaled.jpg?resize=700%2C400&ssl=1 2x, https:\/\/i0.wp.com\/www.diariodeouropreto.com.br\/wp-content\/uploads\/2021\/10\/Mamografia-site-scaled.jpg?resize=1050%2C600&ssl=1 3x"},"classes":[]},{"id":25924,"url":"https:\/\/www.diariodeouropreto.com.br\/pt\/ouro-preto-intensifica-servicos-de-mamografia-durante-o-outubro-rosa\/","url_meta":{"origin":50673,"position":4},"title":"Ouro Preto intensifica servi\u00e7os de mamografia durante o Outubro Rosa","author":"Di\u00e1rio de Ouro Preto","date":"2 de Outubro de 2023","format":false,"excerpt":"O m\u00eas de outubro \u00e9 internacionalmente reconhecido como um per\u00edodo dedicado \u00e0 preven\u00e7\u00e3o do c\u00e2ncer de mama, sendo conhecido como Outubro Rosa, com o prop\u00f3sito fundamental de conscientizar a popula\u00e7\u00e3o sobre a import\u00e2ncia do diagn\u00f3stico precoce. Durante esse per\u00edodo, o munic\u00edpio aumenta a oferta de exames por meio de um\u2026","rel":"","context":"In &quot;Ouro Preto&quot;","block_context":{"text":"Ouro Preto","link":"https:\/\/www.diariodeouropreto.com.br\/pt\/Editoria\/ouro-preto\/"},"img":{"alt_text":"","src":"https:\/\/i0.wp.com\/www.diariodeouropreto.com.br\/wp-content\/uploads\/2023\/10\/e8c95444cc44cb7cc71f35c168b85088.jpg?resize=350%2C200&ssl=1","width":350,"height":200},"classes":[]},{"id":13708,"url":"https:\/\/www.diariodeouropreto.com.br\/pt\/mariana-recebe-unidade-movel-de-mamografia\/","url_meta":{"origin":50673,"position":5},"title":"Mariana recebe Unidade M\u00f3vel de Mamografia","author":"Di\u00e1rio de Ouro Preto","date":"16 de Fevereiro de 2022","format":false,"excerpt":"A Prefeitura de Mariana, por meio da Secretaria de Sa\u00fade, realizou a abertura simb\u00f3lica da Unidade M\u00f3vel de Mamografia, na \u00faltima ter\u00e7a-feira (15), em frente ao Centro de Conven\u00e7\u00f5es. Os exames disponibilizados ser\u00e3o realizados gratuitamente, entre os dias 14 e 25 de fevereiro, de 7h \u00e0s 16h, em parceria com\u2026","rel":"","context":"In &quot;Mariana&quot;","block_context":{"text":"Mariana","link":"https:\/\/www.diariodeouropreto.com.br\/pt\/Editoria\/mariana\/"},"img":{"alt_text":"","src":"https:\/\/i0.wp.com\/www.diariodeouropreto.com.br\/wp-content\/uploads\/2022\/02\/Unidade-Movel-de-Mamografia-Foto-Livia-Maria-14-1.jpg?resize=350%2C200&ssl=1","width":350,"height":200,"srcset":"https:\/\/i0.wp.com\/www.diariodeouropreto.com.br\/wp-content\/uploads\/2022\/02\/Unidade-Movel-de-Mamografia-Foto-Livia-Maria-14-1.jpg?resize=350%2C200&ssl=1 1x, https:\/\/i0.wp.com\/www.diariodeouropreto.com.br\/wp-content\/uploads\/2022\/02\/Unidade-Movel-de-Mamografia-Foto-Livia-Maria-14-1.jpg?resize=525%2C300&ssl=1 1.5x, https:\/\/i0.wp.com\/www.diariodeouropreto.com.br\/wp-content\/uploads\/2022\/02\/Unidade-Movel-de-Mamografia-Foto-Livia-Maria-14-1.jpg?resize=700%2C400&ssl=1 2x, https:\/\/i0.wp.com\/www.diariodeouropreto.com.br\/wp-content\/uploads\/2022\/02\/Unidade-Movel-de-Mamografia-Foto-Livia-Maria-14-1.jpg?resize=1050%2C600&ssl=1 3x"},"classes":[]}],"jetpack_sharing_enabled":true,"amp_enabled":true,"_links":{"self":[{"href":"https:\/\/www.diariodeouropreto.com.br\/pt\/wp-json\/wp\/v2\/posts\/50673","targetHints":{"allow":["GET"]}}],"collection":[{"href":"https:\/\/www.diariodeouropreto.com.br\/pt\/wp-json\/wp\/v2\/posts"}],"about":[{"href":"https:\/\/www.diariodeouropreto.com.br\/pt\/wp-json\/wp\/v2\/types\/post"}],"author":[{"embeddable":true,"href":"https:\/\/www.diariodeouropreto.com.br\/pt\/wp-json\/wp\/v2\/users\/1"}],"replies":[{"embeddable":true,"href":"https:\/\/www.diariodeouropreto.com.br\/pt\/wp-json\/wp\/v2\/comments?post=50673"}],"version-history":[{"count":2,"href":"https:\/\/www.diariodeouropreto.com.br\/pt\/wp-json\/wp\/v2\/posts\/50673\/revisions"}],"predecessor-version":[{"id":50697,"href":"https:\/\/www.diariodeouropreto.com.br\/pt\/wp-json\/wp\/v2\/posts\/50673\/revisions\/50697"}],"wp:featuredmedia":[{"embeddable":true,"href":"https:\/\/www.diariodeouropreto.com.br\/pt\/wp-json\/wp\/v2\/media\/50688"}],"wp:attachment":[{"href":"https:\/\/www.diariodeouropreto.com.br\/pt\/wp-json\/wp\/v2\/media?parent=50673"}],"wp:term":[{"taxonomy":"category","embeddable":true,"href":"https:\/\/www.diariodeouropreto.com.br\/pt\/wp-json\/wp\/v2\/categories?post=50673"},{"taxonomy":"post_tag","embeddable":true,"href":"https:\/\/www.diariodeouropreto.com.br\/pt\/wp-json\/wp\/v2\/tags?post=50673"}],"curies":[{"name":"wp","href":"https:\/\/api.w.org\/{rel}","templated":true}]}}