{"id":50669,"date":"2026-03-03T11:45:00","date_gmt":"2026-03-03T14:45:00","guid":{"rendered":"https:\/\/www.diariodeouropreto.com.br\/?p=50669"},"modified":"2026-03-03T11:26:52","modified_gmt":"2026-03-03T14:26:52","slug":"economia-brasileira-cresce-23-em-2025-revela-ibge","status":"publish","type":"post","link":"https:\/\/www.diariodeouropreto.com.br\/pt\/economia-brasileira-cresce-23-em-2025-revela-ibge\/","title":{"rendered":"Economia brasileira cresce 2,3% em 2025, revela IBGE"},"content":{"rendered":"<p><strong>No quarto trimestre, o resultado ficou est\u00e1vel com varia\u00e7\u00e3o de 0,1%<br><\/strong><\/p>\n\n\n\n<p><strong>A economia brasileira cresceu 0,1% no quarto trimestre de 2025 na compara\u00e7\u00e3o com o terceiro trimestre. Com esse desempenho, o ano de 2025 fechou com expans\u00e3o de 2,3%. O resultado representa o quinto ano seguido de crescimento.<\/strong><img decoding=\"async\" src=\"https:\/\/agenciabrasil.ebc.com.br\/ebc.png?id=1680306&amp;o=node\"><img decoding=\"async\" src=\"https:\/\/agenciabrasil.ebc.com.br\/ebc.gif?id=1680306&amp;o=node\"><\/p>\n\n\n\n<p>O resultado do Produto Interno Bruto (PIB, conjunto de bens e servi\u00e7os produzidos no pa\u00eds) foi divulgado na manh\u00e3 desta ter\u00e7a-feira (3) pelo Instituto Brasileiro de Geografia e Estat\u00edstica (IBGE).<\/p>\n\n\n\n<p>Em valores correntes, o PIB brasileiro alcan\u00e7ou R$ 12,7 trilh\u00f5es, no ano passado. J\u00e1 o PIB per capita \u2500 valor do PIB dividido pela popula\u00e7\u00e3o do pa\u00eds \u2500 alcan\u00e7ou R$ 59.687, crescimento real (descontada a infla\u00e7\u00e3o) de 1,9% na compara\u00e7\u00e3o com 2024.<\/p>\n\n\n\n<p><strong>Tanto o PIB corrente quanto o per capita est\u00e3o no maior patamar j\u00e1 calculado pela s\u00e9rie hist\u00f3rica do IBGE, iniciada em 1996.<\/strong><\/p>\n\n\n\n<p>Veja o comportamento da economia brasileira nos \u00faltimos cinco anos com crescimento:<\/p>\n\n\n\n<ul class=\"wp-block-list\">\n<li>2021: 4,8%<\/li>\n\n\n\n<li>2022: 3%<\/li>\n\n\n\n<li>2023: 3,2%<\/li>\n\n\n\n<li>2024: 3,4%<\/li>\n\n\n\n<li>2025: 2,3%<\/li>\n<\/ul>\n\n\n\n<h2 class=\"wp-block-heading\">Destaques<\/h2>\n\n\n\n<p>O PIB pode ser calculado pela \u00f3tica da produ\u00e7\u00e3o (an\u00e1lise do desempenho das atividades econ\u00f4micas) ou do consumo (gastos e investimentos).&nbsp;<\/p>\n\n\n\n<p>Em uma avalia\u00e7\u00e3o pela perspectiva da produ\u00e7\u00e3o, os dados mostram que todas as atividades apresentaram expans\u00e3o, com destaque para a agropecu\u00e1ria.<\/p>\n\n\n\n<ul class=\"wp-block-list\">\n<li>Agropecu\u00e1ria: 11,7%<\/li>\n\n\n\n<li>Servi\u00e7os: 1,8%<\/li>\n\n\n\n<li>Ind\u00fastria: 1,4%<\/li>\n<\/ul>\n\n\n\n<p><strong>O crescimento da agropecu\u00e1ria \u00e9 explicado, principalmente, pelo aumento na produ\u00e7\u00e3o e ganhos na produtividade de v\u00e1rias culturas, como o milho (23,6%) e a soja (14,6%), que alcan\u00e7aram recordes em 2025.<\/strong><\/p>\n\n\n\n<p><strong>Na ind\u00fastria, o destaque foi a extra\u00e7\u00e3o de petr\u00f3leo e g\u00e1s,&nbsp;<\/strong>que colaborou para que o valor adicionado das ind\u00fastrias extrativas fechasse o ano com alta de 8,6%.<\/p>\n\n\n\n<p>A constru\u00e7\u00e3o ficou est\u00e1vel, com varia\u00e7\u00e3o positiva de 0,5%.<\/p>\n\n\n\n<p>O setor de servi\u00e7os mostrou aquecimento, segundo o IBGE, com crescimento em todas as atividades: informa\u00e7\u00e3o e comunica\u00e7\u00e3o (6,5%), atividades financeiras, de seguros e servi\u00e7os relacionados (2,9%), transporte, armazenagem e correio (2,1%), outras atividades de servi\u00e7os (2,0%), atividades imobili\u00e1rias (2,0%), com\u00e9rcio (1,1%) e administra\u00e7\u00e3o, defesa, sa\u00fade e educa\u00e7\u00e3o p\u00fablicas e seguridade social (0,5%).<\/p>\n\n\n\n<p><strong>O desempenho da agropecu\u00e1ria teve peso de 32,8% do crescimento do PIB em 2025.<\/strong><\/p>\n\n\n\n<p>As quatro atividades que mais contribu\u00edram para a expans\u00e3o da economia, agropecu\u00e1ria, ind\u00fastria extrativa, outras atividades de servi\u00e7o, e informa\u00e7\u00e3o e comunica\u00e7\u00e3o, somaram 72% do crescimento do PIB do ano passado.<\/p>\n\n\n\n<h2 class=\"wp-block-heading\">Consumo das fam\u00edlias<\/h2>\n\n\n\n<p><strong>Pelo lado do consumo, o segmento consumo das fam\u00edlias cresceu 1,3% em 2025, empurrado pela melhora no mercado de trabalho, o aumento do cr\u00e9dito e os programas governamentais de transfer\u00eancia de renda.<\/strong><\/p>\n\n\n\n<p>Apesar de estar no campo positivo, o desempenho representa desacelera\u00e7\u00e3o em rela\u00e7\u00e3o ao crescimento de 2024, quando o segmento avan\u00e7ou 5,1%.<\/p>\n\n\n\n<p>A explica\u00e7\u00e3o para perda de ritmo, segundo o IBGE, est\u00e1 principalmente na pol\u00edtica monet\u00e1ria contracionista, ou seja, patamar alto de juros.<\/p>\n\n\n\n<p><strong>O consumo do governo cresceu 2,1% em 2025.<\/strong><\/p>\n\n\n\n<p>A Forma\u00e7\u00e3o Bruta de Capital Fixo, isto \u00e9, o volume de investimentos, cresceu 2,9% em 2025. O desempenho foi puxado pelo aumento da importa\u00e7\u00e3o de bens de capital (m\u00e1quinas e equipamentos) e pelo desenvolvimento de&nbsp;<em>software<\/em>, al\u00e9m da alta na ind\u00fastria da constru\u00e7\u00e3o.<\/p>\n\n\n\n<p>A taxa de investimento em 2025 foi de 16,8% do PIB, contra 16,9% em 2024. A taxa de poupan\u00e7a, por sua vez, foi de 14,4% em 2025, ante 14,1% em 2024.<\/p>\n\n\n\n<h2 class=\"wp-block-heading\">\u00daltimo trimestre<\/h2>\n\n\n\n<p><strong>A varia\u00e7\u00e3o de 0,1% no quarto trimestre em compara\u00e7\u00e3o com o terceiro trimestre revela que, pela \u00f3tima do consumo, os servi\u00e7os e a agropecu\u00e1ria cresceram 0,8% e 0,5%, respectivamente. J\u00e1 a Ind\u00fastria recuou 0,7%.<\/strong><\/p>\n\n\n\n<p><strong>Pela \u00f3tica da despesa, o consumo do governo cresceu 1%, enquanto o das fam\u00edlias ficou est\u00e1vel (0%). A Forma\u00e7\u00e3o Bruta de Capital Fixo recuou 3,5%.<\/strong><\/p>\n\n\n\n<p>\u201cO PIB ficou est\u00e1vel em rela\u00e7\u00e3o ao terceiro trimestre, mesmo com a queda nos investimentos, por conta da estabilidade do consumo das fam\u00edlias e do crescimento no consumo do governo\u201d, disse&nbsp;a coordenadora de Contas Nacionais do IBGE, Rebeca Palis.<\/p>\n\n\n\n<h2 class=\"wp-block-heading\">Aperto monet\u00e1rio<\/h2>\n\n\n\n<p><strong>O aperto monet\u00e1rio que fez o PIB desacelerar em 2025 se refere \u00e0 alta taxa de juros.&nbsp;<\/strong>Em setembro de 2024, preocupado com a trajet\u00f3ria da infla\u00e7\u00e3o, o Comit\u00ea de Pol\u00edtica Monet\u00e1ria (Copom) do Banco Central (BC) iniciou uma escalada da taxa b\u00e1sica de juros da economia, a Selic, ent\u00e3o em 10,5% ao ano,&nbsp;<a href=\"https:\/\/agenciabrasil.ebc.com.br\/economia\/noticia\/2026-01\/bc-mantem-juros-basicos-em-15-ao-ano-por-quinta-vez-seguida#\" target=\"_blank\" rel=\"noreferrer noopener follow external sponsored ugc\" data-wpel-link=\"external\">elevando-a at\u00e9 15% em junho<\/a>&nbsp;de 2025, assim permanecendo at\u00e9 os dias atuais.&nbsp;<\/p>\n\n\n\n<p>A meta de infla\u00e7\u00e3o do governo \u00e9 de 3% no acumulado de 12 meses, com toler\u00e2ncia de 1,5 ponto percentual (p.p.) para mais ou para menos.<\/p>\n\n\n\n<p>O \u00cdndice de Pre\u00e7os ao Consumidor Amplo (IPCA), considerado o n\u00famero oficial da infla\u00e7\u00e3o,&nbsp;<a href=\"https:\/\/agenciabrasil.ebc.com.br\/economia\/noticia\/2025-12\/inflacao-de-018-em-dezembro-faz-ipca-voltar-para-meta-do-governo\" target=\"_blank\" rel=\"noreferrer noopener follow external sponsored ugc\" data-wpel-link=\"external\">chegou a ficar 13 meses fora<\/a>&nbsp;do intervalo de toler\u00e2ncia, o que inclui praticamente todo o ano de 2025.<\/p>\n\n\n\n<p>A Selic influencia todas as demais taxas de juros do pa\u00eds e, quando elevada, age de forma restritiva na economia, ou seja, encarece opera\u00e7\u00f5es de cr\u00e9dito e desestimula investimentos e consumo.<\/p>\n\n\n\n<p><strong>O impacto esperado \u00e9 a menor procura por produtos e servi\u00e7os, esfriando a infla\u00e7\u00e3o. O efeito colateral \u00e9 que a economia em marcha lenta tende a diminuir a gera\u00e7\u00e3o de empregos.<\/strong><\/p>\n\n\n\n<p>Apesar da press\u00e3o restritiva, 2025&nbsp;<a href=\"https:\/\/agenciabrasil.ebc.com.br\/economia\/noticia\/2026-02\/dezenove-estados-e-df-tem-em-2025-o-menor-desemprego-ja-registrado\" target=\"_blank\" rel=\"noreferrer noopener follow external sponsored ugc\" data-wpel-link=\"external\">terminou com o menor percentual j\u00e1 registrado<\/a>&nbsp;na taxa de desemprego, conforme divulgou o Instituto Brasileiro de Geografia e Estat\u00edstica (IBGE).<\/p>\n\n\n\n<h2 class=\"wp-block-heading\">O que \u00e9 o PIB<\/h2>\n\n\n\n<p>O PIB \u00e9 o conjunto de todos os bens e servi\u00e7os produzidos em uma localidade em determinado per\u00edodo. Com o dado, \u00e9 poss\u00edvel tra\u00e7ar o comportamento da economia do pa\u00eds, estado ou cidade, assim como fazer compara\u00e7\u00f5es internacionais.&nbsp;<\/p>\n\n\n\n<p><strong>O PIB \u00e9 calculado com o aux\u00edlio de diversas pesquisas setoriais, como com\u00e9rcio, servi\u00e7os e ind\u00fastria.&nbsp;<\/strong><\/p>\n\n\n\n<p>Os bens e servi\u00e7os finais que comp\u00f5em o PIB s\u00e3o medidos no pre\u00e7o em que chegam ao consumidor. Dessa forma, levam em considera\u00e7\u00e3o tamb\u00e9m os impostos cobrados.<\/p>\n\n\n\n<p>O PIB ajuda a compreender a realidade de um pa\u00eds, mas n\u00e3o expressa fatores como distribui\u00e7\u00e3o de renda e condi\u00e7\u00e3o de vida.<\/p>\n\n\n\n<p>\u00c9 poss\u00edvel, por exemplo, um pa\u00eds ter PIB alto e padr\u00e3o de vida relativamente baixo, assim como pode haver na\u00e7\u00e3o com PIB baixo e alt\u00edssima qualidade de vida.<\/p>\n\n\n\n<div id=\"110712\" class=\"advads-saneouro advads-entity-placement\" style=\"margin-left: auto;margin-right: auto;text-align: center;\"><a href=\"https:\/\/www.saneouro.com.br\/\" target=\"_blank\" aria-label=\"DOP_Site\" data-wpel-link=\"external\" rel=\"follow external noopener noreferrer sponsored ugc\"><img src=\"https:\/\/www.diariodeouropreto.com.br\/wp-content\/uploads\/2026\/04\/DOP_Site.jpg\" alt=\"\"  srcset=\"https:\/\/www.diariodeouropreto.com.br\/wp-content\/uploads\/2026\/04\/DOP_Site.jpg 301w, https:\/\/www.diariodeouropreto.com.br\/wp-content\/uploads\/2026\/04\/DOP_Site-180x150.jpg 180w, https:\/\/www.diariodeouropreto.com.br\/wp-content\/uploads\/2026\/04\/DOP_Site-14x12.jpg 14w\" sizes=\"(max-width: 301px) 100vw, 301px\" width=\"301\" height=\"251\"  style=\"display: inline-block;\" \/><\/a><\/div><p>Por Bruno de Freitas Moura \u2013 Rep\u00f3rter da Ag\u00eancia Brasil<\/p>\n\n\n\n<div id=\"50321\" class=\"advads-plantao advads-entity-placement\"><a href=\"https:\/\/www.diariodeouropreto.com.br\/pt\/\" target=\"_blank\" aria-label=\"site &#8211; noticia\" data-wpel-link=\"external\" rel=\"follow external noopener noreferrer sponsored ugc\"><img src=\"https:\/\/www.diariodeouropreto.com.br\/wp-content\/uploads\/2019\/09\/titulosite2-e1616373489755.jpg\" alt=\"\"  srcset=\"https:\/\/www.diariodeouropreto.com.br\/wp-content\/uploads\/2019\/09\/titulosite2-e1616373489755.jpg 1200w, https:\/\/www.diariodeouropreto.com.br\/wp-content\/uploads\/2019\/09\/titulosite2-e1616373489755-150x38.jpg 150w, https:\/\/www.diariodeouropreto.com.br\/wp-content\/uploads\/2019\/09\/titulosite2-e1616373489755-660x167.jpg 660w, https:\/\/www.diariodeouropreto.com.br\/wp-content\/uploads\/2019\/09\/titulosite2-e1616373489755-768x194.jpg 768w, https:\/\/www.diariodeouropreto.com.br\/wp-content\/uploads\/2019\/09\/titulosite2-e1616373489755-1000x252.jpg 1000w, https:\/\/www.diariodeouropreto.com.br\/wp-content\/uploads\/2019\/09\/titulosite2-e1616373489755-1536x388.jpg 1536w, https:\/\/www.diariodeouropreto.com.br\/wp-content\/uploads\/2019\/09\/titulosite2-e1616373489755-2048x517.jpg 2048w\" sizes=\"(max-width: 1200px) 100vw, 1200px\" width=\"1200\" height=\"303\"  style=\"display: inline-block;\" \/><\/a><\/div><p>Foto: \u00a9 Reuters\/Rodolfo Buhrer\/Proibida reprodu\u00e7\u00e3o<\/p>","protected":false},"excerpt":{"rendered":"<p>No quarto trimestre, o resultado ficou est\u00e1vel com varia\u00e7\u00e3o de 0,1% A economia brasileira cresceu 0,1% no quarto trimestre de 2025 na compara\u00e7\u00e3o com o terceiro trimestre. Com esse desempenho, o ano de 2025 fechou com expans\u00e3o de 2,3%. O resultado representa o quinto ano seguido de crescimento. O resultado<span class=\"more-link\"><a href=\"https:\/\/www.diariodeouropreto.com.br\/pt\/economia-brasileira-cresce-23-em-2025-revela-ibge\/\" data-wpel-link=\"internal\">Continue Lendo<\/a><\/span><\/p>","protected":false},"author":1,"featured_media":49153,"comment_status":"closed","ping_status":"closed","sticky":false,"template":"","format":"standard","meta":{"_jetpack_memberships_contains_paid_content":false,"footnotes":"","jetpack_publicize_message":"No quarto trimestre, o resultado ficou est\u00e1vel com varia\u00e7\u00e3o de 0,1%\n","jetpack_publicize_feature_enabled":true,"jetpack_social_post_already_shared":true,"jetpack_social_options":{"image_generator_settings":{"template":"highway","default_image_id":0,"font":"","enabled":false},"version":2}},"categories":[7],"tags":[],"class_list":["entry","author-diario","post-50669","post","type-post","status-publish","format-standard","has-post-thumbnail","category-brasil"],"yoast_head":"<!-- This site is optimized with the Yoast SEO plugin v27.5 - https:\/\/yoast.com\/product\/yoast-seo-wordpress\/ -->\n<title>Economia brasileira cresce 2,3% em 2025, revela IBGE - Di\u00e1rio de Ouro Preto<\/title>\n<meta name=\"description\" content=\"No quarto trimestre, o resultado ficou est\u00e1vel com varia\u00e7\u00e3o de 0,1% - Economia brasileira cresce 2,3% em 2025, revela IBGE\" \/>\n<meta name=\"robots\" content=\"index, follow, max-snippet:-1, max-image-preview:large, max-video-preview:-1\" \/>\n<link rel=\"canonical\" href=\"https:\/\/www.diariodeouropreto.com.br\/pt\/economia-brasileira-cresce-23-em-2025-revela-ibge\/\" \/>\n<meta property=\"og:locale\" content=\"pt_PT\" \/>\n<meta property=\"og:type\" content=\"article\" \/>\n<meta property=\"og:title\" content=\"Economia brasileira cresce 2,3% em 2025, revela IBGE - Di\u00e1rio de Ouro Preto\" \/>\n<meta property=\"og:description\" content=\"No quarto trimestre, o resultado ficou est\u00e1vel com varia\u00e7\u00e3o de 0,1% - Economia brasileira cresce 2,3% em 2025, revela IBGE\" \/>\n<meta property=\"og:url\" content=\"https:\/\/www.diariodeouropreto.com.br\/pt\/economia-brasileira-cresce-23-em-2025-revela-ibge\/\" \/>\n<meta property=\"og:site_name\" content=\"Di\u00e1rio de Ouro Preto\" \/>\n<meta property=\"article:publisher\" content=\"https:\/\/www.facebook.com\/diariodeouropreto\/\" \/>\n<meta property=\"article:published_time\" content=\"2026-03-03T14:45:00+00:00\" \/>\n<meta property=\"og:image\" content=\"https:\/\/www.diariodeouropreto.com.br\/wp-content\/uploads\/2025\/12\/pib_09.webp\" \/>\n\t<meta property=\"og:image:width\" content=\"1170\" \/>\n\t<meta property=\"og:image:height\" content=\"700\" \/>\n\t<meta property=\"og:image:type\" content=\"image\/webp\" \/>\n<meta name=\"author\" content=\"Di\u00e1rio de Ouro Preto\" \/>\n<meta name=\"twitter:card\" content=\"summary_large_image\" \/>\n<meta name=\"twitter:label1\" content=\"Escrito por\" \/>\n\t<meta name=\"twitter:data1\" content=\"Di\u00e1rio de Ouro Preto\" \/>\n\t<meta name=\"twitter:label2\" content=\"Tempo estimado de leitura\" \/>\n\t<meta name=\"twitter:data2\" content=\"7 minutos\" \/>\n<script type=\"application\/ld+json\" class=\"yoast-schema-graph\">{\"@context\":\"https:\\\/\\\/schema.org\",\"@graph\":[{\"@type\":\"Article\",\"@id\":\"https:\\\/\\\/www.diariodeouropreto.com.br\\\/economia-brasileira-cresce-23-em-2025-revela-ibge\\\/#article\",\"isPartOf\":{\"@id\":\"https:\\\/\\\/www.diariodeouropreto.com.br\\\/economia-brasileira-cresce-23-em-2025-revela-ibge\\\/\"},\"author\":{\"name\":\"Di\u00e1rio de Ouro Preto\",\"@id\":\"https:\\\/\\\/www.diariodeouropreto.com.br\\\/pt\\\/#\\\/schema\\\/person\\\/7654e7b471204a6dab6dc0ce6e140c99\"},\"headline\":\"Economia brasileira cresce 2,3% em 2025, revela IBGE\",\"datePublished\":\"2026-03-03T14:45:00+00:00\",\"mainEntityOfPage\":{\"@id\":\"https:\\\/\\\/www.diariodeouropreto.com.br\\\/economia-brasileira-cresce-23-em-2025-revela-ibge\\\/\"},\"wordCount\":1078,\"publisher\":{\"@id\":\"https:\\\/\\\/www.diariodeouropreto.com.br\\\/pt\\\/#organization\"},\"image\":{\"@id\":\"https:\\\/\\\/www.diariodeouropreto.com.br\\\/economia-brasileira-cresce-23-em-2025-revela-ibge\\\/#primaryimage\"},\"thumbnailUrl\":\"https:\\\/\\\/www.diariodeouropreto.com.br\\\/wp-content\\\/uploads\\\/2025\\\/12\\\/pib_09.webp\",\"articleSection\":[\"Brasil\"],\"inLanguage\":\"pt-PT\"},{\"@type\":\"WebPage\",\"@id\":\"https:\\\/\\\/www.diariodeouropreto.com.br\\\/economia-brasileira-cresce-23-em-2025-revela-ibge\\\/\",\"url\":\"https:\\\/\\\/www.diariodeouropreto.com.br\\\/economia-brasileira-cresce-23-em-2025-revela-ibge\\\/\",\"name\":\"Economia brasileira cresce 2,3% em 2025, revela IBGE - Di\u00e1rio de Ouro Preto\",\"isPartOf\":{\"@id\":\"https:\\\/\\\/www.diariodeouropreto.com.br\\\/pt\\\/#website\"},\"primaryImageOfPage\":{\"@id\":\"https:\\\/\\\/www.diariodeouropreto.com.br\\\/economia-brasileira-cresce-23-em-2025-revela-ibge\\\/#primaryimage\"},\"image\":{\"@id\":\"https:\\\/\\\/www.diariodeouropreto.com.br\\\/economia-brasileira-cresce-23-em-2025-revela-ibge\\\/#primaryimage\"},\"thumbnailUrl\":\"https:\\\/\\\/www.diariodeouropreto.com.br\\\/wp-content\\\/uploads\\\/2025\\\/12\\\/pib_09.webp\",\"datePublished\":\"2026-03-03T14:45:00+00:00\",\"description\":\"No quarto trimestre, o resultado ficou est\u00e1vel com varia\u00e7\u00e3o de 0,1% - Economia brasileira cresce 2,3% em 2025, revela IBGE\",\"breadcrumb\":{\"@id\":\"https:\\\/\\\/www.diariodeouropreto.com.br\\\/economia-brasileira-cresce-23-em-2025-revela-ibge\\\/#breadcrumb\"},\"inLanguage\":\"pt-PT\",\"potentialAction\":[{\"@type\":\"ReadAction\",\"target\":[\"https:\\\/\\\/www.diariodeouropreto.com.br\\\/economia-brasileira-cresce-23-em-2025-revela-ibge\\\/\"]}]},{\"@type\":\"ImageObject\",\"inLanguage\":\"pt-PT\",\"@id\":\"https:\\\/\\\/www.diariodeouropreto.com.br\\\/economia-brasileira-cresce-23-em-2025-revela-ibge\\\/#primaryimage\",\"url\":\"https:\\\/\\\/www.diariodeouropreto.com.br\\\/wp-content\\\/uploads\\\/2025\\\/12\\\/pib_09.webp\",\"contentUrl\":\"https:\\\/\\\/www.diariodeouropreto.com.br\\\/wp-content\\\/uploads\\\/2025\\\/12\\\/pib_09.webp\",\"width\":1170,\"height\":700},{\"@type\":\"BreadcrumbList\",\"@id\":\"https:\\\/\\\/www.diariodeouropreto.com.br\\\/economia-brasileira-cresce-23-em-2025-revela-ibge\\\/#breadcrumb\",\"itemListElement\":[{\"@type\":\"ListItem\",\"position\":1,\"name\":\"In\u00edcio\",\"item\":\"https:\\\/\\\/www.diariodeouropreto.com.br\\\/pt\\\/\"},{\"@type\":\"ListItem\",\"position\":2,\"name\":\"Economia brasileira cresce 2,3% em 2025, revela IBGE\"}]},{\"@type\":\"WebSite\",\"@id\":\"https:\\\/\\\/www.diariodeouropreto.com.br\\\/pt\\\/#website\",\"url\":\"https:\\\/\\\/www.diariodeouropreto.com.br\\\/pt\\\/\",\"name\":\"Di\u00e1rio de Ouro Preto\",\"description\":\"Not\u00edcias Ouro Preto; Mariana;Minas Gerais;Jornal;Jornalismo;Not\u00edcias;\",\"publisher\":{\"@id\":\"https:\\\/\\\/www.diariodeouropreto.com.br\\\/pt\\\/#organization\"},\"alternateName\":\"Jornal di\u00e1rio de Ouro Preto\",\"potentialAction\":[{\"@type\":\"SearchAction\",\"target\":{\"@type\":\"EntryPoint\",\"urlTemplate\":\"https:\\\/\\\/www.diariodeouropreto.com.br\\\/pt\\\/?s={search_term_string}\"},\"query-input\":{\"@type\":\"PropertyValueSpecification\",\"valueRequired\":true,\"valueName\":\"search_term_string\"}}],\"inLanguage\":\"pt-PT\"},{\"@type\":\"Organization\",\"@id\":\"https:\\\/\\\/www.diariodeouropreto.com.br\\\/pt\\\/#organization\",\"name\":\"Di\u00e1rio de Ouro Preto\",\"alternateName\":\"Jornal di\u00e1rio Ouro Preto\",\"url\":\"https:\\\/\\\/www.diariodeouropreto.com.br\\\/pt\\\/\",\"logo\":{\"@type\":\"ImageObject\",\"inLanguage\":\"pt-PT\",\"@id\":\"https:\\\/\\\/www.diariodeouropreto.com.br\\\/pt\\\/#\\\/schema\\\/logo\\\/image\\\/\",\"url\":\"https:\\\/\\\/www.diariodeouropreto.com.br\\\/wp-content\\\/uploads\\\/2019\\\/06\\\/cropped-logotransp-2.png\",\"contentUrl\":\"https:\\\/\\\/www.diariodeouropreto.com.br\\\/wp-content\\\/uploads\\\/2019\\\/06\\\/cropped-logotransp-2.png\",\"width\":1323,\"height\":251,\"caption\":\"Di\u00e1rio de Ouro Preto\"},\"image\":{\"@id\":\"https:\\\/\\\/www.diariodeouropreto.com.br\\\/pt\\\/#\\\/schema\\\/logo\\\/image\\\/\"},\"sameAs\":[\"https:\\\/\\\/www.facebook.com\\\/diariodeouropreto\\\/\"]},{\"@type\":\"Person\",\"@id\":\"https:\\\/\\\/www.diariodeouropreto.com.br\\\/pt\\\/#\\\/schema\\\/person\\\/7654e7b471204a6dab6dc0ce6e140c99\",\"name\":\"Di\u00e1rio de Ouro Preto\",\"sameAs\":[\"http:\\\/\\\/www.diariodeouropreto.com.br\"],\"url\":\"https:\\\/\\\/www.diariodeouropreto.com.br\\\/pt\\\/author\\\/diario\\\/\"}]}<\/script>\n<!-- \/ Yoast SEO plugin. -->","yoast_head_json":{"title":"Economia brasileira cresce 2,3% em 2025, revela IBGE - Di\u00e1rio de Ouro Preto","description":"No quarto trimestre, o resultado ficou est\u00e1vel com varia\u00e7\u00e3o de 0,1% - Economia brasileira cresce 2,3% em 2025, revela IBGE","robots":{"index":"index","follow":"follow","max-snippet":"max-snippet:-1","max-image-preview":"max-image-preview:large","max-video-preview":"max-video-preview:-1"},"canonical":"https:\/\/www.diariodeouropreto.com.br\/pt\/economia-brasileira-cresce-23-em-2025-revela-ibge\/","og_locale":"pt_PT","og_type":"article","og_title":"Economia brasileira cresce 2,3% em 2025, revela IBGE - Di\u00e1rio de Ouro Preto","og_description":"No quarto trimestre, o resultado ficou est\u00e1vel com varia\u00e7\u00e3o de 0,1% - Economia brasileira cresce 2,3% em 2025, revela IBGE","og_url":"https:\/\/www.diariodeouropreto.com.br\/pt\/economia-brasileira-cresce-23-em-2025-revela-ibge\/","og_site_name":"Di\u00e1rio de Ouro Preto","article_publisher":"https:\/\/www.facebook.com\/diariodeouropreto\/","article_published_time":"2026-03-03T14:45:00+00:00","og_image":[{"width":1170,"height":700,"url":"https:\/\/www.diariodeouropreto.com.br\/wp-content\/uploads\/2025\/12\/pib_09.webp","type":"image\/webp"}],"author":"Di\u00e1rio de Ouro Preto","twitter_card":"summary_large_image","twitter_misc":{"Escrito por":"Di\u00e1rio de Ouro Preto","Tempo estimado de leitura":"7 minutos"},"schema":{"@context":"https:\/\/schema.org","@graph":[{"@type":"Article","@id":"https:\/\/www.diariodeouropreto.com.br\/economia-brasileira-cresce-23-em-2025-revela-ibge\/#article","isPartOf":{"@id":"https:\/\/www.diariodeouropreto.com.br\/economia-brasileira-cresce-23-em-2025-revela-ibge\/"},"author":{"name":"Di\u00e1rio de Ouro Preto","@id":"https:\/\/www.diariodeouropreto.com.br\/pt\/#\/schema\/person\/7654e7b471204a6dab6dc0ce6e140c99"},"headline":"Economia brasileira cresce 2,3% em 2025, revela IBGE","datePublished":"2026-03-03T14:45:00+00:00","mainEntityOfPage":{"@id":"https:\/\/www.diariodeouropreto.com.br\/economia-brasileira-cresce-23-em-2025-revela-ibge\/"},"wordCount":1078,"publisher":{"@id":"https:\/\/www.diariodeouropreto.com.br\/pt\/#organization"},"image":{"@id":"https:\/\/www.diariodeouropreto.com.br\/economia-brasileira-cresce-23-em-2025-revela-ibge\/#primaryimage"},"thumbnailUrl":"https:\/\/www.diariodeouropreto.com.br\/wp-content\/uploads\/2025\/12\/pib_09.webp","articleSection":["Brasil"],"inLanguage":"pt-PT"},{"@type":"WebPage","@id":"https:\/\/www.diariodeouropreto.com.br\/economia-brasileira-cresce-23-em-2025-revela-ibge\/","url":"https:\/\/www.diariodeouropreto.com.br\/economia-brasileira-cresce-23-em-2025-revela-ibge\/","name":"Economia brasileira cresce 2,3% em 2025, revela IBGE - Di\u00e1rio de Ouro Preto","isPartOf":{"@id":"https:\/\/www.diariodeouropreto.com.br\/pt\/#website"},"primaryImageOfPage":{"@id":"https:\/\/www.diariodeouropreto.com.br\/economia-brasileira-cresce-23-em-2025-revela-ibge\/#primaryimage"},"image":{"@id":"https:\/\/www.diariodeouropreto.com.br\/economia-brasileira-cresce-23-em-2025-revela-ibge\/#primaryimage"},"thumbnailUrl":"https:\/\/www.diariodeouropreto.com.br\/wp-content\/uploads\/2025\/12\/pib_09.webp","datePublished":"2026-03-03T14:45:00+00:00","description":"No quarto trimestre, o resultado ficou est\u00e1vel com varia\u00e7\u00e3o de 0,1% - Economia brasileira cresce 2,3% em 2025, revela IBGE","breadcrumb":{"@id":"https:\/\/www.diariodeouropreto.com.br\/economia-brasileira-cresce-23-em-2025-revela-ibge\/#breadcrumb"},"inLanguage":"pt-PT","potentialAction":[{"@type":"ReadAction","target":["https:\/\/www.diariodeouropreto.com.br\/economia-brasileira-cresce-23-em-2025-revela-ibge\/"]}]},{"@type":"ImageObject","inLanguage":"pt-PT","@id":"https:\/\/www.diariodeouropreto.com.br\/economia-brasileira-cresce-23-em-2025-revela-ibge\/#primaryimage","url":"https:\/\/www.diariodeouropreto.com.br\/wp-content\/uploads\/2025\/12\/pib_09.webp","contentUrl":"https:\/\/www.diariodeouropreto.com.br\/wp-content\/uploads\/2025\/12\/pib_09.webp","width":1170,"height":700},{"@type":"BreadcrumbList","@id":"https:\/\/www.diariodeouropreto.com.br\/economia-brasileira-cresce-23-em-2025-revela-ibge\/#breadcrumb","itemListElement":[{"@type":"ListItem","position":1,"name":"In\u00edcio","item":"https:\/\/www.diariodeouropreto.com.br\/pt\/"},{"@type":"ListItem","position":2,"name":"Economia brasileira cresce 2,3% em 2025, revela IBGE"}]},{"@type":"WebSite","@id":"https:\/\/www.diariodeouropreto.com.br\/pt\/#website","url":"https:\/\/www.diariodeouropreto.com.br\/pt\/","name":"Di\u00e1rio de Ouro Preto","description":"Not\u00edcias Ouro Preto; Mariana;Minas Gerais;Jornal;Jornalismo;Not\u00edcias;","publisher":{"@id":"https:\/\/www.diariodeouropreto.com.br\/pt\/#organization"},"alternateName":"Jornal di\u00e1rio de Ouro Preto","potentialAction":[{"@type":"SearchAction","target":{"@type":"EntryPoint","urlTemplate":"https:\/\/www.diariodeouropreto.com.br\/pt\/?s={search_term_string}"},"query-input":{"@type":"PropertyValueSpecification","valueRequired":true,"valueName":"search_term_string"}}],"inLanguage":"pt-PT"},{"@type":"Organization","@id":"https:\/\/www.diariodeouropreto.com.br\/pt\/#organization","name":"Di\u00e1rio de Ouro Preto","alternateName":"Jornal di\u00e1rio Ouro Preto","url":"https:\/\/www.diariodeouropreto.com.br\/pt\/","logo":{"@type":"ImageObject","inLanguage":"pt-PT","@id":"https:\/\/www.diariodeouropreto.com.br\/pt\/#\/schema\/logo\/image\/","url":"https:\/\/www.diariodeouropreto.com.br\/wp-content\/uploads\/2019\/06\/cropped-logotransp-2.png","contentUrl":"https:\/\/www.diariodeouropreto.com.br\/wp-content\/uploads\/2019\/06\/cropped-logotransp-2.png","width":1323,"height":251,"caption":"Di\u00e1rio de Ouro Preto"},"image":{"@id":"https:\/\/www.diariodeouropreto.com.br\/pt\/#\/schema\/logo\/image\/"},"sameAs":["https:\/\/www.facebook.com\/diariodeouropreto\/"]},{"@type":"Person","@id":"https:\/\/www.diariodeouropreto.com.br\/pt\/#\/schema\/person\/7654e7b471204a6dab6dc0ce6e140c99","name":"Di\u00e1rio de Ouro Preto","sameAs":["http:\/\/www.diariodeouropreto.com.br"],"url":"https:\/\/www.diariodeouropreto.com.br\/pt\/author\/diario\/"}]}},"jetpack_publicize_connections":[],"jetpack_featured_media_url":"https:\/\/www.diariodeouropreto.com.br\/wp-content\/uploads\/2025\/12\/pib_09.webp","jetpack-related-posts":[{"id":42531,"url":"https:\/\/www.diariodeouropreto.com.br\/pt\/economia-do-pais-cresce-35-em-2024-diz-fgv\/","url_meta":{"origin":50669,"position":0},"title":"Economia do pa\u00eds cresce 3,5% em 2024, diz FGV","author":"Di\u00e1rio de Ouro Preto","date":"17 de Fevereiro de 2025","format":false,"excerpt":"PIB alcan\u00e7a R$ 11,655 trilh\u00f5es A economia brasileira cresceu 3,5% em 2024, de acordo com estimativa da Funda\u00e7\u00e3o Getulio Vargas (FGV). O dado foi divulgado nesta segunda-feira (17) pelo Monitor do PIB, estudo que traz a pr\u00e9via do comportamento do PIB, conjunto de todos os bens e servi\u00e7os produzidos no\u2026","rel":"","context":"In &quot;Brasil&quot;","block_context":{"text":"Brasil","link":"https:\/\/www.diariodeouropreto.com.br\/pt\/Editoria\/brasil\/"},"img":{"alt_text":"","src":"https:\/\/i0.wp.com\/www.diariodeouropreto.com.br\/wp-content\/uploads\/2025\/02\/dinnheiro-MArcello-Casa.webp?resize=350%2C200&ssl=1","width":350,"height":200,"srcset":"https:\/\/i0.wp.com\/www.diariodeouropreto.com.br\/wp-content\/uploads\/2025\/02\/dinnheiro-MArcello-Casa.webp?resize=350%2C200&ssl=1 1x, https:\/\/i0.wp.com\/www.diariodeouropreto.com.br\/wp-content\/uploads\/2025\/02\/dinnheiro-MArcello-Casa.webp?resize=525%2C300&ssl=1 1.5x, https:\/\/i0.wp.com\/www.diariodeouropreto.com.br\/wp-content\/uploads\/2025\/02\/dinnheiro-MArcello-Casa.webp?resize=700%2C400&ssl=1 2x, https:\/\/i0.wp.com\/www.diariodeouropreto.com.br\/wp-content\/uploads\/2025\/02\/dinnheiro-MArcello-Casa.webp?resize=1050%2C600&ssl=1 3x"},"classes":[]},{"id":48428,"url":"https:\/\/www.diariodeouropreto.com.br\/pt\/mercado-financeiro-reduz-previsao-da-inflacao-para-456-em-2025\/","url_meta":{"origin":50669,"position":1},"title":"Mercado financeiro reduz previs\u00e3o da infla\u00e7\u00e3o para 4,56% em 2025","author":"Di\u00e1rio de Ouro Preto","date":"27 de Outubro de 2025","format":false,"excerpt":"Estimativa para o PIB \u00e9 2,16% este ano, diz BC A estimativa do mercado financeiro do Brasil para o \u00cdndice Nacional de Pre\u00e7os ao Consumidor Amplo (IPCA) - considerado a infla\u00e7\u00e3o oficial do pa\u00eds - passou de 4,70% para 4,56%, em 2025. A previs\u00e3o foi publicada no\u00a0boletim Focus\u00a0desta segunda-feira (27\/10),\u2026","rel":"","context":"In &quot;Brasil&quot;","block_context":{"text":"Brasil","link":"https:\/\/www.diariodeouropreto.com.br\/pt\/Editoria\/brasil\/"},"img":{"alt_text":"","src":"https:\/\/i0.wp.com\/www.diariodeouropreto.com.br\/wp-content\/uploads\/2022\/02\/economia_ilustracao-2.jpg?resize=350%2C200&ssl=1","width":350,"height":200,"srcset":"https:\/\/i0.wp.com\/www.diariodeouropreto.com.br\/wp-content\/uploads\/2022\/02\/economia_ilustracao-2.jpg?resize=350%2C200&ssl=1 1x, https:\/\/i0.wp.com\/www.diariodeouropreto.com.br\/wp-content\/uploads\/2022\/02\/economia_ilustracao-2.jpg?resize=525%2C300&ssl=1 1.5x, https:\/\/i0.wp.com\/www.diariodeouropreto.com.br\/wp-content\/uploads\/2022\/02\/economia_ilustracao-2.jpg?resize=700%2C400&ssl=1 2x, https:\/\/i0.wp.com\/www.diariodeouropreto.com.br\/wp-content\/uploads\/2022\/02\/economia_ilustracao-2.jpg?resize=1050%2C600&ssl=1 3x"},"classes":[]},{"id":25527,"url":"https:\/\/www.diariodeouropreto.com.br\/pt\/pib-mineiro-cresce-44-no-segundo-trimestre-com-resultados-positivos-em-agropecuaria-industria-e-servicos\/","url_meta":{"origin":50669,"position":2},"title":"PIB mineiro cresce 4,4% no segundo trimestre com resultados positivos em agropecu\u00e1ria, ind\u00fastria e servi\u00e7os","author":"Di\u00e1rio de Ouro Preto","date":"15 de Setembro de 2023","format":false,"excerpt":"Safra de caf\u00e9 23% maior para este ano \u00e9 o principal destaque do agro; na ind\u00fastria de transforma\u00e7\u00e3o, chama a aten\u00e7\u00e3o o incremento de 14,1% na gera\u00e7\u00e3o de energia O Produto Interno Bruto (PIB) de Minas Gerais no segundo trimestre de 2023 foi estimado em R$ 258,1 bilh\u00f5es, valor que\u2026","rel":"","context":"In &quot;Minas Gerais&quot;","block_context":{"text":"Minas Gerais","link":"https:\/\/www.diariodeouropreto.com.br\/pt\/Editoria\/minas-gerais\/"},"img":{"alt_text":"","src":"https:\/\/i0.wp.com\/www.diariodeouropreto.com.br\/wp-content\/uploads\/2021\/04\/capa-noticia-geral-e1617738740372.png?resize=350%2C200&ssl=1","width":350,"height":200,"srcset":"https:\/\/i0.wp.com\/www.diariodeouropreto.com.br\/wp-content\/uploads\/2021\/04\/capa-noticia-geral-e1617738740372.png?resize=350%2C200&ssl=1 1x, https:\/\/i0.wp.com\/www.diariodeouropreto.com.br\/wp-content\/uploads\/2021\/04\/capa-noticia-geral-e1617738740372.png?resize=525%2C300&ssl=1 1.5x"},"classes":[]},{"id":51784,"url":"https:\/\/www.diariodeouropreto.com.br\/pt\/governo-propoe-salario-minimo-de-r-1-717-em-2027\/","url_meta":{"origin":50669,"position":3},"title":"Governo prop\u00f5e sal\u00e1rio m\u00ednimo de R$ 1.717 em 2027","author":"Di\u00e1rio de Ouro Preto","date":"15 de Abril de 2026","format":false,"excerpt":"Reajuste segue previs\u00e3o de infla\u00e7\u00e3o mais PIB de 2025 O governo federal prop\u00f4s um sal\u00e1rio m\u00ednimo de R$ 1.717 para o ano que vem, com aumento nominal de 5,92%. O valor consta do Projeto da Lei de Diretrizes Or\u00e7ament\u00e1rias (PLDO) de 2027, enviado nesta quarta-feira (15) ao Congresso Nacional. O\u2026","rel":"","context":"In &quot;Brasil&quot;","block_context":{"text":"Brasil","link":"https:\/\/www.diariodeouropreto.com.br\/pt\/Editoria\/brasil\/"},"img":{"alt_text":"","src":"https:\/\/i0.wp.com\/www.diariodeouropreto.com.br\/wp-content\/uploads\/2026\/04\/dinheiro_caixa_mcajr_abr_2907221128.webp?resize=350%2C200&ssl=1","width":350,"height":200,"srcset":"https:\/\/i0.wp.com\/www.diariodeouropreto.com.br\/wp-content\/uploads\/2026\/04\/dinheiro_caixa_mcajr_abr_2907221128.webp?resize=350%2C200&ssl=1 1x, https:\/\/i0.wp.com\/www.diariodeouropreto.com.br\/wp-content\/uploads\/2026\/04\/dinheiro_caixa_mcajr_abr_2907221128.webp?resize=525%2C300&ssl=1 1.5x, https:\/\/i0.wp.com\/www.diariodeouropreto.com.br\/wp-content\/uploads\/2026\/04\/dinheiro_caixa_mcajr_abr_2907221128.webp?resize=700%2C400&ssl=1 2x, https:\/\/i0.wp.com\/www.diariodeouropreto.com.br\/wp-content\/uploads\/2026\/04\/dinheiro_caixa_mcajr_abr_2907221128.webp?resize=1050%2C600&ssl=1 3x"},"classes":[]},{"id":13925,"url":"https:\/\/www.diariodeouropreto.com.br\/pt\/clima-economico-do-brasil-e-o-pior-entre-dez-paises-latinos-diz-fgv\/","url_meta":{"origin":50669,"position":4},"title":"Clima Econ\u00f4mico do Brasil \u00e9 o pior entre dez pa\u00edses latinos, diz FGV","author":"Di\u00e1rio de Ouro Preto","date":"24 de Fevereiro de 2022","format":false,"excerpt":"O \u00cdndice de Clima Econ\u00f4mico (ICE), medido pela Funda\u00e7\u00e3o Getulio Vargas (FGV), recuou 2,8 pontos no primeiro trimestre deste ano em rela\u00e7\u00e3o ao trimestre anterior. Com isso, o indicador, constru\u00eddo com base na avalia\u00e7\u00e3o de especialistas em economia do pa\u00eds, chegou a 60,6 pontos em uma escala de 0 a\u2026","rel":"","context":"In &quot;Brasil&quot;","block_context":{"text":"Brasil","link":"https:\/\/www.diariodeouropreto.com.br\/pt\/Editoria\/brasil\/"},"img":{"alt_text":"","src":"https:\/\/i0.wp.com\/www.diariodeouropreto.com.br\/wp-content\/uploads\/2022\/02\/economia_ilustracao-2.jpg?resize=350%2C200&ssl=1","width":350,"height":200,"srcset":"https:\/\/i0.wp.com\/www.diariodeouropreto.com.br\/wp-content\/uploads\/2022\/02\/economia_ilustracao-2.jpg?resize=350%2C200&ssl=1 1x, https:\/\/i0.wp.com\/www.diariodeouropreto.com.br\/wp-content\/uploads\/2022\/02\/economia_ilustracao-2.jpg?resize=525%2C300&ssl=1 1.5x, https:\/\/i0.wp.com\/www.diariodeouropreto.com.br\/wp-content\/uploads\/2022\/02\/economia_ilustracao-2.jpg?resize=700%2C400&ssl=1 2x, https:\/\/i0.wp.com\/www.diariodeouropreto.com.br\/wp-content\/uploads\/2022\/02\/economia_ilustracao-2.jpg?resize=1050%2C600&ssl=1 3x"},"classes":[]},{"id":7765,"url":"https:\/\/www.diariodeouropreto.com.br\/pt\/producao-do-setor-mineral-cresce-15-no-primeiro-trimestre\/","url_meta":{"origin":50669,"position":5},"title":"Produ\u00e7\u00e3o do setor mineral cresce 15% no primeiro trimestre","author":"Di\u00e1rio de Ouro Preto","date":"22 de Abril de 2021","format":false,"excerpt":"A produ\u00e7\u00e3o comercializada do setor mineral no Brasil alcan\u00e7ou 227 milh\u00f5es de toneladas no primeiro trimestre deste ano, com aumento de 15% na compara\u00e7\u00e3o com o mesmo per\u00edodo de 2020. De janeiro a mar\u00e7o de 2021, o setor faturou R$ 70 bilh\u00f5es, o que representa alta de 95% frente aos\u2026","rel":"","context":"In &quot;Brasil&quot;","block_context":{"text":"Brasil","link":"https:\/\/www.diariodeouropreto.com.br\/pt\/Editoria\/brasil\/"},"img":{"alt_text":"","src":"https:\/\/i0.wp.com\/www.diariodeouropreto.com.br\/wp-content\/uploads\/2021\/04\/951765-mineradora_12.jpg?resize=350%2C200&ssl=1","width":350,"height":200,"srcset":"https:\/\/i0.wp.com\/www.diariodeouropreto.com.br\/wp-content\/uploads\/2021\/04\/951765-mineradora_12.jpg?resize=350%2C200&ssl=1 1x, https:\/\/i0.wp.com\/www.diariodeouropreto.com.br\/wp-content\/uploads\/2021\/04\/951765-mineradora_12.jpg?resize=525%2C300&ssl=1 1.5x, https:\/\/i0.wp.com\/www.diariodeouropreto.com.br\/wp-content\/uploads\/2021\/04\/951765-mineradora_12.jpg?resize=700%2C400&ssl=1 2x, https:\/\/i0.wp.com\/www.diariodeouropreto.com.br\/wp-content\/uploads\/2021\/04\/951765-mineradora_12.jpg?resize=1050%2C600&ssl=1 3x"},"classes":[]}],"jetpack_sharing_enabled":true,"amp_enabled":true,"_links":{"self":[{"href":"https:\/\/www.diariodeouropreto.com.br\/pt\/wp-json\/wp\/v2\/posts\/50669","targetHints":{"allow":["GET"]}}],"collection":[{"href":"https:\/\/www.diariodeouropreto.com.br\/pt\/wp-json\/wp\/v2\/posts"}],"about":[{"href":"https:\/\/www.diariodeouropreto.com.br\/pt\/wp-json\/wp\/v2\/types\/post"}],"author":[{"embeddable":true,"href":"https:\/\/www.diariodeouropreto.com.br\/pt\/wp-json\/wp\/v2\/users\/1"}],"replies":[{"embeddable":true,"href":"https:\/\/www.diariodeouropreto.com.br\/pt\/wp-json\/wp\/v2\/comments?post=50669"}],"version-history":[{"count":1,"href":"https:\/\/www.diariodeouropreto.com.br\/pt\/wp-json\/wp\/v2\/posts\/50669\/revisions"}],"predecessor-version":[{"id":50672,"href":"https:\/\/www.diariodeouropreto.com.br\/pt\/wp-json\/wp\/v2\/posts\/50669\/revisions\/50672"}],"wp:featuredmedia":[{"embeddable":true,"href":"https:\/\/www.diariodeouropreto.com.br\/pt\/wp-json\/wp\/v2\/media\/49153"}],"wp:attachment":[{"href":"https:\/\/www.diariodeouropreto.com.br\/pt\/wp-json\/wp\/v2\/media?parent=50669"}],"wp:term":[{"taxonomy":"category","embeddable":true,"href":"https:\/\/www.diariodeouropreto.com.br\/pt\/wp-json\/wp\/v2\/categories?post=50669"},{"taxonomy":"post_tag","embeddable":true,"href":"https:\/\/www.diariodeouropreto.com.br\/pt\/wp-json\/wp\/v2\/tags?post=50669"}],"curies":[{"name":"wp","href":"https:\/\/api.w.org\/{rel}","templated":true}]}}