{"id":50668,"date":"2026-03-03T11:28:39","date_gmt":"2026-03-03T14:28:39","guid":{"rendered":"https:\/\/www.diariodeouropreto.com.br\/?p=50668"},"modified":"2026-03-03T11:28:42","modified_gmt":"2026-03-03T14:28:42","slug":"samarco-lanca-serie-documental-e-materiais-educativos-que-retratam-a-biodiversidade-da-bacia-do-rio-doce","status":"publish","type":"post","link":"https:\/\/www.diariodeouropreto.com.br\/pt\/samarco-lanca-serie-documental-e-materiais-educativos-que-retratam-a-biodiversidade-da-bacia-do-rio-doce\/","title":{"rendered":"Samarco lan\u00e7a s\u00e9rie documental e materiais educativos que retratam a biodiversidade da Bacia do Rio Doce"},"content":{"rendered":"<p><strong>Os v\u00eddeos est\u00e3o dispon\u00edveis no Youtube e abordam temas como a conex\u00e3o entre o rio e a Mata Atl\u00e2ntica e esp\u00e9cies emblem\u00e1ticas da regi\u00e3o<\/strong><\/p>\n\n\n\n<p>A Samarco lan\u00e7ou uma s\u00e9rie de conte\u00fados educativos voltados \u00e0 biodiversidade da Bacia do Rio Doce, com foco na educa\u00e7\u00e3o ambiental e na dissemina\u00e7\u00e3o de informa\u00e7\u00e3o t\u00e9cnica qualificada entre moradores e interessados nas a\u00e7\u00f5es de repara\u00e7\u00e3o.<\/p>\n\n\n\n<figure class=\"wp-block-image size-full\"><img decoding=\"async\" width=\"1200\" height=\"800\" data-attachment-id=\"50675\" data-permalink=\"https:\/\/www.diariodeouropreto.com.br\/pt\/samarco-lanca-serie-documental-e-materiais-educativos-que-retratam-a-biodiversidade-da-bacia-do-rio-doce\/biodiversidade-1-1-2\/\" data-orig-file=\"https:\/\/www.diariodeouropreto.com.br\/wp-content\/uploads\/2026\/03\/Biodiversidade-1-1.jpeg\" data-orig-size=\"1200,800\" data-comments-opened=\"0\" data-image-meta=\"{&quot;aperture&quot;:&quot;0&quot;,&quot;credit&quot;:&quot;&quot;,&quot;camera&quot;:&quot;&quot;,&quot;caption&quot;:&quot;&quot;,&quot;created_timestamp&quot;:&quot;0&quot;,&quot;copyright&quot;:&quot;&quot;,&quot;focal_length&quot;:&quot;0&quot;,&quot;iso&quot;:&quot;0&quot;,&quot;shutter_speed&quot;:&quot;0&quot;,&quot;title&quot;:&quot;&quot;,&quot;orientation&quot;:&quot;0&quot;}\" data-image-title=\"Biodiversidade (1) (1)\" data-image-description=\"\" data-image-caption=\"\" data-large-file=\"https:\/\/www.diariodeouropreto.com.br\/wp-content\/uploads\/2026\/03\/Biodiversidade-1-1.jpeg\" src=\"https:\/\/www.diariodeouropreto.com.br\/wp-content\/uploads\/2026\/03\/Biodiversidade-1-1.jpeg\" alt=\"\" class=\"wp-image-50675\" srcset=\"https:\/\/www.diariodeouropreto.com.br\/wp-content\/uploads\/2026\/03\/Biodiversidade-1-1.jpeg 1200w, https:\/\/www.diariodeouropreto.com.br\/wp-content\/uploads\/2026\/03\/Biodiversidade-1-1-594x396.jpeg 594w, https:\/\/www.diariodeouropreto.com.br\/wp-content\/uploads\/2026\/03\/Biodiversidade-1-1-200x133.jpeg 200w, https:\/\/www.diariodeouropreto.com.br\/wp-content\/uploads\/2026\/03\/Biodiversidade-1-1-768x512.jpeg 768w, https:\/\/www.diariodeouropreto.com.br\/wp-content\/uploads\/2026\/03\/Biodiversidade-1-1-18x12.jpeg 18w, https:\/\/www.diariodeouropreto.com.br\/wp-content\/uploads\/2026\/03\/Biodiversidade-1-1-465x310.jpeg 465w, https:\/\/www.diariodeouropreto.com.br\/wp-content\/uploads\/2026\/03\/Biodiversidade-1-1-695x463.jpeg 695w\" sizes=\"(max-width: 1200px) 100vw, 1200px\" \/><\/figure>\n\n\n\n<p>A iniciativa re\u00fane doze minidocument\u00e1rios e quatro v\u00eddeos tem\u00e1ticos, al\u00e9m de jogos, livros e materiais educativos, desenvolvidos no \u00e2mbito do Plano de A\u00e7\u00e3o para Conserva\u00e7\u00e3o da Biodiversidade Terrestre e do Plano de A\u00e7\u00e3o para Recupera\u00e7\u00e3o e Conserva\u00e7\u00e3o da Fauna Aqu\u00e1tica, em cumprimento ao Novo Acordo do Rio Doce.<\/p>\n\n\n\n<p>Os minidocument\u00e1rios, dispon\u00edveis no &nbsp;canal oficial da Repara\u00e7\u00e3o no YouTube, abordam a rela\u00e7\u00e3o entre o Rio Doce e a Mata Atl\u00e2ntica, a import\u00e2ncia dos invertebrados e a conserva\u00e7\u00e3o de esp\u00e9cies emblem\u00e1ticas, como o muriqui\u2011do\u2011norte e a anta, al\u00e9m dos impactos das mudan\u00e7as clim\u00e1ticas e das esp\u00e9cies ex\u00f3ticas nos ecossistemas nativos.<\/p>\n\n\n\n<p>\u201cEsses conte\u00fados refor\u00e7am que a prote\u00e7\u00e3o da biodiversidade vai al\u00e9m do cumprimento legal e est\u00e1 diretamente associada \u00e0 compreens\u00e3o dos servi\u00e7os ecossist\u00eamicos essenciais \u00e0 vida, da \u00e1gua que consumimos ao equil\u00edbrio das florestas, como base para a sustentabilidade futura da bacia\u201d, explica a gerente de Meio Ambiente da Samarco, Br\u00edgida Maioli.<\/p>\n\n\n\n<p>Os materiais educativos tamb\u00e9m est\u00e3o dispon\u00edveis na biblioteca online da Repara\u00e7\u00e3o (link 1 e link 2) e s\u00e3o divulgados pelo Samarco Comunica, canal institucional no WhatsApp.<\/p>\n\n\n\n<div id=\"110712\" class=\"advads-saneouro advads-entity-placement\" style=\"margin-left: auto;margin-right: auto;text-align: center;\"><a href=\"https:\/\/www.saneouro.com.br\/\" target=\"_blank\" aria-label=\"DOP_Site\" data-wpel-link=\"external\" rel=\"follow external noopener noreferrer sponsored ugc\"><img src=\"https:\/\/www.diariodeouropreto.com.br\/wp-content\/uploads\/2026\/04\/DOP_Site.jpg\" alt=\"\"  srcset=\"https:\/\/www.diariodeouropreto.com.br\/wp-content\/uploads\/2026\/04\/DOP_Site.jpg 301w, https:\/\/www.diariodeouropreto.com.br\/wp-content\/uploads\/2026\/04\/DOP_Site-180x150.jpg 180w, https:\/\/www.diariodeouropreto.com.br\/wp-content\/uploads\/2026\/04\/DOP_Site-14x12.jpg 14w\" sizes=\"(max-width: 301px) 100vw, 301px\" width=\"301\" height=\"251\"  style=\"display: inline-block;\" \/><\/a><\/div><p>Para mais informa\u00e7\u00f5es, acesse&nbsp;<a href=\"http:\/\/samarco.com\/reparacao\" target=\"_blank\" rel=\"noreferrer noopener follow external sponsored ugc\" data-wpel-link=\"external\">samarco.com\/reparacao<\/a><\/p>\n\n\n\n<div id=\"50321\" class=\"advads-plantao advads-entity-placement\"><a href=\"https:\/\/www.diariodeouropreto.com.br\/pt\/\" target=\"_blank\" aria-label=\"site &#8211; noticia\" data-wpel-link=\"external\" rel=\"follow external noopener noreferrer sponsored ugc\"><img src=\"https:\/\/www.diariodeouropreto.com.br\/wp-content\/uploads\/2019\/09\/titulosite2-e1616373489755.jpg\" alt=\"\"  srcset=\"https:\/\/www.diariodeouropreto.com.br\/wp-content\/uploads\/2019\/09\/titulosite2-e1616373489755.jpg 1200w, https:\/\/www.diariodeouropreto.com.br\/wp-content\/uploads\/2019\/09\/titulosite2-e1616373489755-150x38.jpg 150w, https:\/\/www.diariodeouropreto.com.br\/wp-content\/uploads\/2019\/09\/titulosite2-e1616373489755-660x167.jpg 660w, https:\/\/www.diariodeouropreto.com.br\/wp-content\/uploads\/2019\/09\/titulosite2-e1616373489755-768x194.jpg 768w, https:\/\/www.diariodeouropreto.com.br\/wp-content\/uploads\/2019\/09\/titulosite2-e1616373489755-1000x252.jpg 1000w, https:\/\/www.diariodeouropreto.com.br\/wp-content\/uploads\/2019\/09\/titulosite2-e1616373489755-1536x388.jpg 1536w, https:\/\/www.diariodeouropreto.com.br\/wp-content\/uploads\/2019\/09\/titulosite2-e1616373489755-2048x517.jpg 2048w\" sizes=\"(max-width: 1200px) 100vw, 1200px\" width=\"1200\" height=\"303\"  style=\"display: inline-block;\" \/><\/a><\/div><p>Fonte: Assessoria Samarco<\/p>","protected":false},"excerpt":{"rendered":"<p>Os v\u00eddeos est\u00e3o dispon\u00edveis no Youtube e abordam temas como a conex\u00e3o entre o rio e a Mata Atl\u00e2ntica e esp\u00e9cies emblem\u00e1ticas da regi\u00e3o A Samarco lan\u00e7ou uma s\u00e9rie de conte\u00fados educativos voltados \u00e0 biodiversidade da Bacia do Rio Doce, com foco na educa\u00e7\u00e3o ambiental e na dissemina\u00e7\u00e3o de informa\u00e7\u00e3o<span class=\"more-link\"><a href=\"https:\/\/www.diariodeouropreto.com.br\/pt\/samarco-lanca-serie-documental-e-materiais-educativos-que-retratam-a-biodiversidade-da-bacia-do-rio-doce\/\" data-wpel-link=\"internal\">Continue Lendo<\/a><\/span><\/p>","protected":false},"author":1,"featured_media":50674,"comment_status":"closed","ping_status":"closed","sticky":false,"template":"","format":"standard","meta":{"_jetpack_memberships_contains_paid_content":false,"footnotes":"","jetpack_publicize_message":"Os v\u00eddeos est\u00e3o dispon\u00edveis no Youtube e abordam temas como a conex\u00e3o entre o rio e a Mata Atl\u00e2ntica e esp\u00e9cies emblem\u00e1ticas da regi\u00e3o","jetpack_publicize_feature_enabled":true,"jetpack_social_post_already_shared":false,"jetpack_social_options":{"image_generator_settings":{"template":"highway","default_image_id":0,"font":"","enabled":false},"version":2}},"categories":[272],"tags":[],"class_list":["entry","author-diario","post-50668","post","type-post","status-publish","format-standard","has-post-thumbnail","category-variedades"],"yoast_head":"<!-- This site is optimized with the Yoast SEO plugin v27.5 - https:\/\/yoast.com\/product\/yoast-seo-wordpress\/ -->\n<title>Samarco lan\u00e7a s\u00e9rie documental e materiais educativos que retratam a biodiversidade da Bacia do Rio Doce - Di\u00e1rio de Ouro Preto<\/title>\n<meta name=\"description\" content=\"Os v\u00eddeos est\u00e3o dispon\u00edveis no Youtube e abordam temas como a conex\u00e3o entre o rio e a Mata Atl\u00e2ntica e esp\u00e9cies emblem\u00e1ticas da regi\u00e3o - Samarco lan\u00e7a s\u00e9rie documental e materiais educativos que retratam a biodiversidade da Bacia do Rio Doce\" \/>\n<meta name=\"robots\" content=\"index, follow, max-snippet:-1, max-image-preview:large, max-video-preview:-1\" \/>\n<link rel=\"canonical\" href=\"https:\/\/www.diariodeouropreto.com.br\/pt\/samarco-lanca-serie-documental-e-materiais-educativos-que-retratam-a-biodiversidade-da-bacia-do-rio-doce\/\" \/>\n<meta property=\"og:locale\" content=\"pt_PT\" \/>\n<meta property=\"og:type\" content=\"article\" \/>\n<meta property=\"og:title\" content=\"Samarco lan\u00e7a s\u00e9rie documental e materiais educativos que retratam a biodiversidade da Bacia do Rio Doce - Di\u00e1rio de Ouro Preto\" \/>\n<meta property=\"og:description\" content=\"Os v\u00eddeos est\u00e3o dispon\u00edveis no Youtube e abordam temas como a conex\u00e3o entre o rio e a Mata Atl\u00e2ntica e esp\u00e9cies emblem\u00e1ticas da regi\u00e3o - Samarco lan\u00e7a s\u00e9rie documental e materiais educativos que retratam a biodiversidade da Bacia do Rio Doce\" \/>\n<meta property=\"og:url\" content=\"https:\/\/www.diariodeouropreto.com.br\/pt\/samarco-lanca-serie-documental-e-materiais-educativos-que-retratam-a-biodiversidade-da-bacia-do-rio-doce\/\" \/>\n<meta property=\"og:site_name\" content=\"Di\u00e1rio de Ouro Preto\" \/>\n<meta property=\"article:publisher\" content=\"https:\/\/www.facebook.com\/diariodeouropreto\/\" \/>\n<meta property=\"article:published_time\" content=\"2026-03-03T14:28:39+00:00\" \/>\n<meta property=\"article:modified_time\" content=\"2026-03-03T14:28:42+00:00\" \/>\n<meta property=\"og:image\" content=\"https:\/\/www.diariodeouropreto.com.br\/wp-content\/uploads\/2026\/03\/Biodiversidade-1-1.jpg\" \/>\n\t<meta property=\"og:image:width\" content=\"1147\" \/>\n\t<meta property=\"og:image:height\" content=\"628\" \/>\n\t<meta property=\"og:image:type\" content=\"image\/jpeg\" \/>\n<meta name=\"author\" content=\"Di\u00e1rio de Ouro Preto\" \/>\n<meta name=\"twitter:card\" content=\"summary_large_image\" \/>\n<meta name=\"twitter:label1\" content=\"Escrito por\" \/>\n\t<meta name=\"twitter:data1\" content=\"Di\u00e1rio de Ouro Preto\" \/>\n\t<meta name=\"twitter:label2\" content=\"Tempo estimado de leitura\" \/>\n\t<meta name=\"twitter:data2\" content=\"2 minutos\" \/>\n<script type=\"application\/ld+json\" class=\"yoast-schema-graph\">{\"@context\":\"https:\\\/\\\/schema.org\",\"@graph\":[{\"@type\":\"Article\",\"@id\":\"https:\\\/\\\/www.diariodeouropreto.com.br\\\/samarco-lanca-serie-documental-e-materiais-educativos-que-retratam-a-biodiversidade-da-bacia-do-rio-doce\\\/#article\",\"isPartOf\":{\"@id\":\"https:\\\/\\\/www.diariodeouropreto.com.br\\\/samarco-lanca-serie-documental-e-materiais-educativos-que-retratam-a-biodiversidade-da-bacia-do-rio-doce\\\/\"},\"author\":{\"name\":\"Di\u00e1rio de Ouro Preto\",\"@id\":\"https:\\\/\\\/www.diariodeouropreto.com.br\\\/pt\\\/#\\\/schema\\\/person\\\/7654e7b471204a6dab6dc0ce6e140c99\"},\"headline\":\"Samarco lan\u00e7a s\u00e9rie documental e materiais educativos que retratam a biodiversidade da Bacia do Rio Doce\",\"datePublished\":\"2026-03-03T14:28:39+00:00\",\"dateModified\":\"2026-03-03T14:28:42+00:00\",\"mainEntityOfPage\":{\"@id\":\"https:\\\/\\\/www.diariodeouropreto.com.br\\\/samarco-lanca-serie-documental-e-materiais-educativos-que-retratam-a-biodiversidade-da-bacia-do-rio-doce\\\/\"},\"wordCount\":319,\"publisher\":{\"@id\":\"https:\\\/\\\/www.diariodeouropreto.com.br\\\/pt\\\/#organization\"},\"image\":{\"@id\":\"https:\\\/\\\/www.diariodeouropreto.com.br\\\/samarco-lanca-serie-documental-e-materiais-educativos-que-retratam-a-biodiversidade-da-bacia-do-rio-doce\\\/#primaryimage\"},\"thumbnailUrl\":\"https:\\\/\\\/www.diariodeouropreto.com.br\\\/wp-content\\\/uploads\\\/2026\\\/03\\\/Biodiversidade-1-1.jpg\",\"articleSection\":[\"Variedades\"],\"inLanguage\":\"pt-PT\"},{\"@type\":\"WebPage\",\"@id\":\"https:\\\/\\\/www.diariodeouropreto.com.br\\\/samarco-lanca-serie-documental-e-materiais-educativos-que-retratam-a-biodiversidade-da-bacia-do-rio-doce\\\/\",\"url\":\"https:\\\/\\\/www.diariodeouropreto.com.br\\\/samarco-lanca-serie-documental-e-materiais-educativos-que-retratam-a-biodiversidade-da-bacia-do-rio-doce\\\/\",\"name\":\"Samarco lan\u00e7a s\u00e9rie documental e materiais educativos que retratam a biodiversidade da Bacia do Rio Doce - Di\u00e1rio de Ouro Preto\",\"isPartOf\":{\"@id\":\"https:\\\/\\\/www.diariodeouropreto.com.br\\\/pt\\\/#website\"},\"primaryImageOfPage\":{\"@id\":\"https:\\\/\\\/www.diariodeouropreto.com.br\\\/samarco-lanca-serie-documental-e-materiais-educativos-que-retratam-a-biodiversidade-da-bacia-do-rio-doce\\\/#primaryimage\"},\"image\":{\"@id\":\"https:\\\/\\\/www.diariodeouropreto.com.br\\\/samarco-lanca-serie-documental-e-materiais-educativos-que-retratam-a-biodiversidade-da-bacia-do-rio-doce\\\/#primaryimage\"},\"thumbnailUrl\":\"https:\\\/\\\/www.diariodeouropreto.com.br\\\/wp-content\\\/uploads\\\/2026\\\/03\\\/Biodiversidade-1-1.jpg\",\"datePublished\":\"2026-03-03T14:28:39+00:00\",\"dateModified\":\"2026-03-03T14:28:42+00:00\",\"description\":\"Os v\u00eddeos est\u00e3o dispon\u00edveis no Youtube e abordam temas como a conex\u00e3o entre o rio e a Mata Atl\u00e2ntica e esp\u00e9cies emblem\u00e1ticas da regi\u00e3o - Samarco lan\u00e7a s\u00e9rie documental e materiais educativos que retratam a biodiversidade da Bacia do Rio Doce\",\"breadcrumb\":{\"@id\":\"https:\\\/\\\/www.diariodeouropreto.com.br\\\/samarco-lanca-serie-documental-e-materiais-educativos-que-retratam-a-biodiversidade-da-bacia-do-rio-doce\\\/#breadcrumb\"},\"inLanguage\":\"pt-PT\",\"potentialAction\":[{\"@type\":\"ReadAction\",\"target\":[\"https:\\\/\\\/www.diariodeouropreto.com.br\\\/samarco-lanca-serie-documental-e-materiais-educativos-que-retratam-a-biodiversidade-da-bacia-do-rio-doce\\\/\"]}]},{\"@type\":\"ImageObject\",\"inLanguage\":\"pt-PT\",\"@id\":\"https:\\\/\\\/www.diariodeouropreto.com.br\\\/samarco-lanca-serie-documental-e-materiais-educativos-que-retratam-a-biodiversidade-da-bacia-do-rio-doce\\\/#primaryimage\",\"url\":\"https:\\\/\\\/www.diariodeouropreto.com.br\\\/wp-content\\\/uploads\\\/2026\\\/03\\\/Biodiversidade-1-1.jpg\",\"contentUrl\":\"https:\\\/\\\/www.diariodeouropreto.com.br\\\/wp-content\\\/uploads\\\/2026\\\/03\\\/Biodiversidade-1-1.jpg\",\"width\":1147,\"height\":628},{\"@type\":\"BreadcrumbList\",\"@id\":\"https:\\\/\\\/www.diariodeouropreto.com.br\\\/samarco-lanca-serie-documental-e-materiais-educativos-que-retratam-a-biodiversidade-da-bacia-do-rio-doce\\\/#breadcrumb\",\"itemListElement\":[{\"@type\":\"ListItem\",\"position\":1,\"name\":\"In\u00edcio\",\"item\":\"https:\\\/\\\/www.diariodeouropreto.com.br\\\/pt\\\/\"},{\"@type\":\"ListItem\",\"position\":2,\"name\":\"Samarco lan\u00e7a s\u00e9rie documental e materiais educativos que retratam a biodiversidade da Bacia do Rio Doce\"}]},{\"@type\":\"WebSite\",\"@id\":\"https:\\\/\\\/www.diariodeouropreto.com.br\\\/pt\\\/#website\",\"url\":\"https:\\\/\\\/www.diariodeouropreto.com.br\\\/pt\\\/\",\"name\":\"Di\u00e1rio de Ouro Preto\",\"description\":\"Not\u00edcias Ouro Preto; Mariana;Minas Gerais;Jornal;Jornalismo;Not\u00edcias;\",\"publisher\":{\"@id\":\"https:\\\/\\\/www.diariodeouropreto.com.br\\\/pt\\\/#organization\"},\"alternateName\":\"Jornal di\u00e1rio de Ouro Preto\",\"potentialAction\":[{\"@type\":\"SearchAction\",\"target\":{\"@type\":\"EntryPoint\",\"urlTemplate\":\"https:\\\/\\\/www.diariodeouropreto.com.br\\\/pt\\\/?s={search_term_string}\"},\"query-input\":{\"@type\":\"PropertyValueSpecification\",\"valueRequired\":true,\"valueName\":\"search_term_string\"}}],\"inLanguage\":\"pt-PT\"},{\"@type\":\"Organization\",\"@id\":\"https:\\\/\\\/www.diariodeouropreto.com.br\\\/pt\\\/#organization\",\"name\":\"Di\u00e1rio de Ouro Preto\",\"alternateName\":\"Jornal di\u00e1rio Ouro Preto\",\"url\":\"https:\\\/\\\/www.diariodeouropreto.com.br\\\/pt\\\/\",\"logo\":{\"@type\":\"ImageObject\",\"inLanguage\":\"pt-PT\",\"@id\":\"https:\\\/\\\/www.diariodeouropreto.com.br\\\/pt\\\/#\\\/schema\\\/logo\\\/image\\\/\",\"url\":\"https:\\\/\\\/www.diariodeouropreto.com.br\\\/wp-content\\\/uploads\\\/2019\\\/06\\\/cropped-logotransp-2.png\",\"contentUrl\":\"https:\\\/\\\/www.diariodeouropreto.com.br\\\/wp-content\\\/uploads\\\/2019\\\/06\\\/cropped-logotransp-2.png\",\"width\":1323,\"height\":251,\"caption\":\"Di\u00e1rio de Ouro Preto\"},\"image\":{\"@id\":\"https:\\\/\\\/www.diariodeouropreto.com.br\\\/pt\\\/#\\\/schema\\\/logo\\\/image\\\/\"},\"sameAs\":[\"https:\\\/\\\/www.facebook.com\\\/diariodeouropreto\\\/\"]},{\"@type\":\"Person\",\"@id\":\"https:\\\/\\\/www.diariodeouropreto.com.br\\\/pt\\\/#\\\/schema\\\/person\\\/7654e7b471204a6dab6dc0ce6e140c99\",\"name\":\"Di\u00e1rio de Ouro Preto\",\"sameAs\":[\"http:\\\/\\\/www.diariodeouropreto.com.br\"],\"url\":\"https:\\\/\\\/www.diariodeouropreto.com.br\\\/pt\\\/author\\\/diario\\\/\"}]}<\/script>\n<!-- \/ Yoast SEO plugin. -->","yoast_head_json":{"title":"Samarco lan\u00e7a s\u00e9rie documental e materiais educativos que retratam a biodiversidade da Bacia do Rio Doce - Di\u00e1rio de Ouro Preto","description":"Os v\u00eddeos est\u00e3o dispon\u00edveis no Youtube e abordam temas como a conex\u00e3o entre o rio e a Mata Atl\u00e2ntica e esp\u00e9cies emblem\u00e1ticas da regi\u00e3o - Samarco lan\u00e7a s\u00e9rie documental e materiais educativos que retratam a biodiversidade da Bacia do Rio Doce","robots":{"index":"index","follow":"follow","max-snippet":"max-snippet:-1","max-image-preview":"max-image-preview:large","max-video-preview":"max-video-preview:-1"},"canonical":"https:\/\/www.diariodeouropreto.com.br\/pt\/samarco-lanca-serie-documental-e-materiais-educativos-que-retratam-a-biodiversidade-da-bacia-do-rio-doce\/","og_locale":"pt_PT","og_type":"article","og_title":"Samarco lan\u00e7a s\u00e9rie documental e materiais educativos que retratam a biodiversidade da Bacia do Rio Doce - Di\u00e1rio de Ouro Preto","og_description":"Os v\u00eddeos est\u00e3o dispon\u00edveis no Youtube e abordam temas como a conex\u00e3o entre o rio e a Mata Atl\u00e2ntica e esp\u00e9cies emblem\u00e1ticas da regi\u00e3o - Samarco lan\u00e7a s\u00e9rie documental e materiais educativos que retratam a biodiversidade da Bacia do Rio Doce","og_url":"https:\/\/www.diariodeouropreto.com.br\/pt\/samarco-lanca-serie-documental-e-materiais-educativos-que-retratam-a-biodiversidade-da-bacia-do-rio-doce\/","og_site_name":"Di\u00e1rio de Ouro Preto","article_publisher":"https:\/\/www.facebook.com\/diariodeouropreto\/","article_published_time":"2026-03-03T14:28:39+00:00","article_modified_time":"2026-03-03T14:28:42+00:00","og_image":[{"width":1147,"height":628,"url":"https:\/\/www.diariodeouropreto.com.br\/wp-content\/uploads\/2026\/03\/Biodiversidade-1-1.jpg","type":"image\/jpeg"}],"author":"Di\u00e1rio de Ouro Preto","twitter_card":"summary_large_image","twitter_misc":{"Escrito por":"Di\u00e1rio de Ouro Preto","Tempo estimado de leitura":"2 minutos"},"schema":{"@context":"https:\/\/schema.org","@graph":[{"@type":"Article","@id":"https:\/\/www.diariodeouropreto.com.br\/samarco-lanca-serie-documental-e-materiais-educativos-que-retratam-a-biodiversidade-da-bacia-do-rio-doce\/#article","isPartOf":{"@id":"https:\/\/www.diariodeouropreto.com.br\/samarco-lanca-serie-documental-e-materiais-educativos-que-retratam-a-biodiversidade-da-bacia-do-rio-doce\/"},"author":{"name":"Di\u00e1rio de Ouro Preto","@id":"https:\/\/www.diariodeouropreto.com.br\/pt\/#\/schema\/person\/7654e7b471204a6dab6dc0ce6e140c99"},"headline":"Samarco lan\u00e7a s\u00e9rie documental e materiais educativos que retratam a biodiversidade da Bacia do Rio Doce","datePublished":"2026-03-03T14:28:39+00:00","dateModified":"2026-03-03T14:28:42+00:00","mainEntityOfPage":{"@id":"https:\/\/www.diariodeouropreto.com.br\/samarco-lanca-serie-documental-e-materiais-educativos-que-retratam-a-biodiversidade-da-bacia-do-rio-doce\/"},"wordCount":319,"publisher":{"@id":"https:\/\/www.diariodeouropreto.com.br\/pt\/#organization"},"image":{"@id":"https:\/\/www.diariodeouropreto.com.br\/samarco-lanca-serie-documental-e-materiais-educativos-que-retratam-a-biodiversidade-da-bacia-do-rio-doce\/#primaryimage"},"thumbnailUrl":"https:\/\/www.diariodeouropreto.com.br\/wp-content\/uploads\/2026\/03\/Biodiversidade-1-1.jpg","articleSection":["Variedades"],"inLanguage":"pt-PT"},{"@type":"WebPage","@id":"https:\/\/www.diariodeouropreto.com.br\/samarco-lanca-serie-documental-e-materiais-educativos-que-retratam-a-biodiversidade-da-bacia-do-rio-doce\/","url":"https:\/\/www.diariodeouropreto.com.br\/samarco-lanca-serie-documental-e-materiais-educativos-que-retratam-a-biodiversidade-da-bacia-do-rio-doce\/","name":"Samarco lan\u00e7a s\u00e9rie documental e materiais educativos que retratam a biodiversidade da Bacia do Rio Doce - Di\u00e1rio de Ouro Preto","isPartOf":{"@id":"https:\/\/www.diariodeouropreto.com.br\/pt\/#website"},"primaryImageOfPage":{"@id":"https:\/\/www.diariodeouropreto.com.br\/samarco-lanca-serie-documental-e-materiais-educativos-que-retratam-a-biodiversidade-da-bacia-do-rio-doce\/#primaryimage"},"image":{"@id":"https:\/\/www.diariodeouropreto.com.br\/samarco-lanca-serie-documental-e-materiais-educativos-que-retratam-a-biodiversidade-da-bacia-do-rio-doce\/#primaryimage"},"thumbnailUrl":"https:\/\/www.diariodeouropreto.com.br\/wp-content\/uploads\/2026\/03\/Biodiversidade-1-1.jpg","datePublished":"2026-03-03T14:28:39+00:00","dateModified":"2026-03-03T14:28:42+00:00","description":"Os v\u00eddeos est\u00e3o dispon\u00edveis no Youtube e abordam temas como a conex\u00e3o entre o rio e a Mata Atl\u00e2ntica e esp\u00e9cies emblem\u00e1ticas da regi\u00e3o - Samarco lan\u00e7a s\u00e9rie documental e materiais educativos que retratam a biodiversidade da Bacia do Rio Doce","breadcrumb":{"@id":"https:\/\/www.diariodeouropreto.com.br\/samarco-lanca-serie-documental-e-materiais-educativos-que-retratam-a-biodiversidade-da-bacia-do-rio-doce\/#breadcrumb"},"inLanguage":"pt-PT","potentialAction":[{"@type":"ReadAction","target":["https:\/\/www.diariodeouropreto.com.br\/samarco-lanca-serie-documental-e-materiais-educativos-que-retratam-a-biodiversidade-da-bacia-do-rio-doce\/"]}]},{"@type":"ImageObject","inLanguage":"pt-PT","@id":"https:\/\/www.diariodeouropreto.com.br\/samarco-lanca-serie-documental-e-materiais-educativos-que-retratam-a-biodiversidade-da-bacia-do-rio-doce\/#primaryimage","url":"https:\/\/www.diariodeouropreto.com.br\/wp-content\/uploads\/2026\/03\/Biodiversidade-1-1.jpg","contentUrl":"https:\/\/www.diariodeouropreto.com.br\/wp-content\/uploads\/2026\/03\/Biodiversidade-1-1.jpg","width":1147,"height":628},{"@type":"BreadcrumbList","@id":"https:\/\/www.diariodeouropreto.com.br\/samarco-lanca-serie-documental-e-materiais-educativos-que-retratam-a-biodiversidade-da-bacia-do-rio-doce\/#breadcrumb","itemListElement":[{"@type":"ListItem","position":1,"name":"In\u00edcio","item":"https:\/\/www.diariodeouropreto.com.br\/pt\/"},{"@type":"ListItem","position":2,"name":"Samarco lan\u00e7a s\u00e9rie documental e materiais educativos que retratam a biodiversidade da Bacia do Rio Doce"}]},{"@type":"WebSite","@id":"https:\/\/www.diariodeouropreto.com.br\/pt\/#website","url":"https:\/\/www.diariodeouropreto.com.br\/pt\/","name":"Di\u00e1rio de Ouro Preto","description":"Not\u00edcias Ouro Preto; Mariana;Minas Gerais;Jornal;Jornalismo;Not\u00edcias;","publisher":{"@id":"https:\/\/www.diariodeouropreto.com.br\/pt\/#organization"},"alternateName":"Jornal di\u00e1rio de Ouro Preto","potentialAction":[{"@type":"SearchAction","target":{"@type":"EntryPoint","urlTemplate":"https:\/\/www.diariodeouropreto.com.br\/pt\/?s={search_term_string}"},"query-input":{"@type":"PropertyValueSpecification","valueRequired":true,"valueName":"search_term_string"}}],"inLanguage":"pt-PT"},{"@type":"Organization","@id":"https:\/\/www.diariodeouropreto.com.br\/pt\/#organization","name":"Di\u00e1rio de Ouro Preto","alternateName":"Jornal di\u00e1rio Ouro Preto","url":"https:\/\/www.diariodeouropreto.com.br\/pt\/","logo":{"@type":"ImageObject","inLanguage":"pt-PT","@id":"https:\/\/www.diariodeouropreto.com.br\/pt\/#\/schema\/logo\/image\/","url":"https:\/\/www.diariodeouropreto.com.br\/wp-content\/uploads\/2019\/06\/cropped-logotransp-2.png","contentUrl":"https:\/\/www.diariodeouropreto.com.br\/wp-content\/uploads\/2019\/06\/cropped-logotransp-2.png","width":1323,"height":251,"caption":"Di\u00e1rio de Ouro Preto"},"image":{"@id":"https:\/\/www.diariodeouropreto.com.br\/pt\/#\/schema\/logo\/image\/"},"sameAs":["https:\/\/www.facebook.com\/diariodeouropreto\/"]},{"@type":"Person","@id":"https:\/\/www.diariodeouropreto.com.br\/pt\/#\/schema\/person\/7654e7b471204a6dab6dc0ce6e140c99","name":"Di\u00e1rio de Ouro Preto","sameAs":["http:\/\/www.diariodeouropreto.com.br"],"url":"https:\/\/www.diariodeouropreto.com.br\/pt\/author\/diario\/"}]}},"jetpack_publicize_connections":[],"jetpack_featured_media_url":"https:\/\/www.diariodeouropreto.com.br\/wp-content\/uploads\/2026\/03\/Biodiversidade-1-1.jpg","jetpack-related-posts":[{"id":48124,"url":"https:\/\/www.diariodeouropreto.com.br\/pt\/samarco-realiza-repasse-de-r-278-milhoes-para-o-financiamento-do-programa-de-monitoramento-da-biodiversidade-aquatica-na-bacia-do-rio-doce\/","url_meta":{"origin":50668,"position":0},"title":"Samarco realiza repasse de R$ 278 milh\u00f5es para o financiamento do programa de monitoramento da biodiversidade aqu\u00e1tica na Bacia do Rio Doce","author":"Di\u00e1rio de Ouro Preto","date":"14 de Outubro de 2025","format":false,"excerpt":"Desde 2018, j\u00e1 foram investidos cerca de R$ 800 milh\u00f5es na iniciativa A Samarco acaba de concluir repasses que totalizam mais de R$ 278 milh\u00f5es \u00e0s Institui\u00e7\u00f5es de pesquisa de Minas Gerais e do Esp\u00edrito Santo que ir\u00e3o financiar o monitoramento da biodiversidade aqu\u00e1tica da Bacia do Rio Doce e\u2026","rel":"","context":"In &quot;Cidades&quot;","block_context":{"text":"Cidades","link":"https:\/\/www.diariodeouropreto.com.br\/pt\/Editoria\/cidades\/"},"img":{"alt_text":"","src":"https:\/\/i0.wp.com\/www.diariodeouropreto.com.br\/wp-content\/uploads\/2025\/10\/Foz-do-rio-Doce-Credito-NITRO-Historias-Visuais.jpg?resize=350%2C200&ssl=1","width":350,"height":200,"srcset":"https:\/\/i0.wp.com\/www.diariodeouropreto.com.br\/wp-content\/uploads\/2025\/10\/Foz-do-rio-Doce-Credito-NITRO-Historias-Visuais.jpg?resize=350%2C200&ssl=1 1x, https:\/\/i0.wp.com\/www.diariodeouropreto.com.br\/wp-content\/uploads\/2025\/10\/Foz-do-rio-Doce-Credito-NITRO-Historias-Visuais.jpg?resize=525%2C300&ssl=1 1.5x, https:\/\/i0.wp.com\/www.diariodeouropreto.com.br\/wp-content\/uploads\/2025\/10\/Foz-do-rio-Doce-Credito-NITRO-Historias-Visuais.jpg?resize=700%2C400&ssl=1 2x, https:\/\/i0.wp.com\/www.diariodeouropreto.com.br\/wp-content\/uploads\/2025\/10\/Foz-do-rio-Doce-Credito-NITRO-Historias-Visuais.jpg?resize=1050%2C600&ssl=1 3x"},"classes":[]},{"id":9939,"url":"https:\/\/www.diariodeouropreto.com.br\/pt\/estudo-inedito-identifica-o-risco-de-extincao-de-especies-aquaticas-da-bacia-do-rio-doce\/","url_meta":{"origin":50668,"position":1},"title":"Estudo in\u00e9dito identifica o risco de extin\u00e7\u00e3o de esp\u00e9cies aqu\u00e1ticas da bacia do rio Doce","author":"Di\u00e1rio de Ouro Preto","date":"13 de Agosto de 2021","format":false,"excerpt":"O\u00a0Livro\u00a0Vermelho\u00a0da Biota Aqu\u00e1tica do Rio Doce Amea\u00e7ada de Extin\u00e7\u00e3o P\u00f3s-Rompimento da Barragem de Fund\u00e3o, Mariana | Minas Gerais, lan\u00e7ado em agosto de 2021, apresenta uma in\u00e9dita lista de esp\u00e9cies amea\u00e7adas da bacia do rio\u00a0Doce.\u00a0 Fruto de\u00a0um acordo de coopera\u00e7\u00e3o t\u00e9cnica entre a Funda\u00e7\u00e3o\u00a0Biodiversitas\u00a0e a Funda\u00e7\u00e3o Renova, essa foi a primeira\u2026","rel":"","context":"In &quot;Minas Gerais&quot;","block_context":{"text":"Minas Gerais","link":"https:\/\/www.diariodeouropreto.com.br\/pt\/Editoria\/minas-gerais\/"},"img":{"alt_text":"","src":"https:\/\/i0.wp.com\/www.diariodeouropreto.com.br\/wp-content\/uploads\/2021\/08\/IMG_4289-1-scaled-e1628886985589.jpg?resize=350%2C200&ssl=1","width":350,"height":200,"srcset":"https:\/\/i0.wp.com\/www.diariodeouropreto.com.br\/wp-content\/uploads\/2021\/08\/IMG_4289-1-scaled-e1628886985589.jpg?resize=350%2C200&ssl=1 1x, https:\/\/i0.wp.com\/www.diariodeouropreto.com.br\/wp-content\/uploads\/2021\/08\/IMG_4289-1-scaled-e1628886985589.jpg?resize=525%2C300&ssl=1 1.5x, https:\/\/i0.wp.com\/www.diariodeouropreto.com.br\/wp-content\/uploads\/2021\/08\/IMG_4289-1-scaled-e1628886985589.jpg?resize=700%2C400&ssl=1 2x, https:\/\/i0.wp.com\/www.diariodeouropreto.com.br\/wp-content\/uploads\/2021\/08\/IMG_4289-1-scaled-e1628886985589.jpg?resize=1050%2C600&ssl=1 3x"},"classes":[]},{"id":24686,"url":"https:\/\/www.diariodeouropreto.com.br\/pt\/inscricoes-abertas-para-projetos-de-pesquisa-da-biodiversidade-no-rio-doce\/","url_meta":{"origin":50668,"position":2},"title":"Inscri\u00e7\u00f5es abertas para projetos de pesquisa da biodiversidade no rio Doce\u00a0","author":"Di\u00e1rio de Ouro Preto","date":"8 de Agosto de 2023","format":false,"excerpt":"As a\u00e7\u00f5es de repara\u00e7\u00e3o e compensa\u00e7\u00e3o desenvolvidas com foco na biodiversidade terrestre e aqu\u00e1tica avan\u00e7am na bacia do rio Doce. Entre elas est\u00e1 a parceria da Funda\u00e7\u00e3o Renova com o Fundo Brasileiro para a Biodiversidade (Funbio) para a publica\u00e7\u00e3o de cinco editais. O investimento total previsto \u00e9 de R$ 29,1\u2026","rel":"","context":"In &quot;Caderno Verde&quot;","block_context":{"text":"Caderno Verde","link":"https:\/\/www.diariodeouropreto.com.br\/pt\/Editoria\/caderno-verde\/"},"img":{"alt_text":"","src":"https:\/\/i0.wp.com\/www.diariodeouropreto.com.br\/wp-content\/uploads\/2023\/08\/Parque-Estadual-do-Rio-Doce-MG.jpg?resize=350%2C200&ssl=1","width":350,"height":200,"srcset":"https:\/\/i0.wp.com\/www.diariodeouropreto.com.br\/wp-content\/uploads\/2023\/08\/Parque-Estadual-do-Rio-Doce-MG.jpg?resize=350%2C200&ssl=1 1x, https:\/\/i0.wp.com\/www.diariodeouropreto.com.br\/wp-content\/uploads\/2023\/08\/Parque-Estadual-do-Rio-Doce-MG.jpg?resize=525%2C300&ssl=1 1.5x, https:\/\/i0.wp.com\/www.diariodeouropreto.com.br\/wp-content\/uploads\/2023\/08\/Parque-Estadual-do-Rio-Doce-MG.jpg?resize=700%2C400&ssl=1 2x, https:\/\/i0.wp.com\/www.diariodeouropreto.com.br\/wp-content\/uploads\/2023\/08\/Parque-Estadual-do-Rio-Doce-MG.jpg?resize=1050%2C600&ssl=1 3x"},"classes":[]},{"id":44796,"url":"https:\/\/www.diariodeouropreto.com.br\/pt\/samarco-destina-r-10-bilhoes-para-reparacao-na-bacia-do-rio-doce-nos-primeiros-seis-meses-do-acordo\/","url_meta":{"origin":50668,"position":3},"title":"Samarco destina R$ 10 bilh\u00f5es para repara\u00e7\u00e3o na Bacia do Rio Doce nos primeiros seis meses do Acordo","author":"Di\u00e1rio de Ouro Preto","date":"27 de Maio de 2025","format":false,"excerpt":"Belo Horizonte, 27 de maio de 2025\u00a0\u2013 Seis meses ap\u00f3s a homologa\u00e7\u00e3o do Acordo de Repara\u00e7\u00e3o da Bacia do Rio Doce pelo Supremo Tribunal Federal (STF), a Samarco segue cumprindo todas as suas obriga\u00e7\u00f5es. J\u00e1 foram destinados R$ 10 bilh\u00f5es \u00e0s a\u00e7\u00f5es de indeniza\u00e7\u00e3o individual e aux\u00edlios financeiros, reassentamento e\u2026","rel":"","context":"In &quot;Caderno Verde&quot;","block_context":{"text":"Caderno Verde","link":"https:\/\/www.diariodeouropreto.com.br\/pt\/Editoria\/caderno-verde\/"},"img":{"alt_text":"","src":"https:\/\/i0.wp.com\/www.diariodeouropreto.com.br\/wp-content\/uploads\/2020\/08\/reduzida_Foto-Complexo-de-Germano_Samarco-2.jpg?resize=350%2C200&ssl=1","width":350,"height":200,"srcset":"https:\/\/i0.wp.com\/www.diariodeouropreto.com.br\/wp-content\/uploads\/2020\/08\/reduzida_Foto-Complexo-de-Germano_Samarco-2.jpg?resize=350%2C200&ssl=1 1x, https:\/\/i0.wp.com\/www.diariodeouropreto.com.br\/wp-content\/uploads\/2020\/08\/reduzida_Foto-Complexo-de-Germano_Samarco-2.jpg?resize=525%2C300&ssl=1 1.5x"},"classes":[]},{"id":23647,"url":"https:\/\/www.diariodeouropreto.com.br\/pt\/governo-cria-grupo-para-analisar-repactuacao-de-acordo-em-mariana\/","url_meta":{"origin":50668,"position":4},"title":"Governo cria grupo para analisar repactua\u00e7\u00e3o de acordo em Mariana","author":"Di\u00e1rio de Ouro Preto","date":"12 de Junho de 2023","format":false,"excerpt":"O Minist\u00e9rio do Meio Ambiente criou um grupo de trabalho (GT) para analisar e deliberar sobre a repactua\u00e7\u00e3o do chamado acordo do Rio Doce, referente ao rompimento da barragem do Fund\u00e3o, em Mariana (MG), em novembro de 2015. A\u00a0portaria\u00a0foi publicada nesta segunda-feira (12) no\u00a0Di\u00e1rio Oficial da Uni\u00e3o.\u00a0 De acordo com\u2026","rel":"","context":"In &quot;Mariana&quot;","block_context":{"text":"Mariana","link":"https:\/\/www.diariodeouropreto.com.br\/pt\/Editoria\/mariana\/"},"img":{"alt_text":"","src":"https:\/\/i0.wp.com\/www.diariodeouropreto.com.br\/wp-content\/uploads\/2019\/06\/Ativo-29logo.png?resize=350%2C200&ssl=1","width":350,"height":200,"srcset":"https:\/\/i0.wp.com\/www.diariodeouropreto.com.br\/wp-content\/uploads\/2019\/06\/Ativo-29logo.png?resize=350%2C200&ssl=1 1x, https:\/\/i0.wp.com\/www.diariodeouropreto.com.br\/wp-content\/uploads\/2019\/06\/Ativo-29logo.png?resize=525%2C300&ssl=1 1.5x"},"classes":[]},{"id":43348,"url":"https:\/\/www.diariodeouropreto.com.br\/pt\/pesquisa-da-ufop-revela-presenca-de-microplasticos-em-peixes-na-lagoa-do-gamba\/","url_meta":{"origin":50668,"position":5},"title":"Pesquisa da UFOP revela presen\u00e7a de micropl\u00e1sticos em peixes na Lagoa do Gamb\u00e1","author":"Di\u00e1rio de Ouro Preto","date":"24 de Mar\u00e7o de 2025","format":false,"excerpt":"O estudo \u00e9 in\u00e9dito e mostra riscos \u00e0 fauna marinha da Bacia Alta do Rio Doce A pesquisa analisou tanto a til\u00e1pia (Oreochromis niloticus), esp\u00e9cie n\u00e3o nativa, quanto as nativas, como o acar\u00e1-camale\u00e3o (Australoheros facetus) e o papa-terra (Geophagus brasiliensis), verificando n\u00edveis proecupantes de micropl\u00e1sticos em suas br\u00e2nquias, o que\u2026","rel":"","context":"In &quot;Caderno Verde&quot;","block_context":{"text":"Caderno Verde","link":"https:\/\/www.diariodeouropreto.com.br\/pt\/Editoria\/caderno-verde\/"},"img":{"alt_text":"","src":"https:\/\/i0.wp.com\/www.diariodeouropreto.com.br\/wp-content\/uploads\/2025\/03\/image_2_2.jpg?resize=350%2C200&ssl=1","width":350,"height":200,"srcset":"https:\/\/i0.wp.com\/www.diariodeouropreto.com.br\/wp-content\/uploads\/2025\/03\/image_2_2.jpg?resize=350%2C200&ssl=1 1x, https:\/\/i0.wp.com\/www.diariodeouropreto.com.br\/wp-content\/uploads\/2025\/03\/image_2_2.jpg?resize=525%2C300&ssl=1 1.5x"},"classes":[]}],"jetpack_sharing_enabled":true,"amp_enabled":true,"_links":{"self":[{"href":"https:\/\/www.diariodeouropreto.com.br\/pt\/wp-json\/wp\/v2\/posts\/50668","targetHints":{"allow":["GET"]}}],"collection":[{"href":"https:\/\/www.diariodeouropreto.com.br\/pt\/wp-json\/wp\/v2\/posts"}],"about":[{"href":"https:\/\/www.diariodeouropreto.com.br\/pt\/wp-json\/wp\/v2\/types\/post"}],"author":[{"embeddable":true,"href":"https:\/\/www.diariodeouropreto.com.br\/pt\/wp-json\/wp\/v2\/users\/1"}],"replies":[{"embeddable":true,"href":"https:\/\/www.diariodeouropreto.com.br\/pt\/wp-json\/wp\/v2\/comments?post=50668"}],"version-history":[{"count":1,"href":"https:\/\/www.diariodeouropreto.com.br\/pt\/wp-json\/wp\/v2\/posts\/50668\/revisions"}],"predecessor-version":[{"id":50676,"href":"https:\/\/www.diariodeouropreto.com.br\/pt\/wp-json\/wp\/v2\/posts\/50668\/revisions\/50676"}],"wp:featuredmedia":[{"embeddable":true,"href":"https:\/\/www.diariodeouropreto.com.br\/pt\/wp-json\/wp\/v2\/media\/50674"}],"wp:attachment":[{"href":"https:\/\/www.diariodeouropreto.com.br\/pt\/wp-json\/wp\/v2\/media?parent=50668"}],"wp:term":[{"taxonomy":"category","embeddable":true,"href":"https:\/\/www.diariodeouropreto.com.br\/pt\/wp-json\/wp\/v2\/categories?post=50668"},{"taxonomy":"post_tag","embeddable":true,"href":"https:\/\/www.diariodeouropreto.com.br\/pt\/wp-json\/wp\/v2\/tags?post=50668"}],"curies":[{"name":"wp","href":"https:\/\/api.w.org\/{rel}","templated":true}]}}