{"id":48445,"date":"2025-10-27T16:24:48","date_gmt":"2025-10-27T19:24:48","guid":{"rendered":"https:\/\/www.diariodeouropreto.com.br\/?p=48445"},"modified":"2025-10-27T16:24:53","modified_gmt":"2025-10-27T19:24:53","slug":"lancamento-do-livro-minas-abertas-e-patrimonios-gerais-compoe-a-programacao-do-evento-da-flama-mg","status":"publish","type":"post","link":"https:\/\/www.diariodeouropreto.com.br\/pt\/lancamento-do-livro-minas-abertas-e-patrimonios-gerais-compoe-a-programacao-do-evento-da-flama-mg\/","title":{"rendered":"Lan\u00e7amento do livro \u201cMinas Abertas e Patrim\u00f4nios Gerais\u201d comp\u00f5e a programa\u00e7\u00e3o do evento da FLAMa-MG"},"content":{"rendered":"<p>O livro \u201cMinas Abertas e Patrim\u00f4nios Gerais\u201d, de autoria de Lucas Ramos de Oliveira Santos, ser\u00e1 lan\u00e7ado no dia 13 de novembro, quinta-feira, \u00e0s 19 horas, no Anexo do Museu da Inconfid\u00eancia, em uma roda de conversa sobre Patrim\u00f4nio, Colonialidade e Minera\u00e7\u00e3o. <\/p>\n\n\n\n<div id=\"110712\" class=\"advads-saneouro advads-entity-placement\" style=\"margin-left: auto;margin-right: auto;text-align: center;\"><a href=\"https:\/\/www.saneouro.com.br\/\" target=\"_blank\" aria-label=\"DOP_Site\" data-wpel-link=\"external\" rel=\"follow external noopener noreferrer sponsored ugc\"><img src=\"https:\/\/www.diariodeouropreto.com.br\/wp-content\/uploads\/2026\/04\/DOP_Site.jpg\" alt=\"\"  srcset=\"https:\/\/www.diariodeouropreto.com.br\/wp-content\/uploads\/2026\/04\/DOP_Site.jpg 301w, https:\/\/www.diariodeouropreto.com.br\/wp-content\/uploads\/2026\/04\/DOP_Site-180x150.jpg 180w, https:\/\/www.diariodeouropreto.com.br\/wp-content\/uploads\/2026\/04\/DOP_Site-14x12.jpg 14w\" sizes=\"(max-width: 301px) 100vw, 301px\" width=\"301\" height=\"251\"  style=\"display: inline-block;\" \/><\/a><\/div><p>O livro, fruto da pesquisa de mestrado do autor, investiga como os investimentos seletivos de megamineradoras na preserva\u00e7\u00e3o do patrim\u00f4nio de Ouro Preto servem para legitimar a l\u00f3gica extrativista que consome nosso estado. Participar\u00e3o da roda de conversa as Profas. Dras. Karine Gon\u00e7alves Carneiro, Nat\u00e1lia de Souza Lisb\u00f4a e Tatiana Ribeiro de Souza, professoras do Programa de P\u00f3s-Gradua\u00e7\u00e3o em Direito da UFOP &#8211; Novos Direitos, Novos Sujeitos. <\/p>\n\n\n\n<div id=\"50321\" class=\"advads-plantao advads-entity-placement\"><a href=\"https:\/\/www.diariodeouropreto.com.br\/pt\/\" target=\"_blank\" aria-label=\"site &#8211; noticia\" data-wpel-link=\"external\" rel=\"follow external noopener noreferrer sponsored ugc\"><img src=\"https:\/\/www.diariodeouropreto.com.br\/wp-content\/uploads\/2019\/09\/titulosite2-e1616373489755.jpg\" alt=\"\"  srcset=\"https:\/\/www.diariodeouropreto.com.br\/wp-content\/uploads\/2019\/09\/titulosite2-e1616373489755.jpg 1200w, https:\/\/www.diariodeouropreto.com.br\/wp-content\/uploads\/2019\/09\/titulosite2-e1616373489755-150x38.jpg 150w, https:\/\/www.diariodeouropreto.com.br\/wp-content\/uploads\/2019\/09\/titulosite2-e1616373489755-660x167.jpg 660w, https:\/\/www.diariodeouropreto.com.br\/wp-content\/uploads\/2019\/09\/titulosite2-e1616373489755-768x194.jpg 768w, https:\/\/www.diariodeouropreto.com.br\/wp-content\/uploads\/2019\/09\/titulosite2-e1616373489755-1000x252.jpg 1000w, https:\/\/www.diariodeouropreto.com.br\/wp-content\/uploads\/2019\/09\/titulosite2-e1616373489755-1536x388.jpg 1536w, https:\/\/www.diariodeouropreto.com.br\/wp-content\/uploads\/2019\/09\/titulosite2-e1616373489755-2048x517.jpg 2048w\" sizes=\"(max-width: 1200px) 100vw, 1200px\" width=\"1200\" height=\"303\"  style=\"display: inline-block;\" \/><\/a><\/div><p>O lan\u00e7amento comp\u00f5e a programa\u00e7\u00e3o do 7\u00ba Encontro Regional por um Novo Modelo de Minera\u00e7\u00e3o e da 7\u00aa Jornada Universit\u00e1ria de Debate na Minera\u00e7\u00e3o, organizados pela Frente Mineira de Luta das Atingidas e dos Atingidos pela Minera\u00e7\u00e3o (FLAMa-MG). O evento da FLAMa-MG conta com uma programa\u00e7\u00e3o extendida que vai desde o in\u00edcio de outubro at\u00e9 o final de novembro, e com uma programa\u00e7\u00e3o concentrada entre os dias 02 e 08 de novembro. Para mais informa\u00e7\u00f5es, acesse a p\u00e1gina da Frente no Instagram: <a href=\"https:\/\/www.instagram.com\/flama_mg\/\" data-wpel-link=\"external\" target=\"_blank\" rel=\"follow external noopener noreferrer sponsored ugc\">@flama_mg.<\/a><\/p>","protected":false},"excerpt":{"rendered":"<p>O livro \u201cMinas Abertas e Patrim\u00f4nios Gerais\u201d, de autoria de Lucas Ramos de Oliveira Santos, ser\u00e1 lan\u00e7ado no dia 13 de novembro, quinta-feira, \u00e0s 19 horas, no Anexo do Museu da Inconfid\u00eancia, em uma roda de conversa sobre Patrim\u00f4nio, Colonialidade e Minera\u00e7\u00e3o. O livro, fruto da pesquisa de mestrado do<span class=\"more-link\"><a href=\"https:\/\/www.diariodeouropreto.com.br\/pt\/lancamento-do-livro-minas-abertas-e-patrimonios-gerais-compoe-a-programacao-do-evento-da-flama-mg\/\" data-wpel-link=\"internal\">Continue Lendo<\/a><\/span><\/p>","protected":false},"author":1,"featured_media":48446,"comment_status":"closed","ping_status":"closed","sticky":false,"template":"","format":"standard","meta":{"_jetpack_memberships_contains_paid_content":false,"footnotes":"","jetpack_publicize_message":"O livro \u201cMinas Abertas e Patrim\u00f4nios Gerais\u201d, de autoria de Lucas Ramos de Oliveira Santos, ser\u00e1 lan\u00e7ado no dia 13 de novembro, quinta-feira, \u00e0s 19 horas, no Anexo do Museu da Inconfid\u00eancia","jetpack_publicize_feature_enabled":true,"jetpack_social_post_already_shared":false,"jetpack_social_options":{"image_generator_settings":{"template":"highway","default_image_id":0,"font":"","enabled":false},"version":2}},"categories":[11],"tags":[1513,1512,15],"class_list":["entry","author-diario","post-48445","post","type-post","status-publish","format-standard","has-post-thumbnail","category-culturaeartes","tag-lancamento","tag-literatura","tag-mineracao"],"yoast_head":"<!-- This site is optimized with the Yoast SEO plugin v27.5 - https:\/\/yoast.com\/product\/yoast-seo-wordpress\/ -->\n<title>Lan\u00e7amento do livro \u201cMinas Abertas e Patrim\u00f4nios Gerais\u201d comp\u00f5e a programa\u00e7\u00e3o do evento da FLAMa-MG - Di\u00e1rio de Ouro Preto<\/title>\n<meta name=\"description\" content=\"O livro \u201cMinas Abertas e Patrim\u00f4nios Gerais\u201d, de autoria de Lucas Ramos de Oliveira Santos, ser\u00e1 lan\u00e7ado no dia 13 de novembro, quinta-feira, \u00e0s 19 horas, no Anexo do Museu da Inconfid\u00eancia\" \/>\n<meta name=\"robots\" content=\"index, follow, max-snippet:-1, max-image-preview:large, max-video-preview:-1\" \/>\n<link rel=\"canonical\" href=\"https:\/\/www.diariodeouropreto.com.br\/pt\/lancamento-do-livro-minas-abertas-e-patrimonios-gerais-compoe-a-programacao-do-evento-da-flama-mg\/\" \/>\n<meta property=\"og:locale\" content=\"pt_PT\" \/>\n<meta property=\"og:type\" content=\"article\" \/>\n<meta property=\"og:title\" content=\"Lan\u00e7amento do livro \u201cMinas Abertas e Patrim\u00f4nios Gerais\u201d comp\u00f5e a programa\u00e7\u00e3o do evento da FLAMa-MG - Di\u00e1rio de Ouro Preto\" \/>\n<meta property=\"og:description\" content=\"O livro \u201cMinas Abertas e Patrim\u00f4nios Gerais\u201d, de autoria de Lucas Ramos de Oliveira Santos, ser\u00e1 lan\u00e7ado no dia 13 de novembro, quinta-feira, \u00e0s 19 horas, no Anexo do Museu da Inconfid\u00eancia\" \/>\n<meta property=\"og:url\" content=\"https:\/\/www.diariodeouropreto.com.br\/pt\/lancamento-do-livro-minas-abertas-e-patrimonios-gerais-compoe-a-programacao-do-evento-da-flama-mg\/\" \/>\n<meta property=\"og:site_name\" content=\"Di\u00e1rio de Ouro Preto\" \/>\n<meta property=\"article:publisher\" content=\"https:\/\/www.facebook.com\/diariodeouropreto\/\" \/>\n<meta property=\"article:published_time\" content=\"2025-10-27T19:24:48+00:00\" \/>\n<meta property=\"article:modified_time\" content=\"2025-10-27T19:24:53+00:00\" \/>\n<meta property=\"og:image\" content=\"https:\/\/www.diariodeouropreto.com.br\/wp-content\/uploads\/2025\/10\/Imagem-do-WhatsApp-de-2025-10-27-as-16.03.30_afe7cdc4.jpg\" \/>\n\t<meta property=\"og:image:width\" content=\"640\" \/>\n\t<meta property=\"og:image:height\" content=\"800\" \/>\n\t<meta property=\"og:image:type\" content=\"image\/jpeg\" \/>\n<meta name=\"author\" content=\"Di\u00e1rio de Ouro Preto\" \/>\n<meta name=\"twitter:card\" content=\"summary_large_image\" \/>\n<meta name=\"twitter:label1\" content=\"Escrito por\" \/>\n\t<meta name=\"twitter:data1\" content=\"Di\u00e1rio de Ouro Preto\" \/>\n\t<meta name=\"twitter:label2\" content=\"Tempo estimado de leitura\" \/>\n\t<meta name=\"twitter:data2\" content=\"2 minutos\" \/>\n<script type=\"application\/ld+json\" class=\"yoast-schema-graph\">{\"@context\":\"https:\\\/\\\/schema.org\",\"@graph\":[{\"@type\":\"Article\",\"@id\":\"https:\\\/\\\/www.diariodeouropreto.com.br\\\/lancamento-do-livro-minas-abertas-e-patrimonios-gerais-compoe-a-programacao-do-evento-da-flama-mg\\\/#article\",\"isPartOf\":{\"@id\":\"https:\\\/\\\/www.diariodeouropreto.com.br\\\/lancamento-do-livro-minas-abertas-e-patrimonios-gerais-compoe-a-programacao-do-evento-da-flama-mg\\\/\"},\"author\":{\"name\":\"Di\u00e1rio de Ouro Preto\",\"@id\":\"https:\\\/\\\/www.diariodeouropreto.com.br\\\/pt\\\/#\\\/schema\\\/person\\\/7654e7b471204a6dab6dc0ce6e140c99\"},\"headline\":\"Lan\u00e7amento do livro \u201cMinas Abertas e Patrim\u00f4nios Gerais\u201d comp\u00f5e a programa\u00e7\u00e3o do evento da FLAMa-MG\",\"datePublished\":\"2025-10-27T19:24:48+00:00\",\"dateModified\":\"2025-10-27T19:24:53+00:00\",\"mainEntityOfPage\":{\"@id\":\"https:\\\/\\\/www.diariodeouropreto.com.br\\\/lancamento-do-livro-minas-abertas-e-patrimonios-gerais-compoe-a-programacao-do-evento-da-flama-mg\\\/\"},\"wordCount\":232,\"publisher\":{\"@id\":\"https:\\\/\\\/www.diariodeouropreto.com.br\\\/pt\\\/#organization\"},\"image\":{\"@id\":\"https:\\\/\\\/www.diariodeouropreto.com.br\\\/lancamento-do-livro-minas-abertas-e-patrimonios-gerais-compoe-a-programacao-do-evento-da-flama-mg\\\/#primaryimage\"},\"thumbnailUrl\":\"https:\\\/\\\/www.diariodeouropreto.com.br\\\/wp-content\\\/uploads\\\/2025\\\/10\\\/Imagem-do-WhatsApp-de-2025-10-27-as-16.03.30_afe7cdc4.jpg\",\"keywords\":[\"Lan\u00e7amento\",\"Literatura\",\"Minera\u00e7\u00e3o\"],\"articleSection\":[\"Cultura, Artes e Patrim\u00f4nio\"],\"inLanguage\":\"pt-PT\"},{\"@type\":\"WebPage\",\"@id\":\"https:\\\/\\\/www.diariodeouropreto.com.br\\\/lancamento-do-livro-minas-abertas-e-patrimonios-gerais-compoe-a-programacao-do-evento-da-flama-mg\\\/\",\"url\":\"https:\\\/\\\/www.diariodeouropreto.com.br\\\/lancamento-do-livro-minas-abertas-e-patrimonios-gerais-compoe-a-programacao-do-evento-da-flama-mg\\\/\",\"name\":\"Lan\u00e7amento do livro \u201cMinas Abertas e Patrim\u00f4nios Gerais\u201d comp\u00f5e a programa\u00e7\u00e3o do evento da FLAMa-MG - Di\u00e1rio de Ouro Preto\",\"isPartOf\":{\"@id\":\"https:\\\/\\\/www.diariodeouropreto.com.br\\\/pt\\\/#website\"},\"primaryImageOfPage\":{\"@id\":\"https:\\\/\\\/www.diariodeouropreto.com.br\\\/lancamento-do-livro-minas-abertas-e-patrimonios-gerais-compoe-a-programacao-do-evento-da-flama-mg\\\/#primaryimage\"},\"image\":{\"@id\":\"https:\\\/\\\/www.diariodeouropreto.com.br\\\/lancamento-do-livro-minas-abertas-e-patrimonios-gerais-compoe-a-programacao-do-evento-da-flama-mg\\\/#primaryimage\"},\"thumbnailUrl\":\"https:\\\/\\\/www.diariodeouropreto.com.br\\\/wp-content\\\/uploads\\\/2025\\\/10\\\/Imagem-do-WhatsApp-de-2025-10-27-as-16.03.30_afe7cdc4.jpg\",\"datePublished\":\"2025-10-27T19:24:48+00:00\",\"dateModified\":\"2025-10-27T19:24:53+00:00\",\"description\":\"O livro \u201cMinas Abertas e Patrim\u00f4nios Gerais\u201d, de autoria de Lucas Ramos de Oliveira Santos, ser\u00e1 lan\u00e7ado no dia 13 de novembro, quinta-feira, \u00e0s 19 horas, no Anexo do Museu da Inconfid\u00eancia\",\"breadcrumb\":{\"@id\":\"https:\\\/\\\/www.diariodeouropreto.com.br\\\/lancamento-do-livro-minas-abertas-e-patrimonios-gerais-compoe-a-programacao-do-evento-da-flama-mg\\\/#breadcrumb\"},\"inLanguage\":\"pt-PT\",\"potentialAction\":[{\"@type\":\"ReadAction\",\"target\":[\"https:\\\/\\\/www.diariodeouropreto.com.br\\\/lancamento-do-livro-minas-abertas-e-patrimonios-gerais-compoe-a-programacao-do-evento-da-flama-mg\\\/\"]}]},{\"@type\":\"ImageObject\",\"inLanguage\":\"pt-PT\",\"@id\":\"https:\\\/\\\/www.diariodeouropreto.com.br\\\/lancamento-do-livro-minas-abertas-e-patrimonios-gerais-compoe-a-programacao-do-evento-da-flama-mg\\\/#primaryimage\",\"url\":\"https:\\\/\\\/www.diariodeouropreto.com.br\\\/wp-content\\\/uploads\\\/2025\\\/10\\\/Imagem-do-WhatsApp-de-2025-10-27-as-16.03.30_afe7cdc4.jpg\",\"contentUrl\":\"https:\\\/\\\/www.diariodeouropreto.com.br\\\/wp-content\\\/uploads\\\/2025\\\/10\\\/Imagem-do-WhatsApp-de-2025-10-27-as-16.03.30_afe7cdc4.jpg\",\"width\":640,\"height\":800},{\"@type\":\"BreadcrumbList\",\"@id\":\"https:\\\/\\\/www.diariodeouropreto.com.br\\\/lancamento-do-livro-minas-abertas-e-patrimonios-gerais-compoe-a-programacao-do-evento-da-flama-mg\\\/#breadcrumb\",\"itemListElement\":[{\"@type\":\"ListItem\",\"position\":1,\"name\":\"In\u00edcio\",\"item\":\"https:\\\/\\\/www.diariodeouropreto.com.br\\\/pt\\\/\"},{\"@type\":\"ListItem\",\"position\":2,\"name\":\"Lan\u00e7amento do livro \u201cMinas Abertas e Patrim\u00f4nios Gerais\u201d comp\u00f5e a programa\u00e7\u00e3o do evento da FLAMa-MG\"}]},{\"@type\":\"WebSite\",\"@id\":\"https:\\\/\\\/www.diariodeouropreto.com.br\\\/pt\\\/#website\",\"url\":\"https:\\\/\\\/www.diariodeouropreto.com.br\\\/pt\\\/\",\"name\":\"Di\u00e1rio de Ouro Preto\",\"description\":\"Not\u00edcias Ouro Preto; Mariana;Minas Gerais;Jornal;Jornalismo;Not\u00edcias;\",\"publisher\":{\"@id\":\"https:\\\/\\\/www.diariodeouropreto.com.br\\\/pt\\\/#organization\"},\"alternateName\":\"Jornal di\u00e1rio de Ouro Preto\",\"potentialAction\":[{\"@type\":\"SearchAction\",\"target\":{\"@type\":\"EntryPoint\",\"urlTemplate\":\"https:\\\/\\\/www.diariodeouropreto.com.br\\\/pt\\\/?s={search_term_string}\"},\"query-input\":{\"@type\":\"PropertyValueSpecification\",\"valueRequired\":true,\"valueName\":\"search_term_string\"}}],\"inLanguage\":\"pt-PT\"},{\"@type\":\"Organization\",\"@id\":\"https:\\\/\\\/www.diariodeouropreto.com.br\\\/pt\\\/#organization\",\"name\":\"Di\u00e1rio de Ouro Preto\",\"alternateName\":\"Jornal di\u00e1rio Ouro Preto\",\"url\":\"https:\\\/\\\/www.diariodeouropreto.com.br\\\/pt\\\/\",\"logo\":{\"@type\":\"ImageObject\",\"inLanguage\":\"pt-PT\",\"@id\":\"https:\\\/\\\/www.diariodeouropreto.com.br\\\/pt\\\/#\\\/schema\\\/logo\\\/image\\\/\",\"url\":\"https:\\\/\\\/www.diariodeouropreto.com.br\\\/wp-content\\\/uploads\\\/2019\\\/06\\\/cropped-logotransp-2.png\",\"contentUrl\":\"https:\\\/\\\/www.diariodeouropreto.com.br\\\/wp-content\\\/uploads\\\/2019\\\/06\\\/cropped-logotransp-2.png\",\"width\":1323,\"height\":251,\"caption\":\"Di\u00e1rio de Ouro Preto\"},\"image\":{\"@id\":\"https:\\\/\\\/www.diariodeouropreto.com.br\\\/pt\\\/#\\\/schema\\\/logo\\\/image\\\/\"},\"sameAs\":[\"https:\\\/\\\/www.facebook.com\\\/diariodeouropreto\\\/\"]},{\"@type\":\"Person\",\"@id\":\"https:\\\/\\\/www.diariodeouropreto.com.br\\\/pt\\\/#\\\/schema\\\/person\\\/7654e7b471204a6dab6dc0ce6e140c99\",\"name\":\"Di\u00e1rio de Ouro Preto\",\"sameAs\":[\"http:\\\/\\\/www.diariodeouropreto.com.br\"],\"url\":\"https:\\\/\\\/www.diariodeouropreto.com.br\\\/pt\\\/author\\\/diario\\\/\"}]}<\/script>\n<!-- \/ Yoast SEO plugin. -->","yoast_head_json":{"title":"Lan\u00e7amento do livro \u201cMinas Abertas e Patrim\u00f4nios Gerais\u201d comp\u00f5e a programa\u00e7\u00e3o do evento da FLAMa-MG - Di\u00e1rio de Ouro Preto","description":"O livro \u201cMinas Abertas e Patrim\u00f4nios Gerais\u201d, de autoria de Lucas Ramos de Oliveira Santos, ser\u00e1 lan\u00e7ado no dia 13 de novembro, quinta-feira, \u00e0s 19 horas, no Anexo do Museu da Inconfid\u00eancia","robots":{"index":"index","follow":"follow","max-snippet":"max-snippet:-1","max-image-preview":"max-image-preview:large","max-video-preview":"max-video-preview:-1"},"canonical":"https:\/\/www.diariodeouropreto.com.br\/pt\/lancamento-do-livro-minas-abertas-e-patrimonios-gerais-compoe-a-programacao-do-evento-da-flama-mg\/","og_locale":"pt_PT","og_type":"article","og_title":"Lan\u00e7amento do livro \u201cMinas Abertas e Patrim\u00f4nios Gerais\u201d comp\u00f5e a programa\u00e7\u00e3o do evento da FLAMa-MG - Di\u00e1rio de Ouro Preto","og_description":"O livro \u201cMinas Abertas e Patrim\u00f4nios Gerais\u201d, de autoria de Lucas Ramos de Oliveira Santos, ser\u00e1 lan\u00e7ado no dia 13 de novembro, quinta-feira, \u00e0s 19 horas, no Anexo do Museu da Inconfid\u00eancia","og_url":"https:\/\/www.diariodeouropreto.com.br\/pt\/lancamento-do-livro-minas-abertas-e-patrimonios-gerais-compoe-a-programacao-do-evento-da-flama-mg\/","og_site_name":"Di\u00e1rio de Ouro Preto","article_publisher":"https:\/\/www.facebook.com\/diariodeouropreto\/","article_published_time":"2025-10-27T19:24:48+00:00","article_modified_time":"2025-10-27T19:24:53+00:00","og_image":[{"width":640,"height":800,"url":"https:\/\/www.diariodeouropreto.com.br\/wp-content\/uploads\/2025\/10\/Imagem-do-WhatsApp-de-2025-10-27-as-16.03.30_afe7cdc4.jpg","type":"image\/jpeg"}],"author":"Di\u00e1rio de Ouro Preto","twitter_card":"summary_large_image","twitter_misc":{"Escrito por":"Di\u00e1rio de Ouro Preto","Tempo estimado de leitura":"2 minutos"},"schema":{"@context":"https:\/\/schema.org","@graph":[{"@type":"Article","@id":"https:\/\/www.diariodeouropreto.com.br\/lancamento-do-livro-minas-abertas-e-patrimonios-gerais-compoe-a-programacao-do-evento-da-flama-mg\/#article","isPartOf":{"@id":"https:\/\/www.diariodeouropreto.com.br\/lancamento-do-livro-minas-abertas-e-patrimonios-gerais-compoe-a-programacao-do-evento-da-flama-mg\/"},"author":{"name":"Di\u00e1rio de Ouro Preto","@id":"https:\/\/www.diariodeouropreto.com.br\/pt\/#\/schema\/person\/7654e7b471204a6dab6dc0ce6e140c99"},"headline":"Lan\u00e7amento do livro \u201cMinas Abertas e Patrim\u00f4nios Gerais\u201d comp\u00f5e a programa\u00e7\u00e3o do evento da FLAMa-MG","datePublished":"2025-10-27T19:24:48+00:00","dateModified":"2025-10-27T19:24:53+00:00","mainEntityOfPage":{"@id":"https:\/\/www.diariodeouropreto.com.br\/lancamento-do-livro-minas-abertas-e-patrimonios-gerais-compoe-a-programacao-do-evento-da-flama-mg\/"},"wordCount":232,"publisher":{"@id":"https:\/\/www.diariodeouropreto.com.br\/pt\/#organization"},"image":{"@id":"https:\/\/www.diariodeouropreto.com.br\/lancamento-do-livro-minas-abertas-e-patrimonios-gerais-compoe-a-programacao-do-evento-da-flama-mg\/#primaryimage"},"thumbnailUrl":"https:\/\/www.diariodeouropreto.com.br\/wp-content\/uploads\/2025\/10\/Imagem-do-WhatsApp-de-2025-10-27-as-16.03.30_afe7cdc4.jpg","keywords":["Lan\u00e7amento","Literatura","Minera\u00e7\u00e3o"],"articleSection":["Cultura, Artes e Patrim\u00f4nio"],"inLanguage":"pt-PT"},{"@type":"WebPage","@id":"https:\/\/www.diariodeouropreto.com.br\/lancamento-do-livro-minas-abertas-e-patrimonios-gerais-compoe-a-programacao-do-evento-da-flama-mg\/","url":"https:\/\/www.diariodeouropreto.com.br\/lancamento-do-livro-minas-abertas-e-patrimonios-gerais-compoe-a-programacao-do-evento-da-flama-mg\/","name":"Lan\u00e7amento do livro \u201cMinas Abertas e Patrim\u00f4nios Gerais\u201d comp\u00f5e a programa\u00e7\u00e3o do evento da FLAMa-MG - Di\u00e1rio de Ouro Preto","isPartOf":{"@id":"https:\/\/www.diariodeouropreto.com.br\/pt\/#website"},"primaryImageOfPage":{"@id":"https:\/\/www.diariodeouropreto.com.br\/lancamento-do-livro-minas-abertas-e-patrimonios-gerais-compoe-a-programacao-do-evento-da-flama-mg\/#primaryimage"},"image":{"@id":"https:\/\/www.diariodeouropreto.com.br\/lancamento-do-livro-minas-abertas-e-patrimonios-gerais-compoe-a-programacao-do-evento-da-flama-mg\/#primaryimage"},"thumbnailUrl":"https:\/\/www.diariodeouropreto.com.br\/wp-content\/uploads\/2025\/10\/Imagem-do-WhatsApp-de-2025-10-27-as-16.03.30_afe7cdc4.jpg","datePublished":"2025-10-27T19:24:48+00:00","dateModified":"2025-10-27T19:24:53+00:00","description":"O livro \u201cMinas Abertas e Patrim\u00f4nios Gerais\u201d, de autoria de Lucas Ramos de Oliveira Santos, ser\u00e1 lan\u00e7ado no dia 13 de novembro, quinta-feira, \u00e0s 19 horas, no Anexo do Museu da Inconfid\u00eancia","breadcrumb":{"@id":"https:\/\/www.diariodeouropreto.com.br\/lancamento-do-livro-minas-abertas-e-patrimonios-gerais-compoe-a-programacao-do-evento-da-flama-mg\/#breadcrumb"},"inLanguage":"pt-PT","potentialAction":[{"@type":"ReadAction","target":["https:\/\/www.diariodeouropreto.com.br\/lancamento-do-livro-minas-abertas-e-patrimonios-gerais-compoe-a-programacao-do-evento-da-flama-mg\/"]}]},{"@type":"ImageObject","inLanguage":"pt-PT","@id":"https:\/\/www.diariodeouropreto.com.br\/lancamento-do-livro-minas-abertas-e-patrimonios-gerais-compoe-a-programacao-do-evento-da-flama-mg\/#primaryimage","url":"https:\/\/www.diariodeouropreto.com.br\/wp-content\/uploads\/2025\/10\/Imagem-do-WhatsApp-de-2025-10-27-as-16.03.30_afe7cdc4.jpg","contentUrl":"https:\/\/www.diariodeouropreto.com.br\/wp-content\/uploads\/2025\/10\/Imagem-do-WhatsApp-de-2025-10-27-as-16.03.30_afe7cdc4.jpg","width":640,"height":800},{"@type":"BreadcrumbList","@id":"https:\/\/www.diariodeouropreto.com.br\/lancamento-do-livro-minas-abertas-e-patrimonios-gerais-compoe-a-programacao-do-evento-da-flama-mg\/#breadcrumb","itemListElement":[{"@type":"ListItem","position":1,"name":"In\u00edcio","item":"https:\/\/www.diariodeouropreto.com.br\/pt\/"},{"@type":"ListItem","position":2,"name":"Lan\u00e7amento do livro \u201cMinas Abertas e Patrim\u00f4nios Gerais\u201d comp\u00f5e a programa\u00e7\u00e3o do evento da FLAMa-MG"}]},{"@type":"WebSite","@id":"https:\/\/www.diariodeouropreto.com.br\/pt\/#website","url":"https:\/\/www.diariodeouropreto.com.br\/pt\/","name":"Di\u00e1rio de Ouro Preto","description":"Not\u00edcias Ouro Preto; Mariana;Minas Gerais;Jornal;Jornalismo;Not\u00edcias;","publisher":{"@id":"https:\/\/www.diariodeouropreto.com.br\/pt\/#organization"},"alternateName":"Jornal di\u00e1rio de Ouro Preto","potentialAction":[{"@type":"SearchAction","target":{"@type":"EntryPoint","urlTemplate":"https:\/\/www.diariodeouropreto.com.br\/pt\/?s={search_term_string}"},"query-input":{"@type":"PropertyValueSpecification","valueRequired":true,"valueName":"search_term_string"}}],"inLanguage":"pt-PT"},{"@type":"Organization","@id":"https:\/\/www.diariodeouropreto.com.br\/pt\/#organization","name":"Di\u00e1rio de Ouro Preto","alternateName":"Jornal di\u00e1rio Ouro Preto","url":"https:\/\/www.diariodeouropreto.com.br\/pt\/","logo":{"@type":"ImageObject","inLanguage":"pt-PT","@id":"https:\/\/www.diariodeouropreto.com.br\/pt\/#\/schema\/logo\/image\/","url":"https:\/\/www.diariodeouropreto.com.br\/wp-content\/uploads\/2019\/06\/cropped-logotransp-2.png","contentUrl":"https:\/\/www.diariodeouropreto.com.br\/wp-content\/uploads\/2019\/06\/cropped-logotransp-2.png","width":1323,"height":251,"caption":"Di\u00e1rio de Ouro Preto"},"image":{"@id":"https:\/\/www.diariodeouropreto.com.br\/pt\/#\/schema\/logo\/image\/"},"sameAs":["https:\/\/www.facebook.com\/diariodeouropreto\/"]},{"@type":"Person","@id":"https:\/\/www.diariodeouropreto.com.br\/pt\/#\/schema\/person\/7654e7b471204a6dab6dc0ce6e140c99","name":"Di\u00e1rio de Ouro Preto","sameAs":["http:\/\/www.diariodeouropreto.com.br"],"url":"https:\/\/www.diariodeouropreto.com.br\/pt\/author\/diario\/"}]}},"jetpack_publicize_connections":[],"jetpack_featured_media_url":"https:\/\/www.diariodeouropreto.com.br\/wp-content\/uploads\/2025\/10\/Imagem-do-WhatsApp-de-2025-10-27-as-16.03.30_afe7cdc4.jpg","jetpack-related-posts":[{"id":48557,"url":"https:\/\/www.diariodeouropreto.com.br\/pt\/frente-mineira-de-luta-das-atingidas-e-dos-atingidos-pela-mineracao-flama-mg-realiza-evento-que-marca-os-10-anos-do-rompimento-da-barragem-em-mariana\/","url_meta":{"origin":48445,"position":0},"title":"Frente Mineira de Luta das Atingidas e dos Atingidos pela Minera\u00e7\u00e3o (FLAMa-MG) realiza evento que marca os 10 anos do rompimento da barragem em Mariana","author":"Di\u00e1rio de Ouro Preto","date":"3 de Novembro de 2025","format":false,"excerpt":"Durante os meses de Outubro e Novembro o FLAMa-MG, realiza a s\u00e9tima edi\u00e7\u00e3o do Encontro Regional por um Novo Modelo de Minera\u00e7\u00e3o e a s\u00e9tima Jornada Universit\u00e1ria na Minera\u00e7\u00e3o. A programa\u00e7\u00e3o apresenta diversas atividades de lan\u00e7amento de livros a debates e espet\u00e1culos teatrais e visita\u00e7\u00f5es, em Mariana e em Ouro\u2026","rel":"","context":"In &quot;Cidades&quot;","block_context":{"text":"Cidades","link":"https:\/\/www.diariodeouropreto.com.br\/pt\/Editoria\/cidades\/"},"img":{"alt_text":"","src":"https:\/\/i0.wp.com\/www.diariodeouropreto.com.br\/wp-content\/uploads\/2025\/11\/Imagem-do-WhatsApp-de-2025-11-03-as-16.53.47_dd7cd323.jpg?resize=350%2C200&ssl=1","width":350,"height":200,"srcset":"https:\/\/i0.wp.com\/www.diariodeouropreto.com.br\/wp-content\/uploads\/2025\/11\/Imagem-do-WhatsApp-de-2025-11-03-as-16.53.47_dd7cd323.jpg?resize=350%2C200&ssl=1 1x, https:\/\/i0.wp.com\/www.diariodeouropreto.com.br\/wp-content\/uploads\/2025\/11\/Imagem-do-WhatsApp-de-2025-11-03-as-16.53.47_dd7cd323.jpg?resize=525%2C300&ssl=1 1.5x, https:\/\/i0.wp.com\/www.diariodeouropreto.com.br\/wp-content\/uploads\/2025\/11\/Imagem-do-WhatsApp-de-2025-11-03-as-16.53.47_dd7cd323.jpg?resize=700%2C400&ssl=1 2x, https:\/\/i0.wp.com\/www.diariodeouropreto.com.br\/wp-content\/uploads\/2025\/11\/Imagem-do-WhatsApp-de-2025-11-03-as-16.53.47_dd7cd323.jpg?resize=1050%2C600&ssl=1 3x"},"classes":[]},{"id":23455,"url":"https:\/\/www.diariodeouropreto.com.br\/pt\/livro-entre-minas-e-lancado-na-ufop\/","url_meta":{"origin":48445,"position":1},"title":"Livro &#8220;Entre Minas&#8221; \u00e9 lan\u00e7ado na UFOP","author":"Di\u00e1rio de Ouro Preto","date":"31 de Maio de 2023","format":false,"excerpt":"A Universidade Federal de Ouro Preto (UFOP) vai ser palco do lan\u00e7amento do livro \"Entre Minas\", de autoria do fot\u00f3grafo Wilson da Costa. Nas palavras do autor, a obra \u00e9 \"estruturada como uma narrativa de imagens e textos sobre as in\u00fameras e tr\u00e1gicas rela\u00e7\u00f5es entre o que se designa min\u00e9rio-depend\u00eancia\u2026","rel":"","context":"In &quot;Mariana&quot;","block_context":{"text":"Mariana","link":"https:\/\/www.diariodeouropreto.com.br\/pt\/Editoria\/mariana\/"},"img":{"alt_text":"","src":"https:\/\/i0.wp.com\/www.diariodeouropreto.com.br\/wp-content\/uploads\/2023\/05\/Imagem-do-WhatsApp-de-2023-05-29-as-09.42.44.jpg?resize=350%2C200&ssl=1","width":350,"height":200,"srcset":"https:\/\/i0.wp.com\/www.diariodeouropreto.com.br\/wp-content\/uploads\/2023\/05\/Imagem-do-WhatsApp-de-2023-05-29-as-09.42.44.jpg?resize=350%2C200&ssl=1 1x, https:\/\/i0.wp.com\/www.diariodeouropreto.com.br\/wp-content\/uploads\/2023\/05\/Imagem-do-WhatsApp-de-2023-05-29-as-09.42.44.jpg?resize=525%2C300&ssl=1 1.5x, https:\/\/i0.wp.com\/www.diariodeouropreto.com.br\/wp-content\/uploads\/2023\/05\/Imagem-do-WhatsApp-de-2023-05-29-as-09.42.44.jpg?resize=700%2C400&ssl=1 2x"},"classes":[]},{"id":5742,"url":"https:\/\/www.diariodeouropreto.com.br\/pt\/mesa-redonda-virtual-promove-reflexao-sobre-a-arte-de-minas\/","url_meta":{"origin":48445,"position":2},"title":"Mesa-redonda virtual promove reflex\u00e3o sobre a arte de Minas","author":"Di\u00e1rio de Ouro Preto","date":"5 de Dezembro de 2020","format":false,"excerpt":"Quem gosta de hist\u00f3ria, quem aprecia comida mineira ou boa literatura, pode anotar na agenda: A Assembleia Legislativa de Minas Gerais (ALMG) realiza,\u00a0neste s\u00e1bado (5\/12\/20), a partir das 10 horas, o lan\u00e7amento mais duas publica\u00e7\u00f5es que fazem parte\u00a0da\u00a0programa\u00e7\u00e3o alusiva aos 300 anos\u00a0do Estado. Durante o\u00a0webin\u00e1rio\u00a0Tradi\u00e7\u00e3o e Modernidade: as reinven\u00e7\u00f5es criativas\u2026","rel":"","context":"In &quot;Cultura, Artes e Patrim\u00f4nio&quot;","block_context":{"text":"Cultura, Artes e Patrim\u00f4nio","link":"https:\/\/www.diariodeouropreto.com.br\/pt\/Editoria\/culturaeartes\/"},"img":{"alt_text":"","src":"https:\/\/i0.wp.com\/www.diariodeouropreto.com.br\/wp-content\/uploads\/2020\/12\/imagem-1.jpg?resize=350%2C200&ssl=1","width":350,"height":200},"classes":[]},{"id":51186,"url":"https:\/\/www.diariodeouropreto.com.br\/pt\/semana-santa-de-ouro-preto-e-tema-de-livro-com-lancamento-em-minas\/","url_meta":{"origin":48445,"position":3},"title":"Semana Santa de Ouro Preto \u00e9 tema de livro com lan\u00e7amento em Minas","author":"Di\u00e1rio de Ouro Preto","date":"25 de Mar\u00e7o de 2026","format":false,"excerpt":"O livro\u00a0A paix\u00e3o pela mem\u00f3ria: imagem, ritual e teatro em Ouro Preto, do antrop\u00f3logo Edilson Pereira (UFRJ), ser\u00e1 lan\u00e7ado em Minas Gerais, com eventos em Belo Horizonte e Ouro Preto, nesta e na pr\u00f3xima semana. A obra resulta de uma pesquisa etnogr\u00e1fica de longa dura\u00e7\u00e3o sobre a celebra\u00e7\u00e3o da Semana\u2026","rel":"","context":"In &quot;Cultura, Artes e Patrim\u00f4nio&quot;","block_context":{"text":"Cultura, Artes e Patrim\u00f4nio","link":"https:\/\/www.diariodeouropreto.com.br\/pt\/Editoria\/culturaeartes\/"},"img":{"alt_text":"","src":"https:\/\/i0.wp.com\/www.diariodeouropreto.com.br\/wp-content\/uploads\/2026\/03\/593c7a7f2943258ee417f569f755a5d8.jpg?resize=350%2C200&ssl=1","width":350,"height":200,"srcset":"https:\/\/i0.wp.com\/www.diariodeouropreto.com.br\/wp-content\/uploads\/2026\/03\/593c7a7f2943258ee417f569f755a5d8.jpg?resize=350%2C200&ssl=1 1x, https:\/\/i0.wp.com\/www.diariodeouropreto.com.br\/wp-content\/uploads\/2026\/03\/593c7a7f2943258ee417f569f755a5d8.jpg?resize=525%2C300&ssl=1 1.5x"},"classes":[]},{"id":46514,"url":"https:\/\/www.diariodeouropreto.com.br\/pt\/lancamento-do-livro-e-do-documentario-as-cores-originais-um-estudo-sobre-ouro-preto\/","url_meta":{"origin":48445,"position":4},"title":"Lan\u00e7amento do livro e do document\u00e1rio \u201cAs cores originais &#8211; um estudo sobre Ouro Preto\u201d","author":"Di\u00e1rio de Ouro Preto","date":"27 de Julho de 2025","format":false,"excerpt":"A Ambiental Pesquisas e Projetos (Instituto Avalia\u00e7\u00e3o), a empresa A Pique Arquitetura e Mem\u00f3ria e o Museu Casa dos Contos\/SRA-MG convidam a todos para o evento de lan\u00e7amento do livro e do document\u00e1rio \u201cAs cores originais - um estudo sobre Ouro Preto\u201d, resultados do projeto \u201cAs cores originais - estudo\u2026","rel":"","context":"In &quot;Cultura, Artes e Patrim\u00f4nio&quot;","block_context":{"text":"Cultura, Artes e Patrim\u00f4nio","link":"https:\/\/www.diariodeouropreto.com.br\/pt\/Editoria\/culturaeartes\/"},"img":{"alt_text":"","src":"https:\/\/i0.wp.com\/www.diariodeouropreto.com.br\/wp-content\/uploads\/2025\/07\/IMG-20250727-WA0006-1.jpg?resize=350%2C200&ssl=1","width":350,"height":200,"srcset":"https:\/\/i0.wp.com\/www.diariodeouropreto.com.br\/wp-content\/uploads\/2025\/07\/IMG-20250727-WA0006-1.jpg?resize=350%2C200&ssl=1 1x, https:\/\/i0.wp.com\/www.diariodeouropreto.com.br\/wp-content\/uploads\/2025\/07\/IMG-20250727-WA0006-1.jpg?resize=525%2C300&ssl=1 1.5x, https:\/\/i0.wp.com\/www.diariodeouropreto.com.br\/wp-content\/uploads\/2025\/07\/IMG-20250727-WA0006-1.jpg?resize=700%2C400&ssl=1 2x, https:\/\/i0.wp.com\/www.diariodeouropreto.com.br\/wp-content\/uploads\/2025\/07\/IMG-20250727-WA0006-1.jpg?resize=1050%2C600&ssl=1 3x"},"classes":[]},{"id":48532,"url":"https:\/\/www.diariodeouropreto.com.br\/pt\/2a-etapa-do-xx-forum-das-letras-da-ufop-veja-a-programacao\/","url_meta":{"origin":48445,"position":5},"title":"2\u00aa etapa do XX F\u00f3rum das Letras da UFOP, veja a programa\u00e7\u00e3o:","author":"Di\u00e1rio de Ouro Preto","date":"1 de Novembro de 2025","format":false,"excerpt":"A XX edi\u00e7\u00e3o do F\u00f3rum das Letras da Universidade Federal de Ouro Preto (UFOP), que celebra o tema \u201cTradu\u00e7\u00e3o e Imagin\u00e1rios\u201d, anuncia a programa\u00e7\u00e3o de sua segunda etapa, que ocorrer\u00e1 entre os dias 03 e 08 de novembro de 2025. Os grandes destaques desta segunda fase s\u00e3o a participa\u00e7\u00e3o do\u2026","rel":"","context":"In &quot;Cultura, Artes e Patrim\u00f4nio&quot;","block_context":{"text":"Cultura, Artes e Patrim\u00f4nio","link":"https:\/\/www.diariodeouropreto.com.br\/pt\/Editoria\/culturaeartes\/"},"img":{"alt_text":"","src":"https:\/\/i0.wp.com\/www.diariodeouropreto.com.br\/wp-content\/uploads\/2025\/09\/image-1.png?resize=350%2C200&ssl=1","width":350,"height":200},"classes":[]}],"jetpack_sharing_enabled":true,"amp_enabled":true,"_links":{"self":[{"href":"https:\/\/www.diariodeouropreto.com.br\/pt\/wp-json\/wp\/v2\/posts\/48445","targetHints":{"allow":["GET"]}}],"collection":[{"href":"https:\/\/www.diariodeouropreto.com.br\/pt\/wp-json\/wp\/v2\/posts"}],"about":[{"href":"https:\/\/www.diariodeouropreto.com.br\/pt\/wp-json\/wp\/v2\/types\/post"}],"author":[{"embeddable":true,"href":"https:\/\/www.diariodeouropreto.com.br\/pt\/wp-json\/wp\/v2\/users\/1"}],"replies":[{"embeddable":true,"href":"https:\/\/www.diariodeouropreto.com.br\/pt\/wp-json\/wp\/v2\/comments?post=48445"}],"version-history":[{"count":1,"href":"https:\/\/www.diariodeouropreto.com.br\/pt\/wp-json\/wp\/v2\/posts\/48445\/revisions"}],"predecessor-version":[{"id":48447,"href":"https:\/\/www.diariodeouropreto.com.br\/pt\/wp-json\/wp\/v2\/posts\/48445\/revisions\/48447"}],"wp:featuredmedia":[{"embeddable":true,"href":"https:\/\/www.diariodeouropreto.com.br\/pt\/wp-json\/wp\/v2\/media\/48446"}],"wp:attachment":[{"href":"https:\/\/www.diariodeouropreto.com.br\/pt\/wp-json\/wp\/v2\/media?parent=48445"}],"wp:term":[{"taxonomy":"category","embeddable":true,"href":"https:\/\/www.diariodeouropreto.com.br\/pt\/wp-json\/wp\/v2\/categories?post=48445"},{"taxonomy":"post_tag","embeddable":true,"href":"https:\/\/www.diariodeouropreto.com.br\/pt\/wp-json\/wp\/v2\/tags?post=48445"}],"curies":[{"name":"wp","href":"https:\/\/api.w.org\/{rel}","templated":true}]}}