{"id":48073,"date":"2025-10-10T20:09:47","date_gmt":"2025-10-10T23:09:47","guid":{"rendered":"https:\/\/www.diariodeouropreto.com.br\/?p=48073"},"modified":"2025-10-10T20:09:55","modified_gmt":"2025-10-10T23:09:55","slug":"pcmg-recupera-joias-e-prende-suspeitos-em-ouro-preto-e-joao-monlevade","status":"publish","type":"post","link":"https:\/\/www.diariodeouropreto.com.br\/pt\/pcmg-recupera-joias-e-prende-suspeitos-em-ouro-preto-e-joao-monlevade\/","title":{"rendered":"PCMG recupera joias e prende suspeitos em Ouro Preto e Jo\u00e3o Monlevade"},"content":{"rendered":"<p>As joias roubadas de um estabelecimento comercial em Ouro Preto, em julho deste ano, foram encontradas pela Pol\u00edcia Civil de Minas Gerais (PCMG) durante opera\u00e7\u00e3o realizada nessa quinta-feira (9\/10). A a\u00e7\u00e3o simult\u00e2nea nas cidades de Ouro Preto, na Regi\u00e3o Central do estado, e Jo\u00e3o Monlevade, no Vale do Rio Doce, tamb\u00e9m resultou na pris\u00e3o de tr\u00eas suspeitos envolvidos no crime.<\/p>\n\n\n\n<p>As investiga\u00e7\u00f5es come\u00e7aram no dia seguinte ao roubo, registrado em 17 de julho, quando dois homens armados invadiram a joalheria e levaram joias e pedras preciosas.<\/p>\n\n\n\n<p>Ap\u00f3s o crime, os investigados fugiram em uma motocicleta em dire\u00e7\u00e3o a Mariana. Com base na an\u00e1lise de c\u00e2meras de seguran\u00e7a e em cruzamentos de informa\u00e7\u00f5es de intelig\u00eancia, a PCMG conseguiu identificar os suspeitos e solicitou mandados judiciais de pris\u00e3o e de busca e apreens\u00e3o.<\/p>\n\n\n\n<p><strong>Buscas<\/strong><\/p>\n\n\n\n<p>Durante os levantamentos de ontem (9\/10), os policiais localizaram parte das joias roubadas em uma resid\u00eancia no bairro Nova Monlevade, em Jo\u00e3o Monlevade. O material foi reconhecido pela v\u00edtima e ser\u00e1 devolvido.<\/p>\n\n\n\n<p>Tamb\u00e9m foram apreendidos dois celulares, muni\u00e7\u00f5es e um autom\u00f3vel utilizado no assalto. Um dos alvos foi preso em flagrante tamb\u00e9m por posse ilegal de muni\u00e7\u00f5es.<\/p>\n\n\n\n<p>Segundo o delegado Maur\u00edcio Ant\u00f4nio Campos Lauria J\u00fanior, respons\u00e1vel pelo inqu\u00e9rito, o trabalho integrado entre unidades da Pol\u00edcia Civil permitiu a identifica\u00e7\u00e3o dos suspeitos e a recupera\u00e7\u00e3o dos bens em tempo h\u00e1bil. \u201cAs pris\u00f5es ocorreram com o apoio de equipes das delegacias de Mariana, Itabirito e Jo\u00e3o Monlevade\u201d, detalhou.<\/p>\n\n\n\n<div id=\"110712\" class=\"advads-saneouro advads-entity-placement\" style=\"margin-left: auto;margin-right: auto;text-align: center;\"><a href=\"https:\/\/www.saneouro.com.br\/\" target=\"_blank\" aria-label=\"DOP_Site\" data-wpel-link=\"external\" rel=\"follow external noopener noreferrer sponsored ugc\"><img src=\"https:\/\/www.diariodeouropreto.com.br\/wp-content\/uploads\/2026\/04\/DOP_Site.jpg\" alt=\"\"  srcset=\"https:\/\/www.diariodeouropreto.com.br\/wp-content\/uploads\/2026\/04\/DOP_Site.jpg 301w, https:\/\/www.diariodeouropreto.com.br\/wp-content\/uploads\/2026\/04\/DOP_Site-180x150.jpg 180w, https:\/\/www.diariodeouropreto.com.br\/wp-content\/uploads\/2026\/04\/DOP_Site-14x12.jpg 14w\" sizes=\"(max-width: 301px) 100vw, 301px\" width=\"301\" height=\"251\"  style=\"display: inline-block;\" \/><\/a><\/div><p>Os suspeitos foram encaminhados ao sistema prisional e permanecem \u00e0 disposi\u00e7\u00e3o da Justi\u00e7a. As investiga\u00e7\u00f5es continuam para apurar o envolvimento de outros participantes e localizar as joias ainda n\u00e3o recuperadas.<\/p>\n\n\n\n<div id=\"50321\" class=\"advads-plantao advads-entity-placement\"><a href=\"https:\/\/www.diariodeouropreto.com.br\/pt\/\" target=\"_blank\" aria-label=\"site &#8211; noticia\" data-wpel-link=\"external\" rel=\"follow external noopener noreferrer sponsored ugc\"><img src=\"https:\/\/www.diariodeouropreto.com.br\/wp-content\/uploads\/2019\/09\/titulosite2-e1616373489755.jpg\" alt=\"\"  srcset=\"https:\/\/www.diariodeouropreto.com.br\/wp-content\/uploads\/2019\/09\/titulosite2-e1616373489755.jpg 1200w, https:\/\/www.diariodeouropreto.com.br\/wp-content\/uploads\/2019\/09\/titulosite2-e1616373489755-150x38.jpg 150w, https:\/\/www.diariodeouropreto.com.br\/wp-content\/uploads\/2019\/09\/titulosite2-e1616373489755-660x167.jpg 660w, https:\/\/www.diariodeouropreto.com.br\/wp-content\/uploads\/2019\/09\/titulosite2-e1616373489755-768x194.jpg 768w, https:\/\/www.diariodeouropreto.com.br\/wp-content\/uploads\/2019\/09\/titulosite2-e1616373489755-1000x252.jpg 1000w, https:\/\/www.diariodeouropreto.com.br\/wp-content\/uploads\/2019\/09\/titulosite2-e1616373489755-1536x388.jpg 1536w, https:\/\/www.diariodeouropreto.com.br\/wp-content\/uploads\/2019\/09\/titulosite2-e1616373489755-2048x517.jpg 2048w\" sizes=\"(max-width: 1200px) 100vw, 1200px\" width=\"1200\" height=\"303\"  style=\"display: inline-block;\" \/><\/a><\/div><p>Fonte: Assessoria PCMG<\/p>","protected":false},"excerpt":{"rendered":"<p>As joias roubadas de um estabelecimento comercial em Ouro Preto, em julho deste ano, foram encontradas pela Pol\u00edcia Civil de Minas Gerais (PCMG) durante opera\u00e7\u00e3o realizada nessa quinta-feira (9\/10). A a\u00e7\u00e3o simult\u00e2nea nas cidades de Ouro Preto, na Regi\u00e3o Central do estado, e Jo\u00e3o Monlevade, no Vale do Rio Doce,<span class=\"more-link\"><a href=\"https:\/\/www.diariodeouropreto.com.br\/pt\/pcmg-recupera-joias-e-prende-suspeitos-em-ouro-preto-e-joao-monlevade\/\" data-wpel-link=\"internal\">Continue Lendo<\/a><\/span><\/p>","protected":false},"author":1,"featured_media":48075,"comment_status":"closed","ping_status":"closed","sticky":false,"template":"","format":"standard","meta":{"_jetpack_memberships_contains_paid_content":false,"footnotes":"","jetpack_publicize_message":"As joias roubadas de um estabelecimento comercial em Ouro Preto, em julho deste ano, foram encontradas pela Pol\u00edcia Civil de Minas Gerais (PCMG) durante opera\u00e7\u00e3o realizada nessa quinta-feira (9\/10)","jetpack_publicize_feature_enabled":true,"jetpack_social_post_already_shared":false,"jetpack_social_options":{"image_generator_settings":{"template":"highway","default_image_id":0,"font":"","enabled":false},"version":2}},"categories":[67],"tags":[],"class_list":["entry","author-diario","post-48073","post","type-post","status-publish","format-standard","has-post-thumbnail","category-policial"],"yoast_head":"<!-- This site is optimized with the Yoast SEO plugin v27.5 - https:\/\/yoast.com\/product\/yoast-seo-wordpress\/ -->\n<title>PCMG recupera joias e prende suspeitos em Ouro Preto e Jo\u00e3o Monlevade - Di\u00e1rio de Ouro Preto<\/title>\n<meta name=\"description\" content=\"- PCMG recupera joias e prende suspeitos em Ouro Preto e Jo\u00e3o Monlevade - Policial\" \/>\n<meta name=\"robots\" content=\"index, follow, max-snippet:-1, max-image-preview:large, max-video-preview:-1\" \/>\n<link rel=\"canonical\" href=\"https:\/\/www.diariodeouropreto.com.br\/pt\/pcmg-recupera-joias-e-prende-suspeitos-em-ouro-preto-e-joao-monlevade\/\" \/>\n<meta property=\"og:locale\" content=\"pt_PT\" \/>\n<meta property=\"og:type\" content=\"article\" \/>\n<meta property=\"og:title\" content=\"PCMG recupera joias e prende suspeitos em Ouro Preto e Jo\u00e3o Monlevade - Di\u00e1rio de Ouro Preto\" \/>\n<meta property=\"og:description\" content=\"- PCMG recupera joias e prende suspeitos em Ouro Preto e Jo\u00e3o Monlevade - Policial\" \/>\n<meta property=\"og:url\" content=\"https:\/\/www.diariodeouropreto.com.br\/pt\/pcmg-recupera-joias-e-prende-suspeitos-em-ouro-preto-e-joao-monlevade\/\" \/>\n<meta property=\"og:site_name\" content=\"Di\u00e1rio de Ouro Preto\" \/>\n<meta property=\"article:publisher\" content=\"https:\/\/www.facebook.com\/diariodeouropreto\/\" \/>\n<meta property=\"article:published_time\" content=\"2025-10-10T23:09:47+00:00\" \/>\n<meta property=\"article:modified_time\" content=\"2025-10-10T23:09:55+00:00\" \/>\n<meta property=\"og:image\" content=\"https:\/\/www.diariodeouropreto.com.br\/wp-content\/uploads\/2025\/10\/1-2.jpg\" \/>\n\t<meta property=\"og:image:width\" content=\"800\" \/>\n\t<meta property=\"og:image:height\" content=\"630\" \/>\n\t<meta property=\"og:image:type\" content=\"image\/jpeg\" \/>\n<meta name=\"author\" content=\"Di\u00e1rio de Ouro Preto\" \/>\n<meta name=\"twitter:card\" content=\"summary_large_image\" \/>\n<meta name=\"twitter:label1\" content=\"Escrito por\" \/>\n\t<meta name=\"twitter:data1\" content=\"Di\u00e1rio de Ouro Preto\" \/>\n\t<meta name=\"twitter:label2\" content=\"Tempo estimado de leitura\" \/>\n\t<meta name=\"twitter:data2\" content=\"2 minutos\" \/>\n<script type=\"application\/ld+json\" class=\"yoast-schema-graph\">{\"@context\":\"https:\\\/\\\/schema.org\",\"@graph\":[{\"@type\":\"Article\",\"@id\":\"https:\\\/\\\/www.diariodeouropreto.com.br\\\/pcmg-recupera-joias-e-prende-suspeitos-em-ouro-preto-e-joao-monlevade\\\/#article\",\"isPartOf\":{\"@id\":\"https:\\\/\\\/www.diariodeouropreto.com.br\\\/pcmg-recupera-joias-e-prende-suspeitos-em-ouro-preto-e-joao-monlevade\\\/\"},\"author\":{\"name\":\"Di\u00e1rio de Ouro Preto\",\"@id\":\"https:\\\/\\\/www.diariodeouropreto.com.br\\\/pt\\\/#\\\/schema\\\/person\\\/7654e7b471204a6dab6dc0ce6e140c99\"},\"headline\":\"PCMG recupera joias e prende suspeitos em Ouro Preto e Jo\u00e3o Monlevade\",\"datePublished\":\"2025-10-10T23:09:47+00:00\",\"dateModified\":\"2025-10-10T23:09:55+00:00\",\"mainEntityOfPage\":{\"@id\":\"https:\\\/\\\/www.diariodeouropreto.com.br\\\/pcmg-recupera-joias-e-prende-suspeitos-em-ouro-preto-e-joao-monlevade\\\/\"},\"wordCount\":323,\"publisher\":{\"@id\":\"https:\\\/\\\/www.diariodeouropreto.com.br\\\/pt\\\/#organization\"},\"image\":{\"@id\":\"https:\\\/\\\/www.diariodeouropreto.com.br\\\/pcmg-recupera-joias-e-prende-suspeitos-em-ouro-preto-e-joao-monlevade\\\/#primaryimage\"},\"thumbnailUrl\":\"https:\\\/\\\/www.diariodeouropreto.com.br\\\/wp-content\\\/uploads\\\/2025\\\/10\\\/1-2.jpg\",\"articleSection\":[\"Policial\"],\"inLanguage\":\"pt-PT\"},{\"@type\":\"WebPage\",\"@id\":\"https:\\\/\\\/www.diariodeouropreto.com.br\\\/pcmg-recupera-joias-e-prende-suspeitos-em-ouro-preto-e-joao-monlevade\\\/\",\"url\":\"https:\\\/\\\/www.diariodeouropreto.com.br\\\/pcmg-recupera-joias-e-prende-suspeitos-em-ouro-preto-e-joao-monlevade\\\/\",\"name\":\"PCMG recupera joias e prende suspeitos em Ouro Preto e Jo\u00e3o Monlevade - Di\u00e1rio de Ouro Preto\",\"isPartOf\":{\"@id\":\"https:\\\/\\\/www.diariodeouropreto.com.br\\\/pt\\\/#website\"},\"primaryImageOfPage\":{\"@id\":\"https:\\\/\\\/www.diariodeouropreto.com.br\\\/pcmg-recupera-joias-e-prende-suspeitos-em-ouro-preto-e-joao-monlevade\\\/#primaryimage\"},\"image\":{\"@id\":\"https:\\\/\\\/www.diariodeouropreto.com.br\\\/pcmg-recupera-joias-e-prende-suspeitos-em-ouro-preto-e-joao-monlevade\\\/#primaryimage\"},\"thumbnailUrl\":\"https:\\\/\\\/www.diariodeouropreto.com.br\\\/wp-content\\\/uploads\\\/2025\\\/10\\\/1-2.jpg\",\"datePublished\":\"2025-10-10T23:09:47+00:00\",\"dateModified\":\"2025-10-10T23:09:55+00:00\",\"description\":\"- PCMG recupera joias e prende suspeitos em Ouro Preto e Jo\u00e3o Monlevade - Policial\",\"breadcrumb\":{\"@id\":\"https:\\\/\\\/www.diariodeouropreto.com.br\\\/pcmg-recupera-joias-e-prende-suspeitos-em-ouro-preto-e-joao-monlevade\\\/#breadcrumb\"},\"inLanguage\":\"pt-PT\",\"potentialAction\":[{\"@type\":\"ReadAction\",\"target\":[\"https:\\\/\\\/www.diariodeouropreto.com.br\\\/pcmg-recupera-joias-e-prende-suspeitos-em-ouro-preto-e-joao-monlevade\\\/\"]}]},{\"@type\":\"ImageObject\",\"inLanguage\":\"pt-PT\",\"@id\":\"https:\\\/\\\/www.diariodeouropreto.com.br\\\/pcmg-recupera-joias-e-prende-suspeitos-em-ouro-preto-e-joao-monlevade\\\/#primaryimage\",\"url\":\"https:\\\/\\\/www.diariodeouropreto.com.br\\\/wp-content\\\/uploads\\\/2025\\\/10\\\/1-2.jpg\",\"contentUrl\":\"https:\\\/\\\/www.diariodeouropreto.com.br\\\/wp-content\\\/uploads\\\/2025\\\/10\\\/1-2.jpg\",\"width\":800,\"height\":630},{\"@type\":\"BreadcrumbList\",\"@id\":\"https:\\\/\\\/www.diariodeouropreto.com.br\\\/pcmg-recupera-joias-e-prende-suspeitos-em-ouro-preto-e-joao-monlevade\\\/#breadcrumb\",\"itemListElement\":[{\"@type\":\"ListItem\",\"position\":1,\"name\":\"In\u00edcio\",\"item\":\"https:\\\/\\\/www.diariodeouropreto.com.br\\\/pt\\\/\"},{\"@type\":\"ListItem\",\"position\":2,\"name\":\"PCMG recupera joias e prende suspeitos em Ouro Preto e Jo\u00e3o Monlevade\"}]},{\"@type\":\"WebSite\",\"@id\":\"https:\\\/\\\/www.diariodeouropreto.com.br\\\/pt\\\/#website\",\"url\":\"https:\\\/\\\/www.diariodeouropreto.com.br\\\/pt\\\/\",\"name\":\"Di\u00e1rio de Ouro Preto\",\"description\":\"Not\u00edcias Ouro Preto; Mariana;Minas Gerais;Jornal;Jornalismo;Not\u00edcias;\",\"publisher\":{\"@id\":\"https:\\\/\\\/www.diariodeouropreto.com.br\\\/pt\\\/#organization\"},\"alternateName\":\"Jornal di\u00e1rio de Ouro Preto\",\"potentialAction\":[{\"@type\":\"SearchAction\",\"target\":{\"@type\":\"EntryPoint\",\"urlTemplate\":\"https:\\\/\\\/www.diariodeouropreto.com.br\\\/pt\\\/?s={search_term_string}\"},\"query-input\":{\"@type\":\"PropertyValueSpecification\",\"valueRequired\":true,\"valueName\":\"search_term_string\"}}],\"inLanguage\":\"pt-PT\"},{\"@type\":\"Organization\",\"@id\":\"https:\\\/\\\/www.diariodeouropreto.com.br\\\/pt\\\/#organization\",\"name\":\"Di\u00e1rio de Ouro Preto\",\"alternateName\":\"Jornal di\u00e1rio Ouro Preto\",\"url\":\"https:\\\/\\\/www.diariodeouropreto.com.br\\\/pt\\\/\",\"logo\":{\"@type\":\"ImageObject\",\"inLanguage\":\"pt-PT\",\"@id\":\"https:\\\/\\\/www.diariodeouropreto.com.br\\\/pt\\\/#\\\/schema\\\/logo\\\/image\\\/\",\"url\":\"https:\\\/\\\/www.diariodeouropreto.com.br\\\/wp-content\\\/uploads\\\/2019\\\/06\\\/cropped-logotransp-2.png\",\"contentUrl\":\"https:\\\/\\\/www.diariodeouropreto.com.br\\\/wp-content\\\/uploads\\\/2019\\\/06\\\/cropped-logotransp-2.png\",\"width\":1323,\"height\":251,\"caption\":\"Di\u00e1rio de Ouro Preto\"},\"image\":{\"@id\":\"https:\\\/\\\/www.diariodeouropreto.com.br\\\/pt\\\/#\\\/schema\\\/logo\\\/image\\\/\"},\"sameAs\":[\"https:\\\/\\\/www.facebook.com\\\/diariodeouropreto\\\/\"]},{\"@type\":\"Person\",\"@id\":\"https:\\\/\\\/www.diariodeouropreto.com.br\\\/pt\\\/#\\\/schema\\\/person\\\/7654e7b471204a6dab6dc0ce6e140c99\",\"name\":\"Di\u00e1rio de Ouro Preto\",\"sameAs\":[\"http:\\\/\\\/www.diariodeouropreto.com.br\"],\"url\":\"https:\\\/\\\/www.diariodeouropreto.com.br\\\/pt\\\/author\\\/diario\\\/\"}]}<\/script>\n<!-- \/ Yoast SEO plugin. -->","yoast_head_json":{"title":"PCMG recupera joias e prende suspeitos em Ouro Preto e Jo\u00e3o Monlevade - Di\u00e1rio de Ouro Preto","description":"- PCMG recupera joias e prende suspeitos em Ouro Preto e Jo\u00e3o Monlevade - Policial","robots":{"index":"index","follow":"follow","max-snippet":"max-snippet:-1","max-image-preview":"max-image-preview:large","max-video-preview":"max-video-preview:-1"},"canonical":"https:\/\/www.diariodeouropreto.com.br\/pt\/pcmg-recupera-joias-e-prende-suspeitos-em-ouro-preto-e-joao-monlevade\/","og_locale":"pt_PT","og_type":"article","og_title":"PCMG recupera joias e prende suspeitos em Ouro Preto e Jo\u00e3o Monlevade - Di\u00e1rio de Ouro Preto","og_description":"- PCMG recupera joias e prende suspeitos em Ouro Preto e Jo\u00e3o Monlevade - Policial","og_url":"https:\/\/www.diariodeouropreto.com.br\/pt\/pcmg-recupera-joias-e-prende-suspeitos-em-ouro-preto-e-joao-monlevade\/","og_site_name":"Di\u00e1rio de Ouro Preto","article_publisher":"https:\/\/www.facebook.com\/diariodeouropreto\/","article_published_time":"2025-10-10T23:09:47+00:00","article_modified_time":"2025-10-10T23:09:55+00:00","og_image":[{"width":800,"height":630,"url":"https:\/\/www.diariodeouropreto.com.br\/wp-content\/uploads\/2025\/10\/1-2.jpg","type":"image\/jpeg"}],"author":"Di\u00e1rio de Ouro Preto","twitter_card":"summary_large_image","twitter_misc":{"Escrito por":"Di\u00e1rio de Ouro Preto","Tempo estimado de leitura":"2 minutos"},"schema":{"@context":"https:\/\/schema.org","@graph":[{"@type":"Article","@id":"https:\/\/www.diariodeouropreto.com.br\/pcmg-recupera-joias-e-prende-suspeitos-em-ouro-preto-e-joao-monlevade\/#article","isPartOf":{"@id":"https:\/\/www.diariodeouropreto.com.br\/pcmg-recupera-joias-e-prende-suspeitos-em-ouro-preto-e-joao-monlevade\/"},"author":{"name":"Di\u00e1rio de Ouro Preto","@id":"https:\/\/www.diariodeouropreto.com.br\/pt\/#\/schema\/person\/7654e7b471204a6dab6dc0ce6e140c99"},"headline":"PCMG recupera joias e prende suspeitos em Ouro Preto e Jo\u00e3o Monlevade","datePublished":"2025-10-10T23:09:47+00:00","dateModified":"2025-10-10T23:09:55+00:00","mainEntityOfPage":{"@id":"https:\/\/www.diariodeouropreto.com.br\/pcmg-recupera-joias-e-prende-suspeitos-em-ouro-preto-e-joao-monlevade\/"},"wordCount":323,"publisher":{"@id":"https:\/\/www.diariodeouropreto.com.br\/pt\/#organization"},"image":{"@id":"https:\/\/www.diariodeouropreto.com.br\/pcmg-recupera-joias-e-prende-suspeitos-em-ouro-preto-e-joao-monlevade\/#primaryimage"},"thumbnailUrl":"https:\/\/www.diariodeouropreto.com.br\/wp-content\/uploads\/2025\/10\/1-2.jpg","articleSection":["Policial"],"inLanguage":"pt-PT"},{"@type":"WebPage","@id":"https:\/\/www.diariodeouropreto.com.br\/pcmg-recupera-joias-e-prende-suspeitos-em-ouro-preto-e-joao-monlevade\/","url":"https:\/\/www.diariodeouropreto.com.br\/pcmg-recupera-joias-e-prende-suspeitos-em-ouro-preto-e-joao-monlevade\/","name":"PCMG recupera joias e prende suspeitos em Ouro Preto e Jo\u00e3o Monlevade - Di\u00e1rio de Ouro Preto","isPartOf":{"@id":"https:\/\/www.diariodeouropreto.com.br\/pt\/#website"},"primaryImageOfPage":{"@id":"https:\/\/www.diariodeouropreto.com.br\/pcmg-recupera-joias-e-prende-suspeitos-em-ouro-preto-e-joao-monlevade\/#primaryimage"},"image":{"@id":"https:\/\/www.diariodeouropreto.com.br\/pcmg-recupera-joias-e-prende-suspeitos-em-ouro-preto-e-joao-monlevade\/#primaryimage"},"thumbnailUrl":"https:\/\/www.diariodeouropreto.com.br\/wp-content\/uploads\/2025\/10\/1-2.jpg","datePublished":"2025-10-10T23:09:47+00:00","dateModified":"2025-10-10T23:09:55+00:00","description":"- PCMG recupera joias e prende suspeitos em Ouro Preto e Jo\u00e3o Monlevade - Policial","breadcrumb":{"@id":"https:\/\/www.diariodeouropreto.com.br\/pcmg-recupera-joias-e-prende-suspeitos-em-ouro-preto-e-joao-monlevade\/#breadcrumb"},"inLanguage":"pt-PT","potentialAction":[{"@type":"ReadAction","target":["https:\/\/www.diariodeouropreto.com.br\/pcmg-recupera-joias-e-prende-suspeitos-em-ouro-preto-e-joao-monlevade\/"]}]},{"@type":"ImageObject","inLanguage":"pt-PT","@id":"https:\/\/www.diariodeouropreto.com.br\/pcmg-recupera-joias-e-prende-suspeitos-em-ouro-preto-e-joao-monlevade\/#primaryimage","url":"https:\/\/www.diariodeouropreto.com.br\/wp-content\/uploads\/2025\/10\/1-2.jpg","contentUrl":"https:\/\/www.diariodeouropreto.com.br\/wp-content\/uploads\/2025\/10\/1-2.jpg","width":800,"height":630},{"@type":"BreadcrumbList","@id":"https:\/\/www.diariodeouropreto.com.br\/pcmg-recupera-joias-e-prende-suspeitos-em-ouro-preto-e-joao-monlevade\/#breadcrumb","itemListElement":[{"@type":"ListItem","position":1,"name":"In\u00edcio","item":"https:\/\/www.diariodeouropreto.com.br\/pt\/"},{"@type":"ListItem","position":2,"name":"PCMG recupera joias e prende suspeitos em Ouro Preto e Jo\u00e3o Monlevade"}]},{"@type":"WebSite","@id":"https:\/\/www.diariodeouropreto.com.br\/pt\/#website","url":"https:\/\/www.diariodeouropreto.com.br\/pt\/","name":"Di\u00e1rio de Ouro Preto","description":"Not\u00edcias Ouro Preto; Mariana;Minas Gerais;Jornal;Jornalismo;Not\u00edcias;","publisher":{"@id":"https:\/\/www.diariodeouropreto.com.br\/pt\/#organization"},"alternateName":"Jornal di\u00e1rio de Ouro Preto","potentialAction":[{"@type":"SearchAction","target":{"@type":"EntryPoint","urlTemplate":"https:\/\/www.diariodeouropreto.com.br\/pt\/?s={search_term_string}"},"query-input":{"@type":"PropertyValueSpecification","valueRequired":true,"valueName":"search_term_string"}}],"inLanguage":"pt-PT"},{"@type":"Organization","@id":"https:\/\/www.diariodeouropreto.com.br\/pt\/#organization","name":"Di\u00e1rio de Ouro Preto","alternateName":"Jornal di\u00e1rio Ouro Preto","url":"https:\/\/www.diariodeouropreto.com.br\/pt\/","logo":{"@type":"ImageObject","inLanguage":"pt-PT","@id":"https:\/\/www.diariodeouropreto.com.br\/pt\/#\/schema\/logo\/image\/","url":"https:\/\/www.diariodeouropreto.com.br\/wp-content\/uploads\/2019\/06\/cropped-logotransp-2.png","contentUrl":"https:\/\/www.diariodeouropreto.com.br\/wp-content\/uploads\/2019\/06\/cropped-logotransp-2.png","width":1323,"height":251,"caption":"Di\u00e1rio de Ouro Preto"},"image":{"@id":"https:\/\/www.diariodeouropreto.com.br\/pt\/#\/schema\/logo\/image\/"},"sameAs":["https:\/\/www.facebook.com\/diariodeouropreto\/"]},{"@type":"Person","@id":"https:\/\/www.diariodeouropreto.com.br\/pt\/#\/schema\/person\/7654e7b471204a6dab6dc0ce6e140c99","name":"Di\u00e1rio de Ouro Preto","sameAs":["http:\/\/www.diariodeouropreto.com.br"],"url":"https:\/\/www.diariodeouropreto.com.br\/pt\/author\/diario\/"}]}},"jetpack_publicize_connections":[],"jetpack_featured_media_url":"https:\/\/www.diariodeouropreto.com.br\/wp-content\/uploads\/2025\/10\/1-2.jpg","jetpack-related-posts":[{"id":37610,"url":"https:\/\/www.diariodeouropreto.com.br\/pt\/policia-civil-recupera-materiais-roubados-de-mineradora-em-ouro-preto\/","url_meta":{"origin":48073,"position":0},"title":"Pol\u00edcia Civil recupera materiais roubados de mineradora em Ouro Preto","author":"Di\u00e1rio de Ouro Preto","date":"3 de Setembro de 2024","format":false,"excerpt":"Nesta sexta-feira (30\/08), a Pol\u00edcia Civil de Minas Gerais (PCMG) apreendeu, em Ouro Preto, Regi\u00e3o Metropolitana de Belo Horizonte, grande quantidade de materiais roubados de uma mineradora. Devido a quantidade de materiais recuperados, foi necess\u00e1rio o uso de um caminh\u00e3o da empresa para auxiliar na remo\u00e7\u00e3o. A recupera\u00e7\u00e3o dos bens\u2026","rel":"","context":"In &quot;Ouro Preto&quot;","block_context":{"text":"Ouro Preto","link":"https:\/\/www.diariodeouropreto.com.br\/pt\/Editoria\/ouro-preto\/"},"img":{"alt_text":"","src":"https:\/\/i0.wp.com\/www.diariodeouropreto.com.br\/wp-content\/uploads\/2024\/09\/Divulgacao-PCMK.jpg?resize=350%2C200&ssl=1","width":350,"height":200,"srcset":"https:\/\/i0.wp.com\/www.diariodeouropreto.com.br\/wp-content\/uploads\/2024\/09\/Divulgacao-PCMK.jpg?resize=350%2C200&ssl=1 1x, https:\/\/i0.wp.com\/www.diariodeouropreto.com.br\/wp-content\/uploads\/2024\/09\/Divulgacao-PCMK.jpg?resize=525%2C300&ssl=1 1.5x, https:\/\/i0.wp.com\/www.diariodeouropreto.com.br\/wp-content\/uploads\/2024\/09\/Divulgacao-PCMK.jpg?resize=700%2C400&ssl=1 2x"},"classes":[]},{"id":37606,"url":"https:\/\/www.diariodeouropreto.com.br\/pt\/irmaos-sao-indiciados-pela-pcmg-por-homicidio-ocorrido-em-mariana\/","url_meta":{"origin":48073,"position":1},"title":"Irm\u00e3os s\u00e3o indiciados pela PCMG por homic\u00eddio ocorrido em Mariana","author":"Di\u00e1rio de Ouro Preto","date":"3 de Setembro de 2024","format":false,"excerpt":"Um homem, de 25 anos, foi preso preventivamente pela Pol\u00edcia Civil de Minas Gerais (PCMG) ap\u00f3s investiga\u00e7\u00e3o sobre um homic\u00eddio ocorrido na cidade de Mariana. O suspeito, indiciado pelo crime, foi detido nessa segunda-feira (03\/09), com apoio da Guarda Municipal, em um bar no bairro S\u00e3o Sebasti\u00e3o. Um homem de\u2026","rel":"","context":"In &quot;Policial&quot;","block_context":{"text":"Policial","link":"https:\/\/www.diariodeouropreto.com.br\/pt\/Editoria\/policial\/"},"img":{"alt_text":"","src":"https:\/\/i0.wp.com\/www.diariodeouropreto.com.br\/wp-content\/uploads\/2024\/09\/Divulgacao-PCMG.jpg?resize=350%2C200&ssl=1","width":350,"height":200,"srcset":"https:\/\/i0.wp.com\/www.diariodeouropreto.com.br\/wp-content\/uploads\/2024\/09\/Divulgacao-PCMG.jpg?resize=350%2C200&ssl=1 1x, https:\/\/i0.wp.com\/www.diariodeouropreto.com.br\/wp-content\/uploads\/2024\/09\/Divulgacao-PCMG.jpg?resize=525%2C300&ssl=1 1.5x, https:\/\/i0.wp.com\/www.diariodeouropreto.com.br\/wp-content\/uploads\/2024\/09\/Divulgacao-PCMG.jpg?resize=700%2C400&ssl=1 2x, https:\/\/i0.wp.com\/www.diariodeouropreto.com.br\/wp-content\/uploads\/2024\/09\/Divulgacao-PCMG.jpg?resize=1050%2C600&ssl=1 3x"},"classes":[]},{"id":52061,"url":"https:\/\/www.diariodeouropreto.com.br\/pt\/mariana-pcmg-prende-homem-por-estupro-de-vulneravel-contra-sobrinha-neta\/","url_meta":{"origin":48073,"position":2},"title":"Mariana: PCMG prende homem por estupro de vulner\u00e1vel contra sobrinha-neta","author":"Di\u00e1rio de Ouro Preto","date":"30 de Abril de 2026","format":false,"excerpt":"A Pol\u00edcia Civil de Minas Gerais (PCMG) cumpriu, nesta segunda-feira (27\/4), mandado de pris\u00e3o tempor\u00e1ria contra um homem, de 51 anos, investigado pelo crime de estupro de vulner\u00e1vel em Mariana, regi\u00e3o Central do estado. O alvo \u00e9 suspeito de abusar sexualmente da sobrinha-neta, uma crian\u00e7a de 6 anos. As investiga\u00e7\u00f5es\u2026","rel":"","context":"In &quot;Policial&quot;","block_context":{"text":"Policial","link":"https:\/\/www.diariodeouropreto.com.br\/pt\/Editoria\/policial\/"},"img":{"alt_text":"","src":"https:\/\/i0.wp.com\/www.diariodeouropreto.com.br\/wp-content\/uploads\/2019\/09\/titulosite2-e1616373489755.jpg?resize=350%2C200&ssl=1","width":350,"height":200,"srcset":"https:\/\/i0.wp.com\/www.diariodeouropreto.com.br\/wp-content\/uploads\/2019\/09\/titulosite2-e1616373489755.jpg?resize=350%2C200&ssl=1 1x, https:\/\/i0.wp.com\/www.diariodeouropreto.com.br\/wp-content\/uploads\/2019\/09\/titulosite2-e1616373489755.jpg?resize=525%2C300&ssl=1 1.5x, https:\/\/i0.wp.com\/www.diariodeouropreto.com.br\/wp-content\/uploads\/2019\/09\/titulosite2-e1616373489755.jpg?resize=700%2C400&ssl=1 2x, https:\/\/i0.wp.com\/www.diariodeouropreto.com.br\/wp-content\/uploads\/2019\/09\/titulosite2-e1616373489755.jpg?resize=1050%2C600&ssl=1 3x"},"classes":[]},{"id":14510,"url":"https:\/\/www.diariodeouropreto.com.br\/pt\/policia-civil-prende-suspeito-de-matar-jovem-com-garrafa-em-mariana\/","url_meta":{"origin":48073,"position":3},"title":"Pol\u00edcia Civil prende suspeito de matar jovem com garrafa em Mariana","author":"Di\u00e1rio de Ouro Preto","date":"24 de Mar\u00e7o de 2022","format":false,"excerpt":"A Pol\u00edcia Civil de Minas Gerais (PCMG) prendeu um homem, de 32 anos, investigado por homic\u00eddio, em Mariana, ontem (23). O crime foi registrado na noite do \u00faltimo dia 13, na Pra\u00e7a Gomes Freire, Centro da cidade, quando um jovem, de 25, foi atingido com uma garrafa no pesco\u00e7o. Ap\u00f3s\u2026","rel":"","context":"In &quot;Policial&quot;","block_context":{"text":"Policial","link":"https:\/\/www.diariodeouropreto.com.br\/pt\/Editoria\/policial\/"},"img":{"alt_text":"","src":"https:\/\/i0.wp.com\/www.diariodeouropreto.com.br\/wp-content\/uploads\/2022\/03\/pcmg_mariana.jpg?resize=350%2C200&ssl=1","width":350,"height":200,"srcset":"https:\/\/i0.wp.com\/www.diariodeouropreto.com.br\/wp-content\/uploads\/2022\/03\/pcmg_mariana.jpg?resize=350%2C200&ssl=1 1x, https:\/\/i0.wp.com\/www.diariodeouropreto.com.br\/wp-content\/uploads\/2022\/03\/pcmg_mariana.jpg?resize=525%2C300&ssl=1 1.5x, https:\/\/i0.wp.com\/www.diariodeouropreto.com.br\/wp-content\/uploads\/2022\/03\/pcmg_mariana.jpg?resize=700%2C400&ssl=1 2x"},"classes":[]},{"id":6752,"url":"https:\/\/www.diariodeouropreto.com.br\/pt\/suspeito-da-morte-e-ocultacao-de-corpo-de-jornalista-desaparecido-em-ouro-preto-e-preso\/","url_meta":{"origin":48073,"position":4},"title":"Suspeito da morte e oculta\u00e7\u00e3o de corpo de jornalista desaparecido em Ouro Preto \u00e9 preso","author":"Di\u00e1rio de Ouro Preto","date":"7 de Mar\u00e7o de 2021","format":false,"excerpt":"Uma a\u00e7\u00e3o conjunta da Pol\u00edcia Civil de Minas Gerais (PCMG) com a Pol\u00edcia Militar esclareceu, neste fim de semana, o desaparecimento de um jornalista, de 53 anos, em Ouro Preto, regi\u00e3o Central do estado. Trata-se de um caso de latroc\u00ednio, no qual dois suspeitos foram identificados: um homem, de 23\u2026","rel":"","context":"In &quot;Ouro Preto&quot;","block_context":{"text":"Ouro Preto","link":"https:\/\/www.diariodeouropreto.com.br\/pt\/Editoria\/ouro-preto\/"},"img":{"alt_text":"","src":"https:\/\/i0.wp.com\/www.diariodeouropreto.com.br\/wp-content\/uploads\/2020\/02\/titulo-site3-2-scaled-e1613680230325.jpg?resize=350%2C200&ssl=1","width":350,"height":200,"srcset":"https:\/\/i0.wp.com\/www.diariodeouropreto.com.br\/wp-content\/uploads\/2020\/02\/titulo-site3-2-scaled-e1613680230325.jpg?resize=350%2C200&ssl=1 1x, https:\/\/i0.wp.com\/www.diariodeouropreto.com.br\/wp-content\/uploads\/2020\/02\/titulo-site3-2-scaled-e1613680230325.jpg?resize=525%2C300&ssl=1 1.5x"},"classes":[]},{"id":14956,"url":"https:\/\/www.diariodeouropreto.com.br\/pt\/policia-civil-prende-homem-e-localiza-arma-em-mariana-durante-investigacao-de-homicidios\/","url_meta":{"origin":48073,"position":5},"title":"Pol\u00edcia Civil prende homem e localiza arma em Mariana durante investiga\u00e7\u00e3o de homic\u00eddios","author":"Di\u00e1rio de Ouro Preto","date":"14 de Abril de 2022","format":false,"excerpt":"Investiga\u00e7\u00f5es da Pol\u00edcia Civil de Minas Gerais (PCMG) para apurar dois crimes contra a vida cometidos em Mariana, resultaram na pris\u00e3o de um suspeito de homic\u00eddio tentado, ocorrido em 18 de fevereiro, e na apreens\u00e3o de uma arma de fogo que teria sido utilizada para matar um homem no \u00faltimo\u2026","rel":"","context":"In &quot;Policial&quot;","block_context":{"text":"Policial","link":"https:\/\/www.diariodeouropreto.com.br\/pt\/Editoria\/policial\/"},"img":{"alt_text":"","src":"https:\/\/i0.wp.com\/www.diariodeouropreto.com.br\/wp-content\/uploads\/2022\/04\/pcmg_mariana_homicidio-.jpg?resize=350%2C200&ssl=1","width":350,"height":200,"srcset":"https:\/\/i0.wp.com\/www.diariodeouropreto.com.br\/wp-content\/uploads\/2022\/04\/pcmg_mariana_homicidio-.jpg?resize=350%2C200&ssl=1 1x, https:\/\/i0.wp.com\/www.diariodeouropreto.com.br\/wp-content\/uploads\/2022\/04\/pcmg_mariana_homicidio-.jpg?resize=525%2C300&ssl=1 1.5x, https:\/\/i0.wp.com\/www.diariodeouropreto.com.br\/wp-content\/uploads\/2022\/04\/pcmg_mariana_homicidio-.jpg?resize=700%2C400&ssl=1 2x"},"classes":[]}],"jetpack_sharing_enabled":true,"amp_enabled":true,"_links":{"self":[{"href":"https:\/\/www.diariodeouropreto.com.br\/pt\/wp-json\/wp\/v2\/posts\/48073","targetHints":{"allow":["GET"]}}],"collection":[{"href":"https:\/\/www.diariodeouropreto.com.br\/pt\/wp-json\/wp\/v2\/posts"}],"about":[{"href":"https:\/\/www.diariodeouropreto.com.br\/pt\/wp-json\/wp\/v2\/types\/post"}],"author":[{"embeddable":true,"href":"https:\/\/www.diariodeouropreto.com.br\/pt\/wp-json\/wp\/v2\/users\/1"}],"replies":[{"embeddable":true,"href":"https:\/\/www.diariodeouropreto.com.br\/pt\/wp-json\/wp\/v2\/comments?post=48073"}],"version-history":[{"count":1,"href":"https:\/\/www.diariodeouropreto.com.br\/pt\/wp-json\/wp\/v2\/posts\/48073\/revisions"}],"predecessor-version":[{"id":48076,"href":"https:\/\/www.diariodeouropreto.com.br\/pt\/wp-json\/wp\/v2\/posts\/48073\/revisions\/48076"}],"wp:featuredmedia":[{"embeddable":true,"href":"https:\/\/www.diariodeouropreto.com.br\/pt\/wp-json\/wp\/v2\/media\/48075"}],"wp:attachment":[{"href":"https:\/\/www.diariodeouropreto.com.br\/pt\/wp-json\/wp\/v2\/media?parent=48073"}],"wp:term":[{"taxonomy":"category","embeddable":true,"href":"https:\/\/www.diariodeouropreto.com.br\/pt\/wp-json\/wp\/v2\/categories?post=48073"},{"taxonomy":"post_tag","embeddable":true,"href":"https:\/\/www.diariodeouropreto.com.br\/pt\/wp-json\/wp\/v2\/tags?post=48073"}],"curies":[{"name":"wp","href":"https:\/\/api.w.org\/{rel}","templated":true}]}}