{"id":47249,"date":"2025-09-01T12:38:39","date_gmt":"2025-09-01T15:38:39","guid":{"rendered":"https:\/\/www.diariodeouropreto.com.br\/?p=47249"},"modified":"2025-09-01T12:38:48","modified_gmt":"2025-09-01T15:38:48","slug":"pesquisa-sugere-que-vacina-de-zoster-previne-doencas-do-coracao","status":"publish","type":"post","link":"https:\/\/www.diariodeouropreto.com.br\/pt\/pesquisa-sugere-que-vacina-de-zoster-previne-doencas-do-coracao\/","title":{"rendered":"Pesquisa sugere que vacina de z\u00f3ster previne doen\u00e7as do cora\u00e7\u00e3o"},"content":{"rendered":"\n<p><strong>Imunizante est\u00e1 dispon\u00edvel apenas na rede privada do Brasil<\/strong><\/p>\n\n\n\n<p><strong>A vacina contra herpes-z\u00f3ster pode reduzir a possibilidade&nbsp;de doen\u00e7as cardiovasculares&nbsp;graves, como acidente vascular cerebral (AVC),<\/strong><strong>&nbsp;em adultos imunizados. Pesquisa mostra que pessoas de 18 a 50 anos vacinadas tiveram queda de 18% no risco dessas doen\u00e7as, enquanto as com mais de 50 anos, em&nbsp;16%.<\/strong><img decoding=\"async\" src=\"https:\/\/agenciabrasil.ebc.com.br\/ebc.png?id=1656465&amp;o=node\"><img decoding=\"async\" src=\"https:\/\/agenciabrasil.ebc.com.br\/ebc.gif?id=1656465&amp;o=node\"><\/p>\n\n\n\n<p>A hip\u00f3tese&nbsp;est\u00e1 no estudo cient\u00edfico que coleta, analisa e resume os resultados de outras pesquisas publicadas sobre o tema.<\/p>\n\n\n\n<p>A revis\u00e3o sistem\u00e1tica e meta-an\u00e1lise global&nbsp;intitulada&nbsp;<em>Efic\u00e1cia da vacina contra herpes-z\u00f3ster em eventos cardiovasculares &#8211; uma revis\u00e3o sistem\u00e1tica da literatura e meta-an\u00e1lise<\/em>,&nbsp;\u00e9 de autoria do m\u00e9dico Charles Williams, diretor associado global da GSK, companhia biofarmac\u00eautica que produz medicamentos e vacinas.<\/p>\n\n\n\n<p>O estudo foi apresentado na manh\u00e3 deste s\u00e1bado (30) no&nbsp;<a href=\"https:\/\/www.escardio.org\/Congresses-Events\/ESC-Congress\" target=\"_blank\" rel=\"noreferrer noopener follow external sponsored ugc\" data-wpel-link=\"external\">Congresso da Sociedade Europeia de Cardiologia de 2025<\/a>, em Madri, Espanha.<\/p>\n\n\n\n<h2 class=\"wp-block-heading\">Estudo cient\u00edfico<\/h2>\n\n\n\n<p>O levantamento global reuniu 19 estudos para testar a efic\u00e1cia da vacina e para observar o efeito da vacina\u00e7\u00e3o contra o herpes-z\u00f3ster, popularmente conhecido como cobreiro, em ocorr\u00eancias cardiovasculares.<\/p>\n\n\n\n<p>Dentre esses estudos, nove deles tiveram 53,3% dos participantes homens. Sete estudos relataram idades m\u00e9dias que variaram de 53,6 a 74 anos.<\/p>\n\n\n\n<p><strong>Juntos, esses estudos relataram a diminui\u00e7\u00e3o do risco absoluto de doen\u00e7as do cora\u00e7\u00e3o ou de circula\u00e7\u00e3o nas pessoas que receberam a vacina contra herpes-z\u00f3ster. A diferen\u00e7a de taxa variou de 1,2 a 2,2 eventos a menos para 1 mil pessoas, por ano.<\/strong><\/p>\n\n\n\n<p>A recente declara\u00e7\u00e3o de consenso cl\u00ednico da Sociedade Europeia de Cardiologia sobre a vacina\u00e7\u00e3o como uma nova forma de preven\u00e7\u00e3o da doen\u00e7a cardiovascular afirma que as vacinas devem ser consideradas como o quarto pilar da preven\u00e7\u00e3o m\u00e9dica da doen\u00e7a cardiovascular, juntamente com os anti-hipertensivos, os medicamentos para baixar o colesterol e os medicamentos que tratam o diabetes.<\/p>\n\n\n\n<h2 class=\"wp-block-heading\">Mais evid\u00eancias<\/h2>\n\n\n\n<p>Respons\u00e1vel pela revis\u00e3o sistem\u00e1tica, Charles Williams\u00a0ressaltou, no entanto,\u00a0a necessidade de mais estudos para confirmar se a vacina contra o herpes-z\u00f3ster, usada para prevenir o cobreiro, de fato, est\u00e1 associada a um risco estatisticamente significativo menor de ataques card\u00edacos e AVCs.<\/p>\n\n\n\n<p>O vice-presidente da Sociedade Brasileira de Imuniza\u00e7\u00f5es (SBIm), Renato Kfouri, em entrevista \u00e0&nbsp;<strong>Ag\u00eancia Brasil<\/strong>,&nbsp;concorda.<\/p>\n\n\n\n<blockquote class=\"wp-block-quote is-layout-flow wp-block-quote-is-layout-flow\">\n<p>\u201cA infec\u00e7\u00e3o viral n\u00e3o \u00e9 o \u00fanico fator desencadeante de doen\u00e7as cardiovasculares. Ent\u00e3o, \u00e9 preciso separar esses fatores que podem confundir \u2013 como a obesidade, hipertens\u00e3o, diabetes \u2013 para que a gente entenda, realmente, o papel da vacina nessa preven\u00e7\u00e3o.\u201d<\/p>\n<\/blockquote>\n\n\n\n<p><strong>O infectologista brasileiro relata que essa associa\u00e7\u00e3o entre a vacina e a diminui\u00e7\u00e3o dos riscos dos chamados eventos cardiovasculares j\u00e1 acumula evid\u00eancias cient\u00edficas e publica\u00e7\u00f5es em outros tipos de imuniza\u00e7\u00f5es.<\/strong><\/p>\n\n\n\n<p><strong>Renato Kfouri citou a gripe, causada pelo v\u00edrus influenza, que tamb\u00e9m pode ser desencadeador de infartos e acidente vascular cerebral (AVC), especialmente. E que a vacina adotada anualmente para prevenir infec\u00e7\u00f5es, pode reduzir os riscos de problemas cardiovasculares.<\/strong><\/p>\n\n\n\n<p>\u201cEvid\u00eancias v\u00e3o se acumulando, tamb\u00e9m, em rela\u00e7\u00e3o \u00e0 vacina do Zoster, que \u00e9 um precipitador de eventos cardiovasculares a infec\u00e7\u00f5es. Consequentemente, a sua preven\u00e7\u00e3o pode se traduzir em uma preven\u00e7\u00e3o tamb\u00e9m para esses eventos cardiovasculares\u201d, confirma.<\/p>\n\n\n\n<h2 class=\"wp-block-heading\">Imuniza\u00e7\u00e3o no Brasil<\/h2>\n\n\n\n<p>No Brasil, a vacina contra o herpes-z\u00f3ster est\u00e1 dispon\u00edvel apenas na rede privada de sa\u00fade. No entanto, em abril deste ano, o Minist\u00e9rio da Sa\u00fade&nbsp;<a href=\"https:\/\/agenciabrasil.ebc.com.br\/saude\/noticia\/2025-04\/saude-pede-incorporacao-de-vacina-contra-o-herpes-zoster-ao-sus\" target=\"_blank\" rel=\"noreferrer noopener follow external sponsored ugc\" data-wpel-link=\"external\">solicitou avalia\u00e7\u00e3o t\u00e9cnico-cient\u00edfica<\/a>&nbsp;\u00e0 Comiss\u00e3o Nacional de Incorpora\u00e7\u00e3o de Tecnologias no SUS (Conitec), que analisa a rela\u00e7\u00e3o&nbsp;custo-efetividade para subsidiar uma poss\u00edvel incorpora\u00e7\u00e3o no calend\u00e1rio vacinal do Sistema \u00danico de Sa\u00fade. Ainda n\u00e3o h\u00e1 parecer t\u00e9cnico.<\/p>\n\n\n\n<p>O vice-presidente da SBIm, Renato Kfouri, comentou que muitas vacinas est\u00e3o na fila para serem incorporadas ao SUS e que \u00e9 preciso definir as prioridades dentro do or\u00e7amento p\u00fablico federal.<\/p>\n\n\n\n<p>Na rede privada brasileiro, o pre\u00e7o da vacina contra herpes-z\u00f3ster depende do tipo de imunizante e da cl\u00ednica ou farm\u00e1cia onde \u00e9 aplicada.<\/p>\n\n\n\n<p><strong>O pre\u00e7o de uma dose da vacina varia entre R$ 850 e R$ 1 mil, em m\u00e9dia. O esquema vacinal completo requer duas doses, aplicadas com intervalo de dois a seis meses, o que eleva o custo total da imuniza\u00e7\u00e3o para algo entre R$ 1,7 mil e R$ 2 mil.<\/strong><\/p>\n\n\n\n<h2 class=\"wp-block-heading\">Herpes-z\u00f3ster<\/h2>\n\n\n\n<p>O Minist\u00e9rio da Sa\u00fade esclarece que a doen\u00e7a \u00e9 causada pelo v\u00edrus Varicela-Z\u00f3ster (VVZ), o mesmo que causa tamb\u00e9m a catapora.<\/p>\n\n\n\n<p>Ap\u00f3s a infec\u00e7\u00e3o inicial, o v\u00edrus permanece latente (sem efeitos percept\u00edveis) no sistema nervoso e pode reativar, causando o cobreiro em cerca de uma a cada tr\u00eas pessoas ao longo da vida.<\/p>\n\n\n\n<p>A ativa\u00e7\u00e3o ocorre na idade adulta ou em pessoas com comprometimento imunol\u00f3gico, como os portadores de doen\u00e7as cr\u00f4nicas (hipertens\u00e3o, diabetes), c\u00e2ncer, HIV\/aids, transplantados e outras circunst\u00e2ncias.<\/p>\n\n\n\n<p>Ap\u00f3s a reativa\u00e7\u00e3o, acredita-se que o VZV pode invadir vasos sangu\u00edneos, levando a inflama\u00e7\u00e3o e possivelmente a complica\u00e7\u00f5es como o AVC.<\/p>\n\n\n\n<p>O quadro cl\u00ednico do herpes-z\u00f3ster, ou seja, os sinais e sintomas da doen\u00e7a, na&nbsp;maior parte dos casos, s\u00e3o dores nevr\u00e1lgicas (nos nervos); formigamento, agulhadas, adormecimento, press\u00e3o; ardor e coceira locais;<\/p>\n\n\n\n<p>Estes sintomas antecedem as les\u00f5es na pele&nbsp;avermelhadas. As regi\u00f5es mais comprometidas, geralmente, s\u00e3o a tor\u00e1cica (53% dos casos) e a cervical (20%).<\/p>\n\n\n\n<p>Renato Kfouri esclarece que a doen\u00e7a tem como grande consequ\u00eancia a neuralgia, a dor p\u00f3s-evento agudo, que \u00e9 inc\u00f4moda. Mas, ele alerta que as&nbsp;complica\u00e7\u00f5es s\u00e3o as que mais chamam a aten\u00e7\u00e3o. \u201cO herpes oft\u00e1lmico, que pode levar a perda de vis\u00e3o. A neuralgia p\u00f3s-herp\u00e9tica, que \u00e9 muito mais comum com a idade [avan\u00e7ada]. Quanto mais idoso \u00e9 o indiv\u00edduo, maior a chance de ele permanecer com dor. E dor \u00e9 importante, o tratamento \u00e9 dif\u00edcil e, muitas vezes, impacta a qualidade de vida\u201d, enumera.<\/p>\n\n\n\n<p>Saiba mais sobre o&nbsp;<a href=\"https:\/\/www.gov.br\/saude\/pt-br\/assuntos\/saude-de-a-a-z\/h\/herpes\" target=\"_blank\" rel=\"noreferrer noopener follow external sponsored ugc\" data-wpel-link=\"external\">herpes-z\u00f3ster<\/a><\/p>\n\n\n\n<h2 class=\"wp-block-heading\">Doen\u00e7as cardiovasculares<\/h2>\n\n\n\n<p>De acordo com a Organiza\u00e7\u00e3o Mundial de Sa\u00fade (OMS), as&nbsp;<a href=\"https:\/\/www.paho.org\/pt\/topicos\/doencas-cardiovasculares\" target=\"_blank\" rel=\"noreferrer noopener follow external sponsored ugc\" data-wpel-link=\"external\">doen\u00e7as cardiovasculares<\/a>&nbsp;(DCV)&nbsp;continuam sendo a principal causa de morte em todo o mundo.<\/p>\n\n\n\n<p>As DCVs representam 31% de todas as mortes em n\u00edvel global.<\/p>\n\n\n\n<div id=\"110712\" class=\"advads-saneouro advads-entity-placement\" style=\"margin-left: auto;margin-right: auto;text-align: center;\"><a href=\"https:\/\/www.saneouro.com.br\/\" target=\"_blank\" aria-label=\"DOP_Site\" data-wpel-link=\"external\" rel=\"follow external noopener noreferrer sponsored ugc\"><img src=\"https:\/\/www.diariodeouropreto.com.br\/wp-content\/uploads\/2026\/04\/DOP_Site.jpg\" alt=\"\"  srcset=\"https:\/\/www.diariodeouropreto.com.br\/wp-content\/uploads\/2026\/04\/DOP_Site.jpg 301w, https:\/\/www.diariodeouropreto.com.br\/wp-content\/uploads\/2026\/04\/DOP_Site-180x150.jpg 180w, https:\/\/www.diariodeouropreto.com.br\/wp-content\/uploads\/2026\/04\/DOP_Site-14x12.jpg 14w\" sizes=\"(max-width: 301px) 100vw, 301px\" width=\"301\" height=\"251\"  style=\"display: inline-block;\" \/><\/a><\/div><p>Estima-se que 17,9 milh\u00f5es de pessoas morreram por enfermidades do cora\u00e7\u00e3o e dos vasos sangu\u00edneos em 2016. Destes \u00f3bitos, estima-se que 85% ocorrem devido a ataques card\u00edacos e AVCs.<strong><br><\/strong><\/p>\n\n\n\n<div id=\"50321\" class=\"advads-plantao advads-entity-placement\"><a href=\"https:\/\/www.diariodeouropreto.com.br\/\" target=\"_blank\" aria-label=\"site &#8211; noticia\" data-wpel-link=\"external\" rel=\"follow external noopener noreferrer sponsored ugc\"><img src=\"https:\/\/www.diariodeouropreto.com.br\/wp-content\/uploads\/2019\/09\/titulosite2-e1616373489755.jpg\" alt=\"\"  srcset=\"https:\/\/www.diariodeouropreto.com.br\/wp-content\/uploads\/2019\/09\/titulosite2-e1616373489755.jpg 1200w, https:\/\/www.diariodeouropreto.com.br\/wp-content\/uploads\/2019\/09\/titulosite2-e1616373489755-150x38.jpg 150w, https:\/\/www.diariodeouropreto.com.br\/wp-content\/uploads\/2019\/09\/titulosite2-e1616373489755-660x167.jpg 660w, https:\/\/www.diariodeouropreto.com.br\/wp-content\/uploads\/2019\/09\/titulosite2-e1616373489755-768x194.jpg 768w, https:\/\/www.diariodeouropreto.com.br\/wp-content\/uploads\/2019\/09\/titulosite2-e1616373489755-1000x252.jpg 1000w, https:\/\/www.diariodeouropreto.com.br\/wp-content\/uploads\/2019\/09\/titulosite2-e1616373489755-1536x388.jpg 1536w, https:\/\/www.diariodeouropreto.com.br\/wp-content\/uploads\/2019\/09\/titulosite2-e1616373489755-2048x517.jpg 2048w\" sizes=\"(max-width: 1200px) 100vw, 1200px\" width=\"1200\" height=\"303\"  style=\"display: inline-block;\" \/><\/a><\/div><p>Por Daniella Almeida &#8211; Rep\u00f3rter da Ag\u00eancia Brasil<br><\/p>\n","protected":false},"excerpt":{"rendered":"<p>Imunizante est\u00e1 dispon\u00edvel apenas na rede privada do Brasil A vacina contra herpes-z\u00f3ster pode reduzir a possibilidade&nbsp;de doen\u00e7as cardiovasculares&nbsp;graves, como acidente vascular cerebral (AVC),&nbsp;em adultos imunizados. Pesquisa mostra que pessoas de 18 a 50 anos vacinadas tiveram queda de 18% no risco dessas doen\u00e7as, enquanto as com mais de 50<span class=\"more-link\"><a href=\"https:\/\/www.diariodeouropreto.com.br\/pt\/pesquisa-sugere-que-vacina-de-zoster-previne-doencas-do-coracao\/\" data-wpel-link=\"internal\">Continue Lendo<\/a><\/span><\/p>","protected":false},"author":1,"featured_media":47255,"comment_status":"open","ping_status":"open","sticky":false,"template":"","format":"standard","meta":{"_jetpack_memberships_contains_paid_content":false,"footnotes":"","jetpack_publicize_message":"Imunizante est\u00e1 dispon\u00edvel apenas na rede privada do Brasil","jetpack_publicize_feature_enabled":true,"jetpack_social_post_already_shared":false,"jetpack_social_options":{"image_generator_settings":{"template":"highway","default_image_id":0,"font":"","enabled":false},"version":2}},"categories":[61],"tags":[],"class_list":["entry","author-diario","post-47249","post","type-post","status-publish","format-standard","has-post-thumbnail","category-saude"],"yoast_head":"<!-- This site is optimized with the Yoast SEO plugin v27.5 - https:\/\/yoast.com\/product\/yoast-seo-wordpress\/ -->\n<title>Pesquisa sugere que vacina de z\u00f3ster previne doen\u00e7as do cora\u00e7\u00e3o - Di\u00e1rio de Ouro Preto<\/title>\n<meta name=\"description\" content=\"Imunizante est\u00e1 dispon\u00edvel apenas na rede privada do Brasil\" \/>\n<meta name=\"robots\" content=\"index, follow, max-snippet:-1, max-image-preview:large, max-video-preview:-1\" \/>\n<link rel=\"canonical\" href=\"https:\/\/www.diariodeouropreto.com.br\/pt\/pesquisa-sugere-que-vacina-de-zoster-previne-doencas-do-coracao\/\" \/>\n<meta property=\"og:locale\" content=\"pt_PT\" \/>\n<meta property=\"og:type\" content=\"article\" \/>\n<meta property=\"og:title\" content=\"Pesquisa sugere que vacina de z\u00f3ster previne doen\u00e7as do cora\u00e7\u00e3o - Di\u00e1rio de Ouro Preto\" \/>\n<meta property=\"og:description\" content=\"Imunizante est\u00e1 dispon\u00edvel apenas na rede privada do Brasil\" \/>\n<meta property=\"og:url\" content=\"https:\/\/www.diariodeouropreto.com.br\/pt\/pesquisa-sugere-que-vacina-de-zoster-previne-doencas-do-coracao\/\" \/>\n<meta property=\"og:site_name\" content=\"Di\u00e1rio de Ouro Preto\" \/>\n<meta property=\"article:publisher\" content=\"https:\/\/www.facebook.com\/diariodeouropreto\/\" \/>\n<meta property=\"article:published_time\" content=\"2025-09-01T15:38:39+00:00\" \/>\n<meta property=\"article:modified_time\" content=\"2025-09-01T15:38:48+00:00\" \/>\n<meta property=\"og:image\" content=\"https:\/\/www.diariodeouropreto.com.br\/wp-content\/uploads\/2025\/09\/625613.webp\" \/>\n\t<meta property=\"og:image:width\" content=\"1170\" \/>\n\t<meta property=\"og:image:height\" content=\"700\" \/>\n\t<meta property=\"og:image:type\" content=\"image\/webp\" \/>\n<meta name=\"author\" content=\"Di\u00e1rio de Ouro Preto\" \/>\n<meta name=\"twitter:card\" content=\"summary_large_image\" \/>\n<meta name=\"twitter:label1\" content=\"Escrito por\" \/>\n\t<meta name=\"twitter:data1\" content=\"Di\u00e1rio de Ouro Preto\" \/>\n\t<meta name=\"twitter:label2\" content=\"Tempo estimado de leitura\" \/>\n\t<meta name=\"twitter:data2\" content=\"6 minutos\" \/>\n<script type=\"application\/ld+json\" class=\"yoast-schema-graph\">{\"@context\":\"https:\\\/\\\/schema.org\",\"@graph\":[{\"@type\":\"Article\",\"@id\":\"https:\\\/\\\/www.diariodeouropreto.com.br\\\/pesquisa-sugere-que-vacina-de-zoster-previne-doencas-do-coracao\\\/#article\",\"isPartOf\":{\"@id\":\"https:\\\/\\\/www.diariodeouropreto.com.br\\\/pesquisa-sugere-que-vacina-de-zoster-previne-doencas-do-coracao\\\/\"},\"author\":{\"name\":\"Di\u00e1rio de Ouro Preto\",\"@id\":\"https:\\\/\\\/www.diariodeouropreto.com.br\\\/pt\\\/#\\\/schema\\\/person\\\/7654e7b471204a6dab6dc0ce6e140c99\"},\"headline\":\"Pesquisa sugere que vacina de z\u00f3ster previne doen\u00e7as do cora\u00e7\u00e3o\",\"datePublished\":\"2025-09-01T15:38:39+00:00\",\"dateModified\":\"2025-09-01T15:38:48+00:00\",\"mainEntityOfPage\":{\"@id\":\"https:\\\/\\\/www.diariodeouropreto.com.br\\\/pesquisa-sugere-que-vacina-de-zoster-previne-doencas-do-coracao\\\/\"},\"wordCount\":1131,\"commentCount\":0,\"publisher\":{\"@id\":\"https:\\\/\\\/www.diariodeouropreto.com.br\\\/pt\\\/#organization\"},\"image\":{\"@id\":\"https:\\\/\\\/www.diariodeouropreto.com.br\\\/pesquisa-sugere-que-vacina-de-zoster-previne-doencas-do-coracao\\\/#primaryimage\"},\"thumbnailUrl\":\"https:\\\/\\\/www.diariodeouropreto.com.br\\\/wp-content\\\/uploads\\\/2025\\\/09\\\/625613.webp\",\"articleSection\":[\"Sa\u00fade\"],\"inLanguage\":\"pt-PT\",\"potentialAction\":[{\"@type\":\"CommentAction\",\"name\":\"Comment\",\"target\":[\"https:\\\/\\\/www.diariodeouropreto.com.br\\\/pesquisa-sugere-que-vacina-de-zoster-previne-doencas-do-coracao\\\/#respond\"]}]},{\"@type\":\"WebPage\",\"@id\":\"https:\\\/\\\/www.diariodeouropreto.com.br\\\/pesquisa-sugere-que-vacina-de-zoster-previne-doencas-do-coracao\\\/\",\"url\":\"https:\\\/\\\/www.diariodeouropreto.com.br\\\/pesquisa-sugere-que-vacina-de-zoster-previne-doencas-do-coracao\\\/\",\"name\":\"Pesquisa sugere que vacina de z\u00f3ster previne doen\u00e7as do cora\u00e7\u00e3o - Di\u00e1rio de Ouro Preto\",\"isPartOf\":{\"@id\":\"https:\\\/\\\/www.diariodeouropreto.com.br\\\/pt\\\/#website\"},\"primaryImageOfPage\":{\"@id\":\"https:\\\/\\\/www.diariodeouropreto.com.br\\\/pesquisa-sugere-que-vacina-de-zoster-previne-doencas-do-coracao\\\/#primaryimage\"},\"image\":{\"@id\":\"https:\\\/\\\/www.diariodeouropreto.com.br\\\/pesquisa-sugere-que-vacina-de-zoster-previne-doencas-do-coracao\\\/#primaryimage\"},\"thumbnailUrl\":\"https:\\\/\\\/www.diariodeouropreto.com.br\\\/wp-content\\\/uploads\\\/2025\\\/09\\\/625613.webp\",\"datePublished\":\"2025-09-01T15:38:39+00:00\",\"dateModified\":\"2025-09-01T15:38:48+00:00\",\"description\":\"Imunizante est\u00e1 dispon\u00edvel apenas na rede privada do Brasil\",\"breadcrumb\":{\"@id\":\"https:\\\/\\\/www.diariodeouropreto.com.br\\\/pesquisa-sugere-que-vacina-de-zoster-previne-doencas-do-coracao\\\/#breadcrumb\"},\"inLanguage\":\"pt-PT\",\"potentialAction\":[{\"@type\":\"ReadAction\",\"target\":[\"https:\\\/\\\/www.diariodeouropreto.com.br\\\/pesquisa-sugere-que-vacina-de-zoster-previne-doencas-do-coracao\\\/\"]}]},{\"@type\":\"ImageObject\",\"inLanguage\":\"pt-PT\",\"@id\":\"https:\\\/\\\/www.diariodeouropreto.com.br\\\/pesquisa-sugere-que-vacina-de-zoster-previne-doencas-do-coracao\\\/#primaryimage\",\"url\":\"https:\\\/\\\/www.diariodeouropreto.com.br\\\/wp-content\\\/uploads\\\/2025\\\/09\\\/625613.webp\",\"contentUrl\":\"https:\\\/\\\/www.diariodeouropreto.com.br\\\/wp-content\\\/uploads\\\/2025\\\/09\\\/625613.webp\",\"width\":1170,\"height\":700},{\"@type\":\"BreadcrumbList\",\"@id\":\"https:\\\/\\\/www.diariodeouropreto.com.br\\\/pesquisa-sugere-que-vacina-de-zoster-previne-doencas-do-coracao\\\/#breadcrumb\",\"itemListElement\":[{\"@type\":\"ListItem\",\"position\":1,\"name\":\"In\u00edcio\",\"item\":\"https:\\\/\\\/www.diariodeouropreto.com.br\\\/pt\\\/\"},{\"@type\":\"ListItem\",\"position\":2,\"name\":\"Pesquisa sugere que vacina de z\u00f3ster previne doen\u00e7as do cora\u00e7\u00e3o\"}]},{\"@type\":\"WebSite\",\"@id\":\"https:\\\/\\\/www.diariodeouropreto.com.br\\\/pt\\\/#website\",\"url\":\"https:\\\/\\\/www.diariodeouropreto.com.br\\\/pt\\\/\",\"name\":\"Di\u00e1rio de Ouro Preto\",\"description\":\"Not\u00edcias Ouro Preto; Mariana;Minas Gerais;Jornal;Jornalismo;Not\u00edcias;\",\"publisher\":{\"@id\":\"https:\\\/\\\/www.diariodeouropreto.com.br\\\/pt\\\/#organization\"},\"alternateName\":\"Jornal di\u00e1rio de Ouro Preto\",\"potentialAction\":[{\"@type\":\"SearchAction\",\"target\":{\"@type\":\"EntryPoint\",\"urlTemplate\":\"https:\\\/\\\/www.diariodeouropreto.com.br\\\/pt\\\/?s={search_term_string}\"},\"query-input\":{\"@type\":\"PropertyValueSpecification\",\"valueRequired\":true,\"valueName\":\"search_term_string\"}}],\"inLanguage\":\"pt-PT\"},{\"@type\":\"Organization\",\"@id\":\"https:\\\/\\\/www.diariodeouropreto.com.br\\\/pt\\\/#organization\",\"name\":\"Di\u00e1rio de Ouro Preto\",\"alternateName\":\"Jornal di\u00e1rio Ouro Preto\",\"url\":\"https:\\\/\\\/www.diariodeouropreto.com.br\\\/pt\\\/\",\"logo\":{\"@type\":\"ImageObject\",\"inLanguage\":\"pt-PT\",\"@id\":\"https:\\\/\\\/www.diariodeouropreto.com.br\\\/pt\\\/#\\\/schema\\\/logo\\\/image\\\/\",\"url\":\"https:\\\/\\\/www.diariodeouropreto.com.br\\\/wp-content\\\/uploads\\\/2019\\\/06\\\/cropped-logotransp-2.png\",\"contentUrl\":\"https:\\\/\\\/www.diariodeouropreto.com.br\\\/wp-content\\\/uploads\\\/2019\\\/06\\\/cropped-logotransp-2.png\",\"width\":1323,\"height\":251,\"caption\":\"Di\u00e1rio de Ouro Preto\"},\"image\":{\"@id\":\"https:\\\/\\\/www.diariodeouropreto.com.br\\\/pt\\\/#\\\/schema\\\/logo\\\/image\\\/\"},\"sameAs\":[\"https:\\\/\\\/www.facebook.com\\\/diariodeouropreto\\\/\"]},{\"@type\":\"Person\",\"@id\":\"https:\\\/\\\/www.diariodeouropreto.com.br\\\/pt\\\/#\\\/schema\\\/person\\\/7654e7b471204a6dab6dc0ce6e140c99\",\"name\":\"Di\u00e1rio de Ouro Preto\",\"sameAs\":[\"http:\\\/\\\/www.diariodeouropreto.com.br\"],\"url\":\"https:\\\/\\\/www.diariodeouropreto.com.br\\\/pt\\\/author\\\/diario\\\/\"}]}<\/script>\n<!-- \/ Yoast SEO plugin. -->","yoast_head_json":{"title":"Pesquisa sugere que vacina de z\u00f3ster previne doen\u00e7as do cora\u00e7\u00e3o - Di\u00e1rio de Ouro Preto","description":"Imunizante est\u00e1 dispon\u00edvel apenas na rede privada do Brasil","robots":{"index":"index","follow":"follow","max-snippet":"max-snippet:-1","max-image-preview":"max-image-preview:large","max-video-preview":"max-video-preview:-1"},"canonical":"https:\/\/www.diariodeouropreto.com.br\/pt\/pesquisa-sugere-que-vacina-de-zoster-previne-doencas-do-coracao\/","og_locale":"pt_PT","og_type":"article","og_title":"Pesquisa sugere que vacina de z\u00f3ster previne doen\u00e7as do cora\u00e7\u00e3o - Di\u00e1rio de Ouro Preto","og_description":"Imunizante est\u00e1 dispon\u00edvel apenas na rede privada do Brasil","og_url":"https:\/\/www.diariodeouropreto.com.br\/pt\/pesquisa-sugere-que-vacina-de-zoster-previne-doencas-do-coracao\/","og_site_name":"Di\u00e1rio de Ouro Preto","article_publisher":"https:\/\/www.facebook.com\/diariodeouropreto\/","article_published_time":"2025-09-01T15:38:39+00:00","article_modified_time":"2025-09-01T15:38:48+00:00","og_image":[{"width":1170,"height":700,"url":"https:\/\/www.diariodeouropreto.com.br\/wp-content\/uploads\/2025\/09\/625613.webp","type":"image\/webp"}],"author":"Di\u00e1rio de Ouro Preto","twitter_card":"summary_large_image","twitter_misc":{"Escrito por":"Di\u00e1rio de Ouro Preto","Tempo estimado de leitura":"6 minutos"},"schema":{"@context":"https:\/\/schema.org","@graph":[{"@type":"Article","@id":"https:\/\/www.diariodeouropreto.com.br\/pesquisa-sugere-que-vacina-de-zoster-previne-doencas-do-coracao\/#article","isPartOf":{"@id":"https:\/\/www.diariodeouropreto.com.br\/pesquisa-sugere-que-vacina-de-zoster-previne-doencas-do-coracao\/"},"author":{"name":"Di\u00e1rio de Ouro Preto","@id":"https:\/\/www.diariodeouropreto.com.br\/pt\/#\/schema\/person\/7654e7b471204a6dab6dc0ce6e140c99"},"headline":"Pesquisa sugere que vacina de z\u00f3ster previne doen\u00e7as do cora\u00e7\u00e3o","datePublished":"2025-09-01T15:38:39+00:00","dateModified":"2025-09-01T15:38:48+00:00","mainEntityOfPage":{"@id":"https:\/\/www.diariodeouropreto.com.br\/pesquisa-sugere-que-vacina-de-zoster-previne-doencas-do-coracao\/"},"wordCount":1131,"commentCount":0,"publisher":{"@id":"https:\/\/www.diariodeouropreto.com.br\/pt\/#organization"},"image":{"@id":"https:\/\/www.diariodeouropreto.com.br\/pesquisa-sugere-que-vacina-de-zoster-previne-doencas-do-coracao\/#primaryimage"},"thumbnailUrl":"https:\/\/www.diariodeouropreto.com.br\/wp-content\/uploads\/2025\/09\/625613.webp","articleSection":["Sa\u00fade"],"inLanguage":"pt-PT","potentialAction":[{"@type":"CommentAction","name":"Comment","target":["https:\/\/www.diariodeouropreto.com.br\/pesquisa-sugere-que-vacina-de-zoster-previne-doencas-do-coracao\/#respond"]}]},{"@type":"WebPage","@id":"https:\/\/www.diariodeouropreto.com.br\/pesquisa-sugere-que-vacina-de-zoster-previne-doencas-do-coracao\/","url":"https:\/\/www.diariodeouropreto.com.br\/pesquisa-sugere-que-vacina-de-zoster-previne-doencas-do-coracao\/","name":"Pesquisa sugere que vacina de z\u00f3ster previne doen\u00e7as do cora\u00e7\u00e3o - Di\u00e1rio de Ouro Preto","isPartOf":{"@id":"https:\/\/www.diariodeouropreto.com.br\/pt\/#website"},"primaryImageOfPage":{"@id":"https:\/\/www.diariodeouropreto.com.br\/pesquisa-sugere-que-vacina-de-zoster-previne-doencas-do-coracao\/#primaryimage"},"image":{"@id":"https:\/\/www.diariodeouropreto.com.br\/pesquisa-sugere-que-vacina-de-zoster-previne-doencas-do-coracao\/#primaryimage"},"thumbnailUrl":"https:\/\/www.diariodeouropreto.com.br\/wp-content\/uploads\/2025\/09\/625613.webp","datePublished":"2025-09-01T15:38:39+00:00","dateModified":"2025-09-01T15:38:48+00:00","description":"Imunizante est\u00e1 dispon\u00edvel apenas na rede privada do Brasil","breadcrumb":{"@id":"https:\/\/www.diariodeouropreto.com.br\/pesquisa-sugere-que-vacina-de-zoster-previne-doencas-do-coracao\/#breadcrumb"},"inLanguage":"pt-PT","potentialAction":[{"@type":"ReadAction","target":["https:\/\/www.diariodeouropreto.com.br\/pesquisa-sugere-que-vacina-de-zoster-previne-doencas-do-coracao\/"]}]},{"@type":"ImageObject","inLanguage":"pt-PT","@id":"https:\/\/www.diariodeouropreto.com.br\/pesquisa-sugere-que-vacina-de-zoster-previne-doencas-do-coracao\/#primaryimage","url":"https:\/\/www.diariodeouropreto.com.br\/wp-content\/uploads\/2025\/09\/625613.webp","contentUrl":"https:\/\/www.diariodeouropreto.com.br\/wp-content\/uploads\/2025\/09\/625613.webp","width":1170,"height":700},{"@type":"BreadcrumbList","@id":"https:\/\/www.diariodeouropreto.com.br\/pesquisa-sugere-que-vacina-de-zoster-previne-doencas-do-coracao\/#breadcrumb","itemListElement":[{"@type":"ListItem","position":1,"name":"In\u00edcio","item":"https:\/\/www.diariodeouropreto.com.br\/pt\/"},{"@type":"ListItem","position":2,"name":"Pesquisa sugere que vacina de z\u00f3ster previne doen\u00e7as do cora\u00e7\u00e3o"}]},{"@type":"WebSite","@id":"https:\/\/www.diariodeouropreto.com.br\/pt\/#website","url":"https:\/\/www.diariodeouropreto.com.br\/pt\/","name":"Di\u00e1rio de Ouro Preto","description":"Not\u00edcias Ouro Preto; Mariana;Minas Gerais;Jornal;Jornalismo;Not\u00edcias;","publisher":{"@id":"https:\/\/www.diariodeouropreto.com.br\/pt\/#organization"},"alternateName":"Jornal di\u00e1rio de Ouro Preto","potentialAction":[{"@type":"SearchAction","target":{"@type":"EntryPoint","urlTemplate":"https:\/\/www.diariodeouropreto.com.br\/pt\/?s={search_term_string}"},"query-input":{"@type":"PropertyValueSpecification","valueRequired":true,"valueName":"search_term_string"}}],"inLanguage":"pt-PT"},{"@type":"Organization","@id":"https:\/\/www.diariodeouropreto.com.br\/pt\/#organization","name":"Di\u00e1rio de Ouro Preto","alternateName":"Jornal di\u00e1rio Ouro Preto","url":"https:\/\/www.diariodeouropreto.com.br\/pt\/","logo":{"@type":"ImageObject","inLanguage":"pt-PT","@id":"https:\/\/www.diariodeouropreto.com.br\/pt\/#\/schema\/logo\/image\/","url":"https:\/\/www.diariodeouropreto.com.br\/wp-content\/uploads\/2019\/06\/cropped-logotransp-2.png","contentUrl":"https:\/\/www.diariodeouropreto.com.br\/wp-content\/uploads\/2019\/06\/cropped-logotransp-2.png","width":1323,"height":251,"caption":"Di\u00e1rio de Ouro Preto"},"image":{"@id":"https:\/\/www.diariodeouropreto.com.br\/pt\/#\/schema\/logo\/image\/"},"sameAs":["https:\/\/www.facebook.com\/diariodeouropreto\/"]},{"@type":"Person","@id":"https:\/\/www.diariodeouropreto.com.br\/pt\/#\/schema\/person\/7654e7b471204a6dab6dc0ce6e140c99","name":"Di\u00e1rio de Ouro Preto","sameAs":["http:\/\/www.diariodeouropreto.com.br"],"url":"https:\/\/www.diariodeouropreto.com.br\/pt\/author\/diario\/"}]}},"jetpack_publicize_connections":[],"jetpack_featured_media_url":"https:\/\/www.diariodeouropreto.com.br\/wp-content\/uploads\/2025\/09\/625613.webp","jetpack-related-posts":[{"id":19691,"url":"https:\/\/www.diariodeouropreto.com.br\/pt\/controle-de-qualidade-consome-ate-70-do-tempo-de-fabricacao-de-vacina\/","url_meta":{"origin":47249,"position":0},"title":"Controle de qualidade consome at\u00e9 70% do tempo de fabrica\u00e7\u00e3o de vacina","author":"Di\u00e1rio de Ouro Preto","date":"3 de Dezembro de 2022","format":false,"excerpt":"Fabricar uma vacina \u00e9 um processo com uma s\u00e9rie de etapas que pode levar at\u00e9 36 meses para ser conclu\u00eddo, tudo isso antes que o frasco com o imunizante deixe a f\u00e1brica e siga para os postos de vacina\u00e7\u00e3o. Nessa jornada de tr\u00eas anos, mais do que dois podem ser\u2026","rel":"","context":"In &quot;Sa\u00fade&quot;","block_context":{"text":"Sa\u00fade","link":"https:\/\/www.diariodeouropreto.com.br\/pt\/Editoria\/saude\/"},"img":{"alt_text":"","src":"https:\/\/i0.wp.com\/www.diariodeouropreto.com.br\/wp-content\/uploads\/2022\/12\/gsk-production_line1.jpg?resize=350%2C200&ssl=1","width":350,"height":200,"srcset":"https:\/\/i0.wp.com\/www.diariodeouropreto.com.br\/wp-content\/uploads\/2022\/12\/gsk-production_line1.jpg?resize=350%2C200&ssl=1 1x, https:\/\/i0.wp.com\/www.diariodeouropreto.com.br\/wp-content\/uploads\/2022\/12\/gsk-production_line1.jpg?resize=525%2C300&ssl=1 1.5x, https:\/\/i0.wp.com\/www.diariodeouropreto.com.br\/wp-content\/uploads\/2022\/12\/gsk-production_line1.jpg?resize=700%2C400&ssl=1 2x, https:\/\/i0.wp.com\/www.diariodeouropreto.com.br\/wp-content\/uploads\/2022\/12\/gsk-production_line1.jpg?resize=1050%2C600&ssl=1 3x"},"classes":[]},{"id":47633,"url":"https:\/\/www.diariodeouropreto.com.br\/pt\/vacina-da-covid-tambem-protege-contra-complicacoes-cardiacas-da-doenca\/","url_meta":{"origin":47249,"position":1},"title":"Vacina da covid tamb\u00e9m protege contra complica\u00e7\u00f5es card\u00edacas da doen\u00e7a","author":"Di\u00e1rio de Ouro Preto","date":"20 de Setembro de 2025","format":false,"excerpt":"Cientistas europeus publicaram novo consenso sobre preven\u00e7\u00e3o A vacina\u00e7\u00e3o contra a covid-19 tamb\u00e9m protege contra a covid longa e as doen\u00e7as cardiovasculares relacionadas ao v\u00edrus, de acordo com\u00a0novo consenso cl\u00ednico\u00a0publicado nesta quinta-feira (18), em ingl\u00eas, na Revista Europeia de Cardiologia Preventiva. \"A vacina\u00e7\u00e3o continua sendo a pedra angular da preven\u00e7\u00e3o,\u2026","rel":"","context":"In &quot;Sa\u00fade&quot;","block_context":{"text":"Sa\u00fade","link":"https:\/\/www.diariodeouropreto.com.br\/pt\/Editoria\/saude\/"},"img":{"alt_text":"","src":"https:\/\/i0.wp.com\/www.diariodeouropreto.com.br\/wp-content\/uploads\/2025\/09\/vacina_metro2.webp?resize=350%2C200&ssl=1","width":350,"height":200,"srcset":"https:\/\/i0.wp.com\/www.diariodeouropreto.com.br\/wp-content\/uploads\/2025\/09\/vacina_metro2.webp?resize=350%2C200&ssl=1 1x, https:\/\/i0.wp.com\/www.diariodeouropreto.com.br\/wp-content\/uploads\/2025\/09\/vacina_metro2.webp?resize=525%2C300&ssl=1 1.5x, https:\/\/i0.wp.com\/www.diariodeouropreto.com.br\/wp-content\/uploads\/2025\/09\/vacina_metro2.webp?resize=700%2C400&ssl=1 2x, https:\/\/i0.wp.com\/www.diariodeouropreto.com.br\/wp-content\/uploads\/2025\/09\/vacina_metro2.webp?resize=1050%2C600&ssl=1 3x"},"classes":[]},{"id":25743,"url":"https:\/\/www.diariodeouropreto.com.br\/pt\/pni-vai-alem-de-vacinas-e-inclui-ate-soros-antiofidicos\/","url_meta":{"origin":47249,"position":2},"title":"PNI vai al\u00e9m de vacinas e inclui at\u00e9 soros antiof\u00eddicos","author":"Di\u00e1rio de Ouro Preto","date":"26 de Setembro de 2023","format":false,"excerpt":"Programa oferece 28 imunobiol\u00f3gicos especiais Uma gestante que nunca teve catapora tem contato direto com uma pessoa com a doen\u00e7a, que \u00e9 altamente transmiss\u00edvel e pode causar malforma\u00e7\u00e3o em beb\u00eas. Mesmo com a\u00a0tetraviral dispon\u00edvel desde a inf\u00e2ncia, ela nunca se vacinou e descobre que n\u00e3o pode receber as doses durante\u2026","rel":"","context":"In &quot;Ouro Preto&quot;","block_context":{"text":"Ouro Preto","link":"https:\/\/www.diariodeouropreto.com.br\/pt\/Editoria\/ouro-preto\/"},"img":{"alt_text":"","src":"https:\/\/i0.wp.com\/www.diariodeouropreto.com.br\/wp-content\/uploads\/2023\/09\/alta_extracao2_jv.jpg?resize=350%2C200&ssl=1","width":350,"height":200,"srcset":"https:\/\/i0.wp.com\/www.diariodeouropreto.com.br\/wp-content\/uploads\/2023\/09\/alta_extracao2_jv.jpg?resize=350%2C200&ssl=1 1x, https:\/\/i0.wp.com\/www.diariodeouropreto.com.br\/wp-content\/uploads\/2023\/09\/alta_extracao2_jv.jpg?resize=525%2C300&ssl=1 1.5x, https:\/\/i0.wp.com\/www.diariodeouropreto.com.br\/wp-content\/uploads\/2023\/09\/alta_extracao2_jv.jpg?resize=700%2C400&ssl=1 2x, https:\/\/i0.wp.com\/www.diariodeouropreto.com.br\/wp-content\/uploads\/2023\/09\/alta_extracao2_jv.jpg?resize=1050%2C600&ssl=1 3x"},"classes":[]},{"id":8004,"url":"https:\/\/www.diariodeouropreto.com.br\/pt\/covid-19-prefeitura-de-itabirito-abre-pre-cadastro-para-vacinacao-de-pessoas-de-18-a-59-anos-e-gestantes-com-comorbidades\/","url_meta":{"origin":47249,"position":3},"title":"Covid-19: Prefeitura de Itabirito abre pr\u00e9-cadastro para vacina\u00e7\u00e3o de pessoas de 18 a 59 anos e gestantes com comorbidades","author":"Di\u00e1rio de Ouro Preto","date":"6 de Maio de 2021","format":false,"excerpt":"A Prefeitura de Itabirito abriu nesta quinta-feira, dia 6 de maio, o pr\u00e9-cadastramento online para vacina\u00e7\u00e3o contra Covid-19 de pessoas com comorbidades na faixa et\u00e1ria entre 18 e 59 anos, al\u00e9m de gestantes e pu\u00e9rperas com comorbidades. O formul\u00e1rio poder\u00e1 ser acessado, por meio do site oficial da Prefeitura de\u2026","rel":"","context":"In &quot;Itabirito&quot;","block_context":{"text":"Itabirito","link":"https:\/\/www.diariodeouropreto.com.br\/pt\/Editoria\/itabirito\/"},"img":{"alt_text":"","src":"https:\/\/i0.wp.com\/www.diariodeouropreto.com.br\/wp-content\/uploads\/2021\/05\/Vacinacao-Covid-19.jpg?resize=350%2C200&ssl=1","width":350,"height":200,"srcset":"https:\/\/i0.wp.com\/www.diariodeouropreto.com.br\/wp-content\/uploads\/2021\/05\/Vacinacao-Covid-19.jpg?resize=350%2C200&ssl=1 1x, https:\/\/i0.wp.com\/www.diariodeouropreto.com.br\/wp-content\/uploads\/2021\/05\/Vacinacao-Covid-19.jpg?resize=525%2C300&ssl=1 1.5x"},"classes":[]},{"id":5791,"url":"https:\/\/www.diariodeouropreto.com.br\/pt\/governo-entrega-ao-stf-plano-nacional-de-vacinacao-contra-a-covid-19\/","url_meta":{"origin":47249,"position":4},"title":"Governo entrega ao STF plano nacional de vacina\u00e7\u00e3o contra a covid-19","author":"Di\u00e1rio de Ouro Preto","date":"12 de Dezembro de 2020","format":false,"excerpt":"O governo federal entregou neste s\u00e1bado (12), ao Supremo Tribunal Federal (STF), o plano nacional de imuniza\u00e7\u00e3o contra a covid-19. O documento foi entregue pelo advogado-geral da Uni\u00e3o, Jos\u00e9 Levi, ao ministro Ricardo Lewandovski, relator das a\u00e7\u00f5es que tratam da obrigatoriedade da vacina e outras medidas de combate \u00e0 pandemia.\u2026","rel":"","context":"In &quot;Sa\u00fade&quot;","block_context":{"text":"Sa\u00fade","link":"https:\/\/www.diariodeouropreto.com.br\/pt\/Editoria\/saude\/"},"img":{"alt_text":"","src":"https:\/\/i0.wp.com\/www.diariodeouropreto.com.br\/wp-content\/uploads\/2020\/02\/titulo-site3-2-scaled-e1613680230325.jpg?resize=350%2C200&ssl=1","width":350,"height":200,"srcset":"https:\/\/i0.wp.com\/www.diariodeouropreto.com.br\/wp-content\/uploads\/2020\/02\/titulo-site3-2-scaled-e1613680230325.jpg?resize=350%2C200&ssl=1 1x, https:\/\/i0.wp.com\/www.diariodeouropreto.com.br\/wp-content\/uploads\/2020\/02\/titulo-site3-2-scaled-e1613680230325.jpg?resize=525%2C300&ssl=1 1.5x"},"classes":[]},{"id":25572,"url":"https:\/\/www.diariodeouropreto.com.br\/pt\/prevenivel-por-vacina-hpv-e-a-infeccao-mais-associada-ao-cancer\/","url_meta":{"origin":47249,"position":5},"title":"Preven\u00edvel por vacina, HPV \u00e9 a infec\u00e7\u00e3o mais associada ao c\u00e2ncer","author":"Di\u00e1rio de Ouro Preto","date":"19 de Setembro de 2023","format":false,"excerpt":"A vacina\u00e7\u00e3o contra o Papilomav\u00edrus Humano (HPV) j\u00e1 est\u00e1 dispon\u00edvel gratuitamente no Brasil desde 2014. No entanto, levar a prote\u00e7\u00e3o contra esse v\u00edrus a crian\u00e7as e adolescentes tem sido um esfor\u00e7o com resultados muito aqu\u00e9m do necess\u00e1rio. Dados da Organiza\u00e7\u00e3o Pan-Americana da Sa\u00fade (Opas) mostram que em 2021 apenas 37%\u2026","rel":"","context":"In &quot;Sa\u00fade&quot;","block_context":{"text":"Sa\u00fade","link":"https:\/\/www.diariodeouropreto.com.br\/pt\/Editoria\/saude\/"},"img":{"alt_text":"","src":"https:\/\/i0.wp.com\/www.diariodeouropreto.com.br\/wp-content\/uploads\/2022\/05\/Vacinacao-hepatite.-SES-divulgacao.jpg?resize=350%2C200&ssl=1","width":350,"height":200,"srcset":"https:\/\/i0.wp.com\/www.diariodeouropreto.com.br\/wp-content\/uploads\/2022\/05\/Vacinacao-hepatite.-SES-divulgacao.jpg?resize=350%2C200&ssl=1 1x, https:\/\/i0.wp.com\/www.diariodeouropreto.com.br\/wp-content\/uploads\/2022\/05\/Vacinacao-hepatite.-SES-divulgacao.jpg?resize=525%2C300&ssl=1 1.5x"},"classes":[]}],"jetpack_sharing_enabled":true,"amp_enabled":true,"_links":{"self":[{"href":"https:\/\/www.diariodeouropreto.com.br\/pt\/wp-json\/wp\/v2\/posts\/47249","targetHints":{"allow":["GET"]}}],"collection":[{"href":"https:\/\/www.diariodeouropreto.com.br\/pt\/wp-json\/wp\/v2\/posts"}],"about":[{"href":"https:\/\/www.diariodeouropreto.com.br\/pt\/wp-json\/wp\/v2\/types\/post"}],"author":[{"embeddable":true,"href":"https:\/\/www.diariodeouropreto.com.br\/pt\/wp-json\/wp\/v2\/users\/1"}],"replies":[{"embeddable":true,"href":"https:\/\/www.diariodeouropreto.com.br\/pt\/wp-json\/wp\/v2\/comments?post=47249"}],"version-history":[{"count":1,"href":"https:\/\/www.diariodeouropreto.com.br\/pt\/wp-json\/wp\/v2\/posts\/47249\/revisions"}],"predecessor-version":[{"id":47256,"href":"https:\/\/www.diariodeouropreto.com.br\/pt\/wp-json\/wp\/v2\/posts\/47249\/revisions\/47256"}],"wp:featuredmedia":[{"embeddable":true,"href":"https:\/\/www.diariodeouropreto.com.br\/pt\/wp-json\/wp\/v2\/media\/47255"}],"wp:attachment":[{"href":"https:\/\/www.diariodeouropreto.com.br\/pt\/wp-json\/wp\/v2\/media?parent=47249"}],"wp:term":[{"taxonomy":"category","embeddable":true,"href":"https:\/\/www.diariodeouropreto.com.br\/pt\/wp-json\/wp\/v2\/categories?post=47249"},{"taxonomy":"post_tag","embeddable":true,"href":"https:\/\/www.diariodeouropreto.com.br\/pt\/wp-json\/wp\/v2\/tags?post=47249"}],"curies":[{"name":"wp","href":"https:\/\/api.w.org\/{rel}","templated":true}]}}