{"id":426,"date":"2019-06-25T16:44:54","date_gmt":"2019-06-25T19:44:54","guid":{"rendered":"https:\/\/www.diariodeouropreto.com.br\/?p=426"},"modified":"2019-06-25T16:47:17","modified_gmt":"2019-06-25T19:47:17","slug":"nova-apac-em-itabirito-tera-84-vagas-para-regimes-fechado-semiaberto-e-aberto","status":"publish","type":"post","link":"https:\/\/www.diariodeouropreto.com.br\/pt\/nova-apac-em-itabirito-tera-84-vagas-para-regimes-fechado-semiaberto-e-aberto\/","title":{"rendered":"Nova Apac em Itabirito ter\u00e1 84 vagas para regimes fechado, semiaberto e aberto"},"content":{"rendered":"<p style=\"font-size:18px\">O\u00a0<a rel=\"noreferrer noopener follow external sponsored ugc\" href=\"http:\/\/www.mg.gov.br\/\" target=\"_blank\" data-wpel-link=\"external\">Governo de Minas Gerais<\/a>, por meio da\u00a0<a rel=\"noreferrer noopener follow external sponsored ugc\" href=\"http:\/\/www.seap.mg.gov.br\/\" target=\"_blank\" data-wpel-link=\"external\">Secretaria de Administra\u00e7\u00e3o Prisional<\/a>, ser\u00e1 respons\u00e1vel pela manuten\u00e7\u00e3o da nova Associa\u00e7\u00e3o de Prote\u00e7\u00e3o e Assist\u00eancia aos Condenados (Apac) de Itabirito, na regi\u00e3o Central do estado. A unidade foi inaugurada nesta segunda-feira (24).<\/p>\n\n\n\n<p style=\"font-size:18px\">A constru\u00e7\u00e3o teve um investimento de R$ 2.145.400,69. Parte da verba &#8211; R$ 300 mil -, foi proveniente do Tribunal de Justi\u00e7a de Minas Gerais (TJMG). Por sua vez, o Estado destinou&nbsp;R$ 1.845.400,69,&nbsp;por meio de conv\u00eanio entre a Apac e a&nbsp;<a href=\"https:\/\/www.mgipart.com.br\/\" target=\"_blank\" rel=\"noreferrer noopener follow external sponsored ugc\" data-wpel-link=\"external\">Minas Gerais Participa\u00e7\u00f5es (MGI)<\/a>.<\/p>\n\n\n\n<p style=\"font-size:18px\">A Apac de Itabirito \u00e9 dedicada ao p\u00fablico masculino e ter\u00e1 capacidade para 84 recuperandos \u2013 40 para o regime fechado, 28 para o semiaberto e 16 para o aberto. As vagas da nova Apac ser\u00e3o destinadas inicialmente aos presos da Comarca de Itabirito, podendo receber no futuro, via decis\u00e3o judicial, detentos de outras comarcas.<\/p>\n\n\n\n<p style=\"font-size:18px\">O semiaberto ter\u00e1 espa\u00e7os destinados para oficina, sala de aula, padaria, biblioteca e horta, com disponibilidade f\u00edsica para a cria\u00e7\u00e3o de outras estruturas. J\u00e1 o fechado ter\u00e1 espa\u00e7os para laborterapia e sala de aula. A Apac possui, ainda, \u00e1reas destinadas \u00e0 estrutura administrativa, com farm\u00e1cia, setor jur\u00eddico, setor financeiro e espa\u00e7os para atendimento \u00e0 fam\u00edlia e atendimento t\u00e9cnico. Os consult\u00f3rios m\u00e9dico e odontol\u00f3gico s\u00e3o comuns aos tr\u00eas regimes.<\/p>\n\n\n\n<p style=\"font-size:18px\">O Centro de Reintegra\u00e7\u00e3o Social (CRS) M\u00e1rio Ottoboni est\u00e1 localizado na zona rural do munic\u00edpio. Foi constru\u00eddo em um terreno de quase 4,5 metros quadrados, com uma \u00e1rea coberta total de cerca de 1,8 metros quadrados. Essa nova unidade&nbsp;soma-se a outras duas Apacs da 3\u00aa Regi\u00e3o Integrada de Seguran\u00e7a P\u00fablica (Risp) &#8211; de&nbsp;Nova Lima e de Santa Luzia. Ao todo, passam a ser&nbsp;376 vagas em CRSs na regi\u00e3o.<\/p>\n\n\n\n<p style=\"font-size:18px\">Minas Gerais \u00e9 o estado que mais possui Apacs, com 86 unidades do tipo. Desse total, 45 mant\u00eam conv\u00eanio com o Governo do Estado, sendo seis em constru\u00e7\u00e3o e 38 para manuten\u00e7\u00e3o de despesas, totalizando 3.708 vagas mantidas com verbas estaduais.<\/p>\n\n\n\n<p style=\"font-size:18px\">Prestigiaram a solenidade, o secret\u00e1rio-adjunto de Justi\u00e7a, Gustavo Henrique Wykrota Tostes; o desembargador aposentado Jos\u00e9 Ant\u00f4nio Braga;&nbsp;o desembargador Caetano Levy;&nbsp;o juiz auxiliar da presid\u00eancia do TJMG, Luiz Carlos Rezende e Santos; a ju\u00edza V\u00e2nia da Concei\u00e7\u00e3o Pinto Borges;&nbsp;o vice-presidente da Assembleia Legislativa de Minas, deputado Alencar da Slveira J\u00fanior; o prefeito interino de Itabirito, Arnaldo Pereira dos Santos; o promotor de justi\u00e7a da comarca local, Humberto de Almeida Bizzo, entre outras autoridades, pessoas da comunidade e volunt\u00e1rios que ajudaram a construir a nova unidade.<\/p>\n\n\n\n<p><strong>M\u00e9todo Apac<\/strong><\/p>\n\n\n\n<p style=\"font-size:18px\">O m\u00e9todo foi criado em 1972, pelo advogado e jornalista, M\u00e1rio Ottoboni, e implantado inicialmente em S\u00e3o Jos\u00e9 dos Campos (SP), com o objetivo de promover a humaniza\u00e7\u00e3o das pris\u00f5es, sem perder de vista a finalidade punitiva da pena. Desde 2001, o Governo de Minas Gerais \u00e9 parceiro do Poder Judici\u00e1rio. O modelo auxilia na execu\u00e7\u00e3o penal e na administra\u00e7\u00e3o do cumprimento das penas privativas de liberdade dos regimes fechado, semiaberto e aberto.<\/p>\n\n\n\n<div id=\"110712\" class=\"advads-saneouro advads-entity-placement\" style=\"margin-left: auto;margin-right: auto;text-align: center;\"><a href=\"https:\/\/www.saneouro.com.br\/\" target=\"_blank\" aria-label=\"DOP_Site\" data-wpel-link=\"external\" rel=\"follow external noopener noreferrer sponsored ugc\"><img src=\"https:\/\/www.diariodeouropreto.com.br\/wp-content\/uploads\/2026\/04\/DOP_Site.jpg\" alt=\"\"  srcset=\"https:\/\/www.diariodeouropreto.com.br\/wp-content\/uploads\/2026\/04\/DOP_Site.jpg 301w, https:\/\/www.diariodeouropreto.com.br\/wp-content\/uploads\/2026\/04\/DOP_Site-180x150.jpg 180w, https:\/\/www.diariodeouropreto.com.br\/wp-content\/uploads\/2026\/04\/DOP_Site-14x12.jpg 14w\" sizes=\"(max-width: 301px) 100vw, 301px\" width=\"301\" height=\"251\"  style=\"display: inline-block;\" \/><\/a><\/div><p style=\"font-size:18px\">O trabalho da Apac baseia-se em um m\u00e9todo que se destaca pela corresponsabilidade do preso em sua recupera\u00e7\u00e3o, pelo envolvimento e colabora\u00e7\u00e3o dos familiares dos presos &#8211; tendo em vista a municipaliza\u00e7\u00e3o da execu\u00e7\u00e3o penal \u2013 e pela solidariedade e disciplina para reciclar valores e desenvolver habilidades profissionais dos condenados.O m\u00e9todo Apac \u00e9 aplicado em 10 estados e no Distrito Federal, al\u00e9m de em outros 28 pa\u00edses.\n\n<\/p>\n\n\n\n<div id=\"50321\" class=\"advads-plantao advads-entity-placement\"><a href=\"https:\/\/www.diariodeouropreto.com.br\/pt\/\" target=\"_blank\" aria-label=\"site &#8211; noticia\" data-wpel-link=\"external\" rel=\"follow external noopener noreferrer sponsored ugc\"><img src=\"https:\/\/www.diariodeouropreto.com.br\/wp-content\/uploads\/2019\/09\/titulosite2-e1616373489755.jpg\" alt=\"\"  srcset=\"https:\/\/www.diariodeouropreto.com.br\/wp-content\/uploads\/2019\/09\/titulosite2-e1616373489755.jpg 1200w, https:\/\/www.diariodeouropreto.com.br\/wp-content\/uploads\/2019\/09\/titulosite2-e1616373489755-150x38.jpg 150w, https:\/\/www.diariodeouropreto.com.br\/wp-content\/uploads\/2019\/09\/titulosite2-e1616373489755-660x167.jpg 660w, https:\/\/www.diariodeouropreto.com.br\/wp-content\/uploads\/2019\/09\/titulosite2-e1616373489755-768x194.jpg 768w, https:\/\/www.diariodeouropreto.com.br\/wp-content\/uploads\/2019\/09\/titulosite2-e1616373489755-1000x252.jpg 1000w, https:\/\/www.diariodeouropreto.com.br\/wp-content\/uploads\/2019\/09\/titulosite2-e1616373489755-1536x388.jpg 1536w, https:\/\/www.diariodeouropreto.com.br\/wp-content\/uploads\/2019\/09\/titulosite2-e1616373489755-2048x517.jpg 2048w\" sizes=\"(max-width: 1200px) 100vw, 1200px\" width=\"1200\" height=\"303\"  style=\"display: inline-block;\" \/><\/a><\/div><p class=\"has-small-font-size\">Ag\u00eancia Minas<\/p>","protected":false},"excerpt":{"rendered":"<p>O\u00a0Governo de Minas Gerais, por meio da\u00a0Secretaria de Administra\u00e7\u00e3o Prisional, ser\u00e1 respons\u00e1vel pela manuten\u00e7\u00e3o da nova Associa\u00e7\u00e3o de Prote\u00e7\u00e3o e Assist\u00eancia aos Condenados (Apac) de Itabirito, na regi\u00e3o Central do estado. A unidade foi inaugurada nesta segunda-feira (24). A constru\u00e7\u00e3o teve um investimento de R$ 2.145.400,69. Parte da verba &#8211;<span class=\"more-link\"><a href=\"https:\/\/www.diariodeouropreto.com.br\/pt\/nova-apac-em-itabirito-tera-84-vagas-para-regimes-fechado-semiaberto-e-aberto\/\" data-wpel-link=\"internal\">Continue Lendo<\/a><\/span><\/p>","protected":false},"author":1,"featured_media":430,"comment_status":"closed","ping_status":"closed","sticky":false,"template":"","format":"standard","meta":{"_jetpack_memberships_contains_paid_content":false,"footnotes":"","jetpack_publicize_message":"","jetpack_publicize_feature_enabled":true,"jetpack_social_post_already_shared":false,"jetpack_social_options":{"image_generator_settings":{"template":"highway","default_image_id":0,"font":"","enabled":false},"version":2}},"categories":[5],"tags":[],"class_list":["entry","author-diario","post-426","post","type-post","status-publish","format-standard","has-post-thumbnail","category-cidades"],"yoast_head":"<!-- This site is optimized with the Yoast SEO plugin v27.5 - https:\/\/yoast.com\/product\/yoast-seo-wordpress\/ -->\n<title>Nova Apac em Itabirito ter\u00e1 84 vagas para regimes fechado, semiaberto e aberto - Di\u00e1rio de Ouro Preto<\/title>\n<meta name=\"description\" content=\"- Nova Apac em Itabirito ter\u00e1 84 vagas para regimes fechado, semiaberto e aberto - Cidades\" \/>\n<meta name=\"robots\" content=\"index, follow, max-snippet:-1, max-image-preview:large, max-video-preview:-1\" \/>\n<link rel=\"canonical\" href=\"https:\/\/www.diariodeouropreto.com.br\/pt\/nova-apac-em-itabirito-tera-84-vagas-para-regimes-fechado-semiaberto-e-aberto\/\" \/>\n<meta property=\"og:locale\" content=\"pt_PT\" \/>\n<meta property=\"og:type\" content=\"article\" \/>\n<meta property=\"og:title\" content=\"Nova Apac em Itabirito ter\u00e1 84 vagas para regimes fechado, semiaberto e aberto - Di\u00e1rio de Ouro Preto\" \/>\n<meta property=\"og:description\" content=\"- Nova Apac em Itabirito ter\u00e1 84 vagas para regimes fechado, semiaberto e aberto - Cidades\" \/>\n<meta property=\"og:url\" content=\"https:\/\/www.diariodeouropreto.com.br\/pt\/nova-apac-em-itabirito-tera-84-vagas-para-regimes-fechado-semiaberto-e-aberto\/\" \/>\n<meta property=\"og:site_name\" content=\"Di\u00e1rio de Ouro Preto\" \/>\n<meta property=\"article:publisher\" content=\"https:\/\/www.facebook.com\/diariodeouropreto\/\" \/>\n<meta property=\"article:published_time\" content=\"2019-06-25T19:44:54+00:00\" \/>\n<meta property=\"article:modified_time\" content=\"2019-06-25T19:47:17+00:00\" \/>\n<meta property=\"og:image\" content=\"https:\/\/www.diariodeouropreto.com.br\/wp-content\/uploads\/2019\/06\/nova-apac-em-itabirito-tera-84-vagas-para-regimes-fechado-semiaberto-e-aberto_1.jpg\" \/>\n\t<meta property=\"og:image:width\" content=\"1200\" \/>\n\t<meta property=\"og:image:height\" content=\"800\" \/>\n\t<meta property=\"og:image:type\" content=\"image\/jpeg\" \/>\n<meta name=\"author\" content=\"Di\u00e1rio de Ouro Preto\" \/>\n<meta name=\"twitter:card\" content=\"summary_large_image\" \/>\n<meta name=\"twitter:label1\" content=\"Escrito por\" \/>\n\t<meta name=\"twitter:data1\" content=\"Di\u00e1rio de Ouro Preto\" \/>\n\t<meta name=\"twitter:label2\" content=\"Tempo estimado de leitura\" \/>\n\t<meta name=\"twitter:data2\" content=\"3 minutos\" \/>\n<script type=\"application\/ld+json\" class=\"yoast-schema-graph\">{\"@context\":\"https:\\\/\\\/schema.org\",\"@graph\":[{\"@type\":\"Article\",\"@id\":\"https:\\\/\\\/www.diariodeouropreto.com.br\\\/nova-apac-em-itabirito-tera-84-vagas-para-regimes-fechado-semiaberto-e-aberto\\\/#article\",\"isPartOf\":{\"@id\":\"https:\\\/\\\/www.diariodeouropreto.com.br\\\/nova-apac-em-itabirito-tera-84-vagas-para-regimes-fechado-semiaberto-e-aberto\\\/\"},\"author\":{\"name\":\"Di\u00e1rio de Ouro Preto\",\"@id\":\"https:\\\/\\\/www.diariodeouropreto.com.br\\\/pt\\\/#\\\/schema\\\/person\\\/7654e7b471204a6dab6dc0ce6e140c99\"},\"headline\":\"Nova Apac em Itabirito ter\u00e1 84 vagas para regimes fechado, semiaberto e aberto\",\"datePublished\":\"2019-06-25T19:44:54+00:00\",\"dateModified\":\"2019-06-25T19:47:17+00:00\",\"mainEntityOfPage\":{\"@id\":\"https:\\\/\\\/www.diariodeouropreto.com.br\\\/nova-apac-em-itabirito-tera-84-vagas-para-regimes-fechado-semiaberto-e-aberto\\\/\"},\"wordCount\":615,\"publisher\":{\"@id\":\"https:\\\/\\\/www.diariodeouropreto.com.br\\\/pt\\\/#organization\"},\"image\":{\"@id\":\"https:\\\/\\\/www.diariodeouropreto.com.br\\\/nova-apac-em-itabirito-tera-84-vagas-para-regimes-fechado-semiaberto-e-aberto\\\/#primaryimage\"},\"thumbnailUrl\":\"https:\\\/\\\/www.diariodeouropreto.com.br\\\/wp-content\\\/uploads\\\/2019\\\/06\\\/nova-apac-em-itabirito-tera-84-vagas-para-regimes-fechado-semiaberto-e-aberto_1.jpg\",\"articleSection\":[\"Cidades\"],\"inLanguage\":\"pt-PT\"},{\"@type\":\"WebPage\",\"@id\":\"https:\\\/\\\/www.diariodeouropreto.com.br\\\/nova-apac-em-itabirito-tera-84-vagas-para-regimes-fechado-semiaberto-e-aberto\\\/\",\"url\":\"https:\\\/\\\/www.diariodeouropreto.com.br\\\/nova-apac-em-itabirito-tera-84-vagas-para-regimes-fechado-semiaberto-e-aberto\\\/\",\"name\":\"Nova Apac em Itabirito ter\u00e1 84 vagas para regimes fechado, semiaberto e aberto - Di\u00e1rio de Ouro Preto\",\"isPartOf\":{\"@id\":\"https:\\\/\\\/www.diariodeouropreto.com.br\\\/pt\\\/#website\"},\"primaryImageOfPage\":{\"@id\":\"https:\\\/\\\/www.diariodeouropreto.com.br\\\/nova-apac-em-itabirito-tera-84-vagas-para-regimes-fechado-semiaberto-e-aberto\\\/#primaryimage\"},\"image\":{\"@id\":\"https:\\\/\\\/www.diariodeouropreto.com.br\\\/nova-apac-em-itabirito-tera-84-vagas-para-regimes-fechado-semiaberto-e-aberto\\\/#primaryimage\"},\"thumbnailUrl\":\"https:\\\/\\\/www.diariodeouropreto.com.br\\\/wp-content\\\/uploads\\\/2019\\\/06\\\/nova-apac-em-itabirito-tera-84-vagas-para-regimes-fechado-semiaberto-e-aberto_1.jpg\",\"datePublished\":\"2019-06-25T19:44:54+00:00\",\"dateModified\":\"2019-06-25T19:47:17+00:00\",\"description\":\"- Nova Apac em Itabirito ter\u00e1 84 vagas para regimes fechado, semiaberto e aberto - Cidades\",\"breadcrumb\":{\"@id\":\"https:\\\/\\\/www.diariodeouropreto.com.br\\\/nova-apac-em-itabirito-tera-84-vagas-para-regimes-fechado-semiaberto-e-aberto\\\/#breadcrumb\"},\"inLanguage\":\"pt-PT\",\"potentialAction\":[{\"@type\":\"ReadAction\",\"target\":[\"https:\\\/\\\/www.diariodeouropreto.com.br\\\/nova-apac-em-itabirito-tera-84-vagas-para-regimes-fechado-semiaberto-e-aberto\\\/\"]}]},{\"@type\":\"ImageObject\",\"inLanguage\":\"pt-PT\",\"@id\":\"https:\\\/\\\/www.diariodeouropreto.com.br\\\/nova-apac-em-itabirito-tera-84-vagas-para-regimes-fechado-semiaberto-e-aberto\\\/#primaryimage\",\"url\":\"https:\\\/\\\/www.diariodeouropreto.com.br\\\/wp-content\\\/uploads\\\/2019\\\/06\\\/nova-apac-em-itabirito-tera-84-vagas-para-regimes-fechado-semiaberto-e-aberto_1.jpg\",\"contentUrl\":\"https:\\\/\\\/www.diariodeouropreto.com.br\\\/wp-content\\\/uploads\\\/2019\\\/06\\\/nova-apac-em-itabirito-tera-84-vagas-para-regimes-fechado-semiaberto-e-aberto_1.jpg\",\"width\":1200,\"height\":800},{\"@type\":\"BreadcrumbList\",\"@id\":\"https:\\\/\\\/www.diariodeouropreto.com.br\\\/nova-apac-em-itabirito-tera-84-vagas-para-regimes-fechado-semiaberto-e-aberto\\\/#breadcrumb\",\"itemListElement\":[{\"@type\":\"ListItem\",\"position\":1,\"name\":\"In\u00edcio\",\"item\":\"https:\\\/\\\/www.diariodeouropreto.com.br\\\/pt\\\/\"},{\"@type\":\"ListItem\",\"position\":2,\"name\":\"Nova Apac em Itabirito ter\u00e1 84 vagas para regimes fechado, semiaberto e aberto\"}]},{\"@type\":\"WebSite\",\"@id\":\"https:\\\/\\\/www.diariodeouropreto.com.br\\\/pt\\\/#website\",\"url\":\"https:\\\/\\\/www.diariodeouropreto.com.br\\\/pt\\\/\",\"name\":\"Di\u00e1rio de Ouro Preto\",\"description\":\"Not\u00edcias Ouro Preto; Mariana;Minas Gerais;Jornal;Jornalismo;Not\u00edcias;\",\"publisher\":{\"@id\":\"https:\\\/\\\/www.diariodeouropreto.com.br\\\/pt\\\/#organization\"},\"alternateName\":\"Jornal di\u00e1rio de Ouro Preto\",\"potentialAction\":[{\"@type\":\"SearchAction\",\"target\":{\"@type\":\"EntryPoint\",\"urlTemplate\":\"https:\\\/\\\/www.diariodeouropreto.com.br\\\/pt\\\/?s={search_term_string}\"},\"query-input\":{\"@type\":\"PropertyValueSpecification\",\"valueRequired\":true,\"valueName\":\"search_term_string\"}}],\"inLanguage\":\"pt-PT\"},{\"@type\":\"Organization\",\"@id\":\"https:\\\/\\\/www.diariodeouropreto.com.br\\\/pt\\\/#organization\",\"name\":\"Di\u00e1rio de Ouro Preto\",\"alternateName\":\"Jornal di\u00e1rio Ouro Preto\",\"url\":\"https:\\\/\\\/www.diariodeouropreto.com.br\\\/pt\\\/\",\"logo\":{\"@type\":\"ImageObject\",\"inLanguage\":\"pt-PT\",\"@id\":\"https:\\\/\\\/www.diariodeouropreto.com.br\\\/pt\\\/#\\\/schema\\\/logo\\\/image\\\/\",\"url\":\"https:\\\/\\\/www.diariodeouropreto.com.br\\\/wp-content\\\/uploads\\\/2019\\\/06\\\/cropped-logotransp-2.png\",\"contentUrl\":\"https:\\\/\\\/www.diariodeouropreto.com.br\\\/wp-content\\\/uploads\\\/2019\\\/06\\\/cropped-logotransp-2.png\",\"width\":1323,\"height\":251,\"caption\":\"Di\u00e1rio de Ouro Preto\"},\"image\":{\"@id\":\"https:\\\/\\\/www.diariodeouropreto.com.br\\\/pt\\\/#\\\/schema\\\/logo\\\/image\\\/\"},\"sameAs\":[\"https:\\\/\\\/www.facebook.com\\\/diariodeouropreto\\\/\"]},{\"@type\":\"Person\",\"@id\":\"https:\\\/\\\/www.diariodeouropreto.com.br\\\/pt\\\/#\\\/schema\\\/person\\\/7654e7b471204a6dab6dc0ce6e140c99\",\"name\":\"Di\u00e1rio de Ouro Preto\",\"sameAs\":[\"http:\\\/\\\/www.diariodeouropreto.com.br\"],\"url\":\"https:\\\/\\\/www.diariodeouropreto.com.br\\\/pt\\\/author\\\/diario\\\/\"}]}<\/script>\n<!-- \/ Yoast SEO plugin. -->","yoast_head_json":{"title":"Nova Apac em Itabirito ter\u00e1 84 vagas para regimes fechado, semiaberto e aberto - Di\u00e1rio de Ouro Preto","description":"- Nova Apac em Itabirito ter\u00e1 84 vagas para regimes fechado, semiaberto e aberto - Cidades","robots":{"index":"index","follow":"follow","max-snippet":"max-snippet:-1","max-image-preview":"max-image-preview:large","max-video-preview":"max-video-preview:-1"},"canonical":"https:\/\/www.diariodeouropreto.com.br\/pt\/nova-apac-em-itabirito-tera-84-vagas-para-regimes-fechado-semiaberto-e-aberto\/","og_locale":"pt_PT","og_type":"article","og_title":"Nova Apac em Itabirito ter\u00e1 84 vagas para regimes fechado, semiaberto e aberto - Di\u00e1rio de Ouro Preto","og_description":"- Nova Apac em Itabirito ter\u00e1 84 vagas para regimes fechado, semiaberto e aberto - Cidades","og_url":"https:\/\/www.diariodeouropreto.com.br\/pt\/nova-apac-em-itabirito-tera-84-vagas-para-regimes-fechado-semiaberto-e-aberto\/","og_site_name":"Di\u00e1rio de Ouro Preto","article_publisher":"https:\/\/www.facebook.com\/diariodeouropreto\/","article_published_time":"2019-06-25T19:44:54+00:00","article_modified_time":"2019-06-25T19:47:17+00:00","og_image":[{"width":1200,"height":800,"url":"https:\/\/www.diariodeouropreto.com.br\/wp-content\/uploads\/2019\/06\/nova-apac-em-itabirito-tera-84-vagas-para-regimes-fechado-semiaberto-e-aberto_1.jpg","type":"image\/jpeg"}],"author":"Di\u00e1rio de Ouro Preto","twitter_card":"summary_large_image","twitter_misc":{"Escrito por":"Di\u00e1rio de Ouro Preto","Tempo estimado de leitura":"3 minutos"},"schema":{"@context":"https:\/\/schema.org","@graph":[{"@type":"Article","@id":"https:\/\/www.diariodeouropreto.com.br\/nova-apac-em-itabirito-tera-84-vagas-para-regimes-fechado-semiaberto-e-aberto\/#article","isPartOf":{"@id":"https:\/\/www.diariodeouropreto.com.br\/nova-apac-em-itabirito-tera-84-vagas-para-regimes-fechado-semiaberto-e-aberto\/"},"author":{"name":"Di\u00e1rio de Ouro Preto","@id":"https:\/\/www.diariodeouropreto.com.br\/pt\/#\/schema\/person\/7654e7b471204a6dab6dc0ce6e140c99"},"headline":"Nova Apac em Itabirito ter\u00e1 84 vagas para regimes fechado, semiaberto e aberto","datePublished":"2019-06-25T19:44:54+00:00","dateModified":"2019-06-25T19:47:17+00:00","mainEntityOfPage":{"@id":"https:\/\/www.diariodeouropreto.com.br\/nova-apac-em-itabirito-tera-84-vagas-para-regimes-fechado-semiaberto-e-aberto\/"},"wordCount":615,"publisher":{"@id":"https:\/\/www.diariodeouropreto.com.br\/pt\/#organization"},"image":{"@id":"https:\/\/www.diariodeouropreto.com.br\/nova-apac-em-itabirito-tera-84-vagas-para-regimes-fechado-semiaberto-e-aberto\/#primaryimage"},"thumbnailUrl":"https:\/\/www.diariodeouropreto.com.br\/wp-content\/uploads\/2019\/06\/nova-apac-em-itabirito-tera-84-vagas-para-regimes-fechado-semiaberto-e-aberto_1.jpg","articleSection":["Cidades"],"inLanguage":"pt-PT"},{"@type":"WebPage","@id":"https:\/\/www.diariodeouropreto.com.br\/nova-apac-em-itabirito-tera-84-vagas-para-regimes-fechado-semiaberto-e-aberto\/","url":"https:\/\/www.diariodeouropreto.com.br\/nova-apac-em-itabirito-tera-84-vagas-para-regimes-fechado-semiaberto-e-aberto\/","name":"Nova Apac em Itabirito ter\u00e1 84 vagas para regimes fechado, semiaberto e aberto - Di\u00e1rio de Ouro Preto","isPartOf":{"@id":"https:\/\/www.diariodeouropreto.com.br\/pt\/#website"},"primaryImageOfPage":{"@id":"https:\/\/www.diariodeouropreto.com.br\/nova-apac-em-itabirito-tera-84-vagas-para-regimes-fechado-semiaberto-e-aberto\/#primaryimage"},"image":{"@id":"https:\/\/www.diariodeouropreto.com.br\/nova-apac-em-itabirito-tera-84-vagas-para-regimes-fechado-semiaberto-e-aberto\/#primaryimage"},"thumbnailUrl":"https:\/\/www.diariodeouropreto.com.br\/wp-content\/uploads\/2019\/06\/nova-apac-em-itabirito-tera-84-vagas-para-regimes-fechado-semiaberto-e-aberto_1.jpg","datePublished":"2019-06-25T19:44:54+00:00","dateModified":"2019-06-25T19:47:17+00:00","description":"- Nova Apac em Itabirito ter\u00e1 84 vagas para regimes fechado, semiaberto e aberto - Cidades","breadcrumb":{"@id":"https:\/\/www.diariodeouropreto.com.br\/nova-apac-em-itabirito-tera-84-vagas-para-regimes-fechado-semiaberto-e-aberto\/#breadcrumb"},"inLanguage":"pt-PT","potentialAction":[{"@type":"ReadAction","target":["https:\/\/www.diariodeouropreto.com.br\/nova-apac-em-itabirito-tera-84-vagas-para-regimes-fechado-semiaberto-e-aberto\/"]}]},{"@type":"ImageObject","inLanguage":"pt-PT","@id":"https:\/\/www.diariodeouropreto.com.br\/nova-apac-em-itabirito-tera-84-vagas-para-regimes-fechado-semiaberto-e-aberto\/#primaryimage","url":"https:\/\/www.diariodeouropreto.com.br\/wp-content\/uploads\/2019\/06\/nova-apac-em-itabirito-tera-84-vagas-para-regimes-fechado-semiaberto-e-aberto_1.jpg","contentUrl":"https:\/\/www.diariodeouropreto.com.br\/wp-content\/uploads\/2019\/06\/nova-apac-em-itabirito-tera-84-vagas-para-regimes-fechado-semiaberto-e-aberto_1.jpg","width":1200,"height":800},{"@type":"BreadcrumbList","@id":"https:\/\/www.diariodeouropreto.com.br\/nova-apac-em-itabirito-tera-84-vagas-para-regimes-fechado-semiaberto-e-aberto\/#breadcrumb","itemListElement":[{"@type":"ListItem","position":1,"name":"In\u00edcio","item":"https:\/\/www.diariodeouropreto.com.br\/pt\/"},{"@type":"ListItem","position":2,"name":"Nova Apac em Itabirito ter\u00e1 84 vagas para regimes fechado, semiaberto e aberto"}]},{"@type":"WebSite","@id":"https:\/\/www.diariodeouropreto.com.br\/pt\/#website","url":"https:\/\/www.diariodeouropreto.com.br\/pt\/","name":"Di\u00e1rio de Ouro Preto","description":"Not\u00edcias Ouro Preto; Mariana;Minas Gerais;Jornal;Jornalismo;Not\u00edcias;","publisher":{"@id":"https:\/\/www.diariodeouropreto.com.br\/pt\/#organization"},"alternateName":"Jornal di\u00e1rio de Ouro Preto","potentialAction":[{"@type":"SearchAction","target":{"@type":"EntryPoint","urlTemplate":"https:\/\/www.diariodeouropreto.com.br\/pt\/?s={search_term_string}"},"query-input":{"@type":"PropertyValueSpecification","valueRequired":true,"valueName":"search_term_string"}}],"inLanguage":"pt-PT"},{"@type":"Organization","@id":"https:\/\/www.diariodeouropreto.com.br\/pt\/#organization","name":"Di\u00e1rio de Ouro Preto","alternateName":"Jornal di\u00e1rio Ouro Preto","url":"https:\/\/www.diariodeouropreto.com.br\/pt\/","logo":{"@type":"ImageObject","inLanguage":"pt-PT","@id":"https:\/\/www.diariodeouropreto.com.br\/pt\/#\/schema\/logo\/image\/","url":"https:\/\/www.diariodeouropreto.com.br\/wp-content\/uploads\/2019\/06\/cropped-logotransp-2.png","contentUrl":"https:\/\/www.diariodeouropreto.com.br\/wp-content\/uploads\/2019\/06\/cropped-logotransp-2.png","width":1323,"height":251,"caption":"Di\u00e1rio de Ouro Preto"},"image":{"@id":"https:\/\/www.diariodeouropreto.com.br\/pt\/#\/schema\/logo\/image\/"},"sameAs":["https:\/\/www.facebook.com\/diariodeouropreto\/"]},{"@type":"Person","@id":"https:\/\/www.diariodeouropreto.com.br\/pt\/#\/schema\/person\/7654e7b471204a6dab6dc0ce6e140c99","name":"Di\u00e1rio de Ouro Preto","sameAs":["http:\/\/www.diariodeouropreto.com.br"],"url":"https:\/\/www.diariodeouropreto.com.br\/pt\/author\/diario\/"}]}},"jetpack_publicize_connections":[],"jetpack_featured_media_url":"https:\/\/www.diariodeouropreto.com.br\/wp-content\/uploads\/2019\/06\/nova-apac-em-itabirito-tera-84-vagas-para-regimes-fechado-semiaberto-e-aberto_1.jpg","jetpack-related-posts":[{"id":34725,"url":"https:\/\/www.diariodeouropreto.com.br\/pt\/mineracao-circular-vale-doa-cerca-de-78-mil-blocos-produzidos-a-partir-do-rejeito-para-instituicao-de-itabirito\/","url_meta":{"origin":426,"position":0},"title":"Minera\u00e7\u00e3o circular: Vale doa cerca de 78 mil blocos produzidos a partir do rejeito para institui\u00e7\u00e3o de Itabirito","author":"Di\u00e1rio de Ouro Preto","date":"19 de Junho de 2024","format":false,"excerpt":"Iniciativa reaproveita material que seria disposto em barragens e beneficia projetos sociais nos territ\u00f3rios onde a empresa mant\u00e9m opera\u00e7\u00f5es A Vale realizou, no \u00faltimo m\u00eas, a doa\u00e7\u00e3o de 77.760 blocos para obras de constru\u00e7\u00e3o civil da Apac (Associa\u00e7\u00e3o de Prote\u00e7\u00e3o e Assist\u00eancia ao Condenado) de Itabirito. Os materiais foram desenvolvidos\u2026","rel":"","context":"In &quot;Cidades&quot;","block_context":{"text":"Cidades","link":"https:\/\/www.diariodeouropreto.com.br\/pt\/Editoria\/cidades\/"},"img":{"alt_text":"","src":"https:\/\/i0.wp.com\/www.diariodeouropreto.com.br\/wp-content\/uploads\/2024\/06\/unnamed-10.jpg?resize=350%2C200&ssl=1","width":350,"height":200,"srcset":"https:\/\/i0.wp.com\/www.diariodeouropreto.com.br\/wp-content\/uploads\/2024\/06\/unnamed-10.jpg?resize=350%2C200&ssl=1 1x, https:\/\/i0.wp.com\/www.diariodeouropreto.com.br\/wp-content\/uploads\/2024\/06\/unnamed-10.jpg?resize=525%2C300&ssl=1 1.5x, https:\/\/i0.wp.com\/www.diariodeouropreto.com.br\/wp-content\/uploads\/2024\/06\/unnamed-10.jpg?resize=700%2C400&ssl=1 2x, https:\/\/i0.wp.com\/www.diariodeouropreto.com.br\/wp-content\/uploads\/2024\/06\/unnamed-10.jpg?resize=1050%2C600&ssl=1 3x"},"classes":[]},{"id":11932,"url":"https:\/\/www.diariodeouropreto.com.br\/pt\/programa-da-vale-e-seus-fornecedores-contribui-para-o-desenvolvimento-social-de-comunidades-em-minas\/","url_meta":{"origin":426,"position":1},"title":"Programa da Vale e seus fornecedores contribui para o desenvolvimento social de comunidades em Minas","author":"Di\u00e1rio de Ouro Preto","date":"19 de Dezembro de 2021","format":false,"excerpt":"Lan\u00e7ado pela Vale h\u00e1 pouco mais de um ano, o Programa Partilhar j\u00e1 colhe resultados que comprovam o engajamento de sua cadeia de suprimentos com o desenvolvimento social das comunidades onde a empresa atua. Por meio do programa, os fornecedores da Vale j\u00e1 se comprometeram a realizar 55 a\u00e7\u00f5es de\u2026","rel":"","context":"In &quot;Minas Gerais&quot;","block_context":{"text":"Minas Gerais","link":"https:\/\/www.diariodeouropreto.com.br\/pt\/Editoria\/minas-gerais\/"},"img":{"alt_text":"","src":"https:\/\/i0.wp.com\/www.diariodeouropreto.com.br\/wp-content\/uploads\/2019\/09\/titulosite4-e1616373972300.jpg?resize=350%2C200&ssl=1","width":350,"height":200,"srcset":"https:\/\/i0.wp.com\/www.diariodeouropreto.com.br\/wp-content\/uploads\/2019\/09\/titulosite4-e1616373972300.jpg?resize=350%2C200&ssl=1 1x, https:\/\/i0.wp.com\/www.diariodeouropreto.com.br\/wp-content\/uploads\/2019\/09\/titulosite4-e1616373972300.jpg?resize=525%2C300&ssl=1 1.5x, https:\/\/i0.wp.com\/www.diariodeouropreto.com.br\/wp-content\/uploads\/2019\/09\/titulosite4-e1616373972300.jpg?resize=700%2C400&ssl=1 2x, https:\/\/i0.wp.com\/www.diariodeouropreto.com.br\/wp-content\/uploads\/2019\/09\/titulosite4-e1616373972300.jpg?resize=1050%2C600&ssl=1 3x"},"classes":[]},{"id":5975,"url":"https:\/\/www.diariodeouropreto.com.br\/pt\/nova-camara-vereadores-chegaram-com-varias-demandas-relacionadas-a-calcamento\/","url_meta":{"origin":426,"position":2},"title":"Nova C\u00e2mara: Vereadores chegaram com v\u00e1rias demandas relacionadas a cal\u00e7amento","author":"Di\u00e1rio de Ouro Preto","date":"6 de Janeiro de 2021","format":false,"excerpt":"Ouro Preto -\u00a0 A C\u00e2mara iniciou ontem suas atividades parlamentares, a reuni\u00e3o foi realizada presencialmente com as cadeiras dos vereadores afastadas e sem a presen\u00e7a o p\u00fablico. Foram aprovadas indica\u00e7\u00f5es, representa\u00e7\u00f5es e dois requerimentos. O Executivo n\u00e3o enviou nenhum projeto para a an\u00e1lise dos vereadores. Os vereadores chegaram cheios de\u2026","rel":"","context":"In &quot;Ouro Preto&quot;","block_context":{"text":"Ouro Preto","link":"https:\/\/www.diariodeouropreto.com.br\/pt\/Editoria\/ouro-preto\/"},"img":{"alt_text":"","src":"https:\/\/i0.wp.com\/www.diariodeouropreto.com.br\/wp-content\/uploads\/2021\/01\/WhatsApp-Image-2021-01-06-at-11.27.12-1.jpeg?resize=350%2C200&ssl=1","width":350,"height":200,"srcset":"https:\/\/i0.wp.com\/www.diariodeouropreto.com.br\/wp-content\/uploads\/2021\/01\/WhatsApp-Image-2021-01-06-at-11.27.12-1.jpeg?resize=350%2C200&ssl=1 1x, https:\/\/i0.wp.com\/www.diariodeouropreto.com.br\/wp-content\/uploads\/2021\/01\/WhatsApp-Image-2021-01-06-at-11.27.12-1.jpeg?resize=525%2C300&ssl=1 1.5x, https:\/\/i0.wp.com\/www.diariodeouropreto.com.br\/wp-content\/uploads\/2021\/01\/WhatsApp-Image-2021-01-06-at-11.27.12-1.jpeg?resize=700%2C400&ssl=1 2x, https:\/\/i0.wp.com\/www.diariodeouropreto.com.br\/wp-content\/uploads\/2021\/01\/WhatsApp-Image-2021-01-06-at-11.27.12-1.jpeg?resize=1050%2C600&ssl=1 3x"},"classes":[]},{"id":47607,"url":"https:\/\/www.diariodeouropreto.com.br\/pt\/governador-bate-o-martelo-e-concede-a-br-356-por-30-anos-para-a-iniciativa-privada\/","url_meta":{"origin":426,"position":3},"title":"Governador bate o martelo e concede a BR-356 por 30 anos para a iniciativa privada","author":"Di\u00e1rio de Ouro Preto","date":"19 de Setembro de 2025","format":false,"excerpt":"A estrada, apesar de receber recursos da repactua\u00e7\u00e3o, ter\u00e1 ped\u00e1gios que atingir\u00e3o as cidades da regi\u00e3o dos inconfidentes S\u00e3o Paulo \u2013 Foi realizado hoje na B3 o leil\u00e3o promovido pelo Governo do Estado de Minas Gerais que versa a concess\u00e3o rodovi\u00e1ria do Lote Ouro Preto \u2013 Mariana (Via Liberdade).O Cons\u00f3rcio\u2026","rel":"","context":"In &quot;Manchete do dia&quot;","block_context":{"text":"Manchete do dia","link":"https:\/\/www.diariodeouropreto.com.br\/pt\/Editoria\/manchete-do-dia\/"},"img":{"alt_text":"","src":"https:\/\/i0.wp.com\/www.diariodeouropreto.com.br\/wp-content\/uploads\/2025\/09\/X1A1136-1.jpg?resize=350%2C200&ssl=1","width":350,"height":200,"srcset":"https:\/\/i0.wp.com\/www.diariodeouropreto.com.br\/wp-content\/uploads\/2025\/09\/X1A1136-1.jpg?resize=350%2C200&ssl=1 1x, https:\/\/i0.wp.com\/www.diariodeouropreto.com.br\/wp-content\/uploads\/2025\/09\/X1A1136-1.jpg?resize=525%2C300&ssl=1 1.5x, https:\/\/i0.wp.com\/www.diariodeouropreto.com.br\/wp-content\/uploads\/2025\/09\/X1A1136-1.jpg?resize=700%2C400&ssl=1 2x, https:\/\/i0.wp.com\/www.diariodeouropreto.com.br\/wp-content\/uploads\/2025\/09\/X1A1136-1.jpg?resize=1050%2C600&ssl=1 3x"},"classes":[]},{"id":23725,"url":"https:\/\/www.diariodeouropreto.com.br\/pt\/leleco-pimentel-realiza-audiencia-para-tratar-da-privatizacao-de-rodovias-mineiras-pelo-governo-do-estado\/","url_meta":{"origin":426,"position":4},"title":"Privatiza\u00e7\u00e3o de rodovias mineiras \u00e9 criticada por lideran\u00e7as da regi\u00e3o durante audi\u00eancia P\u00fablica da ALMG","author":"Di\u00e1rio de Ouro Preto","date":"16 de Junho de 2023","format":false,"excerpt":"A Comiss\u00e3o de Participa\u00e7\u00e3o Popular da Assembleia Legislativa do Estado de Minas Gerais (ALMG) realizou nesta ter\u00e7a, 13\/06, uma audi\u00eancia p\u00fablica para tratar da privatiza\u00e7\u00e3o de rodovias pelo governo mineiro. No encontro, ficou n\u00edtida a insatisfa\u00e7\u00e3o de deputados, prefeitos, vereadores e outras lideran\u00e7as da maioria dos 11 munic\u00edpios atingidos pelo\u2026","rel":"","context":"In &quot;Pol\u00edtica&quot;","block_context":{"text":"Pol\u00edtica","link":"https:\/\/www.diariodeouropreto.com.br\/pt\/Editoria\/politica\/"},"img":{"alt_text":"","src":"https:\/\/i0.wp.com\/www.diariodeouropreto.com.br\/wp-content\/uploads\/2023\/06\/Willian-Dias.jpg?resize=350%2C200&ssl=1","width":350,"height":200,"srcset":"https:\/\/i0.wp.com\/www.diariodeouropreto.com.br\/wp-content\/uploads\/2023\/06\/Willian-Dias.jpg?resize=350%2C200&ssl=1 1x, https:\/\/i0.wp.com\/www.diariodeouropreto.com.br\/wp-content\/uploads\/2023\/06\/Willian-Dias.jpg?resize=525%2C300&ssl=1 1.5x, https:\/\/i0.wp.com\/www.diariodeouropreto.com.br\/wp-content\/uploads\/2023\/06\/Willian-Dias.jpg?resize=700%2C400&ssl=1 2x, https:\/\/i0.wp.com\/www.diariodeouropreto.com.br\/wp-content\/uploads\/2023\/06\/Willian-Dias.jpg?resize=1050%2C600&ssl=1 3x"},"classes":[]},{"id":23436,"url":"https:\/\/www.diariodeouropreto.com.br\/pt\/privatizacao-da-br-356-prefeitura-de-itabirito-participa-de-audiencia-publica-para-discussao-do-tema\/","url_meta":{"origin":426,"position":5},"title":"Privatiza\u00e7\u00e3o da BR-356: Prefeitura de Itabirito participa de audi\u00eancia p\u00fablica para discuss\u00e3o do tema","author":"Di\u00e1rio de Ouro Preto","date":"31 de Maio de 2023","format":false,"excerpt":"A Prefeitura de Itabirito participou nessa segunda-feira, dia 29 de maio, de uma audi\u00eancia p\u00fablica realizada na C\u00e2mara Municipal de Ponte Nova para discuss\u00e3o da privatiza\u00e7\u00e3o do lote 7, conhecido como lote rodovi\u00e1rio Ouro Preto, que compreende as rodovias BR-356, MG-262 e MG-329, totalizando mais de 190 quil\u00f4metros de extens\u00e3o.\u2026","rel":"","context":"In &quot;Itabirito&quot;","block_context":{"text":"Itabirito","link":"https:\/\/www.diariodeouropreto.com.br\/pt\/Editoria\/itabirito\/"},"img":{"alt_text":"","src":"https:\/\/i0.wp.com\/www.diariodeouropreto.com.br\/wp-content\/uploads\/2023\/05\/m_91_0_1_30052023174741.jpg?resize=350%2C200&ssl=1","width":350,"height":200,"srcset":"https:\/\/i0.wp.com\/www.diariodeouropreto.com.br\/wp-content\/uploads\/2023\/05\/m_91_0_1_30052023174741.jpg?resize=350%2C200&ssl=1 1x, https:\/\/i0.wp.com\/www.diariodeouropreto.com.br\/wp-content\/uploads\/2023\/05\/m_91_0_1_30052023174741.jpg?resize=525%2C300&ssl=1 1.5x, https:\/\/i0.wp.com\/www.diariodeouropreto.com.br\/wp-content\/uploads\/2023\/05\/m_91_0_1_30052023174741.jpg?resize=700%2C400&ssl=1 2x"},"classes":[]}],"jetpack_sharing_enabled":true,"amp_enabled":true,"_links":{"self":[{"href":"https:\/\/www.diariodeouropreto.com.br\/pt\/wp-json\/wp\/v2\/posts\/426","targetHints":{"allow":["GET"]}}],"collection":[{"href":"https:\/\/www.diariodeouropreto.com.br\/pt\/wp-json\/wp\/v2\/posts"}],"about":[{"href":"https:\/\/www.diariodeouropreto.com.br\/pt\/wp-json\/wp\/v2\/types\/post"}],"author":[{"embeddable":true,"href":"https:\/\/www.diariodeouropreto.com.br\/pt\/wp-json\/wp\/v2\/users\/1"}],"replies":[{"embeddable":true,"href":"https:\/\/www.diariodeouropreto.com.br\/pt\/wp-json\/wp\/v2\/comments?post=426"}],"version-history":[{"count":0,"href":"https:\/\/www.diariodeouropreto.com.br\/pt\/wp-json\/wp\/v2\/posts\/426\/revisions"}],"wp:featuredmedia":[{"embeddable":true,"href":"https:\/\/www.diariodeouropreto.com.br\/pt\/wp-json\/wp\/v2\/media\/430"}],"wp:attachment":[{"href":"https:\/\/www.diariodeouropreto.com.br\/pt\/wp-json\/wp\/v2\/media?parent=426"}],"wp:term":[{"taxonomy":"category","embeddable":true,"href":"https:\/\/www.diariodeouropreto.com.br\/pt\/wp-json\/wp\/v2\/categories?post=426"},{"taxonomy":"post_tag","embeddable":true,"href":"https:\/\/www.diariodeouropreto.com.br\/pt\/wp-json\/wp\/v2\/tags?post=426"}],"curies":[{"name":"wp","href":"https:\/\/api.w.org\/{rel}","templated":true}]}}